{"id":38328,"date":"2021-03-12T19:15:08","date_gmt":"2021-03-12T22:15:08","guid":{"rendered":"https:\/\/blogdoprosperi.com\/?p=38328"},"modified":"2021-03-12T19:15:08","modified_gmt":"2021-03-12T22:15:08","slug":"pele-nao-mario-filho-sim-maracana-e-nosso","status":"publish","type":"post","link":"https:\/\/blogdoprosperi.com\/?p=38328","title":{"rendered":"Pel\u00e9, n\u00e3o. Mario Filho, sim. Maracan\u00e3 \u00e9 nosso"},"content":{"rendered":"\n<p class=\"wp-block-paragraph\">O INSTITUTO HENFIL \u00e9 contra a retirada do nome do jornalista Mario Filho do est\u00e1dio do Maracan\u00e3. Por tudo que ele representa na escolha do lugar de sua constru\u00e7\u00e3o (mais perto do povo), e pela identifica\u00e7\u00e3o ap\u00f3s 71 anos do uso de seu nome no est\u00e1dio!<\/p>\n\n\n\n<p class=\"wp-block-paragraph\"><a href=\"https:\/\/www.facebook.com\/hashtag\/maracan%C3%A3%C3%A9mariofilho?__eep__=6&amp;__cft__[0]=AZXNgZ_4-mQrcw8tAjy2UZyaa_2sYuOQGdI9CATqRF97bZ1u9X0uzZ5ZOfyUWb76YQAwfNmZwgEfowsIoICRdkr3mp1h0PCLOfOFuCyTX_UvbB-kk_xr8lFKpqVdoetPL8uP-A45WSCitUnT-cJwcz8VVvofbwox0LVNp-d4YvoVuA&amp;__tn__=*NK-y-R\">#Maracan\u00e3\u00c9MarioFilho<\/a><a href=\"https:\/\/www.facebook.com\/hashtag\/vetagovernador?__eep__=6&amp;__cft__[0]=AZXNgZ_4-mQrcw8tAjy2UZyaa_2sYuOQGdI9CATqRF97bZ1u9X0uzZ5ZOfyUWb76YQAwfNmZwgEfowsIoICRdkr3mp1h0PCLOfOFuCyTX_UvbB-kk_xr8lFKpqVdoetPL8uP-A45WSCitUnT-cJwcz8VVvofbwox0LVNp-d4YvoVuA&amp;__tn__=*NK-y-R\">#VetaGovernador<\/a><a href=\"https:\/\/www.facebook.com\/hashtag\/henfil?__eep__=6&amp;__cft__[0]=AZXNgZ_4-mQrcw8tAjy2UZyaa_2sYuOQGdI9CATqRF97bZ1u9X0uzZ5ZOfyUWb76YQAwfNmZwgEfowsIoICRdkr3mp1h0PCLOfOFuCyTX_UvbB-kk_xr8lFKpqVdoetPL8uP-A45WSCitUnT-cJwcz8VVvofbwox0LVNp-d4YvoVuA&amp;__tn__=*NK-y-R\">#Henfil<\/a><a href=\"https:\/\/www.facebook.com\/hashtag\/maracan%C3%A3?__eep__=6&amp;__cft__[0]=AZXNgZ_4-mQrcw8tAjy2UZyaa_2sYuOQGdI9CATqRF97bZ1u9X0uzZ5ZOfyUWb76YQAwfNmZwgEfowsIoICRdkr3mp1h0PCLOfOFuCyTX_UvbB-kk_xr8lFKpqVdoetPL8uP-A45WSCitUnT-cJwcz8VVvofbwox0LVNp-d4YvoVuA&amp;__tn__=*NK-y-R\">#Maracan\u00e3<\/a><a href=\"https:\/\/www.facebook.com\/hashtag\/institutohenfil?__eep__=6&amp;__cft__[0]=AZXNgZ_4-mQrcw8tAjy2UZyaa_2sYuOQGdI9CATqRF97bZ1u9X0uzZ5ZOfyUWb76YQAwfNmZwgEfowsIoICRdkr3mp1h0PCLOfOFuCyTX_UvbB-kk_xr8lFKpqVdoetPL8uP-A45WSCitUnT-cJwcz8VVvofbwox0LVNp-d4YvoVuA&amp;__tn__=*NK-y-R\">#InstitutoHenfil<\/a><\/p>\n","protected":false},"excerpt":{"rendered":"<p>O INSTITUTO HENFIL \u00e9 contra a retirada do nome do jornalista Mario Filho do est\u00e1dio do Maracan\u00e3. Por [&hellip;]<\/p>\n","protected":false},"author":102107496,"featured_media":38330,"comment_status":"open","ping_status":"open","sticky":false,"template":"","format":"standard","meta":{"_coblocks_attr":"","_coblocks_dimensions":"","_coblocks_responsive_height":"","_coblocks_accordion_ie_support":"","_jetpack_newsletter_access":"","_jetpack_dont_email_post_to_subs":false,"_jetpack_newsletter_tier_id":0,"_jetpack_memberships_contains_paywalled_content":false,"_wpcom_ai_launchpad_first_post":false,"_jetpack_feature_clip_id":0,"_jetpack_memberships_contains_paid_content":false,"footnotes":"","jetpack_publicize_message":"","jetpack_publicize_feature_enabled":true,"jetpack_social_post_already_shared":false,"jetpack_social_options":{"image_generator_settings":{"template":"highway","default_image_id":0,"font":"","enabled":false},"version":2},"jetpack_post_was_ever_published":false},"categories":[53870,174694],"tags":[789560560,1937920,408967,2184664,789560564],"class_list":["post-38328","post","type-post","status-publish","format-standard","has-post-thumbnail","hentry","category-futebol","category-selecao-brasileira","tag-futebol","tag-henfil","tag-maracana","tag-mario-filho","tag-pele"],"yoast_head":"<!-- This site is optimized with the Yoast SEO plugin v28.3 - https:\/\/yoast.com\/product\/yoast-seo-wordpress\/ -->\n<title>Pel\u00e9, n\u00e3o. Mario Filho, sim. Maracan\u00e3 \u00e9 nosso - PR\u00d3SPERI NEWS<\/title>\n<meta name=\"robots\" content=\"index, follow, max-snippet:-1, max-image-preview:large, max-video-preview:-1\" \/>\n<link rel=\"canonical\" href=\"https:\/\/blogdoprosperi.com\/?p=38328\" \/>\n<meta property=\"og:locale\" content=\"pt_BR\" \/>\n<meta property=\"og:type\" content=\"article\" \/>\n<meta property=\"og:title\" content=\"Pel\u00e9, n\u00e3o. Mario Filho, sim. Maracan\u00e3 \u00e9 nosso - PR\u00d3SPERI NEWS\" \/>\n<meta property=\"og:description\" content=\"O INSTITUTO HENFIL \u00e9 contra a retirada do nome do jornalista Mario Filho do est\u00e1dio do Maracan\u00e3. Por [&hellip;]\" \/>\n<meta property=\"og:url\" content=\"https:\/\/blogdoprosperi.com\/?p=38328\" \/>\n<meta property=\"og:site_name\" content=\"PR\u00d3SPERI NEWS\" \/>\n<meta property=\"article:publisher\" content=\"Luiz Pr\u00f3speri\" \/>\n<meta property=\"article:author\" content=\"Luiz Pr\u00f3speri\" \/>\n<meta property=\"article:published_time\" content=\"2021-03-12T22:15:08+00:00\" \/>\n<meta property=\"og:image\" content=\"https:\/\/i0.wp.com\/blogdoprosperi.com\/wp-content\/uploads\/2021\/03\/158898705_3239480349486409_4043458534635541274_o.jpg?fit=1080%2C1055&ssl=1\" \/>\n\t<meta property=\"og:image:width\" content=\"1080\" \/>\n\t<meta property=\"og:image:height\" content=\"1055\" \/>\n\t<meta property=\"og:image:type\" content=\"image\/jpeg\" \/>\n<meta name=\"author\" content=\"Luiz Ant\u00f4nio Pr\u00f3speri\" \/>\n<meta name=\"twitter:card\" content=\"summary_large_image\" \/>\n<meta name=\"twitter:creator\" content=\"@Luizprosperi\" \/>\n<meta name=\"twitter:site\" content=\"@Luizprosperi\" \/>\n<meta name=\"twitter:label1\" content=\"Escrito por\" \/>\n\t<meta name=\"twitter:data1\" content=\"Luiz Ant\u00f4nio Pr\u00f3speri\" \/>\n<script type=\"application\/ld+json\" class=\"yoast-schema-graph\">{\"@context\":\"https:\\\/\\\/schema.org\",\"@graph\":[{\"@type\":\"Article\",\"@id\":\"https:\\\/\\\/blogdoprosperi.com\\\/?p=38328#article\",\"isPartOf\":{\"@id\":\"https:\\\/\\\/blogdoprosperi.com\\\/?p=38328\"},\"author\":{\"name\":\"Luiz Ant\u00f4nio Pr\u00f3speri\",\"@id\":\"https:\\\/\\\/blogdoprosperi.com\\\/#\\\/schema\\\/person\\\/38100755ce3601861ee4fab9b5aa78e9\"},\"headline\":\"Pel\u00e9, n\u00e3o. Mario Filho, sim. Maracan\u00e3 \u00e9 nosso\",\"datePublished\":\"2021-03-12T22:15:08+00:00\",\"mainEntityOfPage\":{\"@id\":\"https:\\\/\\\/blogdoprosperi.com\\\/?p=38328\"},\"wordCount\":63,\"commentCount\":1,\"publisher\":{\"@id\":\"https:\\\/\\\/blogdoprosperi.com\\\/#\\\/schema\\\/person\\\/38100755ce3601861ee4fab9b5aa78e9\"},\"image\":{\"@id\":\"https:\\\/\\\/blogdoprosperi.com\\\/?p=38328#primaryimage\"},\"thumbnailUrl\":\"https:\\\/\\\/i0.wp.com\\\/blogdoprosperi.com\\\/wp-content\\\/uploads\\\/2021\\\/03\\\/158898705_3239480349486409_4043458534635541274_o.jpg?fit=1080%2C1055&ssl=1\",\"keywords\":[\"futebol\",\"Henfil\",\"Maracan\u00e3\",\"Mario Filho\",\"Pel\u00e9\"],\"articleSection\":[\"futebol\",\"Sele\u00e7\u00e3o Brasileira\"],\"inLanguage\":\"pt-BR\",\"potentialAction\":[{\"@type\":\"CommentAction\",\"name\":\"Comment\",\"target\":[\"https:\\\/\\\/blogdoprosperi.com\\\/?p=38328#respond\"]}]},{\"@type\":\"WebPage\",\"@id\":\"https:\\\/\\\/blogdoprosperi.com\\\/?p=38328\",\"url\":\"https:\\\/\\\/blogdoprosperi.com\\\/?p=38328\",\"name\":\"Pel\u00e9, n\u00e3o. Mario Filho, sim. Maracan\u00e3 \u00e9 nosso - PR\u00d3SPERI NEWS\",\"isPartOf\":{\"@id\":\"https:\\\/\\\/blogdoprosperi.com\\\/#website\"},\"primaryImageOfPage\":{\"@id\":\"https:\\\/\\\/blogdoprosperi.com\\\/?p=38328#primaryimage\"},\"image\":{\"@id\":\"https:\\\/\\\/blogdoprosperi.com\\\/?p=38328#primaryimage\"},\"thumbnailUrl\":\"https:\\\/\\\/i0.wp.com\\\/blogdoprosperi.com\\\/wp-content\\\/uploads\\\/2021\\\/03\\\/158898705_3239480349486409_4043458534635541274_o.jpg?fit=1080%2C1055&ssl=1\",\"datePublished\":\"2021-03-12T22:15:08+00:00\",\"breadcrumb\":{\"@id\":\"https:\\\/\\\/blogdoprosperi.com\\\/?p=38328#breadcrumb\"},\"inLanguage\":\"pt-BR\",\"potentialAction\":[{\"@type\":\"ReadAction\",\"target\":[\"https:\\\/\\\/blogdoprosperi.com\\\/?p=38328\"]}]},{\"@type\":\"ImageObject\",\"inLanguage\":\"pt-BR\",\"@id\":\"https:\\\/\\\/blogdoprosperi.com\\\/?p=38328#primaryimage\",\"url\":\"https:\\\/\\\/i0.wp.com\\\/blogdoprosperi.com\\\/wp-content\\\/uploads\\\/2021\\\/03\\\/158898705_3239480349486409_4043458534635541274_o.jpg?fit=1080%2C1055&ssl=1\",\"contentUrl\":\"https:\\\/\\\/i0.wp.com\\\/blogdoprosperi.com\\\/wp-content\\\/uploads\\\/2021\\\/03\\\/158898705_3239480349486409_4043458534635541274_o.jpg?fit=1080%2C1055&ssl=1\",\"width\":1080,\"height\":1055,\"caption\":\"Manifesto do Instituto Henfil \u2013 imagem: Instituto Henfil\"},{\"@type\":\"BreadcrumbList\",\"@id\":\"https:\\\/\\\/blogdoprosperi.com\\\/?p=38328#breadcrumb\",\"itemListElement\":[{\"@type\":\"ListItem\",\"position\":1,\"name\":\"In\u00edcio\",\"item\":\"https:\\\/\\\/blogdoprosperi.com\\\/\"},{\"@type\":\"ListItem\",\"position\":2,\"name\":\"Pel\u00e9, n\u00e3o. Mario Filho, sim. Maracan\u00e3 \u00e9 nosso\"}]},{\"@type\":\"WebSite\",\"@id\":\"https:\\\/\\\/blogdoprosperi.com\\\/#website\",\"url\":\"https:\\\/\\\/blogdoprosperi.com\\\/\",\"name\":\"PR\u00d3SPERI NEWS\",\"description\":\"TUDO \u00c9  FUTEBOL\",\"publisher\":{\"@id\":\"https:\\\/\\\/blogdoprosperi.com\\\/#\\\/schema\\\/person\\\/38100755ce3601861ee4fab9b5aa78e9\"},\"alternateName\":\"blogdoprosperi.com\",\"potentialAction\":[{\"@type\":\"SearchAction\",\"target\":{\"@type\":\"EntryPoint\",\"urlTemplate\":\"https:\\\/\\\/blogdoprosperi.com\\\/?s={search_term_string}\"},\"query-input\":{\"@type\":\"PropertyValueSpecification\",\"valueRequired\":true,\"valueName\":\"search_term_string\"}}],\"inLanguage\":\"pt-BR\"},{\"@type\":[\"Person\",\"Organization\"],\"@id\":\"https:\\\/\\\/blogdoprosperi.com\\\/#\\\/schema\\\/person\\\/38100755ce3601861ee4fab9b5aa78e9\",\"name\":\"Luiz Ant\u00f4nio Pr\u00f3speri\",\"pronouns\":\"ele\",\"image\":{\"@type\":\"ImageObject\",\"inLanguage\":\"pt-BR\",\"@id\":\"https:\\\/\\\/i0.wp.com\\\/blogdoprosperi.com\\\/wp-content\\\/uploads\\\/2026\\\/05\\\/cropped-8059e613-6002-42fa-961e-8e275f575d71-2-5.jpg?fit=1360%2C931&ssl=1\",\"url\":\"https:\\\/\\\/i0.wp.com\\\/blogdoprosperi.com\\\/wp-content\\\/uploads\\\/2026\\\/05\\\/cropped-8059e613-6002-42fa-961e-8e275f575d71-2-5.jpg?fit=1360%2C931&ssl=1\",\"contentUrl\":\"https:\\\/\\\/i0.wp.com\\\/blogdoprosperi.com\\\/wp-content\\\/uploads\\\/2026\\\/05\\\/cropped-8059e613-6002-42fa-961e-8e275f575d71-2-5.jpg?fit=1360%2C931&ssl=1\",\"width\":1360,\"height\":931,\"caption\":\"Luiz Ant\u00f4nio Pr\u00f3speri\"},\"logo\":{\"@id\":\"https:\\\/\\\/i0.wp.com\\\/blogdoprosperi.com\\\/wp-content\\\/uploads\\\/2026\\\/05\\\/cropped-8059e613-6002-42fa-961e-8e275f575d71-2-5.jpg?fit=1360%2C931&ssl=1\"},\"description\":\"Jornalista com carreira dedicada ao esporte. Cobriu 9 Copas do Mundo in loco, 1990 na It\u00e1lia, 1994 nos EUA, 1998 na Fran\u00e7a, 2002 na Coreia do Sul e Jap\u00e3o, 2006 na Alemanha, 2010 na \u00c1frica do Sul, 2014 no Brasil, 2018 na R\u00fassia e 2022 no Qatar. Eurocopas, 1992 na Su\u00e9cia e 1996 na Inglaterra. Copa das Confedera\u00e7\u00f5es de 2005 na Alemanha e 2009 na \u00c1frica do Sul. Rep\u00f3rter e Editor, trabalhou no Jornal da Tarde e Estad\u00e3o, de 1984 a fevereiro de 2016. Colunista, blogueiro. E comentarista de futebol na R\u00e1dio Estad\u00e3o, de 2013 a fevereiro de 2016. Jornalista respons\u00e1vel do \\\"Pr\u00f3speri News\\\" (blogdoprosperi.com).\",\"sameAs\":[\"http:\\\/\\\/blogdoprosperi.com\",\"Luiz Pr\u00f3speri\",\"@luiz_prosperi\",\"https:\\\/\\\/x.com\\\/Luizprosperi\",\"@prosperinacopa\",\"luiz.prosperi@icloud.com\"],\"url\":\"https:\\\/\\\/blogdoprosperi.com\\\/?author=102107496\"}]}<\/script>\n<!-- \/ Yoast SEO plugin. -->","yoast_head_json":{"title":"Pel\u00e9, n\u00e3o. Mario Filho, sim. Maracan\u00e3 \u00e9 nosso - PR\u00d3SPERI NEWS","robots":{"index":"index","follow":"follow","max-snippet":"max-snippet:-1","max-image-preview":"max-image-preview:large","max-video-preview":"max-video-preview:-1"},"canonical":"https:\/\/blogdoprosperi.com\/?p=38328","og_locale":"pt_BR","og_type":"article","og_title":"Pel\u00e9, n\u00e3o. Mario Filho, sim. Maracan\u00e3 \u00e9 nosso - PR\u00d3SPERI NEWS","og_description":"O INSTITUTO HENFIL \u00e9 contra a retirada do nome do jornalista Mario Filho do est\u00e1dio do Maracan\u00e3. Por [&hellip;]","og_url":"https:\/\/blogdoprosperi.com\/?p=38328","og_site_name":"PR\u00d3SPERI NEWS","article_publisher":"Luiz Pr\u00f3speri","article_author":"Luiz Pr\u00f3speri","article_published_time":"2021-03-12T22:15:08+00:00","og_image":[{"width":1080,"height":1055,"url":"https:\/\/i0.wp.com\/blogdoprosperi.com\/wp-content\/uploads\/2021\/03\/158898705_3239480349486409_4043458534635541274_o.jpg?fit=1080%2C1055&ssl=1","type":"image\/jpeg"}],"author":"Luiz Ant\u00f4nio Pr\u00f3speri","twitter_card":"summary_large_image","twitter_creator":"@Luizprosperi","twitter_site":"@Luizprosperi","twitter_misc":{"Escrito por":"Luiz Ant\u00f4nio Pr\u00f3speri"},"schema":{"@context":"https:\/\/schema.org","@graph":[{"@type":"Article","@id":"https:\/\/blogdoprosperi.com\/?p=38328#article","isPartOf":{"@id":"https:\/\/blogdoprosperi.com\/?p=38328"},"author":{"name":"Luiz Ant\u00f4nio Pr\u00f3speri","@id":"https:\/\/blogdoprosperi.com\/#\/schema\/person\/38100755ce3601861ee4fab9b5aa78e9"},"headline":"Pel\u00e9, n\u00e3o. Mario Filho, sim. Maracan\u00e3 \u00e9 nosso","datePublished":"2021-03-12T22:15:08+00:00","mainEntityOfPage":{"@id":"https:\/\/blogdoprosperi.com\/?p=38328"},"wordCount":63,"commentCount":1,"publisher":{"@id":"https:\/\/blogdoprosperi.com\/#\/schema\/person\/38100755ce3601861ee4fab9b5aa78e9"},"image":{"@id":"https:\/\/blogdoprosperi.com\/?p=38328#primaryimage"},"thumbnailUrl":"https:\/\/i0.wp.com\/blogdoprosperi.com\/wp-content\/uploads\/2021\/03\/158898705_3239480349486409_4043458534635541274_o.jpg?fit=1080%2C1055&ssl=1","keywords":["futebol","Henfil","Maracan\u00e3","Mario Filho","Pel\u00e9"],"articleSection":["futebol","Sele\u00e7\u00e3o Brasileira"],"inLanguage":"pt-BR","potentialAction":[{"@type":"CommentAction","name":"Comment","target":["https:\/\/blogdoprosperi.com\/?p=38328#respond"]}]},{"@type":"WebPage","@id":"https:\/\/blogdoprosperi.com\/?p=38328","url":"https:\/\/blogdoprosperi.com\/?p=38328","name":"Pel\u00e9, n\u00e3o. Mario Filho, sim. Maracan\u00e3 \u00e9 nosso - PR\u00d3SPERI NEWS","isPartOf":{"@id":"https:\/\/blogdoprosperi.com\/#website"},"primaryImageOfPage":{"@id":"https:\/\/blogdoprosperi.com\/?p=38328#primaryimage"},"image":{"@id":"https:\/\/blogdoprosperi.com\/?p=38328#primaryimage"},"thumbnailUrl":"https:\/\/i0.wp.com\/blogdoprosperi.com\/wp-content\/uploads\/2021\/03\/158898705_3239480349486409_4043458534635541274_o.jpg?fit=1080%2C1055&ssl=1","datePublished":"2021-03-12T22:15:08+00:00","breadcrumb":{"@id":"https:\/\/blogdoprosperi.com\/?p=38328#breadcrumb"},"inLanguage":"pt-BR","potentialAction":[{"@type":"ReadAction","target":["https:\/\/blogdoprosperi.com\/?p=38328"]}]},{"@type":"ImageObject","inLanguage":"pt-BR","@id":"https:\/\/blogdoprosperi.com\/?p=38328#primaryimage","url":"https:\/\/i0.wp.com\/blogdoprosperi.com\/wp-content\/uploads\/2021\/03\/158898705_3239480349486409_4043458534635541274_o.jpg?fit=1080%2C1055&ssl=1","contentUrl":"https:\/\/i0.wp.com\/blogdoprosperi.com\/wp-content\/uploads\/2021\/03\/158898705_3239480349486409_4043458534635541274_o.jpg?fit=1080%2C1055&ssl=1","width":1080,"height":1055,"caption":"Manifesto do Instituto Henfil \u2013 imagem: Instituto Henfil"},{"@type":"BreadcrumbList","@id":"https:\/\/blogdoprosperi.com\/?p=38328#breadcrumb","itemListElement":[{"@type":"ListItem","position":1,"name":"In\u00edcio","item":"https:\/\/blogdoprosperi.com\/"},{"@type":"ListItem","position":2,"name":"Pel\u00e9, n\u00e3o. Mario Filho, sim. Maracan\u00e3 \u00e9 nosso"}]},{"@type":"WebSite","@id":"https:\/\/blogdoprosperi.com\/#website","url":"https:\/\/blogdoprosperi.com\/","name":"PR\u00d3SPERI NEWS","description":"TUDO \u00c9  FUTEBOL","publisher":{"@id":"https:\/\/blogdoprosperi.com\/#\/schema\/person\/38100755ce3601861ee4fab9b5aa78e9"},"alternateName":"blogdoprosperi.com","potentialAction":[{"@type":"SearchAction","target":{"@type":"EntryPoint","urlTemplate":"https:\/\/blogdoprosperi.com\/?s={search_term_string}"},"query-input":{"@type":"PropertyValueSpecification","valueRequired":true,"valueName":"search_term_string"}}],"inLanguage":"pt-BR"},{"@type":["Person","Organization"],"@id":"https:\/\/blogdoprosperi.com\/#\/schema\/person\/38100755ce3601861ee4fab9b5aa78e9","name":"Luiz Ant\u00f4nio Pr\u00f3speri","pronouns":"ele","image":{"@type":"ImageObject","inLanguage":"pt-BR","@id":"https:\/\/i0.wp.com\/blogdoprosperi.com\/wp-content\/uploads\/2026\/05\/cropped-8059e613-6002-42fa-961e-8e275f575d71-2-5.jpg?fit=1360%2C931&ssl=1","url":"https:\/\/i0.wp.com\/blogdoprosperi.com\/wp-content\/uploads\/2026\/05\/cropped-8059e613-6002-42fa-961e-8e275f575d71-2-5.jpg?fit=1360%2C931&ssl=1","contentUrl":"https:\/\/i0.wp.com\/blogdoprosperi.com\/wp-content\/uploads\/2026\/05\/cropped-8059e613-6002-42fa-961e-8e275f575d71-2-5.jpg?fit=1360%2C931&ssl=1","width":1360,"height":931,"caption":"Luiz Ant\u00f4nio Pr\u00f3speri"},"logo":{"@id":"https:\/\/i0.wp.com\/blogdoprosperi.com\/wp-content\/uploads\/2026\/05\/cropped-8059e613-6002-42fa-961e-8e275f575d71-2-5.jpg?fit=1360%2C931&ssl=1"},"description":"Jornalista com carreira dedicada ao esporte. Cobriu 9 Copas do Mundo in loco, 1990 na It\u00e1lia, 1994 nos EUA, 1998 na Fran\u00e7a, 2002 na Coreia do Sul e Jap\u00e3o, 2006 na Alemanha, 2010 na \u00c1frica do Sul, 2014 no Brasil, 2018 na R\u00fassia e 2022 no Qatar. Eurocopas, 1992 na Su\u00e9cia e 1996 na Inglaterra. Copa das Confedera\u00e7\u00f5es de 2005 na Alemanha e 2009 na \u00c1frica do Sul. Rep\u00f3rter e Editor, trabalhou no Jornal da Tarde e Estad\u00e3o, de 1984 a fevereiro de 2016. Colunista, blogueiro. E comentarista de futebol na R\u00e1dio Estad\u00e3o, de 2013 a fevereiro de 2016. Jornalista respons\u00e1vel do \"Pr\u00f3speri News\" (blogdoprosperi.com).","sameAs":["http:\/\/blogdoprosperi.com","Luiz Pr\u00f3speri","@luiz_prosperi","https:\/\/x.com\/Luizprosperi","@prosperinacopa","luiz.prosperi@icloud.com"],"url":"https:\/\/blogdoprosperi.com\/?author=102107496"}]}},"jetpack_publicize_connections":[],"jetpack_likes_enabled":false,"jetpack_sharing_enabled":true,"jetpack_shortlink":"https:\/\/wp.me\/p7jvdk-9Yc","jetpack-related-posts":[{"id":38332,"url":"https:\/\/blogdoprosperi.com\/?p=38332","url_meta":{"origin":38328,"position":0},"title":"Maracan\u00e3 tem nome e sobrenome","author":"Luiz Ant\u00f4nio Pr\u00f3speri","date":"12 de mar\u00e7o de 2021","format":false,"excerpt":"Maracan\u00e3 n\u00e3o pode nem deve mudar de nome. Leiam artigo do historiador Luiz Antonio Simas publicado na Folha de S\u00e3o Paulo quinta-feira (11\/3): Em 1931, o jornalista M\u00e1rio Filho, jovem de 22 anos, criou o Mundo Sportivo, um jornal dedicado de cabo a rabo ao esporte. De curta dura\u00e7\u00e3o, o\u2026","rel":"","context":"Em &quot;futebol&quot;","block_context":{"text":"futebol","link":"https:\/\/blogdoprosperi.com\/?cat=53870"},"img":{"alt_text":"Geral do Maracan\u00e3 nos anos 60 e 70","src":"https:\/\/i0.wp.com\/blogdoprosperi.com\/wp-content\/uploads\/2021\/03\/image_processing20200201-29235-1i8mjrp.jpg?fit=600%2C404&ssl=1&resize=350%2C200","width":350,"height":200,"srcset":"https:\/\/i0.wp.com\/blogdoprosperi.com\/wp-content\/uploads\/2021\/03\/image_processing20200201-29235-1i8mjrp.jpg?fit=600%2C404&ssl=1&resize=350%2C200 1x, https:\/\/i0.wp.com\/blogdoprosperi.com\/wp-content\/uploads\/2021\/03\/image_processing20200201-29235-1i8mjrp.jpg?fit=600%2C404&ssl=1&resize=525%2C300 1.5x"},"classes":[]},{"id":38337,"url":"https:\/\/blogdoprosperi.com\/?p=38337","url_meta":{"origin":38328,"position":1},"title":"Geraldinos","author":"Luiz Ant\u00f4nio Pr\u00f3speri","date":"12 de mar\u00e7o de 2021","format":"video","excerpt":"https:\/\/youtu.be\/95YndskxXH8","rel":"","context":"Em &quot;futebol&quot;","block_context":{"text":"futebol","link":"https:\/\/blogdoprosperi.com\/?cat=53870"},"img":{"alt_text":"","src":"https:\/\/i0.wp.com\/img.youtube.com\/vi\/95YndskxXH8\/0.jpg?resize=350%2C200","width":350,"height":200},"classes":[]},{"id":29891,"url":"https:\/\/blogdoprosperi.com\/?p=29891","url_meta":{"origin":38328,"position":2},"title":"Futebol brasileiro n\u00e3o aprende nada com futebol ingl\u00eas","author":"Luiz Ant\u00f4nio Pr\u00f3speri","date":"25 de outubro de 2016","format":false,"excerpt":"Detidos no Rio, 31 corintianos foram autuados em flagrante no confronto com a Pol\u00edcia Militar domingo no Maracan\u00e3. Julgamento dos torcedores est\u00e1 previsto para esta ter\u00e7a-feira no Tribunal de Justi\u00e7a-RJ. Na noite desta segunda-feira, o Superior Tribunal de Justi\u00e7a Desportiva (STJD) puniu o Corinthians por causa dos incidentes. O clube\u2026","rel":"","context":"Em &quot;Campeonato Brasileiro&quot;","block_context":{"text":"Campeonato Brasileiro","link":"https:\/\/blogdoprosperi.com\/?cat=355071"},"img":{"alt_text":"","src":"https:\/\/i0.wp.com\/blogdoprosperi.com\/wp-content\/uploads\/2016\/10\/16297166.jpeg?resize=350%2C200&ssl=1","width":350,"height":200,"srcset":"https:\/\/i0.wp.com\/blogdoprosperi.com\/wp-content\/uploads\/2016\/10\/16297166.jpeg?resize=350%2C200&ssl=1 1x, https:\/\/i0.wp.com\/blogdoprosperi.com\/wp-content\/uploads\/2016\/10\/16297166.jpeg?resize=525%2C300&ssl=1 1.5x"},"classes":[]},{"id":4688,"url":"https:\/\/blogdoprosperi.com\/?p=4688","url_meta":{"origin":38328,"position":3},"title":"CBF ignora viol\u00eancia no Campeonato Alagoano","author":"Luiz Ant\u00f4nio Pr\u00f3speri","date":"9 de maio de 2016","format":false,"excerpt":"\u00a0 Pouco mais de 24h ap\u00f3s a barb\u00e1rie no est\u00e1dio Rei Pel\u00e9, com o quase massacre de torcedores no gramado na final do Campeonato Alagoano, as entidades que dirigem o futebol continuam em sil\u00eancio profundo. Nem a CBF e muito menos o sempre zeloso Superior Tribunal de Justi\u00e7a Desportiva (STJD)\u2026","rel":"","context":"Em &quot;futebol&quot;","block_context":{"text":"futebol","link":"https:\/\/blogdoprosperi.com\/?cat=53870"},"img":{"alt_text":"","src":"https:\/\/i0.wp.com\/blogdoprosperi.com\/wp-content\/uploads\/2016\/05\/m_dico_crb1_427x240.jpg?resize=350%2C200&ssl=1","width":350,"height":200},"classes":[]},{"id":22670,"url":"https:\/\/blogdoprosperi.com\/?p=22670","url_meta":{"origin":38328,"position":4},"title":"A culpa que o futebol n\u00e3o tem","author":"Luiz Ant\u00f4nio Pr\u00f3speri","date":"23 de agosto de 2016","format":false,"excerpt":"Gabriel Jesus voltou a treinar no Palmeiras nesta ter\u00e7a-feira, tr\u00eas dias ap\u00f3s a conquista da medalha de ouro no Maracan\u00e3. Levaram o menino de 19 anos, nascido no pobre Jardim Peri, na capital, a dar entrevista coletiva no clube. Inevit\u00e1vel a necessidade de extrair das entranhas do garoto a enorme\u2026","rel":"","context":"Em &quot;futebol&quot;","block_context":{"text":"futebol","link":"https:\/\/blogdoprosperi.com\/?cat=53870"},"img":{"alt_text":"","src":"https:\/\/i0.wp.com\/blogdoprosperi.com\/wp-content\/uploads\/2016\/08\/00914167.jpg?resize=350%2C200&ssl=1","width":350,"height":200,"srcset":"https:\/\/i0.wp.com\/blogdoprosperi.com\/wp-content\/uploads\/2016\/08\/00914167.jpg?resize=350%2C200&ssl=1 1x, https:\/\/i0.wp.com\/blogdoprosperi.com\/wp-content\/uploads\/2016\/08\/00914167.jpg?resize=525%2C300&ssl=1 1.5x, https:\/\/i0.wp.com\/blogdoprosperi.com\/wp-content\/uploads\/2016\/08\/00914167.jpg?resize=700%2C400&ssl=1 2x, https:\/\/i0.wp.com\/blogdoprosperi.com\/wp-content\/uploads\/2016\/08\/00914167.jpg?resize=1050%2C600&ssl=1 3x, https:\/\/i0.wp.com\/blogdoprosperi.com\/wp-content\/uploads\/2016\/08\/00914167.jpg?resize=1400%2C800&ssl=1 4x"},"classes":[]},{"id":45389,"url":"https:\/\/blogdoprosperi.com\/?p=45389","url_meta":{"origin":38328,"position":5},"title":"Flamengo Perde do Pe\u00f1arol e Tite Fica \u00c0 Beira do Precip\u00edcio","author":"Luiz Ant\u00f4nio Pr\u00f3speri","date":"19 de setembro de 2024","format":false,"excerpt":"Luiz Ant\u00f4nio Pr\u00f3speri \u2013 19 setembro (22h00) Flamengo perde do Pe\u00f1arol no Maracan\u00e3 apinhado por pouco mais de 64 mil torcedores. Muita gente a aumentar decib\u00e9is nas vaias e xingamentos a Tite e boa parte dos jogadores rubro-negros. Pulso da torcida traduz muito bem o que tem sido o Flamengo\u2026","rel":"","context":"Em &quot;futebol&quot;","block_context":{"text":"futebol","link":"https:\/\/blogdoprosperi.com\/?cat=53870"},"img":{"alt_text":"Pe\u00f1arol vence Flamengo e complica Tite","src":"https:\/\/i0.wp.com\/blogdoprosperi.com\/wp-content\/uploads\/2024\/09\/tite-flamengo-libertadores-1.webp?fit=640%2C400&ssl=1&resize=350%2C200","width":350,"height":200,"srcset":"https:\/\/i0.wp.com\/blogdoprosperi.com\/wp-content\/uploads\/2024\/09\/tite-flamengo-libertadores-1.webp?fit=640%2C400&ssl=1&resize=350%2C200 1x, https:\/\/i0.wp.com\/blogdoprosperi.com\/wp-content\/uploads\/2024\/09\/tite-flamengo-libertadores-1.webp?fit=640%2C400&ssl=1&resize=525%2C300 1.5x"},"classes":[]}],"jetpack_featured_media_url":"https:\/\/i0.wp.com\/blogdoprosperi.com\/wp-content\/uploads\/2021\/03\/158898705_3239480349486409_4043458534635541274_o.jpg?fit=1080%2C1055&ssl=1","_links":{"self":[{"href":"https:\/\/blogdoprosperi.com\/index.php?rest_route=\/wp\/v2\/posts\/38328","targetHints":{"allow":["GET"]}}],"collection":[{"href":"https:\/\/blogdoprosperi.com\/index.php?rest_route=\/wp\/v2\/posts"}],"about":[{"href":"https:\/\/blogdoprosperi.com\/index.php?rest_route=\/wp\/v2\/types\/post"}],"author":[{"embeddable":true,"href":"https:\/\/blogdoprosperi.com\/index.php?rest_route=\/wp\/v2\/users\/102107496"}],"replies":[{"embeddable":true,"href":"https:\/\/blogdoprosperi.com\/index.php?rest_route=%2Fwp%2Fv2%2Fcomments&post=38328"}],"version-history":[{"count":2,"href":"https:\/\/blogdoprosperi.com\/index.php?rest_route=\/wp\/v2\/posts\/38328\/revisions"}],"predecessor-version":[{"id":38331,"href":"https:\/\/blogdoprosperi.com\/index.php?rest_route=\/wp\/v2\/posts\/38328\/revisions\/38331"}],"wp:featuredmedia":[{"embeddable":true,"href":"https:\/\/blogdoprosperi.com\/index.php?rest_route=\/wp\/v2\/media\/38330"}],"wp:attachment":[{"href":"https:\/\/blogdoprosperi.com\/index.php?rest_route=%2Fwp%2Fv2%2Fmedia&parent=38328"}],"wp:term":[{"taxonomy":"category","embeddable":true,"href":"https:\/\/blogdoprosperi.com\/index.php?rest_route=%2Fwp%2Fv2%2Fcategories&post=38328"},{"taxonomy":"post_tag","embeddable":true,"href":"https:\/\/blogdoprosperi.com\/index.php?rest_route=%2Fwp%2Fv2%2Ftags&post=38328"}],"curies":[{"name":"wp","href":"https:\/\/api.w.org\/{rel}","templated":true}]}}