{"id":38332,"date":"2021-03-12T19:27:59","date_gmt":"2021-03-12T22:27:59","guid":{"rendered":"https:\/\/blogdoprosperi.com\/?p=38332"},"modified":"2021-03-12T19:33:51","modified_gmt":"2021-03-12T22:33:51","slug":"maracana-tem-nome-e-sobrenome","status":"publish","type":"post","link":"https:\/\/blogdoprosperi.com\/?p=38332","title":{"rendered":"Maracan\u00e3 tem nome e sobrenome"},"content":{"rendered":"\r\n<p class=\"wp-block-paragraph\"><strong>Maracan\u00e3 n\u00e3o pode nem deve mudar de nome. Leiam artigo do historiador Luiz Antonio Simas publicado na <em>Folha de S\u00e3o Paulo<\/em> quinta-feira (11\/3):<\/strong><\/p>\r\n\r\n\r\n\r\n<p class=\"wp-block-paragraph\">Em 1931, o jornalista M\u00e1rio Filho, jovem de 22 anos, criou o Mundo Sportivo, um jornal dedicado de cabo a rabo ao esporte. De curta dura\u00e7\u00e3o, o jornal cobriu o campeonato carioca de futebol e patrocinou, em 1932, o primeiro desfile das escolas de samba do Rio de Janeiro.<\/p>\r\n\r\n\r\n\r\n<p class=\"wp-block-paragraph\">No final da d\u00e9cada de 1920, o aluf\u00e1 (sacerdote de um culto que misturava o islamismo \u00e0 devo\u00e7\u00e3o aos orix\u00e1s) Jos\u00e9 Espinguela j\u00e1 tinha organizado a primeira disputa entre sambistas das escolas que surgiam. N\u00e3o foi ainda um desfile: o concurso de Espinguela visava julgar apenas os sambas que os compositores das escolas faziam.<\/p>\r\n\r\n\r\n\r\n<p class=\"wp-block-paragraph\">O desfile que M\u00e1rio Filho promoveu contou com a participa\u00e7\u00e3o de dezenove agremia\u00e7\u00f5es, que se exibiram frente a um coreto montado na Pra\u00e7a Onze. Ao promover o concurso, M\u00e1rio Filho manteve o jornal ativo durante o recesso de ver\u00e3o do futebol. A populariza\u00e7\u00e3o do jogo e do carnaval, na vis\u00e3o do jornalista, faria deles os dois elementos mais emblem\u00e1ticos da cultura popular brasileira.<\/p>\r\n\r\n\r\n\r\n<p class=\"wp-block-paragraph\">Em 1936, j\u00e1 com fama de ser o craque da imprensa esportiva que surgia, M\u00e1rio Filho recebeu a ajuda dos amigos Roberto Marinho, seu companheiro de sinuca, Jos\u00e9 Bastos Padilha e Arnaldo Guinle para comprar o Jornal dos Sports.<\/p>\r\n\r\n\r\n\r\n<p class=\"wp-block-paragraph\">O jornal tinha sido fundado tamb\u00e9m em 1931, pouco depois do Mundo Sportivo, por Argemiro Bulc\u00e3o e Oz\u00e9as Mota. A ideia original era a de valorizar todos os tipos de esportes e estava expressa no logotipo, que unia praticantes de futebol, remo, t\u00eanis, boxe, hipismo, golfe, modalidades de atletismo e nata\u00e7\u00e3o. Em 23 de mar\u00e7o de 1936, o jornal foi impresso em cor de rosa pela primeira vez, como o franc\u00eas L&#8217;Auto e o italiano La Gazzeta dello Sport. Em outubro, passou \u00e0s m\u00e3os de M\u00e1rio Filho.<\/p>\r\n\r\n\r\n\r\n<p class=\"wp-block-paragraph\">A constru\u00e7\u00e3o do est\u00e1dio que sediaria os jogos da Copa do Mundo de 1950, no Rio de Janeiro, despertou paix\u00f5es. O vereador Carlos Lacerda, por exemplo, defendia aos berros que a obra fosse erguida na Baixada de Jacarepagu\u00e1.<\/p>\r\n\r\n\r\n\r\n<p class=\"wp-block-paragraph\">M\u00e1rio Filho fez dupla com o compositor e vereador Ary Barroso na luta para que o est\u00e1dio fosse erguido no Maracan\u00e3, uma regi\u00e3o da cidade acess\u00edvel n\u00e3o apenas aos habitantes da Zona Sul, mas tamb\u00e9m aos cariocas de baixa renda, j\u00e1 que ficava pertinho da esta\u00e7\u00e3o ferrovi\u00e1ria da Mangueira.<\/p>\r\n\r\n\r\n\r\n<p class=\"wp-block-paragraph\">Como militante da causa, M\u00e1rio Filho criou no Jornal dos Sports a coluna \u201cA batalha pelo est\u00e1dio\u201d, insistindo em uma constru\u00e7\u00e3o que inclu\u00edsse o que chamava de \u201cgrandes massas\u201d: pobres, ricos, brancos, pretos, homens, mulheres e crian\u00e7as.<\/p>\r\n\r\n\r\n\r\n<p class=\"wp-block-paragraph\">Grande estimulador do esporte de massa, M\u00e1rio inventou a sigla Fla x Flu, criou os Jogos da Primavera, os Jogos Infantis, os torneios de peladas no Aterro do Flamengo e o Torneio Rio-S\u00e3o Paulo de futebol. Fazia todo sentido, portanto, que o est\u00e1dio por ele defendido fosse fundamentalmente popular.<\/p>\r\n\r\n\r\n\r\n<p class=\"wp-block-paragraph\">Al\u00e9m de ser um homem de a\u00e7\u00e3o \u2013os amigos desconfiavam que ele n\u00e3o dormia nunca\u2013 M\u00e1rio Filho foi um escritor de m\u00e3o cheia. Livros como \u201cO Negro no Futebol Brasileiro\u201d, \u201cHist\u00f3rias do Flamengo\u201d, \u201cViagem em Torno de Pel\u00e9\u201d, \u201cCopa do Mundo de 62\u201d, \u201cInf\u00e2ncia de Portinari&#8221; e as cr\u00f4nicas reunidas em \u201cSapo de Arubinha\u201d colocam o autor na prateleira de cima das nossas letras.<\/p>\r\n\r\n\r\n\r\n<p class=\"wp-block-paragraph\">M\u00e1rio Filho morreu aos 58 anos, em 1966. O radialista Waldir Amaral foi o primeiro a sugerir que o nome do jornalista fosse incorporado ao do est\u00e1dio, proposta que logo recebeu ades\u00f5es entusiasmadas e se concretizou.<\/p>\r\n\r\n\r\n\r\n<p class=\"wp-block-paragraph\">Por tudo isso, a ideia de tirar o nome de M\u00e1rio Filho do est\u00e1dio para homenagear Pel\u00e9 \u00e9 inconceb\u00edvel. Pel\u00e9 merece todas as homenagens, sem d\u00favidas. No bairro do Maracan\u00e3 mesmo, pertinho do est\u00e1dio, existe uma pra\u00e7a chamada Presidente Em\u00edlio Garrastazu M\u00e9dici. Fica a sugest\u00e3o: tirem da pra\u00e7a o nome do ditador e coloquem o do Rei do Futebol.<\/p>\r\n\r\n\r\n\r\n<p class=\"wp-block-paragraph\">Os golpes que o Maracan\u00e3 sofreu nos \u00faltimos tempos foram terr\u00edveis. O est\u00e1dio virou uma arena elitizada, a marquise, uma obra-prima da nossa arquitetura, foi destru\u00edda. \u00c9 dif\u00edcil diferenciar o Maracan\u00e3 do est\u00e1dio de Kiev, na Ucr\u00e2nia. Agora vem a ideia de se apagar da mem\u00f3ria do lugar o nome de M\u00e1rio Filho, homem que passou a vida cerzindo a cidade que tantos preferem retalhar.<\/p>\r\n\r\n\r\n\r\n<p class=\"wp-block-paragraph\">O Maracan\u00e3 foi a encarna\u00e7\u00e3o do sonho de um pa\u00eds fraterno, que hoje parece se esfarelar em \u00f3dio. Um sonho popular feito de pedra, cimento, grama, paix\u00e3o e gol. M\u00e1rio Filho foi o maior dos seus sonhadores.<\/p>\r\n\r\n\r\n\r\n<p class=\"wp-block-paragraph\"><strong>Por Luiz Antonio Simas \u2013 historiador e bi\u00f3grafo do est\u00e1dio do Maracan\u00e3<\/strong><\/p>\r\n","protected":false},"excerpt":{"rendered":"<p>Maracan\u00e3 n\u00e3o pode nem deve mudar de nome. Leiam artigo do historiador Luiz Antonio Simas publicado na Folha [&hellip;]<\/p>\n","protected":false},"author":102107496,"featured_media":38339,"comment_status":"open","ping_status":"open","sticky":false,"template":"","format":"standard","meta":{"_coblocks_attr":"","_coblocks_dimensions":"","_coblocks_responsive_height":"","_coblocks_accordion_ie_support":"","_jetpack_newsletter_access":"","_jetpack_dont_email_post_to_subs":false,"_jetpack_newsletter_tier_id":0,"_jetpack_memberships_contains_paywalled_content":false,"_wpcom_ai_launchpad_first_post":false,"_jetpack_feature_clip_id":0,"_jetpack_memberships_contains_paid_content":false,"footnotes":"","jetpack_publicize_message":"","jetpack_publicize_feature_enabled":true,"jetpack_social_post_already_shared":false,"jetpack_social_options":{"image_generator_settings":{"template":"highway","default_image_id":0,"font":"","enabled":false},"version":2},"jetpack_post_was_ever_published":false},"categories":[53870],"tags":[789560560,26066710,408967,2184664,789560564],"class_list":["post-38332","post","type-post","status-publish","format-standard","has-post-thumbnail","hentry","category-futebol","tag-futebol","tag-luiz-antonio-simas","tag-maracana","tag-mario-filho","tag-pele"],"yoast_head":"<!-- This site is optimized with the Yoast SEO plugin v28.3 - https:\/\/yoast.com\/product\/yoast-seo-wordpress\/ -->\n<title>Maracan\u00e3 tem nome e sobrenome - PR\u00d3SPERI NEWS<\/title>\n<meta name=\"robots\" content=\"index, follow, max-snippet:-1, max-image-preview:large, max-video-preview:-1\" \/>\n<link rel=\"canonical\" href=\"https:\/\/blogdoprosperi.com\/?p=38332\" \/>\n<meta property=\"og:locale\" content=\"pt_BR\" \/>\n<meta property=\"og:type\" content=\"article\" \/>\n<meta property=\"og:title\" content=\"Maracan\u00e3 tem nome e sobrenome - PR\u00d3SPERI NEWS\" \/>\n<meta property=\"og:description\" content=\"Maracan\u00e3 n\u00e3o pode nem deve mudar de nome. Leiam artigo do historiador Luiz Antonio Simas publicado na Folha [&hellip;]\" \/>\n<meta property=\"og:url\" content=\"https:\/\/blogdoprosperi.com\/?p=38332\" \/>\n<meta property=\"og:site_name\" content=\"PR\u00d3SPERI NEWS\" \/>\n<meta property=\"article:publisher\" content=\"Luiz Pr\u00f3speri\" \/>\n<meta property=\"article:author\" content=\"Luiz Pr\u00f3speri\" \/>\n<meta property=\"article:published_time\" content=\"2021-03-12T22:27:59+00:00\" \/>\n<meta property=\"article:modified_time\" content=\"2021-03-12T22:33:51+00:00\" \/>\n<meta property=\"og:image\" content=\"https:\/\/i0.wp.com\/blogdoprosperi.com\/wp-content\/uploads\/2021\/03\/image_processing20200201-29235-1i8mjrp.jpg?fit=600%2C404&ssl=1\" \/>\n\t<meta property=\"og:image:width\" content=\"600\" \/>\n\t<meta property=\"og:image:height\" content=\"404\" \/>\n\t<meta property=\"og:image:type\" content=\"image\/jpeg\" \/>\n<meta name=\"author\" content=\"Luiz Ant\u00f4nio Pr\u00f3speri\" \/>\n<meta name=\"twitter:card\" content=\"summary_large_image\" \/>\n<meta name=\"twitter:creator\" content=\"@Luizprosperi\" \/>\n<meta name=\"twitter:site\" content=\"@Luizprosperi\" \/>\n<meta name=\"twitter:label1\" content=\"Escrito por\" \/>\n\t<meta name=\"twitter:data1\" content=\"Luiz Ant\u00f4nio Pr\u00f3speri\" \/>\n\t<meta name=\"twitter:label2\" content=\"Est. tempo de leitura\" \/>\n\t<meta name=\"twitter:data2\" content=\"4 minutos\" \/>\n<script type=\"application\/ld+json\" class=\"yoast-schema-graph\">{\"@context\":\"https:\\\/\\\/schema.org\",\"@graph\":[{\"@type\":\"Article\",\"@id\":\"https:\\\/\\\/blogdoprosperi.com\\\/?p=38332#article\",\"isPartOf\":{\"@id\":\"https:\\\/\\\/blogdoprosperi.com\\\/?p=38332\"},\"author\":{\"name\":\"Luiz Ant\u00f4nio Pr\u00f3speri\",\"@id\":\"https:\\\/\\\/blogdoprosperi.com\\\/#\\\/schema\\\/person\\\/38100755ce3601861ee4fab9b5aa78e9\"},\"headline\":\"Maracan\u00e3 tem nome e sobrenome\",\"datePublished\":\"2021-03-12T22:27:59+00:00\",\"dateModified\":\"2021-03-12T22:33:51+00:00\",\"mainEntityOfPage\":{\"@id\":\"https:\\\/\\\/blogdoprosperi.com\\\/?p=38332\"},\"wordCount\":831,\"commentCount\":0,\"publisher\":{\"@id\":\"https:\\\/\\\/blogdoprosperi.com\\\/#\\\/schema\\\/person\\\/38100755ce3601861ee4fab9b5aa78e9\"},\"image\":{\"@id\":\"https:\\\/\\\/blogdoprosperi.com\\\/?p=38332#primaryimage\"},\"thumbnailUrl\":\"https:\\\/\\\/i0.wp.com\\\/blogdoprosperi.com\\\/wp-content\\\/uploads\\\/2021\\\/03\\\/image_processing20200201-29235-1i8mjrp.jpg?fit=600%2C404&ssl=1\",\"keywords\":[\"futebol\",\"Luiz Antonio Simas\",\"Maracan\u00e3\",\"Mario Filho\",\"Pel\u00e9\"],\"articleSection\":[\"futebol\"],\"inLanguage\":\"pt-BR\",\"potentialAction\":[{\"@type\":\"CommentAction\",\"name\":\"Comment\",\"target\":[\"https:\\\/\\\/blogdoprosperi.com\\\/?p=38332#respond\"]}]},{\"@type\":\"WebPage\",\"@id\":\"https:\\\/\\\/blogdoprosperi.com\\\/?p=38332\",\"url\":\"https:\\\/\\\/blogdoprosperi.com\\\/?p=38332\",\"name\":\"Maracan\u00e3 tem nome e sobrenome - PR\u00d3SPERI NEWS\",\"isPartOf\":{\"@id\":\"https:\\\/\\\/blogdoprosperi.com\\\/#website\"},\"primaryImageOfPage\":{\"@id\":\"https:\\\/\\\/blogdoprosperi.com\\\/?p=38332#primaryimage\"},\"image\":{\"@id\":\"https:\\\/\\\/blogdoprosperi.com\\\/?p=38332#primaryimage\"},\"thumbnailUrl\":\"https:\\\/\\\/i0.wp.com\\\/blogdoprosperi.com\\\/wp-content\\\/uploads\\\/2021\\\/03\\\/image_processing20200201-29235-1i8mjrp.jpg?fit=600%2C404&ssl=1\",\"datePublished\":\"2021-03-12T22:27:59+00:00\",\"dateModified\":\"2021-03-12T22:33:51+00:00\",\"breadcrumb\":{\"@id\":\"https:\\\/\\\/blogdoprosperi.com\\\/?p=38332#breadcrumb\"},\"inLanguage\":\"pt-BR\",\"potentialAction\":[{\"@type\":\"ReadAction\",\"target\":[\"https:\\\/\\\/blogdoprosperi.com\\\/?p=38332\"]}]},{\"@type\":\"ImageObject\",\"inLanguage\":\"pt-BR\",\"@id\":\"https:\\\/\\\/blogdoprosperi.com\\\/?p=38332#primaryimage\",\"url\":\"https:\\\/\\\/i0.wp.com\\\/blogdoprosperi.com\\\/wp-content\\\/uploads\\\/2021\\\/03\\\/image_processing20200201-29235-1i8mjrp.jpg?fit=600%2C404&ssl=1\",\"contentUrl\":\"https:\\\/\\\/i0.wp.com\\\/blogdoprosperi.com\\\/wp-content\\\/uploads\\\/2021\\\/03\\\/image_processing20200201-29235-1i8mjrp.jpg?fit=600%2C404&ssl=1\",\"width\":600,\"height\":404,\"caption\":\"Maracan\u00e3 e sua Geral, setor popular do est\u00e1dio que n\u00e3o existe mais \u2013 foto: divulga\u00e7\u00e3o\"},{\"@type\":\"BreadcrumbList\",\"@id\":\"https:\\\/\\\/blogdoprosperi.com\\\/?p=38332#breadcrumb\",\"itemListElement\":[{\"@type\":\"ListItem\",\"position\":1,\"name\":\"In\u00edcio\",\"item\":\"https:\\\/\\\/blogdoprosperi.com\\\/\"},{\"@type\":\"ListItem\",\"position\":2,\"name\":\"Maracan\u00e3 tem nome e sobrenome\"}]},{\"@type\":\"WebSite\",\"@id\":\"https:\\\/\\\/blogdoprosperi.com\\\/#website\",\"url\":\"https:\\\/\\\/blogdoprosperi.com\\\/\",\"name\":\"PR\u00d3SPERI NEWS\",\"description\":\"TUDO \u00c9  FUTEBOL\",\"publisher\":{\"@id\":\"https:\\\/\\\/blogdoprosperi.com\\\/#\\\/schema\\\/person\\\/38100755ce3601861ee4fab9b5aa78e9\"},\"alternateName\":\"blogdoprosperi.com\",\"potentialAction\":[{\"@type\":\"SearchAction\",\"target\":{\"@type\":\"EntryPoint\",\"urlTemplate\":\"https:\\\/\\\/blogdoprosperi.com\\\/?s={search_term_string}\"},\"query-input\":{\"@type\":\"PropertyValueSpecification\",\"valueRequired\":true,\"valueName\":\"search_term_string\"}}],\"inLanguage\":\"pt-BR\"},{\"@type\":[\"Person\",\"Organization\"],\"@id\":\"https:\\\/\\\/blogdoprosperi.com\\\/#\\\/schema\\\/person\\\/38100755ce3601861ee4fab9b5aa78e9\",\"name\":\"Luiz Ant\u00f4nio Pr\u00f3speri\",\"pronouns\":\"ele\",\"image\":{\"@type\":\"ImageObject\",\"inLanguage\":\"pt-BR\",\"@id\":\"https:\\\/\\\/i0.wp.com\\\/blogdoprosperi.com\\\/wp-content\\\/uploads\\\/2026\\\/05\\\/cropped-8059e613-6002-42fa-961e-8e275f575d71-2-5.jpg?fit=1360%2C931&ssl=1\",\"url\":\"https:\\\/\\\/i0.wp.com\\\/blogdoprosperi.com\\\/wp-content\\\/uploads\\\/2026\\\/05\\\/cropped-8059e613-6002-42fa-961e-8e275f575d71-2-5.jpg?fit=1360%2C931&ssl=1\",\"contentUrl\":\"https:\\\/\\\/i0.wp.com\\\/blogdoprosperi.com\\\/wp-content\\\/uploads\\\/2026\\\/05\\\/cropped-8059e613-6002-42fa-961e-8e275f575d71-2-5.jpg?fit=1360%2C931&ssl=1\",\"width\":1360,\"height\":931,\"caption\":\"Luiz Ant\u00f4nio Pr\u00f3speri\"},\"logo\":{\"@id\":\"https:\\\/\\\/i0.wp.com\\\/blogdoprosperi.com\\\/wp-content\\\/uploads\\\/2026\\\/05\\\/cropped-8059e613-6002-42fa-961e-8e275f575d71-2-5.jpg?fit=1360%2C931&ssl=1\"},\"description\":\"Jornalista com carreira dedicada ao esporte. Cobriu 9 Copas do Mundo in loco, 1990 na It\u00e1lia, 1994 nos EUA, 1998 na Fran\u00e7a, 2002 na Coreia do Sul e Jap\u00e3o, 2006 na Alemanha, 2010 na \u00c1frica do Sul, 2014 no Brasil, 2018 na R\u00fassia e 2022 no Qatar. Eurocopas, 1992 na Su\u00e9cia e 1996 na Inglaterra. Copa das Confedera\u00e7\u00f5es de 2005 na Alemanha e 2009 na \u00c1frica do Sul. Rep\u00f3rter e Editor, trabalhou no Jornal da Tarde e Estad\u00e3o, de 1984 a fevereiro de 2016. Colunista, blogueiro. E comentarista de futebol na R\u00e1dio Estad\u00e3o, de 2013 a fevereiro de 2016. Jornalista respons\u00e1vel do \\\"Pr\u00f3speri News\\\" (blogdoprosperi.com).\",\"sameAs\":[\"http:\\\/\\\/blogdoprosperi.com\",\"Luiz Pr\u00f3speri\",\"@luiz_prosperi\",\"https:\\\/\\\/x.com\\\/Luizprosperi\",\"@prosperinacopa\",\"luiz.prosperi@icloud.com\"],\"url\":\"https:\\\/\\\/blogdoprosperi.com\\\/?author=102107496\"}]}<\/script>\n<!-- \/ Yoast SEO plugin. -->","yoast_head_json":{"title":"Maracan\u00e3 tem nome e sobrenome - PR\u00d3SPERI NEWS","robots":{"index":"index","follow":"follow","max-snippet":"max-snippet:-1","max-image-preview":"max-image-preview:large","max-video-preview":"max-video-preview:-1"},"canonical":"https:\/\/blogdoprosperi.com\/?p=38332","og_locale":"pt_BR","og_type":"article","og_title":"Maracan\u00e3 tem nome e sobrenome - PR\u00d3SPERI NEWS","og_description":"Maracan\u00e3 n\u00e3o pode nem deve mudar de nome. Leiam artigo do historiador Luiz Antonio Simas publicado na Folha [&hellip;]","og_url":"https:\/\/blogdoprosperi.com\/?p=38332","og_site_name":"PR\u00d3SPERI NEWS","article_publisher":"Luiz Pr\u00f3speri","article_author":"Luiz Pr\u00f3speri","article_published_time":"2021-03-12T22:27:59+00:00","article_modified_time":"2021-03-12T22:33:51+00:00","og_image":[{"width":600,"height":404,"url":"https:\/\/i0.wp.com\/blogdoprosperi.com\/wp-content\/uploads\/2021\/03\/image_processing20200201-29235-1i8mjrp.jpg?fit=600%2C404&ssl=1","type":"image\/jpeg"}],"author":"Luiz Ant\u00f4nio Pr\u00f3speri","twitter_card":"summary_large_image","twitter_creator":"@Luizprosperi","twitter_site":"@Luizprosperi","twitter_misc":{"Escrito por":"Luiz Ant\u00f4nio Pr\u00f3speri","Est. tempo de leitura":"4 minutos"},"schema":{"@context":"https:\/\/schema.org","@graph":[{"@type":"Article","@id":"https:\/\/blogdoprosperi.com\/?p=38332#article","isPartOf":{"@id":"https:\/\/blogdoprosperi.com\/?p=38332"},"author":{"name":"Luiz Ant\u00f4nio Pr\u00f3speri","@id":"https:\/\/blogdoprosperi.com\/#\/schema\/person\/38100755ce3601861ee4fab9b5aa78e9"},"headline":"Maracan\u00e3 tem nome e sobrenome","datePublished":"2021-03-12T22:27:59+00:00","dateModified":"2021-03-12T22:33:51+00:00","mainEntityOfPage":{"@id":"https:\/\/blogdoprosperi.com\/?p=38332"},"wordCount":831,"commentCount":0,"publisher":{"@id":"https:\/\/blogdoprosperi.com\/#\/schema\/person\/38100755ce3601861ee4fab9b5aa78e9"},"image":{"@id":"https:\/\/blogdoprosperi.com\/?p=38332#primaryimage"},"thumbnailUrl":"https:\/\/i0.wp.com\/blogdoprosperi.com\/wp-content\/uploads\/2021\/03\/image_processing20200201-29235-1i8mjrp.jpg?fit=600%2C404&ssl=1","keywords":["futebol","Luiz Antonio Simas","Maracan\u00e3","Mario Filho","Pel\u00e9"],"articleSection":["futebol"],"inLanguage":"pt-BR","potentialAction":[{"@type":"CommentAction","name":"Comment","target":["https:\/\/blogdoprosperi.com\/?p=38332#respond"]}]},{"@type":"WebPage","@id":"https:\/\/blogdoprosperi.com\/?p=38332","url":"https:\/\/blogdoprosperi.com\/?p=38332","name":"Maracan\u00e3 tem nome e sobrenome - PR\u00d3SPERI NEWS","isPartOf":{"@id":"https:\/\/blogdoprosperi.com\/#website"},"primaryImageOfPage":{"@id":"https:\/\/blogdoprosperi.com\/?p=38332#primaryimage"},"image":{"@id":"https:\/\/blogdoprosperi.com\/?p=38332#primaryimage"},"thumbnailUrl":"https:\/\/i0.wp.com\/blogdoprosperi.com\/wp-content\/uploads\/2021\/03\/image_processing20200201-29235-1i8mjrp.jpg?fit=600%2C404&ssl=1","datePublished":"2021-03-12T22:27:59+00:00","dateModified":"2021-03-12T22:33:51+00:00","breadcrumb":{"@id":"https:\/\/blogdoprosperi.com\/?p=38332#breadcrumb"},"inLanguage":"pt-BR","potentialAction":[{"@type":"ReadAction","target":["https:\/\/blogdoprosperi.com\/?p=38332"]}]},{"@type":"ImageObject","inLanguage":"pt-BR","@id":"https:\/\/blogdoprosperi.com\/?p=38332#primaryimage","url":"https:\/\/i0.wp.com\/blogdoprosperi.com\/wp-content\/uploads\/2021\/03\/image_processing20200201-29235-1i8mjrp.jpg?fit=600%2C404&ssl=1","contentUrl":"https:\/\/i0.wp.com\/blogdoprosperi.com\/wp-content\/uploads\/2021\/03\/image_processing20200201-29235-1i8mjrp.jpg?fit=600%2C404&ssl=1","width":600,"height":404,"caption":"Maracan\u00e3 e sua Geral, setor popular do est\u00e1dio que n\u00e3o existe mais \u2013 foto: divulga\u00e7\u00e3o"},{"@type":"BreadcrumbList","@id":"https:\/\/blogdoprosperi.com\/?p=38332#breadcrumb","itemListElement":[{"@type":"ListItem","position":1,"name":"In\u00edcio","item":"https:\/\/blogdoprosperi.com\/"},{"@type":"ListItem","position":2,"name":"Maracan\u00e3 tem nome e sobrenome"}]},{"@type":"WebSite","@id":"https:\/\/blogdoprosperi.com\/#website","url":"https:\/\/blogdoprosperi.com\/","name":"PR\u00d3SPERI NEWS","description":"TUDO \u00c9  FUTEBOL","publisher":{"@id":"https:\/\/blogdoprosperi.com\/#\/schema\/person\/38100755ce3601861ee4fab9b5aa78e9"},"alternateName":"blogdoprosperi.com","potentialAction":[{"@type":"SearchAction","target":{"@type":"EntryPoint","urlTemplate":"https:\/\/blogdoprosperi.com\/?s={search_term_string}"},"query-input":{"@type":"PropertyValueSpecification","valueRequired":true,"valueName":"search_term_string"}}],"inLanguage":"pt-BR"},{"@type":["Person","Organization"],"@id":"https:\/\/blogdoprosperi.com\/#\/schema\/person\/38100755ce3601861ee4fab9b5aa78e9","name":"Luiz Ant\u00f4nio Pr\u00f3speri","pronouns":"ele","image":{"@type":"ImageObject","inLanguage":"pt-BR","@id":"https:\/\/i0.wp.com\/blogdoprosperi.com\/wp-content\/uploads\/2026\/05\/cropped-8059e613-6002-42fa-961e-8e275f575d71-2-5.jpg?fit=1360%2C931&ssl=1","url":"https:\/\/i0.wp.com\/blogdoprosperi.com\/wp-content\/uploads\/2026\/05\/cropped-8059e613-6002-42fa-961e-8e275f575d71-2-5.jpg?fit=1360%2C931&ssl=1","contentUrl":"https:\/\/i0.wp.com\/blogdoprosperi.com\/wp-content\/uploads\/2026\/05\/cropped-8059e613-6002-42fa-961e-8e275f575d71-2-5.jpg?fit=1360%2C931&ssl=1","width":1360,"height":931,"caption":"Luiz Ant\u00f4nio Pr\u00f3speri"},"logo":{"@id":"https:\/\/i0.wp.com\/blogdoprosperi.com\/wp-content\/uploads\/2026\/05\/cropped-8059e613-6002-42fa-961e-8e275f575d71-2-5.jpg?fit=1360%2C931&ssl=1"},"description":"Jornalista com carreira dedicada ao esporte. Cobriu 9 Copas do Mundo in loco, 1990 na It\u00e1lia, 1994 nos EUA, 1998 na Fran\u00e7a, 2002 na Coreia do Sul e Jap\u00e3o, 2006 na Alemanha, 2010 na \u00c1frica do Sul, 2014 no Brasil, 2018 na R\u00fassia e 2022 no Qatar. Eurocopas, 1992 na Su\u00e9cia e 1996 na Inglaterra. Copa das Confedera\u00e7\u00f5es de 2005 na Alemanha e 2009 na \u00c1frica do Sul. Rep\u00f3rter e Editor, trabalhou no Jornal da Tarde e Estad\u00e3o, de 1984 a fevereiro de 2016. Colunista, blogueiro. E comentarista de futebol na R\u00e1dio Estad\u00e3o, de 2013 a fevereiro de 2016. Jornalista respons\u00e1vel do \"Pr\u00f3speri News\" (blogdoprosperi.com).","sameAs":["http:\/\/blogdoprosperi.com","Luiz Pr\u00f3speri","@luiz_prosperi","https:\/\/x.com\/Luizprosperi","@prosperinacopa","luiz.prosperi@icloud.com"],"url":"https:\/\/blogdoprosperi.com\/?author=102107496"}]}},"jetpack_publicize_connections":[],"jetpack_likes_enabled":false,"jetpack_sharing_enabled":true,"jetpack_shortlink":"https:\/\/wp.me\/p7jvdk-9Yg","jetpack-related-posts":[{"id":38328,"url":"https:\/\/blogdoprosperi.com\/?p=38328","url_meta":{"origin":38332,"position":0},"title":"Pel\u00e9, n\u00e3o. Mario Filho, sim. Maracan\u00e3 \u00e9 nosso","author":"Luiz Ant\u00f4nio Pr\u00f3speri","date":"12 de mar\u00e7o de 2021","format":false,"excerpt":"O INSTITUTO HENFIL \u00e9 contra a retirada do nome do jornalista Mario Filho do est\u00e1dio do Maracan\u00e3. Por tudo que ele representa na escolha do lugar de sua constru\u00e7\u00e3o (mais perto do povo), e pela identifica\u00e7\u00e3o ap\u00f3s 71 anos do uso de seu nome no est\u00e1dio! #Maracan\u00e3\u00c9MarioFilho#VetaGovernador#Henfil#Maracan\u00e3#InstitutoHenfil","rel":"","context":"Em &quot;futebol&quot;","block_context":{"text":"futebol","link":"https:\/\/blogdoprosperi.com\/?cat=53870"},"img":{"alt_text":"","src":"https:\/\/i0.wp.com\/blogdoprosperi.com\/wp-content\/uploads\/2021\/03\/158898705_3239480349486409_4043458534635541274_o.jpg?fit=1080%2C1055&ssl=1&resize=350%2C200","width":350,"height":200,"srcset":"https:\/\/i0.wp.com\/blogdoprosperi.com\/wp-content\/uploads\/2021\/03\/158898705_3239480349486409_4043458534635541274_o.jpg?fit=1080%2C1055&ssl=1&resize=350%2C200 1x, https:\/\/i0.wp.com\/blogdoprosperi.com\/wp-content\/uploads\/2021\/03\/158898705_3239480349486409_4043458534635541274_o.jpg?fit=1080%2C1055&ssl=1&resize=525%2C300 1.5x, https:\/\/i0.wp.com\/blogdoprosperi.com\/wp-content\/uploads\/2021\/03\/158898705_3239480349486409_4043458534635541274_o.jpg?fit=1080%2C1055&ssl=1&resize=700%2C400 2x, https:\/\/i0.wp.com\/blogdoprosperi.com\/wp-content\/uploads\/2021\/03\/158898705_3239480349486409_4043458534635541274_o.jpg?fit=1080%2C1055&ssl=1&resize=1050%2C600 3x"},"classes":[]},{"id":38337,"url":"https:\/\/blogdoprosperi.com\/?p=38337","url_meta":{"origin":38332,"position":1},"title":"Geraldinos","author":"Luiz Ant\u00f4nio Pr\u00f3speri","date":"12 de mar\u00e7o de 2021","format":"video","excerpt":"https:\/\/youtu.be\/95YndskxXH8","rel":"","context":"Em &quot;futebol&quot;","block_context":{"text":"futebol","link":"https:\/\/blogdoprosperi.com\/?cat=53870"},"img":{"alt_text":"","src":"https:\/\/i0.wp.com\/img.youtube.com\/vi\/95YndskxXH8\/0.jpg?resize=350%2C200","width":350,"height":200},"classes":[]},{"id":45389,"url":"https:\/\/blogdoprosperi.com\/?p=45389","url_meta":{"origin":38332,"position":2},"title":"Flamengo Perde do Pe\u00f1arol e Tite Fica \u00c0 Beira do Precip\u00edcio","author":"Luiz Ant\u00f4nio Pr\u00f3speri","date":"19 de setembro de 2024","format":false,"excerpt":"Luiz Ant\u00f4nio Pr\u00f3speri \u2013 19 setembro (22h00) Flamengo perde do Pe\u00f1arol no Maracan\u00e3 apinhado por pouco mais de 64 mil torcedores. Muita gente a aumentar decib\u00e9is nas vaias e xingamentos a Tite e boa parte dos jogadores rubro-negros. Pulso da torcida traduz muito bem o que tem sido o Flamengo\u2026","rel":"","context":"Em &quot;futebol&quot;","block_context":{"text":"futebol","link":"https:\/\/blogdoprosperi.com\/?cat=53870"},"img":{"alt_text":"Pe\u00f1arol vence Flamengo e complica Tite","src":"https:\/\/i0.wp.com\/blogdoprosperi.com\/wp-content\/uploads\/2024\/09\/tite-flamengo-libertadores-1.webp?fit=640%2C400&ssl=1&resize=350%2C200","width":350,"height":200,"srcset":"https:\/\/i0.wp.com\/blogdoprosperi.com\/wp-content\/uploads\/2024\/09\/tite-flamengo-libertadores-1.webp?fit=640%2C400&ssl=1&resize=350%2C200 1x, https:\/\/i0.wp.com\/blogdoprosperi.com\/wp-content\/uploads\/2024\/09\/tite-flamengo-libertadores-1.webp?fit=640%2C400&ssl=1&resize=525%2C300 1.5x"},"classes":[]},{"id":19379,"url":"https:\/\/blogdoprosperi.com\/?p=19379","url_meta":{"origin":38332,"position":3},"title":"Rio 2016 manda um recado do Brasil ao mundo na cerim\u00f4nia de abertura dos Jogos","author":"Luiz Ant\u00f4nio Pr\u00f3speri","date":"6 de agosto de 2016","format":false,"excerpt":"Dedicado ao futebol, este Blog do Pr\u00f3speri celebra a abertura dos Jogos do Rio com imagens da cerim\u00f4nia no Maracan\u00e3 nesta hist\u00f3rica noite de 5 de agosto de 2016. Festa elogiada pela imprensa internacional com as mensagens enviadas ao mundo, apontando o dedo na cara contra os intolerantes e aos\u2026","rel":"","context":"Em &quot;futebol&quot;","block_context":{"text":"futebol","link":"https:\/\/blogdoprosperi.com\/?cat=53870"},"img":{"alt_text":"","src":"https:\/\/i0.wp.com\/blogdoprosperi.com\/wp-content\/uploads\/2016\/08\/1470419213_018824_1470443023_album_normal.jpg?resize=350%2C200&ssl=1","width":350,"height":200,"srcset":"https:\/\/i0.wp.com\/blogdoprosperi.com\/wp-content\/uploads\/2016\/08\/1470419213_018824_1470443023_album_normal.jpg?resize=350%2C200&ssl=1 1x, https:\/\/i0.wp.com\/blogdoprosperi.com\/wp-content\/uploads\/2016\/08\/1470419213_018824_1470443023_album_normal.jpg?resize=525%2C300&ssl=1 1.5x, https:\/\/i0.wp.com\/blogdoprosperi.com\/wp-content\/uploads\/2016\/08\/1470419213_018824_1470443023_album_normal.jpg?resize=700%2C400&ssl=1 2x"},"classes":[]},{"id":37265,"url":"https:\/\/blogdoprosperi.com\/?p=37265","url_meta":{"origin":38332,"position":4},"title":"Os clubes finos, de sociedade,\u2026","author":"Luiz Ant\u00f4nio Pr\u00f3speri","date":"20 de novembro de 2017","format":"quote","excerpt":"Os clubes finos, de sociedade, como se dizia, estavam diante de um fato consumado. N\u00e3o se ganhava campeonato s\u00f3 com time de brancos. Um time de brancos, mulatos e pretos era o campe\u00e3o da cidade. Contra esse time, os times de brancos n\u00e3o tinham podido fazer nada. Desaparecera a vantagem\u2026","rel":"","context":"Em &quot;futebol&quot;","block_context":{"text":"futebol","link":"https:\/\/blogdoprosperi.com\/?cat=53870"},"img":{"alt_text":"","src":"","width":0,"height":0},"classes":[]},{"id":30141,"url":"https:\/\/blogdoprosperi.com\/?p=30141","url_meta":{"origin":38332,"position":5},"title":"Podres poderes do futebol brasileiro","author":"Luiz Ant\u00f4nio Pr\u00f3speri","date":"28 de outubro de 2016","format":false,"excerpt":"Presidentes de clubes cobram a CBF apenas em dois casos. Primeiro, quando v\u00e3o dividir a grana e, segundo, ao se sentirem prejudicados por erros de arbitragem. De resto, alisam as mangas do palet\u00f3 do presidente para tirar um fiapinho de sujeira e, depois, um beijo na face para selar um\u2026","rel":"","context":"Em &quot;Campeonato Brasileiro&quot;","block_context":{"text":"Campeonato Brasileiro","link":"https:\/\/blogdoprosperi.com\/?cat=355071"},"img":{"alt_text":"","src":"https:\/\/i0.wp.com\/blogdoprosperi.com\/wp-content\/uploads\/2016\/10\/e6c161_dd3a09aaf02d4d9aa5a87c53f3f92fb2.jpg?resize=350%2C200&ssl=1","width":350,"height":200,"srcset":"https:\/\/i0.wp.com\/blogdoprosperi.com\/wp-content\/uploads\/2016\/10\/e6c161_dd3a09aaf02d4d9aa5a87c53f3f92fb2.jpg?resize=350%2C200&ssl=1 1x, https:\/\/i0.wp.com\/blogdoprosperi.com\/wp-content\/uploads\/2016\/10\/e6c161_dd3a09aaf02d4d9aa5a87c53f3f92fb2.jpg?resize=525%2C300&ssl=1 1.5x"},"classes":[]}],"jetpack_featured_media_url":"https:\/\/i0.wp.com\/blogdoprosperi.com\/wp-content\/uploads\/2021\/03\/image_processing20200201-29235-1i8mjrp.jpg?fit=600%2C404&ssl=1","_links":{"self":[{"href":"https:\/\/blogdoprosperi.com\/index.php?rest_route=\/wp\/v2\/posts\/38332","targetHints":{"allow":["GET"]}}],"collection":[{"href":"https:\/\/blogdoprosperi.com\/index.php?rest_route=\/wp\/v2\/posts"}],"about":[{"href":"https:\/\/blogdoprosperi.com\/index.php?rest_route=\/wp\/v2\/types\/post"}],"author":[{"embeddable":true,"href":"https:\/\/blogdoprosperi.com\/index.php?rest_route=\/wp\/v2\/users\/102107496"}],"replies":[{"embeddable":true,"href":"https:\/\/blogdoprosperi.com\/index.php?rest_route=%2Fwp%2Fv2%2Fcomments&post=38332"}],"version-history":[{"count":5,"href":"https:\/\/blogdoprosperi.com\/index.php?rest_route=\/wp\/v2\/posts\/38332\/revisions"}],"predecessor-version":[{"id":38344,"href":"https:\/\/blogdoprosperi.com\/index.php?rest_route=\/wp\/v2\/posts\/38332\/revisions\/38344"}],"wp:featuredmedia":[{"embeddable":true,"href":"https:\/\/blogdoprosperi.com\/index.php?rest_route=\/wp\/v2\/media\/38339"}],"wp:attachment":[{"href":"https:\/\/blogdoprosperi.com\/index.php?rest_route=%2Fwp%2Fv2%2Fmedia&parent=38332"}],"wp:term":[{"taxonomy":"category","embeddable":true,"href":"https:\/\/blogdoprosperi.com\/index.php?rest_route=%2Fwp%2Fv2%2Fcategories&post=38332"},{"taxonomy":"post_tag","embeddable":true,"href":"https:\/\/blogdoprosperi.com\/index.php?rest_route=%2Fwp%2Fv2%2Ftags&post=38332"}],"curies":[{"name":"wp","href":"https:\/\/api.w.org\/{rel}","templated":true}]}}