{"id":3836,"date":"2016-05-07T02:31:24","date_gmt":"2016-05-07T02:31:24","guid":{"rendered":"http:\/\/blogdoprosperi.com\/?p=3836"},"modified":"2016-05-07T02:37:09","modified_gmt":"2016-05-07T02:37:09","slug":"cinco-analises-de-futebol-para-voce-ler-nesta-sexta-feira-065-antes-de-dormir","status":"publish","type":"post","link":"https:\/\/blogdoprosperi.com\/?p=3836","title":{"rendered":"Cinco an\u00e1lises de futebol para voc\u00ea ler nesta sexta-feira (06\/5) antes de dormir"},"content":{"rendered":"<p>Amigo leitor desse <em>Blog do Pr\u00f3speri<\/em> apresento aqui uma novidade aos que gostam de futebol. A partir desta sexta-feira, 06\/5, vou destacar r\u00e1pidas an\u00e1lises de cinco not\u00edcias importantes do dia que dominaram os sites, jornais, emissoras de TV e r\u00e1dios. Ser\u00e3o coment\u00e1rios de fatos que considero relevantes para fechar a noite, antes do caro e raro leitor ir para cama dormir.<\/p>\n<p>No dia seguinte, a partir deste s\u00e1bado (07\/5), tamb\u00e9m vou destacar r\u00e1pidas an\u00e1lises de cinco eventos importantes que v\u00e3o virar not\u00edcia ao longo do dia. O leitor ter\u00e1 acesso aos coment\u00e1rios por volta das 7h da matina.<\/p>\n<p>SEXTA-FEIRA (06\/5)<br \/>\nO Palmeiras enfim anunciou o acordo com a patrocinadora Crefisa. Na Justi\u00e7a Neymar e o Grupo DIS trocaram pesadas acusa\u00e7\u00f5es ainda no imbr\u00f3glio da venda do craque ao Barcelona. Na Argentina, o Racing demitiu seu preparador de goleiros, autor de gestos racistas no jogo contra o Atl\u00e9tico-MG pela Libertadores. Flamenguistas n\u00e3o aprovaram o presidente do clube Bandeira de Melo servir Del Nero na CBF. E Tite inocentou atacante Andr\u00e9 por erro no p\u00eanalti contra o Nacional-URU.<\/p>\n<ol>\n<li><strong>PALMEIRAS X CREFISA<\/strong><br \/>\n<span class=\"alignnone\"><img data-recalc-dims=\"1\" loading=\"lazy\" decoding=\"async\" data-attachment-id=\"3912\" data-permalink=\"https:\/\/blogdoprosperi.com\/?attachment_id=3912\" data-orig-file=\"https:\/\/i0.wp.com\/blogdoprosperi.com\/wp-content\/uploads\/2016\/05\/nc3a3o-vamos-e1447535304836.jpeg?fit=699%2C394&amp;ssl=1\" data-orig-size=\"699,394\" data-comments-opened=\"1\" data-image-meta=\"{&quot;aperture&quot;:&quot;0&quot;,&quot;credit&quot;:&quot;&quot;,&quot;camera&quot;:&quot;&quot;,&quot;caption&quot;:&quot;&quot;,&quot;created_timestamp&quot;:&quot;0&quot;,&quot;copyright&quot;:&quot;&quot;,&quot;focal_length&quot;:&quot;0&quot;,&quot;iso&quot;:&quot;0&quot;,&quot;shutter_speed&quot;:&quot;0&quot;,&quot;title&quot;:&quot;&quot;,&quot;orientation&quot;:&quot;0&quot;}\" data-image-title=\"n\u00e3o-vamos-e1447535304836\" data-image-description=\"\" data-image-caption=\"\" data-large-file=\"https:\/\/i0.wp.com\/blogdoprosperi.com\/wp-content\/uploads\/2016\/05\/nc3a3o-vamos-e1447535304836.jpeg?fit=699%2C394&amp;ssl=1\" class=\"alignnone  wp-image-3912 alignright\" src=\"https:\/\/i0.wp.com\/blogdoprosperi.com\/wp-content\/uploads\/2016\/05\/nc3a3o-vamos-e1447535304836.jpeg?resize=231%2C130&#038;ssl=1\" alt=\"n\u00e3o-vamos-e1447535304836\" width=\"231\" height=\"130\" \/><\/span>Clube e empresa chegaram um acordo depois de tr\u00eas meses de discuss\u00e3o sobre contrato de patroc\u00ednio. A financeira Crefisa promete desembolsar at\u00e9 ter\u00e7a-feira R$ 19,5 milh\u00f5es que devia ao Palmeiras. O dinheiro vai direto para a conta do presidente Paulo Nobre, que havia emprestado R$ 20 milh\u00f5es ao clube para tapar o buraco provocado pela Crefisa.<\/p>\n<p>An\u00e1lise<em> &#8211; O acordo chega em boa hora ao Palmeiras, na reta final de prepara\u00e7\u00e3o ao Brasileir\u00e3o, que, com a queda do time na Libertadores, passou a ser prioridade m\u00e1xima para o t\u00e9cnico Cuca. Com a paz entre patrocinador e clube, novo refor\u00e7o de peso pode vir.<\/em>\u00a0<em>Resta agora Paulo Nobre se entender com a WTorre e acabar com as pendengas judiciais que envolvem o Allianz Parque. A arena bateu recorde de visita\u00e7\u00e3o &#8211; seu tour atingiu a marca de 62 mil visitantes e s\u00f3 perde para o Maracan\u00e3 &#8211; e \u00e9 uma arma do time no Brasileiro-2016.<\/em>&nbsp;<\/li>\n<li><strong>NEYMAR X DIS<\/strong><span class=\"alignnone\"><img data-recalc-dims=\"1\" loading=\"lazy\" decoding=\"async\" data-attachment-id=\"1257\" data-permalink=\"https:\/\/blogdoprosperi.com\/?attachment_id=1257\" data-orig-file=\"https:\/\/i0.wp.com\/blogdoprosperi.com\/wp-content\/uploads\/2016\/04\/075_urbanandsport-notitle160329_nplrb_1151390924.jpg?fit=837%2C628&amp;ssl=1\" data-orig-size=\"837,628\" data-comments-opened=\"1\" data-image-meta=\"{&quot;aperture&quot;:&quot;0&quot;,&quot;credit&quot;:&quot;&quot;,&quot;camera&quot;:&quot;&quot;,&quot;caption&quot;:&quot;&quot;,&quot;created_timestamp&quot;:&quot;0&quot;,&quot;copyright&quot;:&quot;&quot;,&quot;focal_length&quot;:&quot;0&quot;,&quot;iso&quot;:&quot;0&quot;,&quot;shutter_speed&quot;:&quot;0&quot;,&quot;title&quot;:&quot;&quot;,&quot;orientation&quot;:&quot;0&quot;}\" data-image-title=\"075_urbanandsport-notitle160329_nplrb.jpg_1151390924\" data-image-description=\"\" data-image-caption=\"\" data-large-file=\"https:\/\/i0.wp.com\/blogdoprosperi.com\/wp-content\/uploads\/2016\/04\/075_urbanandsport-notitle160329_nplrb_1151390924.jpg?fit=837%2C628&amp;ssl=1\" class=\"alignnone  wp-image-1257 alignright\" src=\"https:\/\/i0.wp.com\/blogdoprosperi.com\/wp-content\/uploads\/2016\/04\/075_urbanandsport-notitle160329_nplrb_1151390924.jpg?resize=254%2C190&#038;ssl=1\" alt=\"075_urbanandsport-notitle160329_nplrb.jpg_1151390924\" width=\"254\" height=\"190\" \/><\/span><br \/>\nCraque e o fundo de investimento continuam em lit\u00edgio desde 2013 quando o Barcelona comprou o jogador do Santos. O Grupo DIS entrou na Justi\u00e7a alegando que teria direito a uma cota maior do que recebeu no ato da venda. Pai de Neymar contesta e afirma que a empresa levou a grana a que tinha direito. Nesta sexta-feira, em audi\u00eancia do processo na Espanha, Roberto Moreno, presidente do DIS, bateu pesado: &#8220;Neymar n\u00e3o pode ser exemplo para nossos filhos, nem um \u00edcone quando est\u00e1 sendo investigado por fraude e evas\u00e3o fiscal&#8221;. Neymar rebateu.<\/p>\n<p>An\u00e1lise &#8211;\u00a0<em>Neymar precisa, urgente, resolver as quest\u00f5es de sua\u00a0<\/em><i>transfer\u00eancia ao Barcelona, que se arrastam desde 2013. O entendimento com o Grupo DIS deve ser feito antes mesmo que a Justi\u00e7a se pronuncie. E o craque\u00a0tamb\u00e9m tem de se acertar com o Fisco da Espanha o mais r\u00e1pido poss\u00edvel. Esses problemas j\u00e1 provocam efeitos negativos no futebol do craque.<br \/>\n<\/i><\/li>\n<li><strong>RACING X RACISMO<\/strong><br \/>\n<span class=\"alignnone\"><img data-recalc-dims=\"1\" loading=\"lazy\" decoding=\"async\" data-attachment-id=\"3947\" data-permalink=\"https:\/\/blogdoprosperi.com\/?attachment_id=3947\" data-orig-file=\"https:\/\/i0.wp.com\/blogdoprosperi.com\/wp-content\/uploads\/2016\/05\/unknown1.jpeg?fit=276%2C183&amp;ssl=1\" data-orig-size=\"276,183\" data-comments-opened=\"1\" data-image-meta=\"{&quot;aperture&quot;:&quot;0&quot;,&quot;credit&quot;:&quot;&quot;,&quot;camera&quot;:&quot;&quot;,&quot;caption&quot;:&quot;&quot;,&quot;created_timestamp&quot;:&quot;0&quot;,&quot;copyright&quot;:&quot;&quot;,&quot;focal_length&quot;:&quot;0&quot;,&quot;iso&quot;:&quot;0&quot;,&quot;shutter_speed&quot;:&quot;0&quot;,&quot;title&quot;:&quot;&quot;,&quot;orientation&quot;:&quot;0&quot;}\" data-image-title=\"Unknown\" data-image-description=\"\" data-image-caption=\"\" data-large-file=\"https:\/\/i0.wp.com\/blogdoprosperi.com\/wp-content\/uploads\/2016\/05\/unknown1.jpeg?fit=276%2C183&amp;ssl=1\" class=\"alignnone size-full wp-image-3947 alignright\" src=\"https:\/\/i0.wp.com\/blogdoprosperi.com\/wp-content\/uploads\/2016\/05\/unknown1.jpeg?resize=276%2C183&#038;ssl=1\" alt=\"Unknown\" width=\"276\" height=\"183\" \/><\/span>O clube argentino demitiu nesta sexta-feira Juan Carlos Gamband\u00e9, seu preparador de goleiros, que no jogo contra o Atl\u00e9tico-MG na quarta-feira pela Libertadores se dirigiu aos torcedores do Galo e fez um gesto de que estava comendo uma banana. Ele perdeu o emprego por ordem do presidente do Racing, ap\u00f3s a imagem do profissional do clube circular nas redes sociais. Gamband\u00e9 pediu desculpas aos atleticanos.<\/p>\n<p>An\u00e1lise &#8211;<em> O ato do Racing\u00a0mostra coragem dos argentinos e um tapa na cara da Confedera\u00e7\u00e3o Sul-Americana de Futebol (Conmebol), lenta e sem convic\u00e7\u00e3o na hora de tomar provid\u00eancias contra o racismo no futebol do continente. Um torcedor do Nacional tamb\u00e9m havia imitado um macaco se dirigindo a Gabriel Jesus. Naquele\u00a0<\/em><i><i>epis\u00f3dio, a Conmebol apenas multou o Nacional em R$ 37 mil. \u00c9 pouco. O clube deveria ser penalizado com perda de mando de campo.<br \/>\n<\/i><\/i><\/li>\n<li style=\"text-align:left;\"><strong>FLAMENGO X CBF<br \/>\n<\/strong>Eduardo \u00a0Bandeira de Melo, presidente do Flamengo, aceitou o convite da CBF e vai ser o chefe da delega\u00e7\u00e3o brasileira na Copa Am\u00e9rica Centen\u00e1rio, em junho, nos Estados Unidos. Bandeira, at\u00e9 ent\u00e3o um desafeto do presidente Marco Polo Del Nero, foi questionado por flamenguistas e dirigentes do clube por aceitar ao convite.<\/p>\n<p>An\u00e1lise &#8211;<em> O presidente do Flamengo cometeu um grande erro. Jogou seu capital\u00a0<\/em><i><i>pol\u00edtico, de agente inovador no futebol brasileiro, na lata do lixo. Vai ficar um m\u00eas com a Sele\u00e7\u00e3o Brasileira nos Estados Unidos enquanto seu clube \u00e9 jogado aos le\u00f5es no Brasileir\u00e3o-2016. O time rubro-negro est\u00e1 crise com resultados ruins no Estadual e Primeira Liga.\u00a0Muricy \u00a0Ramalho \u00e9 questionado e pode at\u00e9 cair nas primeiras rodadas do Brasileiro. Bandeira de Melo se aliou a Del Nero, que tem medo de ir aos EUA para n\u00e3o ser preso, e isso n\u00e3o \u00e9 nada bom ao futebol brasileiro.<\/i><\/i><\/p>\n<p>&nbsp;<\/li>\n<li style=\"text-align:left;\"><i><\/i><strong>ANDR\u00c9 X PATO<br \/>\n<\/strong><span class=\"alignnone\"><img data-recalc-dims=\"1\" loading=\"lazy\" decoding=\"async\" data-attachment-id=\"3997\" data-permalink=\"https:\/\/blogdoprosperi.com\/?attachment_id=3997\" data-orig-file=\"https:\/\/i0.wp.com\/blogdoprosperi.com\/wp-content\/uploads\/2016\/05\/unknown-2.jpeg?fit=300%2C168&amp;ssl=1\" data-orig-size=\"300,168\" data-comments-opened=\"1\" data-image-meta=\"{&quot;aperture&quot;:&quot;0&quot;,&quot;credit&quot;:&quot;&quot;,&quot;camera&quot;:&quot;&quot;,&quot;caption&quot;:&quot;&quot;,&quot;created_timestamp&quot;:&quot;0&quot;,&quot;copyright&quot;:&quot;&quot;,&quot;focal_length&quot;:&quot;0&quot;,&quot;iso&quot;:&quot;0&quot;,&quot;shutter_speed&quot;:&quot;0&quot;,&quot;title&quot;:&quot;&quot;,&quot;orientation&quot;:&quot;0&quot;}\" data-image-title=\"Unknown-2\" data-image-description=\"\" data-image-caption=\"\" data-large-file=\"https:\/\/i0.wp.com\/blogdoprosperi.com\/wp-content\/uploads\/2016\/05\/unknown-2.jpeg?fit=300%2C168&amp;ssl=1\" class=\"alignnone size-full wp-image-3997 alignright\" src=\"https:\/\/i0.wp.com\/blogdoprosperi.com\/wp-content\/uploads\/2016\/05\/unknown-2.jpeg?resize=300%2C168&#038;ssl=1\" alt=\"Unknown-2\" width=\"300\" height=\"168\" \/><\/span>Dois dias ap\u00f3s a queda do Corinthians na Libertadores 2016, Tite saiu em defesa de Andr\u00e9. O atacante foi comparado a Alexandre Pato, autor de uma cavadinha em uma decis\u00e3o de p\u00eanaltis contra o Gr\u00eamio na Copa do Brasil de 2013. Andr\u00e9 foi acusado pelos corintianos como um dos culpados pela elimina\u00e7\u00e3o do Corinthians. &#8220;Sobre o Andr\u00e9: ningu\u00e9m, em s\u00e3 consci\u00eancia, pode comparar batidas de p\u00eanaltis do Pato, do Matheus, com a do Andr\u00e9. Foram totalmente diferentes da batida dele. Quer ver? Olha a batida contra o Audax. Ele fez o gol, \u00e9 injusto. N\u00e3o vamos ser oportunistas&#8221;, disse Tite nesta sexta-feira.<\/p>\n<p>An\u00e1lise &#8211;<em> Tite pode at\u00e9 ter raz\u00e3o ao proteger Andr\u00e9. A compara\u00e7\u00e3o com Pato pode ter sido infeliz por parte dos cr\u00edticos, mas em vez de s\u00f3 proteger seu jogador, deveria assumir suas responsabilidades tanto na escala\u00e7\u00e3o do time contra o Nacional como as op\u00e7\u00f5es no banco de reservas. Torcedor n\u00e3o \u00e9 oportunista ao comparar Andr\u00e9 com Pato, \u00e9 sofredor. N\u00e3o se bate p\u00eanalti em jogo decisivo com &#8216;pegadinhas&#8217; \u00a0ao goleiro do advers\u00e1rio.\u00a0<\/em><i>Tite\u00a0deveria repreender Andr\u00e9 e assumir sua culpa na queda do Corinthians.<\/i><\/li>\n<\/ol>\n","protected":false},"excerpt":{"rendered":"<p>Amigo leitor desse Blog do Pr\u00f3speri apresento aqui uma novidade aos que gostam de futebol. A partir desta [&hellip;]<\/p>\n","protected":false},"author":102107496,"featured_media":0,"comment_status":"open","ping_status":"open","sticky":false,"template":"","format":"standard","meta":{"_coblocks_attr":"","_coblocks_dimensions":"","_coblocks_responsive_height":"","_coblocks_accordion_ie_support":"","_jetpack_newsletter_access":"","_jetpack_dont_email_post_to_subs":false,"_jetpack_newsletter_tier_id":0,"_jetpack_memberships_contains_paywalled_content":false,"_wpcom_ai_launchpad_first_post":false,"_jetpack_feature_clip_id":0,"_jetpack_memberships_contains_paid_content":false,"footnotes":"","jetpack_publicize_message":"","jetpack_publicize_feature_enabled":true,"jetpack_social_post_already_shared":false,"jetpack_social_options":{"image_generator_settings":{"template":"highway","default_image_id":0,"font":"","enabled":false},"version":2},"jetpack_post_was_ever_published":false},"categories":[53870],"tags":[39475,789560569,177066,19506041,449299,789560560,363536904,4112146,8328841,1814220],"class_list":["post-3836","post","type-post","status-publish","format-standard","hentry","category-futebol","tag-andre","tag-cbf","tag-corinthians","tag-crefisa","tag-flamengo","tag-futebol","tag-libertadores-2016","tag-neymar","tag-palmeiras-clube","tag-tite"],"yoast_head":"<!-- This site is optimized with the Yoast SEO plugin v28.3 - https:\/\/yoast.com\/product\/yoast-seo-wordpress\/ -->\n<title>Cinco an\u00e1lises de futebol para voc\u00ea ler nesta sexta-feira (06\/5) antes de dormir - PR\u00d3SPERI NEWS<\/title>\n<meta name=\"robots\" content=\"index, follow, max-snippet:-1, max-image-preview:large, max-video-preview:-1\" \/>\n<link rel=\"canonical\" href=\"https:\/\/blogdoprosperi.com\/?p=3836\" \/>\n<meta property=\"og:locale\" content=\"pt_BR\" \/>\n<meta property=\"og:type\" content=\"article\" \/>\n<meta property=\"og:title\" content=\"Cinco an\u00e1lises de futebol para voc\u00ea ler nesta sexta-feira (06\/5) antes de dormir - PR\u00d3SPERI NEWS\" \/>\n<meta property=\"og:description\" content=\"Amigo leitor desse Blog do Pr\u00f3speri apresento aqui uma novidade aos que gostam de futebol. A partir desta [&hellip;]\" \/>\n<meta property=\"og:url\" content=\"https:\/\/blogdoprosperi.com\/?p=3836\" \/>\n<meta property=\"og:site_name\" content=\"PR\u00d3SPERI NEWS\" \/>\n<meta property=\"article:publisher\" content=\"Luiz Pr\u00f3speri\" \/>\n<meta property=\"article:author\" content=\"Luiz Pr\u00f3speri\" \/>\n<meta property=\"article:published_time\" content=\"2016-05-07T02:31:24+00:00\" \/>\n<meta property=\"article:modified_time\" content=\"2016-05-07T02:37:09+00:00\" \/>\n<meta property=\"og:image\" content=\"https:\/\/blogdoprosperi.com\/wp-content\/uploads\/2016\/05\/nc3a3o-vamos-e1447535304836.jpeg\" \/>\n<meta name=\"author\" content=\"Luiz Ant\u00f4nio Pr\u00f3speri\" \/>\n<meta name=\"twitter:card\" content=\"summary_large_image\" \/>\n<meta name=\"twitter:creator\" content=\"@Luizprosperi\" \/>\n<meta name=\"twitter:site\" content=\"@Luizprosperi\" \/>\n<meta name=\"twitter:label1\" content=\"Escrito por\" \/>\n\t<meta name=\"twitter:data1\" content=\"Luiz Ant\u00f4nio Pr\u00f3speri\" \/>\n\t<meta name=\"twitter:label2\" content=\"Est. tempo de leitura\" \/>\n\t<meta name=\"twitter:data2\" content=\"5 minutos\" \/>\n<script type=\"application\/ld+json\" class=\"yoast-schema-graph\">{\"@context\":\"https:\\\/\\\/schema.org\",\"@graph\":[{\"@type\":\"Article\",\"@id\":\"https:\\\/\\\/blogdoprosperi.com\\\/?p=3836#article\",\"isPartOf\":{\"@id\":\"https:\\\/\\\/blogdoprosperi.com\\\/?p=3836\"},\"author\":{\"name\":\"Luiz Ant\u00f4nio Pr\u00f3speri\",\"@id\":\"https:\\\/\\\/blogdoprosperi.com\\\/#\\\/schema\\\/person\\\/38100755ce3601861ee4fab9b5aa78e9\"},\"headline\":\"Cinco an\u00e1lises de futebol para voc\u00ea ler nesta sexta-feira (06\\\/5) antes de dormir\",\"datePublished\":\"2016-05-07T02:31:24+00:00\",\"dateModified\":\"2016-05-07T02:37:09+00:00\",\"mainEntityOfPage\":{\"@id\":\"https:\\\/\\\/blogdoprosperi.com\\\/?p=3836\"},\"wordCount\":1057,\"commentCount\":0,\"publisher\":{\"@id\":\"https:\\\/\\\/blogdoprosperi.com\\\/#\\\/schema\\\/person\\\/38100755ce3601861ee4fab9b5aa78e9\"},\"image\":{\"@id\":\"https:\\\/\\\/blogdoprosperi.com\\\/?p=3836#primaryimage\"},\"thumbnailUrl\":\"https:\\\/\\\/blogdoprosperi.com\\\/wp-content\\\/uploads\\\/2016\\\/05\\\/nc3a3o-vamos-e1447535304836.jpeg\",\"keywords\":[\"Andr\u00e9\",\"CBF\",\"Corinthians\",\"Crefisa\",\"Flamengo\",\"futebol\",\"libertadores 2016\",\"Neymar\",\"Palmeiras Clube\",\"Tite\"],\"articleSection\":[\"futebol\"],\"inLanguage\":\"pt-BR\",\"potentialAction\":[{\"@type\":\"CommentAction\",\"name\":\"Comment\",\"target\":[\"https:\\\/\\\/blogdoprosperi.com\\\/?p=3836#respond\"]}]},{\"@type\":\"WebPage\",\"@id\":\"https:\\\/\\\/blogdoprosperi.com\\\/?p=3836\",\"url\":\"https:\\\/\\\/blogdoprosperi.com\\\/?p=3836\",\"name\":\"Cinco an\u00e1lises de futebol para voc\u00ea ler nesta sexta-feira (06\\\/5) antes de dormir - PR\u00d3SPERI NEWS\",\"isPartOf\":{\"@id\":\"https:\\\/\\\/blogdoprosperi.com\\\/#website\"},\"primaryImageOfPage\":{\"@id\":\"https:\\\/\\\/blogdoprosperi.com\\\/?p=3836#primaryimage\"},\"image\":{\"@id\":\"https:\\\/\\\/blogdoprosperi.com\\\/?p=3836#primaryimage\"},\"thumbnailUrl\":\"https:\\\/\\\/blogdoprosperi.com\\\/wp-content\\\/uploads\\\/2016\\\/05\\\/nc3a3o-vamos-e1447535304836.jpeg\",\"datePublished\":\"2016-05-07T02:31:24+00:00\",\"dateModified\":\"2016-05-07T02:37:09+00:00\",\"breadcrumb\":{\"@id\":\"https:\\\/\\\/blogdoprosperi.com\\\/?p=3836#breadcrumb\"},\"inLanguage\":\"pt-BR\",\"potentialAction\":[{\"@type\":\"ReadAction\",\"target\":[\"https:\\\/\\\/blogdoprosperi.com\\\/?p=3836\"]}]},{\"@type\":\"ImageObject\",\"inLanguage\":\"pt-BR\",\"@id\":\"https:\\\/\\\/blogdoprosperi.com\\\/?p=3836#primaryimage\",\"url\":\"https:\\\/\\\/i0.wp.com\\\/blogdoprosperi.com\\\/wp-content\\\/uploads\\\/2016\\\/05\\\/nc3a3o-vamos-e1447535304836.jpeg?fit=699%2C394&ssl=1\",\"contentUrl\":\"https:\\\/\\\/i0.wp.com\\\/blogdoprosperi.com\\\/wp-content\\\/uploads\\\/2016\\\/05\\\/nc3a3o-vamos-e1447535304836.jpeg?fit=699%2C394&ssl=1\",\"width\":699,\"height\":394},{\"@type\":\"BreadcrumbList\",\"@id\":\"https:\\\/\\\/blogdoprosperi.com\\\/?p=3836#breadcrumb\",\"itemListElement\":[{\"@type\":\"ListItem\",\"position\":1,\"name\":\"In\u00edcio\",\"item\":\"https:\\\/\\\/blogdoprosperi.com\\\/\"},{\"@type\":\"ListItem\",\"position\":2,\"name\":\"Cinco an\u00e1lises de futebol para voc\u00ea ler nesta sexta-feira (06\\\/5) antes de dormir\"}]},{\"@type\":\"WebSite\",\"@id\":\"https:\\\/\\\/blogdoprosperi.com\\\/#website\",\"url\":\"https:\\\/\\\/blogdoprosperi.com\\\/\",\"name\":\"PR\u00d3SPERI NEWS\",\"description\":\"TUDO \u00c9  FUTEBOL\",\"publisher\":{\"@id\":\"https:\\\/\\\/blogdoprosperi.com\\\/#\\\/schema\\\/person\\\/38100755ce3601861ee4fab9b5aa78e9\"},\"alternateName\":\"blogdoprosperi.com\",\"potentialAction\":[{\"@type\":\"SearchAction\",\"target\":{\"@type\":\"EntryPoint\",\"urlTemplate\":\"https:\\\/\\\/blogdoprosperi.com\\\/?s={search_term_string}\"},\"query-input\":{\"@type\":\"PropertyValueSpecification\",\"valueRequired\":true,\"valueName\":\"search_term_string\"}}],\"inLanguage\":\"pt-BR\"},{\"@type\":[\"Person\",\"Organization\"],\"@id\":\"https:\\\/\\\/blogdoprosperi.com\\\/#\\\/schema\\\/person\\\/38100755ce3601861ee4fab9b5aa78e9\",\"name\":\"Luiz Ant\u00f4nio Pr\u00f3speri\",\"pronouns\":\"ele\",\"image\":{\"@type\":\"ImageObject\",\"inLanguage\":\"pt-BR\",\"@id\":\"https:\\\/\\\/i0.wp.com\\\/blogdoprosperi.com\\\/wp-content\\\/uploads\\\/2026\\\/05\\\/cropped-8059e613-6002-42fa-961e-8e275f575d71-2-5.jpg?fit=1360%2C931&ssl=1\",\"url\":\"https:\\\/\\\/i0.wp.com\\\/blogdoprosperi.com\\\/wp-content\\\/uploads\\\/2026\\\/05\\\/cropped-8059e613-6002-42fa-961e-8e275f575d71-2-5.jpg?fit=1360%2C931&ssl=1\",\"contentUrl\":\"https:\\\/\\\/i0.wp.com\\\/blogdoprosperi.com\\\/wp-content\\\/uploads\\\/2026\\\/05\\\/cropped-8059e613-6002-42fa-961e-8e275f575d71-2-5.jpg?fit=1360%2C931&ssl=1\",\"width\":1360,\"height\":931,\"caption\":\"Luiz Ant\u00f4nio Pr\u00f3speri\"},\"logo\":{\"@id\":\"https:\\\/\\\/i0.wp.com\\\/blogdoprosperi.com\\\/wp-content\\\/uploads\\\/2026\\\/05\\\/cropped-8059e613-6002-42fa-961e-8e275f575d71-2-5.jpg?fit=1360%2C931&ssl=1\"},\"description\":\"Jornalista com carreira dedicada ao esporte. Cobriu 9 Copas do Mundo in loco, 1990 na It\u00e1lia, 1994 nos EUA, 1998 na Fran\u00e7a, 2002 na Coreia do Sul e Jap\u00e3o, 2006 na Alemanha, 2010 na \u00c1frica do Sul, 2014 no Brasil, 2018 na R\u00fassia e 2022 no Qatar. Eurocopas, 1992 na Su\u00e9cia e 1996 na Inglaterra. Copa das Confedera\u00e7\u00f5es de 2005 na Alemanha e 2009 na \u00c1frica do Sul. Rep\u00f3rter e Editor, trabalhou no Jornal da Tarde e Estad\u00e3o, de 1984 a fevereiro de 2016. Colunista, blogueiro. E comentarista de futebol na R\u00e1dio Estad\u00e3o, de 2013 a fevereiro de 2016. Jornalista respons\u00e1vel do \\\"Pr\u00f3speri News\\\" (blogdoprosperi.com).\",\"sameAs\":[\"http:\\\/\\\/blogdoprosperi.com\",\"Luiz Pr\u00f3speri\",\"@luiz_prosperi\",\"https:\\\/\\\/x.com\\\/Luizprosperi\",\"@prosperinacopa\",\"luiz.prosperi@icloud.com\"],\"url\":\"https:\\\/\\\/blogdoprosperi.com\\\/?author=102107496\"}]}<\/script>\n<!-- \/ Yoast SEO plugin. -->","yoast_head_json":{"title":"Cinco an\u00e1lises de futebol para voc\u00ea ler nesta sexta-feira (06\/5) antes de dormir - PR\u00d3SPERI NEWS","robots":{"index":"index","follow":"follow","max-snippet":"max-snippet:-1","max-image-preview":"max-image-preview:large","max-video-preview":"max-video-preview:-1"},"canonical":"https:\/\/blogdoprosperi.com\/?p=3836","og_locale":"pt_BR","og_type":"article","og_title":"Cinco an\u00e1lises de futebol para voc\u00ea ler nesta sexta-feira (06\/5) antes de dormir - PR\u00d3SPERI NEWS","og_description":"Amigo leitor desse Blog do Pr\u00f3speri apresento aqui uma novidade aos que gostam de futebol. A partir desta [&hellip;]","og_url":"https:\/\/blogdoprosperi.com\/?p=3836","og_site_name":"PR\u00d3SPERI NEWS","article_publisher":"Luiz Pr\u00f3speri","article_author":"Luiz Pr\u00f3speri","article_published_time":"2016-05-07T02:31:24+00:00","article_modified_time":"2016-05-07T02:37:09+00:00","og_image":[{"url":"https:\/\/blogdoprosperi.com\/wp-content\/uploads\/2016\/05\/nc3a3o-vamos-e1447535304836.jpeg","type":"","width":"","height":""}],"author":"Luiz Ant\u00f4nio Pr\u00f3speri","twitter_card":"summary_large_image","twitter_creator":"@Luizprosperi","twitter_site":"@Luizprosperi","twitter_misc":{"Escrito por":"Luiz Ant\u00f4nio Pr\u00f3speri","Est. tempo de leitura":"5 minutos"},"schema":{"@context":"https:\/\/schema.org","@graph":[{"@type":"Article","@id":"https:\/\/blogdoprosperi.com\/?p=3836#article","isPartOf":{"@id":"https:\/\/blogdoprosperi.com\/?p=3836"},"author":{"name":"Luiz Ant\u00f4nio Pr\u00f3speri","@id":"https:\/\/blogdoprosperi.com\/#\/schema\/person\/38100755ce3601861ee4fab9b5aa78e9"},"headline":"Cinco an\u00e1lises de futebol para voc\u00ea ler nesta sexta-feira (06\/5) antes de dormir","datePublished":"2016-05-07T02:31:24+00:00","dateModified":"2016-05-07T02:37:09+00:00","mainEntityOfPage":{"@id":"https:\/\/blogdoprosperi.com\/?p=3836"},"wordCount":1057,"commentCount":0,"publisher":{"@id":"https:\/\/blogdoprosperi.com\/#\/schema\/person\/38100755ce3601861ee4fab9b5aa78e9"},"image":{"@id":"https:\/\/blogdoprosperi.com\/?p=3836#primaryimage"},"thumbnailUrl":"https:\/\/blogdoprosperi.com\/wp-content\/uploads\/2016\/05\/nc3a3o-vamos-e1447535304836.jpeg","keywords":["Andr\u00e9","CBF","Corinthians","Crefisa","Flamengo","futebol","libertadores 2016","Neymar","Palmeiras Clube","Tite"],"articleSection":["futebol"],"inLanguage":"pt-BR","potentialAction":[{"@type":"CommentAction","name":"Comment","target":["https:\/\/blogdoprosperi.com\/?p=3836#respond"]}]},{"@type":"WebPage","@id":"https:\/\/blogdoprosperi.com\/?p=3836","url":"https:\/\/blogdoprosperi.com\/?p=3836","name":"Cinco an\u00e1lises de futebol para voc\u00ea ler nesta sexta-feira (06\/5) antes de dormir - PR\u00d3SPERI NEWS","isPartOf":{"@id":"https:\/\/blogdoprosperi.com\/#website"},"primaryImageOfPage":{"@id":"https:\/\/blogdoprosperi.com\/?p=3836#primaryimage"},"image":{"@id":"https:\/\/blogdoprosperi.com\/?p=3836#primaryimage"},"thumbnailUrl":"https:\/\/blogdoprosperi.com\/wp-content\/uploads\/2016\/05\/nc3a3o-vamos-e1447535304836.jpeg","datePublished":"2016-05-07T02:31:24+00:00","dateModified":"2016-05-07T02:37:09+00:00","breadcrumb":{"@id":"https:\/\/blogdoprosperi.com\/?p=3836#breadcrumb"},"inLanguage":"pt-BR","potentialAction":[{"@type":"ReadAction","target":["https:\/\/blogdoprosperi.com\/?p=3836"]}]},{"@type":"ImageObject","inLanguage":"pt-BR","@id":"https:\/\/blogdoprosperi.com\/?p=3836#primaryimage","url":"https:\/\/i0.wp.com\/blogdoprosperi.com\/wp-content\/uploads\/2016\/05\/nc3a3o-vamos-e1447535304836.jpeg?fit=699%2C394&ssl=1","contentUrl":"https:\/\/i0.wp.com\/blogdoprosperi.com\/wp-content\/uploads\/2016\/05\/nc3a3o-vamos-e1447535304836.jpeg?fit=699%2C394&ssl=1","width":699,"height":394},{"@type":"BreadcrumbList","@id":"https:\/\/blogdoprosperi.com\/?p=3836#breadcrumb","itemListElement":[{"@type":"ListItem","position":1,"name":"In\u00edcio","item":"https:\/\/blogdoprosperi.com\/"},{"@type":"ListItem","position":2,"name":"Cinco an\u00e1lises de futebol para voc\u00ea ler nesta sexta-feira (06\/5) antes de dormir"}]},{"@type":"WebSite","@id":"https:\/\/blogdoprosperi.com\/#website","url":"https:\/\/blogdoprosperi.com\/","name":"PR\u00d3SPERI NEWS","description":"TUDO \u00c9  FUTEBOL","publisher":{"@id":"https:\/\/blogdoprosperi.com\/#\/schema\/person\/38100755ce3601861ee4fab9b5aa78e9"},"alternateName":"blogdoprosperi.com","potentialAction":[{"@type":"SearchAction","target":{"@type":"EntryPoint","urlTemplate":"https:\/\/blogdoprosperi.com\/?s={search_term_string}"},"query-input":{"@type":"PropertyValueSpecification","valueRequired":true,"valueName":"search_term_string"}}],"inLanguage":"pt-BR"},{"@type":["Person","Organization"],"@id":"https:\/\/blogdoprosperi.com\/#\/schema\/person\/38100755ce3601861ee4fab9b5aa78e9","name":"Luiz Ant\u00f4nio Pr\u00f3speri","pronouns":"ele","image":{"@type":"ImageObject","inLanguage":"pt-BR","@id":"https:\/\/i0.wp.com\/blogdoprosperi.com\/wp-content\/uploads\/2026\/05\/cropped-8059e613-6002-42fa-961e-8e275f575d71-2-5.jpg?fit=1360%2C931&ssl=1","url":"https:\/\/i0.wp.com\/blogdoprosperi.com\/wp-content\/uploads\/2026\/05\/cropped-8059e613-6002-42fa-961e-8e275f575d71-2-5.jpg?fit=1360%2C931&ssl=1","contentUrl":"https:\/\/i0.wp.com\/blogdoprosperi.com\/wp-content\/uploads\/2026\/05\/cropped-8059e613-6002-42fa-961e-8e275f575d71-2-5.jpg?fit=1360%2C931&ssl=1","width":1360,"height":931,"caption":"Luiz Ant\u00f4nio Pr\u00f3speri"},"logo":{"@id":"https:\/\/i0.wp.com\/blogdoprosperi.com\/wp-content\/uploads\/2026\/05\/cropped-8059e613-6002-42fa-961e-8e275f575d71-2-5.jpg?fit=1360%2C931&ssl=1"},"description":"Jornalista com carreira dedicada ao esporte. Cobriu 9 Copas do Mundo in loco, 1990 na It\u00e1lia, 1994 nos EUA, 1998 na Fran\u00e7a, 2002 na Coreia do Sul e Jap\u00e3o, 2006 na Alemanha, 2010 na \u00c1frica do Sul, 2014 no Brasil, 2018 na R\u00fassia e 2022 no Qatar. Eurocopas, 1992 na Su\u00e9cia e 1996 na Inglaterra. Copa das Confedera\u00e7\u00f5es de 2005 na Alemanha e 2009 na \u00c1frica do Sul. Rep\u00f3rter e Editor, trabalhou no Jornal da Tarde e Estad\u00e3o, de 1984 a fevereiro de 2016. Colunista, blogueiro. E comentarista de futebol na R\u00e1dio Estad\u00e3o, de 2013 a fevereiro de 2016. Jornalista respons\u00e1vel do \"Pr\u00f3speri News\" (blogdoprosperi.com).","sameAs":["http:\/\/blogdoprosperi.com","Luiz Pr\u00f3speri","@luiz_prosperi","https:\/\/x.com\/Luizprosperi","@prosperinacopa","luiz.prosperi@icloud.com"],"url":"https:\/\/blogdoprosperi.com\/?author=102107496"}]}},"jetpack_publicize_connections":[],"jetpack_likes_enabled":false,"jetpack_sharing_enabled":true,"jetpack_shortlink":"https:\/\/wp.me\/p7jvdk-ZS","jetpack-related-posts":[{"id":36894,"url":"https:\/\/blogdoprosperi.com\/?p=36894","url_meta":{"origin":3836,"position":0},"title":"Gabriel Jesus espera convencer &#8216;palmeirense&#8217; Neymar a um dia jogar no Palmeiras","author":"Luiz Ant\u00f4nio Pr\u00f3speri","date":"9 de outubro de 2017","format":false,"excerpt":"Brasil x Chile, jogo da despedida das Eliminat\u00f3rias da Copa 2018, passa por Gabriel Jesus. H\u00e1 ingredientes de sobra a envolver o atacante e a partida desta ter\u00e7a-feira (10\/10) no Allianz Parque. Primeiro, vai atuar na sua casa, o est\u00e1dio onde se projetou para Sele\u00e7\u00e3o Brasileira e o mundo. Segundo,\u2026","rel":"","context":"Em &quot;futebol&quot;","block_context":{"text":"futebol","link":"https:\/\/blogdoprosperi.com\/?cat=53870"},"img":{"alt_text":"","src":"https:\/\/i0.wp.com\/blogdoprosperi.com\/wp-content\/uploads\/2017\/10\/37581662711_298389d878_b.jpg?fit=1024%2C659&ssl=1&resize=350%2C200","width":350,"height":200,"srcset":"https:\/\/i0.wp.com\/blogdoprosperi.com\/wp-content\/uploads\/2017\/10\/37581662711_298389d878_b.jpg?fit=1024%2C659&ssl=1&resize=350%2C200 1x, https:\/\/i0.wp.com\/blogdoprosperi.com\/wp-content\/uploads\/2017\/10\/37581662711_298389d878_b.jpg?fit=1024%2C659&ssl=1&resize=525%2C300 1.5x, https:\/\/i0.wp.com\/blogdoprosperi.com\/wp-content\/uploads\/2017\/10\/37581662711_298389d878_b.jpg?fit=1024%2C659&ssl=1&resize=700%2C400 2x"},"classes":[]},{"id":4584,"url":"https:\/\/blogdoprosperi.com\/?p=4584","url_meta":{"origin":3836,"position":1},"title":"Cinco an\u00e1lises de futebol para voc\u00ea ler nesta segunda-feira (09\/5) ao despertar","author":"Luiz Ant\u00f4nio Pr\u00f3speri","date":"9 de maio de 2016","format":false,"excerpt":"Entramos na semana do in\u00edcio do Campeonato Brasileiro com o fim dos Estaduais. Nesta segunda-feira, vale ainda um balan\u00e7o dos campe\u00f5es do domingo, os efeitos negativos e positivos nos clubes e como Santos e Audax v\u00e3o se virar ap\u00f3s a decis\u00e3o do Paulist\u00e3o-2016. Gostaria de lembrar o caro e raro\u2026","rel":"","context":"Em &quot;futebol&quot;","block_context":{"text":"futebol","link":"https:\/\/blogdoprosperi.com\/?cat=53870"},"img":{"alt_text":"","src":"https:\/\/i0.wp.com\/blogdoprosperi.com\/wp-content\/uploads\/2016\/05\/santos.jpg?resize=350%2C200&ssl=1","width":350,"height":200,"srcset":"https:\/\/i0.wp.com\/blogdoprosperi.com\/wp-content\/uploads\/2016\/05\/santos.jpg?resize=350%2C200&ssl=1 1x, https:\/\/i0.wp.com\/blogdoprosperi.com\/wp-content\/uploads\/2016\/05\/santos.jpg?resize=525%2C300&ssl=1 1.5x"},"classes":[]},{"id":9481,"url":"https:\/\/blogdoprosperi.com\/?p=9481","url_meta":{"origin":3836,"position":2},"title":"Cinco an\u00e1lises de futebol para voc\u00ea fechar a noite desta quinta (09\/6)","author":"Luiz Ant\u00f4nio Pr\u00f3speri","date":"9 de junho de 2016","format":false,"excerpt":"O dia foi de recorda\u00e7\u00f5es no futebol e uma volta ao passado. Logo de manh\u00e3, fomos despertados com o encontro de Pel\u00e9 e Maradona em um evento de um patrocinador da Eurocopa na Fran\u00e7a. No Brasil, o veterano Fred disse adeus ao Fluminense, depois de acertar sua transfer\u00eancia ao Atl\u00e9tico-MG.\u2026","rel":"","context":"Em &quot;futebol&quot;","block_context":{"text":"futebol","link":"https:\/\/blogdoprosperi.com\/?cat=53870"},"img":{"alt_text":"","src":"https:\/\/i0.wp.com\/blogdoprosperi.com\/wp-content\/uploads\/2016\/06\/images-41.jpeg?resize=350%2C200","width":350,"height":200},"classes":[]},{"id":38294,"url":"https:\/\/blogdoprosperi.com\/?p=38294","url_meta":{"origin":3836,"position":3},"title":"Dona da Crefisa vai assumir comando do Palmeiras em dezembro 2021","author":"Luiz Ant\u00f4nio Pr\u00f3speri","date":"10 de mar\u00e7o de 2021","format":false,"excerpt":"Desde domingo (07\/3), ap\u00f3s Felipe Melo erguer a ta\u00e7a da Copa do Brasil 2021, Leila repete aos ve\u00edculos de imprensa sua disposi\u00e7\u00e3o em ser a nova presidenta do Palmeiras","rel":"","context":"Em &quot;futebol&quot;","block_context":{"text":"futebol","link":"https:\/\/blogdoprosperi.com\/?cat=53870"},"img":{"alt_text":"","src":"https:\/\/i0.wp.com\/blogdoprosperi.com\/wp-content\/uploads\/2021\/03\/dxm1s5jwoaaj1kc.jpg?fit=1024%2C576&ssl=1&resize=350%2C200","width":350,"height":200,"srcset":"https:\/\/i0.wp.com\/blogdoprosperi.com\/wp-content\/uploads\/2021\/03\/dxm1s5jwoaaj1kc.jpg?fit=1024%2C576&ssl=1&resize=350%2C200 1x, https:\/\/i0.wp.com\/blogdoprosperi.com\/wp-content\/uploads\/2021\/03\/dxm1s5jwoaaj1kc.jpg?fit=1024%2C576&ssl=1&resize=525%2C300 1.5x, https:\/\/i0.wp.com\/blogdoprosperi.com\/wp-content\/uploads\/2021\/03\/dxm1s5jwoaaj1kc.jpg?fit=1024%2C576&ssl=1&resize=700%2C400 2x"},"classes":[]},{"id":4730,"url":"https:\/\/blogdoprosperi.com\/?p=4730","url_meta":{"origin":3836,"position":4},"title":"Cinco an\u00e1lises de futebol para voc\u00ea ler nesta segunda-feira (09\/5) antes de dormir","author":"Luiz Ant\u00f4nio Pr\u00f3speri","date":"10 de maio de 2016","format":false,"excerpt":"A menos de uma semana da abertura do Campeonato Brasileiro 2016, clubes batem cabe\u00e7a. O Cruzeiro continua sem t\u00e9cnico, ap\u00f3s a recusa de Ricardo Gomes. Na CBF, treinadores participaram de um debate, Tite esteve l\u00e1 como convidado e nada falou de sele\u00e7\u00e3o. Presidente da Fifa, Gianni Infantino, diz que daqui\u2026","rel":"","context":"Em &quot;futebol&quot;","block_context":{"text":"futebol","link":"https:\/\/blogdoprosperi.com\/?cat=53870"},"img":{"alt_text":"Unknown-6","src":"https:\/\/i0.wp.com\/blogdoprosperi.com\/wp-content\/uploads\/2016\/05\/unknown-61.jpeg?resize=350%2C200&ssl=1","width":350,"height":200},"classes":[]},{"id":6644,"url":"https:\/\/blogdoprosperi.com\/?p=6644","url_meta":{"origin":3836,"position":5},"title":"Cinco an\u00e1lises de futebol para voc\u00ea ler nesta sexta-feira (20\/5) antes de dormir","author":"Luiz Ant\u00f4nio Pr\u00f3speri","date":"21 de maio de 2016","format":false,"excerpt":"No meio da tarde desta sexta-feira (20\/5), o Atl\u00e9tico-MG anunciou a contrata\u00e7\u00e3o do t\u00e9cnico Marcelo Oliveira, ex-Palmeiras e Cruzeiro. Ainda em Minas, o treinador portugu\u00eas Paulo Bento faz sua estreia no Cruzeiro, neste s\u00e1bado, no Mineir\u00e3o. Em S\u00e3o Paulo, alguns jogadores do Corinthians estranharam a obriga\u00e7\u00e3o de dar explica\u00e7\u00f5es \u00e0\u2026","rel":"","context":"Em &quot;Campeonato Brasileiro&quot;","block_context":{"text":"Campeonato Brasileiro","link":"https:\/\/blogdoprosperi.com\/?cat=355071"},"img":{"alt_text":"24984734501_4a4c3cb056_o","src":"https:\/\/i0.wp.com\/blogdoprosperi.com\/wp-content\/uploads\/2016\/04\/24984734501_4a4c3cb056_o.jpg?resize=350%2C200&ssl=1","width":350,"height":200,"srcset":"https:\/\/i0.wp.com\/blogdoprosperi.com\/wp-content\/uploads\/2016\/04\/24984734501_4a4c3cb056_o.jpg?resize=350%2C200&ssl=1 1x, https:\/\/i0.wp.com\/blogdoprosperi.com\/wp-content\/uploads\/2016\/04\/24984734501_4a4c3cb056_o.jpg?resize=525%2C300&ssl=1 1.5x"},"classes":[]}],"jetpack_featured_media_url":"","_links":{"self":[{"href":"https:\/\/blogdoprosperi.com\/index.php?rest_route=\/wp\/v2\/posts\/3836","targetHints":{"allow":["GET"]}}],"collection":[{"href":"https:\/\/blogdoprosperi.com\/index.php?rest_route=\/wp\/v2\/posts"}],"about":[{"href":"https:\/\/blogdoprosperi.com\/index.php?rest_route=\/wp\/v2\/types\/post"}],"author":[{"embeddable":true,"href":"https:\/\/blogdoprosperi.com\/index.php?rest_route=\/wp\/v2\/users\/102107496"}],"replies":[{"embeddable":true,"href":"https:\/\/blogdoprosperi.com\/index.php?rest_route=%2Fwp%2Fv2%2Fcomments&post=3836"}],"version-history":[{"count":25,"href":"https:\/\/blogdoprosperi.com\/index.php?rest_route=\/wp\/v2\/posts\/3836\/revisions"}],"predecessor-version":[{"id":4011,"href":"https:\/\/blogdoprosperi.com\/index.php?rest_route=\/wp\/v2\/posts\/3836\/revisions\/4011"}],"wp:attachment":[{"href":"https:\/\/blogdoprosperi.com\/index.php?rest_route=%2Fwp%2Fv2%2Fmedia&parent=3836"}],"wp:term":[{"taxonomy":"category","embeddable":true,"href":"https:\/\/blogdoprosperi.com\/index.php?rest_route=%2Fwp%2Fv2%2Fcategories&post=3836"},{"taxonomy":"post_tag","embeddable":true,"href":"https:\/\/blogdoprosperi.com\/index.php?rest_route=%2Fwp%2Fv2%2Ftags&post=3836"}],"curies":[{"name":"wp","href":"https:\/\/api.w.org\/{rel}","templated":true}]}}