{"id":38381,"date":"2021-03-23T12:37:10","date_gmt":"2021-03-23T15:37:10","guid":{"rendered":"https:\/\/blogdoprosperi.com\/?p=38381"},"modified":"2021-03-23T18:04:32","modified_gmt":"2021-03-23T21:04:32","slug":"presidente-da-cbf-voces-estao-fodidos-se-o-futebol-parar","status":"publish","type":"post","link":"https:\/\/blogdoprosperi.com\/?p=38381","title":{"rendered":"Presidente da CBF: &#8220;Voc\u00eas est\u00e3o f&#8230; se o futebol parar&#8221;"},"content":{"rendered":"<p>Confira v\u00eddeo da reuni\u00e3o entre Carlos Caboclo, presidente da CBF, e presidentes de clubes das S\u00e9ries A e B do Brasileir\u00e3o. Caboclo, com a cumplicidade dos dirigentes, diz com veem\u00eancia que n\u00e3o vai parar o futebol brasileiro.<\/p>\n<p>V\u00eddeo obtido pelo jornalista Ven\u00ea Casagrande, autor da mat\u00e9ria publicada no jornal <em>O Dia<\/em>, do Rio de Janeiro.<\/p>\n<div class=\"jetpack-video-wrapper\"><span class=\"embed-youtube\" style=\"text-align:center; display: block;\"><iframe loading=\"lazy\" class=\"youtube-player\" width=\"940\" height=\"529\" src=\"https:\/\/www.youtube.com\/embed\/bvWIwLYAeRQ?version=3&#038;rel=1&#038;showsearch=0&#038;showinfo=1&#038;iv_load_policy=1&#038;fs=1&#038;hl=pt-BR&#038;autohide=2&#038;wmode=transparent\" allowfullscreen=\"true\" style=\"border:0;\" sandbox=\"allow-scripts allow-same-origin allow-popups allow-presentation allow-popups-to-escape-sandbox\"><\/iframe><\/span><\/div>\n","protected":false},"excerpt":{"rendered":"<p>Confira v\u00eddeo da reuni\u00e3o entre Carlos Caboclo, presidente da CBF, e presidentes de clubes das S\u00e9ries A e [&hellip;]<\/p>\n","protected":false},"author":102107496,"featured_media":0,"comment_status":"open","ping_status":"open","sticky":false,"template":"","format":"video","meta":{"_coblocks_attr":"","_coblocks_dimensions":"","_coblocks_responsive_height":"","_coblocks_accordion_ie_support":"","_jetpack_newsletter_access":"","_jetpack_dont_email_post_to_subs":false,"_jetpack_newsletter_tier_id":0,"_jetpack_memberships_contains_paywalled_content":false,"_wpcom_ai_launchpad_first_post":false,"_jetpack_feature_clip_id":0,"_jetpack_memberships_contains_paid_content":false,"footnotes":"","jetpack_publicize_message":"","jetpack_publicize_feature_enabled":true,"jetpack_social_post_already_shared":false,"jetpack_social_options":{"image_generator_settings":{"template":"highway","default_image_id":0,"font":"","enabled":false},"version":2},"jetpack_post_was_ever_published":false},"categories":[53870],"tags":[714010134,789560569,789560560,6217,96188173,550814090],"class_list":["post-38381","post","type-post","status-publish","format-video","hentry","category-futebol","tag-brasileirao-2021","tag-cbf","tag-futebol","tag-futebol-brasileiro","tag-galiotte","tag-rogerio-caboclo","post_format-post-format-video"],"yoast_head":"<!-- This site is optimized with the Yoast SEO plugin v28.4 - https:\/\/yoast.com\/product\/yoast-seo-wordpress\/ -->\n<title>Presidente da CBF: &quot;Voc\u00eas est\u00e3o f... se o futebol parar&quot; - PR\u00d3SPERI NEWS<\/title>\n<meta name=\"robots\" content=\"index, follow, max-snippet:-1, max-image-preview:large, max-video-preview:-1\" \/>\n<link rel=\"canonical\" href=\"https:\/\/blogdoprosperi.com\/?p=38381\" \/>\n<meta property=\"og:locale\" content=\"pt_BR\" \/>\n<meta property=\"og:type\" content=\"article\" \/>\n<meta property=\"og:title\" content=\"Presidente da CBF: &quot;Voc\u00eas est\u00e3o f... se o futebol parar&quot; - PR\u00d3SPERI NEWS\" \/>\n<meta property=\"og:description\" content=\"Confira v\u00eddeo da reuni\u00e3o entre Carlos Caboclo, presidente da CBF, e presidentes de clubes das S\u00e9ries A e [&hellip;]\" \/>\n<meta property=\"og:url\" content=\"https:\/\/blogdoprosperi.com\/?p=38381\" \/>\n<meta property=\"og:site_name\" content=\"PR\u00d3SPERI NEWS\" \/>\n<meta property=\"article:publisher\" content=\"Luiz Pr\u00f3speri\" \/>\n<meta property=\"article:author\" content=\"Luiz Pr\u00f3speri\" \/>\n<meta property=\"article:published_time\" content=\"2021-03-23T15:37:10+00:00\" \/>\n<meta property=\"article:modified_time\" content=\"2021-03-23T21:04:32+00:00\" \/>\n<meta name=\"author\" content=\"Luiz Ant\u00f4nio Pr\u00f3speri\" \/>\n<meta name=\"twitter:card\" content=\"summary_large_image\" \/>\n<meta name=\"twitter:creator\" content=\"@Luizprosperi\" \/>\n<meta name=\"twitter:site\" content=\"@Luizprosperi\" \/>\n<meta name=\"twitter:label1\" content=\"Escrito por\" \/>\n\t<meta name=\"twitter:data1\" content=\"Luiz Ant\u00f4nio Pr\u00f3speri\" \/>\n<script type=\"application\/ld+json\" class=\"yoast-schema-graph\">{\"@context\":\"https:\\\/\\\/schema.org\",\"@graph\":[{\"@type\":\"Article\",\"@id\":\"https:\\\/\\\/blogdoprosperi.com\\\/?p=38381#article\",\"isPartOf\":{\"@id\":\"https:\\\/\\\/blogdoprosperi.com\\\/?p=38381\"},\"author\":{\"name\":\"Luiz Ant\u00f4nio Pr\u00f3speri\",\"@id\":\"https:\\\/\\\/blogdoprosperi.com\\\/#\\\/schema\\\/person\\\/38100755ce3601861ee4fab9b5aa78e9\"},\"headline\":\"Presidente da CBF: &#8220;Voc\u00eas est\u00e3o f&#8230; se o futebol parar&#8221;\",\"datePublished\":\"2021-03-23T15:37:10+00:00\",\"dateModified\":\"2021-03-23T21:04:32+00:00\",\"mainEntityOfPage\":{\"@id\":\"https:\\\/\\\/blogdoprosperi.com\\\/?p=38381\"},\"wordCount\":79,\"commentCount\":0,\"publisher\":{\"@id\":\"https:\\\/\\\/blogdoprosperi.com\\\/#\\\/schema\\\/person\\\/38100755ce3601861ee4fab9b5aa78e9\"},\"keywords\":[\"Brasileir\u00e3o 2021\",\"CBF\",\"futebol\",\"Futebol brasileiro\",\"Galiotte\",\"Rogerio Caboclo\"],\"articleSection\":[\"futebol\"],\"inLanguage\":\"pt-BR\",\"potentialAction\":[{\"@type\":\"CommentAction\",\"name\":\"Comment\",\"target\":[\"https:\\\/\\\/blogdoprosperi.com\\\/?p=38381#respond\"]}]},{\"@type\":\"WebPage\",\"@id\":\"https:\\\/\\\/blogdoprosperi.com\\\/?p=38381\",\"url\":\"https:\\\/\\\/blogdoprosperi.com\\\/?p=38381\",\"name\":\"Presidente da CBF: \\\"Voc\u00eas est\u00e3o f... se o futebol parar\\\" - PR\u00d3SPERI NEWS\",\"isPartOf\":{\"@id\":\"https:\\\/\\\/blogdoprosperi.com\\\/#website\"},\"datePublished\":\"2021-03-23T15:37:10+00:00\",\"dateModified\":\"2021-03-23T21:04:32+00:00\",\"breadcrumb\":{\"@id\":\"https:\\\/\\\/blogdoprosperi.com\\\/?p=38381#breadcrumb\"},\"inLanguage\":\"pt-BR\",\"potentialAction\":[{\"@type\":\"ReadAction\",\"target\":[\"https:\\\/\\\/blogdoprosperi.com\\\/?p=38381\"]}]},{\"@type\":\"BreadcrumbList\",\"@id\":\"https:\\\/\\\/blogdoprosperi.com\\\/?p=38381#breadcrumb\",\"itemListElement\":[{\"@type\":\"ListItem\",\"position\":1,\"name\":\"In\u00edcio\",\"item\":\"https:\\\/\\\/blogdoprosperi.com\\\/\"},{\"@type\":\"ListItem\",\"position\":2,\"name\":\"Presidente da CBF: &#8220;Voc\u00eas est\u00e3o f&#8230; se o futebol parar&#8221;\"}]},{\"@type\":\"WebSite\",\"@id\":\"https:\\\/\\\/blogdoprosperi.com\\\/#website\",\"url\":\"https:\\\/\\\/blogdoprosperi.com\\\/\",\"name\":\"PR\u00d3SPERI NEWS\",\"description\":\"TUDO \u00c9  FUTEBOL\",\"publisher\":{\"@id\":\"https:\\\/\\\/blogdoprosperi.com\\\/#\\\/schema\\\/person\\\/38100755ce3601861ee4fab9b5aa78e9\"},\"alternateName\":\"blogdoprosperi.com\",\"potentialAction\":[{\"@type\":\"SearchAction\",\"target\":{\"@type\":\"EntryPoint\",\"urlTemplate\":\"https:\\\/\\\/blogdoprosperi.com\\\/?s={search_term_string}\"},\"query-input\":{\"@type\":\"PropertyValueSpecification\",\"valueRequired\":true,\"valueName\":\"search_term_string\"}}],\"inLanguage\":\"pt-BR\"},{\"@type\":[\"Person\",\"Organization\"],\"@id\":\"https:\\\/\\\/blogdoprosperi.com\\\/#\\\/schema\\\/person\\\/38100755ce3601861ee4fab9b5aa78e9\",\"name\":\"Luiz Ant\u00f4nio Pr\u00f3speri\",\"pronouns\":\"ele\",\"image\":{\"@type\":\"ImageObject\",\"inLanguage\":\"pt-BR\",\"@id\":\"https:\\\/\\\/i0.wp.com\\\/blogdoprosperi.com\\\/wp-content\\\/uploads\\\/2026\\\/05\\\/cropped-8059e613-6002-42fa-961e-8e275f575d71-2-5.jpg?fit=1360%2C931&ssl=1\",\"url\":\"https:\\\/\\\/i0.wp.com\\\/blogdoprosperi.com\\\/wp-content\\\/uploads\\\/2026\\\/05\\\/cropped-8059e613-6002-42fa-961e-8e275f575d71-2-5.jpg?fit=1360%2C931&ssl=1\",\"contentUrl\":\"https:\\\/\\\/i0.wp.com\\\/blogdoprosperi.com\\\/wp-content\\\/uploads\\\/2026\\\/05\\\/cropped-8059e613-6002-42fa-961e-8e275f575d71-2-5.jpg?fit=1360%2C931&ssl=1\",\"width\":1360,\"height\":931,\"caption\":\"Luiz Ant\u00f4nio Pr\u00f3speri\"},\"logo\":{\"@id\":\"https:\\\/\\\/i0.wp.com\\\/blogdoprosperi.com\\\/wp-content\\\/uploads\\\/2026\\\/05\\\/cropped-8059e613-6002-42fa-961e-8e275f575d71-2-5.jpg?fit=1360%2C931&ssl=1\"},\"description\":\"Jornalista com carreira dedicada ao esporte. Cobriu 9 Copas do Mundo in loco, 1990 na It\u00e1lia, 1994 nos EUA, 1998 na Fran\u00e7a, 2002 na Coreia do Sul e Jap\u00e3o, 2006 na Alemanha, 2010 na \u00c1frica do Sul, 2014 no Brasil, 2018 na R\u00fassia e 2022 no Qatar. Eurocopas, 1992 na Su\u00e9cia e 1996 na Inglaterra. Copa das Confedera\u00e7\u00f5es de 2005 na Alemanha e 2009 na \u00c1frica do Sul. Rep\u00f3rter e Editor, trabalhou no Jornal da Tarde e Estad\u00e3o, de 1984 a fevereiro de 2016. Colunista, blogueiro. E comentarista de futebol na R\u00e1dio Estad\u00e3o, de 2013 a fevereiro de 2016. Jornalista respons\u00e1vel do \\\"Pr\u00f3speri News\\\" (blogdoprosperi.com).\",\"sameAs\":[\"http:\\\/\\\/blogdoprosperi.com\",\"Luiz Pr\u00f3speri\",\"@luiz_prosperi\",\"https:\\\/\\\/x.com\\\/Luizprosperi\",\"@prosperinacopa\",\"luiz.prosperi@icloud.com\"],\"url\":\"https:\\\/\\\/blogdoprosperi.com\\\/?author=102107496\"}]}<\/script>\n<!-- \/ Yoast SEO plugin. -->","yoast_head_json":{"title":"Presidente da CBF: \"Voc\u00eas est\u00e3o f... se o futebol parar\" - PR\u00d3SPERI NEWS","robots":{"index":"index","follow":"follow","max-snippet":"max-snippet:-1","max-image-preview":"max-image-preview:large","max-video-preview":"max-video-preview:-1"},"canonical":"https:\/\/blogdoprosperi.com\/?p=38381","og_locale":"pt_BR","og_type":"article","og_title":"Presidente da CBF: \"Voc\u00eas est\u00e3o f... se o futebol parar\" - PR\u00d3SPERI NEWS","og_description":"Confira v\u00eddeo da reuni\u00e3o entre Carlos Caboclo, presidente da CBF, e presidentes de clubes das S\u00e9ries A e [&hellip;]","og_url":"https:\/\/blogdoprosperi.com\/?p=38381","og_site_name":"PR\u00d3SPERI NEWS","article_publisher":"Luiz Pr\u00f3speri","article_author":"Luiz Pr\u00f3speri","article_published_time":"2021-03-23T15:37:10+00:00","article_modified_time":"2021-03-23T21:04:32+00:00","author":"Luiz Ant\u00f4nio Pr\u00f3speri","twitter_card":"summary_large_image","twitter_creator":"@Luizprosperi","twitter_site":"@Luizprosperi","twitter_misc":{"Escrito por":"Luiz Ant\u00f4nio Pr\u00f3speri"},"schema":{"@context":"https:\/\/schema.org","@graph":[{"@type":"Article","@id":"https:\/\/blogdoprosperi.com\/?p=38381#article","isPartOf":{"@id":"https:\/\/blogdoprosperi.com\/?p=38381"},"author":{"name":"Luiz Ant\u00f4nio Pr\u00f3speri","@id":"https:\/\/blogdoprosperi.com\/#\/schema\/person\/38100755ce3601861ee4fab9b5aa78e9"},"headline":"Presidente da CBF: &#8220;Voc\u00eas est\u00e3o f&#8230; se o futebol parar&#8221;","datePublished":"2021-03-23T15:37:10+00:00","dateModified":"2021-03-23T21:04:32+00:00","mainEntityOfPage":{"@id":"https:\/\/blogdoprosperi.com\/?p=38381"},"wordCount":79,"commentCount":0,"publisher":{"@id":"https:\/\/blogdoprosperi.com\/#\/schema\/person\/38100755ce3601861ee4fab9b5aa78e9"},"keywords":["Brasileir\u00e3o 2021","CBF","futebol","Futebol brasileiro","Galiotte","Rogerio Caboclo"],"articleSection":["futebol"],"inLanguage":"pt-BR","potentialAction":[{"@type":"CommentAction","name":"Comment","target":["https:\/\/blogdoprosperi.com\/?p=38381#respond"]}]},{"@type":"WebPage","@id":"https:\/\/blogdoprosperi.com\/?p=38381","url":"https:\/\/blogdoprosperi.com\/?p=38381","name":"Presidente da CBF: \"Voc\u00eas est\u00e3o f... se o futebol parar\" - PR\u00d3SPERI NEWS","isPartOf":{"@id":"https:\/\/blogdoprosperi.com\/#website"},"datePublished":"2021-03-23T15:37:10+00:00","dateModified":"2021-03-23T21:04:32+00:00","breadcrumb":{"@id":"https:\/\/blogdoprosperi.com\/?p=38381#breadcrumb"},"inLanguage":"pt-BR","potentialAction":[{"@type":"ReadAction","target":["https:\/\/blogdoprosperi.com\/?p=38381"]}]},{"@type":"BreadcrumbList","@id":"https:\/\/blogdoprosperi.com\/?p=38381#breadcrumb","itemListElement":[{"@type":"ListItem","position":1,"name":"In\u00edcio","item":"https:\/\/blogdoprosperi.com\/"},{"@type":"ListItem","position":2,"name":"Presidente da CBF: &#8220;Voc\u00eas est\u00e3o f&#8230; se o futebol parar&#8221;"}]},{"@type":"WebSite","@id":"https:\/\/blogdoprosperi.com\/#website","url":"https:\/\/blogdoprosperi.com\/","name":"PR\u00d3SPERI NEWS","description":"TUDO \u00c9  FUTEBOL","publisher":{"@id":"https:\/\/blogdoprosperi.com\/#\/schema\/person\/38100755ce3601861ee4fab9b5aa78e9"},"alternateName":"blogdoprosperi.com","potentialAction":[{"@type":"SearchAction","target":{"@type":"EntryPoint","urlTemplate":"https:\/\/blogdoprosperi.com\/?s={search_term_string}"},"query-input":{"@type":"PropertyValueSpecification","valueRequired":true,"valueName":"search_term_string"}}],"inLanguage":"pt-BR"},{"@type":["Person","Organization"],"@id":"https:\/\/blogdoprosperi.com\/#\/schema\/person\/38100755ce3601861ee4fab9b5aa78e9","name":"Luiz Ant\u00f4nio Pr\u00f3speri","pronouns":"ele","image":{"@type":"ImageObject","inLanguage":"pt-BR","@id":"https:\/\/i0.wp.com\/blogdoprosperi.com\/wp-content\/uploads\/2026\/05\/cropped-8059e613-6002-42fa-961e-8e275f575d71-2-5.jpg?fit=1360%2C931&ssl=1","url":"https:\/\/i0.wp.com\/blogdoprosperi.com\/wp-content\/uploads\/2026\/05\/cropped-8059e613-6002-42fa-961e-8e275f575d71-2-5.jpg?fit=1360%2C931&ssl=1","contentUrl":"https:\/\/i0.wp.com\/blogdoprosperi.com\/wp-content\/uploads\/2026\/05\/cropped-8059e613-6002-42fa-961e-8e275f575d71-2-5.jpg?fit=1360%2C931&ssl=1","width":1360,"height":931,"caption":"Luiz Ant\u00f4nio Pr\u00f3speri"},"logo":{"@id":"https:\/\/i0.wp.com\/blogdoprosperi.com\/wp-content\/uploads\/2026\/05\/cropped-8059e613-6002-42fa-961e-8e275f575d71-2-5.jpg?fit=1360%2C931&ssl=1"},"description":"Jornalista com carreira dedicada ao esporte. Cobriu 9 Copas do Mundo in loco, 1990 na It\u00e1lia, 1994 nos EUA, 1998 na Fran\u00e7a, 2002 na Coreia do Sul e Jap\u00e3o, 2006 na Alemanha, 2010 na \u00c1frica do Sul, 2014 no Brasil, 2018 na R\u00fassia e 2022 no Qatar. Eurocopas, 1992 na Su\u00e9cia e 1996 na Inglaterra. Copa das Confedera\u00e7\u00f5es de 2005 na Alemanha e 2009 na \u00c1frica do Sul. Rep\u00f3rter e Editor, trabalhou no Jornal da Tarde e Estad\u00e3o, de 1984 a fevereiro de 2016. Colunista, blogueiro. E comentarista de futebol na R\u00e1dio Estad\u00e3o, de 2013 a fevereiro de 2016. Jornalista respons\u00e1vel do \"Pr\u00f3speri News\" (blogdoprosperi.com).","sameAs":["http:\/\/blogdoprosperi.com","Luiz Pr\u00f3speri","@luiz_prosperi","https:\/\/x.com\/Luizprosperi","@prosperinacopa","luiz.prosperi@icloud.com"],"url":"https:\/\/blogdoprosperi.com\/?author=102107496"}]}},"jetpack_publicize_connections":[],"jetpack_likes_enabled":false,"jetpack_sharing_enabled":true,"jetpack_shortlink":"https:\/\/wp.me\/p7jvdk-9Z3","jetpack-related-posts":[{"id":38261,"url":"https:\/\/blogdoprosperi.com\/?p=38261","url_meta":{"origin":38381,"position":0},"title":"Discurso do rei contra o portugu\u00eas","author":"Luiz Ant\u00f4nio Pr\u00f3speri","date":"28 de fevereiro de 2021","format":false,"excerpt":"Rogerio Caboclo, presidente da CBF, discursa na cerim\u00f4nia de premia\u00e7\u00e3o do Brasileir\u00e3o 2020 e desfere alguns pedradas no t\u00e9cnico portugu\u00eas Abel Ferreira. Treinador, sempre que pode, tem sido cr\u00edtico do calend\u00e1rio. Abel entende que a CBF, ao amontoar jogos do Palmeiras em intervalos de dois dias, tirou a chance de\u2026","rel":"","context":"Em &quot;Campeonato Brasileiro&quot;","block_context":{"text":"Campeonato Brasileiro","link":"https:\/\/blogdoprosperi.com\/?cat=355071"},"img":{"alt_text":"","src":"https:\/\/i0.wp.com\/blogdoprosperi.com\/wp-content\/uploads\/2021\/02\/20210226210405_25.jpeg?fit=910%2C607&ssl=1&resize=350%2C200","width":350,"height":200,"srcset":"https:\/\/i0.wp.com\/blogdoprosperi.com\/wp-content\/uploads\/2021\/02\/20210226210405_25.jpeg?fit=910%2C607&ssl=1&resize=350%2C200 1x, https:\/\/i0.wp.com\/blogdoprosperi.com\/wp-content\/uploads\/2021\/02\/20210226210405_25.jpeg?fit=910%2C607&ssl=1&resize=525%2C300 1.5x, https:\/\/i0.wp.com\/blogdoprosperi.com\/wp-content\/uploads\/2021\/02\/20210226210405_25.jpeg?fit=910%2C607&ssl=1&resize=700%2C400 2x"},"classes":[]},{"id":38393,"url":"https:\/\/blogdoprosperi.com\/?p=38393","url_meta":{"origin":38381,"position":1},"title":"A nova ditadura do futebol brasileiro","author":"Luiz Ant\u00f4nio Pr\u00f3speri","date":"23 de mar\u00e7o de 2021","format":false,"excerpt":"Rog\u00e9rio Caboclo, presidente da CBF, assume a condi\u00e7\u00e3o de ditador do futebol brasileiro durante reuni\u00e3o com presidentes dos clubes das S\u00e9ries A e B. E o prefeito de Volta Redonda revela que aceitou receber jogos do Campeonato Paulista na cidade em troca de respiradores para um hospital local. Com uma\u2026","rel":"","context":"Em &quot;futebol&quot;","block_context":{"text":"futebol","link":"https:\/\/blogdoprosperi.com\/?cat=53870"},"img":{"alt_text":"","src":"https:\/\/i0.wp.com\/blogdoprosperi.com\/wp-content\/uploads\/2021\/03\/20190409161946_249.jpeg?fit=910%2C455&ssl=1&resize=350%2C200","width":350,"height":200,"srcset":"https:\/\/i0.wp.com\/blogdoprosperi.com\/wp-content\/uploads\/2021\/03\/20190409161946_249.jpeg?fit=910%2C455&ssl=1&resize=350%2C200 1x, https:\/\/i0.wp.com\/blogdoprosperi.com\/wp-content\/uploads\/2021\/03\/20190409161946_249.jpeg?fit=910%2C455&ssl=1&resize=525%2C300 1.5x, https:\/\/i0.wp.com\/blogdoprosperi.com\/wp-content\/uploads\/2021\/03\/20190409161946_249.jpeg?fit=910%2C455&ssl=1&resize=700%2C400 2x"},"classes":[]},{"id":37617,"url":"https:\/\/blogdoprosperi.com\/?p=37617","url_meta":{"origin":38381,"position":2},"title":"CBF: Rogerio Caboclo assume presid\u00eancia e prepara mudan\u00e7as radicais no futebol brasileiro","author":"Luiz Ant\u00f4nio Pr\u00f3speri","date":"9 de abril de 2019","format":false,"excerpt":"CBF ter\u00e1 um novo comando a partir desta ter\u00e7a-feira (09\/4) com a posse de Rogerio Langanke Caboclo, 46 anos, na presid\u00eancia da entidade para um mandato de 2019 a 2023. Eleito em abril de 2018, beneficiado por mudan\u00e7as no estatuto da CBF conferindo \u00e0s federa\u00e7\u00f5es estaduais mais peso nos votos\u2026","rel":"","context":"Em &quot;futebol&quot;","block_context":{"text":"futebol","link":"https:\/\/blogdoprosperi.com\/?cat=53870"},"img":{"alt_text":"","src":"https:\/\/i0.wp.com\/blogdoprosperi.com\/wp-content\/uploads\/2019\/04\/x40812655734_59086c7d8f_o.jpg.pagespeed.ic_.ufbyn_v5ac.jpg?fit=1086%2C652&ssl=1&resize=350%2C200","width":350,"height":200,"srcset":"https:\/\/i0.wp.com\/blogdoprosperi.com\/wp-content\/uploads\/2019\/04\/x40812655734_59086c7d8f_o.jpg.pagespeed.ic_.ufbyn_v5ac.jpg?fit=1086%2C652&ssl=1&resize=350%2C200 1x, https:\/\/i0.wp.com\/blogdoprosperi.com\/wp-content\/uploads\/2019\/04\/x40812655734_59086c7d8f_o.jpg.pagespeed.ic_.ufbyn_v5ac.jpg?fit=1086%2C652&ssl=1&resize=525%2C300 1.5x, https:\/\/i0.wp.com\/blogdoprosperi.com\/wp-content\/uploads\/2019\/04\/x40812655734_59086c7d8f_o.jpg.pagespeed.ic_.ufbyn_v5ac.jpg?fit=1086%2C652&ssl=1&resize=700%2C400 2x, https:\/\/i0.wp.com\/blogdoprosperi.com\/wp-content\/uploads\/2019\/04\/x40812655734_59086c7d8f_o.jpg.pagespeed.ic_.ufbyn_v5ac.jpg?fit=1086%2C652&ssl=1&resize=1050%2C600 3x"},"classes":[]},{"id":38667,"url":"https:\/\/blogdoprosperi.com\/?p=38667","url_meta":{"origin":38381,"position":3},"title":"Clubes preparam tomada do poder na CBF","author":"Luiz Ant\u00f4nio Pr\u00f3speri","date":"16 de junho de 2021","format":false,"excerpt":"Movimento dos clubes tem como meta acabar com a farra das Federa\u00e7\u00f5es. E ditar rumos do futebol no pa\u00eds.","rel":"","context":"Em &quot;Campeonato Brasileiro&quot;","block_context":{"text":"Campeonato Brasileiro","link":"https:\/\/blogdoprosperi.com\/?cat=355071"},"img":{"alt_text":"Clubes querem a CBF","src":"https:\/\/i0.wp.com\/blogdoprosperi.com\/wp-content\/uploads\/2016\/11\/cbf-1.jpg?fit=620%2C390&ssl=1&resize=350%2C200","width":350,"height":200,"srcset":"https:\/\/i0.wp.com\/blogdoprosperi.com\/wp-content\/uploads\/2016\/11\/cbf-1.jpg?fit=620%2C390&ssl=1&resize=350%2C200 1x, https:\/\/i0.wp.com\/blogdoprosperi.com\/wp-content\/uploads\/2016\/11\/cbf-1.jpg?fit=620%2C390&ssl=1&resize=525%2C300 1.5x"},"classes":[]},{"id":37385,"url":"https:\/\/blogdoprosperi.com\/?p=37385","url_meta":{"origin":38381,"position":4},"title":"Del Nero manobra e elege sucessor na CBF, antes de ser banido pela Fifa","author":"Luiz Ant\u00f4nio Pr\u00f3speri","date":"8 de mar\u00e7o de 2018","format":false,"excerpt":"CBF j\u00e1 tem candidato \u00fanico \u00e0 sucess\u00e3o do presidente Marco Polo Del Nero, banido do futebol por 90 dias acusado de corrup\u00e7\u00e3o pela Fifa. Trata-se de Rogerio Langanhe Cabloco, ex-diretor financeiro e atual executivo de gest\u00e3o da entidade. Seu nome foi escolhido por Del Nero e foi lan\u00e7ado de forma\u2026","rel":"","context":"Em &quot;futebol&quot;","block_context":{"text":"futebol","link":"https:\/\/blogdoprosperi.com\/?cat=53870"},"img":{"alt_text":"","src":"https:\/\/i0.wp.com\/blogdoprosperi.com\/wp-content\/uploads\/2018\/03\/image.jpeg?fit=620%2C413&ssl=1&resize=350%2C200","width":350,"height":200,"srcset":"https:\/\/i0.wp.com\/blogdoprosperi.com\/wp-content\/uploads\/2018\/03\/image.jpeg?fit=620%2C413&ssl=1&resize=350%2C200 1x, https:\/\/i0.wp.com\/blogdoprosperi.com\/wp-content\/uploads\/2018\/03\/image.jpeg?fit=620%2C413&ssl=1&resize=525%2C300 1.5x"},"classes":[]},{"id":38588,"url":"https:\/\/blogdoprosperi.com\/?p=38588","url_meta":{"origin":38381,"position":5},"title":"Sele\u00e7\u00e3o Brasileira amarela e vai disputar Copa Am\u00e9rica, Tite corre risco","author":"Luiz Ant\u00f4nio Pr\u00f3speri","date":"7 de junho de 2021","format":false,"excerpt":"Jogadores da Sele\u00e7\u00e3o Brasileira assumem compromisso de jogar a Copa Am\u00e9rica. Decis\u00e3o oficial ser\u00e1 comunicada ap\u00f3s o jogo contra Paraguai em Assun\u00e7\u00e3o nesta ter\u00e7a-feira (08\/6). No manifesto a ser divulgado, v\u00e3o reafirmar que n\u00e3o gostariam de entrar em campo, mas, em nome da hierarquia, a p\u00e1tria pode contar com cada\u2026","rel":"","context":"Em &quot;copa do mundo catar 2022&quot;","block_context":{"text":"copa do mundo catar 2022","link":"https:\/\/blogdoprosperi.com\/?cat=301049609"},"img":{"alt_text":"Jogadores da Sele\u00e7\u00e3o decidem disputar Copa Am\u00e9rica","src":"https:\/\/i0.wp.com\/blogdoprosperi.com\/wp-content\/uploads\/2021\/06\/51229717421_a0b20053bf_w.jpg?fit=400%2C267&ssl=1&resize=350%2C200","width":350,"height":200},"classes":[]}],"jetpack_featured_media_url":"","_links":{"self":[{"href":"https:\/\/blogdoprosperi.com\/index.php?rest_route=\/wp\/v2\/posts\/38381","targetHints":{"allow":["GET"]}}],"collection":[{"href":"https:\/\/blogdoprosperi.com\/index.php?rest_route=\/wp\/v2\/posts"}],"about":[{"href":"https:\/\/blogdoprosperi.com\/index.php?rest_route=\/wp\/v2\/types\/post"}],"author":[{"embeddable":true,"href":"https:\/\/blogdoprosperi.com\/index.php?rest_route=\/wp\/v2\/users\/102107496"}],"replies":[{"embeddable":true,"href":"https:\/\/blogdoprosperi.com\/index.php?rest_route=%2Fwp%2Fv2%2Fcomments&post=38381"}],"version-history":[{"count":9,"href":"https:\/\/blogdoprosperi.com\/index.php?rest_route=\/wp\/v2\/posts\/38381\/revisions"}],"predecessor-version":[{"id":38410,"href":"https:\/\/blogdoprosperi.com\/index.php?rest_route=\/wp\/v2\/posts\/38381\/revisions\/38410"}],"wp:attachment":[{"href":"https:\/\/blogdoprosperi.com\/index.php?rest_route=%2Fwp%2Fv2%2Fmedia&parent=38381"}],"wp:term":[{"taxonomy":"category","embeddable":true,"href":"https:\/\/blogdoprosperi.com\/index.php?rest_route=%2Fwp%2Fv2%2Fcategories&post=38381"},{"taxonomy":"post_tag","embeddable":true,"href":"https:\/\/blogdoprosperi.com\/index.php?rest_route=%2Fwp%2Fv2%2Ftags&post=38381"}],"curies":[{"name":"wp","href":"https:\/\/api.w.org\/{rel}","templated":true}]}}