{"id":38393,"date":"2021-03-23T17:56:54","date_gmt":"2021-03-23T20:56:54","guid":{"rendered":"https:\/\/blogdoprosperi.com\/?p=38393"},"modified":"2021-05-04T19:21:49","modified_gmt":"2021-05-04T22:21:49","slug":"a-nova-ditadura-do-futebol-brasileiro","status":"publish","type":"post","link":"https:\/\/blogdoprosperi.com\/?p=38393","title":{"rendered":"A nova ditadura do futebol brasileiro"},"content":{"rendered":"<p>Rog\u00e9rio Caboclo, presidente da CBF, assume a condi\u00e7\u00e3o de ditador do futebol brasileiro durante reuni\u00e3o com presidentes dos clubes das S\u00e9ries A e B. E o prefeito de Volta Redonda revela que aceitou receber jogos do Campeonato Paulista na cidade em troca de respiradores para um hospital local.<\/p>\n<p>Com uma fala enf\u00e1tica, sem permitir apartes, Caboclo bateu na mesa sem deixar nenhuma d\u00favida:<\/p>\n<p>&#8220;<strong>Eu vou mandar no futebol brasileiro e vou determinar que vai ter competi\u00e7\u00e3o. Porque voc\u00eas est\u00e3o fodidos se n\u00e3o tiver<\/strong>. Eu assumo o \u00f4nus por todos voc\u00eas&#8221;, disse Caboclo na reuni\u00e3o online em v\u00eddeo revelado pelo jornalista Ven\u00ea Casagrande.<\/p>\n<p>Maur\u00edcio Galiotte, presidente do Palmeiras, ponderou que o tema \u2013 continuidade dos jogos apesar da gravidade da pandemia \u2013 poderia ser debatido em outra reuni\u00e3o. Caboclo cortou Galiotte e insistiu:<\/p>\n<p>&#8220;Eu n\u00e3o abrirei m\u00e3o, a n\u00e3o ser sob doutorado dos senhores, de jogar as competi\u00e7\u00f5es nacionais, o que repercutir\u00e1 nas internacionais e incorporar\u00e1 as estaduais&#8230; Ent\u00e3o, por gentileza, vamos pensar agora: <strong>n\u00f3s podemos parar o futebol? A Rede Globo n\u00e3o quer. Eu estou assegurando que n\u00e3o. Ningu\u00e9m quer,<\/strong> seus patrocinadores n\u00e3o querem. E, se parar, sabe quando n\u00f3s temos a seguran\u00e7a de dizer que a gente pode voltar? Nunca. No dia em que o governador do Mauricio disser que pode. No dia em que o prefeito de S\u00e3o Nunca disser que pode&#8230; <strong>Eu n\u00e3o vou estar \u00e0 merc\u00ea de nenhum deles&#8221;<\/strong>.<\/p>\n<p>Ao ver sua empresa jogada aos le\u00f5es pelo presidente da CBF, a Globo emitiu uma nota oficial com sua posi\u00e7\u00e3o a respeito da continuidade dos jogos de futebol. Confira:<\/p>\n<p><em>&#8220;Como vem fazendo desde o in\u00edcio da pandemia h\u00e1 mais de um ano, a Globo segue respeitando as orienta\u00e7\u00f5es dadas pelas autoridades competentes e acompanhando as decis\u00f5es dos organizadores das competi\u00e7\u00f5es. Entendemos que o momento \u00e9 de cautela, e que a prioridade \u00e9 a seguran\u00e7a de todos. Vamos seguir e respeitar todos os protocolos que forem definidos e decididos pelas entidades.\u201d<\/em><\/p>\n<p>Nos bastidores se tem como certo que se os campeonatos forem paralisados, a Globo suspende de imediato o pagamento de cotas de transmiss\u00e3o os clubes.<\/p>\n<p>\u00c9 de conhecimento de qualquer torcedor que a maioria dos clubes brasileiros n\u00e3o sobrevive sem o dinheiro pago pela Globo pelos direitos de exibi\u00e7\u00e3o dos campeonatos. Da\u00ed a fala do presidente da CBF de que o futebol n\u00e3o pode parar, mesmo diante de quase 300 mil mortos v\u00edtimas da Covid.<\/p>\n<p>Nesse cen\u00e1rio de autoritarismo da CBF e persist\u00eancia de a Federa\u00e7\u00e3o Paulista de Futebol em insistir com a realiza\u00e7\u00e3o do Paulist\u00e3o 2021, apesar do veto expl\u00edcito do governo do estado, surge a revela\u00e7\u00e3o surpreendente do prefeito de Volta Redonda.<\/p>\n<p>&#8220;O munic\u00edpio de Volta Redonda vai aceitar o jogo de hoje (<em>ter\u00e7a-feira, 23\/3<\/em>), que \u00e9 Corinthians e Mirassol e amanh\u00e3 (<em>quarta-feira, 24\/3<\/em>) o jogo do Palmeiras. <strong>Eu queria aproveitar e agradecer a Federa\u00e7\u00e3o Paulista pela doa\u00e7\u00e3o de respiradores e monitores para um hospital que vamos inaugurar de Covid<\/strong>&#8220;, disse o prefeito Ant\u00f4nio Francisco Neto, ao programa <em>Sele\u00e7\u00e3o<\/em> do SporTV.<\/p>\n<p>\u00c9 o que temos.<\/p>\n<p>Caboclo se veste de ditador. &#8220;Eu vou mandar no futebol brasileiro&#8221;.<\/p>\n<p>Federa\u00e7\u00e3o Paulista decide realizar jogos do Paulist\u00e3o em cidade do Rio de Janeiro em troca de respiradores de hospital de Volta Redonda.<\/p>\n<p>A pandemia continua devastadora no Pa\u00eds e n\u00e3o h\u00e1 sinais de melhora. O futebol brasileiro tapa os olhos e abre a boca podre.<\/p>\n","protected":false},"excerpt":{"rendered":"<p>Rog\u00e9rio Caboclo, presidente da CBF, assume a condi\u00e7\u00e3o de ditador do futebol brasileiro durante reuni\u00e3o com presidentes dos [&hellip;]<\/p>\n","protected":false},"author":102107496,"featured_media":38404,"comment_status":"open","ping_status":"open","sticky":false,"template":"","format":"standard","meta":{"_coblocks_attr":"","_coblocks_dimensions":"","_coblocks_responsive_height":"","_coblocks_accordion_ie_support":"","_jetpack_newsletter_access":"","_jetpack_dont_email_post_to_subs":false,"_jetpack_newsletter_tier_id":0,"_jetpack_memberships_contains_paywalled_content":false,"_wpcom_ai_launchpad_first_post":false,"_jetpack_feature_clip_id":0,"_jetpack_memberships_contains_paid_content":false,"footnotes":"","jetpack_publicize_message":"","jetpack_publicize_feature_enabled":true,"jetpack_social_post_already_shared":false,"jetpack_social_options":{"image_generator_settings":{"template":"highway","default_image_id":0,"font":"","enabled":false},"version":2},"jetpack_post_was_ever_published":false},"categories":[53870],"tags":[789560569,72976156,4030097,789560560,716564688,550814090,4206941],"class_list":["post-38393","post","type-post","status-publish","format-standard","has-post-thumbnail","hentry","category-futebol","tag-cbf","tag-covid","tag-federacao-paulista-de-futebol","tag-futebol","tag-pandemia-e-futebol","tag-rogerio-caboclo","tag-volta-redonda"],"yoast_head":"<!-- This site is optimized with the Yoast SEO plugin v28.4 - https:\/\/yoast.com\/product\/yoast-seo-wordpress\/ -->\n<title>A nova ditadura do futebol brasileiro - PR\u00d3SPERI NEWS<\/title>\n<meta name=\"robots\" content=\"index, follow, max-snippet:-1, max-image-preview:large, max-video-preview:-1\" \/>\n<link rel=\"canonical\" href=\"https:\/\/blogdoprosperi.com\/?p=38393\" \/>\n<meta property=\"og:locale\" content=\"pt_BR\" \/>\n<meta property=\"og:type\" content=\"article\" \/>\n<meta property=\"og:title\" content=\"A nova ditadura do futebol brasileiro - PR\u00d3SPERI NEWS\" \/>\n<meta property=\"og:description\" content=\"Rog\u00e9rio Caboclo, presidente da CBF, assume a condi\u00e7\u00e3o de ditador do futebol brasileiro durante reuni\u00e3o com presidentes dos [&hellip;]\" \/>\n<meta property=\"og:url\" content=\"https:\/\/blogdoprosperi.com\/?p=38393\" \/>\n<meta property=\"og:site_name\" content=\"PR\u00d3SPERI NEWS\" \/>\n<meta property=\"article:publisher\" content=\"Luiz Pr\u00f3speri\" \/>\n<meta property=\"article:author\" content=\"Luiz Pr\u00f3speri\" \/>\n<meta property=\"article:published_time\" content=\"2021-03-23T20:56:54+00:00\" \/>\n<meta property=\"article:modified_time\" content=\"2021-05-04T22:21:49+00:00\" \/>\n<meta property=\"og:image\" content=\"https:\/\/i0.wp.com\/blogdoprosperi.com\/wp-content\/uploads\/2021\/03\/20190409161946_249.jpeg?fit=910%2C455&ssl=1\" \/>\n\t<meta property=\"og:image:width\" content=\"910\" \/>\n\t<meta property=\"og:image:height\" content=\"455\" \/>\n\t<meta property=\"og:image:type\" content=\"image\/jpeg\" \/>\n<meta name=\"author\" content=\"Luiz Ant\u00f4nio Pr\u00f3speri\" \/>\n<meta name=\"twitter:card\" content=\"summary_large_image\" \/>\n<meta name=\"twitter:creator\" content=\"@Luizprosperi\" \/>\n<meta name=\"twitter:site\" content=\"@Luizprosperi\" \/>\n<meta name=\"twitter:label1\" content=\"Escrito por\" \/>\n\t<meta name=\"twitter:data1\" content=\"Luiz Ant\u00f4nio Pr\u00f3speri\" \/>\n\t<meta name=\"twitter:label2\" content=\"Est. tempo de leitura\" \/>\n\t<meta name=\"twitter:data2\" content=\"3 minutos\" \/>\n<script type=\"application\/ld+json\" class=\"yoast-schema-graph\">{\"@context\":\"https:\\\/\\\/schema.org\",\"@graph\":[{\"@type\":\"Article\",\"@id\":\"https:\\\/\\\/blogdoprosperi.com\\\/?p=38393#article\",\"isPartOf\":{\"@id\":\"https:\\\/\\\/blogdoprosperi.com\\\/?p=38393\"},\"author\":{\"name\":\"Luiz Ant\u00f4nio Pr\u00f3speri\",\"@id\":\"https:\\\/\\\/blogdoprosperi.com\\\/#\\\/schema\\\/person\\\/38100755ce3601861ee4fab9b5aa78e9\"},\"headline\":\"A nova ditadura do futebol brasileiro\",\"datePublished\":\"2021-03-23T20:56:54+00:00\",\"dateModified\":\"2021-05-04T22:21:49+00:00\",\"mainEntityOfPage\":{\"@id\":\"https:\\\/\\\/blogdoprosperi.com\\\/?p=38393\"},\"wordCount\":608,\"commentCount\":1,\"publisher\":{\"@id\":\"https:\\\/\\\/blogdoprosperi.com\\\/#\\\/schema\\\/person\\\/38100755ce3601861ee4fab9b5aa78e9\"},\"image\":{\"@id\":\"https:\\\/\\\/blogdoprosperi.com\\\/?p=38393#primaryimage\"},\"thumbnailUrl\":\"https:\\\/\\\/i0.wp.com\\\/blogdoprosperi.com\\\/wp-content\\\/uploads\\\/2021\\\/03\\\/20190409161946_249.jpeg?fit=910%2C455&ssl=1\",\"keywords\":[\"CBF\",\"covid\",\"Federa\u00e7\u00e3o Paulista de Futebol\",\"futebol\",\"pandemia e futebol\",\"Rogerio Caboclo\",\"volta redonda\"],\"articleSection\":[\"futebol\"],\"inLanguage\":\"pt-BR\",\"potentialAction\":[{\"@type\":\"CommentAction\",\"name\":\"Comment\",\"target\":[\"https:\\\/\\\/blogdoprosperi.com\\\/?p=38393#respond\"]}]},{\"@type\":\"WebPage\",\"@id\":\"https:\\\/\\\/blogdoprosperi.com\\\/?p=38393\",\"url\":\"https:\\\/\\\/blogdoprosperi.com\\\/?p=38393\",\"name\":\"A nova ditadura do futebol brasileiro - PR\u00d3SPERI NEWS\",\"isPartOf\":{\"@id\":\"https:\\\/\\\/blogdoprosperi.com\\\/#website\"},\"primaryImageOfPage\":{\"@id\":\"https:\\\/\\\/blogdoprosperi.com\\\/?p=38393#primaryimage\"},\"image\":{\"@id\":\"https:\\\/\\\/blogdoprosperi.com\\\/?p=38393#primaryimage\"},\"thumbnailUrl\":\"https:\\\/\\\/i0.wp.com\\\/blogdoprosperi.com\\\/wp-content\\\/uploads\\\/2021\\\/03\\\/20190409161946_249.jpeg?fit=910%2C455&ssl=1\",\"datePublished\":\"2021-03-23T20:56:54+00:00\",\"dateModified\":\"2021-05-04T22:21:49+00:00\",\"breadcrumb\":{\"@id\":\"https:\\\/\\\/blogdoprosperi.com\\\/?p=38393#breadcrumb\"},\"inLanguage\":\"pt-BR\",\"potentialAction\":[{\"@type\":\"ReadAction\",\"target\":[\"https:\\\/\\\/blogdoprosperi.com\\\/?p=38393\"]}]},{\"@type\":\"ImageObject\",\"inLanguage\":\"pt-BR\",\"@id\":\"https:\\\/\\\/blogdoprosperi.com\\\/?p=38393#primaryimage\",\"url\":\"https:\\\/\\\/i0.wp.com\\\/blogdoprosperi.com\\\/wp-content\\\/uploads\\\/2021\\\/03\\\/20190409161946_249.jpeg?fit=910%2C455&ssl=1\",\"contentUrl\":\"https:\\\/\\\/i0.wp.com\\\/blogdoprosperi.com\\\/wp-content\\\/uploads\\\/2021\\\/03\\\/20190409161946_249.jpeg?fit=910%2C455&ssl=1\",\"width\":910,\"height\":455,\"caption\":\"Rogerio Caboclo, presidente da CBF, diz que vai mandar no futebol brasileiro \u2013 foto: CBF\"},{\"@type\":\"BreadcrumbList\",\"@id\":\"https:\\\/\\\/blogdoprosperi.com\\\/?p=38393#breadcrumb\",\"itemListElement\":[{\"@type\":\"ListItem\",\"position\":1,\"name\":\"In\u00edcio\",\"item\":\"https:\\\/\\\/blogdoprosperi.com\\\/\"},{\"@type\":\"ListItem\",\"position\":2,\"name\":\"A nova ditadura do futebol brasileiro\"}]},{\"@type\":\"WebSite\",\"@id\":\"https:\\\/\\\/blogdoprosperi.com\\\/#website\",\"url\":\"https:\\\/\\\/blogdoprosperi.com\\\/\",\"name\":\"PR\u00d3SPERI NEWS\",\"description\":\"TUDO \u00c9  FUTEBOL\",\"publisher\":{\"@id\":\"https:\\\/\\\/blogdoprosperi.com\\\/#\\\/schema\\\/person\\\/38100755ce3601861ee4fab9b5aa78e9\"},\"alternateName\":\"blogdoprosperi.com\",\"potentialAction\":[{\"@type\":\"SearchAction\",\"target\":{\"@type\":\"EntryPoint\",\"urlTemplate\":\"https:\\\/\\\/blogdoprosperi.com\\\/?s={search_term_string}\"},\"query-input\":{\"@type\":\"PropertyValueSpecification\",\"valueRequired\":true,\"valueName\":\"search_term_string\"}}],\"inLanguage\":\"pt-BR\"},{\"@type\":[\"Person\",\"Organization\"],\"@id\":\"https:\\\/\\\/blogdoprosperi.com\\\/#\\\/schema\\\/person\\\/38100755ce3601861ee4fab9b5aa78e9\",\"name\":\"Luiz Ant\u00f4nio Pr\u00f3speri\",\"pronouns\":\"ele\",\"image\":{\"@type\":\"ImageObject\",\"inLanguage\":\"pt-BR\",\"@id\":\"https:\\\/\\\/i0.wp.com\\\/blogdoprosperi.com\\\/wp-content\\\/uploads\\\/2026\\\/05\\\/cropped-8059e613-6002-42fa-961e-8e275f575d71-2-5.jpg?fit=1360%2C931&ssl=1\",\"url\":\"https:\\\/\\\/i0.wp.com\\\/blogdoprosperi.com\\\/wp-content\\\/uploads\\\/2026\\\/05\\\/cropped-8059e613-6002-42fa-961e-8e275f575d71-2-5.jpg?fit=1360%2C931&ssl=1\",\"contentUrl\":\"https:\\\/\\\/i0.wp.com\\\/blogdoprosperi.com\\\/wp-content\\\/uploads\\\/2026\\\/05\\\/cropped-8059e613-6002-42fa-961e-8e275f575d71-2-5.jpg?fit=1360%2C931&ssl=1\",\"width\":1360,\"height\":931,\"caption\":\"Luiz Ant\u00f4nio Pr\u00f3speri\"},\"logo\":{\"@id\":\"https:\\\/\\\/i0.wp.com\\\/blogdoprosperi.com\\\/wp-content\\\/uploads\\\/2026\\\/05\\\/cropped-8059e613-6002-42fa-961e-8e275f575d71-2-5.jpg?fit=1360%2C931&ssl=1\"},\"description\":\"Jornalista com carreira dedicada ao esporte. Cobriu 9 Copas do Mundo in loco, 1990 na It\u00e1lia, 1994 nos EUA, 1998 na Fran\u00e7a, 2002 na Coreia do Sul e Jap\u00e3o, 2006 na Alemanha, 2010 na \u00c1frica do Sul, 2014 no Brasil, 2018 na R\u00fassia e 2022 no Qatar. Eurocopas, 1992 na Su\u00e9cia e 1996 na Inglaterra. Copa das Confedera\u00e7\u00f5es de 2005 na Alemanha e 2009 na \u00c1frica do Sul. Rep\u00f3rter e Editor, trabalhou no Jornal da Tarde e Estad\u00e3o, de 1984 a fevereiro de 2016. Colunista, blogueiro. E comentarista de futebol na R\u00e1dio Estad\u00e3o, de 2013 a fevereiro de 2016. Jornalista respons\u00e1vel do \\\"Pr\u00f3speri News\\\" (blogdoprosperi.com).\",\"sameAs\":[\"http:\\\/\\\/blogdoprosperi.com\",\"Luiz Pr\u00f3speri\",\"@luiz_prosperi\",\"https:\\\/\\\/x.com\\\/Luizprosperi\",\"@prosperinacopa\",\"luiz.prosperi@icloud.com\"],\"url\":\"https:\\\/\\\/blogdoprosperi.com\\\/?author=102107496\"}]}<\/script>\n<!-- \/ Yoast SEO plugin. -->","yoast_head_json":{"title":"A nova ditadura do futebol brasileiro - PR\u00d3SPERI NEWS","robots":{"index":"index","follow":"follow","max-snippet":"max-snippet:-1","max-image-preview":"max-image-preview:large","max-video-preview":"max-video-preview:-1"},"canonical":"https:\/\/blogdoprosperi.com\/?p=38393","og_locale":"pt_BR","og_type":"article","og_title":"A nova ditadura do futebol brasileiro - PR\u00d3SPERI NEWS","og_description":"Rog\u00e9rio Caboclo, presidente da CBF, assume a condi\u00e7\u00e3o de ditador do futebol brasileiro durante reuni\u00e3o com presidentes dos [&hellip;]","og_url":"https:\/\/blogdoprosperi.com\/?p=38393","og_site_name":"PR\u00d3SPERI NEWS","article_publisher":"Luiz Pr\u00f3speri","article_author":"Luiz Pr\u00f3speri","article_published_time":"2021-03-23T20:56:54+00:00","article_modified_time":"2021-05-04T22:21:49+00:00","og_image":[{"width":910,"height":455,"url":"https:\/\/i0.wp.com\/blogdoprosperi.com\/wp-content\/uploads\/2021\/03\/20190409161946_249.jpeg?fit=910%2C455&ssl=1","type":"image\/jpeg"}],"author":"Luiz Ant\u00f4nio Pr\u00f3speri","twitter_card":"summary_large_image","twitter_creator":"@Luizprosperi","twitter_site":"@Luizprosperi","twitter_misc":{"Escrito por":"Luiz Ant\u00f4nio Pr\u00f3speri","Est. tempo de leitura":"3 minutos"},"schema":{"@context":"https:\/\/schema.org","@graph":[{"@type":"Article","@id":"https:\/\/blogdoprosperi.com\/?p=38393#article","isPartOf":{"@id":"https:\/\/blogdoprosperi.com\/?p=38393"},"author":{"name":"Luiz Ant\u00f4nio Pr\u00f3speri","@id":"https:\/\/blogdoprosperi.com\/#\/schema\/person\/38100755ce3601861ee4fab9b5aa78e9"},"headline":"A nova ditadura do futebol brasileiro","datePublished":"2021-03-23T20:56:54+00:00","dateModified":"2021-05-04T22:21:49+00:00","mainEntityOfPage":{"@id":"https:\/\/blogdoprosperi.com\/?p=38393"},"wordCount":608,"commentCount":1,"publisher":{"@id":"https:\/\/blogdoprosperi.com\/#\/schema\/person\/38100755ce3601861ee4fab9b5aa78e9"},"image":{"@id":"https:\/\/blogdoprosperi.com\/?p=38393#primaryimage"},"thumbnailUrl":"https:\/\/i0.wp.com\/blogdoprosperi.com\/wp-content\/uploads\/2021\/03\/20190409161946_249.jpeg?fit=910%2C455&ssl=1","keywords":["CBF","covid","Federa\u00e7\u00e3o Paulista de Futebol","futebol","pandemia e futebol","Rogerio Caboclo","volta redonda"],"articleSection":["futebol"],"inLanguage":"pt-BR","potentialAction":[{"@type":"CommentAction","name":"Comment","target":["https:\/\/blogdoprosperi.com\/?p=38393#respond"]}]},{"@type":"WebPage","@id":"https:\/\/blogdoprosperi.com\/?p=38393","url":"https:\/\/blogdoprosperi.com\/?p=38393","name":"A nova ditadura do futebol brasileiro - PR\u00d3SPERI NEWS","isPartOf":{"@id":"https:\/\/blogdoprosperi.com\/#website"},"primaryImageOfPage":{"@id":"https:\/\/blogdoprosperi.com\/?p=38393#primaryimage"},"image":{"@id":"https:\/\/blogdoprosperi.com\/?p=38393#primaryimage"},"thumbnailUrl":"https:\/\/i0.wp.com\/blogdoprosperi.com\/wp-content\/uploads\/2021\/03\/20190409161946_249.jpeg?fit=910%2C455&ssl=1","datePublished":"2021-03-23T20:56:54+00:00","dateModified":"2021-05-04T22:21:49+00:00","breadcrumb":{"@id":"https:\/\/blogdoprosperi.com\/?p=38393#breadcrumb"},"inLanguage":"pt-BR","potentialAction":[{"@type":"ReadAction","target":["https:\/\/blogdoprosperi.com\/?p=38393"]}]},{"@type":"ImageObject","inLanguage":"pt-BR","@id":"https:\/\/blogdoprosperi.com\/?p=38393#primaryimage","url":"https:\/\/i0.wp.com\/blogdoprosperi.com\/wp-content\/uploads\/2021\/03\/20190409161946_249.jpeg?fit=910%2C455&ssl=1","contentUrl":"https:\/\/i0.wp.com\/blogdoprosperi.com\/wp-content\/uploads\/2021\/03\/20190409161946_249.jpeg?fit=910%2C455&ssl=1","width":910,"height":455,"caption":"Rogerio Caboclo, presidente da CBF, diz que vai mandar no futebol brasileiro \u2013 foto: CBF"},{"@type":"BreadcrumbList","@id":"https:\/\/blogdoprosperi.com\/?p=38393#breadcrumb","itemListElement":[{"@type":"ListItem","position":1,"name":"In\u00edcio","item":"https:\/\/blogdoprosperi.com\/"},{"@type":"ListItem","position":2,"name":"A nova ditadura do futebol brasileiro"}]},{"@type":"WebSite","@id":"https:\/\/blogdoprosperi.com\/#website","url":"https:\/\/blogdoprosperi.com\/","name":"PR\u00d3SPERI NEWS","description":"TUDO \u00c9  FUTEBOL","publisher":{"@id":"https:\/\/blogdoprosperi.com\/#\/schema\/person\/38100755ce3601861ee4fab9b5aa78e9"},"alternateName":"blogdoprosperi.com","potentialAction":[{"@type":"SearchAction","target":{"@type":"EntryPoint","urlTemplate":"https:\/\/blogdoprosperi.com\/?s={search_term_string}"},"query-input":{"@type":"PropertyValueSpecification","valueRequired":true,"valueName":"search_term_string"}}],"inLanguage":"pt-BR"},{"@type":["Person","Organization"],"@id":"https:\/\/blogdoprosperi.com\/#\/schema\/person\/38100755ce3601861ee4fab9b5aa78e9","name":"Luiz Ant\u00f4nio Pr\u00f3speri","pronouns":"ele","image":{"@type":"ImageObject","inLanguage":"pt-BR","@id":"https:\/\/i0.wp.com\/blogdoprosperi.com\/wp-content\/uploads\/2026\/05\/cropped-8059e613-6002-42fa-961e-8e275f575d71-2-5.jpg?fit=1360%2C931&ssl=1","url":"https:\/\/i0.wp.com\/blogdoprosperi.com\/wp-content\/uploads\/2026\/05\/cropped-8059e613-6002-42fa-961e-8e275f575d71-2-5.jpg?fit=1360%2C931&ssl=1","contentUrl":"https:\/\/i0.wp.com\/blogdoprosperi.com\/wp-content\/uploads\/2026\/05\/cropped-8059e613-6002-42fa-961e-8e275f575d71-2-5.jpg?fit=1360%2C931&ssl=1","width":1360,"height":931,"caption":"Luiz Ant\u00f4nio Pr\u00f3speri"},"logo":{"@id":"https:\/\/i0.wp.com\/blogdoprosperi.com\/wp-content\/uploads\/2026\/05\/cropped-8059e613-6002-42fa-961e-8e275f575d71-2-5.jpg?fit=1360%2C931&ssl=1"},"description":"Jornalista com carreira dedicada ao esporte. Cobriu 9 Copas do Mundo in loco, 1990 na It\u00e1lia, 1994 nos EUA, 1998 na Fran\u00e7a, 2002 na Coreia do Sul e Jap\u00e3o, 2006 na Alemanha, 2010 na \u00c1frica do Sul, 2014 no Brasil, 2018 na R\u00fassia e 2022 no Qatar. Eurocopas, 1992 na Su\u00e9cia e 1996 na Inglaterra. Copa das Confedera\u00e7\u00f5es de 2005 na Alemanha e 2009 na \u00c1frica do Sul. Rep\u00f3rter e Editor, trabalhou no Jornal da Tarde e Estad\u00e3o, de 1984 a fevereiro de 2016. Colunista, blogueiro. E comentarista de futebol na R\u00e1dio Estad\u00e3o, de 2013 a fevereiro de 2016. Jornalista respons\u00e1vel do \"Pr\u00f3speri News\" (blogdoprosperi.com).","sameAs":["http:\/\/blogdoprosperi.com","Luiz Pr\u00f3speri","@luiz_prosperi","https:\/\/x.com\/Luizprosperi","@prosperinacopa","luiz.prosperi@icloud.com"],"url":"https:\/\/blogdoprosperi.com\/?author=102107496"}]}},"jetpack_publicize_connections":[],"jetpack_likes_enabled":false,"jetpack_sharing_enabled":true,"jetpack_shortlink":"https:\/\/wp.me\/p7jvdk-9Zf","jetpack-related-posts":[{"id":38381,"url":"https:\/\/blogdoprosperi.com\/?p=38381","url_meta":{"origin":38393,"position":0},"title":"Presidente da CBF: &#8220;Voc\u00eas est\u00e3o f&#8230; se o futebol parar&#8221;","author":"Luiz Ant\u00f4nio Pr\u00f3speri","date":"23 de mar\u00e7o de 2021","format":"video","excerpt":"Confira v\u00eddeo da reuni\u00e3o entre Carlos Caboclo, presidente da CBF, e presidentes de clubes das S\u00e9ries A e B do Brasileir\u00e3o. Caboclo, com a cumplicidade dos dirigentes, diz com veem\u00eancia que n\u00e3o vai parar o futebol brasileiro. V\u00eddeo obtido pelo jornalista Ven\u00ea Casagrande, autor da mat\u00e9ria publicada no jornal O\u2026","rel":"","context":"Em &quot;futebol&quot;","block_context":{"text":"futebol","link":"https:\/\/blogdoprosperi.com\/?cat=53870"},"img":{"alt_text":"","src":"https:\/\/i0.wp.com\/img.youtube.com\/vi\/bvWIwLYAeRQ\/0.jpg?resize=350%2C200","width":350,"height":200},"classes":[]},{"id":38261,"url":"https:\/\/blogdoprosperi.com\/?p=38261","url_meta":{"origin":38393,"position":1},"title":"Discurso do rei contra o portugu\u00eas","author":"Luiz Ant\u00f4nio Pr\u00f3speri","date":"28 de fevereiro de 2021","format":false,"excerpt":"Rogerio Caboclo, presidente da CBF, discursa na cerim\u00f4nia de premia\u00e7\u00e3o do Brasileir\u00e3o 2020 e desfere alguns pedradas no t\u00e9cnico portugu\u00eas Abel Ferreira. Treinador, sempre que pode, tem sido cr\u00edtico do calend\u00e1rio. Abel entende que a CBF, ao amontoar jogos do Palmeiras em intervalos de dois dias, tirou a chance de\u2026","rel":"","context":"Em &quot;Campeonato Brasileiro&quot;","block_context":{"text":"Campeonato Brasileiro","link":"https:\/\/blogdoprosperi.com\/?cat=355071"},"img":{"alt_text":"","src":"https:\/\/i0.wp.com\/blogdoprosperi.com\/wp-content\/uploads\/2021\/02\/20210226210405_25.jpeg?fit=910%2C607&ssl=1&resize=350%2C200","width":350,"height":200,"srcset":"https:\/\/i0.wp.com\/blogdoprosperi.com\/wp-content\/uploads\/2021\/02\/20210226210405_25.jpeg?fit=910%2C607&ssl=1&resize=350%2C200 1x, https:\/\/i0.wp.com\/blogdoprosperi.com\/wp-content\/uploads\/2021\/02\/20210226210405_25.jpeg?fit=910%2C607&ssl=1&resize=525%2C300 1.5x, https:\/\/i0.wp.com\/blogdoprosperi.com\/wp-content\/uploads\/2021\/02\/20210226210405_25.jpeg?fit=910%2C607&ssl=1&resize=700%2C400 2x"},"classes":[]},{"id":38511,"url":"https:\/\/blogdoprosperi.com\/?p=38511","url_meta":{"origin":38393,"position":2},"title":"Copa Am\u00e9rica: Sele\u00e7\u00e3o se rebela contra CBF e Bolsonaro, torneio corre risco","author":"Luiz Ant\u00f4nio Pr\u00f3speri","date":"4 de junho de 2021","format":false,"excerpt":"Rogerio Caboclo, presidente da CF, acerta com Jair Bolsonaro, presidente do Brasil, uma trama macabra e pol\u00edtica: bancar a Copa Am\u00e9rica no pa\u00eds ap\u00f3s desist\u00eancia das anfitri\u00e3s Argentina e Col\u00f4mbia de organizar o torneio em cima da hora. Acordo foi fechado domingo, dia 31 de maio. Bolsonaro e Caboclo constru\u00edram\u2026","rel":"","context":"Em &quot;futebol&quot;","block_context":{"text":"futebol","link":"https:\/\/blogdoprosperi.com\/?cat=53870"},"img":{"alt_text":"","src":"https:\/\/i0.wp.com\/blogdoprosperi.com\/wp-content\/uploads\/2021\/06\/9ah8dzc9v97f8rdkuydrfka9z.jpg?fit=906%2C509&ssl=1&resize=350%2C200","width":350,"height":200,"srcset":"https:\/\/i0.wp.com\/blogdoprosperi.com\/wp-content\/uploads\/2021\/06\/9ah8dzc9v97f8rdkuydrfka9z.jpg?fit=906%2C509&ssl=1&resize=350%2C200 1x, https:\/\/i0.wp.com\/blogdoprosperi.com\/wp-content\/uploads\/2021\/06\/9ah8dzc9v97f8rdkuydrfka9z.jpg?fit=906%2C509&ssl=1&resize=525%2C300 1.5x, https:\/\/i0.wp.com\/blogdoprosperi.com\/wp-content\/uploads\/2021\/06\/9ah8dzc9v97f8rdkuydrfka9z.jpg?fit=906%2C509&ssl=1&resize=700%2C400 2x"},"classes":[]},{"id":37759,"url":"https:\/\/blogdoprosperi.com\/?p=37759","url_meta":{"origin":38393,"position":3},"title":"Tite amea\u00e7ado: bastidores da poss\u00edvel queda na Sele\u00e7\u00e3o ap\u00f3s Copa Am\u00e9rica","author":"Luiz Ant\u00f4nio Pr\u00f3speri","date":"22 de junho de 2019","format":false,"excerpt":"Tite perde for\u00e7a no comando da Sele\u00e7\u00e3o com sa\u00edda de auxiliares da comiss\u00e3o t\u00e9cnica e baixa aprova\u00e7\u00e3o popular","rel":"","context":"Em &quot;futebol&quot;","block_context":{"text":"futebol","link":"https:\/\/blogdoprosperi.com\/?cat=53870"},"img":{"alt_text":"Tite volta, Neymar e Fiel sonham","src":"https:\/\/i0.wp.com\/blogdoprosperi.com\/wp-content\/uploads\/2019\/06\/tite-brasil-bolivia-copa-america-14062019_7vayb96nx9dm1s6fvpi6p480l.jpg?fit=1200%2C675&ssl=1&resize=350%2C200","width":350,"height":200,"srcset":"https:\/\/i0.wp.com\/blogdoprosperi.com\/wp-content\/uploads\/2019\/06\/tite-brasil-bolivia-copa-america-14062019_7vayb96nx9dm1s6fvpi6p480l.jpg?fit=1200%2C675&ssl=1&resize=350%2C200 1x, https:\/\/i0.wp.com\/blogdoprosperi.com\/wp-content\/uploads\/2019\/06\/tite-brasil-bolivia-copa-america-14062019_7vayb96nx9dm1s6fvpi6p480l.jpg?fit=1200%2C675&ssl=1&resize=525%2C300 1.5x, https:\/\/i0.wp.com\/blogdoprosperi.com\/wp-content\/uploads\/2019\/06\/tite-brasil-bolivia-copa-america-14062019_7vayb96nx9dm1s6fvpi6p480l.jpg?fit=1200%2C675&ssl=1&resize=700%2C400 2x, https:\/\/i0.wp.com\/blogdoprosperi.com\/wp-content\/uploads\/2019\/06\/tite-brasil-bolivia-copa-america-14062019_7vayb96nx9dm1s6fvpi6p480l.jpg?fit=1200%2C675&ssl=1&resize=1050%2C600 3x"},"classes":[]},{"id":37617,"url":"https:\/\/blogdoprosperi.com\/?p=37617","url_meta":{"origin":38393,"position":4},"title":"CBF: Rogerio Caboclo assume presid\u00eancia e prepara mudan\u00e7as radicais no futebol brasileiro","author":"Luiz Ant\u00f4nio Pr\u00f3speri","date":"9 de abril de 2019","format":false,"excerpt":"CBF ter\u00e1 um novo comando a partir desta ter\u00e7a-feira (09\/4) com a posse de Rogerio Langanke Caboclo, 46 anos, na presid\u00eancia da entidade para um mandato de 2019 a 2023. Eleito em abril de 2018, beneficiado por mudan\u00e7as no estatuto da CBF conferindo \u00e0s federa\u00e7\u00f5es estaduais mais peso nos votos\u2026","rel":"","context":"Em &quot;futebol&quot;","block_context":{"text":"futebol","link":"https:\/\/blogdoprosperi.com\/?cat=53870"},"img":{"alt_text":"","src":"https:\/\/i0.wp.com\/blogdoprosperi.com\/wp-content\/uploads\/2019\/04\/x40812655734_59086c7d8f_o.jpg.pagespeed.ic_.ufbyn_v5ac.jpg?fit=1086%2C652&ssl=1&resize=350%2C200","width":350,"height":200,"srcset":"https:\/\/i0.wp.com\/blogdoprosperi.com\/wp-content\/uploads\/2019\/04\/x40812655734_59086c7d8f_o.jpg.pagespeed.ic_.ufbyn_v5ac.jpg?fit=1086%2C652&ssl=1&resize=350%2C200 1x, https:\/\/i0.wp.com\/blogdoprosperi.com\/wp-content\/uploads\/2019\/04\/x40812655734_59086c7d8f_o.jpg.pagespeed.ic_.ufbyn_v5ac.jpg?fit=1086%2C652&ssl=1&resize=525%2C300 1.5x, https:\/\/i0.wp.com\/blogdoprosperi.com\/wp-content\/uploads\/2019\/04\/x40812655734_59086c7d8f_o.jpg.pagespeed.ic_.ufbyn_v5ac.jpg?fit=1086%2C652&ssl=1&resize=700%2C400 2x, https:\/\/i0.wp.com\/blogdoprosperi.com\/wp-content\/uploads\/2019\/04\/x40812655734_59086c7d8f_o.jpg.pagespeed.ic_.ufbyn_v5ac.jpg?fit=1086%2C652&ssl=1&resize=1050%2C600 3x"},"classes":[]},{"id":37385,"url":"https:\/\/blogdoprosperi.com\/?p=37385","url_meta":{"origin":38393,"position":5},"title":"Del Nero manobra e elege sucessor na CBF, antes de ser banido pela Fifa","author":"Luiz Ant\u00f4nio Pr\u00f3speri","date":"8 de mar\u00e7o de 2018","format":false,"excerpt":"CBF j\u00e1 tem candidato \u00fanico \u00e0 sucess\u00e3o do presidente Marco Polo Del Nero, banido do futebol por 90 dias acusado de corrup\u00e7\u00e3o pela Fifa. Trata-se de Rogerio Langanhe Cabloco, ex-diretor financeiro e atual executivo de gest\u00e3o da entidade. Seu nome foi escolhido por Del Nero e foi lan\u00e7ado de forma\u2026","rel":"","context":"Em &quot;futebol&quot;","block_context":{"text":"futebol","link":"https:\/\/blogdoprosperi.com\/?cat=53870"},"img":{"alt_text":"","src":"https:\/\/i0.wp.com\/blogdoprosperi.com\/wp-content\/uploads\/2018\/03\/image.jpeg?fit=620%2C413&ssl=1&resize=350%2C200","width":350,"height":200,"srcset":"https:\/\/i0.wp.com\/blogdoprosperi.com\/wp-content\/uploads\/2018\/03\/image.jpeg?fit=620%2C413&ssl=1&resize=350%2C200 1x, https:\/\/i0.wp.com\/blogdoprosperi.com\/wp-content\/uploads\/2018\/03\/image.jpeg?fit=620%2C413&ssl=1&resize=525%2C300 1.5x"},"classes":[]}],"jetpack_featured_media_url":"https:\/\/i0.wp.com\/blogdoprosperi.com\/wp-content\/uploads\/2021\/03\/20190409161946_249.jpeg?fit=910%2C455&ssl=1","_links":{"self":[{"href":"https:\/\/blogdoprosperi.com\/index.php?rest_route=\/wp\/v2\/posts\/38393","targetHints":{"allow":["GET"]}}],"collection":[{"href":"https:\/\/blogdoprosperi.com\/index.php?rest_route=\/wp\/v2\/posts"}],"about":[{"href":"https:\/\/blogdoprosperi.com\/index.php?rest_route=\/wp\/v2\/types\/post"}],"author":[{"embeddable":true,"href":"https:\/\/blogdoprosperi.com\/index.php?rest_route=\/wp\/v2\/users\/102107496"}],"replies":[{"embeddable":true,"href":"https:\/\/blogdoprosperi.com\/index.php?rest_route=%2Fwp%2Fv2%2Fcomments&post=38393"}],"version-history":[{"count":13,"href":"https:\/\/blogdoprosperi.com\/index.php?rest_route=\/wp\/v2\/posts\/38393\/revisions"}],"predecessor-version":[{"id":38409,"href":"https:\/\/blogdoprosperi.com\/index.php?rest_route=\/wp\/v2\/posts\/38393\/revisions\/38409"}],"wp:featuredmedia":[{"embeddable":true,"href":"https:\/\/blogdoprosperi.com\/index.php?rest_route=\/wp\/v2\/media\/38404"}],"wp:attachment":[{"href":"https:\/\/blogdoprosperi.com\/index.php?rest_route=%2Fwp%2Fv2%2Fmedia&parent=38393"}],"wp:term":[{"taxonomy":"category","embeddable":true,"href":"https:\/\/blogdoprosperi.com\/index.php?rest_route=%2Fwp%2Fv2%2Fcategories&post=38393"},{"taxonomy":"post_tag","embeddable":true,"href":"https:\/\/blogdoprosperi.com\/index.php?rest_route=%2Fwp%2Fv2%2Ftags&post=38393"}],"curies":[{"name":"wp","href":"https:\/\/api.w.org\/{rel}","templated":true}]}}