{"id":38476,"date":"2021-06-06T22:28:31","date_gmt":"2021-06-07T01:28:31","guid":{"rendered":"https:\/\/blogdoprosperi.com\/?p=38476"},"modified":"2021-06-07T17:44:51","modified_gmt":"2021-06-07T20:44:51","slug":"guerra-na-cbf-cai-caboclo-voltam-ricardo-teixeira-e-del-nero","status":"publish","type":"post","link":"https:\/\/blogdoprosperi.com\/?p=38476","title":{"rendered":"Guerra na CBF: cai Caboclo, voltam Ricardo Teixeira e Del Nero"},"content":{"rendered":"\n<p class=\"wp-block-paragraph\">CBF procura um novo presidente com a queda de Rogerio Caboclo neste domingo (06\/6). Dois ex-presidentes disputam o poder: Ricardo Teixeira (governou de 1989 a 2012) e Marco Polo Del Nero (de 2015 a 2017), ambos&nbsp;banidos do futebol pela Fifa e enroscados na Justi\u00e7a por crimes financeiros e corrup\u00e7\u00e3o.<\/p>\n","protected":false},"excerpt":{"rendered":"<p>CBF procura um novo presidente com a queda de Rogerio Caboclo neste domingo (06\/6). Dois ex-presidentes disputam o [&hellip;]<\/p>\n","protected":false},"author":102107496,"featured_media":38577,"comment_status":"open","ping_status":"open","sticky":false,"template":"","format":"standard","meta":{"_coblocks_attr":"","_coblocks_dimensions":"","_coblocks_responsive_height":"","_coblocks_accordion_ie_support":"","_jetpack_newsletter_access":"","_jetpack_dont_email_post_to_subs":false,"_jetpack_newsletter_tier_id":0,"_jetpack_memberships_contains_paywalled_content":false,"_wpcom_ai_launchpad_first_post":false,"_jetpack_feature_clip_id":0,"_jetpack_memberships_contains_paid_content":false,"footnotes":"","jetpack_publicize_message":"","jetpack_publicize_feature_enabled":true,"jetpack_social_post_already_shared":false,"jetpack_social_options":{"image_generator_settings":{"template":"highway","default_image_id":0,"font":"","enabled":false},"version":2},"jetpack_post_was_ever_published":false},"categories":[53870,174694],"tags":[789560569,692580667,789560563,789560560,4029902,2436675,550814090],"class_list":["post-38476","post","type-post","status-publish","format-standard","has-post-thumbnail","hentry","category-futebol","category-selecao-brasileira","tag-cbf","tag-copa-america-2021","tag-fifa","tag-futebol","tag-marco-polo-del-nero","tag-ricardo-teixeira","tag-rogerio-caboclo"],"yoast_head":"<!-- This site is optimized with the Yoast SEO plugin v28.4 - https:\/\/yoast.com\/product\/yoast-seo-wordpress\/ -->\n<title>Guerra na CBF: cai Caboclo, voltam Ricardo Teixeira e Del Nero - PR\u00d3SPERI NEWS<\/title>\n<meta name=\"robots\" content=\"index, follow, max-snippet:-1, max-image-preview:large, max-video-preview:-1\" \/>\n<link rel=\"canonical\" href=\"https:\/\/blogdoprosperi.com\/?p=38476\" \/>\n<meta property=\"og:locale\" content=\"pt_BR\" \/>\n<meta property=\"og:type\" content=\"article\" \/>\n<meta property=\"og:title\" content=\"Guerra na CBF: cai Caboclo, voltam Ricardo Teixeira e Del Nero - PR\u00d3SPERI NEWS\" \/>\n<meta property=\"og:description\" content=\"CBF procura um novo presidente com a queda de Rogerio Caboclo neste domingo (06\/6). Dois ex-presidentes disputam o [&hellip;]\" \/>\n<meta property=\"og:url\" content=\"https:\/\/blogdoprosperi.com\/?p=38476\" \/>\n<meta property=\"og:site_name\" content=\"PR\u00d3SPERI NEWS\" \/>\n<meta property=\"article:publisher\" content=\"Luiz Pr\u00f3speri\" \/>\n<meta property=\"article:author\" content=\"Luiz Pr\u00f3speri\" \/>\n<meta property=\"article:published_time\" content=\"2021-06-07T01:28:31+00:00\" \/>\n<meta property=\"article:modified_time\" content=\"2021-06-07T20:44:51+00:00\" \/>\n<meta property=\"og:image\" content=\"https:\/\/i0.wp.com\/blogdoprosperi.com\/wp-content\/uploads\/2021\/06\/5660a65b8941f.jpg?fit=846%2C475&ssl=1\" \/>\n\t<meta property=\"og:image:width\" content=\"846\" \/>\n\t<meta property=\"og:image:height\" content=\"475\" \/>\n\t<meta property=\"og:image:type\" content=\"image\/jpeg\" \/>\n<meta name=\"author\" content=\"Luiz Ant\u00f4nio Pr\u00f3speri\" \/>\n<meta name=\"twitter:card\" content=\"summary_large_image\" \/>\n<meta name=\"twitter:creator\" content=\"@Luizprosperi\" \/>\n<meta name=\"twitter:site\" content=\"@Luizprosperi\" \/>\n<meta name=\"twitter:label1\" content=\"Escrito por\" \/>\n\t<meta name=\"twitter:data1\" content=\"Luiz Ant\u00f4nio Pr\u00f3speri\" \/>\n<script type=\"application\/ld+json\" class=\"yoast-schema-graph\">{\"@context\":\"https:\\\/\\\/schema.org\",\"@graph\":[{\"@type\":\"Article\",\"@id\":\"https:\\\/\\\/blogdoprosperi.com\\\/?p=38476#article\",\"isPartOf\":{\"@id\":\"https:\\\/\\\/blogdoprosperi.com\\\/?p=38476\"},\"author\":{\"name\":\"Luiz Ant\u00f4nio Pr\u00f3speri\",\"@id\":\"https:\\\/\\\/blogdoprosperi.com\\\/#\\\/schema\\\/person\\\/38100755ce3601861ee4fab9b5aa78e9\"},\"headline\":\"Guerra na CBF: cai Caboclo, voltam Ricardo Teixeira e Del Nero\",\"datePublished\":\"2021-06-07T01:28:31+00:00\",\"dateModified\":\"2021-06-07T20:44:51+00:00\",\"mainEntityOfPage\":{\"@id\":\"https:\\\/\\\/blogdoprosperi.com\\\/?p=38476\"},\"wordCount\":59,\"commentCount\":2,\"publisher\":{\"@id\":\"https:\\\/\\\/blogdoprosperi.com\\\/#\\\/schema\\\/person\\\/38100755ce3601861ee4fab9b5aa78e9\"},\"image\":{\"@id\":\"https:\\\/\\\/blogdoprosperi.com\\\/?p=38476#primaryimage\"},\"thumbnailUrl\":\"https:\\\/\\\/i0.wp.com\\\/blogdoprosperi.com\\\/wp-content\\\/uploads\\\/2021\\\/06\\\/5660a65b8941f.jpg?fit=846%2C475&ssl=1\",\"keywords\":[\"CBF\",\"Copa Am\u00e9rica 2021\",\"Fifa\",\"futebol\",\"Marco Polo Del Nero\",\"Ricardo Teixeira\",\"Rogerio Caboclo\"],\"articleSection\":[\"futebol\",\"Sele\u00e7\u00e3o Brasileira\"],\"inLanguage\":\"pt-BR\",\"potentialAction\":[{\"@type\":\"CommentAction\",\"name\":\"Comment\",\"target\":[\"https:\\\/\\\/blogdoprosperi.com\\\/?p=38476#respond\"]}]},{\"@type\":\"WebPage\",\"@id\":\"https:\\\/\\\/blogdoprosperi.com\\\/?p=38476\",\"url\":\"https:\\\/\\\/blogdoprosperi.com\\\/?p=38476\",\"name\":\"Guerra na CBF: cai Caboclo, voltam Ricardo Teixeira e Del Nero - PR\u00d3SPERI NEWS\",\"isPartOf\":{\"@id\":\"https:\\\/\\\/blogdoprosperi.com\\\/#website\"},\"primaryImageOfPage\":{\"@id\":\"https:\\\/\\\/blogdoprosperi.com\\\/?p=38476#primaryimage\"},\"image\":{\"@id\":\"https:\\\/\\\/blogdoprosperi.com\\\/?p=38476#primaryimage\"},\"thumbnailUrl\":\"https:\\\/\\\/i0.wp.com\\\/blogdoprosperi.com\\\/wp-content\\\/uploads\\\/2021\\\/06\\\/5660a65b8941f.jpg?fit=846%2C475&ssl=1\",\"datePublished\":\"2021-06-07T01:28:31+00:00\",\"dateModified\":\"2021-06-07T20:44:51+00:00\",\"breadcrumb\":{\"@id\":\"https:\\\/\\\/blogdoprosperi.com\\\/?p=38476#breadcrumb\"},\"inLanguage\":\"pt-BR\",\"potentialAction\":[{\"@type\":\"ReadAction\",\"target\":[\"https:\\\/\\\/blogdoprosperi.com\\\/?p=38476\"]}]},{\"@type\":\"ImageObject\",\"inLanguage\":\"pt-BR\",\"@id\":\"https:\\\/\\\/blogdoprosperi.com\\\/?p=38476#primaryimage\",\"url\":\"https:\\\/\\\/i0.wp.com\\\/blogdoprosperi.com\\\/wp-content\\\/uploads\\\/2021\\\/06\\\/5660a65b8941f.jpg?fit=846%2C475&ssl=1\",\"contentUrl\":\"https:\\\/\\\/i0.wp.com\\\/blogdoprosperi.com\\\/wp-content\\\/uploads\\\/2021\\\/06\\\/5660a65b8941f.jpg?fit=846%2C475&ssl=1\",\"width\":846,\"height\":475,\"caption\":\"Del Nero e Ricardo Teixeira brigam pelo poder na CBF \u2013 foto: montagem Lance!\"},{\"@type\":\"BreadcrumbList\",\"@id\":\"https:\\\/\\\/blogdoprosperi.com\\\/?p=38476#breadcrumb\",\"itemListElement\":[{\"@type\":\"ListItem\",\"position\":1,\"name\":\"In\u00edcio\",\"item\":\"https:\\\/\\\/blogdoprosperi.com\\\/\"},{\"@type\":\"ListItem\",\"position\":2,\"name\":\"Guerra na CBF: cai Caboclo, voltam Ricardo Teixeira e Del Nero\"}]},{\"@type\":\"WebSite\",\"@id\":\"https:\\\/\\\/blogdoprosperi.com\\\/#website\",\"url\":\"https:\\\/\\\/blogdoprosperi.com\\\/\",\"name\":\"PR\u00d3SPERI NEWS\",\"description\":\"TUDO \u00c9  FUTEBOL\",\"publisher\":{\"@id\":\"https:\\\/\\\/blogdoprosperi.com\\\/#\\\/schema\\\/person\\\/38100755ce3601861ee4fab9b5aa78e9\"},\"alternateName\":\"blogdoprosperi.com\",\"potentialAction\":[{\"@type\":\"SearchAction\",\"target\":{\"@type\":\"EntryPoint\",\"urlTemplate\":\"https:\\\/\\\/blogdoprosperi.com\\\/?s={search_term_string}\"},\"query-input\":{\"@type\":\"PropertyValueSpecification\",\"valueRequired\":true,\"valueName\":\"search_term_string\"}}],\"inLanguage\":\"pt-BR\"},{\"@type\":[\"Person\",\"Organization\"],\"@id\":\"https:\\\/\\\/blogdoprosperi.com\\\/#\\\/schema\\\/person\\\/38100755ce3601861ee4fab9b5aa78e9\",\"name\":\"Luiz Ant\u00f4nio Pr\u00f3speri\",\"pronouns\":\"ele\",\"image\":{\"@type\":\"ImageObject\",\"inLanguage\":\"pt-BR\",\"@id\":\"https:\\\/\\\/i0.wp.com\\\/blogdoprosperi.com\\\/wp-content\\\/uploads\\\/2026\\\/05\\\/cropped-8059e613-6002-42fa-961e-8e275f575d71-2-5.jpg?fit=1360%2C931&ssl=1\",\"url\":\"https:\\\/\\\/i0.wp.com\\\/blogdoprosperi.com\\\/wp-content\\\/uploads\\\/2026\\\/05\\\/cropped-8059e613-6002-42fa-961e-8e275f575d71-2-5.jpg?fit=1360%2C931&ssl=1\",\"contentUrl\":\"https:\\\/\\\/i0.wp.com\\\/blogdoprosperi.com\\\/wp-content\\\/uploads\\\/2026\\\/05\\\/cropped-8059e613-6002-42fa-961e-8e275f575d71-2-5.jpg?fit=1360%2C931&ssl=1\",\"width\":1360,\"height\":931,\"caption\":\"Luiz Ant\u00f4nio Pr\u00f3speri\"},\"logo\":{\"@id\":\"https:\\\/\\\/i0.wp.com\\\/blogdoprosperi.com\\\/wp-content\\\/uploads\\\/2026\\\/05\\\/cropped-8059e613-6002-42fa-961e-8e275f575d71-2-5.jpg?fit=1360%2C931&ssl=1\"},\"description\":\"Jornalista com carreira dedicada ao esporte. Cobriu 9 Copas do Mundo in loco, 1990 na It\u00e1lia, 1994 nos EUA, 1998 na Fran\u00e7a, 2002 na Coreia do Sul e Jap\u00e3o, 2006 na Alemanha, 2010 na \u00c1frica do Sul, 2014 no Brasil, 2018 na R\u00fassia e 2022 no Qatar. Eurocopas, 1992 na Su\u00e9cia e 1996 na Inglaterra. Copa das Confedera\u00e7\u00f5es de 2005 na Alemanha e 2009 na \u00c1frica do Sul. Rep\u00f3rter e Editor, trabalhou no Jornal da Tarde e Estad\u00e3o, de 1984 a fevereiro de 2016. Colunista, blogueiro. E comentarista de futebol na R\u00e1dio Estad\u00e3o, de 2013 a fevereiro de 2016. Jornalista respons\u00e1vel do \\\"Pr\u00f3speri News\\\" (blogdoprosperi.com).\",\"sameAs\":[\"http:\\\/\\\/blogdoprosperi.com\",\"Luiz Pr\u00f3speri\",\"@luiz_prosperi\",\"https:\\\/\\\/x.com\\\/Luizprosperi\",\"@prosperinacopa\",\"luiz.prosperi@icloud.com\"],\"url\":\"https:\\\/\\\/blogdoprosperi.com\\\/?author=102107496\"}]}<\/script>\n<!-- \/ Yoast SEO plugin. -->","yoast_head_json":{"title":"Guerra na CBF: cai Caboclo, voltam Ricardo Teixeira e Del Nero - PR\u00d3SPERI NEWS","robots":{"index":"index","follow":"follow","max-snippet":"max-snippet:-1","max-image-preview":"max-image-preview:large","max-video-preview":"max-video-preview:-1"},"canonical":"https:\/\/blogdoprosperi.com\/?p=38476","og_locale":"pt_BR","og_type":"article","og_title":"Guerra na CBF: cai Caboclo, voltam Ricardo Teixeira e Del Nero - PR\u00d3SPERI NEWS","og_description":"CBF procura um novo presidente com a queda de Rogerio Caboclo neste domingo (06\/6). Dois ex-presidentes disputam o [&hellip;]","og_url":"https:\/\/blogdoprosperi.com\/?p=38476","og_site_name":"PR\u00d3SPERI NEWS","article_publisher":"Luiz Pr\u00f3speri","article_author":"Luiz Pr\u00f3speri","article_published_time":"2021-06-07T01:28:31+00:00","article_modified_time":"2021-06-07T20:44:51+00:00","og_image":[{"width":846,"height":475,"url":"https:\/\/i0.wp.com\/blogdoprosperi.com\/wp-content\/uploads\/2021\/06\/5660a65b8941f.jpg?fit=846%2C475&ssl=1","type":"image\/jpeg"}],"author":"Luiz Ant\u00f4nio Pr\u00f3speri","twitter_card":"summary_large_image","twitter_creator":"@Luizprosperi","twitter_site":"@Luizprosperi","twitter_misc":{"Escrito por":"Luiz Ant\u00f4nio Pr\u00f3speri"},"schema":{"@context":"https:\/\/schema.org","@graph":[{"@type":"Article","@id":"https:\/\/blogdoprosperi.com\/?p=38476#article","isPartOf":{"@id":"https:\/\/blogdoprosperi.com\/?p=38476"},"author":{"name":"Luiz Ant\u00f4nio Pr\u00f3speri","@id":"https:\/\/blogdoprosperi.com\/#\/schema\/person\/38100755ce3601861ee4fab9b5aa78e9"},"headline":"Guerra na CBF: cai Caboclo, voltam Ricardo Teixeira e Del Nero","datePublished":"2021-06-07T01:28:31+00:00","dateModified":"2021-06-07T20:44:51+00:00","mainEntityOfPage":{"@id":"https:\/\/blogdoprosperi.com\/?p=38476"},"wordCount":59,"commentCount":2,"publisher":{"@id":"https:\/\/blogdoprosperi.com\/#\/schema\/person\/38100755ce3601861ee4fab9b5aa78e9"},"image":{"@id":"https:\/\/blogdoprosperi.com\/?p=38476#primaryimage"},"thumbnailUrl":"https:\/\/i0.wp.com\/blogdoprosperi.com\/wp-content\/uploads\/2021\/06\/5660a65b8941f.jpg?fit=846%2C475&ssl=1","keywords":["CBF","Copa Am\u00e9rica 2021","Fifa","futebol","Marco Polo Del Nero","Ricardo Teixeira","Rogerio Caboclo"],"articleSection":["futebol","Sele\u00e7\u00e3o Brasileira"],"inLanguage":"pt-BR","potentialAction":[{"@type":"CommentAction","name":"Comment","target":["https:\/\/blogdoprosperi.com\/?p=38476#respond"]}]},{"@type":"WebPage","@id":"https:\/\/blogdoprosperi.com\/?p=38476","url":"https:\/\/blogdoprosperi.com\/?p=38476","name":"Guerra na CBF: cai Caboclo, voltam Ricardo Teixeira e Del Nero - PR\u00d3SPERI NEWS","isPartOf":{"@id":"https:\/\/blogdoprosperi.com\/#website"},"primaryImageOfPage":{"@id":"https:\/\/blogdoprosperi.com\/?p=38476#primaryimage"},"image":{"@id":"https:\/\/blogdoprosperi.com\/?p=38476#primaryimage"},"thumbnailUrl":"https:\/\/i0.wp.com\/blogdoprosperi.com\/wp-content\/uploads\/2021\/06\/5660a65b8941f.jpg?fit=846%2C475&ssl=1","datePublished":"2021-06-07T01:28:31+00:00","dateModified":"2021-06-07T20:44:51+00:00","breadcrumb":{"@id":"https:\/\/blogdoprosperi.com\/?p=38476#breadcrumb"},"inLanguage":"pt-BR","potentialAction":[{"@type":"ReadAction","target":["https:\/\/blogdoprosperi.com\/?p=38476"]}]},{"@type":"ImageObject","inLanguage":"pt-BR","@id":"https:\/\/blogdoprosperi.com\/?p=38476#primaryimage","url":"https:\/\/i0.wp.com\/blogdoprosperi.com\/wp-content\/uploads\/2021\/06\/5660a65b8941f.jpg?fit=846%2C475&ssl=1","contentUrl":"https:\/\/i0.wp.com\/blogdoprosperi.com\/wp-content\/uploads\/2021\/06\/5660a65b8941f.jpg?fit=846%2C475&ssl=1","width":846,"height":475,"caption":"Del Nero e Ricardo Teixeira brigam pelo poder na CBF \u2013 foto: montagem Lance!"},{"@type":"BreadcrumbList","@id":"https:\/\/blogdoprosperi.com\/?p=38476#breadcrumb","itemListElement":[{"@type":"ListItem","position":1,"name":"In\u00edcio","item":"https:\/\/blogdoprosperi.com\/"},{"@type":"ListItem","position":2,"name":"Guerra na CBF: cai Caboclo, voltam Ricardo Teixeira e Del Nero"}]},{"@type":"WebSite","@id":"https:\/\/blogdoprosperi.com\/#website","url":"https:\/\/blogdoprosperi.com\/","name":"PR\u00d3SPERI NEWS","description":"TUDO \u00c9  FUTEBOL","publisher":{"@id":"https:\/\/blogdoprosperi.com\/#\/schema\/person\/38100755ce3601861ee4fab9b5aa78e9"},"alternateName":"blogdoprosperi.com","potentialAction":[{"@type":"SearchAction","target":{"@type":"EntryPoint","urlTemplate":"https:\/\/blogdoprosperi.com\/?s={search_term_string}"},"query-input":{"@type":"PropertyValueSpecification","valueRequired":true,"valueName":"search_term_string"}}],"inLanguage":"pt-BR"},{"@type":["Person","Organization"],"@id":"https:\/\/blogdoprosperi.com\/#\/schema\/person\/38100755ce3601861ee4fab9b5aa78e9","name":"Luiz Ant\u00f4nio Pr\u00f3speri","pronouns":"ele","image":{"@type":"ImageObject","inLanguage":"pt-BR","@id":"https:\/\/i0.wp.com\/blogdoprosperi.com\/wp-content\/uploads\/2026\/05\/cropped-8059e613-6002-42fa-961e-8e275f575d71-2-5.jpg?fit=1360%2C931&ssl=1","url":"https:\/\/i0.wp.com\/blogdoprosperi.com\/wp-content\/uploads\/2026\/05\/cropped-8059e613-6002-42fa-961e-8e275f575d71-2-5.jpg?fit=1360%2C931&ssl=1","contentUrl":"https:\/\/i0.wp.com\/blogdoprosperi.com\/wp-content\/uploads\/2026\/05\/cropped-8059e613-6002-42fa-961e-8e275f575d71-2-5.jpg?fit=1360%2C931&ssl=1","width":1360,"height":931,"caption":"Luiz Ant\u00f4nio Pr\u00f3speri"},"logo":{"@id":"https:\/\/i0.wp.com\/blogdoprosperi.com\/wp-content\/uploads\/2026\/05\/cropped-8059e613-6002-42fa-961e-8e275f575d71-2-5.jpg?fit=1360%2C931&ssl=1"},"description":"Jornalista com carreira dedicada ao esporte. Cobriu 9 Copas do Mundo in loco, 1990 na It\u00e1lia, 1994 nos EUA, 1998 na Fran\u00e7a, 2002 na Coreia do Sul e Jap\u00e3o, 2006 na Alemanha, 2010 na \u00c1frica do Sul, 2014 no Brasil, 2018 na R\u00fassia e 2022 no Qatar. Eurocopas, 1992 na Su\u00e9cia e 1996 na Inglaterra. Copa das Confedera\u00e7\u00f5es de 2005 na Alemanha e 2009 na \u00c1frica do Sul. Rep\u00f3rter e Editor, trabalhou no Jornal da Tarde e Estad\u00e3o, de 1984 a fevereiro de 2016. Colunista, blogueiro. E comentarista de futebol na R\u00e1dio Estad\u00e3o, de 2013 a fevereiro de 2016. Jornalista respons\u00e1vel do \"Pr\u00f3speri News\" (blogdoprosperi.com).","sameAs":["http:\/\/blogdoprosperi.com","Luiz Pr\u00f3speri","@luiz_prosperi","https:\/\/x.com\/Luizprosperi","@prosperinacopa","luiz.prosperi@icloud.com"],"url":"https:\/\/blogdoprosperi.com\/?author=102107496"}]}},"jetpack_publicize_connections":[],"jetpack_likes_enabled":false,"jetpack_sharing_enabled":true,"jetpack_shortlink":"https:\/\/wp.me\/p7jvdk-a0A","jetpack-related-posts":[{"id":41158,"url":"https:\/\/blogdoprosperi.com\/?p=41158","url_meta":{"origin":38476,"position":0},"title":"CBF anuncia novo secret\u00e1rio-geral, alinhado ao governo Lula","author":"Luiz Ant\u00f4nio Pr\u00f3speri","date":"16 de janeiro de 2023","format":false,"excerpt":"CBF, enfim, tem um novo secret\u00e1rio-geral, cargo mais importante da entidade abaixo apenas da presid\u00eancia. O escolhido \u00e9 Alcino Reis Rocha, muito pr\u00f3ximo do governo Lula e lideran\u00e7as do PT. Desde a demiss\u00e3o de Edu Zebini, em mar\u00e7o de 2022, a CBF n\u00e3o contava com um secret\u00e1rio-geral. Zebini assumiu o\u2026","rel":"","context":"Em &quot;CBF&quot;","block_context":{"text":"CBF","link":"https:\/\/blogdoprosperi.com\/?cat=570700"},"img":{"alt_text":"","src":"https:\/\/i0.wp.com\/blogdoprosperi.com\/wp-content\/uploads\/2023\/01\/20230116180748_76.jpeg?fit=910%2C607&ssl=1&resize=350%2C200","width":350,"height":200,"srcset":"https:\/\/i0.wp.com\/blogdoprosperi.com\/wp-content\/uploads\/2023\/01\/20230116180748_76.jpeg?fit=910%2C607&ssl=1&resize=350%2C200 1x, https:\/\/i0.wp.com\/blogdoprosperi.com\/wp-content\/uploads\/2023\/01\/20230116180748_76.jpeg?fit=910%2C607&ssl=1&resize=525%2C300 1.5x, https:\/\/i0.wp.com\/blogdoprosperi.com\/wp-content\/uploads\/2023\/01\/20230116180748_76.jpeg?fit=910%2C607&ssl=1&resize=700%2C400 2x"},"classes":[]},{"id":37617,"url":"https:\/\/blogdoprosperi.com\/?p=37617","url_meta":{"origin":38476,"position":1},"title":"CBF: Rogerio Caboclo assume presid\u00eancia e prepara mudan\u00e7as radicais no futebol brasileiro","author":"Luiz Ant\u00f4nio Pr\u00f3speri","date":"9 de abril de 2019","format":false,"excerpt":"CBF ter\u00e1 um novo comando a partir desta ter\u00e7a-feira (09\/4) com a posse de Rogerio Langanke Caboclo, 46 anos, na presid\u00eancia da entidade para um mandato de 2019 a 2023. Eleito em abril de 2018, beneficiado por mudan\u00e7as no estatuto da CBF conferindo \u00e0s federa\u00e7\u00f5es estaduais mais peso nos votos\u2026","rel":"","context":"Em &quot;futebol&quot;","block_context":{"text":"futebol","link":"https:\/\/blogdoprosperi.com\/?cat=53870"},"img":{"alt_text":"","src":"https:\/\/i0.wp.com\/blogdoprosperi.com\/wp-content\/uploads\/2019\/04\/x40812655734_59086c7d8f_o.jpg.pagespeed.ic_.ufbyn_v5ac.jpg?fit=1086%2C652&ssl=1&resize=350%2C200","width":350,"height":200,"srcset":"https:\/\/i0.wp.com\/blogdoprosperi.com\/wp-content\/uploads\/2019\/04\/x40812655734_59086c7d8f_o.jpg.pagespeed.ic_.ufbyn_v5ac.jpg?fit=1086%2C652&ssl=1&resize=350%2C200 1x, https:\/\/i0.wp.com\/blogdoprosperi.com\/wp-content\/uploads\/2019\/04\/x40812655734_59086c7d8f_o.jpg.pagespeed.ic_.ufbyn_v5ac.jpg?fit=1086%2C652&ssl=1&resize=525%2C300 1.5x, https:\/\/i0.wp.com\/blogdoprosperi.com\/wp-content\/uploads\/2019\/04\/x40812655734_59086c7d8f_o.jpg.pagespeed.ic_.ufbyn_v5ac.jpg?fit=1086%2C652&ssl=1&resize=700%2C400 2x, https:\/\/i0.wp.com\/blogdoprosperi.com\/wp-content\/uploads\/2019\/04\/x40812655734_59086c7d8f_o.jpg.pagespeed.ic_.ufbyn_v5ac.jpg?fit=1086%2C652&ssl=1&resize=1050%2C600 3x"},"classes":[]},{"id":40354,"url":"https:\/\/blogdoprosperi.com\/?p=40354","url_meta":{"origin":38476,"position":2},"title":"Presidente da CBF, homenageado pela Fifa, promete transpar\u00eancia e luta contra racismo","author":"Luiz Ant\u00f4nio Pr\u00f3speri","date":"8 de dezembro de 2022","format":false,"excerpt":"Ednaldo Rodrigues est\u00e1 disposto a mudar imagem da CBF. Promete transpar\u00eancia total e luta contra racismo no futebol brasileiro.","rel":"","context":"Em &quot;copa do mundo catar 2022&quot;","block_context":{"text":"copa do mundo catar 2022","link":"https:\/\/blogdoprosperi.com\/?cat=301049609"},"img":{"alt_text":"","src":"https:\/\/i0.wp.com\/blogdoprosperi.com\/wp-content\/uploads\/2022\/12\/52550499746_3895611725_c.jpg?fit=800%2C543&ssl=1&resize=350%2C200","width":350,"height":200,"srcset":"https:\/\/i0.wp.com\/blogdoprosperi.com\/wp-content\/uploads\/2022\/12\/52550499746_3895611725_c.jpg?fit=800%2C543&ssl=1&resize=350%2C200 1x, https:\/\/i0.wp.com\/blogdoprosperi.com\/wp-content\/uploads\/2022\/12\/52550499746_3895611725_c.jpg?fit=800%2C543&ssl=1&resize=525%2C300 1.5x, https:\/\/i0.wp.com\/blogdoprosperi.com\/wp-content\/uploads\/2022\/12\/52550499746_3895611725_c.jpg?fit=800%2C543&ssl=1&resize=700%2C400 2x"},"classes":[]},{"id":37385,"url":"https:\/\/blogdoprosperi.com\/?p=37385","url_meta":{"origin":38476,"position":3},"title":"Del Nero manobra e elege sucessor na CBF, antes de ser banido pela Fifa","author":"Luiz Ant\u00f4nio Pr\u00f3speri","date":"8 de mar\u00e7o de 2018","format":false,"excerpt":"CBF j\u00e1 tem candidato \u00fanico \u00e0 sucess\u00e3o do presidente Marco Polo Del Nero, banido do futebol por 90 dias acusado de corrup\u00e7\u00e3o pela Fifa. Trata-se de Rogerio Langanhe Cabloco, ex-diretor financeiro e atual executivo de gest\u00e3o da entidade. Seu nome foi escolhido por Del Nero e foi lan\u00e7ado de forma\u2026","rel":"","context":"Em &quot;futebol&quot;","block_context":{"text":"futebol","link":"https:\/\/blogdoprosperi.com\/?cat=53870"},"img":{"alt_text":"","src":"https:\/\/i0.wp.com\/blogdoprosperi.com\/wp-content\/uploads\/2018\/03\/image.jpeg?fit=620%2C413&ssl=1&resize=350%2C200","width":350,"height":200,"srcset":"https:\/\/i0.wp.com\/blogdoprosperi.com\/wp-content\/uploads\/2018\/03\/image.jpeg?fit=620%2C413&ssl=1&resize=350%2C200 1x, https:\/\/i0.wp.com\/blogdoprosperi.com\/wp-content\/uploads\/2018\/03\/image.jpeg?fit=620%2C413&ssl=1&resize=525%2C300 1.5x"},"classes":[]},{"id":37492,"url":"https:\/\/blogdoprosperi.com\/?p=37492","url_meta":{"origin":38476,"position":4},"title":"Invent\u00e1rio da derrota (3): A Copa desastrada da CBF","author":"Luiz Ant\u00f4nio Pr\u00f3speri","date":"14 de julho de 2018","format":false,"excerpt":"Luiz Ant\u00f4nio Pr\u00f3speri, de Moscou \/ R\u00fassia Duas semanas depois de o Brasil conhecer seus advers\u00e1rios no sorteio dos grupos da Copa da R\u00fassia, em dezembro de 2017, a Fifa bania do futebol o senhor Marco Polo Del Nero, ent\u00e3o presidente da CBF, por 90 dias. Decis\u00e3o da Comiss\u00e3o de\u2026","rel":"","context":"Em &quot;Copa do Mundo 2018&quot;","block_context":{"text":"Copa do Mundo 2018","link":"https:\/\/blogdoprosperi.com\/?cat=43723753"},"img":{"alt_text":"Chuteira FC na Copa do Mundo 2018","src":"https:\/\/i0.wp.com\/chuteirafc.cartacapital.com.br\/wp-content\/uploads\/2017\/09\/selo_chuteira_russia18-150x150.png?resize=350%2C200","width":350,"height":200},"classes":[]},{"id":45900,"url":"https:\/\/blogdoprosperi.com\/?p=45900","url_meta":{"origin":38476,"position":5},"title":"Brasil vence Peru | Dorival Junior Respira e CBF Faz a Festa","author":"Luiz Ant\u00f4nio Pr\u00f3speri","date":"16 de outubro de 2024","format":false,"excerpt":"Luiz Ant\u00f4nio Pr\u00f3speri - 16 outubro (10h09) Sele\u00e7\u00e3o Brasileira vence Peru por 4 a 0 e se acalma. Diminui a tens\u00e3o. A vit\u00f3ria contra um dos mais fracos times das Eliminat\u00f3rias da Copa 2026 cabe bem no discurso do t\u00e9cnico Dorival Junior e, ao mesmo tempo, atende ao projeto pol\u00edtico\u2026","rel":"","context":"Em &quot;futebol&quot;","block_context":{"text":"futebol","link":"https:\/\/blogdoprosperi.com\/?cat=53870"},"img":{"alt_text":"","src":"https:\/\/i0.wp.com\/blogdoprosperi.com\/wp-content\/uploads\/2024\/10\/54070811890_98fe48c973_c.jpg?fit=800%2C516&ssl=1&resize=350%2C200","width":350,"height":200,"srcset":"https:\/\/i0.wp.com\/blogdoprosperi.com\/wp-content\/uploads\/2024\/10\/54070811890_98fe48c973_c.jpg?fit=800%2C516&ssl=1&resize=350%2C200 1x, https:\/\/i0.wp.com\/blogdoprosperi.com\/wp-content\/uploads\/2024\/10\/54070811890_98fe48c973_c.jpg?fit=800%2C516&ssl=1&resize=525%2C300 1.5x, https:\/\/i0.wp.com\/blogdoprosperi.com\/wp-content\/uploads\/2024\/10\/54070811890_98fe48c973_c.jpg?fit=800%2C516&ssl=1&resize=700%2C400 2x"},"classes":[]}],"jetpack_featured_media_url":"https:\/\/i0.wp.com\/blogdoprosperi.com\/wp-content\/uploads\/2021\/06\/5660a65b8941f.jpg?fit=846%2C475&ssl=1","_links":{"self":[{"href":"https:\/\/blogdoprosperi.com\/index.php?rest_route=\/wp\/v2\/posts\/38476","targetHints":{"allow":["GET"]}}],"collection":[{"href":"https:\/\/blogdoprosperi.com\/index.php?rest_route=\/wp\/v2\/posts"}],"about":[{"href":"https:\/\/blogdoprosperi.com\/index.php?rest_route=\/wp\/v2\/types\/post"}],"author":[{"embeddable":true,"href":"https:\/\/blogdoprosperi.com\/index.php?rest_route=\/wp\/v2\/users\/102107496"}],"replies":[{"embeddable":true,"href":"https:\/\/blogdoprosperi.com\/index.php?rest_route=%2Fwp%2Fv2%2Fcomments&post=38476"}],"version-history":[{"count":18,"href":"https:\/\/blogdoprosperi.com\/index.php?rest_route=\/wp\/v2\/posts\/38476\/revisions"}],"predecessor-version":[{"id":38602,"href":"https:\/\/blogdoprosperi.com\/index.php?rest_route=\/wp\/v2\/posts\/38476\/revisions\/38602"}],"wp:featuredmedia":[{"embeddable":true,"href":"https:\/\/blogdoprosperi.com\/index.php?rest_route=\/wp\/v2\/media\/38577"}],"wp:attachment":[{"href":"https:\/\/blogdoprosperi.com\/index.php?rest_route=%2Fwp%2Fv2%2Fmedia&parent=38476"}],"wp:term":[{"taxonomy":"category","embeddable":true,"href":"https:\/\/blogdoprosperi.com\/index.php?rest_route=%2Fwp%2Fv2%2Fcategories&post=38476"},{"taxonomy":"post_tag","embeddable":true,"href":"https:\/\/blogdoprosperi.com\/index.php?rest_route=%2Fwp%2Fv2%2Ftags&post=38476"}],"curies":[{"name":"wp","href":"https:\/\/api.w.org\/{rel}","templated":true}]}}