{"id":38502,"date":"2021-06-04T12:12:15","date_gmt":"2021-06-04T15:12:15","guid":{"rendered":"https:\/\/blogdoprosperi.com\/?p=38502"},"modified":"2021-06-04T12:29:59","modified_gmt":"2021-06-04T15:29:59","slug":"tite-o-conservador-vai-ao-paredao","status":"publish","type":"post","link":"https:\/\/blogdoprosperi.com\/?p=38502","title":{"rendered":"Tite, o conservador, vai ao pared\u00e3o"},"content":{"rendered":"<p>Tite n\u00e3o esconde sua insatisfa\u00e7\u00e3o com os desmandos da CBF. A crise instalada com a Copa Am\u00e9rica no Brasil s\u00f3 faz aumentar a indisposi\u00e7\u00e3o do treinador. N\u00e3o ser\u00e1 nenhuma surpresa se na ter\u00e7a-feira-feira (09\/6) se manifestar contra a desordem da CBF e pedir o bon\u00e9.<\/p>\n<p>Tite se sente tra\u00eddo pelo presidente Rogerio Caboclo desde que a imprensa espanhola revelou em maio o desejo de a CBF contratar Xavi, ex-jogador do Barcelona e agora treinador no Catar, para atuar na comiss\u00e3o t\u00e9cnica da Sele\u00e7\u00e3o Brasileira.<\/p>\n<p>Ao receber resposta negativa de Xavi, a CBF mirou em Muricy Ramalho, hoje coordenador de futebol do S\u00e3o Paulo. Muricy teria poder na comiss\u00e3o t\u00e9cnica de Tite. Evidente que seria a contra-gosto do t\u00e9cnico da Sele\u00e7\u00e3o. Por sorte, Muricy disse n\u00e3o \u00e0 CBF com respaldo do S\u00e3o Paulo, que de pronto se negou a liberar seu dirigente.<\/p>\n<p>A inten\u00e7\u00e3o do presidente Rogerio Caboclo de &#8220;refor\u00e7ar&#8221; a brigada de Tite na Sele\u00e7\u00e3o obedece a uma estrat\u00e9gia pol\u00edtica.<\/p>\n<p>Caboclo se agarra a um fiapo de corda no comando da CBF, cria fatos novos em busca de respaldo entre os dirigentes que, por enquanto, o sustentam no poder. Por isso inventou Xavi e depois Muricy na Sele\u00e7\u00e3o.<\/p>\n<p><strong>O conservador<\/strong><\/p>\n<p>Neste cen\u00e1rio de incertezas, Tite\u00a0continua com medo de arriscar na Sele\u00e7\u00e3o Brasileira. Namora a ousadia e a recusa na hora de dizer sim. Sem apoio popular, prefere montar um time bem estruturado, correto, seguro em todos sentidos. Dificilmente sai derrotado.<\/p>\n<p>Conservador, n\u00e3o segue, digamos, alguns par\u00e2metros de Tel\u00ea Santana, idealizador da Sele\u00e7\u00e3o de 82. Aquele time tinha Cerezzo, Falc\u00e3o, S\u00f3crates, Zico, Careca (Serginho) e \u00c9der Aleixo, entre o meio e ataque, mais os laterais Leandro e Junior sempre avante.<\/p>\n<p>Tite n\u00e3o se cansa de dizer que seu ideal inspirador de Sele\u00e7\u00e3o seria a de Tel\u00ea em 82, se poss\u00edvel fosse. E que gostaria de ver a Sele\u00e7\u00e3o de agora com aquelas patentes da Copa da Espanha calada em nossos cora\u00e7\u00f5es por obra de Paolo Rossi.<\/p>\n<p>Pois bem, nesta sexta-feira (04\/6) na partida diante do Equador, v\u00e1lida pelas Eliminat\u00f3rias da Copa 2022, Tite tem \u00e0 m\u00e3o um quarteto devastador na linha de frente. Veja: Gabigol, Firmino, Neymar e Gabriel Jesus. Velozes, virtuosos, com apelo e muito apetite por gols, muitos gols.<\/p>\n<p>Seria interessante ver os quatro na linha de frente da Sele\u00e7\u00e3o. Gabigol atacando pela direita em diagonal ao gol. Jesus na mesma fun\u00e7\u00e3o, s\u00f3 que do outro lado, na esquerda. Firmino e Neymar, articuladores e ar\u00edetes ao mesmo tempo.<\/p>\n<p>Quem carregaria o piano, na marca\u00e7\u00e3o? Casemiro e Fabinho, apoiados pelos laterais Danilo e Alex Sandro.<\/p>\n<p>Suporte defensivo suficiente at\u00e9 demais para a\u00e7\u00e3o do quarteto l\u00e1 na frente. Sem falar na enorme disposi\u00e7\u00e3o de Gabigol e Gabriel Jesus na recomposi\u00e7\u00e3o do time quando atacado.<\/p>\n<p>Tite n\u00e3o pensa assim. Prefere armar a Sele\u00e7\u00e3o com Casemiro, Fred e Paquet\u00e1 servindo Richarlison, Neymar e Gabigol (ou Gabriel Jesus).<\/p>\n<p>Diz a tradi\u00e7\u00e3o da Sele\u00e7\u00e3o que ousadias transformam times normais em hist\u00f3ricos e eternos.<\/p>\n<p style=\"text-align:left;\">Na Copa de 58, Brasil assombrou o mundo quando Pel\u00e9 e Garrincha entraram em pleno Mundial da Su\u00e9cia e foram decisivos na conquista da ta\u00e7a Jules Rimet.<\/p>\n<p style=\"text-align:left;\">Em 70, outro ato de coragem com a escala\u00e7\u00e3o de Jairzinho, Tost\u00e3o, Pel\u00e9 e Rivellino na epopeia do Tri.<\/p>\n<p>A hist\u00f3ria do penta em 2002 conta que o Brasil venceu escorado no talento de Rivaldo, Ronaldo Fen\u00f4meno e Ronaldinho Ga\u00facho, com suporte dos laterais Cafu e Roberto Carlos.<\/p>\n<p>Cr\u00edticos de &#8220;quartetos m\u00e1gicos&#8221; na Sele\u00e7\u00e3o podem se apoiar no fiasco de 2006 na Alemanha com o quadrado Kak\u00e1, Ronaldinho Ga\u00facho, Adriano e Ronaldo Fen\u00f4meno. Sim, pode ser, se n\u00e3o levarmos em conta o pouco apre\u00e7o mental e f\u00edsico de Ronaldinho e Ronaldo naquela Copa.<\/p>\n<p>De volta a 2021, seria prazeroso ver Gabigol, Firmino, Neymar e Jesus juntos a ouvir Tite com seus &#8220;extremos desequilibrantes&#8221;.<\/p>\n<p>Um ataque arrasador areja a Sele\u00e7\u00e3o. Resgata a torcida e salva Tite. Treinador precisa de apoio popular.<\/p>\n<p>\u00c9 quest\u00e3o de sobreviv\u00eancia nos intestinos da CBF, entidade sempre pronta a servir na bandeja a cabe\u00e7a de quem a salva da pr\u00f3pria implos\u00e3o.<\/p>\n<p>Governo de Rogerio Caboclo est\u00e1 podre na CBF. Tite pode cair se o infeliz presidente chacoalhar galho.<\/p>\n<blockquote>\n<p>&#8220;\u00c9 um desafio nosso, depois de sete meses, reunir pe\u00e7as, dar a elas o devido treinamento, a quantifica\u00e7\u00e3o de carga. Manter um padr\u00e3o de desempenho individual e coletivo para que a gente possa ter um resultado de vit\u00f3ria como reflexo, como consequ\u00eancia de jogar bem. Esse vai ser o desfaio de uma equipe equilibrada, como tem sido nesse tempo todo. \u00c9 uma equipe criativa, mas que tamb\u00e9m tem que ser s\u00f3lida. Cria\u00e7\u00e3o, gol. Solidez defensiva, resultado. \u00c9 o que a gente busca&#8221; \u2013 <strong>Tite.<\/strong><\/p>\n<\/blockquote>\n\n\n<figure class=\"wp-block-image size-large is-resized\"><img data-recalc-dims=\"1\" loading=\"lazy\" decoding=\"async\" data-attachment-id=\"38540\" data-permalink=\"https:\/\/blogdoprosperi.com\/?attachment_id=38540\" data-orig-file=\"https:\/\/i0.wp.com\/blogdoprosperi.com\/wp-content\/uploads\/2021\/06\/012052021001.jpg?fit=644%2C315&amp;ssl=1\" data-orig-size=\"644,315\" data-comments-opened=\"1\" data-image-meta=\"{&quot;aperture&quot;:&quot;0&quot;,&quot;credit&quot;:&quot;&quot;,&quot;camera&quot;:&quot;&quot;,&quot;caption&quot;:&quot;&quot;,&quot;created_timestamp&quot;:&quot;0&quot;,&quot;copyright&quot;:&quot;&quot;,&quot;focal_length&quot;:&quot;0&quot;,&quot;iso&quot;:&quot;0&quot;,&quot;shutter_speed&quot;:&quot;0&quot;,&quot;title&quot;:&quot;&quot;,&quot;orientation&quot;:&quot;1&quot;}\" data-image-title=\"012052021001\" data-image-description=\"\" data-image-caption=\"\" data-large-file=\"https:\/\/i0.wp.com\/blogdoprosperi.com\/wp-content\/uploads\/2021\/06\/012052021001.jpg?fit=644%2C315&amp;ssl=1\" src=\"https:\/\/i0.wp.com\/blogdoprosperi.com\/wp-content\/uploads\/2021\/06\/012052021001.jpg?resize=848%2C415&#038;ssl=1\" alt=\"\" class=\"wp-image-38540\" width=\"848\" height=\"415\" \/><\/figure>\n","protected":false},"excerpt":{"rendered":"<p>Tite n\u00e3o esconde sua insatisfa\u00e7\u00e3o com os desmandos da CBF. A crise instalada com a Copa Am\u00e9rica no [&hellip;]<\/p>\n","protected":false},"author":102107496,"featured_media":38508,"comment_status":"open","ping_status":"open","sticky":false,"template":"","format":"standard","meta":{"_coblocks_attr":"","_coblocks_dimensions":"","_coblocks_responsive_height":"","_coblocks_accordion_ie_support":"","_jetpack_newsletter_access":"","_jetpack_dont_email_post_to_subs":false,"_jetpack_newsletter_tier_id":0,"_jetpack_memberships_contains_paywalled_content":false,"_wpcom_ai_launchpad_first_post":false,"_jetpack_feature_clip_id":0,"_jetpack_memberships_contains_paid_content":false,"footnotes":"","jetpack_publicize_message":"","jetpack_publicize_feature_enabled":true,"jetpack_social_post_already_shared":false,"jetpack_social_options":{"image_generator_settings":{"template":"highway","default_image_id":0,"font":"","enabled":false},"version":2},"jetpack_post_was_ever_published":false},"categories":[53870,174694],"tags":[789560569,35545865,789560560,4112146,141205325,1814220],"class_list":["post-38502","post","type-post","status-publish","format-standard","has-post-thumbnail","hentry","category-futebol","category-selecao-brasileira","tag-cbf","tag-copa-2022","tag-futebol","tag-neymar","tag-selecao-brasieira","tag-tite"],"yoast_head":"<!-- This site is optimized with the Yoast SEO plugin v28.3 - https:\/\/yoast.com\/product\/yoast-seo-wordpress\/ -->\n<title>Tite, o conservador, vai ao pared\u00e3o - PR\u00d3SPERI NEWS<\/title>\n<meta name=\"robots\" content=\"index, follow, max-snippet:-1, max-image-preview:large, max-video-preview:-1\" \/>\n<link rel=\"canonical\" href=\"https:\/\/blogdoprosperi.com\/?p=38502\" \/>\n<meta property=\"og:locale\" content=\"pt_BR\" \/>\n<meta property=\"og:type\" content=\"article\" \/>\n<meta property=\"og:title\" content=\"Tite, o conservador, vai ao pared\u00e3o - PR\u00d3SPERI NEWS\" \/>\n<meta property=\"og:description\" content=\"Tite n\u00e3o esconde sua insatisfa\u00e7\u00e3o com os desmandos da CBF. A crise instalada com a Copa Am\u00e9rica no [&hellip;]\" \/>\n<meta property=\"og:url\" content=\"https:\/\/blogdoprosperi.com\/?p=38502\" \/>\n<meta property=\"og:site_name\" content=\"PR\u00d3SPERI NEWS\" \/>\n<meta property=\"article:publisher\" content=\"Luiz Pr\u00f3speri\" \/>\n<meta property=\"article:author\" content=\"Luiz Pr\u00f3speri\" \/>\n<meta property=\"article:published_time\" content=\"2021-06-04T15:12:15+00:00\" \/>\n<meta property=\"article:modified_time\" content=\"2021-06-04T15:29:59+00:00\" \/>\n<meta property=\"og:image\" content=\"https:\/\/i0.wp.com\/blogdoprosperi.com\/wp-content\/uploads\/2021\/06\/20210603200547_13-1.jpeg?fit=910%2C607&ssl=1\" \/>\n\t<meta property=\"og:image:width\" content=\"910\" \/>\n\t<meta property=\"og:image:height\" content=\"607\" \/>\n\t<meta property=\"og:image:type\" content=\"image\/jpeg\" \/>\n<meta name=\"author\" content=\"Luiz Ant\u00f4nio Pr\u00f3speri\" \/>\n<meta name=\"twitter:card\" content=\"summary_large_image\" \/>\n<meta name=\"twitter:creator\" content=\"@Luizprosperi\" \/>\n<meta name=\"twitter:site\" content=\"@Luizprosperi\" \/>\n<meta name=\"twitter:label1\" content=\"Escrito por\" \/>\n\t<meta name=\"twitter:data1\" content=\"Luiz Ant\u00f4nio Pr\u00f3speri\" \/>\n\t<meta name=\"twitter:label2\" content=\"Est. tempo de leitura\" \/>\n\t<meta name=\"twitter:data2\" content=\"4 minutos\" \/>\n<script type=\"application\/ld+json\" class=\"yoast-schema-graph\">{\"@context\":\"https:\\\/\\\/schema.org\",\"@graph\":[{\"@type\":\"Article\",\"@id\":\"https:\\\/\\\/blogdoprosperi.com\\\/?p=38502#article\",\"isPartOf\":{\"@id\":\"https:\\\/\\\/blogdoprosperi.com\\\/?p=38502\"},\"author\":{\"name\":\"Luiz Ant\u00f4nio Pr\u00f3speri\",\"@id\":\"https:\\\/\\\/blogdoprosperi.com\\\/#\\\/schema\\\/person\\\/38100755ce3601861ee4fab9b5aa78e9\"},\"headline\":\"Tite, o conservador, vai ao pared\u00e3o\",\"datePublished\":\"2021-06-04T15:12:15+00:00\",\"dateModified\":\"2021-06-04T15:29:59+00:00\",\"mainEntityOfPage\":{\"@id\":\"https:\\\/\\\/blogdoprosperi.com\\\/?p=38502\"},\"wordCount\":840,\"commentCount\":1,\"publisher\":{\"@id\":\"https:\\\/\\\/blogdoprosperi.com\\\/#\\\/schema\\\/person\\\/38100755ce3601861ee4fab9b5aa78e9\"},\"image\":{\"@id\":\"https:\\\/\\\/blogdoprosperi.com\\\/?p=38502#primaryimage\"},\"thumbnailUrl\":\"https:\\\/\\\/i0.wp.com\\\/blogdoprosperi.com\\\/wp-content\\\/uploads\\\/2021\\\/06\\\/20210603200547_13-1.jpeg?fit=910%2C607&ssl=1\",\"keywords\":[\"CBF\",\"copa 2022\",\"futebol\",\"Neymar\",\"Sele\u00e7\u00e3o Brasieira\",\"Tite\"],\"articleSection\":[\"futebol\",\"Sele\u00e7\u00e3o Brasileira\"],\"inLanguage\":\"pt-BR\",\"potentialAction\":[{\"@type\":\"CommentAction\",\"name\":\"Comment\",\"target\":[\"https:\\\/\\\/blogdoprosperi.com\\\/?p=38502#respond\"]}]},{\"@type\":\"WebPage\",\"@id\":\"https:\\\/\\\/blogdoprosperi.com\\\/?p=38502\",\"url\":\"https:\\\/\\\/blogdoprosperi.com\\\/?p=38502\",\"name\":\"Tite, o conservador, vai ao pared\u00e3o - PR\u00d3SPERI NEWS\",\"isPartOf\":{\"@id\":\"https:\\\/\\\/blogdoprosperi.com\\\/#website\"},\"primaryImageOfPage\":{\"@id\":\"https:\\\/\\\/blogdoprosperi.com\\\/?p=38502#primaryimage\"},\"image\":{\"@id\":\"https:\\\/\\\/blogdoprosperi.com\\\/?p=38502#primaryimage\"},\"thumbnailUrl\":\"https:\\\/\\\/i0.wp.com\\\/blogdoprosperi.com\\\/wp-content\\\/uploads\\\/2021\\\/06\\\/20210603200547_13-1.jpeg?fit=910%2C607&ssl=1\",\"datePublished\":\"2021-06-04T15:12:15+00:00\",\"dateModified\":\"2021-06-04T15:29:59+00:00\",\"breadcrumb\":{\"@id\":\"https:\\\/\\\/blogdoprosperi.com\\\/?p=38502#breadcrumb\"},\"inLanguage\":\"pt-BR\",\"potentialAction\":[{\"@type\":\"ReadAction\",\"target\":[\"https:\\\/\\\/blogdoprosperi.com\\\/?p=38502\"]}]},{\"@type\":\"ImageObject\",\"inLanguage\":\"pt-BR\",\"@id\":\"https:\\\/\\\/blogdoprosperi.com\\\/?p=38502#primaryimage\",\"url\":\"https:\\\/\\\/i0.wp.com\\\/blogdoprosperi.com\\\/wp-content\\\/uploads\\\/2021\\\/06\\\/20210603200547_13-1.jpeg?fit=910%2C607&ssl=1\",\"contentUrl\":\"https:\\\/\\\/i0.wp.com\\\/blogdoprosperi.com\\\/wp-content\\\/uploads\\\/2021\\\/06\\\/20210603200547_13-1.jpeg?fit=910%2C607&ssl=1\",\"width\":910,\"height\":607,\"caption\":\"Tite tem chance de resgatar alegria da Sele\u00e7\u00e3o \u2013 foto: Lucas Figueiredo\\\/CBF\"},{\"@type\":\"BreadcrumbList\",\"@id\":\"https:\\\/\\\/blogdoprosperi.com\\\/?p=38502#breadcrumb\",\"itemListElement\":[{\"@type\":\"ListItem\",\"position\":1,\"name\":\"In\u00edcio\",\"item\":\"https:\\\/\\\/blogdoprosperi.com\\\/\"},{\"@type\":\"ListItem\",\"position\":2,\"name\":\"Tite, o conservador, vai ao pared\u00e3o\"}]},{\"@type\":\"WebSite\",\"@id\":\"https:\\\/\\\/blogdoprosperi.com\\\/#website\",\"url\":\"https:\\\/\\\/blogdoprosperi.com\\\/\",\"name\":\"PR\u00d3SPERI NEWS\",\"description\":\"TUDO \u00c9  FUTEBOL\",\"publisher\":{\"@id\":\"https:\\\/\\\/blogdoprosperi.com\\\/#\\\/schema\\\/person\\\/38100755ce3601861ee4fab9b5aa78e9\"},\"alternateName\":\"blogdoprosperi.com\",\"potentialAction\":[{\"@type\":\"SearchAction\",\"target\":{\"@type\":\"EntryPoint\",\"urlTemplate\":\"https:\\\/\\\/blogdoprosperi.com\\\/?s={search_term_string}\"},\"query-input\":{\"@type\":\"PropertyValueSpecification\",\"valueRequired\":true,\"valueName\":\"search_term_string\"}}],\"inLanguage\":\"pt-BR\"},{\"@type\":[\"Person\",\"Organization\"],\"@id\":\"https:\\\/\\\/blogdoprosperi.com\\\/#\\\/schema\\\/person\\\/38100755ce3601861ee4fab9b5aa78e9\",\"name\":\"Luiz Ant\u00f4nio Pr\u00f3speri\",\"pronouns\":\"ele\",\"image\":{\"@type\":\"ImageObject\",\"inLanguage\":\"pt-BR\",\"@id\":\"https:\\\/\\\/i0.wp.com\\\/blogdoprosperi.com\\\/wp-content\\\/uploads\\\/2026\\\/05\\\/cropped-8059e613-6002-42fa-961e-8e275f575d71-2-5.jpg?fit=1360%2C931&ssl=1\",\"url\":\"https:\\\/\\\/i0.wp.com\\\/blogdoprosperi.com\\\/wp-content\\\/uploads\\\/2026\\\/05\\\/cropped-8059e613-6002-42fa-961e-8e275f575d71-2-5.jpg?fit=1360%2C931&ssl=1\",\"contentUrl\":\"https:\\\/\\\/i0.wp.com\\\/blogdoprosperi.com\\\/wp-content\\\/uploads\\\/2026\\\/05\\\/cropped-8059e613-6002-42fa-961e-8e275f575d71-2-5.jpg?fit=1360%2C931&ssl=1\",\"width\":1360,\"height\":931,\"caption\":\"Luiz Ant\u00f4nio Pr\u00f3speri\"},\"logo\":{\"@id\":\"https:\\\/\\\/i0.wp.com\\\/blogdoprosperi.com\\\/wp-content\\\/uploads\\\/2026\\\/05\\\/cropped-8059e613-6002-42fa-961e-8e275f575d71-2-5.jpg?fit=1360%2C931&ssl=1\"},\"description\":\"Jornalista com carreira dedicada ao esporte. Cobriu 9 Copas do Mundo in loco, 1990 na It\u00e1lia, 1994 nos EUA, 1998 na Fran\u00e7a, 2002 na Coreia do Sul e Jap\u00e3o, 2006 na Alemanha, 2010 na \u00c1frica do Sul, 2014 no Brasil, 2018 na R\u00fassia e 2022 no Qatar. Eurocopas, 1992 na Su\u00e9cia e 1996 na Inglaterra. Copa das Confedera\u00e7\u00f5es de 2005 na Alemanha e 2009 na \u00c1frica do Sul. Rep\u00f3rter e Editor, trabalhou no Jornal da Tarde e Estad\u00e3o, de 1984 a fevereiro de 2016. Colunista, blogueiro. E comentarista de futebol na R\u00e1dio Estad\u00e3o, de 2013 a fevereiro de 2016. Jornalista respons\u00e1vel do \\\"Pr\u00f3speri News\\\" (blogdoprosperi.com).\",\"sameAs\":[\"http:\\\/\\\/blogdoprosperi.com\",\"Luiz Pr\u00f3speri\",\"@luiz_prosperi\",\"https:\\\/\\\/x.com\\\/Luizprosperi\",\"@prosperinacopa\",\"luiz.prosperi@icloud.com\"],\"url\":\"https:\\\/\\\/blogdoprosperi.com\\\/?author=102107496\"}]}<\/script>\n<!-- \/ Yoast SEO plugin. -->","yoast_head_json":{"title":"Tite, o conservador, vai ao pared\u00e3o - PR\u00d3SPERI NEWS","robots":{"index":"index","follow":"follow","max-snippet":"max-snippet:-1","max-image-preview":"max-image-preview:large","max-video-preview":"max-video-preview:-1"},"canonical":"https:\/\/blogdoprosperi.com\/?p=38502","og_locale":"pt_BR","og_type":"article","og_title":"Tite, o conservador, vai ao pared\u00e3o - PR\u00d3SPERI NEWS","og_description":"Tite n\u00e3o esconde sua insatisfa\u00e7\u00e3o com os desmandos da CBF. A crise instalada com a Copa Am\u00e9rica no [&hellip;]","og_url":"https:\/\/blogdoprosperi.com\/?p=38502","og_site_name":"PR\u00d3SPERI NEWS","article_publisher":"Luiz Pr\u00f3speri","article_author":"Luiz Pr\u00f3speri","article_published_time":"2021-06-04T15:12:15+00:00","article_modified_time":"2021-06-04T15:29:59+00:00","og_image":[{"width":910,"height":607,"url":"https:\/\/i0.wp.com\/blogdoprosperi.com\/wp-content\/uploads\/2021\/06\/20210603200547_13-1.jpeg?fit=910%2C607&ssl=1","type":"image\/jpeg"}],"author":"Luiz Ant\u00f4nio Pr\u00f3speri","twitter_card":"summary_large_image","twitter_creator":"@Luizprosperi","twitter_site":"@Luizprosperi","twitter_misc":{"Escrito por":"Luiz Ant\u00f4nio Pr\u00f3speri","Est. tempo de leitura":"4 minutos"},"schema":{"@context":"https:\/\/schema.org","@graph":[{"@type":"Article","@id":"https:\/\/blogdoprosperi.com\/?p=38502#article","isPartOf":{"@id":"https:\/\/blogdoprosperi.com\/?p=38502"},"author":{"name":"Luiz Ant\u00f4nio Pr\u00f3speri","@id":"https:\/\/blogdoprosperi.com\/#\/schema\/person\/38100755ce3601861ee4fab9b5aa78e9"},"headline":"Tite, o conservador, vai ao pared\u00e3o","datePublished":"2021-06-04T15:12:15+00:00","dateModified":"2021-06-04T15:29:59+00:00","mainEntityOfPage":{"@id":"https:\/\/blogdoprosperi.com\/?p=38502"},"wordCount":840,"commentCount":1,"publisher":{"@id":"https:\/\/blogdoprosperi.com\/#\/schema\/person\/38100755ce3601861ee4fab9b5aa78e9"},"image":{"@id":"https:\/\/blogdoprosperi.com\/?p=38502#primaryimage"},"thumbnailUrl":"https:\/\/i0.wp.com\/blogdoprosperi.com\/wp-content\/uploads\/2021\/06\/20210603200547_13-1.jpeg?fit=910%2C607&ssl=1","keywords":["CBF","copa 2022","futebol","Neymar","Sele\u00e7\u00e3o Brasieira","Tite"],"articleSection":["futebol","Sele\u00e7\u00e3o Brasileira"],"inLanguage":"pt-BR","potentialAction":[{"@type":"CommentAction","name":"Comment","target":["https:\/\/blogdoprosperi.com\/?p=38502#respond"]}]},{"@type":"WebPage","@id":"https:\/\/blogdoprosperi.com\/?p=38502","url":"https:\/\/blogdoprosperi.com\/?p=38502","name":"Tite, o conservador, vai ao pared\u00e3o - PR\u00d3SPERI NEWS","isPartOf":{"@id":"https:\/\/blogdoprosperi.com\/#website"},"primaryImageOfPage":{"@id":"https:\/\/blogdoprosperi.com\/?p=38502#primaryimage"},"image":{"@id":"https:\/\/blogdoprosperi.com\/?p=38502#primaryimage"},"thumbnailUrl":"https:\/\/i0.wp.com\/blogdoprosperi.com\/wp-content\/uploads\/2021\/06\/20210603200547_13-1.jpeg?fit=910%2C607&ssl=1","datePublished":"2021-06-04T15:12:15+00:00","dateModified":"2021-06-04T15:29:59+00:00","breadcrumb":{"@id":"https:\/\/blogdoprosperi.com\/?p=38502#breadcrumb"},"inLanguage":"pt-BR","potentialAction":[{"@type":"ReadAction","target":["https:\/\/blogdoprosperi.com\/?p=38502"]}]},{"@type":"ImageObject","inLanguage":"pt-BR","@id":"https:\/\/blogdoprosperi.com\/?p=38502#primaryimage","url":"https:\/\/i0.wp.com\/blogdoprosperi.com\/wp-content\/uploads\/2021\/06\/20210603200547_13-1.jpeg?fit=910%2C607&ssl=1","contentUrl":"https:\/\/i0.wp.com\/blogdoprosperi.com\/wp-content\/uploads\/2021\/06\/20210603200547_13-1.jpeg?fit=910%2C607&ssl=1","width":910,"height":607,"caption":"Tite tem chance de resgatar alegria da Sele\u00e7\u00e3o \u2013 foto: Lucas Figueiredo\/CBF"},{"@type":"BreadcrumbList","@id":"https:\/\/blogdoprosperi.com\/?p=38502#breadcrumb","itemListElement":[{"@type":"ListItem","position":1,"name":"In\u00edcio","item":"https:\/\/blogdoprosperi.com\/"},{"@type":"ListItem","position":2,"name":"Tite, o conservador, vai ao pared\u00e3o"}]},{"@type":"WebSite","@id":"https:\/\/blogdoprosperi.com\/#website","url":"https:\/\/blogdoprosperi.com\/","name":"PR\u00d3SPERI NEWS","description":"TUDO \u00c9  FUTEBOL","publisher":{"@id":"https:\/\/blogdoprosperi.com\/#\/schema\/person\/38100755ce3601861ee4fab9b5aa78e9"},"alternateName":"blogdoprosperi.com","potentialAction":[{"@type":"SearchAction","target":{"@type":"EntryPoint","urlTemplate":"https:\/\/blogdoprosperi.com\/?s={search_term_string}"},"query-input":{"@type":"PropertyValueSpecification","valueRequired":true,"valueName":"search_term_string"}}],"inLanguage":"pt-BR"},{"@type":["Person","Organization"],"@id":"https:\/\/blogdoprosperi.com\/#\/schema\/person\/38100755ce3601861ee4fab9b5aa78e9","name":"Luiz Ant\u00f4nio Pr\u00f3speri","pronouns":"ele","image":{"@type":"ImageObject","inLanguage":"pt-BR","@id":"https:\/\/i0.wp.com\/blogdoprosperi.com\/wp-content\/uploads\/2026\/05\/cropped-8059e613-6002-42fa-961e-8e275f575d71-2-5.jpg?fit=1360%2C931&ssl=1","url":"https:\/\/i0.wp.com\/blogdoprosperi.com\/wp-content\/uploads\/2026\/05\/cropped-8059e613-6002-42fa-961e-8e275f575d71-2-5.jpg?fit=1360%2C931&ssl=1","contentUrl":"https:\/\/i0.wp.com\/blogdoprosperi.com\/wp-content\/uploads\/2026\/05\/cropped-8059e613-6002-42fa-961e-8e275f575d71-2-5.jpg?fit=1360%2C931&ssl=1","width":1360,"height":931,"caption":"Luiz Ant\u00f4nio Pr\u00f3speri"},"logo":{"@id":"https:\/\/i0.wp.com\/blogdoprosperi.com\/wp-content\/uploads\/2026\/05\/cropped-8059e613-6002-42fa-961e-8e275f575d71-2-5.jpg?fit=1360%2C931&ssl=1"},"description":"Jornalista com carreira dedicada ao esporte. Cobriu 9 Copas do Mundo in loco, 1990 na It\u00e1lia, 1994 nos EUA, 1998 na Fran\u00e7a, 2002 na Coreia do Sul e Jap\u00e3o, 2006 na Alemanha, 2010 na \u00c1frica do Sul, 2014 no Brasil, 2018 na R\u00fassia e 2022 no Qatar. Eurocopas, 1992 na Su\u00e9cia e 1996 na Inglaterra. Copa das Confedera\u00e7\u00f5es de 2005 na Alemanha e 2009 na \u00c1frica do Sul. Rep\u00f3rter e Editor, trabalhou no Jornal da Tarde e Estad\u00e3o, de 1984 a fevereiro de 2016. Colunista, blogueiro. E comentarista de futebol na R\u00e1dio Estad\u00e3o, de 2013 a fevereiro de 2016. Jornalista respons\u00e1vel do \"Pr\u00f3speri News\" (blogdoprosperi.com).","sameAs":["http:\/\/blogdoprosperi.com","Luiz Pr\u00f3speri","@luiz_prosperi","https:\/\/x.com\/Luizprosperi","@prosperinacopa","luiz.prosperi@icloud.com"],"url":"https:\/\/blogdoprosperi.com\/?author=102107496"}]}},"jetpack_publicize_connections":[],"jetpack_likes_enabled":false,"jetpack_sharing_enabled":true,"jetpack_shortlink":"https:\/\/wp.me\/p7jvdk-a10","jetpack-related-posts":[{"id":37759,"url":"https:\/\/blogdoprosperi.com\/?p=37759","url_meta":{"origin":38502,"position":0},"title":"Tite amea\u00e7ado: bastidores da poss\u00edvel queda na Sele\u00e7\u00e3o ap\u00f3s Copa Am\u00e9rica","author":"Luiz Ant\u00f4nio Pr\u00f3speri","date":"22 de junho de 2019","format":false,"excerpt":"Tite perde for\u00e7a no comando da Sele\u00e7\u00e3o com sa\u00edda de auxiliares da comiss\u00e3o t\u00e9cnica e baixa aprova\u00e7\u00e3o popular","rel":"","context":"Em &quot;futebol&quot;","block_context":{"text":"futebol","link":"https:\/\/blogdoprosperi.com\/?cat=53870"},"img":{"alt_text":"Tite volta, Neymar e Fiel sonham","src":"https:\/\/i0.wp.com\/blogdoprosperi.com\/wp-content\/uploads\/2019\/06\/tite-brasil-bolivia-copa-america-14062019_7vayb96nx9dm1s6fvpi6p480l.jpg?fit=1200%2C675&ssl=1&resize=350%2C200","width":350,"height":200,"srcset":"https:\/\/i0.wp.com\/blogdoprosperi.com\/wp-content\/uploads\/2019\/06\/tite-brasil-bolivia-copa-america-14062019_7vayb96nx9dm1s6fvpi6p480l.jpg?fit=1200%2C675&ssl=1&resize=350%2C200 1x, https:\/\/i0.wp.com\/blogdoprosperi.com\/wp-content\/uploads\/2019\/06\/tite-brasil-bolivia-copa-america-14062019_7vayb96nx9dm1s6fvpi6p480l.jpg?fit=1200%2C675&ssl=1&resize=525%2C300 1.5x, https:\/\/i0.wp.com\/blogdoprosperi.com\/wp-content\/uploads\/2019\/06\/tite-brasil-bolivia-copa-america-14062019_7vayb96nx9dm1s6fvpi6p480l.jpg?fit=1200%2C675&ssl=1&resize=700%2C400 2x, https:\/\/i0.wp.com\/blogdoprosperi.com\/wp-content\/uploads\/2019\/06\/tite-brasil-bolivia-copa-america-14062019_7vayb96nx9dm1s6fvpi6p480l.jpg?fit=1200%2C675&ssl=1&resize=1050%2C600 3x"},"classes":[]},{"id":37506,"url":"https:\/\/blogdoprosperi.com\/?p=37506","url_meta":{"origin":38502,"position":1},"title":"CBF erra ao renovar com Tite. Por que n\u00e3o Guardiola?","author":"Luiz Ant\u00f4nio Pr\u00f3speri","date":"26 de julho de 2018","format":false,"excerpt":"CBF comete erro grave ao renovar contrato com Tite por mais quatro anos, at\u00e9 a Copa do Mundo de 2022 no Catar. E com adendo de avalia\u00e7\u00e3o mais precisa ap\u00f3s Copa Am\u00e9rica de 2019 no Brasil. Se n\u00e3o for campe\u00e3o do torneio sul-americano no ano que vem no seu pr\u00f3prio\u2026","rel":"","context":"Em &quot;Copa do Mundo 2018&quot;","block_context":{"text":"Copa do Mundo 2018","link":"https:\/\/blogdoprosperi.com\/?cat=43723753"},"img":{"alt_text":"","src":"https:\/\/i0.wp.com\/blogdoprosperi.com\/wp-content\/uploads\/2017\/10\/stoke-pep-joy.jpg?fit=1024%2C576&ssl=1&resize=350%2C200","width":350,"height":200,"srcset":"https:\/\/i0.wp.com\/blogdoprosperi.com\/wp-content\/uploads\/2017\/10\/stoke-pep-joy.jpg?fit=1024%2C576&ssl=1&resize=350%2C200 1x, https:\/\/i0.wp.com\/blogdoprosperi.com\/wp-content\/uploads\/2017\/10\/stoke-pep-joy.jpg?fit=1024%2C576&ssl=1&resize=525%2C300 1.5x, https:\/\/i0.wp.com\/blogdoprosperi.com\/wp-content\/uploads\/2017\/10\/stoke-pep-joy.jpg?fit=1024%2C576&ssl=1&resize=700%2C400 2x"},"classes":[]},{"id":39482,"url":"https:\/\/blogdoprosperi.com\/?p=39482","url_meta":{"origin":38502,"position":2},"title":"Tite deixa Sele\u00e7\u00e3o Brasileira e imprensa esportiva perde poder na sucess\u00e3o do imp\u00e9rio","author":"Luiz Ant\u00f4nio Pr\u00f3speri","date":"13 de setembro de 2022","format":false,"excerpt":"Sucess\u00e3o de Tite na Sele\u00e7\u00e3o est\u00e1 aberta. Imprensa esportiva, antes muito forte, perde poder na indica\u00e7\u00e3o do novo t\u00e9cnico","rel":"","context":"Em &quot;catar 2022&quot;","block_context":{"text":"catar 2022","link":"https:\/\/blogdoprosperi.com\/?cat=47094043"},"img":{"alt_text":"Ingresso dos jogos da Sele\u00e7\u00e3o custa caro","src":"https:\/\/i0.wp.com\/blogdoprosperi.com\/wp-content\/uploads\/2017\/09\/20170901004003_59a8d6934647d.jpg?fit=1200%2C799&ssl=1&resize=350%2C200","width":350,"height":200,"srcset":"https:\/\/i0.wp.com\/blogdoprosperi.com\/wp-content\/uploads\/2017\/09\/20170901004003_59a8d6934647d.jpg?fit=1200%2C799&ssl=1&resize=350%2C200 1x, https:\/\/i0.wp.com\/blogdoprosperi.com\/wp-content\/uploads\/2017\/09\/20170901004003_59a8d6934647d.jpg?fit=1200%2C799&ssl=1&resize=525%2C300 1.5x, https:\/\/i0.wp.com\/blogdoprosperi.com\/wp-content\/uploads\/2017\/09\/20170901004003_59a8d6934647d.jpg?fit=1200%2C799&ssl=1&resize=700%2C400 2x, https:\/\/i0.wp.com\/blogdoprosperi.com\/wp-content\/uploads\/2017\/09\/20170901004003_59a8d6934647d.jpg?fit=1200%2C799&ssl=1&resize=1050%2C600 3x"},"classes":[]},{"id":167,"url":"https:\/\/blogdoprosperi.com\/?p=167","url_meta":{"origin":38502,"position":3},"title":"Corinthians joga pesado com medo de perder Tite","author":"Luiz Ant\u00f4nio Pr\u00f3speri","date":"1 de abril de 2016","format":false,"excerpt":"\u00a0 \"O Corinthians tem presidente, a CBF, n\u00e3o. O Corinthians tem t\u00e9cnico, a CBF, n\u00e3o.\" Com essas declara\u00e7\u00f5es, Roberto Andrade, presidente do Corinthians, deu um n\u00e3o \u00e0 eventual troca de Dunga por Tite no comando da Sele\u00e7\u00e3o Brasileira. A estrat\u00e9gia de Andrade \u00e9 minar a CBF e tirar a credibilidade\u2026","rel":"","context":"Em &quot;futebol&quot;","block_context":{"text":"futebol","link":"https:\/\/blogdoprosperi.com\/?cat=53870"},"img":{"alt_text":"","src":"https:\/\/i0.wp.com\/blogdoprosperi.com\/wp-content\/uploads\/2016\/04\/59c9d470-e4f4-11e4-86ce-318bab141496_inn201504160161.jpg?resize=350%2C200&ssl=1","width":350,"height":200,"srcset":"https:\/\/i0.wp.com\/blogdoprosperi.com\/wp-content\/uploads\/2016\/04\/59c9d470-e4f4-11e4-86ce-318bab141496_inn201504160161.jpg?resize=350%2C200&ssl=1 1x, https:\/\/i0.wp.com\/blogdoprosperi.com\/wp-content\/uploads\/2016\/04\/59c9d470-e4f4-11e4-86ce-318bab141496_inn201504160161.jpg?resize=525%2C300&ssl=1 1.5x"},"classes":[]},{"id":37724,"url":"https:\/\/blogdoprosperi.com\/?p=37724","url_meta":{"origin":38502,"position":4},"title":"Tite cada vez mais sozinho","author":"Luiz Ant\u00f4nio Pr\u00f3speri","date":"17 de maio de 2019","format":false,"excerpt":"Tite perde mais um assessor importante na comiss\u00e3o t\u00e9cnica da Sele\u00e7\u00e3o Brasileira. Sylvinho, seu homem de confian\u00e7a e auxiliar com direito a participar at\u00e9 de coletivas de imprensa ao seu lado, como fez na Copa da R\u00fassia, vai assumir o comando do Lyon da Fran\u00e7a. J\u00e1. Antes mesmo da Copa\u2026","rel":"","context":"Em &quot;Copa do Mundo 2018&quot;","block_context":{"text":"Copa do Mundo 2018","link":"https:\/\/blogdoprosperi.com\/?cat=43723753"},"img":{"alt_text":"","src":"https:\/\/i0.wp.com\/blogdoprosperi.com\/wp-content\/uploads\/2019\/05\/x82709690_soccer-footballcopa-america-2019-brazilian-team-announcedrio-de-janeiro-brazilmay.jpg.pagespeed.ic_.5szevbmi7z.jpg?fit=1086%2C652&ssl=1&resize=350%2C200","width":350,"height":200,"srcset":"https:\/\/i0.wp.com\/blogdoprosperi.com\/wp-content\/uploads\/2019\/05\/x82709690_soccer-footballcopa-america-2019-brazilian-team-announcedrio-de-janeiro-brazilmay.jpg.pagespeed.ic_.5szevbmi7z.jpg?fit=1086%2C652&ssl=1&resize=350%2C200 1x, https:\/\/i0.wp.com\/blogdoprosperi.com\/wp-content\/uploads\/2019\/05\/x82709690_soccer-footballcopa-america-2019-brazilian-team-announcedrio-de-janeiro-brazilmay.jpg.pagespeed.ic_.5szevbmi7z.jpg?fit=1086%2C652&ssl=1&resize=525%2C300 1.5x, https:\/\/i0.wp.com\/blogdoprosperi.com\/wp-content\/uploads\/2019\/05\/x82709690_soccer-footballcopa-america-2019-brazilian-team-announcedrio-de-janeiro-brazilmay.jpg.pagespeed.ic_.5szevbmi7z.jpg?fit=1086%2C652&ssl=1&resize=700%2C400 2x, https:\/\/i0.wp.com\/blogdoprosperi.com\/wp-content\/uploads\/2019\/05\/x82709690_soccer-footballcopa-america-2019-brazilian-team-announcedrio-de-janeiro-brazilmay.jpg.pagespeed.ic_.5szevbmi7z.jpg?fit=1086%2C652&ssl=1&resize=1050%2C600 3x"},"classes":[]},{"id":41200,"url":"https:\/\/blogdoprosperi.com\/?p=41200","url_meta":{"origin":38502,"position":5},"title":"CBF desliga Tite da Sele\u00e7\u00e3o e sai em busca do sucessor; Galv\u00e3o Bueno pede Ancelotti-Falc\u00e3o","author":"Luiz Ant\u00f4nio Pr\u00f3speri","date":"17 de janeiro de 2023","format":false,"excerpt":"Tite \u00e9 desligado da Sele\u00e7\u00e3o Brasileira. Presidente da CBF inicia os trabalhos em busca de um novo treinador. E Galv\u00e3o Bueno lan\u00e7a dobradinha Carlo Ancelotti e Falc\u00e3o.","rel":"","context":"Em &quot;copa do mundo catar 2022&quot;","block_context":{"text":"copa do mundo catar 2022","link":"https:\/\/blogdoprosperi.com\/?cat=301049609"},"img":{"alt_text":"","src":"https:\/\/i0.wp.com\/blogdoprosperi.com\/wp-content\/uploads\/2023\/01\/img2746741512324.webp?fit=769%2C514&ssl=1&resize=350%2C200","width":350,"height":200,"srcset":"https:\/\/i0.wp.com\/blogdoprosperi.com\/wp-content\/uploads\/2023\/01\/img2746741512324.webp?fit=769%2C514&ssl=1&resize=350%2C200 1x, https:\/\/i0.wp.com\/blogdoprosperi.com\/wp-content\/uploads\/2023\/01\/img2746741512324.webp?fit=769%2C514&ssl=1&resize=525%2C300 1.5x, https:\/\/i0.wp.com\/blogdoprosperi.com\/wp-content\/uploads\/2023\/01\/img2746741512324.webp?fit=769%2C514&ssl=1&resize=700%2C400 2x"},"classes":[]}],"jetpack_featured_media_url":"https:\/\/i0.wp.com\/blogdoprosperi.com\/wp-content\/uploads\/2021\/06\/20210603200547_13-1.jpeg?fit=910%2C607&ssl=1","_links":{"self":[{"href":"https:\/\/blogdoprosperi.com\/index.php?rest_route=\/wp\/v2\/posts\/38502","targetHints":{"allow":["GET"]}}],"collection":[{"href":"https:\/\/blogdoprosperi.com\/index.php?rest_route=\/wp\/v2\/posts"}],"about":[{"href":"https:\/\/blogdoprosperi.com\/index.php?rest_route=\/wp\/v2\/types\/post"}],"author":[{"embeddable":true,"href":"https:\/\/blogdoprosperi.com\/index.php?rest_route=\/wp\/v2\/users\/102107496"}],"replies":[{"embeddable":true,"href":"https:\/\/blogdoprosperi.com\/index.php?rest_route=%2Fwp%2Fv2%2Fcomments&post=38502"}],"version-history":[{"count":12,"href":"https:\/\/blogdoprosperi.com\/index.php?rest_route=\/wp\/v2\/posts\/38502\/revisions"}],"predecessor-version":[{"id":38542,"href":"https:\/\/blogdoprosperi.com\/index.php?rest_route=\/wp\/v2\/posts\/38502\/revisions\/38542"}],"wp:featuredmedia":[{"embeddable":true,"href":"https:\/\/blogdoprosperi.com\/index.php?rest_route=\/wp\/v2\/media\/38508"}],"wp:attachment":[{"href":"https:\/\/blogdoprosperi.com\/index.php?rest_route=%2Fwp%2Fv2%2Fmedia&parent=38502"}],"wp:term":[{"taxonomy":"category","embeddable":true,"href":"https:\/\/blogdoprosperi.com\/index.php?rest_route=%2Fwp%2Fv2%2Fcategories&post=38502"},{"taxonomy":"post_tag","embeddable":true,"href":"https:\/\/blogdoprosperi.com\/index.php?rest_route=%2Fwp%2Fv2%2Ftags&post=38502"}],"curies":[{"name":"wp","href":"https:\/\/api.w.org\/{rel}","templated":true}]}}