{"id":38658,"date":"2021-06-29T17:18:05","date_gmt":"2021-06-29T20:18:05","guid":{"rendered":"https:\/\/blogdoprosperi.com\/?p=38658"},"modified":"2021-07-05T22:58:29","modified_gmt":"2021-07-06T01:58:29","slug":"messi-desafia-neymar-na-copa-covid-america-2021","status":"publish","type":"post","link":"https:\/\/blogdoprosperi.com\/?p=38658","title":{"rendered":"Messi desafia Neymar na Copa &#8220;Covid&#8221; Am\u00e9rica 2021"},"content":{"rendered":"<p>Messi n\u00e3o parece disposto a ver Neymar em recital solo nesta Copa Am\u00e9rica 2021.<\/p>\n<p>Mesmo constrangido a jogar nos paup\u00e9rrimos gramados brasileiros, argentino luta em busca da ta\u00e7a. Um pr\u00eamio, consolo, por ainda n\u00e3o ter no seu valioso cartel um t\u00edtulo de relev\u00e2ncia vestindo a camisa da Argentina.<\/p>\n<p>Lionel, segundo dados da Conmebol, \u00e9 o jogador mais decisivo at\u00e9 aqui \u2013 tr\u00eas gols e duas assist\u00eancias \u2013 da Copa.<\/p>\n<p>N\u00fameros apenas. Importante nesses n\u00fameros \u00e9 a fome do craque. Mais que excel\u00eancia t\u00e9cnica, ele parece alegre. N\u00e3o se v\u00ea obrigado a carregar o fardo argentino nas costas e, at\u00e9 por isso, engrandece o time alviceleste.<\/p>\n<p>\u201cA nossa ideia, da comiss\u00e3o t\u00e9cnica, \u00e9 que nem sempre \u00e9 o Leo (<em>Messi<\/em>) quem decide os jogos. Obviamente \u00e9 o Messi e sempre ser\u00e1 a chave. Mas tem que sentir que nem tudo depende dele\u201d, explicam fontes do bunker da sele\u00e7\u00e3o argentina ao <em>El Pa\u00eds<\/em>. Lionel Scaloni (<em>t\u00e9cnico da Argentina<\/em>), em todo o caso, lembra porque o craque n\u00e3o pode faltar: &#8220;Leo \u00e9 quem tem mais sangue, quem mais quer ganhar e quem mais d\u00f3i por perder&#8221;.<\/p>\n<p>Nessa toada, Messi tamb\u00e9m nem se faz iludir por malabarismos, dribles, como se fosse o centro da luz no palco. Joga e quer jogar. Simples.<\/p>\n<p>Problema \u00e9 que o simples de Messi n\u00e3o tem nada de simpl\u00f3rio. Assombra e encanta. Neymar \u00e0 espreita.<\/p>\n<p>Messi sabe de cor e salteado que para levar Argentina \u00e0 gl\u00f3ria da Am\u00e9rica, muito prov\u00e1vel, ter\u00e1 Neymar pela frente na batalha final dia 11 de julho no Maracan\u00e3.<\/p>\n<p>Companheiros num passado remoto no Barcelona, Messi e Neymar t\u00eam este encontro marcado, mesmo ainda sem confirma\u00e7\u00e3o oficial. Pode ser que um deles n\u00e3o receba o convite.<\/p>\n<p>Entramos agora nas quartas de final do famigerado torneio e nas curvas do rio at\u00e9 a final um dos dois pode se enroscar em troncos encalhados.<\/p>\n<p>Se chegarem ao dia do encontro sem problemas f\u00edsicos, se preparem. A terra pode tremer.<\/p>\n<p>Seria tamb\u00e9m a salva\u00e7\u00e3o da Copa &#8220;Covid&#8221; Am\u00e9rica. At\u00e9 aqui, o torneio realizado \u00e0s pressas no Brasil \u00e9 um po\u00e7o fundo cheio de jogos ruins, de baixo n\u00edvel t\u00e9cnico, gramados esgar\u00e7ados e poucos destaques. Sombrio.<\/p>\n<p>Am\u00e9rica do Sul assolada pela Covid, com o Brasil liderando estat\u00edsticas macabras, n\u00e3o poderia jogar esta Copa. Por sorte dos organizadores, Neymar e Messi ainda est\u00e3o inteiros. E o futebol sobrevive.<\/p>\n<p><em><strong>Confira estat\u00edstica oficial e tabela da Copa Am\u00e9rica:<\/strong><\/em><\/p>\n<p><span class=\"alignnone\"><img data-recalc-dims=\"1\" loading=\"lazy\" decoding=\"async\" data-attachment-id=\"38754\" data-permalink=\"https:\/\/blogdoprosperi.com\/?attachment_id=38754\" data-orig-file=\"https:\/\/i0.wp.com\/blogdoprosperi.com\/wp-content\/uploads\/2021\/06\/whatsapp-image-2021-06-28-at-22.43.03.jpg?fit=1080%2C1080&amp;ssl=1\" data-orig-size=\"1080,1080\" data-comments-opened=\"1\" data-image-meta=\"{&quot;aperture&quot;:&quot;0&quot;,&quot;credit&quot;:&quot;&quot;,&quot;camera&quot;:&quot;&quot;,&quot;caption&quot;:&quot;&quot;,&quot;created_timestamp&quot;:&quot;0&quot;,&quot;copyright&quot;:&quot;&quot;,&quot;focal_length&quot;:&quot;0&quot;,&quot;iso&quot;:&quot;0&quot;,&quot;shutter_speed&quot;:&quot;0&quot;,&quot;title&quot;:&quot;&quot;,&quot;orientation&quot;:&quot;0&quot;}\" data-image-title=\"WhatsApp-Image-2021-06-28-at-22.43.03\" data-image-description=\"\" data-image-caption=\"\" data-large-file=\"https:\/\/i0.wp.com\/blogdoprosperi.com\/wp-content\/uploads\/2021\/06\/whatsapp-image-2021-06-28-at-22.43.03.jpg?fit=940%2C940&amp;ssl=1\" class=\"alignnone wp-image-38754\" src=\"https:\/\/i0.wp.com\/blogdoprosperi.com\/wp-content\/uploads\/2021\/06\/whatsapp-image-2021-06-28-at-22.43.03.jpg?resize=576%2C576&#038;ssl=1\" alt=\"\" width=\"576\" height=\"576\"><\/span><\/p>\n<p>Argentina goleou a Bol\u00edvia e o Uruguai superou o Paraguai,&nbsp;definindo os quatro duelos das quartas de final, que come\u00e7am na pr\u00f3xima sexta-feira (02\/7). Restam 8 jogos at\u00e9 se revelar o campe\u00e3o e a julgar pelos n\u00fameros da competi\u00e7\u00e3o por enquanto, podemos esperar muita emo\u00e7\u00e3o.<\/p>\n<p>Segundo&nbsp;<strong>dados do OPTA,<\/strong>&nbsp;em&nbsp;<strong>20 partidas disputadas<\/strong>, j\u00e1 foram marcados&nbsp;<strong>46 gols<\/strong>&nbsp;(21 no primeiro tempo e 25 no segundo, 90% de dentro da \u00e1rea e 10% de fora), m\u00e9dia de 2,3 gols por jogo. O craque mais decisivo neste per\u00edodo (para surpresa de nenhum torcedor) foi&nbsp;<strong>Lionel Messi.&nbsp;<\/strong><\/p>\n<p><span class=\"alignnone\"><img data-recalc-dims=\"1\" loading=\"lazy\" decoding=\"async\" class=\"alignnone wp-image-4847 size-medium_large\" src=\"https:\/\/i0.wp.com\/copaamericacom.wpcomstaging.com\/wp-content\/uploads\/Co%CC%81pia-de-Header-Thumb-Site-Copa-Ame%CC%81rica-10-768x343.png?resize=768%2C343&#038;ssl=1\" alt=\"\" width=\"768\" height=\"343\"><\/span><\/p>\n<p>O&nbsp;<strong>camisa 10 argentino \u00e9 o artilheiro<\/strong>&nbsp;da Copa Am\u00e9rica 2021, com 3 gols, e um dos l\u00edderes em assist\u00eancias, com 2 (empatado com o brasileiro Neymar). \u00c9, portanto, o l\u00edder de participa\u00e7\u00f5es em gols (5).<\/p>\n<p>Entre as sele\u00e7\u00f5es, o&nbsp;<strong>Brasil de Neymar<\/strong>&nbsp;aparece como a mais efetiva nesta primeira fase. \u00c9 a equipe com mais gols feitos (10), menos gols sofridos (2) e o melhor saldo de gols (8).<\/p>\n<p>Ainda no assunto bola na rede,&nbsp;o argentino Alejandro G\u00f3mez fez o gol mais r\u00e1pido do torneio at\u00e9 aqui, na vit\u00f3ria contra a Bol\u00edvia, com seis minutos do primeiro tempo, e o brasileiro Casemiro fez o gol mais tardio, aos 50 minutos dos segundo tempo, na vit\u00f3ria sobre a Col\u00f4mbia.<\/p>\n<p><b>Defesas, faltas, cart\u00f5es e p\u00eanaltis<\/b><\/p>\n<p>Mais alguns n\u00fameros interessantes da CONMEBOL Copa Am\u00e9rica 2021: foram realizadas&nbsp;<strong>121 defesas nos 20 confrontos disputados<\/strong>&nbsp;(m\u00e9dia de 6,05 por jogo), com 166 chutes a gol (m\u00e9dia de 8,3).<\/p>\n<p>Al\u00e9m de a bola estar rolando solta,&nbsp;<strong>a disputa tem sido leal.<\/strong>&nbsp;Cometeram-se 521 faltas (26,05 por partida), resultando em somente 70 cart\u00f5es amarelos (3,5 por jogo) e apenas dois cart\u00f5es vermelhos. Os \u00e1rbitros j\u00e1 apitaram 7 p\u00eanaltis, 6 deles convertidos em gol e um defendido.<\/p>\n<h4>Jogadores com\u2026<\/h4>\n<p><strong>4 jogos inteiros em campo<\/strong>&nbsp;21<br \/>\n<strong>Mais gols<\/strong>&nbsp;Lionel Messi (Argentina) \u2013 3<br \/>\n<strong>Mais assist\u00eancias<\/strong>&nbsp;Lionel Messi (Argentina) e Neymar (Brasil) \u2013 2<br \/>\n<strong>Mais chutes a gol<\/strong>&nbsp;Lionel Messi (Argentina) \u2013 12<br \/>\n<strong>Mais chances criadas<\/strong>&nbsp;Neymar (Brasil) e Alejandro Romero Gamarra (Paraguai) \u2013 12<br \/>\n<strong>Mais dribles completados<\/strong>&nbsp;Lionel Messi (Argentina) \u2013 22<br \/>\n<strong>Mais bolas roubadas<\/strong>&nbsp;Yosimar Yot\u00fan (Peru) \u2013 38<br \/>\n<strong>Mais faltas cometidas<\/strong>&nbsp;Pervis Estupi\u00f1an (Equador) \u2013 14<br \/>\n<strong>Mais faltas recebidas<\/strong>&nbsp;Neymar (Brasil)- 18<br \/>\n<strong>Mais intercepta\u00e7\u00f5es<\/strong>&nbsp;Alberto Esp\u00ednola (Paraguai) \u2013 14<br \/>\n<strong>Mais defesas<\/strong>&nbsp;Carlos Lampe (Bol\u00edvia) \u2013 25<br \/>\n<strong>Maior % de defesas<\/strong><em>&nbsp;Wuilker Far\u00ed\u00f1ez (Venezuela) e Emiliano Mart\u00ednez (Argentina) \u2013 83,3%<br \/>\ncom mais de um jogo disputado<\/em><\/p>\n<h4><em><strong>Equipes com\u2026<\/strong><\/em><\/h4>\n<p><strong>Maior posse de bola<\/strong>&nbsp;Brasil \u2013 61,7%<br \/>\n<strong>Mais chutes a gol<\/strong>&nbsp;Argentina \u2013 28<br \/>\n<strong>Porcentagem de chutes a gol<\/strong>&nbsp;Argentina \u2013 51,9%<br \/>\n<strong>Porcentagem de convers\u00e3o em gols<\/strong>&nbsp;Brasil \u2013 17,9%<br \/>\n<strong>Minutos por gol mais baixo<\/strong>&nbsp;Brasil \u2013 um gol a cada 36 minutos<br \/>\n<strong>Mais faltas cometidas<\/strong>&nbsp;Paraguai \u2013 65<br \/>\n<strong>Mais faltas recebidas<\/strong>&nbsp;Argentina \u2013 69<br \/>\n<strong>Menos cart\u00f5es recebidos<\/strong>&nbsp;Uruguai \u2013 3 amarelos<\/p>\n<h4><em><strong>Partidas com\u2026<\/strong><\/em><\/h4>\n<p><strong>Mais finaliza\u00e7\u00f5es<\/strong>&nbsp;Paraguai 3 \u2013 Bol\u00edvia 1 (34)<br \/>\n<strong>Mais chutes no gol&nbsp;<\/strong>&nbsp;Argentina 4 \u2013 Bol\u00edvia 1 (13)<br \/>\n<strong>Mais passes certos<\/strong>&nbsp;Argentina 4 \u2013 Bol\u00edvia 1 (760)<br \/>\n<strong>Mais faltas<\/strong>&nbsp;Col\u00f4mbia 1 \u2013 Equador 0 (35)<br \/>\n<strong>Mais cart\u00f5es amarelos&nbsp;<\/strong>Col\u00f4mbia 1 \u2013 Brasil 2 e Col\u00f4mbia 0 \u2013 Venezuela 0 (7)<br \/>\n<strong>Mais impedimentos<\/strong>&nbsp;Argentina 1 \u2013 Chile 1 (9)<br \/>\n<strong>Menor tempo de bola rolando<\/strong>&nbsp;Argentina 1 \u2013 Chile 1 (46:06)<br \/>\n<strong>Maior tempo de bola rolando<\/strong>&nbsp;Argentina 4 \u2013 Bol\u00edvia 1 (66:06)<\/p>\n<p>Mas \u00e9 tamb\u00e9m a Copa Am\u00e9rica da Covid.<\/p>\n<p><em><strong>Confira nota da Conmebol divulgada na segunda semana de junho<\/strong><strong>:<\/strong><\/em><\/p>\n<ul>\n<li>As estat\u00edsticas da Comiss\u00e3o M\u00e9dica da CONMEBOL e das autoridades sanit\u00e1rias do Brasil revelam uma alta efic\u00e1cia dos protocolos sanit\u00e1rios.<\/li>\n<li>A taxa de casos positivos caiu de 1,7%, no in\u00edcio da competi\u00e7\u00e3o, para 0,7%, atualmente. A grande maioria dos casos \u00e9 registrada entre o pessoal de apoio log\u00edstico terceirizado.<\/li>\n<\/ul>\n<p>A Comiss\u00e3o M\u00e9dica da CONMEBOL divulgou uma tabela comparativa dos testes do coronav\u00edrus realizados em tr\u00eas datas da Copa Am\u00e9rica 2021. Os n\u00fameros refletem uma clara tend\u00eancia de queda no n\u00famero de casos positivos, refletindo a alta efici\u00eancia dos protocolos sanit\u00e1rios aplicados na competi\u00e7\u00e3o.<\/p>\n<p>De fato, em 14 de junho, foram coletadas 3.045 amostras, dos quais 53 deram positivo, um n\u00famero que representa 1,73% do total. Cinco dias depois, em 19 de junho, o n\u00famero de testes realizados subiu para 15.235, com 140 casos positivos, ou seja, 0,9% do total. No dia 21 deste m\u00eas, a soma de todos os testes realizados desde o in\u00edcio do evento havia atingido 22.856, dos quais 166 foram positivos, reduzindo a incid\u00eancia para 0,7%.<\/p>\n<p>O relat\u00f3rio inclui outro elemento relevante. A grande maioria dos casos positivos corresponde ao pessoal de apoio log\u00edstico terceirizado no Brasil que ainda n\u00e3o havia sido vacinado, por raz\u00f5es al\u00e9m do controle da CONMEBOL. Por outro lado, os jogadores constituem uma minoria absoluta no grupo de positivos detectados nos testes. Al\u00e9m disso, muitos desses atletas j\u00e1 foram liberados para futuros encontros do torneio, ap\u00f3s cumprirem a rigorosa quarentena imposta pelo Minist\u00e9rio da Sa\u00fade do Brasil.<\/p>\n<p>As estat\u00edsticas divulgadas pela Comiss\u00e3o M\u00e9dica da CONMEBOL s\u00e3o compiladas em colabora\u00e7\u00e3o com autoridades e funcion\u00e1rios do Minist\u00e9rio da Sa\u00fade do Brasil.<\/p>\n<p><span style=\"font-size:1em;\">Segundo a pasta, foram confirmados 11 novos casos desde segunda-feira. No total, s\u00e3o 52 os casos confirmados.<\/span><\/p>\n<div class=\"wall protected-content\">\n<div class=\"mc-column content-text active-extra-styles \">\n<p class=\"content-text__container \">&#8220;Foram realizados 3.045 testes de RT-PCR entre jogadores, membros das delega\u00e7\u00f5es e prestadores de servi\u00e7os. At\u00e9 o momento, 52 casos de Covid-19 foram confirmados, <strong>sendo 33 entre jogadores e membros das delega\u00e7\u00f5es e 19 prestadores de servi\u00e7os contratados para o evento<\/strong>. Os casos de prestadores de servi\u00e7os foram confirmados em Bras\u00edlia (DF) e no Rio de Janeiro (RJ). A positividade de casos por Covid-19 foi de 1,70%&#8221;, explicou o Minist\u00e9rio da Sa\u00fade, por meio de nota oficial.<\/p>\n<\/div>\n<\/div>\n","protected":false},"excerpt":{"rendered":"<p>Lionel Messi n\u00e3o est\u00e1 disposto a ver recital solo de Neymar na Copa Covid Am\u00e9rica 2021<\/p>\n","protected":false},"author":102107496,"featured_media":38756,"comment_status":"open","ping_status":"open","sticky":false,"template":"","format":"standard","meta":{"_coblocks_attr":"","_coblocks_dimensions":"","_coblocks_responsive_height":"","_coblocks_accordion_ie_support":"","_jetpack_newsletter_access":"","_jetpack_dont_email_post_to_subs":false,"_jetpack_newsletter_tier_id":0,"_jetpack_memberships_contains_paywalled_content":false,"_wpcom_ai_launchpad_first_post":false,"_jetpack_feature_clip_id":0,"_jetpack_memberships_contains_paid_content":false,"footnotes":"","jetpack_publicize_message":"","jetpack_publicize_feature_enabled":true,"jetpack_social_post_already_shared":false,"jetpack_social_options":{"image_generator_settings":{"template":"highway","default_image_id":0,"font":"","enabled":false},"version":2},"jetpack_post_was_ever_published":false},"categories":[53870,708074783,174694],"tags":[535722,720474467,789560560,81750,4112146,4600373,789560562],"class_list":["post-38658","post","type-post","status-publish","format-standard","has-post-thumbnail","hentry","category-futebol","category-futebol-2021","category-selecao-brasileira","tag-conmebol","tag-copa-america-covid-2021","tag-futebol","tag-messi","tag-neymar","tag-selecao-argentina","tag-selecao-brasileira"],"yoast_head":"<!-- This site is optimized with the Yoast SEO plugin v28.4 - https:\/\/yoast.com\/product\/yoast-seo-wordpress\/ -->\n<title>Messi desafia Neymar na Copa &quot;Covid&quot; Am\u00e9rica 2021 - PR\u00d3SPERI NEWS<\/title>\n<meta name=\"robots\" content=\"index, follow, max-snippet:-1, max-image-preview:large, max-video-preview:-1\" \/>\n<link rel=\"canonical\" href=\"https:\/\/blogdoprosperi.com\/?p=38658\" \/>\n<meta property=\"og:locale\" content=\"pt_BR\" \/>\n<meta property=\"og:type\" content=\"article\" \/>\n<meta property=\"og:title\" content=\"Messi desafia Neymar na Copa &quot;Covid&quot; Am\u00e9rica 2021 - PR\u00d3SPERI NEWS\" \/>\n<meta property=\"og:description\" content=\"Lionel Messi n\u00e3o est\u00e1 disposto a ver recital solo de Neymar na Copa Covid Am\u00e9rica 2021\" \/>\n<meta property=\"og:url\" content=\"https:\/\/blogdoprosperi.com\/?p=38658\" \/>\n<meta property=\"og:site_name\" content=\"PR\u00d3SPERI NEWS\" \/>\n<meta property=\"article:publisher\" content=\"Luiz Pr\u00f3speri\" \/>\n<meta property=\"article:author\" content=\"Luiz Pr\u00f3speri\" \/>\n<meta property=\"article:published_time\" content=\"2021-06-29T20:18:05+00:00\" \/>\n<meta property=\"article:modified_time\" content=\"2021-07-06T01:58:29+00:00\" \/>\n<meta property=\"og:image\" content=\"https:\/\/i0.wp.com\/blogdoprosperi.com\/wp-content\/uploads\/2021\/06\/captura-de-tela-2021-06-29-as-17.07.14.png?fit=1336%2C750&ssl=1\" \/>\n\t<meta property=\"og:image:width\" content=\"1336\" \/>\n\t<meta property=\"og:image:height\" content=\"750\" \/>\n\t<meta property=\"og:image:type\" content=\"image\/png\" \/>\n<meta name=\"author\" content=\"Luiz Ant\u00f4nio Pr\u00f3speri\" \/>\n<meta name=\"twitter:card\" content=\"summary_large_image\" \/>\n<meta name=\"twitter:creator\" content=\"@Luizprosperi\" \/>\n<meta name=\"twitter:site\" content=\"@Luizprosperi\" \/>\n<meta name=\"twitter:label1\" content=\"Escrito por\" \/>\n\t<meta name=\"twitter:data1\" content=\"Luiz Ant\u00f4nio Pr\u00f3speri\" \/>\n\t<meta name=\"twitter:label2\" content=\"Est. tempo de leitura\" \/>\n\t<meta name=\"twitter:data2\" content=\"7 minutos\" \/>\n<script type=\"application\/ld+json\" class=\"yoast-schema-graph\">{\"@context\":\"https:\\\/\\\/schema.org\",\"@graph\":[{\"@type\":\"Article\",\"@id\":\"https:\\\/\\\/blogdoprosperi.com\\\/?p=38658#article\",\"isPartOf\":{\"@id\":\"https:\\\/\\\/blogdoprosperi.com\\\/?p=38658\"},\"author\":{\"name\":\"Luiz Ant\u00f4nio Pr\u00f3speri\",\"@id\":\"https:\\\/\\\/blogdoprosperi.com\\\/#\\\/schema\\\/person\\\/38100755ce3601861ee4fab9b5aa78e9\"},\"headline\":\"Messi desafia Neymar na Copa &#8220;Covid&#8221; Am\u00e9rica 2021\",\"datePublished\":\"2021-06-29T20:18:05+00:00\",\"dateModified\":\"2021-07-06T01:58:29+00:00\",\"mainEntityOfPage\":{\"@id\":\"https:\\\/\\\/blogdoprosperi.com\\\/?p=38658\"},\"wordCount\":1383,\"commentCount\":0,\"publisher\":{\"@id\":\"https:\\\/\\\/blogdoprosperi.com\\\/#\\\/schema\\\/person\\\/38100755ce3601861ee4fab9b5aa78e9\"},\"image\":{\"@id\":\"https:\\\/\\\/blogdoprosperi.com\\\/?p=38658#primaryimage\"},\"thumbnailUrl\":\"https:\\\/\\\/i0.wp.com\\\/blogdoprosperi.com\\\/wp-content\\\/uploads\\\/2021\\\/06\\\/captura-de-tela-2021-06-29-as-17.07.14.png?fit=1336%2C750&ssl=1\",\"keywords\":[\"Conmebol\",\"Copa Am\u00e9rica Covid 2021\",\"futebol\",\"Messi\",\"Neymar\",\"Sele\u00e7\u00e3o Argentina\",\"Sele\u00e7\u00e3o Brasileira\"],\"articleSection\":[\"futebol\",\"futebol 2021\",\"Sele\u00e7\u00e3o Brasileira\"],\"inLanguage\":\"pt-BR\",\"potentialAction\":[{\"@type\":\"CommentAction\",\"name\":\"Comment\",\"target\":[\"https:\\\/\\\/blogdoprosperi.com\\\/?p=38658#respond\"]}]},{\"@type\":\"WebPage\",\"@id\":\"https:\\\/\\\/blogdoprosperi.com\\\/?p=38658\",\"url\":\"https:\\\/\\\/blogdoprosperi.com\\\/?p=38658\",\"name\":\"Messi desafia Neymar na Copa \\\"Covid\\\" Am\u00e9rica 2021 - PR\u00d3SPERI NEWS\",\"isPartOf\":{\"@id\":\"https:\\\/\\\/blogdoprosperi.com\\\/#website\"},\"primaryImageOfPage\":{\"@id\":\"https:\\\/\\\/blogdoprosperi.com\\\/?p=38658#primaryimage\"},\"image\":{\"@id\":\"https:\\\/\\\/blogdoprosperi.com\\\/?p=38658#primaryimage\"},\"thumbnailUrl\":\"https:\\\/\\\/i0.wp.com\\\/blogdoprosperi.com\\\/wp-content\\\/uploads\\\/2021\\\/06\\\/captura-de-tela-2021-06-29-as-17.07.14.png?fit=1336%2C750&ssl=1\",\"datePublished\":\"2021-06-29T20:18:05+00:00\",\"dateModified\":\"2021-07-06T01:58:29+00:00\",\"breadcrumb\":{\"@id\":\"https:\\\/\\\/blogdoprosperi.com\\\/?p=38658#breadcrumb\"},\"inLanguage\":\"pt-BR\",\"potentialAction\":[{\"@type\":\"ReadAction\",\"target\":[\"https:\\\/\\\/blogdoprosperi.com\\\/?p=38658\"]}]},{\"@type\":\"ImageObject\",\"inLanguage\":\"pt-BR\",\"@id\":\"https:\\\/\\\/blogdoprosperi.com\\\/?p=38658#primaryimage\",\"url\":\"https:\\\/\\\/i0.wp.com\\\/blogdoprosperi.com\\\/wp-content\\\/uploads\\\/2021\\\/06\\\/captura-de-tela-2021-06-29-as-17.07.14.png?fit=1336%2C750&ssl=1\",\"contentUrl\":\"https:\\\/\\\/i0.wp.com\\\/blogdoprosperi.com\\\/wp-content\\\/uploads\\\/2021\\\/06\\\/captura-de-tela-2021-06-29-as-17.07.14.png?fit=1336%2C750&ssl=1\",\"width\":1336,\"height\":750,\"caption\":\"foto montagem: site Conmebol\"},{\"@type\":\"BreadcrumbList\",\"@id\":\"https:\\\/\\\/blogdoprosperi.com\\\/?p=38658#breadcrumb\",\"itemListElement\":[{\"@type\":\"ListItem\",\"position\":1,\"name\":\"In\u00edcio\",\"item\":\"https:\\\/\\\/blogdoprosperi.com\\\/\"},{\"@type\":\"ListItem\",\"position\":2,\"name\":\"Messi desafia Neymar na Copa &#8220;Covid&#8221; Am\u00e9rica 2021\"}]},{\"@type\":\"WebSite\",\"@id\":\"https:\\\/\\\/blogdoprosperi.com\\\/#website\",\"url\":\"https:\\\/\\\/blogdoprosperi.com\\\/\",\"name\":\"PR\u00d3SPERI NEWS\",\"description\":\"TUDO \u00c9  FUTEBOL\",\"publisher\":{\"@id\":\"https:\\\/\\\/blogdoprosperi.com\\\/#\\\/schema\\\/person\\\/38100755ce3601861ee4fab9b5aa78e9\"},\"alternateName\":\"blogdoprosperi.com\",\"potentialAction\":[{\"@type\":\"SearchAction\",\"target\":{\"@type\":\"EntryPoint\",\"urlTemplate\":\"https:\\\/\\\/blogdoprosperi.com\\\/?s={search_term_string}\"},\"query-input\":{\"@type\":\"PropertyValueSpecification\",\"valueRequired\":true,\"valueName\":\"search_term_string\"}}],\"inLanguage\":\"pt-BR\"},{\"@type\":[\"Person\",\"Organization\"],\"@id\":\"https:\\\/\\\/blogdoprosperi.com\\\/#\\\/schema\\\/person\\\/38100755ce3601861ee4fab9b5aa78e9\",\"name\":\"Luiz Ant\u00f4nio Pr\u00f3speri\",\"pronouns\":\"ele\",\"image\":{\"@type\":\"ImageObject\",\"inLanguage\":\"pt-BR\",\"@id\":\"https:\\\/\\\/i0.wp.com\\\/blogdoprosperi.com\\\/wp-content\\\/uploads\\\/2026\\\/05\\\/cropped-8059e613-6002-42fa-961e-8e275f575d71-2-5.jpg?fit=1360%2C931&ssl=1\",\"url\":\"https:\\\/\\\/i0.wp.com\\\/blogdoprosperi.com\\\/wp-content\\\/uploads\\\/2026\\\/05\\\/cropped-8059e613-6002-42fa-961e-8e275f575d71-2-5.jpg?fit=1360%2C931&ssl=1\",\"contentUrl\":\"https:\\\/\\\/i0.wp.com\\\/blogdoprosperi.com\\\/wp-content\\\/uploads\\\/2026\\\/05\\\/cropped-8059e613-6002-42fa-961e-8e275f575d71-2-5.jpg?fit=1360%2C931&ssl=1\",\"width\":1360,\"height\":931,\"caption\":\"Luiz Ant\u00f4nio Pr\u00f3speri\"},\"logo\":{\"@id\":\"https:\\\/\\\/i0.wp.com\\\/blogdoprosperi.com\\\/wp-content\\\/uploads\\\/2026\\\/05\\\/cropped-8059e613-6002-42fa-961e-8e275f575d71-2-5.jpg?fit=1360%2C931&ssl=1\"},\"description\":\"Jornalista com carreira dedicada ao esporte. Cobriu 9 Copas do Mundo in loco, 1990 na It\u00e1lia, 1994 nos EUA, 1998 na Fran\u00e7a, 2002 na Coreia do Sul e Jap\u00e3o, 2006 na Alemanha, 2010 na \u00c1frica do Sul, 2014 no Brasil, 2018 na R\u00fassia e 2022 no Qatar. Eurocopas, 1992 na Su\u00e9cia e 1996 na Inglaterra. Copa das Confedera\u00e7\u00f5es de 2005 na Alemanha e 2009 na \u00c1frica do Sul. Rep\u00f3rter e Editor, trabalhou no Jornal da Tarde e Estad\u00e3o, de 1984 a fevereiro de 2016. Colunista, blogueiro. E comentarista de futebol na R\u00e1dio Estad\u00e3o, de 2013 a fevereiro de 2016. Jornalista respons\u00e1vel do \\\"Pr\u00f3speri News\\\" (blogdoprosperi.com).\",\"sameAs\":[\"http:\\\/\\\/blogdoprosperi.com\",\"Luiz Pr\u00f3speri\",\"@luiz_prosperi\",\"https:\\\/\\\/x.com\\\/Luizprosperi\",\"@prosperinacopa\",\"luiz.prosperi@icloud.com\"],\"url\":\"https:\\\/\\\/blogdoprosperi.com\\\/?author=102107496\"}]}<\/script>\n<!-- \/ Yoast SEO plugin. -->","yoast_head_json":{"title":"Messi desafia Neymar na Copa \"Covid\" Am\u00e9rica 2021 - PR\u00d3SPERI NEWS","robots":{"index":"index","follow":"follow","max-snippet":"max-snippet:-1","max-image-preview":"max-image-preview:large","max-video-preview":"max-video-preview:-1"},"canonical":"https:\/\/blogdoprosperi.com\/?p=38658","og_locale":"pt_BR","og_type":"article","og_title":"Messi desafia Neymar na Copa \"Covid\" Am\u00e9rica 2021 - PR\u00d3SPERI NEWS","og_description":"Lionel Messi n\u00e3o est\u00e1 disposto a ver recital solo de Neymar na Copa Covid Am\u00e9rica 2021","og_url":"https:\/\/blogdoprosperi.com\/?p=38658","og_site_name":"PR\u00d3SPERI NEWS","article_publisher":"Luiz Pr\u00f3speri","article_author":"Luiz Pr\u00f3speri","article_published_time":"2021-06-29T20:18:05+00:00","article_modified_time":"2021-07-06T01:58:29+00:00","og_image":[{"width":1336,"height":750,"url":"https:\/\/i0.wp.com\/blogdoprosperi.com\/wp-content\/uploads\/2021\/06\/captura-de-tela-2021-06-29-as-17.07.14.png?fit=1336%2C750&ssl=1","type":"image\/png"}],"author":"Luiz Ant\u00f4nio Pr\u00f3speri","twitter_card":"summary_large_image","twitter_creator":"@Luizprosperi","twitter_site":"@Luizprosperi","twitter_misc":{"Escrito por":"Luiz Ant\u00f4nio Pr\u00f3speri","Est. tempo de leitura":"7 minutos"},"schema":{"@context":"https:\/\/schema.org","@graph":[{"@type":"Article","@id":"https:\/\/blogdoprosperi.com\/?p=38658#article","isPartOf":{"@id":"https:\/\/blogdoprosperi.com\/?p=38658"},"author":{"name":"Luiz Ant\u00f4nio Pr\u00f3speri","@id":"https:\/\/blogdoprosperi.com\/#\/schema\/person\/38100755ce3601861ee4fab9b5aa78e9"},"headline":"Messi desafia Neymar na Copa &#8220;Covid&#8221; Am\u00e9rica 2021","datePublished":"2021-06-29T20:18:05+00:00","dateModified":"2021-07-06T01:58:29+00:00","mainEntityOfPage":{"@id":"https:\/\/blogdoprosperi.com\/?p=38658"},"wordCount":1383,"commentCount":0,"publisher":{"@id":"https:\/\/blogdoprosperi.com\/#\/schema\/person\/38100755ce3601861ee4fab9b5aa78e9"},"image":{"@id":"https:\/\/blogdoprosperi.com\/?p=38658#primaryimage"},"thumbnailUrl":"https:\/\/i0.wp.com\/blogdoprosperi.com\/wp-content\/uploads\/2021\/06\/captura-de-tela-2021-06-29-as-17.07.14.png?fit=1336%2C750&ssl=1","keywords":["Conmebol","Copa Am\u00e9rica Covid 2021","futebol","Messi","Neymar","Sele\u00e7\u00e3o Argentina","Sele\u00e7\u00e3o Brasileira"],"articleSection":["futebol","futebol 2021","Sele\u00e7\u00e3o Brasileira"],"inLanguage":"pt-BR","potentialAction":[{"@type":"CommentAction","name":"Comment","target":["https:\/\/blogdoprosperi.com\/?p=38658#respond"]}]},{"@type":"WebPage","@id":"https:\/\/blogdoprosperi.com\/?p=38658","url":"https:\/\/blogdoprosperi.com\/?p=38658","name":"Messi desafia Neymar na Copa \"Covid\" Am\u00e9rica 2021 - PR\u00d3SPERI NEWS","isPartOf":{"@id":"https:\/\/blogdoprosperi.com\/#website"},"primaryImageOfPage":{"@id":"https:\/\/blogdoprosperi.com\/?p=38658#primaryimage"},"image":{"@id":"https:\/\/blogdoprosperi.com\/?p=38658#primaryimage"},"thumbnailUrl":"https:\/\/i0.wp.com\/blogdoprosperi.com\/wp-content\/uploads\/2021\/06\/captura-de-tela-2021-06-29-as-17.07.14.png?fit=1336%2C750&ssl=1","datePublished":"2021-06-29T20:18:05+00:00","dateModified":"2021-07-06T01:58:29+00:00","breadcrumb":{"@id":"https:\/\/blogdoprosperi.com\/?p=38658#breadcrumb"},"inLanguage":"pt-BR","potentialAction":[{"@type":"ReadAction","target":["https:\/\/blogdoprosperi.com\/?p=38658"]}]},{"@type":"ImageObject","inLanguage":"pt-BR","@id":"https:\/\/blogdoprosperi.com\/?p=38658#primaryimage","url":"https:\/\/i0.wp.com\/blogdoprosperi.com\/wp-content\/uploads\/2021\/06\/captura-de-tela-2021-06-29-as-17.07.14.png?fit=1336%2C750&ssl=1","contentUrl":"https:\/\/i0.wp.com\/blogdoprosperi.com\/wp-content\/uploads\/2021\/06\/captura-de-tela-2021-06-29-as-17.07.14.png?fit=1336%2C750&ssl=1","width":1336,"height":750,"caption":"foto montagem: site Conmebol"},{"@type":"BreadcrumbList","@id":"https:\/\/blogdoprosperi.com\/?p=38658#breadcrumb","itemListElement":[{"@type":"ListItem","position":1,"name":"In\u00edcio","item":"https:\/\/blogdoprosperi.com\/"},{"@type":"ListItem","position":2,"name":"Messi desafia Neymar na Copa &#8220;Covid&#8221; Am\u00e9rica 2021"}]},{"@type":"WebSite","@id":"https:\/\/blogdoprosperi.com\/#website","url":"https:\/\/blogdoprosperi.com\/","name":"PR\u00d3SPERI NEWS","description":"TUDO \u00c9  FUTEBOL","publisher":{"@id":"https:\/\/blogdoprosperi.com\/#\/schema\/person\/38100755ce3601861ee4fab9b5aa78e9"},"alternateName":"blogdoprosperi.com","potentialAction":[{"@type":"SearchAction","target":{"@type":"EntryPoint","urlTemplate":"https:\/\/blogdoprosperi.com\/?s={search_term_string}"},"query-input":{"@type":"PropertyValueSpecification","valueRequired":true,"valueName":"search_term_string"}}],"inLanguage":"pt-BR"},{"@type":["Person","Organization"],"@id":"https:\/\/blogdoprosperi.com\/#\/schema\/person\/38100755ce3601861ee4fab9b5aa78e9","name":"Luiz Ant\u00f4nio Pr\u00f3speri","pronouns":"ele","image":{"@type":"ImageObject","inLanguage":"pt-BR","@id":"https:\/\/i0.wp.com\/blogdoprosperi.com\/wp-content\/uploads\/2026\/05\/cropped-8059e613-6002-42fa-961e-8e275f575d71-2-5.jpg?fit=1360%2C931&ssl=1","url":"https:\/\/i0.wp.com\/blogdoprosperi.com\/wp-content\/uploads\/2026\/05\/cropped-8059e613-6002-42fa-961e-8e275f575d71-2-5.jpg?fit=1360%2C931&ssl=1","contentUrl":"https:\/\/i0.wp.com\/blogdoprosperi.com\/wp-content\/uploads\/2026\/05\/cropped-8059e613-6002-42fa-961e-8e275f575d71-2-5.jpg?fit=1360%2C931&ssl=1","width":1360,"height":931,"caption":"Luiz Ant\u00f4nio Pr\u00f3speri"},"logo":{"@id":"https:\/\/i0.wp.com\/blogdoprosperi.com\/wp-content\/uploads\/2026\/05\/cropped-8059e613-6002-42fa-961e-8e275f575d71-2-5.jpg?fit=1360%2C931&ssl=1"},"description":"Jornalista com carreira dedicada ao esporte. Cobriu 9 Copas do Mundo in loco, 1990 na It\u00e1lia, 1994 nos EUA, 1998 na Fran\u00e7a, 2002 na Coreia do Sul e Jap\u00e3o, 2006 na Alemanha, 2010 na \u00c1frica do Sul, 2014 no Brasil, 2018 na R\u00fassia e 2022 no Qatar. Eurocopas, 1992 na Su\u00e9cia e 1996 na Inglaterra. Copa das Confedera\u00e7\u00f5es de 2005 na Alemanha e 2009 na \u00c1frica do Sul. Rep\u00f3rter e Editor, trabalhou no Jornal da Tarde e Estad\u00e3o, de 1984 a fevereiro de 2016. Colunista, blogueiro. E comentarista de futebol na R\u00e1dio Estad\u00e3o, de 2013 a fevereiro de 2016. Jornalista respons\u00e1vel do \"Pr\u00f3speri News\" (blogdoprosperi.com).","sameAs":["http:\/\/blogdoprosperi.com","Luiz Pr\u00f3speri","@luiz_prosperi","https:\/\/x.com\/Luizprosperi","@prosperinacopa","luiz.prosperi@icloud.com"],"url":"https:\/\/blogdoprosperi.com\/?author=102107496"}]}},"jetpack_publicize_connections":[],"jetpack_likes_enabled":false,"jetpack_sharing_enabled":true,"jetpack_shortlink":"https:\/\/wp.me\/p7jvdk-a3w","jetpack-related-posts":[{"id":38849,"url":"https:\/\/blogdoprosperi.com\/?p=38849","url_meta":{"origin":38658,"position":0},"title":"Messi levanta a ta\u00e7a, Neymar derruba l\u00e1grimas. Tite pode pagar a conta","author":"Luiz Ant\u00f4nio Pr\u00f3speri","date":"11 de julho de 2021","format":false,"excerpt":"Se a CBF estivesse navegando em \u00e1guas calmas, uma hora dessa Tite n\u00e3o seria mais t\u00e9cnico da Sele\u00e7\u00e3o Brasileira.","rel":"","context":"Em &quot;copa do mundo catar 2022&quot;","block_context":{"text":"copa do mundo catar 2022","link":"https:\/\/blogdoprosperi.com\/?cat=301049609"},"img":{"alt_text":"Argentina campe\u00e3 Copa Am\u00e9rica 2021","src":"https:\/\/i0.wp.com\/blogdoprosperi.com\/wp-content\/uploads\/2021\/07\/kcefarf2inn6vmg6o6qxr72bdi.jpg?fit=1200%2C787&ssl=1&resize=350%2C200","width":350,"height":200,"srcset":"https:\/\/i0.wp.com\/blogdoprosperi.com\/wp-content\/uploads\/2021\/07\/kcefarf2inn6vmg6o6qxr72bdi.jpg?fit=1200%2C787&ssl=1&resize=350%2C200 1x, https:\/\/i0.wp.com\/blogdoprosperi.com\/wp-content\/uploads\/2021\/07\/kcefarf2inn6vmg6o6qxr72bdi.jpg?fit=1200%2C787&ssl=1&resize=525%2C300 1.5x, https:\/\/i0.wp.com\/blogdoprosperi.com\/wp-content\/uploads\/2021\/07\/kcefarf2inn6vmg6o6qxr72bdi.jpg?fit=1200%2C787&ssl=1&resize=700%2C400 2x, https:\/\/i0.wp.com\/blogdoprosperi.com\/wp-content\/uploads\/2021\/07\/kcefarf2inn6vmg6o6qxr72bdi.jpg?fit=1200%2C787&ssl=1&resize=1050%2C600 3x"},"classes":[]},{"id":49186,"url":"https:\/\/blogdoprosperi.com\/?p=49186","url_meta":{"origin":38658,"position":1},"title":"Argentina x Brasil | \u00daltima Chance de a Sele\u00e7\u00e3o Brasileira Mostrar que Est\u00e1 Viva","author":"Luiz Ant\u00f4nio Pr\u00f3speri","date":"25 de mar\u00e7o de 2025","format":false,"excerpt":"Futuro de Dorival Junior na Sele\u00e7\u00e3o em jogo no cl\u00e1ssico dos cl\u00e1ssicos Argentina em busca de consolidar hegemonia dos \u00faltimos seis anos em cima do Brasil Luiz Ant\u00f4nio Pr\u00f3speri \u2013 25 mar\u00e7o (12h15) \u2013 Brasil tem medo da Argentina. Argentina tem medo do Brasil. Sele\u00e7\u00e3o Brasileira n\u00e3o vence em Buenos\u2026","rel":"","context":"Em &quot;futebol&quot;","block_context":{"text":"futebol","link":"https:\/\/blogdoprosperi.com\/?cat=53870"},"img":{"alt_text":"","src":"https:\/\/i0.wp.com\/blogdoprosperi.com\/wp-content\/uploads\/2025\/03\/54406351662_d5fe40a91b_c.jpg?fit=799%2C536&ssl=1&resize=350%2C200","width":350,"height":200,"srcset":"https:\/\/i0.wp.com\/blogdoprosperi.com\/wp-content\/uploads\/2025\/03\/54406351662_d5fe40a91b_c.jpg?fit=799%2C536&ssl=1&resize=350%2C200 1x, https:\/\/i0.wp.com\/blogdoprosperi.com\/wp-content\/uploads\/2025\/03\/54406351662_d5fe40a91b_c.jpg?fit=799%2C536&ssl=1&resize=525%2C300 1.5x, https:\/\/i0.wp.com\/blogdoprosperi.com\/wp-content\/uploads\/2025\/03\/54406351662_d5fe40a91b_c.jpg?fit=799%2C536&ssl=1&resize=700%2C400 2x"},"classes":[]},{"id":20431,"url":"https:\/\/blogdoprosperi.com\/?p=20431","url_meta":{"origin":38658,"position":2},"title":"Argentina e Brasil, fora da ordem mundial do futebol","author":"Luiz Ant\u00f4nio Pr\u00f3speri","date":"10 de agosto de 2016","format":false,"excerpt":"Argentina est\u00e1 fora do torneio de futebol dos Jogos do Rio. Caiu eliminada na primeira fase ao empatar (1 a 1) com Honduras nesta quarta-feira (10\/8). A queda recebeu duras cr\u00edticas da imprensa de Buenos Aires. \"Papel\u00e3o\" estamparam sites do respeitado La Nacion e do bem-humorado Ol\u00e9. Jogadores da sele\u00e7\u00e3o\u2026","rel":"","context":"Em &quot;futebol&quot;","block_context":{"text":"futebol","link":"https:\/\/blogdoprosperi.com\/?cat=53870"},"img":{"alt_text":"","src":"https:\/\/i0.wp.com\/blogdoprosperi.com\/wp-content\/uploads\/2016\/08\/588188076.jpg?resize=350%2C200&ssl=1","width":350,"height":200,"srcset":"https:\/\/i0.wp.com\/blogdoprosperi.com\/wp-content\/uploads\/2016\/08\/588188076.jpg?resize=350%2C200&ssl=1 1x, https:\/\/i0.wp.com\/blogdoprosperi.com\/wp-content\/uploads\/2016\/08\/588188076.jpg?resize=525%2C300&ssl=1 1.5x"},"classes":[]},{"id":38806,"url":"https:\/\/blogdoprosperi.com\/?p=38806","url_meta":{"origin":38658,"position":3},"title":"Messi aceita desafio de Neymar na final da Copa Am\u00e9rica","author":"Luiz Ant\u00f4nio Pr\u00f3speri","date":"7 de julho de 2021","format":false,"excerpt":"Messi aceita desafio de Neymar e leve Argentina \u00e0 final da Copa Am\u00e9rica contra Brasil","rel":"","context":"Em &quot;copa do mundo catar 2022&quot;","block_context":{"text":"copa do mundo catar 2022","link":"https:\/\/blogdoprosperi.com\/?cat=301049609"},"img":{"alt_text":"Argentina x Brasil \u2013 Copa Am\u00e9rica 2021 final","src":"https:\/\/i0.wp.com\/blogdoprosperi.com\/wp-content\/uploads\/2021\/07\/lionel-messi-argentina-semi-copa-america-assistir_fixed_large.jpg?fit=990%2C619&ssl=1&resize=350%2C200","width":350,"height":200,"srcset":"https:\/\/i0.wp.com\/blogdoprosperi.com\/wp-content\/uploads\/2021\/07\/lionel-messi-argentina-semi-copa-america-assistir_fixed_large.jpg?fit=990%2C619&ssl=1&resize=350%2C200 1x, https:\/\/i0.wp.com\/blogdoprosperi.com\/wp-content\/uploads\/2021\/07\/lionel-messi-argentina-semi-copa-america-assistir_fixed_large.jpg?fit=990%2C619&ssl=1&resize=525%2C300 1.5x, https:\/\/i0.wp.com\/blogdoprosperi.com\/wp-content\/uploads\/2021\/07\/lionel-messi-argentina-semi-copa-america-assistir_fixed_large.jpg?fit=990%2C619&ssl=1&resize=700%2C400 2x"},"classes":[]},{"id":39193,"url":"https:\/\/blogdoprosperi.com\/?p=39193","url_meta":{"origin":38658,"position":4},"title":"Neymar x Mbapp\u00e9, e onde fica Messi nessa hist\u00f3ria?","author":"Luiz Ant\u00f4nio Pr\u00f3speri","date":"16 de agosto de 2022","format":false,"excerpt":"Mbapp\u00e9 n\u00e3o admite ser coadjuvante de Neymar e Messi. Sua ambi\u00e7\u00e3o de protagonista no PSG passa pelo bi da Fran\u00e7a da Copa do Catar 2022","rel":"","context":"Em &quot;catar 2022&quot;","block_context":{"text":"catar 2022","link":"https:\/\/blogdoprosperi.com\/?cat=47094043"},"img":{"alt_text":"","src":"https:\/\/i0.wp.com\/blogdoprosperi.com\/wp-content\/uploads\/2022\/08\/messi-neymar-e-mbappe-no-psg-729x356-1.jpg?fit=729%2C356&ssl=1&resize=350%2C200","width":350,"height":200,"srcset":"https:\/\/i0.wp.com\/blogdoprosperi.com\/wp-content\/uploads\/2022\/08\/messi-neymar-e-mbappe-no-psg-729x356-1.jpg?fit=729%2C356&ssl=1&resize=350%2C200 1x, https:\/\/i0.wp.com\/blogdoprosperi.com\/wp-content\/uploads\/2022\/08\/messi-neymar-e-mbappe-no-psg-729x356-1.jpg?fit=729%2C356&ssl=1&resize=525%2C300 1.5x, https:\/\/i0.wp.com\/blogdoprosperi.com\/wp-content\/uploads\/2022\/08\/messi-neymar-e-mbappe-no-psg-729x356-1.jpg?fit=729%2C356&ssl=1&resize=700%2C400 2x"},"classes":[]},{"id":31793,"url":"https:\/\/blogdoprosperi.com\/?p=31793","url_meta":{"origin":38658,"position":5},"title":"Neymar desafia seu parceiro Messi","author":"Luiz Ant\u00f4nio Pr\u00f3speri","date":"10 de novembro de 2016","format":false,"excerpt":"Sele\u00e7\u00e3o Brasileira volta ao Mineir\u00e3o do 7 a 1 com outra cara no duelo contra rival Argentina. Craque brasileiro vive expectativa de enquadrar na bola seu companheiro de Barcelona Neymar recebe Messi no Mineir\u00e3o de amarga lembran\u00e7a. Leais companheiros de Barcelona e letais aos advers\u00e1rios, s\u00e3o chamados ao duelo neste\u2026","rel":"","context":"Em &quot;Campeonato Brasileiro&quot;","block_context":{"text":"Campeonato Brasileiro","link":"https:\/\/blogdoprosperi.com\/?cat=355071"},"img":{"alt_text":"","src":"https:\/\/i0.wp.com\/blogdoprosperi.com\/wp-content\/uploads\/2016\/11\/neymessi.jpg?resize=350%2C200&ssl=1","width":350,"height":200,"srcset":"https:\/\/i0.wp.com\/blogdoprosperi.com\/wp-content\/uploads\/2016\/11\/neymessi.jpg?resize=350%2C200&ssl=1 1x, https:\/\/i0.wp.com\/blogdoprosperi.com\/wp-content\/uploads\/2016\/11\/neymessi.jpg?resize=525%2C300&ssl=1 1.5x"},"classes":[]}],"jetpack_featured_media_url":"https:\/\/i0.wp.com\/blogdoprosperi.com\/wp-content\/uploads\/2021\/06\/captura-de-tela-2021-06-29-as-17.07.14.png?fit=1336%2C750&ssl=1","_links":{"self":[{"href":"https:\/\/blogdoprosperi.com\/index.php?rest_route=\/wp\/v2\/posts\/38658","targetHints":{"allow":["GET"]}}],"collection":[{"href":"https:\/\/blogdoprosperi.com\/index.php?rest_route=\/wp\/v2\/posts"}],"about":[{"href":"https:\/\/blogdoprosperi.com\/index.php?rest_route=\/wp\/v2\/types\/post"}],"author":[{"embeddable":true,"href":"https:\/\/blogdoprosperi.com\/index.php?rest_route=\/wp\/v2\/users\/102107496"}],"replies":[{"embeddable":true,"href":"https:\/\/blogdoprosperi.com\/index.php?rest_route=%2Fwp%2Fv2%2Fcomments&post=38658"}],"version-history":[{"count":18,"href":"https:\/\/blogdoprosperi.com\/index.php?rest_route=\/wp\/v2\/posts\/38658\/revisions"}],"predecessor-version":[{"id":38785,"href":"https:\/\/blogdoprosperi.com\/index.php?rest_route=\/wp\/v2\/posts\/38658\/revisions\/38785"}],"wp:featuredmedia":[{"embeddable":true,"href":"https:\/\/blogdoprosperi.com\/index.php?rest_route=\/wp\/v2\/media\/38756"}],"wp:attachment":[{"href":"https:\/\/blogdoprosperi.com\/index.php?rest_route=%2Fwp%2Fv2%2Fmedia&parent=38658"}],"wp:term":[{"taxonomy":"category","embeddable":true,"href":"https:\/\/blogdoprosperi.com\/index.php?rest_route=%2Fwp%2Fv2%2Fcategories&post=38658"},{"taxonomy":"post_tag","embeddable":true,"href":"https:\/\/blogdoprosperi.com\/index.php?rest_route=%2Fwp%2Fv2%2Ftags&post=38658"}],"curies":[{"name":"wp","href":"https:\/\/api.w.org\/{rel}","templated":true}]}}