{"id":38667,"date":"2021-06-16T13:38:31","date_gmt":"2021-06-16T16:38:31","guid":{"rendered":"https:\/\/blogdoprosperi.com\/?p=38667"},"modified":"2021-06-17T14:58:55","modified_gmt":"2021-06-17T17:58:55","slug":"clubes-preparam-tomada-do-poder-na-cbf","status":"publish","type":"post","link":"https:\/\/blogdoprosperi.com\/?p=38667","title":{"rendered":"Clubes preparam tomada do poder na CBF"},"content":{"rendered":"<div class=\"mc-column content-text active-extra-styles \">\n<p>Clubes brasileiros ensaiam uma revolu\u00e7\u00e3o contra CBF ao exigir, por meio de documento oficial registrado nesta ter\u00e7a-feira (15\/6), poder igualit\u00e1rio \u00e0s federa\u00e7\u00f5es estaduais nas elei\u00e7\u00f5es da pr\u00f3pria CBF e, por tabela, a cria\u00e7\u00e3o de uma Liga para tomar conta da gest\u00e3o&nbsp;do Brasileir\u00e3o.<\/p>\n<p>Enfim, querem de fato assumir o comando do futebol nacional.<\/p>\n<p>Trata-se de um movimento fora do normal do que estamos acostumados a ver na CBF desde 1958 quando Jo\u00e3o Havelange se elegeu presidente da ent\u00e3o Confedera\u00e7\u00e3o Brasileira dos Desportos (CBD).<\/p>\n<p>Dos anos 1950 at\u00e9 este junho de 2021, o que se tem \u00e9 a CBF empoderada pelas 27 federa\u00e7\u00f5es estaduais, donas da maioria dos votos que elegem os presidentes e controladoras das r\u00e9deas na administra\u00e7\u00e3o do futebol.<\/p>\n<p>Federa\u00e7\u00f5es que se tornaram ainda mais poderosas quando o ent\u00e3o presidente Marco Polo Del Nero deu um golpe, alterando estatuto da CBF em 2018, dando peso 3 em cada voto das Federa\u00e7\u00f5es \u2013 elas sempre teriam 81 votos (27 das federa\u00e7\u00f5es x 3) contra peso 2 dos 20 dos clubes da S\u00e9rie A (40 votos) e peso 1 dos 20 clubes da S\u00e9rie B (20 votos).<\/p>\n<p>Na soma geral, Federa\u00e7\u00f5es t\u00eam 81 votos contra 60 dos clubes (S\u00e9ries A+ B). Portanto, s\u00e3o elas que elegem o presidente e vices da CBF.<\/p>\n<p>Movimento dos clubes tem como meta acabar com essa farra das Federa\u00e7\u00f5es. E ditar rumos do futebol no pa\u00eds.<\/p>\n<p>Enfraquecida e sem um norte com a queda anunciada do presidente Rogerio Caboclo, acusado de ass\u00e9dio moral e sexual, CBF tem agora essa bomba no colo jogada pelos clubes.<\/p>\n<p>Dirigentes de clubes argumentam que n\u00e3o querem uma ruptura com o sistema atual do futebol brasileiro. Mas exigem uma nova gest\u00e3o, sem volta.<\/p>\n<p>Ao longo da hist\u00f3ria, a unidade dos principais clubes brasileiros tem proporcionado um fracasso atr\u00e1s do outro. Avan\u00e7os e retrocessos.<\/p>\n<p>Se essa revolu\u00e7\u00e3o dos clubes sair vitoriosa, futebol do Brasil vai passar por mudan\u00e7as dr\u00e1sticas. A conferir.<\/p>\n<p>Diante das declara\u00e7\u00f5es de l\u00edderes de clubes e propostas em debate, esse jornal <em><strong>News Pr\u00f3speri<\/strong><\/em> aponta como seria o futebol brasileiro a partir de 2022. Acompanhe:<\/p>\n<p><strong>Novo presidente da CBF ap\u00f3s <span style=\"color:#0000ff;\"><a style=\"color:#0000ff;\" href=\"https:\/\/blogdoprosperi.com\/2021\/06\/06\/guerra-na-cbf-cai-caboclo-voltam-ricardo-teixeira-e-del-nero\/\">queda de Rogerio Caboclo<\/a><\/span><\/strong> \u2013 dirigente seria indicado e eleito pelo consenso dos clubes.<\/p>\n<p><strong>Sele\u00e7\u00e3o Brasileira<\/strong>&nbsp;<strong>principal e de base&nbsp;<\/strong>\u2013 continuaria de responsabilidade exclusiva da CBF.<\/p>\n<p><strong>Campeonato Brasileiro S\u00e9ries A e B<\/strong> \u2013 teria gest\u00e3o de uma liga criada pelos clubes j\u00e1 a partir de 2022, com atribui\u00e7\u00f5es de organizar calend\u00e1rio de jogos, assumir controle dos direitos de TV e de marketing, e administrar a comiss\u00e3o de arbitragem.<\/p>\n<p><strong>Campeonato Brasileiro S\u00e9rie C e D<\/strong> \u2013 continuaria como atribui\u00e7\u00e3o da CBF.<\/p>\n<p><strong>Campeonatos Estaduais<\/strong> \u2013 continuariam de responsabilidade das Federa\u00e7\u00f5es, mas com dr\u00e1stica redu\u00e7\u00e3o nas datas dos jogos.<\/p>\n<p><em><strong>Confira documento oficial dos Clubes divulgado na ter\u00e7a-feira (15\/6):<\/strong><\/em><\/p>\n<p><em>&#8220;Por unanimidade dos presentes, 19 Clubes da S\u00e9rie A do Futebol Brasileiro \u2013 em raz\u00e3o de diversos acontecimentos que v\u00eam se acumulando ao longo dos anos e que revelam um distanciamento total e absoluto entre os anseios dos clubes que d\u00e3o suporte ao futebol profissional brasileiro e a forma como que \u00e9 gerida a CBF \u2013 reunidos nesta data, decidiram adotar postula\u00e7\u00f5es e resolu\u00e7\u00f5es na forma abaixo elencada:<\/em><\/p>\n<\/div>\n<div class=\"mc-column content-text active-extra-styles \">\n<p class=\"content-text__container \"><em>1. Requerer a imediata altera\u00e7\u00e3o estatut\u00e1ria que consagre uma maior participa\u00e7\u00e3o dos Clubes nas decis\u00f5es institucionais e na gest\u00e3o da CBF, admitindo-se os clubes como filiados desta entidade;<\/em><\/p>\n<\/div>\n<div class=\"mc-column content-text active-extra-styles \">\n<p class=\"content-text__container \"><em>2. Dentre os itens desta altera\u00e7\u00e3o estatut\u00e1ria, necessariamente deve ser inclu\u00edda a vota\u00e7\u00e3o igualit\u00e1ria nas elei\u00e7\u00f5es para escolha do Presidente e Vice-Presidentes da CBF, sendo certo que Federa\u00e7\u00f5es e Clubes das S\u00e9ries A e B ter\u00e3o seus votos contados de forma unit\u00e1ria e com o mesmo peso entre si;<\/em><\/p>\n<\/div>\n<div class=\"mc-column content-text active-extra-styles \">\n<p class=\"content-text__container \"><em>3. Ainda no que se refere \u00e0 altera\u00e7\u00e3o estatut\u00e1ria, inclui-se o fim dos requisitos m\u00ednimos para inscri\u00e7\u00e3o nas chapas concorrentes \u00e0 elei\u00e7\u00e3o desta entidade, abolindo-se a necessidade de apoio de 8 (oito) federa\u00e7\u00f5es e 5 (cinco) Clubes, permitindo-se o lan\u00e7amento de chapas que tenham o apoio expresso de, ao menos, 13 eleitores independente de serem clubes ou federa\u00e7\u00f5es;<\/em><\/p>\n<\/div>\n<div class=\"content-ads content-ads--reveal\">\n<div id=\"banner_materia__e9235d2a-8479-48f2-83b7-7da08474d759\" class=\"tag-manager-publicidade-container mc-has-reveal mc-has-ad-lazyload tag-manager-publicidade-banner_materia__e9235d2a-8479-48f2-83b7-7da08474d759 tag-manager-publicidade-container--carregado tag-manager-publicidade-container--visivel\">\n<div id=\"google_ads_iframe_\/95377733\/tvg_GE\/Futebol_5__container__\"><\/div>\n<\/div>\n<\/div>\n<div class=\"mc-column content-text active-extra-styles \">\n<p class=\"content-text__container \"><em>4. Comunicar a decis\u00e3o da cria\u00e7\u00e3o imediata de uma Liga de futebol no Brasil, que ser\u00e1 fundada com a maior brevidade poss\u00edvel e que passar\u00e1 a organizar e desenvolver economicamente o Campeonato Brasileiro de Futebol. Al\u00e9m dos Clubes signat\u00e1rios, os Clubes da S\u00e9rie B ser\u00e3o convidados a integrara a Liga.<\/em><\/p>\n<\/div>\n<div class=\"mc-column content-text active-extra-styles \">\n<p class=\"content-text__container \"><em>Os clubes adotar\u00e3o medidas efetivas para consumar a sua associa\u00e7\u00e3o, para, de forma organizada, exercerem a administra\u00e7\u00e3o do futebol brasileiro e do seu calend\u00e1rio.&#8221;<\/em><\/p>\n<\/div>\n<div class=\"mc-column content-text active-extra-styles\">\n<div class=\"content-intertitle\"><\/div>\n<\/div>\n","protected":false},"excerpt":{"rendered":"<p>Movimento dos clubes tem como meta acabar com a farra das Federa\u00e7\u00f5es. E ditar rumos do futebol no pa\u00eds.<\/p>\n","protected":false},"author":102107496,"featured_media":32279,"comment_status":"open","ping_status":"open","sticky":false,"template":"","format":"standard","meta":{"_coblocks_attr":"","_coblocks_dimensions":"","_coblocks_responsive_height":"","_coblocks_accordion_ie_support":"","_jetpack_newsletter_access":"","_jetpack_dont_email_post_to_subs":false,"_jetpack_newsletter_tier_id":0,"_jetpack_memberships_contains_paywalled_content":false,"_wpcom_ai_launchpad_first_post":false,"_jetpack_feature_clip_id":0,"_jetpack_memberships_contains_paid_content":false,"footnotes":"","jetpack_publicize_message":"","jetpack_publicize_feature_enabled":true,"jetpack_social_post_already_shared":false,"jetpack_social_options":{"image_generator_settings":{"template":"highway","default_image_id":0,"font":"","enabled":false},"version":2},"jetpack_post_was_ever_published":false},"categories":[355071,53870,708074783,174694],"tags":[720014074,789560569,6829993,789560560,720014073,550814090],"class_list":["post-38667","post","type-post","status-publish","format-standard","has-post-thumbnail","hentry","category-campeonato-brasileiro","category-futebol","category-futebol-2021","category-selecao-brasileira","tag-brasileirao-2022","tag-cbf","tag-clubes-brasileiros","tag-futebol","tag-liga-dos-clubes-brasileiros","tag-rogerio-caboclo"],"yoast_head":"<!-- This site is optimized with the Yoast SEO plugin v28.3 - https:\/\/yoast.com\/product\/yoast-seo-wordpress\/ -->\n<title>Clubes preparam tomada do poder na CBF - PR\u00d3SPERI NEWS<\/title>\n<meta name=\"robots\" content=\"index, follow, max-snippet:-1, max-image-preview:large, max-video-preview:-1\" \/>\n<link rel=\"canonical\" href=\"https:\/\/blogdoprosperi.com\/?p=38667\" \/>\n<meta property=\"og:locale\" content=\"pt_BR\" \/>\n<meta property=\"og:type\" content=\"article\" \/>\n<meta property=\"og:title\" content=\"Clubes preparam tomada do poder na CBF - PR\u00d3SPERI NEWS\" \/>\n<meta property=\"og:description\" content=\"Movimento dos clubes tem como meta acabar com a farra das Federa\u00e7\u00f5es. E ditar rumos do futebol no pa\u00eds.\" \/>\n<meta property=\"og:url\" content=\"https:\/\/blogdoprosperi.com\/?p=38667\" \/>\n<meta property=\"og:site_name\" content=\"PR\u00d3SPERI NEWS\" \/>\n<meta property=\"article:publisher\" content=\"Luiz Pr\u00f3speri\" \/>\n<meta property=\"article:author\" content=\"Luiz Pr\u00f3speri\" \/>\n<meta property=\"article:published_time\" content=\"2021-06-16T16:38:31+00:00\" \/>\n<meta property=\"article:modified_time\" content=\"2021-06-17T17:58:55+00:00\" \/>\n<meta property=\"og:image\" content=\"https:\/\/i0.wp.com\/blogdoprosperi.com\/wp-content\/uploads\/2016\/11\/cbf-1.jpg?fit=620%2C390&ssl=1\" \/>\n\t<meta property=\"og:image:width\" content=\"620\" \/>\n\t<meta property=\"og:image:height\" content=\"390\" \/>\n\t<meta property=\"og:image:type\" content=\"image\/jpeg\" \/>\n<meta name=\"author\" content=\"Luiz Ant\u00f4nio Pr\u00f3speri\" \/>\n<meta name=\"twitter:card\" content=\"summary_large_image\" \/>\n<meta name=\"twitter:creator\" content=\"@Luizprosperi\" \/>\n<meta name=\"twitter:site\" content=\"@Luizprosperi\" \/>\n<meta name=\"twitter:label1\" content=\"Escrito por\" \/>\n\t<meta name=\"twitter:data1\" content=\"Luiz Ant\u00f4nio Pr\u00f3speri\" \/>\n\t<meta name=\"twitter:label2\" content=\"Est. tempo de leitura\" \/>\n\t<meta name=\"twitter:data2\" content=\"4 minutos\" \/>\n<script type=\"application\/ld+json\" class=\"yoast-schema-graph\">{\"@context\":\"https:\\\/\\\/schema.org\",\"@graph\":[{\"@type\":\"Article\",\"@id\":\"https:\\\/\\\/blogdoprosperi.com\\\/?p=38667#article\",\"isPartOf\":{\"@id\":\"https:\\\/\\\/blogdoprosperi.com\\\/?p=38667\"},\"author\":{\"name\":\"Luiz Ant\u00f4nio Pr\u00f3speri\",\"@id\":\"https:\\\/\\\/blogdoprosperi.com\\\/#\\\/schema\\\/person\\\/38100755ce3601861ee4fab9b5aa78e9\"},\"headline\":\"Clubes preparam tomada do poder na CBF\",\"datePublished\":\"2021-06-16T16:38:31+00:00\",\"dateModified\":\"2021-06-17T17:58:55+00:00\",\"mainEntityOfPage\":{\"@id\":\"https:\\\/\\\/blogdoprosperi.com\\\/?p=38667\"},\"wordCount\":794,\"commentCount\":1,\"publisher\":{\"@id\":\"https:\\\/\\\/blogdoprosperi.com\\\/#\\\/schema\\\/person\\\/38100755ce3601861ee4fab9b5aa78e9\"},\"image\":{\"@id\":\"https:\\\/\\\/blogdoprosperi.com\\\/?p=38667#primaryimage\"},\"thumbnailUrl\":\"https:\\\/\\\/i0.wp.com\\\/blogdoprosperi.com\\\/wp-content\\\/uploads\\\/2016\\\/11\\\/cbf-1.jpg?fit=620%2C390&ssl=1\",\"keywords\":[\"Brasileir\u00e3o 2022\",\"CBF\",\"Clubes brasileiros\",\"futebol\",\"Liga dos Clubes Brasileiros\",\"Rogerio Caboclo\"],\"articleSection\":[\"Campeonato Brasileiro\",\"futebol\",\"futebol 2021\",\"Sele\u00e7\u00e3o Brasileira\"],\"inLanguage\":\"pt-BR\",\"potentialAction\":[{\"@type\":\"CommentAction\",\"name\":\"Comment\",\"target\":[\"https:\\\/\\\/blogdoprosperi.com\\\/?p=38667#respond\"]}]},{\"@type\":\"WebPage\",\"@id\":\"https:\\\/\\\/blogdoprosperi.com\\\/?p=38667\",\"url\":\"https:\\\/\\\/blogdoprosperi.com\\\/?p=38667\",\"name\":\"Clubes preparam tomada do poder na CBF - PR\u00d3SPERI NEWS\",\"isPartOf\":{\"@id\":\"https:\\\/\\\/blogdoprosperi.com\\\/#website\"},\"primaryImageOfPage\":{\"@id\":\"https:\\\/\\\/blogdoprosperi.com\\\/?p=38667#primaryimage\"},\"image\":{\"@id\":\"https:\\\/\\\/blogdoprosperi.com\\\/?p=38667#primaryimage\"},\"thumbnailUrl\":\"https:\\\/\\\/i0.wp.com\\\/blogdoprosperi.com\\\/wp-content\\\/uploads\\\/2016\\\/11\\\/cbf-1.jpg?fit=620%2C390&ssl=1\",\"datePublished\":\"2021-06-16T16:38:31+00:00\",\"dateModified\":\"2021-06-17T17:58:55+00:00\",\"breadcrumb\":{\"@id\":\"https:\\\/\\\/blogdoprosperi.com\\\/?p=38667#breadcrumb\"},\"inLanguage\":\"pt-BR\",\"potentialAction\":[{\"@type\":\"ReadAction\",\"target\":[\"https:\\\/\\\/blogdoprosperi.com\\\/?p=38667\"]}]},{\"@type\":\"ImageObject\",\"inLanguage\":\"pt-BR\",\"@id\":\"https:\\\/\\\/blogdoprosperi.com\\\/?p=38667#primaryimage\",\"url\":\"https:\\\/\\\/i0.wp.com\\\/blogdoprosperi.com\\\/wp-content\\\/uploads\\\/2016\\\/11\\\/cbf-1.jpg?fit=620%2C390&ssl=1\",\"contentUrl\":\"https:\\\/\\\/i0.wp.com\\\/blogdoprosperi.com\\\/wp-content\\\/uploads\\\/2016\\\/11\\\/cbf-1.jpg?fit=620%2C390&ssl=1\",\"width\":620,\"height\":390,\"caption\":\"foto: CBF\"},{\"@type\":\"BreadcrumbList\",\"@id\":\"https:\\\/\\\/blogdoprosperi.com\\\/?p=38667#breadcrumb\",\"itemListElement\":[{\"@type\":\"ListItem\",\"position\":1,\"name\":\"In\u00edcio\",\"item\":\"https:\\\/\\\/blogdoprosperi.com\\\/\"},{\"@type\":\"ListItem\",\"position\":2,\"name\":\"Clubes preparam tomada do poder na CBF\"}]},{\"@type\":\"WebSite\",\"@id\":\"https:\\\/\\\/blogdoprosperi.com\\\/#website\",\"url\":\"https:\\\/\\\/blogdoprosperi.com\\\/\",\"name\":\"PR\u00d3SPERI NEWS\",\"description\":\"TUDO \u00c9  FUTEBOL\",\"publisher\":{\"@id\":\"https:\\\/\\\/blogdoprosperi.com\\\/#\\\/schema\\\/person\\\/38100755ce3601861ee4fab9b5aa78e9\"},\"alternateName\":\"blogdoprosperi.com\",\"potentialAction\":[{\"@type\":\"SearchAction\",\"target\":{\"@type\":\"EntryPoint\",\"urlTemplate\":\"https:\\\/\\\/blogdoprosperi.com\\\/?s={search_term_string}\"},\"query-input\":{\"@type\":\"PropertyValueSpecification\",\"valueRequired\":true,\"valueName\":\"search_term_string\"}}],\"inLanguage\":\"pt-BR\"},{\"@type\":[\"Person\",\"Organization\"],\"@id\":\"https:\\\/\\\/blogdoprosperi.com\\\/#\\\/schema\\\/person\\\/38100755ce3601861ee4fab9b5aa78e9\",\"name\":\"Luiz Ant\u00f4nio Pr\u00f3speri\",\"pronouns\":\"ele\",\"image\":{\"@type\":\"ImageObject\",\"inLanguage\":\"pt-BR\",\"@id\":\"https:\\\/\\\/i0.wp.com\\\/blogdoprosperi.com\\\/wp-content\\\/uploads\\\/2026\\\/05\\\/cropped-8059e613-6002-42fa-961e-8e275f575d71-2-5.jpg?fit=1360%2C931&ssl=1\",\"url\":\"https:\\\/\\\/i0.wp.com\\\/blogdoprosperi.com\\\/wp-content\\\/uploads\\\/2026\\\/05\\\/cropped-8059e613-6002-42fa-961e-8e275f575d71-2-5.jpg?fit=1360%2C931&ssl=1\",\"contentUrl\":\"https:\\\/\\\/i0.wp.com\\\/blogdoprosperi.com\\\/wp-content\\\/uploads\\\/2026\\\/05\\\/cropped-8059e613-6002-42fa-961e-8e275f575d71-2-5.jpg?fit=1360%2C931&ssl=1\",\"width\":1360,\"height\":931,\"caption\":\"Luiz Ant\u00f4nio Pr\u00f3speri\"},\"logo\":{\"@id\":\"https:\\\/\\\/i0.wp.com\\\/blogdoprosperi.com\\\/wp-content\\\/uploads\\\/2026\\\/05\\\/cropped-8059e613-6002-42fa-961e-8e275f575d71-2-5.jpg?fit=1360%2C931&ssl=1\"},\"description\":\"Jornalista com carreira dedicada ao esporte. Cobriu 9 Copas do Mundo in loco, 1990 na It\u00e1lia, 1994 nos EUA, 1998 na Fran\u00e7a, 2002 na Coreia do Sul e Jap\u00e3o, 2006 na Alemanha, 2010 na \u00c1frica do Sul, 2014 no Brasil, 2018 na R\u00fassia e 2022 no Qatar. Eurocopas, 1992 na Su\u00e9cia e 1996 na Inglaterra. Copa das Confedera\u00e7\u00f5es de 2005 na Alemanha e 2009 na \u00c1frica do Sul. Rep\u00f3rter e Editor, trabalhou no Jornal da Tarde e Estad\u00e3o, de 1984 a fevereiro de 2016. Colunista, blogueiro. E comentarista de futebol na R\u00e1dio Estad\u00e3o, de 2013 a fevereiro de 2016. Jornalista respons\u00e1vel do \\\"Pr\u00f3speri News\\\" (blogdoprosperi.com).\",\"sameAs\":[\"http:\\\/\\\/blogdoprosperi.com\",\"Luiz Pr\u00f3speri\",\"@luiz_prosperi\",\"https:\\\/\\\/x.com\\\/Luizprosperi\",\"@prosperinacopa\",\"luiz.prosperi@icloud.com\"],\"url\":\"https:\\\/\\\/blogdoprosperi.com\\\/?author=102107496\"}]}<\/script>\n<!-- \/ Yoast SEO plugin. -->","yoast_head_json":{"title":"Clubes preparam tomada do poder na CBF - PR\u00d3SPERI NEWS","robots":{"index":"index","follow":"follow","max-snippet":"max-snippet:-1","max-image-preview":"max-image-preview:large","max-video-preview":"max-video-preview:-1"},"canonical":"https:\/\/blogdoprosperi.com\/?p=38667","og_locale":"pt_BR","og_type":"article","og_title":"Clubes preparam tomada do poder na CBF - PR\u00d3SPERI NEWS","og_description":"Movimento dos clubes tem como meta acabar com a farra das Federa\u00e7\u00f5es. E ditar rumos do futebol no pa\u00eds.","og_url":"https:\/\/blogdoprosperi.com\/?p=38667","og_site_name":"PR\u00d3SPERI NEWS","article_publisher":"Luiz Pr\u00f3speri","article_author":"Luiz Pr\u00f3speri","article_published_time":"2021-06-16T16:38:31+00:00","article_modified_time":"2021-06-17T17:58:55+00:00","og_image":[{"width":620,"height":390,"url":"https:\/\/i0.wp.com\/blogdoprosperi.com\/wp-content\/uploads\/2016\/11\/cbf-1.jpg?fit=620%2C390&ssl=1","type":"image\/jpeg"}],"author":"Luiz Ant\u00f4nio Pr\u00f3speri","twitter_card":"summary_large_image","twitter_creator":"@Luizprosperi","twitter_site":"@Luizprosperi","twitter_misc":{"Escrito por":"Luiz Ant\u00f4nio Pr\u00f3speri","Est. tempo de leitura":"4 minutos"},"schema":{"@context":"https:\/\/schema.org","@graph":[{"@type":"Article","@id":"https:\/\/blogdoprosperi.com\/?p=38667#article","isPartOf":{"@id":"https:\/\/blogdoprosperi.com\/?p=38667"},"author":{"name":"Luiz Ant\u00f4nio Pr\u00f3speri","@id":"https:\/\/blogdoprosperi.com\/#\/schema\/person\/38100755ce3601861ee4fab9b5aa78e9"},"headline":"Clubes preparam tomada do poder na CBF","datePublished":"2021-06-16T16:38:31+00:00","dateModified":"2021-06-17T17:58:55+00:00","mainEntityOfPage":{"@id":"https:\/\/blogdoprosperi.com\/?p=38667"},"wordCount":794,"commentCount":1,"publisher":{"@id":"https:\/\/blogdoprosperi.com\/#\/schema\/person\/38100755ce3601861ee4fab9b5aa78e9"},"image":{"@id":"https:\/\/blogdoprosperi.com\/?p=38667#primaryimage"},"thumbnailUrl":"https:\/\/i0.wp.com\/blogdoprosperi.com\/wp-content\/uploads\/2016\/11\/cbf-1.jpg?fit=620%2C390&ssl=1","keywords":["Brasileir\u00e3o 2022","CBF","Clubes brasileiros","futebol","Liga dos Clubes Brasileiros","Rogerio Caboclo"],"articleSection":["Campeonato Brasileiro","futebol","futebol 2021","Sele\u00e7\u00e3o Brasileira"],"inLanguage":"pt-BR","potentialAction":[{"@type":"CommentAction","name":"Comment","target":["https:\/\/blogdoprosperi.com\/?p=38667#respond"]}]},{"@type":"WebPage","@id":"https:\/\/blogdoprosperi.com\/?p=38667","url":"https:\/\/blogdoprosperi.com\/?p=38667","name":"Clubes preparam tomada do poder na CBF - PR\u00d3SPERI NEWS","isPartOf":{"@id":"https:\/\/blogdoprosperi.com\/#website"},"primaryImageOfPage":{"@id":"https:\/\/blogdoprosperi.com\/?p=38667#primaryimage"},"image":{"@id":"https:\/\/blogdoprosperi.com\/?p=38667#primaryimage"},"thumbnailUrl":"https:\/\/i0.wp.com\/blogdoprosperi.com\/wp-content\/uploads\/2016\/11\/cbf-1.jpg?fit=620%2C390&ssl=1","datePublished":"2021-06-16T16:38:31+00:00","dateModified":"2021-06-17T17:58:55+00:00","breadcrumb":{"@id":"https:\/\/blogdoprosperi.com\/?p=38667#breadcrumb"},"inLanguage":"pt-BR","potentialAction":[{"@type":"ReadAction","target":["https:\/\/blogdoprosperi.com\/?p=38667"]}]},{"@type":"ImageObject","inLanguage":"pt-BR","@id":"https:\/\/blogdoprosperi.com\/?p=38667#primaryimage","url":"https:\/\/i0.wp.com\/blogdoprosperi.com\/wp-content\/uploads\/2016\/11\/cbf-1.jpg?fit=620%2C390&ssl=1","contentUrl":"https:\/\/i0.wp.com\/blogdoprosperi.com\/wp-content\/uploads\/2016\/11\/cbf-1.jpg?fit=620%2C390&ssl=1","width":620,"height":390,"caption":"foto: CBF"},{"@type":"BreadcrumbList","@id":"https:\/\/blogdoprosperi.com\/?p=38667#breadcrumb","itemListElement":[{"@type":"ListItem","position":1,"name":"In\u00edcio","item":"https:\/\/blogdoprosperi.com\/"},{"@type":"ListItem","position":2,"name":"Clubes preparam tomada do poder na CBF"}]},{"@type":"WebSite","@id":"https:\/\/blogdoprosperi.com\/#website","url":"https:\/\/blogdoprosperi.com\/","name":"PR\u00d3SPERI NEWS","description":"TUDO \u00c9  FUTEBOL","publisher":{"@id":"https:\/\/blogdoprosperi.com\/#\/schema\/person\/38100755ce3601861ee4fab9b5aa78e9"},"alternateName":"blogdoprosperi.com","potentialAction":[{"@type":"SearchAction","target":{"@type":"EntryPoint","urlTemplate":"https:\/\/blogdoprosperi.com\/?s={search_term_string}"},"query-input":{"@type":"PropertyValueSpecification","valueRequired":true,"valueName":"search_term_string"}}],"inLanguage":"pt-BR"},{"@type":["Person","Organization"],"@id":"https:\/\/blogdoprosperi.com\/#\/schema\/person\/38100755ce3601861ee4fab9b5aa78e9","name":"Luiz Ant\u00f4nio Pr\u00f3speri","pronouns":"ele","image":{"@type":"ImageObject","inLanguage":"pt-BR","@id":"https:\/\/i0.wp.com\/blogdoprosperi.com\/wp-content\/uploads\/2026\/05\/cropped-8059e613-6002-42fa-961e-8e275f575d71-2-5.jpg?fit=1360%2C931&ssl=1","url":"https:\/\/i0.wp.com\/blogdoprosperi.com\/wp-content\/uploads\/2026\/05\/cropped-8059e613-6002-42fa-961e-8e275f575d71-2-5.jpg?fit=1360%2C931&ssl=1","contentUrl":"https:\/\/i0.wp.com\/blogdoprosperi.com\/wp-content\/uploads\/2026\/05\/cropped-8059e613-6002-42fa-961e-8e275f575d71-2-5.jpg?fit=1360%2C931&ssl=1","width":1360,"height":931,"caption":"Luiz Ant\u00f4nio Pr\u00f3speri"},"logo":{"@id":"https:\/\/i0.wp.com\/blogdoprosperi.com\/wp-content\/uploads\/2026\/05\/cropped-8059e613-6002-42fa-961e-8e275f575d71-2-5.jpg?fit=1360%2C931&ssl=1"},"description":"Jornalista com carreira dedicada ao esporte. Cobriu 9 Copas do Mundo in loco, 1990 na It\u00e1lia, 1994 nos EUA, 1998 na Fran\u00e7a, 2002 na Coreia do Sul e Jap\u00e3o, 2006 na Alemanha, 2010 na \u00c1frica do Sul, 2014 no Brasil, 2018 na R\u00fassia e 2022 no Qatar. Eurocopas, 1992 na Su\u00e9cia e 1996 na Inglaterra. Copa das Confedera\u00e7\u00f5es de 2005 na Alemanha e 2009 na \u00c1frica do Sul. Rep\u00f3rter e Editor, trabalhou no Jornal da Tarde e Estad\u00e3o, de 1984 a fevereiro de 2016. Colunista, blogueiro. E comentarista de futebol na R\u00e1dio Estad\u00e3o, de 2013 a fevereiro de 2016. Jornalista respons\u00e1vel do \"Pr\u00f3speri News\" (blogdoprosperi.com).","sameAs":["http:\/\/blogdoprosperi.com","Luiz Pr\u00f3speri","@luiz_prosperi","https:\/\/x.com\/Luizprosperi","@prosperinacopa","luiz.prosperi@icloud.com"],"url":"https:\/\/blogdoprosperi.com\/?author=102107496"}]}},"jetpack_publicize_connections":[],"jetpack_likes_enabled":false,"jetpack_sharing_enabled":true,"jetpack_shortlink":"https:\/\/wp.me\/p7jvdk-a3F","jetpack-related-posts":[{"id":50119,"url":"https:\/\/blogdoprosperi.com\/?p=50119","url_meta":{"origin":38667,"position":0},"title":"Clubes Exigem Cria\u00e7\u00e3o da Liga e Participa\u00e7\u00e3o Efetiva na CBF | &#8220;Futebol Brasileiro \u00e9 Inegoci\u00e1vel para N\u00f3s&#8221;","author":"Luiz Ant\u00f4nio Pr\u00f3speri","date":"19 de maio de 2025","format":false,"excerpt":"\u2666 \"Queremos a cria\u00e7\u00e3o da Liga e reconhecimento de que as propriedades comerciais das S\u00e9ries A e B pertencem aos Clubes\" \u2666 \"Altera\u00e7\u00e3o das regras de governan\u00e7a, dando efetivamente poder executivo \u00e0 Comiss\u00e3o Nacional de Clubes\" Luiz Ant\u00f4nio Pr\u00f3speri \u2013 19 maio (21h15) \u2013 CBF enfrenta primeira rebeli\u00e3o desde o\u2026","rel":"","context":"Em &quot;CBF&quot;","block_context":{"text":"CBF","link":"https:\/\/blogdoprosperi.com\/?cat=570700"},"img":{"alt_text":"Clubes exigem cria\u00e7\u00e3o da Liga e voz ativa na CBF","src":"https:\/\/i0.wp.com\/blogdoprosperi.com\/wp-content\/uploads\/2025\/05\/image_placeholder-1-aspect-ratio-512-320-364.webp?fit=950%2C593&ssl=1&resize=350%2C200","width":350,"height":200,"srcset":"https:\/\/i0.wp.com\/blogdoprosperi.com\/wp-content\/uploads\/2025\/05\/image_placeholder-1-aspect-ratio-512-320-364.webp?fit=950%2C593&ssl=1&resize=350%2C200 1x, https:\/\/i0.wp.com\/blogdoprosperi.com\/wp-content\/uploads\/2025\/05\/image_placeholder-1-aspect-ratio-512-320-364.webp?fit=950%2C593&ssl=1&resize=525%2C300 1.5x, https:\/\/i0.wp.com\/blogdoprosperi.com\/wp-content\/uploads\/2025\/05\/image_placeholder-1-aspect-ratio-512-320-364.webp?fit=950%2C593&ssl=1&resize=700%2C400 2x"},"classes":[]},{"id":35266,"url":"https:\/\/blogdoprosperi.com\/?p=35266","url_meta":{"origin":38667,"position":1},"title":"CBF manobra e tira poder dos clubes","author":"Luiz Ant\u00f4nio Pr\u00f3speri","date":"24 de mar\u00e7o de 2017","format":false,"excerpt":"Clubes brasileiros perderam o pouco poder que tinham nas decis\u00f5es da CBF. Perderam por omiss\u00e3o. Sem a participa\u00e7\u00e3o dos 20 clubes da S\u00e9rie A e com a presen\u00e7a apenas dos presidentes das 27 federa\u00e7\u00f5es estaduais, a entidade presidida por Marco Polo Del Nero mudou seus estatutos e alterou a composi\u00e7\u00e3o\u2026","rel":"","context":"Em &quot;futebol&quot;","block_context":{"text":"futebol","link":"https:\/\/blogdoprosperi.com\/?cat=53870"},"img":{"alt_text":"2015052906003-jpg-gu227kjcd-1","src":"https:\/\/i0.wp.com\/www.chuteirafc.com.br\/wp-content\/uploads\/2017\/03\/2015052906003.jpg-GU227KJCD.1.jpg?resize=350%2C200","width":350,"height":200,"srcset":"https:\/\/i0.wp.com\/www.chuteirafc.com.br\/wp-content\/uploads\/2017\/03\/2015052906003.jpg-GU227KJCD.1.jpg?resize=350%2C200 1x, https:\/\/i0.wp.com\/www.chuteirafc.com.br\/wp-content\/uploads\/2017\/03\/2015052906003.jpg-GU227KJCD.1.jpg?resize=525%2C300 1.5x"},"classes":[]},{"id":48832,"url":"https:\/\/blogdoprosperi.com\/?p=48832","url_meta":{"origin":38667,"position":2},"title":"CBF | Ronaldo Fen\u00f4meno Desiste da Candidatura a Presidente","author":"Luiz Ant\u00f4nio Pr\u00f3speri","date":"12 de mar\u00e7o de 2025","format":false,"excerpt":"Luiz Ant\u00f4nio Pr\u00f3speri \u2013 12 mar\u00e7o (12h28) \u2013 Ronaldo Fen\u00f4meno n\u00e3o \u00e9 mais candidato a presidente da CBF. Ex-jogador diz que n\u00e3o teve apoio das federa\u00e7\u00f5es estaduais. De acordo com estatutos da CBF, candidaturas s\u00f3 podem ser registradas com aval de pelo menos quatro federa\u00e7\u00f5es e quatro clubes (das S\u00e9ries\u2026","rel":"","context":"Em &quot;futebol&quot;","block_context":{"text":"futebol","link":"https:\/\/blogdoprosperi.com\/?cat=53870"},"img":{"alt_text":"Ronaldo Fen\u00f4meno fora da CBF","src":"https:\/\/i0.wp.com\/blogdoprosperi.com\/wp-content\/uploads\/2022\/12\/ronaldo-fenomeno.webp?fit=1000%2C585&ssl=1&resize=350%2C200","width":350,"height":200,"srcset":"https:\/\/i0.wp.com\/blogdoprosperi.com\/wp-content\/uploads\/2022\/12\/ronaldo-fenomeno.webp?fit=1000%2C585&ssl=1&resize=350%2C200 1x, https:\/\/i0.wp.com\/blogdoprosperi.com\/wp-content\/uploads\/2022\/12\/ronaldo-fenomeno.webp?fit=1000%2C585&ssl=1&resize=525%2C300 1.5x, https:\/\/i0.wp.com\/blogdoprosperi.com\/wp-content\/uploads\/2022\/12\/ronaldo-fenomeno.webp?fit=1000%2C585&ssl=1&resize=700%2C400 2x"},"classes":[]},{"id":47020,"url":"https:\/\/blogdoprosperi.com\/?p=47020","url_meta":{"origin":38667,"position":3},"title":"Ronaldo Fen\u00f4meno Presidente da CBF, J\u00e1 !","author":"Luiz Ant\u00f4nio Pr\u00f3speri","date":"17 de dezembro de 2024","format":false,"excerpt":"Luiz Ant\u00f4nio Pr\u00f3speri \u2013 17 dezembro (11h10) \u2013 Ronaldo Fen\u00f4meno lan\u00e7a candidatura \u00e0 presid\u00eancia da CBF. \u00c9 oficial. A campanha est\u00e1 nas ruas, ou melhor, nas visitas \u00e0s federa\u00e7\u00f5es estaduais e clubes. Bater \u00e0 porta dos cartolas \u00e9 preciso. De acordo com regulamento esdr\u00faxulo da CBF, uma candidatura s\u00f3 \u00e9\u2026","rel":"","context":"Em &quot;CBF&quot;","block_context":{"text":"CBF","link":"https:\/\/blogdoprosperi.com\/?cat=570700"},"img":{"alt_text":"Ronaldo Fen\u00f4meno fora da CBF","src":"https:\/\/i0.wp.com\/blogdoprosperi.com\/wp-content\/uploads\/2022\/12\/ronaldo-fenomeno.webp?fit=1000%2C585&ssl=1&resize=350%2C200","width":350,"height":200,"srcset":"https:\/\/i0.wp.com\/blogdoprosperi.com\/wp-content\/uploads\/2022\/12\/ronaldo-fenomeno.webp?fit=1000%2C585&ssl=1&resize=350%2C200 1x, https:\/\/i0.wp.com\/blogdoprosperi.com\/wp-content\/uploads\/2022\/12\/ronaldo-fenomeno.webp?fit=1000%2C585&ssl=1&resize=525%2C300 1.5x, https:\/\/i0.wp.com\/blogdoprosperi.com\/wp-content\/uploads\/2022\/12\/ronaldo-fenomeno.webp?fit=1000%2C585&ssl=1&resize=700%2C400 2x"},"classes":[]},{"id":37385,"url":"https:\/\/blogdoprosperi.com\/?p=37385","url_meta":{"origin":38667,"position":4},"title":"Del Nero manobra e elege sucessor na CBF, antes de ser banido pela Fifa","author":"Luiz Ant\u00f4nio Pr\u00f3speri","date":"8 de mar\u00e7o de 2018","format":false,"excerpt":"CBF j\u00e1 tem candidato \u00fanico \u00e0 sucess\u00e3o do presidente Marco Polo Del Nero, banido do futebol por 90 dias acusado de corrup\u00e7\u00e3o pela Fifa. Trata-se de Rogerio Langanhe Cabloco, ex-diretor financeiro e atual executivo de gest\u00e3o da entidade. Seu nome foi escolhido por Del Nero e foi lan\u00e7ado de forma\u2026","rel":"","context":"Em &quot;futebol&quot;","block_context":{"text":"futebol","link":"https:\/\/blogdoprosperi.com\/?cat=53870"},"img":{"alt_text":"","src":"https:\/\/i0.wp.com\/blogdoprosperi.com\/wp-content\/uploads\/2018\/03\/image.jpeg?fit=620%2C413&ssl=1&resize=350%2C200","width":350,"height":200,"srcset":"https:\/\/i0.wp.com\/blogdoprosperi.com\/wp-content\/uploads\/2018\/03\/image.jpeg?fit=620%2C413&ssl=1&resize=350%2C200 1x, https:\/\/i0.wp.com\/blogdoprosperi.com\/wp-content\/uploads\/2018\/03\/image.jpeg?fit=620%2C413&ssl=1&resize=525%2C300 1.5x"},"classes":[]},{"id":37617,"url":"https:\/\/blogdoprosperi.com\/?p=37617","url_meta":{"origin":38667,"position":5},"title":"CBF: Rogerio Caboclo assume presid\u00eancia e prepara mudan\u00e7as radicais no futebol brasileiro","author":"Luiz Ant\u00f4nio Pr\u00f3speri","date":"9 de abril de 2019","format":false,"excerpt":"CBF ter\u00e1 um novo comando a partir desta ter\u00e7a-feira (09\/4) com a posse de Rogerio Langanke Caboclo, 46 anos, na presid\u00eancia da entidade para um mandato de 2019 a 2023. Eleito em abril de 2018, beneficiado por mudan\u00e7as no estatuto da CBF conferindo \u00e0s federa\u00e7\u00f5es estaduais mais peso nos votos\u2026","rel":"","context":"Em &quot;futebol&quot;","block_context":{"text":"futebol","link":"https:\/\/blogdoprosperi.com\/?cat=53870"},"img":{"alt_text":"","src":"https:\/\/i0.wp.com\/blogdoprosperi.com\/wp-content\/uploads\/2019\/04\/x40812655734_59086c7d8f_o.jpg.pagespeed.ic_.ufbyn_v5ac.jpg?fit=1086%2C652&ssl=1&resize=350%2C200","width":350,"height":200,"srcset":"https:\/\/i0.wp.com\/blogdoprosperi.com\/wp-content\/uploads\/2019\/04\/x40812655734_59086c7d8f_o.jpg.pagespeed.ic_.ufbyn_v5ac.jpg?fit=1086%2C652&ssl=1&resize=350%2C200 1x, https:\/\/i0.wp.com\/blogdoprosperi.com\/wp-content\/uploads\/2019\/04\/x40812655734_59086c7d8f_o.jpg.pagespeed.ic_.ufbyn_v5ac.jpg?fit=1086%2C652&ssl=1&resize=525%2C300 1.5x, https:\/\/i0.wp.com\/blogdoprosperi.com\/wp-content\/uploads\/2019\/04\/x40812655734_59086c7d8f_o.jpg.pagespeed.ic_.ufbyn_v5ac.jpg?fit=1086%2C652&ssl=1&resize=700%2C400 2x, https:\/\/i0.wp.com\/blogdoprosperi.com\/wp-content\/uploads\/2019\/04\/x40812655734_59086c7d8f_o.jpg.pagespeed.ic_.ufbyn_v5ac.jpg?fit=1086%2C652&ssl=1&resize=1050%2C600 3x"},"classes":[]}],"jetpack_featured_media_url":"https:\/\/i0.wp.com\/blogdoprosperi.com\/wp-content\/uploads\/2016\/11\/cbf-1.jpg?fit=620%2C390&ssl=1","_links":{"self":[{"href":"https:\/\/blogdoprosperi.com\/index.php?rest_route=\/wp\/v2\/posts\/38667","targetHints":{"allow":["GET"]}}],"collection":[{"href":"https:\/\/blogdoprosperi.com\/index.php?rest_route=\/wp\/v2\/posts"}],"about":[{"href":"https:\/\/blogdoprosperi.com\/index.php?rest_route=\/wp\/v2\/types\/post"}],"author":[{"embeddable":true,"href":"https:\/\/blogdoprosperi.com\/index.php?rest_route=\/wp\/v2\/users\/102107496"}],"replies":[{"embeddable":true,"href":"https:\/\/blogdoprosperi.com\/index.php?rest_route=%2Fwp%2Fv2%2Fcomments&post=38667"}],"version-history":[{"count":13,"href":"https:\/\/blogdoprosperi.com\/index.php?rest_route=\/wp\/v2\/posts\/38667\/revisions"}],"predecessor-version":[{"id":38695,"href":"https:\/\/blogdoprosperi.com\/index.php?rest_route=\/wp\/v2\/posts\/38667\/revisions\/38695"}],"wp:featuredmedia":[{"embeddable":true,"href":"https:\/\/blogdoprosperi.com\/index.php?rest_route=\/wp\/v2\/media\/32279"}],"wp:attachment":[{"href":"https:\/\/blogdoprosperi.com\/index.php?rest_route=%2Fwp%2Fv2%2Fmedia&parent=38667"}],"wp:term":[{"taxonomy":"category","embeddable":true,"href":"https:\/\/blogdoprosperi.com\/index.php?rest_route=%2Fwp%2Fv2%2Fcategories&post=38667"},{"taxonomy":"post_tag","embeddable":true,"href":"https:\/\/blogdoprosperi.com\/index.php?rest_route=%2Fwp%2Fv2%2Ftags&post=38667"}],"curies":[{"name":"wp","href":"https:\/\/api.w.org\/{rel}","templated":true}]}}