{"id":38696,"date":"2021-06-17T14:57:56","date_gmt":"2021-06-17T17:57:56","guid":{"rendered":"https:\/\/blogdoprosperi.com\/?p=38696"},"modified":"2021-06-29T16:13:20","modified_gmt":"2021-06-29T19:13:20","slug":"em-nome-de-christian-e-assinatura-de-bruyne","status":"publish","type":"post","link":"https:\/\/blogdoprosperi.com\/?p=38696","title":{"rendered":"Em nome de Christian e assinatura De Bruyne"},"content":{"rendered":"<p><span style=\"color:#00ccff;\"><em><strong>Euro 2020 \u2013 Dinamarca 1 x 2 B\u00e9lgica \u2013 17\/6, Copenhague<\/strong><\/em><\/span><\/p>\n<p>Dinamarca x B\u00e9lgica n\u00e3o seria um jogo normal nesta quinta-feira em Copenhague. Na tabela, partida v\u00e1lida da segunda rodada do Grupo da Eurocopa 2020. Belgas vinham de uma vit\u00f3ria (3 a 0) na estreia contra a R\u00fassia em S\u00e3o Petersburgo. Dinamarqueses amargavam derrota (0 a 1) para Finl\u00e2ndia em casa e, at\u00e9 por isso, precisavam de vencer a B\u00e9lgica. O confronto tinha algo mais: jogar em nome de Christian Eriksen.<\/p>\n<p>Christian estava no hospital na hora do jogo. &#8220;Ressuscitado&#8221; no domingo, quando caiu desacordado no gramado aos 43 minutos da partida Dinamarca x Finl\u00e2ndia e voltou \u00e0 vida com a\u00e7\u00e3o de param\u00e9dicos ainda no campo, o craque dinamarqu\u00eas seria honrado por seus companheiros no Parken Stadium. E referenciado pela imensid\u00e3o vermelha nas arquibancadas do est\u00e1dio.<\/p>\n<p>Quando o \u00e1rbitro holand\u00eas Bjorn Kuipers paralisou o jogo, aos 10 (n\u00famero da camisa de Eriksen) minutos, sob aplausos do juiz, dos 22 jogadores no campo, t\u00e9cnicos, suplentes e todo o est\u00e1dio gritando &#8220;Christian&#8221;, a Dinamarca j\u00e1 vencia por 1 a 0. Gol de Poulsen, aos 2 minutos, tirando proveito de falha coletiva da defesa belga. Gol como um rel\u00e2mpago. Surpreendente.<\/p>\n<p>Nas tribunas, a multid\u00e3o abriu uma faixa &#8220;Toda a Dinamarca est\u00e1 com voc\u00ea, Christian&#8221;.<\/p>\n<p>Estava cristalina que a sele\u00e7\u00e3o dinamarquesa jogava mesmo em nome de Christian Eriksen. E seus companheiros de time n\u00e3o fugiriam \u00e0 luta.<\/p>\n<p>Sufocaram a B\u00e9lgica, estrangularam o futebol cadenciado e patenteado pela gera\u00e7\u00e3o de Kevin De Bruyne, e, por pouco, n\u00e3o ampliaram a vantagem.<\/p>\n<p>Assustada com avalanche vermelha, a B\u00e9lgica s\u00f3 enxergava um caminho, aquele de esticar bolas a Lukaku. Sem companhia, o atacante n\u00e3o respondeu ao gol. E a Dinamarca cumpria a primeira parte de sua meta ao se matar pelo \u00eddolo ca\u00eddo.<\/p>\n<p>No segundo tempo, a B\u00e9lgica volta com seu astro De Bruyne, 29 anos \u2013 ainda se recuperando de fraturas na face \u2013, que estava no banco de reservas.<\/p>\n<p>De Bruyne precisa apenas de 10 minutos para revirar o jogo. De uma bola recuperada, o craque lan\u00e7a Lukaku, que arranca como uma pantera rumo \u00e0 grande \u00e1rea. De Bruyne acompanha o atacante, recebe a bola de volta, se livra com um cinismo de dois marcadores e serve Thorgan Hazard para o toque final: gol de empate dos belgas \u2013 1 a 1.<\/p>\n<p>A hist\u00f3ria de um jogo, que n\u00e3o tinha nada de normal, come\u00e7ava a mudar. A honra seria a Christian, mas o futebol teria assinatura De Bruyne com rubrica de Lukaku.<\/p>\n<p>Lukaku aparece de novo. Recupera bola perdida no setor defensivo dinamarqu\u00eas, penteia a bola e serve a Eden Hazard, que, em toque sutil, rola at\u00e9 De Bruyne bater seco e cortante: B\u00e9lgica vira, 2 a 1, aos 25 minutos.<\/p>\n<p>Segundo gol belga vem com sil\u00eancio no Parken Stadium. Mesmo sob o desconsolo dos dinamarqueses nas tribunas, companheiros de Eriksen insistem em busca de um empate redentor. Braithwaite manda uma bola no travess\u00e3o, aos 40. Courtois vira alvo de um petardo atr\u00e1s do outro. Em v\u00e3o.<\/p>\n<p>Enfim, a Dinamarca se rende ao futebol extraordin\u00e1rio de Kevin De Bruyne. Torcedores cantam no est\u00e1dio ao fim do jogo e aplaudem, mesmo com seu time derrotado. Todos em nome de Christian.<\/p>\n<figure id=\"attachment_38707\" aria-describedby=\"caption-attachment-38707\" style=\"width: 940px\" class=\"wp-caption alignnone\"><img data-recalc-dims=\"1\" loading=\"lazy\" decoding=\"async\" data-attachment-id=\"38707\" data-permalink=\"https:\/\/blogdoprosperi.com\/?attachment_id=38707\" data-orig-file=\"https:\/\/i0.wp.com\/blogdoprosperi.com\/wp-content\/uploads\/2021\/06\/captura-de-tela-2021-06-17-as-14.41.41.png?fit=1274%2C726&amp;ssl=1\" data-orig-size=\"1274,726\" data-comments-opened=\"1\" data-image-meta=\"{&quot;aperture&quot;:&quot;0&quot;,&quot;credit&quot;:&quot;&quot;,&quot;camera&quot;:&quot;&quot;,&quot;caption&quot;:&quot;&quot;,&quot;created_timestamp&quot;:&quot;0&quot;,&quot;copyright&quot;:&quot;&quot;,&quot;focal_length&quot;:&quot;0&quot;,&quot;iso&quot;:&quot;0&quot;,&quot;shutter_speed&quot;:&quot;0&quot;,&quot;title&quot;:&quot;&quot;,&quot;orientation&quot;:&quot;0&quot;}\" data-image-title=\"B\u00e9lgica vira jogo contra Dinamarca\" data-image-description=\"\" data-image-caption=\"&lt;p&gt;De Bruyne vira jogo contra Dinamarca \u2013 foto: Uefa&lt;\/p&gt;\n\" data-large-file=\"https:\/\/i0.wp.com\/blogdoprosperi.com\/wp-content\/uploads\/2021\/06\/captura-de-tela-2021-06-17-as-14.41.41.png?fit=940%2C536&amp;ssl=1\" class=\"size-large wp-image-38707\" src=\"https:\/\/i0.wp.com\/blogdoprosperi.com\/wp-content\/uploads\/2021\/06\/captura-de-tela-2021-06-17-as-14.41.41.png?resize=940%2C536&#038;ssl=1\" alt=\"De Bruyne leva B\u00e9lgica \u00e0 vit\u00f3ria\" width=\"940\" height=\"536\"><figcaption id=\"caption-attachment-38707\" class=\"wp-caption-text\">De Bruyne vira jogo contra Dinamarca \u2013 foto: Uefa<\/figcaption><\/figure>\n<p>&nbsp;<\/p>\n<p>&nbsp;<\/p>\n<p>&nbsp;<\/p>\n","protected":false},"excerpt":{"rendered":"<p>Euro 2020 \u2013 Dinamarca 1 x 2 B\u00e9lgica \u2013 17\/6, Copenhague Dinamarca x B\u00e9lgica n\u00e3o seria um jogo [&hellip;]<\/p>\n","protected":false},"author":102107496,"featured_media":38706,"comment_status":"open","ping_status":"open","sticky":false,"template":"","format":"standard","meta":{"_coblocks_attr":"","_coblocks_dimensions":"","_coblocks_responsive_height":"","_coblocks_accordion_ie_support":"","_jetpack_newsletter_access":"","_jetpack_dont_email_post_to_subs":false,"_jetpack_newsletter_tier_id":0,"_jetpack_memberships_contains_paywalled_content":false,"_wpcom_ai_launchpad_first_post":false,"_jetpack_feature_clip_id":0,"_jetpack_memberships_contains_paid_content":false,"footnotes":"","jetpack_publicize_message":"","jetpack_publicize_feature_enabled":true,"jetpack_social_post_already_shared":false,"jetpack_social_options":{"image_generator_settings":{"template":"highway","default_image_id":0,"font":"","enabled":false},"version":2},"jetpack_post_was_ever_published":false},"categories":[53870,708074783],"tags":[32080983,45987250,718520919,13402937,789560560,13850625,1613207],"class_list":["post-38696","post","type-post","status-publish","format-standard","has-post-thumbnail","hentry","category-futebol","category-futebol-2021","tag-christian-eriksen","tag-de-bruyne","tag-dinamarca-x-belgica","tag-euro-2020","tag-futebol","tag-lukaku","tag-poulsen"],"yoast_head":"<!-- This site is optimized with the Yoast SEO plugin v28.4 - https:\/\/yoast.com\/product\/yoast-seo-wordpress\/ -->\n<title>Em nome de Christian e assinatura De Bruyne - PR\u00d3SPERI NEWS<\/title>\n<meta name=\"robots\" content=\"index, follow, max-snippet:-1, max-image-preview:large, max-video-preview:-1\" \/>\n<link rel=\"canonical\" href=\"https:\/\/blogdoprosperi.com\/?p=38696\" \/>\n<meta property=\"og:locale\" content=\"pt_BR\" \/>\n<meta property=\"og:type\" content=\"article\" \/>\n<meta property=\"og:title\" content=\"Em nome de Christian e assinatura De Bruyne - PR\u00d3SPERI NEWS\" \/>\n<meta property=\"og:description\" content=\"Euro 2020 \u2013 Dinamarca 1 x 2 B\u00e9lgica \u2013 17\/6, Copenhague Dinamarca x B\u00e9lgica n\u00e3o seria um jogo [&hellip;]\" \/>\n<meta property=\"og:url\" content=\"https:\/\/blogdoprosperi.com\/?p=38696\" \/>\n<meta property=\"og:site_name\" content=\"PR\u00d3SPERI NEWS\" \/>\n<meta property=\"article:publisher\" content=\"Luiz Pr\u00f3speri\" \/>\n<meta property=\"article:author\" content=\"Luiz Pr\u00f3speri\" \/>\n<meta property=\"article:published_time\" content=\"2021-06-17T17:57:56+00:00\" \/>\n<meta property=\"article:modified_time\" content=\"2021-06-29T19:13:20+00:00\" \/>\n<meta property=\"og:image\" content=\"https:\/\/i0.wp.com\/blogdoprosperi.com\/wp-content\/uploads\/2021\/06\/captura-de-tela-2021-06-17-as-14.42.21.png?fit=940%2C582&ssl=1\" \/>\n\t<meta property=\"og:image:width\" content=\"940\" \/>\n\t<meta property=\"og:image:height\" content=\"582\" \/>\n\t<meta property=\"og:image:type\" content=\"image\/png\" \/>\n<meta name=\"author\" content=\"Luiz Ant\u00f4nio Pr\u00f3speri\" \/>\n<meta name=\"twitter:card\" content=\"summary_large_image\" \/>\n<meta name=\"twitter:creator\" content=\"@Luizprosperi\" \/>\n<meta name=\"twitter:site\" content=\"@Luizprosperi\" \/>\n<meta name=\"twitter:label1\" content=\"Escrito por\" \/>\n\t<meta name=\"twitter:data1\" content=\"Luiz Ant\u00f4nio Pr\u00f3speri\" \/>\n\t<meta name=\"twitter:label2\" content=\"Est. tempo de leitura\" \/>\n\t<meta name=\"twitter:data2\" content=\"3 minutos\" \/>\n<script type=\"application\/ld+json\" class=\"yoast-schema-graph\">{\"@context\":\"https:\\\/\\\/schema.org\",\"@graph\":[{\"@type\":\"Article\",\"@id\":\"https:\\\/\\\/blogdoprosperi.com\\\/?p=38696#article\",\"isPartOf\":{\"@id\":\"https:\\\/\\\/blogdoprosperi.com\\\/?p=38696\"},\"author\":{\"name\":\"Luiz Ant\u00f4nio Pr\u00f3speri\",\"@id\":\"https:\\\/\\\/blogdoprosperi.com\\\/#\\\/schema\\\/person\\\/38100755ce3601861ee4fab9b5aa78e9\"},\"headline\":\"Em nome de Christian e assinatura De Bruyne\",\"datePublished\":\"2021-06-17T17:57:56+00:00\",\"dateModified\":\"2021-06-29T19:13:20+00:00\",\"mainEntityOfPage\":{\"@id\":\"https:\\\/\\\/blogdoprosperi.com\\\/?p=38696\"},\"wordCount\":570,\"commentCount\":0,\"publisher\":{\"@id\":\"https:\\\/\\\/blogdoprosperi.com\\\/#\\\/schema\\\/person\\\/38100755ce3601861ee4fab9b5aa78e9\"},\"image\":{\"@id\":\"https:\\\/\\\/blogdoprosperi.com\\\/?p=38696#primaryimage\"},\"thumbnailUrl\":\"https:\\\/\\\/i0.wp.com\\\/blogdoprosperi.com\\\/wp-content\\\/uploads\\\/2021\\\/06\\\/captura-de-tela-2021-06-17-as-14.42.21.png?fit=1492%2C924&ssl=1\",\"keywords\":[\"Christian Eriksen\",\"De Bruyne\",\"Dinamarca x B\u00e9lgica\",\"Euro 2020\",\"futebol\",\"Lukaku\",\"Poulsen\"],\"articleSection\":[\"futebol\",\"futebol 2021\"],\"inLanguage\":\"pt-BR\",\"potentialAction\":[{\"@type\":\"CommentAction\",\"name\":\"Comment\",\"target\":[\"https:\\\/\\\/blogdoprosperi.com\\\/?p=38696#respond\"]}]},{\"@type\":\"WebPage\",\"@id\":\"https:\\\/\\\/blogdoprosperi.com\\\/?p=38696\",\"url\":\"https:\\\/\\\/blogdoprosperi.com\\\/?p=38696\",\"name\":\"Em nome de Christian e assinatura De Bruyne - PR\u00d3SPERI NEWS\",\"isPartOf\":{\"@id\":\"https:\\\/\\\/blogdoprosperi.com\\\/#website\"},\"primaryImageOfPage\":{\"@id\":\"https:\\\/\\\/blogdoprosperi.com\\\/?p=38696#primaryimage\"},\"image\":{\"@id\":\"https:\\\/\\\/blogdoprosperi.com\\\/?p=38696#primaryimage\"},\"thumbnailUrl\":\"https:\\\/\\\/i0.wp.com\\\/blogdoprosperi.com\\\/wp-content\\\/uploads\\\/2021\\\/06\\\/captura-de-tela-2021-06-17-as-14.42.21.png?fit=1492%2C924&ssl=1\",\"datePublished\":\"2021-06-17T17:57:56+00:00\",\"dateModified\":\"2021-06-29T19:13:20+00:00\",\"breadcrumb\":{\"@id\":\"https:\\\/\\\/blogdoprosperi.com\\\/?p=38696#breadcrumb\"},\"inLanguage\":\"pt-BR\",\"potentialAction\":[{\"@type\":\"ReadAction\",\"target\":[\"https:\\\/\\\/blogdoprosperi.com\\\/?p=38696\"]}]},{\"@type\":\"ImageObject\",\"inLanguage\":\"pt-BR\",\"@id\":\"https:\\\/\\\/blogdoprosperi.com\\\/?p=38696#primaryimage\",\"url\":\"https:\\\/\\\/i0.wp.com\\\/blogdoprosperi.com\\\/wp-content\\\/uploads\\\/2021\\\/06\\\/captura-de-tela-2021-06-17-as-14.42.21.png?fit=1492%2C924&ssl=1\",\"contentUrl\":\"https:\\\/\\\/i0.wp.com\\\/blogdoprosperi.com\\\/wp-content\\\/uploads\\\/2021\\\/06\\\/captura-de-tela-2021-06-17-as-14.42.21.png?fit=1492%2C924&ssl=1\",\"width\":1492,\"height\":924,\"caption\":\"Homenagem dos dinamarqueses a Christian Eriksen \u2013 foto: Uefa\"},{\"@type\":\"BreadcrumbList\",\"@id\":\"https:\\\/\\\/blogdoprosperi.com\\\/?p=38696#breadcrumb\",\"itemListElement\":[{\"@type\":\"ListItem\",\"position\":1,\"name\":\"In\u00edcio\",\"item\":\"https:\\\/\\\/blogdoprosperi.com\\\/\"},{\"@type\":\"ListItem\",\"position\":2,\"name\":\"Em nome de Christian e assinatura De Bruyne\"}]},{\"@type\":\"WebSite\",\"@id\":\"https:\\\/\\\/blogdoprosperi.com\\\/#website\",\"url\":\"https:\\\/\\\/blogdoprosperi.com\\\/\",\"name\":\"PR\u00d3SPERI NEWS\",\"description\":\"TUDO \u00c9  FUTEBOL\",\"publisher\":{\"@id\":\"https:\\\/\\\/blogdoprosperi.com\\\/#\\\/schema\\\/person\\\/38100755ce3601861ee4fab9b5aa78e9\"},\"alternateName\":\"blogdoprosperi.com\",\"potentialAction\":[{\"@type\":\"SearchAction\",\"target\":{\"@type\":\"EntryPoint\",\"urlTemplate\":\"https:\\\/\\\/blogdoprosperi.com\\\/?s={search_term_string}\"},\"query-input\":{\"@type\":\"PropertyValueSpecification\",\"valueRequired\":true,\"valueName\":\"search_term_string\"}}],\"inLanguage\":\"pt-BR\"},{\"@type\":[\"Person\",\"Organization\"],\"@id\":\"https:\\\/\\\/blogdoprosperi.com\\\/#\\\/schema\\\/person\\\/38100755ce3601861ee4fab9b5aa78e9\",\"name\":\"Luiz Ant\u00f4nio Pr\u00f3speri\",\"pronouns\":\"ele\",\"image\":{\"@type\":\"ImageObject\",\"inLanguage\":\"pt-BR\",\"@id\":\"https:\\\/\\\/i0.wp.com\\\/blogdoprosperi.com\\\/wp-content\\\/uploads\\\/2026\\\/05\\\/cropped-8059e613-6002-42fa-961e-8e275f575d71-2-5.jpg?fit=1360%2C931&ssl=1\",\"url\":\"https:\\\/\\\/i0.wp.com\\\/blogdoprosperi.com\\\/wp-content\\\/uploads\\\/2026\\\/05\\\/cropped-8059e613-6002-42fa-961e-8e275f575d71-2-5.jpg?fit=1360%2C931&ssl=1\",\"contentUrl\":\"https:\\\/\\\/i0.wp.com\\\/blogdoprosperi.com\\\/wp-content\\\/uploads\\\/2026\\\/05\\\/cropped-8059e613-6002-42fa-961e-8e275f575d71-2-5.jpg?fit=1360%2C931&ssl=1\",\"width\":1360,\"height\":931,\"caption\":\"Luiz Ant\u00f4nio Pr\u00f3speri\"},\"logo\":{\"@id\":\"https:\\\/\\\/i0.wp.com\\\/blogdoprosperi.com\\\/wp-content\\\/uploads\\\/2026\\\/05\\\/cropped-8059e613-6002-42fa-961e-8e275f575d71-2-5.jpg?fit=1360%2C931&ssl=1\"},\"description\":\"Jornalista com carreira dedicada ao esporte. Cobriu 9 Copas do Mundo in loco, 1990 na It\u00e1lia, 1994 nos EUA, 1998 na Fran\u00e7a, 2002 na Coreia do Sul e Jap\u00e3o, 2006 na Alemanha, 2010 na \u00c1frica do Sul, 2014 no Brasil, 2018 na R\u00fassia e 2022 no Qatar. Eurocopas, 1992 na Su\u00e9cia e 1996 na Inglaterra. Copa das Confedera\u00e7\u00f5es de 2005 na Alemanha e 2009 na \u00c1frica do Sul. Rep\u00f3rter e Editor, trabalhou no Jornal da Tarde e Estad\u00e3o, de 1984 a fevereiro de 2016. Colunista, blogueiro. E comentarista de futebol na R\u00e1dio Estad\u00e3o, de 2013 a fevereiro de 2016. Jornalista respons\u00e1vel do \\\"Pr\u00f3speri News\\\" (blogdoprosperi.com).\",\"sameAs\":[\"http:\\\/\\\/blogdoprosperi.com\",\"Luiz Pr\u00f3speri\",\"@luiz_prosperi\",\"https:\\\/\\\/x.com\\\/Luizprosperi\",\"@prosperinacopa\",\"luiz.prosperi@icloud.com\"],\"url\":\"https:\\\/\\\/blogdoprosperi.com\\\/?author=102107496\"}]}<\/script>\n<!-- \/ Yoast SEO plugin. -->","yoast_head_json":{"title":"Em nome de Christian e assinatura De Bruyne - PR\u00d3SPERI NEWS","robots":{"index":"index","follow":"follow","max-snippet":"max-snippet:-1","max-image-preview":"max-image-preview:large","max-video-preview":"max-video-preview:-1"},"canonical":"https:\/\/blogdoprosperi.com\/?p=38696","og_locale":"pt_BR","og_type":"article","og_title":"Em nome de Christian e assinatura De Bruyne - PR\u00d3SPERI NEWS","og_description":"Euro 2020 \u2013 Dinamarca 1 x 2 B\u00e9lgica \u2013 17\/6, Copenhague Dinamarca x B\u00e9lgica n\u00e3o seria um jogo [&hellip;]","og_url":"https:\/\/blogdoprosperi.com\/?p=38696","og_site_name":"PR\u00d3SPERI NEWS","article_publisher":"Luiz Pr\u00f3speri","article_author":"Luiz Pr\u00f3speri","article_published_time":"2021-06-17T17:57:56+00:00","article_modified_time":"2021-06-29T19:13:20+00:00","og_image":[{"url":"https:\/\/i0.wp.com\/blogdoprosperi.com\/wp-content\/uploads\/2021\/06\/captura-de-tela-2021-06-17-as-14.42.21.png?fit=940%2C582&ssl=1","width":940,"height":582,"type":"image\/png"}],"author":"Luiz Ant\u00f4nio Pr\u00f3speri","twitter_card":"summary_large_image","twitter_creator":"@Luizprosperi","twitter_site":"@Luizprosperi","twitter_misc":{"Escrito por":"Luiz Ant\u00f4nio Pr\u00f3speri","Est. tempo de leitura":"3 minutos"},"schema":{"@context":"https:\/\/schema.org","@graph":[{"@type":"Article","@id":"https:\/\/blogdoprosperi.com\/?p=38696#article","isPartOf":{"@id":"https:\/\/blogdoprosperi.com\/?p=38696"},"author":{"name":"Luiz Ant\u00f4nio Pr\u00f3speri","@id":"https:\/\/blogdoprosperi.com\/#\/schema\/person\/38100755ce3601861ee4fab9b5aa78e9"},"headline":"Em nome de Christian e assinatura De Bruyne","datePublished":"2021-06-17T17:57:56+00:00","dateModified":"2021-06-29T19:13:20+00:00","mainEntityOfPage":{"@id":"https:\/\/blogdoprosperi.com\/?p=38696"},"wordCount":570,"commentCount":0,"publisher":{"@id":"https:\/\/blogdoprosperi.com\/#\/schema\/person\/38100755ce3601861ee4fab9b5aa78e9"},"image":{"@id":"https:\/\/blogdoprosperi.com\/?p=38696#primaryimage"},"thumbnailUrl":"https:\/\/i0.wp.com\/blogdoprosperi.com\/wp-content\/uploads\/2021\/06\/captura-de-tela-2021-06-17-as-14.42.21.png?fit=1492%2C924&ssl=1","keywords":["Christian Eriksen","De Bruyne","Dinamarca x B\u00e9lgica","Euro 2020","futebol","Lukaku","Poulsen"],"articleSection":["futebol","futebol 2021"],"inLanguage":"pt-BR","potentialAction":[{"@type":"CommentAction","name":"Comment","target":["https:\/\/blogdoprosperi.com\/?p=38696#respond"]}]},{"@type":"WebPage","@id":"https:\/\/blogdoprosperi.com\/?p=38696","url":"https:\/\/blogdoprosperi.com\/?p=38696","name":"Em nome de Christian e assinatura De Bruyne - PR\u00d3SPERI NEWS","isPartOf":{"@id":"https:\/\/blogdoprosperi.com\/#website"},"primaryImageOfPage":{"@id":"https:\/\/blogdoprosperi.com\/?p=38696#primaryimage"},"image":{"@id":"https:\/\/blogdoprosperi.com\/?p=38696#primaryimage"},"thumbnailUrl":"https:\/\/i0.wp.com\/blogdoprosperi.com\/wp-content\/uploads\/2021\/06\/captura-de-tela-2021-06-17-as-14.42.21.png?fit=1492%2C924&ssl=1","datePublished":"2021-06-17T17:57:56+00:00","dateModified":"2021-06-29T19:13:20+00:00","breadcrumb":{"@id":"https:\/\/blogdoprosperi.com\/?p=38696#breadcrumb"},"inLanguage":"pt-BR","potentialAction":[{"@type":"ReadAction","target":["https:\/\/blogdoprosperi.com\/?p=38696"]}]},{"@type":"ImageObject","inLanguage":"pt-BR","@id":"https:\/\/blogdoprosperi.com\/?p=38696#primaryimage","url":"https:\/\/i0.wp.com\/blogdoprosperi.com\/wp-content\/uploads\/2021\/06\/captura-de-tela-2021-06-17-as-14.42.21.png?fit=1492%2C924&ssl=1","contentUrl":"https:\/\/i0.wp.com\/blogdoprosperi.com\/wp-content\/uploads\/2021\/06\/captura-de-tela-2021-06-17-as-14.42.21.png?fit=1492%2C924&ssl=1","width":1492,"height":924,"caption":"Homenagem dos dinamarqueses a Christian Eriksen \u2013 foto: Uefa"},{"@type":"BreadcrumbList","@id":"https:\/\/blogdoprosperi.com\/?p=38696#breadcrumb","itemListElement":[{"@type":"ListItem","position":1,"name":"In\u00edcio","item":"https:\/\/blogdoprosperi.com\/"},{"@type":"ListItem","position":2,"name":"Em nome de Christian e assinatura De Bruyne"}]},{"@type":"WebSite","@id":"https:\/\/blogdoprosperi.com\/#website","url":"https:\/\/blogdoprosperi.com\/","name":"PR\u00d3SPERI NEWS","description":"TUDO \u00c9  FUTEBOL","publisher":{"@id":"https:\/\/blogdoprosperi.com\/#\/schema\/person\/38100755ce3601861ee4fab9b5aa78e9"},"alternateName":"blogdoprosperi.com","potentialAction":[{"@type":"SearchAction","target":{"@type":"EntryPoint","urlTemplate":"https:\/\/blogdoprosperi.com\/?s={search_term_string}"},"query-input":{"@type":"PropertyValueSpecification","valueRequired":true,"valueName":"search_term_string"}}],"inLanguage":"pt-BR"},{"@type":["Person","Organization"],"@id":"https:\/\/blogdoprosperi.com\/#\/schema\/person\/38100755ce3601861ee4fab9b5aa78e9","name":"Luiz Ant\u00f4nio Pr\u00f3speri","pronouns":"ele","image":{"@type":"ImageObject","inLanguage":"pt-BR","@id":"https:\/\/i0.wp.com\/blogdoprosperi.com\/wp-content\/uploads\/2026\/05\/cropped-8059e613-6002-42fa-961e-8e275f575d71-2-5.jpg?fit=1360%2C931&ssl=1","url":"https:\/\/i0.wp.com\/blogdoprosperi.com\/wp-content\/uploads\/2026\/05\/cropped-8059e613-6002-42fa-961e-8e275f575d71-2-5.jpg?fit=1360%2C931&ssl=1","contentUrl":"https:\/\/i0.wp.com\/blogdoprosperi.com\/wp-content\/uploads\/2026\/05\/cropped-8059e613-6002-42fa-961e-8e275f575d71-2-5.jpg?fit=1360%2C931&ssl=1","width":1360,"height":931,"caption":"Luiz Ant\u00f4nio Pr\u00f3speri"},"logo":{"@id":"https:\/\/i0.wp.com\/blogdoprosperi.com\/wp-content\/uploads\/2026\/05\/cropped-8059e613-6002-42fa-961e-8e275f575d71-2-5.jpg?fit=1360%2C931&ssl=1"},"description":"Jornalista com carreira dedicada ao esporte. Cobriu 9 Copas do Mundo in loco, 1990 na It\u00e1lia, 1994 nos EUA, 1998 na Fran\u00e7a, 2002 na Coreia do Sul e Jap\u00e3o, 2006 na Alemanha, 2010 na \u00c1frica do Sul, 2014 no Brasil, 2018 na R\u00fassia e 2022 no Qatar. Eurocopas, 1992 na Su\u00e9cia e 1996 na Inglaterra. Copa das Confedera\u00e7\u00f5es de 2005 na Alemanha e 2009 na \u00c1frica do Sul. Rep\u00f3rter e Editor, trabalhou no Jornal da Tarde e Estad\u00e3o, de 1984 a fevereiro de 2016. Colunista, blogueiro. E comentarista de futebol na R\u00e1dio Estad\u00e3o, de 2013 a fevereiro de 2016. Jornalista respons\u00e1vel do \"Pr\u00f3speri News\" (blogdoprosperi.com).","sameAs":["http:\/\/blogdoprosperi.com","Luiz Pr\u00f3speri","@luiz_prosperi","https:\/\/x.com\/Luizprosperi","@prosperinacopa","luiz.prosperi@icloud.com"],"url":"https:\/\/blogdoprosperi.com\/?author=102107496"}]}},"jetpack_publicize_connections":[],"jetpack_likes_enabled":false,"jetpack_sharing_enabled":true,"jetpack_shortlink":"https:\/\/wp.me\/p7jvdk-a48","jetpack-related-posts":[{"id":42971,"url":"https:\/\/blogdoprosperi.com\/?p=42971","url_meta":{"origin":38696,"position":0},"title":"Jogos Euro 2024 na TV: cl\u00e1ssico Espanha vs It\u00e1lia; Dinamarca vs Inglaterra","author":"Luiz Ant\u00f4nio Pr\u00f3speri","date":"20 de junho de 2024","format":false,"excerpt":"Espanha vs It\u00e1lia \u00e9 o destaque da Euro nessa quinta-feira (20\/6) em Gelsenkirchen. Jogo do Grupo B vale classifica\u00e7\u00e3o \u00e0s oitavas. Na primeira rodada, os espanh\u00f3is venceram a Cro\u00e1cia por 3 a 0 e os italianos derrotaram Alb\u00e2nia por 2 a 1. Outro confronto de muitas atra\u00e7\u00f5es: Dinamarca vs Inglaterra\u2026","rel":"","context":"Em &quot;futebol&quot;","block_context":{"text":"futebol","link":"https:\/\/blogdoprosperi.com\/?cat=53870"},"img":{"alt_text":"","src":"https:\/\/i0.wp.com\/blogdoprosperi.com\/wp-content\/uploads\/2024\/06\/captura-de-tela-2024-06-20-as-00.10.53.png?fit=1200%2C667&ssl=1&resize=350%2C200","width":350,"height":200,"srcset":"https:\/\/i0.wp.com\/blogdoprosperi.com\/wp-content\/uploads\/2024\/06\/captura-de-tela-2024-06-20-as-00.10.53.png?fit=1200%2C667&ssl=1&resize=350%2C200 1x, https:\/\/i0.wp.com\/blogdoprosperi.com\/wp-content\/uploads\/2024\/06\/captura-de-tela-2024-06-20-as-00.10.53.png?fit=1200%2C667&ssl=1&resize=525%2C300 1.5x, https:\/\/i0.wp.com\/blogdoprosperi.com\/wp-content\/uploads\/2024\/06\/captura-de-tela-2024-06-20-as-00.10.53.png?fit=1200%2C667&ssl=1&resize=700%2C400 2x, https:\/\/i0.wp.com\/blogdoprosperi.com\/wp-content\/uploads\/2024\/06\/captura-de-tela-2024-06-20-as-00.10.53.png?fit=1200%2C667&ssl=1&resize=1050%2C600 3x"},"classes":[]},{"id":40054,"url":"https:\/\/blogdoprosperi.com\/?p=40054","url_meta":{"origin":38696,"position":1},"title":"Cro\u00e1cia coloca ponto final na gera\u00e7\u00e3o belga e avan\u00e7a na Copa","author":"Luiz Ant\u00f4nio Pr\u00f3speri","date":"1 de dezembro de 2022","format":false,"excerpt":"Semifinalistas na \u00faltima Copa com direito a eliminar o Brasil nas quartas de final, os belgas voltam para casa. Levam na bagagem o fim de uma gera\u00e7\u00e3o que prometia tudo e n\u00e3o entregou quase nada.","rel":"","context":"Em &quot;futebol&quot;","block_context":{"text":"futebol","link":"https:\/\/blogdoprosperi.com\/?cat=53870"},"img":{"alt_text":"","src":"https:\/\/i0.wp.com\/blogdoprosperi.com\/wp-content\/uploads\/2022\/12\/croatia-v-belgium-group-f-fifa-world-cup-qatar-2022-1.webp?fit=1200%2C800&ssl=1&resize=350%2C200","width":350,"height":200,"srcset":"https:\/\/i0.wp.com\/blogdoprosperi.com\/wp-content\/uploads\/2022\/12\/croatia-v-belgium-group-f-fifa-world-cup-qatar-2022-1.webp?fit=1200%2C800&ssl=1&resize=350%2C200 1x, https:\/\/i0.wp.com\/blogdoprosperi.com\/wp-content\/uploads\/2022\/12\/croatia-v-belgium-group-f-fifa-world-cup-qatar-2022-1.webp?fit=1200%2C800&ssl=1&resize=525%2C300 1.5x, https:\/\/i0.wp.com\/blogdoprosperi.com\/wp-content\/uploads\/2022\/12\/croatia-v-belgium-group-f-fifa-world-cup-qatar-2022-1.webp?fit=1200%2C800&ssl=1&resize=700%2C400 2x, https:\/\/i0.wp.com\/blogdoprosperi.com\/wp-content\/uploads\/2022\/12\/croatia-v-belgium-group-f-fifa-world-cup-qatar-2022-1.webp?fit=1200%2C800&ssl=1&resize=1050%2C600 3x"},"classes":[]},{"id":42826,"url":"https:\/\/blogdoprosperi.com\/?p=42826","url_meta":{"origin":38696,"position":2},"title":"Holanda e Inglaterra se garantem e Eriksen faz o gol da vida","author":"Luiz Ant\u00f4nio Pr\u00f3speri","date":"17 de junho de 2024","format":false,"excerpt":"Holanda e Inglaterra cumprem seu papel de protagonistas fechando o domingo, terceiro dia da Euro 2024, com vit\u00f3rias econ\u00f4micas. Os holandeses vencem de virada por 2 a 1 a brava Pol\u00f4nia e os ingleses passam por cima da S\u00e9rvia por 1 a 0, gol de Jude Bellingham. N\u00e3o foram exibi\u00e7\u00f5es\u2026","rel":"","context":"Em &quot;futebol&quot;","block_context":{"text":"futebol","link":"https:\/\/blogdoprosperi.com\/?cat=53870"},"img":{"alt_text":"Bellingham resolve para Inglaterra","src":"https:\/\/i0.wp.com\/blogdoprosperi.com\/wp-content\/uploads\/2024\/06\/captura-de-tela-2024-06-17-as-11.05.35.png?fit=806%2C622&ssl=1&resize=350%2C200","width":350,"height":200,"srcset":"https:\/\/i0.wp.com\/blogdoprosperi.com\/wp-content\/uploads\/2024\/06\/captura-de-tela-2024-06-17-as-11.05.35.png?fit=806%2C622&ssl=1&resize=350%2C200 1x, https:\/\/i0.wp.com\/blogdoprosperi.com\/wp-content\/uploads\/2024\/06\/captura-de-tela-2024-06-17-as-11.05.35.png?fit=806%2C622&ssl=1&resize=525%2C300 1.5x, https:\/\/i0.wp.com\/blogdoprosperi.com\/wp-content\/uploads\/2024\/06\/captura-de-tela-2024-06-17-as-11.05.35.png?fit=806%2C622&ssl=1&resize=700%2C400 2x"},"classes":[]},{"id":43367,"url":"https:\/\/blogdoprosperi.com\/?p=43367","url_meta":{"origin":38696,"position":3},"title":"Portugal x Eslov\u00eania na Euro 2024: onde acompanhar na TV e streaming","author":"Luiz Ant\u00f4nio Pr\u00f3speri","date":"1 de julho de 2024","format":false,"excerpt":"Fran\u00e7a est\u00e1 nas quartas de final gra\u00e7as a um gol contra do zagueiro Vertongen, em chute de Kolo Muani aos 40 minutos do segundo tempo, na vit\u00f3ria em cima da B\u00e9lgica por 1 a 0. Castigo aos belgas e sorte dos franceses, at\u00e9 aqui com um ataque med\u00edocre \u2013 apenas\u2026","rel":"","context":"Em &quot;futebol&quot;","block_context":{"text":"futebol","link":"https:\/\/blogdoprosperi.com\/?cat=53870"},"img":{"alt_text":"Cristiano Ronaldo estreia na Euro 2024","src":"https:\/\/i0.wp.com\/blogdoprosperi.com\/wp-content\/uploads\/2024\/06\/captura-de-tela-2024-06-18-as-10.33.54.png?fit=910%2C782&ssl=1&resize=350%2C200","width":350,"height":200,"srcset":"https:\/\/i0.wp.com\/blogdoprosperi.com\/wp-content\/uploads\/2024\/06\/captura-de-tela-2024-06-18-as-10.33.54.png?fit=910%2C782&ssl=1&resize=350%2C200 1x, https:\/\/i0.wp.com\/blogdoprosperi.com\/wp-content\/uploads\/2024\/06\/captura-de-tela-2024-06-18-as-10.33.54.png?fit=910%2C782&ssl=1&resize=525%2C300 1.5x, https:\/\/i0.wp.com\/blogdoprosperi.com\/wp-content\/uploads\/2024\/06\/captura-de-tela-2024-06-18-as-10.33.54.png?fit=910%2C782&ssl=1&resize=700%2C400 2x"},"classes":[]},{"id":14457,"url":"https:\/\/blogdoprosperi.com\/?p=14457","url_meta":{"origin":38696,"position":4},"title":"Quando dois amigos do futebol t\u00eam encontro marcado em Lyon","author":"Luiz Ant\u00f4nio Pr\u00f3speri","date":"1 de julho de 2016","format":false,"excerpt":"Pa\u00eds de Gales, de Gareth Bale, derrota B\u00e9lgica por 3 a 1 e vai enfrentar Portugal, de Cristiano Ronaldo, nas semifinais da Eurocopa Gareth Bale e Cristiano Ronaldo, parceiros no Real Madrid, t\u00eam encontro marcado na quarta-feira (06\/7), em Lyon. N\u00e3o v\u00e3o a passeio, v\u00e3o medir for\u00e7as nas semifinais da\u2026","rel":"","context":"Em &quot;futebol&quot;","block_context":{"text":"futebol","link":"https:\/\/blogdoprosperi.com\/?cat=53870"},"img":{"alt_text":"","src":"https:\/\/i0.wp.com\/blogdoprosperi.com\/wp-content\/uploads\/2016\/07\/3072.jpg?resize=350%2C200","width":350,"height":200,"srcset":"https:\/\/i0.wp.com\/blogdoprosperi.com\/wp-content\/uploads\/2016\/07\/3072.jpg?resize=350%2C200 1x, https:\/\/i0.wp.com\/blogdoprosperi.com\/wp-content\/uploads\/2016\/07\/3072.jpg?resize=525%2C300 1.5x"},"classes":[]},{"id":43241,"url":"https:\/\/blogdoprosperi.com\/?p=43241","url_meta":{"origin":38696,"position":5},"title":"Euro 2024 na TV: \u00daltima Rodada da Fase de Grupos e Jogos Decisivos","author":"Luiz Ant\u00f4nio Pr\u00f3speri","date":"26 de junho de 2024","format":false,"excerpt":"Euro 2024 apresenta hoje (26\/6) a \u00faltima rodada da fase de grupos. Disputa acirrada marca os jogos no Grupo E ainda sem definir os dois classificados. No Grupo F, a tarde \u00e9 de Cristiano Ronaldo com Portugal diante da imprevis\u00edvel Ge\u00f3rgia, que tem chance de se classificar. \u201cMuitas pessoas n\u00e3o\u2026","rel":"","context":"Em &quot;futebol&quot;","block_context":{"text":"futebol","link":"https:\/\/blogdoprosperi.com\/?cat=53870"},"img":{"alt_text":"Euro. 2024 na TV: De Bruyne em campo","src":"https:\/\/i0.wp.com\/blogdoprosperi.com\/wp-content\/uploads\/2024\/06\/captura-de-tela-2024-06-26-as-11.25.53.png?fit=1020%2C832&ssl=1&resize=350%2C200","width":350,"height":200,"srcset":"https:\/\/i0.wp.com\/blogdoprosperi.com\/wp-content\/uploads\/2024\/06\/captura-de-tela-2024-06-26-as-11.25.53.png?fit=1020%2C832&ssl=1&resize=350%2C200 1x, https:\/\/i0.wp.com\/blogdoprosperi.com\/wp-content\/uploads\/2024\/06\/captura-de-tela-2024-06-26-as-11.25.53.png?fit=1020%2C832&ssl=1&resize=525%2C300 1.5x, https:\/\/i0.wp.com\/blogdoprosperi.com\/wp-content\/uploads\/2024\/06\/captura-de-tela-2024-06-26-as-11.25.53.png?fit=1020%2C832&ssl=1&resize=700%2C400 2x"},"classes":[]}],"jetpack_featured_media_url":"https:\/\/i0.wp.com\/blogdoprosperi.com\/wp-content\/uploads\/2021\/06\/captura-de-tela-2021-06-17-as-14.42.21.png?fit=1492%2C924&ssl=1","_links":{"self":[{"href":"https:\/\/blogdoprosperi.com\/index.php?rest_route=\/wp\/v2\/posts\/38696","targetHints":{"allow":["GET"]}}],"collection":[{"href":"https:\/\/blogdoprosperi.com\/index.php?rest_route=\/wp\/v2\/posts"}],"about":[{"href":"https:\/\/blogdoprosperi.com\/index.php?rest_route=\/wp\/v2\/types\/post"}],"author":[{"embeddable":true,"href":"https:\/\/blogdoprosperi.com\/index.php?rest_route=\/wp\/v2\/users\/102107496"}],"replies":[{"embeddable":true,"href":"https:\/\/blogdoprosperi.com\/index.php?rest_route=%2Fwp%2Fv2%2Fcomments&post=38696"}],"version-history":[{"count":13,"href":"https:\/\/blogdoprosperi.com\/index.php?rest_route=\/wp\/v2\/posts\/38696\/revisions"}],"predecessor-version":[{"id":38711,"href":"https:\/\/blogdoprosperi.com\/index.php?rest_route=\/wp\/v2\/posts\/38696\/revisions\/38711"}],"wp:featuredmedia":[{"embeddable":true,"href":"https:\/\/blogdoprosperi.com\/index.php?rest_route=\/wp\/v2\/media\/38706"}],"wp:attachment":[{"href":"https:\/\/blogdoprosperi.com\/index.php?rest_route=%2Fwp%2Fv2%2Fmedia&parent=38696"}],"wp:term":[{"taxonomy":"category","embeddable":true,"href":"https:\/\/blogdoprosperi.com\/index.php?rest_route=%2Fwp%2Fv2%2Fcategories&post=38696"},{"taxonomy":"post_tag","embeddable":true,"href":"https:\/\/blogdoprosperi.com\/index.php?rest_route=%2Fwp%2Fv2%2Ftags&post=38696"}],"curies":[{"name":"wp","href":"https:\/\/api.w.org\/{rel}","templated":true}]}}