{"id":38818,"date":"2021-07-07T12:31:12","date_gmt":"2021-07-07T15:31:12","guid":{"rendered":"https:\/\/blogdoprosperi.com\/?p=38818"},"modified":"2021-07-07T12:31:12","modified_gmt":"2021-07-07T15:31:12","slug":"redbullizacao-do-futebol-episodio-2-a-origem-do-imperio","status":"publish","type":"post","link":"https:\/\/blogdoprosperi.com\/?p=38818","title":{"rendered":"RedBulliza\u00e7\u00e3o do futebol (epis\u00f3dio 2): A origem do imp\u00e9rio"},"content":{"rendered":"\r\n<p class=\"wp-block-paragraph\"><em><strong>RedBulliza\u00e7\u00e3o do futebol \u2013 epis\u00f3dio 2<\/strong>\u00a0\u2013 Mostra como um executivo austr\u00edaco inventou um conglomerado esportivo depois de se tornar milion\u00e1rio. De onde nasceu a ideia de investir no futebol depois do sucesso nos esportes radicais e F\u00f3rmula 1. A origem do imp\u00e9rio, a luta contra paix\u00e3o dos torcedores e os mentores dos primeiros projetos nos clubes da \u00c1ustria e Alemanha. Naquela \u00e9poca n\u00e3o se falava em investir no futebol brasileiro e o Bragantino era uma miragem.\u00a0<strong>News Pr\u00f3speri<\/strong> reproduz segunda reportagem da revista espanhola\u00a0<strong>Panenka<\/strong>\u00a0de autoria do jornalista\u00a0<strong>Aitor Lagunas<\/strong>. Acompanhe parte II:\u00a0<\/em><\/p>\r\n\r\n\r\n\r\n<p class=\"wp-block-paragraph\">Em 28 de agosto de 2016, j\u00e1 superado o equador desta d\u00e9cada que fechamos, a Alemanha sediou um jogo cheio de informa\u00e7\u00f5es sobre o futuro do futebol. No meio do nada, com uma rodovia e um enorme estacionamento como \u00fanico contexto, se disputou uma partida imposs\u00edvel em qualquer outra d\u00e9cada: o Hoffenheim, time de uma pequena cidade infestada de profissionalismo pelo seu bilion\u00e1rio propriet\u00e1rio, dava bem-vinda \u00e0 Bundesliga ao\u00a0<span style=\"color:#0000ff;\"><strong><a style=\"color:#0000ff;\" href=\"https:\/\/www.dierotenbullen.com\/en\">RB Leipzig<\/a>,<\/strong><\/span>\u00a0a grande aposta da marca de bebidas energ\u00e9ticas na super-elite do futebol europeu<\/p>\r\n\r\n\r\n\r\n<p class=\"wp-block-paragraph\">O RB j\u00e1 havia se tornado o time mais odiado da Alemanha. Ap\u00f3s essa viagem inaugural a Hoffenheim,<strong><span style=\"color:#0000ff;\">\u00a0<\/span><span style=\"color:#0000ff;\"><a style=\"color:#0000ff;\" href=\"https:\/\/chuteirafc.com.br\/redbullizacao-do-futebol-episodio-i-novo-estilo-de-jogo-surge-de-uma-empresa\/\">todas as visitas dos \u201cRed Bulls\u201d aos diferentes est\u00e1dios da Bundesliga<\/a><\/span>\u00a0<\/strong>se tornaram um ped\u00e1gio natural com faixas, gritos e gestos desagrad\u00e1veis. Em uma partida de copa, os f\u00e3s do Dynamo Dresden jogaram a cabe\u00e7a de um touro em campo. No est\u00e1dio do Union, os torcedores locais vieram vestidos de preto e ficaram em sil\u00eancio por 15 minutos com a \u201cmorte do futebol\u201d. Nas pesquisas da Universidade de Braunschweig sobre as antipatias alem\u00e3s no futebol, pela primeira vez um clube superou o todo-poderoso Bayern de Munique como o mais odiado. Na p\u00e1tria do 50 + 1, a lei que protege a propriedade de clubes por seus torcedores, muitos discutiram a legitimidade do RB Leipzig, por mais que seus donos se preocupassem em cumprir a lei.<\/p>\r\n\r\n\r\n\r\n<p class=\"wp-block-paragraph\">Inicialmente, as suspeitas em rela\u00e7\u00e3o ao clube sax\u00e3o eram motivadas por seu car\u00e1ter de clube-empresa apenas dissimulado: o RB de sua denomina\u00e7\u00e3o n\u00e3o respondia \u00e0s siglas da marca, mas ao Rassen Ballsport \u2013 esporte de bola e grama, literalmente \u2013 precisamente para n\u00e3o incorrer em um il\u00edcito. A matriz dona de v\u00e1rios clubes em outros pa\u00edses ter comprado um pequeno clube no distrito de Leipzig em 2009, ap\u00f3s vagar sem sucesso pelas aquisi\u00e7\u00f5es da Sankt Pauli ou Munique1860, e come\u00e7ar a inflar com dinheiro a sua filial alem\u00e3 para subir na hierarquia, n\u00e3o ajudou dissipar suspeitas. No entanto, a brilhante evolu\u00e7\u00e3o da equipe modificou o tempo verbal em que se conjugava a inquieta\u00e7\u00e3o do futebol alem\u00e3o. Rapidamente deixou de incomodar tanto o passado (como o RB Leipzig havia chegado \u00e0 Bundesliga) e come\u00e7ou a se preocupar mais com o futuro: para que se havia plantado ali?<\/p>\r\n\r\n\r\n\r\n<figure id=\"attachment_53005\" class=\"wp-block-image\"><img data-recalc-dims=\"1\" decoding=\"async\" class=\"wp-image-53005\" src=\"https:\/\/i0.wp.com\/chuteirafc.com.br\/wp-content\/uploads\/2020\/01\/archivbild-red-bullboss-mateschitz-feiert-geburtstag.jpg?w=940&#038;ssl=1\" alt=\"Dietrich Mateschitz dono do Red Bull\" \/>\r\n<figcaption><em>Mateschitz, dono da Red Bull, se convence a investir no futebol ap\u00f3s ouvir o amigo Beckenbauer \u2013 foto: Red Bull<\/em><\/figcaption>\r\n<\/figure>\r\n\r\n\r\n\r\n<h4 class=\"wp-block-heading\"><strong>Ap\u00f3s a brilhante estr\u00e9ia do RB Leipzig na Bundesliga, muitos deixaram de se incomodar tanto com o fato de ter chegado \u00e0 elite do futebol alem\u00e3o e come\u00e7aram a se preocupar mais com o que fazer<\/strong><\/h4>\r\n\r\n\r\n\r\n<p class=\"wp-block-paragraph\">Para responder a essa pergunta, voc\u00ea precisa viajar para Bangcoc, 1982. Um jovem executivo austr\u00edaco de uma empresa de detergente entra em um hotel e pede que algo para se despertar antes de entrar em uma reuni\u00e3o. Acabava de pousar e estava sonolento por causa do jet lag. O gar\u00e7om serve uma bebida amarga, bastante comum entre trabalhadores e caminhoneiros no Sudeste Asi\u00e1tico. N\u00e3o tem g\u00e1s e n\u00e3o \u00e9 particularmente agrad\u00e1vel no paladar: parece quase um xarope dissolvido, mas \u00e9 realmente eficaz. Dietrich Mateschitz se desperta, embora nem tanto para ver o neg\u00f3cio a que acabava de ser apresentado.<\/p>\r\n\r\n\r\n\r\n<p class=\"wp-block-paragraph\">Isso exigir\u00e1 uma segunda viagem, esta a Hong Kong. No hall do hotel Mandarin, olha uma revista da<em>\u00a0Newsweek<\/em>. Seus olhos se det\u00e9m em uma pequena informa\u00e7\u00e3o sobre os principais contribuintes ao Fisco no Jap\u00e3o. E de um artigo t\u00e3o aparentemente an\u00f3dino salta uma fa\u00edsca: quando ele l\u00ea que uma das maiores fortunas japonesas \u00e9 propriet\u00e1ria de uma bebida com taurina e cafe\u00edna semelhante \u00e0 que ele experimentou na Tail\u00e2ndia, sua conex\u00e3o neural come\u00e7a a se mover como bolinha de um ping-pong. Ele n\u00e3o vai parar at\u00e9 criar sua pr\u00f3pria empresa na Europa com a qual vai comercializar uma bebida semelhante. Modifica o sabor, adiciona g\u00e1s e grandes doses de a\u00e7\u00facar, muda o logo e traduz o nome da marca tailandesa: de Krating Daeng (touros vermelhos, em alus\u00e3o \u00e0 taurina) passa \u00e0 internacional Red Bull. Mateschitz, que havia levado 10 anos para se formar em marketing e gest\u00e3o de neg\u00f3cios, agora se aplica com rapidez e sucesso. Entende que deve ser uma marca jovem, em um segmento completamente novo, e logo a associa ao esporte. O futebol n\u00e3o lhe interessa. Por outro lado, em torno da aventura, da neve e do motor h\u00e1 um valor agregado, uma marca nova e radical. Um ano ap\u00f3s o seu lan\u00e7amento, patrocina sua primeira corrida de montanha. E em 1995, antes de chegar a pa\u00edses como a Espanha, desembarca na F\u00f3rmula 1. Em 2000, compra o time de h\u00f3quei no gelo de sua cidade, Salzburgo.<\/p>\r\n\r\n\r\n\r\n<h4 class=\"wp-block-heading\"><strong>A Red Bull quer implementar sua pr\u00f3pria filosofia com m\u00e9todos mais t\u00edpicos de uma ditadura totalit\u00e1ria do que da cultura esportiva austr\u00edaca<\/strong><\/h4>\r\n\r\n\r\n\r\n<p class=\"wp-block-paragraph\">Mateschitz investiu meio milh\u00e3o de d\u00f3lares. Hoje possui quase 19 bilh\u00f5es, uma fortuna que s\u00f3 superam outros 52 potentados em todo o mundo. No ano passado, vendeu mais de 6 bilh\u00f5es de unidades, o equivalente a dar uma lata de Red Bull a todos os habitantes do planeta. \u00c9 um cara acostumado a vencer e a se envolver no caminho. Assim surgiu o interesse por futebol, atrav\u00e9s de um bom amigo residente nos Alpes e milion\u00e1rio como ele:\u00a0<strong><a href=\"https:\/\/chuteirafc.com.br\/deschamps-o-jogo-pertence-aos-jogadores-agora-eles-estao-no-topo-do-mundo\/\">Franz Beckenbauer<\/a><\/strong>. Em 2005, \u00e0s v\u00e9speras da Copa do Mundo na Alemanha, cujo comit\u00ea organizador foi presidido pelo pr\u00f3prio Beckenbauer, Mateschitz entendeu que o futebol era poderoso demais para n\u00e3o entrar nele. Decidiu comprar o \u00c1ustria Salzburg. Trocou o nome, mudou as cores, mudou o escudo. Os f\u00e3s mais rom\u00e2nticos protestaram: \u201cA Red Bull quer implementar sua pr\u00f3pria filosofia com m\u00e9todos mais t\u00edpicos de uma ditadura totalit\u00e1ria do que da cultura esportiva austr\u00edaca\u201d, protestou o ent\u00e3o porta-voz dos f\u00e3s. \u201cN\u00e3o h\u00e1 nenhum acordo poss\u00edvel, somos um novo clube: n\u00e3o temos hist\u00f3ria\u201d, disseram ent\u00e3o porta-vozes de torcedores. Houve uma divis\u00e3o dos f\u00e3s mais rom\u00e2nticos.<\/p>\r\n\r\n\r\n\r\n<figure id=\"attachment_53004\" class=\"wp-block-image\"><img data-recalc-dims=\"1\" decoding=\"async\" class=\"wp-image-53004\" src=\"https:\/\/i0.wp.com\/chuteirafc.com.br\/wp-content\/uploads\/2020\/01\/images-3-1.jpeg?w=940&#038;ssl=1\" alt=\"Ralf Rangnick da Red Bull\" \/>\r\n<figcaption><em>Ralf Rangnick, primeiro treinador da franquia Red Bull de futebol \u2013 foto: reprodu\u00e7\u00e3o<\/em><\/figcaption>\r\n<\/figure>\r\n\r\n\r\n\r\n<p class=\"wp-block-paragraph\">Mateschitz n\u00e3o estava preocupado. Continuou aplicando sua metodologia de neg\u00f3cios e insuflando dinheiro. Em 2006, a equipe terminou em segundo lugar. No ano seguinte, chegou ao primeiro t\u00edtulo da liga, com dois velhos conhecidos de Beckenbauer no banco: Giovanni Trapattoni como primeiro treinador, assistido por Lothar Matth\u00e4us. Era um Red Bull muito diferente do atual, mas igualmente vitorioso. Com outros tr\u00eas treinadores, a franquia conquista outros tr\u00eas campeonatos at\u00e9 2012. \u00c9 ent\u00e3o quando Mateschitz entende que chegou a hora de marcar uma linha clara, uma filosofia de jogo de acordo com os valores de uma empresa nova e radical, e se volta para algu\u00e9m que j\u00e1 havia feito isso com sucesso no passado.<\/p>\r\n\r\n\r\n\r\n<p class=\"wp-block-paragraph\">Chama a Ralf Rangnick. Este pede plenos poderes: n\u00e3o quer apenas treinar e sim se tornar o ide\u00f3logo do grupo. Seu objetivo n\u00e3o passa apenas por Salzburgo, mas tamb\u00e9m, e principalmente, pela recente franquia de Leipzig, que neste momento n\u00e3o ascende \u00e0 terceira divis\u00e3o alem\u00e3. Apenas quatro anos depois, em 2016, Rangnick contemplar\u00e1 desde o palco de Rhein-Neckar Stadion o fim de um ciclo: o RB Leipzig estr\u00e9ia na Bundesliga precisamente ante seu clube anterior, o Hoffenheim, gra\u00e7as a cuja experi\u00eancia recebeu cargo de Dietrich Mateschitz. Durante esse per\u00edodo, o RB Salzburg levanta tr\u00eas dobletes da Copa da Liga da \u00c1ustria consecutivamente. Come\u00e7a a incorporar jovens jogadores que \u00a0logo v\u00e3o gerar benef\u00edcios com seus passes a outras equipes (Sadio Man\u00e9 para o Southampton, Kevin Kampl para o Borussia Dortmund) ou se transfiram internamente para a franquia irm\u00e3 do outro lado dos Alpes (Ilsanker, Gulacsi, Sabitzer).<\/p>\r\n\r\n\r\n\r\n<p class=\"wp-block-paragraph\">E assim, depois de quatro anos \u00e0 frente do conglomerado de futebol da Red Bull, Ralf Rangnick decide em 2016 que era o momento de invadir a Europa e o mundo.<\/p>\r\n","protected":false},"excerpt":{"rendered":"<p>O RB j\u00e1 havia se tornado o time mais odiado da Alemanha. Todas as visitas dos \u201cRed Bulls\u201d aos diferentes est\u00e1dios da Bundesliga\u00a0se tornaram um ped\u00e1gio natural com faixas, gritos e gestos desagrad\u00e1veis<\/p>\n","protected":false},"author":102107496,"featured_media":38823,"comment_status":"open","ping_status":"open","sticky":false,"template":"","format":"standard","meta":{"_coblocks_attr":"","_coblocks_dimensions":"","_coblocks_responsive_height":"","_coblocks_accordion_ie_support":"","_jetpack_newsletter_access":"","_jetpack_dont_email_post_to_subs":false,"_jetpack_newsletter_tier_id":0,"_jetpack_memberships_contains_paywalled_content":false,"_wpcom_ai_launchpad_first_post":false,"_jetpack_feature_clip_id":0,"_jetpack_memberships_contains_paid_content":false,"footnotes":"","jetpack_publicize_message":"","jetpack_publicize_feature_enabled":true,"jetpack_social_post_already_shared":false,"jetpack_social_options":{"image_generator_settings":{"template":"highway","default_image_id":0,"font":"","enabled":false},"version":2},"jetpack_post_was_ever_published":false},"categories":[53870,708074783],"tags":[714010134,789560560,5018391,677172036,720986677],"class_list":["post-38818","post","type-post","status-publish","format-standard","has-post-thumbnail","hentry","category-futebol","category-futebol-2021","tag-brasileirao-2021","tag-futebol","tag-ralf-rangnick","tag-red-bull-bragantino","tag-redbullizacao-do-futebol"],"yoast_head":"<!-- This site is optimized with the Yoast SEO plugin v28.3 - https:\/\/yoast.com\/product\/yoast-seo-wordpress\/ -->\n<title>RedBulliza\u00e7\u00e3o do futebol (epis\u00f3dio 2): A origem do imp\u00e9rio - PR\u00d3SPERI NEWS<\/title>\n<meta name=\"robots\" content=\"index, follow, max-snippet:-1, max-image-preview:large, max-video-preview:-1\" \/>\n<link rel=\"canonical\" href=\"https:\/\/blogdoprosperi.com\/?p=38818\" \/>\n<meta property=\"og:locale\" content=\"pt_BR\" \/>\n<meta property=\"og:type\" content=\"article\" \/>\n<meta property=\"og:title\" content=\"RedBulliza\u00e7\u00e3o do futebol (epis\u00f3dio 2): A origem do imp\u00e9rio - PR\u00d3SPERI NEWS\" \/>\n<meta property=\"og:description\" content=\"O RB j\u00e1 havia se tornado o time mais odiado da Alemanha. Todas as visitas dos \u201cRed Bulls\u201d aos diferentes est\u00e1dios da Bundesliga\u00a0se tornaram um ped\u00e1gio natural com faixas, gritos e gestos desagrad\u00e1veis\" \/>\n<meta property=\"og:url\" content=\"https:\/\/blogdoprosperi.com\/?p=38818\" \/>\n<meta property=\"og:site_name\" content=\"PR\u00d3SPERI NEWS\" \/>\n<meta property=\"article:publisher\" content=\"Luiz Pr\u00f3speri\" \/>\n<meta property=\"article:author\" content=\"Luiz Pr\u00f3speri\" \/>\n<meta property=\"article:published_time\" content=\"2021-07-07T15:31:12+00:00\" \/>\n<meta property=\"og:image\" content=\"https:\/\/i0.wp.com\/blogdoprosperi.com\/wp-content\/uploads\/2021\/07\/1625440885_arturgol.jpg?fit=1280%2C910&ssl=1\" \/>\n\t<meta property=\"og:image:width\" content=\"1280\" \/>\n\t<meta property=\"og:image:height\" content=\"910\" \/>\n\t<meta property=\"og:image:type\" content=\"image\/jpeg\" \/>\n<meta name=\"author\" content=\"Luiz Ant\u00f4nio Pr\u00f3speri\" \/>\n<meta name=\"twitter:card\" content=\"summary_large_image\" \/>\n<meta name=\"twitter:creator\" content=\"@Luizprosperi\" \/>\n<meta name=\"twitter:site\" content=\"@Luizprosperi\" \/>\n<meta name=\"twitter:label1\" content=\"Escrito por\" \/>\n\t<meta name=\"twitter:data1\" content=\"Luiz Ant\u00f4nio Pr\u00f3speri\" \/>\n\t<meta name=\"twitter:label2\" content=\"Est. tempo de leitura\" \/>\n\t<meta name=\"twitter:data2\" content=\"7 minutos\" \/>\n<script type=\"application\/ld+json\" class=\"yoast-schema-graph\">{\"@context\":\"https:\\\/\\\/schema.org\",\"@graph\":[{\"@type\":\"Article\",\"@id\":\"https:\\\/\\\/blogdoprosperi.com\\\/?p=38818#article\",\"isPartOf\":{\"@id\":\"https:\\\/\\\/blogdoprosperi.com\\\/?p=38818\"},\"author\":{\"name\":\"Luiz Ant\u00f4nio Pr\u00f3speri\",\"@id\":\"https:\\\/\\\/blogdoprosperi.com\\\/#\\\/schema\\\/person\\\/38100755ce3601861ee4fab9b5aa78e9\"},\"headline\":\"RedBulliza\u00e7\u00e3o do futebol (epis\u00f3dio 2): A origem do imp\u00e9rio\",\"datePublished\":\"2021-07-07T15:31:12+00:00\",\"mainEntityOfPage\":{\"@id\":\"https:\\\/\\\/blogdoprosperi.com\\\/?p=38818\"},\"wordCount\":1474,\"commentCount\":1,\"publisher\":{\"@id\":\"https:\\\/\\\/blogdoprosperi.com\\\/#\\\/schema\\\/person\\\/38100755ce3601861ee4fab9b5aa78e9\"},\"image\":{\"@id\":\"https:\\\/\\\/blogdoprosperi.com\\\/?p=38818#primaryimage\"},\"thumbnailUrl\":\"https:\\\/\\\/i0.wp.com\\\/blogdoprosperi.com\\\/wp-content\\\/uploads\\\/2021\\\/07\\\/1625440885_arturgol.jpg?fit=1280%2C910&ssl=1\",\"keywords\":[\"Brasileir\u00e3o 2021\",\"futebol\",\"Ralf Rangnick\",\"Red Bull Bragantino\",\"RedBulliza\u00e7\u00e3o do futebol\"],\"articleSection\":[\"futebol\",\"futebol 2021\"],\"inLanguage\":\"pt-BR\",\"potentialAction\":[{\"@type\":\"CommentAction\",\"name\":\"Comment\",\"target\":[\"https:\\\/\\\/blogdoprosperi.com\\\/?p=38818#respond\"]}]},{\"@type\":\"WebPage\",\"@id\":\"https:\\\/\\\/blogdoprosperi.com\\\/?p=38818\",\"url\":\"https:\\\/\\\/blogdoprosperi.com\\\/?p=38818\",\"name\":\"RedBulliza\u00e7\u00e3o do futebol (epis\u00f3dio 2): A origem do imp\u00e9rio - PR\u00d3SPERI NEWS\",\"isPartOf\":{\"@id\":\"https:\\\/\\\/blogdoprosperi.com\\\/#website\"},\"primaryImageOfPage\":{\"@id\":\"https:\\\/\\\/blogdoprosperi.com\\\/?p=38818#primaryimage\"},\"image\":{\"@id\":\"https:\\\/\\\/blogdoprosperi.com\\\/?p=38818#primaryimage\"},\"thumbnailUrl\":\"https:\\\/\\\/i0.wp.com\\\/blogdoprosperi.com\\\/wp-content\\\/uploads\\\/2021\\\/07\\\/1625440885_arturgol.jpg?fit=1280%2C910&ssl=1\",\"datePublished\":\"2021-07-07T15:31:12+00:00\",\"breadcrumb\":{\"@id\":\"https:\\\/\\\/blogdoprosperi.com\\\/?p=38818#breadcrumb\"},\"inLanguage\":\"pt-BR\",\"potentialAction\":[{\"@type\":\"ReadAction\",\"target\":[\"https:\\\/\\\/blogdoprosperi.com\\\/?p=38818\"]}]},{\"@type\":\"ImageObject\",\"inLanguage\":\"pt-BR\",\"@id\":\"https:\\\/\\\/blogdoprosperi.com\\\/?p=38818#primaryimage\",\"url\":\"https:\\\/\\\/i0.wp.com\\\/blogdoprosperi.com\\\/wp-content\\\/uploads\\\/2021\\\/07\\\/1625440885_arturgol.jpg?fit=1280%2C910&ssl=1\",\"contentUrl\":\"https:\\\/\\\/i0.wp.com\\\/blogdoprosperi.com\\\/wp-content\\\/uploads\\\/2021\\\/07\\\/1625440885_arturgol.jpg?fit=1280%2C910&ssl=1\",\"width\":1280,\"height\":910,\"caption\":\"Jogadores do Red Bull Bragantino celebram virada contra S\u00e3o Paulo \u2013 foto: Ari Ferreira \\\/ RB Bragantino\"},{\"@type\":\"BreadcrumbList\",\"@id\":\"https:\\\/\\\/blogdoprosperi.com\\\/?p=38818#breadcrumb\",\"itemListElement\":[{\"@type\":\"ListItem\",\"position\":1,\"name\":\"In\u00edcio\",\"item\":\"https:\\\/\\\/blogdoprosperi.com\\\/\"},{\"@type\":\"ListItem\",\"position\":2,\"name\":\"RedBulliza\u00e7\u00e3o do futebol (epis\u00f3dio 2): A origem do imp\u00e9rio\"}]},{\"@type\":\"WebSite\",\"@id\":\"https:\\\/\\\/blogdoprosperi.com\\\/#website\",\"url\":\"https:\\\/\\\/blogdoprosperi.com\\\/\",\"name\":\"PR\u00d3SPERI NEWS\",\"description\":\"TUDO \u00c9  FUTEBOL\",\"publisher\":{\"@id\":\"https:\\\/\\\/blogdoprosperi.com\\\/#\\\/schema\\\/person\\\/38100755ce3601861ee4fab9b5aa78e9\"},\"alternateName\":\"blogdoprosperi.com\",\"potentialAction\":[{\"@type\":\"SearchAction\",\"target\":{\"@type\":\"EntryPoint\",\"urlTemplate\":\"https:\\\/\\\/blogdoprosperi.com\\\/?s={search_term_string}\"},\"query-input\":{\"@type\":\"PropertyValueSpecification\",\"valueRequired\":true,\"valueName\":\"search_term_string\"}}],\"inLanguage\":\"pt-BR\"},{\"@type\":[\"Person\",\"Organization\"],\"@id\":\"https:\\\/\\\/blogdoprosperi.com\\\/#\\\/schema\\\/person\\\/38100755ce3601861ee4fab9b5aa78e9\",\"name\":\"Luiz Ant\u00f4nio Pr\u00f3speri\",\"pronouns\":\"ele\",\"image\":{\"@type\":\"ImageObject\",\"inLanguage\":\"pt-BR\",\"@id\":\"https:\\\/\\\/i0.wp.com\\\/blogdoprosperi.com\\\/wp-content\\\/uploads\\\/2026\\\/05\\\/cropped-8059e613-6002-42fa-961e-8e275f575d71-2-5.jpg?fit=1360%2C931&ssl=1\",\"url\":\"https:\\\/\\\/i0.wp.com\\\/blogdoprosperi.com\\\/wp-content\\\/uploads\\\/2026\\\/05\\\/cropped-8059e613-6002-42fa-961e-8e275f575d71-2-5.jpg?fit=1360%2C931&ssl=1\",\"contentUrl\":\"https:\\\/\\\/i0.wp.com\\\/blogdoprosperi.com\\\/wp-content\\\/uploads\\\/2026\\\/05\\\/cropped-8059e613-6002-42fa-961e-8e275f575d71-2-5.jpg?fit=1360%2C931&ssl=1\",\"width\":1360,\"height\":931,\"caption\":\"Luiz Ant\u00f4nio Pr\u00f3speri\"},\"logo\":{\"@id\":\"https:\\\/\\\/i0.wp.com\\\/blogdoprosperi.com\\\/wp-content\\\/uploads\\\/2026\\\/05\\\/cropped-8059e613-6002-42fa-961e-8e275f575d71-2-5.jpg?fit=1360%2C931&ssl=1\"},\"description\":\"Jornalista com carreira dedicada ao esporte. Cobriu 9 Copas do Mundo in loco, 1990 na It\u00e1lia, 1994 nos EUA, 1998 na Fran\u00e7a, 2002 na Coreia do Sul e Jap\u00e3o, 2006 na Alemanha, 2010 na \u00c1frica do Sul, 2014 no Brasil, 2018 na R\u00fassia e 2022 no Qatar. Eurocopas, 1992 na Su\u00e9cia e 1996 na Inglaterra. Copa das Confedera\u00e7\u00f5es de 2005 na Alemanha e 2009 na \u00c1frica do Sul. Rep\u00f3rter e Editor, trabalhou no Jornal da Tarde e Estad\u00e3o, de 1984 a fevereiro de 2016. Colunista, blogueiro. E comentarista de futebol na R\u00e1dio Estad\u00e3o, de 2013 a fevereiro de 2016. Jornalista respons\u00e1vel do \\\"Pr\u00f3speri News\\\" (blogdoprosperi.com).\",\"sameAs\":[\"http:\\\/\\\/blogdoprosperi.com\",\"Luiz Pr\u00f3speri\",\"@luiz_prosperi\",\"https:\\\/\\\/x.com\\\/Luizprosperi\",\"@prosperinacopa\",\"luiz.prosperi@icloud.com\"],\"url\":\"https:\\\/\\\/blogdoprosperi.com\\\/?author=102107496\"}]}<\/script>\n<!-- \/ Yoast SEO plugin. -->","yoast_head_json":{"title":"RedBulliza\u00e7\u00e3o do futebol (epis\u00f3dio 2): A origem do imp\u00e9rio - PR\u00d3SPERI NEWS","robots":{"index":"index","follow":"follow","max-snippet":"max-snippet:-1","max-image-preview":"max-image-preview:large","max-video-preview":"max-video-preview:-1"},"canonical":"https:\/\/blogdoprosperi.com\/?p=38818","og_locale":"pt_BR","og_type":"article","og_title":"RedBulliza\u00e7\u00e3o do futebol (epis\u00f3dio 2): A origem do imp\u00e9rio - PR\u00d3SPERI NEWS","og_description":"O RB j\u00e1 havia se tornado o time mais odiado da Alemanha. Todas as visitas dos \u201cRed Bulls\u201d aos diferentes est\u00e1dios da Bundesliga\u00a0se tornaram um ped\u00e1gio natural com faixas, gritos e gestos desagrad\u00e1veis","og_url":"https:\/\/blogdoprosperi.com\/?p=38818","og_site_name":"PR\u00d3SPERI NEWS","article_publisher":"Luiz Pr\u00f3speri","article_author":"Luiz Pr\u00f3speri","article_published_time":"2021-07-07T15:31:12+00:00","og_image":[{"width":1280,"height":910,"url":"https:\/\/i0.wp.com\/blogdoprosperi.com\/wp-content\/uploads\/2021\/07\/1625440885_arturgol.jpg?fit=1280%2C910&ssl=1","type":"image\/jpeg"}],"author":"Luiz Ant\u00f4nio Pr\u00f3speri","twitter_card":"summary_large_image","twitter_creator":"@Luizprosperi","twitter_site":"@Luizprosperi","twitter_misc":{"Escrito por":"Luiz Ant\u00f4nio Pr\u00f3speri","Est. tempo de leitura":"7 minutos"},"schema":{"@context":"https:\/\/schema.org","@graph":[{"@type":"Article","@id":"https:\/\/blogdoprosperi.com\/?p=38818#article","isPartOf":{"@id":"https:\/\/blogdoprosperi.com\/?p=38818"},"author":{"name":"Luiz Ant\u00f4nio Pr\u00f3speri","@id":"https:\/\/blogdoprosperi.com\/#\/schema\/person\/38100755ce3601861ee4fab9b5aa78e9"},"headline":"RedBulliza\u00e7\u00e3o do futebol (epis\u00f3dio 2): A origem do imp\u00e9rio","datePublished":"2021-07-07T15:31:12+00:00","mainEntityOfPage":{"@id":"https:\/\/blogdoprosperi.com\/?p=38818"},"wordCount":1474,"commentCount":1,"publisher":{"@id":"https:\/\/blogdoprosperi.com\/#\/schema\/person\/38100755ce3601861ee4fab9b5aa78e9"},"image":{"@id":"https:\/\/blogdoprosperi.com\/?p=38818#primaryimage"},"thumbnailUrl":"https:\/\/i0.wp.com\/blogdoprosperi.com\/wp-content\/uploads\/2021\/07\/1625440885_arturgol.jpg?fit=1280%2C910&ssl=1","keywords":["Brasileir\u00e3o 2021","futebol","Ralf Rangnick","Red Bull Bragantino","RedBulliza\u00e7\u00e3o do futebol"],"articleSection":["futebol","futebol 2021"],"inLanguage":"pt-BR","potentialAction":[{"@type":"CommentAction","name":"Comment","target":["https:\/\/blogdoprosperi.com\/?p=38818#respond"]}]},{"@type":"WebPage","@id":"https:\/\/blogdoprosperi.com\/?p=38818","url":"https:\/\/blogdoprosperi.com\/?p=38818","name":"RedBulliza\u00e7\u00e3o do futebol (epis\u00f3dio 2): A origem do imp\u00e9rio - PR\u00d3SPERI NEWS","isPartOf":{"@id":"https:\/\/blogdoprosperi.com\/#website"},"primaryImageOfPage":{"@id":"https:\/\/blogdoprosperi.com\/?p=38818#primaryimage"},"image":{"@id":"https:\/\/blogdoprosperi.com\/?p=38818#primaryimage"},"thumbnailUrl":"https:\/\/i0.wp.com\/blogdoprosperi.com\/wp-content\/uploads\/2021\/07\/1625440885_arturgol.jpg?fit=1280%2C910&ssl=1","datePublished":"2021-07-07T15:31:12+00:00","breadcrumb":{"@id":"https:\/\/blogdoprosperi.com\/?p=38818#breadcrumb"},"inLanguage":"pt-BR","potentialAction":[{"@type":"ReadAction","target":["https:\/\/blogdoprosperi.com\/?p=38818"]}]},{"@type":"ImageObject","inLanguage":"pt-BR","@id":"https:\/\/blogdoprosperi.com\/?p=38818#primaryimage","url":"https:\/\/i0.wp.com\/blogdoprosperi.com\/wp-content\/uploads\/2021\/07\/1625440885_arturgol.jpg?fit=1280%2C910&ssl=1","contentUrl":"https:\/\/i0.wp.com\/blogdoprosperi.com\/wp-content\/uploads\/2021\/07\/1625440885_arturgol.jpg?fit=1280%2C910&ssl=1","width":1280,"height":910,"caption":"Jogadores do Red Bull Bragantino celebram virada contra S\u00e3o Paulo \u2013 foto: Ari Ferreira \/ RB Bragantino"},{"@type":"BreadcrumbList","@id":"https:\/\/blogdoprosperi.com\/?p=38818#breadcrumb","itemListElement":[{"@type":"ListItem","position":1,"name":"In\u00edcio","item":"https:\/\/blogdoprosperi.com\/"},{"@type":"ListItem","position":2,"name":"RedBulliza\u00e7\u00e3o do futebol (epis\u00f3dio 2): A origem do imp\u00e9rio"}]},{"@type":"WebSite","@id":"https:\/\/blogdoprosperi.com\/#website","url":"https:\/\/blogdoprosperi.com\/","name":"PR\u00d3SPERI NEWS","description":"TUDO \u00c9  FUTEBOL","publisher":{"@id":"https:\/\/blogdoprosperi.com\/#\/schema\/person\/38100755ce3601861ee4fab9b5aa78e9"},"alternateName":"blogdoprosperi.com","potentialAction":[{"@type":"SearchAction","target":{"@type":"EntryPoint","urlTemplate":"https:\/\/blogdoprosperi.com\/?s={search_term_string}"},"query-input":{"@type":"PropertyValueSpecification","valueRequired":true,"valueName":"search_term_string"}}],"inLanguage":"pt-BR"},{"@type":["Person","Organization"],"@id":"https:\/\/blogdoprosperi.com\/#\/schema\/person\/38100755ce3601861ee4fab9b5aa78e9","name":"Luiz Ant\u00f4nio Pr\u00f3speri","pronouns":"ele","image":{"@type":"ImageObject","inLanguage":"pt-BR","@id":"https:\/\/i0.wp.com\/blogdoprosperi.com\/wp-content\/uploads\/2026\/05\/cropped-8059e613-6002-42fa-961e-8e275f575d71-2-5.jpg?fit=1360%2C931&ssl=1","url":"https:\/\/i0.wp.com\/blogdoprosperi.com\/wp-content\/uploads\/2026\/05\/cropped-8059e613-6002-42fa-961e-8e275f575d71-2-5.jpg?fit=1360%2C931&ssl=1","contentUrl":"https:\/\/i0.wp.com\/blogdoprosperi.com\/wp-content\/uploads\/2026\/05\/cropped-8059e613-6002-42fa-961e-8e275f575d71-2-5.jpg?fit=1360%2C931&ssl=1","width":1360,"height":931,"caption":"Luiz Ant\u00f4nio Pr\u00f3speri"},"logo":{"@id":"https:\/\/i0.wp.com\/blogdoprosperi.com\/wp-content\/uploads\/2026\/05\/cropped-8059e613-6002-42fa-961e-8e275f575d71-2-5.jpg?fit=1360%2C931&ssl=1"},"description":"Jornalista com carreira dedicada ao esporte. Cobriu 9 Copas do Mundo in loco, 1990 na It\u00e1lia, 1994 nos EUA, 1998 na Fran\u00e7a, 2002 na Coreia do Sul e Jap\u00e3o, 2006 na Alemanha, 2010 na \u00c1frica do Sul, 2014 no Brasil, 2018 na R\u00fassia e 2022 no Qatar. Eurocopas, 1992 na Su\u00e9cia e 1996 na Inglaterra. Copa das Confedera\u00e7\u00f5es de 2005 na Alemanha e 2009 na \u00c1frica do Sul. Rep\u00f3rter e Editor, trabalhou no Jornal da Tarde e Estad\u00e3o, de 1984 a fevereiro de 2016. Colunista, blogueiro. E comentarista de futebol na R\u00e1dio Estad\u00e3o, de 2013 a fevereiro de 2016. Jornalista respons\u00e1vel do \"Pr\u00f3speri News\" (blogdoprosperi.com).","sameAs":["http:\/\/blogdoprosperi.com","Luiz Pr\u00f3speri","@luiz_prosperi","https:\/\/x.com\/Luizprosperi","@prosperinacopa","luiz.prosperi@icloud.com"],"url":"https:\/\/blogdoprosperi.com\/?author=102107496"}]}},"jetpack_publicize_connections":[],"jetpack_likes_enabled":false,"jetpack_sharing_enabled":true,"jetpack_shortlink":"https:\/\/wp.me\/p7jvdk-a66","jetpack-related-posts":[{"id":38796,"url":"https:\/\/blogdoprosperi.com\/?p=38796","url_meta":{"origin":38818,"position":0},"title":"RedBulliza\u00e7\u00e3o do futebol (epis\u00f3dio 1): Novo estilo de jogo surge de uma empresa","author":"Luiz Ant\u00f4nio Pr\u00f3speri","date":"6 de julho de 2021","format":false,"excerpt":"Red Bull Bragantino \u2013 novo estilo de futebol surge de uma empresa.","rel":"","context":"Em &quot;futebol&quot;","block_context":{"text":"futebol","link":"https:\/\/blogdoprosperi.com\/?cat=53870"},"img":{"alt_text":"Red Bull Bragantino lidera Brasileir\u00e3o 2021","src":"https:\/\/i0.wp.com\/blogdoprosperi.com\/wp-content\/uploads\/2021\/07\/20210519003702_648.jpg?fit=910%2C643&ssl=1&resize=350%2C200","width":350,"height":200,"srcset":"https:\/\/i0.wp.com\/blogdoprosperi.com\/wp-content\/uploads\/2021\/07\/20210519003702_648.jpg?fit=910%2C643&ssl=1&resize=350%2C200 1x, https:\/\/i0.wp.com\/blogdoprosperi.com\/wp-content\/uploads\/2021\/07\/20210519003702_648.jpg?fit=910%2C643&ssl=1&resize=525%2C300 1.5x, https:\/\/i0.wp.com\/blogdoprosperi.com\/wp-content\/uploads\/2021\/07\/20210519003702_648.jpg?fit=910%2C643&ssl=1&resize=700%2C400 2x"},"classes":[]},{"id":44034,"url":"https:\/\/blogdoprosperi.com\/?p=44034","url_meta":{"origin":38818,"position":1},"title":"\u00c9 tetra: Espanha vence Inglaterra, leva Euro 2024 e instala novo imp\u00e9rio no continente","author":"Luiz Ant\u00f4nio Pr\u00f3speri","date":"14 de julho de 2024","format":false,"excerpt":"Luiz Ant\u00f4nio Pr\u00f3speri \u2013 14\/junho \u2013 (19h22) Espanha vence Inglaterra por 2 a 1 e conquista a Euro 2024. \u00c9 o quarto t\u00edtulo de La Roja, a maior campe\u00e3 da hist\u00f3ria da Eurocopa. Nenhuma sele\u00e7\u00e3o tem quatro ta\u00e7as do continente. Fa\u00e7anha inquestion\u00e1vel. Espanha derrotou quatro campe\u00e3s do mundo at\u00e9 chegar\u2026","rel":"","context":"Em &quot;opini\u00e3o&quot;","block_context":{"text":"opini\u00e3o","link":"https:\/\/blogdoprosperi.com\/?cat=3919"},"img":{"alt_text":"Espanha tetracampe\u00e3 da Euro","src":"https:\/\/i0.wp.com\/blogdoprosperi.com\/wp-content\/uploads\/2024\/07\/captura-de-tela-2024-07-14-as-19.06.40.png?fit=806%2C800&ssl=1&resize=350%2C200","width":350,"height":200,"srcset":"https:\/\/i0.wp.com\/blogdoprosperi.com\/wp-content\/uploads\/2024\/07\/captura-de-tela-2024-07-14-as-19.06.40.png?fit=806%2C800&ssl=1&resize=350%2C200 1x, https:\/\/i0.wp.com\/blogdoprosperi.com\/wp-content\/uploads\/2024\/07\/captura-de-tela-2024-07-14-as-19.06.40.png?fit=806%2C800&ssl=1&resize=525%2C300 1.5x, https:\/\/i0.wp.com\/blogdoprosperi.com\/wp-content\/uploads\/2024\/07\/captura-de-tela-2024-07-14-as-19.06.40.png?fit=806%2C800&ssl=1&resize=700%2C400 2x"},"classes":[]},{"id":802,"url":"https:\/\/blogdoprosperi.com\/?p=802","url_meta":{"origin":38818,"position":2},"title":"Sele\u00e7\u00e3o Brasileira est\u00e1 sem rumo","author":"Luiz Ant\u00f4nio Pr\u00f3speri","date":"9 de abril de 2016","format":false,"excerpt":"Gilmar Rinaldi e Dunga, felizes da vida no comando da Sele\u00e7\u00e3o \u2013 \u00a0Foto Mowa Press\u00a0 Barcelona n\u00e3o cede Neymar para a Copa Am\u00e9rica Centen\u00e1rio nos Estados Unidos,\u00a0Tite diz n\u00e3o \u00e0 CBF e Dunga e Gilmar Rinaldi desprezam cria\u00e7\u00e3o de academias de futebol que revolucionaram o futebol na Alemanha. Estacionada na\u2026","rel":"","context":"Em &quot;futebol&quot;","block_context":{"text":"futebol","link":"https:\/\/blogdoprosperi.com\/?cat=53870"},"img":{"alt_text":"dunga-gilmarrinaldi-mowa","src":"https:\/\/i0.wp.com\/blogdoprosperi.com\/wp-content\/uploads\/2016\/03\/dunga-gilmarrinaldi-mowa.jpg?resize=350%2C200&ssl=1","width":350,"height":200,"srcset":"https:\/\/i0.wp.com\/blogdoprosperi.com\/wp-content\/uploads\/2016\/03\/dunga-gilmarrinaldi-mowa.jpg?resize=350%2C200&ssl=1 1x, https:\/\/i0.wp.com\/blogdoprosperi.com\/wp-content\/uploads\/2016\/03\/dunga-gilmarrinaldi-mowa.jpg?resize=525%2C300&ssl=1 1.5x"},"classes":[]},{"id":44729,"url":"https:\/\/blogdoprosperi.com\/?p=44729","url_meta":{"origin":38818,"position":3},"title":"Hugo Souza e Fabio, Tradu\u00e7\u00e3o Perfeita da Hist\u00f3ria de Goleiros de Corinthians e Fluminense","author":"Luiz Ant\u00f4nio Pr\u00f3speri","date":"21 de agosto de 2024","format":false,"excerpt":"Luiz Ant\u00f4nio Pr\u00f3speri \u2013 21 agosto (14h) Hugo Souza, 25 anos, e Fabio, 43 anos, goleiros. Os dois fecham a ter\u00e7a-feira (20\/8) de Copas internacionais consagrados em seus clubes. Hugo cata tr\u00eas p\u00eanaltis na decis\u00e3o contra Bragantino e leva Corinthians \u00e0s quartas de final da Sul-Americana. Fabio defende dois p\u00eanaltis\u2026","rel":"","context":"Em &quot;futebol&quot;","block_context":{"text":"futebol","link":"https:\/\/blogdoprosperi.com\/?cat=53870"},"img":{"alt_text":"Hugo Souza honra tradi\u00e7\u00e3o de goleiros altos do Corinthians","src":"https:\/\/i0.wp.com\/blogdoprosperi.com\/wp-content\/uploads\/2024\/08\/hugo-souza-goleiro-corinthians-x-gremio-copa-do-brasil-860x538-1.webp?fit=860%2C538&ssl=1&resize=350%2C200","width":350,"height":200,"srcset":"https:\/\/i0.wp.com\/blogdoprosperi.com\/wp-content\/uploads\/2024\/08\/hugo-souza-goleiro-corinthians-x-gremio-copa-do-brasil-860x538-1.webp?fit=860%2C538&ssl=1&resize=350%2C200 1x, https:\/\/i0.wp.com\/blogdoprosperi.com\/wp-content\/uploads\/2024\/08\/hugo-souza-goleiro-corinthians-x-gremio-copa-do-brasil-860x538-1.webp?fit=860%2C538&ssl=1&resize=525%2C300 1.5x, https:\/\/i0.wp.com\/blogdoprosperi.com\/wp-content\/uploads\/2024\/08\/hugo-souza-goleiro-corinthians-x-gremio-copa-do-brasil-860x538-1.webp?fit=860%2C538&ssl=1&resize=700%2C400 2x"},"classes":[]},{"id":21951,"url":"https:\/\/blogdoprosperi.com\/?p=21951","url_meta":{"origin":38818,"position":4},"title":"Futebol brasileiro se ajoelha aos p\u00e9s de Neymar e chora a conquista do ouro","author":"Luiz Ant\u00f4nio Pr\u00f3speri","date":"20 de agosto de 2016","format":false,"excerpt":"Neymar est\u00e1 em paz com sua consci\u00eancia e n\u00e3o deve mais sofrer ao vestir a camisa da institui\u00e7\u00e3o Sele\u00e7\u00e3o Brasileira. Quando o Pa\u00eds estava nas suas costas, quando a desconfian\u00e7a era maior do que todas as certezas, quando o mundo j\u00e1 o relegava ao lugar dos comuns mortais, Neymar apareceu.\u2026","rel":"","context":"Em &quot;futebol&quot;","block_context":{"text":"futebol","link":"https:\/\/blogdoprosperi.com\/?cat=53870"},"img":{"alt_text":"","src":"https:\/\/i0.wp.com\/blogdoprosperi.com\/wp-content\/uploads\/2016\/08\/2843.jpg?resize=350%2C200","width":350,"height":200,"srcset":"https:\/\/i0.wp.com\/blogdoprosperi.com\/wp-content\/uploads\/2016\/08\/2843.jpg?resize=350%2C200 1x, https:\/\/i0.wp.com\/blogdoprosperi.com\/wp-content\/uploads\/2016\/08\/2843.jpg?resize=525%2C300 1.5x, https:\/\/i0.wp.com\/blogdoprosperi.com\/wp-content\/uploads\/2016\/08\/2843.jpg?resize=700%2C400 2x"},"classes":[]},{"id":46044,"url":"https:\/\/blogdoprosperi.com\/?p=46044","url_meta":{"origin":38818,"position":5},"title":"Cinco Jogos para Grudar na TV nesse S\u00e1bado e Domingo","author":"Luiz Ant\u00f4nio Pr\u00f3speri","date":"26 de outubro de 2024","format":false,"excerpt":"Al-Hilal vs Al Taawoun \u2013 s\u00e1bado \u2013 15h \u2013 ao vivo na Band Jogo do Campeonato da Ar\u00e1bia Saudita para acompanhar de perto. Neymar deve ganhar mais alguns minutos no Al-Hilal nessa segunda partida de sua volta ao futebol ap\u00f3s um ano sem jogar. Na segunda-feira passada (21\/10), o craque\u2026","rel":"","context":"Em &quot;futebol&quot;","block_context":{"text":"futebol","link":"https:\/\/blogdoprosperi.com\/?cat=53870"},"img":{"alt_text":"Palmeiras tem Estev\u00e3o","src":"https:\/\/i0.wp.com\/blogdoprosperi.com\/wp-content\/uploads\/2024\/07\/53851251803_8093405d2a_h.jpg?fit=1200%2C675&ssl=1&resize=350%2C200","width":350,"height":200,"srcset":"https:\/\/i0.wp.com\/blogdoprosperi.com\/wp-content\/uploads\/2024\/07\/53851251803_8093405d2a_h.jpg?fit=1200%2C675&ssl=1&resize=350%2C200 1x, https:\/\/i0.wp.com\/blogdoprosperi.com\/wp-content\/uploads\/2024\/07\/53851251803_8093405d2a_h.jpg?fit=1200%2C675&ssl=1&resize=525%2C300 1.5x, https:\/\/i0.wp.com\/blogdoprosperi.com\/wp-content\/uploads\/2024\/07\/53851251803_8093405d2a_h.jpg?fit=1200%2C675&ssl=1&resize=700%2C400 2x, https:\/\/i0.wp.com\/blogdoprosperi.com\/wp-content\/uploads\/2024\/07\/53851251803_8093405d2a_h.jpg?fit=1200%2C675&ssl=1&resize=1050%2C600 3x"},"classes":[]}],"jetpack_featured_media_url":"https:\/\/i0.wp.com\/blogdoprosperi.com\/wp-content\/uploads\/2021\/07\/1625440885_arturgol.jpg?fit=1280%2C910&ssl=1","_links":{"self":[{"href":"https:\/\/blogdoprosperi.com\/index.php?rest_route=\/wp\/v2\/posts\/38818","targetHints":{"allow":["GET"]}}],"collection":[{"href":"https:\/\/blogdoprosperi.com\/index.php?rest_route=\/wp\/v2\/posts"}],"about":[{"href":"https:\/\/blogdoprosperi.com\/index.php?rest_route=\/wp\/v2\/types\/post"}],"author":[{"embeddable":true,"href":"https:\/\/blogdoprosperi.com\/index.php?rest_route=\/wp\/v2\/users\/102107496"}],"replies":[{"embeddable":true,"href":"https:\/\/blogdoprosperi.com\/index.php?rest_route=%2Fwp%2Fv2%2Fcomments&post=38818"}],"version-history":[{"count":7,"href":"https:\/\/blogdoprosperi.com\/index.php?rest_route=\/wp\/v2\/posts\/38818\/revisions"}],"predecessor-version":[{"id":38826,"href":"https:\/\/blogdoprosperi.com\/index.php?rest_route=\/wp\/v2\/posts\/38818\/revisions\/38826"}],"wp:featuredmedia":[{"embeddable":true,"href":"https:\/\/blogdoprosperi.com\/index.php?rest_route=\/wp\/v2\/media\/38823"}],"wp:attachment":[{"href":"https:\/\/blogdoprosperi.com\/index.php?rest_route=%2Fwp%2Fv2%2Fmedia&parent=38818"}],"wp:term":[{"taxonomy":"category","embeddable":true,"href":"https:\/\/blogdoprosperi.com\/index.php?rest_route=%2Fwp%2Fv2%2Fcategories&post=38818"},{"taxonomy":"post_tag","embeddable":true,"href":"https:\/\/blogdoprosperi.com\/index.php?rest_route=%2Fwp%2Fv2%2Ftags&post=38818"}],"curies":[{"name":"wp","href":"https:\/\/api.w.org\/{rel}","templated":true}]}}