{"id":38849,"date":"2021-07-11T00:28:03","date_gmt":"2021-07-11T03:28:03","guid":{"rendered":"https:\/\/blogdoprosperi.com\/?p=38849"},"modified":"2021-11-27T23:33:11","modified_gmt":"2021-11-28T02:33:11","slug":"messi-levanta-a-taca-neymar-derruba-lagrimas-tite-pode-pagar-a-conta","status":"publish","type":"post","link":"https:\/\/blogdoprosperi.com\/?p=38849","title":{"rendered":"Messi levanta a ta\u00e7a, Neymar derruba l\u00e1grimas. Tite pode pagar a conta"},"content":{"rendered":"<p>No fim da hist\u00f3ria, Messi levanta a ta\u00e7a e Neymar derruba l\u00e1grimas. Um pr\u00eamio ao craque argentino e um duro castigo ao brasileiro nesta Copa Am\u00e9rica torta, ao capricho do governo do Brasil e do arroubo da CBF. Tite pode pagar a conta.<\/p>\n<p>N\u00e3o era esse o enredo. No continente assolado pela COVID, seria inimagin\u00e1vel jogar um torneio dessa magnitude. Presidente do Brasil disse sim e abra\u00e7ou a causa de se disputar a Copa Am\u00e9rica, embarcando na desfa\u00e7atez da CBF \u2013 naquela altura com um presidente lun\u00e1tico e acuado diante da acusa\u00e7\u00e3o de ass\u00e9dio moral e sexual.<\/p>\n<p>Como o futebol n\u00e3o tem nada com isso, apesar de v\u00edtima da mazela de governantes e entidades sujas, se v\u00ea recompensado com a vit\u00f3ria da Argentina.<\/p>\n<p>Sim, da Argentina. Simplesmente porque em uma de suas camisas habita Lionel Messi. Disparado o melhor jogador da Copa Am\u00e9rica, Messi botou na cabe\u00e7a que teria de ser campe\u00e3o. E deitou a bola ao longo do torneio. A consagra\u00e7\u00e3o se deu no cap\u00edtulo final contra o Brasil de Neymar.<\/p>\n<p>N\u00e3o por acaso, ao apito final no Maracan\u00e3 neste s\u00e1bado, Messi se ajoelhou, chorou, se viu submerso por todos companheiros de time e lan\u00e7ado ao c\u00e9u na celebra\u00e7\u00e3o da conquista argentina. C\u00e1 entre n\u00f3s, Messi e o futebol mereciam essa gl\u00f3ria.<\/p>\n<p>H\u00e1 28 anos Argentina n\u00e3o beijava uma ta\u00e7a. A vida inteira Messi perseguia um t\u00edtulo de relev\u00e2ncia com a sele\u00e7\u00e3o de seu pa\u00eds. Essas duas linhas se encontraram na esta\u00e7\u00e3o do Maracan\u00e3. Perfeito.<\/p>\n<p>E a Sele\u00e7\u00e3o Brasileira, contemplando a farra de Messi e companhia, agora procura o div\u00e3. Uma busca, prov\u00e1vel, sem Tite.<\/p>\n<p>A derrota da Sele\u00e7\u00e3o passa sim pela teimosia de Tite. H\u00e1 cinco anos o treinador insiste em modelos com patentes de europeus e sem um pingo das cores do futebol brasileiro.<\/p>\n<p>Quem aposta em Danilo, Renan Lodi, Alex Sandro, Fred, Paquet\u00e1, Douglas Luiz&#8230; jogadores com quilometragem gasta como Firmino, Thiago Silva&#8230; n\u00e3o vai longe nem perto.<\/p>\n<p>Tite insiste em ser t\u00e1tico, quadrado, fiel \u00e0s planilhas preparadas por seus assessores que nunca chutaram uma bola \u2013 C\u00e9sar Sampaio a exce\u00e7\u00e3o. O mais ilustre deles, o filho Matheus.<\/p>\n<p>Nas planilhas do auxiliar Kleber Xavier constam, por exemplo, que Fred \u00e9 um dos reis dos desarmes no futebol ingl\u00eas vestindo camisa do Manchester United. Grande porcaria. Com tr\u00eas minutos de jogo diante da Argentina, Fred recebeu cart\u00e3o amarelo por falta e n\u00e3o voltou do intervalo. Nesta Copa Am\u00e9rica saiu antes do fim na maioria dos jogos trocado por outros coadjuvantes de Tite.<\/p>\n<p>O exemplo de Fred, aposta equivocada do treinador na Copa do Mundo de 2018 e de volta \u00e0 Sele\u00e7\u00e3o quase quatro depois, ilustra a pouca vis\u00e3o que Tite tem do futebol.<\/p>\n<p>Tite, ali\u00e1s, n\u00e3o encaixa a Sele\u00e7\u00e3o com alto poder de cria\u00e7\u00e3o, imagina\u00e7\u00e3o, improviso nos momentos em que \u00e9 mais exigida.<\/p>\n<p>N\u00e3o fosse Neymar, e os pecados de Tite seriam ainda mais vis\u00edveis.<\/p>\n<p>E se a CBF estivesse navegando em \u00e1guas calmas, uma hora dessa Tite n\u00e3o seria mais t\u00e9cnico da Sele\u00e7\u00e3o Brasileira.<\/p>\n<p>N\u00e3o ser\u00e1 surpresa se Tite pagar essa conta em breve. Sem comando, a CBF pode procurar um novo salvador da p\u00e1tria como \u00e9 praxe no futebol brasileiro. A conferir.<\/p>\n<p>Lionel Messi n\u00e3o tem nada com isso. Sua conquista j\u00e1 faz parte da hist\u00f3ria. Enquanto o craque argentino levantava a ta\u00e7a, Neymar se debru\u00e7ava em l\u00e1grimas.<\/p>\n<p>O Brasil de Neymar, a seguir com Tite, n\u00e3o tem futuro na Copa do Mundo de 2022. Argentina de Messi pode, enfim, subir a montanha.<\/p>\n<div class=\"embed-twitter\">\n<blockquote class=\"twitter-tweet\" data-width=\"550\" data-dnt=\"true\">\n<p lang=\"pt\" dir=\"ltr\">Linda imagem. Os dois craques da Copa Am\u00e9rica. <a href=\"https:\/\/t.co\/dDvRoGLZiy\">https:\/\/t.co\/dDvRoGLZiy<\/a><\/p>\n<p>&mdash; Gustavo Hofman (@gustavohofman) <a href=\"https:\/\/twitter.com\/gustavohofman\/status\/1414060825418117120?ref_src=twsrc%5Etfw\">July 11, 2021<\/a><\/p><\/blockquote>\n<p><script async src=\"https:\/\/platform.twitter.com\/widgets.js\" charset=\"utf-8\"><\/script><\/div>\n","protected":false},"excerpt":{"rendered":"<p>Se a CBF estivesse navegando em \u00e1guas calmas, uma hora dessa Tite n\u00e3o seria mais t\u00e9cnico da Sele\u00e7\u00e3o Brasileira.<\/p>\n","protected":false},"author":102107496,"featured_media":38859,"comment_status":"open","ping_status":"open","sticky":false,"template":"","format":"standard","meta":{"_coblocks_attr":"","_coblocks_dimensions":"","_coblocks_responsive_height":"","_coblocks_accordion_ie_support":"","_jetpack_newsletter_access":"","_jetpack_dont_email_post_to_subs":false,"_jetpack_newsletter_tier_id":0,"_jetpack_memberships_contains_paywalled_content":false,"_wpcom_ai_launchpad_first_post":false,"_jetpack_feature_clip_id":0,"_jetpack_memberships_contains_paid_content":false,"footnotes":"","jetpack_publicize_message":"","jetpack_publicize_feature_enabled":true,"jetpack_social_post_already_shared":false,"jetpack_social_options":{"image_generator_settings":{"template":"highway","default_image_id":0,"font":"","enabled":false},"version":2},"jetpack_post_was_ever_published":false},"categories":[301049609,53870,708074783,174694],"tags":[36974954,789560569,692580667,789560578,789560560,81750,4112146,1814220],"class_list":["post-38849","post","type-post","status-publish","format-standard","has-post-thumbnail","hentry","category-copa-do-mundo-catar-2022","category-futebol","category-futebol-2021","category-selecao-brasileira","tag-argentina-campea","tag-cbf","tag-copa-america-2021","tag-copa-do-mundo-catar-2022","tag-futebol","tag-messi","tag-neymar","tag-tite"],"yoast_head":"<!-- This site is optimized with the Yoast SEO plugin v28.4 - https:\/\/yoast.com\/product\/yoast-seo-wordpress\/ -->\n<title>Messi levanta a ta\u00e7a, Neymar derruba l\u00e1grimas. Tite pode pagar a conta - PR\u00d3SPERI NEWS<\/title>\n<meta name=\"robots\" content=\"index, follow, max-snippet:-1, max-image-preview:large, max-video-preview:-1\" \/>\n<link rel=\"canonical\" href=\"https:\/\/blogdoprosperi.com\/?p=38849\" \/>\n<meta property=\"og:locale\" content=\"pt_BR\" \/>\n<meta property=\"og:type\" content=\"article\" \/>\n<meta property=\"og:title\" content=\"Messi levanta a ta\u00e7a, Neymar derruba l\u00e1grimas. Tite pode pagar a conta - PR\u00d3SPERI NEWS\" \/>\n<meta property=\"og:description\" content=\"Se a CBF estivesse navegando em \u00e1guas calmas, uma hora dessa Tite n\u00e3o seria mais t\u00e9cnico da Sele\u00e7\u00e3o Brasileira.\" \/>\n<meta property=\"og:url\" content=\"https:\/\/blogdoprosperi.com\/?p=38849\" \/>\n<meta property=\"og:site_name\" content=\"PR\u00d3SPERI NEWS\" \/>\n<meta property=\"article:publisher\" content=\"Luiz Pr\u00f3speri\" \/>\n<meta property=\"article:author\" content=\"Luiz Pr\u00f3speri\" \/>\n<meta property=\"article:published_time\" content=\"2021-07-11T03:28:03+00:00\" \/>\n<meta property=\"article:modified_time\" content=\"2021-11-28T02:33:11+00:00\" \/>\n<meta property=\"og:image\" content=\"https:\/\/i0.wp.com\/blogdoprosperi.com\/wp-content\/uploads\/2021\/07\/kcefarf2inn6vmg6o6qxr72bdi.jpg?fit=1960%2C1285&ssl=1\" \/>\n\t<meta property=\"og:image:width\" content=\"1960\" \/>\n\t<meta property=\"og:image:height\" content=\"1285\" \/>\n\t<meta property=\"og:image:type\" content=\"image\/jpeg\" \/>\n<meta name=\"author\" content=\"Luiz Ant\u00f4nio Pr\u00f3speri\" \/>\n<meta name=\"twitter:card\" content=\"summary_large_image\" \/>\n<meta name=\"twitter:creator\" content=\"@Luizprosperi\" \/>\n<meta name=\"twitter:site\" content=\"@Luizprosperi\" \/>\n<meta name=\"twitter:label1\" content=\"Escrito por\" \/>\n\t<meta name=\"twitter:data1\" content=\"Luiz Ant\u00f4nio Pr\u00f3speri\" \/>\n\t<meta name=\"twitter:label2\" content=\"Est. tempo de leitura\" \/>\n\t<meta name=\"twitter:data2\" content=\"3 minutos\" \/>\n<script type=\"application\/ld+json\" class=\"yoast-schema-graph\">{\"@context\":\"https:\\\/\\\/schema.org\",\"@graph\":[{\"@type\":\"Article\",\"@id\":\"https:\\\/\\\/blogdoprosperi.com\\\/?p=38849#article\",\"isPartOf\":{\"@id\":\"https:\\\/\\\/blogdoprosperi.com\\\/?p=38849\"},\"author\":{\"name\":\"Luiz Ant\u00f4nio Pr\u00f3speri\",\"@id\":\"https:\\\/\\\/blogdoprosperi.com\\\/#\\\/schema\\\/person\\\/38100755ce3601861ee4fab9b5aa78e9\"},\"headline\":\"Messi levanta a ta\u00e7a, Neymar derruba l\u00e1grimas. Tite pode pagar a conta\",\"datePublished\":\"2021-07-11T03:28:03+00:00\",\"dateModified\":\"2021-11-28T02:33:11+00:00\",\"mainEntityOfPage\":{\"@id\":\"https:\\\/\\\/blogdoprosperi.com\\\/?p=38849\"},\"wordCount\":656,\"commentCount\":0,\"publisher\":{\"@id\":\"https:\\\/\\\/blogdoprosperi.com\\\/#\\\/schema\\\/person\\\/38100755ce3601861ee4fab9b5aa78e9\"},\"image\":{\"@id\":\"https:\\\/\\\/blogdoprosperi.com\\\/?p=38849#primaryimage\"},\"thumbnailUrl\":\"https:\\\/\\\/i0.wp.com\\\/blogdoprosperi.com\\\/wp-content\\\/uploads\\\/2021\\\/07\\\/kcefarf2inn6vmg6o6qxr72bdi.jpg?fit=1960%2C1285&ssl=1\",\"keywords\":[\"Argentina campe\u00e3\",\"CBF\",\"Copa Am\u00e9rica 2021\",\"copa do mundo catar 2022\",\"futebol\",\"Messi\",\"Neymar\",\"Tite\"],\"articleSection\":[\"copa do mundo catar 2022\",\"futebol\",\"futebol 2021\",\"Sele\u00e7\u00e3o Brasileira\"],\"inLanguage\":\"pt-BR\",\"potentialAction\":[{\"@type\":\"CommentAction\",\"name\":\"Comment\",\"target\":[\"https:\\\/\\\/blogdoprosperi.com\\\/?p=38849#respond\"]}]},{\"@type\":\"WebPage\",\"@id\":\"https:\\\/\\\/blogdoprosperi.com\\\/?p=38849\",\"url\":\"https:\\\/\\\/blogdoprosperi.com\\\/?p=38849\",\"name\":\"Messi levanta a ta\u00e7a, Neymar derruba l\u00e1grimas. Tite pode pagar a conta - PR\u00d3SPERI NEWS\",\"isPartOf\":{\"@id\":\"https:\\\/\\\/blogdoprosperi.com\\\/#website\"},\"primaryImageOfPage\":{\"@id\":\"https:\\\/\\\/blogdoprosperi.com\\\/?p=38849#primaryimage\"},\"image\":{\"@id\":\"https:\\\/\\\/blogdoprosperi.com\\\/?p=38849#primaryimage\"},\"thumbnailUrl\":\"https:\\\/\\\/i0.wp.com\\\/blogdoprosperi.com\\\/wp-content\\\/uploads\\\/2021\\\/07\\\/kcefarf2inn6vmg6o6qxr72bdi.jpg?fit=1960%2C1285&ssl=1\",\"datePublished\":\"2021-07-11T03:28:03+00:00\",\"dateModified\":\"2021-11-28T02:33:11+00:00\",\"breadcrumb\":{\"@id\":\"https:\\\/\\\/blogdoprosperi.com\\\/?p=38849#breadcrumb\"},\"inLanguage\":\"pt-BR\",\"potentialAction\":[{\"@type\":\"ReadAction\",\"target\":[\"https:\\\/\\\/blogdoprosperi.com\\\/?p=38849\"]}]},{\"@type\":\"ImageObject\",\"inLanguage\":\"pt-BR\",\"@id\":\"https:\\\/\\\/blogdoprosperi.com\\\/?p=38849#primaryimage\",\"url\":\"https:\\\/\\\/i0.wp.com\\\/blogdoprosperi.com\\\/wp-content\\\/uploads\\\/2021\\\/07\\\/kcefarf2inn6vmg6o6qxr72bdi.jpg?fit=1960%2C1285&ssl=1\",\"contentUrl\":\"https:\\\/\\\/i0.wp.com\\\/blogdoprosperi.com\\\/wp-content\\\/uploads\\\/2021\\\/07\\\/kcefarf2inn6vmg6o6qxr72bdi.jpg?fit=1960%2C1285&ssl=1\",\"width\":1960,\"height\":1285,\"caption\":\"Argentina celebra conquista e Messi levanta a ta\u00e7a \u2013 foto: reprodu\u00e7\u00e3o Twitter\"},{\"@type\":\"BreadcrumbList\",\"@id\":\"https:\\\/\\\/blogdoprosperi.com\\\/?p=38849#breadcrumb\",\"itemListElement\":[{\"@type\":\"ListItem\",\"position\":1,\"name\":\"In\u00edcio\",\"item\":\"https:\\\/\\\/blogdoprosperi.com\\\/\"},{\"@type\":\"ListItem\",\"position\":2,\"name\":\"Messi levanta a ta\u00e7a, Neymar derruba l\u00e1grimas. Tite pode pagar a conta\"}]},{\"@type\":\"WebSite\",\"@id\":\"https:\\\/\\\/blogdoprosperi.com\\\/#website\",\"url\":\"https:\\\/\\\/blogdoprosperi.com\\\/\",\"name\":\"PR\u00d3SPERI NEWS\",\"description\":\"TUDO \u00c9  FUTEBOL\",\"publisher\":{\"@id\":\"https:\\\/\\\/blogdoprosperi.com\\\/#\\\/schema\\\/person\\\/38100755ce3601861ee4fab9b5aa78e9\"},\"alternateName\":\"blogdoprosperi.com\",\"potentialAction\":[{\"@type\":\"SearchAction\",\"target\":{\"@type\":\"EntryPoint\",\"urlTemplate\":\"https:\\\/\\\/blogdoprosperi.com\\\/?s={search_term_string}\"},\"query-input\":{\"@type\":\"PropertyValueSpecification\",\"valueRequired\":true,\"valueName\":\"search_term_string\"}}],\"inLanguage\":\"pt-BR\"},{\"@type\":[\"Person\",\"Organization\"],\"@id\":\"https:\\\/\\\/blogdoprosperi.com\\\/#\\\/schema\\\/person\\\/38100755ce3601861ee4fab9b5aa78e9\",\"name\":\"Luiz Ant\u00f4nio Pr\u00f3speri\",\"pronouns\":\"ele\",\"image\":{\"@type\":\"ImageObject\",\"inLanguage\":\"pt-BR\",\"@id\":\"https:\\\/\\\/i0.wp.com\\\/blogdoprosperi.com\\\/wp-content\\\/uploads\\\/2026\\\/05\\\/cropped-8059e613-6002-42fa-961e-8e275f575d71-2-5.jpg?fit=1360%2C931&ssl=1\",\"url\":\"https:\\\/\\\/i0.wp.com\\\/blogdoprosperi.com\\\/wp-content\\\/uploads\\\/2026\\\/05\\\/cropped-8059e613-6002-42fa-961e-8e275f575d71-2-5.jpg?fit=1360%2C931&ssl=1\",\"contentUrl\":\"https:\\\/\\\/i0.wp.com\\\/blogdoprosperi.com\\\/wp-content\\\/uploads\\\/2026\\\/05\\\/cropped-8059e613-6002-42fa-961e-8e275f575d71-2-5.jpg?fit=1360%2C931&ssl=1\",\"width\":1360,\"height\":931,\"caption\":\"Luiz Ant\u00f4nio Pr\u00f3speri\"},\"logo\":{\"@id\":\"https:\\\/\\\/i0.wp.com\\\/blogdoprosperi.com\\\/wp-content\\\/uploads\\\/2026\\\/05\\\/cropped-8059e613-6002-42fa-961e-8e275f575d71-2-5.jpg?fit=1360%2C931&ssl=1\"},\"description\":\"Jornalista com carreira dedicada ao esporte. Cobriu 9 Copas do Mundo in loco, 1990 na It\u00e1lia, 1994 nos EUA, 1998 na Fran\u00e7a, 2002 na Coreia do Sul e Jap\u00e3o, 2006 na Alemanha, 2010 na \u00c1frica do Sul, 2014 no Brasil, 2018 na R\u00fassia e 2022 no Qatar. Eurocopas, 1992 na Su\u00e9cia e 1996 na Inglaterra. Copa das Confedera\u00e7\u00f5es de 2005 na Alemanha e 2009 na \u00c1frica do Sul. Rep\u00f3rter e Editor, trabalhou no Jornal da Tarde e Estad\u00e3o, de 1984 a fevereiro de 2016. Colunista, blogueiro. E comentarista de futebol na R\u00e1dio Estad\u00e3o, de 2013 a fevereiro de 2016. Jornalista respons\u00e1vel do \\\"Pr\u00f3speri News\\\" (blogdoprosperi.com).\",\"sameAs\":[\"http:\\\/\\\/blogdoprosperi.com\",\"Luiz Pr\u00f3speri\",\"@luiz_prosperi\",\"https:\\\/\\\/x.com\\\/Luizprosperi\",\"@prosperinacopa\",\"luiz.prosperi@icloud.com\"],\"url\":\"https:\\\/\\\/blogdoprosperi.com\\\/?author=102107496\"}]}<\/script>\n<!-- \/ Yoast SEO plugin. -->","yoast_head_json":{"title":"Messi levanta a ta\u00e7a, Neymar derruba l\u00e1grimas. Tite pode pagar a conta - PR\u00d3SPERI NEWS","robots":{"index":"index","follow":"follow","max-snippet":"max-snippet:-1","max-image-preview":"max-image-preview:large","max-video-preview":"max-video-preview:-1"},"canonical":"https:\/\/blogdoprosperi.com\/?p=38849","og_locale":"pt_BR","og_type":"article","og_title":"Messi levanta a ta\u00e7a, Neymar derruba l\u00e1grimas. Tite pode pagar a conta - PR\u00d3SPERI NEWS","og_description":"Se a CBF estivesse navegando em \u00e1guas calmas, uma hora dessa Tite n\u00e3o seria mais t\u00e9cnico da Sele\u00e7\u00e3o Brasileira.","og_url":"https:\/\/blogdoprosperi.com\/?p=38849","og_site_name":"PR\u00d3SPERI NEWS","article_publisher":"Luiz Pr\u00f3speri","article_author":"Luiz Pr\u00f3speri","article_published_time":"2021-07-11T03:28:03+00:00","article_modified_time":"2021-11-28T02:33:11+00:00","og_image":[{"width":1960,"height":1285,"url":"https:\/\/i0.wp.com\/blogdoprosperi.com\/wp-content\/uploads\/2021\/07\/kcefarf2inn6vmg6o6qxr72bdi.jpg?fit=1960%2C1285&ssl=1","type":"image\/jpeg"}],"author":"Luiz Ant\u00f4nio Pr\u00f3speri","twitter_card":"summary_large_image","twitter_creator":"@Luizprosperi","twitter_site":"@Luizprosperi","twitter_misc":{"Escrito por":"Luiz Ant\u00f4nio Pr\u00f3speri","Est. tempo de leitura":"3 minutos"},"schema":{"@context":"https:\/\/schema.org","@graph":[{"@type":"Article","@id":"https:\/\/blogdoprosperi.com\/?p=38849#article","isPartOf":{"@id":"https:\/\/blogdoprosperi.com\/?p=38849"},"author":{"name":"Luiz Ant\u00f4nio Pr\u00f3speri","@id":"https:\/\/blogdoprosperi.com\/#\/schema\/person\/38100755ce3601861ee4fab9b5aa78e9"},"headline":"Messi levanta a ta\u00e7a, Neymar derruba l\u00e1grimas. Tite pode pagar a conta","datePublished":"2021-07-11T03:28:03+00:00","dateModified":"2021-11-28T02:33:11+00:00","mainEntityOfPage":{"@id":"https:\/\/blogdoprosperi.com\/?p=38849"},"wordCount":656,"commentCount":0,"publisher":{"@id":"https:\/\/blogdoprosperi.com\/#\/schema\/person\/38100755ce3601861ee4fab9b5aa78e9"},"image":{"@id":"https:\/\/blogdoprosperi.com\/?p=38849#primaryimage"},"thumbnailUrl":"https:\/\/i0.wp.com\/blogdoprosperi.com\/wp-content\/uploads\/2021\/07\/kcefarf2inn6vmg6o6qxr72bdi.jpg?fit=1960%2C1285&ssl=1","keywords":["Argentina campe\u00e3","CBF","Copa Am\u00e9rica 2021","copa do mundo catar 2022","futebol","Messi","Neymar","Tite"],"articleSection":["copa do mundo catar 2022","futebol","futebol 2021","Sele\u00e7\u00e3o Brasileira"],"inLanguage":"pt-BR","potentialAction":[{"@type":"CommentAction","name":"Comment","target":["https:\/\/blogdoprosperi.com\/?p=38849#respond"]}]},{"@type":"WebPage","@id":"https:\/\/blogdoprosperi.com\/?p=38849","url":"https:\/\/blogdoprosperi.com\/?p=38849","name":"Messi levanta a ta\u00e7a, Neymar derruba l\u00e1grimas. Tite pode pagar a conta - PR\u00d3SPERI NEWS","isPartOf":{"@id":"https:\/\/blogdoprosperi.com\/#website"},"primaryImageOfPage":{"@id":"https:\/\/blogdoprosperi.com\/?p=38849#primaryimage"},"image":{"@id":"https:\/\/blogdoprosperi.com\/?p=38849#primaryimage"},"thumbnailUrl":"https:\/\/i0.wp.com\/blogdoprosperi.com\/wp-content\/uploads\/2021\/07\/kcefarf2inn6vmg6o6qxr72bdi.jpg?fit=1960%2C1285&ssl=1","datePublished":"2021-07-11T03:28:03+00:00","dateModified":"2021-11-28T02:33:11+00:00","breadcrumb":{"@id":"https:\/\/blogdoprosperi.com\/?p=38849#breadcrumb"},"inLanguage":"pt-BR","potentialAction":[{"@type":"ReadAction","target":["https:\/\/blogdoprosperi.com\/?p=38849"]}]},{"@type":"ImageObject","inLanguage":"pt-BR","@id":"https:\/\/blogdoprosperi.com\/?p=38849#primaryimage","url":"https:\/\/i0.wp.com\/blogdoprosperi.com\/wp-content\/uploads\/2021\/07\/kcefarf2inn6vmg6o6qxr72bdi.jpg?fit=1960%2C1285&ssl=1","contentUrl":"https:\/\/i0.wp.com\/blogdoprosperi.com\/wp-content\/uploads\/2021\/07\/kcefarf2inn6vmg6o6qxr72bdi.jpg?fit=1960%2C1285&ssl=1","width":1960,"height":1285,"caption":"Argentina celebra conquista e Messi levanta a ta\u00e7a \u2013 foto: reprodu\u00e7\u00e3o Twitter"},{"@type":"BreadcrumbList","@id":"https:\/\/blogdoprosperi.com\/?p=38849#breadcrumb","itemListElement":[{"@type":"ListItem","position":1,"name":"In\u00edcio","item":"https:\/\/blogdoprosperi.com\/"},{"@type":"ListItem","position":2,"name":"Messi levanta a ta\u00e7a, Neymar derruba l\u00e1grimas. Tite pode pagar a conta"}]},{"@type":"WebSite","@id":"https:\/\/blogdoprosperi.com\/#website","url":"https:\/\/blogdoprosperi.com\/","name":"PR\u00d3SPERI NEWS","description":"TUDO \u00c9  FUTEBOL","publisher":{"@id":"https:\/\/blogdoprosperi.com\/#\/schema\/person\/38100755ce3601861ee4fab9b5aa78e9"},"alternateName":"blogdoprosperi.com","potentialAction":[{"@type":"SearchAction","target":{"@type":"EntryPoint","urlTemplate":"https:\/\/blogdoprosperi.com\/?s={search_term_string}"},"query-input":{"@type":"PropertyValueSpecification","valueRequired":true,"valueName":"search_term_string"}}],"inLanguage":"pt-BR"},{"@type":["Person","Organization"],"@id":"https:\/\/blogdoprosperi.com\/#\/schema\/person\/38100755ce3601861ee4fab9b5aa78e9","name":"Luiz Ant\u00f4nio Pr\u00f3speri","pronouns":"ele","image":{"@type":"ImageObject","inLanguage":"pt-BR","@id":"https:\/\/i0.wp.com\/blogdoprosperi.com\/wp-content\/uploads\/2026\/05\/cropped-8059e613-6002-42fa-961e-8e275f575d71-2-5.jpg?fit=1360%2C931&ssl=1","url":"https:\/\/i0.wp.com\/blogdoprosperi.com\/wp-content\/uploads\/2026\/05\/cropped-8059e613-6002-42fa-961e-8e275f575d71-2-5.jpg?fit=1360%2C931&ssl=1","contentUrl":"https:\/\/i0.wp.com\/blogdoprosperi.com\/wp-content\/uploads\/2026\/05\/cropped-8059e613-6002-42fa-961e-8e275f575d71-2-5.jpg?fit=1360%2C931&ssl=1","width":1360,"height":931,"caption":"Luiz Ant\u00f4nio Pr\u00f3speri"},"logo":{"@id":"https:\/\/i0.wp.com\/blogdoprosperi.com\/wp-content\/uploads\/2026\/05\/cropped-8059e613-6002-42fa-961e-8e275f575d71-2-5.jpg?fit=1360%2C931&ssl=1"},"description":"Jornalista com carreira dedicada ao esporte. Cobriu 9 Copas do Mundo in loco, 1990 na It\u00e1lia, 1994 nos EUA, 1998 na Fran\u00e7a, 2002 na Coreia do Sul e Jap\u00e3o, 2006 na Alemanha, 2010 na \u00c1frica do Sul, 2014 no Brasil, 2018 na R\u00fassia e 2022 no Qatar. Eurocopas, 1992 na Su\u00e9cia e 1996 na Inglaterra. Copa das Confedera\u00e7\u00f5es de 2005 na Alemanha e 2009 na \u00c1frica do Sul. Rep\u00f3rter e Editor, trabalhou no Jornal da Tarde e Estad\u00e3o, de 1984 a fevereiro de 2016. Colunista, blogueiro. E comentarista de futebol na R\u00e1dio Estad\u00e3o, de 2013 a fevereiro de 2016. Jornalista respons\u00e1vel do \"Pr\u00f3speri News\" (blogdoprosperi.com).","sameAs":["http:\/\/blogdoprosperi.com","Luiz Pr\u00f3speri","@luiz_prosperi","https:\/\/x.com\/Luizprosperi","@prosperinacopa","luiz.prosperi@icloud.com"],"url":"https:\/\/blogdoprosperi.com\/?author=102107496"}]}},"jetpack_publicize_connections":[],"jetpack_likes_enabled":false,"jetpack_sharing_enabled":true,"jetpack_shortlink":"https:\/\/wp.me\/p7jvdk-a6B","jetpack-related-posts":[{"id":38502,"url":"https:\/\/blogdoprosperi.com\/?p=38502","url_meta":{"origin":38849,"position":0},"title":"Tite, o conservador, vai ao pared\u00e3o","author":"Luiz Ant\u00f4nio Pr\u00f3speri","date":"4 de junho de 2021","format":false,"excerpt":"Tite n\u00e3o esconde sua insatisfa\u00e7\u00e3o com os desmandos da CBF. A crise instalada com a Copa Am\u00e9rica no Brasil s\u00f3 faz aumentar a indisposi\u00e7\u00e3o do treinador. N\u00e3o ser\u00e1 nenhuma surpresa se na ter\u00e7a-feira-feira (09\/6) se manifestar contra a desordem da CBF e pedir o bon\u00e9. Tite se sente tra\u00eddo pelo\u2026","rel":"","context":"Em &quot;futebol&quot;","block_context":{"text":"futebol","link":"https:\/\/blogdoprosperi.com\/?cat=53870"},"img":{"alt_text":"","src":"https:\/\/i0.wp.com\/blogdoprosperi.com\/wp-content\/uploads\/2021\/06\/20210603200547_13-1.jpeg?fit=910%2C607&ssl=1&resize=350%2C200","width":350,"height":200,"srcset":"https:\/\/i0.wp.com\/blogdoprosperi.com\/wp-content\/uploads\/2021\/06\/20210603200547_13-1.jpeg?fit=910%2C607&ssl=1&resize=350%2C200 1x, https:\/\/i0.wp.com\/blogdoprosperi.com\/wp-content\/uploads\/2021\/06\/20210603200547_13-1.jpeg?fit=910%2C607&ssl=1&resize=525%2C300 1.5x, https:\/\/i0.wp.com\/blogdoprosperi.com\/wp-content\/uploads\/2021\/06\/20210603200547_13-1.jpeg?fit=910%2C607&ssl=1&resize=700%2C400 2x"},"classes":[]},{"id":37506,"url":"https:\/\/blogdoprosperi.com\/?p=37506","url_meta":{"origin":38849,"position":1},"title":"CBF erra ao renovar com Tite. Por que n\u00e3o Guardiola?","author":"Luiz Ant\u00f4nio Pr\u00f3speri","date":"26 de julho de 2018","format":false,"excerpt":"CBF comete erro grave ao renovar contrato com Tite por mais quatro anos, at\u00e9 a Copa do Mundo de 2022 no Catar. E com adendo de avalia\u00e7\u00e3o mais precisa ap\u00f3s Copa Am\u00e9rica de 2019 no Brasil. Se n\u00e3o for campe\u00e3o do torneio sul-americano no ano que vem no seu pr\u00f3prio\u2026","rel":"","context":"Em &quot;Copa do Mundo 2018&quot;","block_context":{"text":"Copa do Mundo 2018","link":"https:\/\/blogdoprosperi.com\/?cat=43723753"},"img":{"alt_text":"","src":"https:\/\/i0.wp.com\/blogdoprosperi.com\/wp-content\/uploads\/2017\/10\/stoke-pep-joy.jpg?fit=1024%2C576&ssl=1&resize=350%2C200","width":350,"height":200,"srcset":"https:\/\/i0.wp.com\/blogdoprosperi.com\/wp-content\/uploads\/2017\/10\/stoke-pep-joy.jpg?fit=1024%2C576&ssl=1&resize=350%2C200 1x, https:\/\/i0.wp.com\/blogdoprosperi.com\/wp-content\/uploads\/2017\/10\/stoke-pep-joy.jpg?fit=1024%2C576&ssl=1&resize=525%2C300 1.5x, https:\/\/i0.wp.com\/blogdoprosperi.com\/wp-content\/uploads\/2017\/10\/stoke-pep-joy.jpg?fit=1024%2C576&ssl=1&resize=700%2C400 2x"},"classes":[]},{"id":38588,"url":"https:\/\/blogdoprosperi.com\/?p=38588","url_meta":{"origin":38849,"position":2},"title":"Sele\u00e7\u00e3o Brasileira amarela e vai disputar Copa Am\u00e9rica, Tite corre risco","author":"Luiz Ant\u00f4nio Pr\u00f3speri","date":"7 de junho de 2021","format":false,"excerpt":"Jogadores da Sele\u00e7\u00e3o Brasileira assumem compromisso de jogar a Copa Am\u00e9rica. Decis\u00e3o oficial ser\u00e1 comunicada ap\u00f3s o jogo contra Paraguai em Assun\u00e7\u00e3o nesta ter\u00e7a-feira (08\/6). No manifesto a ser divulgado, v\u00e3o reafirmar que n\u00e3o gostariam de entrar em campo, mas, em nome da hierarquia, a p\u00e1tria pode contar com cada\u2026","rel":"","context":"Em &quot;copa do mundo catar 2022&quot;","block_context":{"text":"copa do mundo catar 2022","link":"https:\/\/blogdoprosperi.com\/?cat=301049609"},"img":{"alt_text":"Jogadores da Sele\u00e7\u00e3o decidem disputar Copa Am\u00e9rica","src":"https:\/\/i0.wp.com\/blogdoprosperi.com\/wp-content\/uploads\/2021\/06\/51229717421_a0b20053bf_w.jpg?fit=400%2C267&ssl=1&resize=350%2C200","width":350,"height":200},"classes":[]},{"id":37724,"url":"https:\/\/blogdoprosperi.com\/?p=37724","url_meta":{"origin":38849,"position":3},"title":"Tite cada vez mais sozinho","author":"Luiz Ant\u00f4nio Pr\u00f3speri","date":"17 de maio de 2019","format":false,"excerpt":"Tite perde mais um assessor importante na comiss\u00e3o t\u00e9cnica da Sele\u00e7\u00e3o Brasileira. Sylvinho, seu homem de confian\u00e7a e auxiliar com direito a participar at\u00e9 de coletivas de imprensa ao seu lado, como fez na Copa da R\u00fassia, vai assumir o comando do Lyon da Fran\u00e7a. J\u00e1. Antes mesmo da Copa\u2026","rel":"","context":"Em &quot;Copa do Mundo 2018&quot;","block_context":{"text":"Copa do Mundo 2018","link":"https:\/\/blogdoprosperi.com\/?cat=43723753"},"img":{"alt_text":"","src":"https:\/\/i0.wp.com\/blogdoprosperi.com\/wp-content\/uploads\/2019\/05\/x82709690_soccer-footballcopa-america-2019-brazilian-team-announcedrio-de-janeiro-brazilmay.jpg.pagespeed.ic_.5szevbmi7z.jpg?fit=1086%2C652&ssl=1&resize=350%2C200","width":350,"height":200,"srcset":"https:\/\/i0.wp.com\/blogdoprosperi.com\/wp-content\/uploads\/2019\/05\/x82709690_soccer-footballcopa-america-2019-brazilian-team-announcedrio-de-janeiro-brazilmay.jpg.pagespeed.ic_.5szevbmi7z.jpg?fit=1086%2C652&ssl=1&resize=350%2C200 1x, https:\/\/i0.wp.com\/blogdoprosperi.com\/wp-content\/uploads\/2019\/05\/x82709690_soccer-footballcopa-america-2019-brazilian-team-announcedrio-de-janeiro-brazilmay.jpg.pagespeed.ic_.5szevbmi7z.jpg?fit=1086%2C652&ssl=1&resize=525%2C300 1.5x, https:\/\/i0.wp.com\/blogdoprosperi.com\/wp-content\/uploads\/2019\/05\/x82709690_soccer-footballcopa-america-2019-brazilian-team-announcedrio-de-janeiro-brazilmay.jpg.pagespeed.ic_.5szevbmi7z.jpg?fit=1086%2C652&ssl=1&resize=700%2C400 2x, https:\/\/i0.wp.com\/blogdoprosperi.com\/wp-content\/uploads\/2019\/05\/x82709690_soccer-footballcopa-america-2019-brazilian-team-announcedrio-de-janeiro-brazilmay.jpg.pagespeed.ic_.5szevbmi7z.jpg?fit=1086%2C652&ssl=1&resize=1050%2C600 3x"},"classes":[]},{"id":38548,"url":"https:\/\/blogdoprosperi.com\/?p=38548","url_meta":{"origin":38849,"position":4},"title":"Sele\u00e7\u00e3o joga por Tite, vence Equador e deixa bomba no colo da CBF","author":"Luiz Ant\u00f4nio Pr\u00f3speri","date":"4 de junho de 2021","format":false,"excerpt":"Vencer o Equador era uma obriga\u00e7\u00e3o da Sele\u00e7\u00e3o Brasileira. N\u00e3o por uma suposta fragilidade do advers\u00e1rio e sim por solidariedade a Tite. T\u00e9cnico est\u00e1 no pared\u00e3o por obra do presidente da CBF e de bolsonaristas de plant\u00e3o. E os jogadores n\u00e3o decepcionaram. Venceram por 2 a 0, sustentaram o primeiro\u2026","rel":"","context":"Em &quot;futebol&quot;","block_context":{"text":"futebol","link":"https:\/\/blogdoprosperi.com\/?cat=53870"},"img":{"alt_text":"","src":"https:\/\/i0.wp.com\/blogdoprosperi.com\/wp-content\/uploads\/2021\/06\/51224836377_77ff1d0fbe_w.jpg?fit=400%2C267&ssl=1&resize=350%2C200","width":350,"height":200},"classes":[]},{"id":37743,"url":"https:\/\/blogdoprosperi.com\/?p=37743","url_meta":{"origin":38849,"position":5},"title":"Tite n\u00e3o pode nem deve cortar Neymar da Sele\u00e7\u00e3o na Copa Am\u00e9rica","author":"Luiz Ant\u00f4nio Pr\u00f3speri","date":"3 de junho de 2019","format":false,"excerpt":"Tite n\u00e3o pode ser carrasco, nem julgador dos atos de Neymar. Sua miss\u00e3o \u00e9 conduzir a Sele\u00e7\u00e3o Brasileira, para isso \u00e9 pago, e bem, pela CBF. Neste momento quem deve responder por Neymar \u00e9 o pr\u00f3prio jogador, seus pares, a pol\u00edcia, a Justi\u00e7a. N\u00e3o cabe ao treinador da Sele\u00e7\u00e3o punir\u2026","rel":"","context":"Em &quot;futebol&quot;","block_context":{"text":"futebol","link":"https:\/\/blogdoprosperi.com\/?cat=53870"},"img":{"alt_text":"","src":"https:\/\/i0.wp.com\/blogdoprosperi.com\/wp-content\/uploads\/2019\/06\/62b83033fd43a943ad8fd24d4cd460f13268a003.jpg?fit=768%2C512&ssl=1&resize=350%2C200","width":350,"height":200,"srcset":"https:\/\/i0.wp.com\/blogdoprosperi.com\/wp-content\/uploads\/2019\/06\/62b83033fd43a943ad8fd24d4cd460f13268a003.jpg?fit=768%2C512&ssl=1&resize=350%2C200 1x, https:\/\/i0.wp.com\/blogdoprosperi.com\/wp-content\/uploads\/2019\/06\/62b83033fd43a943ad8fd24d4cd460f13268a003.jpg?fit=768%2C512&ssl=1&resize=525%2C300 1.5x, https:\/\/i0.wp.com\/blogdoprosperi.com\/wp-content\/uploads\/2019\/06\/62b83033fd43a943ad8fd24d4cd460f13268a003.jpg?fit=768%2C512&ssl=1&resize=700%2C400 2x"},"classes":[]}],"jetpack_featured_media_url":"https:\/\/i0.wp.com\/blogdoprosperi.com\/wp-content\/uploads\/2021\/07\/kcefarf2inn6vmg6o6qxr72bdi.jpg?fit=1960%2C1285&ssl=1","_links":{"self":[{"href":"https:\/\/blogdoprosperi.com\/index.php?rest_route=\/wp\/v2\/posts\/38849","targetHints":{"allow":["GET"]}}],"collection":[{"href":"https:\/\/blogdoprosperi.com\/index.php?rest_route=\/wp\/v2\/posts"}],"about":[{"href":"https:\/\/blogdoprosperi.com\/index.php?rest_route=\/wp\/v2\/types\/post"}],"author":[{"embeddable":true,"href":"https:\/\/blogdoprosperi.com\/index.php?rest_route=\/wp\/v2\/users\/102107496"}],"replies":[{"embeddable":true,"href":"https:\/\/blogdoprosperi.com\/index.php?rest_route=%2Fwp%2Fv2%2Fcomments&post=38849"}],"version-history":[{"count":15,"href":"https:\/\/blogdoprosperi.com\/index.php?rest_route=\/wp\/v2\/posts\/38849\/revisions"}],"predecessor-version":[{"id":38869,"href":"https:\/\/blogdoprosperi.com\/index.php?rest_route=\/wp\/v2\/posts\/38849\/revisions\/38869"}],"wp:featuredmedia":[{"embeddable":true,"href":"https:\/\/blogdoprosperi.com\/index.php?rest_route=\/wp\/v2\/media\/38859"}],"wp:attachment":[{"href":"https:\/\/blogdoprosperi.com\/index.php?rest_route=%2Fwp%2Fv2%2Fmedia&parent=38849"}],"wp:term":[{"taxonomy":"category","embeddable":true,"href":"https:\/\/blogdoprosperi.com\/index.php?rest_route=%2Fwp%2Fv2%2Fcategories&post=38849"},{"taxonomy":"post_tag","embeddable":true,"href":"https:\/\/blogdoprosperi.com\/index.php?rest_route=%2Fwp%2Fv2%2Ftags&post=38849"}],"curies":[{"name":"wp","href":"https:\/\/api.w.org\/{rel}","templated":true}]}}