{"id":38941,"date":"2022-07-13T17:58:34","date_gmt":"2022-07-13T20:58:34","guid":{"rendered":"https:\/\/blogdoprosperi.com\/?p=38941"},"modified":"2022-07-27T13:56:07","modified_gmt":"2022-07-27T16:56:07","slug":"endrick-do-palmeiras-e-a-travessia-da-copa-catar-2022","status":"publish","type":"post","link":"https:\/\/blogdoprosperi.com\/?p=38941","title":{"rendered":"Endrick do Palmeiras e a travessia da Copa Catar 2022"},"content":{"rendered":"<p style=\"text-align:left;\">Sele\u00e7\u00e3o Brasileira tem pressa. O futebol brasileiro \u00e9 apressado por natureza. Chega a Copa do Mundo e come\u00e7a a busca nos confins por um novo fen\u00f4meno \u2013 \u00e9 da cultura do pa\u00eds metido a ter os mais talentosos jogadores da Terra. Por isso, anotem a\u00ed, Endrick, do Palmeiras, ser\u00e1 o novo eleito a ser suplicado na lista de Tite na travessia do Catar 2022.<\/p>\n<p>\u00c9 o tal do clamor nacional. Endrick completar\u00e1 16 anos no pr\u00f3ximo dia 21 de julho, data da alforria quando ter\u00e1 registrado seu primeiro contrato de jogador profissional. Portanto, livre para jogar no time de cima do portugu\u00eas Abel Ferreira.<\/p>\n<p>A\u00ed entram as quest\u00f5es que, a depender das respostas, poder\u00e3o levar o garoto ao Olimpo da Sele\u00e7\u00e3o Brasileira.<\/p>\n<p><strong>Primeira pergunta<\/strong>: Abel apostar\u00e1 de imediato no menino entre as cobras criadas esmeraldinas?<\/p>\n<p><strong>Segunda pergunta<\/strong>: Se sim, vai bancar o atacante no time at\u00e9 o limite do imponder\u00e1vel?<\/p>\n<p><strong>Terceira pergunta<\/strong>: Endrick ter\u00e1 cabe\u00e7a para caminhar nas nuvens sem olhar o ch\u00e3o?<\/p>\n<p>Por tudo o que j\u00e1 fez na base do Palmeiras \u2013 do Sub-11 ao Sub-20 \u2013, o precoce candidato a craque tem repert\u00f3rio de sobra e for\u00e7a mental a emplacar seu futebol de m\u00faltiplos gols.<\/p>\n<p>Se confirmar o que se espera de um fen\u00f4meno, Endrick entrar\u00e1 na rela\u00e7\u00e3o de pedidos a atormentar a cabe\u00e7a de Tite at\u00e9 o treinador fechar a lista dos 26 jogadores da Copa 2022, em meados do m\u00eas de outubro.<\/p>\n<figure id=\"attachment_38948\" aria-describedby=\"caption-attachment-38948\" style=\"width: 800px\" class=\"wp-caption alignnone\"><img data-recalc-dims=\"1\" loading=\"lazy\" decoding=\"async\" data-attachment-id=\"38948\" data-permalink=\"https:\/\/blogdoprosperi.com\/?attachment_id=38948\" data-orig-file=\"https:\/\/i0.wp.com\/blogdoprosperi.com\/wp-content\/uploads\/2022\/07\/52096430927_a8e4c2794a_c-2.jpg?fit=800%2C450&amp;ssl=1\" data-orig-size=\"800,450\" data-comments-opened=\"1\" data-image-meta=\"{&quot;aperture&quot;:&quot;0&quot;,&quot;credit&quot;:&quot;FABIO MENOTTI&quot;,&quot;camera&quot;:&quot;&quot;,&quot;caption&quot;:&quot;&quot;,&quot;created_timestamp&quot;:&quot;1657670154&quot;,&quot;copyright&quot;:&quot;FABIO MENOTTInTodos os direitos reservados.nAll rights reserved&quot;,&quot;focal_length&quot;:&quot;0&quot;,&quot;iso&quot;:&quot;0&quot;,&quot;shutter_speed&quot;:&quot;0&quot;,&quot;title&quot;:&quot;&quot;,&quot;orientation&quot;:&quot;0&quot;}\" data-image-title=\"Endrick brilha na base do Palmeiras\" data-image-description=\"\" data-image-caption=\"&lt;p&gt;Foto: Ag Palmeiras&lt;\/p&gt;\n\" data-large-file=\"https:\/\/i0.wp.com\/blogdoprosperi.com\/wp-content\/uploads\/2022\/07\/52096430927_a8e4c2794a_c-2.jpg?fit=800%2C450&amp;ssl=1\" class=\"size-full wp-image-38948\" src=\"https:\/\/i0.wp.com\/blogdoprosperi.com\/wp-content\/uploads\/2022\/07\/52096430927_a8e4c2794a_c-2.jpg?resize=800%2C450&#038;ssl=1\" alt=\"\" width=\"800\" height=\"450\"><figcaption id=\"caption-attachment-38948\" class=\"wp-caption-text\"><em>foto: Ag Palmeiras<\/em><\/figcaption><\/figure>\n<p>Exagero? Pode ser. A hist\u00f3ria do futebol brasileiro tem exemplos definitivos de garotos que foram ao c\u00e9u por exig\u00eancia da torcida e press\u00e3o da imprensa. A pressa da Sele\u00e7\u00e3o e o futebol apressado do Brasil.<\/p>\n<p>\u00c9 s\u00f3 abrir a p\u00e1gina da Copa de 1958. L\u00e1 est\u00e1 registrado que um menino de 17 anos, conhecido por Pel\u00e9, foi at\u00e9 a Su\u00e9cia quando nem mesmo a maioria dos exigentes cariocas amantes do futebol sabia direito quem ele era. Prod\u00edgio, voltou como protagonista na conquista do primeiro Mundial do escrete e dali para frente se tornou majestade em todo o planeta.<\/p>\n<p>Pel\u00e9 fazia mis\u00e9rias no futebol paulista com a camisa branca, n\u00famero 10 \u00e0s costas, do Santos. Vicente Feola, o t\u00e9cnico da Sele\u00e7\u00e3o em 58, se viu obrigado a levar o menino tamanho clamor da torcida. Deu no que deu.<\/p>\n<p>Bom tempo depois, Carlos Alberto Parreira se rendeu a Ronaldo Naz\u00e1rio, o Ronaldinho, ao fechar a lista dos 23 da Copa de 94 nos Estados Unidos. Ainda sem o apelido de Fen\u00f4meno, Ronaldinho, de 17 anos, barbarizava com a camisa azul do Cruzeiro. Era o queridinho do Brasil.<\/p>\n<p>Convocado diante de novo clamor nacional, Ronaldinho n\u00e3o entrou em nenhuma partida da Copa, mas voltou ao pa\u00eds campe\u00e3o do mundo na campanha do Tetra. E depois virou um verdadeiro fen\u00f4meno.<\/p>\n<p>Dunga deveria ter prestado aten\u00e7\u00e3o em Feola e Parreira. T\u00e9cnico da Sele\u00e7\u00e3o na Copa de 2010 na \u00c1frica do Sul, o ga\u00facho n\u00e3o atendeu a milh\u00f5es de pedidos por Neymar, ent\u00e3o um encantador atacante de corpo franzino e talento imensur\u00e1vel com a camisa do Santos.<\/p>\n<p>Neymar havia completado 18 anos em fevereiro. A Copa seria dali a quatro meses. Dunga n\u00e3o acreditou no menino e voltou da \u00c1frica do Sul derrotado.<\/p>\n<p>Endrick nunca ser\u00e1 Pel\u00e9. Pode sonhar em ser Ronaldo Fen\u00f4meno, quem sabe Neymar. Mas cabe muito bem no universo de jovens aclamados pela torcida que foram chamados de \u00faltima hora a defender a Sele\u00e7\u00e3o nas Copas: Bismark, meia do Vasco (Copa do Mundo de 1990), Ronaldinho (Copa de 94), Kak\u00e1 (Copa de 2002), Gabriel Jesus (Copa 2018). No Mundial de 1966, ponta-esquerda Edu, do Santos, tinha 17 anos quando entrou na lista final dosconvocados a jogar a Copa da Inglaterra.<\/p>\n<p>No Palmeiras, Endrick ter\u00e1 tr\u00eas meses at\u00e9 a Copa do Mundo Catar 2022 para conquistar o cora\u00e7\u00e3o dos torcedores. Depende de Abel Ferreira. Depois, a dor de cabe\u00e7a ser\u00e1 de Tite. Anotem a\u00ed.<\/p>\n<p>Bom insistir. A Sele\u00e7\u00e3o Brasileira tem pressa. E o futebol brasileiro \u00e9 apressado por natureza.<\/p>\n<div class=\"embed-twitter\">\n<blockquote class=\"twitter-tweet\" data-width=\"550\" data-dnt=\"true\">\n<p lang=\"pt\" dir=\"ltr\">E o v\u00eddeo que o <a href=\"https:\/\/twitter.com\/endrickii?ref_src=twsrc%5Etfw\">@endrickii<\/a> postou&#8230; <\/p>\n<p>\ud83d\udc9a\ud83d\udc37 <a href=\"https:\/\/t.co\/JypccVJLUG\">pic.twitter.com\/JypccVJLUG<\/a><\/p>\n<p>&mdash; INFOS Palestra \u24df \ud83d\udc37\ud83d\udc9a \ud83c\uddee\ud83c\uddf9 (@Infos_palestra) <a href=\"https:\/\/twitter.com\/Infos_palestra\/status\/1547340485924102146?ref_src=twsrc%5Etfw\">July 13, 2022<\/a><\/p><\/blockquote>\n<p><script async src=\"https:\/\/platform.twitter.com\/widgets.js\" charset=\"utf-8\"><\/script><\/div>\n","protected":false},"excerpt":{"rendered":"<p>Sele\u00e7\u00e3o Brasileira tem pressa. O futebol brasileiro \u00e9 apressado por natureza. Chega a Copa do Mundo e come\u00e7a [&hellip;]<\/p>\n","protected":false},"author":102107496,"featured_media":38946,"comment_status":"open","ping_status":"open","sticky":false,"template":"","format":"standard","meta":{"_coblocks_attr":"","_coblocks_dimensions":"","_coblocks_responsive_height":"","_coblocks_accordion_ie_support":"","_jetpack_newsletter_access":"","_jetpack_dont_email_post_to_subs":false,"_jetpack_newsletter_tier_id":0,"_jetpack_memberships_contains_paywalled_content":false,"_wpcom_ai_launchpad_first_post":false,"_jetpack_feature_clip_id":0,"_jetpack_memberships_contains_paid_content":false,"footnotes":"","jetpack_publicize_message":"","jetpack_publicize_feature_enabled":true,"jetpack_social_post_already_shared":false,"jetpack_social_options":{"image_generator_settings":{"template":"highway","default_image_id":0,"font":"","enabled":false},"version":2},"jetpack_post_was_ever_published":false},"categories":[53870],"tags":[4200771,789560575,35545865,25607665,789560560,1302598,789560564,1805387,789560562,1814220],"class_list":["post-38941","post","type-post","status-publish","format-standard","has-post-thumbnail","hentry","category-futebol","tag-abel-ferreira","tag-catar-2022","tag-copa-2022","tag-endrick","tag-futebol","tag-pel","tag-pele","tag-ronaldo-fenomeno","tag-selecao-brasileira","tag-tite"],"yoast_head":"<!-- This site is optimized with the Yoast SEO plugin v28.3 - https:\/\/yoast.com\/product\/yoast-seo-wordpress\/ -->\n<title>Endrick do Palmeiras e a travessia da Copa Catar 2022 - PR\u00d3SPERI NEWS<\/title>\n<meta name=\"robots\" content=\"index, follow, max-snippet:-1, max-image-preview:large, max-video-preview:-1\" \/>\n<link rel=\"canonical\" href=\"https:\/\/blogdoprosperi.com\/?p=38941\" \/>\n<meta property=\"og:locale\" content=\"pt_BR\" \/>\n<meta property=\"og:type\" content=\"article\" \/>\n<meta property=\"og:title\" content=\"Endrick do Palmeiras e a travessia da Copa Catar 2022 - PR\u00d3SPERI NEWS\" \/>\n<meta property=\"og:description\" content=\"Sele\u00e7\u00e3o Brasileira tem pressa. O futebol brasileiro \u00e9 apressado por natureza. Chega a Copa do Mundo e come\u00e7a [&hellip;]\" \/>\n<meta property=\"og:url\" content=\"https:\/\/blogdoprosperi.com\/?p=38941\" \/>\n<meta property=\"og:site_name\" content=\"PR\u00d3SPERI NEWS\" \/>\n<meta property=\"article:publisher\" content=\"Luiz Pr\u00f3speri\" \/>\n<meta property=\"article:author\" content=\"Luiz Pr\u00f3speri\" \/>\n<meta property=\"article:published_time\" content=\"2022-07-13T20:58:34+00:00\" \/>\n<meta property=\"article:modified_time\" content=\"2022-07-27T16:56:07+00:00\" \/>\n<meta property=\"og:image\" content=\"https:\/\/i0.wp.com\/blogdoprosperi.com\/wp-content\/uploads\/2022\/07\/endrick-20042022110424799.jpg?fit=771%2C420&ssl=1\" \/>\n\t<meta property=\"og:image:width\" content=\"771\" \/>\n\t<meta property=\"og:image:height\" content=\"420\" \/>\n\t<meta property=\"og:image:type\" content=\"image\/jpeg\" \/>\n<meta name=\"author\" content=\"Luiz Ant\u00f4nio Pr\u00f3speri\" \/>\n<meta name=\"twitter:card\" content=\"summary_large_image\" \/>\n<meta name=\"twitter:creator\" content=\"@Luizprosperi\" \/>\n<meta name=\"twitter:site\" content=\"@Luizprosperi\" \/>\n<meta name=\"twitter:label1\" content=\"Escrito por\" \/>\n\t<meta name=\"twitter:data1\" content=\"Luiz Ant\u00f4nio Pr\u00f3speri\" \/>\n\t<meta name=\"twitter:label2\" content=\"Est. tempo de leitura\" \/>\n\t<meta name=\"twitter:data2\" content=\"3 minutos\" \/>\n<script type=\"application\/ld+json\" class=\"yoast-schema-graph\">{\"@context\":\"https:\\\/\\\/schema.org\",\"@graph\":[{\"@type\":\"Article\",\"@id\":\"https:\\\/\\\/blogdoprosperi.com\\\/?p=38941#article\",\"isPartOf\":{\"@id\":\"https:\\\/\\\/blogdoprosperi.com\\\/?p=38941\"},\"author\":{\"name\":\"Luiz Ant\u00f4nio Pr\u00f3speri\",\"@id\":\"https:\\\/\\\/blogdoprosperi.com\\\/#\\\/schema\\\/person\\\/38100755ce3601861ee4fab9b5aa78e9\"},\"headline\":\"Endrick do Palmeiras e a travessia da Copa Catar 2022\",\"datePublished\":\"2022-07-13T20:58:34+00:00\",\"dateModified\":\"2022-07-27T16:56:07+00:00\",\"mainEntityOfPage\":{\"@id\":\"https:\\\/\\\/blogdoprosperi.com\\\/?p=38941\"},\"wordCount\":707,\"commentCount\":0,\"publisher\":{\"@id\":\"https:\\\/\\\/blogdoprosperi.com\\\/#\\\/schema\\\/person\\\/38100755ce3601861ee4fab9b5aa78e9\"},\"image\":{\"@id\":\"https:\\\/\\\/blogdoprosperi.com\\\/?p=38941#primaryimage\"},\"thumbnailUrl\":\"https:\\\/\\\/i0.wp.com\\\/blogdoprosperi.com\\\/wp-content\\\/uploads\\\/2022\\\/07\\\/endrick-20042022110424799.jpg?fit=771%2C420&ssl=1\",\"keywords\":[\"abel ferreira\",\"catar 2022\",\"copa 2022\",\"endrick\",\"futebol\",\"Pel\",\"Pel\u00e9\",\"Ronaldo Fen\u00f4meno\",\"Sele\u00e7\u00e3o Brasileira\",\"Tite\"],\"articleSection\":[\"futebol\"],\"inLanguage\":\"pt-BR\",\"potentialAction\":[{\"@type\":\"CommentAction\",\"name\":\"Comment\",\"target\":[\"https:\\\/\\\/blogdoprosperi.com\\\/?p=38941#respond\"]}]},{\"@type\":\"WebPage\",\"@id\":\"https:\\\/\\\/blogdoprosperi.com\\\/?p=38941\",\"url\":\"https:\\\/\\\/blogdoprosperi.com\\\/?p=38941\",\"name\":\"Endrick do Palmeiras e a travessia da Copa Catar 2022 - PR\u00d3SPERI NEWS\",\"isPartOf\":{\"@id\":\"https:\\\/\\\/blogdoprosperi.com\\\/#website\"},\"primaryImageOfPage\":{\"@id\":\"https:\\\/\\\/blogdoprosperi.com\\\/?p=38941#primaryimage\"},\"image\":{\"@id\":\"https:\\\/\\\/blogdoprosperi.com\\\/?p=38941#primaryimage\"},\"thumbnailUrl\":\"https:\\\/\\\/i0.wp.com\\\/blogdoprosperi.com\\\/wp-content\\\/uploads\\\/2022\\\/07\\\/endrick-20042022110424799.jpg?fit=771%2C420&ssl=1\",\"datePublished\":\"2022-07-13T20:58:34+00:00\",\"dateModified\":\"2022-07-27T16:56:07+00:00\",\"breadcrumb\":{\"@id\":\"https:\\\/\\\/blogdoprosperi.com\\\/?p=38941#breadcrumb\"},\"inLanguage\":\"pt-BR\",\"potentialAction\":[{\"@type\":\"ReadAction\",\"target\":[\"https:\\\/\\\/blogdoprosperi.com\\\/?p=38941\"]}]},{\"@type\":\"ImageObject\",\"inLanguage\":\"pt-BR\",\"@id\":\"https:\\\/\\\/blogdoprosperi.com\\\/?p=38941#primaryimage\",\"url\":\"https:\\\/\\\/i0.wp.com\\\/blogdoprosperi.com\\\/wp-content\\\/uploads\\\/2022\\\/07\\\/endrick-20042022110424799.jpg?fit=771%2C420&ssl=1\",\"contentUrl\":\"https:\\\/\\\/i0.wp.com\\\/blogdoprosperi.com\\\/wp-content\\\/uploads\\\/2022\\\/07\\\/endrick-20042022110424799.jpg?fit=771%2C420&ssl=1\",\"width\":771,\"height\":420,\"caption\":\"reprodu\u00e7\u00e3o Twitter\"},{\"@type\":\"BreadcrumbList\",\"@id\":\"https:\\\/\\\/blogdoprosperi.com\\\/?p=38941#breadcrumb\",\"itemListElement\":[{\"@type\":\"ListItem\",\"position\":1,\"name\":\"In\u00edcio\",\"item\":\"https:\\\/\\\/blogdoprosperi.com\\\/\"},{\"@type\":\"ListItem\",\"position\":2,\"name\":\"Endrick do Palmeiras e a travessia da Copa Catar 2022\"}]},{\"@type\":\"WebSite\",\"@id\":\"https:\\\/\\\/blogdoprosperi.com\\\/#website\",\"url\":\"https:\\\/\\\/blogdoprosperi.com\\\/\",\"name\":\"PR\u00d3SPERI NEWS\",\"description\":\"TUDO \u00c9  FUTEBOL\",\"publisher\":{\"@id\":\"https:\\\/\\\/blogdoprosperi.com\\\/#\\\/schema\\\/person\\\/38100755ce3601861ee4fab9b5aa78e9\"},\"alternateName\":\"blogdoprosperi.com\",\"potentialAction\":[{\"@type\":\"SearchAction\",\"target\":{\"@type\":\"EntryPoint\",\"urlTemplate\":\"https:\\\/\\\/blogdoprosperi.com\\\/?s={search_term_string}\"},\"query-input\":{\"@type\":\"PropertyValueSpecification\",\"valueRequired\":true,\"valueName\":\"search_term_string\"}}],\"inLanguage\":\"pt-BR\"},{\"@type\":[\"Person\",\"Organization\"],\"@id\":\"https:\\\/\\\/blogdoprosperi.com\\\/#\\\/schema\\\/person\\\/38100755ce3601861ee4fab9b5aa78e9\",\"name\":\"Luiz Ant\u00f4nio Pr\u00f3speri\",\"pronouns\":\"ele\",\"image\":{\"@type\":\"ImageObject\",\"inLanguage\":\"pt-BR\",\"@id\":\"https:\\\/\\\/i0.wp.com\\\/blogdoprosperi.com\\\/wp-content\\\/uploads\\\/2026\\\/05\\\/cropped-8059e613-6002-42fa-961e-8e275f575d71-2-5.jpg?fit=1360%2C931&ssl=1\",\"url\":\"https:\\\/\\\/i0.wp.com\\\/blogdoprosperi.com\\\/wp-content\\\/uploads\\\/2026\\\/05\\\/cropped-8059e613-6002-42fa-961e-8e275f575d71-2-5.jpg?fit=1360%2C931&ssl=1\",\"contentUrl\":\"https:\\\/\\\/i0.wp.com\\\/blogdoprosperi.com\\\/wp-content\\\/uploads\\\/2026\\\/05\\\/cropped-8059e613-6002-42fa-961e-8e275f575d71-2-5.jpg?fit=1360%2C931&ssl=1\",\"width\":1360,\"height\":931,\"caption\":\"Luiz Ant\u00f4nio Pr\u00f3speri\"},\"logo\":{\"@id\":\"https:\\\/\\\/i0.wp.com\\\/blogdoprosperi.com\\\/wp-content\\\/uploads\\\/2026\\\/05\\\/cropped-8059e613-6002-42fa-961e-8e275f575d71-2-5.jpg?fit=1360%2C931&ssl=1\"},\"description\":\"Jornalista com carreira dedicada ao esporte. Cobriu 9 Copas do Mundo in loco, 1990 na It\u00e1lia, 1994 nos EUA, 1998 na Fran\u00e7a, 2002 na Coreia do Sul e Jap\u00e3o, 2006 na Alemanha, 2010 na \u00c1frica do Sul, 2014 no Brasil, 2018 na R\u00fassia e 2022 no Qatar. Eurocopas, 1992 na Su\u00e9cia e 1996 na Inglaterra. Copa das Confedera\u00e7\u00f5es de 2005 na Alemanha e 2009 na \u00c1frica do Sul. Rep\u00f3rter e Editor, trabalhou no Jornal da Tarde e Estad\u00e3o, de 1984 a fevereiro de 2016. Colunista, blogueiro. E comentarista de futebol na R\u00e1dio Estad\u00e3o, de 2013 a fevereiro de 2016. Jornalista respons\u00e1vel do \\\"Pr\u00f3speri News\\\" (blogdoprosperi.com).\",\"sameAs\":[\"http:\\\/\\\/blogdoprosperi.com\",\"Luiz Pr\u00f3speri\",\"@luiz_prosperi\",\"https:\\\/\\\/x.com\\\/Luizprosperi\",\"@prosperinacopa\",\"luiz.prosperi@icloud.com\"],\"url\":\"https:\\\/\\\/blogdoprosperi.com\\\/?author=102107496\"}]}<\/script>\n<!-- \/ Yoast SEO plugin. -->","yoast_head_json":{"title":"Endrick do Palmeiras e a travessia da Copa Catar 2022 - PR\u00d3SPERI NEWS","robots":{"index":"index","follow":"follow","max-snippet":"max-snippet:-1","max-image-preview":"max-image-preview:large","max-video-preview":"max-video-preview:-1"},"canonical":"https:\/\/blogdoprosperi.com\/?p=38941","og_locale":"pt_BR","og_type":"article","og_title":"Endrick do Palmeiras e a travessia da Copa Catar 2022 - PR\u00d3SPERI NEWS","og_description":"Sele\u00e7\u00e3o Brasileira tem pressa. O futebol brasileiro \u00e9 apressado por natureza. Chega a Copa do Mundo e come\u00e7a [&hellip;]","og_url":"https:\/\/blogdoprosperi.com\/?p=38941","og_site_name":"PR\u00d3SPERI NEWS","article_publisher":"Luiz Pr\u00f3speri","article_author":"Luiz Pr\u00f3speri","article_published_time":"2022-07-13T20:58:34+00:00","article_modified_time":"2022-07-27T16:56:07+00:00","og_image":[{"width":771,"height":420,"url":"https:\/\/i0.wp.com\/blogdoprosperi.com\/wp-content\/uploads\/2022\/07\/endrick-20042022110424799.jpg?fit=771%2C420&ssl=1","type":"image\/jpeg"}],"author":"Luiz Ant\u00f4nio Pr\u00f3speri","twitter_card":"summary_large_image","twitter_creator":"@Luizprosperi","twitter_site":"@Luizprosperi","twitter_misc":{"Escrito por":"Luiz Ant\u00f4nio Pr\u00f3speri","Est. tempo de leitura":"3 minutos"},"schema":{"@context":"https:\/\/schema.org","@graph":[{"@type":"Article","@id":"https:\/\/blogdoprosperi.com\/?p=38941#article","isPartOf":{"@id":"https:\/\/blogdoprosperi.com\/?p=38941"},"author":{"name":"Luiz Ant\u00f4nio Pr\u00f3speri","@id":"https:\/\/blogdoprosperi.com\/#\/schema\/person\/38100755ce3601861ee4fab9b5aa78e9"},"headline":"Endrick do Palmeiras e a travessia da Copa Catar 2022","datePublished":"2022-07-13T20:58:34+00:00","dateModified":"2022-07-27T16:56:07+00:00","mainEntityOfPage":{"@id":"https:\/\/blogdoprosperi.com\/?p=38941"},"wordCount":707,"commentCount":0,"publisher":{"@id":"https:\/\/blogdoprosperi.com\/#\/schema\/person\/38100755ce3601861ee4fab9b5aa78e9"},"image":{"@id":"https:\/\/blogdoprosperi.com\/?p=38941#primaryimage"},"thumbnailUrl":"https:\/\/i0.wp.com\/blogdoprosperi.com\/wp-content\/uploads\/2022\/07\/endrick-20042022110424799.jpg?fit=771%2C420&ssl=1","keywords":["abel ferreira","catar 2022","copa 2022","endrick","futebol","Pel","Pel\u00e9","Ronaldo Fen\u00f4meno","Sele\u00e7\u00e3o Brasileira","Tite"],"articleSection":["futebol"],"inLanguage":"pt-BR","potentialAction":[{"@type":"CommentAction","name":"Comment","target":["https:\/\/blogdoprosperi.com\/?p=38941#respond"]}]},{"@type":"WebPage","@id":"https:\/\/blogdoprosperi.com\/?p=38941","url":"https:\/\/blogdoprosperi.com\/?p=38941","name":"Endrick do Palmeiras e a travessia da Copa Catar 2022 - PR\u00d3SPERI NEWS","isPartOf":{"@id":"https:\/\/blogdoprosperi.com\/#website"},"primaryImageOfPage":{"@id":"https:\/\/blogdoprosperi.com\/?p=38941#primaryimage"},"image":{"@id":"https:\/\/blogdoprosperi.com\/?p=38941#primaryimage"},"thumbnailUrl":"https:\/\/i0.wp.com\/blogdoprosperi.com\/wp-content\/uploads\/2022\/07\/endrick-20042022110424799.jpg?fit=771%2C420&ssl=1","datePublished":"2022-07-13T20:58:34+00:00","dateModified":"2022-07-27T16:56:07+00:00","breadcrumb":{"@id":"https:\/\/blogdoprosperi.com\/?p=38941#breadcrumb"},"inLanguage":"pt-BR","potentialAction":[{"@type":"ReadAction","target":["https:\/\/blogdoprosperi.com\/?p=38941"]}]},{"@type":"ImageObject","inLanguage":"pt-BR","@id":"https:\/\/blogdoprosperi.com\/?p=38941#primaryimage","url":"https:\/\/i0.wp.com\/blogdoprosperi.com\/wp-content\/uploads\/2022\/07\/endrick-20042022110424799.jpg?fit=771%2C420&ssl=1","contentUrl":"https:\/\/i0.wp.com\/blogdoprosperi.com\/wp-content\/uploads\/2022\/07\/endrick-20042022110424799.jpg?fit=771%2C420&ssl=1","width":771,"height":420,"caption":"reprodu\u00e7\u00e3o Twitter"},{"@type":"BreadcrumbList","@id":"https:\/\/blogdoprosperi.com\/?p=38941#breadcrumb","itemListElement":[{"@type":"ListItem","position":1,"name":"In\u00edcio","item":"https:\/\/blogdoprosperi.com\/"},{"@type":"ListItem","position":2,"name":"Endrick do Palmeiras e a travessia da Copa Catar 2022"}]},{"@type":"WebSite","@id":"https:\/\/blogdoprosperi.com\/#website","url":"https:\/\/blogdoprosperi.com\/","name":"PR\u00d3SPERI NEWS","description":"TUDO \u00c9  FUTEBOL","publisher":{"@id":"https:\/\/blogdoprosperi.com\/#\/schema\/person\/38100755ce3601861ee4fab9b5aa78e9"},"alternateName":"blogdoprosperi.com","potentialAction":[{"@type":"SearchAction","target":{"@type":"EntryPoint","urlTemplate":"https:\/\/blogdoprosperi.com\/?s={search_term_string}"},"query-input":{"@type":"PropertyValueSpecification","valueRequired":true,"valueName":"search_term_string"}}],"inLanguage":"pt-BR"},{"@type":["Person","Organization"],"@id":"https:\/\/blogdoprosperi.com\/#\/schema\/person\/38100755ce3601861ee4fab9b5aa78e9","name":"Luiz Ant\u00f4nio Pr\u00f3speri","pronouns":"ele","image":{"@type":"ImageObject","inLanguage":"pt-BR","@id":"https:\/\/i0.wp.com\/blogdoprosperi.com\/wp-content\/uploads\/2026\/05\/cropped-8059e613-6002-42fa-961e-8e275f575d71-2-5.jpg?fit=1360%2C931&ssl=1","url":"https:\/\/i0.wp.com\/blogdoprosperi.com\/wp-content\/uploads\/2026\/05\/cropped-8059e613-6002-42fa-961e-8e275f575d71-2-5.jpg?fit=1360%2C931&ssl=1","contentUrl":"https:\/\/i0.wp.com\/blogdoprosperi.com\/wp-content\/uploads\/2026\/05\/cropped-8059e613-6002-42fa-961e-8e275f575d71-2-5.jpg?fit=1360%2C931&ssl=1","width":1360,"height":931,"caption":"Luiz Ant\u00f4nio Pr\u00f3speri"},"logo":{"@id":"https:\/\/i0.wp.com\/blogdoprosperi.com\/wp-content\/uploads\/2026\/05\/cropped-8059e613-6002-42fa-961e-8e275f575d71-2-5.jpg?fit=1360%2C931&ssl=1"},"description":"Jornalista com carreira dedicada ao esporte. Cobriu 9 Copas do Mundo in loco, 1990 na It\u00e1lia, 1994 nos EUA, 1998 na Fran\u00e7a, 2002 na Coreia do Sul e Jap\u00e3o, 2006 na Alemanha, 2010 na \u00c1frica do Sul, 2014 no Brasil, 2018 na R\u00fassia e 2022 no Qatar. Eurocopas, 1992 na Su\u00e9cia e 1996 na Inglaterra. Copa das Confedera\u00e7\u00f5es de 2005 na Alemanha e 2009 na \u00c1frica do Sul. Rep\u00f3rter e Editor, trabalhou no Jornal da Tarde e Estad\u00e3o, de 1984 a fevereiro de 2016. Colunista, blogueiro. E comentarista de futebol na R\u00e1dio Estad\u00e3o, de 2013 a fevereiro de 2016. Jornalista respons\u00e1vel do \"Pr\u00f3speri News\" (blogdoprosperi.com).","sameAs":["http:\/\/blogdoprosperi.com","Luiz Pr\u00f3speri","@luiz_prosperi","https:\/\/x.com\/Luizprosperi","@prosperinacopa","luiz.prosperi@icloud.com"],"url":"https:\/\/blogdoprosperi.com\/?author=102107496"}]}},"jetpack_publicize_connections":[],"jetpack_likes_enabled":false,"jetpack_sharing_enabled":true,"jetpack_shortlink":"https:\/\/wp.me\/p7jvdk-a85","jetpack-related-posts":[{"id":40513,"url":"https:\/\/blogdoprosperi.com\/?p=40513","url_meta":{"origin":38941,"position":0},"title":"Guardiola, Diniz, Abel, esque\u00e7am. CBF trabalha com novo projeto de Sele\u00e7\u00e3o, t\u00e9cnico s\u00f3 em janeiro","author":"Luiz Ant\u00f4nio Pr\u00f3speri","date":"11 de dezembro de 2022","format":false,"excerpt":"Presidente Ednaldo CBF pensa primeiro em novo projeto de Sele\u00e7\u00e3o e escolher o t\u00e9cnico, moldado a esse modelo, em janeiro de 2023.","rel":"","context":"Em &quot;copa do mundo catar 2022&quot;","block_context":{"text":"copa do mundo catar 2022","link":"https:\/\/blogdoprosperi.com\/?cat=301049609"},"img":{"alt_text":"Guardiola \u00e9 tema de document\u00e1rio na Amazon Prime Video","src":"https:\/\/i0.wp.com\/blogdoprosperi.com\/wp-content\/uploads\/2022\/12\/gettyimages-1413449937.webp?fit=1200%2C675&ssl=1&resize=350%2C200","width":350,"height":200,"srcset":"https:\/\/i0.wp.com\/blogdoprosperi.com\/wp-content\/uploads\/2022\/12\/gettyimages-1413449937.webp?fit=1200%2C675&ssl=1&resize=350%2C200 1x, https:\/\/i0.wp.com\/blogdoprosperi.com\/wp-content\/uploads\/2022\/12\/gettyimages-1413449937.webp?fit=1200%2C675&ssl=1&resize=525%2C300 1.5x, https:\/\/i0.wp.com\/blogdoprosperi.com\/wp-content\/uploads\/2022\/12\/gettyimages-1413449937.webp?fit=1200%2C675&ssl=1&resize=700%2C400 2x, https:\/\/i0.wp.com\/blogdoprosperi.com\/wp-content\/uploads\/2022\/12\/gettyimages-1413449937.webp?fit=1200%2C675&ssl=1&resize=1050%2C600 3x"},"classes":[]},{"id":41366,"url":"https:\/\/blogdoprosperi.com\/?p=41366","url_meta":{"origin":38941,"position":1},"title":"Sele\u00e7\u00e3o Brasileira: Palmeiras pode ajudar CBF na escolha do sucessor de Tite","author":"Luiz Ant\u00f4nio Pr\u00f3speri","date":"2 de fevereiro de 2023","format":false,"excerpt":"CBF vive drama na escolha do novo t\u00e9cnico da Sele\u00e7\u00e3o Brasileira. Se Abel Ferreira n\u00e3o pode, por que n\u00e3o Paulo Victor, do Sub-20 do Palmeiras, campe\u00e3o de tudo? Mira exemplo da Argentina, campe\u00e3 da Copa 2022.","rel":"","context":"Em &quot;Campeonato Brasileiro&quot;","block_context":{"text":"Campeonato Brasileiro","link":"https:\/\/blogdoprosperi.com\/?cat=355071"},"img":{"alt_text":"","src":"https:\/\/i0.wp.com\/blogdoprosperi.com\/wp-content\/uploads\/2023\/02\/pv-trabalhou-na-selecao-de-2017-a-2021.jpg?fit=1200%2C800&ssl=1&resize=350%2C200","width":350,"height":200,"srcset":"https:\/\/i0.wp.com\/blogdoprosperi.com\/wp-content\/uploads\/2023\/02\/pv-trabalhou-na-selecao-de-2017-a-2021.jpg?fit=1200%2C800&ssl=1&resize=350%2C200 1x, https:\/\/i0.wp.com\/blogdoprosperi.com\/wp-content\/uploads\/2023\/02\/pv-trabalhou-na-selecao-de-2017-a-2021.jpg?fit=1200%2C800&ssl=1&resize=525%2C300 1.5x, https:\/\/i0.wp.com\/blogdoprosperi.com\/wp-content\/uploads\/2023\/02\/pv-trabalhou-na-selecao-de-2017-a-2021.jpg?fit=1200%2C800&ssl=1&resize=700%2C400 2x, https:\/\/i0.wp.com\/blogdoprosperi.com\/wp-content\/uploads\/2023\/02\/pv-trabalhou-na-selecao-de-2017-a-2021.jpg?fit=1200%2C800&ssl=1&resize=1050%2C600 3x"},"classes":[]},{"id":41751,"url":"https:\/\/blogdoprosperi.com\/?p=41751","url_meta":{"origin":38941,"position":2},"title":"CBF espera Ancelotti at\u00e9 2024 e acalma torcida do Palmeiras","author":"Luiz Ant\u00f4nio Pr\u00f3speri","date":"14 de junho de 2023","format":false,"excerpt":"Torcida do Palmeiras pode se acalmar. CBF n\u00e3o pensa em tirar de imediato o t\u00e9cnico Abel Ferreira do clube para assumir a Sele\u00e7\u00e3o. Carlo Ancelotti ainda \u00e9 prioridade","rel":"","context":"Em &quot;catar 2022&quot;","block_context":{"text":"catar 2022","link":"https:\/\/blogdoprosperi.com\/?cat=47094043"},"img":{"alt_text":"Ancelotti: Ol\u00e1, Brasil","src":"https:\/\/i0.wp.com\/blogdoprosperi.com\/wp-content\/uploads\/2016\/06\/carlo-ancelotti.jpg?fit=1200%2C675&ssl=1&resize=350%2C200","width":350,"height":200,"srcset":"https:\/\/i0.wp.com\/blogdoprosperi.com\/wp-content\/uploads\/2016\/06\/carlo-ancelotti.jpg?fit=1200%2C675&ssl=1&resize=350%2C200 1x, https:\/\/i0.wp.com\/blogdoprosperi.com\/wp-content\/uploads\/2016\/06\/carlo-ancelotti.jpg?fit=1200%2C675&ssl=1&resize=525%2C300 1.5x, https:\/\/i0.wp.com\/blogdoprosperi.com\/wp-content\/uploads\/2016\/06\/carlo-ancelotti.jpg?fit=1200%2C675&ssl=1&resize=700%2C400 2x, https:\/\/i0.wp.com\/blogdoprosperi.com\/wp-content\/uploads\/2016\/06\/carlo-ancelotti.jpg?fit=1200%2C675&ssl=1&resize=1050%2C600 3x"},"classes":[]},{"id":39075,"url":"https:\/\/blogdoprosperi.com\/?p=39075","url_meta":{"origin":38941,"position":3},"title":"Torcedor brasileiro rejeita t\u00e9cnico estrangeiro na Sele\u00e7\u00e3o, CBF est\u00e1 amarrada","author":"Luiz Ant\u00f4nio Pr\u00f3speri","date":"8 de agosto de 2022","format":false,"excerpt":"Pesquisa DataFolha indica rejei\u00e7\u00e3o da popula\u00e7\u00e3o brasileira a t\u00e9cnico estrangeiro na Sele\u00e7\u00e3o. CBF pode renovar com Tite at\u00e9 2026","rel":"","context":"Em &quot;copa do mundo catar 2022&quot;","block_context":{"text":"copa do mundo catar 2022","link":"https:\/\/blogdoprosperi.com\/?cat=301049609"},"img":{"alt_text":"","src":"https:\/\/i0.wp.com\/blogdoprosperi.com\/wp-content\/uploads\/2022\/08\/51845766440_143abb51a9_w-1.jpg?fit=400%2C267&ssl=1&resize=350%2C200","width":350,"height":200},"classes":[]},{"id":39853,"url":"https:\/\/blogdoprosperi.com\/?p=39853","url_meta":{"origin":38941,"position":4},"title":"Ronaldo Fen\u00f4meno queria garoto Endrick na Copa","author":"Luiz Ant\u00f4nio Pr\u00f3speri","date":"7 de novembro de 2022","format":"video","excerpt":"https:\/\/youtu.be\/ZiZ_9Ckq1Ro","rel":"","context":"Em &quot;catar 2022&quot;","block_context":{"text":"catar 2022","link":"https:\/\/blogdoprosperi.com\/?cat=47094043"},"img":{"alt_text":"","src":"https:\/\/i0.wp.com\/img.youtube.com\/vi\/ZiZ_9Ckq1Ro\/0.jpg?resize=350%2C200","width":350,"height":200},"classes":[]},{"id":42241,"url":"https:\/\/blogdoprosperi.com\/?p=42241","url_meta":{"origin":38941,"position":5},"title":"Endrick eleva Sele\u00e7\u00e3o Brasileira ao c\u00e9u","author":"Luiz Ant\u00f4nio Pr\u00f3speri","date":"23 de mar\u00e7o de 2024","format":false,"excerpt":"Endrick, atacante do Palmeiras, honra a sina hist\u00f3rica de jovens jogadores da Sele\u00e7\u00e3o Brasileira. Entra aos 24 minutos do segundo tempo diante da Inglaterra, no m\u00edtico Wembley, e decreta vit\u00f3ria com um gol de centroavante aos 34 minutos. Endrick, 17 anos, simples assim. Como um dia foi Pel\u00e9, Edu, Ronaldo\u2026","rel":"","context":"Em &quot;CBF&quot;","block_context":{"text":"CBF","link":"https:\/\/blogdoprosperi.com\/?cat=570700"},"img":{"alt_text":"","src":"https:\/\/i0.wp.com\/blogdoprosperi.com\/wp-content\/uploads\/2024\/03\/53606279961_cd4b1ab5ec_c.jpg?fit=800%2C525&ssl=1&resize=350%2C200","width":350,"height":200,"srcset":"https:\/\/i0.wp.com\/blogdoprosperi.com\/wp-content\/uploads\/2024\/03\/53606279961_cd4b1ab5ec_c.jpg?fit=800%2C525&ssl=1&resize=350%2C200 1x, https:\/\/i0.wp.com\/blogdoprosperi.com\/wp-content\/uploads\/2024\/03\/53606279961_cd4b1ab5ec_c.jpg?fit=800%2C525&ssl=1&resize=525%2C300 1.5x, https:\/\/i0.wp.com\/blogdoprosperi.com\/wp-content\/uploads\/2024\/03\/53606279961_cd4b1ab5ec_c.jpg?fit=800%2C525&ssl=1&resize=700%2C400 2x"},"classes":[]}],"jetpack_featured_media_url":"https:\/\/i0.wp.com\/blogdoprosperi.com\/wp-content\/uploads\/2022\/07\/endrick-20042022110424799.jpg?fit=771%2C420&ssl=1","_links":{"self":[{"href":"https:\/\/blogdoprosperi.com\/index.php?rest_route=\/wp\/v2\/posts\/38941","targetHints":{"allow":["GET"]}}],"collection":[{"href":"https:\/\/blogdoprosperi.com\/index.php?rest_route=\/wp\/v2\/posts"}],"about":[{"href":"https:\/\/blogdoprosperi.com\/index.php?rest_route=\/wp\/v2\/types\/post"}],"author":[{"embeddable":true,"href":"https:\/\/blogdoprosperi.com\/index.php?rest_route=\/wp\/v2\/users\/102107496"}],"replies":[{"embeddable":true,"href":"https:\/\/blogdoprosperi.com\/index.php?rest_route=%2Fwp%2Fv2%2Fcomments&post=38941"}],"version-history":[{"count":11,"href":"https:\/\/blogdoprosperi.com\/index.php?rest_route=\/wp\/v2\/posts\/38941\/revisions"}],"predecessor-version":[{"id":38984,"href":"https:\/\/blogdoprosperi.com\/index.php?rest_route=\/wp\/v2\/posts\/38941\/revisions\/38984"}],"wp:featuredmedia":[{"embeddable":true,"href":"https:\/\/blogdoprosperi.com\/index.php?rest_route=\/wp\/v2\/media\/38946"}],"wp:attachment":[{"href":"https:\/\/blogdoprosperi.com\/index.php?rest_route=%2Fwp%2Fv2%2Fmedia&parent=38941"}],"wp:term":[{"taxonomy":"category","embeddable":true,"href":"https:\/\/blogdoprosperi.com\/index.php?rest_route=%2Fwp%2Fv2%2Fcategories&post=38941"},{"taxonomy":"post_tag","embeddable":true,"href":"https:\/\/blogdoprosperi.com\/index.php?rest_route=%2Fwp%2Fv2%2Ftags&post=38941"}],"curies":[{"name":"wp","href":"https:\/\/api.w.org\/{rel}","templated":true}]}}