{"id":38972,"date":"2022-07-27T13:54:20","date_gmt":"2022-07-27T16:54:20","guid":{"rendered":"https:\/\/blogdoprosperi.com\/?p=38972"},"modified":"2022-07-28T12:17:42","modified_gmt":"2022-07-28T15:17:42","slug":"tite-tem-uma-vaga-na-selecao-scarpa-e-favorito","status":"publish","type":"post","link":"https:\/\/blogdoprosperi.com\/?p=38972","title":{"rendered":"Tite tem uma vaga na Sele\u00e7\u00e3o, Scarpa \u00e9 favorito"},"content":{"rendered":"<p>Gustavo Scarpa, meia do Palmeiras, \u00e9 o favorito a ocupar a \u00faltima vaga da Sele\u00e7\u00e3o Brasileira na Copa Catar 2022. Tite tem 25 jogadores confirmados na lista de 26 que ir\u00e3o ao Mundial. Resta uma posi\u00e7\u00e3o: o reserva de Lucas Paquet\u00e1. E o candidato \u00e9 Scarpa.<\/p>\n<p>Tite ainda n\u00e3o menciona Scarpa como o prov\u00e1vel reserva de Paquet\u00e1. Nas entrevistas mais recentes, ap\u00f3s amistosos contra Coreia do Sul e Jap\u00e3o em junho, o treinador da Sele\u00e7\u00e3o deixa claro que o grupo de convoc\u00e1veis n\u00e3o est\u00e1 fechado.<\/p>\n<p>Disse mais:<\/p>\n<p>&#8220;Em cinco meses, um atleta pode crescer e entrar em nosso rol (<em>candidato \u00e0 convoca\u00e7\u00e3o<\/em>)&#8221;, contou Tite no podcast &#8220;Sexta Estrela&#8221; do site <em>globo esporte,\u00a0<\/em>dia 27 de junho. &#8220;Em cinco meses alguns podem ficar no meio do caminho (<em>por les\u00e3o ou problema f\u00edsico<\/em>).<\/p>\n<p>De junho at\u00e9 este fim de julho, Gustavo Scarpa tem feito de tudo no Palmeiras. \u00c9 o principal jogador do time de Abel Ferreira, assumindo o v\u00e1cuo de Raphael Veiga \u2013 abatido por Covid e les\u00e3o. Deve ser confirmado &#8220;o craque do m\u00eas&#8221; no Brasileir\u00e3o.<\/p>\n<p>E mais: ganhou pontos com Tite. Bom lembrar que o treinador da Sele\u00e7\u00e3o, acompanhado do auxiliar C\u00e9sar Sampaio, esteve no Morumbi para observar jogadores no cl\u00e1ssico que o Palmeiras venceu de virada o S\u00e3o Paulo por 2 a 1 com duas assist\u00eancias de Scarpa.<\/p>\n<p>Tite n\u00e3o foi ao cl\u00e1ssico dia 20 de junho para ver Danilo (<em>com quem conviveu amistosos contra Coreia do Sul e Jap\u00e3o no in\u00edcio de junho<\/em>) e Raphael Veiga (<em>fora do jogo por les\u00e3o<\/em>). N\u00e3o \u00e9 dif\u00edcil sugerir que o t\u00e9cnico da Sele\u00e7\u00e3o esteve no est\u00e1dio para ver Scarpa de perto.<\/p>\n<p>Scarpa \u00e9 um meia de m\u00faltipla fun\u00e7\u00e3o: criativo, excelente na bola parada, chutes a gol, bom de assist\u00eancias e na atua\u00e7\u00e3o como ala quando necess\u00e1rio. Ataca e defende bem.<\/p>\n<p><strong>Confira a lista dos 26 jogadores da Copa do Mundo Catar 2022 e veja onde Scarpa se encaixa:<\/strong><\/p>\n<p><strong>Goleiros<\/strong><br \/>\ntitular: Alisson (Liverpool)<br \/>\nreservas: Ederson (Manchester City) e Weverton (Palmeiras)<\/p>\n<p><strong>Laterais<\/strong><br \/>\ntitulares \u2013 Danilo (Juventus) e Alex Sandro (Juventus)<br \/>\nreservas: Daniel Alves (Pumas) e Guilherme Arana (Atl\u00e9tico-MG)<\/p>\n<p><strong>Zagueiros<\/strong><br \/>\ntitulares: Thiago Silva (Chelsea) e Marquinhos (PSG)<br \/>\nreservas: Eder Milit\u00e3o (Real Madrid) e Gabriel Magalh\u00e3es (Arsenal)<\/p>\n<p><strong>Volantes<\/strong><br \/>\ntitulares: Casemiro (Real Madrid) e Fred (Manchester United)<br \/>\nreservas: Fabinho (Liverpool) e Bruno Guimar\u00e3es (Newcastle)<\/p>\n<p><strong>Meias<\/strong><br \/>\ntitulares: Neymar (PSG) e Lucas Paquet\u00e1 (Lyon)<br \/>\nreservas: Philippe Coutinho (Aston Villa) e\u00a0<strong>vaga aberta (aqui entra Gustavo Scarpa)<\/strong><\/p>\n<p><strong>Atacantes\/pontas<\/strong><br \/>\nRaphinha (Barcelona) e\u00a0Vinicius Jr (Real Madrid) ,\u00a0Antony (Ajax) e\u00a0Rodrygo (Real Madrid)<\/p>\n<p><strong>Atacantes\/centroavantes<\/strong><br \/>\nRicharlison (Tottenham),\u00a0Gabriel Jesus (Arsenal) e Matheus Cunha (Atl\u00e9tico Madrid) ou Pedro (Flamengo).<\/p>\n<p>A \u00faltima chamada de Tite, antes de fechar a lista dos 26 da Copa, ser\u00e1 na primeira semana de setembro para dois amistosos \u2013 dias 22 (contra Argentina) e 27 (sem advers\u00e1rio definido). Em meados de outubro t\u00e9cnico da Sele\u00e7\u00e3o faz a convoca\u00e7\u00e3o final para o Mundial Catar 2022.<\/p>\n<p><span class=\"alignnone\"><img data-recalc-dims=\"1\" loading=\"lazy\" decoding=\"async\" data-attachment-id=\"38975\" data-permalink=\"https:\/\/blogdoprosperi.com\/?attachment_id=38975\" data-orig-file=\"https:\/\/i0.wp.com\/blogdoprosperi.com\/wp-content\/uploads\/2022\/07\/fyw0iajx0aa8x_u.jpeg?fit=1000%2C1200&amp;ssl=1\" data-orig-size=\"1000,1200\" data-comments-opened=\"1\" data-image-meta=\"{&quot;aperture&quot;:&quot;0&quot;,&quot;credit&quot;:&quot;&quot;,&quot;camera&quot;:&quot;&quot;,&quot;caption&quot;:&quot;&quot;,&quot;created_timestamp&quot;:&quot;0&quot;,&quot;copyright&quot;:&quot;&quot;,&quot;focal_length&quot;:&quot;0&quot;,&quot;iso&quot;:&quot;0&quot;,&quot;shutter_speed&quot;:&quot;0&quot;,&quot;title&quot;:&quot;&quot;,&quot;orientation&quot;:&quot;0&quot;}\" data-image-title=\"reprodu\u00e7\u00e3o foto\/montagem CBF\" data-image-description=\"\" data-image-caption=\"\" data-large-file=\"https:\/\/i0.wp.com\/blogdoprosperi.com\/wp-content\/uploads\/2022\/07\/fyw0iajx0aa8x_u.jpeg?fit=853%2C1024&amp;ssl=1\" class=\"alignnone size-large wp-image-38975\" src=\"https:\/\/i0.wp.com\/blogdoprosperi.com\/wp-content\/uploads\/2022\/07\/fyw0iajx0aa8x_u.jpeg?resize=853%2C1024&#038;ssl=1\" alt=\"A vez de Scarpa\" width=\"853\" height=\"1024\" \/><\/span><\/p>\n","protected":false},"excerpt":{"rendered":"<p>Gustavo Scarpa, meia do Palmeiras, \u00e9 o favorito a ocupar a \u00faltima vaga da Sele\u00e7\u00e3o Brasileira na Copa [&hellip;]<\/p>\n","protected":false},"author":102107496,"featured_media":38980,"comment_status":"open","ping_status":"open","sticky":false,"template":"","format":"standard","meta":{"_coblocks_attr":"","_coblocks_dimensions":"","_coblocks_responsive_height":"","_coblocks_accordion_ie_support":"","wpai_generated_summary":"","_jetpack_newsletter_access":"","_jetpack_dont_email_post_to_subs":false,"_jetpack_newsletter_tier_id":0,"_jetpack_memberships_contains_paywalled_content":false,"_wpcom_ai_launchpad_first_post":false,"_jetpack_feature_clip_id":0,"_jetpack_memberships_contains_paid_content":false,"footnotes":"","jetpack_publicize_message":"","jetpack_publicize_feature_enabled":true,"jetpack_social_post_already_shared":false,"jetpack_social_options":{"image_generator_settings":{"template":"highway","default_image_id":0,"font":"","enabled":false},"version":2},"jetpack_post_was_ever_published":false},"categories":[53870],"tags":[789560560],"class_list":["post-38972","post","type-post","status-publish","format-standard","has-post-thumbnail","hentry","category-futebol","tag-futebol"],"yoast_head":"<!-- This site is optimized with the Yoast SEO plugin v28.4 - https:\/\/yoast.com\/product\/yoast-seo-wordpress\/ -->\n<title>Tite tem uma vaga na Sele\u00e7\u00e3o, Scarpa \u00e9 favorito - PR\u00d3SPERI NEWS<\/title>\n<meta name=\"robots\" content=\"index, follow, max-snippet:-1, max-image-preview:large, max-video-preview:-1\" \/>\n<link rel=\"canonical\" href=\"https:\/\/blogdoprosperi.com\/?p=38972\" \/>\n<meta property=\"og:locale\" content=\"pt_BR\" \/>\n<meta property=\"og:type\" content=\"article\" \/>\n<meta property=\"og:title\" content=\"Tite tem uma vaga na Sele\u00e7\u00e3o, Scarpa \u00e9 favorito - PR\u00d3SPERI NEWS\" \/>\n<meta property=\"og:description\" content=\"Gustavo Scarpa, meia do Palmeiras, \u00e9 o favorito a ocupar a \u00faltima vaga da Sele\u00e7\u00e3o Brasileira na Copa [&hellip;]\" \/>\n<meta property=\"og:url\" content=\"https:\/\/blogdoprosperi.com\/?p=38972\" \/>\n<meta property=\"og:site_name\" content=\"PR\u00d3SPERI NEWS\" \/>\n<meta property=\"article:publisher\" content=\"Luiz Pr\u00f3speri\" \/>\n<meta property=\"article:author\" content=\"Luiz Pr\u00f3speri\" \/>\n<meta property=\"article:published_time\" content=\"2022-07-27T16:54:20+00:00\" \/>\n<meta property=\"article:modified_time\" content=\"2022-07-28T15:17:42+00:00\" \/>\n<meta property=\"og:image\" content=\"https:\/\/i0.wp.com\/blogdoprosperi.com\/wp-content\/uploads\/2022\/07\/52098037035_6a7bcfbddc_o.webp?fit=1000%2C563&ssl=1\" \/>\n\t<meta property=\"og:image:width\" content=\"1000\" \/>\n\t<meta property=\"og:image:height\" content=\"563\" \/>\n\t<meta property=\"og:image:type\" content=\"image\/webp\" \/>\n<meta name=\"author\" content=\"Luiz Ant\u00f4nio Pr\u00f3speri\" \/>\n<meta name=\"twitter:card\" content=\"summary_large_image\" \/>\n<meta name=\"twitter:creator\" content=\"@Luizprosperi\" \/>\n<meta name=\"twitter:site\" content=\"@Luizprosperi\" \/>\n<meta name=\"twitter:label1\" content=\"Escrito por\" \/>\n\t<meta name=\"twitter:data1\" content=\"Luiz Ant\u00f4nio Pr\u00f3speri\" \/>\n\t<meta name=\"twitter:label2\" content=\"Est. tempo de leitura\" \/>\n\t<meta name=\"twitter:data2\" content=\"3 minutos\" \/>\n<script type=\"application\/ld+json\" class=\"yoast-schema-graph\">{\"@context\":\"https:\\\/\\\/schema.org\",\"@graph\":[{\"@type\":\"Article\",\"@id\":\"https:\\\/\\\/blogdoprosperi.com\\\/?p=38972#article\",\"isPartOf\":{\"@id\":\"https:\\\/\\\/blogdoprosperi.com\\\/?p=38972\"},\"author\":{\"name\":\"Luiz Ant\u00f4nio Pr\u00f3speri\",\"@id\":\"https:\\\/\\\/blogdoprosperi.com\\\/#\\\/schema\\\/person\\\/38100755ce3601861ee4fab9b5aa78e9\"},\"headline\":\"Tite tem uma vaga na Sele\u00e7\u00e3o, Scarpa \u00e9 favorito\",\"datePublished\":\"2022-07-27T16:54:20+00:00\",\"dateModified\":\"2022-07-28T15:17:42+00:00\",\"mainEntityOfPage\":{\"@id\":\"https:\\\/\\\/blogdoprosperi.com\\\/?p=38972\"},\"wordCount\":511,\"commentCount\":2,\"publisher\":{\"@id\":\"https:\\\/\\\/blogdoprosperi.com\\\/#\\\/schema\\\/person\\\/38100755ce3601861ee4fab9b5aa78e9\"},\"image\":{\"@id\":\"https:\\\/\\\/blogdoprosperi.com\\\/?p=38972#primaryimage\"},\"thumbnailUrl\":\"https:\\\/\\\/i0.wp.com\\\/blogdoprosperi.com\\\/wp-content\\\/uploads\\\/2022\\\/07\\\/52098037035_6a7bcfbddc_o.webp?fit=1000%2C563&ssl=1\",\"keywords\":[\"futebol\"],\"articleSection\":[\"futebol\"],\"inLanguage\":\"pt-BR\",\"potentialAction\":[{\"@type\":\"CommentAction\",\"name\":\"Comment\",\"target\":[\"https:\\\/\\\/blogdoprosperi.com\\\/?p=38972#respond\"]}]},{\"@type\":\"WebPage\",\"@id\":\"https:\\\/\\\/blogdoprosperi.com\\\/?p=38972\",\"url\":\"https:\\\/\\\/blogdoprosperi.com\\\/?p=38972\",\"name\":\"Tite tem uma vaga na Sele\u00e7\u00e3o, Scarpa \u00e9 favorito - PR\u00d3SPERI NEWS\",\"isPartOf\":{\"@id\":\"https:\\\/\\\/blogdoprosperi.com\\\/#website\"},\"primaryImageOfPage\":{\"@id\":\"https:\\\/\\\/blogdoprosperi.com\\\/?p=38972#primaryimage\"},\"image\":{\"@id\":\"https:\\\/\\\/blogdoprosperi.com\\\/?p=38972#primaryimage\"},\"thumbnailUrl\":\"https:\\\/\\\/i0.wp.com\\\/blogdoprosperi.com\\\/wp-content\\\/uploads\\\/2022\\\/07\\\/52098037035_6a7bcfbddc_o.webp?fit=1000%2C563&ssl=1\",\"datePublished\":\"2022-07-27T16:54:20+00:00\",\"dateModified\":\"2022-07-28T15:17:42+00:00\",\"breadcrumb\":{\"@id\":\"https:\\\/\\\/blogdoprosperi.com\\\/?p=38972#breadcrumb\"},\"inLanguage\":\"pt-BR\",\"potentialAction\":[{\"@type\":\"ReadAction\",\"target\":[\"https:\\\/\\\/blogdoprosperi.com\\\/?p=38972\"]}]},{\"@type\":\"ImageObject\",\"inLanguage\":\"pt-BR\",\"@id\":\"https:\\\/\\\/blogdoprosperi.com\\\/?p=38972#primaryimage\",\"url\":\"https:\\\/\\\/i0.wp.com\\\/blogdoprosperi.com\\\/wp-content\\\/uploads\\\/2022\\\/07\\\/52098037035_6a7bcfbddc_o.webp?fit=1000%2C563&ssl=1\",\"contentUrl\":\"https:\\\/\\\/i0.wp.com\\\/blogdoprosperi.com\\\/wp-content\\\/uploads\\\/2022\\\/07\\\/52098037035_6a7bcfbddc_o.webp?fit=1000%2C563&ssl=1\",\"width\":1000,\"height\":563,\"caption\":\"Gustavo Scarpa sob observa\u00e7\u00e3o de Tite \u2013 foto: Cesar Greco \\\/ Ag Palmeiras\"},{\"@type\":\"BreadcrumbList\",\"@id\":\"https:\\\/\\\/blogdoprosperi.com\\\/?p=38972#breadcrumb\",\"itemListElement\":[{\"@type\":\"ListItem\",\"position\":1,\"name\":\"In\u00edcio\",\"item\":\"https:\\\/\\\/blogdoprosperi.com\\\/\"},{\"@type\":\"ListItem\",\"position\":2,\"name\":\"Tite tem uma vaga na Sele\u00e7\u00e3o, Scarpa \u00e9 favorito\"}]},{\"@type\":\"WebSite\",\"@id\":\"https:\\\/\\\/blogdoprosperi.com\\\/#website\",\"url\":\"https:\\\/\\\/blogdoprosperi.com\\\/\",\"name\":\"PR\u00d3SPERI NEWS\",\"description\":\"TUDO \u00c9  FUTEBOL\",\"publisher\":{\"@id\":\"https:\\\/\\\/blogdoprosperi.com\\\/#\\\/schema\\\/person\\\/38100755ce3601861ee4fab9b5aa78e9\"},\"alternateName\":\"blogdoprosperi.com\",\"potentialAction\":[{\"@type\":\"SearchAction\",\"target\":{\"@type\":\"EntryPoint\",\"urlTemplate\":\"https:\\\/\\\/blogdoprosperi.com\\\/?s={search_term_string}\"},\"query-input\":{\"@type\":\"PropertyValueSpecification\",\"valueRequired\":true,\"valueName\":\"search_term_string\"}}],\"inLanguage\":\"pt-BR\"},{\"@type\":[\"Person\",\"Organization\"],\"@id\":\"https:\\\/\\\/blogdoprosperi.com\\\/#\\\/schema\\\/person\\\/38100755ce3601861ee4fab9b5aa78e9\",\"name\":\"Luiz Ant\u00f4nio Pr\u00f3speri\",\"pronouns\":\"ele\",\"image\":{\"@type\":\"ImageObject\",\"inLanguage\":\"pt-BR\",\"@id\":\"https:\\\/\\\/i0.wp.com\\\/blogdoprosperi.com\\\/wp-content\\\/uploads\\\/2026\\\/05\\\/cropped-8059e613-6002-42fa-961e-8e275f575d71-2-5.jpg?fit=1360%2C931&ssl=1\",\"url\":\"https:\\\/\\\/i0.wp.com\\\/blogdoprosperi.com\\\/wp-content\\\/uploads\\\/2026\\\/05\\\/cropped-8059e613-6002-42fa-961e-8e275f575d71-2-5.jpg?fit=1360%2C931&ssl=1\",\"contentUrl\":\"https:\\\/\\\/i0.wp.com\\\/blogdoprosperi.com\\\/wp-content\\\/uploads\\\/2026\\\/05\\\/cropped-8059e613-6002-42fa-961e-8e275f575d71-2-5.jpg?fit=1360%2C931&ssl=1\",\"width\":1360,\"height\":931,\"caption\":\"Luiz Ant\u00f4nio Pr\u00f3speri\"},\"logo\":{\"@id\":\"https:\\\/\\\/i0.wp.com\\\/blogdoprosperi.com\\\/wp-content\\\/uploads\\\/2026\\\/05\\\/cropped-8059e613-6002-42fa-961e-8e275f575d71-2-5.jpg?fit=1360%2C931&ssl=1\"},\"description\":\"Jornalista com carreira dedicada ao esporte. Cobriu 9 Copas do Mundo in loco, 1990 na It\u00e1lia, 1994 nos EUA, 1998 na Fran\u00e7a, 2002 na Coreia do Sul e Jap\u00e3o, 2006 na Alemanha, 2010 na \u00c1frica do Sul, 2014 no Brasil, 2018 na R\u00fassia e 2022 no Qatar. Eurocopas, 1992 na Su\u00e9cia e 1996 na Inglaterra. Copa das Confedera\u00e7\u00f5es de 2005 na Alemanha e 2009 na \u00c1frica do Sul. Rep\u00f3rter e Editor, trabalhou no Jornal da Tarde e Estad\u00e3o, de 1984 a fevereiro de 2016. Colunista, blogueiro. E comentarista de futebol na R\u00e1dio Estad\u00e3o, de 2013 a fevereiro de 2016. Jornalista respons\u00e1vel do \\\"Pr\u00f3speri News\\\" (blogdoprosperi.com).\",\"sameAs\":[\"http:\\\/\\\/blogdoprosperi.com\",\"Luiz Pr\u00f3speri\",\"@luiz_prosperi\",\"https:\\\/\\\/x.com\\\/Luizprosperi\",\"@prosperinacopa\",\"luiz.prosperi@icloud.com\"],\"url\":\"https:\\\/\\\/blogdoprosperi.com\\\/?author=102107496\"}]}<\/script>\n<!-- \/ Yoast SEO plugin. -->","yoast_head_json":{"title":"Tite tem uma vaga na Sele\u00e7\u00e3o, Scarpa \u00e9 favorito - PR\u00d3SPERI NEWS","robots":{"index":"index","follow":"follow","max-snippet":"max-snippet:-1","max-image-preview":"max-image-preview:large","max-video-preview":"max-video-preview:-1"},"canonical":"https:\/\/blogdoprosperi.com\/?p=38972","og_locale":"pt_BR","og_type":"article","og_title":"Tite tem uma vaga na Sele\u00e7\u00e3o, Scarpa \u00e9 favorito - PR\u00d3SPERI NEWS","og_description":"Gustavo Scarpa, meia do Palmeiras, \u00e9 o favorito a ocupar a \u00faltima vaga da Sele\u00e7\u00e3o Brasileira na Copa [&hellip;]","og_url":"https:\/\/blogdoprosperi.com\/?p=38972","og_site_name":"PR\u00d3SPERI NEWS","article_publisher":"Luiz Pr\u00f3speri","article_author":"Luiz Pr\u00f3speri","article_published_time":"2022-07-27T16:54:20+00:00","article_modified_time":"2022-07-28T15:17:42+00:00","og_image":[{"width":1000,"height":563,"url":"https:\/\/i0.wp.com\/blogdoprosperi.com\/wp-content\/uploads\/2022\/07\/52098037035_6a7bcfbddc_o.webp?fit=1000%2C563&ssl=1","type":"image\/webp"}],"author":"Luiz Ant\u00f4nio Pr\u00f3speri","twitter_card":"summary_large_image","twitter_creator":"@Luizprosperi","twitter_site":"@Luizprosperi","twitter_misc":{"Escrito por":"Luiz Ant\u00f4nio Pr\u00f3speri","Est. tempo de leitura":"3 minutos"},"schema":{"@context":"https:\/\/schema.org","@graph":[{"@type":"Article","@id":"https:\/\/blogdoprosperi.com\/?p=38972#article","isPartOf":{"@id":"https:\/\/blogdoprosperi.com\/?p=38972"},"author":{"name":"Luiz Ant\u00f4nio Pr\u00f3speri","@id":"https:\/\/blogdoprosperi.com\/#\/schema\/person\/38100755ce3601861ee4fab9b5aa78e9"},"headline":"Tite tem uma vaga na Sele\u00e7\u00e3o, Scarpa \u00e9 favorito","datePublished":"2022-07-27T16:54:20+00:00","dateModified":"2022-07-28T15:17:42+00:00","mainEntityOfPage":{"@id":"https:\/\/blogdoprosperi.com\/?p=38972"},"wordCount":511,"commentCount":2,"publisher":{"@id":"https:\/\/blogdoprosperi.com\/#\/schema\/person\/38100755ce3601861ee4fab9b5aa78e9"},"image":{"@id":"https:\/\/blogdoprosperi.com\/?p=38972#primaryimage"},"thumbnailUrl":"https:\/\/i0.wp.com\/blogdoprosperi.com\/wp-content\/uploads\/2022\/07\/52098037035_6a7bcfbddc_o.webp?fit=1000%2C563&ssl=1","keywords":["futebol"],"articleSection":["futebol"],"inLanguage":"pt-BR","potentialAction":[{"@type":"CommentAction","name":"Comment","target":["https:\/\/blogdoprosperi.com\/?p=38972#respond"]}]},{"@type":"WebPage","@id":"https:\/\/blogdoprosperi.com\/?p=38972","url":"https:\/\/blogdoprosperi.com\/?p=38972","name":"Tite tem uma vaga na Sele\u00e7\u00e3o, Scarpa \u00e9 favorito - PR\u00d3SPERI NEWS","isPartOf":{"@id":"https:\/\/blogdoprosperi.com\/#website"},"primaryImageOfPage":{"@id":"https:\/\/blogdoprosperi.com\/?p=38972#primaryimage"},"image":{"@id":"https:\/\/blogdoprosperi.com\/?p=38972#primaryimage"},"thumbnailUrl":"https:\/\/i0.wp.com\/blogdoprosperi.com\/wp-content\/uploads\/2022\/07\/52098037035_6a7bcfbddc_o.webp?fit=1000%2C563&ssl=1","datePublished":"2022-07-27T16:54:20+00:00","dateModified":"2022-07-28T15:17:42+00:00","breadcrumb":{"@id":"https:\/\/blogdoprosperi.com\/?p=38972#breadcrumb"},"inLanguage":"pt-BR","potentialAction":[{"@type":"ReadAction","target":["https:\/\/blogdoprosperi.com\/?p=38972"]}]},{"@type":"ImageObject","inLanguage":"pt-BR","@id":"https:\/\/blogdoprosperi.com\/?p=38972#primaryimage","url":"https:\/\/i0.wp.com\/blogdoprosperi.com\/wp-content\/uploads\/2022\/07\/52098037035_6a7bcfbddc_o.webp?fit=1000%2C563&ssl=1","contentUrl":"https:\/\/i0.wp.com\/blogdoprosperi.com\/wp-content\/uploads\/2022\/07\/52098037035_6a7bcfbddc_o.webp?fit=1000%2C563&ssl=1","width":1000,"height":563,"caption":"Gustavo Scarpa sob observa\u00e7\u00e3o de Tite \u2013 foto: Cesar Greco \/ Ag Palmeiras"},{"@type":"BreadcrumbList","@id":"https:\/\/blogdoprosperi.com\/?p=38972#breadcrumb","itemListElement":[{"@type":"ListItem","position":1,"name":"In\u00edcio","item":"https:\/\/blogdoprosperi.com\/"},{"@type":"ListItem","position":2,"name":"Tite tem uma vaga na Sele\u00e7\u00e3o, Scarpa \u00e9 favorito"}]},{"@type":"WebSite","@id":"https:\/\/blogdoprosperi.com\/#website","url":"https:\/\/blogdoprosperi.com\/","name":"PR\u00d3SPERI NEWS","description":"TUDO \u00c9  FUTEBOL","publisher":{"@id":"https:\/\/blogdoprosperi.com\/#\/schema\/person\/38100755ce3601861ee4fab9b5aa78e9"},"alternateName":"blogdoprosperi.com","potentialAction":[{"@type":"SearchAction","target":{"@type":"EntryPoint","urlTemplate":"https:\/\/blogdoprosperi.com\/?s={search_term_string}"},"query-input":{"@type":"PropertyValueSpecification","valueRequired":true,"valueName":"search_term_string"}}],"inLanguage":"pt-BR"},{"@type":["Person","Organization"],"@id":"https:\/\/blogdoprosperi.com\/#\/schema\/person\/38100755ce3601861ee4fab9b5aa78e9","name":"Luiz Ant\u00f4nio Pr\u00f3speri","pronouns":"ele","image":{"@type":"ImageObject","inLanguage":"pt-BR","@id":"https:\/\/i0.wp.com\/blogdoprosperi.com\/wp-content\/uploads\/2026\/05\/cropped-8059e613-6002-42fa-961e-8e275f575d71-2-5.jpg?fit=1360%2C931&ssl=1","url":"https:\/\/i0.wp.com\/blogdoprosperi.com\/wp-content\/uploads\/2026\/05\/cropped-8059e613-6002-42fa-961e-8e275f575d71-2-5.jpg?fit=1360%2C931&ssl=1","contentUrl":"https:\/\/i0.wp.com\/blogdoprosperi.com\/wp-content\/uploads\/2026\/05\/cropped-8059e613-6002-42fa-961e-8e275f575d71-2-5.jpg?fit=1360%2C931&ssl=1","width":1360,"height":931,"caption":"Luiz Ant\u00f4nio Pr\u00f3speri"},"logo":{"@id":"https:\/\/i0.wp.com\/blogdoprosperi.com\/wp-content\/uploads\/2026\/05\/cropped-8059e613-6002-42fa-961e-8e275f575d71-2-5.jpg?fit=1360%2C931&ssl=1"},"description":"Jornalista com carreira dedicada ao esporte. Cobriu 9 Copas do Mundo in loco, 1990 na It\u00e1lia, 1994 nos EUA, 1998 na Fran\u00e7a, 2002 na Coreia do Sul e Jap\u00e3o, 2006 na Alemanha, 2010 na \u00c1frica do Sul, 2014 no Brasil, 2018 na R\u00fassia e 2022 no Qatar. Eurocopas, 1992 na Su\u00e9cia e 1996 na Inglaterra. Copa das Confedera\u00e7\u00f5es de 2005 na Alemanha e 2009 na \u00c1frica do Sul. Rep\u00f3rter e Editor, trabalhou no Jornal da Tarde e Estad\u00e3o, de 1984 a fevereiro de 2016. Colunista, blogueiro. E comentarista de futebol na R\u00e1dio Estad\u00e3o, de 2013 a fevereiro de 2016. Jornalista respons\u00e1vel do \"Pr\u00f3speri News\" (blogdoprosperi.com).","sameAs":["http:\/\/blogdoprosperi.com","Luiz Pr\u00f3speri","@luiz_prosperi","https:\/\/x.com\/Luizprosperi","@prosperinacopa","luiz.prosperi@icloud.com"],"url":"https:\/\/blogdoprosperi.com\/?author=102107496"}]}},"jetpack_publicize_connections":[],"jetpack_likes_enabled":false,"jetpack_sharing_enabled":true,"jetpack_shortlink":"https:\/\/wp.me\/p7jvdk-a8A","jetpack-related-posts":[{"id":39835,"url":"https:\/\/blogdoprosperi.com\/?p=39835","url_meta":{"origin":38972,"position":0},"title":"Scarpa e Dudu injusti\u00e7ados, Tite leva Daniel Alves ao Qatar","author":"Luiz Ant\u00f4nio Pr\u00f3speri","date":"7 de novembro de 2022","format":false,"excerpt":"Gustavo Scarpa e Dudu n\u00e3o aparecem na lista dos 26 de Tite na Copa do Mundo Qatar 2022. Injusti\u00e7ados. Treinador da Sele\u00e7\u00e3o prefere Everton Ribeiro, 34 anos, e Gabriel Martinelli, 21, na corrida rumo ao hexa no deserto. Treinador de Sele\u00e7\u00e3o \u2013 como diria Alex, outro preterido em duas Copas\u2026","rel":"","context":"Em &quot;catar 2022&quot;","block_context":{"text":"catar 2022","link":"https:\/\/blogdoprosperi.com\/?cat=47094043"},"img":{"alt_text":"","src":"https:\/\/i0.wp.com\/blogdoprosperi.com\/wp-content\/uploads\/2022\/11\/lance-09072020074752768.jpg?fit=660%2C360&ssl=1&resize=350%2C200","width":350,"height":200,"srcset":"https:\/\/i0.wp.com\/blogdoprosperi.com\/wp-content\/uploads\/2022\/11\/lance-09072020074752768.jpg?fit=660%2C360&ssl=1&resize=350%2C200 1x, https:\/\/i0.wp.com\/blogdoprosperi.com\/wp-content\/uploads\/2022\/11\/lance-09072020074752768.jpg?fit=660%2C360&ssl=1&resize=525%2C300 1.5x"},"classes":[]},{"id":39432,"url":"https:\/\/blogdoprosperi.com\/?p=39432","url_meta":{"origin":38972,"position":1},"title":"Tite confirma Pedro, deixa Gabriel Jesus fora e reconhece problemas na lateral-direita","author":"Luiz Ant\u00f4nio Pr\u00f3speri","date":"9 de setembro de 2022","format":false,"excerpt":"Tite surpreende na \u00faltima convoca\u00e7\u00e3o da Sele\u00e7\u00e3o Brasileira antes de apresentar lista final da Copa do Mundo Qatar 2022","rel":"","context":"Em &quot;catar 2022&quot;","block_context":{"text":"catar 2022","link":"https:\/\/blogdoprosperi.com\/?cat=47094043"},"img":{"alt_text":"Tite convoca Sele\u00e7\u00e3o para amistosos contra Gana e Tun\u00edsia","src":"https:\/\/i0.wp.com\/blogdoprosperi.com\/wp-content\/uploads\/2022\/09\/52345840355_3cb66b8448_c.jpg?fit=799%2C533&ssl=1&resize=350%2C200","width":350,"height":200,"srcset":"https:\/\/i0.wp.com\/blogdoprosperi.com\/wp-content\/uploads\/2022\/09\/52345840355_3cb66b8448_c.jpg?fit=799%2C533&ssl=1&resize=350%2C200 1x, https:\/\/i0.wp.com\/blogdoprosperi.com\/wp-content\/uploads\/2022\/09\/52345840355_3cb66b8448_c.jpg?fit=799%2C533&ssl=1&resize=525%2C300 1.5x, https:\/\/i0.wp.com\/blogdoprosperi.com\/wp-content\/uploads\/2022\/09\/52345840355_3cb66b8448_c.jpg?fit=799%2C533&ssl=1&resize=700%2C400 2x"},"classes":[]},{"id":39217,"url":"https:\/\/blogdoprosperi.com\/?p=39217","url_meta":{"origin":38972,"position":2},"title":"Pedro na Copa, Tite antecipa convoca\u00e7\u00e3o","author":"Luiz Ant\u00f4nio Pr\u00f3speri","date":"18 de agosto de 2022","format":false,"excerpt":"Tite antecipa convoca\u00e7\u00e3o de Pedro, ao ser perguntado a respeito do atacante do Flamengo. Gol de bicicleta diz tudo","rel":"","context":"Em &quot;copa do mundo catar 2022&quot;","block_context":{"text":"copa do mundo catar 2022","link":"https:\/\/blogdoprosperi.com\/?cat=301049609"},"img":{"alt_text":"","src":"https:\/\/i0.wp.com\/blogdoprosperi.com\/wp-content\/uploads\/2022\/08\/pedro-vira-a-bicicleta-para-marcar-o-gol-do-flamengo.jpg?fit=900%2C490&ssl=1&resize=350%2C200","width":350,"height":200,"srcset":"https:\/\/i0.wp.com\/blogdoprosperi.com\/wp-content\/uploads\/2022\/08\/pedro-vira-a-bicicleta-para-marcar-o-gol-do-flamengo.jpg?fit=900%2C490&ssl=1&resize=350%2C200 1x, https:\/\/i0.wp.com\/blogdoprosperi.com\/wp-content\/uploads\/2022\/08\/pedro-vira-a-bicicleta-para-marcar-o-gol-do-flamengo.jpg?fit=900%2C490&ssl=1&resize=525%2C300 1.5x, https:\/\/i0.wp.com\/blogdoprosperi.com\/wp-content\/uploads\/2022\/08\/pedro-vira-a-bicicleta-para-marcar-o-gol-do-flamengo.jpg?fit=900%2C490&ssl=1&resize=700%2C400 2x"},"classes":[]},{"id":39468,"url":"https:\/\/blogdoprosperi.com\/?p=39468","url_meta":{"origin":38972,"position":3},"title":"O medo de Tite: repetir fracasso da Copa 2018","author":"Luiz Ant\u00f4nio Pr\u00f3speri","date":"9 de setembro de 2022","format":false,"excerpt":"Tite carrega o medo de novo fracasso na Copa, por isso n\u00e3o fecha grupo da Sele\u00e7\u00e3o que vai ao Qatar.","rel":"","context":"Em &quot;catar 2022&quot;","block_context":{"text":"catar 2022","link":"https:\/\/blogdoprosperi.com\/?cat=47094043"},"img":{"alt_text":"Tite volta, Neymar e Fiel sonham","src":"https:\/\/i0.wp.com\/blogdoprosperi.com\/wp-content\/uploads\/2019\/06\/tite-brasil-bolivia-copa-america-14062019_7vayb96nx9dm1s6fvpi6p480l.jpg?fit=1200%2C675&ssl=1&resize=350%2C200","width":350,"height":200,"srcset":"https:\/\/i0.wp.com\/blogdoprosperi.com\/wp-content\/uploads\/2019\/06\/tite-brasil-bolivia-copa-america-14062019_7vayb96nx9dm1s6fvpi6p480l.jpg?fit=1200%2C675&ssl=1&resize=350%2C200 1x, https:\/\/i0.wp.com\/blogdoprosperi.com\/wp-content\/uploads\/2019\/06\/tite-brasil-bolivia-copa-america-14062019_7vayb96nx9dm1s6fvpi6p480l.jpg?fit=1200%2C675&ssl=1&resize=525%2C300 1.5x, https:\/\/i0.wp.com\/blogdoprosperi.com\/wp-content\/uploads\/2019\/06\/tite-brasil-bolivia-copa-america-14062019_7vayb96nx9dm1s6fvpi6p480l.jpg?fit=1200%2C675&ssl=1&resize=700%2C400 2x, https:\/\/i0.wp.com\/blogdoprosperi.com\/wp-content\/uploads\/2019\/06\/tite-brasil-bolivia-copa-america-14062019_7vayb96nx9dm1s6fvpi6p480l.jpg?fit=1200%2C675&ssl=1&resize=1050%2C600 3x"},"classes":[]},{"id":22443,"url":"https:\/\/blogdoprosperi.com\/?p=22443","url_meta":{"origin":38972,"position":4},"title":"Veja an\u00e1lise dos 23 jogadores da primeira convoca\u00e7\u00e3o de Tite","author":"Luiz Ant\u00f4nio Pr\u00f3speri","date":"22 de agosto de 2016","format":false,"excerpt":"Tite surpreendeu em pelo menos tr\u00eas nomes na sua primeira convoca\u00e7\u00e3o da Sele\u00e7\u00e3o Brasileira. Os mais destacados foram Taison, atacante do Shakhtar Donestk (Ucr\u00e2nia), o meia Giuliano, ex-Gr\u00eamio e hoje no Zenit (R\u00fassia), e Paulinho, ex-Corinthians e h\u00e1 oito meses no Guangzhou (China). O treinador recorreu ainda \u00e0 base dos\u2026","rel":"","context":"Em &quot;futebol&quot;","block_context":{"text":"futebol","link":"https:\/\/blogdoprosperi.com\/?cat=53870"},"img":{"alt_text":"","src":"https:\/\/i0.wp.com\/blogdoprosperi.com\/wp-content\/uploads\/2016\/08\/pro-16.jpg?resize=350%2C200","width":350,"height":200,"srcset":"https:\/\/i0.wp.com\/blogdoprosperi.com\/wp-content\/uploads\/2016\/08\/pro-16.jpg?resize=350%2C200 1x, https:\/\/i0.wp.com\/blogdoprosperi.com\/wp-content\/uploads\/2016\/08\/pro-16.jpg?resize=525%2C300 1.5x, https:\/\/i0.wp.com\/blogdoprosperi.com\/wp-content\/uploads\/2016\/08\/pro-16.jpg?resize=700%2C400 2x, https:\/\/i0.wp.com\/blogdoprosperi.com\/wp-content\/uploads\/2016\/08\/pro-16.jpg?resize=1050%2C600 3x, https:\/\/i0.wp.com\/blogdoprosperi.com\/wp-content\/uploads\/2016\/08\/pro-16.jpg?resize=1400%2C800 4x"},"classes":[]},{"id":49330,"url":"https:\/\/blogdoprosperi.com\/?p=49330","url_meta":{"origin":38972,"position":5},"title":"Dorival J\u00fanior Demitido | Sem Atropelos, CBF Corre Atr\u00e1s de Novo Treinador","author":"Luiz Ant\u00f4nio Pr\u00f3speri","date":"28 de mar\u00e7o de 2025","format":false,"excerpt":"Luiz Ant\u00f4nio Pr\u00f3speri \u2013 28 mar\u00e7o (19h05) \u2013 Sele\u00e7\u00e3o Brasileira est\u00e1 sem treinador desde \u00e0s 18h desta sexta-feira (28\/3) quando a CBF anuncia de forma oficial a demiss\u00e3o de Dorival J\u00fanior. Presidente Ednaldo Rodrigues adianta que s\u00f3 agora, com o cargo vago, vai em busca de um novo t\u00e9cnico. Analistas\u2026","rel":"","context":"Em &quot;informa\u00e7\u00e3o&quot;","block_context":{"text":"informa\u00e7\u00e3o","link":"https:\/\/blogdoprosperi.com\/?cat=20384"},"img":{"alt_text":"Jesus e Filipe, juntos na Sele\u00e7\u00e3o ?","src":"https:\/\/i0.wp.com\/blogdoprosperi.com\/wp-content\/uploads\/2025\/03\/captura-de-tela-2025-03-28-as-18.57.54.png?fit=1200%2C642&ssl=1&resize=350%2C200","width":350,"height":200,"srcset":"https:\/\/i0.wp.com\/blogdoprosperi.com\/wp-content\/uploads\/2025\/03\/captura-de-tela-2025-03-28-as-18.57.54.png?fit=1200%2C642&ssl=1&resize=350%2C200 1x, https:\/\/i0.wp.com\/blogdoprosperi.com\/wp-content\/uploads\/2025\/03\/captura-de-tela-2025-03-28-as-18.57.54.png?fit=1200%2C642&ssl=1&resize=525%2C300 1.5x, https:\/\/i0.wp.com\/blogdoprosperi.com\/wp-content\/uploads\/2025\/03\/captura-de-tela-2025-03-28-as-18.57.54.png?fit=1200%2C642&ssl=1&resize=700%2C400 2x, https:\/\/i0.wp.com\/blogdoprosperi.com\/wp-content\/uploads\/2025\/03\/captura-de-tela-2025-03-28-as-18.57.54.png?fit=1200%2C642&ssl=1&resize=1050%2C600 3x"},"classes":[]}],"jetpack_featured_media_url":"https:\/\/i0.wp.com\/blogdoprosperi.com\/wp-content\/uploads\/2022\/07\/52098037035_6a7bcfbddc_o.webp?fit=1000%2C563&ssl=1","_links":{"self":[{"href":"https:\/\/blogdoprosperi.com\/index.php?rest_route=\/wp\/v2\/posts\/38972","targetHints":{"allow":["GET"]}}],"collection":[{"href":"https:\/\/blogdoprosperi.com\/index.php?rest_route=\/wp\/v2\/posts"}],"about":[{"href":"https:\/\/blogdoprosperi.com\/index.php?rest_route=\/wp\/v2\/types\/post"}],"author":[{"embeddable":true,"href":"https:\/\/blogdoprosperi.com\/index.php?rest_route=\/wp\/v2\/users\/102107496"}],"replies":[{"embeddable":true,"href":"https:\/\/blogdoprosperi.com\/index.php?rest_route=%2Fwp%2Fv2%2Fcomments&post=38972"}],"version-history":[{"count":11,"href":"https:\/\/blogdoprosperi.com\/index.php?rest_route=\/wp\/v2\/posts\/38972\/revisions"}],"predecessor-version":[{"id":39003,"href":"https:\/\/blogdoprosperi.com\/index.php?rest_route=\/wp\/v2\/posts\/38972\/revisions\/39003"}],"wp:featuredmedia":[{"embeddable":true,"href":"https:\/\/blogdoprosperi.com\/index.php?rest_route=\/wp\/v2\/media\/38980"}],"wp:attachment":[{"href":"https:\/\/blogdoprosperi.com\/index.php?rest_route=%2Fwp%2Fv2%2Fmedia&parent=38972"}],"wp:term":[{"taxonomy":"category","embeddable":true,"href":"https:\/\/blogdoprosperi.com\/index.php?rest_route=%2Fwp%2Fv2%2Fcategories&post=38972"},{"taxonomy":"post_tag","embeddable":true,"href":"https:\/\/blogdoprosperi.com\/index.php?rest_route=%2Fwp%2Fv2%2Ftags&post=38972"}],"curies":[{"name":"wp","href":"https:\/\/api.w.org\/{rel}","templated":true}]}}