{"id":38986,"date":"2022-07-27T14:42:08","date_gmt":"2022-07-27T17:42:08","guid":{"rendered":"https:\/\/blogdoprosperi.com\/?p=38986"},"modified":"2022-08-01T13:00:43","modified_gmt":"2022-08-01T16:00:43","slug":"neymar-vai-ao-banco-dos-reus-em-barcelona-a-um-mes-da-copa-do-mundo-catar-2022","status":"publish","type":"post","link":"https:\/\/blogdoprosperi.com\/?p=38986","title":{"rendered":"Neymar vai ao banco dos r\u00e9us em Barcelona a um m\u00eas da Copa do Mundo Catar 2022"},"content":{"rendered":"<p>Neymar tem encontro marcado com a Justi\u00e7a da Espanha de 17 a 31 de outubro, a um m\u00eas da estreia do Brasil na Copa do Mundo Catar 2022. Craque ser\u00e1 julgado no caso de sua pol\u00eamica transfer\u00eancia do Santos ao Barcelona em 2013. A promotoria espanhola pede dois anos de pris\u00e3o para Neymar, segundo publica\u00e7\u00e3o do jornal <em>El Pa\u00eds<\/em>, dia 26 de julho.<\/p>\n<p>Neymar n\u00e3o se pronunciou a respeito do julgamento.<\/p>\n<p><em><strong>Confira mat\u00e9ria publicada no jornal El Pa\u00eds, da Espanha, dia 26 de julho\/2022:<\/strong><\/em><\/p>\n<p>A rela\u00e7\u00e3o entre&nbsp;Neymar&nbsp;e&nbsp;Bar\u00e7a&nbsp;deu origem a uma das maiores sagas jur\u00eddicas do mundo do&nbsp;futebol.&nbsp;O \u00faltimo epis\u00f3dio estreia em 17 de outubro no Tribunal de Barcelona, dia em que est\u00e1 marcado para come\u00e7ar o julgamento contra o atacante brasileiro e outras cinco pessoas por suposta corrup\u00e7\u00e3o em seu contrato com o clube do Bar\u00e7a.&nbsp;A promotoria pede dois anos de pris\u00e3o para Neymar, que enfrenta uma audi\u00eancia oral apenas um m\u00eas antes do in\u00edcio da&nbsp;Copa do Mundo no Catar.&nbsp;No banco do acusado, seus pais, dois ex-presidentes do Bar\u00e7a ( Sandro Rosell&nbsp;e&nbsp;Josep Maria Bartomeu&nbsp;) v\u00e3o acompanh\u00e1-lo por crimes de corrup\u00e7\u00e3o entre particulares e fraudes.) e ex-diretor do Santos, seu antigo clube.&nbsp;O FC Barcelona est\u00e1 listado como pessoa jur\u00eddica e o Minist\u00e9rio P\u00fablico exige o pagamento de 8,4 milh\u00f5es de euros.<\/p>\n<p>O julgamento \u00e9 consequ\u00eancia (tardia) de uma den\u00fancia apresentada h\u00e1 sete anos pela DIS, empresa brasileira especializada no mercado de futebol que se sente prejudicada e enganada pela contrata\u00e7\u00e3o de Neymar pelo Bar\u00e7a.&nbsp;A empresa detinha 40% dos direitos federativos do jogador quando ele era s\u00f3cio do Santos de S\u00e3o Paulo, de onde veio para o Barcelona.&nbsp;Ele os havia adquirido em 2009, quando o atacante tinha apenas 17 anos, por um pre\u00e7o equivalente a cerca de dois milh\u00f5es de euros.&nbsp;A DIS, que pertence ao Grupo Sonda &#8211; conglomerado de supermercados, postos de gasolina e imobili\u00e1rias que emprega mais de 10 mil pessoas no Brasil &#8211; considera que foi v\u00edtima de um engano tramado pelo jogador, seus parentes e o Bar\u00e7a e pede indeniza\u00e7\u00e3o superior a 150 milh\u00f5es de euros.<\/p>\n<p>A empresa e o Minist\u00e9rio P\u00fablico \u2013 que mant\u00e9m uma hist\u00f3ria muito semelhante sobre o ocorrido \u2013 consideram que em 2011 o jogador e seu pai, Neymar da Silva Santos, assinaram dois contratos simulados com o Bar\u00e7a, ignorando que os direitos do futebolista pertenciam ao Santos j\u00e1 DIS.&nbsp;Um desses contratos, de 40 milh\u00f5es, supostamente serviu para amarrar a assinatura antes de ser lan\u00e7ado no mercado e teria sido feito pelas costas dos afetados.&nbsp;&#8220;O Barcelona e o jogador quebraram as regras da Fifa e alteraram a livre concorr\u00eancia no mercado de transfer\u00eancias&#8221;, disse a empresa em 2016, quando, conclu\u00edda a investiga\u00e7\u00e3o judicial, as acusa\u00e7\u00f5es foram apresentadas.<\/p>\n<p>Embora o Minist\u00e9rio P\u00fablico pe\u00e7a dois anos de pris\u00e3o para Neymar e o pagamento de multa de dez milh\u00f5es, a empresa eleva o pedido para cinco anos e pede que ele seja inabilitado, por igual per\u00edodo, para jogar futebol.&nbsp;Ele tamb\u00e9m pede cinco anos para seus pais.&nbsp;A acusa\u00e7\u00e3o \u00e9 muito mais reservada neste ponto: pede dois anos de pris\u00e3o para o pai e um para a m\u00e3e.<\/p>\n<p><b>Novo golpe para o Bar\u00e7a<\/b><\/p>\n<p>A investiga\u00e7\u00e3o come\u00e7ou no Tribunal Superior Nacional, mas acabou caindo no Tribunal Superior de Barcelona ap\u00f3s uma jornada judicial tortuosa que prolongou a resolu\u00e7\u00e3o do conflito.&nbsp;O julgamento pelos crimes de corrup\u00e7\u00e3o entre particulares e fraudes \u00e9 realizado em sete sess\u00f5es at\u00e9 31 de outubro e representa um novo golpe para o Bar\u00e7a em rela\u00e7\u00e3o ao&nbsp;<a href=\"https:\/\/elpais.com\/noticias\/caso-neymar\/\"><i>caso Neymar<\/i><\/a>&nbsp;.&nbsp;Em 2016,&nbsp;o clube concordou em pagar 5,5 milh\u00f5es de euros por dois crimes fiscais na opera\u00e7\u00e3o que culminou na contrata\u00e7\u00e3o de Neymar, agora nas fileiras do Paris Saint-Germain.&nbsp;Foi uma senten\u00e7a de consentimento que fez do Bar\u00e7a o primeiro time de futebol condenado como pessoa jur\u00eddica.&nbsp;Esse pacto com o Minist\u00e9rio P\u00fablico permitiu que o ent\u00e3o presidente, Josep Maria Bartomeu, e seu antecessor, Sandro Rosell, que enfrentavam penas de pris\u00e3o, fossem exonerados da responsabilidade.<\/p>\n<p>O julgamento de outubro volta a colocar os dois ex-presidentes do Bar\u00e7a no pelourinho.&nbsp;Ap\u00f3s passar 21 meses em pris\u00e3o provis\u00f3ria pela suposta lavagem de comiss\u00f5es com amistosos da sele\u00e7\u00e3o brasileira,&nbsp;Rosell foi absolvido em 2019&nbsp;.&nbsp;N\u00e3o foi, no entanto, o fim de seus problemas legais.&nbsp;O ex-presidente enfrenta um pedido de dois anos e nove meses de pris\u00e3o por fraudar o Tesouro em mais de 230 mil euros em 2012 por meio de uma empresa de sua propriedade.&nbsp;E o caso Neymar est\u00e1 se aproximando dele agora: o Minist\u00e9rio P\u00fablico pede cinco anos de pris\u00e3o para ele, embora o DIS eleve o pedido para oito anos.<\/p>\n<p>No julgamento de outubro, apenas o DIS pede pris\u00e3o para Bartomeu (tamb\u00e9m oito anos) porque o Minist\u00e9rio P\u00fablico considera que n\u00e3o h\u00e1 provas de que, como vice-presidente em 2011, ele sabia que estava a ser feita uma negocia\u00e7\u00e3o para a assinatura \u00e0s escondidas do Santos.&nbsp;Mas, por outras raz\u00f5es, tamb\u00e9m Bartomeu n\u00e3o tem diante de si um pl\u00e1cido horizonte judicial.&nbsp;Ele foi preso \u2013 e continua sob investiga\u00e7\u00e3o \u2013 por ter usado dinheiro do clube para encomendar obras que envolviam difama\u00e7\u00e3o, nas redes sociais, de jogadores e advers\u00e1rios do ex-presidente.&nbsp;At\u00e9 2020, o Bar\u00e7a pagava 2,3 milh\u00f5es por esses empregos&nbsp;, boa parte deles destinados a melhorar a reputa\u00e7\u00e3o pessoal de Bartomeu.<\/p>\n","protected":false},"excerpt":{"rendered":"<p>Neymar tem encontro marcado com a Justi\u00e7a da Espanha de 17 a 31 de outubro, a um m\u00eas [&hellip;]<\/p>\n","protected":false},"author":102107496,"featured_media":38997,"comment_status":"open","ping_status":"open","sticky":false,"template":"","format":"standard","meta":{"_coblocks_attr":"","_coblocks_dimensions":"","_coblocks_responsive_height":"","_coblocks_accordion_ie_support":"","_jetpack_newsletter_access":"","_jetpack_dont_email_post_to_subs":false,"_jetpack_newsletter_tier_id":0,"_jetpack_memberships_contains_paywalled_content":false,"_wpcom_ai_launchpad_first_post":false,"_jetpack_feature_clip_id":0,"_jetpack_memberships_contains_paid_content":false,"footnotes":"","jetpack_publicize_message":"","jetpack_publicize_feature_enabled":true,"jetpack_social_post_already_shared":false,"jetpack_social_options":{"image_generator_settings":{"template":"highway","default_image_id":0,"font":"","enabled":false},"version":2},"jetpack_post_was_ever_published":false},"categories":[301049609,53870,174694],"tags":[35545865,789560560,753710129,4112146,2588859,789560562],"class_list":["post-38986","post","type-post","status-publish","format-standard","has-post-thumbnail","hentry","category-copa-do-mundo-catar-2022","category-futebol","category-selecao-brasileira","tag-copa-2022","tag-futebol","tag-justica-barcelona","tag-neymar","tag-santos-fc","tag-selecao-brasileira"],"yoast_head":"<!-- This site is optimized with the Yoast SEO plugin v28.3 - https:\/\/yoast.com\/product\/yoast-seo-wordpress\/ -->\n<title>Neymar vai ao banco dos r\u00e9us em Barcelona a um m\u00eas da Copa do Mundo Catar 2022 - PR\u00d3SPERI NEWS<\/title>\n<meta name=\"robots\" content=\"index, follow, max-snippet:-1, max-image-preview:large, max-video-preview:-1\" \/>\n<link rel=\"canonical\" href=\"https:\/\/blogdoprosperi.com\/?p=38986\" \/>\n<meta property=\"og:locale\" content=\"pt_BR\" \/>\n<meta property=\"og:type\" content=\"article\" \/>\n<meta property=\"og:title\" content=\"Neymar vai ao banco dos r\u00e9us em Barcelona a um m\u00eas da Copa do Mundo Catar 2022 - PR\u00d3SPERI NEWS\" \/>\n<meta property=\"og:description\" content=\"Neymar tem encontro marcado com a Justi\u00e7a da Espanha de 17 a 31 de outubro, a um m\u00eas [&hellip;]\" \/>\n<meta property=\"og:url\" content=\"https:\/\/blogdoprosperi.com\/?p=38986\" \/>\n<meta property=\"og:site_name\" content=\"PR\u00d3SPERI NEWS\" \/>\n<meta property=\"article:publisher\" content=\"Luiz Pr\u00f3speri\" \/>\n<meta property=\"article:author\" content=\"Luiz Pr\u00f3speri\" \/>\n<meta property=\"article:published_time\" content=\"2022-07-27T17:42:08+00:00\" \/>\n<meta property=\"article:modified_time\" content=\"2022-08-01T16:00:43+00:00\" \/>\n<meta property=\"og:image\" content=\"https:\/\/i0.wp.com\/blogdoprosperi.com\/wp-content\/uploads\/2022\/07\/52117581354_4f782d8b0d_c.jpg?fit=799%2C533&ssl=1\" \/>\n\t<meta property=\"og:image:width\" content=\"799\" \/>\n\t<meta property=\"og:image:height\" content=\"533\" \/>\n\t<meta property=\"og:image:type\" content=\"image\/jpeg\" \/>\n<meta name=\"author\" content=\"Luiz Ant\u00f4nio Pr\u00f3speri\" \/>\n<meta name=\"twitter:card\" content=\"summary_large_image\" \/>\n<meta name=\"twitter:creator\" content=\"@Luizprosperi\" \/>\n<meta name=\"twitter:site\" content=\"@Luizprosperi\" \/>\n<meta name=\"twitter:label1\" content=\"Escrito por\" \/>\n\t<meta name=\"twitter:data1\" content=\"Luiz Ant\u00f4nio Pr\u00f3speri\" \/>\n\t<meta name=\"twitter:label2\" content=\"Est. tempo de leitura\" \/>\n\t<meta name=\"twitter:data2\" content=\"5 minutos\" \/>\n<script type=\"application\/ld+json\" class=\"yoast-schema-graph\">{\"@context\":\"https:\\\/\\\/schema.org\",\"@graph\":[{\"@type\":\"Article\",\"@id\":\"https:\\\/\\\/blogdoprosperi.com\\\/?p=38986#article\",\"isPartOf\":{\"@id\":\"https:\\\/\\\/blogdoprosperi.com\\\/?p=38986\"},\"author\":{\"name\":\"Luiz Ant\u00f4nio Pr\u00f3speri\",\"@id\":\"https:\\\/\\\/blogdoprosperi.com\\\/#\\\/schema\\\/person\\\/38100755ce3601861ee4fab9b5aa78e9\"},\"headline\":\"Neymar vai ao banco dos r\u00e9us em Barcelona a um m\u00eas da Copa do Mundo Catar 2022\",\"datePublished\":\"2022-07-27T17:42:08+00:00\",\"dateModified\":\"2022-08-01T16:00:43+00:00\",\"mainEntityOfPage\":{\"@id\":\"https:\\\/\\\/blogdoprosperi.com\\\/?p=38986\"},\"wordCount\":1015,\"commentCount\":2,\"publisher\":{\"@id\":\"https:\\\/\\\/blogdoprosperi.com\\\/#\\\/schema\\\/person\\\/38100755ce3601861ee4fab9b5aa78e9\"},\"image\":{\"@id\":\"https:\\\/\\\/blogdoprosperi.com\\\/?p=38986#primaryimage\"},\"thumbnailUrl\":\"https:\\\/\\\/i0.wp.com\\\/blogdoprosperi.com\\\/wp-content\\\/uploads\\\/2022\\\/07\\\/52117581354_4f782d8b0d_c.jpg?fit=799%2C533&ssl=1\",\"keywords\":[\"copa 2022\",\"futebol\",\"justi\u00e7a barcelona\",\"Neymar\",\"Santos FC\",\"Sele\u00e7\u00e3o Brasileira\"],\"articleSection\":[\"copa do mundo catar 2022\",\"futebol\",\"Sele\u00e7\u00e3o Brasileira\"],\"inLanguage\":\"pt-BR\",\"potentialAction\":[{\"@type\":\"CommentAction\",\"name\":\"Comment\",\"target\":[\"https:\\\/\\\/blogdoprosperi.com\\\/?p=38986#respond\"]}]},{\"@type\":\"WebPage\",\"@id\":\"https:\\\/\\\/blogdoprosperi.com\\\/?p=38986\",\"url\":\"https:\\\/\\\/blogdoprosperi.com\\\/?p=38986\",\"name\":\"Neymar vai ao banco dos r\u00e9us em Barcelona a um m\u00eas da Copa do Mundo Catar 2022 - PR\u00d3SPERI NEWS\",\"isPartOf\":{\"@id\":\"https:\\\/\\\/blogdoprosperi.com\\\/#website\"},\"primaryImageOfPage\":{\"@id\":\"https:\\\/\\\/blogdoprosperi.com\\\/?p=38986#primaryimage\"},\"image\":{\"@id\":\"https:\\\/\\\/blogdoprosperi.com\\\/?p=38986#primaryimage\"},\"thumbnailUrl\":\"https:\\\/\\\/i0.wp.com\\\/blogdoprosperi.com\\\/wp-content\\\/uploads\\\/2022\\\/07\\\/52117581354_4f782d8b0d_c.jpg?fit=799%2C533&ssl=1\",\"datePublished\":\"2022-07-27T17:42:08+00:00\",\"dateModified\":\"2022-08-01T16:00:43+00:00\",\"breadcrumb\":{\"@id\":\"https:\\\/\\\/blogdoprosperi.com\\\/?p=38986#breadcrumb\"},\"inLanguage\":\"pt-BR\",\"potentialAction\":[{\"@type\":\"ReadAction\",\"target\":[\"https:\\\/\\\/blogdoprosperi.com\\\/?p=38986\"]}]},{\"@type\":\"ImageObject\",\"inLanguage\":\"pt-BR\",\"@id\":\"https:\\\/\\\/blogdoprosperi.com\\\/?p=38986#primaryimage\",\"url\":\"https:\\\/\\\/i0.wp.com\\\/blogdoprosperi.com\\\/wp-content\\\/uploads\\\/2022\\\/07\\\/52117581354_4f782d8b0d_c.jpg?fit=799%2C533&ssl=1\",\"contentUrl\":\"https:\\\/\\\/i0.wp.com\\\/blogdoprosperi.com\\\/wp-content\\\/uploads\\\/2022\\\/07\\\/52117581354_4f782d8b0d_c.jpg?fit=799%2C533&ssl=1\",\"width\":799,\"height\":533,\"caption\":\"foto CBF\"},{\"@type\":\"BreadcrumbList\",\"@id\":\"https:\\\/\\\/blogdoprosperi.com\\\/?p=38986#breadcrumb\",\"itemListElement\":[{\"@type\":\"ListItem\",\"position\":1,\"name\":\"In\u00edcio\",\"item\":\"https:\\\/\\\/blogdoprosperi.com\\\/\"},{\"@type\":\"ListItem\",\"position\":2,\"name\":\"Neymar vai ao banco dos r\u00e9us em Barcelona a um m\u00eas da Copa do Mundo Catar 2022\"}]},{\"@type\":\"WebSite\",\"@id\":\"https:\\\/\\\/blogdoprosperi.com\\\/#website\",\"url\":\"https:\\\/\\\/blogdoprosperi.com\\\/\",\"name\":\"PR\u00d3SPERI NEWS\",\"description\":\"TUDO \u00c9  FUTEBOL\",\"publisher\":{\"@id\":\"https:\\\/\\\/blogdoprosperi.com\\\/#\\\/schema\\\/person\\\/38100755ce3601861ee4fab9b5aa78e9\"},\"alternateName\":\"blogdoprosperi.com\",\"potentialAction\":[{\"@type\":\"SearchAction\",\"target\":{\"@type\":\"EntryPoint\",\"urlTemplate\":\"https:\\\/\\\/blogdoprosperi.com\\\/?s={search_term_string}\"},\"query-input\":{\"@type\":\"PropertyValueSpecification\",\"valueRequired\":true,\"valueName\":\"search_term_string\"}}],\"inLanguage\":\"pt-BR\"},{\"@type\":[\"Person\",\"Organization\"],\"@id\":\"https:\\\/\\\/blogdoprosperi.com\\\/#\\\/schema\\\/person\\\/38100755ce3601861ee4fab9b5aa78e9\",\"name\":\"Luiz Ant\u00f4nio Pr\u00f3speri\",\"pronouns\":\"ele\",\"image\":{\"@type\":\"ImageObject\",\"inLanguage\":\"pt-BR\",\"@id\":\"https:\\\/\\\/i0.wp.com\\\/blogdoprosperi.com\\\/wp-content\\\/uploads\\\/2026\\\/05\\\/cropped-8059e613-6002-42fa-961e-8e275f575d71-2-5.jpg?fit=1360%2C931&ssl=1\",\"url\":\"https:\\\/\\\/i0.wp.com\\\/blogdoprosperi.com\\\/wp-content\\\/uploads\\\/2026\\\/05\\\/cropped-8059e613-6002-42fa-961e-8e275f575d71-2-5.jpg?fit=1360%2C931&ssl=1\",\"contentUrl\":\"https:\\\/\\\/i0.wp.com\\\/blogdoprosperi.com\\\/wp-content\\\/uploads\\\/2026\\\/05\\\/cropped-8059e613-6002-42fa-961e-8e275f575d71-2-5.jpg?fit=1360%2C931&ssl=1\",\"width\":1360,\"height\":931,\"caption\":\"Luiz Ant\u00f4nio Pr\u00f3speri\"},\"logo\":{\"@id\":\"https:\\\/\\\/i0.wp.com\\\/blogdoprosperi.com\\\/wp-content\\\/uploads\\\/2026\\\/05\\\/cropped-8059e613-6002-42fa-961e-8e275f575d71-2-5.jpg?fit=1360%2C931&ssl=1\"},\"description\":\"Jornalista com carreira dedicada ao esporte. Cobriu 9 Copas do Mundo in loco, 1990 na It\u00e1lia, 1994 nos EUA, 1998 na Fran\u00e7a, 2002 na Coreia do Sul e Jap\u00e3o, 2006 na Alemanha, 2010 na \u00c1frica do Sul, 2014 no Brasil, 2018 na R\u00fassia e 2022 no Qatar. Eurocopas, 1992 na Su\u00e9cia e 1996 na Inglaterra. Copa das Confedera\u00e7\u00f5es de 2005 na Alemanha e 2009 na \u00c1frica do Sul. Rep\u00f3rter e Editor, trabalhou no Jornal da Tarde e Estad\u00e3o, de 1984 a fevereiro de 2016. Colunista, blogueiro. E comentarista de futebol na R\u00e1dio Estad\u00e3o, de 2013 a fevereiro de 2016. Jornalista respons\u00e1vel do \\\"Pr\u00f3speri News\\\" (blogdoprosperi.com).\",\"sameAs\":[\"http:\\\/\\\/blogdoprosperi.com\",\"Luiz Pr\u00f3speri\",\"@luiz_prosperi\",\"https:\\\/\\\/x.com\\\/Luizprosperi\",\"@prosperinacopa\",\"luiz.prosperi@icloud.com\"],\"url\":\"https:\\\/\\\/blogdoprosperi.com\\\/?author=102107496\"}]}<\/script>\n<!-- \/ Yoast SEO plugin. -->","yoast_head_json":{"title":"Neymar vai ao banco dos r\u00e9us em Barcelona a um m\u00eas da Copa do Mundo Catar 2022 - PR\u00d3SPERI NEWS","robots":{"index":"index","follow":"follow","max-snippet":"max-snippet:-1","max-image-preview":"max-image-preview:large","max-video-preview":"max-video-preview:-1"},"canonical":"https:\/\/blogdoprosperi.com\/?p=38986","og_locale":"pt_BR","og_type":"article","og_title":"Neymar vai ao banco dos r\u00e9us em Barcelona a um m\u00eas da Copa do Mundo Catar 2022 - PR\u00d3SPERI NEWS","og_description":"Neymar tem encontro marcado com a Justi\u00e7a da Espanha de 17 a 31 de outubro, a um m\u00eas [&hellip;]","og_url":"https:\/\/blogdoprosperi.com\/?p=38986","og_site_name":"PR\u00d3SPERI NEWS","article_publisher":"Luiz Pr\u00f3speri","article_author":"Luiz Pr\u00f3speri","article_published_time":"2022-07-27T17:42:08+00:00","article_modified_time":"2022-08-01T16:00:43+00:00","og_image":[{"width":799,"height":533,"url":"https:\/\/i0.wp.com\/blogdoprosperi.com\/wp-content\/uploads\/2022\/07\/52117581354_4f782d8b0d_c.jpg?fit=799%2C533&ssl=1","type":"image\/jpeg"}],"author":"Luiz Ant\u00f4nio Pr\u00f3speri","twitter_card":"summary_large_image","twitter_creator":"@Luizprosperi","twitter_site":"@Luizprosperi","twitter_misc":{"Escrito por":"Luiz Ant\u00f4nio Pr\u00f3speri","Est. tempo de leitura":"5 minutos"},"schema":{"@context":"https:\/\/schema.org","@graph":[{"@type":"Article","@id":"https:\/\/blogdoprosperi.com\/?p=38986#article","isPartOf":{"@id":"https:\/\/blogdoprosperi.com\/?p=38986"},"author":{"name":"Luiz Ant\u00f4nio Pr\u00f3speri","@id":"https:\/\/blogdoprosperi.com\/#\/schema\/person\/38100755ce3601861ee4fab9b5aa78e9"},"headline":"Neymar vai ao banco dos r\u00e9us em Barcelona a um m\u00eas da Copa do Mundo Catar 2022","datePublished":"2022-07-27T17:42:08+00:00","dateModified":"2022-08-01T16:00:43+00:00","mainEntityOfPage":{"@id":"https:\/\/blogdoprosperi.com\/?p=38986"},"wordCount":1015,"commentCount":2,"publisher":{"@id":"https:\/\/blogdoprosperi.com\/#\/schema\/person\/38100755ce3601861ee4fab9b5aa78e9"},"image":{"@id":"https:\/\/blogdoprosperi.com\/?p=38986#primaryimage"},"thumbnailUrl":"https:\/\/i0.wp.com\/blogdoprosperi.com\/wp-content\/uploads\/2022\/07\/52117581354_4f782d8b0d_c.jpg?fit=799%2C533&ssl=1","keywords":["copa 2022","futebol","justi\u00e7a barcelona","Neymar","Santos FC","Sele\u00e7\u00e3o Brasileira"],"articleSection":["copa do mundo catar 2022","futebol","Sele\u00e7\u00e3o Brasileira"],"inLanguage":"pt-BR","potentialAction":[{"@type":"CommentAction","name":"Comment","target":["https:\/\/blogdoprosperi.com\/?p=38986#respond"]}]},{"@type":"WebPage","@id":"https:\/\/blogdoprosperi.com\/?p=38986","url":"https:\/\/blogdoprosperi.com\/?p=38986","name":"Neymar vai ao banco dos r\u00e9us em Barcelona a um m\u00eas da Copa do Mundo Catar 2022 - PR\u00d3SPERI NEWS","isPartOf":{"@id":"https:\/\/blogdoprosperi.com\/#website"},"primaryImageOfPage":{"@id":"https:\/\/blogdoprosperi.com\/?p=38986#primaryimage"},"image":{"@id":"https:\/\/blogdoprosperi.com\/?p=38986#primaryimage"},"thumbnailUrl":"https:\/\/i0.wp.com\/blogdoprosperi.com\/wp-content\/uploads\/2022\/07\/52117581354_4f782d8b0d_c.jpg?fit=799%2C533&ssl=1","datePublished":"2022-07-27T17:42:08+00:00","dateModified":"2022-08-01T16:00:43+00:00","breadcrumb":{"@id":"https:\/\/blogdoprosperi.com\/?p=38986#breadcrumb"},"inLanguage":"pt-BR","potentialAction":[{"@type":"ReadAction","target":["https:\/\/blogdoprosperi.com\/?p=38986"]}]},{"@type":"ImageObject","inLanguage":"pt-BR","@id":"https:\/\/blogdoprosperi.com\/?p=38986#primaryimage","url":"https:\/\/i0.wp.com\/blogdoprosperi.com\/wp-content\/uploads\/2022\/07\/52117581354_4f782d8b0d_c.jpg?fit=799%2C533&ssl=1","contentUrl":"https:\/\/i0.wp.com\/blogdoprosperi.com\/wp-content\/uploads\/2022\/07\/52117581354_4f782d8b0d_c.jpg?fit=799%2C533&ssl=1","width":799,"height":533,"caption":"foto CBF"},{"@type":"BreadcrumbList","@id":"https:\/\/blogdoprosperi.com\/?p=38986#breadcrumb","itemListElement":[{"@type":"ListItem","position":1,"name":"In\u00edcio","item":"https:\/\/blogdoprosperi.com\/"},{"@type":"ListItem","position":2,"name":"Neymar vai ao banco dos r\u00e9us em Barcelona a um m\u00eas da Copa do Mundo Catar 2022"}]},{"@type":"WebSite","@id":"https:\/\/blogdoprosperi.com\/#website","url":"https:\/\/blogdoprosperi.com\/","name":"PR\u00d3SPERI NEWS","description":"TUDO \u00c9  FUTEBOL","publisher":{"@id":"https:\/\/blogdoprosperi.com\/#\/schema\/person\/38100755ce3601861ee4fab9b5aa78e9"},"alternateName":"blogdoprosperi.com","potentialAction":[{"@type":"SearchAction","target":{"@type":"EntryPoint","urlTemplate":"https:\/\/blogdoprosperi.com\/?s={search_term_string}"},"query-input":{"@type":"PropertyValueSpecification","valueRequired":true,"valueName":"search_term_string"}}],"inLanguage":"pt-BR"},{"@type":["Person","Organization"],"@id":"https:\/\/blogdoprosperi.com\/#\/schema\/person\/38100755ce3601861ee4fab9b5aa78e9","name":"Luiz Ant\u00f4nio Pr\u00f3speri","pronouns":"ele","image":{"@type":"ImageObject","inLanguage":"pt-BR","@id":"https:\/\/i0.wp.com\/blogdoprosperi.com\/wp-content\/uploads\/2026\/05\/cropped-8059e613-6002-42fa-961e-8e275f575d71-2-5.jpg?fit=1360%2C931&ssl=1","url":"https:\/\/i0.wp.com\/blogdoprosperi.com\/wp-content\/uploads\/2026\/05\/cropped-8059e613-6002-42fa-961e-8e275f575d71-2-5.jpg?fit=1360%2C931&ssl=1","contentUrl":"https:\/\/i0.wp.com\/blogdoprosperi.com\/wp-content\/uploads\/2026\/05\/cropped-8059e613-6002-42fa-961e-8e275f575d71-2-5.jpg?fit=1360%2C931&ssl=1","width":1360,"height":931,"caption":"Luiz Ant\u00f4nio Pr\u00f3speri"},"logo":{"@id":"https:\/\/i0.wp.com\/blogdoprosperi.com\/wp-content\/uploads\/2026\/05\/cropped-8059e613-6002-42fa-961e-8e275f575d71-2-5.jpg?fit=1360%2C931&ssl=1"},"description":"Jornalista com carreira dedicada ao esporte. Cobriu 9 Copas do Mundo in loco, 1990 na It\u00e1lia, 1994 nos EUA, 1998 na Fran\u00e7a, 2002 na Coreia do Sul e Jap\u00e3o, 2006 na Alemanha, 2010 na \u00c1frica do Sul, 2014 no Brasil, 2018 na R\u00fassia e 2022 no Qatar. Eurocopas, 1992 na Su\u00e9cia e 1996 na Inglaterra. Copa das Confedera\u00e7\u00f5es de 2005 na Alemanha e 2009 na \u00c1frica do Sul. Rep\u00f3rter e Editor, trabalhou no Jornal da Tarde e Estad\u00e3o, de 1984 a fevereiro de 2016. Colunista, blogueiro. E comentarista de futebol na R\u00e1dio Estad\u00e3o, de 2013 a fevereiro de 2016. Jornalista respons\u00e1vel do \"Pr\u00f3speri News\" (blogdoprosperi.com).","sameAs":["http:\/\/blogdoprosperi.com","Luiz Pr\u00f3speri","@luiz_prosperi","https:\/\/x.com\/Luizprosperi","@prosperinacopa","luiz.prosperi@icloud.com"],"url":"https:\/\/blogdoprosperi.com\/?author=102107496"}]}},"jetpack_publicize_connections":[],"jetpack_likes_enabled":false,"jetpack_sharing_enabled":true,"jetpack_shortlink":"https:\/\/wp.me\/p7jvdk-a8O","jetpack-related-posts":[{"id":38941,"url":"https:\/\/blogdoprosperi.com\/?p=38941","url_meta":{"origin":38986,"position":0},"title":"Endrick do Palmeiras e a travessia da Copa Catar 2022","author":"Luiz Ant\u00f4nio Pr\u00f3speri","date":"13 de julho de 2022","format":false,"excerpt":"Sele\u00e7\u00e3o Brasileira tem pressa. O futebol brasileiro \u00e9 apressado por natureza. Chega a Copa do Mundo e come\u00e7a a busca nos confins por um novo fen\u00f4meno \u2013 \u00e9 da cultura do pa\u00eds metido a ter os mais talentosos jogadores da Terra. Por isso, anotem a\u00ed, Endrick, do Palmeiras, ser\u00e1 o\u2026","rel":"","context":"Em &quot;futebol&quot;","block_context":{"text":"futebol","link":"https:\/\/blogdoprosperi.com\/?cat=53870"},"img":{"alt_text":"","src":"https:\/\/i0.wp.com\/blogdoprosperi.com\/wp-content\/uploads\/2022\/07\/endrick-20042022110424799.jpg?fit=771%2C420&ssl=1&resize=350%2C200","width":350,"height":200,"srcset":"https:\/\/i0.wp.com\/blogdoprosperi.com\/wp-content\/uploads\/2022\/07\/endrick-20042022110424799.jpg?fit=771%2C420&ssl=1&resize=350%2C200 1x, https:\/\/i0.wp.com\/blogdoprosperi.com\/wp-content\/uploads\/2022\/07\/endrick-20042022110424799.jpg?fit=771%2C420&ssl=1&resize=525%2C300 1.5x, https:\/\/i0.wp.com\/blogdoprosperi.com\/wp-content\/uploads\/2022\/07\/endrick-20042022110424799.jpg?fit=771%2C420&ssl=1&resize=700%2C400 2x"},"classes":[]},{"id":56656,"url":"https:\/\/blogdoprosperi.com\/?p=56656","url_meta":{"origin":38986,"position":1},"title":"Sele\u00e7\u00e3o Brasileira | Ancelotti N\u00e3o Convoca Mas N\u00e3o Descarta Neymar na Copa","author":"Luiz Ant\u00f4nio Pr\u00f3speri","date":"16 de mar\u00e7o de 2026","format":false,"excerpt":"Neymar continua fora da Sele\u00e7\u00e3o e diminui a chance de jogar a Copa do Mundo 2026. Afastado da Sele\u00e7\u00e3o Brasileira desde outubro de 2023, quando rompe os ligamentos cruzados do joelho esquerdo no jogo contra o. Uruguai, o craque santista n\u00e3o aparece na lista Carlo Ancelotti para os amistosos contra\u2026","rel":"","context":"Em &quot;copa 2026&quot;","block_context":{"text":"copa 2026","link":"https:\/\/blogdoprosperi.com\/?cat=36820279"},"img":{"alt_text":"neymar sim, neymar n\u00e3o","src":"https:\/\/i0.wp.com\/blogdoprosperi.com\/wp-content\/uploads\/2022\/11\/52534316743_e5ca84d055_c-1.jpg?fit=799%2C533&ssl=1&resize=350%2C200","width":350,"height":200,"srcset":"https:\/\/i0.wp.com\/blogdoprosperi.com\/wp-content\/uploads\/2022\/11\/52534316743_e5ca84d055_c-1.jpg?fit=799%2C533&ssl=1&resize=350%2C200 1x, https:\/\/i0.wp.com\/blogdoprosperi.com\/wp-content\/uploads\/2022\/11\/52534316743_e5ca84d055_c-1.jpg?fit=799%2C533&ssl=1&resize=525%2C300 1.5x, https:\/\/i0.wp.com\/blogdoprosperi.com\/wp-content\/uploads\/2022\/11\/52534316743_e5ca84d055_c-1.jpg?fit=799%2C533&ssl=1&resize=700%2C400 2x"},"classes":[]},{"id":41693,"url":"https:\/\/blogdoprosperi.com\/?p=41693","url_meta":{"origin":38986,"position":2},"title":"Viol\u00eancia contra mulheres cresce no Brasil e futebol n\u00e3o reage","author":"Luiz Ant\u00f4nio Pr\u00f3speri","date":"28 de abril de 2023","format":false,"excerpt":"Casos de Cuca, Daniel Alves, Robinho, goleiro Bruno e at\u00e9 Neymar traduzem essa dura realidade da viol\u00eancia contra mulheres","rel":"","context":"Em &quot;futebol&quot;","block_context":{"text":"futebol","link":"https:\/\/blogdoprosperi.com\/?cat=53870"},"img":{"alt_text":"","src":"https:\/\/i0.wp.com\/blogdoprosperi.com\/wp-content\/uploads\/2023\/04\/reproducao_instagram_mtpccorinthians.webp?fit=1080%2C961&ssl=1&resize=350%2C200","width":350,"height":200,"srcset":"https:\/\/i0.wp.com\/blogdoprosperi.com\/wp-content\/uploads\/2023\/04\/reproducao_instagram_mtpccorinthians.webp?fit=1080%2C961&ssl=1&resize=350%2C200 1x, https:\/\/i0.wp.com\/blogdoprosperi.com\/wp-content\/uploads\/2023\/04\/reproducao_instagram_mtpccorinthians.webp?fit=1080%2C961&ssl=1&resize=525%2C300 1.5x, https:\/\/i0.wp.com\/blogdoprosperi.com\/wp-content\/uploads\/2023\/04\/reproducao_instagram_mtpccorinthians.webp?fit=1080%2C961&ssl=1&resize=700%2C400 2x, https:\/\/i0.wp.com\/blogdoprosperi.com\/wp-content\/uploads\/2023\/04\/reproducao_instagram_mtpccorinthians.webp?fit=1080%2C961&ssl=1&resize=1050%2C600 3x"},"classes":[]},{"id":39193,"url":"https:\/\/blogdoprosperi.com\/?p=39193","url_meta":{"origin":38986,"position":3},"title":"Neymar x Mbapp\u00e9, e onde fica Messi nessa hist\u00f3ria?","author":"Luiz Ant\u00f4nio Pr\u00f3speri","date":"16 de agosto de 2022","format":false,"excerpt":"Mbapp\u00e9 n\u00e3o admite ser coadjuvante de Neymar e Messi. Sua ambi\u00e7\u00e3o de protagonista no PSG passa pelo bi da Fran\u00e7a da Copa do Catar 2022","rel":"","context":"Em &quot;catar 2022&quot;","block_context":{"text":"catar 2022","link":"https:\/\/blogdoprosperi.com\/?cat=47094043"},"img":{"alt_text":"","src":"https:\/\/i0.wp.com\/blogdoprosperi.com\/wp-content\/uploads\/2022\/08\/messi-neymar-e-mbappe-no-psg-729x356-1.jpg?fit=729%2C356&ssl=1&resize=350%2C200","width":350,"height":200,"srcset":"https:\/\/i0.wp.com\/blogdoprosperi.com\/wp-content\/uploads\/2022\/08\/messi-neymar-e-mbappe-no-psg-729x356-1.jpg?fit=729%2C356&ssl=1&resize=350%2C200 1x, https:\/\/i0.wp.com\/blogdoprosperi.com\/wp-content\/uploads\/2022\/08\/messi-neymar-e-mbappe-no-psg-729x356-1.jpg?fit=729%2C356&ssl=1&resize=525%2C300 1.5x, https:\/\/i0.wp.com\/blogdoprosperi.com\/wp-content\/uploads\/2022\/08\/messi-neymar-e-mbappe-no-psg-729x356-1.jpg?fit=729%2C356&ssl=1&resize=700%2C400 2x"},"classes":[]},{"id":47364,"url":"https:\/\/blogdoprosperi.com\/?p=47364","url_meta":{"origin":38986,"position":4},"title":"O que fazer com Neymar? Messi Pode Responder","author":"Luiz Ant\u00f4nio Pr\u00f3speri","date":"8 de janeiro de 2025","format":false,"excerpt":"Luiz Ant\u00f4nio Pr\u00f3speri \u2013 8 janeiro (19h25) \u2013 Neymar tem apenas sete partidas disputadas no Al-Hilal da Ar\u00e1bia Saudita, desde agosto de 2023 quando desembarcou no \"deserto\" vendido por 90 milh\u00f5es de euros. Trocava PSG da Fran\u00e7a por um sal\u00e1rio de 100 milh\u00f5es de euros\/ano e a esperan\u00e7a de seguir\u2026","rel":"","context":"Em &quot;futebol&quot;","block_context":{"text":"futebol","link":"https:\/\/blogdoprosperi.com\/?cat=53870"},"img":{"alt_text":"Neymar, Messi e Su\u00e1rez no Inter Miami","src":"https:\/\/i0.wp.com\/blogdoprosperi.com\/wp-content\/uploads\/2025\/01\/msn.jpg?fit=750%2C485&ssl=1&resize=350%2C200","width":350,"height":200,"srcset":"https:\/\/i0.wp.com\/blogdoprosperi.com\/wp-content\/uploads\/2025\/01\/msn.jpg?fit=750%2C485&ssl=1&resize=350%2C200 1x, https:\/\/i0.wp.com\/blogdoprosperi.com\/wp-content\/uploads\/2025\/01\/msn.jpg?fit=750%2C485&ssl=1&resize=525%2C300 1.5x, https:\/\/i0.wp.com\/blogdoprosperi.com\/wp-content\/uploads\/2025\/01\/msn.jpg?fit=750%2C485&ssl=1&resize=700%2C400 2x"},"classes":[]},{"id":38636,"url":"https:\/\/blogdoprosperi.com\/?p=38636","url_meta":{"origin":38986,"position":5},"title":"Neymar reaparece na hora mais in\u00fatil","author":"Luiz Ant\u00f4nio Pr\u00f3speri","date":"15 de junho de 2021","format":false,"excerpt":"Neymar aumenta sua cole\u00e7\u00e3o de gols e se amea\u00e7a Pel\u00e9. Reaparece na hora mais in\u00fatil.","rel":"","context":"Em &quot;copa do mundo catar 2022&quot;","block_context":{"text":"copa do mundo catar 2022","link":"https:\/\/blogdoprosperi.com\/?cat=301049609"},"img":{"alt_text":"Neymar nas pegadas de Pel\u00e9","src":"https:\/\/i0.wp.com\/blogdoprosperi.com\/wp-content\/uploads\/2021\/06\/51245390873_a8c7734b13_c.jpg?fit=799%2C533&ssl=1&resize=350%2C200","width":350,"height":200,"srcset":"https:\/\/i0.wp.com\/blogdoprosperi.com\/wp-content\/uploads\/2021\/06\/51245390873_a8c7734b13_c.jpg?fit=799%2C533&ssl=1&resize=350%2C200 1x, https:\/\/i0.wp.com\/blogdoprosperi.com\/wp-content\/uploads\/2021\/06\/51245390873_a8c7734b13_c.jpg?fit=799%2C533&ssl=1&resize=525%2C300 1.5x, https:\/\/i0.wp.com\/blogdoprosperi.com\/wp-content\/uploads\/2021\/06\/51245390873_a8c7734b13_c.jpg?fit=799%2C533&ssl=1&resize=700%2C400 2x"},"classes":[]}],"jetpack_featured_media_url":"https:\/\/i0.wp.com\/blogdoprosperi.com\/wp-content\/uploads\/2022\/07\/52117581354_4f782d8b0d_c.jpg?fit=799%2C533&ssl=1","_links":{"self":[{"href":"https:\/\/blogdoprosperi.com\/index.php?rest_route=\/wp\/v2\/posts\/38986","targetHints":{"allow":["GET"]}}],"collection":[{"href":"https:\/\/blogdoprosperi.com\/index.php?rest_route=\/wp\/v2\/posts"}],"about":[{"href":"https:\/\/blogdoprosperi.com\/index.php?rest_route=\/wp\/v2\/types\/post"}],"author":[{"embeddable":true,"href":"https:\/\/blogdoprosperi.com\/index.php?rest_route=\/wp\/v2\/users\/102107496"}],"replies":[{"embeddable":true,"href":"https:\/\/blogdoprosperi.com\/index.php?rest_route=%2Fwp%2Fv2%2Fcomments&post=38986"}],"version-history":[{"count":11,"href":"https:\/\/blogdoprosperi.com\/index.php?rest_route=\/wp\/v2\/posts\/38986\/revisions"}],"predecessor-version":[{"id":39000,"href":"https:\/\/blogdoprosperi.com\/index.php?rest_route=\/wp\/v2\/posts\/38986\/revisions\/39000"}],"wp:featuredmedia":[{"embeddable":true,"href":"https:\/\/blogdoprosperi.com\/index.php?rest_route=\/wp\/v2\/media\/38997"}],"wp:attachment":[{"href":"https:\/\/blogdoprosperi.com\/index.php?rest_route=%2Fwp%2Fv2%2Fmedia&parent=38986"}],"wp:term":[{"taxonomy":"category","embeddable":true,"href":"https:\/\/blogdoprosperi.com\/index.php?rest_route=%2Fwp%2Fv2%2Fcategories&post=38986"},{"taxonomy":"post_tag","embeddable":true,"href":"https:\/\/blogdoprosperi.com\/index.php?rest_route=%2Fwp%2Fv2%2Ftags&post=38986"}],"curies":[{"name":"wp","href":"https:\/\/api.w.org\/{rel}","templated":true}]}}