{"id":39060,"date":"2022-08-05T22:03:55","date_gmt":"2022-08-06T01:03:55","guid":{"rendered":"https:\/\/blogdoprosperi.com\/?p=39060"},"modified":"2022-08-05T22:03:55","modified_gmt":"2022-08-06T01:03:55","slug":"39060","status":"publish","type":"post","link":"https:\/\/blogdoprosperi.com\/?p=39060","title":{"rendered":""},"content":{"rendered":"<p>&#8220;Se tenho que ir para a Copa, vou porque s\u00e3o muitos anos dedicados a tudo isso e respeitando a hist\u00f3ria&#8230; Estamos a 3 meses ou menos da Copa do Mundo. E n\u00e3o podemos esquecer que eu tenho 16 anos de hist\u00f3ria dentro da Sele\u00e7\u00e3o Brasileira\u201d \u2013 Daniel Alves, entrevista ESPN<\/p>\n","protected":false},"excerpt":{"rendered":"<p>&#8220;Se tenho que ir para a Copa, vou porque s\u00e3o muitos anos dedicados a tudo isso e respeitando [&hellip;]<\/p>\n","protected":false},"author":102107496,"featured_media":39063,"comment_status":"open","ping_status":"open","sticky":false,"template":"","format":"quote","meta":{"_coblocks_attr":"","_coblocks_dimensions":"","_coblocks_responsive_height":"","_coblocks_accordion_ie_support":"","_jetpack_newsletter_access":"","_jetpack_dont_email_post_to_subs":false,"_jetpack_newsletter_tier_id":0,"_jetpack_memberships_contains_paywalled_content":false,"_wpcom_ai_launchpad_first_post":false,"_jetpack_feature_clip_id":0,"_jetpack_memberships_contains_paid_content":false,"footnotes":"","jetpack_publicize_message":"","jetpack_publicize_feature_enabled":true,"jetpack_social_post_already_shared":false,"jetpack_social_options":{"image_generator_settings":{"template":"highway","default_image_id":0,"font":"","enabled":false},"version":2},"jetpack_post_was_ever_published":false},"categories":[53870],"tags":[789560560],"class_list":["post-39060","post","type-post","status-publish","format-quote","has-post-thumbnail","hentry","category-futebol","tag-futebol","post_format-post-format-quote"],"yoast_head":"<!-- This site is optimized with the Yoast SEO plugin v28.3 - https:\/\/yoast.com\/product\/yoast-seo-wordpress\/ -->\n<title>- PR\u00d3SPERI NEWS<\/title>\n<meta name=\"robots\" content=\"index, follow, max-snippet:-1, max-image-preview:large, max-video-preview:-1\" \/>\n<link rel=\"canonical\" href=\"https:\/\/blogdoprosperi.com\/?p=39060\" \/>\n<meta property=\"og:locale\" content=\"pt_BR\" \/>\n<meta property=\"og:type\" content=\"article\" \/>\n<meta property=\"og:title\" content=\"- PR\u00d3SPERI NEWS\" \/>\n<meta property=\"og:description\" content=\"&#8220;Se tenho que ir para a Copa, vou porque s\u00e3o muitos anos dedicados a tudo isso e respeitando [&hellip;]\" \/>\n<meta property=\"og:url\" content=\"https:\/\/blogdoprosperi.com\/?p=39060\" \/>\n<meta property=\"og:site_name\" content=\"PR\u00d3SPERI NEWS\" \/>\n<meta property=\"article:publisher\" content=\"Luiz Pr\u00f3speri\" \/>\n<meta property=\"article:author\" content=\"Luiz Pr\u00f3speri\" \/>\n<meta property=\"article:published_time\" content=\"2022-08-06T01:03:55+00:00\" \/>\n<meta property=\"og:image\" content=\"https:\/\/i0.wp.com\/blogdoprosperi.com\/wp-content\/uploads\/2022\/08\/entrenamiento_jul_26_3__9106.e16acb66.c18cdecc.jpg?fit=1024%2C682&ssl=1\" \/>\n\t<meta property=\"og:image:width\" content=\"1024\" \/>\n\t<meta property=\"og:image:height\" content=\"682\" \/>\n\t<meta property=\"og:image:type\" content=\"image\/jpeg\" \/>\n<meta name=\"author\" content=\"Luiz Ant\u00f4nio Pr\u00f3speri\" \/>\n<meta name=\"twitter:card\" content=\"summary_large_image\" \/>\n<meta name=\"twitter:creator\" content=\"@Luizprosperi\" \/>\n<meta name=\"twitter:site\" content=\"@Luizprosperi\" \/>\n<meta name=\"twitter:label1\" content=\"Escrito por\" \/>\n\t<meta name=\"twitter:data1\" content=\"Luiz Ant\u00f4nio Pr\u00f3speri\" \/>\n<script type=\"application\/ld+json\" class=\"yoast-schema-graph\">{\"@context\":\"https:\\\/\\\/schema.org\",\"@graph\":[{\"@type\":\"Article\",\"@id\":\"https:\\\/\\\/blogdoprosperi.com\\\/?p=39060#article\",\"isPartOf\":{\"@id\":\"https:\\\/\\\/blogdoprosperi.com\\\/?p=39060\"},\"author\":{\"name\":\"Luiz Ant\u00f4nio Pr\u00f3speri\",\"@id\":\"https:\\\/\\\/blogdoprosperi.com\\\/#\\\/schema\\\/person\\\/38100755ce3601861ee4fab9b5aa78e9\"},\"headline\":\"Sem t\u00edtulo\",\"datePublished\":\"2022-08-06T01:03:55+00:00\",\"mainEntityOfPage\":{\"@id\":\"https:\\\/\\\/blogdoprosperi.com\\\/?p=39060\"},\"wordCount\":52,\"commentCount\":0,\"publisher\":{\"@id\":\"https:\\\/\\\/blogdoprosperi.com\\\/#\\\/schema\\\/person\\\/38100755ce3601861ee4fab9b5aa78e9\"},\"image\":{\"@id\":\"https:\\\/\\\/blogdoprosperi.com\\\/?p=39060#primaryimage\"},\"thumbnailUrl\":\"https:\\\/\\\/i0.wp.com\\\/blogdoprosperi.com\\\/wp-content\\\/uploads\\\/2022\\\/08\\\/entrenamiento_jul_26_3__9106.e16acb66.c18cdecc.jpg?fit=1024%2C682&ssl=1\",\"keywords\":[\"futebol\"],\"articleSection\":[\"futebol\"],\"inLanguage\":\"pt-BR\",\"potentialAction\":[{\"@type\":\"CommentAction\",\"name\":\"Comment\",\"target\":[\"https:\\\/\\\/blogdoprosperi.com\\\/?p=39060#respond\"]}]},{\"@type\":\"WebPage\",\"@id\":\"https:\\\/\\\/blogdoprosperi.com\\\/?p=39060\",\"url\":\"https:\\\/\\\/blogdoprosperi.com\\\/?p=39060\",\"name\":\"- PR\u00d3SPERI NEWS\",\"isPartOf\":{\"@id\":\"https:\\\/\\\/blogdoprosperi.com\\\/#website\"},\"primaryImageOfPage\":{\"@id\":\"https:\\\/\\\/blogdoprosperi.com\\\/?p=39060#primaryimage\"},\"image\":{\"@id\":\"https:\\\/\\\/blogdoprosperi.com\\\/?p=39060#primaryimage\"},\"thumbnailUrl\":\"https:\\\/\\\/i0.wp.com\\\/blogdoprosperi.com\\\/wp-content\\\/uploads\\\/2022\\\/08\\\/entrenamiento_jul_26_3__9106.e16acb66.c18cdecc.jpg?fit=1024%2C682&ssl=1\",\"datePublished\":\"2022-08-06T01:03:55+00:00\",\"inLanguage\":\"pt-BR\",\"potentialAction\":[{\"@type\":\"ReadAction\",\"target\":[\"https:\\\/\\\/blogdoprosperi.com\\\/?p=39060\"]}]},{\"@type\":\"ImageObject\",\"inLanguage\":\"pt-BR\",\"@id\":\"https:\\\/\\\/blogdoprosperi.com\\\/?p=39060#primaryimage\",\"url\":\"https:\\\/\\\/i0.wp.com\\\/blogdoprosperi.com\\\/wp-content\\\/uploads\\\/2022\\\/08\\\/entrenamiento_jul_26_3__9106.e16acb66.c18cdecc.jpg?fit=1024%2C682&ssl=1\",\"contentUrl\":\"https:\\\/\\\/i0.wp.com\\\/blogdoprosperi.com\\\/wp-content\\\/uploads\\\/2022\\\/08\\\/entrenamiento_jul_26_3__9106.e16acb66.c18cdecc.jpg?fit=1024%2C682&ssl=1\",\"width\":1024,\"height\":682,\"caption\":\"foto: reprodu\u00e7\u00e3o Pumas\"},{\"@type\":\"WebSite\",\"@id\":\"https:\\\/\\\/blogdoprosperi.com\\\/#website\",\"url\":\"https:\\\/\\\/blogdoprosperi.com\\\/\",\"name\":\"PR\u00d3SPERI NEWS\",\"description\":\"TUDO \u00c9  FUTEBOL\",\"publisher\":{\"@id\":\"https:\\\/\\\/blogdoprosperi.com\\\/#\\\/schema\\\/person\\\/38100755ce3601861ee4fab9b5aa78e9\"},\"alternateName\":\"blogdoprosperi.com\",\"potentialAction\":[{\"@type\":\"SearchAction\",\"target\":{\"@type\":\"EntryPoint\",\"urlTemplate\":\"https:\\\/\\\/blogdoprosperi.com\\\/?s={search_term_string}\"},\"query-input\":{\"@type\":\"PropertyValueSpecification\",\"valueRequired\":true,\"valueName\":\"search_term_string\"}}],\"inLanguage\":\"pt-BR\"},{\"@type\":[\"Person\",\"Organization\"],\"@id\":\"https:\\\/\\\/blogdoprosperi.com\\\/#\\\/schema\\\/person\\\/38100755ce3601861ee4fab9b5aa78e9\",\"name\":\"Luiz Ant\u00f4nio Pr\u00f3speri\",\"pronouns\":\"ele\",\"image\":{\"@type\":\"ImageObject\",\"inLanguage\":\"pt-BR\",\"@id\":\"https:\\\/\\\/i0.wp.com\\\/blogdoprosperi.com\\\/wp-content\\\/uploads\\\/2026\\\/05\\\/cropped-8059e613-6002-42fa-961e-8e275f575d71-2-5.jpg?fit=1360%2C931&ssl=1\",\"url\":\"https:\\\/\\\/i0.wp.com\\\/blogdoprosperi.com\\\/wp-content\\\/uploads\\\/2026\\\/05\\\/cropped-8059e613-6002-42fa-961e-8e275f575d71-2-5.jpg?fit=1360%2C931&ssl=1\",\"contentUrl\":\"https:\\\/\\\/i0.wp.com\\\/blogdoprosperi.com\\\/wp-content\\\/uploads\\\/2026\\\/05\\\/cropped-8059e613-6002-42fa-961e-8e275f575d71-2-5.jpg?fit=1360%2C931&ssl=1\",\"width\":1360,\"height\":931,\"caption\":\"Luiz Ant\u00f4nio Pr\u00f3speri\"},\"logo\":{\"@id\":\"https:\\\/\\\/i0.wp.com\\\/blogdoprosperi.com\\\/wp-content\\\/uploads\\\/2026\\\/05\\\/cropped-8059e613-6002-42fa-961e-8e275f575d71-2-5.jpg?fit=1360%2C931&ssl=1\"},\"description\":\"Jornalista com carreira dedicada ao esporte. Cobriu 9 Copas do Mundo in loco, 1990 na It\u00e1lia, 1994 nos EUA, 1998 na Fran\u00e7a, 2002 na Coreia do Sul e Jap\u00e3o, 2006 na Alemanha, 2010 na \u00c1frica do Sul, 2014 no Brasil, 2018 na R\u00fassia e 2022 no Qatar. Eurocopas, 1992 na Su\u00e9cia e 1996 na Inglaterra. Copa das Confedera\u00e7\u00f5es de 2005 na Alemanha e 2009 na \u00c1frica do Sul. Rep\u00f3rter e Editor, trabalhou no Jornal da Tarde e Estad\u00e3o, de 1984 a fevereiro de 2016. Colunista, blogueiro. E comentarista de futebol na R\u00e1dio Estad\u00e3o, de 2013 a fevereiro de 2016. Jornalista respons\u00e1vel do \\\"Pr\u00f3speri News\\\" (blogdoprosperi.com).\",\"sameAs\":[\"http:\\\/\\\/blogdoprosperi.com\",\"Luiz Pr\u00f3speri\",\"@luiz_prosperi\",\"https:\\\/\\\/x.com\\\/Luizprosperi\",\"@prosperinacopa\",\"luiz.prosperi@icloud.com\"],\"url\":\"https:\\\/\\\/blogdoprosperi.com\\\/?author=102107496\"}]}<\/script>\n<!-- \/ Yoast SEO plugin. -->","yoast_head_json":{"title":"- PR\u00d3SPERI NEWS","robots":{"index":"index","follow":"follow","max-snippet":"max-snippet:-1","max-image-preview":"max-image-preview:large","max-video-preview":"max-video-preview:-1"},"canonical":"https:\/\/blogdoprosperi.com\/?p=39060","og_locale":"pt_BR","og_type":"article","og_title":"- PR\u00d3SPERI NEWS","og_description":"&#8220;Se tenho que ir para a Copa, vou porque s\u00e3o muitos anos dedicados a tudo isso e respeitando [&hellip;]","og_url":"https:\/\/blogdoprosperi.com\/?p=39060","og_site_name":"PR\u00d3SPERI NEWS","article_publisher":"Luiz Pr\u00f3speri","article_author":"Luiz Pr\u00f3speri","article_published_time":"2022-08-06T01:03:55+00:00","og_image":[{"width":1024,"height":682,"url":"https:\/\/i0.wp.com\/blogdoprosperi.com\/wp-content\/uploads\/2022\/08\/entrenamiento_jul_26_3__9106.e16acb66.c18cdecc.jpg?fit=1024%2C682&ssl=1","type":"image\/jpeg"}],"author":"Luiz Ant\u00f4nio Pr\u00f3speri","twitter_card":"summary_large_image","twitter_creator":"@Luizprosperi","twitter_site":"@Luizprosperi","twitter_misc":{"Escrito por":"Luiz Ant\u00f4nio Pr\u00f3speri"},"schema":{"@context":"https:\/\/schema.org","@graph":[{"@type":"Article","@id":"https:\/\/blogdoprosperi.com\/?p=39060#article","isPartOf":{"@id":"https:\/\/blogdoprosperi.com\/?p=39060"},"author":{"name":"Luiz Ant\u00f4nio Pr\u00f3speri","@id":"https:\/\/blogdoprosperi.com\/#\/schema\/person\/38100755ce3601861ee4fab9b5aa78e9"},"headline":"Sem t\u00edtulo","datePublished":"2022-08-06T01:03:55+00:00","mainEntityOfPage":{"@id":"https:\/\/blogdoprosperi.com\/?p=39060"},"wordCount":52,"commentCount":0,"publisher":{"@id":"https:\/\/blogdoprosperi.com\/#\/schema\/person\/38100755ce3601861ee4fab9b5aa78e9"},"image":{"@id":"https:\/\/blogdoprosperi.com\/?p=39060#primaryimage"},"thumbnailUrl":"https:\/\/i0.wp.com\/blogdoprosperi.com\/wp-content\/uploads\/2022\/08\/entrenamiento_jul_26_3__9106.e16acb66.c18cdecc.jpg?fit=1024%2C682&ssl=1","keywords":["futebol"],"articleSection":["futebol"],"inLanguage":"pt-BR","potentialAction":[{"@type":"CommentAction","name":"Comment","target":["https:\/\/blogdoprosperi.com\/?p=39060#respond"]}]},{"@type":"WebPage","@id":"https:\/\/blogdoprosperi.com\/?p=39060","url":"https:\/\/blogdoprosperi.com\/?p=39060","name":"- PR\u00d3SPERI NEWS","isPartOf":{"@id":"https:\/\/blogdoprosperi.com\/#website"},"primaryImageOfPage":{"@id":"https:\/\/blogdoprosperi.com\/?p=39060#primaryimage"},"image":{"@id":"https:\/\/blogdoprosperi.com\/?p=39060#primaryimage"},"thumbnailUrl":"https:\/\/i0.wp.com\/blogdoprosperi.com\/wp-content\/uploads\/2022\/08\/entrenamiento_jul_26_3__9106.e16acb66.c18cdecc.jpg?fit=1024%2C682&ssl=1","datePublished":"2022-08-06T01:03:55+00:00","inLanguage":"pt-BR","potentialAction":[{"@type":"ReadAction","target":["https:\/\/blogdoprosperi.com\/?p=39060"]}]},{"@type":"ImageObject","inLanguage":"pt-BR","@id":"https:\/\/blogdoprosperi.com\/?p=39060#primaryimage","url":"https:\/\/i0.wp.com\/blogdoprosperi.com\/wp-content\/uploads\/2022\/08\/entrenamiento_jul_26_3__9106.e16acb66.c18cdecc.jpg?fit=1024%2C682&ssl=1","contentUrl":"https:\/\/i0.wp.com\/blogdoprosperi.com\/wp-content\/uploads\/2022\/08\/entrenamiento_jul_26_3__9106.e16acb66.c18cdecc.jpg?fit=1024%2C682&ssl=1","width":1024,"height":682,"caption":"foto: reprodu\u00e7\u00e3o Pumas"},{"@type":"WebSite","@id":"https:\/\/blogdoprosperi.com\/#website","url":"https:\/\/blogdoprosperi.com\/","name":"PR\u00d3SPERI NEWS","description":"TUDO \u00c9  FUTEBOL","publisher":{"@id":"https:\/\/blogdoprosperi.com\/#\/schema\/person\/38100755ce3601861ee4fab9b5aa78e9"},"alternateName":"blogdoprosperi.com","potentialAction":[{"@type":"SearchAction","target":{"@type":"EntryPoint","urlTemplate":"https:\/\/blogdoprosperi.com\/?s={search_term_string}"},"query-input":{"@type":"PropertyValueSpecification","valueRequired":true,"valueName":"search_term_string"}}],"inLanguage":"pt-BR"},{"@type":["Person","Organization"],"@id":"https:\/\/blogdoprosperi.com\/#\/schema\/person\/38100755ce3601861ee4fab9b5aa78e9","name":"Luiz Ant\u00f4nio Pr\u00f3speri","pronouns":"ele","image":{"@type":"ImageObject","inLanguage":"pt-BR","@id":"https:\/\/i0.wp.com\/blogdoprosperi.com\/wp-content\/uploads\/2026\/05\/cropped-8059e613-6002-42fa-961e-8e275f575d71-2-5.jpg?fit=1360%2C931&ssl=1","url":"https:\/\/i0.wp.com\/blogdoprosperi.com\/wp-content\/uploads\/2026\/05\/cropped-8059e613-6002-42fa-961e-8e275f575d71-2-5.jpg?fit=1360%2C931&ssl=1","contentUrl":"https:\/\/i0.wp.com\/blogdoprosperi.com\/wp-content\/uploads\/2026\/05\/cropped-8059e613-6002-42fa-961e-8e275f575d71-2-5.jpg?fit=1360%2C931&ssl=1","width":1360,"height":931,"caption":"Luiz Ant\u00f4nio Pr\u00f3speri"},"logo":{"@id":"https:\/\/i0.wp.com\/blogdoprosperi.com\/wp-content\/uploads\/2026\/05\/cropped-8059e613-6002-42fa-961e-8e275f575d71-2-5.jpg?fit=1360%2C931&ssl=1"},"description":"Jornalista com carreira dedicada ao esporte. Cobriu 9 Copas do Mundo in loco, 1990 na It\u00e1lia, 1994 nos EUA, 1998 na Fran\u00e7a, 2002 na Coreia do Sul e Jap\u00e3o, 2006 na Alemanha, 2010 na \u00c1frica do Sul, 2014 no Brasil, 2018 na R\u00fassia e 2022 no Qatar. Eurocopas, 1992 na Su\u00e9cia e 1996 na Inglaterra. Copa das Confedera\u00e7\u00f5es de 2005 na Alemanha e 2009 na \u00c1frica do Sul. Rep\u00f3rter e Editor, trabalhou no Jornal da Tarde e Estad\u00e3o, de 1984 a fevereiro de 2016. Colunista, blogueiro. E comentarista de futebol na R\u00e1dio Estad\u00e3o, de 2013 a fevereiro de 2016. Jornalista respons\u00e1vel do \"Pr\u00f3speri News\" (blogdoprosperi.com).","sameAs":["http:\/\/blogdoprosperi.com","Luiz Pr\u00f3speri","@luiz_prosperi","https:\/\/x.com\/Luizprosperi","@prosperinacopa","luiz.prosperi@icloud.com"],"url":"https:\/\/blogdoprosperi.com\/?author=102107496"}]}},"jetpack_publicize_connections":[],"jetpack_likes_enabled":false,"jetpack_sharing_enabled":true,"jetpack_shortlink":"https:\/\/wp.me\/s7jvdk-39060","jetpack-related-posts":[{"id":55374,"url":"https:\/\/blogdoprosperi.com\/?p=55374","url_meta":{"origin":39060,"position":0},"title":"Ancelotti quer Aprender Hino do Brasil: \u201cGostaria de Cantar com os Jogadores\u201d","author":"Luiz Ant\u00f4nio Pr\u00f3speri","date":"16 de outubro de 2025","format":false,"excerpt":"\"Preparar a Sele\u00e7\u00e3o Brasileira \u00e9 uma grande oportunidade\" \u201cA paix\u00e3o que existe no pa\u00eds era algo que eu j\u00e1 conhecia, mas \u00e9 uma paix\u00e3o verdadeira, sobretudo pela equipe nacional\u201d Em entrevista exclusiva \u00e0 FIFA, treinador italiano fala sobre adapta\u00e7\u00e3o ao Brasil, primeiras mem\u00f3rias da Copa do Mundo e expectativa para\u2026","rel":"","context":"Em &quot;copa do mundo 2026&quot;","block_context":{"text":"copa do mundo 2026","link":"https:\/\/blogdoprosperi.com\/?cat=115102077"},"img":{"alt_text":"Ancelotti quer aprender Hino do Brasil","src":"https:\/\/i0.wp.com\/blogdoprosperi.com\/wp-content\/uploads\/2025\/10\/captura-de-tela-2025-10-16-as-16.28.30.png?fit=1200%2C517&ssl=1&resize=350%2C200","width":350,"height":200,"srcset":"https:\/\/i0.wp.com\/blogdoprosperi.com\/wp-content\/uploads\/2025\/10\/captura-de-tela-2025-10-16-as-16.28.30.png?fit=1200%2C517&ssl=1&resize=350%2C200 1x, https:\/\/i0.wp.com\/blogdoprosperi.com\/wp-content\/uploads\/2025\/10\/captura-de-tela-2025-10-16-as-16.28.30.png?fit=1200%2C517&ssl=1&resize=525%2C300 1.5x, https:\/\/i0.wp.com\/blogdoprosperi.com\/wp-content\/uploads\/2025\/10\/captura-de-tela-2025-10-16-as-16.28.30.png?fit=1200%2C517&ssl=1&resize=700%2C400 2x, https:\/\/i0.wp.com\/blogdoprosperi.com\/wp-content\/uploads\/2025\/10\/captura-de-tela-2025-10-16-as-16.28.30.png?fit=1200%2C517&ssl=1&resize=1050%2C600 3x"},"classes":[]},{"id":56709,"url":"https:\/\/blogdoprosperi.com\/?p=56709","url_meta":{"origin":39060,"position":1},"title":"Sele\u00e7\u00e3o Brasileira | Ancelotti Aumenta Lista de Incertezas na Copa","author":"Luiz Ant\u00f4nio Pr\u00f3speri","date":"17 de mar\u00e7o de 2026","format":false,"excerpt":"\"Tenho d\u00favidas na defesa, tenho d\u00favidas no meio-campo e quase nenhuma d\u00favida no ataque\", responde Carlo Ancelotti no ato da convoca\u00e7\u00e3o da Sele\u00e7\u00e3o Brasileira para amistosos contra Fran\u00e7a e Cro\u00e1cia","rel":"","context":"Em &quot;copa 2026&quot;","block_context":{"text":"copa 2026","link":"https:\/\/blogdoprosperi.com\/?cat=36820279"},"img":{"alt_text":"Incertezas de Ancelotti na Copa","src":"https:\/\/i0.wp.com\/blogdoprosperi.com\/wp-content\/uploads\/2026\/03\/convocacao_selecao_brasileira_16032026_42_jpg_44d9490274.jpg?fit=1200%2C799&ssl=1&resize=350%2C200","width":350,"height":200,"srcset":"https:\/\/i0.wp.com\/blogdoprosperi.com\/wp-content\/uploads\/2026\/03\/convocacao_selecao_brasileira_16032026_42_jpg_44d9490274.jpg?fit=1200%2C799&ssl=1&resize=350%2C200 1x, https:\/\/i0.wp.com\/blogdoprosperi.com\/wp-content\/uploads\/2026\/03\/convocacao_selecao_brasileira_16032026_42_jpg_44d9490274.jpg?fit=1200%2C799&ssl=1&resize=525%2C300 1.5x, https:\/\/i0.wp.com\/blogdoprosperi.com\/wp-content\/uploads\/2026\/03\/convocacao_selecao_brasileira_16032026_42_jpg_44d9490274.jpg?fit=1200%2C799&ssl=1&resize=700%2C400 2x, https:\/\/i0.wp.com\/blogdoprosperi.com\/wp-content\/uploads\/2026\/03\/convocacao_selecao_brasileira_16032026_42_jpg_44d9490274.jpg?fit=1200%2C799&ssl=1&resize=1050%2C600 3x"},"classes":[]},{"id":60740,"url":"https:\/\/blogdoprosperi.com\/?p=60740","url_meta":{"origin":39060,"position":2},"title":"Conhe\u00e7a \u00e1rbitro da final da Copa, centro de aten\u00e7\u00f5es da Espanha contra poss\u00edvel ajuda \u00e0 Argentina","author":"Luiz Ant\u00f4nio Pr\u00f3speri","date":"17 de julho de 2026","format":false,"excerpt":"Luiz Ant\u00f4nio Pr\u00f3speri \u2013 17 julho 2026 (14h36) \"Se o \u00e1rbitro for firme e justo, a sele\u00e7\u00e3o espanhola tem mais chances de levar o t\u00edtulo\". A declara\u00e7\u00e3o \u00e9 de Joan Laporta, presidente do Barcelona. N\u00e3o se trata de uma desconfian\u00e7a de Laporta a respeito de poss\u00edvel ajuda da arbitragem \u00e0\u2026","rel":"","context":"Em &quot;copa 2026&quot;","block_context":{"text":"copa 2026","link":"https:\/\/blogdoprosperi.com\/?cat=36820279"},"img":{"alt_text":"","src":"https:\/\/i0.wp.com\/blogdoprosperi.com\/wp-content\/uploads\/2026\/07\/Captura-de-Tela-2026-07-17-as-14.32.54.png?fit=1200%2C759&ssl=1&resize=350%2C200","width":350,"height":200,"srcset":"https:\/\/i0.wp.com\/blogdoprosperi.com\/wp-content\/uploads\/2026\/07\/Captura-de-Tela-2026-07-17-as-14.32.54.png?fit=1200%2C759&ssl=1&resize=350%2C200 1x, https:\/\/i0.wp.com\/blogdoprosperi.com\/wp-content\/uploads\/2026\/07\/Captura-de-Tela-2026-07-17-as-14.32.54.png?fit=1200%2C759&ssl=1&resize=525%2C300 1.5x, https:\/\/i0.wp.com\/blogdoprosperi.com\/wp-content\/uploads\/2026\/07\/Captura-de-Tela-2026-07-17-as-14.32.54.png?fit=1200%2C759&ssl=1&resize=700%2C400 2x, https:\/\/i0.wp.com\/blogdoprosperi.com\/wp-content\/uploads\/2026\/07\/Captura-de-Tela-2026-07-17-as-14.32.54.png?fit=1200%2C759&ssl=1&resize=1050%2C600 3x"},"classes":[]},{"id":60627,"url":"https:\/\/blogdoprosperi.com\/?p=60627","url_meta":{"origin":39060,"position":3},"title":"Inglaterra x Argentina: Quem pode decidir, poder de sedu\u00e7\u00e3o de cada sele\u00e7\u00e3o e onde assistir o jogo ao vivo","author":"Luiz Ant\u00f4nio Pr\u00f3speri","date":"15 de julho de 2026","format":false,"excerpt":"Inglaterra e Argentina decidem nesta quarta-feira (15\/7) quem vai enfrentar a Espanha na grande final da Copa do Mundo 2026. Trata-se de um jogo recheado de hist\u00f3ria. Messi, o centro das aten\u00e7\u00f5es, joga em busca da artilharia e evitar a sua \u00faltima dan\u00e7a na Copa. Imperd\u00edvel. Onde Assistir Ao Vivo\u2026","rel":"","context":"Em &quot;futebol&quot;","block_context":{"text":"futebol","link":"https:\/\/blogdoprosperi.com\/?cat=53870"},"img":{"alt_text":"","src":"https:\/\/i0.wp.com\/blogdoprosperi.com\/wp-content\/uploads\/2026\/07\/Captura-de-Tela-2026-07-15-as-14.06.55.png?fit=1200%2C718&ssl=1&resize=350%2C200","width":350,"height":200,"srcset":"https:\/\/i0.wp.com\/blogdoprosperi.com\/wp-content\/uploads\/2026\/07\/Captura-de-Tela-2026-07-15-as-14.06.55.png?fit=1200%2C718&ssl=1&resize=350%2C200 1x, https:\/\/i0.wp.com\/blogdoprosperi.com\/wp-content\/uploads\/2026\/07\/Captura-de-Tela-2026-07-15-as-14.06.55.png?fit=1200%2C718&ssl=1&resize=525%2C300 1.5x, https:\/\/i0.wp.com\/blogdoprosperi.com\/wp-content\/uploads\/2026\/07\/Captura-de-Tela-2026-07-15-as-14.06.55.png?fit=1200%2C718&ssl=1&resize=700%2C400 2x, https:\/\/i0.wp.com\/blogdoprosperi.com\/wp-content\/uploads\/2026\/07\/Captura-de-Tela-2026-07-15-as-14.06.55.png?fit=1200%2C718&ssl=1&resize=1050%2C600 3x"},"classes":[]},{"id":37483,"url":"https:\/\/blogdoprosperi.com\/?p=37483","url_meta":{"origin":39060,"position":4},"title":"Invent\u00e1rio da derrota (1): A Copa perdida do menino Ney","author":"Luiz Ant\u00f4nio Pr\u00f3speri","date":"13 de julho de 2018","format":false,"excerpt":"\u00a0 Luiz Ant\u00f4nio Pr\u00f3speri, de Moscou \/ R\u00fassia Uma semana depois de o Brasil ser eliminado na Copa da R\u00fassia, Blog do Pr\u00f3speri apresenta invent\u00e1rio da derrota em cinco epis\u00f3dios. Acompanhe: Neymar esperava deixar a R\u00fassia dia 15 de julho glorificado. Beijaria a ta\u00e7a e diria ao s\u00faditos que um\u2026","rel":"","context":"Em &quot;Copa do Mundo 2018&quot;","block_context":{"text":"Copa do Mundo 2018","link":"https:\/\/blogdoprosperi.com\/?cat=43723753"},"img":{"alt_text":"","src":"https:\/\/i0.wp.com\/blogdoprosperi.com\/wp-content\/uploads\/2018\/07\/000_17a9mg.jpg?fit=768%2C511&ssl=1&resize=350%2C200","width":350,"height":200,"srcset":"https:\/\/i0.wp.com\/blogdoprosperi.com\/wp-content\/uploads\/2018\/07\/000_17a9mg.jpg?fit=768%2C511&ssl=1&resize=350%2C200 1x, https:\/\/i0.wp.com\/blogdoprosperi.com\/wp-content\/uploads\/2018\/07\/000_17a9mg.jpg?fit=768%2C511&ssl=1&resize=525%2C300 1.5x, https:\/\/i0.wp.com\/blogdoprosperi.com\/wp-content\/uploads\/2018\/07\/000_17a9mg.jpg?fit=768%2C511&ssl=1&resize=700%2C400 2x"},"classes":[]},{"id":36752,"url":"https:\/\/blogdoprosperi.com\/?p=36752","url_meta":{"origin":39060,"position":5},"title":"Diego, em baixa no Flamengo, e querido por Tite na Sele\u00e7\u00e3o. Quem entende?","author":"Luiz Ant\u00f4nio Pr\u00f3speri","date":"29 de setembro de 2017","format":false,"excerpt":"Diego Ribas, 32 anos, deu mais um passo atr\u00e1s na temporada ao perder o p\u00eanalti na decis\u00e3o da Copa do Brasil contra o Cruzeiro. Um ponto negativo na sua pobre estat\u00edstica, desde que voltou ao futebol brasileiro em 2016 para vestir a camisa 35 do Flamengo. Mesmo em momento ruim\u2026","rel":"","context":"Em &quot;Copa do Mundo 2018&quot;","block_context":{"text":"Copa do Mundo 2018","link":"https:\/\/blogdoprosperi.com\/?cat=43723753"},"img":{"alt_text":"Diego tem a prefer\u00eancia de Tite na Sele\u00e7\u00e3o Brasileira","src":"https:\/\/i0.wp.com\/blogdoprosperi.com\/wp-content\/uploads\/2017\/09\/diego-juventus-1260x710.jpg?fit=1200%2C676&ssl=1&resize=350%2C200","width":350,"height":200,"srcset":"https:\/\/i0.wp.com\/blogdoprosperi.com\/wp-content\/uploads\/2017\/09\/diego-juventus-1260x710.jpg?fit=1200%2C676&ssl=1&resize=350%2C200 1x, https:\/\/i0.wp.com\/blogdoprosperi.com\/wp-content\/uploads\/2017\/09\/diego-juventus-1260x710.jpg?fit=1200%2C676&ssl=1&resize=525%2C300 1.5x, https:\/\/i0.wp.com\/blogdoprosperi.com\/wp-content\/uploads\/2017\/09\/diego-juventus-1260x710.jpg?fit=1200%2C676&ssl=1&resize=700%2C400 2x, https:\/\/i0.wp.com\/blogdoprosperi.com\/wp-content\/uploads\/2017\/09\/diego-juventus-1260x710.jpg?fit=1200%2C676&ssl=1&resize=1050%2C600 3x"},"classes":[]}],"jetpack_featured_media_url":"https:\/\/i0.wp.com\/blogdoprosperi.com\/wp-content\/uploads\/2022\/08\/entrenamiento_jul_26_3__9106.e16acb66.c18cdecc.jpg?fit=1024%2C682&ssl=1","_links":{"self":[{"href":"https:\/\/blogdoprosperi.com\/index.php?rest_route=\/wp\/v2\/posts\/39060","targetHints":{"allow":["GET"]}}],"collection":[{"href":"https:\/\/blogdoprosperi.com\/index.php?rest_route=\/wp\/v2\/posts"}],"about":[{"href":"https:\/\/blogdoprosperi.com\/index.php?rest_route=\/wp\/v2\/types\/post"}],"author":[{"embeddable":true,"href":"https:\/\/blogdoprosperi.com\/index.php?rest_route=\/wp\/v2\/users\/102107496"}],"replies":[{"embeddable":true,"href":"https:\/\/blogdoprosperi.com\/index.php?rest_route=%2Fwp%2Fv2%2Fcomments&post=39060"}],"version-history":[{"count":3,"href":"https:\/\/blogdoprosperi.com\/index.php?rest_route=\/wp\/v2\/posts\/39060\/revisions"}],"predecessor-version":[{"id":39064,"href":"https:\/\/blogdoprosperi.com\/index.php?rest_route=\/wp\/v2\/posts\/39060\/revisions\/39064"}],"wp:featuredmedia":[{"embeddable":true,"href":"https:\/\/blogdoprosperi.com\/index.php?rest_route=\/wp\/v2\/media\/39063"}],"wp:attachment":[{"href":"https:\/\/blogdoprosperi.com\/index.php?rest_route=%2Fwp%2Fv2%2Fmedia&parent=39060"}],"wp:term":[{"taxonomy":"category","embeddable":true,"href":"https:\/\/blogdoprosperi.com\/index.php?rest_route=%2Fwp%2Fv2%2Fcategories&post=39060"},{"taxonomy":"post_tag","embeddable":true,"href":"https:\/\/blogdoprosperi.com\/index.php?rest_route=%2Fwp%2Fv2%2Ftags&post=39060"}],"curies":[{"name":"wp","href":"https:\/\/api.w.org\/{rel}","templated":true}]}}