{"id":39075,"date":"2022-08-08T12:17:55","date_gmt":"2022-08-08T15:17:55","guid":{"rendered":"https:\/\/blogdoprosperi.com\/?p=39075"},"modified":"2022-08-11T15:16:10","modified_gmt":"2022-08-11T18:16:10","slug":"torcedor-brasileiro-rejeita-tecnico-estrangeiro-na-selecao-cbf-esta-amarrada","status":"publish","type":"post","link":"https:\/\/blogdoprosperi.com\/?p=39075","title":{"rendered":"Torcedor brasileiro rejeita t\u00e9cnico estrangeiro na Sele\u00e7\u00e3o, CBF est\u00e1 amarrada"},"content":{"rendered":"<p>Sele\u00e7\u00e3o Brasileira n\u00e3o ser\u00e1 comandada por um treinador estrangeiro a partir de 2023, se prevalecer a prefer\u00eancia da maioria da popula\u00e7\u00e3o do Brasil. Pelo menos \u00e9 o que indica a pesquisa do DataFolha publicada neste s\u00e1bado (06\/8): 55% dos torcedores rejeitam um &#8220;gringo&#8221; no comando do time nacional, diz o levantamento feito nos dias 27 a 28 de julho \u2013 &#8220;foram ouvidas 2.556 pessoas de 16 anos ou mais em 183 munic\u00edpios e margem de erro \u00e9 de dois pontos percentuais, para mais ou para menos, dentro do n\u00edvel de confian\u00e7a de 95%&#8221;, diz o instituto de pesquisa.<\/p>\n<p>Diante dessa expressiva rejei\u00e7\u00e3o da torcida, de acordo com o DataFolha, os estrangeiros mais bem cotados na sucess\u00e3o de Tite perdem espa\u00e7o neste momento. Abel Ferreira (t\u00e9cnico portugu\u00eas do Palmeiras), Jorge Jesus (ex-Flamengo e hoje no Fenerbahce), Carlo Ancelotti (Real Madrid) e Pep Guardiola (Manchester City), em tese, ficam fora da disputa pelo imp\u00e9rio da Sele\u00e7\u00e3o.<\/p>\n<p>Sem os estrangeiros, a busca por um treinador brasileiro n\u00e3o sugere muitas op\u00e7\u00f5es. Cuca (Atl\u00e9tico-MG), Dorival Junior (Flamengo), Fernando Diniz (Fluminense) e Rogerio Ceni (S\u00e3o Paulo) entrariam no p\u00e1reo. Renato Ga\u00facho, em baixa, n\u00e3o deve ser desprezado. Nenhum deles provocaria como\u00e7\u00e3o nacional.<\/p>\n<p>Neste cen\u00e1rio \u00e1rido de poucas alternativas entre treinadores brasileiros, CBF ganha tempo na sucess\u00e3o de Tite. O eleito deve ser aclamado apenas no in\u00edcio de janeiro de 2023, pouco menos de um m\u00eas depois da final da Copa do Mundo Qatar 2022.<\/p>\n<p>Os nomes est\u00e3o na mesa. <strong>Entre eles, n\u00e3o se descarta uma renova\u00e7\u00e3o de contrato com Tite at\u00e9 2026<\/strong> no Mundial de sede tripla \u2013 Estados Unidos, Canad\u00e1 e M\u00e9xico.<\/p>\n<p>Se Tite voltar do Qatar campe\u00e3o do mundo no dia 18 de dezembro, ser\u00e1 candidato natural a permanecer no comando da Sele\u00e7\u00e3o. Em caso de derrota, seu destino est\u00e1 selado: fora.<\/p>\n<p><strong>CBF pode at\u00e9 se antecipar ao processo anunciando agora em setembro um novo contrato com Tite<\/strong> \u2013 t\u00e9cnico do escrete desde 2016.<\/p>\n<p>Veja o que aponta do DataFolha:<\/p>\n<p>&#8220;Em seu sexto ano \u00e0 frente da&nbsp;sele\u00e7\u00e3o brasileira, o t\u00e9cnico <strong>Tite teve uma melhora na avalia\u00e7\u00e3o feita pelos brasileiros a respeito de seu trabalho. Segundo nova pesquisa Datafolha, 47% consideram o desempenho do treinador \u00f3timo ou bom&#8221;<\/strong>.<\/p>\n<p>No caso de Tite insistir em n\u00e3o renovar \u2013 ele j\u00e1 anunciou que deixar\u00e1 a Sele\u00e7\u00e3o ap\u00f3s a Copa do Qatar \u2013, CBF vai ao pared\u00e3o: elege um treinador estrangeiro, sem dar import\u00e2ncia \u00e0s pesquisas populares, ou escolhe um dos brasileiros cotados neste segundo semestre de 2022.<\/p>\n<p><em><strong>Confira as op\u00e7\u00f5es da CBF:<\/strong><\/em><\/p>\n<p><strong>Dorival J\u00fanior<\/strong> \u2013 entra com o favorito se fechar a temporada 2022 do Flamengo com os t\u00edtulos da Libertadores, Copa do Brasil e Brasileir\u00e3o. Pesa a for\u00e7a do Flamengo, contempla\u00e7\u00e3o da m\u00eddia esportiva e as ta\u00e7as.<\/p>\n<p><strong>Fernando Diniz<\/strong> \u2013 ganha for\u00e7a com a eventual conquista do Brasileir\u00e3o no comando do Fluminense. Essa \u00e9 a sua \u00fanica chance.<\/p>\n<p><strong>Cuca<\/strong> \u2013 estava bem cotado em cima das ta\u00e7as do Brasileir\u00e3o e Copa do Brasil no comando do Atl\u00e9tico-MG em 2021. Se levar o time mineiro \u00e0 final da Libertadores 2022, entra no p\u00e1reo novamente.<\/p>\n<p><strong>Rog\u00e9rio Ceni<\/strong> \u2013 perde terreno com a campanha fraca do S\u00e3o Paulo no Brasileir\u00e3o, mas pode se valorizar se for campe\u00e3o da Copa do Brasil.<\/p>\n<p><strong>Renato Ga\u00facho<\/strong> \u2013 era o preferido da m\u00eddia e setores da CBF quando dirigia o Flamengo at\u00e9 a final da Libertadores 2021. Ao ser ser derrotado na decis\u00e3o contra o Palmeiras, perdeu espa\u00e7o. Sem clube, com boas possibilidades de assumir o Vasco, corre por fora na sucess\u00e3o de Tite.<\/p>\n<p><strong>Estrangeiro<\/strong> \u2013 Abel Ferreira, t\u00e9cnico portugu\u00eas do Palmeiras, \u00e9 favorito disparado a assumir a Sele\u00e7\u00e3o. H\u00e1 quase dois anos no futebol brasileiro, tem curr\u00edculo expressivo com o bi da Libertadores, Copa do Brasil e a for\u00e7a do Palmeiras.<\/p>\n<figure id=\"attachment_39095\" aria-describedby=\"caption-attachment-39095\" style=\"width: 940px\" class=\"wp-caption alignnone\"><img data-recalc-dims=\"1\" loading=\"lazy\" decoding=\"async\" data-attachment-id=\"39095\" data-permalink=\"https:\/\/blogdoprosperi.com\/?attachment_id=39095\" data-orig-file=\"https:\/\/i0.wp.com\/blogdoprosperi.com\/wp-content\/uploads\/2022\/08\/52252040128_4be82f6e15_o.jpg?fit=1920%2C1080&amp;ssl=1\" data-orig-size=\"1920,1080\" data-comments-opened=\"1\" data-image-meta=\"{&quot;aperture&quot;:&quot;0&quot;,&quot;credit&quot;:&quot;&quot;,&quot;camera&quot;:&quot;&quot;,&quot;caption&quot;:&quot;&quot;,&quot;created_timestamp&quot;:&quot;0&quot;,&quot;copyright&quot;:&quot;&quot;,&quot;focal_length&quot;:&quot;0&quot;,&quot;iso&quot;:&quot;0&quot;,&quot;shutter_speed&quot;:&quot;0&quot;,&quot;title&quot;:&quot;&quot;,&quot;orientation&quot;:&quot;0&quot;}\" data-image-title=\"Abel Ferreira remonta Palmeiras em 2025\" data-image-description=\"\" data-image-caption=\"&lt;p&gt;Abel n\u00e3o vai para o Sporting \u2013 foto: Cesar Greco \/ Ag Palmeiras&lt;\/p&gt;\n\" data-large-file=\"https:\/\/i0.wp.com\/blogdoprosperi.com\/wp-content\/uploads\/2022\/08\/52252040128_4be82f6e15_o.jpg?fit=940%2C529&amp;ssl=1\" class=\"size-large wp-image-39095\" src=\"https:\/\/i0.wp.com\/blogdoprosperi.com\/wp-content\/uploads\/2022\/08\/52252040128_4be82f6e15_o.jpg?resize=940%2C529&#038;ssl=1\" alt=\"\" width=\"940\" height=\"529\"><figcaption id=\"caption-attachment-39095\" class=\"wp-caption-text\">Abel Ferreira, do Palmeiras \u2013 foto: Cesar Greco \/ Ag Palmeiras<\/figcaption><\/figure>\n<h5><\/h5>\n<h5><span class=\"chart-title\">Voc\u00ea \u00e9 a favor ou contra um t\u00e9cnico estrangeiro na sele\u00e7\u00e3o brasileira?<\/span><\/h5>\n<p><span class=\"alignnone\"><img data-recalc-dims=\"1\" loading=\"lazy\" decoding=\"async\" data-attachment-id=\"39083\" data-permalink=\"https:\/\/blogdoprosperi.com\/?attachment_id=39083\" data-orig-file=\"https:\/\/i0.wp.com\/blogdoprosperi.com\/wp-content\/uploads\/2022\/08\/captura-de-tela-2022-08-06-as-12.55.51.png?fit=1254%2C874&amp;ssl=1\" data-orig-size=\"1254,874\" data-comments-opened=\"1\" data-image-meta=\"{&quot;aperture&quot;:&quot;0&quot;,&quot;credit&quot;:&quot;&quot;,&quot;camera&quot;:&quot;&quot;,&quot;caption&quot;:&quot;&quot;,&quot;created_timestamp&quot;:&quot;0&quot;,&quot;copyright&quot;:&quot;&quot;,&quot;focal_length&quot;:&quot;0&quot;,&quot;iso&quot;:&quot;0&quot;,&quot;shutter_speed&quot;:&quot;0&quot;,&quot;title&quot;:&quot;&quot;,&quot;orientation&quot;:&quot;0&quot;}\" data-image-title=\"Captura de Tela 2022-08-06 \u00e0s 12.55.51\" data-image-description=\"\" data-image-caption=\"\" data-large-file=\"https:\/\/i0.wp.com\/blogdoprosperi.com\/wp-content\/uploads\/2022\/08\/captura-de-tela-2022-08-06-as-12.55.51.png?fit=940%2C655&amp;ssl=1\" class=\"alignnone size-large wp-image-39083\" src=\"https:\/\/i0.wp.com\/blogdoprosperi.com\/wp-content\/uploads\/2022\/08\/captura-de-tela-2022-08-06-as-12.55.51.png?resize=940%2C655&#038;ssl=1\" alt=\"\" width=\"940\" height=\"655\"><\/span><\/p>\n<p><span class=\"alignnone\"><img data-recalc-dims=\"1\" loading=\"lazy\" decoding=\"async\" data-attachment-id=\"39079\" data-permalink=\"https:\/\/blogdoprosperi.com\/?attachment_id=39079\" data-orig-file=\"https:\/\/i0.wp.com\/blogdoprosperi.com\/wp-content\/uploads\/2022\/08\/captura-de-tela-2022-08-06-as-12.56.23.png?fit=1258%2C820&amp;ssl=1\" data-orig-size=\"1258,820\" data-comments-opened=\"1\" data-image-meta=\"{&quot;aperture&quot;:&quot;0&quot;,&quot;credit&quot;:&quot;&quot;,&quot;camera&quot;:&quot;&quot;,&quot;caption&quot;:&quot;&quot;,&quot;created_timestamp&quot;:&quot;0&quot;,&quot;copyright&quot;:&quot;&quot;,&quot;focal_length&quot;:&quot;0&quot;,&quot;iso&quot;:&quot;0&quot;,&quot;shutter_speed&quot;:&quot;0&quot;,&quot;title&quot;:&quot;&quot;,&quot;orientation&quot;:&quot;0&quot;}\" data-image-title=\"Captura de Tela 2022-08-06 \u00e0s 12.56.23\" data-image-description=\"\" data-image-caption=\"\" data-large-file=\"https:\/\/i0.wp.com\/blogdoprosperi.com\/wp-content\/uploads\/2022\/08\/captura-de-tela-2022-08-06-as-12.56.23.png?fit=940%2C613&amp;ssl=1\" class=\"alignnone size-large wp-image-39079\" src=\"https:\/\/i0.wp.com\/blogdoprosperi.com\/wp-content\/uploads\/2022\/08\/captura-de-tela-2022-08-06-as-12.56.23.png?resize=940%2C613&#038;ssl=1\" alt=\"\" width=\"940\" height=\"613\"><\/span><\/p>\n<h5><\/h5>\n<h5><span class=\"chart-title\">Qual \u00e9 sua avalia\u00e7\u00e3o sobre o trabalho de Tite na sele\u00e7\u00e3o?<\/span><\/h5>\n<h5><span class=\"alignnone\"><img data-recalc-dims=\"1\" loading=\"lazy\" decoding=\"async\" data-attachment-id=\"39078\" data-permalink=\"https:\/\/blogdoprosperi.com\/?attachment_id=39078\" data-orig-file=\"https:\/\/i0.wp.com\/blogdoprosperi.com\/wp-content\/uploads\/2022\/08\/captura-de-tela-2022-08-06-as-13.03.36.png?fit=1268%2C880&amp;ssl=1\" data-orig-size=\"1268,880\" data-comments-opened=\"1\" data-image-meta=\"{&quot;aperture&quot;:&quot;0&quot;,&quot;credit&quot;:&quot;&quot;,&quot;camera&quot;:&quot;&quot;,&quot;caption&quot;:&quot;&quot;,&quot;created_timestamp&quot;:&quot;0&quot;,&quot;copyright&quot;:&quot;&quot;,&quot;focal_length&quot;:&quot;0&quot;,&quot;iso&quot;:&quot;0&quot;,&quot;shutter_speed&quot;:&quot;0&quot;,&quot;title&quot;:&quot;&quot;,&quot;orientation&quot;:&quot;0&quot;}\" data-image-title=\"Captura de Tela 2022-08-06 \u00e0s 13.03.36\" data-image-description=\"\" data-image-caption=\"\" data-large-file=\"https:\/\/i0.wp.com\/blogdoprosperi.com\/wp-content\/uploads\/2022\/08\/captura-de-tela-2022-08-06-as-13.03.36.png?fit=940%2C652&amp;ssl=1\" class=\"alignnone size-large wp-image-39078\" src=\"https:\/\/i0.wp.com\/blogdoprosperi.com\/wp-content\/uploads\/2022\/08\/captura-de-tela-2022-08-06-as-13.03.36.png?resize=940%2C652&#038;ssl=1\" alt=\"\" width=\"940\" height=\"652\"><\/span><\/h5>\n<h5><span class=\"alignnone\"><img data-recalc-dims=\"1\" loading=\"lazy\" decoding=\"async\" data-attachment-id=\"39077\" data-permalink=\"https:\/\/blogdoprosperi.com\/?attachment_id=39077\" data-orig-file=\"https:\/\/i0.wp.com\/blogdoprosperi.com\/wp-content\/uploads\/2022\/08\/captura-de-tela-2022-08-06-as-13.04.09.png?fit=1270%2C862&amp;ssl=1\" data-orig-size=\"1270,862\" data-comments-opened=\"1\" data-image-meta=\"{&quot;aperture&quot;:&quot;0&quot;,&quot;credit&quot;:&quot;&quot;,&quot;camera&quot;:&quot;&quot;,&quot;caption&quot;:&quot;&quot;,&quot;created_timestamp&quot;:&quot;0&quot;,&quot;copyright&quot;:&quot;&quot;,&quot;focal_length&quot;:&quot;0&quot;,&quot;iso&quot;:&quot;0&quot;,&quot;shutter_speed&quot;:&quot;0&quot;,&quot;title&quot;:&quot;&quot;,&quot;orientation&quot;:&quot;0&quot;}\" data-image-title=\"Captura de Tela 2022-08-06 \u00e0s 13.04.09\" data-image-description=\"\" data-image-caption=\"\" data-large-file=\"https:\/\/i0.wp.com\/blogdoprosperi.com\/wp-content\/uploads\/2022\/08\/captura-de-tela-2022-08-06-as-13.04.09.png?fit=940%2C638&amp;ssl=1\" class=\"alignnone size-large wp-image-39077\" src=\"https:\/\/i0.wp.com\/blogdoprosperi.com\/wp-content\/uploads\/2022\/08\/captura-de-tela-2022-08-06-as-13.04.09.png?resize=940%2C638&#038;ssl=1\" alt=\"\" width=\"940\" height=\"638\"><\/span><\/h5>\n","protected":false},"excerpt":{"rendered":"<p>Pesquisa DataFolha indica rejei\u00e7\u00e3o da popula\u00e7\u00e3o brasileira a t\u00e9cnico estrangeiro na Sele\u00e7\u00e3o. CBF pode renovar com Tite at\u00e9 2026<\/p>\n","protected":false},"author":102107496,"featured_media":39101,"comment_status":"open","ping_status":"open","sticky":false,"template":"","format":"standard","meta":{"_coblocks_attr":"","_coblocks_dimensions":"","_coblocks_responsive_height":"","_coblocks_accordion_ie_support":"","_jetpack_newsletter_access":"","_jetpack_dont_email_post_to_subs":false,"_jetpack_newsletter_tier_id":0,"_jetpack_memberships_contains_paywalled_content":false,"_wpcom_ai_launchpad_first_post":false,"_jetpack_feature_clip_id":0,"_jetpack_memberships_contains_paid_content":false,"footnotes":"","jetpack_publicize_message":"","jetpack_publicize_feature_enabled":true,"jetpack_social_post_already_shared":false,"jetpack_social_options":{"image_generator_settings":{"template":"highway","default_image_id":0,"font":"","enabled":false},"version":2},"jetpack_post_was_ever_published":false},"categories":[301049609,53870,174694],"tags":[4200771,789560569,789560578,3020742,3031453,63558320,789560560,4558380,789560562,1814220],"class_list":["post-39075","post","type-post","status-publish","format-standard","has-post-thumbnail","hentry","category-copa-do-mundo-catar-2022","category-futebol","category-selecao-brasileira","tag-abel-ferreira","tag-cbf","tag-copa-do-mundo-catar-2022","tag-cr-flamengo","tag-datafolha","tag-dorival-junior-2","tag-futebol","tag-se-palmeiras","tag-selecao-brasileira","tag-tite"],"yoast_head":"<!-- This site is optimized with the Yoast SEO plugin v28.3 - https:\/\/yoast.com\/product\/yoast-seo-wordpress\/ -->\n<title>Torcedor brasileiro rejeita t\u00e9cnico estrangeiro na Sele\u00e7\u00e3o, CBF est\u00e1 amarrada - PR\u00d3SPERI NEWS<\/title>\n<meta name=\"robots\" content=\"index, follow, max-snippet:-1, max-image-preview:large, max-video-preview:-1\" \/>\n<link rel=\"canonical\" href=\"https:\/\/blogdoprosperi.com\/?p=39075\" \/>\n<meta property=\"og:locale\" content=\"pt_BR\" \/>\n<meta property=\"og:type\" content=\"article\" \/>\n<meta property=\"og:title\" content=\"Torcedor brasileiro rejeita t\u00e9cnico estrangeiro na Sele\u00e7\u00e3o, CBF est\u00e1 amarrada - PR\u00d3SPERI NEWS\" \/>\n<meta property=\"og:description\" content=\"Pesquisa DataFolha indica rejei\u00e7\u00e3o da popula\u00e7\u00e3o brasileira a t\u00e9cnico estrangeiro na Sele\u00e7\u00e3o. CBF pode renovar com Tite at\u00e9 2026\" \/>\n<meta property=\"og:url\" content=\"https:\/\/blogdoprosperi.com\/?p=39075\" \/>\n<meta property=\"og:site_name\" content=\"PR\u00d3SPERI NEWS\" \/>\n<meta property=\"article:publisher\" content=\"Luiz Pr\u00f3speri\" \/>\n<meta property=\"article:author\" content=\"Luiz Pr\u00f3speri\" \/>\n<meta property=\"article:published_time\" content=\"2022-08-08T15:17:55+00:00\" \/>\n<meta property=\"article:modified_time\" content=\"2022-08-11T18:16:10+00:00\" \/>\n<meta property=\"og:image\" content=\"https:\/\/i0.wp.com\/blogdoprosperi.com\/wp-content\/uploads\/2022\/08\/51845766440_143abb51a9_w-1.jpg?fit=400%2C267&ssl=1\" \/>\n\t<meta property=\"og:image:width\" content=\"400\" \/>\n\t<meta property=\"og:image:height\" content=\"267\" \/>\n\t<meta property=\"og:image:type\" content=\"image\/jpeg\" \/>\n<meta name=\"author\" content=\"Luiz Ant\u00f4nio Pr\u00f3speri\" \/>\n<meta name=\"twitter:card\" content=\"summary_large_image\" \/>\n<meta name=\"twitter:creator\" content=\"@Luizprosperi\" \/>\n<meta name=\"twitter:site\" content=\"@Luizprosperi\" \/>\n<meta name=\"twitter:label1\" content=\"Escrito por\" \/>\n\t<meta name=\"twitter:data1\" content=\"Luiz Ant\u00f4nio Pr\u00f3speri\" \/>\n\t<meta name=\"twitter:label2\" content=\"Est. tempo de leitura\" \/>\n\t<meta name=\"twitter:data2\" content=\"3 minutos\" \/>\n<script type=\"application\/ld+json\" class=\"yoast-schema-graph\">{\"@context\":\"https:\\\/\\\/schema.org\",\"@graph\":[{\"@type\":\"Article\",\"@id\":\"https:\\\/\\\/blogdoprosperi.com\\\/?p=39075#article\",\"isPartOf\":{\"@id\":\"https:\\\/\\\/blogdoprosperi.com\\\/?p=39075\"},\"author\":{\"name\":\"Luiz Ant\u00f4nio Pr\u00f3speri\",\"@id\":\"https:\\\/\\\/blogdoprosperi.com\\\/#\\\/schema\\\/person\\\/38100755ce3601861ee4fab9b5aa78e9\"},\"headline\":\"Torcedor brasileiro rejeita t\u00e9cnico estrangeiro na Sele\u00e7\u00e3o, CBF est\u00e1 amarrada\",\"datePublished\":\"2022-08-08T15:17:55+00:00\",\"dateModified\":\"2022-08-11T18:16:10+00:00\",\"mainEntityOfPage\":{\"@id\":\"https:\\\/\\\/blogdoprosperi.com\\\/?p=39075\"},\"wordCount\":707,\"commentCount\":0,\"publisher\":{\"@id\":\"https:\\\/\\\/blogdoprosperi.com\\\/#\\\/schema\\\/person\\\/38100755ce3601861ee4fab9b5aa78e9\"},\"image\":{\"@id\":\"https:\\\/\\\/blogdoprosperi.com\\\/?p=39075#primaryimage\"},\"thumbnailUrl\":\"https:\\\/\\\/i0.wp.com\\\/blogdoprosperi.com\\\/wp-content\\\/uploads\\\/2022\\\/08\\\/51845766440_143abb51a9_w-1.jpg?fit=400%2C267&ssl=1\",\"keywords\":[\"abel ferreira\",\"CBF\",\"copa do mundo catar 2022\",\"CR Flamengo\",\"datafolha\",\"Dorival Junior\",\"futebol\",\"SE Palmeiras\",\"Sele\u00e7\u00e3o Brasileira\",\"Tite\"],\"articleSection\":[\"copa do mundo catar 2022\",\"futebol\",\"Sele\u00e7\u00e3o Brasileira\"],\"inLanguage\":\"pt-BR\",\"potentialAction\":[{\"@type\":\"CommentAction\",\"name\":\"Comment\",\"target\":[\"https:\\\/\\\/blogdoprosperi.com\\\/?p=39075#respond\"]}]},{\"@type\":\"WebPage\",\"@id\":\"https:\\\/\\\/blogdoprosperi.com\\\/?p=39075\",\"url\":\"https:\\\/\\\/blogdoprosperi.com\\\/?p=39075\",\"name\":\"Torcedor brasileiro rejeita t\u00e9cnico estrangeiro na Sele\u00e7\u00e3o, CBF est\u00e1 amarrada - PR\u00d3SPERI NEWS\",\"isPartOf\":{\"@id\":\"https:\\\/\\\/blogdoprosperi.com\\\/#website\"},\"primaryImageOfPage\":{\"@id\":\"https:\\\/\\\/blogdoprosperi.com\\\/?p=39075#primaryimage\"},\"image\":{\"@id\":\"https:\\\/\\\/blogdoprosperi.com\\\/?p=39075#primaryimage\"},\"thumbnailUrl\":\"https:\\\/\\\/i0.wp.com\\\/blogdoprosperi.com\\\/wp-content\\\/uploads\\\/2022\\\/08\\\/51845766440_143abb51a9_w-1.jpg?fit=400%2C267&ssl=1\",\"datePublished\":\"2022-08-08T15:17:55+00:00\",\"dateModified\":\"2022-08-11T18:16:10+00:00\",\"breadcrumb\":{\"@id\":\"https:\\\/\\\/blogdoprosperi.com\\\/?p=39075#breadcrumb\"},\"inLanguage\":\"pt-BR\",\"potentialAction\":[{\"@type\":\"ReadAction\",\"target\":[\"https:\\\/\\\/blogdoprosperi.com\\\/?p=39075\"]}]},{\"@type\":\"ImageObject\",\"inLanguage\":\"pt-BR\",\"@id\":\"https:\\\/\\\/blogdoprosperi.com\\\/?p=39075#primaryimage\",\"url\":\"https:\\\/\\\/i0.wp.com\\\/blogdoprosperi.com\\\/wp-content\\\/uploads\\\/2022\\\/08\\\/51845766440_143abb51a9_w-1.jpg?fit=400%2C267&ssl=1\",\"contentUrl\":\"https:\\\/\\\/i0.wp.com\\\/blogdoprosperi.com\\\/wp-content\\\/uploads\\\/2022\\\/08\\\/51845766440_143abb51a9_w-1.jpg?fit=400%2C267&ssl=1\",\"width\":400,\"height\":267,\"caption\":\"foto: CBF\"},{\"@type\":\"BreadcrumbList\",\"@id\":\"https:\\\/\\\/blogdoprosperi.com\\\/?p=39075#breadcrumb\",\"itemListElement\":[{\"@type\":\"ListItem\",\"position\":1,\"name\":\"In\u00edcio\",\"item\":\"https:\\\/\\\/blogdoprosperi.com\\\/\"},{\"@type\":\"ListItem\",\"position\":2,\"name\":\"Torcedor brasileiro rejeita t\u00e9cnico estrangeiro na Sele\u00e7\u00e3o, CBF est\u00e1 amarrada\"}]},{\"@type\":\"WebSite\",\"@id\":\"https:\\\/\\\/blogdoprosperi.com\\\/#website\",\"url\":\"https:\\\/\\\/blogdoprosperi.com\\\/\",\"name\":\"PR\u00d3SPERI NEWS\",\"description\":\"TUDO \u00c9  FUTEBOL\",\"publisher\":{\"@id\":\"https:\\\/\\\/blogdoprosperi.com\\\/#\\\/schema\\\/person\\\/38100755ce3601861ee4fab9b5aa78e9\"},\"alternateName\":\"blogdoprosperi.com\",\"potentialAction\":[{\"@type\":\"SearchAction\",\"target\":{\"@type\":\"EntryPoint\",\"urlTemplate\":\"https:\\\/\\\/blogdoprosperi.com\\\/?s={search_term_string}\"},\"query-input\":{\"@type\":\"PropertyValueSpecification\",\"valueRequired\":true,\"valueName\":\"search_term_string\"}}],\"inLanguage\":\"pt-BR\"},{\"@type\":[\"Person\",\"Organization\"],\"@id\":\"https:\\\/\\\/blogdoprosperi.com\\\/#\\\/schema\\\/person\\\/38100755ce3601861ee4fab9b5aa78e9\",\"name\":\"Luiz Ant\u00f4nio Pr\u00f3speri\",\"pronouns\":\"ele\",\"image\":{\"@type\":\"ImageObject\",\"inLanguage\":\"pt-BR\",\"@id\":\"https:\\\/\\\/i0.wp.com\\\/blogdoprosperi.com\\\/wp-content\\\/uploads\\\/2026\\\/05\\\/cropped-8059e613-6002-42fa-961e-8e275f575d71-2-5.jpg?fit=1360%2C931&ssl=1\",\"url\":\"https:\\\/\\\/i0.wp.com\\\/blogdoprosperi.com\\\/wp-content\\\/uploads\\\/2026\\\/05\\\/cropped-8059e613-6002-42fa-961e-8e275f575d71-2-5.jpg?fit=1360%2C931&ssl=1\",\"contentUrl\":\"https:\\\/\\\/i0.wp.com\\\/blogdoprosperi.com\\\/wp-content\\\/uploads\\\/2026\\\/05\\\/cropped-8059e613-6002-42fa-961e-8e275f575d71-2-5.jpg?fit=1360%2C931&ssl=1\",\"width\":1360,\"height\":931,\"caption\":\"Luiz Ant\u00f4nio Pr\u00f3speri\"},\"logo\":{\"@id\":\"https:\\\/\\\/i0.wp.com\\\/blogdoprosperi.com\\\/wp-content\\\/uploads\\\/2026\\\/05\\\/cropped-8059e613-6002-42fa-961e-8e275f575d71-2-5.jpg?fit=1360%2C931&ssl=1\"},\"description\":\"Jornalista com carreira dedicada ao esporte. Cobriu 9 Copas do Mundo in loco, 1990 na It\u00e1lia, 1994 nos EUA, 1998 na Fran\u00e7a, 2002 na Coreia do Sul e Jap\u00e3o, 2006 na Alemanha, 2010 na \u00c1frica do Sul, 2014 no Brasil, 2018 na R\u00fassia e 2022 no Qatar. Eurocopas, 1992 na Su\u00e9cia e 1996 na Inglaterra. Copa das Confedera\u00e7\u00f5es de 2005 na Alemanha e 2009 na \u00c1frica do Sul. Rep\u00f3rter e Editor, trabalhou no Jornal da Tarde e Estad\u00e3o, de 1984 a fevereiro de 2016. Colunista, blogueiro. E comentarista de futebol na R\u00e1dio Estad\u00e3o, de 2013 a fevereiro de 2016. Jornalista respons\u00e1vel do \\\"Pr\u00f3speri News\\\" (blogdoprosperi.com).\",\"sameAs\":[\"http:\\\/\\\/blogdoprosperi.com\",\"Luiz Pr\u00f3speri\",\"@luiz_prosperi\",\"https:\\\/\\\/x.com\\\/Luizprosperi\",\"@prosperinacopa\",\"luiz.prosperi@icloud.com\"],\"url\":\"https:\\\/\\\/blogdoprosperi.com\\\/?author=102107496\"}]}<\/script>\n<!-- \/ Yoast SEO plugin. -->","yoast_head_json":{"title":"Torcedor brasileiro rejeita t\u00e9cnico estrangeiro na Sele\u00e7\u00e3o, CBF est\u00e1 amarrada - PR\u00d3SPERI NEWS","robots":{"index":"index","follow":"follow","max-snippet":"max-snippet:-1","max-image-preview":"max-image-preview:large","max-video-preview":"max-video-preview:-1"},"canonical":"https:\/\/blogdoprosperi.com\/?p=39075","og_locale":"pt_BR","og_type":"article","og_title":"Torcedor brasileiro rejeita t\u00e9cnico estrangeiro na Sele\u00e7\u00e3o, CBF est\u00e1 amarrada - PR\u00d3SPERI NEWS","og_description":"Pesquisa DataFolha indica rejei\u00e7\u00e3o da popula\u00e7\u00e3o brasileira a t\u00e9cnico estrangeiro na Sele\u00e7\u00e3o. CBF pode renovar com Tite at\u00e9 2026","og_url":"https:\/\/blogdoprosperi.com\/?p=39075","og_site_name":"PR\u00d3SPERI NEWS","article_publisher":"Luiz Pr\u00f3speri","article_author":"Luiz Pr\u00f3speri","article_published_time":"2022-08-08T15:17:55+00:00","article_modified_time":"2022-08-11T18:16:10+00:00","og_image":[{"width":400,"height":267,"url":"https:\/\/i0.wp.com\/blogdoprosperi.com\/wp-content\/uploads\/2022\/08\/51845766440_143abb51a9_w-1.jpg?fit=400%2C267&ssl=1","type":"image\/jpeg"}],"author":"Luiz Ant\u00f4nio Pr\u00f3speri","twitter_card":"summary_large_image","twitter_creator":"@Luizprosperi","twitter_site":"@Luizprosperi","twitter_misc":{"Escrito por":"Luiz Ant\u00f4nio Pr\u00f3speri","Est. tempo de leitura":"3 minutos"},"schema":{"@context":"https:\/\/schema.org","@graph":[{"@type":"Article","@id":"https:\/\/blogdoprosperi.com\/?p=39075#article","isPartOf":{"@id":"https:\/\/blogdoprosperi.com\/?p=39075"},"author":{"name":"Luiz Ant\u00f4nio Pr\u00f3speri","@id":"https:\/\/blogdoprosperi.com\/#\/schema\/person\/38100755ce3601861ee4fab9b5aa78e9"},"headline":"Torcedor brasileiro rejeita t\u00e9cnico estrangeiro na Sele\u00e7\u00e3o, CBF est\u00e1 amarrada","datePublished":"2022-08-08T15:17:55+00:00","dateModified":"2022-08-11T18:16:10+00:00","mainEntityOfPage":{"@id":"https:\/\/blogdoprosperi.com\/?p=39075"},"wordCount":707,"commentCount":0,"publisher":{"@id":"https:\/\/blogdoprosperi.com\/#\/schema\/person\/38100755ce3601861ee4fab9b5aa78e9"},"image":{"@id":"https:\/\/blogdoprosperi.com\/?p=39075#primaryimage"},"thumbnailUrl":"https:\/\/i0.wp.com\/blogdoprosperi.com\/wp-content\/uploads\/2022\/08\/51845766440_143abb51a9_w-1.jpg?fit=400%2C267&ssl=1","keywords":["abel ferreira","CBF","copa do mundo catar 2022","CR Flamengo","datafolha","Dorival Junior","futebol","SE Palmeiras","Sele\u00e7\u00e3o Brasileira","Tite"],"articleSection":["copa do mundo catar 2022","futebol","Sele\u00e7\u00e3o Brasileira"],"inLanguage":"pt-BR","potentialAction":[{"@type":"CommentAction","name":"Comment","target":["https:\/\/blogdoprosperi.com\/?p=39075#respond"]}]},{"@type":"WebPage","@id":"https:\/\/blogdoprosperi.com\/?p=39075","url":"https:\/\/blogdoprosperi.com\/?p=39075","name":"Torcedor brasileiro rejeita t\u00e9cnico estrangeiro na Sele\u00e7\u00e3o, CBF est\u00e1 amarrada - PR\u00d3SPERI NEWS","isPartOf":{"@id":"https:\/\/blogdoprosperi.com\/#website"},"primaryImageOfPage":{"@id":"https:\/\/blogdoprosperi.com\/?p=39075#primaryimage"},"image":{"@id":"https:\/\/blogdoprosperi.com\/?p=39075#primaryimage"},"thumbnailUrl":"https:\/\/i0.wp.com\/blogdoprosperi.com\/wp-content\/uploads\/2022\/08\/51845766440_143abb51a9_w-1.jpg?fit=400%2C267&ssl=1","datePublished":"2022-08-08T15:17:55+00:00","dateModified":"2022-08-11T18:16:10+00:00","breadcrumb":{"@id":"https:\/\/blogdoprosperi.com\/?p=39075#breadcrumb"},"inLanguage":"pt-BR","potentialAction":[{"@type":"ReadAction","target":["https:\/\/blogdoprosperi.com\/?p=39075"]}]},{"@type":"ImageObject","inLanguage":"pt-BR","@id":"https:\/\/blogdoprosperi.com\/?p=39075#primaryimage","url":"https:\/\/i0.wp.com\/blogdoprosperi.com\/wp-content\/uploads\/2022\/08\/51845766440_143abb51a9_w-1.jpg?fit=400%2C267&ssl=1","contentUrl":"https:\/\/i0.wp.com\/blogdoprosperi.com\/wp-content\/uploads\/2022\/08\/51845766440_143abb51a9_w-1.jpg?fit=400%2C267&ssl=1","width":400,"height":267,"caption":"foto: CBF"},{"@type":"BreadcrumbList","@id":"https:\/\/blogdoprosperi.com\/?p=39075#breadcrumb","itemListElement":[{"@type":"ListItem","position":1,"name":"In\u00edcio","item":"https:\/\/blogdoprosperi.com\/"},{"@type":"ListItem","position":2,"name":"Torcedor brasileiro rejeita t\u00e9cnico estrangeiro na Sele\u00e7\u00e3o, CBF est\u00e1 amarrada"}]},{"@type":"WebSite","@id":"https:\/\/blogdoprosperi.com\/#website","url":"https:\/\/blogdoprosperi.com\/","name":"PR\u00d3SPERI NEWS","description":"TUDO \u00c9  FUTEBOL","publisher":{"@id":"https:\/\/blogdoprosperi.com\/#\/schema\/person\/38100755ce3601861ee4fab9b5aa78e9"},"alternateName":"blogdoprosperi.com","potentialAction":[{"@type":"SearchAction","target":{"@type":"EntryPoint","urlTemplate":"https:\/\/blogdoprosperi.com\/?s={search_term_string}"},"query-input":{"@type":"PropertyValueSpecification","valueRequired":true,"valueName":"search_term_string"}}],"inLanguage":"pt-BR"},{"@type":["Person","Organization"],"@id":"https:\/\/blogdoprosperi.com\/#\/schema\/person\/38100755ce3601861ee4fab9b5aa78e9","name":"Luiz Ant\u00f4nio Pr\u00f3speri","pronouns":"ele","image":{"@type":"ImageObject","inLanguage":"pt-BR","@id":"https:\/\/i0.wp.com\/blogdoprosperi.com\/wp-content\/uploads\/2026\/05\/cropped-8059e613-6002-42fa-961e-8e275f575d71-2-5.jpg?fit=1360%2C931&ssl=1","url":"https:\/\/i0.wp.com\/blogdoprosperi.com\/wp-content\/uploads\/2026\/05\/cropped-8059e613-6002-42fa-961e-8e275f575d71-2-5.jpg?fit=1360%2C931&ssl=1","contentUrl":"https:\/\/i0.wp.com\/blogdoprosperi.com\/wp-content\/uploads\/2026\/05\/cropped-8059e613-6002-42fa-961e-8e275f575d71-2-5.jpg?fit=1360%2C931&ssl=1","width":1360,"height":931,"caption":"Luiz Ant\u00f4nio Pr\u00f3speri"},"logo":{"@id":"https:\/\/i0.wp.com\/blogdoprosperi.com\/wp-content\/uploads\/2026\/05\/cropped-8059e613-6002-42fa-961e-8e275f575d71-2-5.jpg?fit=1360%2C931&ssl=1"},"description":"Jornalista com carreira dedicada ao esporte. Cobriu 9 Copas do Mundo in loco, 1990 na It\u00e1lia, 1994 nos EUA, 1998 na Fran\u00e7a, 2002 na Coreia do Sul e Jap\u00e3o, 2006 na Alemanha, 2010 na \u00c1frica do Sul, 2014 no Brasil, 2018 na R\u00fassia e 2022 no Qatar. Eurocopas, 1992 na Su\u00e9cia e 1996 na Inglaterra. Copa das Confedera\u00e7\u00f5es de 2005 na Alemanha e 2009 na \u00c1frica do Sul. Rep\u00f3rter e Editor, trabalhou no Jornal da Tarde e Estad\u00e3o, de 1984 a fevereiro de 2016. Colunista, blogueiro. E comentarista de futebol na R\u00e1dio Estad\u00e3o, de 2013 a fevereiro de 2016. Jornalista respons\u00e1vel do \"Pr\u00f3speri News\" (blogdoprosperi.com).","sameAs":["http:\/\/blogdoprosperi.com","Luiz Pr\u00f3speri","@luiz_prosperi","https:\/\/x.com\/Luizprosperi","@prosperinacopa","luiz.prosperi@icloud.com"],"url":"https:\/\/blogdoprosperi.com\/?author=102107496"}]}},"jetpack_publicize_connections":[],"jetpack_likes_enabled":false,"jetpack_sharing_enabled":true,"jetpack_shortlink":"https:\/\/wp.me\/p7jvdk-aaf","jetpack-related-posts":[{"id":40868,"url":"https:\/\/blogdoprosperi.com\/?p=40868","url_meta":{"origin":39075,"position":0},"title":"Sele\u00e7\u00e3o Brasileira: Zidane n\u00e3o, Abel sim","author":"Luiz Ant\u00f4nio Pr\u00f3speri","date":"26 de dezembro de 2022","format":false,"excerpt":"DataFolha indica que 41% apoiam t\u00e9cnico estrangeiro para substituir Tite no comando da Sele\u00e7\u00e3o Brasileira","rel":"","context":"Em &quot;futebol&quot;","block_context":{"text":"futebol","link":"https:\/\/blogdoprosperi.com\/?cat=53870"},"img":{"alt_text":"","src":"https:\/\/i0.wp.com\/blogdoprosperi.com\/wp-content\/uploads\/2022\/08\/52276933292_a92b08b113_c.jpg?fit=800%2C450&ssl=1&resize=350%2C200","width":350,"height":200,"srcset":"https:\/\/i0.wp.com\/blogdoprosperi.com\/wp-content\/uploads\/2022\/08\/52276933292_a92b08b113_c.jpg?fit=800%2C450&ssl=1&resize=350%2C200 1x, https:\/\/i0.wp.com\/blogdoprosperi.com\/wp-content\/uploads\/2022\/08\/52276933292_a92b08b113_c.jpg?fit=800%2C450&ssl=1&resize=525%2C300 1.5x, https:\/\/i0.wp.com\/blogdoprosperi.com\/wp-content\/uploads\/2022\/08\/52276933292_a92b08b113_c.jpg?fit=800%2C450&ssl=1&resize=700%2C400 2x"},"classes":[]},{"id":41256,"url":"https:\/\/blogdoprosperi.com\/?p=41256","url_meta":{"origin":39075,"position":1},"title":"Caso Daniel Alves obriga refunda\u00e7\u00e3o da Sele\u00e7\u00e3o Brasileira","author":"Luiz Ant\u00f4nio Pr\u00f3speri","date":"23 de janeiro de 2023","format":false,"excerpt":"Na Sele\u00e7\u00e3o Brasileira n\u00e3o cabe mais \u00eddolos de uma noite, de rec\u00f4nditos de mans\u00f5es, de festas de lux\u00farias e prontos a cometer crimes contra mulheres. Sele\u00e7\u00e3o carece de uma refunda\u00e7\u00e3o","rel":"","context":"Em &quot;catar 2022&quot;","block_context":{"text":"catar 2022","link":"https:\/\/blogdoprosperi.com\/?cat=47094043"},"img":{"alt_text":"","src":"https:\/\/i0.wp.com\/blogdoprosperi.com\/wp-content\/uploads\/2023\/01\/csm_neymar_e_dani_alves_020f10438f.jpg?fit=940%2C585&ssl=1&resize=350%2C200","width":350,"height":200,"srcset":"https:\/\/i0.wp.com\/blogdoprosperi.com\/wp-content\/uploads\/2023\/01\/csm_neymar_e_dani_alves_020f10438f.jpg?fit=940%2C585&ssl=1&resize=350%2C200 1x, https:\/\/i0.wp.com\/blogdoprosperi.com\/wp-content\/uploads\/2023\/01\/csm_neymar_e_dani_alves_020f10438f.jpg?fit=940%2C585&ssl=1&resize=525%2C300 1.5x, https:\/\/i0.wp.com\/blogdoprosperi.com\/wp-content\/uploads\/2023\/01\/csm_neymar_e_dani_alves_020f10438f.jpg?fit=940%2C585&ssl=1&resize=700%2C400 2x"},"classes":[]},{"id":41540,"url":"https:\/\/blogdoprosperi.com\/?p=41540","url_meta":{"origin":39075,"position":2},"title":"Sele\u00e7\u00e3o nunca mais ser\u00e1 Brasileira","author":"Luiz Ant\u00f4nio Pr\u00f3speri","date":"25 de mar\u00e7o de 2023","format":false,"excerpt":"A Sele\u00e7\u00e3o Brasileira acabou. J\u00e1 n\u00e3o tinha mais poder sobre a camisa amarela e agora ter\u00e1 um maestro da Europa","rel":"","context":"Em &quot;catar 2022&quot;","block_context":{"text":"catar 2022","link":"https:\/\/blogdoprosperi.com\/?cat=47094043"},"img":{"alt_text":"Sele\u00e7\u00e3o nunca mais ser\u00e1 Brasileira","src":"https:\/\/i0.wp.com\/blogdoprosperi.com\/wp-content\/uploads\/2023\/03\/20230321133636_97.jpg?fit=910%2C631&ssl=1&resize=350%2C200","width":350,"height":200,"srcset":"https:\/\/i0.wp.com\/blogdoprosperi.com\/wp-content\/uploads\/2023\/03\/20230321133636_97.jpg?fit=910%2C631&ssl=1&resize=350%2C200 1x, https:\/\/i0.wp.com\/blogdoprosperi.com\/wp-content\/uploads\/2023\/03\/20230321133636_97.jpg?fit=910%2C631&ssl=1&resize=525%2C300 1.5x, https:\/\/i0.wp.com\/blogdoprosperi.com\/wp-content\/uploads\/2023\/03\/20230321133636_97.jpg?fit=910%2C631&ssl=1&resize=700%2C400 2x"},"classes":[]},{"id":40513,"url":"https:\/\/blogdoprosperi.com\/?p=40513","url_meta":{"origin":39075,"position":3},"title":"Guardiola, Diniz, Abel, esque\u00e7am. CBF trabalha com novo projeto de Sele\u00e7\u00e3o, t\u00e9cnico s\u00f3 em janeiro","author":"Luiz Ant\u00f4nio Pr\u00f3speri","date":"11 de dezembro de 2022","format":false,"excerpt":"Presidente Ednaldo CBF pensa primeiro em novo projeto de Sele\u00e7\u00e3o e escolher o t\u00e9cnico, moldado a esse modelo, em janeiro de 2023.","rel":"","context":"Em &quot;copa do mundo catar 2022&quot;","block_context":{"text":"copa do mundo catar 2022","link":"https:\/\/blogdoprosperi.com\/?cat=301049609"},"img":{"alt_text":"Guardiola \u00e9 tema de document\u00e1rio na Amazon Prime Video","src":"https:\/\/i0.wp.com\/blogdoprosperi.com\/wp-content\/uploads\/2022\/12\/gettyimages-1413449937.webp?fit=1200%2C675&ssl=1&resize=350%2C200","width":350,"height":200,"srcset":"https:\/\/i0.wp.com\/blogdoprosperi.com\/wp-content\/uploads\/2022\/12\/gettyimages-1413449937.webp?fit=1200%2C675&ssl=1&resize=350%2C200 1x, https:\/\/i0.wp.com\/blogdoprosperi.com\/wp-content\/uploads\/2022\/12\/gettyimages-1413449937.webp?fit=1200%2C675&ssl=1&resize=525%2C300 1.5x, https:\/\/i0.wp.com\/blogdoprosperi.com\/wp-content\/uploads\/2022\/12\/gettyimages-1413449937.webp?fit=1200%2C675&ssl=1&resize=700%2C400 2x, https:\/\/i0.wp.com\/blogdoprosperi.com\/wp-content\/uploads\/2022\/12\/gettyimages-1413449937.webp?fit=1200%2C675&ssl=1&resize=1050%2C600 3x"},"classes":[]},{"id":40442,"url":"https:\/\/blogdoprosperi.com\/?p=40442","url_meta":{"origin":39075,"position":4},"title":"CBF escolhe sucessor de Tite s\u00f3 em janeiro","author":"Luiz Ant\u00f4nio Pr\u00f3speri","date":"9 de dezembro de 2022","format":false,"excerpt":"Ednaldo Rodrigues, presidente da CBF, aguarda at\u00e9 janeiro para definir sucessor de Tite na Sele\u00e7\u00e3o Brasileira","rel":"","context":"Em &quot;copa do mundo catar 2022&quot;","block_context":{"text":"copa do mundo catar 2022","link":"https:\/\/blogdoprosperi.com\/?cat=301049609"},"img":{"alt_text":"","src":"https:\/\/i0.wp.com\/blogdoprosperi.com\/wp-content\/uploads\/2022\/12\/pbpuyf_e.jpeg?fit=1200%2C800&ssl=1&resize=350%2C200","width":350,"height":200,"srcset":"https:\/\/i0.wp.com\/blogdoprosperi.com\/wp-content\/uploads\/2022\/12\/pbpuyf_e.jpeg?fit=1200%2C800&ssl=1&resize=350%2C200 1x, https:\/\/i0.wp.com\/blogdoprosperi.com\/wp-content\/uploads\/2022\/12\/pbpuyf_e.jpeg?fit=1200%2C800&ssl=1&resize=525%2C300 1.5x, https:\/\/i0.wp.com\/blogdoprosperi.com\/wp-content\/uploads\/2022\/12\/pbpuyf_e.jpeg?fit=1200%2C800&ssl=1&resize=700%2C400 2x, https:\/\/i0.wp.com\/blogdoprosperi.com\/wp-content\/uploads\/2022\/12\/pbpuyf_e.jpeg?fit=1200%2C800&ssl=1&resize=1050%2C600 3x"},"classes":[]},{"id":41758,"url":"https:\/\/blogdoprosperi.com\/?p=41758","url_meta":{"origin":39075,"position":5},"title":"Guru de Tite chega em 2024 e renova\u00e7\u00e3o da Sele\u00e7\u00e3o corre risco","author":"Luiz Ant\u00f4nio Pr\u00f3speri","date":"20 de junho de 2023","format":false,"excerpt":"Chegada de Carlo Ancelotti em 2024 lan\u00e7a uma quest\u00e3o fundamental: como \u00e9 que fica o processo de remontagem da Sele\u00e7\u00e3o Brasileira?","rel":"","context":"Em &quot;catar 2022&quot;","block_context":{"text":"catar 2022","link":"https:\/\/blogdoprosperi.com\/?cat=47094043"},"img":{"alt_text":"","src":"https:\/\/i0.wp.com\/blogdoprosperi.com\/wp-content\/uploads\/2023\/06\/52989781650_5ca2b0913b_c.jpg?fit=800%2C477&ssl=1&resize=350%2C200","width":350,"height":200,"srcset":"https:\/\/i0.wp.com\/blogdoprosperi.com\/wp-content\/uploads\/2023\/06\/52989781650_5ca2b0913b_c.jpg?fit=800%2C477&ssl=1&resize=350%2C200 1x, https:\/\/i0.wp.com\/blogdoprosperi.com\/wp-content\/uploads\/2023\/06\/52989781650_5ca2b0913b_c.jpg?fit=800%2C477&ssl=1&resize=525%2C300 1.5x, https:\/\/i0.wp.com\/blogdoprosperi.com\/wp-content\/uploads\/2023\/06\/52989781650_5ca2b0913b_c.jpg?fit=800%2C477&ssl=1&resize=700%2C400 2x"},"classes":[]}],"jetpack_featured_media_url":"https:\/\/i0.wp.com\/blogdoprosperi.com\/wp-content\/uploads\/2022\/08\/51845766440_143abb51a9_w-1.jpg?fit=400%2C267&ssl=1","_links":{"self":[{"href":"https:\/\/blogdoprosperi.com\/index.php?rest_route=\/wp\/v2\/posts\/39075","targetHints":{"allow":["GET"]}}],"collection":[{"href":"https:\/\/blogdoprosperi.com\/index.php?rest_route=\/wp\/v2\/posts"}],"about":[{"href":"https:\/\/blogdoprosperi.com\/index.php?rest_route=\/wp\/v2\/types\/post"}],"author":[{"embeddable":true,"href":"https:\/\/blogdoprosperi.com\/index.php?rest_route=\/wp\/v2\/users\/102107496"}],"replies":[{"embeddable":true,"href":"https:\/\/blogdoprosperi.com\/index.php?rest_route=%2Fwp%2Fv2%2Fcomments&post=39075"}],"version-history":[{"count":22,"href":"https:\/\/blogdoprosperi.com\/index.php?rest_route=\/wp\/v2\/posts\/39075\/revisions"}],"predecessor-version":[{"id":39149,"href":"https:\/\/blogdoprosperi.com\/index.php?rest_route=\/wp\/v2\/posts\/39075\/revisions\/39149"}],"wp:featuredmedia":[{"embeddable":true,"href":"https:\/\/blogdoprosperi.com\/index.php?rest_route=\/wp\/v2\/media\/39101"}],"wp:attachment":[{"href":"https:\/\/blogdoprosperi.com\/index.php?rest_route=%2Fwp%2Fv2%2Fmedia&parent=39075"}],"wp:term":[{"taxonomy":"category","embeddable":true,"href":"https:\/\/blogdoprosperi.com\/index.php?rest_route=%2Fwp%2Fv2%2Fcategories&post=39075"},{"taxonomy":"post_tag","embeddable":true,"href":"https:\/\/blogdoprosperi.com\/index.php?rest_route=%2Fwp%2Fv2%2Ftags&post=39075"}],"curies":[{"name":"wp","href":"https:\/\/api.w.org\/{rel}","templated":true}]}}