{"id":39115,"date":"2022-08-08T15:36:50","date_gmt":"2022-08-08T18:36:50","guid":{"rendered":"https:\/\/blogdoprosperi.com\/?p=39115"},"modified":"2022-08-08T17:20:10","modified_gmt":"2022-08-08T20:20:10","slug":"quem-deve-ser-tecnico-da-selecao-brasileira-depois-da-copa-do-catar-2022","status":"publish","type":"post","link":"https:\/\/blogdoprosperi.com\/?p=39115","title":{"rendered":"Enquete &#8211; Quem deve ser o treinador da Sele\u00e7\u00e3o depois da Copa 2022?"},"content":{"rendered":"<div class=\"align crowdsignal-poll-wrapper\" data-crowdsignal-poll=\"{&quot;pollId&quot;:&quot;a7633bbb-5100-42b7-9dcb-22089a14c896&quot;,&quot;question&quot;:&quot;Vote no treinador de sua prefer\\u00eancia&quot;,&quot;answers&quot;:[{&quot;text&quot;:&quot;Cuca&quot;,&quot;answerId&quot;:&quot;aefef930-3de6-4ef1-bfba-1a181ba61cb5&quot;},{&quot;text&quot;:&quot;Dorival Junior&quot;,&quot;answerId&quot;:&quot;329da956-095a-4df0-a7db-ae4e8150812f&quot;},{&quot;text&quot;:&quot;Fernando Diniz&quot;,&quot;answerId&quot;:&quot;946a66e0-c785-41e0-a8cf-34c8a69f3872&quot;},{&quot;text&quot;:&quot;Rogerio Ceni&quot;,&quot;answerId&quot;:&quot;6fcf26e1-e40b-4ab3-a98b-33f33ed1989a&quot;},{&quot;text&quot;:&quot;Renato Ga\\u00facho&quot;,&quot;answerId&quot;:&quot;87b23913-9115-40ca-936c-307d0129a1fe&quot;},{&quot;text&quot;:&quot;Pep Guardiola&quot;,&quot;answerId&quot;:&quot;c1683b61-7153-4b86-9afc-b8c7c0540562&quot;},{&quot;text&quot;:&quot;Abel Ferreira&quot;,&quot;answerId&quot;:&quot;1e761018-14a5-40c2-beda-8b26f84c97ea&quot;},{&quot;text&quot;:&quot;Jorge Jesus&quot;,&quot;answerId&quot;:&quot;3e84de7a-e0b1-4cd3-bc56-cccd3cc56b95&quot;},{&quot;text&quot;:&quot;Carlo Ancelotti&quot;,&quot;answerId&quot;:&quot;a4727331-197a-437f-9cce-36c306324126&quot;}],&quot;className&quot;:&quot;is-style-buttons&quot;,&quot;isMultipleChoice&quot;:false,&quot;note&quot;:&quot;&quot;,&quot;submitButtonLabel&quot;:&quot;Enviar&quot;,&quot;confirmMessageType&quot;:&quot;results&quot;,&quot;borderWidth&quot;:2,&quot;borderRadius&quot;:0,&quot;hasBoxShadow&quot;:false,&quot;hasOneResponsePerComputer&quot;:false,&quot;randomizeAnswers&quot;:false,&quot;width&quot;:100,&quot;pollStatus&quot;:&quot;open&quot;,&quot;closedPollState&quot;:&quot;show-results&quot;,&quot;hideBranding&quot;:false,&quot;buttonAlignment&quot;:&quot;list&quot;,&quot;apiPollData&quot;:{&quot;id&quot;:11174756,&quot;question&quot;:&quot;Vote no treinador de sua prefer\\u00eancia&quot;,&quot;note&quot;:&quot;&quot;,&quot;settings&quot;:{&quot;title&quot;:&quot;Quem deve ser t\\u00e9cnico da Sele\\u00e7\\u00e3o Brasileira depois da Copa do Catar 2022?&quot;,&quot;after_vote&quot;:&quot;results&quot;,&quot;after_message&quot;:&quot;&quot;,&quot;randomize_answers&quot;:false,&quot;restrict_vote_repeat&quot;:false,&quot;captcha&quot;:false,&quot;multiple_choice&quot;:false,&quot;redirect_url&quot;:&quot;&quot;,&quot;close_status&quot;:&quot;open&quot;,&quot;close_after&quot;:false},&quot;answers&quot;:[{&quot;answer_text&quot;:&quot;Cuca&quot;,&quot;id&quot;:51124570,&quot;client_id&quot;:&quot;aefef930-3de6-4ef1-bfba-1a181ba61cb5&quot;},{&quot;answer_text&quot;:&quot;Dorival Junior&quot;,&quot;id&quot;:51124571,&quot;client_id&quot;:&quot;329da956-095a-4df0-a7db-ae4e8150812f&quot;},{&quot;answer_text&quot;:&quot;Fernando Diniz&quot;,&quot;id&quot;:51124572,&quot;client_id&quot;:&quot;946a66e0-c785-41e0-a8cf-34c8a69f3872&quot;},{&quot;answer_text&quot;:&quot;Rogerio Ceni&quot;,&quot;id&quot;:51124573,&quot;client_id&quot;:&quot;6fcf26e1-e40b-4ab3-a98b-33f33ed1989a&quot;},{&quot;answer_text&quot;:&quot;Renato Ga\\u00facho&quot;,&quot;id&quot;:51124574,&quot;client_id&quot;:&quot;87b23913-9115-40ca-936c-307d0129a1fe&quot;},{&quot;answer_text&quot;:&quot;Pep Guardiola&quot;,&quot;id&quot;:51124575,&quot;client_id&quot;:&quot;c1683b61-7153-4b86-9afc-b8c7c0540562&quot;},{&quot;answer_text&quot;:&quot;Abel Ferreira&quot;,&quot;id&quot;:51124576,&quot;client_id&quot;:&quot;1e761018-14a5-40c2-beda-8b26f84c97ea&quot;},{&quot;answer_text&quot;:&quot;Jorge Jesus&quot;,&quot;id&quot;:51124583,&quot;client_id&quot;:&quot;3e84de7a-e0b1-4cd3-bc56-cccd3cc56b95&quot;},{&quot;answer_text&quot;:&quot;Carlo Ancelotti&quot;,&quot;id&quot;:51124584,&quot;client_id&quot;:&quot;a4727331-197a-437f-9cce-36c306324126&quot;}],&quot;source_link&quot;:&quot;https:\\\/\\\/luizprosperi.wordpress.com&quot;,&quot;client_id&quot;:&quot;a7633bbb-5100-42b7-9dcb-22089a14c896&quot;}}\"><\/div>","protected":false},"excerpt":{"rendered":"","protected":false},"author":102107496,"featured_media":32279,"comment_status":"open","ping_status":"open","sticky":false,"template":"","format":"standard","meta":{"_coblocks_attr":"","_coblocks_dimensions":"","_coblocks_responsive_height":"","_coblocks_accordion_ie_support":"","_jetpack_newsletter_access":"","_jetpack_dont_email_post_to_subs":false,"_jetpack_newsletter_tier_id":0,"_jetpack_memberships_contains_paywalled_content":false,"_wpcom_ai_launchpad_first_post":false,"_jetpack_feature_clip_id":0,"_jetpack_memberships_contains_paid_content":false,"footnotes":"","jetpack_publicize_message":"","jetpack_publicize_feature_enabled":true,"jetpack_social_post_already_shared":false,"jetpack_social_options":{"image_generator_settings":{"template":"highway","default_image_id":0,"font":"","enabled":false},"version":2},"jetpack_post_was_ever_published":false},"categories":[53870],"tags":[789560560],"class_list":["post-39115","post","type-post","status-publish","format-standard","has-post-thumbnail","hentry","category-futebol","tag-futebol"],"yoast_head":"<!-- This site is optimized with the Yoast SEO plugin v28.4 - https:\/\/yoast.com\/product\/yoast-seo-wordpress\/ -->\n<title>Enquete - Quem deve ser o treinador da Sele\u00e7\u00e3o depois da Copa 2022? - PR\u00d3SPERI NEWS<\/title>\n<meta name=\"robots\" content=\"index, follow, max-snippet:-1, max-image-preview:large, max-video-preview:-1\" \/>\n<link rel=\"canonical\" href=\"https:\/\/blogdoprosperi.com\/?p=39115\" \/>\n<meta property=\"og:locale\" content=\"pt_BR\" \/>\n<meta property=\"og:type\" content=\"article\" \/>\n<meta property=\"og:title\" content=\"Enquete - Quem deve ser o treinador da Sele\u00e7\u00e3o depois da Copa 2022? - PR\u00d3SPERI NEWS\" \/>\n<meta property=\"og:url\" content=\"https:\/\/blogdoprosperi.com\/?p=39115\" \/>\n<meta property=\"og:site_name\" content=\"PR\u00d3SPERI NEWS\" \/>\n<meta property=\"article:publisher\" content=\"Luiz Pr\u00f3speri\" \/>\n<meta property=\"article:author\" content=\"Luiz Pr\u00f3speri\" \/>\n<meta property=\"article:published_time\" content=\"2022-08-08T18:36:50+00:00\" \/>\n<meta property=\"article:modified_time\" content=\"2022-08-08T20:20:10+00:00\" \/>\n<meta property=\"og:image\" content=\"https:\/\/i0.wp.com\/blogdoprosperi.com\/wp-content\/uploads\/2016\/11\/cbf-1.jpg?fit=620%2C390&ssl=1\" \/>\n\t<meta property=\"og:image:width\" content=\"620\" \/>\n\t<meta property=\"og:image:height\" content=\"390\" \/>\n\t<meta property=\"og:image:type\" content=\"image\/jpeg\" \/>\n<meta name=\"author\" content=\"Luiz Ant\u00f4nio Pr\u00f3speri\" \/>\n<meta name=\"twitter:card\" content=\"summary_large_image\" \/>\n<meta name=\"twitter:creator\" content=\"@Luizprosperi\" \/>\n<meta name=\"twitter:site\" content=\"@Luizprosperi\" \/>\n<meta name=\"twitter:label1\" content=\"Escrito por\" \/>\n\t<meta name=\"twitter:data1\" content=\"Luiz Ant\u00f4nio Pr\u00f3speri\" \/>\n<script type=\"application\/ld+json\" class=\"yoast-schema-graph\">{\"@context\":\"https:\\\/\\\/schema.org\",\"@graph\":[{\"@type\":\"Article\",\"@id\":\"https:\\\/\\\/blogdoprosperi.com\\\/?p=39115#article\",\"isPartOf\":{\"@id\":\"https:\\\/\\\/blogdoprosperi.com\\\/?p=39115\"},\"author\":{\"name\":\"Luiz Ant\u00f4nio Pr\u00f3speri\",\"@id\":\"https:\\\/\\\/blogdoprosperi.com\\\/#\\\/schema\\\/person\\\/38100755ce3601861ee4fab9b5aa78e9\"},\"headline\":\"Enquete &#8211; Quem deve ser o treinador da Sele\u00e7\u00e3o depois da Copa 2022?\",\"datePublished\":\"2022-08-08T18:36:50+00:00\",\"dateModified\":\"2022-08-08T20:20:10+00:00\",\"mainEntityOfPage\":{\"@id\":\"https:\\\/\\\/blogdoprosperi.com\\\/?p=39115\"},\"wordCount\":13,\"commentCount\":0,\"publisher\":{\"@id\":\"https:\\\/\\\/blogdoprosperi.com\\\/#\\\/schema\\\/person\\\/38100755ce3601861ee4fab9b5aa78e9\"},\"image\":{\"@id\":\"https:\\\/\\\/blogdoprosperi.com\\\/?p=39115#primaryimage\"},\"thumbnailUrl\":\"https:\\\/\\\/i0.wp.com\\\/blogdoprosperi.com\\\/wp-content\\\/uploads\\\/2016\\\/11\\\/cbf-1.jpg?fit=620%2C390&ssl=1\",\"keywords\":[\"futebol\"],\"articleSection\":[\"futebol\"],\"inLanguage\":\"pt-BR\",\"potentialAction\":[{\"@type\":\"CommentAction\",\"name\":\"Comment\",\"target\":[\"https:\\\/\\\/blogdoprosperi.com\\\/?p=39115#respond\"]}]},{\"@type\":\"WebPage\",\"@id\":\"https:\\\/\\\/blogdoprosperi.com\\\/?p=39115\",\"url\":\"https:\\\/\\\/blogdoprosperi.com\\\/?p=39115\",\"name\":\"Enquete - Quem deve ser o treinador da Sele\u00e7\u00e3o depois da Copa 2022? - PR\u00d3SPERI NEWS\",\"isPartOf\":{\"@id\":\"https:\\\/\\\/blogdoprosperi.com\\\/#website\"},\"primaryImageOfPage\":{\"@id\":\"https:\\\/\\\/blogdoprosperi.com\\\/?p=39115#primaryimage\"},\"image\":{\"@id\":\"https:\\\/\\\/blogdoprosperi.com\\\/?p=39115#primaryimage\"},\"thumbnailUrl\":\"https:\\\/\\\/i0.wp.com\\\/blogdoprosperi.com\\\/wp-content\\\/uploads\\\/2016\\\/11\\\/cbf-1.jpg?fit=620%2C390&ssl=1\",\"datePublished\":\"2022-08-08T18:36:50+00:00\",\"dateModified\":\"2022-08-08T20:20:10+00:00\",\"breadcrumb\":{\"@id\":\"https:\\\/\\\/blogdoprosperi.com\\\/?p=39115#breadcrumb\"},\"inLanguage\":\"pt-BR\",\"potentialAction\":[{\"@type\":\"ReadAction\",\"target\":[\"https:\\\/\\\/blogdoprosperi.com\\\/?p=39115\"]}]},{\"@type\":\"ImageObject\",\"inLanguage\":\"pt-BR\",\"@id\":\"https:\\\/\\\/blogdoprosperi.com\\\/?p=39115#primaryimage\",\"url\":\"https:\\\/\\\/i0.wp.com\\\/blogdoprosperi.com\\\/wp-content\\\/uploads\\\/2016\\\/11\\\/cbf-1.jpg?fit=620%2C390&ssl=1\",\"contentUrl\":\"https:\\\/\\\/i0.wp.com\\\/blogdoprosperi.com\\\/wp-content\\\/uploads\\\/2016\\\/11\\\/cbf-1.jpg?fit=620%2C390&ssl=1\",\"width\":620,\"height\":390,\"caption\":\"foto: CBF\"},{\"@type\":\"BreadcrumbList\",\"@id\":\"https:\\\/\\\/blogdoprosperi.com\\\/?p=39115#breadcrumb\",\"itemListElement\":[{\"@type\":\"ListItem\",\"position\":1,\"name\":\"In\u00edcio\",\"item\":\"https:\\\/\\\/blogdoprosperi.com\\\/\"},{\"@type\":\"ListItem\",\"position\":2,\"name\":\"Enquete &#8211; Quem deve ser o treinador da Sele\u00e7\u00e3o depois da Copa 2022?\"}]},{\"@type\":\"WebSite\",\"@id\":\"https:\\\/\\\/blogdoprosperi.com\\\/#website\",\"url\":\"https:\\\/\\\/blogdoprosperi.com\\\/\",\"name\":\"PR\u00d3SPERI NEWS\",\"description\":\"TUDO \u00c9  FUTEBOL\",\"publisher\":{\"@id\":\"https:\\\/\\\/blogdoprosperi.com\\\/#\\\/schema\\\/person\\\/38100755ce3601861ee4fab9b5aa78e9\"},\"alternateName\":\"blogdoprosperi.com\",\"potentialAction\":[{\"@type\":\"SearchAction\",\"target\":{\"@type\":\"EntryPoint\",\"urlTemplate\":\"https:\\\/\\\/blogdoprosperi.com\\\/?s={search_term_string}\"},\"query-input\":{\"@type\":\"PropertyValueSpecification\",\"valueRequired\":true,\"valueName\":\"search_term_string\"}}],\"inLanguage\":\"pt-BR\"},{\"@type\":[\"Person\",\"Organization\"],\"@id\":\"https:\\\/\\\/blogdoprosperi.com\\\/#\\\/schema\\\/person\\\/38100755ce3601861ee4fab9b5aa78e9\",\"name\":\"Luiz Ant\u00f4nio Pr\u00f3speri\",\"pronouns\":\"ele\",\"image\":{\"@type\":\"ImageObject\",\"inLanguage\":\"pt-BR\",\"@id\":\"https:\\\/\\\/i0.wp.com\\\/blogdoprosperi.com\\\/wp-content\\\/uploads\\\/2026\\\/05\\\/cropped-8059e613-6002-42fa-961e-8e275f575d71-2-5.jpg?fit=1360%2C931&ssl=1\",\"url\":\"https:\\\/\\\/i0.wp.com\\\/blogdoprosperi.com\\\/wp-content\\\/uploads\\\/2026\\\/05\\\/cropped-8059e613-6002-42fa-961e-8e275f575d71-2-5.jpg?fit=1360%2C931&ssl=1\",\"contentUrl\":\"https:\\\/\\\/i0.wp.com\\\/blogdoprosperi.com\\\/wp-content\\\/uploads\\\/2026\\\/05\\\/cropped-8059e613-6002-42fa-961e-8e275f575d71-2-5.jpg?fit=1360%2C931&ssl=1\",\"width\":1360,\"height\":931,\"caption\":\"Luiz Ant\u00f4nio Pr\u00f3speri\"},\"logo\":{\"@id\":\"https:\\\/\\\/i0.wp.com\\\/blogdoprosperi.com\\\/wp-content\\\/uploads\\\/2026\\\/05\\\/cropped-8059e613-6002-42fa-961e-8e275f575d71-2-5.jpg?fit=1360%2C931&ssl=1\"},\"description\":\"Jornalista com carreira dedicada ao esporte. Cobriu 9 Copas do Mundo in loco, 1990 na It\u00e1lia, 1994 nos EUA, 1998 na Fran\u00e7a, 2002 na Coreia do Sul e Jap\u00e3o, 2006 na Alemanha, 2010 na \u00c1frica do Sul, 2014 no Brasil, 2018 na R\u00fassia e 2022 no Qatar. Eurocopas, 1992 na Su\u00e9cia e 1996 na Inglaterra. Copa das Confedera\u00e7\u00f5es de 2005 na Alemanha e 2009 na \u00c1frica do Sul. Rep\u00f3rter e Editor, trabalhou no Jornal da Tarde e Estad\u00e3o, de 1984 a fevereiro de 2016. Colunista, blogueiro. E comentarista de futebol na R\u00e1dio Estad\u00e3o, de 2013 a fevereiro de 2016. Jornalista respons\u00e1vel do \\\"Pr\u00f3speri News\\\" (blogdoprosperi.com).\",\"sameAs\":[\"http:\\\/\\\/blogdoprosperi.com\",\"Luiz Pr\u00f3speri\",\"@luiz_prosperi\",\"https:\\\/\\\/x.com\\\/Luizprosperi\",\"@prosperinacopa\",\"luiz.prosperi@icloud.com\"],\"url\":\"https:\\\/\\\/blogdoprosperi.com\\\/?author=102107496\"}]}<\/script>\n<!-- \/ Yoast SEO plugin. -->","yoast_head_json":{"title":"Enquete - Quem deve ser o treinador da Sele\u00e7\u00e3o depois da Copa 2022? - PR\u00d3SPERI NEWS","robots":{"index":"index","follow":"follow","max-snippet":"max-snippet:-1","max-image-preview":"max-image-preview:large","max-video-preview":"max-video-preview:-1"},"canonical":"https:\/\/blogdoprosperi.com\/?p=39115","og_locale":"pt_BR","og_type":"article","og_title":"Enquete - Quem deve ser o treinador da Sele\u00e7\u00e3o depois da Copa 2022? - PR\u00d3SPERI NEWS","og_url":"https:\/\/blogdoprosperi.com\/?p=39115","og_site_name":"PR\u00d3SPERI NEWS","article_publisher":"Luiz Pr\u00f3speri","article_author":"Luiz Pr\u00f3speri","article_published_time":"2022-08-08T18:36:50+00:00","article_modified_time":"2022-08-08T20:20:10+00:00","og_image":[{"width":620,"height":390,"url":"https:\/\/i0.wp.com\/blogdoprosperi.com\/wp-content\/uploads\/2016\/11\/cbf-1.jpg?fit=620%2C390&ssl=1","type":"image\/jpeg"}],"author":"Luiz Ant\u00f4nio Pr\u00f3speri","twitter_card":"summary_large_image","twitter_creator":"@Luizprosperi","twitter_site":"@Luizprosperi","twitter_misc":{"Escrito por":"Luiz Ant\u00f4nio Pr\u00f3speri"},"schema":{"@context":"https:\/\/schema.org","@graph":[{"@type":"Article","@id":"https:\/\/blogdoprosperi.com\/?p=39115#article","isPartOf":{"@id":"https:\/\/blogdoprosperi.com\/?p=39115"},"author":{"name":"Luiz Ant\u00f4nio Pr\u00f3speri","@id":"https:\/\/blogdoprosperi.com\/#\/schema\/person\/38100755ce3601861ee4fab9b5aa78e9"},"headline":"Enquete &#8211; Quem deve ser o treinador da Sele\u00e7\u00e3o depois da Copa 2022?","datePublished":"2022-08-08T18:36:50+00:00","dateModified":"2022-08-08T20:20:10+00:00","mainEntityOfPage":{"@id":"https:\/\/blogdoprosperi.com\/?p=39115"},"wordCount":13,"commentCount":0,"publisher":{"@id":"https:\/\/blogdoprosperi.com\/#\/schema\/person\/38100755ce3601861ee4fab9b5aa78e9"},"image":{"@id":"https:\/\/blogdoprosperi.com\/?p=39115#primaryimage"},"thumbnailUrl":"https:\/\/i0.wp.com\/blogdoprosperi.com\/wp-content\/uploads\/2016\/11\/cbf-1.jpg?fit=620%2C390&ssl=1","keywords":["futebol"],"articleSection":["futebol"],"inLanguage":"pt-BR","potentialAction":[{"@type":"CommentAction","name":"Comment","target":["https:\/\/blogdoprosperi.com\/?p=39115#respond"]}]},{"@type":"WebPage","@id":"https:\/\/blogdoprosperi.com\/?p=39115","url":"https:\/\/blogdoprosperi.com\/?p=39115","name":"Enquete - Quem deve ser o treinador da Sele\u00e7\u00e3o depois da Copa 2022? - PR\u00d3SPERI NEWS","isPartOf":{"@id":"https:\/\/blogdoprosperi.com\/#website"},"primaryImageOfPage":{"@id":"https:\/\/blogdoprosperi.com\/?p=39115#primaryimage"},"image":{"@id":"https:\/\/blogdoprosperi.com\/?p=39115#primaryimage"},"thumbnailUrl":"https:\/\/i0.wp.com\/blogdoprosperi.com\/wp-content\/uploads\/2016\/11\/cbf-1.jpg?fit=620%2C390&ssl=1","datePublished":"2022-08-08T18:36:50+00:00","dateModified":"2022-08-08T20:20:10+00:00","breadcrumb":{"@id":"https:\/\/blogdoprosperi.com\/?p=39115#breadcrumb"},"inLanguage":"pt-BR","potentialAction":[{"@type":"ReadAction","target":["https:\/\/blogdoprosperi.com\/?p=39115"]}]},{"@type":"ImageObject","inLanguage":"pt-BR","@id":"https:\/\/blogdoprosperi.com\/?p=39115#primaryimage","url":"https:\/\/i0.wp.com\/blogdoprosperi.com\/wp-content\/uploads\/2016\/11\/cbf-1.jpg?fit=620%2C390&ssl=1","contentUrl":"https:\/\/i0.wp.com\/blogdoprosperi.com\/wp-content\/uploads\/2016\/11\/cbf-1.jpg?fit=620%2C390&ssl=1","width":620,"height":390,"caption":"foto: CBF"},{"@type":"BreadcrumbList","@id":"https:\/\/blogdoprosperi.com\/?p=39115#breadcrumb","itemListElement":[{"@type":"ListItem","position":1,"name":"In\u00edcio","item":"https:\/\/blogdoprosperi.com\/"},{"@type":"ListItem","position":2,"name":"Enquete &#8211; Quem deve ser o treinador da Sele\u00e7\u00e3o depois da Copa 2022?"}]},{"@type":"WebSite","@id":"https:\/\/blogdoprosperi.com\/#website","url":"https:\/\/blogdoprosperi.com\/","name":"PR\u00d3SPERI NEWS","description":"TUDO \u00c9  FUTEBOL","publisher":{"@id":"https:\/\/blogdoprosperi.com\/#\/schema\/person\/38100755ce3601861ee4fab9b5aa78e9"},"alternateName":"blogdoprosperi.com","potentialAction":[{"@type":"SearchAction","target":{"@type":"EntryPoint","urlTemplate":"https:\/\/blogdoprosperi.com\/?s={search_term_string}"},"query-input":{"@type":"PropertyValueSpecification","valueRequired":true,"valueName":"search_term_string"}}],"inLanguage":"pt-BR"},{"@type":["Person","Organization"],"@id":"https:\/\/blogdoprosperi.com\/#\/schema\/person\/38100755ce3601861ee4fab9b5aa78e9","name":"Luiz Ant\u00f4nio Pr\u00f3speri","pronouns":"ele","image":{"@type":"ImageObject","inLanguage":"pt-BR","@id":"https:\/\/i0.wp.com\/blogdoprosperi.com\/wp-content\/uploads\/2026\/05\/cropped-8059e613-6002-42fa-961e-8e275f575d71-2-5.jpg?fit=1360%2C931&ssl=1","url":"https:\/\/i0.wp.com\/blogdoprosperi.com\/wp-content\/uploads\/2026\/05\/cropped-8059e613-6002-42fa-961e-8e275f575d71-2-5.jpg?fit=1360%2C931&ssl=1","contentUrl":"https:\/\/i0.wp.com\/blogdoprosperi.com\/wp-content\/uploads\/2026\/05\/cropped-8059e613-6002-42fa-961e-8e275f575d71-2-5.jpg?fit=1360%2C931&ssl=1","width":1360,"height":931,"caption":"Luiz Ant\u00f4nio Pr\u00f3speri"},"logo":{"@id":"https:\/\/i0.wp.com\/blogdoprosperi.com\/wp-content\/uploads\/2026\/05\/cropped-8059e613-6002-42fa-961e-8e275f575d71-2-5.jpg?fit=1360%2C931&ssl=1"},"description":"Jornalista com carreira dedicada ao esporte. Cobriu 9 Copas do Mundo in loco, 1990 na It\u00e1lia, 1994 nos EUA, 1998 na Fran\u00e7a, 2002 na Coreia do Sul e Jap\u00e3o, 2006 na Alemanha, 2010 na \u00c1frica do Sul, 2014 no Brasil, 2018 na R\u00fassia e 2022 no Qatar. Eurocopas, 1992 na Su\u00e9cia e 1996 na Inglaterra. Copa das Confedera\u00e7\u00f5es de 2005 na Alemanha e 2009 na \u00c1frica do Sul. Rep\u00f3rter e Editor, trabalhou no Jornal da Tarde e Estad\u00e3o, de 1984 a fevereiro de 2016. Colunista, blogueiro. E comentarista de futebol na R\u00e1dio Estad\u00e3o, de 2013 a fevereiro de 2016. Jornalista respons\u00e1vel do \"Pr\u00f3speri News\" (blogdoprosperi.com).","sameAs":["http:\/\/blogdoprosperi.com","Luiz Pr\u00f3speri","@luiz_prosperi","https:\/\/x.com\/Luizprosperi","@prosperinacopa","luiz.prosperi@icloud.com"],"url":"https:\/\/blogdoprosperi.com\/?author=102107496"}]}},"jetpack_publicize_connections":[],"jetpack_likes_enabled":false,"jetpack_sharing_enabled":true,"jetpack_shortlink":"https:\/\/wp.me\/p7jvdk-aaT","jetpack-related-posts":[{"id":38941,"url":"https:\/\/blogdoprosperi.com\/?p=38941","url_meta":{"origin":39115,"position":0},"title":"Endrick do Palmeiras e a travessia da Copa Catar 2022","author":"Luiz Ant\u00f4nio Pr\u00f3speri","date":"13 de julho de 2022","format":false,"excerpt":"Sele\u00e7\u00e3o Brasileira tem pressa. O futebol brasileiro \u00e9 apressado por natureza. Chega a Copa do Mundo e come\u00e7a a busca nos confins por um novo fen\u00f4meno \u2013 \u00e9 da cultura do pa\u00eds metido a ter os mais talentosos jogadores da Terra. Por isso, anotem a\u00ed, Endrick, do Palmeiras, ser\u00e1 o\u2026","rel":"","context":"Em &quot;futebol&quot;","block_context":{"text":"futebol","link":"https:\/\/blogdoprosperi.com\/?cat=53870"},"img":{"alt_text":"","src":"https:\/\/i0.wp.com\/blogdoprosperi.com\/wp-content\/uploads\/2022\/07\/endrick-20042022110424799.jpg?fit=771%2C420&ssl=1&resize=350%2C200","width":350,"height":200,"srcset":"https:\/\/i0.wp.com\/blogdoprosperi.com\/wp-content\/uploads\/2022\/07\/endrick-20042022110424799.jpg?fit=771%2C420&ssl=1&resize=350%2C200 1x, https:\/\/i0.wp.com\/blogdoprosperi.com\/wp-content\/uploads\/2022\/07\/endrick-20042022110424799.jpg?fit=771%2C420&ssl=1&resize=525%2C300 1.5x, https:\/\/i0.wp.com\/blogdoprosperi.com\/wp-content\/uploads\/2022\/07\/endrick-20042022110424799.jpg?fit=771%2C420&ssl=1&resize=700%2C400 2x"},"classes":[]},{"id":40442,"url":"https:\/\/blogdoprosperi.com\/?p=40442","url_meta":{"origin":39115,"position":1},"title":"CBF escolhe sucessor de Tite s\u00f3 em janeiro","author":"Luiz Ant\u00f4nio Pr\u00f3speri","date":"9 de dezembro de 2022","format":false,"excerpt":"Ednaldo Rodrigues, presidente da CBF, aguarda at\u00e9 janeiro para definir sucessor de Tite na Sele\u00e7\u00e3o Brasileira","rel":"","context":"Em &quot;copa do mundo catar 2022&quot;","block_context":{"text":"copa do mundo catar 2022","link":"https:\/\/blogdoprosperi.com\/?cat=301049609"},"img":{"alt_text":"","src":"https:\/\/i0.wp.com\/blogdoprosperi.com\/wp-content\/uploads\/2022\/12\/pbpuyf_e.jpeg?fit=1200%2C800&ssl=1&resize=350%2C200","width":350,"height":200,"srcset":"https:\/\/i0.wp.com\/blogdoprosperi.com\/wp-content\/uploads\/2022\/12\/pbpuyf_e.jpeg?fit=1200%2C800&ssl=1&resize=350%2C200 1x, https:\/\/i0.wp.com\/blogdoprosperi.com\/wp-content\/uploads\/2022\/12\/pbpuyf_e.jpeg?fit=1200%2C800&ssl=1&resize=525%2C300 1.5x, https:\/\/i0.wp.com\/blogdoprosperi.com\/wp-content\/uploads\/2022\/12\/pbpuyf_e.jpeg?fit=1200%2C800&ssl=1&resize=700%2C400 2x, https:\/\/i0.wp.com\/blogdoprosperi.com\/wp-content\/uploads\/2022\/12\/pbpuyf_e.jpeg?fit=1200%2C800&ssl=1&resize=1050%2C600 3x"},"classes":[]},{"id":39075,"url":"https:\/\/blogdoprosperi.com\/?p=39075","url_meta":{"origin":39115,"position":2},"title":"Torcedor brasileiro rejeita t\u00e9cnico estrangeiro na Sele\u00e7\u00e3o, CBF est\u00e1 amarrada","author":"Luiz Ant\u00f4nio Pr\u00f3speri","date":"8 de agosto de 2022","format":false,"excerpt":"Pesquisa DataFolha indica rejei\u00e7\u00e3o da popula\u00e7\u00e3o brasileira a t\u00e9cnico estrangeiro na Sele\u00e7\u00e3o. CBF pode renovar com Tite at\u00e9 2026","rel":"","context":"Em &quot;copa do mundo catar 2022&quot;","block_context":{"text":"copa do mundo catar 2022","link":"https:\/\/blogdoprosperi.com\/?cat=301049609"},"img":{"alt_text":"","src":"https:\/\/i0.wp.com\/blogdoprosperi.com\/wp-content\/uploads\/2022\/08\/51845766440_143abb51a9_w-1.jpg?fit=400%2C267&ssl=1&resize=350%2C200","width":350,"height":200},"classes":[]},{"id":22443,"url":"https:\/\/blogdoprosperi.com\/?p=22443","url_meta":{"origin":39115,"position":3},"title":"Veja an\u00e1lise dos 23 jogadores da primeira convoca\u00e7\u00e3o de Tite","author":"Luiz Ant\u00f4nio Pr\u00f3speri","date":"22 de agosto de 2016","format":false,"excerpt":"Tite surpreendeu em pelo menos tr\u00eas nomes na sua primeira convoca\u00e7\u00e3o da Sele\u00e7\u00e3o Brasileira. Os mais destacados foram Taison, atacante do Shakhtar Donestk (Ucr\u00e2nia), o meia Giuliano, ex-Gr\u00eamio e hoje no Zenit (R\u00fassia), e Paulinho, ex-Corinthians e h\u00e1 oito meses no Guangzhou (China). O treinador recorreu ainda \u00e0 base dos\u2026","rel":"","context":"Em &quot;futebol&quot;","block_context":{"text":"futebol","link":"https:\/\/blogdoprosperi.com\/?cat=53870"},"img":{"alt_text":"","src":"https:\/\/i0.wp.com\/blogdoprosperi.com\/wp-content\/uploads\/2016\/08\/pro-16.jpg?resize=350%2C200","width":350,"height":200,"srcset":"https:\/\/i0.wp.com\/blogdoprosperi.com\/wp-content\/uploads\/2016\/08\/pro-16.jpg?resize=350%2C200 1x, https:\/\/i0.wp.com\/blogdoprosperi.com\/wp-content\/uploads\/2016\/08\/pro-16.jpg?resize=525%2C300 1.5x, https:\/\/i0.wp.com\/blogdoprosperi.com\/wp-content\/uploads\/2016\/08\/pro-16.jpg?resize=700%2C400 2x, https:\/\/i0.wp.com\/blogdoprosperi.com\/wp-content\/uploads\/2016\/08\/pro-16.jpg?resize=1050%2C600 3x, https:\/\/i0.wp.com\/blogdoprosperi.com\/wp-content\/uploads\/2016\/08\/pro-16.jpg?resize=1400%2C800 4x"},"classes":[]},{"id":38849,"url":"https:\/\/blogdoprosperi.com\/?p=38849","url_meta":{"origin":39115,"position":4},"title":"Messi levanta a ta\u00e7a, Neymar derruba l\u00e1grimas. Tite pode pagar a conta","author":"Luiz Ant\u00f4nio Pr\u00f3speri","date":"11 de julho de 2021","format":false,"excerpt":"Se a CBF estivesse navegando em \u00e1guas calmas, uma hora dessa Tite n\u00e3o seria mais t\u00e9cnico da Sele\u00e7\u00e3o Brasileira.","rel":"","context":"Em &quot;copa do mundo catar 2022&quot;","block_context":{"text":"copa do mundo catar 2022","link":"https:\/\/blogdoprosperi.com\/?cat=301049609"},"img":{"alt_text":"Argentina campe\u00e3 Copa Am\u00e9rica 2021","src":"https:\/\/i0.wp.com\/blogdoprosperi.com\/wp-content\/uploads\/2021\/07\/kcefarf2inn6vmg6o6qxr72bdi.jpg?fit=1200%2C787&ssl=1&resize=350%2C200","width":350,"height":200,"srcset":"https:\/\/i0.wp.com\/blogdoprosperi.com\/wp-content\/uploads\/2021\/07\/kcefarf2inn6vmg6o6qxr72bdi.jpg?fit=1200%2C787&ssl=1&resize=350%2C200 1x, https:\/\/i0.wp.com\/blogdoprosperi.com\/wp-content\/uploads\/2021\/07\/kcefarf2inn6vmg6o6qxr72bdi.jpg?fit=1200%2C787&ssl=1&resize=525%2C300 1.5x, https:\/\/i0.wp.com\/blogdoprosperi.com\/wp-content\/uploads\/2021\/07\/kcefarf2inn6vmg6o6qxr72bdi.jpg?fit=1200%2C787&ssl=1&resize=700%2C400 2x, https:\/\/i0.wp.com\/blogdoprosperi.com\/wp-content\/uploads\/2021\/07\/kcefarf2inn6vmg6o6qxr72bdi.jpg?fit=1200%2C787&ssl=1&resize=1050%2C600 3x"},"classes":[]},{"id":41256,"url":"https:\/\/blogdoprosperi.com\/?p=41256","url_meta":{"origin":39115,"position":5},"title":"Caso Daniel Alves obriga refunda\u00e7\u00e3o da Sele\u00e7\u00e3o Brasileira","author":"Luiz Ant\u00f4nio Pr\u00f3speri","date":"23 de janeiro de 2023","format":false,"excerpt":"Na Sele\u00e7\u00e3o Brasileira n\u00e3o cabe mais \u00eddolos de uma noite, de rec\u00f4nditos de mans\u00f5es, de festas de lux\u00farias e prontos a cometer crimes contra mulheres. Sele\u00e7\u00e3o carece de uma refunda\u00e7\u00e3o","rel":"","context":"Em &quot;catar 2022&quot;","block_context":{"text":"catar 2022","link":"https:\/\/blogdoprosperi.com\/?cat=47094043"},"img":{"alt_text":"","src":"https:\/\/i0.wp.com\/blogdoprosperi.com\/wp-content\/uploads\/2023\/01\/csm_neymar_e_dani_alves_020f10438f.jpg?fit=940%2C585&ssl=1&resize=350%2C200","width":350,"height":200,"srcset":"https:\/\/i0.wp.com\/blogdoprosperi.com\/wp-content\/uploads\/2023\/01\/csm_neymar_e_dani_alves_020f10438f.jpg?fit=940%2C585&ssl=1&resize=350%2C200 1x, https:\/\/i0.wp.com\/blogdoprosperi.com\/wp-content\/uploads\/2023\/01\/csm_neymar_e_dani_alves_020f10438f.jpg?fit=940%2C585&ssl=1&resize=525%2C300 1.5x, https:\/\/i0.wp.com\/blogdoprosperi.com\/wp-content\/uploads\/2023\/01\/csm_neymar_e_dani_alves_020f10438f.jpg?fit=940%2C585&ssl=1&resize=700%2C400 2x"},"classes":[]}],"jetpack_featured_media_url":"https:\/\/i0.wp.com\/blogdoprosperi.com\/wp-content\/uploads\/2016\/11\/cbf-1.jpg?fit=620%2C390&ssl=1","_links":{"self":[{"href":"https:\/\/blogdoprosperi.com\/index.php?rest_route=\/wp\/v2\/posts\/39115","targetHints":{"allow":["GET"]}}],"collection":[{"href":"https:\/\/blogdoprosperi.com\/index.php?rest_route=\/wp\/v2\/posts"}],"about":[{"href":"https:\/\/blogdoprosperi.com\/index.php?rest_route=\/wp\/v2\/types\/post"}],"author":[{"embeddable":true,"href":"https:\/\/blogdoprosperi.com\/index.php?rest_route=\/wp\/v2\/users\/102107496"}],"replies":[{"embeddable":true,"href":"https:\/\/blogdoprosperi.com\/index.php?rest_route=%2Fwp%2Fv2%2Fcomments&post=39115"}],"version-history":[{"count":8,"href":"https:\/\/blogdoprosperi.com\/index.php?rest_route=\/wp\/v2\/posts\/39115\/revisions"}],"predecessor-version":[{"id":39123,"href":"https:\/\/blogdoprosperi.com\/index.php?rest_route=\/wp\/v2\/posts\/39115\/revisions\/39123"}],"wp:featuredmedia":[{"embeddable":true,"href":"https:\/\/blogdoprosperi.com\/index.php?rest_route=\/wp\/v2\/media\/32279"}],"wp:attachment":[{"href":"https:\/\/blogdoprosperi.com\/index.php?rest_route=%2Fwp%2Fv2%2Fmedia&parent=39115"}],"wp:term":[{"taxonomy":"category","embeddable":true,"href":"https:\/\/blogdoprosperi.com\/index.php?rest_route=%2Fwp%2Fv2%2Fcategories&post=39115"},{"taxonomy":"post_tag","embeddable":true,"href":"https:\/\/blogdoprosperi.com\/index.php?rest_route=%2Fwp%2Fv2%2Ftags&post=39115"}],"curies":[{"name":"wp","href":"https:\/\/api.w.org\/{rel}","templated":true}]}}