{"id":39158,"date":"2022-08-15T17:26:05","date_gmt":"2022-08-15T20:26:05","guid":{"rendered":"https:\/\/blogdoprosperi.com\/?p=39158"},"modified":"2022-08-16T17:51:23","modified_gmt":"2022-08-16T20:51:23","slug":"guerra-dos-tronos-cresce-batalha-da-vaidade-entre-treinadores-no-futebol-brasileiro","status":"publish","type":"post","link":"https:\/\/blogdoprosperi.com\/?p=39158","title":{"rendered":"Guerra dos Tronos: acirra batalha da vaidade entre treinadores no futebol brasileiro &#8211; Cuca x Abel"},"content":{"rendered":"<p>Treinadores est\u00e3o guerra no futebol brasileiro nesta fase de fogo da temporada 2022. Em jogo, a hegemonia na Am\u00e9rica, a vaidade, a sobreviv\u00eancia no emprego, as conquistas dos principais campeonatos do pa\u00eds e a sucess\u00e3o de Tite na Sele\u00e7\u00e3o Brasileira.<\/p>\n<p>O mais irado, digamos, angustiado, \u00e9 <strong>Cuca<\/strong>, atual comandante do Atl\u00e9tico. Ao voltar ao time mineiro, ele se imaginava despachando <strong>Abel Ferreira<\/strong> e Palmeiras nas quartas de final da <strong>Libertadores<\/strong>. Teria assim pavimentado o caminho rumo ao \u00fanico t\u00edtulo que lhe escapou em 2021 e consolidado seu nome como herdeiro do trono de <strong>Tite.<\/strong><\/p>\n<p>Caiu at\u00f4nito nos dois jogos em que vencia, um por 2 a 0 e outro com 11 jogadores de seu time contra 9 de Abel.<\/p>\n<p>&#8220;Quando voc\u00ea est\u00e1 vencendo (<em>Abel<\/em>), tudo o que voc\u00ea faz \u00e9 perfeito, \u00e9 bonito, \u00e9 maravilhoso. Se voc\u00ea sai para o vesti\u00e1rio na hora dos p\u00eanaltis, escuta m\u00fasica e ganha, vira moda. E se perdesse? Quando voc\u00ea (<em>goleiro Weverton na decis\u00e3o de p\u00eanaltis contra Atl\u00e9tico<\/em>) cai seis vezes no mesmo canto e ganha \u00e9 legal. Voc\u00eas lembram do Muralha, que caiu seis vezes e perdeu, o que aconteceu? Quando voc\u00ea tem dois jogadores expulsos (<em>Palmeiras<\/em>), n\u00e3o passa nada, porque a cabe\u00e7a \u00e9 fria. Mas n\u00e3o foram cabe\u00e7a fria. Poderiam ter quebrado um jogador nosso&#8221;.<\/p>\n<p>&#8220;Se a derrota vem para eles nesse jogo (<em>Palmeiras x Atl\u00e9tico<\/em>), voc\u00eas estavam cobrando as duas expuls\u00f5es, as seis ca\u00eddas do goleiro no mesmo canto, o treinador que n\u00e3o ficou para os p\u00eanaltis, etc. Mas quando se ganha, tudo \u00e9 perfeito. Parab\u00e9ns para o Abel, parab\u00e9ns para o Palmeiras. Boa sorte. Pronto, falei!&#8221; \u2013 Cuca.<\/p>\n<p>Inconformismo de Cuca est\u00e1 atrelado \u00e0 terceira queda diante de Abel na Libertadores (<em>2020, 2021 e 2022<\/em>) e, por tabela, perda de pontos preciosos na sucess\u00e3o de Tite.<\/p>\n<p>Cuca se irritou, engoliu marimbondos ao ouvir Abel o aconselhar ap\u00f3s ser eliminado pelo Palmeiras no jogo do 11 contra 9.<\/p>\n<p>&#8220;O Cuca \u00e9 um treinador extremamente experiente, com muitos t\u00edtulos. Certamente, quando assistir a essa partida, ele vai perceber que tinha muitos jogadores por fora do nosso bloco, que tinham sete jogadores por fora do nosso bloco. E voc\u00ea tem que ter gente por dentro para atacar a nossa linha&#8230;&#8221; &nbsp;\u2013 disse Abel, sem nenhuma mod\u00e9stia.<\/p>\n<figure id=\"attachment_39095\" aria-describedby=\"caption-attachment-39095\" style=\"width: 940px\" class=\"wp-caption alignnone\"><img data-recalc-dims=\"1\" loading=\"lazy\" decoding=\"async\" data-attachment-id=\"39095\" data-permalink=\"https:\/\/blogdoprosperi.com\/?attachment_id=39095\" data-orig-file=\"https:\/\/i0.wp.com\/blogdoprosperi.com\/wp-content\/uploads\/2022\/08\/52252040128_4be82f6e15_o.jpg?fit=1920%2C1080&amp;ssl=1\" data-orig-size=\"1920,1080\" data-comments-opened=\"1\" data-image-meta=\"{&quot;aperture&quot;:&quot;0&quot;,&quot;credit&quot;:&quot;&quot;,&quot;camera&quot;:&quot;&quot;,&quot;caption&quot;:&quot;&quot;,&quot;created_timestamp&quot;:&quot;0&quot;,&quot;copyright&quot;:&quot;&quot;,&quot;focal_length&quot;:&quot;0&quot;,&quot;iso&quot;:&quot;0&quot;,&quot;shutter_speed&quot;:&quot;0&quot;,&quot;title&quot;:&quot;&quot;,&quot;orientation&quot;:&quot;0&quot;}\" data-image-title=\"Abel Ferreira remonta Palmeiras em 2025\" data-image-description=\"\" data-image-caption=\"&lt;p&gt;Abel n\u00e3o vai para o Sporting \u2013 foto: Cesar Greco \/ Ag Palmeiras&lt;\/p&gt;\n\" data-large-file=\"https:\/\/i0.wp.com\/blogdoprosperi.com\/wp-content\/uploads\/2022\/08\/52252040128_4be82f6e15_o.jpg?fit=940%2C529&amp;ssl=1\" class=\"size-large wp-image-39095\" src=\"https:\/\/i0.wp.com\/blogdoprosperi.com\/wp-content\/uploads\/2022\/08\/52252040128_4be82f6e15_o.jpg?resize=940%2C529&#038;ssl=1\" alt=\"\" width=\"940\" height=\"529\"><figcaption id=\"caption-attachment-39095\" class=\"wp-caption-text\">Abel Ferreira, do Palmeiras \u2013 foto: Cesar Greco \/ Ag Palmeiras<\/figcaption><\/figure>\n<p><strong>Mano Menezes,<\/strong> outro a ocupar a trincheira nesta guerra de egos, digamos, dos tronos, socorreu Cuca e ironizou Abel.<\/p>\n<p>&#8220;Voc\u00eas ouviram uma aula a\u00ed na semana passada (<em>Abel &#8216;ensinando&#8217; Cuca<\/em>), que tem que botar gente dentro do bloco e n\u00e3o pode s\u00f3 jogar fora do bloco, ent\u00e3o vamos trabalhar isso. \u00c9 necess\u00e1rio. Isso causa estabilidade maior para uma equipe construir&#8221; \u2013 disse <strong>Mano<\/strong>, minutos depois de o seu Inter vencer o Fluminense por 3 a 0.<\/p>\n<p>Neste mesmo fim de semana, <strong>Vitor Pereira<\/strong> chutava a compostura ao responder se tinha medo de perder o emprego ap\u00f3s derrota do <strong>Corinthians<\/strong> no cl\u00e1ssico contra Palmeiras.<\/p>\n<p>&#8220;Voc\u00ea deve estar a brincar comigo, cara. Deve estar a brincar comigo com essa pergunta. Eu, nesta fase da minha vida, da minha carreira, ter medo de perder emprego? Sabe quanto dinheiro eu tenho no banco, amigo? Eu tenho a vida estabilizada, n\u00e3o preciso&#8230; Estou aqui no Corinthians, se n\u00e3o for no Corinthians \u00e9 em outro clube qualquer. E quando eu quiser&#8230;&#8221; \u2013 Vitor Pereira.<\/p>\n<p>Um dia depois, tentou se redimir:<\/p>\n<p>&#8220;De fato, n\u00e3o me expressei da melhor forma, reagi a quente, enervado, sem paci\u00eancia, depois de uma derrota que para mim foi injusta. Mas, enfim, \u00e9 futebol. O que eu quis dizer, e provavelmente n\u00e3o me expressei da melhor forma, \u00e9 que n\u00e3o vim para o Corinthians por dinheiro porque, gra\u00e7as a Deus, ao trabalho e \u00e0 sorte, fui construindo a minha carreira sem me motivar por dinheiro&#8221; \u2013 disse <strong>Vitor<\/strong> \u00e0 imprensa de Portugal.<\/p>\n<p>Se voc\u00ea prestar aten\u00e7\u00e3o, essas rusgas entre treinadores e, por efeito, com a m\u00eddia em geral passa pelo sucesso de Abel Ferreira nos \u00faltimos dois anos pilotando o <strong>Palmeiras<\/strong>.<\/p>\n<p>Abel, parece, provoca essa irrita\u00e7\u00e3o a cada vit\u00f3ria de seu time e declara\u00e7\u00f5es fortes no p\u00f3s-jogo. N\u00e3o por acaso, evoca Tel\u00ea Santana \u2013 eleito h\u00e1 duas semanas o melhor treinador do Brasil pelos pr\u00f3prios t\u00e9cnicos em atividade ou n\u00e3o.<\/p>\n<p>Sucesso prematuro de Abel alimenta as trincheiras dessa <strong>Guerra dos Tronos<\/strong>, declarada sangrenta desde o <strong>7 a 1<\/strong> da Alemanha na Copa de 2014.<\/p>\n<p>Ao decreto do 7 a 1, se deu por consumado que o futebol brasileiro deveria varrer t\u00e9cnicos veteranos e al\u00e7ar os jovens ao comando dos principais clubes do pa\u00eds.<\/p>\n<p>Sa\u00edram os &#8220;velhinhos&#8221;, se instalaram os &#8220;imberbes&#8221; e nada aconteceu. De l\u00e1 para c\u00e1, sobressa\u00edram apenas Rogerio Ceni, Fernando Diniz e Maur\u00edcio Barbieri. E olha l\u00e1.<\/p>\n<figure id=\"attachment_37689\" aria-describedby=\"caption-attachment-37689\" style=\"width: 940px\" class=\"wp-caption alignnone\"><img data-recalc-dims=\"1\" loading=\"lazy\" decoding=\"async\" data-attachment-id=\"37689\" data-permalink=\"https:\/\/blogdoprosperi.com\/?attachment_id=37689\" data-orig-file=\"https:\/\/i0.wp.com\/blogdoprosperi.com\/wp-content\/uploads\/2019\/05\/33505743718_645f3db8b3_b.jpg?fit=1024%2C576&amp;ssl=1\" data-orig-size=\"1024,576\" data-comments-opened=\"1\" data-image-meta=\"{&quot;aperture&quot;:&quot;0&quot;,&quot;credit&quot;:&quot;&quot;,&quot;camera&quot;:&quot;&quot;,&quot;caption&quot;:&quot;&quot;,&quot;created_timestamp&quot;:&quot;0&quot;,&quot;copyright&quot;:&quot;&quot;,&quot;focal_length&quot;:&quot;0&quot;,&quot;iso&quot;:&quot;0&quot;,&quot;shutter_speed&quot;:&quot;0&quot;,&quot;title&quot;:&quot;&quot;,&quot;orientation&quot;:&quot;0&quot;}\" data-image-title=\"Fernando Diniz renova debate do futebol brasileiro com virada do Fluminense\" data-image-description=\"\" data-image-caption=\"&lt;p&gt;Fernando Diniz \u2013 foto: Fluminense&lt;\/p&gt;\n\" data-large-file=\"https:\/\/i0.wp.com\/blogdoprosperi.com\/wp-content\/uploads\/2019\/05\/33505743718_645f3db8b3_b.jpg?fit=940%2C529&amp;ssl=1\" class=\"size-large wp-image-37689\" src=\"https:\/\/i0.wp.com\/blogdoprosperi.com\/wp-content\/uploads\/2019\/05\/33505743718_645f3db8b3_b.jpg?resize=940%2C529&#038;ssl=1\" alt=\"\" width=\"940\" height=\"529\"><figcaption id=\"caption-attachment-37689\" class=\"wp-caption-text\">Fernando Diniz \u2013 foto: Fluminense<\/figcaption><\/figure>\n<p>De repente, do nada, aparecem o argentino Jorge Sampaoli e o portugu\u00eas Jorge Jesus em 2019. Na dire\u00e7\u00e3o do Flamengo, Jesus virou futebol brasileiro do avesso do avesso.<\/p>\n<p>Estava decretada nova ordem no pa\u00eds pentacampe\u00e3o do mundo: a vez era dos t\u00e9cnicos estrangeiros.<\/p>\n<p>Jesus foi embora, Sampaoli tamb\u00e9m. Come\u00e7aram a desembarcar, sem ordem cronol\u00f3gica: Abel Ferreira, Eduardo Coudet, Juan Vojvoda, Turco Mohamed, Paulo Souza, Vitor Pereira, Luis Castro, Cacique Medina, Fabi\u00e1n Bustos, Antonio Moreira, Gustavo Mor\u00ednigo, Miguel Angel Ramirez, Herm\u00e1n Crespo e outros menos votados.<\/p>\n<p>Nem todos sobreviveram, digamos, a maioria sucumbiu abrindo espa\u00e7os para as voltas de Dorival Junior, Cuca, Mano Menezes e Felip\u00e3o. E se acirrou ainda mais a vaidade no mundo dos t\u00e9cnicos.<\/p>\n<p>Neste momento, as espadas apontam em dire\u00e7\u00e3o a Abel Ferreira.<\/p>\n<p>Enquanto as batalhas se intensificam rodada ap\u00f3s rodada dos campeonatos, a imprensa se delicia em intermin\u00e1veis programas tipo mesa-redonda na TV e redes sociais com a verborragia dos treinadores.<\/p>\n<p>Aliviados, imperturb\u00e1veis e sem ser incomodados com a troca acirrada de flechas e lan\u00e7as entre os t\u00e9cnicos, aparecem os jogadores \u2013 verdadeiros espectadores da <strong>Guerra dos Tronos<\/strong>. Poucos s\u00e3o cobrados nesse game sem fim.<\/p>\n<p><span style=\"color:#000000;\"><strong><br \/>\nCopiar e colar:<\/strong><\/span><\/p>\n<div class=\"mc-column content-text active-extra-styles \">\n<p class=\"content-text__container \"><span style=\"color:#000000;\"><strong>Jorginho<\/strong>, t\u00e9cnico do Atl\u00e9tico-GO, afirmando que <strong>Abel<\/strong> Ferreira foi desrespeitoso com o \u00e1rbitro Ramon Abatti na vit\u00f3ria de virada do Palmeiras por 4 a 2 em junho:<\/span><\/p>\n<\/div>\n<div class=\"mc-column content-text active-extra-styles\">\n<p class=\"content-text__container\">\n<blockquote class=\"content-blockquote theme-border-color-primary-before\"><p><span style=\"color:#0000ff;\">&#8211; Quando voc\u00ea bate palma para o \u00e1rbitro est\u00e1 querendo literalmente \u201csacanear\u201d o juiz. Ent\u00e3o, \u00e9 uma coisa que me revolta como treinador, como brasileiro, porque vem no nosso pa\u00eds e est\u00e1 desrespeitando nosso pa\u00eds, nossos \u00e1rbitros, dizendo que ele \u00e9 cego, xingando de tudo quanto \u00e9 nome e nada aconteceu. Mas est\u00e1 tudo bem, vai ficar como choro de perdedor e as coisas passam e n\u00e3o acontece nada, mas quero deixar meu protesto &#8211; afirmou Jorginho.<\/span><\/p><\/blockquote>\n<\/div>\n","protected":false},"excerpt":{"rendered":"<p>Sucesso de Abel Ferreira no Palmeiras, ainda com pol\u00eamicas declara\u00e7\u00f5es, acirra batalhas entre t\u00e9cnicos como Cuca, Mano, Vitor Pereira e outros.<\/p>\n","protected":false},"author":102107496,"featured_media":39178,"comment_status":"open","ping_status":"open","sticky":false,"template":"","format":"standard","meta":{"_coblocks_attr":"","_coblocks_dimensions":"","_coblocks_responsive_height":"","_coblocks_accordion_ie_support":"","_jetpack_newsletter_access":"","_jetpack_dont_email_post_to_subs":false,"_jetpack_newsletter_tier_id":0,"_jetpack_memberships_contains_paywalled_content":false,"_wpcom_ai_launchpad_first_post":false,"_jetpack_feature_clip_id":0,"_jetpack_memberships_contains_paid_content":false,"footnotes":"","jetpack_publicize_message":"","jetpack_publicize_feature_enabled":true,"jetpack_social_post_already_shared":false,"jetpack_social_options":{"image_generator_settings":{"template":"highway","default_image_id":0,"font":"","enabled":false},"version":2},"jetpack_post_was_ever_published":false},"categories":[301049609,53870,728692669,174694],"tags":[4200771,177066,85954,63558320,104071,449299,789560560,41022108,789560580,1058715,287104,789560562,1814220,9570347],"class_list":["post-39158","post","type-post","status-publish","format-standard","has-post-thumbnail","hentry","category-copa-do-mundo-catar-2022","category-futebol","category-libertadores-2022","category-selecao-brasileira","tag-abel-ferreira","tag-corinthians","tag-cuca","tag-dorival-junior-2","tag-felipao","tag-flamengo","tag-futebol","tag-guerra-dos-tronos","tag-libertadores-2022","tag-mano-menezes","tag-palmeiras","tag-selecao-brasileira","tag-tite","tag-vitor-pereira"],"yoast_head":"<!-- This site is optimized with the Yoast SEO plugin v28.3 - https:\/\/yoast.com\/product\/yoast-seo-wordpress\/ -->\n<title>Guerra dos Tronos: acirra batalha da vaidade entre treinadores no futebol brasileiro - Cuca x Abel - PR\u00d3SPERI NEWS<\/title>\n<meta name=\"robots\" content=\"index, follow, max-snippet:-1, max-image-preview:large, max-video-preview:-1\" \/>\n<link rel=\"canonical\" href=\"https:\/\/blogdoprosperi.com\/?p=39158\" \/>\n<meta property=\"og:locale\" content=\"pt_BR\" \/>\n<meta property=\"og:type\" content=\"article\" \/>\n<meta property=\"og:title\" content=\"Guerra dos Tronos: acirra batalha da vaidade entre treinadores no futebol brasileiro - Cuca x Abel - PR\u00d3SPERI NEWS\" \/>\n<meta property=\"og:description\" content=\"Sucesso de Abel Ferreira no Palmeiras, ainda com pol\u00eamicas declara\u00e7\u00f5es, acirra batalhas entre t\u00e9cnicos como Cuca, Mano, Vitor Pereira e outros.\" \/>\n<meta property=\"og:url\" content=\"https:\/\/blogdoprosperi.com\/?p=39158\" \/>\n<meta property=\"og:site_name\" content=\"PR\u00d3SPERI NEWS\" \/>\n<meta property=\"article:publisher\" content=\"Luiz Pr\u00f3speri\" \/>\n<meta property=\"article:author\" content=\"Luiz Pr\u00f3speri\" \/>\n<meta property=\"article:published_time\" content=\"2022-08-15T20:26:05+00:00\" \/>\n<meta property=\"article:modified_time\" content=\"2022-08-16T20:51:23+00:00\" \/>\n<meta property=\"og:image\" content=\"https:\/\/i0.wp.com\/blogdoprosperi.com\/wp-content\/uploads\/2022\/08\/51337276841-6664c4d22c-4k.webp?fit=984%2C656&ssl=1\" \/>\n\t<meta property=\"og:image:width\" content=\"984\" \/>\n\t<meta property=\"og:image:height\" content=\"656\" \/>\n\t<meta property=\"og:image:type\" content=\"image\/webp\" \/>\n<meta name=\"author\" content=\"Luiz Ant\u00f4nio Pr\u00f3speri\" \/>\n<meta name=\"twitter:card\" content=\"summary_large_image\" \/>\n<meta name=\"twitter:creator\" content=\"@Luizprosperi\" \/>\n<meta name=\"twitter:site\" content=\"@Luizprosperi\" \/>\n<meta name=\"twitter:label1\" content=\"Escrito por\" \/>\n\t<meta name=\"twitter:data1\" content=\"Luiz Ant\u00f4nio Pr\u00f3speri\" \/>\n\t<meta name=\"twitter:label2\" content=\"Est. tempo de leitura\" \/>\n\t<meta name=\"twitter:data2\" content=\"6 minutos\" \/>\n<script type=\"application\/ld+json\" class=\"yoast-schema-graph\">{\"@context\":\"https:\\\/\\\/schema.org\",\"@graph\":[{\"@type\":\"Article\",\"@id\":\"https:\\\/\\\/blogdoprosperi.com\\\/?p=39158#article\",\"isPartOf\":{\"@id\":\"https:\\\/\\\/blogdoprosperi.com\\\/?p=39158\"},\"author\":{\"name\":\"Luiz Ant\u00f4nio Pr\u00f3speri\",\"@id\":\"https:\\\/\\\/blogdoprosperi.com\\\/#\\\/schema\\\/person\\\/38100755ce3601861ee4fab9b5aa78e9\"},\"headline\":\"Guerra dos Tronos: acirra batalha da vaidade entre treinadores no futebol brasileiro &#8211; Cuca x Abel\",\"datePublished\":\"2022-08-15T20:26:05+00:00\",\"dateModified\":\"2022-08-16T20:51:23+00:00\",\"mainEntityOfPage\":{\"@id\":\"https:\\\/\\\/blogdoprosperi.com\\\/?p=39158\"},\"wordCount\":1152,\"commentCount\":4,\"publisher\":{\"@id\":\"https:\\\/\\\/blogdoprosperi.com\\\/#\\\/schema\\\/person\\\/38100755ce3601861ee4fab9b5aa78e9\"},\"image\":{\"@id\":\"https:\\\/\\\/blogdoprosperi.com\\\/?p=39158#primaryimage\"},\"thumbnailUrl\":\"https:\\\/\\\/i0.wp.com\\\/blogdoprosperi.com\\\/wp-content\\\/uploads\\\/2022\\\/08\\\/51337276841-6664c4d22c-4k.webp?fit=984%2C656&ssl=1\",\"keywords\":[\"abel ferreira\",\"Corinthians\",\"Cuca\",\"Dorival Junior\",\"Felip\u00e3o\",\"Flamengo\",\"futebol\",\"guerra dos tronos\",\"Libertadores 2022\",\"Mano Menezes\",\"Palmeiras\",\"Sele\u00e7\u00e3o Brasileira\",\"Tite\",\"vitor pereira\"],\"articleSection\":[\"copa do mundo catar 2022\",\"futebol\",\"Libertadores 2022\",\"Sele\u00e7\u00e3o Brasileira\"],\"inLanguage\":\"pt-BR\",\"potentialAction\":[{\"@type\":\"CommentAction\",\"name\":\"Comment\",\"target\":[\"https:\\\/\\\/blogdoprosperi.com\\\/?p=39158#respond\"]}]},{\"@type\":\"WebPage\",\"@id\":\"https:\\\/\\\/blogdoprosperi.com\\\/?p=39158\",\"url\":\"https:\\\/\\\/blogdoprosperi.com\\\/?p=39158\",\"name\":\"Guerra dos Tronos: acirra batalha da vaidade entre treinadores no futebol brasileiro - Cuca x Abel - PR\u00d3SPERI NEWS\",\"isPartOf\":{\"@id\":\"https:\\\/\\\/blogdoprosperi.com\\\/#website\"},\"primaryImageOfPage\":{\"@id\":\"https:\\\/\\\/blogdoprosperi.com\\\/?p=39158#primaryimage\"},\"image\":{\"@id\":\"https:\\\/\\\/blogdoprosperi.com\\\/?p=39158#primaryimage\"},\"thumbnailUrl\":\"https:\\\/\\\/i0.wp.com\\\/blogdoprosperi.com\\\/wp-content\\\/uploads\\\/2022\\\/08\\\/51337276841-6664c4d22c-4k.webp?fit=984%2C656&ssl=1\",\"datePublished\":\"2022-08-15T20:26:05+00:00\",\"dateModified\":\"2022-08-16T20:51:23+00:00\",\"breadcrumb\":{\"@id\":\"https:\\\/\\\/blogdoprosperi.com\\\/?p=39158#breadcrumb\"},\"inLanguage\":\"pt-BR\",\"potentialAction\":[{\"@type\":\"ReadAction\",\"target\":[\"https:\\\/\\\/blogdoprosperi.com\\\/?p=39158\"]}]},{\"@type\":\"ImageObject\",\"inLanguage\":\"pt-BR\",\"@id\":\"https:\\\/\\\/blogdoprosperi.com\\\/?p=39158#primaryimage\",\"url\":\"https:\\\/\\\/i0.wp.com\\\/blogdoprosperi.com\\\/wp-content\\\/uploads\\\/2022\\\/08\\\/51337276841-6664c4d22c-4k.webp?fit=984%2C656&ssl=1\",\"contentUrl\":\"https:\\\/\\\/i0.wp.com\\\/blogdoprosperi.com\\\/wp-content\\\/uploads\\\/2022\\\/08\\\/51337276841-6664c4d22c-4k.webp?fit=984%2C656&ssl=1\",\"width\":984,\"height\":656,\"caption\":\"foto: Perdo Souza\\\/ Atl\u00e9tico-MG\"},{\"@type\":\"BreadcrumbList\",\"@id\":\"https:\\\/\\\/blogdoprosperi.com\\\/?p=39158#breadcrumb\",\"itemListElement\":[{\"@type\":\"ListItem\",\"position\":1,\"name\":\"In\u00edcio\",\"item\":\"https:\\\/\\\/blogdoprosperi.com\\\/\"},{\"@type\":\"ListItem\",\"position\":2,\"name\":\"Guerra dos Tronos: acirra batalha da vaidade entre treinadores no futebol brasileiro &#8211; Cuca x Abel\"}]},{\"@type\":\"WebSite\",\"@id\":\"https:\\\/\\\/blogdoprosperi.com\\\/#website\",\"url\":\"https:\\\/\\\/blogdoprosperi.com\\\/\",\"name\":\"PR\u00d3SPERI NEWS\",\"description\":\"TUDO \u00c9  FUTEBOL\",\"publisher\":{\"@id\":\"https:\\\/\\\/blogdoprosperi.com\\\/#\\\/schema\\\/person\\\/38100755ce3601861ee4fab9b5aa78e9\"},\"alternateName\":\"blogdoprosperi.com\",\"potentialAction\":[{\"@type\":\"SearchAction\",\"target\":{\"@type\":\"EntryPoint\",\"urlTemplate\":\"https:\\\/\\\/blogdoprosperi.com\\\/?s={search_term_string}\"},\"query-input\":{\"@type\":\"PropertyValueSpecification\",\"valueRequired\":true,\"valueName\":\"search_term_string\"}}],\"inLanguage\":\"pt-BR\"},{\"@type\":[\"Person\",\"Organization\"],\"@id\":\"https:\\\/\\\/blogdoprosperi.com\\\/#\\\/schema\\\/person\\\/38100755ce3601861ee4fab9b5aa78e9\",\"name\":\"Luiz Ant\u00f4nio Pr\u00f3speri\",\"pronouns\":\"ele\",\"image\":{\"@type\":\"ImageObject\",\"inLanguage\":\"pt-BR\",\"@id\":\"https:\\\/\\\/i0.wp.com\\\/blogdoprosperi.com\\\/wp-content\\\/uploads\\\/2026\\\/05\\\/cropped-8059e613-6002-42fa-961e-8e275f575d71-2-5.jpg?fit=1360%2C931&ssl=1\",\"url\":\"https:\\\/\\\/i0.wp.com\\\/blogdoprosperi.com\\\/wp-content\\\/uploads\\\/2026\\\/05\\\/cropped-8059e613-6002-42fa-961e-8e275f575d71-2-5.jpg?fit=1360%2C931&ssl=1\",\"contentUrl\":\"https:\\\/\\\/i0.wp.com\\\/blogdoprosperi.com\\\/wp-content\\\/uploads\\\/2026\\\/05\\\/cropped-8059e613-6002-42fa-961e-8e275f575d71-2-5.jpg?fit=1360%2C931&ssl=1\",\"width\":1360,\"height\":931,\"caption\":\"Luiz Ant\u00f4nio Pr\u00f3speri\"},\"logo\":{\"@id\":\"https:\\\/\\\/i0.wp.com\\\/blogdoprosperi.com\\\/wp-content\\\/uploads\\\/2026\\\/05\\\/cropped-8059e613-6002-42fa-961e-8e275f575d71-2-5.jpg?fit=1360%2C931&ssl=1\"},\"description\":\"Jornalista com carreira dedicada ao esporte. Cobriu 9 Copas do Mundo in loco, 1990 na It\u00e1lia, 1994 nos EUA, 1998 na Fran\u00e7a, 2002 na Coreia do Sul e Jap\u00e3o, 2006 na Alemanha, 2010 na \u00c1frica do Sul, 2014 no Brasil, 2018 na R\u00fassia e 2022 no Qatar. Eurocopas, 1992 na Su\u00e9cia e 1996 na Inglaterra. Copa das Confedera\u00e7\u00f5es de 2005 na Alemanha e 2009 na \u00c1frica do Sul. Rep\u00f3rter e Editor, trabalhou no Jornal da Tarde e Estad\u00e3o, de 1984 a fevereiro de 2016. Colunista, blogueiro. E comentarista de futebol na R\u00e1dio Estad\u00e3o, de 2013 a fevereiro de 2016. Jornalista respons\u00e1vel do \\\"Pr\u00f3speri News\\\" (blogdoprosperi.com).\",\"sameAs\":[\"http:\\\/\\\/blogdoprosperi.com\",\"Luiz Pr\u00f3speri\",\"@luiz_prosperi\",\"https:\\\/\\\/x.com\\\/Luizprosperi\",\"@prosperinacopa\",\"luiz.prosperi@icloud.com\"],\"url\":\"https:\\\/\\\/blogdoprosperi.com\\\/?author=102107496\"}]}<\/script>\n<!-- \/ Yoast SEO plugin. -->","yoast_head_json":{"title":"Guerra dos Tronos: acirra batalha da vaidade entre treinadores no futebol brasileiro - Cuca x Abel - PR\u00d3SPERI NEWS","robots":{"index":"index","follow":"follow","max-snippet":"max-snippet:-1","max-image-preview":"max-image-preview:large","max-video-preview":"max-video-preview:-1"},"canonical":"https:\/\/blogdoprosperi.com\/?p=39158","og_locale":"pt_BR","og_type":"article","og_title":"Guerra dos Tronos: acirra batalha da vaidade entre treinadores no futebol brasileiro - Cuca x Abel - PR\u00d3SPERI NEWS","og_description":"Sucesso de Abel Ferreira no Palmeiras, ainda com pol\u00eamicas declara\u00e7\u00f5es, acirra batalhas entre t\u00e9cnicos como Cuca, Mano, Vitor Pereira e outros.","og_url":"https:\/\/blogdoprosperi.com\/?p=39158","og_site_name":"PR\u00d3SPERI NEWS","article_publisher":"Luiz Pr\u00f3speri","article_author":"Luiz Pr\u00f3speri","article_published_time":"2022-08-15T20:26:05+00:00","article_modified_time":"2022-08-16T20:51:23+00:00","og_image":[{"width":984,"height":656,"url":"https:\/\/i0.wp.com\/blogdoprosperi.com\/wp-content\/uploads\/2022\/08\/51337276841-6664c4d22c-4k.webp?fit=984%2C656&ssl=1","type":"image\/webp"}],"author":"Luiz Ant\u00f4nio Pr\u00f3speri","twitter_card":"summary_large_image","twitter_creator":"@Luizprosperi","twitter_site":"@Luizprosperi","twitter_misc":{"Escrito por":"Luiz Ant\u00f4nio Pr\u00f3speri","Est. tempo de leitura":"6 minutos"},"schema":{"@context":"https:\/\/schema.org","@graph":[{"@type":"Article","@id":"https:\/\/blogdoprosperi.com\/?p=39158#article","isPartOf":{"@id":"https:\/\/blogdoprosperi.com\/?p=39158"},"author":{"name":"Luiz Ant\u00f4nio Pr\u00f3speri","@id":"https:\/\/blogdoprosperi.com\/#\/schema\/person\/38100755ce3601861ee4fab9b5aa78e9"},"headline":"Guerra dos Tronos: acirra batalha da vaidade entre treinadores no futebol brasileiro &#8211; Cuca x Abel","datePublished":"2022-08-15T20:26:05+00:00","dateModified":"2022-08-16T20:51:23+00:00","mainEntityOfPage":{"@id":"https:\/\/blogdoprosperi.com\/?p=39158"},"wordCount":1152,"commentCount":4,"publisher":{"@id":"https:\/\/blogdoprosperi.com\/#\/schema\/person\/38100755ce3601861ee4fab9b5aa78e9"},"image":{"@id":"https:\/\/blogdoprosperi.com\/?p=39158#primaryimage"},"thumbnailUrl":"https:\/\/i0.wp.com\/blogdoprosperi.com\/wp-content\/uploads\/2022\/08\/51337276841-6664c4d22c-4k.webp?fit=984%2C656&ssl=1","keywords":["abel ferreira","Corinthians","Cuca","Dorival Junior","Felip\u00e3o","Flamengo","futebol","guerra dos tronos","Libertadores 2022","Mano Menezes","Palmeiras","Sele\u00e7\u00e3o Brasileira","Tite","vitor pereira"],"articleSection":["copa do mundo catar 2022","futebol","Libertadores 2022","Sele\u00e7\u00e3o Brasileira"],"inLanguage":"pt-BR","potentialAction":[{"@type":"CommentAction","name":"Comment","target":["https:\/\/blogdoprosperi.com\/?p=39158#respond"]}]},{"@type":"WebPage","@id":"https:\/\/blogdoprosperi.com\/?p=39158","url":"https:\/\/blogdoprosperi.com\/?p=39158","name":"Guerra dos Tronos: acirra batalha da vaidade entre treinadores no futebol brasileiro - Cuca x Abel - PR\u00d3SPERI NEWS","isPartOf":{"@id":"https:\/\/blogdoprosperi.com\/#website"},"primaryImageOfPage":{"@id":"https:\/\/blogdoprosperi.com\/?p=39158#primaryimage"},"image":{"@id":"https:\/\/blogdoprosperi.com\/?p=39158#primaryimage"},"thumbnailUrl":"https:\/\/i0.wp.com\/blogdoprosperi.com\/wp-content\/uploads\/2022\/08\/51337276841-6664c4d22c-4k.webp?fit=984%2C656&ssl=1","datePublished":"2022-08-15T20:26:05+00:00","dateModified":"2022-08-16T20:51:23+00:00","breadcrumb":{"@id":"https:\/\/blogdoprosperi.com\/?p=39158#breadcrumb"},"inLanguage":"pt-BR","potentialAction":[{"@type":"ReadAction","target":["https:\/\/blogdoprosperi.com\/?p=39158"]}]},{"@type":"ImageObject","inLanguage":"pt-BR","@id":"https:\/\/blogdoprosperi.com\/?p=39158#primaryimage","url":"https:\/\/i0.wp.com\/blogdoprosperi.com\/wp-content\/uploads\/2022\/08\/51337276841-6664c4d22c-4k.webp?fit=984%2C656&ssl=1","contentUrl":"https:\/\/i0.wp.com\/blogdoprosperi.com\/wp-content\/uploads\/2022\/08\/51337276841-6664c4d22c-4k.webp?fit=984%2C656&ssl=1","width":984,"height":656,"caption":"foto: Perdo Souza\/ Atl\u00e9tico-MG"},{"@type":"BreadcrumbList","@id":"https:\/\/blogdoprosperi.com\/?p=39158#breadcrumb","itemListElement":[{"@type":"ListItem","position":1,"name":"In\u00edcio","item":"https:\/\/blogdoprosperi.com\/"},{"@type":"ListItem","position":2,"name":"Guerra dos Tronos: acirra batalha da vaidade entre treinadores no futebol brasileiro &#8211; Cuca x Abel"}]},{"@type":"WebSite","@id":"https:\/\/blogdoprosperi.com\/#website","url":"https:\/\/blogdoprosperi.com\/","name":"PR\u00d3SPERI NEWS","description":"TUDO \u00c9  FUTEBOL","publisher":{"@id":"https:\/\/blogdoprosperi.com\/#\/schema\/person\/38100755ce3601861ee4fab9b5aa78e9"},"alternateName":"blogdoprosperi.com","potentialAction":[{"@type":"SearchAction","target":{"@type":"EntryPoint","urlTemplate":"https:\/\/blogdoprosperi.com\/?s={search_term_string}"},"query-input":{"@type":"PropertyValueSpecification","valueRequired":true,"valueName":"search_term_string"}}],"inLanguage":"pt-BR"},{"@type":["Person","Organization"],"@id":"https:\/\/blogdoprosperi.com\/#\/schema\/person\/38100755ce3601861ee4fab9b5aa78e9","name":"Luiz Ant\u00f4nio Pr\u00f3speri","pronouns":"ele","image":{"@type":"ImageObject","inLanguage":"pt-BR","@id":"https:\/\/i0.wp.com\/blogdoprosperi.com\/wp-content\/uploads\/2026\/05\/cropped-8059e613-6002-42fa-961e-8e275f575d71-2-5.jpg?fit=1360%2C931&ssl=1","url":"https:\/\/i0.wp.com\/blogdoprosperi.com\/wp-content\/uploads\/2026\/05\/cropped-8059e613-6002-42fa-961e-8e275f575d71-2-5.jpg?fit=1360%2C931&ssl=1","contentUrl":"https:\/\/i0.wp.com\/blogdoprosperi.com\/wp-content\/uploads\/2026\/05\/cropped-8059e613-6002-42fa-961e-8e275f575d71-2-5.jpg?fit=1360%2C931&ssl=1","width":1360,"height":931,"caption":"Luiz Ant\u00f4nio Pr\u00f3speri"},"logo":{"@id":"https:\/\/i0.wp.com\/blogdoprosperi.com\/wp-content\/uploads\/2026\/05\/cropped-8059e613-6002-42fa-961e-8e275f575d71-2-5.jpg?fit=1360%2C931&ssl=1"},"description":"Jornalista com carreira dedicada ao esporte. Cobriu 9 Copas do Mundo in loco, 1990 na It\u00e1lia, 1994 nos EUA, 1998 na Fran\u00e7a, 2002 na Coreia do Sul e Jap\u00e3o, 2006 na Alemanha, 2010 na \u00c1frica do Sul, 2014 no Brasil, 2018 na R\u00fassia e 2022 no Qatar. Eurocopas, 1992 na Su\u00e9cia e 1996 na Inglaterra. Copa das Confedera\u00e7\u00f5es de 2005 na Alemanha e 2009 na \u00c1frica do Sul. Rep\u00f3rter e Editor, trabalhou no Jornal da Tarde e Estad\u00e3o, de 1984 a fevereiro de 2016. Colunista, blogueiro. E comentarista de futebol na R\u00e1dio Estad\u00e3o, de 2013 a fevereiro de 2016. Jornalista respons\u00e1vel do \"Pr\u00f3speri News\" (blogdoprosperi.com).","sameAs":["http:\/\/blogdoprosperi.com","Luiz Pr\u00f3speri","@luiz_prosperi","https:\/\/x.com\/Luizprosperi","@prosperinacopa","luiz.prosperi@icloud.com"],"url":"https:\/\/blogdoprosperi.com\/?author=102107496"}]}},"jetpack_publicize_connections":[],"jetpack_likes_enabled":false,"jetpack_sharing_enabled":true,"jetpack_shortlink":"https:\/\/wp.me\/p7jvdk-abA","jetpack-related-posts":[{"id":39075,"url":"https:\/\/blogdoprosperi.com\/?p=39075","url_meta":{"origin":39158,"position":0},"title":"Torcedor brasileiro rejeita t\u00e9cnico estrangeiro na Sele\u00e7\u00e3o, CBF est\u00e1 amarrada","author":"Luiz Ant\u00f4nio Pr\u00f3speri","date":"8 de agosto de 2022","format":false,"excerpt":"Pesquisa DataFolha indica rejei\u00e7\u00e3o da popula\u00e7\u00e3o brasileira a t\u00e9cnico estrangeiro na Sele\u00e7\u00e3o. CBF pode renovar com Tite at\u00e9 2026","rel":"","context":"Em &quot;copa do mundo catar 2022&quot;","block_context":{"text":"copa do mundo catar 2022","link":"https:\/\/blogdoprosperi.com\/?cat=301049609"},"img":{"alt_text":"","src":"https:\/\/i0.wp.com\/blogdoprosperi.com\/wp-content\/uploads\/2022\/08\/51845766440_143abb51a9_w-1.jpg?fit=400%2C267&ssl=1&resize=350%2C200","width":350,"height":200},"classes":[]},{"id":40868,"url":"https:\/\/blogdoprosperi.com\/?p=40868","url_meta":{"origin":39158,"position":1},"title":"Sele\u00e7\u00e3o Brasileira: Zidane n\u00e3o, Abel sim","author":"Luiz Ant\u00f4nio Pr\u00f3speri","date":"26 de dezembro de 2022","format":false,"excerpt":"DataFolha indica que 41% apoiam t\u00e9cnico estrangeiro para substituir Tite no comando da Sele\u00e7\u00e3o Brasileira","rel":"","context":"Em &quot;futebol&quot;","block_context":{"text":"futebol","link":"https:\/\/blogdoprosperi.com\/?cat=53870"},"img":{"alt_text":"","src":"https:\/\/i0.wp.com\/blogdoprosperi.com\/wp-content\/uploads\/2022\/08\/52276933292_a92b08b113_c.jpg?fit=800%2C450&ssl=1&resize=350%2C200","width":350,"height":200,"srcset":"https:\/\/i0.wp.com\/blogdoprosperi.com\/wp-content\/uploads\/2022\/08\/52276933292_a92b08b113_c.jpg?fit=800%2C450&ssl=1&resize=350%2C200 1x, https:\/\/i0.wp.com\/blogdoprosperi.com\/wp-content\/uploads\/2022\/08\/52276933292_a92b08b113_c.jpg?fit=800%2C450&ssl=1&resize=525%2C300 1.5x, https:\/\/i0.wp.com\/blogdoprosperi.com\/wp-content\/uploads\/2022\/08\/52276933292_a92b08b113_c.jpg?fit=800%2C450&ssl=1&resize=700%2C400 2x"},"classes":[]},{"id":38873,"url":"https:\/\/blogdoprosperi.com\/?p=38873","url_meta":{"origin":39158,"position":2},"title":"Palmeiras: Abel Ferreira rebaixa treinadores brasileiros com tri da Libertadores","author":"Luiz Ant\u00f4nio Pr\u00f3speri","date":"27 de novembro de 2021","format":false,"excerpt":"Palmeiras tricampe\u00e3o da Libertadores. Nada de anormal quando se tem no comando um t\u00e9cnico acima da m\u00e9dia no futebol brasileiro. Abel Ferreira, com perd\u00e3o dos nossos treinadores, \u00e9 catedr\u00e1tico, preciso e farol. A hist\u00f3ria da conquista em cima do Flamengo neste 2021 escancara a diferen\u00e7a entre Abel e Renato Ga\u00facho,\u2026","rel":"","context":"Em &quot;futebol&quot;","block_context":{"text":"futebol","link":"https:\/\/blogdoprosperi.com\/?cat=53870"},"img":{"alt_text":"Palmeiras tria da Libertadores","src":"https:\/\/i0.wp.com\/blogdoprosperi.com\/wp-content\/uploads\/2021\/11\/51709225031_310b67217f_w.jpg?fit=400%2C225&ssl=1&resize=350%2C200","width":350,"height":200},"classes":[]},{"id":49330,"url":"https:\/\/blogdoprosperi.com\/?p=49330","url_meta":{"origin":39158,"position":3},"title":"Dorival J\u00fanior Demitido | Sem Atropelos, CBF Corre Atr\u00e1s de Novo Treinador","author":"Luiz Ant\u00f4nio Pr\u00f3speri","date":"28 de mar\u00e7o de 2025","format":false,"excerpt":"Luiz Ant\u00f4nio Pr\u00f3speri \u2013 28 mar\u00e7o (19h05) \u2013 Sele\u00e7\u00e3o Brasileira est\u00e1 sem treinador desde \u00e0s 18h desta sexta-feira (28\/3) quando a CBF anuncia de forma oficial a demiss\u00e3o de Dorival J\u00fanior. Presidente Ednaldo Rodrigues adianta que s\u00f3 agora, com o cargo vago, vai em busca de um novo t\u00e9cnico. Analistas\u2026","rel":"","context":"Em &quot;informa\u00e7\u00e3o&quot;","block_context":{"text":"informa\u00e7\u00e3o","link":"https:\/\/blogdoprosperi.com\/?cat=20384"},"img":{"alt_text":"Jesus e Filipe, juntos na Sele\u00e7\u00e3o ?","src":"https:\/\/i0.wp.com\/blogdoprosperi.com\/wp-content\/uploads\/2025\/03\/captura-de-tela-2025-03-28-as-18.57.54.png?fit=1200%2C642&ssl=1&resize=350%2C200","width":350,"height":200,"srcset":"https:\/\/i0.wp.com\/blogdoprosperi.com\/wp-content\/uploads\/2025\/03\/captura-de-tela-2025-03-28-as-18.57.54.png?fit=1200%2C642&ssl=1&resize=350%2C200 1x, https:\/\/i0.wp.com\/blogdoprosperi.com\/wp-content\/uploads\/2025\/03\/captura-de-tela-2025-03-28-as-18.57.54.png?fit=1200%2C642&ssl=1&resize=525%2C300 1.5x, https:\/\/i0.wp.com\/blogdoprosperi.com\/wp-content\/uploads\/2025\/03\/captura-de-tela-2025-03-28-as-18.57.54.png?fit=1200%2C642&ssl=1&resize=700%2C400 2x, https:\/\/i0.wp.com\/blogdoprosperi.com\/wp-content\/uploads\/2025\/03\/captura-de-tela-2025-03-28-as-18.57.54.png?fit=1200%2C642&ssl=1&resize=1050%2C600 3x"},"classes":[]},{"id":41385,"url":"https:\/\/blogdoprosperi.com\/?p=41385","url_meta":{"origin":39158,"position":4},"title":"Cr\u00f4nica de ver\u00e3o: Futebol brasileiro sofre sem Pel\u00e9","author":"Luiz Ant\u00f4nio Pr\u00f3speri","date":"3 de fevereiro de 2023","format":false,"excerpt":"Passados 35 dias da partida do Rei, a radiografia do futebol nacional e de seus expoentes pouco tem da heran\u00e7a deixada por Pel\u00e9","rel":"","context":"Em &quot;catar 2022&quot;","block_context":{"text":"catar 2022","link":"https:\/\/blogdoprosperi.com\/?cat=47094043"},"img":{"alt_text":"","src":"https:\/\/i0.wp.com\/blogdoprosperi.com\/wp-content\/uploads\/2023\/01\/alegria_vinicius_he26429.jpg_nd.jpg?fit=1200%2C675&ssl=1&resize=350%2C200","width":350,"height":200,"srcset":"https:\/\/i0.wp.com\/blogdoprosperi.com\/wp-content\/uploads\/2023\/01\/alegria_vinicius_he26429.jpg_nd.jpg?fit=1200%2C675&ssl=1&resize=350%2C200 1x, https:\/\/i0.wp.com\/blogdoprosperi.com\/wp-content\/uploads\/2023\/01\/alegria_vinicius_he26429.jpg_nd.jpg?fit=1200%2C675&ssl=1&resize=525%2C300 1.5x, https:\/\/i0.wp.com\/blogdoprosperi.com\/wp-content\/uploads\/2023\/01\/alegria_vinicius_he26429.jpg_nd.jpg?fit=1200%2C675&ssl=1&resize=700%2C400 2x, https:\/\/i0.wp.com\/blogdoprosperi.com\/wp-content\/uploads\/2023\/01\/alegria_vinicius_he26429.jpg_nd.jpg?fit=1200%2C675&ssl=1&resize=1050%2C600 3x"},"classes":[]},{"id":41366,"url":"https:\/\/blogdoprosperi.com\/?p=41366","url_meta":{"origin":39158,"position":5},"title":"Sele\u00e7\u00e3o Brasileira: Palmeiras pode ajudar CBF na escolha do sucessor de Tite","author":"Luiz Ant\u00f4nio Pr\u00f3speri","date":"2 de fevereiro de 2023","format":false,"excerpt":"CBF vive drama na escolha do novo t\u00e9cnico da Sele\u00e7\u00e3o Brasileira. Se Abel Ferreira n\u00e3o pode, por que n\u00e3o Paulo Victor, do Sub-20 do Palmeiras, campe\u00e3o de tudo? Mira exemplo da Argentina, campe\u00e3 da Copa 2022.","rel":"","context":"Em &quot;Campeonato Brasileiro&quot;","block_context":{"text":"Campeonato Brasileiro","link":"https:\/\/blogdoprosperi.com\/?cat=355071"},"img":{"alt_text":"","src":"https:\/\/i0.wp.com\/blogdoprosperi.com\/wp-content\/uploads\/2023\/02\/pv-trabalhou-na-selecao-de-2017-a-2021.jpg?fit=1200%2C800&ssl=1&resize=350%2C200","width":350,"height":200,"srcset":"https:\/\/i0.wp.com\/blogdoprosperi.com\/wp-content\/uploads\/2023\/02\/pv-trabalhou-na-selecao-de-2017-a-2021.jpg?fit=1200%2C800&ssl=1&resize=350%2C200 1x, https:\/\/i0.wp.com\/blogdoprosperi.com\/wp-content\/uploads\/2023\/02\/pv-trabalhou-na-selecao-de-2017-a-2021.jpg?fit=1200%2C800&ssl=1&resize=525%2C300 1.5x, https:\/\/i0.wp.com\/blogdoprosperi.com\/wp-content\/uploads\/2023\/02\/pv-trabalhou-na-selecao-de-2017-a-2021.jpg?fit=1200%2C800&ssl=1&resize=700%2C400 2x, https:\/\/i0.wp.com\/blogdoprosperi.com\/wp-content\/uploads\/2023\/02\/pv-trabalhou-na-selecao-de-2017-a-2021.jpg?fit=1200%2C800&ssl=1&resize=1050%2C600 3x"},"classes":[]}],"jetpack_featured_media_url":"https:\/\/i0.wp.com\/blogdoprosperi.com\/wp-content\/uploads\/2022\/08\/51337276841-6664c4d22c-4k.webp?fit=984%2C656&ssl=1","_links":{"self":[{"href":"https:\/\/blogdoprosperi.com\/index.php?rest_route=\/wp\/v2\/posts\/39158","targetHints":{"allow":["GET"]}}],"collection":[{"href":"https:\/\/blogdoprosperi.com\/index.php?rest_route=\/wp\/v2\/posts"}],"about":[{"href":"https:\/\/blogdoprosperi.com\/index.php?rest_route=\/wp\/v2\/types\/post"}],"author":[{"embeddable":true,"href":"https:\/\/blogdoprosperi.com\/index.php?rest_route=\/wp\/v2\/users\/102107496"}],"replies":[{"embeddable":true,"href":"https:\/\/blogdoprosperi.com\/index.php?rest_route=%2Fwp%2Fv2%2Fcomments&post=39158"}],"version-history":[{"count":25,"href":"https:\/\/blogdoprosperi.com\/index.php?rest_route=\/wp\/v2\/posts\/39158\/revisions"}],"predecessor-version":[{"id":39191,"href":"https:\/\/blogdoprosperi.com\/index.php?rest_route=\/wp\/v2\/posts\/39158\/revisions\/39191"}],"wp:featuredmedia":[{"embeddable":true,"href":"https:\/\/blogdoprosperi.com\/index.php?rest_route=\/wp\/v2\/media\/39178"}],"wp:attachment":[{"href":"https:\/\/blogdoprosperi.com\/index.php?rest_route=%2Fwp%2Fv2%2Fmedia&parent=39158"}],"wp:term":[{"taxonomy":"category","embeddable":true,"href":"https:\/\/blogdoprosperi.com\/index.php?rest_route=%2Fwp%2Fv2%2Fcategories&post=39158"},{"taxonomy":"post_tag","embeddable":true,"href":"https:\/\/blogdoprosperi.com\/index.php?rest_route=%2Fwp%2Fv2%2Ftags&post=39158"}],"curies":[{"name":"wp","href":"https:\/\/api.w.org\/{rel}","templated":true}]}}