{"id":39193,"date":"2022-08-16T17:49:33","date_gmt":"2022-08-16T20:49:33","guid":{"rendered":"https:\/\/blogdoprosperi.com\/?p=39193"},"modified":"2022-08-18T01:20:09","modified_gmt":"2022-08-18T04:20:09","slug":"neymar-x-mbappe-e-onde-fica-messi-nessa-historia","status":"publish","type":"post","link":"https:\/\/blogdoprosperi.com\/?p=39193","title":{"rendered":"Neymar x Mbapp\u00e9, e onde fica Messi nessa hist\u00f3ria?"},"content":{"rendered":"<p>Mbapp\u00e9 n\u00e3o aceita o papel de coadjuvante no PSG, apenas como suporte a Neymar e Messi. No ato da renova\u00e7\u00e3o de seu contrato (<em>at\u00e9 2025<\/em>), em junho de 2022, ouviu o dono do clube prometer que o &#8220;time seria dele&#8221;, Mbapp\u00e9. Neymar e Messi atuariam como seus servi\u00e7ais de luxo, pelo menos era essa a senten\u00e7a. Assim, seria f\u00e1cil se eleger o melhor jogador do mundo da Fifa ao final da temporada e chegar como principal protagonista da Fran\u00e7a na Copa do Mundo Catar 2022.<\/p>\n<p>Bom lembrar que da trinca de ases Messi-Mbapp\u00e9-Neymar, apenas ele tem no curr\u00edculo o t\u00edtulo de campe\u00e3o do mundo conquistado na Copa de 2018 na R\u00fassia.<\/p>\n<p>Mbapp\u00e9 quer o bi-mundial. E a base de tudo come\u00e7a no seu desempenho no PSG. <strong>Neymar<\/strong> e <strong>Messi<\/strong> ser\u00e3o fortes concorrentes a bordo de <strong>Brasil<\/strong> e <strong>Argentina<\/strong> no caminho da Fran\u00e7a l\u00e1 no Catar.<\/p>\n<p>Jogar no clube na fun\u00e7\u00e3o de papel secund\u00e1rio traria enorme preju\u00edzo t\u00e9cnico e, por tabela, fortaleceria Neymar e Messi. Brasileiro e argentino ainda n\u00e3o sentiram o gostinho de levantar a ta\u00e7a mais cobi\u00e7ada do mundo e devem jogar a \u00faltima Copa de suas carreiras.<\/p>\n<p>Neymar e Messi querem ficar na ponta dos cascos no PSG, embalo natural rumo ao Catar com suas sele\u00e7\u00f5es.<\/p>\n<p><strong>Mbapp\u00e9<\/strong> convive com essa ambi\u00e7\u00e3o da dupla todos os dias, em todos os jogos do time franc\u00eas. Da\u00ed sua insist\u00eancia em ser a estrela maior da constela\u00e7\u00e3o.<\/p>\n<p>O projeto de ser o<strong> Rei Sol<\/strong> do PSG n\u00e3o caiu bem entre a maioria dos jogadores do clube de Paris. N\u00e3o por acaso, o atacante come\u00e7ou a se sentir isolado do grupo de cascas grossas como o espanhol <strong>Sergio Ramos<\/strong>, o brasileiro <strong>Marquinhos<\/strong> e o italiano <strong>Verratti<\/strong>, entre outros menos cotados.<\/p>\n<p>Neymar virou quase um porta-voz do descontentamento generalizado dos jogadores diante do comportamento de Mbapp\u00e9. E ap\u00f3s a goleada contra o fraco Montpellier no s\u00e1bado, o <strong>vesti\u00e1rio do PSG se incendiou<\/strong> com uma forte discuss\u00e3o entre atletas e Mbapp\u00e9.<\/p>\n<p>\u201cA hist\u00f3ria de amizade entre Mbapp\u00e9 e Neymar nunca decolou. No entanto, por vezes existiu, respondendo \u00e0s necessidades de uma l\u00f3gica desportiva e comunicacional. Desmoronou-se ao longo dos meses, sem que houvesse um culpado. Simplesmente um afastamento devido a v\u00e1rios desentendimentos, dentro e fora de campo\u201d, publicou o jornal <em>LeParisien<\/em>.<\/p>\n<p>E azedou de vez no s\u00e1bado na partida contra Montpellier. PSG teve um p\u00eanalti a seu favor no primeiro tempo. Mbapp\u00e9 pegou a bola, bateu e errou. Neymar seria o encarregado de cobrar a penalidade como tem feito desde 2017 quando aportou em Paris. Aos 45 minutos, outro p\u00eanalti. Dessa vez, Neymar assumiu o controle, cobrou a seu estilo e converteu.<\/p>\n<figure id=\"attachment_39211\" aria-describedby=\"caption-attachment-39211\" style=\"width: 554px\" class=\"wp-caption alignnone\"><img data-recalc-dims=\"1\" loading=\"lazy\" decoding=\"async\" data-attachment-id=\"39211\" data-permalink=\"https:\/\/blogdoprosperi.com\/?attachment_id=39211\" data-orig-file=\"https:\/\/i0.wp.com\/blogdoprosperi.com\/wp-content\/uploads\/2022\/08\/faojo-sxgaasic5.jpeg?fit=960%2C1200&amp;ssl=1\" data-orig-size=\"960,1200\" data-comments-opened=\"1\" data-image-meta=\"{&quot;aperture&quot;:&quot;0&quot;,&quot;credit&quot;:&quot;&quot;,&quot;camera&quot;:&quot;&quot;,&quot;caption&quot;:&quot;&quot;,&quot;created_timestamp&quot;:&quot;0&quot;,&quot;copyright&quot;:&quot;&quot;,&quot;focal_length&quot;:&quot;0&quot;,&quot;iso&quot;:&quot;0&quot;,&quot;shutter_speed&quot;:&quot;0&quot;,&quot;title&quot;:&quot;&quot;,&quot;orientation&quot;:&quot;0&quot;}\" data-image-title=\"Neymar x Mbapp\u00e9\" data-image-description=\"\" data-image-caption=\"&lt;p&gt;fonte\/arte: TNT Sports&lt;\/p&gt;\n\" data-large-file=\"https:\/\/i0.wp.com\/blogdoprosperi.com\/wp-content\/uploads\/2022\/08\/faojo-sxgaasic5.jpeg?fit=819%2C1024&amp;ssl=1\" class=\" wp-image-39211\" src=\"https:\/\/i0.wp.com\/blogdoprosperi.com\/wp-content\/uploads\/2022\/08\/faojo-sxgaasic5.jpeg?resize=554%2C693&#038;ssl=1\" alt=\"\" width=\"554\" height=\"693\"><figcaption id=\"caption-attachment-39211\" class=\"wp-caption-text\">fonte\/arte: TNT Sports<\/figcaption><\/figure>\n<p>Ap\u00f3s o jogo, Neymar ironizou Mbapp\u00e9 com posts no Twitter. Combust\u00edvel que s\u00f3 fez aumentar a encrenca.<\/p>\n<p>Dois dias depois da troca de flechas, bate-boca entre jogadores e rusgas entre Neymar e Mbapp\u00e9, clube franc\u00eas anuncia que a crise est\u00e1 encerrada. Banca ainda \u00e2nimos serenos e ambiente de fraternidade entre as estrelas. A conferir.<\/p>\n<p>Nessa hist\u00f3ria de egos e vaidade sem limites entre Neymar e Mbapp\u00e9, Messi parece alheio ao terremoto. Sabe de seu peso no time. Tem consci\u00eancia do que tem a fazer para chegar pleno na Copa do Catar.<\/p>\n<p>A Messi n\u00e3o interessa, nem vale a pena, ser o mediador desse conflito. Seu sil\u00eancio, por enquanto, diz tudo.<\/p>\n<p><strong>Copia e cola:<\/strong><\/p>\n<p><span style=\"color:#0000ff;\">Na soma geral de sal\u00e1rios com os 222 milh\u00f5es de euros da cl\u00e1usula de rescis\u00e3o com o Barcelona em 2017, PSG teria investido um total de 489.228.117 euros (<em>pouco mais de&nbsp;R$ 3 bilh\u00f5es na cota\u00e7\u00e3o atual<\/em>) em Neymar. Seu contrato vai at\u00e9 2025.<\/span><\/p>\n<p class=\"bodytext\"><span style=\"color:#0000ff;\">Segundo publica imprensa francesa, Neymar recebe 3,14 milh\u00f5es de euros por m\u00eas. Messi fatura 2,59 milh\u00f5es de euros e Mbapp\u00e9 leva 1,7 milh\u00e3o de euros.<\/span><\/p>\n<p class=\"bodytext\"><span style=\"color:#0000ff;\">Mbapp\u00e9 pode receber at\u00e9 600 milh\u00f5es de euros (R$ 3 bilh\u00f5es) de sal\u00e1rios, luvas e premia\u00e7\u00f5es no caso de cumprir os tr\u00eas anos (at\u00e9 2025) de contrato.<\/span><\/p>\n","protected":false},"excerpt":{"rendered":"<p>Mbapp\u00e9 n\u00e3o admite ser coadjuvante de Neymar e Messi. Sua ambi\u00e7\u00e3o de protagonista no PSG passa pelo bi da Fran\u00e7a da Copa do Catar 2022<\/p>\n","protected":false},"author":102107496,"featured_media":39212,"comment_status":"open","ping_status":"open","sticky":false,"template":"","format":"standard","meta":{"_coblocks_attr":"","_coblocks_dimensions":"","_coblocks_responsive_height":"","_coblocks_accordion_ie_support":"","_jetpack_newsletter_access":"","_jetpack_dont_email_post_to_subs":false,"_jetpack_newsletter_tier_id":0,"_jetpack_memberships_contains_paywalled_content":false,"_wpcom_ai_launchpad_first_post":false,"_jetpack_feature_clip_id":0,"_jetpack_memberships_contains_paid_content":false,"footnotes":"","jetpack_publicize_message":"","jetpack_publicize_feature_enabled":true,"jetpack_social_post_already_shared":false,"jetpack_social_options":{"image_generator_settings":{"template":"highway","default_image_id":0,"font":"","enabled":false},"version":2},"jetpack_post_was_ever_published":false},"categories":[47094043,301049609,53870,174694],"tags":[789560578,789560560,24279794,81750,4112146,361092,4600373,789560562,2027588],"class_list":["post-39193","post","type-post","status-publish","format-standard","has-post-thumbnail","hentry","category-catar-2022","category-copa-do-mundo-catar-2022","category-futebol","category-selecao-brasileira","tag-copa-do-mundo-catar-2022","tag-futebol","tag-mbappe","tag-messi","tag-neymar","tag-psg","tag-selecao-argentina","tag-selecao-brasileira","tag-selecao-francesa"],"yoast_head":"<!-- This site is optimized with the Yoast SEO plugin v28.3 - https:\/\/yoast.com\/product\/yoast-seo-wordpress\/ -->\n<title>Neymar x Mbapp\u00e9, e onde fica Messi nessa hist\u00f3ria? - PR\u00d3SPERI NEWS<\/title>\n<meta name=\"robots\" content=\"index, follow, max-snippet:-1, max-image-preview:large, max-video-preview:-1\" \/>\n<link rel=\"canonical\" href=\"https:\/\/blogdoprosperi.com\/?p=39193\" \/>\n<meta property=\"og:locale\" content=\"pt_BR\" \/>\n<meta property=\"og:type\" content=\"article\" \/>\n<meta property=\"og:title\" content=\"Neymar x Mbapp\u00e9, e onde fica Messi nessa hist\u00f3ria? - PR\u00d3SPERI NEWS\" \/>\n<meta property=\"og:description\" content=\"Mbapp\u00e9 n\u00e3o admite ser coadjuvante de Neymar e Messi. Sua ambi\u00e7\u00e3o de protagonista no PSG passa pelo bi da Fran\u00e7a da Copa do Catar 2022\" \/>\n<meta property=\"og:url\" content=\"https:\/\/blogdoprosperi.com\/?p=39193\" \/>\n<meta property=\"og:site_name\" content=\"PR\u00d3SPERI NEWS\" \/>\n<meta property=\"article:publisher\" content=\"Luiz Pr\u00f3speri\" \/>\n<meta property=\"article:author\" content=\"Luiz Pr\u00f3speri\" \/>\n<meta property=\"article:published_time\" content=\"2022-08-16T20:49:33+00:00\" \/>\n<meta property=\"article:modified_time\" content=\"2022-08-18T04:20:09+00:00\" \/>\n<meta property=\"og:image\" content=\"https:\/\/i0.wp.com\/blogdoprosperi.com\/wp-content\/uploads\/2022\/08\/messi-neymar-e-mbappe-no-psg-729x356-1.jpg?fit=729%2C356&ssl=1\" \/>\n\t<meta property=\"og:image:width\" content=\"729\" \/>\n\t<meta property=\"og:image:height\" content=\"356\" \/>\n\t<meta property=\"og:image:type\" content=\"image\/jpeg\" \/>\n<meta name=\"author\" content=\"Luiz Ant\u00f4nio Pr\u00f3speri\" \/>\n<meta name=\"twitter:card\" content=\"summary_large_image\" \/>\n<meta name=\"twitter:creator\" content=\"@Luizprosperi\" \/>\n<meta name=\"twitter:site\" content=\"@Luizprosperi\" \/>\n<meta name=\"twitter:label1\" content=\"Escrito por\" \/>\n\t<meta name=\"twitter:data1\" content=\"Luiz Ant\u00f4nio Pr\u00f3speri\" \/>\n\t<meta name=\"twitter:label2\" content=\"Est. tempo de leitura\" \/>\n\t<meta name=\"twitter:data2\" content=\"4 minutos\" \/>\n<script type=\"application\/ld+json\" class=\"yoast-schema-graph\">{\"@context\":\"https:\\\/\\\/schema.org\",\"@graph\":[{\"@type\":\"Article\",\"@id\":\"https:\\\/\\\/blogdoprosperi.com\\\/?p=39193#article\",\"isPartOf\":{\"@id\":\"https:\\\/\\\/blogdoprosperi.com\\\/?p=39193\"},\"author\":{\"name\":\"Luiz Ant\u00f4nio Pr\u00f3speri\",\"@id\":\"https:\\\/\\\/blogdoprosperi.com\\\/#\\\/schema\\\/person\\\/38100755ce3601861ee4fab9b5aa78e9\"},\"headline\":\"Neymar x Mbapp\u00e9, e onde fica Messi nessa hist\u00f3ria?\",\"datePublished\":\"2022-08-16T20:49:33+00:00\",\"dateModified\":\"2022-08-18T04:20:09+00:00\",\"mainEntityOfPage\":{\"@id\":\"https:\\\/\\\/blogdoprosperi.com\\\/?p=39193\"},\"wordCount\":712,\"commentCount\":0,\"publisher\":{\"@id\":\"https:\\\/\\\/blogdoprosperi.com\\\/#\\\/schema\\\/person\\\/38100755ce3601861ee4fab9b5aa78e9\"},\"image\":{\"@id\":\"https:\\\/\\\/blogdoprosperi.com\\\/?p=39193#primaryimage\"},\"thumbnailUrl\":\"https:\\\/\\\/i0.wp.com\\\/blogdoprosperi.com\\\/wp-content\\\/uploads\\\/2022\\\/08\\\/messi-neymar-e-mbappe-no-psg-729x356-1.jpg?fit=729%2C356&ssl=1\",\"keywords\":[\"copa do mundo catar 2022\",\"futebol\",\"mbapp\u00e9\",\"Messi\",\"Neymar\",\"PSG\",\"Sele\u00e7\u00e3o Argentina\",\"Sele\u00e7\u00e3o Brasileira\",\"sele\u00e7\u00e3o francesa\"],\"articleSection\":[\"catar 2022\",\"copa do mundo catar 2022\",\"futebol\",\"Sele\u00e7\u00e3o Brasileira\"],\"inLanguage\":\"pt-BR\",\"potentialAction\":[{\"@type\":\"CommentAction\",\"name\":\"Comment\",\"target\":[\"https:\\\/\\\/blogdoprosperi.com\\\/?p=39193#respond\"]}]},{\"@type\":\"WebPage\",\"@id\":\"https:\\\/\\\/blogdoprosperi.com\\\/?p=39193\",\"url\":\"https:\\\/\\\/blogdoprosperi.com\\\/?p=39193\",\"name\":\"Neymar x Mbapp\u00e9, e onde fica Messi nessa hist\u00f3ria? - PR\u00d3SPERI NEWS\",\"isPartOf\":{\"@id\":\"https:\\\/\\\/blogdoprosperi.com\\\/#website\"},\"primaryImageOfPage\":{\"@id\":\"https:\\\/\\\/blogdoprosperi.com\\\/?p=39193#primaryimage\"},\"image\":{\"@id\":\"https:\\\/\\\/blogdoprosperi.com\\\/?p=39193#primaryimage\"},\"thumbnailUrl\":\"https:\\\/\\\/i0.wp.com\\\/blogdoprosperi.com\\\/wp-content\\\/uploads\\\/2022\\\/08\\\/messi-neymar-e-mbappe-no-psg-729x356-1.jpg?fit=729%2C356&ssl=1\",\"datePublished\":\"2022-08-16T20:49:33+00:00\",\"dateModified\":\"2022-08-18T04:20:09+00:00\",\"breadcrumb\":{\"@id\":\"https:\\\/\\\/blogdoprosperi.com\\\/?p=39193#breadcrumb\"},\"inLanguage\":\"pt-BR\",\"potentialAction\":[{\"@type\":\"ReadAction\",\"target\":[\"https:\\\/\\\/blogdoprosperi.com\\\/?p=39193\"]}]},{\"@type\":\"ImageObject\",\"inLanguage\":\"pt-BR\",\"@id\":\"https:\\\/\\\/blogdoprosperi.com\\\/?p=39193#primaryimage\",\"url\":\"https:\\\/\\\/i0.wp.com\\\/blogdoprosperi.com\\\/wp-content\\\/uploads\\\/2022\\\/08\\\/messi-neymar-e-mbappe-no-psg-729x356-1.jpg?fit=729%2C356&ssl=1\",\"contentUrl\":\"https:\\\/\\\/i0.wp.com\\\/blogdoprosperi.com\\\/wp-content\\\/uploads\\\/2022\\\/08\\\/messi-neymar-e-mbappe-no-psg-729x356-1.jpg?fit=729%2C356&ssl=1\",\"width\":729,\"height\":356,\"caption\":\"foto: site Ligue 1\"},{\"@type\":\"BreadcrumbList\",\"@id\":\"https:\\\/\\\/blogdoprosperi.com\\\/?p=39193#breadcrumb\",\"itemListElement\":[{\"@type\":\"ListItem\",\"position\":1,\"name\":\"In\u00edcio\",\"item\":\"https:\\\/\\\/blogdoprosperi.com\\\/\"},{\"@type\":\"ListItem\",\"position\":2,\"name\":\"Neymar x Mbapp\u00e9, e onde fica Messi nessa hist\u00f3ria?\"}]},{\"@type\":\"WebSite\",\"@id\":\"https:\\\/\\\/blogdoprosperi.com\\\/#website\",\"url\":\"https:\\\/\\\/blogdoprosperi.com\\\/\",\"name\":\"PR\u00d3SPERI NEWS\",\"description\":\"TUDO \u00c9  FUTEBOL\",\"publisher\":{\"@id\":\"https:\\\/\\\/blogdoprosperi.com\\\/#\\\/schema\\\/person\\\/38100755ce3601861ee4fab9b5aa78e9\"},\"alternateName\":\"blogdoprosperi.com\",\"potentialAction\":[{\"@type\":\"SearchAction\",\"target\":{\"@type\":\"EntryPoint\",\"urlTemplate\":\"https:\\\/\\\/blogdoprosperi.com\\\/?s={search_term_string}\"},\"query-input\":{\"@type\":\"PropertyValueSpecification\",\"valueRequired\":true,\"valueName\":\"search_term_string\"}}],\"inLanguage\":\"pt-BR\"},{\"@type\":[\"Person\",\"Organization\"],\"@id\":\"https:\\\/\\\/blogdoprosperi.com\\\/#\\\/schema\\\/person\\\/38100755ce3601861ee4fab9b5aa78e9\",\"name\":\"Luiz Ant\u00f4nio Pr\u00f3speri\",\"pronouns\":\"ele\",\"image\":{\"@type\":\"ImageObject\",\"inLanguage\":\"pt-BR\",\"@id\":\"https:\\\/\\\/i0.wp.com\\\/blogdoprosperi.com\\\/wp-content\\\/uploads\\\/2026\\\/05\\\/cropped-8059e613-6002-42fa-961e-8e275f575d71-2-5.jpg?fit=1360%2C931&ssl=1\",\"url\":\"https:\\\/\\\/i0.wp.com\\\/blogdoprosperi.com\\\/wp-content\\\/uploads\\\/2026\\\/05\\\/cropped-8059e613-6002-42fa-961e-8e275f575d71-2-5.jpg?fit=1360%2C931&ssl=1\",\"contentUrl\":\"https:\\\/\\\/i0.wp.com\\\/blogdoprosperi.com\\\/wp-content\\\/uploads\\\/2026\\\/05\\\/cropped-8059e613-6002-42fa-961e-8e275f575d71-2-5.jpg?fit=1360%2C931&ssl=1\",\"width\":1360,\"height\":931,\"caption\":\"Luiz Ant\u00f4nio Pr\u00f3speri\"},\"logo\":{\"@id\":\"https:\\\/\\\/i0.wp.com\\\/blogdoprosperi.com\\\/wp-content\\\/uploads\\\/2026\\\/05\\\/cropped-8059e613-6002-42fa-961e-8e275f575d71-2-5.jpg?fit=1360%2C931&ssl=1\"},\"description\":\"Jornalista com carreira dedicada ao esporte. Cobriu 9 Copas do Mundo in loco, 1990 na It\u00e1lia, 1994 nos EUA, 1998 na Fran\u00e7a, 2002 na Coreia do Sul e Jap\u00e3o, 2006 na Alemanha, 2010 na \u00c1frica do Sul, 2014 no Brasil, 2018 na R\u00fassia e 2022 no Qatar. Eurocopas, 1992 na Su\u00e9cia e 1996 na Inglaterra. Copa das Confedera\u00e7\u00f5es de 2005 na Alemanha e 2009 na \u00c1frica do Sul. Rep\u00f3rter e Editor, trabalhou no Jornal da Tarde e Estad\u00e3o, de 1984 a fevereiro de 2016. Colunista, blogueiro. E comentarista de futebol na R\u00e1dio Estad\u00e3o, de 2013 a fevereiro de 2016. Jornalista respons\u00e1vel do \\\"Pr\u00f3speri News\\\" (blogdoprosperi.com).\",\"sameAs\":[\"http:\\\/\\\/blogdoprosperi.com\",\"Luiz Pr\u00f3speri\",\"@luiz_prosperi\",\"https:\\\/\\\/x.com\\\/Luizprosperi\",\"@prosperinacopa\",\"luiz.prosperi@icloud.com\"],\"url\":\"https:\\\/\\\/blogdoprosperi.com\\\/?author=102107496\"}]}<\/script>\n<!-- \/ Yoast SEO plugin. -->","yoast_head_json":{"title":"Neymar x Mbapp\u00e9, e onde fica Messi nessa hist\u00f3ria? - PR\u00d3SPERI NEWS","robots":{"index":"index","follow":"follow","max-snippet":"max-snippet:-1","max-image-preview":"max-image-preview:large","max-video-preview":"max-video-preview:-1"},"canonical":"https:\/\/blogdoprosperi.com\/?p=39193","og_locale":"pt_BR","og_type":"article","og_title":"Neymar x Mbapp\u00e9, e onde fica Messi nessa hist\u00f3ria? - PR\u00d3SPERI NEWS","og_description":"Mbapp\u00e9 n\u00e3o admite ser coadjuvante de Neymar e Messi. Sua ambi\u00e7\u00e3o de protagonista no PSG passa pelo bi da Fran\u00e7a da Copa do Catar 2022","og_url":"https:\/\/blogdoprosperi.com\/?p=39193","og_site_name":"PR\u00d3SPERI NEWS","article_publisher":"Luiz Pr\u00f3speri","article_author":"Luiz Pr\u00f3speri","article_published_time":"2022-08-16T20:49:33+00:00","article_modified_time":"2022-08-18T04:20:09+00:00","og_image":[{"width":729,"height":356,"url":"https:\/\/i0.wp.com\/blogdoprosperi.com\/wp-content\/uploads\/2022\/08\/messi-neymar-e-mbappe-no-psg-729x356-1.jpg?fit=729%2C356&ssl=1","type":"image\/jpeg"}],"author":"Luiz Ant\u00f4nio Pr\u00f3speri","twitter_card":"summary_large_image","twitter_creator":"@Luizprosperi","twitter_site":"@Luizprosperi","twitter_misc":{"Escrito por":"Luiz Ant\u00f4nio Pr\u00f3speri","Est. tempo de leitura":"4 minutos"},"schema":{"@context":"https:\/\/schema.org","@graph":[{"@type":"Article","@id":"https:\/\/blogdoprosperi.com\/?p=39193#article","isPartOf":{"@id":"https:\/\/blogdoprosperi.com\/?p=39193"},"author":{"name":"Luiz Ant\u00f4nio Pr\u00f3speri","@id":"https:\/\/blogdoprosperi.com\/#\/schema\/person\/38100755ce3601861ee4fab9b5aa78e9"},"headline":"Neymar x Mbapp\u00e9, e onde fica Messi nessa hist\u00f3ria?","datePublished":"2022-08-16T20:49:33+00:00","dateModified":"2022-08-18T04:20:09+00:00","mainEntityOfPage":{"@id":"https:\/\/blogdoprosperi.com\/?p=39193"},"wordCount":712,"commentCount":0,"publisher":{"@id":"https:\/\/blogdoprosperi.com\/#\/schema\/person\/38100755ce3601861ee4fab9b5aa78e9"},"image":{"@id":"https:\/\/blogdoprosperi.com\/?p=39193#primaryimage"},"thumbnailUrl":"https:\/\/i0.wp.com\/blogdoprosperi.com\/wp-content\/uploads\/2022\/08\/messi-neymar-e-mbappe-no-psg-729x356-1.jpg?fit=729%2C356&ssl=1","keywords":["copa do mundo catar 2022","futebol","mbapp\u00e9","Messi","Neymar","PSG","Sele\u00e7\u00e3o Argentina","Sele\u00e7\u00e3o Brasileira","sele\u00e7\u00e3o francesa"],"articleSection":["catar 2022","copa do mundo catar 2022","futebol","Sele\u00e7\u00e3o Brasileira"],"inLanguage":"pt-BR","potentialAction":[{"@type":"CommentAction","name":"Comment","target":["https:\/\/blogdoprosperi.com\/?p=39193#respond"]}]},{"@type":"WebPage","@id":"https:\/\/blogdoprosperi.com\/?p=39193","url":"https:\/\/blogdoprosperi.com\/?p=39193","name":"Neymar x Mbapp\u00e9, e onde fica Messi nessa hist\u00f3ria? - PR\u00d3SPERI NEWS","isPartOf":{"@id":"https:\/\/blogdoprosperi.com\/#website"},"primaryImageOfPage":{"@id":"https:\/\/blogdoprosperi.com\/?p=39193#primaryimage"},"image":{"@id":"https:\/\/blogdoprosperi.com\/?p=39193#primaryimage"},"thumbnailUrl":"https:\/\/i0.wp.com\/blogdoprosperi.com\/wp-content\/uploads\/2022\/08\/messi-neymar-e-mbappe-no-psg-729x356-1.jpg?fit=729%2C356&ssl=1","datePublished":"2022-08-16T20:49:33+00:00","dateModified":"2022-08-18T04:20:09+00:00","breadcrumb":{"@id":"https:\/\/blogdoprosperi.com\/?p=39193#breadcrumb"},"inLanguage":"pt-BR","potentialAction":[{"@type":"ReadAction","target":["https:\/\/blogdoprosperi.com\/?p=39193"]}]},{"@type":"ImageObject","inLanguage":"pt-BR","@id":"https:\/\/blogdoprosperi.com\/?p=39193#primaryimage","url":"https:\/\/i0.wp.com\/blogdoprosperi.com\/wp-content\/uploads\/2022\/08\/messi-neymar-e-mbappe-no-psg-729x356-1.jpg?fit=729%2C356&ssl=1","contentUrl":"https:\/\/i0.wp.com\/blogdoprosperi.com\/wp-content\/uploads\/2022\/08\/messi-neymar-e-mbappe-no-psg-729x356-1.jpg?fit=729%2C356&ssl=1","width":729,"height":356,"caption":"foto: site Ligue 1"},{"@type":"BreadcrumbList","@id":"https:\/\/blogdoprosperi.com\/?p=39193#breadcrumb","itemListElement":[{"@type":"ListItem","position":1,"name":"In\u00edcio","item":"https:\/\/blogdoprosperi.com\/"},{"@type":"ListItem","position":2,"name":"Neymar x Mbapp\u00e9, e onde fica Messi nessa hist\u00f3ria?"}]},{"@type":"WebSite","@id":"https:\/\/blogdoprosperi.com\/#website","url":"https:\/\/blogdoprosperi.com\/","name":"PR\u00d3SPERI NEWS","description":"TUDO \u00c9  FUTEBOL","publisher":{"@id":"https:\/\/blogdoprosperi.com\/#\/schema\/person\/38100755ce3601861ee4fab9b5aa78e9"},"alternateName":"blogdoprosperi.com","potentialAction":[{"@type":"SearchAction","target":{"@type":"EntryPoint","urlTemplate":"https:\/\/blogdoprosperi.com\/?s={search_term_string}"},"query-input":{"@type":"PropertyValueSpecification","valueRequired":true,"valueName":"search_term_string"}}],"inLanguage":"pt-BR"},{"@type":["Person","Organization"],"@id":"https:\/\/blogdoprosperi.com\/#\/schema\/person\/38100755ce3601861ee4fab9b5aa78e9","name":"Luiz Ant\u00f4nio Pr\u00f3speri","pronouns":"ele","image":{"@type":"ImageObject","inLanguage":"pt-BR","@id":"https:\/\/i0.wp.com\/blogdoprosperi.com\/wp-content\/uploads\/2026\/05\/cropped-8059e613-6002-42fa-961e-8e275f575d71-2-5.jpg?fit=1360%2C931&ssl=1","url":"https:\/\/i0.wp.com\/blogdoprosperi.com\/wp-content\/uploads\/2026\/05\/cropped-8059e613-6002-42fa-961e-8e275f575d71-2-5.jpg?fit=1360%2C931&ssl=1","contentUrl":"https:\/\/i0.wp.com\/blogdoprosperi.com\/wp-content\/uploads\/2026\/05\/cropped-8059e613-6002-42fa-961e-8e275f575d71-2-5.jpg?fit=1360%2C931&ssl=1","width":1360,"height":931,"caption":"Luiz Ant\u00f4nio Pr\u00f3speri"},"logo":{"@id":"https:\/\/i0.wp.com\/blogdoprosperi.com\/wp-content\/uploads\/2026\/05\/cropped-8059e613-6002-42fa-961e-8e275f575d71-2-5.jpg?fit=1360%2C931&ssl=1"},"description":"Jornalista com carreira dedicada ao esporte. Cobriu 9 Copas do Mundo in loco, 1990 na It\u00e1lia, 1994 nos EUA, 1998 na Fran\u00e7a, 2002 na Coreia do Sul e Jap\u00e3o, 2006 na Alemanha, 2010 na \u00c1frica do Sul, 2014 no Brasil, 2018 na R\u00fassia e 2022 no Qatar. Eurocopas, 1992 na Su\u00e9cia e 1996 na Inglaterra. Copa das Confedera\u00e7\u00f5es de 2005 na Alemanha e 2009 na \u00c1frica do Sul. Rep\u00f3rter e Editor, trabalhou no Jornal da Tarde e Estad\u00e3o, de 1984 a fevereiro de 2016. Colunista, blogueiro. E comentarista de futebol na R\u00e1dio Estad\u00e3o, de 2013 a fevereiro de 2016. Jornalista respons\u00e1vel do \"Pr\u00f3speri News\" (blogdoprosperi.com).","sameAs":["http:\/\/blogdoprosperi.com","Luiz Pr\u00f3speri","@luiz_prosperi","https:\/\/x.com\/Luizprosperi","@prosperinacopa","luiz.prosperi@icloud.com"],"url":"https:\/\/blogdoprosperi.com\/?author=102107496"}]}},"jetpack_publicize_connections":[],"jetpack_likes_enabled":false,"jetpack_sharing_enabled":true,"jetpack_shortlink":"https:\/\/wp.me\/p7jvdk-ac9","jetpack-related-posts":[{"id":59683,"url":"https:\/\/blogdoprosperi.com\/?p=59683","url_meta":{"origin":39193,"position":0},"title":"Cristiano Ronaldo, Messi, Mbapp\u00e9 e Haaland&#8230;  corra Neymar, corra","author":"Luiz Ant\u00f4nio Pr\u00f3speri","date":"23 de junho de 2026","format":false,"excerpt":"Luiz Ant\u00f4nio Pr\u00f3speri, de Morristown, 23 junho 2026 (15h39) Cristiano Ronaldo emburrado por n\u00e3o ter feito gols na estreia de Portugal contra o Congo, abre sorriso met\u00e1lico em seu segundo jogo da Copa. Marca dois gols no fraco Uzbequist\u00e3o na vit\u00f3ria por 5 a 0 nesta ter\u00e7a-feira (23\/6). \u00a0\"Aqui\"! Cristiano\u2026","rel":"","context":"Em &quot;copa 2026&quot;","block_context":{"text":"copa 2026","link":"https:\/\/blogdoprosperi.com\/?cat=36820279"},"img":{"alt_text":"","src":"https:\/\/i0.wp.com\/blogdoprosperi.com\/wp-content\/uploads\/2026\/06\/Captura-de-Tela-2026-06-23-as-15.41.41.png?fit=1200%2C1085&ssl=1&resize=350%2C200","width":350,"height":200,"srcset":"https:\/\/i0.wp.com\/blogdoprosperi.com\/wp-content\/uploads\/2026\/06\/Captura-de-Tela-2026-06-23-as-15.41.41.png?fit=1200%2C1085&ssl=1&resize=350%2C200 1x, https:\/\/i0.wp.com\/blogdoprosperi.com\/wp-content\/uploads\/2026\/06\/Captura-de-Tela-2026-06-23-as-15.41.41.png?fit=1200%2C1085&ssl=1&resize=525%2C300 1.5x, https:\/\/i0.wp.com\/blogdoprosperi.com\/wp-content\/uploads\/2026\/06\/Captura-de-Tela-2026-06-23-as-15.41.41.png?fit=1200%2C1085&ssl=1&resize=700%2C400 2x, https:\/\/i0.wp.com\/blogdoprosperi.com\/wp-content\/uploads\/2026\/06\/Captura-de-Tela-2026-06-23-as-15.41.41.png?fit=1200%2C1085&ssl=1&resize=1050%2C600 3x"},"classes":[]},{"id":40296,"url":"https:\/\/blogdoprosperi.com\/?p=40296","url_meta":{"origin":39193,"position":1},"title":"Neymar, Messi e Mbapp\u00e9: Qatar \u00e9 dono da Copa e dos craques da Copa","author":"Luiz Ant\u00f4nio Pr\u00f3speri","date":"6 de dezembro de 2022","format":false,"excerpt":"Qatar \u00e9 dono da Copa e dos craques da Copa. Copa custou R$ 1,2 trilh\u00e3o ao Qatar e Mbapp\u00e9, Messi e Neymar juntos custam R$ 770 milh\u00f5es por ano ao estado do Qatar","rel":"","context":"Em &quot;futebol&quot;","block_context":{"text":"futebol","link":"https:\/\/blogdoprosperi.com\/?cat=53870"},"img":{"alt_text":"","src":"https:\/\/i0.wp.com\/blogdoprosperi.com\/wp-content\/uploads\/2022\/12\/messi-neymar-mbappe-psg_60yg9cq0z6vj1qiokk4bv8ej2-1.png?fit=1200%2C675&ssl=1&resize=350%2C200","width":350,"height":200,"srcset":"https:\/\/i0.wp.com\/blogdoprosperi.com\/wp-content\/uploads\/2022\/12\/messi-neymar-mbappe-psg_60yg9cq0z6vj1qiokk4bv8ej2-1.png?fit=1200%2C675&ssl=1&resize=350%2C200 1x, https:\/\/i0.wp.com\/blogdoprosperi.com\/wp-content\/uploads\/2022\/12\/messi-neymar-mbappe-psg_60yg9cq0z6vj1qiokk4bv8ej2-1.png?fit=1200%2C675&ssl=1&resize=525%2C300 1.5x, https:\/\/i0.wp.com\/blogdoprosperi.com\/wp-content\/uploads\/2022\/12\/messi-neymar-mbappe-psg_60yg9cq0z6vj1qiokk4bv8ej2-1.png?fit=1200%2C675&ssl=1&resize=700%2C400 2x, https:\/\/i0.wp.com\/blogdoprosperi.com\/wp-content\/uploads\/2022\/12\/messi-neymar-mbappe-psg_60yg9cq0z6vj1qiokk4bv8ej2-1.png?fit=1200%2C675&ssl=1&resize=1050%2C600 3x"},"classes":[]},{"id":40886,"url":"https:\/\/blogdoprosperi.com\/?p=40886","url_meta":{"origin":39193,"position":2},"title":"Neymar passa vergonha na volta ao PSG, enquanto isso Mbapp\u00e9 brilha","author":"Luiz Ant\u00f4nio Pr\u00f3speri","date":"28 de dezembro de 2022","format":false,"excerpt":"Neymar sai expulso na volta ao PSG e vai embora para casa antes de o jogo acabar.","rel":"","context":"Em &quot;futebol&quot;","block_context":{"text":"futebol","link":"https:\/\/blogdoprosperi.com\/?cat=53870"},"img":{"alt_text":"Neymar n\u00e3o leva Bola de Ouro","src":"https:\/\/i0.wp.com\/blogdoprosperi.com\/wp-content\/uploads\/2022\/12\/flgnv0yxgaexy4d.jpeg?fit=1000%2C675&ssl=1&resize=350%2C200","width":350,"height":200,"srcset":"https:\/\/i0.wp.com\/blogdoprosperi.com\/wp-content\/uploads\/2022\/12\/flgnv0yxgaexy4d.jpeg?fit=1000%2C675&ssl=1&resize=350%2C200 1x, https:\/\/i0.wp.com\/blogdoprosperi.com\/wp-content\/uploads\/2022\/12\/flgnv0yxgaexy4d.jpeg?fit=1000%2C675&ssl=1&resize=525%2C300 1.5x, https:\/\/i0.wp.com\/blogdoprosperi.com\/wp-content\/uploads\/2022\/12\/flgnv0yxgaexy4d.jpeg?fit=1000%2C675&ssl=1&resize=700%2C400 2x"},"classes":[]},{"id":38849,"url":"https:\/\/blogdoprosperi.com\/?p=38849","url_meta":{"origin":39193,"position":3},"title":"Messi levanta a ta\u00e7a, Neymar derruba l\u00e1grimas. Tite pode pagar a conta","author":"Luiz Ant\u00f4nio Pr\u00f3speri","date":"11 de julho de 2021","format":false,"excerpt":"Se a CBF estivesse navegando em \u00e1guas calmas, uma hora dessa Tite n\u00e3o seria mais t\u00e9cnico da Sele\u00e7\u00e3o Brasileira.","rel":"","context":"Em &quot;copa do mundo catar 2022&quot;","block_context":{"text":"copa do mundo catar 2022","link":"https:\/\/blogdoprosperi.com\/?cat=301049609"},"img":{"alt_text":"Argentina campe\u00e3 Copa Am\u00e9rica 2021","src":"https:\/\/i0.wp.com\/blogdoprosperi.com\/wp-content\/uploads\/2021\/07\/kcefarf2inn6vmg6o6qxr72bdi.jpg?fit=1200%2C787&ssl=1&resize=350%2C200","width":350,"height":200,"srcset":"https:\/\/i0.wp.com\/blogdoprosperi.com\/wp-content\/uploads\/2021\/07\/kcefarf2inn6vmg6o6qxr72bdi.jpg?fit=1200%2C787&ssl=1&resize=350%2C200 1x, https:\/\/i0.wp.com\/blogdoprosperi.com\/wp-content\/uploads\/2021\/07\/kcefarf2inn6vmg6o6qxr72bdi.jpg?fit=1200%2C787&ssl=1&resize=525%2C300 1.5x, https:\/\/i0.wp.com\/blogdoprosperi.com\/wp-content\/uploads\/2021\/07\/kcefarf2inn6vmg6o6qxr72bdi.jpg?fit=1200%2C787&ssl=1&resize=700%2C400 2x, https:\/\/i0.wp.com\/blogdoprosperi.com\/wp-content\/uploads\/2021\/07\/kcefarf2inn6vmg6o6qxr72bdi.jpg?fit=1200%2C787&ssl=1&resize=1050%2C600 3x"},"classes":[]},{"id":59537,"url":"https:\/\/blogdoprosperi.com\/?p=59537","url_meta":{"origin":39193,"position":4},"title":"A vez dos grandes, Neymar quer entrar nessa turma","author":"Luiz Ant\u00f4nio Pr\u00f3speri","date":"17 de junho de 2026","format":false,"excerpt":"Luiz Ant\u00f4nio Pr\u00f3speri, de Morristown, 17 junho 2026 (12h35) Alvoro\u00e7o geral entre o aglomerado de jornalistas ao redor do campo de treinamentos da Sele\u00e7\u00e3o, em Columbia Park, cercanias de Morristow. Sim, Neymar aparece pela primeira vez ao lado dos jogadores em dire\u00e7\u00e3o ao gramado. Alegria total entre os m\u00eddias. O\u2026","rel":"","context":"Em &quot;copa 2026&quot;","block_context":{"text":"copa 2026","link":"https:\/\/blogdoprosperi.com\/?cat=36820279"},"img":{"alt_text":"","src":"https:\/\/i0.wp.com\/blogdoprosperi.com\/wp-content\/uploads\/2026\/06\/Captura-de-Tela-2026-06-17-as-14.27.10.png?fit=1010%2C678&ssl=1&resize=350%2C200","width":350,"height":200,"srcset":"https:\/\/i0.wp.com\/blogdoprosperi.com\/wp-content\/uploads\/2026\/06\/Captura-de-Tela-2026-06-17-as-14.27.10.png?fit=1010%2C678&ssl=1&resize=350%2C200 1x, https:\/\/i0.wp.com\/blogdoprosperi.com\/wp-content\/uploads\/2026\/06\/Captura-de-Tela-2026-06-17-as-14.27.10.png?fit=1010%2C678&ssl=1&resize=525%2C300 1.5x, https:\/\/i0.wp.com\/blogdoprosperi.com\/wp-content\/uploads\/2026\/06\/Captura-de-Tela-2026-06-17-as-14.27.10.png?fit=1010%2C678&ssl=1&resize=700%2C400 2x"},"classes":[]},{"id":38806,"url":"https:\/\/blogdoprosperi.com\/?p=38806","url_meta":{"origin":39193,"position":5},"title":"Messi aceita desafio de Neymar na final da Copa Am\u00e9rica","author":"Luiz Ant\u00f4nio Pr\u00f3speri","date":"7 de julho de 2021","format":false,"excerpt":"Messi aceita desafio de Neymar e leve Argentina \u00e0 final da Copa Am\u00e9rica contra Brasil","rel":"","context":"Em &quot;copa do mundo catar 2022&quot;","block_context":{"text":"copa do mundo catar 2022","link":"https:\/\/blogdoprosperi.com\/?cat=301049609"},"img":{"alt_text":"Argentina x Brasil \u2013 Copa Am\u00e9rica 2021 final","src":"https:\/\/i0.wp.com\/blogdoprosperi.com\/wp-content\/uploads\/2021\/07\/lionel-messi-argentina-semi-copa-america-assistir_fixed_large.jpg?fit=990%2C619&ssl=1&resize=350%2C200","width":350,"height":200,"srcset":"https:\/\/i0.wp.com\/blogdoprosperi.com\/wp-content\/uploads\/2021\/07\/lionel-messi-argentina-semi-copa-america-assistir_fixed_large.jpg?fit=990%2C619&ssl=1&resize=350%2C200 1x, https:\/\/i0.wp.com\/blogdoprosperi.com\/wp-content\/uploads\/2021\/07\/lionel-messi-argentina-semi-copa-america-assistir_fixed_large.jpg?fit=990%2C619&ssl=1&resize=525%2C300 1.5x, https:\/\/i0.wp.com\/blogdoprosperi.com\/wp-content\/uploads\/2021\/07\/lionel-messi-argentina-semi-copa-america-assistir_fixed_large.jpg?fit=990%2C619&ssl=1&resize=700%2C400 2x"},"classes":[]}],"jetpack_featured_media_url":"https:\/\/i0.wp.com\/blogdoprosperi.com\/wp-content\/uploads\/2022\/08\/messi-neymar-e-mbappe-no-psg-729x356-1.jpg?fit=729%2C356&ssl=1","_links":{"self":[{"href":"https:\/\/blogdoprosperi.com\/index.php?rest_route=\/wp\/v2\/posts\/39193","targetHints":{"allow":["GET"]}}],"collection":[{"href":"https:\/\/blogdoprosperi.com\/index.php?rest_route=\/wp\/v2\/posts"}],"about":[{"href":"https:\/\/blogdoprosperi.com\/index.php?rest_route=\/wp\/v2\/types\/post"}],"author":[{"embeddable":true,"href":"https:\/\/blogdoprosperi.com\/index.php?rest_route=\/wp\/v2\/users\/102107496"}],"replies":[{"embeddable":true,"href":"https:\/\/blogdoprosperi.com\/index.php?rest_route=%2Fwp%2Fv2%2Fcomments&post=39193"}],"version-history":[{"count":17,"href":"https:\/\/blogdoprosperi.com\/index.php?rest_route=\/wp\/v2\/posts\/39193\/revisions"}],"predecessor-version":[{"id":39215,"href":"https:\/\/blogdoprosperi.com\/index.php?rest_route=\/wp\/v2\/posts\/39193\/revisions\/39215"}],"wp:featuredmedia":[{"embeddable":true,"href":"https:\/\/blogdoprosperi.com\/index.php?rest_route=\/wp\/v2\/media\/39212"}],"wp:attachment":[{"href":"https:\/\/blogdoprosperi.com\/index.php?rest_route=%2Fwp%2Fv2%2Fmedia&parent=39193"}],"wp:term":[{"taxonomy":"category","embeddable":true,"href":"https:\/\/blogdoprosperi.com\/index.php?rest_route=%2Fwp%2Fv2%2Fcategories&post=39193"},{"taxonomy":"post_tag","embeddable":true,"href":"https:\/\/blogdoprosperi.com\/index.php?rest_route=%2Fwp%2Fv2%2Ftags&post=39193"}],"curies":[{"name":"wp","href":"https:\/\/api.w.org\/{rel}","templated":true}]}}