{"id":39217,"date":"2022-08-18T01:20:34","date_gmt":"2022-08-18T04:20:34","guid":{"rendered":"https:\/\/blogdoprosperi.com\/?p=39217"},"modified":"2022-08-24T23:51:09","modified_gmt":"2022-08-25T02:51:09","slug":"pedro-esta-na-copa-do-mundo-tite-adianta-convocacao","status":"publish","type":"post","link":"https:\/\/blogdoprosperi.com\/?p=39217","title":{"rendered":"Pedro na Copa, Tite antecipa convoca\u00e7\u00e3o"},"content":{"rendered":"<p>Pedro era ca\u00e7apa cantada na Copa do Mundo do Catar. Virou unanimidade nacional, assim que ganhou de Dorival Junior a posi\u00e7\u00e3o de titular no Flamengo. \u00c9 o tipo de centroavante que Tite n\u00e3o tinha na Sele\u00e7\u00e3o. Credenciais Pedro tem de sobra. Seus gols, farol sempre aceso na grande \u00e1rea e porte f\u00edsico de atacante carrasco de goleiros e zagueiros obrigam a brilhar os olhos do t\u00e9cnico do escrete brasileiro.<\/p>\n<p>Se havia um fiapo a justificar a desconfian\u00e7a, o gol diante do Athletico-PR \u2013 gol da classifica\u00e7\u00e3o Flamengo \u00e0s semifinais da Copa do Brasil \u2013 tira todas as d\u00favidas, se \u00e9 que elas existiam. Pedro \u00e9 Sele\u00e7\u00e3o.<\/p>\n<p>Tite tamb\u00e9m se convenceu. Mesmo distante da Arena da Baixada nesta quarta-feira em Curitiba, mas informado por seus escudeiros Cleber Xavier e Cesar Sampaio, o t\u00e9cnico do Brasil acionou sinal verde \u00e0 convoca\u00e7\u00e3o do atacante flamenguista.<\/p>\n<p>&#8220;N\u00e3o vou fugir da pergunta. Pedro tem caracter\u00edstica muito especial para enfrentar times com linhas baixas. Tem que ter op\u00e7\u00e3o de jogador com essa caracter\u00edstica&#8221; \u2013 disse Tite \u00e0 R\u00e1dio Globo, no Maracan\u00e3 ap\u00f3s o empate (2 a 2) entre Fluminense e Fortaleza.<\/p>\n<p>Mais claro, imposs\u00edvel. Tite antecipava assim a convoca\u00e7\u00e3o de Pedro para os amistosos da Sele\u00e7\u00e3o em setembro e, por tabela, \u00e0 Copa do Catar.<\/p>\n<p>&#8220;Pedro est\u00e1 em um grande momento, m\u00e9ritos do Dorival J\u00fanior no ajuste da equipe do Flamengo e o Pedro sendo um dos destaques. \u00c9 bastante prov\u00e1vel (<em>a convoca\u00e7\u00e3o<\/em>), mas eu n\u00e3o gosto de afirmar porque ainda tem tempo. Mas \u00e9 a ideia ter a possibilidade de poder convoc\u00e1-lo. Isso est\u00e1 claro&#8221;, refor\u00e7ou Tite nesta quinta-feira (18\/8) \u00e0 R\u00e1dio Itatiaia de Belo Horizonte.<\/p>\n<p>E Tite ainda justificou o motivo que o faz querer recrutar o centroavante para a sele\u00e7\u00e3o brasileira, citando que o atacante de 25 anos tem &#8216;caracter\u00edsticas distintas&#8217; em rela\u00e7\u00e3o aos camisas 9 que ele tem \u00e0 disposi\u00e7\u00e3o no momento.<\/p>\n<p>&#8220;S\u00e3o caracter\u00edsticas diferentes dos &#8220;noves&#8221; que a gente tem. Sempre tem um jogador de movimenta\u00e7\u00e3o, outro de velocidade, um que ataca espa\u00e7o, outro que vem ao meio-campo. Esse jogador como o Fred, jogador mais de frente, da \u00faltima bola, da conclus\u00e3o, esse jogador \u00e9 o Pedro&#8221;<\/p>\n<p>Pedro vai formar, ao lado de Richarlison e Gabriel Jesus, o trio de centroavantes do escrete no Catar. \u00c9 anotar agora e conferir a \u00faltima chamada de Tite.<\/p>\n<p>Quem tamb\u00e9m aparece no radar de Tite, \u00e9 o <span style=\"color:#0000ff;\"><a style=\"color:#0000ff;\" href=\"https:\/\/blogdoprosperi.com\/2022\/07\/27\/tite-tem-uma-vaga-na-selecao-scarpa-e-favorito\/\">meia Gustavo Scarpa do Palmeiras.<\/a><\/span> Entraria na lista como suplente de Lucas Paquet\u00e1.<\/p>\n","protected":false},"excerpt":{"rendered":"<p>Tite antecipa convoca\u00e7\u00e3o de Pedro, ao ser perguntado a respeito do atacante do Flamengo. Gol de bicicleta diz tudo<\/p>\n","protected":false},"author":102107496,"featured_media":39226,"comment_status":"open","ping_status":"open","sticky":false,"template":"","format":"standard","meta":{"_coblocks_attr":"","_coblocks_dimensions":"","_coblocks_responsive_height":"","_coblocks_accordion_ie_support":"","_jetpack_newsletter_access":"","_jetpack_dont_email_post_to_subs":false,"_jetpack_newsletter_tier_id":0,"_jetpack_memberships_contains_paywalled_content":false,"_wpcom_ai_launchpad_first_post":false,"_jetpack_feature_clip_id":0,"_jetpack_memberships_contains_paid_content":false,"footnotes":"","jetpack_publicize_message":"","jetpack_publicize_feature_enabled":true,"jetpack_social_post_already_shared":false,"jetpack_social_options":{"image_generator_settings":{"template":"highway","default_image_id":0,"font":"","enabled":false},"version":2},"jetpack_post_was_ever_published":false},"categories":[301049609,53870,174694],"tags":[789560560],"class_list":["post-39217","post","type-post","status-publish","format-standard","has-post-thumbnail","hentry","category-copa-do-mundo-catar-2022","category-futebol","category-selecao-brasileira","tag-futebol"],"yoast_head":"<!-- This site is optimized with the Yoast SEO plugin v28.4 - https:\/\/yoast.com\/product\/yoast-seo-wordpress\/ -->\n<title>Pedro na Copa, Tite antecipa convoca\u00e7\u00e3o - PR\u00d3SPERI NEWS<\/title>\n<meta name=\"robots\" content=\"index, follow, max-snippet:-1, max-image-preview:large, max-video-preview:-1\" \/>\n<link rel=\"canonical\" href=\"https:\/\/blogdoprosperi.com\/?p=39217\" \/>\n<meta property=\"og:locale\" content=\"pt_BR\" \/>\n<meta property=\"og:type\" content=\"article\" \/>\n<meta property=\"og:title\" content=\"Pedro na Copa, Tite antecipa convoca\u00e7\u00e3o - PR\u00d3SPERI NEWS\" \/>\n<meta property=\"og:description\" content=\"Tite antecipa convoca\u00e7\u00e3o de Pedro, ao ser perguntado a respeito do atacante do Flamengo. Gol de bicicleta diz tudo\" \/>\n<meta property=\"og:url\" content=\"https:\/\/blogdoprosperi.com\/?p=39217\" \/>\n<meta property=\"og:site_name\" content=\"PR\u00d3SPERI NEWS\" \/>\n<meta property=\"article:publisher\" content=\"Luiz Pr\u00f3speri\" \/>\n<meta property=\"article:author\" content=\"Luiz Pr\u00f3speri\" \/>\n<meta property=\"article:published_time\" content=\"2022-08-18T04:20:34+00:00\" \/>\n<meta property=\"article:modified_time\" content=\"2022-08-25T02:51:09+00:00\" \/>\n<meta property=\"og:image\" content=\"https:\/\/i0.wp.com\/blogdoprosperi.com\/wp-content\/uploads\/2022\/08\/pedro-vira-a-bicicleta-para-marcar-o-gol-do-flamengo.jpg?fit=900%2C490&ssl=1\" \/>\n\t<meta property=\"og:image:width\" content=\"900\" \/>\n\t<meta property=\"og:image:height\" content=\"490\" \/>\n\t<meta property=\"og:image:type\" content=\"image\/jpeg\" \/>\n<meta name=\"author\" content=\"Luiz Ant\u00f4nio Pr\u00f3speri\" \/>\n<meta name=\"twitter:card\" content=\"summary_large_image\" \/>\n<meta name=\"twitter:creator\" content=\"@Luizprosperi\" \/>\n<meta name=\"twitter:site\" content=\"@Luizprosperi\" \/>\n<meta name=\"twitter:label1\" content=\"Escrito por\" \/>\n\t<meta name=\"twitter:data1\" content=\"Luiz Ant\u00f4nio Pr\u00f3speri\" \/>\n\t<meta name=\"twitter:label2\" content=\"Est. tempo de leitura\" \/>\n\t<meta name=\"twitter:data2\" content=\"2 minutos\" \/>\n<script type=\"application\/ld+json\" class=\"yoast-schema-graph\">{\"@context\":\"https:\\\/\\\/schema.org\",\"@graph\":[{\"@type\":\"Article\",\"@id\":\"https:\\\/\\\/blogdoprosperi.com\\\/?p=39217#article\",\"isPartOf\":{\"@id\":\"https:\\\/\\\/blogdoprosperi.com\\\/?p=39217\"},\"author\":{\"name\":\"Luiz Ant\u00f4nio Pr\u00f3speri\",\"@id\":\"https:\\\/\\\/blogdoprosperi.com\\\/#\\\/schema\\\/person\\\/38100755ce3601861ee4fab9b5aa78e9\"},\"headline\":\"Pedro na Copa, Tite antecipa convoca\u00e7\u00e3o\",\"datePublished\":\"2022-08-18T04:20:34+00:00\",\"dateModified\":\"2022-08-25T02:51:09+00:00\",\"mainEntityOfPage\":{\"@id\":\"https:\\\/\\\/blogdoprosperi.com\\\/?p=39217\"},\"wordCount\":432,\"commentCount\":0,\"publisher\":{\"@id\":\"https:\\\/\\\/blogdoprosperi.com\\\/#\\\/schema\\\/person\\\/38100755ce3601861ee4fab9b5aa78e9\"},\"image\":{\"@id\":\"https:\\\/\\\/blogdoprosperi.com\\\/?p=39217#primaryimage\"},\"thumbnailUrl\":\"https:\\\/\\\/i0.wp.com\\\/blogdoprosperi.com\\\/wp-content\\\/uploads\\\/2022\\\/08\\\/pedro-vira-a-bicicleta-para-marcar-o-gol-do-flamengo.jpg?fit=900%2C490&ssl=1\",\"keywords\":[\"futebol\"],\"articleSection\":[\"copa do mundo catar 2022\",\"futebol\",\"Sele\u00e7\u00e3o Brasileira\"],\"inLanguage\":\"pt-BR\",\"potentialAction\":[{\"@type\":\"CommentAction\",\"name\":\"Comment\",\"target\":[\"https:\\\/\\\/blogdoprosperi.com\\\/?p=39217#respond\"]}]},{\"@type\":\"WebPage\",\"@id\":\"https:\\\/\\\/blogdoprosperi.com\\\/?p=39217\",\"url\":\"https:\\\/\\\/blogdoprosperi.com\\\/?p=39217\",\"name\":\"Pedro na Copa, Tite antecipa convoca\u00e7\u00e3o - PR\u00d3SPERI NEWS\",\"isPartOf\":{\"@id\":\"https:\\\/\\\/blogdoprosperi.com\\\/#website\"},\"primaryImageOfPage\":{\"@id\":\"https:\\\/\\\/blogdoprosperi.com\\\/?p=39217#primaryimage\"},\"image\":{\"@id\":\"https:\\\/\\\/blogdoprosperi.com\\\/?p=39217#primaryimage\"},\"thumbnailUrl\":\"https:\\\/\\\/i0.wp.com\\\/blogdoprosperi.com\\\/wp-content\\\/uploads\\\/2022\\\/08\\\/pedro-vira-a-bicicleta-para-marcar-o-gol-do-flamengo.jpg?fit=900%2C490&ssl=1\",\"datePublished\":\"2022-08-18T04:20:34+00:00\",\"dateModified\":\"2022-08-25T02:51:09+00:00\",\"breadcrumb\":{\"@id\":\"https:\\\/\\\/blogdoprosperi.com\\\/?p=39217#breadcrumb\"},\"inLanguage\":\"pt-BR\",\"potentialAction\":[{\"@type\":\"ReadAction\",\"target\":[\"https:\\\/\\\/blogdoprosperi.com\\\/?p=39217\"]}]},{\"@type\":\"ImageObject\",\"inLanguage\":\"pt-BR\",\"@id\":\"https:\\\/\\\/blogdoprosperi.com\\\/?p=39217#primaryimage\",\"url\":\"https:\\\/\\\/i0.wp.com\\\/blogdoprosperi.com\\\/wp-content\\\/uploads\\\/2022\\\/08\\\/pedro-vira-a-bicicleta-para-marcar-o-gol-do-flamengo.jpg?fit=900%2C490&ssl=1\",\"contentUrl\":\"https:\\\/\\\/i0.wp.com\\\/blogdoprosperi.com\\\/wp-content\\\/uploads\\\/2022\\\/08\\\/pedro-vira-a-bicicleta-para-marcar-o-gol-do-flamengo.jpg?fit=900%2C490&ssl=1\",\"width\":900,\"height\":490,\"caption\":\"foto: Flamengo oficial\"},{\"@type\":\"BreadcrumbList\",\"@id\":\"https:\\\/\\\/blogdoprosperi.com\\\/?p=39217#breadcrumb\",\"itemListElement\":[{\"@type\":\"ListItem\",\"position\":1,\"name\":\"In\u00edcio\",\"item\":\"https:\\\/\\\/blogdoprosperi.com\\\/\"},{\"@type\":\"ListItem\",\"position\":2,\"name\":\"Pedro na Copa, Tite antecipa convoca\u00e7\u00e3o\"}]},{\"@type\":\"WebSite\",\"@id\":\"https:\\\/\\\/blogdoprosperi.com\\\/#website\",\"url\":\"https:\\\/\\\/blogdoprosperi.com\\\/\",\"name\":\"PR\u00d3SPERI NEWS\",\"description\":\"TUDO \u00c9  FUTEBOL\",\"publisher\":{\"@id\":\"https:\\\/\\\/blogdoprosperi.com\\\/#\\\/schema\\\/person\\\/38100755ce3601861ee4fab9b5aa78e9\"},\"alternateName\":\"blogdoprosperi.com\",\"potentialAction\":[{\"@type\":\"SearchAction\",\"target\":{\"@type\":\"EntryPoint\",\"urlTemplate\":\"https:\\\/\\\/blogdoprosperi.com\\\/?s={search_term_string}\"},\"query-input\":{\"@type\":\"PropertyValueSpecification\",\"valueRequired\":true,\"valueName\":\"search_term_string\"}}],\"inLanguage\":\"pt-BR\"},{\"@type\":[\"Person\",\"Organization\"],\"@id\":\"https:\\\/\\\/blogdoprosperi.com\\\/#\\\/schema\\\/person\\\/38100755ce3601861ee4fab9b5aa78e9\",\"name\":\"Luiz Ant\u00f4nio Pr\u00f3speri\",\"pronouns\":\"ele\",\"image\":{\"@type\":\"ImageObject\",\"inLanguage\":\"pt-BR\",\"@id\":\"https:\\\/\\\/i0.wp.com\\\/blogdoprosperi.com\\\/wp-content\\\/uploads\\\/2026\\\/05\\\/cropped-8059e613-6002-42fa-961e-8e275f575d71-2-5.jpg?fit=1360%2C931&ssl=1\",\"url\":\"https:\\\/\\\/i0.wp.com\\\/blogdoprosperi.com\\\/wp-content\\\/uploads\\\/2026\\\/05\\\/cropped-8059e613-6002-42fa-961e-8e275f575d71-2-5.jpg?fit=1360%2C931&ssl=1\",\"contentUrl\":\"https:\\\/\\\/i0.wp.com\\\/blogdoprosperi.com\\\/wp-content\\\/uploads\\\/2026\\\/05\\\/cropped-8059e613-6002-42fa-961e-8e275f575d71-2-5.jpg?fit=1360%2C931&ssl=1\",\"width\":1360,\"height\":931,\"caption\":\"Luiz Ant\u00f4nio Pr\u00f3speri\"},\"logo\":{\"@id\":\"https:\\\/\\\/i0.wp.com\\\/blogdoprosperi.com\\\/wp-content\\\/uploads\\\/2026\\\/05\\\/cropped-8059e613-6002-42fa-961e-8e275f575d71-2-5.jpg?fit=1360%2C931&ssl=1\"},\"description\":\"Jornalista com carreira dedicada ao esporte. Cobriu 9 Copas do Mundo in loco, 1990 na It\u00e1lia, 1994 nos EUA, 1998 na Fran\u00e7a, 2002 na Coreia do Sul e Jap\u00e3o, 2006 na Alemanha, 2010 na \u00c1frica do Sul, 2014 no Brasil, 2018 na R\u00fassia e 2022 no Qatar. Eurocopas, 1992 na Su\u00e9cia e 1996 na Inglaterra. Copa das Confedera\u00e7\u00f5es de 2005 na Alemanha e 2009 na \u00c1frica do Sul. Rep\u00f3rter e Editor, trabalhou no Jornal da Tarde e Estad\u00e3o, de 1984 a fevereiro de 2016. Colunista, blogueiro. E comentarista de futebol na R\u00e1dio Estad\u00e3o, de 2013 a fevereiro de 2016. Jornalista respons\u00e1vel do \\\"Pr\u00f3speri News\\\" (blogdoprosperi.com).\",\"sameAs\":[\"http:\\\/\\\/blogdoprosperi.com\",\"Luiz Pr\u00f3speri\",\"@luiz_prosperi\",\"https:\\\/\\\/x.com\\\/Luizprosperi\",\"@prosperinacopa\",\"luiz.prosperi@icloud.com\"],\"url\":\"https:\\\/\\\/blogdoprosperi.com\\\/?author=102107496\"}]}<\/script>\n<!-- \/ Yoast SEO plugin. -->","yoast_head_json":{"title":"Pedro na Copa, Tite antecipa convoca\u00e7\u00e3o - PR\u00d3SPERI NEWS","robots":{"index":"index","follow":"follow","max-snippet":"max-snippet:-1","max-image-preview":"max-image-preview:large","max-video-preview":"max-video-preview:-1"},"canonical":"https:\/\/blogdoprosperi.com\/?p=39217","og_locale":"pt_BR","og_type":"article","og_title":"Pedro na Copa, Tite antecipa convoca\u00e7\u00e3o - PR\u00d3SPERI NEWS","og_description":"Tite antecipa convoca\u00e7\u00e3o de Pedro, ao ser perguntado a respeito do atacante do Flamengo. Gol de bicicleta diz tudo","og_url":"https:\/\/blogdoprosperi.com\/?p=39217","og_site_name":"PR\u00d3SPERI NEWS","article_publisher":"Luiz Pr\u00f3speri","article_author":"Luiz Pr\u00f3speri","article_published_time":"2022-08-18T04:20:34+00:00","article_modified_time":"2022-08-25T02:51:09+00:00","og_image":[{"width":900,"height":490,"url":"https:\/\/i0.wp.com\/blogdoprosperi.com\/wp-content\/uploads\/2022\/08\/pedro-vira-a-bicicleta-para-marcar-o-gol-do-flamengo.jpg?fit=900%2C490&ssl=1","type":"image\/jpeg"}],"author":"Luiz Ant\u00f4nio Pr\u00f3speri","twitter_card":"summary_large_image","twitter_creator":"@Luizprosperi","twitter_site":"@Luizprosperi","twitter_misc":{"Escrito por":"Luiz Ant\u00f4nio Pr\u00f3speri","Est. tempo de leitura":"2 minutos"},"schema":{"@context":"https:\/\/schema.org","@graph":[{"@type":"Article","@id":"https:\/\/blogdoprosperi.com\/?p=39217#article","isPartOf":{"@id":"https:\/\/blogdoprosperi.com\/?p=39217"},"author":{"name":"Luiz Ant\u00f4nio Pr\u00f3speri","@id":"https:\/\/blogdoprosperi.com\/#\/schema\/person\/38100755ce3601861ee4fab9b5aa78e9"},"headline":"Pedro na Copa, Tite antecipa convoca\u00e7\u00e3o","datePublished":"2022-08-18T04:20:34+00:00","dateModified":"2022-08-25T02:51:09+00:00","mainEntityOfPage":{"@id":"https:\/\/blogdoprosperi.com\/?p=39217"},"wordCount":432,"commentCount":0,"publisher":{"@id":"https:\/\/blogdoprosperi.com\/#\/schema\/person\/38100755ce3601861ee4fab9b5aa78e9"},"image":{"@id":"https:\/\/blogdoprosperi.com\/?p=39217#primaryimage"},"thumbnailUrl":"https:\/\/i0.wp.com\/blogdoprosperi.com\/wp-content\/uploads\/2022\/08\/pedro-vira-a-bicicleta-para-marcar-o-gol-do-flamengo.jpg?fit=900%2C490&ssl=1","keywords":["futebol"],"articleSection":["copa do mundo catar 2022","futebol","Sele\u00e7\u00e3o Brasileira"],"inLanguage":"pt-BR","potentialAction":[{"@type":"CommentAction","name":"Comment","target":["https:\/\/blogdoprosperi.com\/?p=39217#respond"]}]},{"@type":"WebPage","@id":"https:\/\/blogdoprosperi.com\/?p=39217","url":"https:\/\/blogdoprosperi.com\/?p=39217","name":"Pedro na Copa, Tite antecipa convoca\u00e7\u00e3o - PR\u00d3SPERI NEWS","isPartOf":{"@id":"https:\/\/blogdoprosperi.com\/#website"},"primaryImageOfPage":{"@id":"https:\/\/blogdoprosperi.com\/?p=39217#primaryimage"},"image":{"@id":"https:\/\/blogdoprosperi.com\/?p=39217#primaryimage"},"thumbnailUrl":"https:\/\/i0.wp.com\/blogdoprosperi.com\/wp-content\/uploads\/2022\/08\/pedro-vira-a-bicicleta-para-marcar-o-gol-do-flamengo.jpg?fit=900%2C490&ssl=1","datePublished":"2022-08-18T04:20:34+00:00","dateModified":"2022-08-25T02:51:09+00:00","breadcrumb":{"@id":"https:\/\/blogdoprosperi.com\/?p=39217#breadcrumb"},"inLanguage":"pt-BR","potentialAction":[{"@type":"ReadAction","target":["https:\/\/blogdoprosperi.com\/?p=39217"]}]},{"@type":"ImageObject","inLanguage":"pt-BR","@id":"https:\/\/blogdoprosperi.com\/?p=39217#primaryimage","url":"https:\/\/i0.wp.com\/blogdoprosperi.com\/wp-content\/uploads\/2022\/08\/pedro-vira-a-bicicleta-para-marcar-o-gol-do-flamengo.jpg?fit=900%2C490&ssl=1","contentUrl":"https:\/\/i0.wp.com\/blogdoprosperi.com\/wp-content\/uploads\/2022\/08\/pedro-vira-a-bicicleta-para-marcar-o-gol-do-flamengo.jpg?fit=900%2C490&ssl=1","width":900,"height":490,"caption":"foto: Flamengo oficial"},{"@type":"BreadcrumbList","@id":"https:\/\/blogdoprosperi.com\/?p=39217#breadcrumb","itemListElement":[{"@type":"ListItem","position":1,"name":"In\u00edcio","item":"https:\/\/blogdoprosperi.com\/"},{"@type":"ListItem","position":2,"name":"Pedro na Copa, Tite antecipa convoca\u00e7\u00e3o"}]},{"@type":"WebSite","@id":"https:\/\/blogdoprosperi.com\/#website","url":"https:\/\/blogdoprosperi.com\/","name":"PR\u00d3SPERI NEWS","description":"TUDO \u00c9  FUTEBOL","publisher":{"@id":"https:\/\/blogdoprosperi.com\/#\/schema\/person\/38100755ce3601861ee4fab9b5aa78e9"},"alternateName":"blogdoprosperi.com","potentialAction":[{"@type":"SearchAction","target":{"@type":"EntryPoint","urlTemplate":"https:\/\/blogdoprosperi.com\/?s={search_term_string}"},"query-input":{"@type":"PropertyValueSpecification","valueRequired":true,"valueName":"search_term_string"}}],"inLanguage":"pt-BR"},{"@type":["Person","Organization"],"@id":"https:\/\/blogdoprosperi.com\/#\/schema\/person\/38100755ce3601861ee4fab9b5aa78e9","name":"Luiz Ant\u00f4nio Pr\u00f3speri","pronouns":"ele","image":{"@type":"ImageObject","inLanguage":"pt-BR","@id":"https:\/\/i0.wp.com\/blogdoprosperi.com\/wp-content\/uploads\/2026\/05\/cropped-8059e613-6002-42fa-961e-8e275f575d71-2-5.jpg?fit=1360%2C931&ssl=1","url":"https:\/\/i0.wp.com\/blogdoprosperi.com\/wp-content\/uploads\/2026\/05\/cropped-8059e613-6002-42fa-961e-8e275f575d71-2-5.jpg?fit=1360%2C931&ssl=1","contentUrl":"https:\/\/i0.wp.com\/blogdoprosperi.com\/wp-content\/uploads\/2026\/05\/cropped-8059e613-6002-42fa-961e-8e275f575d71-2-5.jpg?fit=1360%2C931&ssl=1","width":1360,"height":931,"caption":"Luiz Ant\u00f4nio Pr\u00f3speri"},"logo":{"@id":"https:\/\/i0.wp.com\/blogdoprosperi.com\/wp-content\/uploads\/2026\/05\/cropped-8059e613-6002-42fa-961e-8e275f575d71-2-5.jpg?fit=1360%2C931&ssl=1"},"description":"Jornalista com carreira dedicada ao esporte. Cobriu 9 Copas do Mundo in loco, 1990 na It\u00e1lia, 1994 nos EUA, 1998 na Fran\u00e7a, 2002 na Coreia do Sul e Jap\u00e3o, 2006 na Alemanha, 2010 na \u00c1frica do Sul, 2014 no Brasil, 2018 na R\u00fassia e 2022 no Qatar. Eurocopas, 1992 na Su\u00e9cia e 1996 na Inglaterra. Copa das Confedera\u00e7\u00f5es de 2005 na Alemanha e 2009 na \u00c1frica do Sul. Rep\u00f3rter e Editor, trabalhou no Jornal da Tarde e Estad\u00e3o, de 1984 a fevereiro de 2016. Colunista, blogueiro. E comentarista de futebol na R\u00e1dio Estad\u00e3o, de 2013 a fevereiro de 2016. Jornalista respons\u00e1vel do \"Pr\u00f3speri News\" (blogdoprosperi.com).","sameAs":["http:\/\/blogdoprosperi.com","Luiz Pr\u00f3speri","@luiz_prosperi","https:\/\/x.com\/Luizprosperi","@prosperinacopa","luiz.prosperi@icloud.com"],"url":"https:\/\/blogdoprosperi.com\/?author=102107496"}]}},"jetpack_publicize_connections":[],"jetpack_likes_enabled":false,"jetpack_sharing_enabled":true,"jetpack_shortlink":"https:\/\/wp.me\/p7jvdk-acx","jetpack-related-posts":[{"id":39075,"url":"https:\/\/blogdoprosperi.com\/?p=39075","url_meta":{"origin":39217,"position":0},"title":"Torcedor brasileiro rejeita t\u00e9cnico estrangeiro na Sele\u00e7\u00e3o, CBF est\u00e1 amarrada","author":"Luiz Ant\u00f4nio Pr\u00f3speri","date":"8 de agosto de 2022","format":false,"excerpt":"Pesquisa DataFolha indica rejei\u00e7\u00e3o da popula\u00e7\u00e3o brasileira a t\u00e9cnico estrangeiro na Sele\u00e7\u00e3o. CBF pode renovar com Tite at\u00e9 2026","rel":"","context":"Em &quot;copa do mundo catar 2022&quot;","block_context":{"text":"copa do mundo catar 2022","link":"https:\/\/blogdoprosperi.com\/?cat=301049609"},"img":{"alt_text":"","src":"https:\/\/i0.wp.com\/blogdoprosperi.com\/wp-content\/uploads\/2022\/08\/51845766440_143abb51a9_w-1.jpg?fit=400%2C267&ssl=1&resize=350%2C200","width":350,"height":200},"classes":[]},{"id":39432,"url":"https:\/\/blogdoprosperi.com\/?p=39432","url_meta":{"origin":39217,"position":1},"title":"Tite confirma Pedro, deixa Gabriel Jesus fora e reconhece problemas na lateral-direita","author":"Luiz Ant\u00f4nio Pr\u00f3speri","date":"9 de setembro de 2022","format":false,"excerpt":"Tite surpreende na \u00faltima convoca\u00e7\u00e3o da Sele\u00e7\u00e3o Brasileira antes de apresentar lista final da Copa do Mundo Qatar 2022","rel":"","context":"Em &quot;catar 2022&quot;","block_context":{"text":"catar 2022","link":"https:\/\/blogdoprosperi.com\/?cat=47094043"},"img":{"alt_text":"Tite convoca Sele\u00e7\u00e3o para amistosos contra Gana e Tun\u00edsia","src":"https:\/\/i0.wp.com\/blogdoprosperi.com\/wp-content\/uploads\/2022\/09\/52345840355_3cb66b8448_c.jpg?fit=799%2C533&ssl=1&resize=350%2C200","width":350,"height":200,"srcset":"https:\/\/i0.wp.com\/blogdoprosperi.com\/wp-content\/uploads\/2022\/09\/52345840355_3cb66b8448_c.jpg?fit=799%2C533&ssl=1&resize=350%2C200 1x, https:\/\/i0.wp.com\/blogdoprosperi.com\/wp-content\/uploads\/2022\/09\/52345840355_3cb66b8448_c.jpg?fit=799%2C533&ssl=1&resize=525%2C300 1.5x, https:\/\/i0.wp.com\/blogdoprosperi.com\/wp-content\/uploads\/2022\/09\/52345840355_3cb66b8448_c.jpg?fit=799%2C533&ssl=1&resize=700%2C400 2x"},"classes":[]},{"id":39667,"url":"https:\/\/blogdoprosperi.com\/?p=39667","url_meta":{"origin":39217,"position":2},"title":"Brasil vence Tun\u00edsia com goleada e manda recado \u00e0 concorr\u00eancia e racismo","author":"Luiz Ant\u00f4nio Pr\u00f3speri","date":"27 de setembro de 2022","format":false,"excerpt":"Brasil vence amistoso no est\u00e1dio do PSG em Paris. Jogo tem momentos de f\u00faria e racismo com banana atirada no campo.","rel":"","context":"Em &quot;catar 2022&quot;","block_context":{"text":"catar 2022","link":"https:\/\/blogdoprosperi.com\/?cat=47094043"},"img":{"alt_text":"","src":"https:\/\/i0.wp.com\/blogdoprosperi.com\/wp-content\/uploads\/2022\/09\/52388807461_00a5b7804e_c-1.jpg?fit=799%2C533&ssl=1&resize=350%2C200","width":350,"height":200,"srcset":"https:\/\/i0.wp.com\/blogdoprosperi.com\/wp-content\/uploads\/2022\/09\/52388807461_00a5b7804e_c-1.jpg?fit=799%2C533&ssl=1&resize=350%2C200 1x, https:\/\/i0.wp.com\/blogdoprosperi.com\/wp-content\/uploads\/2022\/09\/52388807461_00a5b7804e_c-1.jpg?fit=799%2C533&ssl=1&resize=525%2C300 1.5x, https:\/\/i0.wp.com\/blogdoprosperi.com\/wp-content\/uploads\/2022\/09\/52388807461_00a5b7804e_c-1.jpg?fit=799%2C533&ssl=1&resize=700%2C400 2x"},"classes":[]},{"id":41366,"url":"https:\/\/blogdoprosperi.com\/?p=41366","url_meta":{"origin":39217,"position":3},"title":"Sele\u00e7\u00e3o Brasileira: Palmeiras pode ajudar CBF na escolha do sucessor de Tite","author":"Luiz Ant\u00f4nio Pr\u00f3speri","date":"2 de fevereiro de 2023","format":false,"excerpt":"CBF vive drama na escolha do novo t\u00e9cnico da Sele\u00e7\u00e3o Brasileira. Se Abel Ferreira n\u00e3o pode, por que n\u00e3o Paulo Victor, do Sub-20 do Palmeiras, campe\u00e3o de tudo? Mira exemplo da Argentina, campe\u00e3 da Copa 2022.","rel":"","context":"Em &quot;Campeonato Brasileiro&quot;","block_context":{"text":"Campeonato Brasileiro","link":"https:\/\/blogdoprosperi.com\/?cat=355071"},"img":{"alt_text":"","src":"https:\/\/i0.wp.com\/blogdoprosperi.com\/wp-content\/uploads\/2023\/02\/pv-trabalhou-na-selecao-de-2017-a-2021.jpg?fit=1200%2C800&ssl=1&resize=350%2C200","width":350,"height":200,"srcset":"https:\/\/i0.wp.com\/blogdoprosperi.com\/wp-content\/uploads\/2023\/02\/pv-trabalhou-na-selecao-de-2017-a-2021.jpg?fit=1200%2C800&ssl=1&resize=350%2C200 1x, https:\/\/i0.wp.com\/blogdoprosperi.com\/wp-content\/uploads\/2023\/02\/pv-trabalhou-na-selecao-de-2017-a-2021.jpg?fit=1200%2C800&ssl=1&resize=525%2C300 1.5x, https:\/\/i0.wp.com\/blogdoprosperi.com\/wp-content\/uploads\/2023\/02\/pv-trabalhou-na-selecao-de-2017-a-2021.jpg?fit=1200%2C800&ssl=1&resize=700%2C400 2x, https:\/\/i0.wp.com\/blogdoprosperi.com\/wp-content\/uploads\/2023\/02\/pv-trabalhou-na-selecao-de-2017-a-2021.jpg?fit=1200%2C800&ssl=1&resize=1050%2C600 3x"},"classes":[]},{"id":36752,"url":"https:\/\/blogdoprosperi.com\/?p=36752","url_meta":{"origin":39217,"position":4},"title":"Diego, em baixa no Flamengo, e querido por Tite na Sele\u00e7\u00e3o. Quem entende?","author":"Luiz Ant\u00f4nio Pr\u00f3speri","date":"29 de setembro de 2017","format":false,"excerpt":"Diego Ribas, 32 anos, deu mais um passo atr\u00e1s na temporada ao perder o p\u00eanalti na decis\u00e3o da Copa do Brasil contra o Cruzeiro. Um ponto negativo na sua pobre estat\u00edstica, desde que voltou ao futebol brasileiro em 2016 para vestir a camisa 35 do Flamengo. Mesmo em momento ruim\u2026","rel":"","context":"Em &quot;Copa do Mundo 2018&quot;","block_context":{"text":"Copa do Mundo 2018","link":"https:\/\/blogdoprosperi.com\/?cat=43723753"},"img":{"alt_text":"Diego tem a prefer\u00eancia de Tite na Sele\u00e7\u00e3o Brasileira","src":"https:\/\/i0.wp.com\/blogdoprosperi.com\/wp-content\/uploads\/2017\/09\/diego-juventus-1260x710.jpg?fit=1200%2C676&ssl=1&resize=350%2C200","width":350,"height":200,"srcset":"https:\/\/i0.wp.com\/blogdoprosperi.com\/wp-content\/uploads\/2017\/09\/diego-juventus-1260x710.jpg?fit=1200%2C676&ssl=1&resize=350%2C200 1x, https:\/\/i0.wp.com\/blogdoprosperi.com\/wp-content\/uploads\/2017\/09\/diego-juventus-1260x710.jpg?fit=1200%2C676&ssl=1&resize=525%2C300 1.5x, https:\/\/i0.wp.com\/blogdoprosperi.com\/wp-content\/uploads\/2017\/09\/diego-juventus-1260x710.jpg?fit=1200%2C676&ssl=1&resize=700%2C400 2x, https:\/\/i0.wp.com\/blogdoprosperi.com\/wp-content\/uploads\/2017\/09\/diego-juventus-1260x710.jpg?fit=1200%2C676&ssl=1&resize=1050%2C600 3x"},"classes":[]},{"id":39594,"url":"https:\/\/blogdoprosperi.com\/?p=39594","url_meta":{"origin":39217,"position":5},"title":"Brasil passeia no pen\u00faltimo amistoso antes da Copa Qatar 2022","author":"Luiz Ant\u00f4nio Pr\u00f3speri","date":"23 de setembro de 2022","format":false,"excerpt":"Sele\u00e7\u00e3o Brasileira vence Gana sem nenhum constrangimento no pen\u00faltimo amistoso antes da estreia na Copa do Mundo Qatar 2022. A vit\u00f3ria por 3 a 0, constru\u00edda no primeiro tempo, tem participa\u00e7\u00e3o decisiva do atacante Richarlison, autor de dois gols, em Le Havre na Fran\u00e7a. Brasil molda o primeiro tempo do\u2026","rel":"","context":"Em &quot;catar 2022&quot;","block_context":{"text":"catar 2022","link":"https:\/\/blogdoprosperi.com\/?cat=47094043"},"img":{"alt_text":"","src":"https:\/\/i0.wp.com\/blogdoprosperi.com\/wp-content\/uploads\/2022\/09\/52379122781_8ca520c918_c.jpg?fit=799%2C533&ssl=1&resize=350%2C200","width":350,"height":200,"srcset":"https:\/\/i0.wp.com\/blogdoprosperi.com\/wp-content\/uploads\/2022\/09\/52379122781_8ca520c918_c.jpg?fit=799%2C533&ssl=1&resize=350%2C200 1x, https:\/\/i0.wp.com\/blogdoprosperi.com\/wp-content\/uploads\/2022\/09\/52379122781_8ca520c918_c.jpg?fit=799%2C533&ssl=1&resize=525%2C300 1.5x, https:\/\/i0.wp.com\/blogdoprosperi.com\/wp-content\/uploads\/2022\/09\/52379122781_8ca520c918_c.jpg?fit=799%2C533&ssl=1&resize=700%2C400 2x"},"classes":[]}],"jetpack_featured_media_url":"https:\/\/i0.wp.com\/blogdoprosperi.com\/wp-content\/uploads\/2022\/08\/pedro-vira-a-bicicleta-para-marcar-o-gol-do-flamengo.jpg?fit=900%2C490&ssl=1","_links":{"self":[{"href":"https:\/\/blogdoprosperi.com\/index.php?rest_route=\/wp\/v2\/posts\/39217","targetHints":{"allow":["GET"]}}],"collection":[{"href":"https:\/\/blogdoprosperi.com\/index.php?rest_route=\/wp\/v2\/posts"}],"about":[{"href":"https:\/\/blogdoprosperi.com\/index.php?rest_route=\/wp\/v2\/types\/post"}],"author":[{"embeddable":true,"href":"https:\/\/blogdoprosperi.com\/index.php?rest_route=\/wp\/v2\/users\/102107496"}],"replies":[{"embeddable":true,"href":"https:\/\/blogdoprosperi.com\/index.php?rest_route=%2Fwp%2Fv2%2Fcomments&post=39217"}],"version-history":[{"count":15,"href":"https:\/\/blogdoprosperi.com\/index.php?rest_route=\/wp\/v2\/posts\/39217\/revisions"}],"predecessor-version":[{"id":39412,"href":"https:\/\/blogdoprosperi.com\/index.php?rest_route=\/wp\/v2\/posts\/39217\/revisions\/39412"}],"wp:featuredmedia":[{"embeddable":true,"href":"https:\/\/blogdoprosperi.com\/index.php?rest_route=\/wp\/v2\/media\/39226"}],"wp:attachment":[{"href":"https:\/\/blogdoprosperi.com\/index.php?rest_route=%2Fwp%2Fv2%2Fmedia&parent=39217"}],"wp:term":[{"taxonomy":"category","embeddable":true,"href":"https:\/\/blogdoprosperi.com\/index.php?rest_route=%2Fwp%2Fv2%2Fcategories&post=39217"},{"taxonomy":"post_tag","embeddable":true,"href":"https:\/\/blogdoprosperi.com\/index.php?rest_route=%2Fwp%2Fv2%2Ftags&post=39217"}],"curies":[{"name":"wp","href":"https:\/\/api.w.org\/{rel}","templated":true}]}}