{"id":39432,"date":"2022-09-09T12:45:52","date_gmt":"2022-09-09T15:45:52","guid":{"rendered":"https:\/\/blogdoprosperi.com\/?p=39432"},"modified":"2022-09-14T11:04:01","modified_gmt":"2022-09-14T14:04:01","slug":"tite-confirma-pedro-deixa-gabriel-jesus-fora-e-reconhece-problemas-na-lateral-direita","status":"publish","type":"post","link":"https:\/\/blogdoprosperi.com\/?p=39432","title":{"rendered":"Tite confirma Pedro, deixa Gabriel Jesus fora e reconhece problemas na lateral-direita"},"content":{"rendered":"<p>Tite surpreende na \u00faltima convoca\u00e7\u00e3o da Sele\u00e7\u00e3o Brasileira antes de apresentar a lista final da Copa do Mundo Qatar 2022. Gabriel Jesus e Philippe Coutinho est\u00e3o fora dos amistosos contra Gana e Tun\u00edsia. E na lateral-direita conta apenas com Danilo, da Juventus. Pedro, barbada em todas as apostas, volta ao escrete com muita chance de ir ao Mundial. E o treinador confirma que n\u00e3o tem fechado o grupo de 26 jogadores que levar\u00e1 ao Qatar em novembro.<\/p>\n<p>&#8220;Aqui n\u00e3o tem nenhum cancelado. Nesta lista de 55 (<em>pr\u00e9-convocados a ser apresentada \u00e0 Fifa<\/em>) est\u00e3o estes atletas que estamos monitorando. Esta lista, que saia para todo mundo, sem vazamentos. Para mim, j\u00e1 coloca com transpar\u00eancia para todo mundo saber&#8221;, disse Tite na coletiva dessa manh\u00e3 (9\/09) na CBF.<\/p>\n<p>Entre as surpresas, ou melhor, os menos cotados, aparecem os zagueiros <strong>Bremer (Juventus) e Iba\u00f1ez (Roma)<\/strong>. Dos meio-campistas, <strong>Everton Ribeiro<\/strong>, outro que n\u00e3o estava bem cotado, volta ao topo com atua\u00e7\u00f5es descentes no Flamengo desde a chegada de Dorival Junior ao comando do rubro-negro.<\/p>\n<p>&#8220;H\u00e1 uma concorr\u00eancia entre eles (<em>Everton e Coutinho<\/em>), jogadores criativos da posi\u00e7\u00e3o. \u00c9 um jogador da cria\u00e7\u00e3o, teve seus testes. Quero elogiar o trabalho de Dorival J\u00fanior&#8230; Em cima da retomada de alto desempenho do Everton e do Flamengo de uma forma geral ele eleva o n\u00edvel t\u00e9cnico dos atletas&#8230; Eles concorrem sim. O Couto \u00e9 um extraordin\u00e1rio jogador. <strong>Gabriel Jesus<\/strong> tamb\u00e9m. Falamos de David Neres, Martinelli. \u00c9 muito dif\u00edcil. O <strong>Dudu<\/strong> para mim foi o melhor jogador da classifica\u00e7\u00e3o (<em>na Libertadores<\/em>) de Palmeiras e Atl\u00e9tico Mineiro. <strong>C\u00e1ssio<\/strong> est\u00e1 retornando em um grande momento. O Santos retomando um grande patamar. S\u00f3 para colocar como est\u00e1 a concorr\u00eancia&#8221; \u2013 Tite.<\/p>\n<p><strong>Gustavo Scarpa,<\/strong> em alta e apontado como melhor jogador do Brasileir\u00e3o at\u00e9 aqui, n\u00e3o est\u00e1 na lista.<\/p>\n<p>&#8220;Gosto muito do Scarpa desde os tempos de Fluminense. Est\u00e1 concorrendo junto com <strong>Veiga, Everton Ribeiro, Coutinho, Paquet\u00e1<\/strong>, que s\u00e3o jogadores que trabalham mais ou menos nesta fun\u00e7\u00e3o. N\u00e3o consigo satisfazer todo mundo. Tenho reconhecimento do grande momento do <span style=\"color:#0000ff;\"><a style=\"color:#0000ff;\" href=\"https:\/\/blogdoprosperi.com\/2022\/07\/27\/tite-tem-uma-vaga-na-selecao-scarpa-e-favorito\/\">Scarpa<\/a><\/span> tamb\u00e9m&#8221;.<\/p>\n<p>Aus\u00eancia de <strong>Gabriel Jesus<\/strong> chama aten\u00e7\u00e3o. Ao trocar o Manchester City por Arsenal, o atacante renasce e emplaca in\u00edcio de temporada europeia na ponta dos cascos. A mudan\u00e7a de clube, afirma Jesus, era em busca de mais protagonismo e, por tabela, na Sele\u00e7\u00e3o.<\/p>\n<p>Jesus, nas palavras de Tite, entra no mesmo processo de concorr\u00eancia com atacantes de sua fun\u00e7\u00e3o \u2013 Pedro, Matheus Cunha e at\u00e9 Firmino.<\/p>\n<p>&#8220;<strong>Gabriel Jesus<\/strong>, especificamente, est\u00e1 em um grande momento e concorrendo. Absolutamente sim. Esta convoca\u00e7\u00e3o serviu para oportunidades a outros. Assim como outros neste mesmo contexto. Em rela\u00e7\u00e3o ao n\u00famero de atacantes. O futebol \u00e9 cria\u00e7\u00e3o e fazer gol, e solidez defensiva. Se fugir destas caracter\u00edsticas, vai perder&#8230; Versatilidade dos atletas \u00e9 uma parte importante&#8221;.<\/p>\n<p>E a barbada Pedro na Sele\u00e7\u00e3o?<\/p>\n<p>&#8220;Pedro \u00e9 terminal. Vamos usar o Pedro como \u00e9 utilizado no Flamengo. N\u00e3o podemos mudar a caracter\u00edstica do jogador. O Pedro j\u00e1 fez parte e j\u00e1 jogou. Inclusive estava convocado antes do <strong>Richarlison<\/strong> e n\u00e3o veio. Pedro especificamente \u00e9 um &#8220;9&#8221; de \u00e1rea terminal. Jogador da \u00faltima bola, jogador da conclus\u00e3o. \u00c9 o Fred atual. Tem grande capacidade de constru\u00e7\u00e3o. Contra uma equipe que joga muito atr\u00e1s, fechada, precisa de jogadas de lado que te permitam um gol de cabe\u00e7a. O <strong>Pedro Raul<\/strong> do Goi\u00e1s tamb\u00e9m \u00e9 um exemplo disto. Fica tamb\u00e9m a cita\u00e7\u00e3o. \u00c9 fun\u00e7\u00e3o nossa reconhecer o trabalho&#8221;.<\/p>\n<p>Tite tamb\u00e9m &#8220;descobre&#8221; dois zagueiros ao recorrer ao futebol italiano: <strong>Bremer, da Juventus, e Iba\u00f1ez, da Roma.<\/strong><\/p>\n<p>&#8220;O <strong>Bremer<\/strong> nos \u00faltimos dois campenatos italianos foi considerado o melhor defensor no \u00faltimo. Teve a transfer\u00eancia do Torino para a Juve agora. Est\u00e1 fazendo um belo campeonato de novo. Escola italiana que \u00e9 bastante exigente nas a\u00e7\u00f5es defensivas. Tem todos atributos para estar brigando com Magalh\u00e3es, Iba\u00f1ez, Lucas Ver\u00edssimo, Rodrigo Caio de volta. Felipe do Atl\u00e9tico de Madrid, Nino, L\u00e9o Ortiz&#8230; t\u00eam de estar todos elevando o n\u00edvel.<\/p>\n<p>&#8220;<strong>Iba\u00f1ez<\/strong> tem o acompanhamento desde as categorias de base. Conversamos com t\u00e9cnicos das categorias de base. Acompanhamos seus jogos. J\u00e1 a quest\u00e3o da outra convoca\u00e7\u00e3o, eu busquei na Roma um contato com o Mourinho (<em>t\u00e9cnico da Roma<\/em>, que foi extremamente sol\u00edcito. Colocando do grande momento dele (Iba\u00f1ez) tamb\u00e9m. Jogando com linha de tr\u00eas ou linha de quatro. Algumas at\u00e9 como lateral. Este melhor momento, este crescimento do atleta s\u00e3o fundamentais&#8221;.<\/p>\n<p>E por fim, Tite assume a dificuldade de encontrar um lateral-direito reserva de Danilo. Daniel Alves, o mais cotado e tamb\u00e9m o mais contestado, n\u00e3o foi chamado.<\/p>\n<p>&#8220;Quando tu fala de improviso, est\u00e1 sendo impreciso na avalia\u00e7\u00e3o t\u00e1tica da equipe. Ela constr\u00f3i de uma forma diferente de laterais do que, por exemplo, o <strong>Rodinei<\/strong> que est\u00e1 muito bem, faz no Flamengo. Ela \u00e9 uma constru\u00e7\u00e3o interna. O in\u00edcio do Milit\u00e3o \u00e9 de lateral. Iba\u00f1ez tamb\u00e9m pode fazer essa fun\u00e7\u00e3o&#8221;, alerta Tite.<\/p>\n<p>Quanto a <strong>Daniel Alves, a explica\u00e7\u00e3o \u00e9 do preparador f\u00edsico&nbsp;<\/strong>F\u00e1bio Mahseredjian:<\/p>\n<p>&#8220;O Dani chegou ao M\u00e9xico e cinco dias ap\u00f3s fez sua estreia. N\u00e3o teve pr\u00e9-temporada. Teve uma gastroenterite que o fez perder massa magra. Isso, claramente, afetou sua performance no estado f\u00edsico. Sabemos que ele pode fazer, mas neste momento n\u00e3o se encontra em condi\u00e7\u00f5es de estar conosco para estes dois jogos. Mas se tratando da Copa do Mundo ele pode voltar sim&#8221;.<\/p>\n<p>Aos que <strong>n\u00e3o foram chamados<\/strong>, aqueles que apareciam com certa regularidade em outras convoca\u00e7\u00f5es e os que nunca tiveram uma chance, o \u00faltimo recado de Tite e sua comiss\u00e3o t\u00e9cnica.<\/p>\n<p>&#8220;N\u00e3o posso fechar possibilidade de um grande atleta surgir. O sarrafo est\u00e1 cada vez mais alto. Concorram de forma leal. Daqui a pouco pode surgir um jogador jogando muito bem. N\u00e3o gosto de comparar um ciclo ao outro. S\u00e3o circunst\u00e2ncias diferentes. Esta (<em>Copa 2022<\/em>) n\u00f3s fizemos um ciclo de in\u00edcio, meio e fim. A possibilidade maior de sucesso \u00e9 respeitando os processos&#8230; Existe todo um objetivo. Tivemos o Neymar fora da Copa Am\u00e9rica, o Dani Alves fora da \u00faltima Copa do Mundo&#8221;.<\/p>\n<p><strong><i>Confira a convoca\u00e7\u00e3o dos 26 jogadores para os amistosos contra Gana&nbsp;dia 23 de setembro, no Stade Oc\u00e9ane, em Le Havre (Fran\u00e7a), e quatro dias depois,&nbsp;diante da&nbsp;Tun\u00edsia no Parque dos Pr\u00edncipes, est\u00e1dio do PSG, em Paris:<\/i><\/strong><\/p>\n<p>&nbsp;<\/p>\n<p><strong style=\"font-size:1em;\">GOLEIROS<\/strong><\/p>\n<div class=\"article-inner-content\">\n<p><strong>Alisson<\/strong> &#8211; Liverpool (ING)<\/p>\n<p><strong>Ederson<\/strong> &#8211; Manchester City (ING)<\/p>\n<p><strong>Weverton<\/strong> &#8211; Palmeiras<\/p>\n<p><strong>LATERAIS<\/strong><\/p>\n<p><strong>Alex Sandro<\/strong> &#8211; Juventus (ITA)<\/p>\n<p><strong>Alex Telles<\/strong> &#8211; Sevilla (ESP)<\/p>\n<p><strong>Danilo<\/strong> &#8211; Juventus (ITA)<\/p>\n<p><strong>ZAGUEIROS<\/strong><\/p>\n<p><strong>Bremer<\/strong> &#8211; Juventus (ITA)<\/p>\n<p><strong>Eder Milit\u00e3o<\/strong> &#8211; Real Madrid (ESP)<\/p>\n<p><strong>Iba\u00f1ez<\/strong> &#8211; Roma (ITA)<\/p>\n<p><strong>Marquinhos<\/strong> &#8211; Paris Saint Germain (FRA)<\/p>\n<p><strong>Thiago Silva<\/strong> &#8211; Chelsea (ING)<\/p>\n<p><strong>MEIAS<\/strong><\/p>\n<p><strong>Bruno Guimar\u00e3es<\/strong> &#8211; Newcastle (ING)<\/p>\n<p><strong>Casemiro<\/strong> &#8211; Manchester United (ING)<\/p>\n<p><strong>Everton Ribeiro<\/strong> &#8211; Flamengo<\/p>\n<p><strong>Fabinho<\/strong> &#8211; Liverpool (ING)<\/p>\n<p><strong>Fred<\/strong> &#8211; Manchester United (ING)<\/p>\n<p><strong>Lucas Paquet\u00e1<\/strong> &#8211; West Ham United (ING)<\/p>\n<p><strong>ATACANTES<\/strong><\/p>\n<p><strong>Antony<\/strong> &#8211; Manchester United (ING)<\/p>\n<p><strong>Roberto Firmino<\/strong> &#8211; Liverpool (ING)<\/p>\n<p><strong>Matheus Cunha<\/strong> &#8211; Atl\u00e9tico de Madrid (ESP)<\/p>\n<p><strong>Neymar<\/strong>&nbsp;&#8211; Paris Saint Germain (FRA)<\/p>\n<p><strong>Pedro<\/strong> &#8211; Flamengo<\/p>\n<p><strong>Raphinha<\/strong> &#8211; Barcelona (ESP)<\/p>\n<p>Richarlison &#8211; Tottenham (ING)<\/p>\n<p><strong>Rodrygo<\/strong> &#8211; Real Madrid (ESP)<\/p>\n<p><strong>Vinicius Jr<\/strong>&nbsp;&#8211; Real Madrid (ESP)<\/p>\n<\/div>\n<div class=\"pull-left\">\n<div><\/div>\n<\/div>\n","protected":false},"excerpt":{"rendered":"<p>Tite surpreende na \u00faltima convoca\u00e7\u00e3o da Sele\u00e7\u00e3o Brasileira antes de apresentar lista final da Copa do Mundo Qatar 2022<\/p>\n","protected":false},"author":102107496,"featured_media":39460,"comment_status":"open","ping_status":"open","sticky":false,"template":"","format":"standard","meta":{"_coblocks_attr":"","_coblocks_dimensions":"","_coblocks_responsive_height":"","_coblocks_accordion_ie_support":"","_jetpack_newsletter_access":"","_jetpack_dont_email_post_to_subs":false,"_jetpack_newsletter_tier_id":0,"_jetpack_memberships_contains_paywalled_content":false,"_wpcom_ai_launchpad_first_post":false,"_jetpack_feature_clip_id":0,"_jetpack_memberships_contains_paid_content":false,"footnotes":"","jetpack_publicize_message":"","jetpack_publicize_feature_enabled":true,"jetpack_social_post_already_shared":false,"jetpack_social_options":{"image_generator_settings":{"template":"highway","default_image_id":0,"font":"","enabled":false},"version":2},"jetpack_post_was_ever_published":false},"categories":[47094043,43723753,301049609,53870,174694],"tags":[768326,789560569,47274269,1432668,1249177,5107747,449299,789560560,232826435,283002,755450088,1100978,231908507,1814220],"class_list":["post-39432","post","type-post","status-publish","format-standard","has-post-thumbnail","hentry","category-catar-2022","category-copa-do-mundo-2018","category-copa-do-mundo-catar-2022","category-futebol","category-selecao-brasileira","tag-bremer","tag-cbf","tag-copa-do-mundo-qatar-2022","tag-daniel-alves","tag-dudu","tag-everton-ribeiro","tag-flamengo","tag-futebol","tag-gabriel-jesus","tag-ibanez","tag-pedro-flamengo","tag-scarpa","tag-selecao-brasileira-convocacao","tag-tite"],"yoast_head":"<!-- This site is optimized with the Yoast SEO plugin v28.3 - https:\/\/yoast.com\/product\/yoast-seo-wordpress\/ -->\n<title>Tite confirma Pedro, deixa Gabriel Jesus fora e reconhece problemas na lateral-direita - PR\u00d3SPERI NEWS<\/title>\n<meta name=\"robots\" content=\"index, follow, max-snippet:-1, max-image-preview:large, max-video-preview:-1\" \/>\n<link rel=\"canonical\" href=\"https:\/\/blogdoprosperi.com\/?p=39432\" \/>\n<meta property=\"og:locale\" content=\"pt_BR\" \/>\n<meta property=\"og:type\" content=\"article\" \/>\n<meta property=\"og:title\" content=\"Tite confirma Pedro, deixa Gabriel Jesus fora e reconhece problemas na lateral-direita - PR\u00d3SPERI NEWS\" \/>\n<meta property=\"og:description\" content=\"Tite surpreende na \u00faltima convoca\u00e7\u00e3o da Sele\u00e7\u00e3o Brasileira antes de apresentar lista final da Copa do Mundo Qatar 2022\" \/>\n<meta property=\"og:url\" content=\"https:\/\/blogdoprosperi.com\/?p=39432\" \/>\n<meta property=\"og:site_name\" content=\"PR\u00d3SPERI NEWS\" \/>\n<meta property=\"article:publisher\" content=\"Luiz Pr\u00f3speri\" \/>\n<meta property=\"article:author\" content=\"Luiz Pr\u00f3speri\" \/>\n<meta property=\"article:published_time\" content=\"2022-09-09T15:45:52+00:00\" \/>\n<meta property=\"article:modified_time\" content=\"2022-09-14T14:04:01+00:00\" \/>\n<meta property=\"og:image\" content=\"https:\/\/i0.wp.com\/blogdoprosperi.com\/wp-content\/uploads\/2022\/09\/52345840355_3cb66b8448_c.jpg?fit=799%2C533&ssl=1\" \/>\n\t<meta property=\"og:image:width\" content=\"799\" \/>\n\t<meta property=\"og:image:height\" content=\"533\" \/>\n\t<meta property=\"og:image:type\" content=\"image\/jpeg\" \/>\n<meta name=\"author\" content=\"Luiz Ant\u00f4nio Pr\u00f3speri\" \/>\n<meta name=\"twitter:card\" content=\"summary_large_image\" \/>\n<meta name=\"twitter:creator\" content=\"@Luizprosperi\" \/>\n<meta name=\"twitter:site\" content=\"@Luizprosperi\" \/>\n<meta name=\"twitter:label1\" content=\"Escrito por\" \/>\n\t<meta name=\"twitter:data1\" content=\"Luiz Ant\u00f4nio Pr\u00f3speri\" \/>\n\t<meta name=\"twitter:label2\" content=\"Est. tempo de leitura\" \/>\n\t<meta name=\"twitter:data2\" content=\"6 minutos\" \/>\n<script type=\"application\/ld+json\" class=\"yoast-schema-graph\">{\"@context\":\"https:\\\/\\\/schema.org\",\"@graph\":[{\"@type\":\"Article\",\"@id\":\"https:\\\/\\\/blogdoprosperi.com\\\/?p=39432#article\",\"isPartOf\":{\"@id\":\"https:\\\/\\\/blogdoprosperi.com\\\/?p=39432\"},\"author\":{\"name\":\"Luiz Ant\u00f4nio Pr\u00f3speri\",\"@id\":\"https:\\\/\\\/blogdoprosperi.com\\\/#\\\/schema\\\/person\\\/38100755ce3601861ee4fab9b5aa78e9\"},\"headline\":\"Tite confirma Pedro, deixa Gabriel Jesus fora e reconhece problemas na lateral-direita\",\"datePublished\":\"2022-09-09T15:45:52+00:00\",\"dateModified\":\"2022-09-14T14:04:01+00:00\",\"mainEntityOfPage\":{\"@id\":\"https:\\\/\\\/blogdoprosperi.com\\\/?p=39432\"},\"wordCount\":1267,\"commentCount\":2,\"publisher\":{\"@id\":\"https:\\\/\\\/blogdoprosperi.com\\\/#\\\/schema\\\/person\\\/38100755ce3601861ee4fab9b5aa78e9\"},\"image\":{\"@id\":\"https:\\\/\\\/blogdoprosperi.com\\\/?p=39432#primaryimage\"},\"thumbnailUrl\":\"https:\\\/\\\/i0.wp.com\\\/blogdoprosperi.com\\\/wp-content\\\/uploads\\\/2022\\\/09\\\/52345840355_3cb66b8448_c.jpg?fit=799%2C533&ssl=1\",\"keywords\":[\"bremer\",\"CBF\",\"copa do mundo Qatar 2022\",\"Daniel Alves\",\"Dudu\",\"Everton ribeiro\",\"Flamengo\",\"futebol\",\"Gabriel Jesus\",\"iba\u00f1ez\",\"Pedro flamengo\",\"scarpa\",\"sele\u00e7\u00e3o brasileira convoca\u00e7\u00e3o\",\"Tite\"],\"articleSection\":[\"catar 2022\",\"Copa do Mundo 2018\",\"copa do mundo catar 2022\",\"futebol\",\"Sele\u00e7\u00e3o Brasileira\"],\"inLanguage\":\"pt-BR\",\"potentialAction\":[{\"@type\":\"CommentAction\",\"name\":\"Comment\",\"target\":[\"https:\\\/\\\/blogdoprosperi.com\\\/?p=39432#respond\"]}]},{\"@type\":\"WebPage\",\"@id\":\"https:\\\/\\\/blogdoprosperi.com\\\/?p=39432\",\"url\":\"https:\\\/\\\/blogdoprosperi.com\\\/?p=39432\",\"name\":\"Tite confirma Pedro, deixa Gabriel Jesus fora e reconhece problemas na lateral-direita - PR\u00d3SPERI NEWS\",\"isPartOf\":{\"@id\":\"https:\\\/\\\/blogdoprosperi.com\\\/#website\"},\"primaryImageOfPage\":{\"@id\":\"https:\\\/\\\/blogdoprosperi.com\\\/?p=39432#primaryimage\"},\"image\":{\"@id\":\"https:\\\/\\\/blogdoprosperi.com\\\/?p=39432#primaryimage\"},\"thumbnailUrl\":\"https:\\\/\\\/i0.wp.com\\\/blogdoprosperi.com\\\/wp-content\\\/uploads\\\/2022\\\/09\\\/52345840355_3cb66b8448_c.jpg?fit=799%2C533&ssl=1\",\"datePublished\":\"2022-09-09T15:45:52+00:00\",\"dateModified\":\"2022-09-14T14:04:01+00:00\",\"breadcrumb\":{\"@id\":\"https:\\\/\\\/blogdoprosperi.com\\\/?p=39432#breadcrumb\"},\"inLanguage\":\"pt-BR\",\"potentialAction\":[{\"@type\":\"ReadAction\",\"target\":[\"https:\\\/\\\/blogdoprosperi.com\\\/?p=39432\"]}]},{\"@type\":\"ImageObject\",\"inLanguage\":\"pt-BR\",\"@id\":\"https:\\\/\\\/blogdoprosperi.com\\\/?p=39432#primaryimage\",\"url\":\"https:\\\/\\\/i0.wp.com\\\/blogdoprosperi.com\\\/wp-content\\\/uploads\\\/2022\\\/09\\\/52345840355_3cb66b8448_c.jpg?fit=799%2C533&ssl=1\",\"contentUrl\":\"https:\\\/\\\/i0.wp.com\\\/blogdoprosperi.com\\\/wp-content\\\/uploads\\\/2022\\\/09\\\/52345840355_3cb66b8448_c.jpg?fit=799%2C533&ssl=1\",\"width\":799,\"height\":533,\"caption\":\"Tite - foto: CBF\"},{\"@type\":\"BreadcrumbList\",\"@id\":\"https:\\\/\\\/blogdoprosperi.com\\\/?p=39432#breadcrumb\",\"itemListElement\":[{\"@type\":\"ListItem\",\"position\":1,\"name\":\"In\u00edcio\",\"item\":\"https:\\\/\\\/blogdoprosperi.com\\\/\"},{\"@type\":\"ListItem\",\"position\":2,\"name\":\"Tite confirma Pedro, deixa Gabriel Jesus fora e reconhece problemas na lateral-direita\"}]},{\"@type\":\"WebSite\",\"@id\":\"https:\\\/\\\/blogdoprosperi.com\\\/#website\",\"url\":\"https:\\\/\\\/blogdoprosperi.com\\\/\",\"name\":\"PR\u00d3SPERI NEWS\",\"description\":\"TUDO \u00c9  FUTEBOL\",\"publisher\":{\"@id\":\"https:\\\/\\\/blogdoprosperi.com\\\/#\\\/schema\\\/person\\\/38100755ce3601861ee4fab9b5aa78e9\"},\"alternateName\":\"blogdoprosperi.com\",\"potentialAction\":[{\"@type\":\"SearchAction\",\"target\":{\"@type\":\"EntryPoint\",\"urlTemplate\":\"https:\\\/\\\/blogdoprosperi.com\\\/?s={search_term_string}\"},\"query-input\":{\"@type\":\"PropertyValueSpecification\",\"valueRequired\":true,\"valueName\":\"search_term_string\"}}],\"inLanguage\":\"pt-BR\"},{\"@type\":[\"Person\",\"Organization\"],\"@id\":\"https:\\\/\\\/blogdoprosperi.com\\\/#\\\/schema\\\/person\\\/38100755ce3601861ee4fab9b5aa78e9\",\"name\":\"Luiz Ant\u00f4nio Pr\u00f3speri\",\"pronouns\":\"ele\",\"image\":{\"@type\":\"ImageObject\",\"inLanguage\":\"pt-BR\",\"@id\":\"https:\\\/\\\/i0.wp.com\\\/blogdoprosperi.com\\\/wp-content\\\/uploads\\\/2026\\\/05\\\/cropped-8059e613-6002-42fa-961e-8e275f575d71-2-5.jpg?fit=1360%2C931&ssl=1\",\"url\":\"https:\\\/\\\/i0.wp.com\\\/blogdoprosperi.com\\\/wp-content\\\/uploads\\\/2026\\\/05\\\/cropped-8059e613-6002-42fa-961e-8e275f575d71-2-5.jpg?fit=1360%2C931&ssl=1\",\"contentUrl\":\"https:\\\/\\\/i0.wp.com\\\/blogdoprosperi.com\\\/wp-content\\\/uploads\\\/2026\\\/05\\\/cropped-8059e613-6002-42fa-961e-8e275f575d71-2-5.jpg?fit=1360%2C931&ssl=1\",\"width\":1360,\"height\":931,\"caption\":\"Luiz Ant\u00f4nio Pr\u00f3speri\"},\"logo\":{\"@id\":\"https:\\\/\\\/i0.wp.com\\\/blogdoprosperi.com\\\/wp-content\\\/uploads\\\/2026\\\/05\\\/cropped-8059e613-6002-42fa-961e-8e275f575d71-2-5.jpg?fit=1360%2C931&ssl=1\"},\"description\":\"Jornalista com carreira dedicada ao esporte. Cobriu 9 Copas do Mundo in loco, 1990 na It\u00e1lia, 1994 nos EUA, 1998 na Fran\u00e7a, 2002 na Coreia do Sul e Jap\u00e3o, 2006 na Alemanha, 2010 na \u00c1frica do Sul, 2014 no Brasil, 2018 na R\u00fassia e 2022 no Qatar. Eurocopas, 1992 na Su\u00e9cia e 1996 na Inglaterra. Copa das Confedera\u00e7\u00f5es de 2005 na Alemanha e 2009 na \u00c1frica do Sul. Rep\u00f3rter e Editor, trabalhou no Jornal da Tarde e Estad\u00e3o, de 1984 a fevereiro de 2016. Colunista, blogueiro. E comentarista de futebol na R\u00e1dio Estad\u00e3o, de 2013 a fevereiro de 2016. Jornalista respons\u00e1vel do \\\"Pr\u00f3speri News\\\" (blogdoprosperi.com).\",\"sameAs\":[\"http:\\\/\\\/blogdoprosperi.com\",\"Luiz Pr\u00f3speri\",\"@luiz_prosperi\",\"https:\\\/\\\/x.com\\\/Luizprosperi\",\"@prosperinacopa\",\"luiz.prosperi@icloud.com\"],\"url\":\"https:\\\/\\\/blogdoprosperi.com\\\/?author=102107496\"}]}<\/script>\n<!-- \/ Yoast SEO plugin. -->","yoast_head_json":{"title":"Tite confirma Pedro, deixa Gabriel Jesus fora e reconhece problemas na lateral-direita - PR\u00d3SPERI NEWS","robots":{"index":"index","follow":"follow","max-snippet":"max-snippet:-1","max-image-preview":"max-image-preview:large","max-video-preview":"max-video-preview:-1"},"canonical":"https:\/\/blogdoprosperi.com\/?p=39432","og_locale":"pt_BR","og_type":"article","og_title":"Tite confirma Pedro, deixa Gabriel Jesus fora e reconhece problemas na lateral-direita - PR\u00d3SPERI NEWS","og_description":"Tite surpreende na \u00faltima convoca\u00e7\u00e3o da Sele\u00e7\u00e3o Brasileira antes de apresentar lista final da Copa do Mundo Qatar 2022","og_url":"https:\/\/blogdoprosperi.com\/?p=39432","og_site_name":"PR\u00d3SPERI NEWS","article_publisher":"Luiz Pr\u00f3speri","article_author":"Luiz Pr\u00f3speri","article_published_time":"2022-09-09T15:45:52+00:00","article_modified_time":"2022-09-14T14:04:01+00:00","og_image":[{"width":799,"height":533,"url":"https:\/\/i0.wp.com\/blogdoprosperi.com\/wp-content\/uploads\/2022\/09\/52345840355_3cb66b8448_c.jpg?fit=799%2C533&ssl=1","type":"image\/jpeg"}],"author":"Luiz Ant\u00f4nio Pr\u00f3speri","twitter_card":"summary_large_image","twitter_creator":"@Luizprosperi","twitter_site":"@Luizprosperi","twitter_misc":{"Escrito por":"Luiz Ant\u00f4nio Pr\u00f3speri","Est. tempo de leitura":"6 minutos"},"schema":{"@context":"https:\/\/schema.org","@graph":[{"@type":"Article","@id":"https:\/\/blogdoprosperi.com\/?p=39432#article","isPartOf":{"@id":"https:\/\/blogdoprosperi.com\/?p=39432"},"author":{"name":"Luiz Ant\u00f4nio Pr\u00f3speri","@id":"https:\/\/blogdoprosperi.com\/#\/schema\/person\/38100755ce3601861ee4fab9b5aa78e9"},"headline":"Tite confirma Pedro, deixa Gabriel Jesus fora e reconhece problemas na lateral-direita","datePublished":"2022-09-09T15:45:52+00:00","dateModified":"2022-09-14T14:04:01+00:00","mainEntityOfPage":{"@id":"https:\/\/blogdoprosperi.com\/?p=39432"},"wordCount":1267,"commentCount":2,"publisher":{"@id":"https:\/\/blogdoprosperi.com\/#\/schema\/person\/38100755ce3601861ee4fab9b5aa78e9"},"image":{"@id":"https:\/\/blogdoprosperi.com\/?p=39432#primaryimage"},"thumbnailUrl":"https:\/\/i0.wp.com\/blogdoprosperi.com\/wp-content\/uploads\/2022\/09\/52345840355_3cb66b8448_c.jpg?fit=799%2C533&ssl=1","keywords":["bremer","CBF","copa do mundo Qatar 2022","Daniel Alves","Dudu","Everton ribeiro","Flamengo","futebol","Gabriel Jesus","iba\u00f1ez","Pedro flamengo","scarpa","sele\u00e7\u00e3o brasileira convoca\u00e7\u00e3o","Tite"],"articleSection":["catar 2022","Copa do Mundo 2018","copa do mundo catar 2022","futebol","Sele\u00e7\u00e3o Brasileira"],"inLanguage":"pt-BR","potentialAction":[{"@type":"CommentAction","name":"Comment","target":["https:\/\/blogdoprosperi.com\/?p=39432#respond"]}]},{"@type":"WebPage","@id":"https:\/\/blogdoprosperi.com\/?p=39432","url":"https:\/\/blogdoprosperi.com\/?p=39432","name":"Tite confirma Pedro, deixa Gabriel Jesus fora e reconhece problemas na lateral-direita - PR\u00d3SPERI NEWS","isPartOf":{"@id":"https:\/\/blogdoprosperi.com\/#website"},"primaryImageOfPage":{"@id":"https:\/\/blogdoprosperi.com\/?p=39432#primaryimage"},"image":{"@id":"https:\/\/blogdoprosperi.com\/?p=39432#primaryimage"},"thumbnailUrl":"https:\/\/i0.wp.com\/blogdoprosperi.com\/wp-content\/uploads\/2022\/09\/52345840355_3cb66b8448_c.jpg?fit=799%2C533&ssl=1","datePublished":"2022-09-09T15:45:52+00:00","dateModified":"2022-09-14T14:04:01+00:00","breadcrumb":{"@id":"https:\/\/blogdoprosperi.com\/?p=39432#breadcrumb"},"inLanguage":"pt-BR","potentialAction":[{"@type":"ReadAction","target":["https:\/\/blogdoprosperi.com\/?p=39432"]}]},{"@type":"ImageObject","inLanguage":"pt-BR","@id":"https:\/\/blogdoprosperi.com\/?p=39432#primaryimage","url":"https:\/\/i0.wp.com\/blogdoprosperi.com\/wp-content\/uploads\/2022\/09\/52345840355_3cb66b8448_c.jpg?fit=799%2C533&ssl=1","contentUrl":"https:\/\/i0.wp.com\/blogdoprosperi.com\/wp-content\/uploads\/2022\/09\/52345840355_3cb66b8448_c.jpg?fit=799%2C533&ssl=1","width":799,"height":533,"caption":"Tite - foto: CBF"},{"@type":"BreadcrumbList","@id":"https:\/\/blogdoprosperi.com\/?p=39432#breadcrumb","itemListElement":[{"@type":"ListItem","position":1,"name":"In\u00edcio","item":"https:\/\/blogdoprosperi.com\/"},{"@type":"ListItem","position":2,"name":"Tite confirma Pedro, deixa Gabriel Jesus fora e reconhece problemas na lateral-direita"}]},{"@type":"WebSite","@id":"https:\/\/blogdoprosperi.com\/#website","url":"https:\/\/blogdoprosperi.com\/","name":"PR\u00d3SPERI NEWS","description":"TUDO \u00c9  FUTEBOL","publisher":{"@id":"https:\/\/blogdoprosperi.com\/#\/schema\/person\/38100755ce3601861ee4fab9b5aa78e9"},"alternateName":"blogdoprosperi.com","potentialAction":[{"@type":"SearchAction","target":{"@type":"EntryPoint","urlTemplate":"https:\/\/blogdoprosperi.com\/?s={search_term_string}"},"query-input":{"@type":"PropertyValueSpecification","valueRequired":true,"valueName":"search_term_string"}}],"inLanguage":"pt-BR"},{"@type":["Person","Organization"],"@id":"https:\/\/blogdoprosperi.com\/#\/schema\/person\/38100755ce3601861ee4fab9b5aa78e9","name":"Luiz Ant\u00f4nio Pr\u00f3speri","pronouns":"ele","image":{"@type":"ImageObject","inLanguage":"pt-BR","@id":"https:\/\/i0.wp.com\/blogdoprosperi.com\/wp-content\/uploads\/2026\/05\/cropped-8059e613-6002-42fa-961e-8e275f575d71-2-5.jpg?fit=1360%2C931&ssl=1","url":"https:\/\/i0.wp.com\/blogdoprosperi.com\/wp-content\/uploads\/2026\/05\/cropped-8059e613-6002-42fa-961e-8e275f575d71-2-5.jpg?fit=1360%2C931&ssl=1","contentUrl":"https:\/\/i0.wp.com\/blogdoprosperi.com\/wp-content\/uploads\/2026\/05\/cropped-8059e613-6002-42fa-961e-8e275f575d71-2-5.jpg?fit=1360%2C931&ssl=1","width":1360,"height":931,"caption":"Luiz Ant\u00f4nio Pr\u00f3speri"},"logo":{"@id":"https:\/\/i0.wp.com\/blogdoprosperi.com\/wp-content\/uploads\/2026\/05\/cropped-8059e613-6002-42fa-961e-8e275f575d71-2-5.jpg?fit=1360%2C931&ssl=1"},"description":"Jornalista com carreira dedicada ao esporte. Cobriu 9 Copas do Mundo in loco, 1990 na It\u00e1lia, 1994 nos EUA, 1998 na Fran\u00e7a, 2002 na Coreia do Sul e Jap\u00e3o, 2006 na Alemanha, 2010 na \u00c1frica do Sul, 2014 no Brasil, 2018 na R\u00fassia e 2022 no Qatar. Eurocopas, 1992 na Su\u00e9cia e 1996 na Inglaterra. Copa das Confedera\u00e7\u00f5es de 2005 na Alemanha e 2009 na \u00c1frica do Sul. Rep\u00f3rter e Editor, trabalhou no Jornal da Tarde e Estad\u00e3o, de 1984 a fevereiro de 2016. Colunista, blogueiro. E comentarista de futebol na R\u00e1dio Estad\u00e3o, de 2013 a fevereiro de 2016. Jornalista respons\u00e1vel do \"Pr\u00f3speri News\" (blogdoprosperi.com).","sameAs":["http:\/\/blogdoprosperi.com","Luiz Pr\u00f3speri","@luiz_prosperi","https:\/\/x.com\/Luizprosperi","@prosperinacopa","luiz.prosperi@icloud.com"],"url":"https:\/\/blogdoprosperi.com\/?author=102107496"}]}},"jetpack_publicize_connections":[],"jetpack_likes_enabled":false,"jetpack_sharing_enabled":true,"jetpack_shortlink":"https:\/\/wp.me\/p7jvdk-ag0","jetpack-related-posts":[{"id":39468,"url":"https:\/\/blogdoprosperi.com\/?p=39468","url_meta":{"origin":39432,"position":0},"title":"O medo de Tite: repetir fracasso da Copa 2018","author":"Luiz Ant\u00f4nio Pr\u00f3speri","date":"9 de setembro de 2022","format":false,"excerpt":"Tite carrega o medo de novo fracasso na Copa, por isso n\u00e3o fecha grupo da Sele\u00e7\u00e3o que vai ao Qatar.","rel":"","context":"Em &quot;catar 2022&quot;","block_context":{"text":"catar 2022","link":"https:\/\/blogdoprosperi.com\/?cat=47094043"},"img":{"alt_text":"Tite volta, Neymar e Fiel sonham","src":"https:\/\/i0.wp.com\/blogdoprosperi.com\/wp-content\/uploads\/2019\/06\/tite-brasil-bolivia-copa-america-14062019_7vayb96nx9dm1s6fvpi6p480l.jpg?fit=1200%2C675&ssl=1&resize=350%2C200","width":350,"height":200,"srcset":"https:\/\/i0.wp.com\/blogdoprosperi.com\/wp-content\/uploads\/2019\/06\/tite-brasil-bolivia-copa-america-14062019_7vayb96nx9dm1s6fvpi6p480l.jpg?fit=1200%2C675&ssl=1&resize=350%2C200 1x, https:\/\/i0.wp.com\/blogdoprosperi.com\/wp-content\/uploads\/2019\/06\/tite-brasil-bolivia-copa-america-14062019_7vayb96nx9dm1s6fvpi6p480l.jpg?fit=1200%2C675&ssl=1&resize=525%2C300 1.5x, https:\/\/i0.wp.com\/blogdoprosperi.com\/wp-content\/uploads\/2019\/06\/tite-brasil-bolivia-copa-america-14062019_7vayb96nx9dm1s6fvpi6p480l.jpg?fit=1200%2C675&ssl=1&resize=700%2C400 2x, https:\/\/i0.wp.com\/blogdoprosperi.com\/wp-content\/uploads\/2019\/06\/tite-brasil-bolivia-copa-america-14062019_7vayb96nx9dm1s6fvpi6p480l.jpg?fit=1200%2C675&ssl=1&resize=1050%2C600 3x"},"classes":[]},{"id":39217,"url":"https:\/\/blogdoprosperi.com\/?p=39217","url_meta":{"origin":39432,"position":1},"title":"Pedro na Copa, Tite antecipa convoca\u00e7\u00e3o","author":"Luiz Ant\u00f4nio Pr\u00f3speri","date":"18 de agosto de 2022","format":false,"excerpt":"Tite antecipa convoca\u00e7\u00e3o de Pedro, ao ser perguntado a respeito do atacante do Flamengo. Gol de bicicleta diz tudo","rel":"","context":"Em &quot;copa do mundo catar 2022&quot;","block_context":{"text":"copa do mundo catar 2022","link":"https:\/\/blogdoprosperi.com\/?cat=301049609"},"img":{"alt_text":"","src":"https:\/\/i0.wp.com\/blogdoprosperi.com\/wp-content\/uploads\/2022\/08\/pedro-vira-a-bicicleta-para-marcar-o-gol-do-flamengo.jpg?fit=900%2C490&ssl=1&resize=350%2C200","width":350,"height":200,"srcset":"https:\/\/i0.wp.com\/blogdoprosperi.com\/wp-content\/uploads\/2022\/08\/pedro-vira-a-bicicleta-para-marcar-o-gol-do-flamengo.jpg?fit=900%2C490&ssl=1&resize=350%2C200 1x, https:\/\/i0.wp.com\/blogdoprosperi.com\/wp-content\/uploads\/2022\/08\/pedro-vira-a-bicicleta-para-marcar-o-gol-do-flamengo.jpg?fit=900%2C490&ssl=1&resize=525%2C300 1.5x, https:\/\/i0.wp.com\/blogdoprosperi.com\/wp-content\/uploads\/2022\/08\/pedro-vira-a-bicicleta-para-marcar-o-gol-do-flamengo.jpg?fit=900%2C490&ssl=1&resize=700%2C400 2x"},"classes":[]},{"id":39835,"url":"https:\/\/blogdoprosperi.com\/?p=39835","url_meta":{"origin":39432,"position":2},"title":"Scarpa e Dudu injusti\u00e7ados, Tite leva Daniel Alves ao Qatar","author":"Luiz Ant\u00f4nio Pr\u00f3speri","date":"7 de novembro de 2022","format":false,"excerpt":"Gustavo Scarpa e Dudu n\u00e3o aparecem na lista dos 26 de Tite na Copa do Mundo Qatar 2022. Injusti\u00e7ados. Treinador da Sele\u00e7\u00e3o prefere Everton Ribeiro, 34 anos, e Gabriel Martinelli, 21, na corrida rumo ao hexa no deserto. Treinador de Sele\u00e7\u00e3o \u2013 como diria Alex, outro preterido em duas Copas\u2026","rel":"","context":"Em &quot;catar 2022&quot;","block_context":{"text":"catar 2022","link":"https:\/\/blogdoprosperi.com\/?cat=47094043"},"img":{"alt_text":"","src":"https:\/\/i0.wp.com\/blogdoprosperi.com\/wp-content\/uploads\/2022\/11\/lance-09072020074752768.jpg?fit=660%2C360&ssl=1&resize=350%2C200","width":350,"height":200,"srcset":"https:\/\/i0.wp.com\/blogdoprosperi.com\/wp-content\/uploads\/2022\/11\/lance-09072020074752768.jpg?fit=660%2C360&ssl=1&resize=350%2C200 1x, https:\/\/i0.wp.com\/blogdoprosperi.com\/wp-content\/uploads\/2022\/11\/lance-09072020074752768.jpg?fit=660%2C360&ssl=1&resize=525%2C300 1.5x"},"classes":[]},{"id":40080,"url":"https:\/\/blogdoprosperi.com\/?p=40080","url_meta":{"origin":39432,"position":3},"title":"Pr\u00e9-jogo Brasil x Camar\u00f5es: A luta dos reservas de Tite","author":"Luiz Ant\u00f4nio Pr\u00f3speri","date":"2 de dezembro de 2022","format":false,"excerpt":"Sele\u00e7\u00e3o Brasileira encara jogo contra Camar\u00f5es, \u00e0s 16h, como uma chance de olhar os reservas de Tite. Quem briga por posi\u00e7\u00e3o? Acompanhe an\u00e1lise.","rel":"","context":"Em &quot;catar 2022&quot;","block_context":{"text":"catar 2022","link":"https:\/\/blogdoprosperi.com\/?cat=47094043"},"img":{"alt_text":"","src":"https:\/\/i0.wp.com\/blogdoprosperi.com\/wp-content\/uploads\/2022\/12\/52536356073_061e74c294_c.jpg?fit=800%2C533&ssl=1&resize=350%2C200","width":350,"height":200,"srcset":"https:\/\/i0.wp.com\/blogdoprosperi.com\/wp-content\/uploads\/2022\/12\/52536356073_061e74c294_c.jpg?fit=800%2C533&ssl=1&resize=350%2C200 1x, https:\/\/i0.wp.com\/blogdoprosperi.com\/wp-content\/uploads\/2022\/12\/52536356073_061e74c294_c.jpg?fit=800%2C533&ssl=1&resize=525%2C300 1.5x, https:\/\/i0.wp.com\/blogdoprosperi.com\/wp-content\/uploads\/2022\/12\/52536356073_061e74c294_c.jpg?fit=800%2C533&ssl=1&resize=700%2C400 2x"},"classes":[]},{"id":41480,"url":"https:\/\/blogdoprosperi.com\/?p=41480","url_meta":{"origin":39432,"position":4},"title":"Sele\u00e7\u00e3o Brasileira: Ramon acerta na convoca\u00e7\u00e3o e surpreende com Rony","author":"Luiz Ant\u00f4nio Pr\u00f3speri","date":"3 de mar\u00e7o de 2023","format":false,"excerpt":"Sele\u00e7\u00e3o Brasileira tem uma nova cara. Ramon Menezes, t\u00e9cnico interino, acerta na lista ao rejuvenescer o grupo e abrir espa\u00e7o a jogadores que atuam no Brasil. Rony, a surpresa.","rel":"","context":"Em &quot;CBF&quot;","block_context":{"text":"CBF","link":"https:\/\/blogdoprosperi.com\/?cat=570700"},"img":{"alt_text":"Rony R\u00fastico do Palmeiras","src":"https:\/\/i0.wp.com\/blogdoprosperi.com\/wp-content\/uploads\/2023\/03\/rony-1.jpg?fit=1200%2C675&ssl=1&resize=350%2C200","width":350,"height":200,"srcset":"https:\/\/i0.wp.com\/blogdoprosperi.com\/wp-content\/uploads\/2023\/03\/rony-1.jpg?fit=1200%2C675&ssl=1&resize=350%2C200 1x, https:\/\/i0.wp.com\/blogdoprosperi.com\/wp-content\/uploads\/2023\/03\/rony-1.jpg?fit=1200%2C675&ssl=1&resize=525%2C300 1.5x, https:\/\/i0.wp.com\/blogdoprosperi.com\/wp-content\/uploads\/2023\/03\/rony-1.jpg?fit=1200%2C675&ssl=1&resize=700%2C400 2x, https:\/\/i0.wp.com\/blogdoprosperi.com\/wp-content\/uploads\/2023\/03\/rony-1.jpg?fit=1200%2C675&ssl=1&resize=1050%2C600 3x"},"classes":[]},{"id":38972,"url":"https:\/\/blogdoprosperi.com\/?p=38972","url_meta":{"origin":39432,"position":5},"title":"Tite tem uma vaga na Sele\u00e7\u00e3o, Scarpa \u00e9 favorito","author":"Luiz Ant\u00f4nio Pr\u00f3speri","date":"27 de julho de 2022","format":false,"excerpt":"Gustavo Scarpa, meia do Palmeiras, \u00e9 o favorito a ocupar a \u00faltima vaga da Sele\u00e7\u00e3o Brasileira na Copa Catar 2022. Tite tem 25 jogadores confirmados na lista de 26 que ir\u00e3o ao Mundial. Resta uma posi\u00e7\u00e3o: o reserva de Lucas Paquet\u00e1. E o candidato \u00e9 Scarpa. Tite ainda n\u00e3o menciona\u2026","rel":"","context":"Em &quot;futebol&quot;","block_context":{"text":"futebol","link":"https:\/\/blogdoprosperi.com\/?cat=53870"},"img":{"alt_text":"A vez de Scarpa","src":"https:\/\/i0.wp.com\/blogdoprosperi.com\/wp-content\/uploads\/2022\/07\/52098037035_6a7bcfbddc_o.webp?fit=1000%2C563&ssl=1&resize=350%2C200","width":350,"height":200,"srcset":"https:\/\/i0.wp.com\/blogdoprosperi.com\/wp-content\/uploads\/2022\/07\/52098037035_6a7bcfbddc_o.webp?fit=1000%2C563&ssl=1&resize=350%2C200 1x, https:\/\/i0.wp.com\/blogdoprosperi.com\/wp-content\/uploads\/2022\/07\/52098037035_6a7bcfbddc_o.webp?fit=1000%2C563&ssl=1&resize=525%2C300 1.5x, https:\/\/i0.wp.com\/blogdoprosperi.com\/wp-content\/uploads\/2022\/07\/52098037035_6a7bcfbddc_o.webp?fit=1000%2C563&ssl=1&resize=700%2C400 2x"},"classes":[]}],"jetpack_featured_media_url":"https:\/\/i0.wp.com\/blogdoprosperi.com\/wp-content\/uploads\/2022\/09\/52345840355_3cb66b8448_c.jpg?fit=799%2C533&ssl=1","_links":{"self":[{"href":"https:\/\/blogdoprosperi.com\/index.php?rest_route=\/wp\/v2\/posts\/39432","targetHints":{"allow":["GET"]}}],"collection":[{"href":"https:\/\/blogdoprosperi.com\/index.php?rest_route=\/wp\/v2\/posts"}],"about":[{"href":"https:\/\/blogdoprosperi.com\/index.php?rest_route=\/wp\/v2\/types\/post"}],"author":[{"embeddable":true,"href":"https:\/\/blogdoprosperi.com\/index.php?rest_route=\/wp\/v2\/users\/102107496"}],"replies":[{"embeddable":true,"href":"https:\/\/blogdoprosperi.com\/index.php?rest_route=%2Fwp%2Fv2%2Fcomments&post=39432"}],"version-history":[{"count":25,"href":"https:\/\/blogdoprosperi.com\/index.php?rest_route=\/wp\/v2\/posts\/39432\/revisions"}],"predecessor-version":[{"id":39464,"href":"https:\/\/blogdoprosperi.com\/index.php?rest_route=\/wp\/v2\/posts\/39432\/revisions\/39464"}],"wp:featuredmedia":[{"embeddable":true,"href":"https:\/\/blogdoprosperi.com\/index.php?rest_route=\/wp\/v2\/media\/39460"}],"wp:attachment":[{"href":"https:\/\/blogdoprosperi.com\/index.php?rest_route=%2Fwp%2Fv2%2Fmedia&parent=39432"}],"wp:term":[{"taxonomy":"category","embeddable":true,"href":"https:\/\/blogdoprosperi.com\/index.php?rest_route=%2Fwp%2Fv2%2Fcategories&post=39432"},{"taxonomy":"post_tag","embeddable":true,"href":"https:\/\/blogdoprosperi.com\/index.php?rest_route=%2Fwp%2Fv2%2Ftags&post=39432"}],"curies":[{"name":"wp","href":"https:\/\/api.w.org\/{rel}","templated":true}]}}