{"id":39543,"date":"2022-09-21T23:06:42","date_gmt":"2022-09-22T02:06:42","guid":{"rendered":"https:\/\/blogdoprosperi.com\/?p=39543"},"modified":"2022-09-23T17:27:14","modified_gmt":"2022-09-23T20:27:14","slug":"cruzeiro-volta-a-serie-a-do-brasileirao-nos-bracos-de-ronaldo-fenomeno","status":"publish","type":"post","link":"https:\/\/blogdoprosperi.com\/?p=39543","title":{"rendered":"Cruzeiro volta \u00e0 S\u00e9rie A do Brasileir\u00e3o nos bra\u00e7os de Ronaldo Fen\u00f4meno"},"content":{"rendered":"<p><strong>CRUZEIRO<\/strong> VOLTA AO GRUPO DE ELITE E &nbsp;A &#8220;<strong>S\u00c9RIE A&#8221; DO BRASILEIR\u00c3O 2023<\/strong> PROMETE SER DAS MAIS DISPUTADAS COM CLUBES TURBINADOS POR INVESTIDORES ESTRANGEIROS.<\/p>\n<p>Cruzeiro reassume seu lugar no futebol brasileiro, tr\u00eas anos depois de amargar a S\u00e9rie B. Est\u00e1 de volta \u00e0 S\u00e9rie A ao vencer o Vasco por 3 a 0 nessa quarta-feira (21\/9) no Mineir\u00e3o estonteante de vibra\u00e7\u00e3o.<\/p>\n<p>Bancado com o dinheiro de Ronaldo Fen\u00f4meno, clube de Minas sinaliza novos tempos gerenciado como uma verdadeira empresa de futebol. \u00c9 de se prever um <strong>Cruzeiro<\/strong> forte, bem estruturado no Brasileir\u00e3o do ano que vem. E concorrente aos primeiros postos do campeonato.<\/p>\n<p>A proje\u00e7\u00e3o de investimentos de <span style=\"color:#0000ff;\"><a style=\"color:#0000ff;\" href=\"https:\/\/blogdoprosperi.com\/2016\/09\/22\/ronaldo-40-homenagem-a-um-encantador-de-serpentes\/\"><strong>Ronaldo Fen\u00f4meno<\/strong> <\/a><\/span>no Cruzeiro beira \u00e0 casa de R$ 400 milh\u00f5es \u2013 entre saneamento do clube e pagamento de d\u00edvidas \u2013, desde que fechou a compra por meio da SAF (Sociedade An\u00f4nima do Futebol).<\/p>\n<figure id=\"attachment_39557\" aria-describedby=\"caption-attachment-39557\" style=\"width: 546px\" class=\"wp-caption alignnone\"><img data-recalc-dims=\"1\" loading=\"lazy\" decoding=\"async\" data-attachment-id=\"39557\" data-permalink=\"https:\/\/blogdoprosperi.com\/?attachment_id=39557\" data-orig-file=\"https:\/\/i0.wp.com\/blogdoprosperi.com\/wp-content\/uploads\/2022\/09\/52375508278_2c15e436b6_c.jpg?fit=546%2C800&amp;ssl=1\" data-orig-size=\"546,800\" data-comments-opened=\"1\" data-image-meta=\"{&quot;aperture&quot;:&quot;0&quot;,&quot;credit&quot;:&quot;Gustavo Martins&quot;,&quot;camera&quot;:&quot;&quot;,&quot;caption&quot;:&quot;&quot;,&quot;created_timestamp&quot;:&quot;0&quot;,&quot;copyright&quot;:&quot;Gustavo Martins&quot;,&quot;focal_length&quot;:&quot;0&quot;,&quot;iso&quot;:&quot;0&quot;,&quot;shutter_speed&quot;:&quot;0&quot;,&quot;title&quot;:&quot;&quot;,&quot;orientation&quot;:&quot;0&quot;}\" data-image-title=\"Ronaldo Fen\u00f4meno moleque no Mosaico\" data-image-description=\"\" data-image-caption=\"&lt;p&gt;Ronaldo Fen\u00f4meno no mosaico no Mineir\u00e3o \u2013 foto: site Cruzeiro&lt;\/p&gt;\n\" data-large-file=\"https:\/\/i0.wp.com\/blogdoprosperi.com\/wp-content\/uploads\/2022\/09\/52375508278_2c15e436b6_c.jpg?fit=546%2C800&amp;ssl=1\" class=\"size-full wp-image-39557\" src=\"https:\/\/i0.wp.com\/blogdoprosperi.com\/wp-content\/uploads\/2022\/09\/52375508278_2c15e436b6_c.jpg?resize=546%2C800&#038;ssl=1\" alt=\"\" width=\"546\" height=\"800\"><figcaption id=\"caption-attachment-39557\" class=\"wp-caption-text\">Ronaldo Fen\u00f4meno no mosaico no Mineir\u00e3o \u2013 foto: site Cruzeiro<\/figcaption><\/figure>\n<p>Longa travessia do Cruzeiro em tr\u00eas temporadas na Segunda Divis\u00e3o (S\u00e9rie B) teve gente ilustre no comando. Vanderlei Luxemburgo, maior campe\u00e3o do Campeonato Brasileiro, Luiz Felipe Scolari, campe\u00e3o mundial com a Sele\u00e7\u00e3o Brasileira, e uma penca de treinadores de bons curr\u00edculos, at\u00e9 chegar ao comando do jovem Paulo Pezzolano, do Uruguai.<\/p>\n<p>Volta nos bra\u00e7os de um de seus \u00eddolos, Ronaldo Fen\u00f4meno, ap\u00f3s crise absurda de gest\u00f5es anteriores. Volta \u00e0 S\u00e9rie A com sete rodadas de anteced\u00eancia, um recorde na S\u00e9rie B do Brasileir\u00e3o. E no cora\u00e7\u00e3o de seu torcedor \u2013 59.204 pagantes \u2013 que tingiu o Mineir\u00e3o de azul nesta noite de 21 de setembro.<\/p>\n<blockquote><p>&#8220;N\u00f3s trabalhamos muito para conseguir isso. Noite especial demais. Jogadores, dire\u00e7\u00e3o e torcida, em especial, est\u00e3o de parab\u00e9ns. Foram tr\u00eas anos de sofrimento, mas agora vamos comemorar. E depois de alguns dias vamos planejar a S\u00e9rie A. N\u00e3o podemos esquecer das dificuldades financeiras do come\u00e7o, ent\u00e3o, vamos planejar bem&#8221; \u2013 Ronaldo Fen\u00f4meno.<\/p><\/blockquote>\n<p>Vasco sai derrotado, mas ainda tem boas chances de subir. A SAF tamb\u00e9m j\u00e1 est\u00e1 no clube carioca. Por prometidos R$ 700 milh\u00f5es, o grupo norte-americano <strong>777 Partners<\/strong> comprou o clube carioca. E a proje\u00e7\u00e3o \u00e9 de chegar forte no Brasileir\u00e3o 2023.<\/p>\n<p>Dinheiro tamb\u00e9m deve jorrar no <strong>Bahia<\/strong>, outro time com um p\u00e9 na S\u00e9rie A de 2023. Nessa quarta-feira (21\/9), o clube de Salvador anunciou que tem proposta do City Football Group (<strong>dono do <span style=\"color:#0000ff;\">Manchester City de Pep Guardiola<\/span><\/strong>) por 90% de suas a\u00e7\u00f5es da SAF.<\/p>\n<p>A promessa \u00e9 fazer do Bahia o clube de maior investimento do grupo, atr\u00e1s apenas do Manchester City \u2013 carro-chefe da empresa. A informa\u00e7\u00e3o \u00e9 do rep\u00f3rter <strong>Rodrigo Capelo, do site <em>ge<\/em>.<\/strong><\/p>\n<p>Confirmada a venda, se espera um Bahia com um time altamente qualificado j\u00e1 no Brasileir\u00e3o de 2023.<\/p>\n<p>Ent\u00e3o ficamos assim, Cruzeiro, Vasco e Bahia, turbinados com dinheiro grosso, voltam \u00e0 S\u00e9rie A. E mais o Gr\u00eamio, ainda no modelo tradicional de gest\u00e3o, mas bem equilibrado e sem d\u00edvidas pesadas.<\/p>\n<p>Trata-se do resgate de quatro campe\u00f5es brasileiros a ocupar posi\u00e7\u00e3o de destaque no campeonato de 2023.<\/p>\n<p>Bom lembrar que ainda teremos um<strong> Botafogo<\/strong> mais forte, entrando no segundo ano da SAF, comprada pelo milion\u00e1rio norte-americano <strong>John Textor<\/strong>, na pr\u00f3xima temporada.<\/p>\n<p><strong>Um Brasileir\u00e3o 2023 sem igual<\/strong><\/p>\n<p>Teremos pelo menos quatro clubes com robusto aporte financeiro: <strong>Botafogo, Cruzeiro, Vasco e Bahia.<\/strong><\/p>\n<p>Os atuais tr\u00eas poderosos e sem problemas de grana:&nbsp;<strong><span style=\"color:#0000ff;\"><a style=\"color:#0000ff;\" href=\"https:\/\/blogdoprosperi.com\/2022\/08\/24\/flamengo-sem-luz-rebaixa-sao-paulo-no-morumbi\/\">Flamengo<\/a><\/span>, Palmeiras e Atl\u00e9tico-MG.<\/strong><\/p>\n<p>Os quatro de boa estrutura e candidatos aos primeiros lugares: <strong>Athletico Paranaense, Fortaleza, Gr\u00eamio e <span style=\"color:#0000ff;\"><a style=\"color:#0000ff;\" href=\"https:\/\/blogdoprosperi.com\/2021\/07\/07\/redbullizacao-do-futebol-episodio-2-a-origem-do-imperio\/\">Bragantino<\/a>.<\/span><\/strong><\/p>\n<p>Aqueles de muita tradi\u00e7\u00e3o e sempre com meios de onde buscar dinheiro: <strong>Corinthians, S\u00e3o Paulo, Fluminense, Internacional e Santos.<\/strong><\/p>\n<p>E os que se reestruturaram nos \u00faltimos anos: <strong>Am\u00e9rica-MG, Cear\u00e1, Coritiba e Goi\u00e1s.<\/strong><\/p>\n<p>Temos a\u00ed um naipe de <strong>20&nbsp;clubes<\/strong> prontos a projetar um Brasileir\u00e3o 2023 de muito equil\u00edbrio e sem favoritos ao t\u00edtulo na largada.<\/p>\n<p>Neste cen\u00e1rio, a pr\u00f3xima temporada promete muitas novidades e, por tabela, bom futebol. Quem sabe embalada com a conquista do hexa da <strong><span style=\"color:#0000ff;\"><a style=\"color:#0000ff;\" href=\"https:\/\/blogdoprosperi.com\/2022\/09\/13\/tite-deixa-selecao-brasileira-e-imprensa-esportiva-perde-poder-na-sucessao-do-imperio\/\">Sele\u00e7\u00e3o Brasileira<\/a><\/span><\/strong> na Copa do Mundo Qatar 2022. A\u00ed a conversa \u00e9 com <strong>Tite<\/strong> e seus rapazes.<\/p>\n<p>&nbsp;<\/p>\n<p><strong>Galeria azul<\/strong><\/p>\n<figure id=\"attachment_39560\" aria-describedby=\"caption-attachment-39560\" style=\"width: 799px\" class=\"wp-caption alignnone\"><img data-recalc-dims=\"1\" loading=\"lazy\" decoding=\"async\" data-attachment-id=\"39560\" data-permalink=\"https:\/\/blogdoprosperi.com\/?attachment_id=39560\" data-orig-file=\"https:\/\/i0.wp.com\/blogdoprosperi.com\/wp-content\/uploads\/2022\/09\/52375573049_26988babf0_c-2.jpg?fit=799%2C533&amp;ssl=1\" data-orig-size=\"799,533\" data-comments-opened=\"1\" data-image-meta=\"{&quot;aperture&quot;:&quot;0&quot;,&quot;credit&quot;:&quot;Thomas Santos\/Staff Images&quot;,&quot;camera&quot;:&quot;&quot;,&quot;caption&quot;:&quot;&quot;,&quot;created_timestamp&quot;:&quot;0&quot;,&quot;copyright&quot;:&quot;Thomas Santos\/Staff Images&quot;,&quot;focal_length&quot;:&quot;0&quot;,&quot;iso&quot;:&quot;0&quot;,&quot;shutter_speed&quot;:&quot;0&quot;,&quot;title&quot;:&quot;&quot;,&quot;orientation&quot;:&quot;0&quot;}\" data-image-title=\"Recado do torcedor do Cruzeiro\" data-image-description=\"\" data-image-caption=\"&lt;p&gt;Torcedor do Cruzeiro manda o recado \u2013 foto: sirene Cruzeiro oficial&lt;\/p&gt;\n\" data-large-file=\"https:\/\/i0.wp.com\/blogdoprosperi.com\/wp-content\/uploads\/2022\/09\/52375573049_26988babf0_c-2.jpg?fit=799%2C533&amp;ssl=1\" class=\"size-full wp-image-39560\" src=\"https:\/\/i0.wp.com\/blogdoprosperi.com\/wp-content\/uploads\/2022\/09\/52375573049_26988babf0_c-2.jpg?resize=799%2C533&#038;ssl=1\" alt=\"\" width=\"799\" height=\"533\"><figcaption id=\"caption-attachment-39560\" class=\"wp-caption-text\">Torcedor do Cruzeiro manda o recado \u2013 foto: site Cruzeiro oficial<\/figcaption><\/figure>\n<figure id=\"attachment_39559\" aria-describedby=\"caption-attachment-39559\" style=\"width: 799px\" class=\"wp-caption alignnone\"><img data-recalc-dims=\"1\" loading=\"lazy\" decoding=\"async\" data-attachment-id=\"39559\" data-permalink=\"https:\/\/blogdoprosperi.com\/?attachment_id=39559\" data-orig-file=\"https:\/\/i0.wp.com\/blogdoprosperi.com\/wp-content\/uploads\/2022\/09\/52375535698_3c6800dc61_c.jpg?fit=799%2C533&amp;ssl=1\" data-orig-size=\"799,533\" data-comments-opened=\"1\" data-image-meta=\"{&quot;aperture&quot;:&quot;0&quot;,&quot;credit&quot;:&quot;Thomas Santos\/Staff Images&quot;,&quot;camera&quot;:&quot;&quot;,&quot;caption&quot;:&quot;&quot;,&quot;created_timestamp&quot;:&quot;0&quot;,&quot;copyright&quot;:&quot;Thomas Santos\/Staff Images&quot;,&quot;focal_length&quot;:&quot;0&quot;,&quot;iso&quot;:&quot;0&quot;,&quot;shutter_speed&quot;:&quot;0&quot;,&quot;title&quot;:&quot;&quot;,&quot;orientation&quot;:&quot;0&quot;}\" data-image-title=\"Felipe Machado, autor do gol do Cruzeiro\" data-image-description=\"\" data-image-caption=\"&lt;p&gt;Felipe Machado abre a festa azul \u2013 foto: site oficial Cruzeiro&lt;\/p&gt;\n\" data-large-file=\"https:\/\/i0.wp.com\/blogdoprosperi.com\/wp-content\/uploads\/2022\/09\/52375535698_3c6800dc61_c.jpg?fit=799%2C533&amp;ssl=1\" class=\"size-full wp-image-39559\" src=\"https:\/\/i0.wp.com\/blogdoprosperi.com\/wp-content\/uploads\/2022\/09\/52375535698_3c6800dc61_c.jpg?resize=799%2C533&#038;ssl=1\" alt=\"\" width=\"799\" height=\"533\"><figcaption id=\"caption-attachment-39559\" class=\"wp-caption-text\">Felipe Machado abre a festa azul \u2013 foto: site oficial Cruzeiro<\/figcaption><\/figure>\n<figure id=\"attachment_39558\" aria-describedby=\"caption-attachment-39558\" style=\"width: 799px\" class=\"wp-caption alignnone\"><img data-recalc-dims=\"1\" loading=\"lazy\" decoding=\"async\" data-attachment-id=\"39558\" data-permalink=\"https:\/\/blogdoprosperi.com\/?attachment_id=39558\" data-orig-file=\"https:\/\/i0.wp.com\/blogdoprosperi.com\/wp-content\/uploads\/2022\/09\/52375572919_ea03f4e609_c.jpg?fit=799%2C533&amp;ssl=1\" data-orig-size=\"799,533\" data-comments-opened=\"1\" data-image-meta=\"{&quot;aperture&quot;:&quot;0&quot;,&quot;credit&quot;:&quot;Thomas Santos\/Staff Images&quot;,&quot;camera&quot;:&quot;&quot;,&quot;caption&quot;:&quot;&quot;,&quot;created_timestamp&quot;:&quot;0&quot;,&quot;copyright&quot;:&quot;Thomas Santos\/Staff Images&quot;,&quot;focal_length&quot;:&quot;0&quot;,&quot;iso&quot;:&quot;0&quot;,&quot;shutter_speed&quot;:&quot;0&quot;,&quot;title&quot;:&quot;&quot;,&quot;orientation&quot;:&quot;0&quot;}\" data-image-title=\"Ronald, o DJ, filho de Ronaldo Fen\u00f4meno\" data-image-description=\"\" data-image-caption=\"&lt;p&gt;DJ Ronald, filho de Ronaldo Fen\u00f4meno, na festa do Cruzeiro \u2013 foto: site Cruzeiro oficial&lt;\/p&gt;\n\" data-large-file=\"https:\/\/i0.wp.com\/blogdoprosperi.com\/wp-content\/uploads\/2022\/09\/52375572919_ea03f4e609_c.jpg?fit=799%2C533&amp;ssl=1\" class=\"size-full wp-image-39558\" src=\"https:\/\/i0.wp.com\/blogdoprosperi.com\/wp-content\/uploads\/2022\/09\/52375572919_ea03f4e609_c.jpg?resize=799%2C533&#038;ssl=1\" alt=\"\" width=\"799\" height=\"533\"><figcaption id=\"caption-attachment-39558\" class=\"wp-caption-text\">DJ Ronald, filho de Ronaldo Fen\u00f4meno, na festa do Cruzeiro \u2013 foto: site Cruzeiro oficial<\/figcaption><\/figure>\n<figure id=\"attachment_39566\" aria-describedby=\"caption-attachment-39566\" style=\"width: 799px\" class=\"wp-caption alignnone\"><img data-recalc-dims=\"1\" loading=\"lazy\" decoding=\"async\" data-attachment-id=\"39566\" data-permalink=\"https:\/\/blogdoprosperi.com\/?attachment_id=39566\" data-orig-file=\"https:\/\/i0.wp.com\/blogdoprosperi.com\/wp-content\/uploads\/2022\/09\/52375799250_9dd5371026_c.jpg?fit=799%2C533&amp;ssl=1\" data-orig-size=\"799,533\" data-comments-opened=\"1\" data-image-meta=\"{&quot;aperture&quot;:&quot;0&quot;,&quot;credit&quot;:&quot;&quot;,&quot;camera&quot;:&quot;&quot;,&quot;caption&quot;:&quot;&quot;,&quot;created_timestamp&quot;:&quot;0&quot;,&quot;copyright&quot;:&quot;&quot;,&quot;focal_length&quot;:&quot;0&quot;,&quot;iso&quot;:&quot;0&quot;,&quot;shutter_speed&quot;:&quot;0&quot;,&quot;title&quot;:&quot;&quot;,&quot;orientation&quot;:&quot;0&quot;}\" data-image-title=\"Torcida do Cruzeiro comemora acesso \u00e0 S\u00e9rie A\" data-image-description=\"\" data-image-caption=\"&lt;p&gt;foto: site Cruzeiro oficial&lt;\/p&gt;\n\" data-large-file=\"https:\/\/i0.wp.com\/blogdoprosperi.com\/wp-content\/uploads\/2022\/09\/52375799250_9dd5371026_c.jpg?fit=799%2C533&amp;ssl=1\" class=\"size-full wp-image-39566\" src=\"https:\/\/i0.wp.com\/blogdoprosperi.com\/wp-content\/uploads\/2022\/09\/52375799250_9dd5371026_c.jpg?resize=799%2C533&#038;ssl=1\" alt=\"\" width=\"799\" height=\"533\"><figcaption id=\"caption-attachment-39566\" class=\"wp-caption-text\">foto: site Cruzeiro oficial<\/figcaption><\/figure>\n","protected":false},"excerpt":{"rendered":"<p>CRUZEIRO VOLTA AO GRUPO DE ELITE E &#8220;S\u00c9RIE A&#8221; DO BRASILEIR\u00c3O 2023 PROMETE SER DAS MAIS DISPUTADAS COM CLUBES TURBINADOS POR INVESTIDORES ESTRANGEIROS<\/p>\n","protected":false},"author":102107496,"featured_media":39571,"comment_status":"open","ping_status":"open","sticky":false,"template":"","format":"standard","meta":{"_coblocks_attr":"","_coblocks_dimensions":"","_coblocks_responsive_height":"","_coblocks_accordion_ie_support":"","_jetpack_newsletter_access":"","_jetpack_dont_email_post_to_subs":false,"_jetpack_newsletter_tier_id":0,"_jetpack_memberships_contains_paywalled_content":false,"_wpcom_ai_launchpad_first_post":false,"_jetpack_feature_clip_id":0,"_jetpack_memberships_contains_paid_content":false,"footnotes":"","jetpack_publicize_message":"","jetpack_publicize_feature_enabled":true,"jetpack_social_post_already_shared":false,"jetpack_social_options":{"image_generator_settings":{"template":"highway","default_image_id":0,"font":"","enabled":false},"version":2},"jetpack_post_was_ever_published":false},"categories":[301049609,53870],"tags":[755731437,755731435,521771,789560560,141643012,755731438,1312872,1805387,77674,755731436,1814220,342075],"class_list":["post-39543","post","type-post","status-publish","format-standard","has-post-thumbnail","hentry","category-copa-do-mundo-catar-2022","category-futebol","tag-bahia-manchester-city","tag-brasileirao-2023","tag-cruzeiro","tag-futebol","tag-futebol-2022","tag-jonh-textor","tag-mineirao","tag-ronaldo-fenomeno","tag-saf","tag-serie-b-brasileirao-2022","tag-tite","tag-vasco"],"yoast_head":"<!-- This site is optimized with the Yoast SEO plugin v28.3 - https:\/\/yoast.com\/product\/yoast-seo-wordpress\/ -->\n<title>Cruzeiro volta \u00e0 S\u00e9rie A do Brasileir\u00e3o nos bra\u00e7os de Ronaldo Fen\u00f4meno - PR\u00d3SPERI NEWS<\/title>\n<meta name=\"robots\" content=\"index, follow, max-snippet:-1, max-image-preview:large, max-video-preview:-1\" \/>\n<link rel=\"canonical\" href=\"https:\/\/blogdoprosperi.com\/?p=39543\" \/>\n<meta property=\"og:locale\" content=\"pt_BR\" \/>\n<meta property=\"og:type\" content=\"article\" \/>\n<meta property=\"og:title\" content=\"Cruzeiro volta \u00e0 S\u00e9rie A do Brasileir\u00e3o nos bra\u00e7os de Ronaldo Fen\u00f4meno - PR\u00d3SPERI NEWS\" \/>\n<meta property=\"og:description\" content=\"CRUZEIRO VOLTA AO GRUPO DE ELITE E &quot;S\u00c9RIE A&quot; DO BRASILEIR\u00c3O 2023 PROMETE SER DAS MAIS DISPUTADAS COM CLUBES TURBINADOS POR INVESTIDORES ESTRANGEIROS\" \/>\n<meta property=\"og:url\" content=\"https:\/\/blogdoprosperi.com\/?p=39543\" \/>\n<meta property=\"og:site_name\" content=\"PR\u00d3SPERI NEWS\" \/>\n<meta property=\"article:publisher\" content=\"Luiz Pr\u00f3speri\" \/>\n<meta property=\"article:author\" content=\"Luiz Pr\u00f3speri\" \/>\n<meta property=\"article:published_time\" content=\"2022-09-22T02:06:42+00:00\" \/>\n<meta property=\"article:modified_time\" content=\"2022-09-23T20:27:14+00:00\" \/>\n<meta property=\"og:image\" content=\"https:\/\/i0.wp.com\/blogdoprosperi.com\/wp-content\/uploads\/2022\/09\/52375683954_92c18fb3cf_c.jpg?fit=799%2C533&ssl=1\" \/>\n\t<meta property=\"og:image:width\" content=\"799\" \/>\n\t<meta property=\"og:image:height\" content=\"533\" \/>\n\t<meta property=\"og:image:type\" content=\"image\/jpeg\" \/>\n<meta name=\"author\" content=\"Luiz Ant\u00f4nio Pr\u00f3speri\" \/>\n<meta name=\"twitter:card\" content=\"summary_large_image\" \/>\n<meta name=\"twitter:creator\" content=\"@Luizprosperi\" \/>\n<meta name=\"twitter:site\" content=\"@Luizprosperi\" \/>\n<meta name=\"twitter:label1\" content=\"Escrito por\" \/>\n\t<meta name=\"twitter:data1\" content=\"Luiz Ant\u00f4nio Pr\u00f3speri\" \/>\n\t<meta name=\"twitter:label2\" content=\"Est. tempo de leitura\" \/>\n\t<meta name=\"twitter:data2\" content=\"4 minutos\" \/>\n<script type=\"application\/ld+json\" class=\"yoast-schema-graph\">{\"@context\":\"https:\\\/\\\/schema.org\",\"@graph\":[{\"@type\":\"Article\",\"@id\":\"https:\\\/\\\/blogdoprosperi.com\\\/?p=39543#article\",\"isPartOf\":{\"@id\":\"https:\\\/\\\/blogdoprosperi.com\\\/?p=39543\"},\"author\":{\"name\":\"Luiz Ant\u00f4nio Pr\u00f3speri\",\"@id\":\"https:\\\/\\\/blogdoprosperi.com\\\/#\\\/schema\\\/person\\\/38100755ce3601861ee4fab9b5aa78e9\"},\"headline\":\"Cruzeiro volta \u00e0 S\u00e9rie A do Brasileir\u00e3o nos bra\u00e7os de Ronaldo Fen\u00f4meno\",\"datePublished\":\"2022-09-22T02:06:42+00:00\",\"dateModified\":\"2022-09-23T20:27:14+00:00\",\"mainEntityOfPage\":{\"@id\":\"https:\\\/\\\/blogdoprosperi.com\\\/?p=39543\"},\"wordCount\":796,\"commentCount\":1,\"publisher\":{\"@id\":\"https:\\\/\\\/blogdoprosperi.com\\\/#\\\/schema\\\/person\\\/38100755ce3601861ee4fab9b5aa78e9\"},\"image\":{\"@id\":\"https:\\\/\\\/blogdoprosperi.com\\\/?p=39543#primaryimage\"},\"thumbnailUrl\":\"https:\\\/\\\/i0.wp.com\\\/blogdoprosperi.com\\\/wp-content\\\/uploads\\\/2022\\\/09\\\/52375683954_92c18fb3cf_c.jpg?fit=799%2C533&ssl=1\",\"keywords\":[\"Bahia Manchester city\",\"brasileir\u00e3o 2023\",\"Cruzeiro\",\"futebol\",\"futebol 2022\",\"jonh textor\",\"Mineir\u00e3o\",\"Ronaldo Fen\u00f4meno\",\"saf\",\"s\u00e9rie b brasileir\u00e3o 2022\",\"Tite\",\"Vasco\"],\"articleSection\":[\"copa do mundo catar 2022\",\"futebol\"],\"inLanguage\":\"pt-BR\",\"potentialAction\":[{\"@type\":\"CommentAction\",\"name\":\"Comment\",\"target\":[\"https:\\\/\\\/blogdoprosperi.com\\\/?p=39543#respond\"]}]},{\"@type\":\"WebPage\",\"@id\":\"https:\\\/\\\/blogdoprosperi.com\\\/?p=39543\",\"url\":\"https:\\\/\\\/blogdoprosperi.com\\\/?p=39543\",\"name\":\"Cruzeiro volta \u00e0 S\u00e9rie A do Brasileir\u00e3o nos bra\u00e7os de Ronaldo Fen\u00f4meno - PR\u00d3SPERI NEWS\",\"isPartOf\":{\"@id\":\"https:\\\/\\\/blogdoprosperi.com\\\/#website\"},\"primaryImageOfPage\":{\"@id\":\"https:\\\/\\\/blogdoprosperi.com\\\/?p=39543#primaryimage\"},\"image\":{\"@id\":\"https:\\\/\\\/blogdoprosperi.com\\\/?p=39543#primaryimage\"},\"thumbnailUrl\":\"https:\\\/\\\/i0.wp.com\\\/blogdoprosperi.com\\\/wp-content\\\/uploads\\\/2022\\\/09\\\/52375683954_92c18fb3cf_c.jpg?fit=799%2C533&ssl=1\",\"datePublished\":\"2022-09-22T02:06:42+00:00\",\"dateModified\":\"2022-09-23T20:27:14+00:00\",\"breadcrumb\":{\"@id\":\"https:\\\/\\\/blogdoprosperi.com\\\/?p=39543#breadcrumb\"},\"inLanguage\":\"pt-BR\",\"potentialAction\":[{\"@type\":\"ReadAction\",\"target\":[\"https:\\\/\\\/blogdoprosperi.com\\\/?p=39543\"]}]},{\"@type\":\"ImageObject\",\"inLanguage\":\"pt-BR\",\"@id\":\"https:\\\/\\\/blogdoprosperi.com\\\/?p=39543#primaryimage\",\"url\":\"https:\\\/\\\/i0.wp.com\\\/blogdoprosperi.com\\\/wp-content\\\/uploads\\\/2022\\\/09\\\/52375683954_92c18fb3cf_c.jpg?fit=799%2C533&ssl=1\",\"contentUrl\":\"https:\\\/\\\/i0.wp.com\\\/blogdoprosperi.com\\\/wp-content\\\/uploads\\\/2022\\\/09\\\/52375683954_92c18fb3cf_c.jpg?fit=799%2C533&ssl=1\",\"width\":799,\"height\":533,\"caption\":\"foto: site Cruzeiro oficial\"},{\"@type\":\"BreadcrumbList\",\"@id\":\"https:\\\/\\\/blogdoprosperi.com\\\/?p=39543#breadcrumb\",\"itemListElement\":[{\"@type\":\"ListItem\",\"position\":1,\"name\":\"In\u00edcio\",\"item\":\"https:\\\/\\\/blogdoprosperi.com\\\/\"},{\"@type\":\"ListItem\",\"position\":2,\"name\":\"Cruzeiro volta \u00e0 S\u00e9rie A do Brasileir\u00e3o nos bra\u00e7os de Ronaldo Fen\u00f4meno\"}]},{\"@type\":\"WebSite\",\"@id\":\"https:\\\/\\\/blogdoprosperi.com\\\/#website\",\"url\":\"https:\\\/\\\/blogdoprosperi.com\\\/\",\"name\":\"PR\u00d3SPERI NEWS\",\"description\":\"TUDO \u00c9  FUTEBOL\",\"publisher\":{\"@id\":\"https:\\\/\\\/blogdoprosperi.com\\\/#\\\/schema\\\/person\\\/38100755ce3601861ee4fab9b5aa78e9\"},\"alternateName\":\"blogdoprosperi.com\",\"potentialAction\":[{\"@type\":\"SearchAction\",\"target\":{\"@type\":\"EntryPoint\",\"urlTemplate\":\"https:\\\/\\\/blogdoprosperi.com\\\/?s={search_term_string}\"},\"query-input\":{\"@type\":\"PropertyValueSpecification\",\"valueRequired\":true,\"valueName\":\"search_term_string\"}}],\"inLanguage\":\"pt-BR\"},{\"@type\":[\"Person\",\"Organization\"],\"@id\":\"https:\\\/\\\/blogdoprosperi.com\\\/#\\\/schema\\\/person\\\/38100755ce3601861ee4fab9b5aa78e9\",\"name\":\"Luiz Ant\u00f4nio Pr\u00f3speri\",\"pronouns\":\"ele\",\"image\":{\"@type\":\"ImageObject\",\"inLanguage\":\"pt-BR\",\"@id\":\"https:\\\/\\\/i0.wp.com\\\/blogdoprosperi.com\\\/wp-content\\\/uploads\\\/2026\\\/05\\\/cropped-8059e613-6002-42fa-961e-8e275f575d71-2-5.jpg?fit=1360%2C931&ssl=1\",\"url\":\"https:\\\/\\\/i0.wp.com\\\/blogdoprosperi.com\\\/wp-content\\\/uploads\\\/2026\\\/05\\\/cropped-8059e613-6002-42fa-961e-8e275f575d71-2-5.jpg?fit=1360%2C931&ssl=1\",\"contentUrl\":\"https:\\\/\\\/i0.wp.com\\\/blogdoprosperi.com\\\/wp-content\\\/uploads\\\/2026\\\/05\\\/cropped-8059e613-6002-42fa-961e-8e275f575d71-2-5.jpg?fit=1360%2C931&ssl=1\",\"width\":1360,\"height\":931,\"caption\":\"Luiz Ant\u00f4nio Pr\u00f3speri\"},\"logo\":{\"@id\":\"https:\\\/\\\/i0.wp.com\\\/blogdoprosperi.com\\\/wp-content\\\/uploads\\\/2026\\\/05\\\/cropped-8059e613-6002-42fa-961e-8e275f575d71-2-5.jpg?fit=1360%2C931&ssl=1\"},\"description\":\"Jornalista com carreira dedicada ao esporte. Cobriu 9 Copas do Mundo in loco, 1990 na It\u00e1lia, 1994 nos EUA, 1998 na Fran\u00e7a, 2002 na Coreia do Sul e Jap\u00e3o, 2006 na Alemanha, 2010 na \u00c1frica do Sul, 2014 no Brasil, 2018 na R\u00fassia e 2022 no Qatar. Eurocopas, 1992 na Su\u00e9cia e 1996 na Inglaterra. Copa das Confedera\u00e7\u00f5es de 2005 na Alemanha e 2009 na \u00c1frica do Sul. Rep\u00f3rter e Editor, trabalhou no Jornal da Tarde e Estad\u00e3o, de 1984 a fevereiro de 2016. Colunista, blogueiro. E comentarista de futebol na R\u00e1dio Estad\u00e3o, de 2013 a fevereiro de 2016. Jornalista respons\u00e1vel do \\\"Pr\u00f3speri News\\\" (blogdoprosperi.com).\",\"sameAs\":[\"http:\\\/\\\/blogdoprosperi.com\",\"Luiz Pr\u00f3speri\",\"@luiz_prosperi\",\"https:\\\/\\\/x.com\\\/Luizprosperi\",\"@prosperinacopa\",\"luiz.prosperi@icloud.com\"],\"url\":\"https:\\\/\\\/blogdoprosperi.com\\\/?author=102107496\"}]}<\/script>\n<!-- \/ Yoast SEO plugin. -->","yoast_head_json":{"title":"Cruzeiro volta \u00e0 S\u00e9rie A do Brasileir\u00e3o nos bra\u00e7os de Ronaldo Fen\u00f4meno - PR\u00d3SPERI NEWS","robots":{"index":"index","follow":"follow","max-snippet":"max-snippet:-1","max-image-preview":"max-image-preview:large","max-video-preview":"max-video-preview:-1"},"canonical":"https:\/\/blogdoprosperi.com\/?p=39543","og_locale":"pt_BR","og_type":"article","og_title":"Cruzeiro volta \u00e0 S\u00e9rie A do Brasileir\u00e3o nos bra\u00e7os de Ronaldo Fen\u00f4meno - PR\u00d3SPERI NEWS","og_description":"CRUZEIRO VOLTA AO GRUPO DE ELITE E \"S\u00c9RIE A\" DO BRASILEIR\u00c3O 2023 PROMETE SER DAS MAIS DISPUTADAS COM CLUBES TURBINADOS POR INVESTIDORES ESTRANGEIROS","og_url":"https:\/\/blogdoprosperi.com\/?p=39543","og_site_name":"PR\u00d3SPERI NEWS","article_publisher":"Luiz Pr\u00f3speri","article_author":"Luiz Pr\u00f3speri","article_published_time":"2022-09-22T02:06:42+00:00","article_modified_time":"2022-09-23T20:27:14+00:00","og_image":[{"width":799,"height":533,"url":"https:\/\/i0.wp.com\/blogdoprosperi.com\/wp-content\/uploads\/2022\/09\/52375683954_92c18fb3cf_c.jpg?fit=799%2C533&ssl=1","type":"image\/jpeg"}],"author":"Luiz Ant\u00f4nio Pr\u00f3speri","twitter_card":"summary_large_image","twitter_creator":"@Luizprosperi","twitter_site":"@Luizprosperi","twitter_misc":{"Escrito por":"Luiz Ant\u00f4nio Pr\u00f3speri","Est. tempo de leitura":"4 minutos"},"schema":{"@context":"https:\/\/schema.org","@graph":[{"@type":"Article","@id":"https:\/\/blogdoprosperi.com\/?p=39543#article","isPartOf":{"@id":"https:\/\/blogdoprosperi.com\/?p=39543"},"author":{"name":"Luiz Ant\u00f4nio Pr\u00f3speri","@id":"https:\/\/blogdoprosperi.com\/#\/schema\/person\/38100755ce3601861ee4fab9b5aa78e9"},"headline":"Cruzeiro volta \u00e0 S\u00e9rie A do Brasileir\u00e3o nos bra\u00e7os de Ronaldo Fen\u00f4meno","datePublished":"2022-09-22T02:06:42+00:00","dateModified":"2022-09-23T20:27:14+00:00","mainEntityOfPage":{"@id":"https:\/\/blogdoprosperi.com\/?p=39543"},"wordCount":796,"commentCount":1,"publisher":{"@id":"https:\/\/blogdoprosperi.com\/#\/schema\/person\/38100755ce3601861ee4fab9b5aa78e9"},"image":{"@id":"https:\/\/blogdoprosperi.com\/?p=39543#primaryimage"},"thumbnailUrl":"https:\/\/i0.wp.com\/blogdoprosperi.com\/wp-content\/uploads\/2022\/09\/52375683954_92c18fb3cf_c.jpg?fit=799%2C533&ssl=1","keywords":["Bahia Manchester city","brasileir\u00e3o 2023","Cruzeiro","futebol","futebol 2022","jonh textor","Mineir\u00e3o","Ronaldo Fen\u00f4meno","saf","s\u00e9rie b brasileir\u00e3o 2022","Tite","Vasco"],"articleSection":["copa do mundo catar 2022","futebol"],"inLanguage":"pt-BR","potentialAction":[{"@type":"CommentAction","name":"Comment","target":["https:\/\/blogdoprosperi.com\/?p=39543#respond"]}]},{"@type":"WebPage","@id":"https:\/\/blogdoprosperi.com\/?p=39543","url":"https:\/\/blogdoprosperi.com\/?p=39543","name":"Cruzeiro volta \u00e0 S\u00e9rie A do Brasileir\u00e3o nos bra\u00e7os de Ronaldo Fen\u00f4meno - PR\u00d3SPERI NEWS","isPartOf":{"@id":"https:\/\/blogdoprosperi.com\/#website"},"primaryImageOfPage":{"@id":"https:\/\/blogdoprosperi.com\/?p=39543#primaryimage"},"image":{"@id":"https:\/\/blogdoprosperi.com\/?p=39543#primaryimage"},"thumbnailUrl":"https:\/\/i0.wp.com\/blogdoprosperi.com\/wp-content\/uploads\/2022\/09\/52375683954_92c18fb3cf_c.jpg?fit=799%2C533&ssl=1","datePublished":"2022-09-22T02:06:42+00:00","dateModified":"2022-09-23T20:27:14+00:00","breadcrumb":{"@id":"https:\/\/blogdoprosperi.com\/?p=39543#breadcrumb"},"inLanguage":"pt-BR","potentialAction":[{"@type":"ReadAction","target":["https:\/\/blogdoprosperi.com\/?p=39543"]}]},{"@type":"ImageObject","inLanguage":"pt-BR","@id":"https:\/\/blogdoprosperi.com\/?p=39543#primaryimage","url":"https:\/\/i0.wp.com\/blogdoprosperi.com\/wp-content\/uploads\/2022\/09\/52375683954_92c18fb3cf_c.jpg?fit=799%2C533&ssl=1","contentUrl":"https:\/\/i0.wp.com\/blogdoprosperi.com\/wp-content\/uploads\/2022\/09\/52375683954_92c18fb3cf_c.jpg?fit=799%2C533&ssl=1","width":799,"height":533,"caption":"foto: site Cruzeiro oficial"},{"@type":"BreadcrumbList","@id":"https:\/\/blogdoprosperi.com\/?p=39543#breadcrumb","itemListElement":[{"@type":"ListItem","position":1,"name":"In\u00edcio","item":"https:\/\/blogdoprosperi.com\/"},{"@type":"ListItem","position":2,"name":"Cruzeiro volta \u00e0 S\u00e9rie A do Brasileir\u00e3o nos bra\u00e7os de Ronaldo Fen\u00f4meno"}]},{"@type":"WebSite","@id":"https:\/\/blogdoprosperi.com\/#website","url":"https:\/\/blogdoprosperi.com\/","name":"PR\u00d3SPERI NEWS","description":"TUDO \u00c9  FUTEBOL","publisher":{"@id":"https:\/\/blogdoprosperi.com\/#\/schema\/person\/38100755ce3601861ee4fab9b5aa78e9"},"alternateName":"blogdoprosperi.com","potentialAction":[{"@type":"SearchAction","target":{"@type":"EntryPoint","urlTemplate":"https:\/\/blogdoprosperi.com\/?s={search_term_string}"},"query-input":{"@type":"PropertyValueSpecification","valueRequired":true,"valueName":"search_term_string"}}],"inLanguage":"pt-BR"},{"@type":["Person","Organization"],"@id":"https:\/\/blogdoprosperi.com\/#\/schema\/person\/38100755ce3601861ee4fab9b5aa78e9","name":"Luiz Ant\u00f4nio Pr\u00f3speri","pronouns":"ele","image":{"@type":"ImageObject","inLanguage":"pt-BR","@id":"https:\/\/i0.wp.com\/blogdoprosperi.com\/wp-content\/uploads\/2026\/05\/cropped-8059e613-6002-42fa-961e-8e275f575d71-2-5.jpg?fit=1360%2C931&ssl=1","url":"https:\/\/i0.wp.com\/blogdoprosperi.com\/wp-content\/uploads\/2026\/05\/cropped-8059e613-6002-42fa-961e-8e275f575d71-2-5.jpg?fit=1360%2C931&ssl=1","contentUrl":"https:\/\/i0.wp.com\/blogdoprosperi.com\/wp-content\/uploads\/2026\/05\/cropped-8059e613-6002-42fa-961e-8e275f575d71-2-5.jpg?fit=1360%2C931&ssl=1","width":1360,"height":931,"caption":"Luiz Ant\u00f4nio Pr\u00f3speri"},"logo":{"@id":"https:\/\/i0.wp.com\/blogdoprosperi.com\/wp-content\/uploads\/2026\/05\/cropped-8059e613-6002-42fa-961e-8e275f575d71-2-5.jpg?fit=1360%2C931&ssl=1"},"description":"Jornalista com carreira dedicada ao esporte. Cobriu 9 Copas do Mundo in loco, 1990 na It\u00e1lia, 1994 nos EUA, 1998 na Fran\u00e7a, 2002 na Coreia do Sul e Jap\u00e3o, 2006 na Alemanha, 2010 na \u00c1frica do Sul, 2014 no Brasil, 2018 na R\u00fassia e 2022 no Qatar. Eurocopas, 1992 na Su\u00e9cia e 1996 na Inglaterra. Copa das Confedera\u00e7\u00f5es de 2005 na Alemanha e 2009 na \u00c1frica do Sul. Rep\u00f3rter e Editor, trabalhou no Jornal da Tarde e Estad\u00e3o, de 1984 a fevereiro de 2016. Colunista, blogueiro. E comentarista de futebol na R\u00e1dio Estad\u00e3o, de 2013 a fevereiro de 2016. Jornalista respons\u00e1vel do \"Pr\u00f3speri News\" (blogdoprosperi.com).","sameAs":["http:\/\/blogdoprosperi.com","Luiz Pr\u00f3speri","@luiz_prosperi","https:\/\/x.com\/Luizprosperi","@prosperinacopa","luiz.prosperi@icloud.com"],"url":"https:\/\/blogdoprosperi.com\/?author=102107496"}]}},"jetpack_publicize_connections":[],"jetpack_likes_enabled":false,"jetpack_sharing_enabled":true,"jetpack_shortlink":"https:\/\/wp.me\/p7jvdk-ahN","jetpack-related-posts":[{"id":54112,"url":"https:\/\/blogdoprosperi.com\/?p=54112","url_meta":{"origin":39543,"position":0},"title":"Classifica\u00e7\u00e3o do Brasileir\u00e3o | 17\u00aa Rodada \u2013 Flamengo Assume Lideran\u00e7a","author":"Luiz Ant\u00f4nio Pr\u00f3speri","date":"28 de julho de 2025","format":false,"excerpt":"Luiz Ant\u00f4nio Pr\u00f3speri \u2013 28 julho 2025 (11h30) \u2013 Flamengo \u00e9 novo l\u00edder do Brasileir\u00e3o 2025. Vence o Atl\u00e9tico-MG no Maracan\u00e3 e ultrapassa o Cruzeiro derrotado pelo Cear\u00e1 no Mineir\u00e3o. Time mineiro cai para o segundo lugar, dois pontos a mais que o Palmeiras, terceiro colocado com dois jogos a\u2026","rel":"","context":"Em &quot;brasileir\u00e3o 2025&quot;","block_context":{"text":"brasileir\u00e3o 2025","link":"https:\/\/blogdoprosperi.com\/?cat=775970846"},"img":{"alt_text":"Novo calend\u00e1rio do futebol brasileiro","src":"https:\/\/i0.wp.com\/blogdoprosperi.com\/wp-content\/uploads\/2024\/11\/20240222142247_268-2.jpeg?fit=1200%2C791&ssl=1&resize=350%2C200","width":350,"height":200,"srcset":"https:\/\/i0.wp.com\/blogdoprosperi.com\/wp-content\/uploads\/2024\/11\/20240222142247_268-2.jpeg?fit=1200%2C791&ssl=1&resize=350%2C200 1x, https:\/\/i0.wp.com\/blogdoprosperi.com\/wp-content\/uploads\/2024\/11\/20240222142247_268-2.jpeg?fit=1200%2C791&ssl=1&resize=525%2C300 1.5x, https:\/\/i0.wp.com\/blogdoprosperi.com\/wp-content\/uploads\/2024\/11\/20240222142247_268-2.jpeg?fit=1200%2C791&ssl=1&resize=700%2C400 2x, https:\/\/i0.wp.com\/blogdoprosperi.com\/wp-content\/uploads\/2024\/11\/20240222142247_268-2.jpeg?fit=1200%2C791&ssl=1&resize=1050%2C600 3x"},"classes":[]},{"id":61848,"url":"https:\/\/blogdoprosperi.com\/?p=61848","url_meta":{"origin":39543,"position":1},"title":"Ao Vivo 11 jogos: para voc\u00ea ficar ligado na TV e Youtube neste fim de semana","author":"Luiz Ant\u00f4nio Pr\u00f3speri","date":"7 de agosto de 2026","format":false,"excerpt":"Fim de Semana \u2013 8 e 9 agosto 2026 Futebol neste fim de semana (08 e 09\/8) tem Sele\u00e7\u00e3o Brasileira Sub-20, com a gera\u00e7\u00e3o da Copa do Mundo 2030 entrando em campo. E a 22\u00aa rodada completa \u00a0do Brasileir\u00e3o 2026 na volta do campeonato ap\u00f3s pausa para os jogos das\u2026","rel":"","context":"Em &quot;brasileir\u00e3o 2026&quot;","block_context":{"text":"brasileir\u00e3o 2026","link":"https:\/\/blogdoprosperi.com\/?cat=786956679"},"img":{"alt_text":"","src":"https:\/\/i0.wp.com\/blogdoprosperi.com\/wp-content\/uploads\/2026\/08\/Captura-de-Tela-2026-08-07-as-19.23.28.png?fit=1200%2C787&ssl=1&resize=350%2C200","width":350,"height":200,"srcset":"https:\/\/i0.wp.com\/blogdoprosperi.com\/wp-content\/uploads\/2026\/08\/Captura-de-Tela-2026-08-07-as-19.23.28.png?fit=1200%2C787&ssl=1&resize=350%2C200 1x, https:\/\/i0.wp.com\/blogdoprosperi.com\/wp-content\/uploads\/2026\/08\/Captura-de-Tela-2026-08-07-as-19.23.28.png?fit=1200%2C787&ssl=1&resize=525%2C300 1.5x, https:\/\/i0.wp.com\/blogdoprosperi.com\/wp-content\/uploads\/2026\/08\/Captura-de-Tela-2026-08-07-as-19.23.28.png?fit=1200%2C787&ssl=1&resize=700%2C400 2x, https:\/\/i0.wp.com\/blogdoprosperi.com\/wp-content\/uploads\/2026\/08\/Captura-de-Tela-2026-08-07-as-19.23.28.png?fit=1200%2C787&ssl=1&resize=1050%2C600 3x"},"classes":[]},{"id":53374,"url":"https:\/\/blogdoprosperi.com\/?p=53374","url_meta":{"origin":39543,"position":2},"title":"Brasileir\u00e3o 2025, De Volta \u00e0 Terra Batida | Entenda a 13.\u00aa Rodada","author":"Luiz Ant\u00f4nio Pr\u00f3speri","date":"14 de julho de 2025","format":false,"excerpt":"\u2295 Gramados entupidos de areia, t\u00e9cnico demitido, arbitragens de baixa qualidade e gols espetaculares \u2295 Crise interna de t\u00e9cnico x \u00eddolo, chilique de estrangeiro, treinador dando gra\u00e7as a Deus depois de derrota Luiz Ant\u00f4nio Pr\u00f3speri \u2013 14 julho (18h10) Brasileir\u00e3o 2025 n\u00e3o muda absolutamente nada depois de 30 dias paralisado\u2026","rel":"","context":"Em &quot;brasileir\u00e3o 2025&quot;","block_context":{"text":"brasileir\u00e3o 2025","link":"https:\/\/blogdoprosperi.com\/?cat=775970846"},"img":{"alt_text":"Vojvoda cai o t\u00e9cnico longevo no Fortaleza","src":"https:\/\/i0.wp.com\/blogdoprosperi.com\/wp-content\/uploads\/2024\/09\/captura-de-tela-2024-09-19-as-12.50.08.png?fit=992%2C846&ssl=1&resize=350%2C200","width":350,"height":200,"srcset":"https:\/\/i0.wp.com\/blogdoprosperi.com\/wp-content\/uploads\/2024\/09\/captura-de-tela-2024-09-19-as-12.50.08.png?fit=992%2C846&ssl=1&resize=350%2C200 1x, https:\/\/i0.wp.com\/blogdoprosperi.com\/wp-content\/uploads\/2024\/09\/captura-de-tela-2024-09-19-as-12.50.08.png?fit=992%2C846&ssl=1&resize=525%2C300 1.5x, https:\/\/i0.wp.com\/blogdoprosperi.com\/wp-content\/uploads\/2024\/09\/captura-de-tela-2024-09-19-as-12.50.08.png?fit=992%2C846&ssl=1&resize=700%2C400 2x"},"classes":[]},{"id":54081,"url":"https:\/\/blogdoprosperi.com\/?p=54081","url_meta":{"origin":39543,"position":3},"title":"Coletiva de L\u00e9o Cond\u00e9 | V\u00eddeo P\u00f3s-Jogo Cruzeiro 1 x 2 Cear\u00e1","author":"Luiz Ant\u00f4nio Pr\u00f3speri","date":"27 de julho de 2025","format":false,"excerpt":"Acompanhe entrevista coletiva do t\u00e9cnico L\u00e9o Cond\u00e9 p\u00f3s-jogo Cruzeiro 1 a 2 Cear\u00e1, 17\u00aa rodada do Brasileir\u00e3o. Treinador do Voz\u00e3o analisa vit\u00f3ria de virada de seu time no l\u00edder dentro do Mineir\u00e3o. V\u00eddeo oficial Voz\u00e3o TV:","rel":"","context":"Em &quot;brasileir\u00e3o 2025&quot;","block_context":{"text":"brasileir\u00e3o 2025","link":"https:\/\/blogdoprosperi.com\/?cat=775970846"},"img":{"alt_text":"Cruzeiro 1 x 2 Cear\u00e1, 17\u00aa rodada Brasileir\u00e3o 2025","src":"https:\/\/i0.wp.com\/blogdoprosperi.com\/wp-content\/uploads\/2025\/07\/captura-de-tela-2025-07-27-as-20.12.59.png?fit=1200%2C830&ssl=1&resize=350%2C200","width":350,"height":200,"srcset":"https:\/\/i0.wp.com\/blogdoprosperi.com\/wp-content\/uploads\/2025\/07\/captura-de-tela-2025-07-27-as-20.12.59.png?fit=1200%2C830&ssl=1&resize=350%2C200 1x, https:\/\/i0.wp.com\/blogdoprosperi.com\/wp-content\/uploads\/2025\/07\/captura-de-tela-2025-07-27-as-20.12.59.png?fit=1200%2C830&ssl=1&resize=525%2C300 1.5x, https:\/\/i0.wp.com\/blogdoprosperi.com\/wp-content\/uploads\/2025\/07\/captura-de-tela-2025-07-27-as-20.12.59.png?fit=1200%2C830&ssl=1&resize=700%2C400 2x, https:\/\/i0.wp.com\/blogdoprosperi.com\/wp-content\/uploads\/2025\/07\/captura-de-tela-2025-07-27-as-20.12.59.png?fit=1200%2C830&ssl=1&resize=1050%2C600 3x"},"classes":[]},{"id":46777,"url":"https:\/\/blogdoprosperi.com\/?p=46777","url_meta":{"origin":39543,"position":4},"title":"Brasileir\u00e3o 2024 | Ta\u00e7a, Dramas, Rebaixamento e Despedidas na \u00daltima Rodada","author":"Luiz Ant\u00f4nio Pr\u00f3speri","date":"7 de dezembro de 2024","format":false,"excerpt":"Luiz Ant\u00f4nio Pr\u00f3speri \u2013 7 dezembro (11h05) \u2013 Brasileir\u00e3o 2024 chega \u00e0 \u00faltima rodada (38.\u00aa) com disputa de t\u00edtulo, pavor do rebaixamento, dramas, despedidas, derrota do futebol para a viol\u00eancia, sucessos e fracassos da SAF e graves problemas de gest\u00e3o da CBF. Muitas hist\u00f3rias ser\u00e3o contadas nesse domingo (08\/12) a\u2026","rel":"","context":"Em &quot;futebol&quot;","block_context":{"text":"futebol","link":"https:\/\/blogdoprosperi.com\/?cat=53870"},"img":{"alt_text":"","src":"https:\/\/i0.wp.com\/blogdoprosperi.com\/wp-content\/uploads\/2024\/12\/trofeu-brasileirao-trivela-scaled-1.jpg?fit=1200%2C675&ssl=1&resize=350%2C200","width":350,"height":200,"srcset":"https:\/\/i0.wp.com\/blogdoprosperi.com\/wp-content\/uploads\/2024\/12\/trofeu-brasileirao-trivela-scaled-1.jpg?fit=1200%2C675&ssl=1&resize=350%2C200 1x, https:\/\/i0.wp.com\/blogdoprosperi.com\/wp-content\/uploads\/2024\/12\/trofeu-brasileirao-trivela-scaled-1.jpg?fit=1200%2C675&ssl=1&resize=525%2C300 1.5x, https:\/\/i0.wp.com\/blogdoprosperi.com\/wp-content\/uploads\/2024\/12\/trofeu-brasileirao-trivela-scaled-1.jpg?fit=1200%2C675&ssl=1&resize=700%2C400 2x, https:\/\/i0.wp.com\/blogdoprosperi.com\/wp-content\/uploads\/2024\/12\/trofeu-brasileirao-trivela-scaled-1.jpg?fit=1200%2C675&ssl=1&resize=1050%2C600 3x"},"classes":[]},{"id":44190,"url":"https:\/\/blogdoprosperi.com\/?p=44190","url_meta":{"origin":39543,"position":5},"title":"Brasileir\u00e3o 2024: refor\u00e7os e retornos da Copa Am\u00e9rica mudam rumo do campeonato","author":"Luiz Ant\u00f4nio Pr\u00f3speri","date":"15 de julho de 2024","format":false,"excerpt":"Brasileir\u00e3o 2024 come\u00e7a para valer a partir de ter\u00e7a-feira (16\/7), mesmo j\u00e1 avan\u00e7ando na sua 17.a rodada. Enfim, entram em campo os refor\u00e7os liberados na abertura da janela de transfer\u00eancia, dia 10 \u00faltimo, e os que retornam da Copa Am\u00e9rica. Nos tablets, t\u00e9cnicos rabiscam estrat\u00e9gias diversas diante da proximidade das\u2026","rel":"","context":"Em &quot;futebol&quot;","block_context":{"text":"futebol","link":"https:\/\/blogdoprosperi.com\/?cat=53870"},"img":{"alt_text":"Felipe Anderson refor\u00e7a Palmeiras","src":"https:\/\/i0.wp.com\/blogdoprosperi.com\/wp-content\/uploads\/2024\/07\/53859015863_7ac9fcb0ba_h.jpg?fit=1200%2C675&ssl=1&resize=350%2C200","width":350,"height":200,"srcset":"https:\/\/i0.wp.com\/blogdoprosperi.com\/wp-content\/uploads\/2024\/07\/53859015863_7ac9fcb0ba_h.jpg?fit=1200%2C675&ssl=1&resize=350%2C200 1x, https:\/\/i0.wp.com\/blogdoprosperi.com\/wp-content\/uploads\/2024\/07\/53859015863_7ac9fcb0ba_h.jpg?fit=1200%2C675&ssl=1&resize=525%2C300 1.5x, https:\/\/i0.wp.com\/blogdoprosperi.com\/wp-content\/uploads\/2024\/07\/53859015863_7ac9fcb0ba_h.jpg?fit=1200%2C675&ssl=1&resize=700%2C400 2x, https:\/\/i0.wp.com\/blogdoprosperi.com\/wp-content\/uploads\/2024\/07\/53859015863_7ac9fcb0ba_h.jpg?fit=1200%2C675&ssl=1&resize=1050%2C600 3x"},"classes":[]}],"jetpack_featured_media_url":"https:\/\/i0.wp.com\/blogdoprosperi.com\/wp-content\/uploads\/2022\/09\/52375683954_92c18fb3cf_c.jpg?fit=799%2C533&ssl=1","_links":{"self":[{"href":"https:\/\/blogdoprosperi.com\/index.php?rest_route=\/wp\/v2\/posts\/39543","targetHints":{"allow":["GET"]}}],"collection":[{"href":"https:\/\/blogdoprosperi.com\/index.php?rest_route=\/wp\/v2\/posts"}],"about":[{"href":"https:\/\/blogdoprosperi.com\/index.php?rest_route=\/wp\/v2\/types\/post"}],"author":[{"embeddable":true,"href":"https:\/\/blogdoprosperi.com\/index.php?rest_route=\/wp\/v2\/users\/102107496"}],"replies":[{"embeddable":true,"href":"https:\/\/blogdoprosperi.com\/index.php?rest_route=%2Fwp%2Fv2%2Fcomments&post=39543"}],"version-history":[{"count":25,"href":"https:\/\/blogdoprosperi.com\/index.php?rest_route=\/wp\/v2\/posts\/39543\/revisions"}],"predecessor-version":[{"id":39609,"href":"https:\/\/blogdoprosperi.com\/index.php?rest_route=\/wp\/v2\/posts\/39543\/revisions\/39609"}],"wp:featuredmedia":[{"embeddable":true,"href":"https:\/\/blogdoprosperi.com\/index.php?rest_route=\/wp\/v2\/media\/39571"}],"wp:attachment":[{"href":"https:\/\/blogdoprosperi.com\/index.php?rest_route=%2Fwp%2Fv2%2Fmedia&parent=39543"}],"wp:term":[{"taxonomy":"category","embeddable":true,"href":"https:\/\/blogdoprosperi.com\/index.php?rest_route=%2Fwp%2Fv2%2Fcategories&post=39543"},{"taxonomy":"post_tag","embeddable":true,"href":"https:\/\/blogdoprosperi.com\/index.php?rest_route=%2Fwp%2Fv2%2Ftags&post=39543"}],"curies":[{"name":"wp","href":"https:\/\/api.w.org\/{rel}","templated":true}]}}