{"id":39579,"date":"2022-11-07T15:22:00","date_gmt":"2022-11-07T18:22:00","guid":{"rendered":"https:\/\/blogdoprosperi.com\/?p=39579"},"modified":"2022-11-07T23:00:30","modified_gmt":"2022-11-08T02:00:30","slug":"selecao-formada-na-europa-e-desconhecida-no-brasil-vai-a-copa-qatar-2022","status":"publish","type":"post","link":"https:\/\/blogdoprosperi.com\/?p=39579","title":{"rendered":"Sele\u00e7\u00e3o formada na Europa e desconhecida no Brasil vai \u00e0 Copa do Mundo 2022"},"content":{"rendered":"<p>Sele\u00e7\u00e3o Brasileira convocada por Tite tem maioria esmagadora de jogadores de clubes europeus. Poucos se desenvolveram no futebol do Brasil. Entre os 26 chamados para a Copa do Mundo Qatar 2022, 19 deles deixaram os pa\u00eds com 17 a 22 anos. At\u00e9 por este perfil de &#8220;brasileiros estrangeiros&#8221;, essa Sele\u00e7\u00e3o \u00e9 quase desconhecida ao olhar do torcedor brasileiro comum.<\/p>\n<p>Jogadores como Raphinha (Barcelona), Bremer (Juventus), Gabriel Martinelli (Arsenal) n\u00e3o s\u00e3o \u00edntimos da maioria da torcida.<\/p>\n<p>Ederson (Manchester City) e Fred (Manchester United) eram ilustres desconhecidos no Brasil at\u00e9 a Copa do Mundo R\u00fassia 2018.<\/p>\n<p>No Qatar n\u00e3o ser\u00e1 muito diferente. Sele\u00e7\u00e3o Brasileira vai desembarcar com jogadores bem vivos na mem\u00f3ria de torcedores de grandes clubes europeus e pouco familiares aos torcedores brasileiros.<\/p>\n<p>Como muitos deles sa\u00edram cedo, sem jogar pelo menos dois a tr\u00eas campeonatos no Brasil e foram atuar na Europa, o torcedor que n\u00e3o paga por TV a cabo n\u00e3o tem meios de acompanhar esses jogadores eleitos por Tite.<\/p>\n<p>Essa turma s\u00f3 entrar\u00e1 no imagin\u00e1rio do torcedor na colagem das figurinhas do \u00c1lbum da Copa e, mesmo assim, para poucos diante do alto pre\u00e7o dos cards vendidos nas bancas. E, mais adiante, quando os canais abertos de TV darem in\u00edcio \u00e0 programa\u00e7\u00e3o em cima da Copa Qatar 2022.<\/p>\n<figure id=\"attachment_39621\" aria-describedby=\"caption-attachment-39621\" style=\"width: 400px\" class=\"wp-caption alignnone\"><img data-recalc-dims=\"1\" loading=\"lazy\" decoding=\"async\" data-attachment-id=\"39621\" data-permalink=\"https:\/\/blogdoprosperi.com\/?attachment_id=39621\" data-orig-file=\"https:\/\/i0.wp.com\/blogdoprosperi.com\/wp-content\/uploads\/2022\/09\/52374785143_2365fd66b5_w.jpg?fit=400%2C267&amp;ssl=1\" data-orig-size=\"400,267\" data-comments-opened=\"1\" data-image-meta=\"{&quot;aperture&quot;:&quot;0&quot;,&quot;credit&quot;:&quot;Lucas Figueiredo\/CBF&quot;,&quot;camera&quot;:&quot;&quot;,&quot;caption&quot;:&quot;&quot;,&quot;created_timestamp&quot;:&quot;0&quot;,&quot;copyright&quot;:&quot;&quot;,&quot;focal_length&quot;:&quot;0&quot;,&quot;iso&quot;:&quot;0&quot;,&quot;shutter_speed&quot;:&quot;0&quot;,&quot;title&quot;:&quot;&quot;,&quot;orientation&quot;:&quot;0&quot;}\" data-image-title=\"Tite e sua lista de convocados na Sele\u00e7\u00e3o\" data-image-description=\"\" data-image-caption=\"&lt;p&gt;foto: CBF oficial &lt;\/p&gt;\n\" data-large-file=\"https:\/\/i0.wp.com\/blogdoprosperi.com\/wp-content\/uploads\/2022\/09\/52374785143_2365fd66b5_w.jpg?fit=400%2C267&amp;ssl=1\" class=\"size-full wp-image-39621\" src=\"https:\/\/i0.wp.com\/blogdoprosperi.com\/wp-content\/uploads\/2022\/09\/52374785143_2365fd66b5_w.jpg?resize=400%2C267&#038;ssl=1\" alt=\"\" width=\"400\" height=\"267\"><figcaption id=\"caption-attachment-39621\" class=\"wp-caption-text\">foto: CBF oficial<\/figcaption><\/figure>\n<p><em><strong>Acompanhe a trajet\u00f3ria dos jogadores convocados por Tite para Copa do Mundo:<\/strong><\/em><\/p>\n<p><strong>Alisson<\/strong> (goleiro) \u2013 idade 29 anos \u2013 <strong>saiu do Brasil com 24 anos em 2016<\/strong> do Internacional para Roma. <span style=\"color:#000080;\"><a style=\"color:#000080;\" href=\"https:\/\/blogdoprosperi.com\/2018\/08\/27\/sombrero-de-alisson-encanta-ingleses\/\">Hoje \u00e9 do Liverpool.<\/a><\/span><\/p>\n<p><strong>Ederson<\/strong> (goleiro) \u2013 idade 29 anos \u2013 <strong>saiu do Brasil com 17 anos em 2010<\/strong>&nbsp;do S\u00e3o Paulo para Benfica. Hoje \u00e9 do Manchester City.<\/p>\n<p><strong>Weverton<\/strong> (goleiro) \u2013 idade 34 anos \u2013 <strong>n\u00e3o saiu do Brasil<\/strong>&nbsp;e joga no Palmeiras<\/p>\n<p><strong>Marquinhos<\/strong> (zagueiro) \u2013 idade 28 anos \u2013 <strong>saiu do Brasil com 18 anos em 2012<\/strong> do Corinthians para Roma. Hoje \u00e9 do PSG.<\/p>\n<p><strong>Thiago Silva<\/strong> (zagueiro) \u2013 idade 38 anos \u2013 <strong>saiu do Brasil com 21 anos em 2005<\/strong> do Fluminense para Porto. Hoje \u00e9 Chelsea.<\/p>\n<p><strong>Bremer<\/strong> (zagueiro) \u2013 idade 25 anos \u2013 <strong>saiu do Brasil com 21 anos em 2018<\/strong> do Deportivo Brasil (SP) para Torino. Hoje \u00e9 da Juventus.<\/p>\n<p><strong>Eder Milit\u00e3o<\/strong> (zagueiro) &nbsp;\u2013 idade 24 anos \u2013 <strong>saiu do Brasil com 20 anos em &nbsp;2018<\/strong> do S\u00e3o Paulo para Porto.&nbsp;Hoje \u00e9 do Real Madrid.<\/p>\n<p><strong>Danilo<\/strong> (lateral) \u2013 idade 31 anos \u2013 <strong>saiu do Brasil com 20 anos<\/strong> em 2011 do Santos para Porto. Hoje \u00e9 da Juventus.<\/p>\n<p><strong>Alex Sandro<\/strong> (lateral) \u2013 idade 31 anos \u2013 <strong>saiu do Brasil com 20 anos em 2011<\/strong> do Santos para Porto. Hoje \u00e9 da Juventus.<\/p>\n<figure id=\"attachment_39617\" aria-describedby=\"caption-attachment-39617\" style=\"width: 566px\" class=\"wp-caption alignnone\"><img data-recalc-dims=\"1\" loading=\"lazy\" decoding=\"async\" data-attachment-id=\"39617\" data-permalink=\"https:\/\/blogdoprosperi.com\/?attachment_id=39617\" data-orig-file=\"https:\/\/i0.wp.com\/blogdoprosperi.com\/wp-content\/uploads\/2022\/09\/52374558536_9a4086a6a4_w.jpg?fit=400%2C267&amp;ssl=1\" data-orig-size=\"400,267\" data-comments-opened=\"1\" data-image-meta=\"{&quot;aperture&quot;:&quot;0&quot;,&quot;credit&quot;:&quot;Lucas Figueiredo\/CBF&quot;,&quot;camera&quot;:&quot;&quot;,&quot;caption&quot;:&quot;&quot;,&quot;created_timestamp&quot;:&quot;0&quot;,&quot;copyright&quot;:&quot;&quot;,&quot;focal_length&quot;:&quot;0&quot;,&quot;iso&quot;:&quot;0&quot;,&quot;shutter_speed&quot;:&quot;0&quot;,&quot;title&quot;:&quot;&quot;,&quot;orientation&quot;:&quot;0&quot;}\" data-image-title=\"Alex Telles, do Sevilla, na Sele\u00e7\u00e3o\" data-image-description=\"\" data-image-caption=\"&lt;p&gt;foto: CBF oficial&lt;\/p&gt;\n\" data-large-file=\"https:\/\/i0.wp.com\/blogdoprosperi.com\/wp-content\/uploads\/2022\/09\/52374558536_9a4086a6a4_w.jpg?fit=400%2C267&amp;ssl=1\" class=\" wp-image-39617\" src=\"https:\/\/i0.wp.com\/blogdoprosperi.com\/wp-content\/uploads\/2022\/09\/52374558536_9a4086a6a4_w.jpg?resize=566%2C378&#038;ssl=1\" alt=\"\" width=\"566\" height=\"378\"><figcaption id=\"caption-attachment-39617\" class=\"wp-caption-text\">foto: CBF oficial<\/figcaption><\/figure>\n<p><strong>Alex Telles<\/strong> (lateral ) \u2013 idade 29 anos \u2013 <strong>saiu do Brasil com 22 anos em 2014<\/strong> do Gr\u00eamio para Galatasaray. Hoje \u00e9 do Sevilla. (<em>foto acima<\/em>)<\/p>\n<p><strong>Casemiro<\/strong> (volante) \u2013 idade 30 anos \u2013 <strong>saiu do Brasil com 21 anos&nbsp;<\/strong><strong>em 2013<\/strong> do S\u00e3o Paulo para Real Madrid. Hoje \u00e9 do Real Madrid.<\/p>\n<p><strong>Fabinho<\/strong> (volante) \u2013 idade 28 anos \u2013 <strong>saiu do Brasil com 19 anos&nbsp;<\/strong><strong>em 2012&nbsp;<\/strong>do Fluminense para Rio Ave. Hoje \u00e9 do Liverpool.<\/p>\n<p><strong>Bruno Guimar\u00e3es<\/strong> ( volante) \u2013 idade 24 anos \u2013 <strong>saiu do Brasil com 13 anos&nbsp;<\/strong><strong>em 2020<\/strong> do Athletico Paranaense para Lyon. Hoje \u00e9 do Newcastle.<\/p>\n<p><strong>Fred<\/strong> (volante) \u2013 idade 29 anos \u2013 <strong>saiu do Brasil com 20 anos&nbsp;<\/strong><strong>em 2012 do <\/strong>Atl\u00e9tico-MG para Shakhtar Donestk. Hoje \u00e9 do Manchester United.<\/p>\n<p><strong>\u00c9verton Ribeiro <\/strong>(meia) \u2013 idade 33 anos \u2013 <strong>saiu do Brasil com 26 anos&nbsp;<\/strong><strong>em 2015&nbsp;<\/strong>do Cruzeiro para Al Ahli. Hoje \u00e9 do Flamengo.<\/p>\n<p><strong>Lucas Paquet\u00e1<\/strong> (meia) \u2013 idade 25 anos \u2013 <strong>saiu do Brasil com 22 anos&nbsp;<\/strong><strong>em 2019<\/strong> do Flamengo para Lyon. Hoje \u00e9 do West Ham.<\/p>\n<p><strong>Antony<\/strong> (atacante) \u2013 idade 22 anos \u2013 <strong>saiu do Brasil com 20 anos&nbsp;<\/strong><strong>em 2020<\/strong> do S\u00e3o Paulo para Ajax. Hoje \u00e9 do Manchester United.<\/p>\n<p><strong>Raphinha<\/strong> (atacante) \u2013 idade 25 anos \u2013 <strong><span style=\"color:#000080;\"><a style=\"color:#000080;\" href=\"https:\/\/blogdoprosperi.com\/2022\/09\/17\/se-ganharem-o-jogo-vamos-matar-voces-as-historias-de-raphinha-titular-da-selecao\/\">saiu do Brasil com 20 anos<\/a><\/span>&nbsp;<\/strong><strong>em 2016&nbsp;<\/strong>do Ava\u00ed para Vitoria (PT). Hoje \u00e9 do Barcelona.<\/p>\n<p><strong>Rodrygo<\/strong> (atacante) \u2013 idade 21 anos \u2013 <strong>saiu do Brasil com 18 anos&nbsp;<\/strong><strong>em 2019<\/strong> do Santos para Real Madrid. Hoje \u00e9 do Real Madrid.<\/p>\n<p><strong>Neymar<\/strong> (atacante) \u2013 idade 30 anos \u2013 <strong>saiu do Brasil com 21 anos&nbsp;<\/strong><strong>em 2013<\/strong> do Santos para Barcelona. Hoje \u00e9 do PSG.<\/p>\n<p><strong>Pedro<\/strong> (atacante) \u2013 idade 25 anos \u2013 <strong><span style=\"color:#000080;\"><a style=\"color:#000080;\" href=\"https:\/\/blogdoprosperi.com\/2022\/09\/09\/tite-confirma-pedro-deixa-gabriel-jesus-fora-e-reconhece-problemas-na-lateral-direita\/\">saiu do Brasil<\/a><\/span> com 23 anos&nbsp;<\/strong><strong>em 2019<\/strong> do Fluminense para Fiorentina. Hoje \u00e9 do Flamengo.<\/p>\n<p><span style=\"color:#000080;\"><a style=\"color:#000080;\" href=\"https:\/\/blogdoprosperi.com\/2022\/09\/16\/vini-jr-a-felicidade-de-um-preto-brasileiro-vitorioso-na-europa-incomoda-muito-mais\/\"><strong>Vini Jr<\/strong><\/a><\/span> (atacante) \u2013 idade 22 anos \u2013 <strong>saiu do Brasil com 18 anos&nbsp;<\/strong><strong>em 2018&nbsp;<\/strong>do Flamengo para Real Madrid. Hoje \u00e9 do Real Madrid.<\/p>\n<p><strong>Richarlison<\/strong> (atacante) \u2013 idade 25 anos \u2013 <strong>saiu do Brasil com 20 anos&nbsp;<\/strong><strong>em 2017<\/strong> do Fluminense para Watford. Hoje \u00e9 do Tottenham.<\/p>\n<p><strong>Gabriel Martinelli<\/strong>&nbsp;(atacante) \u2013 idade 21 anos \u2013 <strong>saiu do Brasil com 18 anos em 2019<\/strong>&nbsp;do Ituano para o Arsenal.<\/p>\n<p><strong>Gabriel Jesus<\/strong> (atacante) \u2013 idade 25 anos \u2013 <strong>saiu do Brasil com 18 anos em 2017<\/strong> do Palmeiras para o Manchester City.<\/p>\n<p><strong>Daniel Alves<\/strong> (lateral-direito) \u2013 idade 39 anos \u2013 <b>&nbsp;saiu do Brasil com 19 anos em 2002<\/b>&nbsp;do Bahia para o Sevilla.<\/p>\n","protected":false},"excerpt":{"rendered":"<p>Com perfil de &#8220;brasileiros estrangeiros&#8221;, Sele\u00e7\u00e3o que vai \u00e0 Copa do Mundo Qatar 2022 \u00e9 quase desconhecida ao olhar do torcedor brasileiro comum.<\/p>\n","protected":false},"author":102107496,"featured_media":39619,"comment_status":"open","ping_status":"open","sticky":false,"template":"","format":"standard","meta":{"_coblocks_attr":"","_coblocks_dimensions":"","_coblocks_responsive_height":"","_coblocks_accordion_ie_support":"","_jetpack_newsletter_access":"","_jetpack_dont_email_post_to_subs":false,"_jetpack_newsletter_tier_id":0,"_jetpack_memberships_contains_paywalled_content":false,"_wpcom_ai_launchpad_first_post":false,"_jetpack_feature_clip_id":0,"_jetpack_memberships_contains_paid_content":false,"footnotes":"","jetpack_publicize_message":"","jetpack_publicize_feature_enabled":true,"jetpack_social_post_already_shared":false,"jetpack_social_options":{"image_generator_settings":{"template":"highway","default_image_id":0,"font":"","enabled":false},"version":2},"jetpack_post_was_ever_published":false},"categories":[47094043,53870,29811679,174694],"tags":[768326,789560569,755853592,789560560,283002,62512,755853593,755853591,789560562,1814220],"class_list":["post-39579","post","type-post","status-publish","format-standard","has-post-thumbnail","hentry","category-catar-2022","category-futebol","category-qatar-2022","category-selecao-brasileira","tag-bremer","tag-cbf","tag-copa-di-mundo-qatar-2022","tag-futebol","tag-ibanez","tag-pedro","tag-raphinha-barcelona","tag-richarlsion","tag-selecao-brasileira","tag-tite"],"yoast_head":"<!-- This site is optimized with the Yoast SEO plugin v28.3 - https:\/\/yoast.com\/product\/yoast-seo-wordpress\/ -->\n<title>Sele\u00e7\u00e3o formada na Europa e desconhecida no Brasil vai \u00e0 Copa do Mundo 2022 - PR\u00d3SPERI NEWS<\/title>\n<meta name=\"robots\" content=\"index, follow, max-snippet:-1, max-image-preview:large, max-video-preview:-1\" \/>\n<link rel=\"canonical\" href=\"https:\/\/blogdoprosperi.com\/?p=39579\" \/>\n<meta property=\"og:locale\" content=\"pt_BR\" \/>\n<meta property=\"og:type\" content=\"article\" \/>\n<meta property=\"og:title\" content=\"Sele\u00e7\u00e3o formada na Europa e desconhecida no Brasil vai \u00e0 Copa do Mundo 2022 - PR\u00d3SPERI NEWS\" \/>\n<meta property=\"og:description\" content=\"Com perfil de &quot;brasileiros estrangeiros&quot;, Sele\u00e7\u00e3o que vai \u00e0 Copa do Mundo Qatar 2022 \u00e9 quase desconhecida ao olhar do torcedor brasileiro comum.\" \/>\n<meta property=\"og:url\" content=\"https:\/\/blogdoprosperi.com\/?p=39579\" \/>\n<meta property=\"og:site_name\" content=\"PR\u00d3SPERI NEWS\" \/>\n<meta property=\"article:publisher\" content=\"Luiz Pr\u00f3speri\" \/>\n<meta property=\"article:author\" content=\"Luiz Pr\u00f3speri\" \/>\n<meta property=\"article:published_time\" content=\"2022-11-07T18:22:00+00:00\" \/>\n<meta property=\"article:modified_time\" content=\"2022-11-08T02:00:30+00:00\" \/>\n<meta property=\"og:image\" content=\"https:\/\/i0.wp.com\/blogdoprosperi.com\/wp-content\/uploads\/2022\/09\/52374783098_3257473f3c_w.jpg?fit=400%2C267&ssl=1\" \/>\n\t<meta property=\"og:image:width\" content=\"400\" \/>\n\t<meta property=\"og:image:height\" content=\"267\" \/>\n\t<meta property=\"og:image:type\" content=\"image\/jpeg\" \/>\n<meta name=\"author\" content=\"Luiz Ant\u00f4nio Pr\u00f3speri\" \/>\n<meta name=\"twitter:card\" content=\"summary_large_image\" \/>\n<meta name=\"twitter:creator\" content=\"@Luizprosperi\" \/>\n<meta name=\"twitter:site\" content=\"@Luizprosperi\" \/>\n<meta name=\"twitter:label1\" content=\"Escrito por\" \/>\n\t<meta name=\"twitter:data1\" content=\"Luiz Ant\u00f4nio Pr\u00f3speri\" \/>\n\t<meta name=\"twitter:label2\" content=\"Est. tempo de leitura\" \/>\n\t<meta name=\"twitter:data2\" content=\"4 minutos\" \/>\n<script type=\"application\/ld+json\" class=\"yoast-schema-graph\">{\"@context\":\"https:\\\/\\\/schema.org\",\"@graph\":[{\"@type\":\"Article\",\"@id\":\"https:\\\/\\\/blogdoprosperi.com\\\/?p=39579#article\",\"isPartOf\":{\"@id\":\"https:\\\/\\\/blogdoprosperi.com\\\/?p=39579\"},\"author\":{\"name\":\"Luiz Ant\u00f4nio Pr\u00f3speri\",\"@id\":\"https:\\\/\\\/blogdoprosperi.com\\\/#\\\/schema\\\/person\\\/38100755ce3601861ee4fab9b5aa78e9\"},\"headline\":\"Sele\u00e7\u00e3o formada na Europa e desconhecida no Brasil vai \u00e0 Copa do Mundo 2022\",\"datePublished\":\"2022-11-07T18:22:00+00:00\",\"dateModified\":\"2022-11-08T02:00:30+00:00\",\"mainEntityOfPage\":{\"@id\":\"https:\\\/\\\/blogdoprosperi.com\\\/?p=39579\"},\"wordCount\":765,\"commentCount\":1,\"publisher\":{\"@id\":\"https:\\\/\\\/blogdoprosperi.com\\\/#\\\/schema\\\/person\\\/38100755ce3601861ee4fab9b5aa78e9\"},\"image\":{\"@id\":\"https:\\\/\\\/blogdoprosperi.com\\\/?p=39579#primaryimage\"},\"thumbnailUrl\":\"https:\\\/\\\/i0.wp.com\\\/blogdoprosperi.com\\\/wp-content\\\/uploads\\\/2022\\\/09\\\/52374783098_3257473f3c_w.jpg?fit=400%2C267&ssl=1\",\"keywords\":[\"bremer\",\"CBF\",\"copa di mundo qatar 2022\",\"futebol\",\"iba\u00f1ez\",\"pedro\",\"raphinha barcelona\",\"richarlsion\",\"Sele\u00e7\u00e3o Brasileira\",\"Tite\"],\"articleSection\":[\"catar 2022\",\"futebol\",\"qatar 2022\",\"Sele\u00e7\u00e3o Brasileira\"],\"inLanguage\":\"pt-BR\",\"potentialAction\":[{\"@type\":\"CommentAction\",\"name\":\"Comment\",\"target\":[\"https:\\\/\\\/blogdoprosperi.com\\\/?p=39579#respond\"]}]},{\"@type\":\"WebPage\",\"@id\":\"https:\\\/\\\/blogdoprosperi.com\\\/?p=39579\",\"url\":\"https:\\\/\\\/blogdoprosperi.com\\\/?p=39579\",\"name\":\"Sele\u00e7\u00e3o formada na Europa e desconhecida no Brasil vai \u00e0 Copa do Mundo 2022 - PR\u00d3SPERI NEWS\",\"isPartOf\":{\"@id\":\"https:\\\/\\\/blogdoprosperi.com\\\/#website\"},\"primaryImageOfPage\":{\"@id\":\"https:\\\/\\\/blogdoprosperi.com\\\/?p=39579#primaryimage\"},\"image\":{\"@id\":\"https:\\\/\\\/blogdoprosperi.com\\\/?p=39579#primaryimage\"},\"thumbnailUrl\":\"https:\\\/\\\/i0.wp.com\\\/blogdoprosperi.com\\\/wp-content\\\/uploads\\\/2022\\\/09\\\/52374783098_3257473f3c_w.jpg?fit=400%2C267&ssl=1\",\"datePublished\":\"2022-11-07T18:22:00+00:00\",\"dateModified\":\"2022-11-08T02:00:30+00:00\",\"breadcrumb\":{\"@id\":\"https:\\\/\\\/blogdoprosperi.com\\\/?p=39579#breadcrumb\"},\"inLanguage\":\"pt-BR\",\"potentialAction\":[{\"@type\":\"ReadAction\",\"target\":[\"https:\\\/\\\/blogdoprosperi.com\\\/?p=39579\"]}]},{\"@type\":\"ImageObject\",\"inLanguage\":\"pt-BR\",\"@id\":\"https:\\\/\\\/blogdoprosperi.com\\\/?p=39579#primaryimage\",\"url\":\"https:\\\/\\\/i0.wp.com\\\/blogdoprosperi.com\\\/wp-content\\\/uploads\\\/2022\\\/09\\\/52374783098_3257473f3c_w.jpg?fit=400%2C267&ssl=1\",\"contentUrl\":\"https:\\\/\\\/i0.wp.com\\\/blogdoprosperi.com\\\/wp-content\\\/uploads\\\/2022\\\/09\\\/52374783098_3257473f3c_w.jpg?fit=400%2C267&ssl=1\",\"width\":400,\"height\":267,\"caption\":\"Raphinha, do Barcelona, treina na Sele\u00e7\u00e3o \u2013 foto: CBF oficial\"},{\"@type\":\"BreadcrumbList\",\"@id\":\"https:\\\/\\\/blogdoprosperi.com\\\/?p=39579#breadcrumb\",\"itemListElement\":[{\"@type\":\"ListItem\",\"position\":1,\"name\":\"In\u00edcio\",\"item\":\"https:\\\/\\\/blogdoprosperi.com\\\/\"},{\"@type\":\"ListItem\",\"position\":2,\"name\":\"Sele\u00e7\u00e3o formada na Europa e desconhecida no Brasil vai \u00e0 Copa do Mundo 2022\"}]},{\"@type\":\"WebSite\",\"@id\":\"https:\\\/\\\/blogdoprosperi.com\\\/#website\",\"url\":\"https:\\\/\\\/blogdoprosperi.com\\\/\",\"name\":\"PR\u00d3SPERI NEWS\",\"description\":\"TUDO \u00c9  FUTEBOL\",\"publisher\":{\"@id\":\"https:\\\/\\\/blogdoprosperi.com\\\/#\\\/schema\\\/person\\\/38100755ce3601861ee4fab9b5aa78e9\"},\"alternateName\":\"blogdoprosperi.com\",\"potentialAction\":[{\"@type\":\"SearchAction\",\"target\":{\"@type\":\"EntryPoint\",\"urlTemplate\":\"https:\\\/\\\/blogdoprosperi.com\\\/?s={search_term_string}\"},\"query-input\":{\"@type\":\"PropertyValueSpecification\",\"valueRequired\":true,\"valueName\":\"search_term_string\"}}],\"inLanguage\":\"pt-BR\"},{\"@type\":[\"Person\",\"Organization\"],\"@id\":\"https:\\\/\\\/blogdoprosperi.com\\\/#\\\/schema\\\/person\\\/38100755ce3601861ee4fab9b5aa78e9\",\"name\":\"Luiz Ant\u00f4nio Pr\u00f3speri\",\"pronouns\":\"ele\",\"image\":{\"@type\":\"ImageObject\",\"inLanguage\":\"pt-BR\",\"@id\":\"https:\\\/\\\/i0.wp.com\\\/blogdoprosperi.com\\\/wp-content\\\/uploads\\\/2026\\\/05\\\/cropped-8059e613-6002-42fa-961e-8e275f575d71-2-5.jpg?fit=1360%2C931&ssl=1\",\"url\":\"https:\\\/\\\/i0.wp.com\\\/blogdoprosperi.com\\\/wp-content\\\/uploads\\\/2026\\\/05\\\/cropped-8059e613-6002-42fa-961e-8e275f575d71-2-5.jpg?fit=1360%2C931&ssl=1\",\"contentUrl\":\"https:\\\/\\\/i0.wp.com\\\/blogdoprosperi.com\\\/wp-content\\\/uploads\\\/2026\\\/05\\\/cropped-8059e613-6002-42fa-961e-8e275f575d71-2-5.jpg?fit=1360%2C931&ssl=1\",\"width\":1360,\"height\":931,\"caption\":\"Luiz Ant\u00f4nio Pr\u00f3speri\"},\"logo\":{\"@id\":\"https:\\\/\\\/i0.wp.com\\\/blogdoprosperi.com\\\/wp-content\\\/uploads\\\/2026\\\/05\\\/cropped-8059e613-6002-42fa-961e-8e275f575d71-2-5.jpg?fit=1360%2C931&ssl=1\"},\"description\":\"Jornalista com carreira dedicada ao esporte. Cobriu 9 Copas do Mundo in loco, 1990 na It\u00e1lia, 1994 nos EUA, 1998 na Fran\u00e7a, 2002 na Coreia do Sul e Jap\u00e3o, 2006 na Alemanha, 2010 na \u00c1frica do Sul, 2014 no Brasil, 2018 na R\u00fassia e 2022 no Qatar. Eurocopas, 1992 na Su\u00e9cia e 1996 na Inglaterra. Copa das Confedera\u00e7\u00f5es de 2005 na Alemanha e 2009 na \u00c1frica do Sul. Rep\u00f3rter e Editor, trabalhou no Jornal da Tarde e Estad\u00e3o, de 1984 a fevereiro de 2016. Colunista, blogueiro. E comentarista de futebol na R\u00e1dio Estad\u00e3o, de 2013 a fevereiro de 2016. Jornalista respons\u00e1vel do \\\"Pr\u00f3speri News\\\" (blogdoprosperi.com).\",\"sameAs\":[\"http:\\\/\\\/blogdoprosperi.com\",\"Luiz Pr\u00f3speri\",\"@luiz_prosperi\",\"https:\\\/\\\/x.com\\\/Luizprosperi\",\"@prosperinacopa\",\"luiz.prosperi@icloud.com\"],\"url\":\"https:\\\/\\\/blogdoprosperi.com\\\/?author=102107496\"}]}<\/script>\n<!-- \/ Yoast SEO plugin. -->","yoast_head_json":{"title":"Sele\u00e7\u00e3o formada na Europa e desconhecida no Brasil vai \u00e0 Copa do Mundo 2022 - PR\u00d3SPERI NEWS","robots":{"index":"index","follow":"follow","max-snippet":"max-snippet:-1","max-image-preview":"max-image-preview:large","max-video-preview":"max-video-preview:-1"},"canonical":"https:\/\/blogdoprosperi.com\/?p=39579","og_locale":"pt_BR","og_type":"article","og_title":"Sele\u00e7\u00e3o formada na Europa e desconhecida no Brasil vai \u00e0 Copa do Mundo 2022 - PR\u00d3SPERI NEWS","og_description":"Com perfil de \"brasileiros estrangeiros\", Sele\u00e7\u00e3o que vai \u00e0 Copa do Mundo Qatar 2022 \u00e9 quase desconhecida ao olhar do torcedor brasileiro comum.","og_url":"https:\/\/blogdoprosperi.com\/?p=39579","og_site_name":"PR\u00d3SPERI NEWS","article_publisher":"Luiz Pr\u00f3speri","article_author":"Luiz Pr\u00f3speri","article_published_time":"2022-11-07T18:22:00+00:00","article_modified_time":"2022-11-08T02:00:30+00:00","og_image":[{"width":400,"height":267,"url":"https:\/\/i0.wp.com\/blogdoprosperi.com\/wp-content\/uploads\/2022\/09\/52374783098_3257473f3c_w.jpg?fit=400%2C267&ssl=1","type":"image\/jpeg"}],"author":"Luiz Ant\u00f4nio Pr\u00f3speri","twitter_card":"summary_large_image","twitter_creator":"@Luizprosperi","twitter_site":"@Luizprosperi","twitter_misc":{"Escrito por":"Luiz Ant\u00f4nio Pr\u00f3speri","Est. tempo de leitura":"4 minutos"},"schema":{"@context":"https:\/\/schema.org","@graph":[{"@type":"Article","@id":"https:\/\/blogdoprosperi.com\/?p=39579#article","isPartOf":{"@id":"https:\/\/blogdoprosperi.com\/?p=39579"},"author":{"name":"Luiz Ant\u00f4nio Pr\u00f3speri","@id":"https:\/\/blogdoprosperi.com\/#\/schema\/person\/38100755ce3601861ee4fab9b5aa78e9"},"headline":"Sele\u00e7\u00e3o formada na Europa e desconhecida no Brasil vai \u00e0 Copa do Mundo 2022","datePublished":"2022-11-07T18:22:00+00:00","dateModified":"2022-11-08T02:00:30+00:00","mainEntityOfPage":{"@id":"https:\/\/blogdoprosperi.com\/?p=39579"},"wordCount":765,"commentCount":1,"publisher":{"@id":"https:\/\/blogdoprosperi.com\/#\/schema\/person\/38100755ce3601861ee4fab9b5aa78e9"},"image":{"@id":"https:\/\/blogdoprosperi.com\/?p=39579#primaryimage"},"thumbnailUrl":"https:\/\/i0.wp.com\/blogdoprosperi.com\/wp-content\/uploads\/2022\/09\/52374783098_3257473f3c_w.jpg?fit=400%2C267&ssl=1","keywords":["bremer","CBF","copa di mundo qatar 2022","futebol","iba\u00f1ez","pedro","raphinha barcelona","richarlsion","Sele\u00e7\u00e3o Brasileira","Tite"],"articleSection":["catar 2022","futebol","qatar 2022","Sele\u00e7\u00e3o Brasileira"],"inLanguage":"pt-BR","potentialAction":[{"@type":"CommentAction","name":"Comment","target":["https:\/\/blogdoprosperi.com\/?p=39579#respond"]}]},{"@type":"WebPage","@id":"https:\/\/blogdoprosperi.com\/?p=39579","url":"https:\/\/blogdoprosperi.com\/?p=39579","name":"Sele\u00e7\u00e3o formada na Europa e desconhecida no Brasil vai \u00e0 Copa do Mundo 2022 - PR\u00d3SPERI NEWS","isPartOf":{"@id":"https:\/\/blogdoprosperi.com\/#website"},"primaryImageOfPage":{"@id":"https:\/\/blogdoprosperi.com\/?p=39579#primaryimage"},"image":{"@id":"https:\/\/blogdoprosperi.com\/?p=39579#primaryimage"},"thumbnailUrl":"https:\/\/i0.wp.com\/blogdoprosperi.com\/wp-content\/uploads\/2022\/09\/52374783098_3257473f3c_w.jpg?fit=400%2C267&ssl=1","datePublished":"2022-11-07T18:22:00+00:00","dateModified":"2022-11-08T02:00:30+00:00","breadcrumb":{"@id":"https:\/\/blogdoprosperi.com\/?p=39579#breadcrumb"},"inLanguage":"pt-BR","potentialAction":[{"@type":"ReadAction","target":["https:\/\/blogdoprosperi.com\/?p=39579"]}]},{"@type":"ImageObject","inLanguage":"pt-BR","@id":"https:\/\/blogdoprosperi.com\/?p=39579#primaryimage","url":"https:\/\/i0.wp.com\/blogdoprosperi.com\/wp-content\/uploads\/2022\/09\/52374783098_3257473f3c_w.jpg?fit=400%2C267&ssl=1","contentUrl":"https:\/\/i0.wp.com\/blogdoprosperi.com\/wp-content\/uploads\/2022\/09\/52374783098_3257473f3c_w.jpg?fit=400%2C267&ssl=1","width":400,"height":267,"caption":"Raphinha, do Barcelona, treina na Sele\u00e7\u00e3o \u2013 foto: CBF oficial"},{"@type":"BreadcrumbList","@id":"https:\/\/blogdoprosperi.com\/?p=39579#breadcrumb","itemListElement":[{"@type":"ListItem","position":1,"name":"In\u00edcio","item":"https:\/\/blogdoprosperi.com\/"},{"@type":"ListItem","position":2,"name":"Sele\u00e7\u00e3o formada na Europa e desconhecida no Brasil vai \u00e0 Copa do Mundo 2022"}]},{"@type":"WebSite","@id":"https:\/\/blogdoprosperi.com\/#website","url":"https:\/\/blogdoprosperi.com\/","name":"PR\u00d3SPERI NEWS","description":"TUDO \u00c9  FUTEBOL","publisher":{"@id":"https:\/\/blogdoprosperi.com\/#\/schema\/person\/38100755ce3601861ee4fab9b5aa78e9"},"alternateName":"blogdoprosperi.com","potentialAction":[{"@type":"SearchAction","target":{"@type":"EntryPoint","urlTemplate":"https:\/\/blogdoprosperi.com\/?s={search_term_string}"},"query-input":{"@type":"PropertyValueSpecification","valueRequired":true,"valueName":"search_term_string"}}],"inLanguage":"pt-BR"},{"@type":["Person","Organization"],"@id":"https:\/\/blogdoprosperi.com\/#\/schema\/person\/38100755ce3601861ee4fab9b5aa78e9","name":"Luiz Ant\u00f4nio Pr\u00f3speri","pronouns":"ele","image":{"@type":"ImageObject","inLanguage":"pt-BR","@id":"https:\/\/i0.wp.com\/blogdoprosperi.com\/wp-content\/uploads\/2026\/05\/cropped-8059e613-6002-42fa-961e-8e275f575d71-2-5.jpg?fit=1360%2C931&ssl=1","url":"https:\/\/i0.wp.com\/blogdoprosperi.com\/wp-content\/uploads\/2026\/05\/cropped-8059e613-6002-42fa-961e-8e275f575d71-2-5.jpg?fit=1360%2C931&ssl=1","contentUrl":"https:\/\/i0.wp.com\/blogdoprosperi.com\/wp-content\/uploads\/2026\/05\/cropped-8059e613-6002-42fa-961e-8e275f575d71-2-5.jpg?fit=1360%2C931&ssl=1","width":1360,"height":931,"caption":"Luiz Ant\u00f4nio Pr\u00f3speri"},"logo":{"@id":"https:\/\/i0.wp.com\/blogdoprosperi.com\/wp-content\/uploads\/2026\/05\/cropped-8059e613-6002-42fa-961e-8e275f575d71-2-5.jpg?fit=1360%2C931&ssl=1"},"description":"Jornalista com carreira dedicada ao esporte. Cobriu 9 Copas do Mundo in loco, 1990 na It\u00e1lia, 1994 nos EUA, 1998 na Fran\u00e7a, 2002 na Coreia do Sul e Jap\u00e3o, 2006 na Alemanha, 2010 na \u00c1frica do Sul, 2014 no Brasil, 2018 na R\u00fassia e 2022 no Qatar. Eurocopas, 1992 na Su\u00e9cia e 1996 na Inglaterra. Copa das Confedera\u00e7\u00f5es de 2005 na Alemanha e 2009 na \u00c1frica do Sul. Rep\u00f3rter e Editor, trabalhou no Jornal da Tarde e Estad\u00e3o, de 1984 a fevereiro de 2016. Colunista, blogueiro. E comentarista de futebol na R\u00e1dio Estad\u00e3o, de 2013 a fevereiro de 2016. Jornalista respons\u00e1vel do \"Pr\u00f3speri News\" (blogdoprosperi.com).","sameAs":["http:\/\/blogdoprosperi.com","Luiz Pr\u00f3speri","@luiz_prosperi","https:\/\/x.com\/Luizprosperi","@prosperinacopa","luiz.prosperi@icloud.com"],"url":"https:\/\/blogdoprosperi.com\/?author=102107496"}]}},"jetpack_publicize_connections":[],"jetpack_likes_enabled":false,"jetpack_sharing_enabled":true,"jetpack_shortlink":"https:\/\/wp.me\/p7jvdk-ain","jetpack-related-posts":[{"id":39531,"url":"https:\/\/blogdoprosperi.com\/?p=39531","url_meta":{"origin":39579,"position":0},"title":"&#8220;Se ganharem o jogo, vamos matar voc\u00eas&#8221; \u2013 as hist\u00f3rias de Raphinha, titular da Sele\u00e7\u00e3o","author":"Luiz Ant\u00f4nio Pr\u00f3speri","date":"17 de setembro de 2022","format":false,"excerpt":"Quando voc\u00ea cresce em um lugar como a Restinga, uma favela de Porto Alegre, voc\u00ea aprende rapidamente que voc\u00ea n\u00e3o consegue viver sozinho","rel":"","context":"Em &quot;catar 2022&quot;","block_context":{"text":"catar 2022","link":"https:\/\/blogdoprosperi.com\/?cat=47094043"},"img":{"alt_text":"","src":"https:\/\/i0.wp.com\/blogdoprosperi.com\/wp-content\/uploads\/2022\/09\/raphinha-barcelona.jpg?fit=1200%2C675&ssl=1&resize=350%2C200","width":350,"height":200,"srcset":"https:\/\/i0.wp.com\/blogdoprosperi.com\/wp-content\/uploads\/2022\/09\/raphinha-barcelona.jpg?fit=1200%2C675&ssl=1&resize=350%2C200 1x, https:\/\/i0.wp.com\/blogdoprosperi.com\/wp-content\/uploads\/2022\/09\/raphinha-barcelona.jpg?fit=1200%2C675&ssl=1&resize=525%2C300 1.5x, https:\/\/i0.wp.com\/blogdoprosperi.com\/wp-content\/uploads\/2022\/09\/raphinha-barcelona.jpg?fit=1200%2C675&ssl=1&resize=700%2C400 2x, https:\/\/i0.wp.com\/blogdoprosperi.com\/wp-content\/uploads\/2022\/09\/raphinha-barcelona.jpg?fit=1200%2C675&ssl=1&resize=1050%2C600 3x"},"classes":[]},{"id":39667,"url":"https:\/\/blogdoprosperi.com\/?p=39667","url_meta":{"origin":39579,"position":1},"title":"Brasil vence Tun\u00edsia com goleada e manda recado \u00e0 concorr\u00eancia e racismo","author":"Luiz Ant\u00f4nio Pr\u00f3speri","date":"27 de setembro de 2022","format":false,"excerpt":"Brasil vence amistoso no est\u00e1dio do PSG em Paris. Jogo tem momentos de f\u00faria e racismo com banana atirada no campo.","rel":"","context":"Em &quot;catar 2022&quot;","block_context":{"text":"catar 2022","link":"https:\/\/blogdoprosperi.com\/?cat=47094043"},"img":{"alt_text":"","src":"https:\/\/i0.wp.com\/blogdoprosperi.com\/wp-content\/uploads\/2022\/09\/52388807461_00a5b7804e_c-1.jpg?fit=799%2C533&ssl=1&resize=350%2C200","width":350,"height":200,"srcset":"https:\/\/i0.wp.com\/blogdoprosperi.com\/wp-content\/uploads\/2022\/09\/52388807461_00a5b7804e_c-1.jpg?fit=799%2C533&ssl=1&resize=350%2C200 1x, https:\/\/i0.wp.com\/blogdoprosperi.com\/wp-content\/uploads\/2022\/09\/52388807461_00a5b7804e_c-1.jpg?fit=799%2C533&ssl=1&resize=525%2C300 1.5x, https:\/\/i0.wp.com\/blogdoprosperi.com\/wp-content\/uploads\/2022\/09\/52388807461_00a5b7804e_c-1.jpg?fit=799%2C533&ssl=1&resize=700%2C400 2x"},"classes":[]},{"id":39594,"url":"https:\/\/blogdoprosperi.com\/?p=39594","url_meta":{"origin":39579,"position":2},"title":"Brasil passeia no pen\u00faltimo amistoso antes da Copa Qatar 2022","author":"Luiz Ant\u00f4nio Pr\u00f3speri","date":"23 de setembro de 2022","format":false,"excerpt":"Sele\u00e7\u00e3o Brasileira vence Gana sem nenhum constrangimento no pen\u00faltimo amistoso antes da estreia na Copa do Mundo Qatar 2022. A vit\u00f3ria por 3 a 0, constru\u00edda no primeiro tempo, tem participa\u00e7\u00e3o decisiva do atacante Richarlison, autor de dois gols, em Le Havre na Fran\u00e7a. Brasil molda o primeiro tempo do\u2026","rel":"","context":"Em &quot;catar 2022&quot;","block_context":{"text":"catar 2022","link":"https:\/\/blogdoprosperi.com\/?cat=47094043"},"img":{"alt_text":"","src":"https:\/\/i0.wp.com\/blogdoprosperi.com\/wp-content\/uploads\/2022\/09\/52379122781_8ca520c918_c.jpg?fit=799%2C533&ssl=1&resize=350%2C200","width":350,"height":200,"srcset":"https:\/\/i0.wp.com\/blogdoprosperi.com\/wp-content\/uploads\/2022\/09\/52379122781_8ca520c918_c.jpg?fit=799%2C533&ssl=1&resize=350%2C200 1x, https:\/\/i0.wp.com\/blogdoprosperi.com\/wp-content\/uploads\/2022\/09\/52379122781_8ca520c918_c.jpg?fit=799%2C533&ssl=1&resize=525%2C300 1.5x, https:\/\/i0.wp.com\/blogdoprosperi.com\/wp-content\/uploads\/2022\/09\/52379122781_8ca520c918_c.jpg?fit=799%2C533&ssl=1&resize=700%2C400 2x"},"classes":[]},{"id":40469,"url":"https:\/\/blogdoprosperi.com\/?p=40469","url_meta":{"origin":39579,"position":3},"title":"Cartas dos jogadores da Sele\u00e7\u00e3o: escolha a mais singela","author":"Luiz Ant\u00f4nio Pr\u00f3speri","date":"11 de dezembro de 2022","format":false,"excerpt":"Nos dois dias p\u00f3s-queda na Copa, a maioria dos jogadores da Sele\u00e7\u00e3o posta em suas redes sociais cartas de auto-ajuda diante do fracasso no Qatar","rel":"","context":"Em &quot;copa do mundo catar 2022&quot;","block_context":{"text":"copa do mundo catar 2022","link":"https:\/\/blogdoprosperi.com\/?cat=301049609"},"img":{"alt_text":"","src":"https:\/\/i0.wp.com\/blogdoprosperi.com\/wp-content\/uploads\/2022\/12\/fjji3x7wqaids5c.jpg?fit=1024%2C682&ssl=1&resize=350%2C200","width":350,"height":200,"srcset":"https:\/\/i0.wp.com\/blogdoprosperi.com\/wp-content\/uploads\/2022\/12\/fjji3x7wqaids5c.jpg?fit=1024%2C682&ssl=1&resize=350%2C200 1x, https:\/\/i0.wp.com\/blogdoprosperi.com\/wp-content\/uploads\/2022\/12\/fjji3x7wqaids5c.jpg?fit=1024%2C682&ssl=1&resize=525%2C300 1.5x, https:\/\/i0.wp.com\/blogdoprosperi.com\/wp-content\/uploads\/2022\/12\/fjji3x7wqaids5c.jpg?fit=1024%2C682&ssl=1&resize=700%2C400 2x"},"classes":[]},{"id":40362,"url":"https:\/\/blogdoprosperi.com\/?p=40362","url_meta":{"origin":39579,"position":4},"title":"Brasil x Cro\u00e1cia &#8211; pr\u00e9-jogo: Sele\u00e7\u00e3o cai na conversa das dancinhas e favorito da Copa","author":"Luiz Ant\u00f4nio Pr\u00f3speri","date":"8 de dezembro de 2022","format":false,"excerpt":"Brasil x Cro\u00e1cia \u2013 A preocupa\u00e7\u00e3o \u00e9 com as dancinhas dos jogadores brasileiros e favoritismo de campe\u00e3o.","rel":"","context":"Em &quot;futebol&quot;","block_context":{"text":"futebol","link":"https:\/\/blogdoprosperi.com\/?cat=53870"},"img":{"alt_text":"","src":"https:\/\/i0.wp.com\/blogdoprosperi.com\/wp-content\/uploads\/2022\/12\/20221205175250_604.jpeg?fit=910%2C607&ssl=1&resize=350%2C200","width":350,"height":200,"srcset":"https:\/\/i0.wp.com\/blogdoprosperi.com\/wp-content\/uploads\/2022\/12\/20221205175250_604.jpeg?fit=910%2C607&ssl=1&resize=350%2C200 1x, https:\/\/i0.wp.com\/blogdoprosperi.com\/wp-content\/uploads\/2022\/12\/20221205175250_604.jpeg?fit=910%2C607&ssl=1&resize=525%2C300 1.5x, https:\/\/i0.wp.com\/blogdoprosperi.com\/wp-content\/uploads\/2022\/12\/20221205175250_604.jpeg?fit=910%2C607&ssl=1&resize=700%2C400 2x"},"classes":[]},{"id":41256,"url":"https:\/\/blogdoprosperi.com\/?p=41256","url_meta":{"origin":39579,"position":5},"title":"Caso Daniel Alves obriga refunda\u00e7\u00e3o da Sele\u00e7\u00e3o Brasileira","author":"Luiz Ant\u00f4nio Pr\u00f3speri","date":"23 de janeiro de 2023","format":false,"excerpt":"Na Sele\u00e7\u00e3o Brasileira n\u00e3o cabe mais \u00eddolos de uma noite, de rec\u00f4nditos de mans\u00f5es, de festas de lux\u00farias e prontos a cometer crimes contra mulheres. Sele\u00e7\u00e3o carece de uma refunda\u00e7\u00e3o","rel":"","context":"Em &quot;catar 2022&quot;","block_context":{"text":"catar 2022","link":"https:\/\/blogdoprosperi.com\/?cat=47094043"},"img":{"alt_text":"","src":"https:\/\/i0.wp.com\/blogdoprosperi.com\/wp-content\/uploads\/2023\/01\/csm_neymar_e_dani_alves_020f10438f.jpg?fit=940%2C585&ssl=1&resize=350%2C200","width":350,"height":200,"srcset":"https:\/\/i0.wp.com\/blogdoprosperi.com\/wp-content\/uploads\/2023\/01\/csm_neymar_e_dani_alves_020f10438f.jpg?fit=940%2C585&ssl=1&resize=350%2C200 1x, https:\/\/i0.wp.com\/blogdoprosperi.com\/wp-content\/uploads\/2023\/01\/csm_neymar_e_dani_alves_020f10438f.jpg?fit=940%2C585&ssl=1&resize=525%2C300 1.5x, https:\/\/i0.wp.com\/blogdoprosperi.com\/wp-content\/uploads\/2023\/01\/csm_neymar_e_dani_alves_020f10438f.jpg?fit=940%2C585&ssl=1&resize=700%2C400 2x"},"classes":[]}],"jetpack_featured_media_url":"https:\/\/i0.wp.com\/blogdoprosperi.com\/wp-content\/uploads\/2022\/09\/52374783098_3257473f3c_w.jpg?fit=400%2C267&ssl=1","_links":{"self":[{"href":"https:\/\/blogdoprosperi.com\/index.php?rest_route=\/wp\/v2\/posts\/39579","targetHints":{"allow":["GET"]}}],"collection":[{"href":"https:\/\/blogdoprosperi.com\/index.php?rest_route=\/wp\/v2\/posts"}],"about":[{"href":"https:\/\/blogdoprosperi.com\/index.php?rest_route=\/wp\/v2\/types\/post"}],"author":[{"embeddable":true,"href":"https:\/\/blogdoprosperi.com\/index.php?rest_route=\/wp\/v2\/users\/102107496"}],"replies":[{"embeddable":true,"href":"https:\/\/blogdoprosperi.com\/index.php?rest_route=%2Fwp%2Fv2%2Fcomments&post=39579"}],"version-history":[{"count":25,"href":"https:\/\/blogdoprosperi.com\/index.php?rest_route=\/wp\/v2\/posts\/39579\/revisions"}],"predecessor-version":[{"id":39852,"href":"https:\/\/blogdoprosperi.com\/index.php?rest_route=\/wp\/v2\/posts\/39579\/revisions\/39852"}],"wp:featuredmedia":[{"embeddable":true,"href":"https:\/\/blogdoprosperi.com\/index.php?rest_route=\/wp\/v2\/media\/39619"}],"wp:attachment":[{"href":"https:\/\/blogdoprosperi.com\/index.php?rest_route=%2Fwp%2Fv2%2Fmedia&parent=39579"}],"wp:term":[{"taxonomy":"category","embeddable":true,"href":"https:\/\/blogdoprosperi.com\/index.php?rest_route=%2Fwp%2Fv2%2Fcategories&post=39579"},{"taxonomy":"post_tag","embeddable":true,"href":"https:\/\/blogdoprosperi.com\/index.php?rest_route=%2Fwp%2Fv2%2Ftags&post=39579"}],"curies":[{"name":"wp","href":"https:\/\/api.w.org\/{rel}","templated":true}]}}