{"id":39716,"date":"2022-09-27T19:26:56","date_gmt":"2022-09-27T22:26:56","guid":{"rendered":"https:\/\/blogdoprosperi.com\/?p=39716"},"modified":"2022-09-28T17:59:04","modified_gmt":"2022-09-28T20:59:04","slug":"neymar-alvo-e-bomba-ao-mesmo-tempo","status":"publish","type":"post","link":"https:\/\/blogdoprosperi.com\/?p=39716","title":{"rendered":"Neymar, alvo e bomba ao mesmo tempo"},"content":{"rendered":"\r\n<p class=\"wp-block-paragraph\">Neymar \u00e9 o alvo e a bomba ao mesmo tempo. Tite tem consci\u00eancia do que pode acontecer na Copa do Mundo. A encrenca \u00e9 como preservar o craque no Qatar para livrar a Sele\u00e7\u00e3o de graves consequ\u00eancias. E n\u00e3o estender o tapete ao \u00eddolo.<\/p>\r\n<p>Os amistosos contra Gana e Tun\u00edsia deixaram claro que Neymar ser\u00e1 ca\u00e7ado, provocado e tamb\u00e9m como se comportar\u00e1 no revide.<\/p>\r\n<p>Neymar levou dois cart\u00f5es amarelos, um no jogo com os ganeses e outro diante dos tunisianos nessa ter\u00e7a-feira (27\/9). Apanhou muito e n\u00e3o deixou por menos com revide e ironias.<\/p>\r\n<p>N\u00e3o por acaso Neymar se sente perseguido e j\u00e1 projeta uma Copa dura no embate com advers\u00e1rios e arbitragem.<\/p>\r\n\r\n\r\n\r\n<p class=\"wp-block-paragraph\">\u00a0&#8220;Me preocupa. Para ser sincero, me preocupa. Eu at\u00e9 conversei um pouquinho com o Tite e falei. Fiz uma falta hoje (<em>contra Tun\u00edsia<\/em>), na primeira minha, j\u00e1 vem o amarelo. Sofri uma no segundo tempo, puxando contra-ataque. Ele me derruba, me agarra e nada de amarelo. S\u00e3o coisas que um bom senso \u00e0s vezes para o meu lado nunca tem. \u00c9 complicado, \u00e0s vezes voc\u00ea faz uma falta&#8230; eu fiz a falta sem querer, pisei sim no p\u00e9 dele. At\u00e9 parei na hora e levantei a m\u00e3o falando que pisei. E j\u00e1 tomo amarelo. S\u00e3o coisas que n\u00e3o d\u00e1 para entender&#8221;.<\/p>\r\n<p>Revides assim na Copa podem ser fatais. <span style=\"color:#000080;\"><strong><a style=\"color:#000080;\" href=\"https:\/\/blogdoprosperi.com\/2022\/07\/27\/neymar-vai-ao-banco-dos-reus-em-barcelona-a-um-mes-da-copa-do-mundo-catar-2022\/\">H\u00e1 um p\u00e9 atr\u00e1s contra Neymar<\/a><\/strong><\/span>. As cenas que viraram meme na Copa da R\u00fassia 2018, com o craque rolando na grama a cada falta sofrida, voltam ao imagin\u00e1rio de advers\u00e1rios, \u00e1rbitros e torcidas.<\/p>\r\n<p>&#8220;Come\u00e7ou a Copa do Mundo (<em>risos<\/em>). O primeiro jogo da Copa foi hoje (amistoso em Paris) eu acho. Os jogadores da Tun\u00edsia acabaram se empolgando um pouquinho mais com a torcida, que estava insana. Fizeram uma grande festa. Mas exageraram um pouquinho na for\u00e7a. Mas nosso time teve a cabe\u00e7a boa, jogamos futebol e conseguimos vencer o jogo&#8221;, disse Neymar, ap\u00f3s o jogo.<\/p>\r\n<p>Tite, ref\u00e9m de Neymar em todos os sentidos, parece mais propenso a n\u00e3o alertar o craque contra a persegui\u00e7\u00e3o e os inevit\u00e1veis revides.\u00a0<\/p>\r\n<p><strong><em>Veja o que Tite falou de Neymar ap\u00f3s a goleada contra Tun\u00edsia<\/em><\/strong><\/p>\r\n\r\n\r\n\r\n\r\n\r\n<p class=\"wp-block-paragraph\">&#8220;Est\u00e1vamos em uma atmosfera onde a maioria da torcida era da Tun\u00edsia. Em alguns pontos eu tentava localizar nossos torcedores, eles dilu\u00eddos. Isso criou uma atmosfera de jogo competitivo. O jogo dentro do campo sab\u00edamos que seria competitivo, leal, <strong>mas n\u00e3o imaginava o lance que aconteceu com o Neymar. \u00c9 lance de tirar um jogador da Copa do Mundo<\/strong>. A forma como foi colocada, n\u00e3o imaginava que tivesse essa situa\u00e7\u00e3o.&#8221;<\/p>\r\n<p><strong><em>E arrematou a respeito da prepara\u00e7\u00e3o de Neymar:<\/em><\/strong><\/p>\r\n<div class=\"mc-column content-text active-extra-styles \">\r\n<p class=\"content-text__container \">&#8220;Primeiro, o <span style=\"color:#000080;\"><strong><a style=\"color:#000080;\" href=\"https:\/\/blogdoprosperi.com\/2018\/07\/13\/inventario-da-derrota-2-a-copa-deslumbrada-de-tite\/\">Neymar tem que ser elogiado<\/a> <\/strong><\/span>pois teve a consci\u00eancia profissional. Segundo, o Ricardo Rosa, seu preparador particular, que deu todo o suporte. Em terceiro o PSG, que trouxe a ele todo o suporte e essa continuidade de evolu\u00e7\u00e3o. N\u00f3s, enquanto Sele\u00e7\u00e3o, ficamos muito felizes porque somos beneficiados em fun\u00e7\u00e3o desse processo todo desse n\u00edvel que ele est\u00e1&#8221;.<\/p>\r\n<\/div>\r\n<div class=\"mc-column content-text active-extra-styles \">\r\n<p class=\"content-text__container \">&#8220;Ficamos acompanhando, tendo os nossos jogos, todo essa evolu\u00e7\u00e3o que ele teve. Como \u00e9 que fala a &#8216;Mentalidade Mamba&#8217;? Se preparar e continuar se preparando. \u00c9 o livro do Kobe Bryant, que foi colocado um pouco da ideia e conex\u00e3o que procuramos com os mais jovens, estabelecer uma conex\u00e3o com os atletas. O Kobe fala isso na Mentalidade Mamba&#8221;.<\/p>\r\n<p>Neymar sempre ser\u00e1 alvo dos advers\u00e1rios e dos olhares atentos da arbitragem. Muito do futuro da Sele\u00e7\u00e3o na Copa passa pelo comportamento do craque. Se apanhar e der o outro lado da face ao inimigo, tudo certo. Se revidar, a bomba vai cair no colo de Tite. Tic tac, tic tac.<\/p>\r\n<\/div>\r\n","protected":false},"excerpt":{"rendered":"<p>Neymar \u00e9 o alvo e a bomba ao mesmo tempo. Tite tem consci\u00eancia do que pode acontecer na [&hellip;]<\/p>\n","protected":false},"author":102107496,"featured_media":39727,"comment_status":"open","ping_status":"open","sticky":false,"template":"","format":"standard","meta":{"_coblocks_attr":"","_coblocks_dimensions":"","_coblocks_responsive_height":"","_coblocks_accordion_ie_support":"","_jetpack_newsletter_access":"","_jetpack_dont_email_post_to_subs":false,"_jetpack_newsletter_tier_id":0,"_jetpack_memberships_contains_paywalled_content":false,"_wpcom_ai_launchpad_first_post":false,"_jetpack_feature_clip_id":0,"_jetpack_memberships_contains_paid_content":false,"footnotes":"","jetpack_publicize_message":"","jetpack_publicize_feature_enabled":true,"jetpack_social_post_already_shared":false,"jetpack_social_options":{"image_generator_settings":{"template":"highway","default_image_id":0,"font":"","enabled":false},"version":2},"jetpack_post_was_ever_published":false},"categories":[47094043,301049609,53870,29811679,174694],"tags":[16711783,102467970,789560560,4112146,1814220],"class_list":["post-39716","post","type-post","status-publish","format-standard","has-post-thumbnail","hentry","category-catar-2022","category-copa-do-mundo-catar-2022","category-futebol","category-qatar-2022","category-selecao-brasileira","tag-amistosos-da-selecao-brasileira","tag-copa-qatar-2022","tag-futebol","tag-neymar","tag-tite"],"yoast_head":"<!-- This site is optimized with the Yoast SEO plugin v28.3 - https:\/\/yoast.com\/product\/yoast-seo-wordpress\/ -->\n<title>Neymar, alvo e bomba ao mesmo tempo - PR\u00d3SPERI NEWS<\/title>\n<meta name=\"robots\" content=\"index, follow, max-snippet:-1, max-image-preview:large, max-video-preview:-1\" \/>\n<link rel=\"canonical\" href=\"https:\/\/blogdoprosperi.com\/?p=39716\" \/>\n<meta property=\"og:locale\" content=\"pt_BR\" \/>\n<meta property=\"og:type\" content=\"article\" \/>\n<meta property=\"og:title\" content=\"Neymar, alvo e bomba ao mesmo tempo - PR\u00d3SPERI NEWS\" \/>\n<meta property=\"og:description\" content=\"Neymar \u00e9 o alvo e a bomba ao mesmo tempo. Tite tem consci\u00eancia do que pode acontecer na [&hellip;]\" \/>\n<meta property=\"og:url\" content=\"https:\/\/blogdoprosperi.com\/?p=39716\" \/>\n<meta property=\"og:site_name\" content=\"PR\u00d3SPERI NEWS\" \/>\n<meta property=\"article:publisher\" content=\"Luiz Pr\u00f3speri\" \/>\n<meta property=\"article:author\" content=\"Luiz Pr\u00f3speri\" \/>\n<meta property=\"article:published_time\" content=\"2022-09-27T22:26:56+00:00\" \/>\n<meta property=\"article:modified_time\" content=\"2022-09-28T20:59:04+00:00\" \/>\n<meta property=\"og:image\" content=\"https:\/\/i0.wp.com\/blogdoprosperi.com\/wp-content\/uploads\/2022\/09\/52389391025_1456898aed_c.jpg?fit=799%2C533&ssl=1\" \/>\n\t<meta property=\"og:image:width\" content=\"799\" \/>\n\t<meta property=\"og:image:height\" content=\"533\" \/>\n\t<meta property=\"og:image:type\" content=\"image\/jpeg\" \/>\n<meta name=\"author\" content=\"Luiz Ant\u00f4nio Pr\u00f3speri\" \/>\n<meta name=\"twitter:card\" content=\"summary_large_image\" \/>\n<meta name=\"twitter:creator\" content=\"@Luizprosperi\" \/>\n<meta name=\"twitter:site\" content=\"@Luizprosperi\" \/>\n<meta name=\"twitter:label1\" content=\"Escrito por\" \/>\n\t<meta name=\"twitter:data1\" content=\"Luiz Ant\u00f4nio Pr\u00f3speri\" \/>\n\t<meta name=\"twitter:label2\" content=\"Est. tempo de leitura\" \/>\n\t<meta name=\"twitter:data2\" content=\"3 minutos\" \/>\n<script type=\"application\/ld+json\" class=\"yoast-schema-graph\">{\"@context\":\"https:\\\/\\\/schema.org\",\"@graph\":[{\"@type\":\"Article\",\"@id\":\"https:\\\/\\\/blogdoprosperi.com\\\/?p=39716#article\",\"isPartOf\":{\"@id\":\"https:\\\/\\\/blogdoprosperi.com\\\/?p=39716\"},\"author\":{\"name\":\"Luiz Ant\u00f4nio Pr\u00f3speri\",\"@id\":\"https:\\\/\\\/blogdoprosperi.com\\\/#\\\/schema\\\/person\\\/38100755ce3601861ee4fab9b5aa78e9\"},\"headline\":\"Neymar, alvo e bomba ao mesmo tempo\",\"datePublished\":\"2022-09-27T22:26:56+00:00\",\"dateModified\":\"2022-09-28T20:59:04+00:00\",\"mainEntityOfPage\":{\"@id\":\"https:\\\/\\\/blogdoprosperi.com\\\/?p=39716\"},\"wordCount\":650,\"commentCount\":0,\"publisher\":{\"@id\":\"https:\\\/\\\/blogdoprosperi.com\\\/#\\\/schema\\\/person\\\/38100755ce3601861ee4fab9b5aa78e9\"},\"image\":{\"@id\":\"https:\\\/\\\/blogdoprosperi.com\\\/?p=39716#primaryimage\"},\"thumbnailUrl\":\"https:\\\/\\\/i0.wp.com\\\/blogdoprosperi.com\\\/wp-content\\\/uploads\\\/2022\\\/09\\\/52389391025_1456898aed_c.jpg?fit=799%2C533&ssl=1\",\"keywords\":[\"amistosos da Sele\u00e7\u00e3o Brasileira\",\"Copa Qatar 2022\",\"futebol\",\"Neymar\",\"Tite\"],\"articleSection\":[\"catar 2022\",\"copa do mundo catar 2022\",\"futebol\",\"qatar 2022\",\"Sele\u00e7\u00e3o Brasileira\"],\"inLanguage\":\"pt-BR\",\"potentialAction\":[{\"@type\":\"CommentAction\",\"name\":\"Comment\",\"target\":[\"https:\\\/\\\/blogdoprosperi.com\\\/?p=39716#respond\"]}]},{\"@type\":\"WebPage\",\"@id\":\"https:\\\/\\\/blogdoprosperi.com\\\/?p=39716\",\"url\":\"https:\\\/\\\/blogdoprosperi.com\\\/?p=39716\",\"name\":\"Neymar, alvo e bomba ao mesmo tempo - PR\u00d3SPERI NEWS\",\"isPartOf\":{\"@id\":\"https:\\\/\\\/blogdoprosperi.com\\\/#website\"},\"primaryImageOfPage\":{\"@id\":\"https:\\\/\\\/blogdoprosperi.com\\\/?p=39716#primaryimage\"},\"image\":{\"@id\":\"https:\\\/\\\/blogdoprosperi.com\\\/?p=39716#primaryimage\"},\"thumbnailUrl\":\"https:\\\/\\\/i0.wp.com\\\/blogdoprosperi.com\\\/wp-content\\\/uploads\\\/2022\\\/09\\\/52389391025_1456898aed_c.jpg?fit=799%2C533&ssl=1\",\"datePublished\":\"2022-09-27T22:26:56+00:00\",\"dateModified\":\"2022-09-28T20:59:04+00:00\",\"breadcrumb\":{\"@id\":\"https:\\\/\\\/blogdoprosperi.com\\\/?p=39716#breadcrumb\"},\"inLanguage\":\"pt-BR\",\"potentialAction\":[{\"@type\":\"ReadAction\",\"target\":[\"https:\\\/\\\/blogdoprosperi.com\\\/?p=39716\"]}]},{\"@type\":\"ImageObject\",\"inLanguage\":\"pt-BR\",\"@id\":\"https:\\\/\\\/blogdoprosperi.com\\\/?p=39716#primaryimage\",\"url\":\"https:\\\/\\\/i0.wp.com\\\/blogdoprosperi.com\\\/wp-content\\\/uploads\\\/2022\\\/09\\\/52389391025_1456898aed_c.jpg?fit=799%2C533&ssl=1\",\"contentUrl\":\"https:\\\/\\\/i0.wp.com\\\/blogdoprosperi.com\\\/wp-content\\\/uploads\\\/2022\\\/09\\\/52389391025_1456898aed_c.jpg?fit=799%2C533&ssl=1\",\"width\":799,\"height\":533,\"caption\":\"foto: CBF oficial\"},{\"@type\":\"BreadcrumbList\",\"@id\":\"https:\\\/\\\/blogdoprosperi.com\\\/?p=39716#breadcrumb\",\"itemListElement\":[{\"@type\":\"ListItem\",\"position\":1,\"name\":\"In\u00edcio\",\"item\":\"https:\\\/\\\/blogdoprosperi.com\\\/\"},{\"@type\":\"ListItem\",\"position\":2,\"name\":\"Neymar, alvo e bomba ao mesmo tempo\"}]},{\"@type\":\"WebSite\",\"@id\":\"https:\\\/\\\/blogdoprosperi.com\\\/#website\",\"url\":\"https:\\\/\\\/blogdoprosperi.com\\\/\",\"name\":\"PR\u00d3SPERI NEWS\",\"description\":\"TUDO \u00c9  FUTEBOL\",\"publisher\":{\"@id\":\"https:\\\/\\\/blogdoprosperi.com\\\/#\\\/schema\\\/person\\\/38100755ce3601861ee4fab9b5aa78e9\"},\"alternateName\":\"blogdoprosperi.com\",\"potentialAction\":[{\"@type\":\"SearchAction\",\"target\":{\"@type\":\"EntryPoint\",\"urlTemplate\":\"https:\\\/\\\/blogdoprosperi.com\\\/?s={search_term_string}\"},\"query-input\":{\"@type\":\"PropertyValueSpecification\",\"valueRequired\":true,\"valueName\":\"search_term_string\"}}],\"inLanguage\":\"pt-BR\"},{\"@type\":[\"Person\",\"Organization\"],\"@id\":\"https:\\\/\\\/blogdoprosperi.com\\\/#\\\/schema\\\/person\\\/38100755ce3601861ee4fab9b5aa78e9\",\"name\":\"Luiz Ant\u00f4nio Pr\u00f3speri\",\"pronouns\":\"ele\",\"image\":{\"@type\":\"ImageObject\",\"inLanguage\":\"pt-BR\",\"@id\":\"https:\\\/\\\/i0.wp.com\\\/blogdoprosperi.com\\\/wp-content\\\/uploads\\\/2026\\\/05\\\/cropped-8059e613-6002-42fa-961e-8e275f575d71-2-5.jpg?fit=1360%2C931&ssl=1\",\"url\":\"https:\\\/\\\/i0.wp.com\\\/blogdoprosperi.com\\\/wp-content\\\/uploads\\\/2026\\\/05\\\/cropped-8059e613-6002-42fa-961e-8e275f575d71-2-5.jpg?fit=1360%2C931&ssl=1\",\"contentUrl\":\"https:\\\/\\\/i0.wp.com\\\/blogdoprosperi.com\\\/wp-content\\\/uploads\\\/2026\\\/05\\\/cropped-8059e613-6002-42fa-961e-8e275f575d71-2-5.jpg?fit=1360%2C931&ssl=1\",\"width\":1360,\"height\":931,\"caption\":\"Luiz Ant\u00f4nio Pr\u00f3speri\"},\"logo\":{\"@id\":\"https:\\\/\\\/i0.wp.com\\\/blogdoprosperi.com\\\/wp-content\\\/uploads\\\/2026\\\/05\\\/cropped-8059e613-6002-42fa-961e-8e275f575d71-2-5.jpg?fit=1360%2C931&ssl=1\"},\"description\":\"Jornalista com carreira dedicada ao esporte. Cobriu 9 Copas do Mundo in loco, 1990 na It\u00e1lia, 1994 nos EUA, 1998 na Fran\u00e7a, 2002 na Coreia do Sul e Jap\u00e3o, 2006 na Alemanha, 2010 na \u00c1frica do Sul, 2014 no Brasil, 2018 na R\u00fassia e 2022 no Qatar. Eurocopas, 1992 na Su\u00e9cia e 1996 na Inglaterra. Copa das Confedera\u00e7\u00f5es de 2005 na Alemanha e 2009 na \u00c1frica do Sul. Rep\u00f3rter e Editor, trabalhou no Jornal da Tarde e Estad\u00e3o, de 1984 a fevereiro de 2016. Colunista, blogueiro. E comentarista de futebol na R\u00e1dio Estad\u00e3o, de 2013 a fevereiro de 2016. Jornalista respons\u00e1vel do \\\"Pr\u00f3speri News\\\" (blogdoprosperi.com).\",\"sameAs\":[\"http:\\\/\\\/blogdoprosperi.com\",\"Luiz Pr\u00f3speri\",\"@luiz_prosperi\",\"https:\\\/\\\/x.com\\\/Luizprosperi\",\"@prosperinacopa\",\"luiz.prosperi@icloud.com\"],\"url\":\"https:\\\/\\\/blogdoprosperi.com\\\/?author=102107496\"}]}<\/script>\n<!-- \/ Yoast SEO plugin. -->","yoast_head_json":{"title":"Neymar, alvo e bomba ao mesmo tempo - PR\u00d3SPERI NEWS","robots":{"index":"index","follow":"follow","max-snippet":"max-snippet:-1","max-image-preview":"max-image-preview:large","max-video-preview":"max-video-preview:-1"},"canonical":"https:\/\/blogdoprosperi.com\/?p=39716","og_locale":"pt_BR","og_type":"article","og_title":"Neymar, alvo e bomba ao mesmo tempo - PR\u00d3SPERI NEWS","og_description":"Neymar \u00e9 o alvo e a bomba ao mesmo tempo. Tite tem consci\u00eancia do que pode acontecer na [&hellip;]","og_url":"https:\/\/blogdoprosperi.com\/?p=39716","og_site_name":"PR\u00d3SPERI NEWS","article_publisher":"Luiz Pr\u00f3speri","article_author":"Luiz Pr\u00f3speri","article_published_time":"2022-09-27T22:26:56+00:00","article_modified_time":"2022-09-28T20:59:04+00:00","og_image":[{"width":799,"height":533,"url":"https:\/\/i0.wp.com\/blogdoprosperi.com\/wp-content\/uploads\/2022\/09\/52389391025_1456898aed_c.jpg?fit=799%2C533&ssl=1","type":"image\/jpeg"}],"author":"Luiz Ant\u00f4nio Pr\u00f3speri","twitter_card":"summary_large_image","twitter_creator":"@Luizprosperi","twitter_site":"@Luizprosperi","twitter_misc":{"Escrito por":"Luiz Ant\u00f4nio Pr\u00f3speri","Est. tempo de leitura":"3 minutos"},"schema":{"@context":"https:\/\/schema.org","@graph":[{"@type":"Article","@id":"https:\/\/blogdoprosperi.com\/?p=39716#article","isPartOf":{"@id":"https:\/\/blogdoprosperi.com\/?p=39716"},"author":{"name":"Luiz Ant\u00f4nio Pr\u00f3speri","@id":"https:\/\/blogdoprosperi.com\/#\/schema\/person\/38100755ce3601861ee4fab9b5aa78e9"},"headline":"Neymar, alvo e bomba ao mesmo tempo","datePublished":"2022-09-27T22:26:56+00:00","dateModified":"2022-09-28T20:59:04+00:00","mainEntityOfPage":{"@id":"https:\/\/blogdoprosperi.com\/?p=39716"},"wordCount":650,"commentCount":0,"publisher":{"@id":"https:\/\/blogdoprosperi.com\/#\/schema\/person\/38100755ce3601861ee4fab9b5aa78e9"},"image":{"@id":"https:\/\/blogdoprosperi.com\/?p=39716#primaryimage"},"thumbnailUrl":"https:\/\/i0.wp.com\/blogdoprosperi.com\/wp-content\/uploads\/2022\/09\/52389391025_1456898aed_c.jpg?fit=799%2C533&ssl=1","keywords":["amistosos da Sele\u00e7\u00e3o Brasileira","Copa Qatar 2022","futebol","Neymar","Tite"],"articleSection":["catar 2022","copa do mundo catar 2022","futebol","qatar 2022","Sele\u00e7\u00e3o Brasileira"],"inLanguage":"pt-BR","potentialAction":[{"@type":"CommentAction","name":"Comment","target":["https:\/\/blogdoprosperi.com\/?p=39716#respond"]}]},{"@type":"WebPage","@id":"https:\/\/blogdoprosperi.com\/?p=39716","url":"https:\/\/blogdoprosperi.com\/?p=39716","name":"Neymar, alvo e bomba ao mesmo tempo - PR\u00d3SPERI NEWS","isPartOf":{"@id":"https:\/\/blogdoprosperi.com\/#website"},"primaryImageOfPage":{"@id":"https:\/\/blogdoprosperi.com\/?p=39716#primaryimage"},"image":{"@id":"https:\/\/blogdoprosperi.com\/?p=39716#primaryimage"},"thumbnailUrl":"https:\/\/i0.wp.com\/blogdoprosperi.com\/wp-content\/uploads\/2022\/09\/52389391025_1456898aed_c.jpg?fit=799%2C533&ssl=1","datePublished":"2022-09-27T22:26:56+00:00","dateModified":"2022-09-28T20:59:04+00:00","breadcrumb":{"@id":"https:\/\/blogdoprosperi.com\/?p=39716#breadcrumb"},"inLanguage":"pt-BR","potentialAction":[{"@type":"ReadAction","target":["https:\/\/blogdoprosperi.com\/?p=39716"]}]},{"@type":"ImageObject","inLanguage":"pt-BR","@id":"https:\/\/blogdoprosperi.com\/?p=39716#primaryimage","url":"https:\/\/i0.wp.com\/blogdoprosperi.com\/wp-content\/uploads\/2022\/09\/52389391025_1456898aed_c.jpg?fit=799%2C533&ssl=1","contentUrl":"https:\/\/i0.wp.com\/blogdoprosperi.com\/wp-content\/uploads\/2022\/09\/52389391025_1456898aed_c.jpg?fit=799%2C533&ssl=1","width":799,"height":533,"caption":"foto: CBF oficial"},{"@type":"BreadcrumbList","@id":"https:\/\/blogdoprosperi.com\/?p=39716#breadcrumb","itemListElement":[{"@type":"ListItem","position":1,"name":"In\u00edcio","item":"https:\/\/blogdoprosperi.com\/"},{"@type":"ListItem","position":2,"name":"Neymar, alvo e bomba ao mesmo tempo"}]},{"@type":"WebSite","@id":"https:\/\/blogdoprosperi.com\/#website","url":"https:\/\/blogdoprosperi.com\/","name":"PR\u00d3SPERI NEWS","description":"TUDO \u00c9  FUTEBOL","publisher":{"@id":"https:\/\/blogdoprosperi.com\/#\/schema\/person\/38100755ce3601861ee4fab9b5aa78e9"},"alternateName":"blogdoprosperi.com","potentialAction":[{"@type":"SearchAction","target":{"@type":"EntryPoint","urlTemplate":"https:\/\/blogdoprosperi.com\/?s={search_term_string}"},"query-input":{"@type":"PropertyValueSpecification","valueRequired":true,"valueName":"search_term_string"}}],"inLanguage":"pt-BR"},{"@type":["Person","Organization"],"@id":"https:\/\/blogdoprosperi.com\/#\/schema\/person\/38100755ce3601861ee4fab9b5aa78e9","name":"Luiz Ant\u00f4nio Pr\u00f3speri","pronouns":"ele","image":{"@type":"ImageObject","inLanguage":"pt-BR","@id":"https:\/\/i0.wp.com\/blogdoprosperi.com\/wp-content\/uploads\/2026\/05\/cropped-8059e613-6002-42fa-961e-8e275f575d71-2-5.jpg?fit=1360%2C931&ssl=1","url":"https:\/\/i0.wp.com\/blogdoprosperi.com\/wp-content\/uploads\/2026\/05\/cropped-8059e613-6002-42fa-961e-8e275f575d71-2-5.jpg?fit=1360%2C931&ssl=1","contentUrl":"https:\/\/i0.wp.com\/blogdoprosperi.com\/wp-content\/uploads\/2026\/05\/cropped-8059e613-6002-42fa-961e-8e275f575d71-2-5.jpg?fit=1360%2C931&ssl=1","width":1360,"height":931,"caption":"Luiz Ant\u00f4nio Pr\u00f3speri"},"logo":{"@id":"https:\/\/i0.wp.com\/blogdoprosperi.com\/wp-content\/uploads\/2026\/05\/cropped-8059e613-6002-42fa-961e-8e275f575d71-2-5.jpg?fit=1360%2C931&ssl=1"},"description":"Jornalista com carreira dedicada ao esporte. Cobriu 9 Copas do Mundo in loco, 1990 na It\u00e1lia, 1994 nos EUA, 1998 na Fran\u00e7a, 2002 na Coreia do Sul e Jap\u00e3o, 2006 na Alemanha, 2010 na \u00c1frica do Sul, 2014 no Brasil, 2018 na R\u00fassia e 2022 no Qatar. Eurocopas, 1992 na Su\u00e9cia e 1996 na Inglaterra. Copa das Confedera\u00e7\u00f5es de 2005 na Alemanha e 2009 na \u00c1frica do Sul. Rep\u00f3rter e Editor, trabalhou no Jornal da Tarde e Estad\u00e3o, de 1984 a fevereiro de 2016. Colunista, blogueiro. E comentarista de futebol na R\u00e1dio Estad\u00e3o, de 2013 a fevereiro de 2016. Jornalista respons\u00e1vel do \"Pr\u00f3speri News\" (blogdoprosperi.com).","sameAs":["http:\/\/blogdoprosperi.com","Luiz Pr\u00f3speri","@luiz_prosperi","https:\/\/x.com\/Luizprosperi","@prosperinacopa","luiz.prosperi@icloud.com"],"url":"https:\/\/blogdoprosperi.com\/?author=102107496"}]}},"jetpack_publicize_connections":[],"jetpack_likes_enabled":false,"jetpack_sharing_enabled":true,"jetpack_shortlink":"https:\/\/wp.me\/p7jvdk-akA","jetpack-related-posts":[{"id":39594,"url":"https:\/\/blogdoprosperi.com\/?p=39594","url_meta":{"origin":39716,"position":0},"title":"Brasil passeia no pen\u00faltimo amistoso antes da Copa Qatar 2022","author":"Luiz Ant\u00f4nio Pr\u00f3speri","date":"23 de setembro de 2022","format":false,"excerpt":"Sele\u00e7\u00e3o Brasileira vence Gana sem nenhum constrangimento no pen\u00faltimo amistoso antes da estreia na Copa do Mundo Qatar 2022. A vit\u00f3ria por 3 a 0, constru\u00edda no primeiro tempo, tem participa\u00e7\u00e3o decisiva do atacante Richarlison, autor de dois gols, em Le Havre na Fran\u00e7a. Brasil molda o primeiro tempo do\u2026","rel":"","context":"Em &quot;catar 2022&quot;","block_context":{"text":"catar 2022","link":"https:\/\/blogdoprosperi.com\/?cat=47094043"},"img":{"alt_text":"","src":"https:\/\/i0.wp.com\/blogdoprosperi.com\/wp-content\/uploads\/2022\/09\/52379122781_8ca520c918_c.jpg?fit=799%2C533&ssl=1&resize=350%2C200","width":350,"height":200,"srcset":"https:\/\/i0.wp.com\/blogdoprosperi.com\/wp-content\/uploads\/2022\/09\/52379122781_8ca520c918_c.jpg?fit=799%2C533&ssl=1&resize=350%2C200 1x, https:\/\/i0.wp.com\/blogdoprosperi.com\/wp-content\/uploads\/2022\/09\/52379122781_8ca520c918_c.jpg?fit=799%2C533&ssl=1&resize=525%2C300 1.5x, https:\/\/i0.wp.com\/blogdoprosperi.com\/wp-content\/uploads\/2022\/09\/52379122781_8ca520c918_c.jpg?fit=799%2C533&ssl=1&resize=700%2C400 2x"},"classes":[]},{"id":39667,"url":"https:\/\/blogdoprosperi.com\/?p=39667","url_meta":{"origin":39716,"position":1},"title":"Brasil vence Tun\u00edsia com goleada e manda recado \u00e0 concorr\u00eancia e racismo","author":"Luiz Ant\u00f4nio Pr\u00f3speri","date":"27 de setembro de 2022","format":false,"excerpt":"Brasil vence amistoso no est\u00e1dio do PSG em Paris. Jogo tem momentos de f\u00faria e racismo com banana atirada no campo.","rel":"","context":"Em &quot;catar 2022&quot;","block_context":{"text":"catar 2022","link":"https:\/\/blogdoprosperi.com\/?cat=47094043"},"img":{"alt_text":"","src":"https:\/\/i0.wp.com\/blogdoprosperi.com\/wp-content\/uploads\/2022\/09\/52388807461_00a5b7804e_c-1.jpg?fit=799%2C533&ssl=1&resize=350%2C200","width":350,"height":200,"srcset":"https:\/\/i0.wp.com\/blogdoprosperi.com\/wp-content\/uploads\/2022\/09\/52388807461_00a5b7804e_c-1.jpg?fit=799%2C533&ssl=1&resize=350%2C200 1x, https:\/\/i0.wp.com\/blogdoprosperi.com\/wp-content\/uploads\/2022\/09\/52388807461_00a5b7804e_c-1.jpg?fit=799%2C533&ssl=1&resize=525%2C300 1.5x, https:\/\/i0.wp.com\/blogdoprosperi.com\/wp-content\/uploads\/2022\/09\/52388807461_00a5b7804e_c-1.jpg?fit=799%2C533&ssl=1&resize=700%2C400 2x"},"classes":[]},{"id":41758,"url":"https:\/\/blogdoprosperi.com\/?p=41758","url_meta":{"origin":39716,"position":2},"title":"Guru de Tite chega em 2024 e renova\u00e7\u00e3o da Sele\u00e7\u00e3o corre risco","author":"Luiz Ant\u00f4nio Pr\u00f3speri","date":"20 de junho de 2023","format":false,"excerpt":"Chegada de Carlo Ancelotti em 2024 lan\u00e7a uma quest\u00e3o fundamental: como \u00e9 que fica o processo de remontagem da Sele\u00e7\u00e3o Brasileira?","rel":"","context":"Em &quot;catar 2022&quot;","block_context":{"text":"catar 2022","link":"https:\/\/blogdoprosperi.com\/?cat=47094043"},"img":{"alt_text":"","src":"https:\/\/i0.wp.com\/blogdoprosperi.com\/wp-content\/uploads\/2023\/06\/52989781650_5ca2b0913b_c.jpg?fit=800%2C477&ssl=1&resize=350%2C200","width":350,"height":200,"srcset":"https:\/\/i0.wp.com\/blogdoprosperi.com\/wp-content\/uploads\/2023\/06\/52989781650_5ca2b0913b_c.jpg?fit=800%2C477&ssl=1&resize=350%2C200 1x, https:\/\/i0.wp.com\/blogdoprosperi.com\/wp-content\/uploads\/2023\/06\/52989781650_5ca2b0913b_c.jpg?fit=800%2C477&ssl=1&resize=525%2C300 1.5x, https:\/\/i0.wp.com\/blogdoprosperi.com\/wp-content\/uploads\/2023\/06\/52989781650_5ca2b0913b_c.jpg?fit=800%2C477&ssl=1&resize=700%2C400 2x"},"classes":[]},{"id":39468,"url":"https:\/\/blogdoprosperi.com\/?p=39468","url_meta":{"origin":39716,"position":3},"title":"O medo de Tite: repetir fracasso da Copa 2018","author":"Luiz Ant\u00f4nio Pr\u00f3speri","date":"9 de setembro de 2022","format":false,"excerpt":"Tite carrega o medo de novo fracasso na Copa, por isso n\u00e3o fecha grupo da Sele\u00e7\u00e3o que vai ao Qatar.","rel":"","context":"Em &quot;catar 2022&quot;","block_context":{"text":"catar 2022","link":"https:\/\/blogdoprosperi.com\/?cat=47094043"},"img":{"alt_text":"Tite volta, Neymar e Fiel sonham","src":"https:\/\/i0.wp.com\/blogdoprosperi.com\/wp-content\/uploads\/2019\/06\/tite-brasil-bolivia-copa-america-14062019_7vayb96nx9dm1s6fvpi6p480l.jpg?fit=1200%2C675&ssl=1&resize=350%2C200","width":350,"height":200,"srcset":"https:\/\/i0.wp.com\/blogdoprosperi.com\/wp-content\/uploads\/2019\/06\/tite-brasil-bolivia-copa-america-14062019_7vayb96nx9dm1s6fvpi6p480l.jpg?fit=1200%2C675&ssl=1&resize=350%2C200 1x, https:\/\/i0.wp.com\/blogdoprosperi.com\/wp-content\/uploads\/2019\/06\/tite-brasil-bolivia-copa-america-14062019_7vayb96nx9dm1s6fvpi6p480l.jpg?fit=1200%2C675&ssl=1&resize=525%2C300 1.5x, https:\/\/i0.wp.com\/blogdoprosperi.com\/wp-content\/uploads\/2019\/06\/tite-brasil-bolivia-copa-america-14062019_7vayb96nx9dm1s6fvpi6p480l.jpg?fit=1200%2C675&ssl=1&resize=700%2C400 2x, https:\/\/i0.wp.com\/blogdoprosperi.com\/wp-content\/uploads\/2019\/06\/tite-brasil-bolivia-copa-america-14062019_7vayb96nx9dm1s6fvpi6p480l.jpg?fit=1200%2C675&ssl=1&resize=1050%2C600 3x"},"classes":[]},{"id":40141,"url":"https:\/\/blogdoprosperi.com\/?p=40141","url_meta":{"origin":39716,"position":4},"title":"Opini\u00e3o: Tite \u00e9 devorado pela Copa do Mundo","author":"Luiz Ant\u00f4nio Pr\u00f3speri","date":"2 de dezembro de 2022","format":false,"excerpt":"\"Copa do Mundo te consome\". A senten\u00e7a \u00e9 de Tite, na madrugada fresca de Doha, pouco menos de duas horas ap\u00f3s ser abatido por Camar\u00f5es. Mais que consumir, a Copa \u00e9 massacrante. N\u00e3o se tem tempo de respirar. Tite sabe, ou deveria saber, que n\u00e3o se pode improvisar. Ao lan\u00e7ar\u2026","rel":"","context":"Em &quot;catar 2022&quot;","block_context":{"text":"catar 2022","link":"https:\/\/blogdoprosperi.com\/?cat=47094043"},"img":{"alt_text":"","src":"https:\/\/i0.wp.com\/blogdoprosperi.com\/wp-content\/uploads\/2022\/12\/52538870474_f8a1e9b99d_c.jpg?fit=799%2C533&ssl=1&resize=350%2C200","width":350,"height":200,"srcset":"https:\/\/i0.wp.com\/blogdoprosperi.com\/wp-content\/uploads\/2022\/12\/52538870474_f8a1e9b99d_c.jpg?fit=799%2C533&ssl=1&resize=350%2C200 1x, https:\/\/i0.wp.com\/blogdoprosperi.com\/wp-content\/uploads\/2022\/12\/52538870474_f8a1e9b99d_c.jpg?fit=799%2C533&ssl=1&resize=525%2C300 1.5x, https:\/\/i0.wp.com\/blogdoprosperi.com\/wp-content\/uploads\/2022\/12\/52538870474_f8a1e9b99d_c.jpg?fit=799%2C533&ssl=1&resize=700%2C400 2x"},"classes":[]},{"id":40263,"url":"https:\/\/blogdoprosperi.com\/?p=40263","url_meta":{"origin":39716,"position":5},"title":"Ronaldo Fen\u00f4meno: &#8216;Se comeu carne folheada a ouro&#8230; n\u00e3o tem nada de errado&#8217;","author":"Luiz Ant\u00f4nio Pr\u00f3speri","date":"5 de dezembro de 2022","format":false,"excerpt":"Ronaldo Fen\u00f4meno volta a se incomodar com o que ele chama \"discurso de \u00f3dio\" ao comportamento dos jogadores da Sele\u00e7\u00e3o.","rel":"","context":"Em &quot;copa do mundo catar 2022&quot;","block_context":{"text":"copa do mundo catar 2022","link":"https:\/\/blogdoprosperi.com\/?cat=301049609"},"img":{"alt_text":"Ronaldo Fen\u00f4meno fora da CBF","src":"https:\/\/i0.wp.com\/blogdoprosperi.com\/wp-content\/uploads\/2022\/12\/ronaldo-fenomeno.webp?fit=1000%2C585&ssl=1&resize=350%2C200","width":350,"height":200,"srcset":"https:\/\/i0.wp.com\/blogdoprosperi.com\/wp-content\/uploads\/2022\/12\/ronaldo-fenomeno.webp?fit=1000%2C585&ssl=1&resize=350%2C200 1x, https:\/\/i0.wp.com\/blogdoprosperi.com\/wp-content\/uploads\/2022\/12\/ronaldo-fenomeno.webp?fit=1000%2C585&ssl=1&resize=525%2C300 1.5x, https:\/\/i0.wp.com\/blogdoprosperi.com\/wp-content\/uploads\/2022\/12\/ronaldo-fenomeno.webp?fit=1000%2C585&ssl=1&resize=700%2C400 2x"},"classes":[]}],"jetpack_featured_media_url":"https:\/\/i0.wp.com\/blogdoprosperi.com\/wp-content\/uploads\/2022\/09\/52389391025_1456898aed_c.jpg?fit=799%2C533&ssl=1","_links":{"self":[{"href":"https:\/\/blogdoprosperi.com\/index.php?rest_route=\/wp\/v2\/posts\/39716","targetHints":{"allow":["GET"]}}],"collection":[{"href":"https:\/\/blogdoprosperi.com\/index.php?rest_route=\/wp\/v2\/posts"}],"about":[{"href":"https:\/\/blogdoprosperi.com\/index.php?rest_route=\/wp\/v2\/types\/post"}],"author":[{"embeddable":true,"href":"https:\/\/blogdoprosperi.com\/index.php?rest_route=\/wp\/v2\/users\/102107496"}],"replies":[{"embeddable":true,"href":"https:\/\/blogdoprosperi.com\/index.php?rest_route=%2Fwp%2Fv2%2Fcomments&post=39716"}],"version-history":[{"count":12,"href":"https:\/\/blogdoprosperi.com\/index.php?rest_route=\/wp\/v2\/posts\/39716\/revisions"}],"predecessor-version":[{"id":39753,"href":"https:\/\/blogdoprosperi.com\/index.php?rest_route=\/wp\/v2\/posts\/39716\/revisions\/39753"}],"wp:featuredmedia":[{"embeddable":true,"href":"https:\/\/blogdoprosperi.com\/index.php?rest_route=\/wp\/v2\/media\/39727"}],"wp:attachment":[{"href":"https:\/\/blogdoprosperi.com\/index.php?rest_route=%2Fwp%2Fv2%2Fmedia&parent=39716"}],"wp:term":[{"taxonomy":"category","embeddable":true,"href":"https:\/\/blogdoprosperi.com\/index.php?rest_route=%2Fwp%2Fv2%2Fcategories&post=39716"},{"taxonomy":"post_tag","embeddable":true,"href":"https:\/\/blogdoprosperi.com\/index.php?rest_route=%2Fwp%2Fv2%2Ftags&post=39716"}],"curies":[{"name":"wp","href":"https:\/\/api.w.org\/{rel}","templated":true}]}}