{"id":39756,"date":"2022-09-30T17:35:40","date_gmt":"2022-09-30T20:35:40","guid":{"rendered":"https:\/\/blogdoprosperi.com\/?p=39756"},"modified":"2022-11-07T22:45:41","modified_gmt":"2022-11-08T01:45:41","slug":"neymar-apoia-bolsonaro-e-reforca-time-da-direita-o-que-diria-socrates","status":"publish","type":"post","link":"https:\/\/blogdoprosperi.com\/?p=39756","title":{"rendered":"Neymar apoia Bolsonaro e refor\u00e7a time da direita. O que diria S\u00f3crates?"},"content":{"rendered":"<p>Neymar divulga v\u00eddeo no TikTok declarando apoio ao candidato Jair Bolsonaro. Em seguida, Felipe Mello re\u00fane sua fam\u00edlia, veste amarelinha, e repete gesto do camisa 10 da Sele\u00e7\u00e3o Brasileira. O t\u00e9cnico Renato Ga\u00facho entra no jogo e refor\u00e7a o time de bolsonaristas do futebol. A rea\u00e7\u00e3o ao v\u00eddeo de Neymar foi forte no Brasil e na Europa.<\/p>\n<p>&#8220;Sua atitude (<em>de Neymar<\/em>) parece completamente <strong>esquizofr\u00eanica quando se considera que muitos dos jogadores da Sele\u00e7\u00e3o s\u00e3o negros ou pardos, e que s\u00e3o os primeiros a ficar indignados, e com raz\u00e3o, quando um de seus pr\u00f3prios jogadores \u00e9 <span style=\"color:#0000ff;\"><a style=\"color:#0000ff;\" href=\"https:\/\/blogdoprosperi.com\/2022\/09\/27\/brasil-vence-tunisia-com-goleada-e-manda-recado-a-concorrencia-na-copa\/\">v\u00edtima de racismo<\/a><\/span><\/strong>\u201d, disse o jornal <em>Lib\u00e9ration<\/em>, de Paris, cidade onde Neymar reside e joga no Paris Saint-Germain (PSG).<\/p>\n<p>&#8220;E ao mesmo tempo, apoiando um candidato (<em>de extrema-direita<\/em>) que certa vez disse que seus filhos \u2018n\u00e3o se apaixonar\u00e3o por uma mulher negra porque foram muito bem educados&#8217;\u201d, conclui o jornal.<\/p>\n<p>As manifesta\u00e7\u00f5es de Neymar, Felipe Mello e Renato Ga\u00facho dominaram a cena na quinta-feira (29\/9), horas antes do Debate da Globo.<\/p>\n<blockquote><p>&#8220;Me revolto quando vejo jogador de direita. N\u00f3s viemos de baixo, fomos criados com a massa. Como vamos ficar do lado de l\u00e1? Vai apoiar Bolsonaro, meu irm\u00e3o?&#8221; \u2013 Juninho Pernambucano, jornal <em>El Pa\u00eds, <\/em>ao rep\u00f3rter Breiller Pires<\/p><\/blockquote>\n<p>Quem acompanha a carreira dos tr\u00eas n\u00e3o se surpreendeu com a posi\u00e7\u00e3o que eles tomaram a tr\u00eas dias das elei\u00e7\u00f5es presidenciais. Desde 2018, Neymar, <span style=\"color:#0000ff;\"><strong>Felipe Melo<\/strong><\/span> e Renato Ga\u00facho est\u00e3o do lado de Bolsonaro.<\/p>\n<p>Em nenhum momento os tr\u00eas fizeram qualquer cr\u00edtica ao presidente na forma como conduziu a Covid, queimadas na Amaz\u00f4nia, manifesta\u00e7\u00f5es homof\u00f3bicas, racistas e desprezo \u00e0s mulheres.<\/p>\n<p>Neymar talvez tenha motivos de sobra para se abrigar na trincheira de Bolsonaro.&nbsp;H\u00e1 pelo menos dois anos, <strong>Neymar pai negocia com o governo Bolsonaro uma multa aplicada pela Receita Federal no valor de R$ 188 milh\u00f5es, por problemas no exerc\u00edcio fiscal das empresas<\/strong> de Neymar Jr entre 2011 e 2013.<\/p>\n<p>Por enquanto, n\u00e3o se tem not\u00edcia se a d\u00edvida das empresas de Neymar foi equacionada ou at\u00e9 mesmo perdoada pelo atual governo.<\/p>\n<p>O <span style=\"color:#0000ff;\"><strong><a style=\"color:#0000ff;\" href=\"https:\/\/blogdoprosperi.com\/2022\/07\/27\/neymar-vai-ao-banco-dos-reus-em-barcelona-a-um-mes-da-copa-do-mundo-catar-2022\/\">craque tamb\u00e9m est\u00e1 encrencado na Espanha<\/a><\/strong><\/span> e vai a julgamento nem novembro por problemas coma Receita espanhola na sua transfer\u00eancia do Santos para o Barcelona em 2013.<\/p>\n<p>Ao divulgar o v\u00eddeo de apoio a Bolsonaro, com direito a dancinhas e o n\u00famero do candidato na urna eletr\u00f4nica, <span style=\"color:#0000ff;\"><strong><a style=\"color:#0000ff;\" href=\"https:\/\/blogdoprosperi.com\/2018\/06\/25\/pai-de-neymar-pede-tregua-na-guerra-aos-desafetos-do-filho\/\">Neymar se viu alvo de cr\u00edticas pesadas<\/a><\/strong><\/span>.<\/p>\n<p>&#8220;<strong>Neymar, esse v\u00eddeo de apoio a Bolsonaro, com essa dancinha, parece o seu comportamento na Copa de 2018, em que voc\u00ea s\u00f3 se jogava no ch\u00e3o e foi pat\u00e9tico.<\/strong> Agora voc\u00ea est\u00e1 no ch\u00e3o novamente, s\u00f3 que com um assunto ainda mais s\u00e9rio&#8230; apoiando&nbsp;o candidato mais preconceituoso da hist\u00f3ria pol\u00edtica brasileira, que j\u00e1 soltou falas homof\u00f3bicas, machistas e obviamente racistas\u201d, bateu <span style=\"color:#0000ff;\"><strong><a style=\"color:#0000ff;\" href=\"https:\/\/blogdoprosperi.com\/2021\/03\/23\/a-nova-ditadura-do-futebol-brasileiro\/\">Casagrande.<\/a><\/strong><\/span><\/p>\n<div class=\"embed-twitter\">\n<blockquote class=\"twitter-tweet\" data-width=\"550\" data-dnt=\"true\">\n<p lang=\"pt\" dir=\"ltr\">Falam em democracia e um mont\u00e3o de coisa, mas quando algu\u00e9m tem um opini\u00e3o diferente \u00e9 atacado pelas pr\u00f3prias pessoas que falam em democracia. Vai entender \ud83d\ude02\ud83e\udd37\ud83c\udffd\u200d\u2642\ufe0f<\/p>\n<p>&mdash; Neymar Jr (@neymarjr) <a href=\"https:\/\/twitter.com\/neymarjr\/status\/1575793934441549824?ref_src=twsrc%5Etfw\">September 30, 2022<\/a><\/p><\/blockquote>\n<p><script async src=\"https:\/\/platform.twitter.com\/widgets.js\" charset=\"utf-8\"><\/script><\/div>\n<p>A resposta de Neymar \u00e9 um direito do cidad\u00e3o. Assim como os que criticam sua decis\u00e3o tamb\u00e9m t\u00eam o direito de opinar. \u00c9 da democracia.<\/p>\n<p>O fato \u00e9 que a maioria da classe de jogadores brasileiros de futebol n\u00e3o t\u00eam posi\u00e7\u00e3o pol\u00edtica. N\u00e3o seria surpresa se declarassem de direita.<\/p>\n<p>Rivaldo, Marcos (goleiro), Lucas Moura, <span style=\"color:#0000ff;\"><strong><a style=\"color:#0000ff;\" href=\"https:\/\/blogdoprosperi.com\/2016\/04\/14\/o-enigma-neymar\/\">Ronaldinho Ga\u00facho<\/a><\/strong><\/span>, por exemplo, defendem Bolsonaro e j\u00e1 declararam voto no presidente. <span style=\"color:#0000ff;\"><strong><a style=\"color:#0000ff;\" href=\"https:\/\/blogdoprosperi.com\/2020\/12\/10\/robinho-e-condenado-a-nove-anos-de-prisao-por-violencia-sexual\/\">Robinho<\/a><\/strong><\/span>, condenado por estupro na It\u00e1lia, aderiu ao presidente nesta sexta-feira (30\/9).<\/p>\n<figure id=\"attachment_39774\" aria-describedby=\"caption-attachment-39774\" style=\"width: 444px\" class=\"wp-caption alignnone\"><img data-recalc-dims=\"1\" loading=\"lazy\" decoding=\"async\" data-attachment-id=\"39774\" data-permalink=\"https:\/\/blogdoprosperi.com\/?attachment_id=39774\" data-orig-file=\"https:\/\/i0.wp.com\/blogdoprosperi.com\/wp-content\/uploads\/2022\/09\/reinaldo_-_atletico_mineiro.jpg?fit=444%2C588&amp;ssl=1\" data-orig-size=\"444,588\" data-comments-opened=\"1\" data-image-meta=\"{&quot;aperture&quot;:&quot;0&quot;,&quot;credit&quot;:&quot;&quot;,&quot;camera&quot;:&quot;&quot;,&quot;caption&quot;:&quot;&quot;,&quot;created_timestamp&quot;:&quot;0&quot;,&quot;copyright&quot;:&quot;&quot;,&quot;focal_length&quot;:&quot;0&quot;,&quot;iso&quot;:&quot;0&quot;,&quot;shutter_speed&quot;:&quot;0&quot;,&quot;title&quot;:&quot;&quot;,&quot;orientation&quot;:&quot;0&quot;}\" data-image-title=\"Reinaldo, jogador de esquerda\" data-image-description=\"\" data-image-caption=\"&lt;p&gt;foto: reprodu\u00e7\u00e3o&lt;\/p&gt;\n\" data-large-file=\"https:\/\/i0.wp.com\/blogdoprosperi.com\/wp-content\/uploads\/2022\/09\/reinaldo_-_atletico_mineiro.jpg?fit=444%2C588&amp;ssl=1\" class=\"size-full wp-image-39774\" src=\"https:\/\/i0.wp.com\/blogdoprosperi.com\/wp-content\/uploads\/2022\/09\/reinaldo_-_atletico_mineiro.jpg?resize=444%2C588&#038;ssl=1\" alt=\"\" width=\"444\" height=\"588\"><figcaption id=\"caption-attachment-39774\" class=\"wp-caption-text\"><em>foto: reprodu\u00e7\u00e3o<\/em><\/figcaption><\/figure>\n<p>Do outro campo da pol\u00edtica, os de esquerda, Ra\u00ed, Juninho Pernambucano, Casagrande est\u00e3o engajados na candidatura do ex-presidente Lula. Os tr\u00eas ex-jogadores representam, por exemplo, o pensamento de dois expoentes do futebol brasileiro: Reinaldo (<em>foto acima<\/em>) e S\u00f3crates quando se posicionaram contra a Ditadura Militar no Brasil e lutaram pela Democracia.<\/p>\n<div class=\"embed-twitter\">\n<blockquote class=\"twitter-tweet\" data-width=\"550\" data-dnt=\"true\">\n<p lang=\"pt\" dir=\"ltr\">\u201cMe revolto quando vejo jogador de direita. N\u00f3s viemos de baixo, fomos criados com a massa. Como vamos ficar do lado de l\u00e1? Vai apoiar Bolsonaro, meu irm\u00e3o?\u201d \u2014 Juninho Pernambucano <a href=\"https:\/\/t.co\/8efT8zRMWB\">https:\/\/t.co\/8efT8zRMWB<\/a><\/p>\n<p>&mdash; Breiller Pires (@breiller) <a href=\"https:\/\/twitter.com\/breiller\/status\/1575595708337782784?ref_src=twsrc%5Etfw\">September 29, 2022<\/a><\/p><\/blockquote>\n<p><script async src=\"https:\/\/platform.twitter.com\/widgets.js\" charset=\"utf-8\"><\/script><\/div>\n","protected":false},"excerpt":{"rendered":"<p>Neymar divulga v\u00eddeo no TikTok declarando apoio a Bolsonaro. Jogadores de esquerda criticam atitude do craque.<\/p>\n","protected":false},"author":102107496,"featured_media":39773,"comment_status":"open","ping_status":"open","sticky":false,"template":"","format":"standard","meta":{"_coblocks_attr":"","_coblocks_dimensions":"","_coblocks_responsive_height":"","_coblocks_accordion_ie_support":"","_jetpack_newsletter_access":"","_jetpack_dont_email_post_to_subs":false,"_jetpack_newsletter_tier_id":0,"_jetpack_memberships_contains_paywalled_content":false,"_wpcom_ai_launchpad_first_post":false,"_jetpack_feature_clip_id":0,"_jetpack_memberships_contains_paid_content":false,"footnotes":"","jetpack_publicize_message":"","jetpack_publicize_feature_enabled":true,"jetpack_social_post_already_shared":false,"jetpack_social_options":{"image_generator_settings":{"template":"highway","default_image_id":0,"font":"","enabled":false},"version":2},"jetpack_post_was_ever_published":false},"categories":[53870],"tags":[16713982,20250498,120295652,5430725,789560560,4112146,755996647,789560562,5745062],"class_list":["post-39756","post","type-post","status-publish","format-standard","has-post-thumbnail","hentry","category-futebol","tag-bolsonaro","tag-dr-socrates","tag-eleicoes-2022","tag-felipe-melo","tag-futebol","tag-neymar","tag-rreinaldo","tag-selecao-brasileira","tag-walter-casagrande"],"yoast_head":"<!-- This site is optimized with the Yoast SEO plugin v28.3 - https:\/\/yoast.com\/product\/yoast-seo-wordpress\/ -->\n<title>Neymar apoia Bolsonaro e refor\u00e7a time da direita. O que diria S\u00f3crates? - PR\u00d3SPERI NEWS<\/title>\n<meta name=\"robots\" content=\"index, follow, max-snippet:-1, max-image-preview:large, max-video-preview:-1\" \/>\n<link rel=\"canonical\" href=\"https:\/\/blogdoprosperi.com\/?p=39756\" \/>\n<meta property=\"og:locale\" content=\"pt_BR\" \/>\n<meta property=\"og:type\" content=\"article\" \/>\n<meta property=\"og:title\" content=\"Neymar apoia Bolsonaro e refor\u00e7a time da direita. O que diria S\u00f3crates? - PR\u00d3SPERI NEWS\" \/>\n<meta property=\"og:description\" content=\"Neymar divulga v\u00eddeo no TikTok declarando apoio a Bolsonaro. Jogadores de esquerda criticam atitude do craque.\" \/>\n<meta property=\"og:url\" content=\"https:\/\/blogdoprosperi.com\/?p=39756\" \/>\n<meta property=\"og:site_name\" content=\"PR\u00d3SPERI NEWS\" \/>\n<meta property=\"article:publisher\" content=\"Luiz Pr\u00f3speri\" \/>\n<meta property=\"article:author\" content=\"Luiz Pr\u00f3speri\" \/>\n<meta property=\"article:published_time\" content=\"2022-09-30T20:35:40+00:00\" \/>\n<meta property=\"article:modified_time\" content=\"2022-11-08T01:45:41+00:00\" \/>\n<meta property=\"og:image\" content=\"https:\/\/i0.wp.com\/blogdoprosperi.com\/wp-content\/uploads\/2022\/09\/socrates-selecao-brasileira-copa-1986-original.jpg?fit=928%2C522&ssl=1\" \/>\n\t<meta property=\"og:image:width\" content=\"928\" \/>\n\t<meta property=\"og:image:height\" content=\"522\" \/>\n\t<meta property=\"og:image:type\" content=\"image\/jpeg\" \/>\n<meta name=\"author\" content=\"Luiz Ant\u00f4nio Pr\u00f3speri\" \/>\n<meta name=\"twitter:card\" content=\"summary_large_image\" \/>\n<meta name=\"twitter:creator\" content=\"@Luizprosperi\" \/>\n<meta name=\"twitter:site\" content=\"@Luizprosperi\" \/>\n<meta name=\"twitter:label1\" content=\"Escrito por\" \/>\n\t<meta name=\"twitter:data1\" content=\"Luiz Ant\u00f4nio Pr\u00f3speri\" \/>\n\t<meta name=\"twitter:label2\" content=\"Est. tempo de leitura\" \/>\n\t<meta name=\"twitter:data2\" content=\"3 minutos\" \/>\n<script type=\"application\/ld+json\" class=\"yoast-schema-graph\">{\"@context\":\"https:\\\/\\\/schema.org\",\"@graph\":[{\"@type\":\"Article\",\"@id\":\"https:\\\/\\\/blogdoprosperi.com\\\/?p=39756#article\",\"isPartOf\":{\"@id\":\"https:\\\/\\\/blogdoprosperi.com\\\/?p=39756\"},\"author\":{\"name\":\"Luiz Ant\u00f4nio Pr\u00f3speri\",\"@id\":\"https:\\\/\\\/blogdoprosperi.com\\\/#\\\/schema\\\/person\\\/38100755ce3601861ee4fab9b5aa78e9\"},\"headline\":\"Neymar apoia Bolsonaro e refor\u00e7a time da direita. O que diria S\u00f3crates?\",\"datePublished\":\"2022-09-30T20:35:40+00:00\",\"dateModified\":\"2022-11-08T01:45:41+00:00\",\"mainEntityOfPage\":{\"@id\":\"https:\\\/\\\/blogdoprosperi.com\\\/?p=39756\"},\"wordCount\":690,\"commentCount\":0,\"publisher\":{\"@id\":\"https:\\\/\\\/blogdoprosperi.com\\\/#\\\/schema\\\/person\\\/38100755ce3601861ee4fab9b5aa78e9\"},\"image\":{\"@id\":\"https:\\\/\\\/blogdoprosperi.com\\\/?p=39756#primaryimage\"},\"thumbnailUrl\":\"https:\\\/\\\/i0.wp.com\\\/blogdoprosperi.com\\\/wp-content\\\/uploads\\\/2022\\\/09\\\/socrates-selecao-brasileira-copa-1986-original.jpg?fit=928%2C522&ssl=1\",\"keywords\":[\"bolsonaro\",\"dr s\u00f3crates\",\"elei\u00e7\u00f5es 2022\",\"Felipe Melo\",\"futebol\",\"Neymar\",\"rreinaldo\",\"Sele\u00e7\u00e3o Brasileira\",\"walter casagrande\"],\"articleSection\":[\"futebol\"],\"inLanguage\":\"pt-BR\",\"potentialAction\":[{\"@type\":\"CommentAction\",\"name\":\"Comment\",\"target\":[\"https:\\\/\\\/blogdoprosperi.com\\\/?p=39756#respond\"]}]},{\"@type\":\"WebPage\",\"@id\":\"https:\\\/\\\/blogdoprosperi.com\\\/?p=39756\",\"url\":\"https:\\\/\\\/blogdoprosperi.com\\\/?p=39756\",\"name\":\"Neymar apoia Bolsonaro e refor\u00e7a time da direita. O que diria S\u00f3crates? - PR\u00d3SPERI NEWS\",\"isPartOf\":{\"@id\":\"https:\\\/\\\/blogdoprosperi.com\\\/#website\"},\"primaryImageOfPage\":{\"@id\":\"https:\\\/\\\/blogdoprosperi.com\\\/?p=39756#primaryimage\"},\"image\":{\"@id\":\"https:\\\/\\\/blogdoprosperi.com\\\/?p=39756#primaryimage\"},\"thumbnailUrl\":\"https:\\\/\\\/i0.wp.com\\\/blogdoprosperi.com\\\/wp-content\\\/uploads\\\/2022\\\/09\\\/socrates-selecao-brasileira-copa-1986-original.jpg?fit=928%2C522&ssl=1\",\"datePublished\":\"2022-09-30T20:35:40+00:00\",\"dateModified\":\"2022-11-08T01:45:41+00:00\",\"breadcrumb\":{\"@id\":\"https:\\\/\\\/blogdoprosperi.com\\\/?p=39756#breadcrumb\"},\"inLanguage\":\"pt-BR\",\"potentialAction\":[{\"@type\":\"ReadAction\",\"target\":[\"https:\\\/\\\/blogdoprosperi.com\\\/?p=39756\"]}]},{\"@type\":\"ImageObject\",\"inLanguage\":\"pt-BR\",\"@id\":\"https:\\\/\\\/blogdoprosperi.com\\\/?p=39756#primaryimage\",\"url\":\"https:\\\/\\\/i0.wp.com\\\/blogdoprosperi.com\\\/wp-content\\\/uploads\\\/2022\\\/09\\\/socrates-selecao-brasileira-copa-1986-original.jpg?fit=928%2C522&ssl=1\",\"contentUrl\":\"https:\\\/\\\/i0.wp.com\\\/blogdoprosperi.com\\\/wp-content\\\/uploads\\\/2022\\\/09\\\/socrates-selecao-brasileira-copa-1986-original.jpg?fit=928%2C522&ssl=1\",\"width\":928,\"height\":522,\"caption\":\"foto: reprodu\u00e7\u00e3o\"},{\"@type\":\"BreadcrumbList\",\"@id\":\"https:\\\/\\\/blogdoprosperi.com\\\/?p=39756#breadcrumb\",\"itemListElement\":[{\"@type\":\"ListItem\",\"position\":1,\"name\":\"In\u00edcio\",\"item\":\"https:\\\/\\\/blogdoprosperi.com\\\/\"},{\"@type\":\"ListItem\",\"position\":2,\"name\":\"Neymar apoia Bolsonaro e refor\u00e7a time da direita. O que diria S\u00f3crates?\"}]},{\"@type\":\"WebSite\",\"@id\":\"https:\\\/\\\/blogdoprosperi.com\\\/#website\",\"url\":\"https:\\\/\\\/blogdoprosperi.com\\\/\",\"name\":\"PR\u00d3SPERI NEWS\",\"description\":\"TUDO \u00c9  FUTEBOL\",\"publisher\":{\"@id\":\"https:\\\/\\\/blogdoprosperi.com\\\/#\\\/schema\\\/person\\\/38100755ce3601861ee4fab9b5aa78e9\"},\"alternateName\":\"blogdoprosperi.com\",\"potentialAction\":[{\"@type\":\"SearchAction\",\"target\":{\"@type\":\"EntryPoint\",\"urlTemplate\":\"https:\\\/\\\/blogdoprosperi.com\\\/?s={search_term_string}\"},\"query-input\":{\"@type\":\"PropertyValueSpecification\",\"valueRequired\":true,\"valueName\":\"search_term_string\"}}],\"inLanguage\":\"pt-BR\"},{\"@type\":[\"Person\",\"Organization\"],\"@id\":\"https:\\\/\\\/blogdoprosperi.com\\\/#\\\/schema\\\/person\\\/38100755ce3601861ee4fab9b5aa78e9\",\"name\":\"Luiz Ant\u00f4nio Pr\u00f3speri\",\"pronouns\":\"ele\",\"image\":{\"@type\":\"ImageObject\",\"inLanguage\":\"pt-BR\",\"@id\":\"https:\\\/\\\/i0.wp.com\\\/blogdoprosperi.com\\\/wp-content\\\/uploads\\\/2026\\\/05\\\/cropped-8059e613-6002-42fa-961e-8e275f575d71-2-5.jpg?fit=1360%2C931&ssl=1\",\"url\":\"https:\\\/\\\/i0.wp.com\\\/blogdoprosperi.com\\\/wp-content\\\/uploads\\\/2026\\\/05\\\/cropped-8059e613-6002-42fa-961e-8e275f575d71-2-5.jpg?fit=1360%2C931&ssl=1\",\"contentUrl\":\"https:\\\/\\\/i0.wp.com\\\/blogdoprosperi.com\\\/wp-content\\\/uploads\\\/2026\\\/05\\\/cropped-8059e613-6002-42fa-961e-8e275f575d71-2-5.jpg?fit=1360%2C931&ssl=1\",\"width\":1360,\"height\":931,\"caption\":\"Luiz Ant\u00f4nio Pr\u00f3speri\"},\"logo\":{\"@id\":\"https:\\\/\\\/i0.wp.com\\\/blogdoprosperi.com\\\/wp-content\\\/uploads\\\/2026\\\/05\\\/cropped-8059e613-6002-42fa-961e-8e275f575d71-2-5.jpg?fit=1360%2C931&ssl=1\"},\"description\":\"Jornalista com carreira dedicada ao esporte. Cobriu 9 Copas do Mundo in loco, 1990 na It\u00e1lia, 1994 nos EUA, 1998 na Fran\u00e7a, 2002 na Coreia do Sul e Jap\u00e3o, 2006 na Alemanha, 2010 na \u00c1frica do Sul, 2014 no Brasil, 2018 na R\u00fassia e 2022 no Qatar. Eurocopas, 1992 na Su\u00e9cia e 1996 na Inglaterra. Copa das Confedera\u00e7\u00f5es de 2005 na Alemanha e 2009 na \u00c1frica do Sul. Rep\u00f3rter e Editor, trabalhou no Jornal da Tarde e Estad\u00e3o, de 1984 a fevereiro de 2016. Colunista, blogueiro. E comentarista de futebol na R\u00e1dio Estad\u00e3o, de 2013 a fevereiro de 2016. Jornalista respons\u00e1vel do \\\"Pr\u00f3speri News\\\" (blogdoprosperi.com).\",\"sameAs\":[\"http:\\\/\\\/blogdoprosperi.com\",\"Luiz Pr\u00f3speri\",\"@luiz_prosperi\",\"https:\\\/\\\/x.com\\\/Luizprosperi\",\"@prosperinacopa\",\"luiz.prosperi@icloud.com\"],\"url\":\"https:\\\/\\\/blogdoprosperi.com\\\/?author=102107496\"}]}<\/script>\n<!-- \/ Yoast SEO plugin. -->","yoast_head_json":{"title":"Neymar apoia Bolsonaro e refor\u00e7a time da direita. O que diria S\u00f3crates? - PR\u00d3SPERI NEWS","robots":{"index":"index","follow":"follow","max-snippet":"max-snippet:-1","max-image-preview":"max-image-preview:large","max-video-preview":"max-video-preview:-1"},"canonical":"https:\/\/blogdoprosperi.com\/?p=39756","og_locale":"pt_BR","og_type":"article","og_title":"Neymar apoia Bolsonaro e refor\u00e7a time da direita. O que diria S\u00f3crates? - PR\u00d3SPERI NEWS","og_description":"Neymar divulga v\u00eddeo no TikTok declarando apoio a Bolsonaro. Jogadores de esquerda criticam atitude do craque.","og_url":"https:\/\/blogdoprosperi.com\/?p=39756","og_site_name":"PR\u00d3SPERI NEWS","article_publisher":"Luiz Pr\u00f3speri","article_author":"Luiz Pr\u00f3speri","article_published_time":"2022-09-30T20:35:40+00:00","article_modified_time":"2022-11-08T01:45:41+00:00","og_image":[{"width":928,"height":522,"url":"https:\/\/i0.wp.com\/blogdoprosperi.com\/wp-content\/uploads\/2022\/09\/socrates-selecao-brasileira-copa-1986-original.jpg?fit=928%2C522&ssl=1","type":"image\/jpeg"}],"author":"Luiz Ant\u00f4nio Pr\u00f3speri","twitter_card":"summary_large_image","twitter_creator":"@Luizprosperi","twitter_site":"@Luizprosperi","twitter_misc":{"Escrito por":"Luiz Ant\u00f4nio Pr\u00f3speri","Est. tempo de leitura":"3 minutos"},"schema":{"@context":"https:\/\/schema.org","@graph":[{"@type":"Article","@id":"https:\/\/blogdoprosperi.com\/?p=39756#article","isPartOf":{"@id":"https:\/\/blogdoprosperi.com\/?p=39756"},"author":{"name":"Luiz Ant\u00f4nio Pr\u00f3speri","@id":"https:\/\/blogdoprosperi.com\/#\/schema\/person\/38100755ce3601861ee4fab9b5aa78e9"},"headline":"Neymar apoia Bolsonaro e refor\u00e7a time da direita. O que diria S\u00f3crates?","datePublished":"2022-09-30T20:35:40+00:00","dateModified":"2022-11-08T01:45:41+00:00","mainEntityOfPage":{"@id":"https:\/\/blogdoprosperi.com\/?p=39756"},"wordCount":690,"commentCount":0,"publisher":{"@id":"https:\/\/blogdoprosperi.com\/#\/schema\/person\/38100755ce3601861ee4fab9b5aa78e9"},"image":{"@id":"https:\/\/blogdoprosperi.com\/?p=39756#primaryimage"},"thumbnailUrl":"https:\/\/i0.wp.com\/blogdoprosperi.com\/wp-content\/uploads\/2022\/09\/socrates-selecao-brasileira-copa-1986-original.jpg?fit=928%2C522&ssl=1","keywords":["bolsonaro","dr s\u00f3crates","elei\u00e7\u00f5es 2022","Felipe Melo","futebol","Neymar","rreinaldo","Sele\u00e7\u00e3o Brasileira","walter casagrande"],"articleSection":["futebol"],"inLanguage":"pt-BR","potentialAction":[{"@type":"CommentAction","name":"Comment","target":["https:\/\/blogdoprosperi.com\/?p=39756#respond"]}]},{"@type":"WebPage","@id":"https:\/\/blogdoprosperi.com\/?p=39756","url":"https:\/\/blogdoprosperi.com\/?p=39756","name":"Neymar apoia Bolsonaro e refor\u00e7a time da direita. O que diria S\u00f3crates? - PR\u00d3SPERI NEWS","isPartOf":{"@id":"https:\/\/blogdoprosperi.com\/#website"},"primaryImageOfPage":{"@id":"https:\/\/blogdoprosperi.com\/?p=39756#primaryimage"},"image":{"@id":"https:\/\/blogdoprosperi.com\/?p=39756#primaryimage"},"thumbnailUrl":"https:\/\/i0.wp.com\/blogdoprosperi.com\/wp-content\/uploads\/2022\/09\/socrates-selecao-brasileira-copa-1986-original.jpg?fit=928%2C522&ssl=1","datePublished":"2022-09-30T20:35:40+00:00","dateModified":"2022-11-08T01:45:41+00:00","breadcrumb":{"@id":"https:\/\/blogdoprosperi.com\/?p=39756#breadcrumb"},"inLanguage":"pt-BR","potentialAction":[{"@type":"ReadAction","target":["https:\/\/blogdoprosperi.com\/?p=39756"]}]},{"@type":"ImageObject","inLanguage":"pt-BR","@id":"https:\/\/blogdoprosperi.com\/?p=39756#primaryimage","url":"https:\/\/i0.wp.com\/blogdoprosperi.com\/wp-content\/uploads\/2022\/09\/socrates-selecao-brasileira-copa-1986-original.jpg?fit=928%2C522&ssl=1","contentUrl":"https:\/\/i0.wp.com\/blogdoprosperi.com\/wp-content\/uploads\/2022\/09\/socrates-selecao-brasileira-copa-1986-original.jpg?fit=928%2C522&ssl=1","width":928,"height":522,"caption":"foto: reprodu\u00e7\u00e3o"},{"@type":"BreadcrumbList","@id":"https:\/\/blogdoprosperi.com\/?p=39756#breadcrumb","itemListElement":[{"@type":"ListItem","position":1,"name":"In\u00edcio","item":"https:\/\/blogdoprosperi.com\/"},{"@type":"ListItem","position":2,"name":"Neymar apoia Bolsonaro e refor\u00e7a time da direita. O que diria S\u00f3crates?"}]},{"@type":"WebSite","@id":"https:\/\/blogdoprosperi.com\/#website","url":"https:\/\/blogdoprosperi.com\/","name":"PR\u00d3SPERI NEWS","description":"TUDO \u00c9  FUTEBOL","publisher":{"@id":"https:\/\/blogdoprosperi.com\/#\/schema\/person\/38100755ce3601861ee4fab9b5aa78e9"},"alternateName":"blogdoprosperi.com","potentialAction":[{"@type":"SearchAction","target":{"@type":"EntryPoint","urlTemplate":"https:\/\/blogdoprosperi.com\/?s={search_term_string}"},"query-input":{"@type":"PropertyValueSpecification","valueRequired":true,"valueName":"search_term_string"}}],"inLanguage":"pt-BR"},{"@type":["Person","Organization"],"@id":"https:\/\/blogdoprosperi.com\/#\/schema\/person\/38100755ce3601861ee4fab9b5aa78e9","name":"Luiz Ant\u00f4nio Pr\u00f3speri","pronouns":"ele","image":{"@type":"ImageObject","inLanguage":"pt-BR","@id":"https:\/\/i0.wp.com\/blogdoprosperi.com\/wp-content\/uploads\/2026\/05\/cropped-8059e613-6002-42fa-961e-8e275f575d71-2-5.jpg?fit=1360%2C931&ssl=1","url":"https:\/\/i0.wp.com\/blogdoprosperi.com\/wp-content\/uploads\/2026\/05\/cropped-8059e613-6002-42fa-961e-8e275f575d71-2-5.jpg?fit=1360%2C931&ssl=1","contentUrl":"https:\/\/i0.wp.com\/blogdoprosperi.com\/wp-content\/uploads\/2026\/05\/cropped-8059e613-6002-42fa-961e-8e275f575d71-2-5.jpg?fit=1360%2C931&ssl=1","width":1360,"height":931,"caption":"Luiz Ant\u00f4nio Pr\u00f3speri"},"logo":{"@id":"https:\/\/i0.wp.com\/blogdoprosperi.com\/wp-content\/uploads\/2026\/05\/cropped-8059e613-6002-42fa-961e-8e275f575d71-2-5.jpg?fit=1360%2C931&ssl=1"},"description":"Jornalista com carreira dedicada ao esporte. Cobriu 9 Copas do Mundo in loco, 1990 na It\u00e1lia, 1994 nos EUA, 1998 na Fran\u00e7a, 2002 na Coreia do Sul e Jap\u00e3o, 2006 na Alemanha, 2010 na \u00c1frica do Sul, 2014 no Brasil, 2018 na R\u00fassia e 2022 no Qatar. Eurocopas, 1992 na Su\u00e9cia e 1996 na Inglaterra. Copa das Confedera\u00e7\u00f5es de 2005 na Alemanha e 2009 na \u00c1frica do Sul. Rep\u00f3rter e Editor, trabalhou no Jornal da Tarde e Estad\u00e3o, de 1984 a fevereiro de 2016. Colunista, blogueiro. E comentarista de futebol na R\u00e1dio Estad\u00e3o, de 2013 a fevereiro de 2016. Jornalista respons\u00e1vel do \"Pr\u00f3speri News\" (blogdoprosperi.com).","sameAs":["http:\/\/blogdoprosperi.com","Luiz Pr\u00f3speri","@luiz_prosperi","https:\/\/x.com\/Luizprosperi","@prosperinacopa","luiz.prosperi@icloud.com"],"url":"https:\/\/blogdoprosperi.com\/?author=102107496"}]}},"jetpack_publicize_connections":[],"jetpack_likes_enabled":false,"jetpack_sharing_enabled":true,"jetpack_shortlink":"https:\/\/wp.me\/p7jvdk-ale","jetpack-related-posts":[{"id":39327,"url":"https:\/\/blogdoprosperi.com\/?p=39327","url_meta":{"origin":39756,"position":0},"title":"Lula x Bolsonaro: jogadores de futebol fora das campanhas","author":"Luiz Ant\u00f4nio Pr\u00f3speri","date":"20 de agosto de 2022","format":false,"excerpt":"Jogadores de futebol em atividade no Brasil ainda n\u00e3o se manifestam nas elei\u00e7\u00f5es de Lula x Bolsonaro. Omiss\u00e3o hist\u00f3rica.","rel":"","context":"Em &quot;futebol&quot;","block_context":{"text":"futebol","link":"https:\/\/blogdoprosperi.com\/?cat=53870"},"img":{"alt_text":"","src":"https:\/\/i0.wp.com\/blogdoprosperi.com\/wp-content\/uploads\/2022\/08\/bandeira_do_brasil_estilizada.jpg?fit=1024%2C576&ssl=1&resize=350%2C200","width":350,"height":200,"srcset":"https:\/\/i0.wp.com\/blogdoprosperi.com\/wp-content\/uploads\/2022\/08\/bandeira_do_brasil_estilizada.jpg?fit=1024%2C576&ssl=1&resize=350%2C200 1x, https:\/\/i0.wp.com\/blogdoprosperi.com\/wp-content\/uploads\/2022\/08\/bandeira_do_brasil_estilizada.jpg?fit=1024%2C576&ssl=1&resize=525%2C300 1.5x, https:\/\/i0.wp.com\/blogdoprosperi.com\/wp-content\/uploads\/2022\/08\/bandeira_do_brasil_estilizada.jpg?fit=1024%2C576&ssl=1&resize=700%2C400 2x"},"classes":[]},{"id":38548,"url":"https:\/\/blogdoprosperi.com\/?p=38548","url_meta":{"origin":39756,"position":1},"title":"Sele\u00e7\u00e3o joga por Tite, vence Equador e deixa bomba no colo da CBF","author":"Luiz Ant\u00f4nio Pr\u00f3speri","date":"4 de junho de 2021","format":false,"excerpt":"Vencer o Equador era uma obriga\u00e7\u00e3o da Sele\u00e7\u00e3o Brasileira. N\u00e3o por uma suposta fragilidade do advers\u00e1rio e sim por solidariedade a Tite. T\u00e9cnico est\u00e1 no pared\u00e3o por obra do presidente da CBF e de bolsonaristas de plant\u00e3o. E os jogadores n\u00e3o decepcionaram. Venceram por 2 a 0, sustentaram o primeiro\u2026","rel":"","context":"Em &quot;futebol&quot;","block_context":{"text":"futebol","link":"https:\/\/blogdoprosperi.com\/?cat=53870"},"img":{"alt_text":"","src":"https:\/\/i0.wp.com\/blogdoprosperi.com\/wp-content\/uploads\/2021\/06\/51224836377_77ff1d0fbe_w.jpg?fit=400%2C267&ssl=1&resize=350%2C200","width":350,"height":200},"classes":[]},{"id":54816,"url":"https:\/\/blogdoprosperi.com\/?p=54816","url_meta":{"origin":39756,"position":2},"title":"Ancelotti Quer Jogadores Voando na Sele\u00e7\u00e3o Brasileira, Da\u00ed Aus\u00eancia de Neymar","author":"Luiz Ant\u00f4nio Pr\u00f3speri","date":"3 de setembro de 2025","format":false,"excerpt":"Acompanhe entrevista coletiva de Carlo Ancelotti pr\u00e9-jogo Brasil x Chile (quinta-feira, 4\/9). T\u00e9cnico italiano da Sele\u00e7\u00e3o Brasileira refor\u00e7a sua tese de que vai apostar em jogadores que estejam \"voando\" nos crit\u00e9rios t\u00e9cnico e f\u00edsico. O que n\u00e3o \u00e9 o caso de Neymar nesse momento, h\u00e1 menos de um ano da\u2026","rel":"","context":"Em &quot;futebol&quot;","block_context":{"text":"futebol","link":"https:\/\/blogdoprosperi.com\/?cat=53870"},"img":{"alt_text":"Ancelotti \u2013 coletiva pr\u00e9-jogo Brasil x Tun\u00edsia","src":"https:\/\/i0.wp.com\/blogdoprosperi.com\/wp-content\/uploads\/2025\/09\/54761977377_e33290c7f9_c.jpg?fit=800%2C551&ssl=1&resize=350%2C200","width":350,"height":200,"srcset":"https:\/\/i0.wp.com\/blogdoprosperi.com\/wp-content\/uploads\/2025\/09\/54761977377_e33290c7f9_c.jpg?fit=800%2C551&ssl=1&resize=350%2C200 1x, https:\/\/i0.wp.com\/blogdoprosperi.com\/wp-content\/uploads\/2025\/09\/54761977377_e33290c7f9_c.jpg?fit=800%2C551&ssl=1&resize=525%2C300 1.5x, https:\/\/i0.wp.com\/blogdoprosperi.com\/wp-content\/uploads\/2025\/09\/54761977377_e33290c7f9_c.jpg?fit=800%2C551&ssl=1&resize=700%2C400 2x"},"classes":[]},{"id":38636,"url":"https:\/\/blogdoprosperi.com\/?p=38636","url_meta":{"origin":39756,"position":3},"title":"Neymar reaparece na hora mais in\u00fatil","author":"Luiz Ant\u00f4nio Pr\u00f3speri","date":"15 de junho de 2021","format":false,"excerpt":"Neymar aumenta sua cole\u00e7\u00e3o de gols e se amea\u00e7a Pel\u00e9. Reaparece na hora mais in\u00fatil.","rel":"","context":"Em &quot;copa do mundo catar 2022&quot;","block_context":{"text":"copa do mundo catar 2022","link":"https:\/\/blogdoprosperi.com\/?cat=301049609"},"img":{"alt_text":"Neymar nas pegadas de Pel\u00e9","src":"https:\/\/i0.wp.com\/blogdoprosperi.com\/wp-content\/uploads\/2021\/06\/51245390873_a8c7734b13_c.jpg?fit=799%2C533&ssl=1&resize=350%2C200","width":350,"height":200,"srcset":"https:\/\/i0.wp.com\/blogdoprosperi.com\/wp-content\/uploads\/2021\/06\/51245390873_a8c7734b13_c.jpg?fit=799%2C533&ssl=1&resize=350%2C200 1x, https:\/\/i0.wp.com\/blogdoprosperi.com\/wp-content\/uploads\/2021\/06\/51245390873_a8c7734b13_c.jpg?fit=799%2C533&ssl=1&resize=525%2C300 1.5x, https:\/\/i0.wp.com\/blogdoprosperi.com\/wp-content\/uploads\/2021\/06\/51245390873_a8c7734b13_c.jpg?fit=799%2C533&ssl=1&resize=700%2C400 2x"},"classes":[]},{"id":37743,"url":"https:\/\/blogdoprosperi.com\/?p=37743","url_meta":{"origin":39756,"position":4},"title":"Tite n\u00e3o pode nem deve cortar Neymar da Sele\u00e7\u00e3o na Copa Am\u00e9rica","author":"Luiz Ant\u00f4nio Pr\u00f3speri","date":"3 de junho de 2019","format":false,"excerpt":"Tite n\u00e3o pode ser carrasco, nem julgador dos atos de Neymar. Sua miss\u00e3o \u00e9 conduzir a Sele\u00e7\u00e3o Brasileira, para isso \u00e9 pago, e bem, pela CBF. Neste momento quem deve responder por Neymar \u00e9 o pr\u00f3prio jogador, seus pares, a pol\u00edcia, a Justi\u00e7a. N\u00e3o cabe ao treinador da Sele\u00e7\u00e3o punir\u2026","rel":"","context":"Em &quot;futebol&quot;","block_context":{"text":"futebol","link":"https:\/\/blogdoprosperi.com\/?cat=53870"},"img":{"alt_text":"","src":"https:\/\/i0.wp.com\/blogdoprosperi.com\/wp-content\/uploads\/2019\/06\/62b83033fd43a943ad8fd24d4cd460f13268a003.jpg?fit=768%2C512&ssl=1&resize=350%2C200","width":350,"height":200,"srcset":"https:\/\/i0.wp.com\/blogdoprosperi.com\/wp-content\/uploads\/2019\/06\/62b83033fd43a943ad8fd24d4cd460f13268a003.jpg?fit=768%2C512&ssl=1&resize=350%2C200 1x, https:\/\/i0.wp.com\/blogdoprosperi.com\/wp-content\/uploads\/2019\/06\/62b83033fd43a943ad8fd24d4cd460f13268a003.jpg?fit=768%2C512&ssl=1&resize=525%2C300 1.5x, https:\/\/i0.wp.com\/blogdoprosperi.com\/wp-content\/uploads\/2019\/06\/62b83033fd43a943ad8fd24d4cd460f13268a003.jpg?fit=768%2C512&ssl=1&resize=700%2C400 2x"},"classes":[]},{"id":47724,"url":"https:\/\/blogdoprosperi.com\/?p=47724","url_meta":{"origin":39756,"position":5},"title":"Neymar Est\u00e1 Entre N\u00f3s | O Que Esperar do Craque ?","author":"Luiz Ant\u00f4nio Pr\u00f3speri","date":"31 de janeiro de 2025","format":false,"excerpt":"Luiz Ant\u00f4nio Pr\u00f3speri \u2013 31 janeiro (12h10) \u2013 Neymar est\u00e1 entre n\u00f3s desde a manh\u00e3 desta sexta-feira (31\/1) ao desembarcar do voo de pouco menos de 20h, entre Riad e S\u00e3o Paulo a bordo de um jato fretado \u2013 voo mais acompanhado do mundo com m\u00e9dia de 33 mil pessoas\u2026","rel":"","context":"Em &quot;futebol&quot;","block_context":{"text":"futebol","link":"https:\/\/blogdoprosperi.com\/?cat=53870"},"img":{"alt_text":"","src":"https:\/\/i0.wp.com\/blogdoprosperi.com\/wp-content\/uploads\/2025\/01\/captura-de-tela-2025-01-31-as-12.05.39.png?fit=1142%2C772&ssl=1&resize=350%2C200","width":350,"height":200,"srcset":"https:\/\/i0.wp.com\/blogdoprosperi.com\/wp-content\/uploads\/2025\/01\/captura-de-tela-2025-01-31-as-12.05.39.png?fit=1142%2C772&ssl=1&resize=350%2C200 1x, https:\/\/i0.wp.com\/blogdoprosperi.com\/wp-content\/uploads\/2025\/01\/captura-de-tela-2025-01-31-as-12.05.39.png?fit=1142%2C772&ssl=1&resize=525%2C300 1.5x, https:\/\/i0.wp.com\/blogdoprosperi.com\/wp-content\/uploads\/2025\/01\/captura-de-tela-2025-01-31-as-12.05.39.png?fit=1142%2C772&ssl=1&resize=700%2C400 2x, https:\/\/i0.wp.com\/blogdoprosperi.com\/wp-content\/uploads\/2025\/01\/captura-de-tela-2025-01-31-as-12.05.39.png?fit=1142%2C772&ssl=1&resize=1050%2C600 3x"},"classes":[]}],"jetpack_featured_media_url":"https:\/\/i0.wp.com\/blogdoprosperi.com\/wp-content\/uploads\/2022\/09\/socrates-selecao-brasileira-copa-1986-original.jpg?fit=928%2C522&ssl=1","_links":{"self":[{"href":"https:\/\/blogdoprosperi.com\/index.php?rest_route=\/wp\/v2\/posts\/39756","targetHints":{"allow":["GET"]}}],"collection":[{"href":"https:\/\/blogdoprosperi.com\/index.php?rest_route=\/wp\/v2\/posts"}],"about":[{"href":"https:\/\/blogdoprosperi.com\/index.php?rest_route=\/wp\/v2\/types\/post"}],"author":[{"embeddable":true,"href":"https:\/\/blogdoprosperi.com\/index.php?rest_route=\/wp\/v2\/users\/102107496"}],"replies":[{"embeddable":true,"href":"https:\/\/blogdoprosperi.com\/index.php?rest_route=%2Fwp%2Fv2%2Fcomments&post=39756"}],"version-history":[{"count":25,"href":"https:\/\/blogdoprosperi.com\/index.php?rest_route=\/wp\/v2\/posts\/39756\/revisions"}],"predecessor-version":[{"id":39848,"href":"https:\/\/blogdoprosperi.com\/index.php?rest_route=\/wp\/v2\/posts\/39756\/revisions\/39848"}],"wp:featuredmedia":[{"embeddable":true,"href":"https:\/\/blogdoprosperi.com\/index.php?rest_route=\/wp\/v2\/media\/39773"}],"wp:attachment":[{"href":"https:\/\/blogdoprosperi.com\/index.php?rest_route=%2Fwp%2Fv2%2Fmedia&parent=39756"}],"wp:term":[{"taxonomy":"category","embeddable":true,"href":"https:\/\/blogdoprosperi.com\/index.php?rest_route=%2Fwp%2Fv2%2Fcategories&post=39756"},{"taxonomy":"post_tag","embeddable":true,"href":"https:\/\/blogdoprosperi.com\/index.php?rest_route=%2Fwp%2Fv2%2Ftags&post=39756"}],"curies":[{"name":"wp","href":"https:\/\/api.w.org\/{rel}","templated":true}]}}