{"id":39858,"date":"2022-11-24T15:07:28","date_gmt":"2022-11-24T18:07:28","guid":{"rendered":"https:\/\/blogdoprosperi.com\/?p=39858"},"modified":"2022-11-24T22:57:25","modified_gmt":"2022-11-25T01:57:25","slug":"copa-do-qatar-e-uma-miragem","status":"publish","type":"post","link":"https:\/\/blogdoprosperi.com\/?p=39858","title":{"rendered":"Copa do Qatar \u00e9 uma miragem"},"content":{"rendered":"<p>Doha \u00e9 diferente. Copa do Mundo no deserto, mais ainda. Nem cabe em uma L\u00e2mpada Maravilhosa de um g\u00eanio pronto a sair e atender seus desejos. Um Aladim. \u00c9 quase tudo isso. A Copa aqui \u00e9 um deleite. Um conto das Mil Maravilhas. Mesmo no Qatar, pa\u00eds marcado por n\u00e3o respeitar os direitos humanos, por ser homof\u00f3bico e tratar a mulher sem direitos b\u00e1sicos.<\/p>\n<p>A Copa n\u00e3o tem nada com isso. \u00c9 como uma miragem. Prima por organiza\u00e7\u00e3o, zelo e aten\u00e7\u00e3o dedicada a torcedores e m\u00eddia em geral. Por onde voc\u00ea anda h\u00e1 gente educada a mostrar os caminhos a seguir, resolver seus problemas. Tratar gente como gente, pelo menos nessa primeira semana de bola rolando nos est\u00e1dios futuristas arejados com ar-condicionado.<\/p>\n<p>Sim, pode ser mesmo uma miragem. Erguido no deserto a custo estimado de 220 \u00a0bilh\u00f5es de d\u00f3lares \u2013 a R\u00fassia despejou 11,6 bilh\u00f5es em 2018 e o Brasil, 15 bi em 2014 \u2013, gasto sem precedentes na hist\u00f3ria de 22 Copas at\u00e9 essa de 2022, o Mundial de futebol \u00e9 um dos bra\u00e7os que o Qatar usa para abra\u00e7ar o mundo.<\/p>\n<p>Muito dinheiro de um pa\u00eds com as maiores reservas de petr\u00f3leo e g\u00e1s natural do planeta. Uma riqueza natural garantida at\u00e9 pelo menos o ano de 2056. Portanto, um pa\u00eds a assinar cheque em branco, seja para Fifa ou Paris. N\u00e3o vamos nos esquecer que o clube Paris Saint-Germain, de Neymar e Messi, tem como dono o estado do Qatar.<\/p>\n<p>Futebol \u00e9 um dos meios de o Qatar fazer suas gentilezas e vender sua imagem aos incr\u00e9dulos mundo afora.<\/p>\n<p>N\u00e3o por acaso nas ruas voc\u00ea trope\u00e7a em gente feliz na comunh\u00e3o do futebol. Ruas tomadas por torcedores de todos os cantos. Muitos a vestir fantasias \u00e1rabes. Dif\u00edcil saber se os locais s\u00e3o todos cataris \u2013 no pa\u00eds de 3 milh\u00f5es de habitantes, os nativos s\u00e3o apenas 10% da popula\u00e7\u00e3o, garantem os \u00f3rg\u00e3os oficiais, os &#8220;restantes&#8221; 2,7 milh\u00f5es, s\u00e3o paquistaneses, indianos, africanos, filipinos e de pa\u00edses vizinhos do Oriente M\u00e9dio em busca do pote de ouro da sobreviv\u00eancia.<\/p>\n<p>As ruas, vielas e pedras sobre areia tamb\u00e9m est\u00e3o tomadas por gatos. Abandonados. Felinos foram despejados em Doha h\u00e1 tempos para atuar como predadores dos ratos, muitos ratos. Cumprido o papel de exterminadores de roedores, os gatos perambulam pela cidade. Maioria deles famintos e esquel\u00e9ticos.<\/p>\n<p>N\u00e3o podemos se esquecer dos est\u00e1dios. Obras fara\u00f4nicas, cintilantes, a brilhar como ouro no sol. S\u00e3o as joias da coroa que o emir entregou aos torcedores de todo o mundo e aos jogadores e seus t\u00e9cnicos das 32 sele\u00e7\u00f5es classificadas a jogar a Copa. Ao custo de mais de 2 mil oper\u00e1rios mortos nas constru\u00e7\u00f5es, segundo den\u00fancias de entidades internacionais de direitos humanos.<\/p>\n<p>Tudo muito bonito. Cart\u00f5es postais. Metr\u00f4 de ch\u00e3o de m\u00e1rmore e trens luxuosos a transportar a manada da bola. Para l\u00e1 e para c\u00e1, incessante. Uma multid\u00e3o sem m\u00e1scara, sem medo da Covid, feliz da vida. E sem poder beber cerveja, proibida pelo emir h\u00e1 poucas horas da abertura da Copa.<\/p>\n<p>Tem gente dormindo em containeres, verdadeiros fornos de lata. Em hot\u00e9is inacabados, em apartamentos e vilas ou em luxuosos Cruzeiros ancorados no Golfo P\u00e9rsico. Todos, sem exce\u00e7\u00e3o, bem caros.<\/p>\n<p>\u00c9 o Qatar despejando fortunas e recebendo uns bons trocados de volta.<\/p>\n<p>Muita coisa h\u00e1 ainda a se descobrir em Doha. Estamos na primeira semana da Copa. Por enquanto, uma miragem. Miragens, \u00e9 bom lembrar, desaparecem ao esfregar dos olhos no calor do deserto.<\/p>\n<p><em><strong>Doha, 24 de novembro, 2022. Por Luiz Ant\u00f4nio Pr\u00f3speri<\/strong><\/em><\/p>\n","protected":false},"excerpt":{"rendered":"<p>Doha \u00e9 diferente. Copa do Mundo no deserto, mais ainda. Nem cabe em uma L\u00e2mpada Maravilhosa de um [&hellip;]<\/p>\n","protected":false},"author":102107496,"featured_media":39865,"comment_status":"open","ping_status":"open","sticky":false,"template":"","format":"standard","meta":{"_coblocks_attr":"","_coblocks_dimensions":"","_coblocks_responsive_height":"","_coblocks_accordion_ie_support":"","_jetpack_newsletter_access":"","_jetpack_dont_email_post_to_subs":false,"_jetpack_newsletter_tier_id":0,"_jetpack_memberships_contains_paywalled_content":false,"_wpcom_ai_launchpad_first_post":false,"_jetpack_feature_clip_id":0,"_jetpack_memberships_contains_paid_content":false,"footnotes":"","jetpack_publicize_message":"","jetpack_publicize_feature_enabled":true,"jetpack_social_post_already_shared":false,"jetpack_social_options":{"image_generator_settings":{"template":"highway","default_image_id":0,"font":"","enabled":false},"version":2},"jetpack_post_was_ever_published":false},"categories":[47094043,301049609,53870,29811679,174694],"tags":[47274269,789560563,789560560,757453911,2079790,81750,4112146,361092],"class_list":["post-39858","post","type-post","status-publish","format-standard","has-post-thumbnail","hentry","category-catar-2022","category-copa-do-mundo-catar-2022","category-futebol","category-qatar-2022","category-selecao-brasileira","tag-copa-do-mundo-qatar-2022","tag-fifa","tag-futebol","tag-gatos-do-catar","tag-golfo-persico","tag-messi","tag-neymar","tag-psg"],"yoast_head":"<!-- This site is optimized with the Yoast SEO plugin v28.3 - https:\/\/yoast.com\/product\/yoast-seo-wordpress\/ -->\n<title>Copa do Qatar \u00e9 uma miragem - PR\u00d3SPERI NEWS<\/title>\n<meta name=\"robots\" content=\"index, follow, max-snippet:-1, max-image-preview:large, max-video-preview:-1\" \/>\n<link rel=\"canonical\" href=\"https:\/\/blogdoprosperi.com\/?p=39858\" \/>\n<meta property=\"og:locale\" content=\"pt_BR\" \/>\n<meta property=\"og:type\" content=\"article\" \/>\n<meta property=\"og:title\" content=\"Copa do Qatar \u00e9 uma miragem - PR\u00d3SPERI NEWS\" \/>\n<meta property=\"og:description\" content=\"Doha \u00e9 diferente. Copa do Mundo no deserto, mais ainda. Nem cabe em uma L\u00e2mpada Maravilhosa de um [&hellip;]\" \/>\n<meta property=\"og:url\" content=\"https:\/\/blogdoprosperi.com\/?p=39858\" \/>\n<meta property=\"og:site_name\" content=\"PR\u00d3SPERI NEWS\" \/>\n<meta property=\"article:publisher\" content=\"Luiz Pr\u00f3speri\" \/>\n<meta property=\"article:author\" content=\"Luiz Pr\u00f3speri\" \/>\n<meta property=\"article:published_time\" content=\"2022-11-24T18:07:28+00:00\" \/>\n<meta property=\"article:modified_time\" content=\"2022-11-25T01:57:25+00:00\" \/>\n<meta property=\"og:image\" content=\"https:\/\/i0.wp.com\/blogdoprosperi.com\/wp-content\/uploads\/2022\/11\/argentina-v-saudi-arabia-group-c-fifa-world-cup-qatar-2022-scaled-1.webp?fit=2560%2C1707&ssl=1\" \/>\n\t<meta property=\"og:image:width\" content=\"2560\" \/>\n\t<meta property=\"og:image:height\" content=\"1707\" \/>\n\t<meta property=\"og:image:type\" content=\"image\/webp\" \/>\n<meta name=\"author\" content=\"Luiz Ant\u00f4nio Pr\u00f3speri\" \/>\n<meta name=\"twitter:card\" content=\"summary_large_image\" \/>\n<meta name=\"twitter:creator\" content=\"@Luizprosperi\" \/>\n<meta name=\"twitter:site\" content=\"@Luizprosperi\" \/>\n<meta name=\"twitter:label1\" content=\"Escrito por\" \/>\n\t<meta name=\"twitter:data1\" content=\"Luiz Ant\u00f4nio Pr\u00f3speri\" \/>\n\t<meta name=\"twitter:label2\" content=\"Est. tempo de leitura\" \/>\n\t<meta name=\"twitter:data2\" content=\"3 minutos\" \/>\n<script type=\"application\/ld+json\" class=\"yoast-schema-graph\">{\"@context\":\"https:\\\/\\\/schema.org\",\"@graph\":[{\"@type\":\"Article\",\"@id\":\"https:\\\/\\\/blogdoprosperi.com\\\/?p=39858#article\",\"isPartOf\":{\"@id\":\"https:\\\/\\\/blogdoprosperi.com\\\/?p=39858\"},\"author\":{\"name\":\"Luiz Ant\u00f4nio Pr\u00f3speri\",\"@id\":\"https:\\\/\\\/blogdoprosperi.com\\\/#\\\/schema\\\/person\\\/38100755ce3601861ee4fab9b5aa78e9\"},\"headline\":\"Copa do Qatar \u00e9 uma miragem\",\"datePublished\":\"2022-11-24T18:07:28+00:00\",\"dateModified\":\"2022-11-25T01:57:25+00:00\",\"mainEntityOfPage\":{\"@id\":\"https:\\\/\\\/blogdoprosperi.com\\\/?p=39858\"},\"wordCount\":621,\"commentCount\":0,\"publisher\":{\"@id\":\"https:\\\/\\\/blogdoprosperi.com\\\/#\\\/schema\\\/person\\\/38100755ce3601861ee4fab9b5aa78e9\"},\"image\":{\"@id\":\"https:\\\/\\\/blogdoprosperi.com\\\/?p=39858#primaryimage\"},\"thumbnailUrl\":\"https:\\\/\\\/i0.wp.com\\\/blogdoprosperi.com\\\/wp-content\\\/uploads\\\/2022\\\/11\\\/argentina-v-saudi-arabia-group-c-fifa-world-cup-qatar-2022-scaled-1.webp?fit=2560%2C1707&ssl=1\",\"keywords\":[\"copa do mundo Qatar 2022\",\"Fifa\",\"futebol\",\"gatos do catar\",\"Golfo P\u00e9rsico\",\"Messi\",\"Neymar\",\"PSG\"],\"articleSection\":[\"catar 2022\",\"copa do mundo catar 2022\",\"futebol\",\"qatar 2022\",\"Sele\u00e7\u00e3o Brasileira\"],\"inLanguage\":\"pt-BR\",\"potentialAction\":[{\"@type\":\"CommentAction\",\"name\":\"Comment\",\"target\":[\"https:\\\/\\\/blogdoprosperi.com\\\/?p=39858#respond\"]}]},{\"@type\":\"WebPage\",\"@id\":\"https:\\\/\\\/blogdoprosperi.com\\\/?p=39858\",\"url\":\"https:\\\/\\\/blogdoprosperi.com\\\/?p=39858\",\"name\":\"Copa do Qatar \u00e9 uma miragem - PR\u00d3SPERI NEWS\",\"isPartOf\":{\"@id\":\"https:\\\/\\\/blogdoprosperi.com\\\/#website\"},\"primaryImageOfPage\":{\"@id\":\"https:\\\/\\\/blogdoprosperi.com\\\/?p=39858#primaryimage\"},\"image\":{\"@id\":\"https:\\\/\\\/blogdoprosperi.com\\\/?p=39858#primaryimage\"},\"thumbnailUrl\":\"https:\\\/\\\/i0.wp.com\\\/blogdoprosperi.com\\\/wp-content\\\/uploads\\\/2022\\\/11\\\/argentina-v-saudi-arabia-group-c-fifa-world-cup-qatar-2022-scaled-1.webp?fit=2560%2C1707&ssl=1\",\"datePublished\":\"2022-11-24T18:07:28+00:00\",\"dateModified\":\"2022-11-25T01:57:25+00:00\",\"breadcrumb\":{\"@id\":\"https:\\\/\\\/blogdoprosperi.com\\\/?p=39858#breadcrumb\"},\"inLanguage\":\"pt-BR\",\"potentialAction\":[{\"@type\":\"ReadAction\",\"target\":[\"https:\\\/\\\/blogdoprosperi.com\\\/?p=39858\"]}]},{\"@type\":\"ImageObject\",\"inLanguage\":\"pt-BR\",\"@id\":\"https:\\\/\\\/blogdoprosperi.com\\\/?p=39858#primaryimage\",\"url\":\"https:\\\/\\\/i0.wp.com\\\/blogdoprosperi.com\\\/wp-content\\\/uploads\\\/2022\\\/11\\\/argentina-v-saudi-arabia-group-c-fifa-world-cup-qatar-2022-scaled-1.webp?fit=2560%2C1707&ssl=1\",\"contentUrl\":\"https:\\\/\\\/i0.wp.com\\\/blogdoprosperi.com\\\/wp-content\\\/uploads\\\/2022\\\/11\\\/argentina-v-saudi-arabia-group-c-fifa-world-cup-qatar-2022-scaled-1.webp?fit=2560%2C1707&ssl=1\",\"width\":2560,\"height\":1707,\"caption\":\"Celebra\u00e7\u00e3o da Copa antes de Argentina e Ar\u00e1bia Saudita \u2013 foto: Fifa\"},{\"@type\":\"BreadcrumbList\",\"@id\":\"https:\\\/\\\/blogdoprosperi.com\\\/?p=39858#breadcrumb\",\"itemListElement\":[{\"@type\":\"ListItem\",\"position\":1,\"name\":\"In\u00edcio\",\"item\":\"https:\\\/\\\/blogdoprosperi.com\\\/\"},{\"@type\":\"ListItem\",\"position\":2,\"name\":\"Copa do Qatar \u00e9 uma miragem\"}]},{\"@type\":\"WebSite\",\"@id\":\"https:\\\/\\\/blogdoprosperi.com\\\/#website\",\"url\":\"https:\\\/\\\/blogdoprosperi.com\\\/\",\"name\":\"PR\u00d3SPERI NEWS\",\"description\":\"TUDO \u00c9  FUTEBOL\",\"publisher\":{\"@id\":\"https:\\\/\\\/blogdoprosperi.com\\\/#\\\/schema\\\/person\\\/38100755ce3601861ee4fab9b5aa78e9\"},\"alternateName\":\"blogdoprosperi.com\",\"potentialAction\":[{\"@type\":\"SearchAction\",\"target\":{\"@type\":\"EntryPoint\",\"urlTemplate\":\"https:\\\/\\\/blogdoprosperi.com\\\/?s={search_term_string}\"},\"query-input\":{\"@type\":\"PropertyValueSpecification\",\"valueRequired\":true,\"valueName\":\"search_term_string\"}}],\"inLanguage\":\"pt-BR\"},{\"@type\":[\"Person\",\"Organization\"],\"@id\":\"https:\\\/\\\/blogdoprosperi.com\\\/#\\\/schema\\\/person\\\/38100755ce3601861ee4fab9b5aa78e9\",\"name\":\"Luiz Ant\u00f4nio Pr\u00f3speri\",\"pronouns\":\"ele\",\"image\":{\"@type\":\"ImageObject\",\"inLanguage\":\"pt-BR\",\"@id\":\"https:\\\/\\\/i0.wp.com\\\/blogdoprosperi.com\\\/wp-content\\\/uploads\\\/2026\\\/05\\\/cropped-8059e613-6002-42fa-961e-8e275f575d71-2-5.jpg?fit=1360%2C931&ssl=1\",\"url\":\"https:\\\/\\\/i0.wp.com\\\/blogdoprosperi.com\\\/wp-content\\\/uploads\\\/2026\\\/05\\\/cropped-8059e613-6002-42fa-961e-8e275f575d71-2-5.jpg?fit=1360%2C931&ssl=1\",\"contentUrl\":\"https:\\\/\\\/i0.wp.com\\\/blogdoprosperi.com\\\/wp-content\\\/uploads\\\/2026\\\/05\\\/cropped-8059e613-6002-42fa-961e-8e275f575d71-2-5.jpg?fit=1360%2C931&ssl=1\",\"width\":1360,\"height\":931,\"caption\":\"Luiz Ant\u00f4nio Pr\u00f3speri\"},\"logo\":{\"@id\":\"https:\\\/\\\/i0.wp.com\\\/blogdoprosperi.com\\\/wp-content\\\/uploads\\\/2026\\\/05\\\/cropped-8059e613-6002-42fa-961e-8e275f575d71-2-5.jpg?fit=1360%2C931&ssl=1\"},\"description\":\"Jornalista com carreira dedicada ao esporte. Cobriu 9 Copas do Mundo in loco, 1990 na It\u00e1lia, 1994 nos EUA, 1998 na Fran\u00e7a, 2002 na Coreia do Sul e Jap\u00e3o, 2006 na Alemanha, 2010 na \u00c1frica do Sul, 2014 no Brasil, 2018 na R\u00fassia e 2022 no Qatar. Eurocopas, 1992 na Su\u00e9cia e 1996 na Inglaterra. Copa das Confedera\u00e7\u00f5es de 2005 na Alemanha e 2009 na \u00c1frica do Sul. Rep\u00f3rter e Editor, trabalhou no Jornal da Tarde e Estad\u00e3o, de 1984 a fevereiro de 2016. Colunista, blogueiro. E comentarista de futebol na R\u00e1dio Estad\u00e3o, de 2013 a fevereiro de 2016. Jornalista respons\u00e1vel do \\\"Pr\u00f3speri News\\\" (blogdoprosperi.com).\",\"sameAs\":[\"http:\\\/\\\/blogdoprosperi.com\",\"Luiz Pr\u00f3speri\",\"@luiz_prosperi\",\"https:\\\/\\\/x.com\\\/Luizprosperi\",\"@prosperinacopa\",\"luiz.prosperi@icloud.com\"],\"url\":\"https:\\\/\\\/blogdoprosperi.com\\\/?author=102107496\"}]}<\/script>\n<!-- \/ Yoast SEO plugin. -->","yoast_head_json":{"title":"Copa do Qatar \u00e9 uma miragem - PR\u00d3SPERI NEWS","robots":{"index":"index","follow":"follow","max-snippet":"max-snippet:-1","max-image-preview":"max-image-preview:large","max-video-preview":"max-video-preview:-1"},"canonical":"https:\/\/blogdoprosperi.com\/?p=39858","og_locale":"pt_BR","og_type":"article","og_title":"Copa do Qatar \u00e9 uma miragem - PR\u00d3SPERI NEWS","og_description":"Doha \u00e9 diferente. Copa do Mundo no deserto, mais ainda. Nem cabe em uma L\u00e2mpada Maravilhosa de um [&hellip;]","og_url":"https:\/\/blogdoprosperi.com\/?p=39858","og_site_name":"PR\u00d3SPERI NEWS","article_publisher":"Luiz Pr\u00f3speri","article_author":"Luiz Pr\u00f3speri","article_published_time":"2022-11-24T18:07:28+00:00","article_modified_time":"2022-11-25T01:57:25+00:00","og_image":[{"width":2560,"height":1707,"url":"https:\/\/i0.wp.com\/blogdoprosperi.com\/wp-content\/uploads\/2022\/11\/argentina-v-saudi-arabia-group-c-fifa-world-cup-qatar-2022-scaled-1.webp?fit=2560%2C1707&ssl=1","type":"image\/webp"}],"author":"Luiz Ant\u00f4nio Pr\u00f3speri","twitter_card":"summary_large_image","twitter_creator":"@Luizprosperi","twitter_site":"@Luizprosperi","twitter_misc":{"Escrito por":"Luiz Ant\u00f4nio Pr\u00f3speri","Est. tempo de leitura":"3 minutos"},"schema":{"@context":"https:\/\/schema.org","@graph":[{"@type":"Article","@id":"https:\/\/blogdoprosperi.com\/?p=39858#article","isPartOf":{"@id":"https:\/\/blogdoprosperi.com\/?p=39858"},"author":{"name":"Luiz Ant\u00f4nio Pr\u00f3speri","@id":"https:\/\/blogdoprosperi.com\/#\/schema\/person\/38100755ce3601861ee4fab9b5aa78e9"},"headline":"Copa do Qatar \u00e9 uma miragem","datePublished":"2022-11-24T18:07:28+00:00","dateModified":"2022-11-25T01:57:25+00:00","mainEntityOfPage":{"@id":"https:\/\/blogdoprosperi.com\/?p=39858"},"wordCount":621,"commentCount":0,"publisher":{"@id":"https:\/\/blogdoprosperi.com\/#\/schema\/person\/38100755ce3601861ee4fab9b5aa78e9"},"image":{"@id":"https:\/\/blogdoprosperi.com\/?p=39858#primaryimage"},"thumbnailUrl":"https:\/\/i0.wp.com\/blogdoprosperi.com\/wp-content\/uploads\/2022\/11\/argentina-v-saudi-arabia-group-c-fifa-world-cup-qatar-2022-scaled-1.webp?fit=2560%2C1707&ssl=1","keywords":["copa do mundo Qatar 2022","Fifa","futebol","gatos do catar","Golfo P\u00e9rsico","Messi","Neymar","PSG"],"articleSection":["catar 2022","copa do mundo catar 2022","futebol","qatar 2022","Sele\u00e7\u00e3o Brasileira"],"inLanguage":"pt-BR","potentialAction":[{"@type":"CommentAction","name":"Comment","target":["https:\/\/blogdoprosperi.com\/?p=39858#respond"]}]},{"@type":"WebPage","@id":"https:\/\/blogdoprosperi.com\/?p=39858","url":"https:\/\/blogdoprosperi.com\/?p=39858","name":"Copa do Qatar \u00e9 uma miragem - PR\u00d3SPERI NEWS","isPartOf":{"@id":"https:\/\/blogdoprosperi.com\/#website"},"primaryImageOfPage":{"@id":"https:\/\/blogdoprosperi.com\/?p=39858#primaryimage"},"image":{"@id":"https:\/\/blogdoprosperi.com\/?p=39858#primaryimage"},"thumbnailUrl":"https:\/\/i0.wp.com\/blogdoprosperi.com\/wp-content\/uploads\/2022\/11\/argentina-v-saudi-arabia-group-c-fifa-world-cup-qatar-2022-scaled-1.webp?fit=2560%2C1707&ssl=1","datePublished":"2022-11-24T18:07:28+00:00","dateModified":"2022-11-25T01:57:25+00:00","breadcrumb":{"@id":"https:\/\/blogdoprosperi.com\/?p=39858#breadcrumb"},"inLanguage":"pt-BR","potentialAction":[{"@type":"ReadAction","target":["https:\/\/blogdoprosperi.com\/?p=39858"]}]},{"@type":"ImageObject","inLanguage":"pt-BR","@id":"https:\/\/blogdoprosperi.com\/?p=39858#primaryimage","url":"https:\/\/i0.wp.com\/blogdoprosperi.com\/wp-content\/uploads\/2022\/11\/argentina-v-saudi-arabia-group-c-fifa-world-cup-qatar-2022-scaled-1.webp?fit=2560%2C1707&ssl=1","contentUrl":"https:\/\/i0.wp.com\/blogdoprosperi.com\/wp-content\/uploads\/2022\/11\/argentina-v-saudi-arabia-group-c-fifa-world-cup-qatar-2022-scaled-1.webp?fit=2560%2C1707&ssl=1","width":2560,"height":1707,"caption":"Celebra\u00e7\u00e3o da Copa antes de Argentina e Ar\u00e1bia Saudita \u2013 foto: Fifa"},{"@type":"BreadcrumbList","@id":"https:\/\/blogdoprosperi.com\/?p=39858#breadcrumb","itemListElement":[{"@type":"ListItem","position":1,"name":"In\u00edcio","item":"https:\/\/blogdoprosperi.com\/"},{"@type":"ListItem","position":2,"name":"Copa do Qatar \u00e9 uma miragem"}]},{"@type":"WebSite","@id":"https:\/\/blogdoprosperi.com\/#website","url":"https:\/\/blogdoprosperi.com\/","name":"PR\u00d3SPERI NEWS","description":"TUDO \u00c9  FUTEBOL","publisher":{"@id":"https:\/\/blogdoprosperi.com\/#\/schema\/person\/38100755ce3601861ee4fab9b5aa78e9"},"alternateName":"blogdoprosperi.com","potentialAction":[{"@type":"SearchAction","target":{"@type":"EntryPoint","urlTemplate":"https:\/\/blogdoprosperi.com\/?s={search_term_string}"},"query-input":{"@type":"PropertyValueSpecification","valueRequired":true,"valueName":"search_term_string"}}],"inLanguage":"pt-BR"},{"@type":["Person","Organization"],"@id":"https:\/\/blogdoprosperi.com\/#\/schema\/person\/38100755ce3601861ee4fab9b5aa78e9","name":"Luiz Ant\u00f4nio Pr\u00f3speri","pronouns":"ele","image":{"@type":"ImageObject","inLanguage":"pt-BR","@id":"https:\/\/i0.wp.com\/blogdoprosperi.com\/wp-content\/uploads\/2026\/05\/cropped-8059e613-6002-42fa-961e-8e275f575d71-2-5.jpg?fit=1360%2C931&ssl=1","url":"https:\/\/i0.wp.com\/blogdoprosperi.com\/wp-content\/uploads\/2026\/05\/cropped-8059e613-6002-42fa-961e-8e275f575d71-2-5.jpg?fit=1360%2C931&ssl=1","contentUrl":"https:\/\/i0.wp.com\/blogdoprosperi.com\/wp-content\/uploads\/2026\/05\/cropped-8059e613-6002-42fa-961e-8e275f575d71-2-5.jpg?fit=1360%2C931&ssl=1","width":1360,"height":931,"caption":"Luiz Ant\u00f4nio Pr\u00f3speri"},"logo":{"@id":"https:\/\/i0.wp.com\/blogdoprosperi.com\/wp-content\/uploads\/2026\/05\/cropped-8059e613-6002-42fa-961e-8e275f575d71-2-5.jpg?fit=1360%2C931&ssl=1"},"description":"Jornalista com carreira dedicada ao esporte. Cobriu 9 Copas do Mundo in loco, 1990 na It\u00e1lia, 1994 nos EUA, 1998 na Fran\u00e7a, 2002 na Coreia do Sul e Jap\u00e3o, 2006 na Alemanha, 2010 na \u00c1frica do Sul, 2014 no Brasil, 2018 na R\u00fassia e 2022 no Qatar. Eurocopas, 1992 na Su\u00e9cia e 1996 na Inglaterra. Copa das Confedera\u00e7\u00f5es de 2005 na Alemanha e 2009 na \u00c1frica do Sul. Rep\u00f3rter e Editor, trabalhou no Jornal da Tarde e Estad\u00e3o, de 1984 a fevereiro de 2016. Colunista, blogueiro. E comentarista de futebol na R\u00e1dio Estad\u00e3o, de 2013 a fevereiro de 2016. Jornalista respons\u00e1vel do \"Pr\u00f3speri News\" (blogdoprosperi.com).","sameAs":["http:\/\/blogdoprosperi.com","Luiz Pr\u00f3speri","@luiz_prosperi","https:\/\/x.com\/Luizprosperi","@prosperinacopa","luiz.prosperi@icloud.com"],"url":"https:\/\/blogdoprosperi.com\/?author=102107496"}]}},"jetpack_publicize_connections":[],"jetpack_likes_enabled":false,"jetpack_sharing_enabled":true,"jetpack_shortlink":"https:\/\/wp.me\/p7jvdk-amS","jetpack-related-posts":[{"id":39632,"url":"https:\/\/blogdoprosperi.com\/?p=39632","url_meta":{"origin":39858,"position":0},"title":"Fifa cria aplicativo da Copa: jogadores ter\u00e3o acesso a dados e estat\u00edsticas individuais em tempo real","author":"Luiz Ant\u00f4nio Pr\u00f3speri","date":"27 de setembro de 2022","format":false,"excerpt":"Aplicativo estar\u00e1 dispon\u00edvel para todos os jogadores da Copa do Mundo Qatar 2022. Atletas\u00a0ter\u00e3o acesso imediato ao seu desempenho (dados e estat\u00edsticas) gra\u00e7as aos dados individuais que a Fifa coletar\u00e1 durante os jogos captados por uma centena de c\u00e2meras nos est\u00e1dios.","rel":"","context":"Em &quot;catar 2022&quot;","block_context":{"text":"catar 2022","link":"https:\/\/blogdoprosperi.com\/?cat=47094043"},"img":{"alt_text":"","src":"https:\/\/i0.wp.com\/blogdoprosperi.com\/wp-content\/uploads\/2022\/09\/unnamed.jpg?fit=560%2C315&ssl=1&resize=350%2C200","width":350,"height":200,"srcset":"https:\/\/i0.wp.com\/blogdoprosperi.com\/wp-content\/uploads\/2022\/09\/unnamed.jpg?fit=560%2C315&ssl=1&resize=350%2C200 1x, https:\/\/i0.wp.com\/blogdoprosperi.com\/wp-content\/uploads\/2022\/09\/unnamed.jpg?fit=560%2C315&ssl=1&resize=525%2C300 1.5x"},"classes":[]},{"id":60744,"url":"https:\/\/blogdoprosperi.com\/?p=60744","url_meta":{"origin":39858,"position":1},"title":"Como a FIFA construiu uma Copa do Mundo de 10 bilh\u00f5es de d\u00f3lares: &#8216;Um megaevento global sem paralelo&#8217;","author":"Luiz Ant\u00f4nio Pr\u00f3speri","date":"18 de julho de 2026","format":false,"excerpt":"Philip Buckingham, New York Times \/ The Athletic \u2013 18 julho 2026 A FIFA adotou um tom triunfante em seus relat\u00f3rios financeiros de 2022... e com raz\u00e3o. Quase US$ 5,8 bilh\u00f5es (equivalente a R$ 31,9 bilh\u00f5es na cota\u00e7\u00e3o atual) foram arrecadados em um ano que terminou com a Copa do\u2026","rel":"","context":"Em &quot;copa 2026&quot;","block_context":{"text":"copa 2026","link":"https:\/\/blogdoprosperi.com\/?cat=36820279"},"img":{"alt_text":"","src":"https:\/\/i0.wp.com\/blogdoprosperi.com\/wp-content\/uploads\/2026\/07\/57575.webp?fit=1200%2C655&ssl=1&resize=350%2C200","width":350,"height":200,"srcset":"https:\/\/i0.wp.com\/blogdoprosperi.com\/wp-content\/uploads\/2026\/07\/57575.webp?fit=1200%2C655&ssl=1&resize=350%2C200 1x, https:\/\/i0.wp.com\/blogdoprosperi.com\/wp-content\/uploads\/2026\/07\/57575.webp?fit=1200%2C655&ssl=1&resize=525%2C300 1.5x, https:\/\/i0.wp.com\/blogdoprosperi.com\/wp-content\/uploads\/2026\/07\/57575.webp?fit=1200%2C655&ssl=1&resize=700%2C400 2x, https:\/\/i0.wp.com\/blogdoprosperi.com\/wp-content\/uploads\/2026\/07\/57575.webp?fit=1200%2C655&ssl=1&resize=1050%2C600 3x"},"classes":[]},{"id":39531,"url":"https:\/\/blogdoprosperi.com\/?p=39531","url_meta":{"origin":39858,"position":2},"title":"&#8220;Se ganharem o jogo, vamos matar voc\u00eas&#8221; \u2013 as hist\u00f3rias de Raphinha, titular da Sele\u00e7\u00e3o","author":"Luiz Ant\u00f4nio Pr\u00f3speri","date":"17 de setembro de 2022","format":false,"excerpt":"Quando voc\u00ea cresce em um lugar como a Restinga, uma favela de Porto Alegre, voc\u00ea aprende rapidamente que voc\u00ea n\u00e3o consegue viver sozinho","rel":"","context":"Em &quot;catar 2022&quot;","block_context":{"text":"catar 2022","link":"https:\/\/blogdoprosperi.com\/?cat=47094043"},"img":{"alt_text":"","src":"https:\/\/i0.wp.com\/blogdoprosperi.com\/wp-content\/uploads\/2022\/09\/raphinha-barcelona.jpg?fit=1200%2C675&ssl=1&resize=350%2C200","width":350,"height":200,"srcset":"https:\/\/i0.wp.com\/blogdoprosperi.com\/wp-content\/uploads\/2022\/09\/raphinha-barcelona.jpg?fit=1200%2C675&ssl=1&resize=350%2C200 1x, https:\/\/i0.wp.com\/blogdoprosperi.com\/wp-content\/uploads\/2022\/09\/raphinha-barcelona.jpg?fit=1200%2C675&ssl=1&resize=525%2C300 1.5x, https:\/\/i0.wp.com\/blogdoprosperi.com\/wp-content\/uploads\/2022\/09\/raphinha-barcelona.jpg?fit=1200%2C675&ssl=1&resize=700%2C400 2x, https:\/\/i0.wp.com\/blogdoprosperi.com\/wp-content\/uploads\/2022\/09\/raphinha-barcelona.jpg?fit=1200%2C675&ssl=1&resize=1050%2C600 3x"},"classes":[]},{"id":37506,"url":"https:\/\/blogdoprosperi.com\/?p=37506","url_meta":{"origin":39858,"position":3},"title":"CBF erra ao renovar com Tite. Por que n\u00e3o Guardiola?","author":"Luiz Ant\u00f4nio Pr\u00f3speri","date":"26 de julho de 2018","format":false,"excerpt":"CBF comete erro grave ao renovar contrato com Tite por mais quatro anos, at\u00e9 a Copa do Mundo de 2022 no Catar. E com adendo de avalia\u00e7\u00e3o mais precisa ap\u00f3s Copa Am\u00e9rica de 2019 no Brasil. Se n\u00e3o for campe\u00e3o do torneio sul-americano no ano que vem no seu pr\u00f3prio\u2026","rel":"","context":"Em &quot;Copa do Mundo 2018&quot;","block_context":{"text":"Copa do Mundo 2018","link":"https:\/\/blogdoprosperi.com\/?cat=43723753"},"img":{"alt_text":"","src":"https:\/\/i0.wp.com\/blogdoprosperi.com\/wp-content\/uploads\/2017\/10\/stoke-pep-joy.jpg?fit=1024%2C576&ssl=1&resize=350%2C200","width":350,"height":200,"srcset":"https:\/\/i0.wp.com\/blogdoprosperi.com\/wp-content\/uploads\/2017\/10\/stoke-pep-joy.jpg?fit=1024%2C576&ssl=1&resize=350%2C200 1x, https:\/\/i0.wp.com\/blogdoprosperi.com\/wp-content\/uploads\/2017\/10\/stoke-pep-joy.jpg?fit=1024%2C576&ssl=1&resize=525%2C300 1.5x, https:\/\/i0.wp.com\/blogdoprosperi.com\/wp-content\/uploads\/2017\/10\/stoke-pep-joy.jpg?fit=1024%2C576&ssl=1&resize=700%2C400 2x"},"classes":[]},{"id":40315,"url":"https:\/\/blogdoprosperi.com\/?p=40315","url_meta":{"origin":39858,"position":4},"title":"Marrocos elimina Espanha na for\u00e7a de sua torcida","author":"Luiz Ant\u00f4nio Pr\u00f3speri","date":"6 de dezembro de 2022","format":false,"excerpt":"Marrocos avan\u00e7a \u00e0s quartas de final da Copa Mundo Qatar 2022 eliminando a Espanha na decis\u00e3o por p\u00eanaltis. Livros de hist\u00f3ria do futebol contar\u00e3o por d\u00e9cadas a epopeia dessa classifica\u00e7\u00e3o","rel":"","context":"Em &quot;catar 2022&quot;","block_context":{"text":"catar 2022","link":"https:\/\/blogdoprosperi.com\/?cat=47094043"},"img":{"alt_text":"","src":"https:\/\/i0.wp.com\/blogdoprosperi.com\/wp-content\/uploads\/2022\/12\/fjucvonwaaiurju-1.jpeg?fit=1200%2C800&ssl=1&resize=350%2C200","width":350,"height":200,"srcset":"https:\/\/i0.wp.com\/blogdoprosperi.com\/wp-content\/uploads\/2022\/12\/fjucvonwaaiurju-1.jpeg?fit=1200%2C800&ssl=1&resize=350%2C200 1x, https:\/\/i0.wp.com\/blogdoprosperi.com\/wp-content\/uploads\/2022\/12\/fjucvonwaaiurju-1.jpeg?fit=1200%2C800&ssl=1&resize=525%2C300 1.5x, https:\/\/i0.wp.com\/blogdoprosperi.com\/wp-content\/uploads\/2022\/12\/fjucvonwaaiurju-1.jpeg?fit=1200%2C800&ssl=1&resize=700%2C400 2x, https:\/\/i0.wp.com\/blogdoprosperi.com\/wp-content\/uploads\/2022\/12\/fjucvonwaaiurju-1.jpeg?fit=1200%2C800&ssl=1&resize=1050%2C600 3x"},"classes":[]},{"id":39835,"url":"https:\/\/blogdoprosperi.com\/?p=39835","url_meta":{"origin":39858,"position":5},"title":"Scarpa e Dudu injusti\u00e7ados, Tite leva Daniel Alves ao Qatar","author":"Luiz Ant\u00f4nio Pr\u00f3speri","date":"7 de novembro de 2022","format":false,"excerpt":"Gustavo Scarpa e Dudu n\u00e3o aparecem na lista dos 26 de Tite na Copa do Mundo Qatar 2022. Injusti\u00e7ados. Treinador da Sele\u00e7\u00e3o prefere Everton Ribeiro, 34 anos, e Gabriel Martinelli, 21, na corrida rumo ao hexa no deserto. Treinador de Sele\u00e7\u00e3o \u2013 como diria Alex, outro preterido em duas Copas\u2026","rel":"","context":"Em &quot;catar 2022&quot;","block_context":{"text":"catar 2022","link":"https:\/\/blogdoprosperi.com\/?cat=47094043"},"img":{"alt_text":"","src":"https:\/\/i0.wp.com\/blogdoprosperi.com\/wp-content\/uploads\/2022\/11\/lance-09072020074752768.jpg?fit=660%2C360&ssl=1&resize=350%2C200","width":350,"height":200,"srcset":"https:\/\/i0.wp.com\/blogdoprosperi.com\/wp-content\/uploads\/2022\/11\/lance-09072020074752768.jpg?fit=660%2C360&ssl=1&resize=350%2C200 1x, https:\/\/i0.wp.com\/blogdoprosperi.com\/wp-content\/uploads\/2022\/11\/lance-09072020074752768.jpg?fit=660%2C360&ssl=1&resize=525%2C300 1.5x"},"classes":[]}],"jetpack_featured_media_url":"https:\/\/i0.wp.com\/blogdoprosperi.com\/wp-content\/uploads\/2022\/11\/argentina-v-saudi-arabia-group-c-fifa-world-cup-qatar-2022-scaled-1.webp?fit=2560%2C1707&ssl=1","_links":{"self":[{"href":"https:\/\/blogdoprosperi.com\/index.php?rest_route=\/wp\/v2\/posts\/39858","targetHints":{"allow":["GET"]}}],"collection":[{"href":"https:\/\/blogdoprosperi.com\/index.php?rest_route=\/wp\/v2\/posts"}],"about":[{"href":"https:\/\/blogdoprosperi.com\/index.php?rest_route=\/wp\/v2\/types\/post"}],"author":[{"embeddable":true,"href":"https:\/\/blogdoprosperi.com\/index.php?rest_route=\/wp\/v2\/users\/102107496"}],"replies":[{"embeddable":true,"href":"https:\/\/blogdoprosperi.com\/index.php?rest_route=%2Fwp%2Fv2%2Fcomments&post=39858"}],"version-history":[{"count":10,"href":"https:\/\/blogdoprosperi.com\/index.php?rest_route=\/wp\/v2\/posts\/39858\/revisions"}],"predecessor-version":[{"id":39886,"href":"https:\/\/blogdoprosperi.com\/index.php?rest_route=\/wp\/v2\/posts\/39858\/revisions\/39886"}],"wp:featuredmedia":[{"embeddable":true,"href":"https:\/\/blogdoprosperi.com\/index.php?rest_route=\/wp\/v2\/media\/39865"}],"wp:attachment":[{"href":"https:\/\/blogdoprosperi.com\/index.php?rest_route=%2Fwp%2Fv2%2Fmedia&parent=39858"}],"wp:term":[{"taxonomy":"category","embeddable":true,"href":"https:\/\/blogdoprosperi.com\/index.php?rest_route=%2Fwp%2Fv2%2Fcategories&post=39858"},{"taxonomy":"post_tag","embeddable":true,"href":"https:\/\/blogdoprosperi.com\/index.php?rest_route=%2Fwp%2Fv2%2Ftags&post=39858"}],"curies":[{"name":"wp","href":"https:\/\/api.w.org\/{rel}","templated":true}]}}