{"id":39911,"date":"2022-11-26T15:11:48","date_gmt":"2022-11-26T18:11:48","guid":{"rendered":"https:\/\/blogdoprosperi.com\/?p=39911"},"modified":"2022-11-27T13:12:31","modified_gmt":"2022-11-27T16:12:31","slug":"franca-vence-dinamarca-se-classifica-as-oitavas-e-consagra-mbappe","status":"publish","type":"post","link":"https:\/\/blogdoprosperi.com\/?p=39911","title":{"rendered":"Fran\u00e7a vence Dinamarca, se classifica \u00e0s oitavas e consagra Mbapp\u00e9"},"content":{"rendered":"<p>Fran\u00e7a vence Dinamarca e avan\u00e7a \u00e0s oitavas de final da Copa Qatar 2022. Cl\u00e1ssica e fatal, a \u00faltima campe\u00e3 do mundo carimba a vaga com Mbapp\u00e9, autor dos gols na vit\u00f3ria por 2 a 1 no inusitado est\u00e1dio de cont\u00eaineres 974. Um assombro.<\/p>\n<p>Fran\u00e7a tem mesmo credenciais de sobra a reivindicar a conquista da ta\u00e7a no Qatar 2022. Contra Dinamarca, segundo compromisso na Copa, se fez valer de seus pontas Dembel\u00e9 e Mbapp\u00e9, coordenados por Griezmman com assessoria dos volantes Rabiot e Tchouam\u00e9ni. Quinteto de respeito. A destoar dessa quina, Giroud, centroavante de pernas e cintura duras.<\/p>\n<p>Desde o in\u00edcio do jogo, a sele\u00e7\u00e3o francesa se imp\u00f4s como dona da situa\u00e7\u00e3o, patenteada como a \u00faltima campe\u00e3 do mundo ao levar o ouro em Moscou 2018.<\/p>\n<p>Tudo tem origem em Griezmman. Recebe dos parceiros de meio-campo e aciona Mbapp\u00e9 ou Dembel\u00e9, sempre abertos nos cantos em busca de corredor para sair em disparada. Se algum obst\u00e1culo aparece, cuidado, vem drible desconcertante a\u00ed.<\/p>\n<p>Momentos mais agudos da Fran\u00e7a, como n\u00e3o poderia ser diferente, t\u00eam as investidas de Mbapp\u00e9 e Dembel\u00e9. Deles nascem cruzamentos, \u00e0s vezes arremates ao gol, e cruzamentos em busca de Giroud ou Rabiot, este chegando de surpresa na grande \u00e1rea.<\/p>\n<p>Rabiot desviou de cabe\u00e7a dois desses cruzamentos dos pontas e por pouco, muito pouco, n\u00e3o fez o primeiro gol franc\u00eas.<\/p>\n<p>Mais capricho na fase final do ataque, ali na zona de gol, e a Fran\u00e7a fecharia a primeira parte do jogo em vantagem.<\/p>\n<p>A Dinamarca, pragm\u00e1tica e reconhecendo sua inferioridade, apenas se defendeu. \u00c0s vezes com uma barreira Viking tendo ao comando o estivador Cornelius.<\/p>\n<p>Marca\u00e7\u00e3o de fronteira, a sustentar seu territ\u00f3rio, a sele\u00e7\u00e3o dinamarquesa insistiu nos contra-ataques sem sustos de ocasi\u00e3o ao goleiro Loris.<\/p>\n<p>Eriksen, a estrela bem solit\u00e1ria da armada vermelha e branca, bem que procurou colocar seu ataque em sintonia, mas teve a\u00e7\u00f5es limitadas por Tchouam\u00e9ni. Sem Erikesen, a Dinamarca n\u00e3o joga.<\/p>\n<p>Vem o segundo tempo e os dinamarqueses come\u00e7am a lapidar o jogo como se fosse uma geleira a virar abrigo. Esfriam o quanto podem o fogo de Mabapp\u00e9 e Dembel\u00e9 e arriscam um pouco mais ao ataque e at\u00e9 conquistam alguns escanteios.<\/p>\n<p>Fran\u00e7a aceita essa estrat\u00e9gia. Adormece. Sua torcida, maioria esmagadora no est\u00e1dio 974 dos cont\u00eaineres, tamb\u00e9m se aquieta.<\/p>\n<p>Por onde andavam os infernais Mbapp\u00e9 e Dembel\u00e9? E Griezmman? Giroud n\u00e3o conta \u2013 e at\u00e9 saiu dando lugar a Turan.<\/p>\n<p>Os dois estavam l\u00e1 \u00e0 espreita. Esperando parceiros, a bola chegar.<\/p>\n<p>Mbapp\u00e9 foi o premiado na longa espera. Theo Hernandez, com uma estrada pavimentada \u00e0 sua frente e sem tr\u00e2nsito, arranca com a bola, chama Mbapp\u00e9. combinam o lance e o craque franc\u00eas restabelece a hierarquia: Fran\u00e7a 1 a 0, aos 15 minutos.<\/p>\n<p>Viking que \u00e9 Viking n\u00e3o desiste de sua causa. A desvantagem no placar n\u00e3o poderia arruinar a armada. A resposta vem de imediato. De um escanteio o zagueiro Christensen aproveita descuido franc\u00eas e faz o gol de empate: Dinamarca 1 a 1.<\/p>\n<p>Se percebe um decl\u00ednio f\u00edsico dos franceses. Deschamps responde ao lan\u00e7ar o zagueiro Konat\u00e9 no lugar de Varane e Coman por Dembel\u00e9.<\/p>\n<p>Dinamarqueses, mais inteiros, suportam o clima de deserto, por mais bizarro que possa parecer, e criam boas duas chances para virar o jogo. Nada feito.<\/p>\n<p>Quem n\u00e3o enfia a faca na Fran\u00e7a costuma pagar caro. Quem n\u00e3o presta aten\u00e7\u00e3o em Mbapp\u00e9 sofre j\u00e1 na v\u00e9spera. Quem n\u00e3o marca Griezmman com devido rigor, pede para perder.<\/p>\n<p>Ent\u00e3o Griezmman faz cruzamento perfeito da direita encontrando raio Mbapp\u00e9 do outro lado. Craque sobe e, de coxa, desvia a bola ao gol: Fran\u00e7a 2 a 1, aos 40 minutos.<\/p>\n<p>Ato final de uma Fran\u00e7a hier\u00e1rquica. Dona da situa\u00e7\u00e3o. Equilibrada e letal com Mbapp\u00e9, o craque da Copa Qatar 2022 at\u00e9 aqui. Vai ser dif\u00edcil parar o homem no deserto \u00e1rabe.<\/p>\n<p><strong><em>Doha, 26 de novembro 2022. Por Luiz Antonio Pr\u00f3speri<\/em><\/strong><\/p>\n","protected":false},"excerpt":{"rendered":"<p>Fran\u00e7a vence Dinamarca e avan\u00e7a \u00e0s oitavas de final da Copa Qatar 2022. Cl\u00e1ssica e fatal, a \u00faltima [&hellip;]<\/p>\n","protected":false},"author":102107496,"featured_media":39919,"comment_status":"open","ping_status":"open","sticky":false,"template":"","format":"standard","meta":{"_coblocks_attr":"","_coblocks_dimensions":"","_coblocks_responsive_height":"","_coblocks_accordion_ie_support":"","_jetpack_newsletter_access":"","_jetpack_dont_email_post_to_subs":false,"_jetpack_newsletter_tier_id":0,"_jetpack_memberships_contains_paywalled_content":false,"_wpcom_ai_launchpad_first_post":false,"_jetpack_feature_clip_id":0,"_jetpack_memberships_contains_paid_content":false,"footnotes":"","jetpack_publicize_message":"","jetpack_publicize_feature_enabled":true,"jetpack_social_post_already_shared":false,"jetpack_social_options":{"image_generator_settings":{"template":"highway","default_image_id":0,"font":"","enabled":false},"version":2},"jetpack_post_was_ever_published":false},"categories":[301049609,53870],"tags":[47274269,6354609,53377,4855019,68923,789560560,344922873,24279794,789560571,2027588],"class_list":["post-39911","post","type-post","status-publish","format-standard","has-post-thumbnail","hentry","category-copa-do-mundo-catar-2022","category-futebol","tag-copa-do-mundo-qatar-2022","tag-dembele","tag-dinamarca","tag-eriksen","tag-franca","tag-futebol","tag-griezmman","tag-mbappe","tag-qatar-2022","tag-selecao-francesa"],"yoast_head":"<!-- This site is optimized with the Yoast SEO plugin v28.3 - https:\/\/yoast.com\/product\/yoast-seo-wordpress\/ -->\n<title>Fran\u00e7a vence Dinamarca, se classifica \u00e0s oitavas e consagra Mbapp\u00e9 - PR\u00d3SPERI NEWS<\/title>\n<meta name=\"robots\" content=\"index, follow, max-snippet:-1, max-image-preview:large, max-video-preview:-1\" \/>\n<link rel=\"canonical\" href=\"https:\/\/blogdoprosperi.com\/?p=39911\" \/>\n<meta property=\"og:locale\" content=\"pt_BR\" \/>\n<meta property=\"og:type\" content=\"article\" \/>\n<meta property=\"og:title\" content=\"Fran\u00e7a vence Dinamarca, se classifica \u00e0s oitavas e consagra Mbapp\u00e9 - PR\u00d3SPERI NEWS\" \/>\n<meta property=\"og:description\" content=\"Fran\u00e7a vence Dinamarca e avan\u00e7a \u00e0s oitavas de final da Copa Qatar 2022. Cl\u00e1ssica e fatal, a \u00faltima [&hellip;]\" \/>\n<meta property=\"og:url\" content=\"https:\/\/blogdoprosperi.com\/?p=39911\" \/>\n<meta property=\"og:site_name\" content=\"PR\u00d3SPERI NEWS\" \/>\n<meta property=\"article:publisher\" content=\"Luiz Pr\u00f3speri\" \/>\n<meta property=\"article:author\" content=\"Luiz Pr\u00f3speri\" \/>\n<meta property=\"article:published_time\" content=\"2022-11-26T18:11:48+00:00\" \/>\n<meta property=\"article:modified_time\" content=\"2022-11-27T16:12:31+00:00\" \/>\n<meta property=\"og:image\" content=\"https:\/\/i0.wp.com\/blogdoprosperi.com\/wp-content\/uploads\/2022\/11\/gols-franca-x-dinamarca-mbappe-marca-2-e-franceses-vencem-1.webp?fit=1200%2C675&ssl=1\" \/>\n\t<meta property=\"og:image:width\" content=\"1200\" \/>\n\t<meta property=\"og:image:height\" content=\"675\" \/>\n\t<meta property=\"og:image:type\" content=\"image\/webp\" \/>\n<meta name=\"author\" content=\"Luiz Ant\u00f4nio Pr\u00f3speri\" \/>\n<meta name=\"twitter:card\" content=\"summary_large_image\" \/>\n<meta name=\"twitter:creator\" content=\"@Luizprosperi\" \/>\n<meta name=\"twitter:site\" content=\"@Luizprosperi\" \/>\n<meta name=\"twitter:label1\" content=\"Escrito por\" \/>\n\t<meta name=\"twitter:data1\" content=\"Luiz Ant\u00f4nio Pr\u00f3speri\" \/>\n\t<meta name=\"twitter:label2\" content=\"Est. tempo de leitura\" \/>\n\t<meta name=\"twitter:data2\" content=\"3 minutos\" \/>\n<script type=\"application\/ld+json\" class=\"yoast-schema-graph\">{\"@context\":\"https:\\\/\\\/schema.org\",\"@graph\":[{\"@type\":\"Article\",\"@id\":\"https:\\\/\\\/blogdoprosperi.com\\\/?p=39911#article\",\"isPartOf\":{\"@id\":\"https:\\\/\\\/blogdoprosperi.com\\\/?p=39911\"},\"author\":{\"name\":\"Luiz Ant\u00f4nio Pr\u00f3speri\",\"@id\":\"https:\\\/\\\/blogdoprosperi.com\\\/#\\\/schema\\\/person\\\/38100755ce3601861ee4fab9b5aa78e9\"},\"headline\":\"Fran\u00e7a vence Dinamarca, se classifica \u00e0s oitavas e consagra Mbapp\u00e9\",\"datePublished\":\"2022-11-26T18:11:48+00:00\",\"dateModified\":\"2022-11-27T16:12:31+00:00\",\"mainEntityOfPage\":{\"@id\":\"https:\\\/\\\/blogdoprosperi.com\\\/?p=39911\"},\"wordCount\":686,\"commentCount\":0,\"publisher\":{\"@id\":\"https:\\\/\\\/blogdoprosperi.com\\\/#\\\/schema\\\/person\\\/38100755ce3601861ee4fab9b5aa78e9\"},\"image\":{\"@id\":\"https:\\\/\\\/blogdoprosperi.com\\\/?p=39911#primaryimage\"},\"thumbnailUrl\":\"https:\\\/\\\/i0.wp.com\\\/blogdoprosperi.com\\\/wp-content\\\/uploads\\\/2022\\\/11\\\/gols-franca-x-dinamarca-mbappe-marca-2-e-franceses-vencem-1.webp?fit=1200%2C675&ssl=1\",\"keywords\":[\"copa do mundo Qatar 2022\",\"Dembel\u00e9\",\"dinamarca\",\"eriksen\",\"Fran\u00e7a\",\"futebol\",\"Griezmman\",\"mbapp\u00e9\",\"qatar 2022\",\"sele\u00e7\u00e3o francesa\"],\"articleSection\":[\"copa do mundo catar 2022\",\"futebol\"],\"inLanguage\":\"pt-BR\",\"potentialAction\":[{\"@type\":\"CommentAction\",\"name\":\"Comment\",\"target\":[\"https:\\\/\\\/blogdoprosperi.com\\\/?p=39911#respond\"]}]},{\"@type\":\"WebPage\",\"@id\":\"https:\\\/\\\/blogdoprosperi.com\\\/?p=39911\",\"url\":\"https:\\\/\\\/blogdoprosperi.com\\\/?p=39911\",\"name\":\"Fran\u00e7a vence Dinamarca, se classifica \u00e0s oitavas e consagra Mbapp\u00e9 - PR\u00d3SPERI NEWS\",\"isPartOf\":{\"@id\":\"https:\\\/\\\/blogdoprosperi.com\\\/#website\"},\"primaryImageOfPage\":{\"@id\":\"https:\\\/\\\/blogdoprosperi.com\\\/?p=39911#primaryimage\"},\"image\":{\"@id\":\"https:\\\/\\\/blogdoprosperi.com\\\/?p=39911#primaryimage\"},\"thumbnailUrl\":\"https:\\\/\\\/i0.wp.com\\\/blogdoprosperi.com\\\/wp-content\\\/uploads\\\/2022\\\/11\\\/gols-franca-x-dinamarca-mbappe-marca-2-e-franceses-vencem-1.webp?fit=1200%2C675&ssl=1\",\"datePublished\":\"2022-11-26T18:11:48+00:00\",\"dateModified\":\"2022-11-27T16:12:31+00:00\",\"breadcrumb\":{\"@id\":\"https:\\\/\\\/blogdoprosperi.com\\\/?p=39911#breadcrumb\"},\"inLanguage\":\"pt-BR\",\"potentialAction\":[{\"@type\":\"ReadAction\",\"target\":[\"https:\\\/\\\/blogdoprosperi.com\\\/?p=39911\"]}]},{\"@type\":\"ImageObject\",\"inLanguage\":\"pt-BR\",\"@id\":\"https:\\\/\\\/blogdoprosperi.com\\\/?p=39911#primaryimage\",\"url\":\"https:\\\/\\\/i0.wp.com\\\/blogdoprosperi.com\\\/wp-content\\\/uploads\\\/2022\\\/11\\\/gols-franca-x-dinamarca-mbappe-marca-2-e-franceses-vencem-1.webp?fit=1200%2C675&ssl=1\",\"contentUrl\":\"https:\\\/\\\/i0.wp.com\\\/blogdoprosperi.com\\\/wp-content\\\/uploads\\\/2022\\\/11\\\/gols-franca-x-dinamarca-mbappe-marca-2-e-franceses-vencem-1.webp?fit=1200%2C675&ssl=1\",\"width\":1200,\"height\":675,\"caption\":\"Mbapp\u00e9 celebra gol diante da Dinamarca \u2013 foto: Fifa oficial\"},{\"@type\":\"BreadcrumbList\",\"@id\":\"https:\\\/\\\/blogdoprosperi.com\\\/?p=39911#breadcrumb\",\"itemListElement\":[{\"@type\":\"ListItem\",\"position\":1,\"name\":\"In\u00edcio\",\"item\":\"https:\\\/\\\/blogdoprosperi.com\\\/\"},{\"@type\":\"ListItem\",\"position\":2,\"name\":\"Fran\u00e7a vence Dinamarca, se classifica \u00e0s oitavas e consagra Mbapp\u00e9\"}]},{\"@type\":\"WebSite\",\"@id\":\"https:\\\/\\\/blogdoprosperi.com\\\/#website\",\"url\":\"https:\\\/\\\/blogdoprosperi.com\\\/\",\"name\":\"PR\u00d3SPERI NEWS\",\"description\":\"TUDO \u00c9  FUTEBOL\",\"publisher\":{\"@id\":\"https:\\\/\\\/blogdoprosperi.com\\\/#\\\/schema\\\/person\\\/38100755ce3601861ee4fab9b5aa78e9\"},\"alternateName\":\"blogdoprosperi.com\",\"potentialAction\":[{\"@type\":\"SearchAction\",\"target\":{\"@type\":\"EntryPoint\",\"urlTemplate\":\"https:\\\/\\\/blogdoprosperi.com\\\/?s={search_term_string}\"},\"query-input\":{\"@type\":\"PropertyValueSpecification\",\"valueRequired\":true,\"valueName\":\"search_term_string\"}}],\"inLanguage\":\"pt-BR\"},{\"@type\":[\"Person\",\"Organization\"],\"@id\":\"https:\\\/\\\/blogdoprosperi.com\\\/#\\\/schema\\\/person\\\/38100755ce3601861ee4fab9b5aa78e9\",\"name\":\"Luiz Ant\u00f4nio Pr\u00f3speri\",\"pronouns\":\"ele\",\"image\":{\"@type\":\"ImageObject\",\"inLanguage\":\"pt-BR\",\"@id\":\"https:\\\/\\\/i0.wp.com\\\/blogdoprosperi.com\\\/wp-content\\\/uploads\\\/2026\\\/05\\\/cropped-8059e613-6002-42fa-961e-8e275f575d71-2-5.jpg?fit=1360%2C931&ssl=1\",\"url\":\"https:\\\/\\\/i0.wp.com\\\/blogdoprosperi.com\\\/wp-content\\\/uploads\\\/2026\\\/05\\\/cropped-8059e613-6002-42fa-961e-8e275f575d71-2-5.jpg?fit=1360%2C931&ssl=1\",\"contentUrl\":\"https:\\\/\\\/i0.wp.com\\\/blogdoprosperi.com\\\/wp-content\\\/uploads\\\/2026\\\/05\\\/cropped-8059e613-6002-42fa-961e-8e275f575d71-2-5.jpg?fit=1360%2C931&ssl=1\",\"width\":1360,\"height\":931,\"caption\":\"Luiz Ant\u00f4nio Pr\u00f3speri\"},\"logo\":{\"@id\":\"https:\\\/\\\/i0.wp.com\\\/blogdoprosperi.com\\\/wp-content\\\/uploads\\\/2026\\\/05\\\/cropped-8059e613-6002-42fa-961e-8e275f575d71-2-5.jpg?fit=1360%2C931&ssl=1\"},\"description\":\"Jornalista com carreira dedicada ao esporte. Cobriu 9 Copas do Mundo in loco, 1990 na It\u00e1lia, 1994 nos EUA, 1998 na Fran\u00e7a, 2002 na Coreia do Sul e Jap\u00e3o, 2006 na Alemanha, 2010 na \u00c1frica do Sul, 2014 no Brasil, 2018 na R\u00fassia e 2022 no Qatar. Eurocopas, 1992 na Su\u00e9cia e 1996 na Inglaterra. Copa das Confedera\u00e7\u00f5es de 2005 na Alemanha e 2009 na \u00c1frica do Sul. Rep\u00f3rter e Editor, trabalhou no Jornal da Tarde e Estad\u00e3o, de 1984 a fevereiro de 2016. Colunista, blogueiro. E comentarista de futebol na R\u00e1dio Estad\u00e3o, de 2013 a fevereiro de 2016. Jornalista respons\u00e1vel do \\\"Pr\u00f3speri News\\\" (blogdoprosperi.com).\",\"sameAs\":[\"http:\\\/\\\/blogdoprosperi.com\",\"Luiz Pr\u00f3speri\",\"@luiz_prosperi\",\"https:\\\/\\\/x.com\\\/Luizprosperi\",\"@prosperinacopa\",\"luiz.prosperi@icloud.com\"],\"url\":\"https:\\\/\\\/blogdoprosperi.com\\\/?author=102107496\"}]}<\/script>\n<!-- \/ Yoast SEO plugin. -->","yoast_head_json":{"title":"Fran\u00e7a vence Dinamarca, se classifica \u00e0s oitavas e consagra Mbapp\u00e9 - PR\u00d3SPERI NEWS","robots":{"index":"index","follow":"follow","max-snippet":"max-snippet:-1","max-image-preview":"max-image-preview:large","max-video-preview":"max-video-preview:-1"},"canonical":"https:\/\/blogdoprosperi.com\/?p=39911","og_locale":"pt_BR","og_type":"article","og_title":"Fran\u00e7a vence Dinamarca, se classifica \u00e0s oitavas e consagra Mbapp\u00e9 - PR\u00d3SPERI NEWS","og_description":"Fran\u00e7a vence Dinamarca e avan\u00e7a \u00e0s oitavas de final da Copa Qatar 2022. Cl\u00e1ssica e fatal, a \u00faltima [&hellip;]","og_url":"https:\/\/blogdoprosperi.com\/?p=39911","og_site_name":"PR\u00d3SPERI NEWS","article_publisher":"Luiz Pr\u00f3speri","article_author":"Luiz Pr\u00f3speri","article_published_time":"2022-11-26T18:11:48+00:00","article_modified_time":"2022-11-27T16:12:31+00:00","og_image":[{"width":1200,"height":675,"url":"https:\/\/i0.wp.com\/blogdoprosperi.com\/wp-content\/uploads\/2022\/11\/gols-franca-x-dinamarca-mbappe-marca-2-e-franceses-vencem-1.webp?fit=1200%2C675&ssl=1","type":"image\/webp"}],"author":"Luiz Ant\u00f4nio Pr\u00f3speri","twitter_card":"summary_large_image","twitter_creator":"@Luizprosperi","twitter_site":"@Luizprosperi","twitter_misc":{"Escrito por":"Luiz Ant\u00f4nio Pr\u00f3speri","Est. tempo de leitura":"3 minutos"},"schema":{"@context":"https:\/\/schema.org","@graph":[{"@type":"Article","@id":"https:\/\/blogdoprosperi.com\/?p=39911#article","isPartOf":{"@id":"https:\/\/blogdoprosperi.com\/?p=39911"},"author":{"name":"Luiz Ant\u00f4nio Pr\u00f3speri","@id":"https:\/\/blogdoprosperi.com\/#\/schema\/person\/38100755ce3601861ee4fab9b5aa78e9"},"headline":"Fran\u00e7a vence Dinamarca, se classifica \u00e0s oitavas e consagra Mbapp\u00e9","datePublished":"2022-11-26T18:11:48+00:00","dateModified":"2022-11-27T16:12:31+00:00","mainEntityOfPage":{"@id":"https:\/\/blogdoprosperi.com\/?p=39911"},"wordCount":686,"commentCount":0,"publisher":{"@id":"https:\/\/blogdoprosperi.com\/#\/schema\/person\/38100755ce3601861ee4fab9b5aa78e9"},"image":{"@id":"https:\/\/blogdoprosperi.com\/?p=39911#primaryimage"},"thumbnailUrl":"https:\/\/i0.wp.com\/blogdoprosperi.com\/wp-content\/uploads\/2022\/11\/gols-franca-x-dinamarca-mbappe-marca-2-e-franceses-vencem-1.webp?fit=1200%2C675&ssl=1","keywords":["copa do mundo Qatar 2022","Dembel\u00e9","dinamarca","eriksen","Fran\u00e7a","futebol","Griezmman","mbapp\u00e9","qatar 2022","sele\u00e7\u00e3o francesa"],"articleSection":["copa do mundo catar 2022","futebol"],"inLanguage":"pt-BR","potentialAction":[{"@type":"CommentAction","name":"Comment","target":["https:\/\/blogdoprosperi.com\/?p=39911#respond"]}]},{"@type":"WebPage","@id":"https:\/\/blogdoprosperi.com\/?p=39911","url":"https:\/\/blogdoprosperi.com\/?p=39911","name":"Fran\u00e7a vence Dinamarca, se classifica \u00e0s oitavas e consagra Mbapp\u00e9 - PR\u00d3SPERI NEWS","isPartOf":{"@id":"https:\/\/blogdoprosperi.com\/#website"},"primaryImageOfPage":{"@id":"https:\/\/blogdoprosperi.com\/?p=39911#primaryimage"},"image":{"@id":"https:\/\/blogdoprosperi.com\/?p=39911#primaryimage"},"thumbnailUrl":"https:\/\/i0.wp.com\/blogdoprosperi.com\/wp-content\/uploads\/2022\/11\/gols-franca-x-dinamarca-mbappe-marca-2-e-franceses-vencem-1.webp?fit=1200%2C675&ssl=1","datePublished":"2022-11-26T18:11:48+00:00","dateModified":"2022-11-27T16:12:31+00:00","breadcrumb":{"@id":"https:\/\/blogdoprosperi.com\/?p=39911#breadcrumb"},"inLanguage":"pt-BR","potentialAction":[{"@type":"ReadAction","target":["https:\/\/blogdoprosperi.com\/?p=39911"]}]},{"@type":"ImageObject","inLanguage":"pt-BR","@id":"https:\/\/blogdoprosperi.com\/?p=39911#primaryimage","url":"https:\/\/i0.wp.com\/blogdoprosperi.com\/wp-content\/uploads\/2022\/11\/gols-franca-x-dinamarca-mbappe-marca-2-e-franceses-vencem-1.webp?fit=1200%2C675&ssl=1","contentUrl":"https:\/\/i0.wp.com\/blogdoprosperi.com\/wp-content\/uploads\/2022\/11\/gols-franca-x-dinamarca-mbappe-marca-2-e-franceses-vencem-1.webp?fit=1200%2C675&ssl=1","width":1200,"height":675,"caption":"Mbapp\u00e9 celebra gol diante da Dinamarca \u2013 foto: Fifa oficial"},{"@type":"BreadcrumbList","@id":"https:\/\/blogdoprosperi.com\/?p=39911#breadcrumb","itemListElement":[{"@type":"ListItem","position":1,"name":"In\u00edcio","item":"https:\/\/blogdoprosperi.com\/"},{"@type":"ListItem","position":2,"name":"Fran\u00e7a vence Dinamarca, se classifica \u00e0s oitavas e consagra Mbapp\u00e9"}]},{"@type":"WebSite","@id":"https:\/\/blogdoprosperi.com\/#website","url":"https:\/\/blogdoprosperi.com\/","name":"PR\u00d3SPERI NEWS","description":"TUDO \u00c9  FUTEBOL","publisher":{"@id":"https:\/\/blogdoprosperi.com\/#\/schema\/person\/38100755ce3601861ee4fab9b5aa78e9"},"alternateName":"blogdoprosperi.com","potentialAction":[{"@type":"SearchAction","target":{"@type":"EntryPoint","urlTemplate":"https:\/\/blogdoprosperi.com\/?s={search_term_string}"},"query-input":{"@type":"PropertyValueSpecification","valueRequired":true,"valueName":"search_term_string"}}],"inLanguage":"pt-BR"},{"@type":["Person","Organization"],"@id":"https:\/\/blogdoprosperi.com\/#\/schema\/person\/38100755ce3601861ee4fab9b5aa78e9","name":"Luiz Ant\u00f4nio Pr\u00f3speri","pronouns":"ele","image":{"@type":"ImageObject","inLanguage":"pt-BR","@id":"https:\/\/i0.wp.com\/blogdoprosperi.com\/wp-content\/uploads\/2026\/05\/cropped-8059e613-6002-42fa-961e-8e275f575d71-2-5.jpg?fit=1360%2C931&ssl=1","url":"https:\/\/i0.wp.com\/blogdoprosperi.com\/wp-content\/uploads\/2026\/05\/cropped-8059e613-6002-42fa-961e-8e275f575d71-2-5.jpg?fit=1360%2C931&ssl=1","contentUrl":"https:\/\/i0.wp.com\/blogdoprosperi.com\/wp-content\/uploads\/2026\/05\/cropped-8059e613-6002-42fa-961e-8e275f575d71-2-5.jpg?fit=1360%2C931&ssl=1","width":1360,"height":931,"caption":"Luiz Ant\u00f4nio Pr\u00f3speri"},"logo":{"@id":"https:\/\/i0.wp.com\/blogdoprosperi.com\/wp-content\/uploads\/2026\/05\/cropped-8059e613-6002-42fa-961e-8e275f575d71-2-5.jpg?fit=1360%2C931&ssl=1"},"description":"Jornalista com carreira dedicada ao esporte. Cobriu 9 Copas do Mundo in loco, 1990 na It\u00e1lia, 1994 nos EUA, 1998 na Fran\u00e7a, 2002 na Coreia do Sul e Jap\u00e3o, 2006 na Alemanha, 2010 na \u00c1frica do Sul, 2014 no Brasil, 2018 na R\u00fassia e 2022 no Qatar. Eurocopas, 1992 na Su\u00e9cia e 1996 na Inglaterra. Copa das Confedera\u00e7\u00f5es de 2005 na Alemanha e 2009 na \u00c1frica do Sul. Rep\u00f3rter e Editor, trabalhou no Jornal da Tarde e Estad\u00e3o, de 1984 a fevereiro de 2016. Colunista, blogueiro. E comentarista de futebol na R\u00e1dio Estad\u00e3o, de 2013 a fevereiro de 2016. Jornalista respons\u00e1vel do \"Pr\u00f3speri News\" (blogdoprosperi.com).","sameAs":["http:\/\/blogdoprosperi.com","Luiz Pr\u00f3speri","@luiz_prosperi","https:\/\/x.com\/Luizprosperi","@prosperinacopa","luiz.prosperi@icloud.com"],"url":"https:\/\/blogdoprosperi.com\/?author=102107496"}]}},"jetpack_publicize_connections":[],"jetpack_likes_enabled":false,"jetpack_sharing_enabled":true,"jetpack_shortlink":"https:\/\/wp.me\/p7jvdk-anJ","jetpack-related-posts":[{"id":60308,"url":"https:\/\/blogdoprosperi.com\/?p=60308","url_meta":{"origin":39911,"position":0},"title":"Fran\u00e7a x Espanha | Semifinal definida sem favoritos","author":"Luiz Ant\u00f4nio Pr\u00f3speri","date":"10 de julho de 2026","format":false,"excerpt":"Luiz Ant\u00f4nio Pr\u00f3speri \u2013 10 julho 2026 (21h59) Espanha vence B\u00e9lgica no limite e avan\u00e7a \u00e0s semifinais da Copa do Mundo 2026. A parada agora \u00e9 contra a Fran\u00e7a, aclamada mais forte candidata a levantar a ta\u00e7a dia 19 em New Jersey. A outra semi ser\u00e1 conhecida neste s\u00e1bado (11\/7)\u2026","rel":"","context":"Em &quot;copa 2026&quot;","block_context":{"text":"copa 2026","link":"https:\/\/blogdoprosperi.com\/?cat=36820279"},"img":{"alt_text":"","src":"https:\/\/i0.wp.com\/blogdoprosperi.com\/wp-content\/uploads\/2026\/07\/Captura-de-Tela-2026-07-10-as-22.21.26.png?fit=1200%2C703&ssl=1&resize=350%2C200","width":350,"height":200,"srcset":"https:\/\/i0.wp.com\/blogdoprosperi.com\/wp-content\/uploads\/2026\/07\/Captura-de-Tela-2026-07-10-as-22.21.26.png?fit=1200%2C703&ssl=1&resize=350%2C200 1x, https:\/\/i0.wp.com\/blogdoprosperi.com\/wp-content\/uploads\/2026\/07\/Captura-de-Tela-2026-07-10-as-22.21.26.png?fit=1200%2C703&ssl=1&resize=525%2C300 1.5x, https:\/\/i0.wp.com\/blogdoprosperi.com\/wp-content\/uploads\/2026\/07\/Captura-de-Tela-2026-07-10-as-22.21.26.png?fit=1200%2C703&ssl=1&resize=700%2C400 2x, https:\/\/i0.wp.com\/blogdoprosperi.com\/wp-content\/uploads\/2026\/07\/Captura-de-Tela-2026-07-10-as-22.21.26.png?fit=1200%2C703&ssl=1&resize=1050%2C600 3x"},"classes":[]},{"id":60812,"url":"https:\/\/blogdoprosperi.com\/?p=60812","url_meta":{"origin":39911,"position":1},"title":"Inglaterra vence Fran\u00e7a por 6 a 4 e fica com terceiro lugar na Copa 2026, a melhor coloca\u00e7\u00e3o desde 1966","author":"Luiz Ant\u00f4nio Pr\u00f3speri","date":"18 de julho de 2026","format":false,"excerpt":"Luiz Ant\u00f4nio Pr\u00f3speri \u2013 18 julho 2026 (20h21) Inglaterra vence a Fran\u00e7a por 6 a 4 e garante o terceiro lugar na Copa do Mundo 2026, a sua melhor coloca\u00e7\u00e3o desde 1996 quando foi campe\u00e3. O jogo maluco tem os ingleses abrindo 4 a 0 no primeiro tempo com os\u2026","rel":"","context":"Em &quot;copa 2026&quot;","block_context":{"text":"copa 2026","link":"https:\/\/blogdoprosperi.com\/?cat=36820279"},"img":{"alt_text":"","src":"https:\/\/i0.wp.com\/blogdoprosperi.com\/wp-content\/uploads\/2026\/07\/HNi7gbzWMAEgjwU.jpeg?fit=1080%2C1080&ssl=1&resize=350%2C200","width":350,"height":200,"srcset":"https:\/\/i0.wp.com\/blogdoprosperi.com\/wp-content\/uploads\/2026\/07\/HNi7gbzWMAEgjwU.jpeg?fit=1080%2C1080&ssl=1&resize=350%2C200 1x, https:\/\/i0.wp.com\/blogdoprosperi.com\/wp-content\/uploads\/2026\/07\/HNi7gbzWMAEgjwU.jpeg?fit=1080%2C1080&ssl=1&resize=525%2C300 1.5x, https:\/\/i0.wp.com\/blogdoprosperi.com\/wp-content\/uploads\/2026\/07\/HNi7gbzWMAEgjwU.jpeg?fit=1080%2C1080&ssl=1&resize=700%2C400 2x, https:\/\/i0.wp.com\/blogdoprosperi.com\/wp-content\/uploads\/2026\/07\/HNi7gbzWMAEgjwU.jpeg?fit=1080%2C1080&ssl=1&resize=1050%2C600 3x"},"classes":[]},{"id":60510,"url":"https:\/\/blogdoprosperi.com\/?p=60510","url_meta":{"origin":39911,"position":2},"title":"Fran\u00e7a x Espanha: Quem pode decidir, o poder de sedu\u00e7\u00e3o de cada sele\u00e7\u00e3o e onde assistir o jogo ao vivo","author":"Luiz Ant\u00f4nio Pr\u00f3speri","date":"14 de julho de 2026","format":false,"excerpt":"Luiz Ant\u00f4nio Pr\u00f3speri \u2013 14 julho 2026 (11h34)\u00a0 Fran\u00e7a e Espanha decidem uma vaga \u00e0 final da Copa do Mundo 2026 nesta ter\u00e7a-feira (14\/7) em Dallas. Trata-se de um dos jogos dos mais esperados dessa Copa. Pena que seja agora a dois passos da grande final de domingo (19\/7) em\u2026","rel":"","context":"Em &quot;copa 2026&quot;","block_context":{"text":"copa 2026","link":"https:\/\/blogdoprosperi.com\/?cat=36820279"},"img":{"alt_text":"","src":"https:\/\/i0.wp.com\/blogdoprosperi.com\/wp-content\/uploads\/2026\/07\/Captura-de-Tela-2026-07-13-as-18.22.53.png?fit=1020%2C888&ssl=1&resize=350%2C200","width":350,"height":200,"srcset":"https:\/\/i0.wp.com\/blogdoprosperi.com\/wp-content\/uploads\/2026\/07\/Captura-de-Tela-2026-07-13-as-18.22.53.png?fit=1020%2C888&ssl=1&resize=350%2C200 1x, https:\/\/i0.wp.com\/blogdoprosperi.com\/wp-content\/uploads\/2026\/07\/Captura-de-Tela-2026-07-13-as-18.22.53.png?fit=1020%2C888&ssl=1&resize=525%2C300 1.5x, https:\/\/i0.wp.com\/blogdoprosperi.com\/wp-content\/uploads\/2026\/07\/Captura-de-Tela-2026-07-13-as-18.22.53.png?fit=1020%2C888&ssl=1&resize=700%2C400 2x"},"classes":[]},{"id":43604,"url":"https:\/\/blogdoprosperi.com\/?p=43604","url_meta":{"origin":39911,"position":3},"title":"Euro 2024 na TV \u2013 sexta-feira: Portugal x Fran\u00e7a ou Cristiano x Mbapp\u00e9","author":"Luiz Ant\u00f4nio Pr\u00f3speri","date":"5 de julho de 2024","format":false,"excerpt":"Portugal e Fran\u00e7a se enfrentam \u00e0s 16h em Hamburgo. O vencedor do confronto vai \u00e0 semifinal contra o vencedor de Espanha x Alemanha. Portugal vs Fran\u00e7a \u2013 16h \u2013 transmiss\u00e3o YouTube Caz\u00e9TV e PrimeVideo Nem Portugal e muitos menos a Fran\u00e7a mostraram grande futebol at\u00e9 aqui. Decep\u00e7\u00e3o resume bem o\u2026","rel":"","context":"Em &quot;futebol&quot;","block_context":{"text":"futebol","link":"https:\/\/blogdoprosperi.com\/?cat=53870"},"img":{"alt_text":"","src":"https:\/\/i0.wp.com\/blogdoprosperi.com\/wp-content\/uploads\/2024\/07\/euro_24_-_2_players_h2h_-_facebook_15_.jpg?fit=988%2C556&ssl=1&resize=350%2C200","width":350,"height":200,"srcset":"https:\/\/i0.wp.com\/blogdoprosperi.com\/wp-content\/uploads\/2024\/07\/euro_24_-_2_players_h2h_-_facebook_15_.jpg?fit=988%2C556&ssl=1&resize=350%2C200 1x, https:\/\/i0.wp.com\/blogdoprosperi.com\/wp-content\/uploads\/2024\/07\/euro_24_-_2_players_h2h_-_facebook_15_.jpg?fit=988%2C556&ssl=1&resize=525%2C300 1.5x, https:\/\/i0.wp.com\/blogdoprosperi.com\/wp-content\/uploads\/2024\/07\/euro_24_-_2_players_h2h_-_facebook_15_.jpg?fit=988%2C556&ssl=1&resize=700%2C400 2x"},"classes":[]},{"id":40608,"url":"https:\/\/blogdoprosperi.com\/?p=40608","url_meta":{"origin":39911,"position":4},"title":"Fran\u00e7a acaba com ilus\u00e3o de Marrocos e chega \u00e0 final da Copa","author":"Luiz Ant\u00f4nio Pr\u00f3speri","date":"14 de dezembro de 2022","format":false,"excerpt":"Fran\u00e7a se credencia a disputar contra Argentina a final da Copa do Mundo Qatar 2022 com a vit\u00f3ria por 2 a 0 diante do surpreendente Marrocos","rel":"","context":"Em &quot;catar 2022&quot;","block_context":{"text":"catar 2022","link":"https:\/\/blogdoprosperi.com\/?cat=47094043"},"img":{"alt_text":"","src":"https:\/\/i0.wp.com\/blogdoprosperi.com\/wp-content\/uploads\/2022\/12\/fj95engwyai8ky9.jpeg?fit=1200%2C800&ssl=1&resize=350%2C200","width":350,"height":200,"srcset":"https:\/\/i0.wp.com\/blogdoprosperi.com\/wp-content\/uploads\/2022\/12\/fj95engwyai8ky9.jpeg?fit=1200%2C800&ssl=1&resize=350%2C200 1x, https:\/\/i0.wp.com\/blogdoprosperi.com\/wp-content\/uploads\/2022\/12\/fj95engwyai8ky9.jpeg?fit=1200%2C800&ssl=1&resize=525%2C300 1.5x, https:\/\/i0.wp.com\/blogdoprosperi.com\/wp-content\/uploads\/2022\/12\/fj95engwyai8ky9.jpeg?fit=1200%2C800&ssl=1&resize=700%2C400 2x, https:\/\/i0.wp.com\/blogdoprosperi.com\/wp-content\/uploads\/2022\/12\/fj95engwyai8ky9.jpeg?fit=1200%2C800&ssl=1&resize=1050%2C600 3x"},"classes":[]},{"id":60611,"url":"https:\/\/blogdoprosperi.com\/?p=60611","url_meta":{"origin":39911,"position":5},"title":"Fran\u00e7a esfarelada: Repercuss\u00e3o da derrota na imprensa internacional","author":"Luiz Ant\u00f4nio Pr\u00f3speri","date":"15 de julho de 2026","format":false,"excerpt":"Acompanhe a repercuss\u00e3o da queda da Fran\u00e7a na Copa do Mundo ao levar uma li\u00e7\u00e3o de futebol da Espanha. O que dizem jornais de Paris, Madri, Londres e Nova York: The Guardian \u2013 Londres A Imaculada Sele\u00e7\u00e3o Por um instante, pareceu que a Fran\u00e7a teria que reviver\u00a0a final da Copa\u2026","rel":"","context":"Em &quot;copa 2026&quot;","block_context":{"text":"copa 2026","link":"https:\/\/blogdoprosperi.com\/?cat=36820279"},"img":{"alt_text":"","src":"https:\/\/i0.wp.com\/blogdoprosperi.com\/wp-content\/uploads\/2026\/07\/Captura-de-Tela-2026-07-15-as-12.34.58.png?fit=1200%2C909&ssl=1&resize=350%2C200","width":350,"height":200,"srcset":"https:\/\/i0.wp.com\/blogdoprosperi.com\/wp-content\/uploads\/2026\/07\/Captura-de-Tela-2026-07-15-as-12.34.58.png?fit=1200%2C909&ssl=1&resize=350%2C200 1x, https:\/\/i0.wp.com\/blogdoprosperi.com\/wp-content\/uploads\/2026\/07\/Captura-de-Tela-2026-07-15-as-12.34.58.png?fit=1200%2C909&ssl=1&resize=525%2C300 1.5x, https:\/\/i0.wp.com\/blogdoprosperi.com\/wp-content\/uploads\/2026\/07\/Captura-de-Tela-2026-07-15-as-12.34.58.png?fit=1200%2C909&ssl=1&resize=700%2C400 2x, https:\/\/i0.wp.com\/blogdoprosperi.com\/wp-content\/uploads\/2026\/07\/Captura-de-Tela-2026-07-15-as-12.34.58.png?fit=1200%2C909&ssl=1&resize=1050%2C600 3x"},"classes":[]}],"jetpack_featured_media_url":"https:\/\/i0.wp.com\/blogdoprosperi.com\/wp-content\/uploads\/2022\/11\/gols-franca-x-dinamarca-mbappe-marca-2-e-franceses-vencem-1.webp?fit=1200%2C675&ssl=1","_links":{"self":[{"href":"https:\/\/blogdoprosperi.com\/index.php?rest_route=\/wp\/v2\/posts\/39911","targetHints":{"allow":["GET"]}}],"collection":[{"href":"https:\/\/blogdoprosperi.com\/index.php?rest_route=\/wp\/v2\/posts"}],"about":[{"href":"https:\/\/blogdoprosperi.com\/index.php?rest_route=\/wp\/v2\/types\/post"}],"author":[{"embeddable":true,"href":"https:\/\/blogdoprosperi.com\/index.php?rest_route=\/wp\/v2\/users\/102107496"}],"replies":[{"embeddable":true,"href":"https:\/\/blogdoprosperi.com\/index.php?rest_route=%2Fwp%2Fv2%2Fcomments&post=39911"}],"version-history":[{"count":10,"href":"https:\/\/blogdoprosperi.com\/index.php?rest_route=\/wp\/v2\/posts\/39911\/revisions"}],"predecessor-version":[{"id":39944,"href":"https:\/\/blogdoprosperi.com\/index.php?rest_route=\/wp\/v2\/posts\/39911\/revisions\/39944"}],"wp:featuredmedia":[{"embeddable":true,"href":"https:\/\/blogdoprosperi.com\/index.php?rest_route=\/wp\/v2\/media\/39919"}],"wp:attachment":[{"href":"https:\/\/blogdoprosperi.com\/index.php?rest_route=%2Fwp%2Fv2%2Fmedia&parent=39911"}],"wp:term":[{"taxonomy":"category","embeddable":true,"href":"https:\/\/blogdoprosperi.com\/index.php?rest_route=%2Fwp%2Fv2%2Fcategories&post=39911"},{"taxonomy":"post_tag","embeddable":true,"href":"https:\/\/blogdoprosperi.com\/index.php?rest_route=%2Fwp%2Fv2%2Ftags&post=39911"}],"curies":[{"name":"wp","href":"https:\/\/api.w.org\/{rel}","templated":true}]}}