{"id":39930,"date":"2022-11-27T13:11:11","date_gmt":"2022-11-27T16:11:11","guid":{"rendered":"https:\/\/blogdoprosperi.com\/?p=39930"},"modified":"2022-11-28T15:08:14","modified_gmt":"2022-11-28T18:08:14","slug":"tite-tem-pesadelos-com-neymar-e-sonhos-com-rodrygo","status":"publish","type":"post","link":"https:\/\/blogdoprosperi.com\/?p=39930","title":{"rendered":"Tite tem pesadelos com Neymar e sonhos com Rodrygo"},"content":{"rendered":"<p>Tite est\u00e1 emocionado e tenso ao mesmo tempo. Seus olhos lacrimejam ao falar de solidariedade e o sorriso sai expont\u00e2neo no instante em que esconde da imprensa quem vai substituir Neymar contra a Su\u00ed\u00e7a, nesta segunda-feira (28\/11), no est\u00e1dio dos cont\u00eaineres em Doha.<\/p>\n<p>\u00c9 apenas o segundo jogo do Brasil na Copa 2022. Seria uma continuidade de seu plano rumo ao t\u00edtulo de campe\u00e3o. Acontece que a estrela da companhia se machucou. O que parecia solidificado no time se desmoronou no tornozelo avariado de Neymar.<\/p>\n<p>Este \u00e9 o drama. O que fazer? Tite diz que tem alternativas a usar.<\/p>\n<p>Ent\u00e3o este rep\u00f3rter do <em><strong>Pr\u00f3speri News e do&nbsp;<\/strong>canal&nbsp;<strong><span style=\"color:#0000ff;\"><a style=\"color:#0000ff;\" href=\"https:\/\/www.youtube.com\/@prosperinacopa\">Youtube Pr\u00f3speri na Copa<\/a><\/span>&nbsp;<\/strong><\/em>quer saber:<\/p>\n<p>O que a Sele\u00e7\u00e3o perde sem Neymar e o que a Sele\u00e7\u00e3o ganha com substituto de Neymar?<\/p>\n<p>A resposta de Tite na coletiva de imprensa nesse domingo (27\/11):<\/p>\n<p>&#8220;Luiz, assim voc\u00ea me quebra!&#8221;<\/p>\n<p>E continuou:<\/p>\n<p>&#8220;Eu vou dizer o que falei para ele (<em>Neymar<\/em>) algum tempo atr\u00e1s. Aquilo que eu acredito, n\u00e3o estou para tecer regra sobre o que \u00e9 certo e errado. Sabe o que eu <strong>acredito no grande talento do atleta diferente<\/strong>. Aquele que faz as coisas bem feitas durante oitenta minutos e, em duas ou tr\u00eas oportunidades, fa\u00e7a a diferen\u00e7a. Esse \u00e9 o talento, a criatividade. A criatividade n\u00e3o \u00e9 constante. Olha o primeiro gol nosso, o Neymar recebe em um espa\u00e7o curto, faz a finta, d\u00e1 um segundo corte, a bola pega o Vini, goleiro faz uma grande defesa, e o Richarlison faz o gol. Esses talentos aparecem tr\u00eas vezes durante o jogo, isso \u00e9 ser diferente, e o <strong><span style=\"color:#0000ff;\"><a style=\"color:#0000ff;\" href=\"https:\/\/blogdoprosperi.com\/2022\/11\/24\/brasil-estreia-com-vitoria-ao-signo-de-richarlsion\/\">Neymar tem essa capacidade&#8221;.<\/a><\/span><\/strong><\/p>\n<p>Em seguida enumerou as op\u00e7\u00f5es para vaga de Neymar. Citou praticamente todos jogadores de ataque \u00e0 disposi\u00e7\u00e3o: Antony, Gabriel Jesus, Vini Jr, Pedro, Richarlison, Raphinha, Gabriel Magalh\u00e3es&#8230; se esqueceu de um deles.<\/p>\n<p>Cesar Sampaio, ex-jogador e auxiliar de Tite na Sele\u00e7\u00e3o, emendou:<\/p>\n<p>&#8220;Tem o Rodrygo. A gente tem op\u00e7\u00f5es. O Neymar \u00e9 protagonista do elenco, e a gente conta com ele, <strong>por\u00e9m muitas vezes, em alguns filmes, alguns roubam a cena.<\/strong> Temos atletas no ataque que podem vir a serem protagonistas&#8221;.<\/p>\n<p>Estava dada a senha. Rodrygo pode ser o substituto de Neymar contra a Su\u00ed\u00e7a. Aos 21 anos, cria do Santos, arrebentando no Real Madrid e f\u00e3 confesso de Neymar, Rodrygo est\u00e1 pronto a entrar na vaga do \u00eddolo e caminhar assim at\u00e9 o fim da Copa. A conferir.<\/p>\n<p>Agora vamos falar do lado emocional de Tite. Um rep\u00f3rter pediu a ele solidariedade \u00e0s v\u00edtimas do atentado em Aracruz, no Esp\u00edrito Santo \u2013 quatro pessoas morreram (tr\u00eas professoras e uma aluna) e 13 ficaram feridas em invas\u00e3o \u00e0 Escola Estadual de Ensino Fundamental e M\u00e9dio Primo Bitti e a uma escola particular na cidade de Aracruz.<\/p>\n<p>Tite responde:<\/p>\n<p>&#8220;N\u00e3o estava sabendo de Aracruz. O esporte proporciona grandes coisas bonitas, principalmente para os mais jovens em termos educacionais. Minha fam\u00edlia estava voltando do jogo, e at\u00e9 chegar o metr\u00f4, \u00e9 longe para caramba, e eu tenho dois netos, pesadinhos, transfere um, transfere outro, o Luca pesado para caramba. Nessa troca (<em>de colo<\/em>) toda veio um \u00e1rabe e pediu para ajudar, e pegou&#8230; (<em>Tite chora<\/em>) E pegou meu neto e carregou n\u00e3o sei quanto tempo ele. Tem uma foto que \u00e9 linda, linda, linda. Gostaria de conhecer o \u00e1rabe, que mostrou um lado de solidariedade que transcende. Claro que viemos para ganhar, sermos campe\u00f5es, eu sei, eu sei, mas t\u00eam coisas que transcendem. Fazer do Mundial um meio de confraterniza\u00e7\u00e3o, um meio de respeito, faz parte. A minha solidariedade e meu apre\u00e7o (<em>v\u00edtimas de Aracruz<\/em>).<\/p>\n<p>A partir dessa segunda-feira (28\/11) teremos uma resposta ao drama de Tite e o caminho que a Sele\u00e7\u00e3o Brasileira vai seguir com ou sem Neymar. Este \u00e9 seu pesadelo.<\/p>\n<p>O sonho? Bem, o sonho \u00e9 Rodrygo. Tite exalta o garoto. &#8220;O Rodrygo corre que parece que tem a bola grudada no p\u00e9.&#8221;<\/p>\n<p>&nbsp;<\/p>\n<p><em><strong>Doha, 27 de novembro 2022. Por Luiz Ant\u00f4nio Pr\u00f3speri<\/strong><\/em><\/p>\n<p><em><strong>Confira tamb\u00e9m os v\u00eddeos do canal no YouTube &#8220;Pr\u00f3speri Na Copa&#8221;: <a href=\"https:\/\/www.youtube.com\/@prosperinacopa\"><span style=\"color:#0000ff;\">https:\/\/www.youtube.com\/@prosperinacopa<\/span><\/a><\/strong><\/em><\/p>\n<p>&nbsp;<\/p>\n","protected":false},"excerpt":{"rendered":"<p>Tite est\u00e1 emocionado e tenso ao mesmo tempo. Seus olhos lacrimejam ao falar de solidariedade e o sorriso [&hellip;]<\/p>\n","protected":false},"author":102107496,"featured_media":39939,"comment_status":"open","ping_status":"open","sticky":false,"template":"","format":"standard","meta":{"_coblocks_attr":"","_coblocks_dimensions":"","_coblocks_responsive_height":"","_coblocks_accordion_ie_support":"","_jetpack_newsletter_access":"","_jetpack_dont_email_post_to_subs":false,"_jetpack_newsletter_tier_id":0,"_jetpack_memberships_contains_paywalled_content":false,"_wpcom_ai_launchpad_first_post":false,"_jetpack_feature_clip_id":0,"_jetpack_memberships_contains_paid_content":false,"footnotes":"","jetpack_publicize_message":"","jetpack_publicize_feature_enabled":true,"jetpack_social_post_already_shared":false,"jetpack_social_options":{"image_generator_settings":{"template":"highway","default_image_id":0,"font":"","enabled":false},"version":2},"jetpack_post_was_ever_published":false},"categories":[47094043,301049609,53870,29811679],"tags":[299313,789560569,102467970,789560560,4112146,66705201,789560562,1814220],"class_list":["post-39930","post","type-post","status-publish","format-standard","has-post-thumbnail","hentry","category-catar-2022","category-copa-do-mundo-catar-2022","category-futebol","category-qatar-2022","tag-aracruz","tag-cbf","tag-copa-qatar-2022","tag-futebol","tag-neymar","tag-rodrygo","tag-selecao-brasileira","tag-tite"],"yoast_head":"<!-- This site is optimized with the Yoast SEO plugin v28.4 - https:\/\/yoast.com\/product\/yoast-seo-wordpress\/ -->\n<title>Tite tem pesadelos com Neymar e sonhos com Rodrygo - PR\u00d3SPERI NEWS<\/title>\n<meta name=\"robots\" content=\"index, follow, max-snippet:-1, max-image-preview:large, max-video-preview:-1\" \/>\n<link rel=\"canonical\" href=\"https:\/\/blogdoprosperi.com\/?p=39930\" \/>\n<meta property=\"og:locale\" content=\"pt_BR\" \/>\n<meta property=\"og:type\" content=\"article\" \/>\n<meta property=\"og:title\" content=\"Tite tem pesadelos com Neymar e sonhos com Rodrygo - PR\u00d3SPERI NEWS\" \/>\n<meta property=\"og:description\" content=\"Tite est\u00e1 emocionado e tenso ao mesmo tempo. Seus olhos lacrimejam ao falar de solidariedade e o sorriso [&hellip;]\" \/>\n<meta property=\"og:url\" content=\"https:\/\/blogdoprosperi.com\/?p=39930\" \/>\n<meta property=\"og:site_name\" content=\"PR\u00d3SPERI NEWS\" \/>\n<meta property=\"article:publisher\" content=\"Luiz Pr\u00f3speri\" \/>\n<meta property=\"article:author\" content=\"Luiz Pr\u00f3speri\" \/>\n<meta property=\"article:published_time\" content=\"2022-11-27T16:11:11+00:00\" \/>\n<meta property=\"article:modified_time\" content=\"2022-11-28T18:08:14+00:00\" \/>\n<meta property=\"og:image\" content=\"https:\/\/i0.wp.com\/blogdoprosperi.com\/wp-content\/uploads\/2022\/11\/52524837674_99a8b48b28_c.jpg?fit=799%2C533&ssl=1\" \/>\n\t<meta property=\"og:image:width\" content=\"799\" \/>\n\t<meta property=\"og:image:height\" content=\"533\" \/>\n\t<meta property=\"og:image:type\" content=\"image\/jpeg\" \/>\n<meta name=\"author\" content=\"Luiz Ant\u00f4nio Pr\u00f3speri\" \/>\n<meta name=\"twitter:card\" content=\"summary_large_image\" \/>\n<meta name=\"twitter:creator\" content=\"@Luizprosperi\" \/>\n<meta name=\"twitter:site\" content=\"@Luizprosperi\" \/>\n<meta name=\"twitter:label1\" content=\"Escrito por\" \/>\n\t<meta name=\"twitter:data1\" content=\"Luiz Ant\u00f4nio Pr\u00f3speri\" \/>\n\t<meta name=\"twitter:label2\" content=\"Est. tempo de leitura\" \/>\n\t<meta name=\"twitter:data2\" content=\"4 minutos\" \/>\n<script type=\"application\/ld+json\" class=\"yoast-schema-graph\">{\"@context\":\"https:\\\/\\\/schema.org\",\"@graph\":[{\"@type\":\"Article\",\"@id\":\"https:\\\/\\\/blogdoprosperi.com\\\/?p=39930#article\",\"isPartOf\":{\"@id\":\"https:\\\/\\\/blogdoprosperi.com\\\/?p=39930\"},\"author\":{\"name\":\"Luiz Ant\u00f4nio Pr\u00f3speri\",\"@id\":\"https:\\\/\\\/blogdoprosperi.com\\\/#\\\/schema\\\/person\\\/38100755ce3601861ee4fab9b5aa78e9\"},\"headline\":\"Tite tem pesadelos com Neymar e sonhos com Rodrygo\",\"datePublished\":\"2022-11-27T16:11:11+00:00\",\"dateModified\":\"2022-11-28T18:08:14+00:00\",\"mainEntityOfPage\":{\"@id\":\"https:\\\/\\\/blogdoprosperi.com\\\/?p=39930\"},\"wordCount\":710,\"commentCount\":2,\"publisher\":{\"@id\":\"https:\\\/\\\/blogdoprosperi.com\\\/#\\\/schema\\\/person\\\/38100755ce3601861ee4fab9b5aa78e9\"},\"image\":{\"@id\":\"https:\\\/\\\/blogdoprosperi.com\\\/?p=39930#primaryimage\"},\"thumbnailUrl\":\"https:\\\/\\\/i0.wp.com\\\/blogdoprosperi.com\\\/wp-content\\\/uploads\\\/2022\\\/11\\\/52524837674_99a8b48b28_c.jpg?fit=799%2C533&ssl=1\",\"keywords\":[\"aracruz\",\"CBF\",\"Copa Qatar 2022\",\"futebol\",\"Neymar\",\"rodrygo\",\"Sele\u00e7\u00e3o Brasileira\",\"Tite\"],\"articleSection\":[\"catar 2022\",\"copa do mundo catar 2022\",\"futebol\",\"qatar 2022\"],\"inLanguage\":\"pt-BR\",\"potentialAction\":[{\"@type\":\"CommentAction\",\"name\":\"Comment\",\"target\":[\"https:\\\/\\\/blogdoprosperi.com\\\/?p=39930#respond\"]}]},{\"@type\":\"WebPage\",\"@id\":\"https:\\\/\\\/blogdoprosperi.com\\\/?p=39930\",\"url\":\"https:\\\/\\\/blogdoprosperi.com\\\/?p=39930\",\"name\":\"Tite tem pesadelos com Neymar e sonhos com Rodrygo - PR\u00d3SPERI NEWS\",\"isPartOf\":{\"@id\":\"https:\\\/\\\/blogdoprosperi.com\\\/#website\"},\"primaryImageOfPage\":{\"@id\":\"https:\\\/\\\/blogdoprosperi.com\\\/?p=39930#primaryimage\"},\"image\":{\"@id\":\"https:\\\/\\\/blogdoprosperi.com\\\/?p=39930#primaryimage\"},\"thumbnailUrl\":\"https:\\\/\\\/i0.wp.com\\\/blogdoprosperi.com\\\/wp-content\\\/uploads\\\/2022\\\/11\\\/52524837674_99a8b48b28_c.jpg?fit=799%2C533&ssl=1\",\"datePublished\":\"2022-11-27T16:11:11+00:00\",\"dateModified\":\"2022-11-28T18:08:14+00:00\",\"breadcrumb\":{\"@id\":\"https:\\\/\\\/blogdoprosperi.com\\\/?p=39930#breadcrumb\"},\"inLanguage\":\"pt-BR\",\"potentialAction\":[{\"@type\":\"ReadAction\",\"target\":[\"https:\\\/\\\/blogdoprosperi.com\\\/?p=39930\"]}]},{\"@type\":\"ImageObject\",\"inLanguage\":\"pt-BR\",\"@id\":\"https:\\\/\\\/blogdoprosperi.com\\\/?p=39930#primaryimage\",\"url\":\"https:\\\/\\\/i0.wp.com\\\/blogdoprosperi.com\\\/wp-content\\\/uploads\\\/2022\\\/11\\\/52524837674_99a8b48b28_c.jpg?fit=799%2C533&ssl=1\",\"contentUrl\":\"https:\\\/\\\/i0.wp.com\\\/blogdoprosperi.com\\\/wp-content\\\/uploads\\\/2022\\\/11\\\/52524837674_99a8b48b28_c.jpg?fit=799%2C533&ssl=1\",\"width\":799,\"height\":533,\"caption\":\"Tite - foto: CBF\"},{\"@type\":\"BreadcrumbList\",\"@id\":\"https:\\\/\\\/blogdoprosperi.com\\\/?p=39930#breadcrumb\",\"itemListElement\":[{\"@type\":\"ListItem\",\"position\":1,\"name\":\"In\u00edcio\",\"item\":\"https:\\\/\\\/blogdoprosperi.com\\\/\"},{\"@type\":\"ListItem\",\"position\":2,\"name\":\"Tite tem pesadelos com Neymar e sonhos com Rodrygo\"}]},{\"@type\":\"WebSite\",\"@id\":\"https:\\\/\\\/blogdoprosperi.com\\\/#website\",\"url\":\"https:\\\/\\\/blogdoprosperi.com\\\/\",\"name\":\"PR\u00d3SPERI NEWS\",\"description\":\"TUDO \u00c9  FUTEBOL\",\"publisher\":{\"@id\":\"https:\\\/\\\/blogdoprosperi.com\\\/#\\\/schema\\\/person\\\/38100755ce3601861ee4fab9b5aa78e9\"},\"alternateName\":\"blogdoprosperi.com\",\"potentialAction\":[{\"@type\":\"SearchAction\",\"target\":{\"@type\":\"EntryPoint\",\"urlTemplate\":\"https:\\\/\\\/blogdoprosperi.com\\\/?s={search_term_string}\"},\"query-input\":{\"@type\":\"PropertyValueSpecification\",\"valueRequired\":true,\"valueName\":\"search_term_string\"}}],\"inLanguage\":\"pt-BR\"},{\"@type\":[\"Person\",\"Organization\"],\"@id\":\"https:\\\/\\\/blogdoprosperi.com\\\/#\\\/schema\\\/person\\\/38100755ce3601861ee4fab9b5aa78e9\",\"name\":\"Luiz Ant\u00f4nio Pr\u00f3speri\",\"pronouns\":\"ele\",\"image\":{\"@type\":\"ImageObject\",\"inLanguage\":\"pt-BR\",\"@id\":\"https:\\\/\\\/i0.wp.com\\\/blogdoprosperi.com\\\/wp-content\\\/uploads\\\/2026\\\/05\\\/cropped-8059e613-6002-42fa-961e-8e275f575d71-2-5.jpg?fit=1360%2C931&ssl=1\",\"url\":\"https:\\\/\\\/i0.wp.com\\\/blogdoprosperi.com\\\/wp-content\\\/uploads\\\/2026\\\/05\\\/cropped-8059e613-6002-42fa-961e-8e275f575d71-2-5.jpg?fit=1360%2C931&ssl=1\",\"contentUrl\":\"https:\\\/\\\/i0.wp.com\\\/blogdoprosperi.com\\\/wp-content\\\/uploads\\\/2026\\\/05\\\/cropped-8059e613-6002-42fa-961e-8e275f575d71-2-5.jpg?fit=1360%2C931&ssl=1\",\"width\":1360,\"height\":931,\"caption\":\"Luiz Ant\u00f4nio Pr\u00f3speri\"},\"logo\":{\"@id\":\"https:\\\/\\\/i0.wp.com\\\/blogdoprosperi.com\\\/wp-content\\\/uploads\\\/2026\\\/05\\\/cropped-8059e613-6002-42fa-961e-8e275f575d71-2-5.jpg?fit=1360%2C931&ssl=1\"},\"description\":\"Jornalista com carreira dedicada ao esporte. Cobriu 9 Copas do Mundo in loco, 1990 na It\u00e1lia, 1994 nos EUA, 1998 na Fran\u00e7a, 2002 na Coreia do Sul e Jap\u00e3o, 2006 na Alemanha, 2010 na \u00c1frica do Sul, 2014 no Brasil, 2018 na R\u00fassia e 2022 no Qatar. Eurocopas, 1992 na Su\u00e9cia e 1996 na Inglaterra. Copa das Confedera\u00e7\u00f5es de 2005 na Alemanha e 2009 na \u00c1frica do Sul. Rep\u00f3rter e Editor, trabalhou no Jornal da Tarde e Estad\u00e3o, de 1984 a fevereiro de 2016. Colunista, blogueiro. E comentarista de futebol na R\u00e1dio Estad\u00e3o, de 2013 a fevereiro de 2016. Jornalista respons\u00e1vel do \\\"Pr\u00f3speri News\\\" (blogdoprosperi.com).\",\"sameAs\":[\"http:\\\/\\\/blogdoprosperi.com\",\"Luiz Pr\u00f3speri\",\"@luiz_prosperi\",\"https:\\\/\\\/x.com\\\/Luizprosperi\",\"@prosperinacopa\",\"luiz.prosperi@icloud.com\"],\"url\":\"https:\\\/\\\/blogdoprosperi.com\\\/?author=102107496\"}]}<\/script>\n<!-- \/ Yoast SEO plugin. -->","yoast_head_json":{"title":"Tite tem pesadelos com Neymar e sonhos com Rodrygo - PR\u00d3SPERI NEWS","robots":{"index":"index","follow":"follow","max-snippet":"max-snippet:-1","max-image-preview":"max-image-preview:large","max-video-preview":"max-video-preview:-1"},"canonical":"https:\/\/blogdoprosperi.com\/?p=39930","og_locale":"pt_BR","og_type":"article","og_title":"Tite tem pesadelos com Neymar e sonhos com Rodrygo - PR\u00d3SPERI NEWS","og_description":"Tite est\u00e1 emocionado e tenso ao mesmo tempo. Seus olhos lacrimejam ao falar de solidariedade e o sorriso [&hellip;]","og_url":"https:\/\/blogdoprosperi.com\/?p=39930","og_site_name":"PR\u00d3SPERI NEWS","article_publisher":"Luiz Pr\u00f3speri","article_author":"Luiz Pr\u00f3speri","article_published_time":"2022-11-27T16:11:11+00:00","article_modified_time":"2022-11-28T18:08:14+00:00","og_image":[{"width":799,"height":533,"url":"https:\/\/i0.wp.com\/blogdoprosperi.com\/wp-content\/uploads\/2022\/11\/52524837674_99a8b48b28_c.jpg?fit=799%2C533&ssl=1","type":"image\/jpeg"}],"author":"Luiz Ant\u00f4nio Pr\u00f3speri","twitter_card":"summary_large_image","twitter_creator":"@Luizprosperi","twitter_site":"@Luizprosperi","twitter_misc":{"Escrito por":"Luiz Ant\u00f4nio Pr\u00f3speri","Est. tempo de leitura":"4 minutos"},"schema":{"@context":"https:\/\/schema.org","@graph":[{"@type":"Article","@id":"https:\/\/blogdoprosperi.com\/?p=39930#article","isPartOf":{"@id":"https:\/\/blogdoprosperi.com\/?p=39930"},"author":{"name":"Luiz Ant\u00f4nio Pr\u00f3speri","@id":"https:\/\/blogdoprosperi.com\/#\/schema\/person\/38100755ce3601861ee4fab9b5aa78e9"},"headline":"Tite tem pesadelos com Neymar e sonhos com Rodrygo","datePublished":"2022-11-27T16:11:11+00:00","dateModified":"2022-11-28T18:08:14+00:00","mainEntityOfPage":{"@id":"https:\/\/blogdoprosperi.com\/?p=39930"},"wordCount":710,"commentCount":2,"publisher":{"@id":"https:\/\/blogdoprosperi.com\/#\/schema\/person\/38100755ce3601861ee4fab9b5aa78e9"},"image":{"@id":"https:\/\/blogdoprosperi.com\/?p=39930#primaryimage"},"thumbnailUrl":"https:\/\/i0.wp.com\/blogdoprosperi.com\/wp-content\/uploads\/2022\/11\/52524837674_99a8b48b28_c.jpg?fit=799%2C533&ssl=1","keywords":["aracruz","CBF","Copa Qatar 2022","futebol","Neymar","rodrygo","Sele\u00e7\u00e3o Brasileira","Tite"],"articleSection":["catar 2022","copa do mundo catar 2022","futebol","qatar 2022"],"inLanguage":"pt-BR","potentialAction":[{"@type":"CommentAction","name":"Comment","target":["https:\/\/blogdoprosperi.com\/?p=39930#respond"]}]},{"@type":"WebPage","@id":"https:\/\/blogdoprosperi.com\/?p=39930","url":"https:\/\/blogdoprosperi.com\/?p=39930","name":"Tite tem pesadelos com Neymar e sonhos com Rodrygo - PR\u00d3SPERI NEWS","isPartOf":{"@id":"https:\/\/blogdoprosperi.com\/#website"},"primaryImageOfPage":{"@id":"https:\/\/blogdoprosperi.com\/?p=39930#primaryimage"},"image":{"@id":"https:\/\/blogdoprosperi.com\/?p=39930#primaryimage"},"thumbnailUrl":"https:\/\/i0.wp.com\/blogdoprosperi.com\/wp-content\/uploads\/2022\/11\/52524837674_99a8b48b28_c.jpg?fit=799%2C533&ssl=1","datePublished":"2022-11-27T16:11:11+00:00","dateModified":"2022-11-28T18:08:14+00:00","breadcrumb":{"@id":"https:\/\/blogdoprosperi.com\/?p=39930#breadcrumb"},"inLanguage":"pt-BR","potentialAction":[{"@type":"ReadAction","target":["https:\/\/blogdoprosperi.com\/?p=39930"]}]},{"@type":"ImageObject","inLanguage":"pt-BR","@id":"https:\/\/blogdoprosperi.com\/?p=39930#primaryimage","url":"https:\/\/i0.wp.com\/blogdoprosperi.com\/wp-content\/uploads\/2022\/11\/52524837674_99a8b48b28_c.jpg?fit=799%2C533&ssl=1","contentUrl":"https:\/\/i0.wp.com\/blogdoprosperi.com\/wp-content\/uploads\/2022\/11\/52524837674_99a8b48b28_c.jpg?fit=799%2C533&ssl=1","width":799,"height":533,"caption":"Tite - foto: CBF"},{"@type":"BreadcrumbList","@id":"https:\/\/blogdoprosperi.com\/?p=39930#breadcrumb","itemListElement":[{"@type":"ListItem","position":1,"name":"In\u00edcio","item":"https:\/\/blogdoprosperi.com\/"},{"@type":"ListItem","position":2,"name":"Tite tem pesadelos com Neymar e sonhos com Rodrygo"}]},{"@type":"WebSite","@id":"https:\/\/blogdoprosperi.com\/#website","url":"https:\/\/blogdoprosperi.com\/","name":"PR\u00d3SPERI NEWS","description":"TUDO \u00c9  FUTEBOL","publisher":{"@id":"https:\/\/blogdoprosperi.com\/#\/schema\/person\/38100755ce3601861ee4fab9b5aa78e9"},"alternateName":"blogdoprosperi.com","potentialAction":[{"@type":"SearchAction","target":{"@type":"EntryPoint","urlTemplate":"https:\/\/blogdoprosperi.com\/?s={search_term_string}"},"query-input":{"@type":"PropertyValueSpecification","valueRequired":true,"valueName":"search_term_string"}}],"inLanguage":"pt-BR"},{"@type":["Person","Organization"],"@id":"https:\/\/blogdoprosperi.com\/#\/schema\/person\/38100755ce3601861ee4fab9b5aa78e9","name":"Luiz Ant\u00f4nio Pr\u00f3speri","pronouns":"ele","image":{"@type":"ImageObject","inLanguage":"pt-BR","@id":"https:\/\/i0.wp.com\/blogdoprosperi.com\/wp-content\/uploads\/2026\/05\/cropped-8059e613-6002-42fa-961e-8e275f575d71-2-5.jpg?fit=1360%2C931&ssl=1","url":"https:\/\/i0.wp.com\/blogdoprosperi.com\/wp-content\/uploads\/2026\/05\/cropped-8059e613-6002-42fa-961e-8e275f575d71-2-5.jpg?fit=1360%2C931&ssl=1","contentUrl":"https:\/\/i0.wp.com\/blogdoprosperi.com\/wp-content\/uploads\/2026\/05\/cropped-8059e613-6002-42fa-961e-8e275f575d71-2-5.jpg?fit=1360%2C931&ssl=1","width":1360,"height":931,"caption":"Luiz Ant\u00f4nio Pr\u00f3speri"},"logo":{"@id":"https:\/\/i0.wp.com\/blogdoprosperi.com\/wp-content\/uploads\/2026\/05\/cropped-8059e613-6002-42fa-961e-8e275f575d71-2-5.jpg?fit=1360%2C931&ssl=1"},"description":"Jornalista com carreira dedicada ao esporte. Cobriu 9 Copas do Mundo in loco, 1990 na It\u00e1lia, 1994 nos EUA, 1998 na Fran\u00e7a, 2002 na Coreia do Sul e Jap\u00e3o, 2006 na Alemanha, 2010 na \u00c1frica do Sul, 2014 no Brasil, 2018 na R\u00fassia e 2022 no Qatar. Eurocopas, 1992 na Su\u00e9cia e 1996 na Inglaterra. Copa das Confedera\u00e7\u00f5es de 2005 na Alemanha e 2009 na \u00c1frica do Sul. Rep\u00f3rter e Editor, trabalhou no Jornal da Tarde e Estad\u00e3o, de 1984 a fevereiro de 2016. Colunista, blogueiro. E comentarista de futebol na R\u00e1dio Estad\u00e3o, de 2013 a fevereiro de 2016. Jornalista respons\u00e1vel do \"Pr\u00f3speri News\" (blogdoprosperi.com).","sameAs":["http:\/\/blogdoprosperi.com","Luiz Pr\u00f3speri","@luiz_prosperi","https:\/\/x.com\/Luizprosperi","@prosperinacopa","luiz.prosperi@icloud.com"],"url":"https:\/\/blogdoprosperi.com\/?author=102107496"}]}},"jetpack_publicize_connections":[],"jetpack_likes_enabled":false,"jetpack_sharing_enabled":true,"jetpack_shortlink":"https:\/\/wp.me\/p7jvdk-ao2","jetpack-related-posts":[{"id":39594,"url":"https:\/\/blogdoprosperi.com\/?p=39594","url_meta":{"origin":39930,"position":0},"title":"Brasil passeia no pen\u00faltimo amistoso antes da Copa Qatar 2022","author":"Luiz Ant\u00f4nio Pr\u00f3speri","date":"23 de setembro de 2022","format":false,"excerpt":"Sele\u00e7\u00e3o Brasileira vence Gana sem nenhum constrangimento no pen\u00faltimo amistoso antes da estreia na Copa do Mundo Qatar 2022. A vit\u00f3ria por 3 a 0, constru\u00edda no primeiro tempo, tem participa\u00e7\u00e3o decisiva do atacante Richarlison, autor de dois gols, em Le Havre na Fran\u00e7a. Brasil molda o primeiro tempo do\u2026","rel":"","context":"Em &quot;catar 2022&quot;","block_context":{"text":"catar 2022","link":"https:\/\/blogdoprosperi.com\/?cat=47094043"},"img":{"alt_text":"","src":"https:\/\/i0.wp.com\/blogdoprosperi.com\/wp-content\/uploads\/2022\/09\/52379122781_8ca520c918_c.jpg?fit=799%2C533&ssl=1&resize=350%2C200","width":350,"height":200,"srcset":"https:\/\/i0.wp.com\/blogdoprosperi.com\/wp-content\/uploads\/2022\/09\/52379122781_8ca520c918_c.jpg?fit=799%2C533&ssl=1&resize=350%2C200 1x, https:\/\/i0.wp.com\/blogdoprosperi.com\/wp-content\/uploads\/2022\/09\/52379122781_8ca520c918_c.jpg?fit=799%2C533&ssl=1&resize=525%2C300 1.5x, https:\/\/i0.wp.com\/blogdoprosperi.com\/wp-content\/uploads\/2022\/09\/52379122781_8ca520c918_c.jpg?fit=799%2C533&ssl=1&resize=700%2C400 2x"},"classes":[]},{"id":40141,"url":"https:\/\/blogdoprosperi.com\/?p=40141","url_meta":{"origin":39930,"position":1},"title":"Opini\u00e3o: Tite \u00e9 devorado pela Copa do Mundo","author":"Luiz Ant\u00f4nio Pr\u00f3speri","date":"2 de dezembro de 2022","format":false,"excerpt":"\"Copa do Mundo te consome\". A senten\u00e7a \u00e9 de Tite, na madrugada fresca de Doha, pouco menos de duas horas ap\u00f3s ser abatido por Camar\u00f5es. Mais que consumir, a Copa \u00e9 massacrante. N\u00e3o se tem tempo de respirar. Tite sabe, ou deveria saber, que n\u00e3o se pode improvisar. Ao lan\u00e7ar\u2026","rel":"","context":"Em &quot;catar 2022&quot;","block_context":{"text":"catar 2022","link":"https:\/\/blogdoprosperi.com\/?cat=47094043"},"img":{"alt_text":"","src":"https:\/\/i0.wp.com\/blogdoprosperi.com\/wp-content\/uploads\/2022\/12\/52538870474_f8a1e9b99d_c.jpg?fit=799%2C533&ssl=1&resize=350%2C200","width":350,"height":200,"srcset":"https:\/\/i0.wp.com\/blogdoprosperi.com\/wp-content\/uploads\/2022\/12\/52538870474_f8a1e9b99d_c.jpg?fit=799%2C533&ssl=1&resize=350%2C200 1x, https:\/\/i0.wp.com\/blogdoprosperi.com\/wp-content\/uploads\/2022\/12\/52538870474_f8a1e9b99d_c.jpg?fit=799%2C533&ssl=1&resize=525%2C300 1.5x, https:\/\/i0.wp.com\/blogdoprosperi.com\/wp-content\/uploads\/2022\/12\/52538870474_f8a1e9b99d_c.jpg?fit=799%2C533&ssl=1&resize=700%2C400 2x"},"classes":[]},{"id":40469,"url":"https:\/\/blogdoprosperi.com\/?p=40469","url_meta":{"origin":39930,"position":2},"title":"Cartas dos jogadores da Sele\u00e7\u00e3o: escolha a mais singela","author":"Luiz Ant\u00f4nio Pr\u00f3speri","date":"11 de dezembro de 2022","format":false,"excerpt":"Nos dois dias p\u00f3s-queda na Copa, a maioria dos jogadores da Sele\u00e7\u00e3o posta em suas redes sociais cartas de auto-ajuda diante do fracasso no Qatar","rel":"","context":"Em &quot;copa do mundo catar 2022&quot;","block_context":{"text":"copa do mundo catar 2022","link":"https:\/\/blogdoprosperi.com\/?cat=301049609"},"img":{"alt_text":"","src":"https:\/\/i0.wp.com\/blogdoprosperi.com\/wp-content\/uploads\/2022\/12\/fjji3x7wqaids5c.jpg?fit=1024%2C682&ssl=1&resize=350%2C200","width":350,"height":200,"srcset":"https:\/\/i0.wp.com\/blogdoprosperi.com\/wp-content\/uploads\/2022\/12\/fjji3x7wqaids5c.jpg?fit=1024%2C682&ssl=1&resize=350%2C200 1x, https:\/\/i0.wp.com\/blogdoprosperi.com\/wp-content\/uploads\/2022\/12\/fjji3x7wqaids5c.jpg?fit=1024%2C682&ssl=1&resize=525%2C300 1.5x, https:\/\/i0.wp.com\/blogdoprosperi.com\/wp-content\/uploads\/2022\/12\/fjji3x7wqaids5c.jpg?fit=1024%2C682&ssl=1&resize=700%2C400 2x"},"classes":[]},{"id":40425,"url":"https:\/\/blogdoprosperi.com\/?p=40425","url_meta":{"origin":39930,"position":3},"title":"Brasil n\u00e3o se livra da maldi\u00e7\u00e3o e cai fora da Copa","author":"Luiz Ant\u00f4nio Pr\u00f3speri","date":"9 de dezembro de 2022","format":false,"excerpt":"Brasil est\u00e1 fora da Copa do Mundo Qatar 2022. Desaba nas quartas de final, maldi\u00e7\u00e3o que assola Sele\u00e7\u00e3o desde a Copa de 2006 na Alemanha. \u00c9 o fim do reinado de seis anos de Tite no comando do escrete. E mais uma queda de Neymar, o astro da desilus\u00e3o dos\u2026","rel":"","context":"Em &quot;catar 2022&quot;","block_context":{"text":"catar 2022","link":"https:\/\/blogdoprosperi.com\/?cat=47094043"},"img":{"alt_text":"","src":"https:\/\/i0.wp.com\/blogdoprosperi.com\/wp-content\/uploads\/2022\/12\/hmk0ysx3.jpeg?fit=1200%2C893&ssl=1&resize=350%2C200","width":350,"height":200,"srcset":"https:\/\/i0.wp.com\/blogdoprosperi.com\/wp-content\/uploads\/2022\/12\/hmk0ysx3.jpeg?fit=1200%2C893&ssl=1&resize=350%2C200 1x, https:\/\/i0.wp.com\/blogdoprosperi.com\/wp-content\/uploads\/2022\/12\/hmk0ysx3.jpeg?fit=1200%2C893&ssl=1&resize=525%2C300 1.5x, https:\/\/i0.wp.com\/blogdoprosperi.com\/wp-content\/uploads\/2022\/12\/hmk0ysx3.jpeg?fit=1200%2C893&ssl=1&resize=700%2C400 2x, https:\/\/i0.wp.com\/blogdoprosperi.com\/wp-content\/uploads\/2022\/12\/hmk0ysx3.jpeg?fit=1200%2C893&ssl=1&resize=1050%2C600 3x"},"classes":[]},{"id":39468,"url":"https:\/\/blogdoprosperi.com\/?p=39468","url_meta":{"origin":39930,"position":4},"title":"O medo de Tite: repetir fracasso da Copa 2018","author":"Luiz Ant\u00f4nio Pr\u00f3speri","date":"9 de setembro de 2022","format":false,"excerpt":"Tite carrega o medo de novo fracasso na Copa, por isso n\u00e3o fecha grupo da Sele\u00e7\u00e3o que vai ao Qatar.","rel":"","context":"Em &quot;catar 2022&quot;","block_context":{"text":"catar 2022","link":"https:\/\/blogdoprosperi.com\/?cat=47094043"},"img":{"alt_text":"Tite volta, Neymar e Fiel sonham","src":"https:\/\/i0.wp.com\/blogdoprosperi.com\/wp-content\/uploads\/2019\/06\/tite-brasil-bolivia-copa-america-14062019_7vayb96nx9dm1s6fvpi6p480l.jpg?fit=1200%2C675&ssl=1&resize=350%2C200","width":350,"height":200,"srcset":"https:\/\/i0.wp.com\/blogdoprosperi.com\/wp-content\/uploads\/2019\/06\/tite-brasil-bolivia-copa-america-14062019_7vayb96nx9dm1s6fvpi6p480l.jpg?fit=1200%2C675&ssl=1&resize=350%2C200 1x, https:\/\/i0.wp.com\/blogdoprosperi.com\/wp-content\/uploads\/2019\/06\/tite-brasil-bolivia-copa-america-14062019_7vayb96nx9dm1s6fvpi6p480l.jpg?fit=1200%2C675&ssl=1&resize=525%2C300 1.5x, https:\/\/i0.wp.com\/blogdoprosperi.com\/wp-content\/uploads\/2019\/06\/tite-brasil-bolivia-copa-america-14062019_7vayb96nx9dm1s6fvpi6p480l.jpg?fit=1200%2C675&ssl=1&resize=700%2C400 2x, https:\/\/i0.wp.com\/blogdoprosperi.com\/wp-content\/uploads\/2019\/06\/tite-brasil-bolivia-copa-america-14062019_7vayb96nx9dm1s6fvpi6p480l.jpg?fit=1200%2C675&ssl=1&resize=1050%2C600 3x"},"classes":[]},{"id":39667,"url":"https:\/\/blogdoprosperi.com\/?p=39667","url_meta":{"origin":39930,"position":5},"title":"Brasil vence Tun\u00edsia com goleada e manda recado \u00e0 concorr\u00eancia e racismo","author":"Luiz Ant\u00f4nio Pr\u00f3speri","date":"27 de setembro de 2022","format":false,"excerpt":"Brasil vence amistoso no est\u00e1dio do PSG em Paris. Jogo tem momentos de f\u00faria e racismo com banana atirada no campo.","rel":"","context":"Em &quot;catar 2022&quot;","block_context":{"text":"catar 2022","link":"https:\/\/blogdoprosperi.com\/?cat=47094043"},"img":{"alt_text":"","src":"https:\/\/i0.wp.com\/blogdoprosperi.com\/wp-content\/uploads\/2022\/09\/52388807461_00a5b7804e_c-1.jpg?fit=799%2C533&ssl=1&resize=350%2C200","width":350,"height":200,"srcset":"https:\/\/i0.wp.com\/blogdoprosperi.com\/wp-content\/uploads\/2022\/09\/52388807461_00a5b7804e_c-1.jpg?fit=799%2C533&ssl=1&resize=350%2C200 1x, https:\/\/i0.wp.com\/blogdoprosperi.com\/wp-content\/uploads\/2022\/09\/52388807461_00a5b7804e_c-1.jpg?fit=799%2C533&ssl=1&resize=525%2C300 1.5x, https:\/\/i0.wp.com\/blogdoprosperi.com\/wp-content\/uploads\/2022\/09\/52388807461_00a5b7804e_c-1.jpg?fit=799%2C533&ssl=1&resize=700%2C400 2x"},"classes":[]}],"jetpack_featured_media_url":"https:\/\/i0.wp.com\/blogdoprosperi.com\/wp-content\/uploads\/2022\/11\/52524837674_99a8b48b28_c.jpg?fit=799%2C533&ssl=1","_links":{"self":[{"href":"https:\/\/blogdoprosperi.com\/index.php?rest_route=\/wp\/v2\/posts\/39930","targetHints":{"allow":["GET"]}}],"collection":[{"href":"https:\/\/blogdoprosperi.com\/index.php?rest_route=\/wp\/v2\/posts"}],"about":[{"href":"https:\/\/blogdoprosperi.com\/index.php?rest_route=\/wp\/v2\/types\/post"}],"author":[{"embeddable":true,"href":"https:\/\/blogdoprosperi.com\/index.php?rest_route=\/wp\/v2\/users\/102107496"}],"replies":[{"embeddable":true,"href":"https:\/\/blogdoprosperi.com\/index.php?rest_route=%2Fwp%2Fv2%2Fcomments&post=39930"}],"version-history":[{"count":12,"href":"https:\/\/blogdoprosperi.com\/index.php?rest_route=\/wp\/v2\/posts\/39930\/revisions"}],"predecessor-version":[{"id":39943,"href":"https:\/\/blogdoprosperi.com\/index.php?rest_route=\/wp\/v2\/posts\/39930\/revisions\/39943"}],"wp:featuredmedia":[{"embeddable":true,"href":"https:\/\/blogdoprosperi.com\/index.php?rest_route=\/wp\/v2\/media\/39939"}],"wp:attachment":[{"href":"https:\/\/blogdoprosperi.com\/index.php?rest_route=%2Fwp%2Fv2%2Fmedia&parent=39930"}],"wp:term":[{"taxonomy":"category","embeddable":true,"href":"https:\/\/blogdoprosperi.com\/index.php?rest_route=%2Fwp%2Fv2%2Fcategories&post=39930"},{"taxonomy":"post_tag","embeddable":true,"href":"https:\/\/blogdoprosperi.com\/index.php?rest_route=%2Fwp%2Fv2%2Ftags&post=39930"}],"curies":[{"name":"wp","href":"https:\/\/api.w.org\/{rel}","templated":true}]}}