{"id":39950,"date":"2022-11-28T15:07:36","date_gmt":"2022-11-28T18:07:36","guid":{"rendered":"https:\/\/blogdoprosperi.com\/?p=39950"},"modified":"2022-11-29T19:56:27","modified_gmt":"2022-11-29T22:56:27","slug":"brasil-vence-suica-avanca-as-oitavas-da-copa-sentindo-falta-de-neymar","status":"publish","type":"post","link":"https:\/\/blogdoprosperi.com\/?p=39950","title":{"rendered":"Brasil vence Su\u00ed\u00e7a e avan\u00e7a \u00e0s oitavas da Copa sentindo falta de Neymar"},"content":{"rendered":"<p>Brasil sofre, sente falta de Neymar, vence Su\u00ed\u00e7a por 1 a 0 e avan\u00e7a \u00e0s oitavas de final da Copa Qatar 2022. Gol de Casemiro no momento mais cr\u00edtico do jogo.<\/p>\n<p>A vit\u00f3ria indica a Tite algumas decis\u00f5es importantes. Sem talento de Neymar e suas inven\u00e7\u00f5es, Sele\u00e7\u00e3o precisa de gente qualificada do meio para frente. Bruno Guimar\u00e3es \u00e9 a solu\u00e7\u00e3o, superando Fred e Paquet\u00e1, e Rodrygo tem de ser herdeiro de Neymar na linha de frente. Simples como amassar o p\u00e3o.<\/p>\n<p>Sele\u00e7\u00e3o faz um primeiro tempo fraco, sem sintonia. Fred, eleito por Tite na vaga de Neymar e a empurrar Paquet\u00e1 na fun\u00e7\u00e3o que seria do craque, n\u00e3o funciona. Fred, perdido e sem papel a cumprir. Brasil n\u00e3o sai do lugar. Arrisca com investidas de Vini, todas barradas pela marca\u00e7\u00e3o Su\u00ed\u00e7a. Uma e outra alfinetada de Raphinha e mais nada.<\/p>\n<p>Paquet\u00e1 tamb\u00e9m n\u00e3o liga o ataque. Deixa claro sua pouca lucidez nos momentos de ser meia de cria\u00e7\u00e3o, pensante. Sem sua participa\u00e7\u00e3o efetiva, Sele\u00e7\u00e3o perde embocadura. E a bola n\u00e3o chega nunca em Richarlison, um pombo em busca de migalhas na vastid\u00e3o da pra\u00e7a.<\/p>\n<p>Laterais n\u00e3o ajudam. Alex Sandro abusa do direito de errar passes normais. Eder Milit\u00e3o, zagueiro investido de lateral-direito na vaga de Danilo \u2013 Daniel Alves, o homem da posi\u00e7\u00e3o, est\u00e1 sentado no banco \u2013, n\u00e3o ajuda Raphinha no setor direito. Indeciso entre cuidar da marca\u00e7\u00e3o e descer ao ataque.<\/p>\n<p>Casemiro, bem marcado, n\u00e3o infiltra, n\u00e3o lan\u00e7a, nem chuta de longa dist\u00e2ncia ao gol.<\/p>\n<p>N\u00e3o fosse Marquinhos largar a zaga e invadir o campo inimigo, quase como um segundo volante, o Brasil seria ainda mais lerdo. Marquinhos atua como um animador de audit\u00f3rio tentando embalar o time. Falta quem aplaudir sua iniciativa.<\/p>\n<p>Torcida se manifesta entre carnaval geral e prociss\u00e3o de Semana Santa. Um term\u00f4metro do comportamento da Sele\u00e7\u00e3o.<\/p>\n<p>Do lado su\u00ed\u00e7o, a burocracia total e erros de passes simples na fase final do ataque. Presa f\u00e1cil nesse primeiro tempo.<\/p>\n<p>Brasil sente falta de Neymar. Precisa de Rodrygo. E Tite corrige seu erro de n\u00e3o apostar no garoto desde o in\u00edcio do jogo na fun\u00e7\u00e3o de Neymar.<\/p>\n<p>Ent\u00e3o Rodrygo entra no time na volta do intervalo. Sai Paquet\u00e1. Fred continua. Que teimosia!<\/p>\n<p>Tite leva quase 15 minutos para perceber que o Brasil n\u00e3o seria de nada com Fred em campo. E troca o volante do Manchester United por Bruno Guimar\u00e3es.<\/p>\n<p>Pouco mais de 5 minutos da troca, Bruno arrisca passe, Richarlison briga pela bola no c\u00edrculo central, voltando de impedimento. Jogada prossegue com Casemiro at\u00e9 Vini Jr. Gol. Mas VAR anula o gol com o offside de Richarlison.<\/p>\n<p>Sele\u00e7\u00e3o parte com tudo em busca do gol. Melhor caminho: sempre nas investidas de Vini.<\/p>\n<p>Tite troca Richarlison e Raphinha por Antony e Gabriel Jesus. Quer mais dribles e agilidade na zona de gol. Com Bruno Guimar\u00e3es no time, Casemiro se aventura mais ao ataque. Chega para alimentar os meninos na grande \u00e1rea.<\/p>\n<p>Su\u00ed\u00e7os refor\u00e7am marca\u00e7\u00e3o. Trancam a porta. Brasil sente falta do talento de Neymar, de suas inven\u00e7\u00f5es. Neymar est\u00e1 no hotel tratando do machucado no tornozelo. Su\u00ed\u00e7os se defendem como podem.<\/p>\n<p>Restam 10 minutos para o fim do jogo. Torcida troca anima\u00e7\u00e3o por roer das unhas.<\/p>\n<p>At\u00e9 que mais uma bola chega a Vini. Menino atrevido finge que vai driblar e serve Rodrygo. Garoto esperto s\u00f3 rola o bal\u00e3o a Casemiro, que bate de primeira de lado de p\u00e9: Brasil 1 a 0, aos 37 minutos.<\/p>\n<p>Acabava agonia. Unhas preservadas, dedos ao alto e n\u00e3o nos dentes, carnaval no est\u00e1dio dos cont\u00eaineres. Brasil est\u00e1 nas oitavas de final da Copa Qatar 2022.<\/p>\n<p>Neymar est\u00e1 no hotel tratando do tornozelo avariado. Sele\u00e7\u00e3o sofre sem seu brilhante, mas vence. Ufa!<\/p>\n<p>&nbsp;<\/p>\n","protected":false},"excerpt":{"rendered":"<p>Brasil sofre, sente falta de Neymar, vence Su\u00ed\u00e7a por 1 a 0 e avan\u00e7a \u00e0s oitavas de final [&hellip;]<\/p>\n","protected":false},"author":102107496,"featured_media":39958,"comment_status":"open","ping_status":"open","sticky":false,"template":"","format":"standard","meta":{"_coblocks_attr":"","_coblocks_dimensions":"","_coblocks_responsive_height":"","_coblocks_accordion_ie_support":"","_jetpack_newsletter_access":"","_jetpack_dont_email_post_to_subs":false,"_jetpack_newsletter_tier_id":0,"_jetpack_memberships_contains_paywalled_content":false,"_wpcom_ai_launchpad_first_post":false,"_jetpack_feature_clip_id":0,"_jetpack_memberships_contains_paid_content":false,"footnotes":"","jetpack_publicize_message":"","jetpack_publicize_feature_enabled":true,"jetpack_social_post_already_shared":false,"jetpack_social_options":{"image_generator_settings":{"template":"highway","default_image_id":0,"font":"","enabled":false},"version":2},"jetpack_post_was_ever_published":false},"categories":[47094043,29811679],"tags":[64128214,12508493,47274269,1432668,414811880,757604382,80558,4112146,789560562,1814220],"class_list":["post-39950","post","type-post","status-publish","format-standard","has-post-thumbnail","hentry","category-catar-2022","category-qatar-2022","tag-brasil-x-suica","tag-casemiro","tag-copa-do-mundo-qatar-2022","tag-daniel-alves","tag-eder-militao","tag-estadio-conteineres","tag-fred","tag-neymar","tag-selecao-brasileira","tag-tite"],"yoast_head":"<!-- This site is optimized with the Yoast SEO plugin v28.4 - https:\/\/yoast.com\/product\/yoast-seo-wordpress\/ -->\n<title>Brasil vence Su\u00ed\u00e7a e avan\u00e7a \u00e0s oitavas da Copa sentindo falta de Neymar - PR\u00d3SPERI NEWS<\/title>\n<meta name=\"robots\" content=\"index, follow, max-snippet:-1, max-image-preview:large, max-video-preview:-1\" \/>\n<link rel=\"canonical\" href=\"https:\/\/blogdoprosperi.com\/?p=39950\" \/>\n<meta property=\"og:locale\" content=\"pt_BR\" \/>\n<meta property=\"og:type\" content=\"article\" \/>\n<meta property=\"og:title\" content=\"Brasil vence Su\u00ed\u00e7a e avan\u00e7a \u00e0s oitavas da Copa sentindo falta de Neymar - PR\u00d3SPERI NEWS\" \/>\n<meta property=\"og:description\" content=\"Brasil sofre, sente falta de Neymar, vence Su\u00ed\u00e7a por 1 a 0 e avan\u00e7a \u00e0s oitavas de final [&hellip;]\" \/>\n<meta property=\"og:url\" content=\"https:\/\/blogdoprosperi.com\/?p=39950\" \/>\n<meta property=\"og:site_name\" content=\"PR\u00d3SPERI NEWS\" \/>\n<meta property=\"article:publisher\" content=\"Luiz Pr\u00f3speri\" \/>\n<meta property=\"article:author\" content=\"Luiz Pr\u00f3speri\" \/>\n<meta property=\"article:published_time\" content=\"2022-11-28T18:07:36+00:00\" \/>\n<meta property=\"article:modified_time\" content=\"2022-11-29T22:56:27+00:00\" \/>\n<meta property=\"og:image\" content=\"https:\/\/i0.wp.com\/blogdoprosperi.com\/wp-content\/uploads\/2022\/11\/52529612121_86b52e6501_c.jpg?fit=799%2C533&ssl=1\" \/>\n\t<meta property=\"og:image:width\" content=\"799\" \/>\n\t<meta property=\"og:image:height\" content=\"533\" \/>\n\t<meta property=\"og:image:type\" content=\"image\/jpeg\" \/>\n<meta name=\"author\" content=\"Luiz Ant\u00f4nio Pr\u00f3speri\" \/>\n<meta name=\"twitter:card\" content=\"summary_large_image\" \/>\n<meta name=\"twitter:creator\" content=\"@Luizprosperi\" \/>\n<meta name=\"twitter:site\" content=\"@Luizprosperi\" \/>\n<meta name=\"twitter:label1\" content=\"Escrito por\" \/>\n\t<meta name=\"twitter:data1\" content=\"Luiz Ant\u00f4nio Pr\u00f3speri\" \/>\n\t<meta name=\"twitter:label2\" content=\"Est. tempo de leitura\" \/>\n\t<meta name=\"twitter:data2\" content=\"3 minutos\" \/>\n<script type=\"application\/ld+json\" class=\"yoast-schema-graph\">{\"@context\":\"https:\\\/\\\/schema.org\",\"@graph\":[{\"@type\":\"Article\",\"@id\":\"https:\\\/\\\/blogdoprosperi.com\\\/?p=39950#article\",\"isPartOf\":{\"@id\":\"https:\\\/\\\/blogdoprosperi.com\\\/?p=39950\"},\"author\":{\"name\":\"Luiz Ant\u00f4nio Pr\u00f3speri\",\"@id\":\"https:\\\/\\\/blogdoprosperi.com\\\/#\\\/schema\\\/person\\\/38100755ce3601861ee4fab9b5aa78e9\"},\"headline\":\"Brasil vence Su\u00ed\u00e7a e avan\u00e7a \u00e0s oitavas da Copa sentindo falta de Neymar\",\"datePublished\":\"2022-11-28T18:07:36+00:00\",\"dateModified\":\"2022-11-29T22:56:27+00:00\",\"mainEntityOfPage\":{\"@id\":\"https:\\\/\\\/blogdoprosperi.com\\\/?p=39950\"},\"wordCount\":674,\"commentCount\":1,\"publisher\":{\"@id\":\"https:\\\/\\\/blogdoprosperi.com\\\/#\\\/schema\\\/person\\\/38100755ce3601861ee4fab9b5aa78e9\"},\"image\":{\"@id\":\"https:\\\/\\\/blogdoprosperi.com\\\/?p=39950#primaryimage\"},\"thumbnailUrl\":\"https:\\\/\\\/i0.wp.com\\\/blogdoprosperi.com\\\/wp-content\\\/uploads\\\/2022\\\/11\\\/52529612121_86b52e6501_c.jpg?fit=799%2C533&ssl=1\",\"keywords\":[\"Brasil x Su\u00ed\u00e7a\",\"Casemiro\",\"copa do mundo Qatar 2022\",\"Daniel Alves\",\"Eder Milit\u00e3o\",\"est\u00e1dio conteineres\",\"Fred\",\"Neymar\",\"Sele\u00e7\u00e3o Brasileira\",\"Tite\"],\"articleSection\":[\"catar 2022\",\"qatar 2022\"],\"inLanguage\":\"pt-BR\",\"potentialAction\":[{\"@type\":\"CommentAction\",\"name\":\"Comment\",\"target\":[\"https:\\\/\\\/blogdoprosperi.com\\\/?p=39950#respond\"]}]},{\"@type\":\"WebPage\",\"@id\":\"https:\\\/\\\/blogdoprosperi.com\\\/?p=39950\",\"url\":\"https:\\\/\\\/blogdoprosperi.com\\\/?p=39950\",\"name\":\"Brasil vence Su\u00ed\u00e7a e avan\u00e7a \u00e0s oitavas da Copa sentindo falta de Neymar - PR\u00d3SPERI NEWS\",\"isPartOf\":{\"@id\":\"https:\\\/\\\/blogdoprosperi.com\\\/#website\"},\"primaryImageOfPage\":{\"@id\":\"https:\\\/\\\/blogdoprosperi.com\\\/?p=39950#primaryimage\"},\"image\":{\"@id\":\"https:\\\/\\\/blogdoprosperi.com\\\/?p=39950#primaryimage\"},\"thumbnailUrl\":\"https:\\\/\\\/i0.wp.com\\\/blogdoprosperi.com\\\/wp-content\\\/uploads\\\/2022\\\/11\\\/52529612121_86b52e6501_c.jpg?fit=799%2C533&ssl=1\",\"datePublished\":\"2022-11-28T18:07:36+00:00\",\"dateModified\":\"2022-11-29T22:56:27+00:00\",\"breadcrumb\":{\"@id\":\"https:\\\/\\\/blogdoprosperi.com\\\/?p=39950#breadcrumb\"},\"inLanguage\":\"pt-BR\",\"potentialAction\":[{\"@type\":\"ReadAction\",\"target\":[\"https:\\\/\\\/blogdoprosperi.com\\\/?p=39950\"]}]},{\"@type\":\"ImageObject\",\"inLanguage\":\"pt-BR\",\"@id\":\"https:\\\/\\\/blogdoprosperi.com\\\/?p=39950#primaryimage\",\"url\":\"https:\\\/\\\/i0.wp.com\\\/blogdoprosperi.com\\\/wp-content\\\/uploads\\\/2022\\\/11\\\/52529612121_86b52e6501_c.jpg?fit=799%2C533&ssl=1\",\"contentUrl\":\"https:\\\/\\\/i0.wp.com\\\/blogdoprosperi.com\\\/wp-content\\\/uploads\\\/2022\\\/11\\\/52529612121_86b52e6501_c.jpg?fit=799%2C533&ssl=1\",\"width\":799,\"height\":533,\"caption\":\"Casemiro celebra gol da vit\u00f3ria do Brasil contra Su\u00ed\u00e7a - foto: CBF oficial\"},{\"@type\":\"BreadcrumbList\",\"@id\":\"https:\\\/\\\/blogdoprosperi.com\\\/?p=39950#breadcrumb\",\"itemListElement\":[{\"@type\":\"ListItem\",\"position\":1,\"name\":\"In\u00edcio\",\"item\":\"https:\\\/\\\/blogdoprosperi.com\\\/\"},{\"@type\":\"ListItem\",\"position\":2,\"name\":\"Brasil vence Su\u00ed\u00e7a e avan\u00e7a \u00e0s oitavas da Copa sentindo falta de Neymar\"}]},{\"@type\":\"WebSite\",\"@id\":\"https:\\\/\\\/blogdoprosperi.com\\\/#website\",\"url\":\"https:\\\/\\\/blogdoprosperi.com\\\/\",\"name\":\"PR\u00d3SPERI NEWS\",\"description\":\"TUDO \u00c9  FUTEBOL\",\"publisher\":{\"@id\":\"https:\\\/\\\/blogdoprosperi.com\\\/#\\\/schema\\\/person\\\/38100755ce3601861ee4fab9b5aa78e9\"},\"alternateName\":\"blogdoprosperi.com\",\"potentialAction\":[{\"@type\":\"SearchAction\",\"target\":{\"@type\":\"EntryPoint\",\"urlTemplate\":\"https:\\\/\\\/blogdoprosperi.com\\\/?s={search_term_string}\"},\"query-input\":{\"@type\":\"PropertyValueSpecification\",\"valueRequired\":true,\"valueName\":\"search_term_string\"}}],\"inLanguage\":\"pt-BR\"},{\"@type\":[\"Person\",\"Organization\"],\"@id\":\"https:\\\/\\\/blogdoprosperi.com\\\/#\\\/schema\\\/person\\\/38100755ce3601861ee4fab9b5aa78e9\",\"name\":\"Luiz Ant\u00f4nio Pr\u00f3speri\",\"pronouns\":\"ele\",\"image\":{\"@type\":\"ImageObject\",\"inLanguage\":\"pt-BR\",\"@id\":\"https:\\\/\\\/i0.wp.com\\\/blogdoprosperi.com\\\/wp-content\\\/uploads\\\/2026\\\/05\\\/cropped-8059e613-6002-42fa-961e-8e275f575d71-2-5.jpg?fit=1360%2C931&ssl=1\",\"url\":\"https:\\\/\\\/i0.wp.com\\\/blogdoprosperi.com\\\/wp-content\\\/uploads\\\/2026\\\/05\\\/cropped-8059e613-6002-42fa-961e-8e275f575d71-2-5.jpg?fit=1360%2C931&ssl=1\",\"contentUrl\":\"https:\\\/\\\/i0.wp.com\\\/blogdoprosperi.com\\\/wp-content\\\/uploads\\\/2026\\\/05\\\/cropped-8059e613-6002-42fa-961e-8e275f575d71-2-5.jpg?fit=1360%2C931&ssl=1\",\"width\":1360,\"height\":931,\"caption\":\"Luiz Ant\u00f4nio Pr\u00f3speri\"},\"logo\":{\"@id\":\"https:\\\/\\\/i0.wp.com\\\/blogdoprosperi.com\\\/wp-content\\\/uploads\\\/2026\\\/05\\\/cropped-8059e613-6002-42fa-961e-8e275f575d71-2-5.jpg?fit=1360%2C931&ssl=1\"},\"description\":\"Jornalista com carreira dedicada ao esporte. Cobriu 9 Copas do Mundo in loco, 1990 na It\u00e1lia, 1994 nos EUA, 1998 na Fran\u00e7a, 2002 na Coreia do Sul e Jap\u00e3o, 2006 na Alemanha, 2010 na \u00c1frica do Sul, 2014 no Brasil, 2018 na R\u00fassia e 2022 no Qatar. Eurocopas, 1992 na Su\u00e9cia e 1996 na Inglaterra. Copa das Confedera\u00e7\u00f5es de 2005 na Alemanha e 2009 na \u00c1frica do Sul. Rep\u00f3rter e Editor, trabalhou no Jornal da Tarde e Estad\u00e3o, de 1984 a fevereiro de 2016. Colunista, blogueiro. E comentarista de futebol na R\u00e1dio Estad\u00e3o, de 2013 a fevereiro de 2016. Jornalista respons\u00e1vel do \\\"Pr\u00f3speri News\\\" (blogdoprosperi.com).\",\"sameAs\":[\"http:\\\/\\\/blogdoprosperi.com\",\"Luiz Pr\u00f3speri\",\"@luiz_prosperi\",\"https:\\\/\\\/x.com\\\/Luizprosperi\",\"@prosperinacopa\",\"luiz.prosperi@icloud.com\"],\"url\":\"https:\\\/\\\/blogdoprosperi.com\\\/?author=102107496\"}]}<\/script>\n<!-- \/ Yoast SEO plugin. -->","yoast_head_json":{"title":"Brasil vence Su\u00ed\u00e7a e avan\u00e7a \u00e0s oitavas da Copa sentindo falta de Neymar - PR\u00d3SPERI NEWS","robots":{"index":"index","follow":"follow","max-snippet":"max-snippet:-1","max-image-preview":"max-image-preview:large","max-video-preview":"max-video-preview:-1"},"canonical":"https:\/\/blogdoprosperi.com\/?p=39950","og_locale":"pt_BR","og_type":"article","og_title":"Brasil vence Su\u00ed\u00e7a e avan\u00e7a \u00e0s oitavas da Copa sentindo falta de Neymar - PR\u00d3SPERI NEWS","og_description":"Brasil sofre, sente falta de Neymar, vence Su\u00ed\u00e7a por 1 a 0 e avan\u00e7a \u00e0s oitavas de final [&hellip;]","og_url":"https:\/\/blogdoprosperi.com\/?p=39950","og_site_name":"PR\u00d3SPERI NEWS","article_publisher":"Luiz Pr\u00f3speri","article_author":"Luiz Pr\u00f3speri","article_published_time":"2022-11-28T18:07:36+00:00","article_modified_time":"2022-11-29T22:56:27+00:00","og_image":[{"width":799,"height":533,"url":"https:\/\/i0.wp.com\/blogdoprosperi.com\/wp-content\/uploads\/2022\/11\/52529612121_86b52e6501_c.jpg?fit=799%2C533&ssl=1","type":"image\/jpeg"}],"author":"Luiz Ant\u00f4nio Pr\u00f3speri","twitter_card":"summary_large_image","twitter_creator":"@Luizprosperi","twitter_site":"@Luizprosperi","twitter_misc":{"Escrito por":"Luiz Ant\u00f4nio Pr\u00f3speri","Est. tempo de leitura":"3 minutos"},"schema":{"@context":"https:\/\/schema.org","@graph":[{"@type":"Article","@id":"https:\/\/blogdoprosperi.com\/?p=39950#article","isPartOf":{"@id":"https:\/\/blogdoprosperi.com\/?p=39950"},"author":{"name":"Luiz Ant\u00f4nio Pr\u00f3speri","@id":"https:\/\/blogdoprosperi.com\/#\/schema\/person\/38100755ce3601861ee4fab9b5aa78e9"},"headline":"Brasil vence Su\u00ed\u00e7a e avan\u00e7a \u00e0s oitavas da Copa sentindo falta de Neymar","datePublished":"2022-11-28T18:07:36+00:00","dateModified":"2022-11-29T22:56:27+00:00","mainEntityOfPage":{"@id":"https:\/\/blogdoprosperi.com\/?p=39950"},"wordCount":674,"commentCount":1,"publisher":{"@id":"https:\/\/blogdoprosperi.com\/#\/schema\/person\/38100755ce3601861ee4fab9b5aa78e9"},"image":{"@id":"https:\/\/blogdoprosperi.com\/?p=39950#primaryimage"},"thumbnailUrl":"https:\/\/i0.wp.com\/blogdoprosperi.com\/wp-content\/uploads\/2022\/11\/52529612121_86b52e6501_c.jpg?fit=799%2C533&ssl=1","keywords":["Brasil x Su\u00ed\u00e7a","Casemiro","copa do mundo Qatar 2022","Daniel Alves","Eder Milit\u00e3o","est\u00e1dio conteineres","Fred","Neymar","Sele\u00e7\u00e3o Brasileira","Tite"],"articleSection":["catar 2022","qatar 2022"],"inLanguage":"pt-BR","potentialAction":[{"@type":"CommentAction","name":"Comment","target":["https:\/\/blogdoprosperi.com\/?p=39950#respond"]}]},{"@type":"WebPage","@id":"https:\/\/blogdoprosperi.com\/?p=39950","url":"https:\/\/blogdoprosperi.com\/?p=39950","name":"Brasil vence Su\u00ed\u00e7a e avan\u00e7a \u00e0s oitavas da Copa sentindo falta de Neymar - PR\u00d3SPERI NEWS","isPartOf":{"@id":"https:\/\/blogdoprosperi.com\/#website"},"primaryImageOfPage":{"@id":"https:\/\/blogdoprosperi.com\/?p=39950#primaryimage"},"image":{"@id":"https:\/\/blogdoprosperi.com\/?p=39950#primaryimage"},"thumbnailUrl":"https:\/\/i0.wp.com\/blogdoprosperi.com\/wp-content\/uploads\/2022\/11\/52529612121_86b52e6501_c.jpg?fit=799%2C533&ssl=1","datePublished":"2022-11-28T18:07:36+00:00","dateModified":"2022-11-29T22:56:27+00:00","breadcrumb":{"@id":"https:\/\/blogdoprosperi.com\/?p=39950#breadcrumb"},"inLanguage":"pt-BR","potentialAction":[{"@type":"ReadAction","target":["https:\/\/blogdoprosperi.com\/?p=39950"]}]},{"@type":"ImageObject","inLanguage":"pt-BR","@id":"https:\/\/blogdoprosperi.com\/?p=39950#primaryimage","url":"https:\/\/i0.wp.com\/blogdoprosperi.com\/wp-content\/uploads\/2022\/11\/52529612121_86b52e6501_c.jpg?fit=799%2C533&ssl=1","contentUrl":"https:\/\/i0.wp.com\/blogdoprosperi.com\/wp-content\/uploads\/2022\/11\/52529612121_86b52e6501_c.jpg?fit=799%2C533&ssl=1","width":799,"height":533,"caption":"Casemiro celebra gol da vit\u00f3ria do Brasil contra Su\u00ed\u00e7a - foto: CBF oficial"},{"@type":"BreadcrumbList","@id":"https:\/\/blogdoprosperi.com\/?p=39950#breadcrumb","itemListElement":[{"@type":"ListItem","position":1,"name":"In\u00edcio","item":"https:\/\/blogdoprosperi.com\/"},{"@type":"ListItem","position":2,"name":"Brasil vence Su\u00ed\u00e7a e avan\u00e7a \u00e0s oitavas da Copa sentindo falta de Neymar"}]},{"@type":"WebSite","@id":"https:\/\/blogdoprosperi.com\/#website","url":"https:\/\/blogdoprosperi.com\/","name":"PR\u00d3SPERI NEWS","description":"TUDO \u00c9  FUTEBOL","publisher":{"@id":"https:\/\/blogdoprosperi.com\/#\/schema\/person\/38100755ce3601861ee4fab9b5aa78e9"},"alternateName":"blogdoprosperi.com","potentialAction":[{"@type":"SearchAction","target":{"@type":"EntryPoint","urlTemplate":"https:\/\/blogdoprosperi.com\/?s={search_term_string}"},"query-input":{"@type":"PropertyValueSpecification","valueRequired":true,"valueName":"search_term_string"}}],"inLanguage":"pt-BR"},{"@type":["Person","Organization"],"@id":"https:\/\/blogdoprosperi.com\/#\/schema\/person\/38100755ce3601861ee4fab9b5aa78e9","name":"Luiz Ant\u00f4nio Pr\u00f3speri","pronouns":"ele","image":{"@type":"ImageObject","inLanguage":"pt-BR","@id":"https:\/\/i0.wp.com\/blogdoprosperi.com\/wp-content\/uploads\/2026\/05\/cropped-8059e613-6002-42fa-961e-8e275f575d71-2-5.jpg?fit=1360%2C931&ssl=1","url":"https:\/\/i0.wp.com\/blogdoprosperi.com\/wp-content\/uploads\/2026\/05\/cropped-8059e613-6002-42fa-961e-8e275f575d71-2-5.jpg?fit=1360%2C931&ssl=1","contentUrl":"https:\/\/i0.wp.com\/blogdoprosperi.com\/wp-content\/uploads\/2026\/05\/cropped-8059e613-6002-42fa-961e-8e275f575d71-2-5.jpg?fit=1360%2C931&ssl=1","width":1360,"height":931,"caption":"Luiz Ant\u00f4nio Pr\u00f3speri"},"logo":{"@id":"https:\/\/i0.wp.com\/blogdoprosperi.com\/wp-content\/uploads\/2026\/05\/cropped-8059e613-6002-42fa-961e-8e275f575d71-2-5.jpg?fit=1360%2C931&ssl=1"},"description":"Jornalista com carreira dedicada ao esporte. Cobriu 9 Copas do Mundo in loco, 1990 na It\u00e1lia, 1994 nos EUA, 1998 na Fran\u00e7a, 2002 na Coreia do Sul e Jap\u00e3o, 2006 na Alemanha, 2010 na \u00c1frica do Sul, 2014 no Brasil, 2018 na R\u00fassia e 2022 no Qatar. Eurocopas, 1992 na Su\u00e9cia e 1996 na Inglaterra. Copa das Confedera\u00e7\u00f5es de 2005 na Alemanha e 2009 na \u00c1frica do Sul. Rep\u00f3rter e Editor, trabalhou no Jornal da Tarde e Estad\u00e3o, de 1984 a fevereiro de 2016. Colunista, blogueiro. E comentarista de futebol na R\u00e1dio Estad\u00e3o, de 2013 a fevereiro de 2016. Jornalista respons\u00e1vel do \"Pr\u00f3speri News\" (blogdoprosperi.com).","sameAs":["http:\/\/blogdoprosperi.com","Luiz Pr\u00f3speri","@luiz_prosperi","https:\/\/x.com\/Luizprosperi","@prosperinacopa","luiz.prosperi@icloud.com"],"url":"https:\/\/blogdoprosperi.com\/?author=102107496"}]}},"jetpack_publicize_connections":[],"jetpack_likes_enabled":false,"jetpack_sharing_enabled":true,"jetpack_shortlink":"https:\/\/wp.me\/p7jvdk-aom","jetpack-related-posts":[{"id":40080,"url":"https:\/\/blogdoprosperi.com\/?p=40080","url_meta":{"origin":39950,"position":0},"title":"Pr\u00e9-jogo Brasil x Camar\u00f5es: A luta dos reservas de Tite","author":"Luiz Ant\u00f4nio Pr\u00f3speri","date":"2 de dezembro de 2022","format":false,"excerpt":"Sele\u00e7\u00e3o Brasileira encara jogo contra Camar\u00f5es, \u00e0s 16h, como uma chance de olhar os reservas de Tite. Quem briga por posi\u00e7\u00e3o? Acompanhe an\u00e1lise.","rel":"","context":"Em &quot;catar 2022&quot;","block_context":{"text":"catar 2022","link":"https:\/\/blogdoprosperi.com\/?cat=47094043"},"img":{"alt_text":"","src":"https:\/\/i0.wp.com\/blogdoprosperi.com\/wp-content\/uploads\/2022\/12\/52536356073_061e74c294_c.jpg?fit=800%2C533&ssl=1&resize=350%2C200","width":350,"height":200,"srcset":"https:\/\/i0.wp.com\/blogdoprosperi.com\/wp-content\/uploads\/2022\/12\/52536356073_061e74c294_c.jpg?fit=800%2C533&ssl=1&resize=350%2C200 1x, https:\/\/i0.wp.com\/blogdoprosperi.com\/wp-content\/uploads\/2022\/12\/52536356073_061e74c294_c.jpg?fit=800%2C533&ssl=1&resize=525%2C300 1.5x, https:\/\/i0.wp.com\/blogdoprosperi.com\/wp-content\/uploads\/2022\/12\/52536356073_061e74c294_c.jpg?fit=800%2C533&ssl=1&resize=700%2C400 2x"},"classes":[]},{"id":39667,"url":"https:\/\/blogdoprosperi.com\/?p=39667","url_meta":{"origin":39950,"position":1},"title":"Brasil vence Tun\u00edsia com goleada e manda recado \u00e0 concorr\u00eancia e racismo","author":"Luiz Ant\u00f4nio Pr\u00f3speri","date":"27 de setembro de 2022","format":false,"excerpt":"Brasil vence amistoso no est\u00e1dio do PSG em Paris. Jogo tem momentos de f\u00faria e racismo com banana atirada no campo.","rel":"","context":"Em &quot;catar 2022&quot;","block_context":{"text":"catar 2022","link":"https:\/\/blogdoprosperi.com\/?cat=47094043"},"img":{"alt_text":"","src":"https:\/\/i0.wp.com\/blogdoprosperi.com\/wp-content\/uploads\/2022\/09\/52388807461_00a5b7804e_c-1.jpg?fit=799%2C533&ssl=1&resize=350%2C200","width":350,"height":200,"srcset":"https:\/\/i0.wp.com\/blogdoprosperi.com\/wp-content\/uploads\/2022\/09\/52388807461_00a5b7804e_c-1.jpg?fit=799%2C533&ssl=1&resize=350%2C200 1x, https:\/\/i0.wp.com\/blogdoprosperi.com\/wp-content\/uploads\/2022\/09\/52388807461_00a5b7804e_c-1.jpg?fit=799%2C533&ssl=1&resize=525%2C300 1.5x, https:\/\/i0.wp.com\/blogdoprosperi.com\/wp-content\/uploads\/2022\/09\/52388807461_00a5b7804e_c-1.jpg?fit=799%2C533&ssl=1&resize=700%2C400 2x"},"classes":[]},{"id":39594,"url":"https:\/\/blogdoprosperi.com\/?p=39594","url_meta":{"origin":39950,"position":2},"title":"Brasil passeia no pen\u00faltimo amistoso antes da Copa Qatar 2022","author":"Luiz Ant\u00f4nio Pr\u00f3speri","date":"23 de setembro de 2022","format":false,"excerpt":"Sele\u00e7\u00e3o Brasileira vence Gana sem nenhum constrangimento no pen\u00faltimo amistoso antes da estreia na Copa do Mundo Qatar 2022. A vit\u00f3ria por 3 a 0, constru\u00edda no primeiro tempo, tem participa\u00e7\u00e3o decisiva do atacante Richarlison, autor de dois gols, em Le Havre na Fran\u00e7a. Brasil molda o primeiro tempo do\u2026","rel":"","context":"Em &quot;catar 2022&quot;","block_context":{"text":"catar 2022","link":"https:\/\/blogdoprosperi.com\/?cat=47094043"},"img":{"alt_text":"","src":"https:\/\/i0.wp.com\/blogdoprosperi.com\/wp-content\/uploads\/2022\/09\/52379122781_8ca520c918_c.jpg?fit=799%2C533&ssl=1&resize=350%2C200","width":350,"height":200,"srcset":"https:\/\/i0.wp.com\/blogdoprosperi.com\/wp-content\/uploads\/2022\/09\/52379122781_8ca520c918_c.jpg?fit=799%2C533&ssl=1&resize=350%2C200 1x, https:\/\/i0.wp.com\/blogdoprosperi.com\/wp-content\/uploads\/2022\/09\/52379122781_8ca520c918_c.jpg?fit=799%2C533&ssl=1&resize=525%2C300 1.5x, https:\/\/i0.wp.com\/blogdoprosperi.com\/wp-content\/uploads\/2022\/09\/52379122781_8ca520c918_c.jpg?fit=799%2C533&ssl=1&resize=700%2C400 2x"},"classes":[]},{"id":40425,"url":"https:\/\/blogdoprosperi.com\/?p=40425","url_meta":{"origin":39950,"position":3},"title":"Brasil n\u00e3o se livra da maldi\u00e7\u00e3o e cai fora da Copa","author":"Luiz Ant\u00f4nio Pr\u00f3speri","date":"9 de dezembro de 2022","format":false,"excerpt":"Brasil est\u00e1 fora da Copa do Mundo Qatar 2022. Desaba nas quartas de final, maldi\u00e7\u00e3o que assola Sele\u00e7\u00e3o desde a Copa de 2006 na Alemanha. \u00c9 o fim do reinado de seis anos de Tite no comando do escrete. E mais uma queda de Neymar, o astro da desilus\u00e3o dos\u2026","rel":"","context":"Em &quot;catar 2022&quot;","block_context":{"text":"catar 2022","link":"https:\/\/blogdoprosperi.com\/?cat=47094043"},"img":{"alt_text":"","src":"https:\/\/i0.wp.com\/blogdoprosperi.com\/wp-content\/uploads\/2022\/12\/hmk0ysx3.jpeg?fit=1200%2C893&ssl=1&resize=350%2C200","width":350,"height":200,"srcset":"https:\/\/i0.wp.com\/blogdoprosperi.com\/wp-content\/uploads\/2022\/12\/hmk0ysx3.jpeg?fit=1200%2C893&ssl=1&resize=350%2C200 1x, https:\/\/i0.wp.com\/blogdoprosperi.com\/wp-content\/uploads\/2022\/12\/hmk0ysx3.jpeg?fit=1200%2C893&ssl=1&resize=525%2C300 1.5x, https:\/\/i0.wp.com\/blogdoprosperi.com\/wp-content\/uploads\/2022\/12\/hmk0ysx3.jpeg?fit=1200%2C893&ssl=1&resize=700%2C400 2x, https:\/\/i0.wp.com\/blogdoprosperi.com\/wp-content\/uploads\/2022\/12\/hmk0ysx3.jpeg?fit=1200%2C893&ssl=1&resize=1050%2C600 3x"},"classes":[]},{"id":38604,"url":"https:\/\/blogdoprosperi.com\/?p=38604","url_meta":{"origin":39950,"position":4},"title":"Sele\u00e7\u00e3o Brasileira veste azul, vence Paraguai e divulga manifesto","author":"Luiz Ant\u00f4nio Pr\u00f3speri","date":"8 de junho de 2021","format":false,"excerpt":"De camisa azul, Sele\u00e7\u00e3o Brasileira vence Paraguai por 2 a 0, quebra tabu de 35 anos sem vit\u00f3rias contra este advers\u00e1rio fora de casa em jogos de Eliminat\u00f3rias de Copa do Mundo e, por meio de um manifesto dos jogadores, confirma participa\u00e7\u00e3o na pol\u00eamica Copa Am\u00e9rica 2021. O Jogo Tite\u2026","rel":"","context":"Em &quot;futebol&quot;","block_context":{"text":"futebol","link":"https:\/\/blogdoprosperi.com\/?cat=53870"},"img":{"alt_text":"","src":"https:\/\/i0.wp.com\/blogdoprosperi.com\/wp-content\/uploads\/2021\/06\/e3amt9pxeamstcm.jpeg?fit=1080%2C830&ssl=1&resize=350%2C200","width":350,"height":200,"srcset":"https:\/\/i0.wp.com\/blogdoprosperi.com\/wp-content\/uploads\/2021\/06\/e3amt9pxeamstcm.jpeg?fit=1080%2C830&ssl=1&resize=350%2C200 1x, https:\/\/i0.wp.com\/blogdoprosperi.com\/wp-content\/uploads\/2021\/06\/e3amt9pxeamstcm.jpeg?fit=1080%2C830&ssl=1&resize=525%2C300 1.5x, https:\/\/i0.wp.com\/blogdoprosperi.com\/wp-content\/uploads\/2021\/06\/e3amt9pxeamstcm.jpeg?fit=1080%2C830&ssl=1&resize=700%2C400 2x, https:\/\/i0.wp.com\/blogdoprosperi.com\/wp-content\/uploads\/2021\/06\/e3amt9pxeamstcm.jpeg?fit=1080%2C830&ssl=1&resize=1050%2C600 3x"},"classes":[]},{"id":40141,"url":"https:\/\/blogdoprosperi.com\/?p=40141","url_meta":{"origin":39950,"position":5},"title":"Opini\u00e3o: Tite \u00e9 devorado pela Copa do Mundo","author":"Luiz Ant\u00f4nio Pr\u00f3speri","date":"2 de dezembro de 2022","format":false,"excerpt":"\"Copa do Mundo te consome\". A senten\u00e7a \u00e9 de Tite, na madrugada fresca de Doha, pouco menos de duas horas ap\u00f3s ser abatido por Camar\u00f5es. Mais que consumir, a Copa \u00e9 massacrante. N\u00e3o se tem tempo de respirar. Tite sabe, ou deveria saber, que n\u00e3o se pode improvisar. Ao lan\u00e7ar\u2026","rel":"","context":"Em &quot;catar 2022&quot;","block_context":{"text":"catar 2022","link":"https:\/\/blogdoprosperi.com\/?cat=47094043"},"img":{"alt_text":"","src":"https:\/\/i0.wp.com\/blogdoprosperi.com\/wp-content\/uploads\/2022\/12\/52538870474_f8a1e9b99d_c.jpg?fit=799%2C533&ssl=1&resize=350%2C200","width":350,"height":200,"srcset":"https:\/\/i0.wp.com\/blogdoprosperi.com\/wp-content\/uploads\/2022\/12\/52538870474_f8a1e9b99d_c.jpg?fit=799%2C533&ssl=1&resize=350%2C200 1x, https:\/\/i0.wp.com\/blogdoprosperi.com\/wp-content\/uploads\/2022\/12\/52538870474_f8a1e9b99d_c.jpg?fit=799%2C533&ssl=1&resize=525%2C300 1.5x, https:\/\/i0.wp.com\/blogdoprosperi.com\/wp-content\/uploads\/2022\/12\/52538870474_f8a1e9b99d_c.jpg?fit=799%2C533&ssl=1&resize=700%2C400 2x"},"classes":[]}],"jetpack_featured_media_url":"https:\/\/i0.wp.com\/blogdoprosperi.com\/wp-content\/uploads\/2022\/11\/52529612121_86b52e6501_c.jpg?fit=799%2C533&ssl=1","_links":{"self":[{"href":"https:\/\/blogdoprosperi.com\/index.php?rest_route=\/wp\/v2\/posts\/39950","targetHints":{"allow":["GET"]}}],"collection":[{"href":"https:\/\/blogdoprosperi.com\/index.php?rest_route=\/wp\/v2\/posts"}],"about":[{"href":"https:\/\/blogdoprosperi.com\/index.php?rest_route=\/wp\/v2\/types\/post"}],"author":[{"embeddable":true,"href":"https:\/\/blogdoprosperi.com\/index.php?rest_route=\/wp\/v2\/users\/102107496"}],"replies":[{"embeddable":true,"href":"https:\/\/blogdoprosperi.com\/index.php?rest_route=%2Fwp%2Fv2%2Fcomments&post=39950"}],"version-history":[{"count":9,"href":"https:\/\/blogdoprosperi.com\/index.php?rest_route=\/wp\/v2\/posts\/39950\/revisions"}],"predecessor-version":[{"id":39960,"href":"https:\/\/blogdoprosperi.com\/index.php?rest_route=\/wp\/v2\/posts\/39950\/revisions\/39960"}],"wp:featuredmedia":[{"embeddable":true,"href":"https:\/\/blogdoprosperi.com\/index.php?rest_route=\/wp\/v2\/media\/39958"}],"wp:attachment":[{"href":"https:\/\/blogdoprosperi.com\/index.php?rest_route=%2Fwp%2Fv2%2Fmedia&parent=39950"}],"wp:term":[{"taxonomy":"category","embeddable":true,"href":"https:\/\/blogdoprosperi.com\/index.php?rest_route=%2Fwp%2Fv2%2Fcategories&post=39950"},{"taxonomy":"post_tag","embeddable":true,"href":"https:\/\/blogdoprosperi.com\/index.php?rest_route=%2Fwp%2Fv2%2Ftags&post=39950"}],"curies":[{"name":"wp","href":"https:\/\/api.w.org\/{rel}","templated":true}]}}