{"id":39982,"date":"2022-11-30T08:51:43","date_gmt":"2022-11-30T11:51:43","guid":{"rendered":"https:\/\/blogdoprosperi.com\/?p=39982"},"modified":"2022-12-01T06:39:24","modified_gmt":"2022-12-01T09:39:24","slug":"qatar-news-comite-admite-morte-de-ao-menos-400-trabalhadores-nas-obras-da-copa","status":"publish","type":"post","link":"https:\/\/blogdoprosperi.com\/?p=39982","title":{"rendered":"Qatar News #01: Comit\u00ea admite morte de ao menos 400 trabalhadores nas obras da Copa"},"content":{"rendered":"<p>Comit\u00ea Organizador da Copa 2022 refaz suas proje\u00e7\u00f5es e admite ao menos de 400 a 500 trabalhadores imigrantes mortos nas obras do Mundial. De in\u00edcio, governo catariano informava a morte de 40 oper\u00e1rios.<\/p>\n<p>&#8220;A estimativa \u00e9 de entre 400 a 500 mortos. N\u00e3o \u00e9 uma cifra exata, que est\u00e1 se discutindo agora, mas uma morte \u00e9 uma morte, e uma que seja j\u00e1 \u00e9 muito&#8221;, disse Hassan Al Thawadi, secret\u00e1rio-geral do Comit\u00ea Organizador da Copa, ao canal brit\u00e2nico <em>Talk TV<\/em>, relata jornal espanhol <em>El Pa\u00eds<\/em>.<\/p>\n<p><em>The Guardian<\/em>, jornal de Londres, garante que <strong>morreram 6.500 trabalhadores.<\/strong><\/p>\n<p>N\u00fameros das obras de prepara\u00e7\u00e3o da Copa 2022 indicam que 30 mil oper\u00e1rios, maioria do sudoeste asi\u00e1tico, trabalharam nas obras entre 2010 e 2022.<\/p>\n<p>Foram 425,3 milh\u00f5es de horas trabalhadas em 25 locais do Qatar sob condi\u00e7\u00f5es clim\u00e1ticas <strong>a 50 graus de temperatura m\u00e9dia<\/strong>.<\/p>\n<p>Em 2019, o emirado do Qatar mudou a legisla\u00e7\u00e3o do pa\u00eds proibindo trabalho externo no per\u00edodo das 9h da manh\u00e3 at\u00e9 15h30, entre junho e agosto \u2013 esta\u00e7\u00e3o conhecida no pa\u00eds como &#8220;o inferno&#8221;, relata <em>El Pa\u00eds<strong>.<\/strong><\/em><\/p>\n<p><strong>VIT\u00d3RIA DAS MUHERES NA COPA 2022<\/strong><\/p>\n<div class=\"tiled-gallery type-square tiled-gallery-unresized\" data-original-width=\"940\" data-carousel-extra='{&quot;blog_id&quot;:1,&quot;permalink&quot;:&quot;https:\\\/\\\/blogdoprosperi.com\\\/?p=39982&quot;,&quot;likes_blog_id&quot;:108082574}' itemscope itemtype=\"http:\/\/schema.org\/ImageGallery\" > <div class=\"gallery-row\" style=\"width: 940px; height: 313px;\" data-original-width=\"940\" data-original-height=\"313\" > <div class=\"gallery-group\" style=\"width: 313px; height: 313px;\" data-original-width=\"313\" data-original-height=\"313\" > <div class=\"tiled-gallery-item \" itemprop=\"associatedMedia\" itemscope itemtype=\"http:\/\/schema.org\/ImageObject\"> <a href=\"https:\/\/blogdoprosperi.com\/?attachment_id=39989\" border=\"0\" itemprop=\"url\"> <meta itemprop=\"width\" content=\"309\"> <meta itemprop=\"height\" content=\"309\"> <img decoding=\"async\" class=\"\" data-attachment-id=\"39989\" data-orig-file=\"https:\/\/blogdoprosperi.com\/wp-content\/uploads\/2022\/11\/fiwqyoowaaa2vn1.jpeg\" data-orig-size=\"522,680\" data-comments-opened=\"1\" data-image-meta=\"{&quot;aperture&quot;:&quot;0&quot;,&quot;credit&quot;:&quot;&quot;,&quot;camera&quot;:&quot;&quot;,&quot;caption&quot;:&quot;&quot;,&quot;created_timestamp&quot;:&quot;0&quot;,&quot;copyright&quot;:&quot;&quot;,&quot;focal_length&quot;:&quot;0&quot;,&quot;iso&quot;:&quot;0&quot;,&quot;shutter_speed&quot;:&quot;0&quot;,&quot;title&quot;:&quot;&quot;,&quot;orientation&quot;:&quot;0&quot;}\" data-image-title=\"Stephanie\" data-image-description=\"\" data-medium-file=\"https:\/\/i0.wp.com\/blogdoprosperi.com\/wp-content\/uploads\/2022\/11\/fiwqyoowaaa2vn1.jpeg?fit=290%2C378&#038;ssl=1\" data-large-file=\"https:\/\/i0.wp.com\/blogdoprosperi.com\/wp-content\/uploads\/2022\/11\/fiwqyoowaaa2vn1.jpeg?fit=522%2C680&#038;ssl=1\" src=\"https:\/\/i0.wp.com\/blogdoprosperi.com\/wp-content\/uploads\/2022\/11\/fiwqyoowaaa2vn1.jpeg?w=309&#038;h=309&#038;crop=1&#038;ssl=1\" width=\"309\" height=\"309\" loading=\"lazy\" data-original-width=\"309\" data-original-height=\"309\" itemprop=\"http:\/\/schema.org\/image\" title=\"Stephanie\" alt=\"Karen Diaz\" style=\"width: 309px; height: 309px;\" \/> <\/a> <div class=\"tiled-gallery-caption\" itemprop=\"caption description\"> Karen Diaz <\/div> <\/div> <\/div> <div class=\"gallery-group\" style=\"width: 313px; height: 313px;\" data-original-width=\"313\" data-original-height=\"313\" > <div class=\"tiled-gallery-item \" itemprop=\"associatedMedia\" itemscope itemtype=\"http:\/\/schema.org\/ImageObject\"> <a href=\"https:\/\/blogdoprosperi.com\/?attachment_id=39990\" border=\"0\" itemprop=\"url\"> <meta itemprop=\"width\" content=\"309\"> <meta itemprop=\"height\" content=\"309\"> <img decoding=\"async\" class=\"\" data-attachment-id=\"39990\" data-orig-file=\"https:\/\/blogdoprosperi.com\/wp-content\/uploads\/2022\/11\/fiwqyohwaaglahp.jpeg\" data-orig-size=\"680,383\" data-comments-opened=\"1\" data-image-meta=\"{&quot;aperture&quot;:&quot;0&quot;,&quot;credit&quot;:&quot;&quot;,&quot;camera&quot;:&quot;&quot;,&quot;caption&quot;:&quot;&quot;,&quot;created_timestamp&quot;:&quot;0&quot;,&quot;copyright&quot;:&quot;&quot;,&quot;focal_length&quot;:&quot;0&quot;,&quot;iso&quot;:&quot;0&quot;,&quot;shutter_speed&quot;:&quot;0&quot;,&quot;title&quot;:&quot;&quot;,&quot;orientation&quot;:&quot;0&quot;}\" data-image-title=\"Neuza Back\" data-image-description=\"\" data-medium-file=\"https:\/\/i0.wp.com\/blogdoprosperi.com\/wp-content\/uploads\/2022\/11\/fiwqyohwaaglahp.jpeg?fit=650%2C366&#038;ssl=1\" data-large-file=\"https:\/\/i0.wp.com\/blogdoprosperi.com\/wp-content\/uploads\/2022\/11\/fiwqyohwaaglahp.jpeg?fit=680%2C383&#038;ssl=1\" src=\"https:\/\/i0.wp.com\/blogdoprosperi.com\/wp-content\/uploads\/2022\/11\/fiwqyohwaaglahp.jpeg?w=309&#038;h=309&#038;crop=1&#038;ssl=1\" width=\"309\" height=\"309\" loading=\"lazy\" data-original-width=\"309\" data-original-height=\"309\" itemprop=\"http:\/\/schema.org\/image\" title=\"Neuza Back\" alt=\"Neuza Back\" style=\"width: 309px; height: 309px;\" \/> <\/a> <div class=\"tiled-gallery-caption\" itemprop=\"caption description\"> Neuza Back <\/div> <\/div> <\/div> <div class=\"gallery-group\" style=\"width: 313px; height: 313px;\" data-original-width=\"313\" data-original-height=\"313\" > <div class=\"tiled-gallery-item \" itemprop=\"associatedMedia\" itemscope itemtype=\"http:\/\/schema.org\/ImageObject\"> <a href=\"https:\/\/blogdoprosperi.com\/?attachment_id=39991\" border=\"0\" itemprop=\"url\"> <meta itemprop=\"width\" content=\"309\"> <meta itemprop=\"height\" content=\"309\"> <img decoding=\"async\" class=\"\" data-attachment-id=\"39991\" data-orig-file=\"https:\/\/blogdoprosperi.com\/wp-content\/uploads\/2022\/11\/fiwqyojxeaeivwu.jpeg\" data-orig-size=\"680,383\" data-comments-opened=\"1\" data-image-meta=\"{&quot;aperture&quot;:&quot;0&quot;,&quot;credit&quot;:&quot;&quot;,&quot;camera&quot;:&quot;&quot;,&quot;caption&quot;:&quot;&quot;,&quot;created_timestamp&quot;:&quot;0&quot;,&quot;copyright&quot;:&quot;&quot;,&quot;focal_length&quot;:&quot;0&quot;,&quot;iso&quot;:&quot;0&quot;,&quot;shutter_speed&quot;:&quot;0&quot;,&quot;title&quot;:&quot;&quot;,&quot;orientation&quot;:&quot;0&quot;}\" data-image-title=\"Karen\" data-image-description=\"\" data-medium-file=\"https:\/\/i0.wp.com\/blogdoprosperi.com\/wp-content\/uploads\/2022\/11\/fiwqyojxeaeivwu.jpeg?fit=650%2C366&#038;ssl=1\" data-large-file=\"https:\/\/i0.wp.com\/blogdoprosperi.com\/wp-content\/uploads\/2022\/11\/fiwqyojxeaeivwu.jpeg?fit=680%2C383&#038;ssl=1\" src=\"https:\/\/i0.wp.com\/blogdoprosperi.com\/wp-content\/uploads\/2022\/11\/fiwqyojxeaeivwu.jpeg?w=309&#038;h=309&#038;crop=1&#038;ssl=1\" width=\"309\" height=\"309\" loading=\"lazy\" data-original-width=\"309\" data-original-height=\"309\" itemprop=\"http:\/\/schema.org\/image\" title=\"Karen\" alt=\"St\u00e9phanie Frappart\" style=\"width: 309px; height: 309px;\" \/> <\/a> <div class=\"tiled-gallery-caption\" itemprop=\"caption description\"> St\u00e9phanie Frappart <\/div> <\/div> <\/div> <\/div> <\/div>\n<p>Francesa St\u00e9phane Frappart ser\u00e1 primeira \u00e1rbitra de um jogo de Copa do Mundo masculina. Apita Costa Rica x Alemanha nesta quinta-feira (01\/12), jogo que encerra primeira fase no Grupo E.<\/p>\n<p>Trio de arbitragem \u00e9 inteiro feminino. <strong>Brasileira Neuza Back, <\/strong>38 anos, natural de Santa Catarina, e a mexicana Karen Diaz atuar\u00e3o como auxiliares (bandeirinhas) de St\u00e9phane.<\/p>\n<p>&#8220;Elas n\u00e3o foram selecionadas porque s\u00e3o mulheres, mas como \u00e1rbitras da Fifa. Elas poderiam arbitrar qualquer jogo&#8221;, diz o italiano Pierluigi Collina, presidente do Comit\u00ea de \u00c1rbitros da Fifa.<\/p>\n<p><strong>V\u00cdDEO: BRASIL TREINA SEM NEYMAR, DANILO E ALEX SANDRO<\/strong><\/p>\n<p><span style=\"color:#0000ff;\"><a style=\"color:#0000ff;\" href=\"https:\/\/vimeo.com\/cbftv\/review\/776251088\/246f52ffb7\">https:\/\/vimeo.com\/cbftv\/review\/776251088\/246f52ffb7<\/a><\/span><\/p>\n<p><strong>V\u00cdDEO: VEJA OS 90 GOLS MARCADOS DA COPA AT\u00c9 RODADA DE 29\/11:<\/strong><\/p>\n<p><span style=\"color:#0000ff;\"><a style=\"color:#0000ff;\" href=\"https:\/\/www.fifa.com\/fifaplus\/pt\/watch\/CWjEy5H8mkKNWzTQdkmudA\">https:\/\/www.fifa.com\/fifaplus\/pt\/watch\/CWjEy5H8mkKNWzTQdkmudA<\/a><\/span><\/p>\n<p>Acompanhe cobertura da Copa Qatar 2002 em v\u00eddeos no canal YouTube:&nbsp;<strong>Pr\u00f3speri na Copa: <span style=\"color:#0000ff;\"><a style=\"color:#0000ff;\" href=\"https:\/\/www.youtube.com\/@prosperinacopa\">https:\/\/www.youtube.com\/@prosperinacopa<\/a><\/span><\/strong><\/p>\n<p>&nbsp;<\/p>\n<p>&nbsp;<\/p>\n","protected":false},"excerpt":{"rendered":"<p>Comit\u00ea Organizador da Copa 2022 refaz suas proje\u00e7\u00f5es e admite ao menos de 400 a 500 trabalhadores imigrantes [&hellip;]<\/p>\n","protected":false},"author":102107496,"featured_media":0,"comment_status":"open","ping_status":"open","sticky":false,"template":"","format":"standard","meta":{"_coblocks_attr":"","_coblocks_dimensions":"","_coblocks_responsive_height":"","_coblocks_accordion_ie_support":"","_jetpack_newsletter_access":"","_jetpack_dont_email_post_to_subs":false,"_jetpack_newsletter_tier_id":0,"_jetpack_memberships_contains_paywalled_content":false,"_wpcom_ai_launchpad_first_post":false,"_jetpack_feature_clip_id":0,"_jetpack_memberships_contains_paid_content":false,"footnotes":"","jetpack_publicize_message":"","jetpack_publicize_feature_enabled":true,"jetpack_social_post_already_shared":false,"jetpack_social_options":{"image_generator_settings":{"template":"highway","default_image_id":0,"font":"","enabled":false},"version":2},"jetpack_post_was_ever_published":false},"categories":[301049609,53870],"tags":[789560560,757660880,54216206,37256530,757660881],"class_list":["post-39982","post","type-post","status-publish","format-standard","hentry","category-copa-do-mundo-catar-2022","category-futebol","tag-futebol","tag-mortes-na-copa-2022","tag-neuza-back","tag-treino-do-brasil","tag-trio-feminino-arbitragem"],"yoast_head":"<!-- This site is optimized with the Yoast SEO plugin v28.4 - https:\/\/yoast.com\/product\/yoast-seo-wordpress\/ -->\n<title>Qatar News #01: Comit\u00ea admite morte de ao menos 400 trabalhadores nas obras da Copa - PR\u00d3SPERI NEWS<\/title>\n<meta name=\"robots\" content=\"index, follow, max-snippet:-1, max-image-preview:large, max-video-preview:-1\" \/>\n<link rel=\"canonical\" href=\"https:\/\/blogdoprosperi.com\/?p=39982\" \/>\n<meta property=\"og:locale\" content=\"pt_BR\" \/>\n<meta property=\"og:type\" content=\"article\" \/>\n<meta property=\"og:title\" content=\"Qatar News #01: Comit\u00ea admite morte de ao menos 400 trabalhadores nas obras da Copa - PR\u00d3SPERI NEWS\" \/>\n<meta property=\"og:description\" content=\"Comit\u00ea Organizador da Copa 2022 refaz suas proje\u00e7\u00f5es e admite ao menos de 400 a 500 trabalhadores imigrantes [&hellip;]\" \/>\n<meta property=\"og:url\" content=\"https:\/\/blogdoprosperi.com\/?p=39982\" \/>\n<meta property=\"og:site_name\" content=\"PR\u00d3SPERI NEWS\" \/>\n<meta property=\"article:publisher\" content=\"Luiz Pr\u00f3speri\" \/>\n<meta property=\"article:author\" content=\"Luiz Pr\u00f3speri\" \/>\n<meta property=\"article:published_time\" content=\"2022-11-30T11:51:43+00:00\" \/>\n<meta property=\"article:modified_time\" content=\"2022-12-01T09:39:24+00:00\" \/>\n<meta property=\"og:image\" content=\"https:\/\/i0.wp.com\/blogdoprosperi.com\/wp-content\/uploads\/2022\/11\/fiwqyoowaaa2vn1.jpeg?w=309&#038;h=309&#038;crop=1&#038;ssl=1\" \/>\n<meta name=\"author\" content=\"Luiz Ant\u00f4nio Pr\u00f3speri\" \/>\n<meta name=\"twitter:card\" content=\"summary_large_image\" \/>\n<meta name=\"twitter:creator\" content=\"@Luizprosperi\" \/>\n<meta name=\"twitter:site\" content=\"@Luizprosperi\" \/>\n<meta name=\"twitter:label1\" content=\"Escrito por\" \/>\n\t<meta name=\"twitter:data1\" content=\"Luiz Ant\u00f4nio Pr\u00f3speri\" \/>\n\t<meta name=\"twitter:label2\" content=\"Est. tempo de leitura\" \/>\n\t<meta name=\"twitter:data2\" content=\"2 minutos\" \/>\n<script type=\"application\/ld+json\" class=\"yoast-schema-graph\">{\"@context\":\"https:\\\/\\\/schema.org\",\"@graph\":[{\"@type\":\"Article\",\"@id\":\"https:\\\/\\\/blogdoprosperi.com\\\/?p=39982#article\",\"isPartOf\":{\"@id\":\"https:\\\/\\\/blogdoprosperi.com\\\/?p=39982\"},\"author\":{\"name\":\"Luiz Ant\u00f4nio Pr\u00f3speri\",\"@id\":\"https:\\\/\\\/blogdoprosperi.com\\\/#\\\/schema\\\/person\\\/38100755ce3601861ee4fab9b5aa78e9\"},\"headline\":\"Qatar News #01: Comit\u00ea admite morte de ao menos 400 trabalhadores nas obras da Copa\",\"datePublished\":\"2022-11-30T11:51:43+00:00\",\"dateModified\":\"2022-12-01T09:39:24+00:00\",\"mainEntityOfPage\":{\"@id\":\"https:\\\/\\\/blogdoprosperi.com\\\/?p=39982\"},\"wordCount\":350,\"commentCount\":0,\"publisher\":{\"@id\":\"https:\\\/\\\/blogdoprosperi.com\\\/#\\\/schema\\\/person\\\/38100755ce3601861ee4fab9b5aa78e9\"},\"keywords\":[\"futebol\",\"mortes na Copa 2022\",\"neuza back\",\"treino do Brasil\",\"trio feminino arbitragem\"],\"articleSection\":[\"copa do mundo catar 2022\",\"futebol\"],\"inLanguage\":\"pt-BR\",\"potentialAction\":[{\"@type\":\"CommentAction\",\"name\":\"Comment\",\"target\":[\"https:\\\/\\\/blogdoprosperi.com\\\/?p=39982#respond\"]}]},{\"@type\":\"WebPage\",\"@id\":\"https:\\\/\\\/blogdoprosperi.com\\\/?p=39982\",\"url\":\"https:\\\/\\\/blogdoprosperi.com\\\/?p=39982\",\"name\":\"Qatar News #01: Comit\u00ea admite morte de ao menos 400 trabalhadores nas obras da Copa - PR\u00d3SPERI NEWS\",\"isPartOf\":{\"@id\":\"https:\\\/\\\/blogdoprosperi.com\\\/#website\"},\"datePublished\":\"2022-11-30T11:51:43+00:00\",\"dateModified\":\"2022-12-01T09:39:24+00:00\",\"breadcrumb\":{\"@id\":\"https:\\\/\\\/blogdoprosperi.com\\\/?p=39982#breadcrumb\"},\"inLanguage\":\"pt-BR\",\"potentialAction\":[{\"@type\":\"ReadAction\",\"target\":[\"https:\\\/\\\/blogdoprosperi.com\\\/?p=39982\"]}]},{\"@type\":\"BreadcrumbList\",\"@id\":\"https:\\\/\\\/blogdoprosperi.com\\\/?p=39982#breadcrumb\",\"itemListElement\":[{\"@type\":\"ListItem\",\"position\":1,\"name\":\"In\u00edcio\",\"item\":\"https:\\\/\\\/blogdoprosperi.com\\\/\"},{\"@type\":\"ListItem\",\"position\":2,\"name\":\"Qatar News #01: Comit\u00ea admite morte de ao menos 400 trabalhadores nas obras da Copa\"}]},{\"@type\":\"WebSite\",\"@id\":\"https:\\\/\\\/blogdoprosperi.com\\\/#website\",\"url\":\"https:\\\/\\\/blogdoprosperi.com\\\/\",\"name\":\"PR\u00d3SPERI NEWS\",\"description\":\"TUDO \u00c9  FUTEBOL\",\"publisher\":{\"@id\":\"https:\\\/\\\/blogdoprosperi.com\\\/#\\\/schema\\\/person\\\/38100755ce3601861ee4fab9b5aa78e9\"},\"alternateName\":\"blogdoprosperi.com\",\"potentialAction\":[{\"@type\":\"SearchAction\",\"target\":{\"@type\":\"EntryPoint\",\"urlTemplate\":\"https:\\\/\\\/blogdoprosperi.com\\\/?s={search_term_string}\"},\"query-input\":{\"@type\":\"PropertyValueSpecification\",\"valueRequired\":true,\"valueName\":\"search_term_string\"}}],\"inLanguage\":\"pt-BR\"},{\"@type\":[\"Person\",\"Organization\"],\"@id\":\"https:\\\/\\\/blogdoprosperi.com\\\/#\\\/schema\\\/person\\\/38100755ce3601861ee4fab9b5aa78e9\",\"name\":\"Luiz Ant\u00f4nio Pr\u00f3speri\",\"pronouns\":\"ele\",\"image\":{\"@type\":\"ImageObject\",\"inLanguage\":\"pt-BR\",\"@id\":\"https:\\\/\\\/i0.wp.com\\\/blogdoprosperi.com\\\/wp-content\\\/uploads\\\/2026\\\/05\\\/cropped-8059e613-6002-42fa-961e-8e275f575d71-2-5.jpg?fit=1360%2C931&ssl=1\",\"url\":\"https:\\\/\\\/i0.wp.com\\\/blogdoprosperi.com\\\/wp-content\\\/uploads\\\/2026\\\/05\\\/cropped-8059e613-6002-42fa-961e-8e275f575d71-2-5.jpg?fit=1360%2C931&ssl=1\",\"contentUrl\":\"https:\\\/\\\/i0.wp.com\\\/blogdoprosperi.com\\\/wp-content\\\/uploads\\\/2026\\\/05\\\/cropped-8059e613-6002-42fa-961e-8e275f575d71-2-5.jpg?fit=1360%2C931&ssl=1\",\"width\":1360,\"height\":931,\"caption\":\"Luiz Ant\u00f4nio Pr\u00f3speri\"},\"logo\":{\"@id\":\"https:\\\/\\\/i0.wp.com\\\/blogdoprosperi.com\\\/wp-content\\\/uploads\\\/2026\\\/05\\\/cropped-8059e613-6002-42fa-961e-8e275f575d71-2-5.jpg?fit=1360%2C931&ssl=1\"},\"description\":\"Jornalista com carreira dedicada ao esporte. Cobriu 9 Copas do Mundo in loco, 1990 na It\u00e1lia, 1994 nos EUA, 1998 na Fran\u00e7a, 2002 na Coreia do Sul e Jap\u00e3o, 2006 na Alemanha, 2010 na \u00c1frica do Sul, 2014 no Brasil, 2018 na R\u00fassia e 2022 no Qatar. Eurocopas, 1992 na Su\u00e9cia e 1996 na Inglaterra. Copa das Confedera\u00e7\u00f5es de 2005 na Alemanha e 2009 na \u00c1frica do Sul. Rep\u00f3rter e Editor, trabalhou no Jornal da Tarde e Estad\u00e3o, de 1984 a fevereiro de 2016. Colunista, blogueiro. E comentarista de futebol na R\u00e1dio Estad\u00e3o, de 2013 a fevereiro de 2016. Jornalista respons\u00e1vel do \\\"Pr\u00f3speri News\\\" (blogdoprosperi.com).\",\"sameAs\":[\"http:\\\/\\\/blogdoprosperi.com\",\"Luiz Pr\u00f3speri\",\"@luiz_prosperi\",\"https:\\\/\\\/x.com\\\/Luizprosperi\",\"@prosperinacopa\",\"luiz.prosperi@icloud.com\"],\"url\":\"https:\\\/\\\/blogdoprosperi.com\\\/?author=102107496\"}]}<\/script>\n<!-- \/ Yoast SEO plugin. -->","yoast_head_json":{"title":"Qatar News #01: Comit\u00ea admite morte de ao menos 400 trabalhadores nas obras da Copa - PR\u00d3SPERI NEWS","robots":{"index":"index","follow":"follow","max-snippet":"max-snippet:-1","max-image-preview":"max-image-preview:large","max-video-preview":"max-video-preview:-1"},"canonical":"https:\/\/blogdoprosperi.com\/?p=39982","og_locale":"pt_BR","og_type":"article","og_title":"Qatar News #01: Comit\u00ea admite morte de ao menos 400 trabalhadores nas obras da Copa - PR\u00d3SPERI NEWS","og_description":"Comit\u00ea Organizador da Copa 2022 refaz suas proje\u00e7\u00f5es e admite ao menos de 400 a 500 trabalhadores imigrantes [&hellip;]","og_url":"https:\/\/blogdoprosperi.com\/?p=39982","og_site_name":"PR\u00d3SPERI NEWS","article_publisher":"Luiz Pr\u00f3speri","article_author":"Luiz Pr\u00f3speri","article_published_time":"2022-11-30T11:51:43+00:00","article_modified_time":"2022-12-01T09:39:24+00:00","og_image":[{"url":"https:\/\/i0.wp.com\/blogdoprosperi.com\/wp-content\/uploads\/2022\/11\/fiwqyoowaaa2vn1.jpeg?w=309&#038;h=309&#038;crop=1&#038;ssl=1","type":"","width":"","height":""}],"author":"Luiz Ant\u00f4nio Pr\u00f3speri","twitter_card":"summary_large_image","twitter_creator":"@Luizprosperi","twitter_site":"@Luizprosperi","twitter_misc":{"Escrito por":"Luiz Ant\u00f4nio Pr\u00f3speri","Est. tempo de leitura":"2 minutos"},"schema":{"@context":"https:\/\/schema.org","@graph":[{"@type":"Article","@id":"https:\/\/blogdoprosperi.com\/?p=39982#article","isPartOf":{"@id":"https:\/\/blogdoprosperi.com\/?p=39982"},"author":{"name":"Luiz Ant\u00f4nio Pr\u00f3speri","@id":"https:\/\/blogdoprosperi.com\/#\/schema\/person\/38100755ce3601861ee4fab9b5aa78e9"},"headline":"Qatar News #01: Comit\u00ea admite morte de ao menos 400 trabalhadores nas obras da Copa","datePublished":"2022-11-30T11:51:43+00:00","dateModified":"2022-12-01T09:39:24+00:00","mainEntityOfPage":{"@id":"https:\/\/blogdoprosperi.com\/?p=39982"},"wordCount":350,"commentCount":0,"publisher":{"@id":"https:\/\/blogdoprosperi.com\/#\/schema\/person\/38100755ce3601861ee4fab9b5aa78e9"},"keywords":["futebol","mortes na Copa 2022","neuza back","treino do Brasil","trio feminino arbitragem"],"articleSection":["copa do mundo catar 2022","futebol"],"inLanguage":"pt-BR","potentialAction":[{"@type":"CommentAction","name":"Comment","target":["https:\/\/blogdoprosperi.com\/?p=39982#respond"]}]},{"@type":"WebPage","@id":"https:\/\/blogdoprosperi.com\/?p=39982","url":"https:\/\/blogdoprosperi.com\/?p=39982","name":"Qatar News #01: Comit\u00ea admite morte de ao menos 400 trabalhadores nas obras da Copa - PR\u00d3SPERI NEWS","isPartOf":{"@id":"https:\/\/blogdoprosperi.com\/#website"},"datePublished":"2022-11-30T11:51:43+00:00","dateModified":"2022-12-01T09:39:24+00:00","breadcrumb":{"@id":"https:\/\/blogdoprosperi.com\/?p=39982#breadcrumb"},"inLanguage":"pt-BR","potentialAction":[{"@type":"ReadAction","target":["https:\/\/blogdoprosperi.com\/?p=39982"]}]},{"@type":"BreadcrumbList","@id":"https:\/\/blogdoprosperi.com\/?p=39982#breadcrumb","itemListElement":[{"@type":"ListItem","position":1,"name":"In\u00edcio","item":"https:\/\/blogdoprosperi.com\/"},{"@type":"ListItem","position":2,"name":"Qatar News #01: Comit\u00ea admite morte de ao menos 400 trabalhadores nas obras da Copa"}]},{"@type":"WebSite","@id":"https:\/\/blogdoprosperi.com\/#website","url":"https:\/\/blogdoprosperi.com\/","name":"PR\u00d3SPERI NEWS","description":"TUDO \u00c9  FUTEBOL","publisher":{"@id":"https:\/\/blogdoprosperi.com\/#\/schema\/person\/38100755ce3601861ee4fab9b5aa78e9"},"alternateName":"blogdoprosperi.com","potentialAction":[{"@type":"SearchAction","target":{"@type":"EntryPoint","urlTemplate":"https:\/\/blogdoprosperi.com\/?s={search_term_string}"},"query-input":{"@type":"PropertyValueSpecification","valueRequired":true,"valueName":"search_term_string"}}],"inLanguage":"pt-BR"},{"@type":["Person","Organization"],"@id":"https:\/\/blogdoprosperi.com\/#\/schema\/person\/38100755ce3601861ee4fab9b5aa78e9","name":"Luiz Ant\u00f4nio Pr\u00f3speri","pronouns":"ele","image":{"@type":"ImageObject","inLanguage":"pt-BR","@id":"https:\/\/i0.wp.com\/blogdoprosperi.com\/wp-content\/uploads\/2026\/05\/cropped-8059e613-6002-42fa-961e-8e275f575d71-2-5.jpg?fit=1360%2C931&ssl=1","url":"https:\/\/i0.wp.com\/blogdoprosperi.com\/wp-content\/uploads\/2026\/05\/cropped-8059e613-6002-42fa-961e-8e275f575d71-2-5.jpg?fit=1360%2C931&ssl=1","contentUrl":"https:\/\/i0.wp.com\/blogdoprosperi.com\/wp-content\/uploads\/2026\/05\/cropped-8059e613-6002-42fa-961e-8e275f575d71-2-5.jpg?fit=1360%2C931&ssl=1","width":1360,"height":931,"caption":"Luiz Ant\u00f4nio Pr\u00f3speri"},"logo":{"@id":"https:\/\/i0.wp.com\/blogdoprosperi.com\/wp-content\/uploads\/2026\/05\/cropped-8059e613-6002-42fa-961e-8e275f575d71-2-5.jpg?fit=1360%2C931&ssl=1"},"description":"Jornalista com carreira dedicada ao esporte. Cobriu 9 Copas do Mundo in loco, 1990 na It\u00e1lia, 1994 nos EUA, 1998 na Fran\u00e7a, 2002 na Coreia do Sul e Jap\u00e3o, 2006 na Alemanha, 2010 na \u00c1frica do Sul, 2014 no Brasil, 2018 na R\u00fassia e 2022 no Qatar. Eurocopas, 1992 na Su\u00e9cia e 1996 na Inglaterra. Copa das Confedera\u00e7\u00f5es de 2005 na Alemanha e 2009 na \u00c1frica do Sul. Rep\u00f3rter e Editor, trabalhou no Jornal da Tarde e Estad\u00e3o, de 1984 a fevereiro de 2016. Colunista, blogueiro. E comentarista de futebol na R\u00e1dio Estad\u00e3o, de 2013 a fevereiro de 2016. Jornalista respons\u00e1vel do \"Pr\u00f3speri News\" (blogdoprosperi.com).","sameAs":["http:\/\/blogdoprosperi.com","Luiz Pr\u00f3speri","@luiz_prosperi","https:\/\/x.com\/Luizprosperi","@prosperinacopa","luiz.prosperi@icloud.com"],"url":"https:\/\/blogdoprosperi.com\/?author=102107496"}]}},"jetpack_publicize_connections":[],"jetpack_likes_enabled":false,"jetpack_sharing_enabled":true,"jetpack_shortlink":"https:\/\/wp.me\/p7jvdk-aoS","jetpack-related-posts":[{"id":39237,"url":"https:\/\/blogdoprosperi.com\/?p=39237","url_meta":{"origin":39982,"position":0},"title":"\u00c1lbum de figurinhas e venda de 2,45 milh\u00f5es de ingressos aquecem Copa Catar 2022","author":"Luiz Ant\u00f4nio Pr\u00f3speri","date":"18 de agosto de 2022","format":false,"excerpt":"Fifa anuncia a venda de 2,45 milh\u00f5es de ingressos da Copa do Mundo Qatar 2022. Pa\u00edses \u00c1rabes, Am\u00e9rica e Europa aparecem como os que mais compraram os bilhetes, h\u00e1 98 dias do in\u00edcio do Mundial. No Brasil, a Panini lan\u00e7a nesta sexta-feira (19\/8) a venda do \u00e1lbum de figurinhas, uma\u2026","rel":"","context":"Em &quot;catar 2022&quot;","block_context":{"text":"catar 2022","link":"https:\/\/blogdoprosperi.com\/?cat=47094043"},"img":{"alt_text":"","src":"https:\/\/i0.wp.com\/blogdoprosperi.com\/wp-content\/uploads\/2022\/08\/csm_copa-qatar-2022-reproducao_d609783f02.jpg?fit=730%2C487&ssl=1&resize=350%2C200","width":350,"height":200,"srcset":"https:\/\/i0.wp.com\/blogdoprosperi.com\/wp-content\/uploads\/2022\/08\/csm_copa-qatar-2022-reproducao_d609783f02.jpg?fit=730%2C487&ssl=1&resize=350%2C200 1x, https:\/\/i0.wp.com\/blogdoprosperi.com\/wp-content\/uploads\/2022\/08\/csm_copa-qatar-2022-reproducao_d609783f02.jpg?fit=730%2C487&ssl=1&resize=525%2C300 1.5x, https:\/\/i0.wp.com\/blogdoprosperi.com\/wp-content\/uploads\/2022\/08\/csm_copa-qatar-2022-reproducao_d609783f02.jpg?fit=730%2C487&ssl=1&resize=700%2C400 2x"},"classes":[]},{"id":39858,"url":"https:\/\/blogdoprosperi.com\/?p=39858","url_meta":{"origin":39982,"position":1},"title":"Copa do Qatar \u00e9 uma miragem","author":"Luiz Ant\u00f4nio Pr\u00f3speri","date":"24 de novembro de 2022","format":false,"excerpt":"Doha \u00e9 diferente. Copa do Mundo no deserto, mais ainda. Nem cabe em uma L\u00e2mpada Maravilhosa de um g\u00eanio pronto a sair e atender seus desejos. Um Aladim. \u00c9 quase tudo isso. A Copa aqui \u00e9 um deleite. Um conto das Mil Maravilhas. Mesmo no Qatar, pa\u00eds marcado por n\u00e3o\u2026","rel":"","context":"Em &quot;catar 2022&quot;","block_context":{"text":"catar 2022","link":"https:\/\/blogdoprosperi.com\/?cat=47094043"},"img":{"alt_text":"Copa do Mundo Qatar 2022","src":"https:\/\/i0.wp.com\/blogdoprosperi.com\/wp-content\/uploads\/2022\/11\/argentina-v-saudi-arabia-group-c-fifa-world-cup-qatar-2022-scaled-1.webp?fit=1200%2C800&ssl=1&resize=350%2C200","width":350,"height":200,"srcset":"https:\/\/i0.wp.com\/blogdoprosperi.com\/wp-content\/uploads\/2022\/11\/argentina-v-saudi-arabia-group-c-fifa-world-cup-qatar-2022-scaled-1.webp?fit=1200%2C800&ssl=1&resize=350%2C200 1x, https:\/\/i0.wp.com\/blogdoprosperi.com\/wp-content\/uploads\/2022\/11\/argentina-v-saudi-arabia-group-c-fifa-world-cup-qatar-2022-scaled-1.webp?fit=1200%2C800&ssl=1&resize=525%2C300 1.5x, https:\/\/i0.wp.com\/blogdoprosperi.com\/wp-content\/uploads\/2022\/11\/argentina-v-saudi-arabia-group-c-fifa-world-cup-qatar-2022-scaled-1.webp?fit=1200%2C800&ssl=1&resize=700%2C400 2x, https:\/\/i0.wp.com\/blogdoprosperi.com\/wp-content\/uploads\/2022\/11\/argentina-v-saudi-arabia-group-c-fifa-world-cup-qatar-2022-scaled-1.webp?fit=1200%2C800&ssl=1&resize=1050%2C600 3x"},"classes":[]},{"id":40928,"url":"https:\/\/blogdoprosperi.com\/?p=40928","url_meta":{"origin":39982,"position":2},"title":"Vini Jr sofre racismo dois dias ap\u00f3s morte de Pel\u00e9","author":"Luiz Ant\u00f4nio Pr\u00f3speri","date":"31 de dezembro de 2022","format":false,"excerpt":"Vini Jr sofre racismo de torcedores espanh\u00f3is, dois dias ap\u00f3s a morte de Pel\u00e9, no jogo Valladolid x Real Madrid. Antes de o jogo come\u00e7ar, torcedores respeitaram um minuto de sil\u00eancio e aplausos ao Rei.","rel":"","context":"Em &quot;futebol&quot;","block_context":{"text":"futebol","link":"https:\/\/blogdoprosperi.com\/?cat=53870"},"img":{"alt_text":"","src":"https:\/\/i0.wp.com\/blogdoprosperi.com\/wp-content\/uploads\/2022\/12\/images-4.jpg?fit=238%2C212&ssl=1&resize=350%2C200","width":350,"height":200},"classes":[]},{"id":46055,"url":"https:\/\/blogdoprosperi.com\/?p=46055","url_meta":{"origin":39982,"position":3},"title":"#Cr\u00f4nicaSab\u00e1tica #3 | Z\u00e9 Carlos entre Galos, Quintais e Copa do Mundo","author":"Luiz Ant\u00f4nio Pr\u00f3speri","date":"26 de outubro de 2024","format":false,"excerpt":"Luiz Ant\u00f4nio Pr\u00f3speri \u2013 26 outubro (12h05) Z\u00e9 Carlos, 56 anos, lateral-direito, nos deixou na sexta-feira (25\/6) ao sofrer uma parada cardiorrespirat\u00f3ria. Registro de sua morte seria uma nota no p\u00e9 da p\u00e1gina se jornais impressos ainda tivessem import\u00e2ncia. Errado. Seria isso sim um abre de p\u00e1gina. No mundo online,\u2026","rel":"","context":"Em &quot;futebol&quot;","block_context":{"text":"futebol","link":"https:\/\/blogdoprosperi.com\/?cat=53870"},"img":{"alt_text":"","src":"https:\/\/i0.wp.com\/blogdoprosperi.com\/wp-content\/uploads\/2024\/10\/w500_h140_qfl_fto_13227.webp?fit=500%2C360&ssl=1&resize=350%2C200","width":350,"height":200},"classes":[]},{"id":60898,"url":"https:\/\/blogdoprosperi.com\/?p=60898","url_meta":{"origin":39982,"position":4},"title":"A Copa Que Eu Vi (parte 1): depoimento","author":"Luiz Ant\u00f4nio Pr\u00f3speri","date":"20 de julho de 2026","format":false,"excerpt":"Luiz Ant\u00f4nio Pr\u00f3speri \u2013 20 julho 2026 (15h30) Rodri ergue a ta\u00e7a de campe\u00e3o da Copa do Mundo de 2026 por volta das 19h (hor\u00e1rio de Brasilia), domingo (19\/7), no est\u00e1dio MetLife, nas cercanias de New Jersey e New York. Jogadores da Espanha pulam de alegria emoldurando o gesto do\u2026","rel":"","context":"Em &quot;copa 2026&quot;","block_context":{"text":"copa 2026","link":"https:\/\/blogdoprosperi.com\/?cat=36820279"},"img":{"alt_text":"","src":"https:\/\/i0.wp.com\/blogdoprosperi.com\/wp-content\/uploads\/2026\/07\/Captura-de-Tela-2026-07-20-as-15.44.40.png?fit=924%2C836&ssl=1&resize=350%2C200","width":350,"height":200,"srcset":"https:\/\/i0.wp.com\/blogdoprosperi.com\/wp-content\/uploads\/2026\/07\/Captura-de-Tela-2026-07-20-as-15.44.40.png?fit=924%2C836&ssl=1&resize=350%2C200 1x, https:\/\/i0.wp.com\/blogdoprosperi.com\/wp-content\/uploads\/2026\/07\/Captura-de-Tela-2026-07-20-as-15.44.40.png?fit=924%2C836&ssl=1&resize=525%2C300 1.5x, https:\/\/i0.wp.com\/blogdoprosperi.com\/wp-content\/uploads\/2026\/07\/Captura-de-Tela-2026-07-20-as-15.44.40.png?fit=924%2C836&ssl=1&resize=700%2C400 2x"},"classes":[]},{"id":14102,"url":"https:\/\/blogdoprosperi.com\/?p=14102","url_meta":{"origin":39982,"position":5},"title":"Minist\u00e9rio P\u00fablico amea\u00e7a vetar reduto de palmeirenses ao arredor do Allianz Parque","author":"Luiz Ant\u00f4nio Pr\u00f3speri","date":"30 de junho de 2016","format":false,"excerpt":"Ref\u00e9ns da viol\u00eancia no futebol, governo, pol\u00edcia, Minist\u00e9rio P\u00fablico, gestores de clubes, federa\u00e7\u00f5es e CBF est\u00e3o perdidos. Desde 1995, quando um torcedor foi morto a pauladas no Pacaembu no confronto entre fac\u00e7\u00f5es de S\u00e3o Paulo e Palmeiras, uma s\u00e9rie de provid\u00eancias, leis e repress\u00e3o n\u00e3o tem evitado batalhas e execu\u00e7\u00f5es\u2026","rel":"","context":"Em &quot;futebol&quot;","block_context":{"text":"futebol","link":"https:\/\/blogdoprosperi.com\/?cat=53870"},"img":{"alt_text":"","src":"https:\/\/i0.wp.com\/blogdoprosperi.com\/wp-content\/uploads\/2016\/06\/2k994wjy69_3gkhkru6mx_file.jpeg?resize=350%2C200","width":350,"height":200},"classes":[]}],"jetpack_featured_media_url":"","_links":{"self":[{"href":"https:\/\/blogdoprosperi.com\/index.php?rest_route=\/wp\/v2\/posts\/39982","targetHints":{"allow":["GET"]}}],"collection":[{"href":"https:\/\/blogdoprosperi.com\/index.php?rest_route=\/wp\/v2\/posts"}],"about":[{"href":"https:\/\/blogdoprosperi.com\/index.php?rest_route=\/wp\/v2\/types\/post"}],"author":[{"embeddable":true,"href":"https:\/\/blogdoprosperi.com\/index.php?rest_route=\/wp\/v2\/users\/102107496"}],"replies":[{"embeddable":true,"href":"https:\/\/blogdoprosperi.com\/index.php?rest_route=%2Fwp%2Fv2%2Fcomments&post=39982"}],"version-history":[{"count":13,"href":"https:\/\/blogdoprosperi.com\/index.php?rest_route=\/wp\/v2\/posts\/39982\/revisions"}],"predecessor-version":[{"id":40043,"href":"https:\/\/blogdoprosperi.com\/index.php?rest_route=\/wp\/v2\/posts\/39982\/revisions\/40043"}],"wp:attachment":[{"href":"https:\/\/blogdoprosperi.com\/index.php?rest_route=%2Fwp%2Fv2%2Fmedia&parent=39982"}],"wp:term":[{"taxonomy":"category","embeddable":true,"href":"https:\/\/blogdoprosperi.com\/index.php?rest_route=%2Fwp%2Fv2%2Fcategories&post=39982"},{"taxonomy":"post_tag","embeddable":true,"href":"https:\/\/blogdoprosperi.com\/index.php?rest_route=%2Fwp%2Fv2%2Ftags&post=39982"}],"curies":[{"name":"wp","href":"https:\/\/api.w.org\/{rel}","templated":true}]}}