{"id":40069,"date":"2022-12-02T07:39:51","date_gmt":"2022-12-02T10:39:51","guid":{"rendered":"https:\/\/blogdoprosperi.com\/?p=40069"},"modified":"2022-12-02T07:43:33","modified_gmt":"2022-12-02T10:43:33","slug":"qatar-news-02-copa-bate-recordes-de-audiencia-na-tv","status":"publish","type":"post","link":"https:\/\/blogdoprosperi.com\/?p=40069","title":{"rendered":"Qatar News #02: Copa bate recordes de audi\u00eancia na TV"},"content":{"rendered":"<p>Copa do Mundo Qatar 2022 bate recordes de audi\u00eancias na TV em todos continentes. Confira relat\u00f3rio oficial da Fifa:<\/p>\n<p><strong>\u00c1SIA<\/strong><\/p>\n<p>Jogo da fase de grupos entre Jap\u00e3o e Costa Rica no domingo, 27 de novembro, atraiu uma audi\u00eancia m\u00e9dia de <strong>36,37 milh\u00f5es de telespectadores.<\/strong> Isso superou a audi\u00eancia de sua incr\u00edvel reviravolta contra a Alemanha na abertura do torneio em mais de 10 milh\u00f5es e foi 74% maior do que a m\u00e9dia de audi\u00eancia dom\u00e9stica da fase de grupos durante a Copa do Mundo em 2018.<\/p>\n<p>Na quinta-feira, 24 de novembro, na Coreia do Sul, <strong>11,14 milh\u00f5es de pessoas assistiram \u00e0 estreia do torneio contra o Uruguai.<\/strong> A transmiss\u00e3o teve um aumento de 97% na audi\u00eancia da TV em compara\u00e7\u00e3o com a m\u00e9dia das partidas da fase de grupos da Copa do Mundo da FIFA no Brasil em 2014; 18% a mais do que na R\u00fassia 2018.<\/p>\n<p><strong>EUROPA<\/strong><\/p>\n<p>Torcedores europeus tamb\u00e9m est\u00e3o sintonizados para a segunda rodada das partidas da fase de grupos em grande n\u00famero<\/p>\n<p>No domingo, 28 de novembro, 65% das pessoas assistindo TV na Espanha viram\u00a0<i>La Roja<\/i>\u00a0enfrentar a Alemanha em um dos jogos mais esperados do torneio at\u00e9 agora. <strong>11,9 milh\u00f5es foi a audi\u00eancia combinada<\/strong> na cobertura da La1 e do GOL MUNDIAL, superando a audi\u00eancia de qualquer jogo da fase de grupos da Copa do Mundo em 2018.<\/p>\n<p>Incrivelmente, mais de tr\u00eas quartos (76,6%) de todas as pessoas assistindo TV na Holanda testemunharam o gol espetacular de Cody Gakpo no empate de 1 a 1 com o Equador. Esta foi a maior audi\u00eancia de TV do pa\u00eds em 2022 e maior do que qualquer partida durante a Copa do Mundo em 2018.<\/p>\n<p>Na Fran\u00e7a, o encontro\u00a0<i>dos Bleus<\/i>\u00a0com a Dinamarca foi transmitido pela TF1. Com uma <strong>audi\u00eancia m\u00e9dia de 11,6 milh\u00f5es de telespectadores<\/strong>, a audi\u00eancia do programa atingiu o pico nos minutos finais da partida, com 14,56 milh\u00f5es assistindo Kylian Mbapp\u00e9 marcar um gol da vit\u00f3ria no final. Este foi o pico mais alto do torneio na Fran\u00e7a at\u00e9 agora, batendo <strong>14 milh\u00f5es de espectadores<\/strong> durante a partida de abertura da Fran\u00e7a contra a Austr\u00e1lia.<\/p>\n<p>A partida de Portugal com o Uruguai na segunda-feira, 28 de novembro, foi a <strong>maior audi\u00eancia de TV em Portugal para uma partida da Copa do Mundo de todos os tempos.<\/strong> No total, <strong>5,35 milh\u00f5es de telespectadores<\/strong> em Portugal assistiram a pelo menos um minuto de cobertura enquanto a sele\u00e7\u00e3o avan\u00e7ava para a fase eliminat\u00f3ria. A cobertura teve 69,5% de audi\u00eancia e a\u00a0<i>Sele\u00e7\u00e3o<\/i>\u00a0conquistou a segunda vit\u00f3ria em igual n\u00famero de jogos no torneio. Mais de 80% do panorama televisivo portugu\u00eas j\u00e1 viu pelo menos um minuto da cobertura do torneio.<\/p>\n<p><b>AM\u00c9RICA DO NORTE<\/b><\/p>\n<p>O interesse nos Estados Unidos continua a crescer com novos recordes sendo continuamente quebrados.<\/p>\n<p>A cobertura em ingl\u00eas do encontro dos <strong>EUA com a Inglaterra<\/strong> na sexta-feira, 25 de novembro, foi a partida de futebol masculino mais assistida na televis\u00e3o dos Estados Unidos, com um <strong>pico de audi\u00eancia de 19,65 milh\u00f5es de telespectadores na FOX<\/strong>. A cobertura da partida em espanhol pela NBC-Universal no Telemundo foi a segunda partida da fase de grupos da Copa do Mundo mais assistida com um time dos Estados Unidos na hist\u00f3ria da l\u00edngua espanhola.<\/p>\n<p>No dia seguinte, quando Argentina e M\u00e9xico se enfrentaram em uma eliminat\u00f3ria crucial do Grupo C, a transmiss\u00e3o da Telemundo nos Estados Unidos foi a partida da fase de grupos da Copa do Mundo da FIFA mais assistida na hist\u00f3ria em espanhol no pa\u00eds e a segunda maior de qualquer fase, sempre.<\/p>\n<p>Enquanto isso, no M\u00e9xico, a cobertura da mesma partida alcan\u00e7ou uma <strong>audi\u00eancia nacional de 20,96 milh\u00f5es de telespectadores<\/strong>. A participa\u00e7\u00e3o combinada nos tr\u00eas canais que transmitem o jogo foi de 67,9%. Isso foi mais alto do que a classifica\u00e7\u00e3o combinada m\u00e1xima no territ\u00f3rio para qualquer partida da Copa do Mundo \u00a0em 2018.<\/p>\n<p>Audi\u00eancia m\u00e9dia no Canad\u00e1 para o empate decisivo com a Cro\u00e1cia foi de <strong>4,33 milh\u00f5es, com uma participa\u00e7\u00e3o de 68,4%<\/strong>. Isso foi 17% maior do que a partida de abertura do Canad\u00e1 e 12% maior do que o maior p\u00fablico combinado no territ\u00f3rio para o torneio de 2018.<i><\/i><\/p>\n<p><strong>AM\u00c9RICA DO SUL<\/strong><\/p>\n<p>Na Argentina, a audi\u00eancia m\u00e9dia dos bicampe\u00f5es da Copa do Mundo \u00a0em sua partida decisiva contra o M\u00e9xico foi de <strong>8,48 milh\u00f5es<\/strong>; entregando uma incr\u00edvel participa\u00e7\u00e3o de audi\u00eancia de 81,3%. A audi\u00eancia do programa foi a maior do torneio at\u00e9 agora no pa\u00eds e 5% superior tanto \u00e0 primeira partida contra a Ar\u00e1bia Saudita quanto \u00e0 m\u00e9dia de audi\u00eancia das partidas da fase de grupos da Copa do Mundo 2018.<\/p>\n<p>A Fifa n\u00e3o divulgou os n\u00fameros da audi\u00eancia do jogos do Brasil na TV brasileira.<\/p>\n<p><strong>YouTube<\/strong> \u2013 acompanhe cobertura jornal\u00edstica no canal <strong>Pr\u00f3speri na Copa<\/strong>: <strong><span style=\"color: #0000ff\"><a style=\"color: #0000ff\" href=\"https:\/\/www.youtube.com\/@prosperinacopa\">https:\/\/www.youtube.com\/@prosperinacopa<\/a><\/span><\/strong><\/p>\n","protected":false},"excerpt":{"rendered":"<p>Copa do Mundo Qatar 2022 bate recordes de audi\u00eancias na TV em todos continentes, aponta relat\u00f3rio oficial da Fifa.<\/p>\n","protected":false},"author":102107496,"featured_media":40073,"comment_status":"open","ping_status":"open","sticky":false,"template":"","format":"standard","meta":{"_coblocks_attr":"","_coblocks_dimensions":"","_coblocks_responsive_height":"","_coblocks_accordion_ie_support":"","_jetpack_newsletter_access":"","_jetpack_dont_email_post_to_subs":false,"_jetpack_newsletter_tier_id":0,"_jetpack_memberships_contains_paywalled_content":false,"_wpcom_ai_launchpad_first_post":false,"_jetpack_feature_clip_id":0,"_jetpack_memberships_contains_paid_content":false,"footnotes":"","jetpack_publicize_message":"","jetpack_publicize_feature_enabled":true,"jetpack_social_post_already_shared":false,"jetpack_social_options":{"image_generator_settings":{"template":"highway","default_image_id":0,"font":"","enabled":false},"version":2},"jetpack_post_was_ever_published":false},"categories":[47094043,301049609,53870],"tags":[6367439,32968729,37482981,789560563,789560560,789560571],"class_list":["post-40069","post","type-post","status-publish","format-standard","has-post-thumbnail","hentry","category-catar-2022","category-copa-do-mundo-catar-2022","category-futebol","tag-audiencia-tv","tag-copa-do-mundo-da-fifa","tag-copa-na-tv","tag-fifa","tag-futebol","tag-qatar-2022"],"yoast_head":"<!-- This site is optimized with the Yoast SEO plugin v28.3 - https:\/\/yoast.com\/product\/yoast-seo-wordpress\/ -->\n<title>Qatar News #02: Copa bate recordes de audi\u00eancia na TV - PR\u00d3SPERI NEWS<\/title>\n<meta name=\"robots\" content=\"index, follow, max-snippet:-1, max-image-preview:large, max-video-preview:-1\" \/>\n<link rel=\"canonical\" href=\"https:\/\/blogdoprosperi.com\/?p=40069\" \/>\n<meta property=\"og:locale\" content=\"pt_BR\" \/>\n<meta property=\"og:type\" content=\"article\" \/>\n<meta property=\"og:title\" content=\"Qatar News #02: Copa bate recordes de audi\u00eancia na TV - PR\u00d3SPERI NEWS\" \/>\n<meta property=\"og:description\" content=\"Copa do Mundo Qatar 2022 bate recordes de audi\u00eancias na TV em todos continentes, aponta relat\u00f3rio oficial da Fifa.\" \/>\n<meta property=\"og:url\" content=\"https:\/\/blogdoprosperi.com\/?p=40069\" \/>\n<meta property=\"og:site_name\" content=\"PR\u00d3SPERI NEWS\" \/>\n<meta property=\"article:publisher\" content=\"Luiz Pr\u00f3speri\" \/>\n<meta property=\"article:author\" content=\"Luiz Pr\u00f3speri\" \/>\n<meta property=\"article:published_time\" content=\"2022-12-02T10:39:51+00:00\" \/>\n<meta property=\"article:modified_time\" content=\"2022-12-02T10:43:33+00:00\" \/>\n<meta property=\"og:image\" content=\"https:\/\/i0.wp.com\/blogdoprosperi.com\/wp-content\/uploads\/2022\/12\/unnamed-1.jpg?fit=560%2C373&ssl=1\" \/>\n\t<meta property=\"og:image:width\" content=\"560\" \/>\n\t<meta property=\"og:image:height\" content=\"373\" \/>\n\t<meta property=\"og:image:type\" content=\"image\/jpeg\" \/>\n<meta name=\"author\" content=\"Luiz Ant\u00f4nio Pr\u00f3speri\" \/>\n<meta name=\"twitter:card\" content=\"summary_large_image\" \/>\n<meta name=\"twitter:creator\" content=\"@Luizprosperi\" \/>\n<meta name=\"twitter:site\" content=\"@Luizprosperi\" \/>\n<meta name=\"twitter:label1\" content=\"Escrito por\" \/>\n\t<meta name=\"twitter:data1\" content=\"Luiz Ant\u00f4nio Pr\u00f3speri\" \/>\n\t<meta name=\"twitter:label2\" content=\"Est. tempo de leitura\" \/>\n\t<meta name=\"twitter:data2\" content=\"4 minutos\" \/>\n<script type=\"application\/ld+json\" class=\"yoast-schema-graph\">{\"@context\":\"https:\\\/\\\/schema.org\",\"@graph\":[{\"@type\":\"Article\",\"@id\":\"https:\\\/\\\/blogdoprosperi.com\\\/?p=40069#article\",\"isPartOf\":{\"@id\":\"https:\\\/\\\/blogdoprosperi.com\\\/?p=40069\"},\"author\":{\"name\":\"Luiz Ant\u00f4nio Pr\u00f3speri\",\"@id\":\"https:\\\/\\\/blogdoprosperi.com\\\/#\\\/schema\\\/person\\\/38100755ce3601861ee4fab9b5aa78e9\"},\"headline\":\"Qatar News #02: Copa bate recordes de audi\u00eancia na TV\",\"datePublished\":\"2022-12-02T10:39:51+00:00\",\"dateModified\":\"2022-12-02T10:43:33+00:00\",\"mainEntityOfPage\":{\"@id\":\"https:\\\/\\\/blogdoprosperi.com\\\/?p=40069\"},\"wordCount\":851,\"commentCount\":0,\"publisher\":{\"@id\":\"https:\\\/\\\/blogdoprosperi.com\\\/#\\\/schema\\\/person\\\/38100755ce3601861ee4fab9b5aa78e9\"},\"image\":{\"@id\":\"https:\\\/\\\/blogdoprosperi.com\\\/?p=40069#primaryimage\"},\"thumbnailUrl\":\"https:\\\/\\\/i0.wp.com\\\/blogdoprosperi.com\\\/wp-content\\\/uploads\\\/2022\\\/12\\\/unnamed-1.jpg?fit=560%2C373&ssl=1\",\"keywords\":[\"audi\u00eancia TV\",\"copa do mundo da fifa\",\"Copa na TV\",\"Fifa\",\"futebol\",\"qatar 2022\"],\"articleSection\":[\"catar 2022\",\"copa do mundo catar 2022\",\"futebol\"],\"inLanguage\":\"pt-BR\",\"potentialAction\":[{\"@type\":\"CommentAction\",\"name\":\"Comment\",\"target\":[\"https:\\\/\\\/blogdoprosperi.com\\\/?p=40069#respond\"]}]},{\"@type\":\"WebPage\",\"@id\":\"https:\\\/\\\/blogdoprosperi.com\\\/?p=40069\",\"url\":\"https:\\\/\\\/blogdoprosperi.com\\\/?p=40069\",\"name\":\"Qatar News #02: Copa bate recordes de audi\u00eancia na TV - PR\u00d3SPERI NEWS\",\"isPartOf\":{\"@id\":\"https:\\\/\\\/blogdoprosperi.com\\\/#website\"},\"primaryImageOfPage\":{\"@id\":\"https:\\\/\\\/blogdoprosperi.com\\\/?p=40069#primaryimage\"},\"image\":{\"@id\":\"https:\\\/\\\/blogdoprosperi.com\\\/?p=40069#primaryimage\"},\"thumbnailUrl\":\"https:\\\/\\\/i0.wp.com\\\/blogdoprosperi.com\\\/wp-content\\\/uploads\\\/2022\\\/12\\\/unnamed-1.jpg?fit=560%2C373&ssl=1\",\"datePublished\":\"2022-12-02T10:39:51+00:00\",\"dateModified\":\"2022-12-02T10:43:33+00:00\",\"breadcrumb\":{\"@id\":\"https:\\\/\\\/blogdoprosperi.com\\\/?p=40069#breadcrumb\"},\"inLanguage\":\"pt-BR\",\"potentialAction\":[{\"@type\":\"ReadAction\",\"target\":[\"https:\\\/\\\/blogdoprosperi.com\\\/?p=40069\"]}]},{\"@type\":\"ImageObject\",\"inLanguage\":\"pt-BR\",\"@id\":\"https:\\\/\\\/blogdoprosperi.com\\\/?p=40069#primaryimage\",\"url\":\"https:\\\/\\\/i0.wp.com\\\/blogdoprosperi.com\\\/wp-content\\\/uploads\\\/2022\\\/12\\\/unnamed-1.jpg?fit=560%2C373&ssl=1\",\"contentUrl\":\"https:\\\/\\\/i0.wp.com\\\/blogdoprosperi.com\\\/wp-content\\\/uploads\\\/2022\\\/12\\\/unnamed-1.jpg?fit=560%2C373&ssl=1\",\"width\":560,\"height\":373,\"caption\":\"foto: Fifa oficial\"},{\"@type\":\"BreadcrumbList\",\"@id\":\"https:\\\/\\\/blogdoprosperi.com\\\/?p=40069#breadcrumb\",\"itemListElement\":[{\"@type\":\"ListItem\",\"position\":1,\"name\":\"In\u00edcio\",\"item\":\"https:\\\/\\\/blogdoprosperi.com\\\/\"},{\"@type\":\"ListItem\",\"position\":2,\"name\":\"Qatar News #02: Copa bate recordes de audi\u00eancia na TV\"}]},{\"@type\":\"WebSite\",\"@id\":\"https:\\\/\\\/blogdoprosperi.com\\\/#website\",\"url\":\"https:\\\/\\\/blogdoprosperi.com\\\/\",\"name\":\"PR\u00d3SPERI NEWS\",\"description\":\"TUDO \u00c9  FUTEBOL\",\"publisher\":{\"@id\":\"https:\\\/\\\/blogdoprosperi.com\\\/#\\\/schema\\\/person\\\/38100755ce3601861ee4fab9b5aa78e9\"},\"alternateName\":\"blogdoprosperi.com\",\"potentialAction\":[{\"@type\":\"SearchAction\",\"target\":{\"@type\":\"EntryPoint\",\"urlTemplate\":\"https:\\\/\\\/blogdoprosperi.com\\\/?s={search_term_string}\"},\"query-input\":{\"@type\":\"PropertyValueSpecification\",\"valueRequired\":true,\"valueName\":\"search_term_string\"}}],\"inLanguage\":\"pt-BR\"},{\"@type\":[\"Person\",\"Organization\"],\"@id\":\"https:\\\/\\\/blogdoprosperi.com\\\/#\\\/schema\\\/person\\\/38100755ce3601861ee4fab9b5aa78e9\",\"name\":\"Luiz Ant\u00f4nio Pr\u00f3speri\",\"pronouns\":\"ele\",\"image\":{\"@type\":\"ImageObject\",\"inLanguage\":\"pt-BR\",\"@id\":\"https:\\\/\\\/i0.wp.com\\\/blogdoprosperi.com\\\/wp-content\\\/uploads\\\/2026\\\/05\\\/cropped-8059e613-6002-42fa-961e-8e275f575d71-2-5.jpg?fit=1360%2C931&ssl=1\",\"url\":\"https:\\\/\\\/i0.wp.com\\\/blogdoprosperi.com\\\/wp-content\\\/uploads\\\/2026\\\/05\\\/cropped-8059e613-6002-42fa-961e-8e275f575d71-2-5.jpg?fit=1360%2C931&ssl=1\",\"contentUrl\":\"https:\\\/\\\/i0.wp.com\\\/blogdoprosperi.com\\\/wp-content\\\/uploads\\\/2026\\\/05\\\/cropped-8059e613-6002-42fa-961e-8e275f575d71-2-5.jpg?fit=1360%2C931&ssl=1\",\"width\":1360,\"height\":931,\"caption\":\"Luiz Ant\u00f4nio Pr\u00f3speri\"},\"logo\":{\"@id\":\"https:\\\/\\\/i0.wp.com\\\/blogdoprosperi.com\\\/wp-content\\\/uploads\\\/2026\\\/05\\\/cropped-8059e613-6002-42fa-961e-8e275f575d71-2-5.jpg?fit=1360%2C931&ssl=1\"},\"description\":\"Jornalista com carreira dedicada ao esporte. Cobriu 9 Copas do Mundo in loco, 1990 na It\u00e1lia, 1994 nos EUA, 1998 na Fran\u00e7a, 2002 na Coreia do Sul e Jap\u00e3o, 2006 na Alemanha, 2010 na \u00c1frica do Sul, 2014 no Brasil, 2018 na R\u00fassia e 2022 no Qatar. Eurocopas, 1992 na Su\u00e9cia e 1996 na Inglaterra. Copa das Confedera\u00e7\u00f5es de 2005 na Alemanha e 2009 na \u00c1frica do Sul. Rep\u00f3rter e Editor, trabalhou no Jornal da Tarde e Estad\u00e3o, de 1984 a fevereiro de 2016. Colunista, blogueiro. E comentarista de futebol na R\u00e1dio Estad\u00e3o, de 2013 a fevereiro de 2016. Jornalista respons\u00e1vel do \\\"Pr\u00f3speri News\\\" (blogdoprosperi.com).\",\"sameAs\":[\"http:\\\/\\\/blogdoprosperi.com\",\"Luiz Pr\u00f3speri\",\"@luiz_prosperi\",\"https:\\\/\\\/x.com\\\/Luizprosperi\",\"@prosperinacopa\",\"luiz.prosperi@icloud.com\"],\"url\":\"https:\\\/\\\/blogdoprosperi.com\\\/?author=102107496\"}]}<\/script>\n<!-- \/ Yoast SEO plugin. -->","yoast_head_json":{"title":"Qatar News #02: Copa bate recordes de audi\u00eancia na TV - PR\u00d3SPERI NEWS","robots":{"index":"index","follow":"follow","max-snippet":"max-snippet:-1","max-image-preview":"max-image-preview:large","max-video-preview":"max-video-preview:-1"},"canonical":"https:\/\/blogdoprosperi.com\/?p=40069","og_locale":"pt_BR","og_type":"article","og_title":"Qatar News #02: Copa bate recordes de audi\u00eancia na TV - PR\u00d3SPERI NEWS","og_description":"Copa do Mundo Qatar 2022 bate recordes de audi\u00eancias na TV em todos continentes, aponta relat\u00f3rio oficial da Fifa.","og_url":"https:\/\/blogdoprosperi.com\/?p=40069","og_site_name":"PR\u00d3SPERI NEWS","article_publisher":"Luiz Pr\u00f3speri","article_author":"Luiz Pr\u00f3speri","article_published_time":"2022-12-02T10:39:51+00:00","article_modified_time":"2022-12-02T10:43:33+00:00","og_image":[{"width":560,"height":373,"url":"https:\/\/i0.wp.com\/blogdoprosperi.com\/wp-content\/uploads\/2022\/12\/unnamed-1.jpg?fit=560%2C373&ssl=1","type":"image\/jpeg"}],"author":"Luiz Ant\u00f4nio Pr\u00f3speri","twitter_card":"summary_large_image","twitter_creator":"@Luizprosperi","twitter_site":"@Luizprosperi","twitter_misc":{"Escrito por":"Luiz Ant\u00f4nio Pr\u00f3speri","Est. tempo de leitura":"4 minutos"},"schema":{"@context":"https:\/\/schema.org","@graph":[{"@type":"Article","@id":"https:\/\/blogdoprosperi.com\/?p=40069#article","isPartOf":{"@id":"https:\/\/blogdoprosperi.com\/?p=40069"},"author":{"name":"Luiz Ant\u00f4nio Pr\u00f3speri","@id":"https:\/\/blogdoprosperi.com\/#\/schema\/person\/38100755ce3601861ee4fab9b5aa78e9"},"headline":"Qatar News #02: Copa bate recordes de audi\u00eancia na TV","datePublished":"2022-12-02T10:39:51+00:00","dateModified":"2022-12-02T10:43:33+00:00","mainEntityOfPage":{"@id":"https:\/\/blogdoprosperi.com\/?p=40069"},"wordCount":851,"commentCount":0,"publisher":{"@id":"https:\/\/blogdoprosperi.com\/#\/schema\/person\/38100755ce3601861ee4fab9b5aa78e9"},"image":{"@id":"https:\/\/blogdoprosperi.com\/?p=40069#primaryimage"},"thumbnailUrl":"https:\/\/i0.wp.com\/blogdoprosperi.com\/wp-content\/uploads\/2022\/12\/unnamed-1.jpg?fit=560%2C373&ssl=1","keywords":["audi\u00eancia TV","copa do mundo da fifa","Copa na TV","Fifa","futebol","qatar 2022"],"articleSection":["catar 2022","copa do mundo catar 2022","futebol"],"inLanguage":"pt-BR","potentialAction":[{"@type":"CommentAction","name":"Comment","target":["https:\/\/blogdoprosperi.com\/?p=40069#respond"]}]},{"@type":"WebPage","@id":"https:\/\/blogdoprosperi.com\/?p=40069","url":"https:\/\/blogdoprosperi.com\/?p=40069","name":"Qatar News #02: Copa bate recordes de audi\u00eancia na TV - PR\u00d3SPERI NEWS","isPartOf":{"@id":"https:\/\/blogdoprosperi.com\/#website"},"primaryImageOfPage":{"@id":"https:\/\/blogdoprosperi.com\/?p=40069#primaryimage"},"image":{"@id":"https:\/\/blogdoprosperi.com\/?p=40069#primaryimage"},"thumbnailUrl":"https:\/\/i0.wp.com\/blogdoprosperi.com\/wp-content\/uploads\/2022\/12\/unnamed-1.jpg?fit=560%2C373&ssl=1","datePublished":"2022-12-02T10:39:51+00:00","dateModified":"2022-12-02T10:43:33+00:00","breadcrumb":{"@id":"https:\/\/blogdoprosperi.com\/?p=40069#breadcrumb"},"inLanguage":"pt-BR","potentialAction":[{"@type":"ReadAction","target":["https:\/\/blogdoprosperi.com\/?p=40069"]}]},{"@type":"ImageObject","inLanguage":"pt-BR","@id":"https:\/\/blogdoprosperi.com\/?p=40069#primaryimage","url":"https:\/\/i0.wp.com\/blogdoprosperi.com\/wp-content\/uploads\/2022\/12\/unnamed-1.jpg?fit=560%2C373&ssl=1","contentUrl":"https:\/\/i0.wp.com\/blogdoprosperi.com\/wp-content\/uploads\/2022\/12\/unnamed-1.jpg?fit=560%2C373&ssl=1","width":560,"height":373,"caption":"foto: Fifa oficial"},{"@type":"BreadcrumbList","@id":"https:\/\/blogdoprosperi.com\/?p=40069#breadcrumb","itemListElement":[{"@type":"ListItem","position":1,"name":"In\u00edcio","item":"https:\/\/blogdoprosperi.com\/"},{"@type":"ListItem","position":2,"name":"Qatar News #02: Copa bate recordes de audi\u00eancia na TV"}]},{"@type":"WebSite","@id":"https:\/\/blogdoprosperi.com\/#website","url":"https:\/\/blogdoprosperi.com\/","name":"PR\u00d3SPERI NEWS","description":"TUDO \u00c9  FUTEBOL","publisher":{"@id":"https:\/\/blogdoprosperi.com\/#\/schema\/person\/38100755ce3601861ee4fab9b5aa78e9"},"alternateName":"blogdoprosperi.com","potentialAction":[{"@type":"SearchAction","target":{"@type":"EntryPoint","urlTemplate":"https:\/\/blogdoprosperi.com\/?s={search_term_string}"},"query-input":{"@type":"PropertyValueSpecification","valueRequired":true,"valueName":"search_term_string"}}],"inLanguage":"pt-BR"},{"@type":["Person","Organization"],"@id":"https:\/\/blogdoprosperi.com\/#\/schema\/person\/38100755ce3601861ee4fab9b5aa78e9","name":"Luiz Ant\u00f4nio Pr\u00f3speri","pronouns":"ele","image":{"@type":"ImageObject","inLanguage":"pt-BR","@id":"https:\/\/i0.wp.com\/blogdoprosperi.com\/wp-content\/uploads\/2026\/05\/cropped-8059e613-6002-42fa-961e-8e275f575d71-2-5.jpg?fit=1360%2C931&ssl=1","url":"https:\/\/i0.wp.com\/blogdoprosperi.com\/wp-content\/uploads\/2026\/05\/cropped-8059e613-6002-42fa-961e-8e275f575d71-2-5.jpg?fit=1360%2C931&ssl=1","contentUrl":"https:\/\/i0.wp.com\/blogdoprosperi.com\/wp-content\/uploads\/2026\/05\/cropped-8059e613-6002-42fa-961e-8e275f575d71-2-5.jpg?fit=1360%2C931&ssl=1","width":1360,"height":931,"caption":"Luiz Ant\u00f4nio Pr\u00f3speri"},"logo":{"@id":"https:\/\/i0.wp.com\/blogdoprosperi.com\/wp-content\/uploads\/2026\/05\/cropped-8059e613-6002-42fa-961e-8e275f575d71-2-5.jpg?fit=1360%2C931&ssl=1"},"description":"Jornalista com carreira dedicada ao esporte. Cobriu 9 Copas do Mundo in loco, 1990 na It\u00e1lia, 1994 nos EUA, 1998 na Fran\u00e7a, 2002 na Coreia do Sul e Jap\u00e3o, 2006 na Alemanha, 2010 na \u00c1frica do Sul, 2014 no Brasil, 2018 na R\u00fassia e 2022 no Qatar. Eurocopas, 1992 na Su\u00e9cia e 1996 na Inglaterra. Copa das Confedera\u00e7\u00f5es de 2005 na Alemanha e 2009 na \u00c1frica do Sul. Rep\u00f3rter e Editor, trabalhou no Jornal da Tarde e Estad\u00e3o, de 1984 a fevereiro de 2016. Colunista, blogueiro. E comentarista de futebol na R\u00e1dio Estad\u00e3o, de 2013 a fevereiro de 2016. Jornalista respons\u00e1vel do \"Pr\u00f3speri News\" (blogdoprosperi.com).","sameAs":["http:\/\/blogdoprosperi.com","Luiz Pr\u00f3speri","@luiz_prosperi","https:\/\/x.com\/Luizprosperi","@prosperinacopa","luiz.prosperi@icloud.com"],"url":"https:\/\/blogdoprosperi.com\/?author=102107496"}]}},"jetpack_publicize_connections":[],"jetpack_likes_enabled":false,"jetpack_sharing_enabled":true,"jetpack_shortlink":"https:\/\/wp.me\/p7jvdk-aqh","jetpack-related-posts":[{"id":40184,"url":"https:\/\/blogdoprosperi.com\/?p=40184","url_meta":{"origin":40069,"position":0},"title":"Qatar News #03: Casimiro x Globo; p\u00fablico nos est\u00e1dios alcan\u00e7a 2,45 milh\u00f5es de pessoas","author":"Luiz Ant\u00f4nio Pr\u00f3speri","date":"4 de dezembro de 2022","format":false,"excerpt":"Guerra de audi\u00eancia na Copa do Mundo provoca debate no Brasil. Os n\u00fameros de Casimiro x Globo impressionam.","rel":"","context":"Em &quot;copa do mundo catar 2022&quot;","block_context":{"text":"copa do mundo catar 2022","link":"https:\/\/blogdoprosperi.com\/?cat=301049609"},"img":{"alt_text":"","src":"https:\/\/i0.wp.com\/blogdoprosperi.com\/wp-content\/uploads\/2022\/12\/casimiro.webp?fit=1000%2C625&ssl=1&resize=350%2C200","width":350,"height":200,"srcset":"https:\/\/i0.wp.com\/blogdoprosperi.com\/wp-content\/uploads\/2022\/12\/casimiro.webp?fit=1000%2C625&ssl=1&resize=350%2C200 1x, https:\/\/i0.wp.com\/blogdoprosperi.com\/wp-content\/uploads\/2022\/12\/casimiro.webp?fit=1000%2C625&ssl=1&resize=525%2C300 1.5x, https:\/\/i0.wp.com\/blogdoprosperi.com\/wp-content\/uploads\/2022\/12\/casimiro.webp?fit=1000%2C625&ssl=1&resize=700%2C400 2x"},"classes":[]},{"id":39237,"url":"https:\/\/blogdoprosperi.com\/?p=39237","url_meta":{"origin":40069,"position":1},"title":"\u00c1lbum de figurinhas e venda de 2,45 milh\u00f5es de ingressos aquecem Copa Catar 2022","author":"Luiz Ant\u00f4nio Pr\u00f3speri","date":"18 de agosto de 2022","format":false,"excerpt":"Fifa anuncia a venda de 2,45 milh\u00f5es de ingressos da Copa do Mundo Qatar 2022. Pa\u00edses \u00c1rabes, Am\u00e9rica e Europa aparecem como os que mais compraram os bilhetes, h\u00e1 98 dias do in\u00edcio do Mundial. No Brasil, a Panini lan\u00e7a nesta sexta-feira (19\/8) a venda do \u00e1lbum de figurinhas, uma\u2026","rel":"","context":"Em &quot;catar 2022&quot;","block_context":{"text":"catar 2022","link":"https:\/\/blogdoprosperi.com\/?cat=47094043"},"img":{"alt_text":"","src":"https:\/\/i0.wp.com\/blogdoprosperi.com\/wp-content\/uploads\/2022\/08\/csm_copa-qatar-2022-reproducao_d609783f02.jpg?fit=730%2C487&ssl=1&resize=350%2C200","width":350,"height":200,"srcset":"https:\/\/i0.wp.com\/blogdoprosperi.com\/wp-content\/uploads\/2022\/08\/csm_copa-qatar-2022-reproducao_d609783f02.jpg?fit=730%2C487&ssl=1&resize=350%2C200 1x, https:\/\/i0.wp.com\/blogdoprosperi.com\/wp-content\/uploads\/2022\/08\/csm_copa-qatar-2022-reproducao_d609783f02.jpg?fit=730%2C487&ssl=1&resize=525%2C300 1.5x, https:\/\/i0.wp.com\/blogdoprosperi.com\/wp-content\/uploads\/2022\/08\/csm_copa-qatar-2022-reproducao_d609783f02.jpg?fit=730%2C487&ssl=1&resize=700%2C400 2x"},"classes":[]},{"id":60744,"url":"https:\/\/blogdoprosperi.com\/?p=60744","url_meta":{"origin":40069,"position":2},"title":"Como a FIFA construiu uma Copa do Mundo de 10 bilh\u00f5es de d\u00f3lares: &#8216;Um megaevento global sem paralelo&#8217;","author":"Luiz Ant\u00f4nio Pr\u00f3speri","date":"18 de julho de 2026","format":false,"excerpt":"Philip Buckingham, New York Times \/ The Athletic \u2013 18 julho 2026 A FIFA adotou um tom triunfante em seus relat\u00f3rios financeiros de 2022... e com raz\u00e3o. Quase US$ 5,8 bilh\u00f5es (equivalente a R$ 31,9 bilh\u00f5es na cota\u00e7\u00e3o atual) foram arrecadados em um ano que terminou com a Copa do\u2026","rel":"","context":"Em &quot;copa 2026&quot;","block_context":{"text":"copa 2026","link":"https:\/\/blogdoprosperi.com\/?cat=36820279"},"img":{"alt_text":"","src":"https:\/\/i0.wp.com\/blogdoprosperi.com\/wp-content\/uploads\/2026\/07\/57575.webp?fit=1200%2C655&ssl=1&resize=350%2C200","width":350,"height":200,"srcset":"https:\/\/i0.wp.com\/blogdoprosperi.com\/wp-content\/uploads\/2026\/07\/57575.webp?fit=1200%2C655&ssl=1&resize=350%2C200 1x, https:\/\/i0.wp.com\/blogdoprosperi.com\/wp-content\/uploads\/2026\/07\/57575.webp?fit=1200%2C655&ssl=1&resize=525%2C300 1.5x, https:\/\/i0.wp.com\/blogdoprosperi.com\/wp-content\/uploads\/2026\/07\/57575.webp?fit=1200%2C655&ssl=1&resize=700%2C400 2x, https:\/\/i0.wp.com\/blogdoprosperi.com\/wp-content\/uploads\/2026\/07\/57575.webp?fit=1200%2C655&ssl=1&resize=1050%2C600 3x"},"classes":[]},{"id":53411,"url":"https:\/\/blogdoprosperi.com\/?p=53411","url_meta":{"origin":40069,"position":3},"title":"Mundial de Clubes a Cada Dois Anos ? Siga o Dinheiro","author":"Luiz Ant\u00f4nio Pr\u00f3speri","date":"15 de julho de 2025","format":false,"excerpt":"\u2295 Maior, melhor, com mais frequ\u00eancia? Infantino n\u00e3o abre m\u00e3o de sua ambi\u00e7\u00e3o pelo Mundial de Clubes \u2295 Com 2 bilh\u00f5es de visualiza\u00e7\u00f5es na TV, US$ 2,1 bilh\u00f5es \u00a0(R$ 11,6 bilh\u00f5es) em receitas e uma press\u00e3o para que seja lan\u00e7ado a cada dois anos, o projeto favorito de Infantino veio\u2026","rel":"","context":"Em &quot;Fifa&quot;","block_context":{"text":"Fifa","link":"https:\/\/blogdoprosperi.com\/?cat=187969"},"img":{"alt_text":"Mundial de Clubes a cada dois anos? Siga o dinheiro","src":"https:\/\/i0.wp.com\/blogdoprosperi.com\/wp-content\/uploads\/2025\/06\/guvjd0nwyaax6gb-1.jpeg?fit=900%2C1200&ssl=1&resize=350%2C200","width":350,"height":200,"srcset":"https:\/\/i0.wp.com\/blogdoprosperi.com\/wp-content\/uploads\/2025\/06\/guvjd0nwyaax6gb-1.jpeg?fit=900%2C1200&ssl=1&resize=350%2C200 1x, https:\/\/i0.wp.com\/blogdoprosperi.com\/wp-content\/uploads\/2025\/06\/guvjd0nwyaax6gb-1.jpeg?fit=900%2C1200&ssl=1&resize=525%2C300 1.5x, https:\/\/i0.wp.com\/blogdoprosperi.com\/wp-content\/uploads\/2025\/06\/guvjd0nwyaax6gb-1.jpeg?fit=900%2C1200&ssl=1&resize=700%2C400 2x"},"classes":[]},{"id":46936,"url":"https:\/\/blogdoprosperi.com\/?p=46936","url_meta":{"origin":40069,"position":4},"title":"Copa do Mundo 2034 Ar\u00e1bia Saudita | Tudo o que Voc\u00ea Precisa Saber","author":"Luiz Ant\u00f4nio Pr\u00f3speri","date":"12 de dezembro de 2024","format":false,"excerpt":"New York Times \u2013 The Athletic \u2013 12 dezembro \u2013 Ar\u00e1bia Saudita foi oficialmente confirmada como pa\u00eds-sede d a Copa do Mundo masculina de 2034. Ap\u00f3s uma reuni\u00e3o extraordin\u00e1ria do Congresso da Fifa na quarta-feira, a entidade m\u00e1xima do futebol mundial tamb\u00e9m confirmou que a Copa do Mundo de 2030\u2026","rel":"","context":"Em &quot;futebol&quot;","block_context":{"text":"futebol","link":"https:\/\/blogdoprosperi.com\/?cat=53870"},"img":{"alt_text":"Est\u00e1dio Copa do Mundo Copa 2034 Arabia Saudita","src":"https:\/\/i0.wp.com\/blogdoprosperi.com\/wp-content\/uploads\/2024\/12\/captura-de-tela-2024-12-12-as-11.25.56.png?fit=1070%2C1060&ssl=1&resize=350%2C200","width":350,"height":200,"srcset":"https:\/\/i0.wp.com\/blogdoprosperi.com\/wp-content\/uploads\/2024\/12\/captura-de-tela-2024-12-12-as-11.25.56.png?fit=1070%2C1060&ssl=1&resize=350%2C200 1x, https:\/\/i0.wp.com\/blogdoprosperi.com\/wp-content\/uploads\/2024\/12\/captura-de-tela-2024-12-12-as-11.25.56.png?fit=1070%2C1060&ssl=1&resize=525%2C300 1.5x, https:\/\/i0.wp.com\/blogdoprosperi.com\/wp-content\/uploads\/2024\/12\/captura-de-tela-2024-12-12-as-11.25.56.png?fit=1070%2C1060&ssl=1&resize=700%2C400 2x, https:\/\/i0.wp.com\/blogdoprosperi.com\/wp-content\/uploads\/2024\/12\/captura-de-tela-2024-12-12-as-11.25.56.png?fit=1070%2C1060&ssl=1&resize=1050%2C600 3x"},"classes":[]},{"id":58106,"url":"https:\/\/blogdoprosperi.com\/?p=58106","url_meta":{"origin":40069,"position":5},"title":"Copa 2026 | Altos Pre\u00e7os dos Ingressos s\u00e3o justificados no mercado dos EUA, diz FiFa","author":"Luiz Ant\u00f4nio Pr\u00f3speri","date":"6 de maio de 2026","format":false,"excerpt":"Grupos de torcedores classificaram os pre\u00e7os como uma \"trai\u00e7\u00e3o monumental\" FIFA cobra 30% nas vendas no mercado paralelo The Guardian \u2013 6 maio 2026 (14h01) \u2013 O presidente da Fifa,\u00a0Gianni Infantino,\u00a0defendeu os pre\u00e7os dos ingressos da Copa do Mundo, insistindo que a entidade m\u00e1xima do futebol mundial foi obrigada a\u2026","rel":"","context":"Em &quot;copa 2026&quot;","block_context":{"text":"copa 2026","link":"https:\/\/blogdoprosperi.com\/?cat=36820279"},"img":{"alt_text":"Est\u00e1dios Mundial de Clubes Fifa 2025","src":"https:\/\/i0.wp.com\/blogdoprosperi.com\/wp-content\/uploads\/2024\/09\/captura-de-tela-2024-09-30-as-16.24.40.png?fit=1200%2C670&ssl=1&resize=350%2C200","width":350,"height":200,"srcset":"https:\/\/i0.wp.com\/blogdoprosperi.com\/wp-content\/uploads\/2024\/09\/captura-de-tela-2024-09-30-as-16.24.40.png?fit=1200%2C670&ssl=1&resize=350%2C200 1x, https:\/\/i0.wp.com\/blogdoprosperi.com\/wp-content\/uploads\/2024\/09\/captura-de-tela-2024-09-30-as-16.24.40.png?fit=1200%2C670&ssl=1&resize=525%2C300 1.5x, https:\/\/i0.wp.com\/blogdoprosperi.com\/wp-content\/uploads\/2024\/09\/captura-de-tela-2024-09-30-as-16.24.40.png?fit=1200%2C670&ssl=1&resize=700%2C400 2x, https:\/\/i0.wp.com\/blogdoprosperi.com\/wp-content\/uploads\/2024\/09\/captura-de-tela-2024-09-30-as-16.24.40.png?fit=1200%2C670&ssl=1&resize=1050%2C600 3x"},"classes":[]}],"jetpack_featured_media_url":"https:\/\/i0.wp.com\/blogdoprosperi.com\/wp-content\/uploads\/2022\/12\/unnamed-1.jpg?fit=560%2C373&ssl=1","_links":{"self":[{"href":"https:\/\/blogdoprosperi.com\/index.php?rest_route=\/wp\/v2\/posts\/40069","targetHints":{"allow":["GET"]}}],"collection":[{"href":"https:\/\/blogdoprosperi.com\/index.php?rest_route=\/wp\/v2\/posts"}],"about":[{"href":"https:\/\/blogdoprosperi.com\/index.php?rest_route=\/wp\/v2\/types\/post"}],"author":[{"embeddable":true,"href":"https:\/\/blogdoprosperi.com\/index.php?rest_route=\/wp\/v2\/users\/102107496"}],"replies":[{"embeddable":true,"href":"https:\/\/blogdoprosperi.com\/index.php?rest_route=%2Fwp%2Fv2%2Fcomments&post=40069"}],"version-history":[{"count":8,"href":"https:\/\/blogdoprosperi.com\/index.php?rest_route=\/wp\/v2\/posts\/40069\/revisions"}],"predecessor-version":[{"id":40078,"href":"https:\/\/blogdoprosperi.com\/index.php?rest_route=\/wp\/v2\/posts\/40069\/revisions\/40078"}],"wp:featuredmedia":[{"embeddable":true,"href":"https:\/\/blogdoprosperi.com\/index.php?rest_route=\/wp\/v2\/media\/40073"}],"wp:attachment":[{"href":"https:\/\/blogdoprosperi.com\/index.php?rest_route=%2Fwp%2Fv2%2Fmedia&parent=40069"}],"wp:term":[{"taxonomy":"category","embeddable":true,"href":"https:\/\/blogdoprosperi.com\/index.php?rest_route=%2Fwp%2Fv2%2Fcategories&post=40069"},{"taxonomy":"post_tag","embeddable":true,"href":"https:\/\/blogdoprosperi.com\/index.php?rest_route=%2Fwp%2Fv2%2Ftags&post=40069"}],"curies":[{"name":"wp","href":"https:\/\/api.w.org\/{rel}","templated":true}]}}