{"id":40080,"date":"2022-12-02T09:12:49","date_gmt":"2022-12-02T12:12:49","guid":{"rendered":"https:\/\/blogdoprosperi.com\/?p=40080"},"modified":"2022-12-02T18:33:04","modified_gmt":"2022-12-02T21:33:04","slug":"pre-jogo-brasil-x-camaroes-a-luta-dos-reservas-de-tite","status":"publish","type":"post","link":"https:\/\/blogdoprosperi.com\/?p=40080","title":{"rendered":"Pr\u00e9-jogo Brasil x Camar\u00f5es: A luta dos reservas de Tite"},"content":{"rendered":"<p>Sele\u00e7\u00e3o Brasileira encara jogo contra Camar\u00f5es, sexta-feira (02\/12), como uma chance de olhar os reservas de Tite. Classificada \u00e0s oitavas de final, entra em campo \u00e0s 22h em Doha (16h de Bras\u00edlia) formada por 11 suplentes.<\/p>\n<p><strong>Quem briga por posi\u00e7\u00e3o?<\/strong> A rigor, apenas <strong>Antony e Rodrygo<\/strong> est\u00e3o sob observa\u00e7\u00e3o mais apurada da comiss\u00e3o t\u00e9cnica de Tite na disputa por vaga no time titular.<\/p>\n<p><strong>No gol,<\/strong> Ederson joga hoje e Alisson descansa. Nem Ederson e muito menos Weverton lutam por vaga entre titulares. Por enquanto, Alisson tem a prefer\u00eancia de Tite.<\/p>\n<p><strong>Entre os zagueiros<\/strong>, Thiago Silva e Marquinhos continuam absolutos. Bremer, rec\u00e9m-chegado no ciclo de seis anos do reinado de Tite, joga para sentir o que \u00e9 um jogo de Copa do Mundo. Eder Milit\u00e3o sabe que na zaga dificilmente ser\u00e1 titular. Mas na lateral-direita vai jogar enquanto Danilo estiver machucado.<\/p>\n<p><strong>Nas laterais<\/strong>, jogam Daniel Alves e Alex Telles. Tocador de pandeiro, como ele mesmo diz, Dani \u00e9 para atuar mais pensando no ataque. Sem chance de ganhar posi\u00e7\u00e3o entre os titulares. Danilo \u00e9 o preferido de Tite. A segunda op\u00e7\u00e3o \u00e9 o zagueiro Eder Milit\u00e3o na fun\u00e7\u00e3o de lateral.<span style=\"color: #0000ff\"><strong> <a style=\"color: #0000ff\" href=\"https:\/\/blogdoprosperi.com\/2022\/12\/01\/daniel-alves-se-for-para-tocar-pandeiro-na-selecao-vou-ser-o-melhor-pandeirista-que-existe\/\">Dani ter\u00e1 tempo de sobra para bater pandeiro no Qatar.<\/a><\/strong><\/span><\/p>\n<p>Alex Telles tamb\u00e9m \u00e9 banco e sem chance de superar Alex Sandro. S\u00f3 entra no time principal se Alex Sandro continuar machucado.<\/p>\n<figure id=\"attachment_40087\" aria-describedby=\"caption-attachment-40087\" style=\"width: 799px\" class=\"wp-caption alignnone\"><img data-recalc-dims=\"1\" loading=\"lazy\" decoding=\"async\" data-attachment-id=\"40087\" data-permalink=\"https:\/\/blogdoprosperi.com\/?attachment_id=40087\" data-orig-file=\"https:\/\/i0.wp.com\/blogdoprosperi.com\/wp-content\/uploads\/2022\/12\/52536283780_15e256c4a3_c.jpg?fit=799%2C533&amp;ssl=1\" data-orig-size=\"799,533\" data-comments-opened=\"1\" data-image-meta=\"{&quot;aperture&quot;:&quot;0&quot;,&quot;credit&quot;:&quot;Lucas Figueiredo\/CBF&quot;,&quot;camera&quot;:&quot;&quot;,&quot;caption&quot;:&quot;&quot;,&quot;created_timestamp&quot;:&quot;0&quot;,&quot;copyright&quot;:&quot;&quot;,&quot;focal_length&quot;:&quot;0&quot;,&quot;iso&quot;:&quot;0&quot;,&quot;shutter_speed&quot;:&quot;0&quot;,&quot;title&quot;:&quot;&quot;,&quot;orientation&quot;:&quot;0&quot;}\" data-image-title=\"Bruno Guimar\u00e3es em alta com Tite\" data-image-description=\"\" data-image-caption=\"&lt;p&gt;Bruno Guimar\u00e3es deve virar titular \u2013 foto: CBF oficial&lt;\/p&gt;\n\" data-large-file=\"https:\/\/i0.wp.com\/blogdoprosperi.com\/wp-content\/uploads\/2022\/12\/52536283780_15e256c4a3_c.jpg?fit=799%2C533&amp;ssl=1\" class=\"size-full wp-image-40087\" src=\"https:\/\/i0.wp.com\/blogdoprosperi.com\/wp-content\/uploads\/2022\/12\/52536283780_15e256c4a3_c.jpg?resize=799%2C533&#038;ssl=1\" alt=\"\" width=\"799\" height=\"533\"><figcaption id=\"caption-attachment-40087\" class=\"wp-caption-text\">Bruno Guimar\u00e3es deve virar titular \u2013 foto: CBF oficial<\/figcaption><\/figure>\n<p><strong>No meio campo<\/strong>, algumas contradi\u00e7\u00f5es. Fabinho joga hoje porque Casemiro poderia ser punido com segundo cart\u00e3o amarelo, ficando fora das oitavas. Fabinho \u00e9 reserva de luxo.<\/p>\n<p><strong>Fun\u00e7\u00e3o de segundo volante<\/strong> ainda atormenta comiss\u00e3o t\u00e9cnica. A prefer\u00eancia \u00e9 pelo insosso Fred. Paquet\u00e1 atuou nessa posi\u00e7\u00e3o no jogo contra S\u00e9rvia. Depois adiantou e <span style=\"color: #0000ff\"><strong><a style=\"color: #0000ff\" href=\"https:\/\/blogdoprosperi.com\/2022\/11\/28\/brasil-vence-suica-avanca-as-oitavas-da-copa-sentindo-falta-de-neymar\/\">virou meia diante da Su\u00ed\u00e7a<\/a><\/strong><\/span>. Fred est\u00e1 escalado no jogo de hoje contra Camar\u00f5es.<\/p>\n<p>Paquet\u00e1 pode voltar a ser segundo volante nas oitavas? Dif\u00edcil. Quem briga pela vaga, com respaldo total de Tite e seu comissariado, \u00e9 Bruno Guimar\u00e3es. Disputa com Fred a posi\u00e7\u00e3o.<\/p>\n<p>No olhar da comiss\u00e3o t\u00e9cnica temos Fred, Bruno Guimar\u00e3es e at\u00e9 Paquet\u00e1 na corrida pela fun\u00e7\u00e3o de segundo volante.<\/p>\n<p><strong>Substituto de Neymar<\/strong>, eis a quest\u00e3o. Rodrygo larga na frente. C\u00e1 entre n\u00f3s, Tite nem deveria pensar duas vezes para <span style=\"color: #0000ff\"><strong><a style=\"color: #0000ff\" href=\"https:\/\/blogdoprosperi.com\/2022\/11\/27\/tite-tem-pesadelos-com-neymar-e-sonhos-com-rodrygo\/\">escalar o garoto na posi\u00e7\u00e3o do craque do time.<\/a><\/strong><\/span> Paquet\u00e1 exerceu essa tarefa no primeiro tempo contra Su\u00ed\u00e7a e saiu reprovado. Ali\u00e1s Paquet\u00e1 s\u00f3 vai bem quando divide com Neymar arma\u00e7\u00e3o do time.<\/p>\n<p>Everton Ribeiro, meia de of\u00edcio, ainda n\u00e3o se encaixou em nenhum modelo idealizado por Tite. Treinador n\u00e3o d\u00e1 sinais onde posicionar o jogador do Flamengo.<\/p>\n<figure id=\"attachment_40086\" aria-describedby=\"caption-attachment-40086\" style=\"width: 799px\" class=\"wp-caption alignnone\"><img data-recalc-dims=\"1\" loading=\"lazy\" decoding=\"async\" data-attachment-id=\"40086\" data-permalink=\"https:\/\/blogdoprosperi.com\/?attachment_id=40086\" data-orig-file=\"https:\/\/i0.wp.com\/blogdoprosperi.com\/wp-content\/uploads\/2022\/12\/52533772981_9d32e50938_c.jpg?fit=799%2C533&amp;ssl=1\" data-orig-size=\"799,533\" data-comments-opened=\"1\" data-image-meta=\"{&quot;aperture&quot;:&quot;0&quot;,&quot;credit&quot;:&quot;&quot;,&quot;camera&quot;:&quot;&quot;,&quot;caption&quot;:&quot;&quot;,&quot;created_timestamp&quot;:&quot;0&quot;,&quot;copyright&quot;:&quot;&quot;,&quot;focal_length&quot;:&quot;0&quot;,&quot;iso&quot;:&quot;0&quot;,&quot;shutter_speed&quot;:&quot;0&quot;,&quot;title&quot;:&quot;&quot;,&quot;orientation&quot;:&quot;0&quot;}\" data-image-title=\"Gabriel Jesus em busca do primeiro gol de Copa\" data-image-description=\"\" data-image-caption=\"&lt;p&gt;Gabriel Jesus busca primeiro gol \u2013 foto: CBF oficial&lt;\/p&gt;\n\" data-large-file=\"https:\/\/i0.wp.com\/blogdoprosperi.com\/wp-content\/uploads\/2022\/12\/52533772981_9d32e50938_c.jpg?fit=799%2C533&amp;ssl=1\" class=\"size-full wp-image-40086\" src=\"https:\/\/i0.wp.com\/blogdoprosperi.com\/wp-content\/uploads\/2022\/12\/52533772981_9d32e50938_c.jpg?resize=799%2C533&#038;ssl=1\" alt=\"\" width=\"799\" height=\"533\"><figcaption id=\"caption-attachment-40086\" class=\"wp-caption-text\">Gabriel Jesus busca primeiro gol \u2013 foto: CBF oficial<\/figcaption><\/figure>\n<p><strong>No ataque,<\/strong> Antony ser\u00e1 observado com lupa na partida contra Camar\u00f5es. Se for bem, pode entrar no p\u00e1reo na disputa com Raphinha na ponta-direita. Por enquanto, Raphinha \u00e9 o titular.<\/p>\n<p><strong>Gabriel Jesus<\/strong> \u00e9 o imediato de <span style=\"color: #0000ff\"><strong><a style=\"color: #0000ff\" href=\"https:\/\/blogdoprosperi.com\/2022\/11\/24\/brasil-estreia-com-vitoria-ao-signo-de-richarlsion\/\">Richarlison<\/a>.<\/strong><\/span> Pedro, terceiro centroavante e Tite, s\u00f3 entrar\u00e1 em caso de emerg\u00eancia. Jesus precisa de um bom jogo hoje e pelo menos um gol. N\u00e3o fez nenhum na Copa da R\u00fassia 2018 e agora no Qatar ainda n\u00e3o conferiu \u2013 jogou pouco mais de 30 minutos somando dois jogos que entrou no segundo tempo.<\/p>\n<p>Na ponta-esquerda, Gabriel Martinelli ganha uma chance hoje. Apenas para se exercitar. Titular \u00e9 Vini Jr. Indiscut\u00edvel.<\/p>\n<hr>\n<p><em>YouTube \u2013 acompanhe cobertura da Sele\u00e7\u00e3o Brasileira no canal <strong>Pr\u00f3speri na Copa: <span style=\"color: #0000ff\"><a style=\"color: #0000ff\" href=\"https:\/\/www.youtube.com\/@prosperinacopa\">https:\/\/www.youtube.com\/@prosperinacopa<\/a><\/span><\/strong><\/em><\/p>\n","protected":false},"excerpt":{"rendered":"<p>Sele\u00e7\u00e3o Brasileira encara jogo contra Camar\u00f5es, \u00e0s 16h, como uma chance de olhar os reservas de Tite.<br \/>\nQuem briga por posi\u00e7\u00e3o? Acompanhe an\u00e1lise.<\/p>\n","protected":false},"author":102107496,"featured_media":40088,"comment_status":"open","ping_status":"open","sticky":false,"template":"","format":"standard","meta":{"_coblocks_attr":"","_coblocks_dimensions":"","_coblocks_responsive_height":"","_coblocks_accordion_ie_support":"","_jetpack_newsletter_access":"","_jetpack_dont_email_post_to_subs":false,"_jetpack_newsletter_tier_id":0,"_jetpack_memberships_contains_paywalled_content":false,"_wpcom_ai_launchpad_first_post":false,"_jetpack_feature_clip_id":0,"_jetpack_memberships_contains_paid_content":false,"footnotes":"","jetpack_publicize_message":"","jetpack_publicize_feature_enabled":true,"jetpack_social_post_already_shared":false,"jetpack_social_options":{"image_generator_settings":{"template":"highway","default_image_id":0,"font":"","enabled":false},"version":2},"jetpack_post_was_ever_published":false},"categories":[47094043,53870,29811679],"tags":[821405,10025334,47274269,789560560,4112146,789560571,757719869,66705201,1814220],"class_list":["post-40080","post","type-post","status-publish","format-standard","has-post-thumbnail","hentry","category-catar-2022","category-futebol","category-qatar-2022","tag-antony","tag-brasil-x-camaroes","tag-copa-do-mundo-qatar-2022","tag-futebol","tag-neymar","tag-qatar-2022","tag-reservas-selecao-brasileira","tag-rodrygo","tag-tite"],"yoast_head":"<!-- This site is optimized with the Yoast SEO plugin v28.3 - https:\/\/yoast.com\/product\/yoast-seo-wordpress\/ -->\n<title>Pr\u00e9-jogo Brasil x Camar\u00f5es: A luta dos reservas de Tite - PR\u00d3SPERI NEWS<\/title>\n<meta name=\"robots\" content=\"index, follow, max-snippet:-1, max-image-preview:large, max-video-preview:-1\" \/>\n<link rel=\"canonical\" href=\"https:\/\/blogdoprosperi.com\/?p=40080\" \/>\n<meta property=\"og:locale\" content=\"pt_BR\" \/>\n<meta property=\"og:type\" content=\"article\" \/>\n<meta property=\"og:title\" content=\"Pr\u00e9-jogo Brasil x Camar\u00f5es: A luta dos reservas de Tite - PR\u00d3SPERI NEWS\" \/>\n<meta property=\"og:description\" content=\"Sele\u00e7\u00e3o Brasileira encara jogo contra Camar\u00f5es, \u00e0s 16h, como uma chance de olhar os reservas de Tite.  Quem briga por posi\u00e7\u00e3o? Acompanhe an\u00e1lise.\" \/>\n<meta property=\"og:url\" content=\"https:\/\/blogdoprosperi.com\/?p=40080\" \/>\n<meta property=\"og:site_name\" content=\"PR\u00d3SPERI NEWS\" \/>\n<meta property=\"article:publisher\" content=\"Luiz Pr\u00f3speri\" \/>\n<meta property=\"article:author\" content=\"Luiz Pr\u00f3speri\" \/>\n<meta property=\"article:published_time\" content=\"2022-12-02T12:12:49+00:00\" \/>\n<meta property=\"article:modified_time\" content=\"2022-12-02T21:33:04+00:00\" \/>\n<meta property=\"og:image\" content=\"https:\/\/i0.wp.com\/blogdoprosperi.com\/wp-content\/uploads\/2022\/12\/52536356073_061e74c294_c.jpg?fit=800%2C533&ssl=1\" \/>\n\t<meta property=\"og:image:width\" content=\"800\" \/>\n\t<meta property=\"og:image:height\" content=\"533\" \/>\n\t<meta property=\"og:image:type\" content=\"image\/jpeg\" \/>\n<meta name=\"author\" content=\"Luiz Ant\u00f4nio Pr\u00f3speri\" \/>\n<meta name=\"twitter:card\" content=\"summary_large_image\" \/>\n<meta name=\"twitter:creator\" content=\"@Luizprosperi\" \/>\n<meta name=\"twitter:site\" content=\"@Luizprosperi\" \/>\n<meta name=\"twitter:label1\" content=\"Escrito por\" \/>\n\t<meta name=\"twitter:data1\" content=\"Luiz Ant\u00f4nio Pr\u00f3speri\" \/>\n\t<meta name=\"twitter:label2\" content=\"Est. tempo de leitura\" \/>\n\t<meta name=\"twitter:data2\" content=\"3 minutos\" \/>\n<script type=\"application\/ld+json\" class=\"yoast-schema-graph\">{\"@context\":\"https:\\\/\\\/schema.org\",\"@graph\":[{\"@type\":\"Article\",\"@id\":\"https:\\\/\\\/blogdoprosperi.com\\\/?p=40080#article\",\"isPartOf\":{\"@id\":\"https:\\\/\\\/blogdoprosperi.com\\\/?p=40080\"},\"author\":{\"name\":\"Luiz Ant\u00f4nio Pr\u00f3speri\",\"@id\":\"https:\\\/\\\/blogdoprosperi.com\\\/#\\\/schema\\\/person\\\/38100755ce3601861ee4fab9b5aa78e9\"},\"headline\":\"Pr\u00e9-jogo Brasil x Camar\u00f5es: A luta dos reservas de Tite\",\"datePublished\":\"2022-12-02T12:12:49+00:00\",\"dateModified\":\"2022-12-02T21:33:04+00:00\",\"mainEntityOfPage\":{\"@id\":\"https:\\\/\\\/blogdoprosperi.com\\\/?p=40080\"},\"wordCount\":614,\"commentCount\":0,\"publisher\":{\"@id\":\"https:\\\/\\\/blogdoprosperi.com\\\/#\\\/schema\\\/person\\\/38100755ce3601861ee4fab9b5aa78e9\"},\"image\":{\"@id\":\"https:\\\/\\\/blogdoprosperi.com\\\/?p=40080#primaryimage\"},\"thumbnailUrl\":\"https:\\\/\\\/i0.wp.com\\\/blogdoprosperi.com\\\/wp-content\\\/uploads\\\/2022\\\/12\\\/52536356073_061e74c294_c.jpg?fit=800%2C533&ssl=1\",\"keywords\":[\"Antony\",\"brasil x camar\u00f5es\",\"copa do mundo Qatar 2022\",\"futebol\",\"Neymar\",\"qatar 2022\",\"reservas sele\u00e7\u00e3o brasileira\",\"rodrygo\",\"Tite\"],\"articleSection\":[\"catar 2022\",\"futebol\",\"qatar 2022\"],\"inLanguage\":\"pt-BR\",\"potentialAction\":[{\"@type\":\"CommentAction\",\"name\":\"Comment\",\"target\":[\"https:\\\/\\\/blogdoprosperi.com\\\/?p=40080#respond\"]}]},{\"@type\":\"WebPage\",\"@id\":\"https:\\\/\\\/blogdoprosperi.com\\\/?p=40080\",\"url\":\"https:\\\/\\\/blogdoprosperi.com\\\/?p=40080\",\"name\":\"Pr\u00e9-jogo Brasil x Camar\u00f5es: A luta dos reservas de Tite - PR\u00d3SPERI NEWS\",\"isPartOf\":{\"@id\":\"https:\\\/\\\/blogdoprosperi.com\\\/#website\"},\"primaryImageOfPage\":{\"@id\":\"https:\\\/\\\/blogdoprosperi.com\\\/?p=40080#primaryimage\"},\"image\":{\"@id\":\"https:\\\/\\\/blogdoprosperi.com\\\/?p=40080#primaryimage\"},\"thumbnailUrl\":\"https:\\\/\\\/i0.wp.com\\\/blogdoprosperi.com\\\/wp-content\\\/uploads\\\/2022\\\/12\\\/52536356073_061e74c294_c.jpg?fit=800%2C533&ssl=1\",\"datePublished\":\"2022-12-02T12:12:49+00:00\",\"dateModified\":\"2022-12-02T21:33:04+00:00\",\"breadcrumb\":{\"@id\":\"https:\\\/\\\/blogdoprosperi.com\\\/?p=40080#breadcrumb\"},\"inLanguage\":\"pt-BR\",\"potentialAction\":[{\"@type\":\"ReadAction\",\"target\":[\"https:\\\/\\\/blogdoprosperi.com\\\/?p=40080\"]}]},{\"@type\":\"ImageObject\",\"inLanguage\":\"pt-BR\",\"@id\":\"https:\\\/\\\/blogdoprosperi.com\\\/?p=40080#primaryimage\",\"url\":\"https:\\\/\\\/i0.wp.com\\\/blogdoprosperi.com\\\/wp-content\\\/uploads\\\/2022\\\/12\\\/52536356073_061e74c294_c.jpg?fit=800%2C533&ssl=1\",\"contentUrl\":\"https:\\\/\\\/i0.wp.com\\\/blogdoprosperi.com\\\/wp-content\\\/uploads\\\/2022\\\/12\\\/52536356073_061e74c294_c.jpg?fit=800%2C533&ssl=1\",\"width\":800,\"height\":533,\"caption\":\"Antony disputa vaga com Raphinha foto: CBF oficial\"},{\"@type\":\"BreadcrumbList\",\"@id\":\"https:\\\/\\\/blogdoprosperi.com\\\/?p=40080#breadcrumb\",\"itemListElement\":[{\"@type\":\"ListItem\",\"position\":1,\"name\":\"In\u00edcio\",\"item\":\"https:\\\/\\\/blogdoprosperi.com\\\/\"},{\"@type\":\"ListItem\",\"position\":2,\"name\":\"Pr\u00e9-jogo Brasil x Camar\u00f5es: A luta dos reservas de Tite\"}]},{\"@type\":\"WebSite\",\"@id\":\"https:\\\/\\\/blogdoprosperi.com\\\/#website\",\"url\":\"https:\\\/\\\/blogdoprosperi.com\\\/\",\"name\":\"PR\u00d3SPERI NEWS\",\"description\":\"TUDO \u00c9  FUTEBOL\",\"publisher\":{\"@id\":\"https:\\\/\\\/blogdoprosperi.com\\\/#\\\/schema\\\/person\\\/38100755ce3601861ee4fab9b5aa78e9\"},\"alternateName\":\"blogdoprosperi.com\",\"potentialAction\":[{\"@type\":\"SearchAction\",\"target\":{\"@type\":\"EntryPoint\",\"urlTemplate\":\"https:\\\/\\\/blogdoprosperi.com\\\/?s={search_term_string}\"},\"query-input\":{\"@type\":\"PropertyValueSpecification\",\"valueRequired\":true,\"valueName\":\"search_term_string\"}}],\"inLanguage\":\"pt-BR\"},{\"@type\":[\"Person\",\"Organization\"],\"@id\":\"https:\\\/\\\/blogdoprosperi.com\\\/#\\\/schema\\\/person\\\/38100755ce3601861ee4fab9b5aa78e9\",\"name\":\"Luiz Ant\u00f4nio Pr\u00f3speri\",\"pronouns\":\"ele\",\"image\":{\"@type\":\"ImageObject\",\"inLanguage\":\"pt-BR\",\"@id\":\"https:\\\/\\\/i0.wp.com\\\/blogdoprosperi.com\\\/wp-content\\\/uploads\\\/2026\\\/05\\\/cropped-8059e613-6002-42fa-961e-8e275f575d71-2-5.jpg?fit=1360%2C931&ssl=1\",\"url\":\"https:\\\/\\\/i0.wp.com\\\/blogdoprosperi.com\\\/wp-content\\\/uploads\\\/2026\\\/05\\\/cropped-8059e613-6002-42fa-961e-8e275f575d71-2-5.jpg?fit=1360%2C931&ssl=1\",\"contentUrl\":\"https:\\\/\\\/i0.wp.com\\\/blogdoprosperi.com\\\/wp-content\\\/uploads\\\/2026\\\/05\\\/cropped-8059e613-6002-42fa-961e-8e275f575d71-2-5.jpg?fit=1360%2C931&ssl=1\",\"width\":1360,\"height\":931,\"caption\":\"Luiz Ant\u00f4nio Pr\u00f3speri\"},\"logo\":{\"@id\":\"https:\\\/\\\/i0.wp.com\\\/blogdoprosperi.com\\\/wp-content\\\/uploads\\\/2026\\\/05\\\/cropped-8059e613-6002-42fa-961e-8e275f575d71-2-5.jpg?fit=1360%2C931&ssl=1\"},\"description\":\"Jornalista com carreira dedicada ao esporte. Cobriu 9 Copas do Mundo in loco, 1990 na It\u00e1lia, 1994 nos EUA, 1998 na Fran\u00e7a, 2002 na Coreia do Sul e Jap\u00e3o, 2006 na Alemanha, 2010 na \u00c1frica do Sul, 2014 no Brasil, 2018 na R\u00fassia e 2022 no Qatar. Eurocopas, 1992 na Su\u00e9cia e 1996 na Inglaterra. Copa das Confedera\u00e7\u00f5es de 2005 na Alemanha e 2009 na \u00c1frica do Sul. Rep\u00f3rter e Editor, trabalhou no Jornal da Tarde e Estad\u00e3o, de 1984 a fevereiro de 2016. Colunista, blogueiro. E comentarista de futebol na R\u00e1dio Estad\u00e3o, de 2013 a fevereiro de 2016. Jornalista respons\u00e1vel do \\\"Pr\u00f3speri News\\\" (blogdoprosperi.com).\",\"sameAs\":[\"http:\\\/\\\/blogdoprosperi.com\",\"Luiz Pr\u00f3speri\",\"@luiz_prosperi\",\"https:\\\/\\\/x.com\\\/Luizprosperi\",\"@prosperinacopa\",\"luiz.prosperi@icloud.com\"],\"url\":\"https:\\\/\\\/blogdoprosperi.com\\\/?author=102107496\"}]}<\/script>\n<!-- \/ Yoast SEO plugin. -->","yoast_head_json":{"title":"Pr\u00e9-jogo Brasil x Camar\u00f5es: A luta dos reservas de Tite - PR\u00d3SPERI NEWS","robots":{"index":"index","follow":"follow","max-snippet":"max-snippet:-1","max-image-preview":"max-image-preview:large","max-video-preview":"max-video-preview:-1"},"canonical":"https:\/\/blogdoprosperi.com\/?p=40080","og_locale":"pt_BR","og_type":"article","og_title":"Pr\u00e9-jogo Brasil x Camar\u00f5es: A luta dos reservas de Tite - PR\u00d3SPERI NEWS","og_description":"Sele\u00e7\u00e3o Brasileira encara jogo contra Camar\u00f5es, \u00e0s 16h, como uma chance de olhar os reservas de Tite.  Quem briga por posi\u00e7\u00e3o? Acompanhe an\u00e1lise.","og_url":"https:\/\/blogdoprosperi.com\/?p=40080","og_site_name":"PR\u00d3SPERI NEWS","article_publisher":"Luiz Pr\u00f3speri","article_author":"Luiz Pr\u00f3speri","article_published_time":"2022-12-02T12:12:49+00:00","article_modified_time":"2022-12-02T21:33:04+00:00","og_image":[{"width":800,"height":533,"url":"https:\/\/i0.wp.com\/blogdoprosperi.com\/wp-content\/uploads\/2022\/12\/52536356073_061e74c294_c.jpg?fit=800%2C533&ssl=1","type":"image\/jpeg"}],"author":"Luiz Ant\u00f4nio Pr\u00f3speri","twitter_card":"summary_large_image","twitter_creator":"@Luizprosperi","twitter_site":"@Luizprosperi","twitter_misc":{"Escrito por":"Luiz Ant\u00f4nio Pr\u00f3speri","Est. tempo de leitura":"3 minutos"},"schema":{"@context":"https:\/\/schema.org","@graph":[{"@type":"Article","@id":"https:\/\/blogdoprosperi.com\/?p=40080#article","isPartOf":{"@id":"https:\/\/blogdoprosperi.com\/?p=40080"},"author":{"name":"Luiz Ant\u00f4nio Pr\u00f3speri","@id":"https:\/\/blogdoprosperi.com\/#\/schema\/person\/38100755ce3601861ee4fab9b5aa78e9"},"headline":"Pr\u00e9-jogo Brasil x Camar\u00f5es: A luta dos reservas de Tite","datePublished":"2022-12-02T12:12:49+00:00","dateModified":"2022-12-02T21:33:04+00:00","mainEntityOfPage":{"@id":"https:\/\/blogdoprosperi.com\/?p=40080"},"wordCount":614,"commentCount":0,"publisher":{"@id":"https:\/\/blogdoprosperi.com\/#\/schema\/person\/38100755ce3601861ee4fab9b5aa78e9"},"image":{"@id":"https:\/\/blogdoprosperi.com\/?p=40080#primaryimage"},"thumbnailUrl":"https:\/\/i0.wp.com\/blogdoprosperi.com\/wp-content\/uploads\/2022\/12\/52536356073_061e74c294_c.jpg?fit=800%2C533&ssl=1","keywords":["Antony","brasil x camar\u00f5es","copa do mundo Qatar 2022","futebol","Neymar","qatar 2022","reservas sele\u00e7\u00e3o brasileira","rodrygo","Tite"],"articleSection":["catar 2022","futebol","qatar 2022"],"inLanguage":"pt-BR","potentialAction":[{"@type":"CommentAction","name":"Comment","target":["https:\/\/blogdoprosperi.com\/?p=40080#respond"]}]},{"@type":"WebPage","@id":"https:\/\/blogdoprosperi.com\/?p=40080","url":"https:\/\/blogdoprosperi.com\/?p=40080","name":"Pr\u00e9-jogo Brasil x Camar\u00f5es: A luta dos reservas de Tite - PR\u00d3SPERI NEWS","isPartOf":{"@id":"https:\/\/blogdoprosperi.com\/#website"},"primaryImageOfPage":{"@id":"https:\/\/blogdoprosperi.com\/?p=40080#primaryimage"},"image":{"@id":"https:\/\/blogdoprosperi.com\/?p=40080#primaryimage"},"thumbnailUrl":"https:\/\/i0.wp.com\/blogdoprosperi.com\/wp-content\/uploads\/2022\/12\/52536356073_061e74c294_c.jpg?fit=800%2C533&ssl=1","datePublished":"2022-12-02T12:12:49+00:00","dateModified":"2022-12-02T21:33:04+00:00","breadcrumb":{"@id":"https:\/\/blogdoprosperi.com\/?p=40080#breadcrumb"},"inLanguage":"pt-BR","potentialAction":[{"@type":"ReadAction","target":["https:\/\/blogdoprosperi.com\/?p=40080"]}]},{"@type":"ImageObject","inLanguage":"pt-BR","@id":"https:\/\/blogdoprosperi.com\/?p=40080#primaryimage","url":"https:\/\/i0.wp.com\/blogdoprosperi.com\/wp-content\/uploads\/2022\/12\/52536356073_061e74c294_c.jpg?fit=800%2C533&ssl=1","contentUrl":"https:\/\/i0.wp.com\/blogdoprosperi.com\/wp-content\/uploads\/2022\/12\/52536356073_061e74c294_c.jpg?fit=800%2C533&ssl=1","width":800,"height":533,"caption":"Antony disputa vaga com Raphinha foto: CBF oficial"},{"@type":"BreadcrumbList","@id":"https:\/\/blogdoprosperi.com\/?p=40080#breadcrumb","itemListElement":[{"@type":"ListItem","position":1,"name":"In\u00edcio","item":"https:\/\/blogdoprosperi.com\/"},{"@type":"ListItem","position":2,"name":"Pr\u00e9-jogo Brasil x Camar\u00f5es: A luta dos reservas de Tite"}]},{"@type":"WebSite","@id":"https:\/\/blogdoprosperi.com\/#website","url":"https:\/\/blogdoprosperi.com\/","name":"PR\u00d3SPERI NEWS","description":"TUDO \u00c9  FUTEBOL","publisher":{"@id":"https:\/\/blogdoprosperi.com\/#\/schema\/person\/38100755ce3601861ee4fab9b5aa78e9"},"alternateName":"blogdoprosperi.com","potentialAction":[{"@type":"SearchAction","target":{"@type":"EntryPoint","urlTemplate":"https:\/\/blogdoprosperi.com\/?s={search_term_string}"},"query-input":{"@type":"PropertyValueSpecification","valueRequired":true,"valueName":"search_term_string"}}],"inLanguage":"pt-BR"},{"@type":["Person","Organization"],"@id":"https:\/\/blogdoprosperi.com\/#\/schema\/person\/38100755ce3601861ee4fab9b5aa78e9","name":"Luiz Ant\u00f4nio Pr\u00f3speri","pronouns":"ele","image":{"@type":"ImageObject","inLanguage":"pt-BR","@id":"https:\/\/i0.wp.com\/blogdoprosperi.com\/wp-content\/uploads\/2026\/05\/cropped-8059e613-6002-42fa-961e-8e275f575d71-2-5.jpg?fit=1360%2C931&ssl=1","url":"https:\/\/i0.wp.com\/blogdoprosperi.com\/wp-content\/uploads\/2026\/05\/cropped-8059e613-6002-42fa-961e-8e275f575d71-2-5.jpg?fit=1360%2C931&ssl=1","contentUrl":"https:\/\/i0.wp.com\/blogdoprosperi.com\/wp-content\/uploads\/2026\/05\/cropped-8059e613-6002-42fa-961e-8e275f575d71-2-5.jpg?fit=1360%2C931&ssl=1","width":1360,"height":931,"caption":"Luiz Ant\u00f4nio Pr\u00f3speri"},"logo":{"@id":"https:\/\/i0.wp.com\/blogdoprosperi.com\/wp-content\/uploads\/2026\/05\/cropped-8059e613-6002-42fa-961e-8e275f575d71-2-5.jpg?fit=1360%2C931&ssl=1"},"description":"Jornalista com carreira dedicada ao esporte. Cobriu 9 Copas do Mundo in loco, 1990 na It\u00e1lia, 1994 nos EUA, 1998 na Fran\u00e7a, 2002 na Coreia do Sul e Jap\u00e3o, 2006 na Alemanha, 2010 na \u00c1frica do Sul, 2014 no Brasil, 2018 na R\u00fassia e 2022 no Qatar. Eurocopas, 1992 na Su\u00e9cia e 1996 na Inglaterra. Copa das Confedera\u00e7\u00f5es de 2005 na Alemanha e 2009 na \u00c1frica do Sul. Rep\u00f3rter e Editor, trabalhou no Jornal da Tarde e Estad\u00e3o, de 1984 a fevereiro de 2016. Colunista, blogueiro. E comentarista de futebol na R\u00e1dio Estad\u00e3o, de 2013 a fevereiro de 2016. Jornalista respons\u00e1vel do \"Pr\u00f3speri News\" (blogdoprosperi.com).","sameAs":["http:\/\/blogdoprosperi.com","Luiz Pr\u00f3speri","@luiz_prosperi","https:\/\/x.com\/Luizprosperi","@prosperinacopa","luiz.prosperi@icloud.com"],"url":"https:\/\/blogdoprosperi.com\/?author=102107496"}]}},"jetpack_publicize_connections":[],"jetpack_likes_enabled":false,"jetpack_sharing_enabled":true,"jetpack_shortlink":"https:\/\/wp.me\/p7jvdk-aqs","jetpack-related-posts":[{"id":40121,"url":"https:\/\/blogdoprosperi.com\/?p=40121","url_meta":{"origin":40080,"position":0},"title":"Brasil fracassa contra Camar\u00f5es. Cai a confian\u00e7a","author":"Luiz Ant\u00f4nio Pr\u00f3speri","date":"2 de dezembro de 2022","format":false,"excerpt":"Brasil decepciona a maioria dos 85.986 torcedores no est\u00e1dio de Lusail. N\u00e3o joga bem e sofre derrota para Camar\u00f5es por 1 a 0","rel":"","context":"Em &quot;catar 2022&quot;","block_context":{"text":"catar 2022","link":"https:\/\/blogdoprosperi.com\/?cat=47094043"},"img":{"alt_text":"","src":"https:\/\/i0.wp.com\/blogdoprosperi.com\/wp-content\/uploads\/2022\/12\/52537910872_247ef3c7a9_c.jpg?fit=799%2C533&ssl=1&resize=350%2C200","width":350,"height":200,"srcset":"https:\/\/i0.wp.com\/blogdoprosperi.com\/wp-content\/uploads\/2022\/12\/52537910872_247ef3c7a9_c.jpg?fit=799%2C533&ssl=1&resize=350%2C200 1x, https:\/\/i0.wp.com\/blogdoprosperi.com\/wp-content\/uploads\/2022\/12\/52537910872_247ef3c7a9_c.jpg?fit=799%2C533&ssl=1&resize=525%2C300 1.5x, https:\/\/i0.wp.com\/blogdoprosperi.com\/wp-content\/uploads\/2022\/12\/52537910872_247ef3c7a9_c.jpg?fit=799%2C533&ssl=1&resize=700%2C400 2x"},"classes":[]},{"id":40001,"url":"https:\/\/blogdoprosperi.com\/?p=40001","url_meta":{"origin":40080,"position":1},"title":"Tite est\u00e1 com medo de perder mais jogadores","author":"Luiz Ant\u00f4nio Pr\u00f3speri","date":"30 de novembro de 2022","format":false,"excerpt":"Tite est\u00e1 com medo de perder mais jogadores machucados nessa primeira fase da Copa Qatar 2022. Por isso adianta escala\u00e7\u00e3o de uma Sele\u00e7\u00e3o Brasileira inteira de reservas no jogo contra Camar\u00f5es, sexta-feira (02\/12). Acreditem, Daniel Alves assume a bra\u00e7adeira de capit\u00e3o. Thiago Silva, dono da capitania, estar\u00e1 no banco dos\u2026","rel":"","context":"Em &quot;futebol&quot;","block_context":{"text":"futebol","link":"https:\/\/blogdoprosperi.com\/?cat=53870"},"img":{"alt_text":"neymar sim, neymar n\u00e3o","src":"https:\/\/i0.wp.com\/blogdoprosperi.com\/wp-content\/uploads\/2022\/11\/52534316743_e5ca84d055_c-1.jpg?fit=799%2C533&ssl=1&resize=350%2C200","width":350,"height":200,"srcset":"https:\/\/i0.wp.com\/blogdoprosperi.com\/wp-content\/uploads\/2022\/11\/52534316743_e5ca84d055_c-1.jpg?fit=799%2C533&ssl=1&resize=350%2C200 1x, https:\/\/i0.wp.com\/blogdoprosperi.com\/wp-content\/uploads\/2022\/11\/52534316743_e5ca84d055_c-1.jpg?fit=799%2C533&ssl=1&resize=525%2C300 1.5x, https:\/\/i0.wp.com\/blogdoprosperi.com\/wp-content\/uploads\/2022\/11\/52534316743_e5ca84d055_c-1.jpg?fit=799%2C533&ssl=1&resize=700%2C400 2x"},"classes":[]},{"id":40141,"url":"https:\/\/blogdoprosperi.com\/?p=40141","url_meta":{"origin":40080,"position":2},"title":"Opini\u00e3o: Tite \u00e9 devorado pela Copa do Mundo","author":"Luiz Ant\u00f4nio Pr\u00f3speri","date":"2 de dezembro de 2022","format":false,"excerpt":"\"Copa do Mundo te consome\". A senten\u00e7a \u00e9 de Tite, na madrugada fresca de Doha, pouco menos de duas horas ap\u00f3s ser abatido por Camar\u00f5es. Mais que consumir, a Copa \u00e9 massacrante. N\u00e3o se tem tempo de respirar. Tite sabe, ou deveria saber, que n\u00e3o se pode improvisar. Ao lan\u00e7ar\u2026","rel":"","context":"Em &quot;catar 2022&quot;","block_context":{"text":"catar 2022","link":"https:\/\/blogdoprosperi.com\/?cat=47094043"},"img":{"alt_text":"","src":"https:\/\/i0.wp.com\/blogdoprosperi.com\/wp-content\/uploads\/2022\/12\/52538870474_f8a1e9b99d_c.jpg?fit=799%2C533&ssl=1&resize=350%2C200","width":350,"height":200,"srcset":"https:\/\/i0.wp.com\/blogdoprosperi.com\/wp-content\/uploads\/2022\/12\/52538870474_f8a1e9b99d_c.jpg?fit=799%2C533&ssl=1&resize=350%2C200 1x, https:\/\/i0.wp.com\/blogdoprosperi.com\/wp-content\/uploads\/2022\/12\/52538870474_f8a1e9b99d_c.jpg?fit=799%2C533&ssl=1&resize=525%2C300 1.5x, https:\/\/i0.wp.com\/blogdoprosperi.com\/wp-content\/uploads\/2022\/12\/52538870474_f8a1e9b99d_c.jpg?fit=799%2C533&ssl=1&resize=700%2C400 2x"},"classes":[]},{"id":38972,"url":"https:\/\/blogdoprosperi.com\/?p=38972","url_meta":{"origin":40080,"position":3},"title":"Tite tem uma vaga na Sele\u00e7\u00e3o, Scarpa \u00e9 favorito","author":"Luiz Ant\u00f4nio Pr\u00f3speri","date":"27 de julho de 2022","format":false,"excerpt":"Gustavo Scarpa, meia do Palmeiras, \u00e9 o favorito a ocupar a \u00faltima vaga da Sele\u00e7\u00e3o Brasileira na Copa Catar 2022. Tite tem 25 jogadores confirmados na lista de 26 que ir\u00e3o ao Mundial. Resta uma posi\u00e7\u00e3o: o reserva de Lucas Paquet\u00e1. E o candidato \u00e9 Scarpa. Tite ainda n\u00e3o menciona\u2026","rel":"","context":"Em &quot;futebol&quot;","block_context":{"text":"futebol","link":"https:\/\/blogdoprosperi.com\/?cat=53870"},"img":{"alt_text":"A vez de Scarpa","src":"https:\/\/i0.wp.com\/blogdoprosperi.com\/wp-content\/uploads\/2022\/07\/52098037035_6a7bcfbddc_o.webp?fit=1000%2C563&ssl=1&resize=350%2C200","width":350,"height":200,"srcset":"https:\/\/i0.wp.com\/blogdoprosperi.com\/wp-content\/uploads\/2022\/07\/52098037035_6a7bcfbddc_o.webp?fit=1000%2C563&ssl=1&resize=350%2C200 1x, https:\/\/i0.wp.com\/blogdoprosperi.com\/wp-content\/uploads\/2022\/07\/52098037035_6a7bcfbddc_o.webp?fit=1000%2C563&ssl=1&resize=525%2C300 1.5x, https:\/\/i0.wp.com\/blogdoprosperi.com\/wp-content\/uploads\/2022\/07\/52098037035_6a7bcfbddc_o.webp?fit=1000%2C563&ssl=1&resize=700%2C400 2x"},"classes":[]},{"id":39594,"url":"https:\/\/blogdoprosperi.com\/?p=39594","url_meta":{"origin":40080,"position":4},"title":"Brasil passeia no pen\u00faltimo amistoso antes da Copa Qatar 2022","author":"Luiz Ant\u00f4nio Pr\u00f3speri","date":"23 de setembro de 2022","format":false,"excerpt":"Sele\u00e7\u00e3o Brasileira vence Gana sem nenhum constrangimento no pen\u00faltimo amistoso antes da estreia na Copa do Mundo Qatar 2022. A vit\u00f3ria por 3 a 0, constru\u00edda no primeiro tempo, tem participa\u00e7\u00e3o decisiva do atacante Richarlison, autor de dois gols, em Le Havre na Fran\u00e7a. Brasil molda o primeiro tempo do\u2026","rel":"","context":"Em &quot;catar 2022&quot;","block_context":{"text":"catar 2022","link":"https:\/\/blogdoprosperi.com\/?cat=47094043"},"img":{"alt_text":"","src":"https:\/\/i0.wp.com\/blogdoprosperi.com\/wp-content\/uploads\/2022\/09\/52379122781_8ca520c918_c.jpg?fit=799%2C533&ssl=1&resize=350%2C200","width":350,"height":200,"srcset":"https:\/\/i0.wp.com\/blogdoprosperi.com\/wp-content\/uploads\/2022\/09\/52379122781_8ca520c918_c.jpg?fit=799%2C533&ssl=1&resize=350%2C200 1x, https:\/\/i0.wp.com\/blogdoprosperi.com\/wp-content\/uploads\/2022\/09\/52379122781_8ca520c918_c.jpg?fit=799%2C533&ssl=1&resize=525%2C300 1.5x, https:\/\/i0.wp.com\/blogdoprosperi.com\/wp-content\/uploads\/2022\/09\/52379122781_8ca520c918_c.jpg?fit=799%2C533&ssl=1&resize=700%2C400 2x"},"classes":[]},{"id":40425,"url":"https:\/\/blogdoprosperi.com\/?p=40425","url_meta":{"origin":40080,"position":5},"title":"Brasil n\u00e3o se livra da maldi\u00e7\u00e3o e cai fora da Copa","author":"Luiz Ant\u00f4nio Pr\u00f3speri","date":"9 de dezembro de 2022","format":false,"excerpt":"Brasil est\u00e1 fora da Copa do Mundo Qatar 2022. Desaba nas quartas de final, maldi\u00e7\u00e3o que assola Sele\u00e7\u00e3o desde a Copa de 2006 na Alemanha. \u00c9 o fim do reinado de seis anos de Tite no comando do escrete. E mais uma queda de Neymar, o astro da desilus\u00e3o dos\u2026","rel":"","context":"Em &quot;catar 2022&quot;","block_context":{"text":"catar 2022","link":"https:\/\/blogdoprosperi.com\/?cat=47094043"},"img":{"alt_text":"","src":"https:\/\/i0.wp.com\/blogdoprosperi.com\/wp-content\/uploads\/2022\/12\/hmk0ysx3.jpeg?fit=1200%2C893&ssl=1&resize=350%2C200","width":350,"height":200,"srcset":"https:\/\/i0.wp.com\/blogdoprosperi.com\/wp-content\/uploads\/2022\/12\/hmk0ysx3.jpeg?fit=1200%2C893&ssl=1&resize=350%2C200 1x, https:\/\/i0.wp.com\/blogdoprosperi.com\/wp-content\/uploads\/2022\/12\/hmk0ysx3.jpeg?fit=1200%2C893&ssl=1&resize=525%2C300 1.5x, https:\/\/i0.wp.com\/blogdoprosperi.com\/wp-content\/uploads\/2022\/12\/hmk0ysx3.jpeg?fit=1200%2C893&ssl=1&resize=700%2C400 2x, https:\/\/i0.wp.com\/blogdoprosperi.com\/wp-content\/uploads\/2022\/12\/hmk0ysx3.jpeg?fit=1200%2C893&ssl=1&resize=1050%2C600 3x"},"classes":[]}],"jetpack_featured_media_url":"https:\/\/i0.wp.com\/blogdoprosperi.com\/wp-content\/uploads\/2022\/12\/52536356073_061e74c294_c.jpg?fit=800%2C533&ssl=1","_links":{"self":[{"href":"https:\/\/blogdoprosperi.com\/index.php?rest_route=\/wp\/v2\/posts\/40080","targetHints":{"allow":["GET"]}}],"collection":[{"href":"https:\/\/blogdoprosperi.com\/index.php?rest_route=\/wp\/v2\/posts"}],"about":[{"href":"https:\/\/blogdoprosperi.com\/index.php?rest_route=\/wp\/v2\/types\/post"}],"author":[{"embeddable":true,"href":"https:\/\/blogdoprosperi.com\/index.php?rest_route=\/wp\/v2\/users\/102107496"}],"replies":[{"embeddable":true,"href":"https:\/\/blogdoprosperi.com\/index.php?rest_route=%2Fwp%2Fv2%2Fcomments&post=40080"}],"version-history":[{"count":15,"href":"https:\/\/blogdoprosperi.com\/index.php?rest_route=\/wp\/v2\/posts\/40080\/revisions"}],"predecessor-version":[{"id":40130,"href":"https:\/\/blogdoprosperi.com\/index.php?rest_route=\/wp\/v2\/posts\/40080\/revisions\/40130"}],"wp:featuredmedia":[{"embeddable":true,"href":"https:\/\/blogdoprosperi.com\/index.php?rest_route=\/wp\/v2\/media\/40088"}],"wp:attachment":[{"href":"https:\/\/blogdoprosperi.com\/index.php?rest_route=%2Fwp%2Fv2%2Fmedia&parent=40080"}],"wp:term":[{"taxonomy":"category","embeddable":true,"href":"https:\/\/blogdoprosperi.com\/index.php?rest_route=%2Fwp%2Fv2%2Fcategories&post=40080"},{"taxonomy":"post_tag","embeddable":true,"href":"https:\/\/blogdoprosperi.com\/index.php?rest_route=%2Fwp%2Fv2%2Ftags&post=40080"}],"curies":[{"name":"wp","href":"https:\/\/api.w.org\/{rel}","templated":true}]}}