{"id":40354,"date":"2022-12-08T14:46:30","date_gmt":"2022-12-08T17:46:30","guid":{"rendered":"https:\/\/blogdoprosperi.com\/?p=40354"},"modified":"2022-12-08T18:52:43","modified_gmt":"2022-12-08T21:52:43","slug":"presidente-da-cbf-homenageado-pela-fifa-promete-transparencia-e-luta-contra-racismo","status":"publish","type":"post","link":"https:\/\/blogdoprosperi.com\/?p=40354","title":{"rendered":"Presidente da CBF, homenageado pela Fifa, promete transpar\u00eancia e luta contra racismo"},"content":{"rendered":"<p>Ednaldo Rodrigues est\u00e1 disposto a mudar imagem da CBF. Presidente eleito da entidade h\u00e1 oito meses, dirigente fez um duro discurso durante homenagem que recebeu da Fifa em cerim\u00f4nia nessa quinta-feira (08\/12) em Doha. Promete transpar\u00eancia total e luta contra racismo no futebol brasileiro.<\/p>\n<p>\u201cRecebo esta homenagem com muita alegria. \u00c9 o reconhecimento do compromisso que sempre tive com a excel\u00eancia na minha vida. Venho de origem humilde. <strong>Enfrentei muito preconceito. Luto a vida inteira contra o racismo.<\/strong> Sempre tive que estudar mais e trabalhar mais que todos \u00e0 minha volta. Sei a import\u00e2ncia que o estudo tem para a vida profissional e para a forma\u00e7\u00e3o do car\u00e1ter das pessoas\u201d, disse Ednaldo, na solenidade no Est\u00e1dio Ahmed Bin Ali.<\/p>\n<p>A homenagem da Fifa \u00e9 &#8220;reconhecimento pela CBF ser a associa\u00e7\u00e3o que mais valoriza a forma\u00e7\u00e3o acad\u00eamica de excel\u00eancia do Fifa Master&#8221;, um curso de forma\u00e7\u00e3o de profissionais na gest\u00e3o do futebol criado h\u00e1 20 anos.<\/p>\n<p>Ednaldo assume a CBF no momento mais cr\u00edtico do futebol brasileiro. Assolada no esc\u00e2ndalo Fifagate, em 2015, entidade viu os ex-presidentes Jos\u00e9 Maria Marin, Marco Polo Del Nero e Ricardo Teixeira banidos do futebol pela Fifa. Marin foi preso nos Estados Unidos. E o \u00faltimo presidente, Rogerio Caboclo, foi afastado do cargo acusado de ass\u00e9dio sexual em 2021.<\/p>\n<p>Fifagate tem como ponto de partida a corrup\u00e7\u00e3o nas escolhas das sedes das Copas de 2018 (R\u00fassia) e 2022 (Qatar).<\/p>\n<p>\u201cA CBF \u00e9 uma confedera\u00e7\u00e3o s\u00e9ria, transparente. <strong>Precisa ser assim para que n\u00e3o se repita erros do passado. N\u00e3o tem que ser mais ou menos transparente. Tem que ser totalmente transparente<\/strong>. N\u00e3o tem como ter dois lados. Tem que estar do lado da verdade e da transpar\u00eancia. Parab\u00e9ns pelo evento e que continuamos trabalhando em prol do futebol no mundo. Essa parceria da CBF com a Fifa vai nos trazer muitos frutos\u201d, disse Ednaldo no encerramento de seu discurso.<\/p>\n<p>Ednaldo Rodrigues, ex-presidente da Federa\u00e7\u00e3o Baiana de Futebol, foi eleito em abril de 2022 para um mandato de tr\u00eas anos com direito a reelei\u00e7\u00e3o na CBF. \u00c9 o primeiro presidente negro a dirigir a entidade m\u00e1xima do futebol brasileiro.<\/p>\n<p><strong>V\u00eddeo do discurso do presidente da CBF:<\/strong><\/p>\n<p><span style=\"color: #0000ff\"><strong><a style=\"color: #0000ff\" href=\"https:\/\/vimeo.com\/cbftv\/review\/779265981\/48d59b3ca1\">https:\/\/vimeo.com\/cbftv\/review\/779265981\/48d59b3ca1<\/a><\/strong><\/span><\/p>\n<hr \/>\n<p><em><strong>YouTube \u2013 Acompanhe cobertura jornal\u00edstica da Sele\u00e7\u00e3o Brasileira e Qatar 2022 no Pr\u00f3speri na Copa:<\/strong><\/em><img alt=\"\" \/>\u00a0<span style=\"color: #0000ff\"><strong><a style=\"color: #0000ff\" href=\"https:\/\/www.youtube.com\/@prosperinacopa\">https:\/\/www.youtube.com\/@prosperinacopa<\/a><\/strong><\/span><\/p>\n","protected":false},"excerpt":{"rendered":"<p>Ednaldo Rodrigues est\u00e1 disposto a mudar imagem da CBF. Promete transpar\u00eancia total e luta contra racismo no futebol brasileiro.<\/p>\n","protected":false},"author":102107496,"featured_media":40387,"comment_status":"open","ping_status":"open","sticky":false,"template":"","format":"standard","meta":{"_coblocks_attr":"","_coblocks_dimensions":"","_coblocks_responsive_height":"","_coblocks_accordion_ie_support":"","_jetpack_newsletter_access":"","_jetpack_dont_email_post_to_subs":false,"_jetpack_newsletter_tier_id":0,"_jetpack_memberships_contains_paywalled_content":false,"_wpcom_ai_launchpad_first_post":false,"_jetpack_feature_clip_id":0,"_jetpack_memberships_contains_paid_content":false,"footnotes":"","jetpack_publicize_message":"","jetpack_publicize_feature_enabled":true,"jetpack_social_post_already_shared":false,"jetpack_social_options":{"image_generator_settings":{"template":"highway","default_image_id":0,"font":"","enabled":false},"version":2},"jetpack_post_was_ever_published":false},"categories":[301049609,53870,29811679,174694],"tags":[789560569,207804789,213405497,789560563,15993455,359532671,789560560,4029902,789560571,789560561,2436675],"class_list":["post-40354","post","type-post","status-publish","format-standard","has-post-thumbnail","hentry","category-copa-do-mundo-catar-2022","category-futebol","category-qatar-2022","category-selecao-brasileira","tag-cbf","tag-copa-do-mundo-qatar","tag-ednaldo-rodrigues","tag-fifa","tag-fifa-master","tag-fifagate","tag-futebol","tag-marco-polo-del-nero","tag-qatar-2022","tag-racismo","tag-ricardo-teixeira"],"yoast_head":"<!-- This site is optimized with the Yoast SEO plugin v28.3 - https:\/\/yoast.com\/product\/yoast-seo-wordpress\/ -->\n<title>Presidente da CBF, homenageado pela Fifa, promete transpar\u00eancia e luta contra racismo - PR\u00d3SPERI NEWS<\/title>\n<meta name=\"robots\" content=\"index, follow, max-snippet:-1, max-image-preview:large, max-video-preview:-1\" \/>\n<link rel=\"canonical\" href=\"https:\/\/blogdoprosperi.com\/?p=40354\" \/>\n<meta property=\"og:locale\" content=\"pt_BR\" \/>\n<meta property=\"og:type\" content=\"article\" \/>\n<meta property=\"og:title\" content=\"Presidente da CBF, homenageado pela Fifa, promete transpar\u00eancia e luta contra racismo - PR\u00d3SPERI NEWS\" \/>\n<meta property=\"og:description\" content=\"Ednaldo Rodrigues est\u00e1 disposto a mudar imagem da CBF. Promete transpar\u00eancia total e luta contra racismo no futebol brasileiro.\" \/>\n<meta property=\"og:url\" content=\"https:\/\/blogdoprosperi.com\/?p=40354\" \/>\n<meta property=\"og:site_name\" content=\"PR\u00d3SPERI NEWS\" \/>\n<meta property=\"article:publisher\" content=\"Luiz Pr\u00f3speri\" \/>\n<meta property=\"article:author\" content=\"Luiz Pr\u00f3speri\" \/>\n<meta property=\"article:published_time\" content=\"2022-12-08T17:46:30+00:00\" \/>\n<meta property=\"article:modified_time\" content=\"2022-12-08T21:52:43+00:00\" \/>\n<meta property=\"og:image\" content=\"https:\/\/i0.wp.com\/blogdoprosperi.com\/wp-content\/uploads\/2022\/12\/52550499746_3895611725_c.jpg?fit=800%2C543&ssl=1\" \/>\n\t<meta property=\"og:image:width\" content=\"800\" \/>\n\t<meta property=\"og:image:height\" content=\"543\" \/>\n\t<meta property=\"og:image:type\" content=\"image\/jpeg\" \/>\n<meta name=\"author\" content=\"Luiz Ant\u00f4nio Pr\u00f3speri\" \/>\n<meta name=\"twitter:card\" content=\"summary_large_image\" \/>\n<meta name=\"twitter:creator\" content=\"@Luizprosperi\" \/>\n<meta name=\"twitter:site\" content=\"@Luizprosperi\" \/>\n<meta name=\"twitter:label1\" content=\"Escrito por\" \/>\n\t<meta name=\"twitter:data1\" content=\"Luiz Ant\u00f4nio Pr\u00f3speri\" \/>\n\t<meta name=\"twitter:label2\" content=\"Est. tempo de leitura\" \/>\n\t<meta name=\"twitter:data2\" content=\"2 minutos\" \/>\n<script type=\"application\/ld+json\" class=\"yoast-schema-graph\">{\"@context\":\"https:\\\/\\\/schema.org\",\"@graph\":[{\"@type\":\"Article\",\"@id\":\"https:\\\/\\\/blogdoprosperi.com\\\/?p=40354#article\",\"isPartOf\":{\"@id\":\"https:\\\/\\\/blogdoprosperi.com\\\/?p=40354\"},\"author\":{\"name\":\"Luiz Ant\u00f4nio Pr\u00f3speri\",\"@id\":\"https:\\\/\\\/blogdoprosperi.com\\\/#\\\/schema\\\/person\\\/38100755ce3601861ee4fab9b5aa78e9\"},\"headline\":\"Presidente da CBF, homenageado pela Fifa, promete transpar\u00eancia e luta contra racismo\",\"datePublished\":\"2022-12-08T17:46:30+00:00\",\"dateModified\":\"2022-12-08T21:52:43+00:00\",\"mainEntityOfPage\":{\"@id\":\"https:\\\/\\\/blogdoprosperi.com\\\/?p=40354\"},\"wordCount\":418,\"commentCount\":3,\"publisher\":{\"@id\":\"https:\\\/\\\/blogdoprosperi.com\\\/#\\\/schema\\\/person\\\/38100755ce3601861ee4fab9b5aa78e9\"},\"image\":{\"@id\":\"https:\\\/\\\/blogdoprosperi.com\\\/?p=40354#primaryimage\"},\"thumbnailUrl\":\"https:\\\/\\\/i0.wp.com\\\/blogdoprosperi.com\\\/wp-content\\\/uploads\\\/2022\\\/12\\\/52550499746_3895611725_c.jpg?fit=800%2C543&ssl=1\",\"keywords\":[\"CBF\",\"copa do mundo qatar\",\"Ednaldo Rodrigues\",\"Fifa\",\"Fifa Master\",\"fifagate\",\"futebol\",\"Marco Polo Del Nero\",\"qatar 2022\",\"racismo\",\"Ricardo Teixeira\"],\"articleSection\":[\"copa do mundo catar 2022\",\"futebol\",\"qatar 2022\",\"Sele\u00e7\u00e3o Brasileira\"],\"inLanguage\":\"pt-BR\",\"potentialAction\":[{\"@type\":\"CommentAction\",\"name\":\"Comment\",\"target\":[\"https:\\\/\\\/blogdoprosperi.com\\\/?p=40354#respond\"]}]},{\"@type\":\"WebPage\",\"@id\":\"https:\\\/\\\/blogdoprosperi.com\\\/?p=40354\",\"url\":\"https:\\\/\\\/blogdoprosperi.com\\\/?p=40354\",\"name\":\"Presidente da CBF, homenageado pela Fifa, promete transpar\u00eancia e luta contra racismo - PR\u00d3SPERI NEWS\",\"isPartOf\":{\"@id\":\"https:\\\/\\\/blogdoprosperi.com\\\/#website\"},\"primaryImageOfPage\":{\"@id\":\"https:\\\/\\\/blogdoprosperi.com\\\/?p=40354#primaryimage\"},\"image\":{\"@id\":\"https:\\\/\\\/blogdoprosperi.com\\\/?p=40354#primaryimage\"},\"thumbnailUrl\":\"https:\\\/\\\/i0.wp.com\\\/blogdoprosperi.com\\\/wp-content\\\/uploads\\\/2022\\\/12\\\/52550499746_3895611725_c.jpg?fit=800%2C543&ssl=1\",\"datePublished\":\"2022-12-08T17:46:30+00:00\",\"dateModified\":\"2022-12-08T21:52:43+00:00\",\"breadcrumb\":{\"@id\":\"https:\\\/\\\/blogdoprosperi.com\\\/?p=40354#breadcrumb\"},\"inLanguage\":\"pt-BR\",\"potentialAction\":[{\"@type\":\"ReadAction\",\"target\":[\"https:\\\/\\\/blogdoprosperi.com\\\/?p=40354\"]}]},{\"@type\":\"ImageObject\",\"inLanguage\":\"pt-BR\",\"@id\":\"https:\\\/\\\/blogdoprosperi.com\\\/?p=40354#primaryimage\",\"url\":\"https:\\\/\\\/i0.wp.com\\\/blogdoprosperi.com\\\/wp-content\\\/uploads\\\/2022\\\/12\\\/52550499746_3895611725_c.jpg?fit=800%2C543&ssl=1\",\"contentUrl\":\"https:\\\/\\\/i0.wp.com\\\/blogdoprosperi.com\\\/wp-content\\\/uploads\\\/2022\\\/12\\\/52550499746_3895611725_c.jpg?fit=800%2C543&ssl=1\",\"width\":800,\"height\":543,\"caption\":\"Ednaldo Rodrigues, presidente da CBF \u2013 foto: CBF oficial\"},{\"@type\":\"BreadcrumbList\",\"@id\":\"https:\\\/\\\/blogdoprosperi.com\\\/?p=40354#breadcrumb\",\"itemListElement\":[{\"@type\":\"ListItem\",\"position\":1,\"name\":\"In\u00edcio\",\"item\":\"https:\\\/\\\/blogdoprosperi.com\\\/\"},{\"@type\":\"ListItem\",\"position\":2,\"name\":\"Presidente da CBF, homenageado pela Fifa, promete transpar\u00eancia e luta contra racismo\"}]},{\"@type\":\"WebSite\",\"@id\":\"https:\\\/\\\/blogdoprosperi.com\\\/#website\",\"url\":\"https:\\\/\\\/blogdoprosperi.com\\\/\",\"name\":\"PR\u00d3SPERI NEWS\",\"description\":\"TUDO \u00c9  FUTEBOL\",\"publisher\":{\"@id\":\"https:\\\/\\\/blogdoprosperi.com\\\/#\\\/schema\\\/person\\\/38100755ce3601861ee4fab9b5aa78e9\"},\"alternateName\":\"blogdoprosperi.com\",\"potentialAction\":[{\"@type\":\"SearchAction\",\"target\":{\"@type\":\"EntryPoint\",\"urlTemplate\":\"https:\\\/\\\/blogdoprosperi.com\\\/?s={search_term_string}\"},\"query-input\":{\"@type\":\"PropertyValueSpecification\",\"valueRequired\":true,\"valueName\":\"search_term_string\"}}],\"inLanguage\":\"pt-BR\"},{\"@type\":[\"Person\",\"Organization\"],\"@id\":\"https:\\\/\\\/blogdoprosperi.com\\\/#\\\/schema\\\/person\\\/38100755ce3601861ee4fab9b5aa78e9\",\"name\":\"Luiz Ant\u00f4nio Pr\u00f3speri\",\"pronouns\":\"ele\",\"image\":{\"@type\":\"ImageObject\",\"inLanguage\":\"pt-BR\",\"@id\":\"https:\\\/\\\/i0.wp.com\\\/blogdoprosperi.com\\\/wp-content\\\/uploads\\\/2026\\\/05\\\/cropped-8059e613-6002-42fa-961e-8e275f575d71-2-5.jpg?fit=1360%2C931&ssl=1\",\"url\":\"https:\\\/\\\/i0.wp.com\\\/blogdoprosperi.com\\\/wp-content\\\/uploads\\\/2026\\\/05\\\/cropped-8059e613-6002-42fa-961e-8e275f575d71-2-5.jpg?fit=1360%2C931&ssl=1\",\"contentUrl\":\"https:\\\/\\\/i0.wp.com\\\/blogdoprosperi.com\\\/wp-content\\\/uploads\\\/2026\\\/05\\\/cropped-8059e613-6002-42fa-961e-8e275f575d71-2-5.jpg?fit=1360%2C931&ssl=1\",\"width\":1360,\"height\":931,\"caption\":\"Luiz Ant\u00f4nio Pr\u00f3speri\"},\"logo\":{\"@id\":\"https:\\\/\\\/i0.wp.com\\\/blogdoprosperi.com\\\/wp-content\\\/uploads\\\/2026\\\/05\\\/cropped-8059e613-6002-42fa-961e-8e275f575d71-2-5.jpg?fit=1360%2C931&ssl=1\"},\"description\":\"Jornalista com carreira dedicada ao esporte. Cobriu 9 Copas do Mundo in loco, 1990 na It\u00e1lia, 1994 nos EUA, 1998 na Fran\u00e7a, 2002 na Coreia do Sul e Jap\u00e3o, 2006 na Alemanha, 2010 na \u00c1frica do Sul, 2014 no Brasil, 2018 na R\u00fassia e 2022 no Qatar. Eurocopas, 1992 na Su\u00e9cia e 1996 na Inglaterra. Copa das Confedera\u00e7\u00f5es de 2005 na Alemanha e 2009 na \u00c1frica do Sul. Rep\u00f3rter e Editor, trabalhou no Jornal da Tarde e Estad\u00e3o, de 1984 a fevereiro de 2016. Colunista, blogueiro. E comentarista de futebol na R\u00e1dio Estad\u00e3o, de 2013 a fevereiro de 2016. Jornalista respons\u00e1vel do \\\"Pr\u00f3speri News\\\" (blogdoprosperi.com).\",\"sameAs\":[\"http:\\\/\\\/blogdoprosperi.com\",\"Luiz Pr\u00f3speri\",\"@luiz_prosperi\",\"https:\\\/\\\/x.com\\\/Luizprosperi\",\"@prosperinacopa\",\"luiz.prosperi@icloud.com\"],\"url\":\"https:\\\/\\\/blogdoprosperi.com\\\/?author=102107496\"}]}<\/script>\n<!-- \/ Yoast SEO plugin. -->","yoast_head_json":{"title":"Presidente da CBF, homenageado pela Fifa, promete transpar\u00eancia e luta contra racismo - PR\u00d3SPERI NEWS","robots":{"index":"index","follow":"follow","max-snippet":"max-snippet:-1","max-image-preview":"max-image-preview:large","max-video-preview":"max-video-preview:-1"},"canonical":"https:\/\/blogdoprosperi.com\/?p=40354","og_locale":"pt_BR","og_type":"article","og_title":"Presidente da CBF, homenageado pela Fifa, promete transpar\u00eancia e luta contra racismo - PR\u00d3SPERI NEWS","og_description":"Ednaldo Rodrigues est\u00e1 disposto a mudar imagem da CBF. Promete transpar\u00eancia total e luta contra racismo no futebol brasileiro.","og_url":"https:\/\/blogdoprosperi.com\/?p=40354","og_site_name":"PR\u00d3SPERI NEWS","article_publisher":"Luiz Pr\u00f3speri","article_author":"Luiz Pr\u00f3speri","article_published_time":"2022-12-08T17:46:30+00:00","article_modified_time":"2022-12-08T21:52:43+00:00","og_image":[{"width":800,"height":543,"url":"https:\/\/i0.wp.com\/blogdoprosperi.com\/wp-content\/uploads\/2022\/12\/52550499746_3895611725_c.jpg?fit=800%2C543&ssl=1","type":"image\/jpeg"}],"author":"Luiz Ant\u00f4nio Pr\u00f3speri","twitter_card":"summary_large_image","twitter_creator":"@Luizprosperi","twitter_site":"@Luizprosperi","twitter_misc":{"Escrito por":"Luiz Ant\u00f4nio Pr\u00f3speri","Est. tempo de leitura":"2 minutos"},"schema":{"@context":"https:\/\/schema.org","@graph":[{"@type":"Article","@id":"https:\/\/blogdoprosperi.com\/?p=40354#article","isPartOf":{"@id":"https:\/\/blogdoprosperi.com\/?p=40354"},"author":{"name":"Luiz Ant\u00f4nio Pr\u00f3speri","@id":"https:\/\/blogdoprosperi.com\/#\/schema\/person\/38100755ce3601861ee4fab9b5aa78e9"},"headline":"Presidente da CBF, homenageado pela Fifa, promete transpar\u00eancia e luta contra racismo","datePublished":"2022-12-08T17:46:30+00:00","dateModified":"2022-12-08T21:52:43+00:00","mainEntityOfPage":{"@id":"https:\/\/blogdoprosperi.com\/?p=40354"},"wordCount":418,"commentCount":3,"publisher":{"@id":"https:\/\/blogdoprosperi.com\/#\/schema\/person\/38100755ce3601861ee4fab9b5aa78e9"},"image":{"@id":"https:\/\/blogdoprosperi.com\/?p=40354#primaryimage"},"thumbnailUrl":"https:\/\/i0.wp.com\/blogdoprosperi.com\/wp-content\/uploads\/2022\/12\/52550499746_3895611725_c.jpg?fit=800%2C543&ssl=1","keywords":["CBF","copa do mundo qatar","Ednaldo Rodrigues","Fifa","Fifa Master","fifagate","futebol","Marco Polo Del Nero","qatar 2022","racismo","Ricardo Teixeira"],"articleSection":["copa do mundo catar 2022","futebol","qatar 2022","Sele\u00e7\u00e3o Brasileira"],"inLanguage":"pt-BR","potentialAction":[{"@type":"CommentAction","name":"Comment","target":["https:\/\/blogdoprosperi.com\/?p=40354#respond"]}]},{"@type":"WebPage","@id":"https:\/\/blogdoprosperi.com\/?p=40354","url":"https:\/\/blogdoprosperi.com\/?p=40354","name":"Presidente da CBF, homenageado pela Fifa, promete transpar\u00eancia e luta contra racismo - PR\u00d3SPERI NEWS","isPartOf":{"@id":"https:\/\/blogdoprosperi.com\/#website"},"primaryImageOfPage":{"@id":"https:\/\/blogdoprosperi.com\/?p=40354#primaryimage"},"image":{"@id":"https:\/\/blogdoprosperi.com\/?p=40354#primaryimage"},"thumbnailUrl":"https:\/\/i0.wp.com\/blogdoprosperi.com\/wp-content\/uploads\/2022\/12\/52550499746_3895611725_c.jpg?fit=800%2C543&ssl=1","datePublished":"2022-12-08T17:46:30+00:00","dateModified":"2022-12-08T21:52:43+00:00","breadcrumb":{"@id":"https:\/\/blogdoprosperi.com\/?p=40354#breadcrumb"},"inLanguage":"pt-BR","potentialAction":[{"@type":"ReadAction","target":["https:\/\/blogdoprosperi.com\/?p=40354"]}]},{"@type":"ImageObject","inLanguage":"pt-BR","@id":"https:\/\/blogdoprosperi.com\/?p=40354#primaryimage","url":"https:\/\/i0.wp.com\/blogdoprosperi.com\/wp-content\/uploads\/2022\/12\/52550499746_3895611725_c.jpg?fit=800%2C543&ssl=1","contentUrl":"https:\/\/i0.wp.com\/blogdoprosperi.com\/wp-content\/uploads\/2022\/12\/52550499746_3895611725_c.jpg?fit=800%2C543&ssl=1","width":800,"height":543,"caption":"Ednaldo Rodrigues, presidente da CBF \u2013 foto: CBF oficial"},{"@type":"BreadcrumbList","@id":"https:\/\/blogdoprosperi.com\/?p=40354#breadcrumb","itemListElement":[{"@type":"ListItem","position":1,"name":"In\u00edcio","item":"https:\/\/blogdoprosperi.com\/"},{"@type":"ListItem","position":2,"name":"Presidente da CBF, homenageado pela Fifa, promete transpar\u00eancia e luta contra racismo"}]},{"@type":"WebSite","@id":"https:\/\/blogdoprosperi.com\/#website","url":"https:\/\/blogdoprosperi.com\/","name":"PR\u00d3SPERI NEWS","description":"TUDO \u00c9  FUTEBOL","publisher":{"@id":"https:\/\/blogdoprosperi.com\/#\/schema\/person\/38100755ce3601861ee4fab9b5aa78e9"},"alternateName":"blogdoprosperi.com","potentialAction":[{"@type":"SearchAction","target":{"@type":"EntryPoint","urlTemplate":"https:\/\/blogdoprosperi.com\/?s={search_term_string}"},"query-input":{"@type":"PropertyValueSpecification","valueRequired":true,"valueName":"search_term_string"}}],"inLanguage":"pt-BR"},{"@type":["Person","Organization"],"@id":"https:\/\/blogdoprosperi.com\/#\/schema\/person\/38100755ce3601861ee4fab9b5aa78e9","name":"Luiz Ant\u00f4nio Pr\u00f3speri","pronouns":"ele","image":{"@type":"ImageObject","inLanguage":"pt-BR","@id":"https:\/\/i0.wp.com\/blogdoprosperi.com\/wp-content\/uploads\/2026\/05\/cropped-8059e613-6002-42fa-961e-8e275f575d71-2-5.jpg?fit=1360%2C931&ssl=1","url":"https:\/\/i0.wp.com\/blogdoprosperi.com\/wp-content\/uploads\/2026\/05\/cropped-8059e613-6002-42fa-961e-8e275f575d71-2-5.jpg?fit=1360%2C931&ssl=1","contentUrl":"https:\/\/i0.wp.com\/blogdoprosperi.com\/wp-content\/uploads\/2026\/05\/cropped-8059e613-6002-42fa-961e-8e275f575d71-2-5.jpg?fit=1360%2C931&ssl=1","width":1360,"height":931,"caption":"Luiz Ant\u00f4nio Pr\u00f3speri"},"logo":{"@id":"https:\/\/i0.wp.com\/blogdoprosperi.com\/wp-content\/uploads\/2026\/05\/cropped-8059e613-6002-42fa-961e-8e275f575d71-2-5.jpg?fit=1360%2C931&ssl=1"},"description":"Jornalista com carreira dedicada ao esporte. Cobriu 9 Copas do Mundo in loco, 1990 na It\u00e1lia, 1994 nos EUA, 1998 na Fran\u00e7a, 2002 na Coreia do Sul e Jap\u00e3o, 2006 na Alemanha, 2010 na \u00c1frica do Sul, 2014 no Brasil, 2018 na R\u00fassia e 2022 no Qatar. Eurocopas, 1992 na Su\u00e9cia e 1996 na Inglaterra. Copa das Confedera\u00e7\u00f5es de 2005 na Alemanha e 2009 na \u00c1frica do Sul. Rep\u00f3rter e Editor, trabalhou no Jornal da Tarde e Estad\u00e3o, de 1984 a fevereiro de 2016. Colunista, blogueiro. E comentarista de futebol na R\u00e1dio Estad\u00e3o, de 2013 a fevereiro de 2016. Jornalista respons\u00e1vel do \"Pr\u00f3speri News\" (blogdoprosperi.com).","sameAs":["http:\/\/blogdoprosperi.com","Luiz Pr\u00f3speri","@luiz_prosperi","https:\/\/x.com\/Luizprosperi","@prosperinacopa","luiz.prosperi@icloud.com"],"url":"https:\/\/blogdoprosperi.com\/?author=102107496"}]}},"jetpack_publicize_connections":[],"jetpack_likes_enabled":false,"jetpack_sharing_enabled":true,"jetpack_shortlink":"https:\/\/wp.me\/p7jvdk-auS","jetpack-related-posts":[{"id":40442,"url":"https:\/\/blogdoprosperi.com\/?p=40442","url_meta":{"origin":40354,"position":0},"title":"CBF escolhe sucessor de Tite s\u00f3 em janeiro","author":"Luiz Ant\u00f4nio Pr\u00f3speri","date":"9 de dezembro de 2022","format":false,"excerpt":"Ednaldo Rodrigues, presidente da CBF, aguarda at\u00e9 janeiro para definir sucessor de Tite na Sele\u00e7\u00e3o Brasileira","rel":"","context":"Em &quot;copa do mundo catar 2022&quot;","block_context":{"text":"copa do mundo catar 2022","link":"https:\/\/blogdoprosperi.com\/?cat=301049609"},"img":{"alt_text":"","src":"https:\/\/i0.wp.com\/blogdoprosperi.com\/wp-content\/uploads\/2022\/12\/pbpuyf_e.jpeg?fit=1200%2C800&ssl=1&resize=350%2C200","width":350,"height":200,"srcset":"https:\/\/i0.wp.com\/blogdoprosperi.com\/wp-content\/uploads\/2022\/12\/pbpuyf_e.jpeg?fit=1200%2C800&ssl=1&resize=350%2C200 1x, https:\/\/i0.wp.com\/blogdoprosperi.com\/wp-content\/uploads\/2022\/12\/pbpuyf_e.jpeg?fit=1200%2C800&ssl=1&resize=525%2C300 1.5x, https:\/\/i0.wp.com\/blogdoprosperi.com\/wp-content\/uploads\/2022\/12\/pbpuyf_e.jpeg?fit=1200%2C800&ssl=1&resize=700%2C400 2x, https:\/\/i0.wp.com\/blogdoprosperi.com\/wp-content\/uploads\/2022\/12\/pbpuyf_e.jpeg?fit=1200%2C800&ssl=1&resize=1050%2C600 3x"},"classes":[]},{"id":41158,"url":"https:\/\/blogdoprosperi.com\/?p=41158","url_meta":{"origin":40354,"position":1},"title":"CBF anuncia novo secret\u00e1rio-geral, alinhado ao governo Lula","author":"Luiz Ant\u00f4nio Pr\u00f3speri","date":"16 de janeiro de 2023","format":false,"excerpt":"CBF, enfim, tem um novo secret\u00e1rio-geral, cargo mais importante da entidade abaixo apenas da presid\u00eancia. O escolhido \u00e9 Alcino Reis Rocha, muito pr\u00f3ximo do governo Lula e lideran\u00e7as do PT. Desde a demiss\u00e3o de Edu Zebini, em mar\u00e7o de 2022, a CBF n\u00e3o contava com um secret\u00e1rio-geral. Zebini assumiu o\u2026","rel":"","context":"Em &quot;CBF&quot;","block_context":{"text":"CBF","link":"https:\/\/blogdoprosperi.com\/?cat=570700"},"img":{"alt_text":"","src":"https:\/\/i0.wp.com\/blogdoprosperi.com\/wp-content\/uploads\/2023\/01\/20230116180748_76.jpeg?fit=910%2C607&ssl=1&resize=350%2C200","width":350,"height":200,"srcset":"https:\/\/i0.wp.com\/blogdoprosperi.com\/wp-content\/uploads\/2023\/01\/20230116180748_76.jpeg?fit=910%2C607&ssl=1&resize=350%2C200 1x, https:\/\/i0.wp.com\/blogdoprosperi.com\/wp-content\/uploads\/2023\/01\/20230116180748_76.jpeg?fit=910%2C607&ssl=1&resize=525%2C300 1.5x, https:\/\/i0.wp.com\/blogdoprosperi.com\/wp-content\/uploads\/2023\/01\/20230116180748_76.jpeg?fit=910%2C607&ssl=1&resize=700%2C400 2x"},"classes":[]},{"id":48620,"url":"https:\/\/blogdoprosperi.com\/?p=48620","url_meta":{"origin":40354,"position":2},"title":"Luighi | CBF e Palmeiras Pedem Exclus\u00e3o do Cerro por Racismo e Apelam \u00e0 Fifa","author":"Luiz Ant\u00f4nio Pr\u00f3speri","date":"7 de mar\u00e7o de 2025","format":false,"excerpt":"CBF envia den\u00fancia \u00e0 Conmebol pedindo puni\u00e7\u00e3o aos torcedores e exclus\u00e3o do Cerro Porte\u00f1o da Libertadores Sub-20 Presidenta Leila Pereira diz que vai recorrer at\u00e9 a Fifa se a Conmebol n\u00e3o reagir. E quer autor do crime racista na cadeia Luiz Antonio Pr\u00f3speri \u2013 7 mar\u00e7o (14h05) \u2013 Leila Pereira,\u2026","rel":"","context":"Em &quot;futebol&quot;","block_context":{"text":"futebol","link":"https:\/\/blogdoprosperi.com\/?cat=53870"},"img":{"alt_text":"","src":"https:\/\/i0.wp.com\/blogdoprosperi.com\/wp-content\/uploads\/2025\/03\/captura-de-tela-2025-03-07-as-14.21.16.png?fit=1200%2C742&ssl=1&resize=350%2C200","width":350,"height":200,"srcset":"https:\/\/i0.wp.com\/blogdoprosperi.com\/wp-content\/uploads\/2025\/03\/captura-de-tela-2025-03-07-as-14.21.16.png?fit=1200%2C742&ssl=1&resize=350%2C200 1x, https:\/\/i0.wp.com\/blogdoprosperi.com\/wp-content\/uploads\/2025\/03\/captura-de-tela-2025-03-07-as-14.21.16.png?fit=1200%2C742&ssl=1&resize=525%2C300 1.5x, https:\/\/i0.wp.com\/blogdoprosperi.com\/wp-content\/uploads\/2025\/03\/captura-de-tela-2025-03-07-as-14.21.16.png?fit=1200%2C742&ssl=1&resize=700%2C400 2x, https:\/\/i0.wp.com\/blogdoprosperi.com\/wp-content\/uploads\/2025\/03\/captura-de-tela-2025-03-07-as-14.21.16.png?fit=1200%2C742&ssl=1&resize=1050%2C600 3x"},"classes":[]},{"id":40944,"url":"https:\/\/blogdoprosperi.com\/?p=40944","url_meta":{"origin":40354,"position":3},"title":"Vel\u00f3rio de Pel\u00e9: Fifa pede est\u00e1dios com nome do Rei em todos pa\u00edses do mundo","author":"Luiz Ant\u00f4nio Pr\u00f3speri","date":"2 de janeiro de 2023","format":false,"excerpt":"Vel\u00f3rio de Pel\u00e9 recebe milhares de torcedores, dirigentes da Fifa, Conmebol, CBF, chefes de Estado, jornalistas internacionais, ex-jogadores do Santos, entre outros. Campe\u00f5es mundiais com a Sele\u00e7\u00e3o e \u00eddolos de gera\u00e7\u00f5es mais recentes do futebol brasileiro n\u00e3o foram ao vel\u00f3rio na segunda-feira","rel":"","context":"Em &quot;futebol&quot;","block_context":{"text":"futebol","link":"https:\/\/blogdoprosperi.com\/?cat=53870"},"img":{"alt_text":"","src":"https:\/\/i0.wp.com\/blogdoprosperi.com\/wp-content\/uploads\/2023\/01\/flelychxgamzezb.jpeg?fit=1200%2C800&ssl=1&resize=350%2C200","width":350,"height":200,"srcset":"https:\/\/i0.wp.com\/blogdoprosperi.com\/wp-content\/uploads\/2023\/01\/flelychxgamzezb.jpeg?fit=1200%2C800&ssl=1&resize=350%2C200 1x, https:\/\/i0.wp.com\/blogdoprosperi.com\/wp-content\/uploads\/2023\/01\/flelychxgamzezb.jpeg?fit=1200%2C800&ssl=1&resize=525%2C300 1.5x, https:\/\/i0.wp.com\/blogdoprosperi.com\/wp-content\/uploads\/2023\/01\/flelychxgamzezb.jpeg?fit=1200%2C800&ssl=1&resize=700%2C400 2x, https:\/\/i0.wp.com\/blogdoprosperi.com\/wp-content\/uploads\/2023\/01\/flelychxgamzezb.jpeg?fit=1200%2C800&ssl=1&resize=1050%2C600 3x"},"classes":[]},{"id":41540,"url":"https:\/\/blogdoprosperi.com\/?p=41540","url_meta":{"origin":40354,"position":4},"title":"Sele\u00e7\u00e3o nunca mais ser\u00e1 Brasileira","author":"Luiz Ant\u00f4nio Pr\u00f3speri","date":"25 de mar\u00e7o de 2023","format":false,"excerpt":"A Sele\u00e7\u00e3o Brasileira acabou. J\u00e1 n\u00e3o tinha mais poder sobre a camisa amarela e agora ter\u00e1 um maestro da Europa","rel":"","context":"Em &quot;catar 2022&quot;","block_context":{"text":"catar 2022","link":"https:\/\/blogdoprosperi.com\/?cat=47094043"},"img":{"alt_text":"Sele\u00e7\u00e3o nunca mais ser\u00e1 Brasileira","src":"https:\/\/i0.wp.com\/blogdoprosperi.com\/wp-content\/uploads\/2023\/03\/20230321133636_97.jpg?fit=910%2C631&ssl=1&resize=350%2C200","width":350,"height":200,"srcset":"https:\/\/i0.wp.com\/blogdoprosperi.com\/wp-content\/uploads\/2023\/03\/20230321133636_97.jpg?fit=910%2C631&ssl=1&resize=350%2C200 1x, https:\/\/i0.wp.com\/blogdoprosperi.com\/wp-content\/uploads\/2023\/03\/20230321133636_97.jpg?fit=910%2C631&ssl=1&resize=525%2C300 1.5x, https:\/\/i0.wp.com\/blogdoprosperi.com\/wp-content\/uploads\/2023\/03\/20230321133636_97.jpg?fit=910%2C631&ssl=1&resize=700%2C400 2x"},"classes":[]},{"id":45742,"url":"https:\/\/blogdoprosperi.com\/?p=45742","url_meta":{"origin":40354,"position":5},"title":"STF Suspende Julgamento e Ednaldo Rodrigues Continua no Comando da CBF","author":"Luiz Ant\u00f4nio Pr\u00f3speri","date":"9 de outubro de 2024","format":false,"excerpt":"Luiz Ant\u00f4nio Pr\u00f3speri \u2013 9 outubro (16h45) Supremo Tribunal Federal (STF) garante perman\u00eancia provis\u00f3ria de Ednaldo Rodrigues na presid\u00eancia da CBF, ap\u00f3s ministro Flavio Dino pedir vistas do processo no julgamento na Corte, nessa quarta-feira (09\/10). A volta do julgamento ainda n\u00e3o tem data definida. O STF julgava a liminar\u2026","rel":"","context":"Em &quot;futebol&quot;","block_context":{"text":"futebol","link":"https:\/\/blogdoprosperi.com\/?cat=53870"},"img":{"alt_text":"Ednaldo tem aliados no Judici\u00e1rio e continua na CBF","src":"https:\/\/i0.wp.com\/blogdoprosperi.com\/wp-content\/uploads\/2024\/10\/ednaldo-rodrigues-680x375-1.jpg?fit=680%2C375&ssl=1&resize=350%2C200","width":350,"height":200,"srcset":"https:\/\/i0.wp.com\/blogdoprosperi.com\/wp-content\/uploads\/2024\/10\/ednaldo-rodrigues-680x375-1.jpg?fit=680%2C375&ssl=1&resize=350%2C200 1x, https:\/\/i0.wp.com\/blogdoprosperi.com\/wp-content\/uploads\/2024\/10\/ednaldo-rodrigues-680x375-1.jpg?fit=680%2C375&ssl=1&resize=525%2C300 1.5x"},"classes":[]}],"jetpack_featured_media_url":"https:\/\/i0.wp.com\/blogdoprosperi.com\/wp-content\/uploads\/2022\/12\/52550499746_3895611725_c.jpg?fit=800%2C543&ssl=1","_links":{"self":[{"href":"https:\/\/blogdoprosperi.com\/index.php?rest_route=\/wp\/v2\/posts\/40354","targetHints":{"allow":["GET"]}}],"collection":[{"href":"https:\/\/blogdoprosperi.com\/index.php?rest_route=\/wp\/v2\/posts"}],"about":[{"href":"https:\/\/blogdoprosperi.com\/index.php?rest_route=\/wp\/v2\/types\/post"}],"author":[{"embeddable":true,"href":"https:\/\/blogdoprosperi.com\/index.php?rest_route=\/wp\/v2\/users\/102107496"}],"replies":[{"embeddable":true,"href":"https:\/\/blogdoprosperi.com\/index.php?rest_route=%2Fwp%2Fv2%2Fcomments&post=40354"}],"version-history":[{"count":18,"href":"https:\/\/blogdoprosperi.com\/index.php?rest_route=\/wp\/v2\/posts\/40354\/revisions"}],"predecessor-version":[{"id":40402,"href":"https:\/\/blogdoprosperi.com\/index.php?rest_route=\/wp\/v2\/posts\/40354\/revisions\/40402"}],"wp:featuredmedia":[{"embeddable":true,"href":"https:\/\/blogdoprosperi.com\/index.php?rest_route=\/wp\/v2\/media\/40387"}],"wp:attachment":[{"href":"https:\/\/blogdoprosperi.com\/index.php?rest_route=%2Fwp%2Fv2%2Fmedia&parent=40354"}],"wp:term":[{"taxonomy":"category","embeddable":true,"href":"https:\/\/blogdoprosperi.com\/index.php?rest_route=%2Fwp%2Fv2%2Fcategories&post=40354"},{"taxonomy":"post_tag","embeddable":true,"href":"https:\/\/blogdoprosperi.com\/index.php?rest_route=%2Fwp%2Fv2%2Ftags&post=40354"}],"curies":[{"name":"wp","href":"https:\/\/api.w.org\/{rel}","templated":true}]}}