{"id":40362,"date":"2022-12-08T13:51:46","date_gmt":"2022-12-08T16:51:46","guid":{"rendered":"https:\/\/blogdoprosperi.com\/?p=40362"},"modified":"2022-12-09T15:53:19","modified_gmt":"2022-12-09T18:53:19","slug":"brasil-cai-na-conversa-das-dancinhas-e-favorito-da-copa","status":"publish","type":"post","link":"https:\/\/blogdoprosperi.com\/?p=40362","title":{"rendered":"Brasil x Cro\u00e1cia &#8211; pr\u00e9-jogo: Sele\u00e7\u00e3o cai na conversa das dancinhas e favorito da Copa"},"content":{"rendered":"<p>Brasil enfrenta Cro\u00e1cia valendo vaga \u00e0 semifinal da Copa do Mundo. O jogo em si \u00e9 uma grandeza. Ingredientes n\u00e3o faltam a alimentar as expectativas da partida. Na v\u00e9spera do confronto, o assunto dominante n\u00e3o \u00e9 o prov\u00e1vel duelo Neymar x Modric nessa sexta-feira (09\/12). A preocupa\u00e7\u00e3o \u00e9 com as dancinhas dos jogadores brasileiros e favoritismo de campe\u00e3o.<\/p>\n<p>Dancinhas s\u00e3o desrespeitosas, reclamam ex-jogadores internacionais apoiados por muitos jornalistas de outros pa\u00edses.<\/p>\n<p>Tite tamb\u00e9m est\u00e1 no pared\u00e3o das cr\u00edticas. Ele mesmo dan\u00e7ou ao ritmo do hit de Richarlison, &#8220;O Pombo&#8221;, na goleada em cima da Coreia do Sul. Perguntado na coletiva se dan\u00e7aria novamente, responde alto:<\/p>\n<p>&#8220;N\u00e3o \u00e9 minha sele\u00e7\u00e3o. \u00c9 a Sele\u00e7\u00e3o Brasileira, que tenho responsabilidade de ser t\u00e9cnico. Eu lastimo muito e n\u00e3o vou fazer coment\u00e1rios de quem n\u00e3o conhece a hist\u00f3ria e cultura do Brasil, o jeito de ser. Eu respeito a cultura e o jeito que eu sou, a sele\u00e7\u00e3o que trabalho. \u00c9 a cultura brasileira, e ela n\u00e3o vai desmerecer nenhum outro. \u00c9 a nossa forma de ser&#8221;.<\/p>\n<p>Zlatko Dalic, t\u00e9cnico da Cro\u00e1cia, n\u00e3o entra na provoca\u00e7\u00e3o. Em vez de repudiar, aplaude.<\/p>\n<p>&#8220;Eles (<em>brasileiros<\/em>) t\u00eam a sua pr\u00f3pria forma de comemorar e comemoram como sabem, como est\u00e3o acostumados. Eles est\u00e3o fazendo as coisas com muita unidade, fazem isso juntos. Est\u00e3o demonstrando sua tradi\u00e7\u00e3o, sua caracter\u00edstica. Est\u00e3o certos. Isso significa que \u00e9 respeitoso ou desrespeitoso? N\u00e3o saberia dizer. Eu n\u00e3o gostaria ver meus jogadores fazendo, mas \u00e9 a cultura deles. Eles gostam. E podem fazer. \u00c9 bonito ver a dan\u00e7a deles.&#8221;<\/p>\n<p>Na ciranda de dan\u00e7as ensaiadas a celebrar os gols, advers\u00e1rios do Brasil, a\u00ed entram treinadores, jogadores e imprensa internacional, jogam nas costas da Sele\u00e7\u00e3o todo favoritismo a levar a Copa Qatar 2022.<\/p>\n<p>Brasil at\u00e9 aqui \u00e9 unanimidade. Van Gaal, Dalic, Modric (<em>foto<\/em>), eleito melhor jogador do mundo em 2018, por exemplo, aclamam o time de Tite candidato n\u00famero 1 levantar a ta\u00e7a dia 18 no Est\u00e1dio Lusail.<\/p>\n<figure id=\"attachment_40376\" aria-describedby=\"caption-attachment-40376\" style=\"width: 940px\" class=\"wp-caption alignnone\"><img data-recalc-dims=\"1\" loading=\"lazy\" decoding=\"async\" data-attachment-id=\"40376\" data-permalink=\"https:\/\/blogdoprosperi.com\/?attachment_id=40376\" data-orig-file=\"https:\/\/i0.wp.com\/blogdoprosperi.com\/wp-content\/uploads\/2022\/12\/fjn_v0wxwaiskmq.jpeg?fit=1199%2C800&amp;ssl=1\" data-orig-size=\"1199,800\" data-comments-opened=\"1\" data-image-meta=\"{&quot;aperture&quot;:&quot;0&quot;,&quot;credit&quot;:&quot;&quot;,&quot;camera&quot;:&quot;&quot;,&quot;caption&quot;:&quot;&quot;,&quot;created_timestamp&quot;:&quot;0&quot;,&quot;copyright&quot;:&quot;&quot;,&quot;focal_length&quot;:&quot;0&quot;,&quot;iso&quot;:&quot;0&quot;,&quot;shutter_speed&quot;:&quot;0&quot;,&quot;title&quot;:&quot;&quot;,&quot;orientation&quot;:&quot;0&quot;}\" data-image-title=\"Modric no caminho do Brasil\" data-image-description=\"\" data-image-caption=\"&lt;p&gt;Foto: Twitter Fifa&lt;\/p&gt;\n\" data-large-file=\"https:\/\/i0.wp.com\/blogdoprosperi.com\/wp-content\/uploads\/2022\/12\/fjn_v0wxwaiskmq.jpeg?fit=940%2C627&amp;ssl=1\" class=\"size-large wp-image-40376\" src=\"https:\/\/i0.wp.com\/blogdoprosperi.com\/wp-content\/uploads\/2022\/12\/fjn_v0wxwaiskmq.jpeg?resize=940%2C627&#038;ssl=1\" alt=\"\" width=\"940\" height=\"627\"><figcaption id=\"caption-attachment-40376\" class=\"wp-caption-text\">Foto: Twitter Fifa<\/figcaption><\/figure>\n<p>&#8220;Fizemos algo muito bom de chegar \u00e0s quartas&#8221;, disse Modric. &#8220;Mas independentemente disso, queremos mais. A maior partida da Copa do Mundo est\u00e1 \u00e0 nossa frente. <strong>Brasil \u00e9 sempre favorito, mas especialmente nesta Copa, acredito que mere\u00e7a sim ser favorito.<\/strong> Temos que ser n\u00f3s mesmos, dar nosso melhor. Assim como j\u00e1 fizemos aqui em cada partida. Temos que dar o nosso melhor. Se assim fizermos, ter a chance de vencer. N\u00e3o podemos ficar satisfeitos s\u00f3 com as quartas.&#8221;<\/p>\n<p>Van Gaal, 71 anos, em sua segunda Copa do Mundo, \u00e9 outro a despejar confetes na Sele\u00e7\u00e3o Brasileira.<\/p>\n<p>&#8220;E \u00e9 verdade que o Brasil tem quase o mesmo estilo de jogo da sele\u00e7\u00e3o holandesa. E, sim, eles t\u00eam jogadores que s\u00e3o maravilhosos tecnicamente, quando eles v\u00e3o bem podem fazer partidas fant\u00e1sticas, mas nessa Copa eles tamb\u00e9m fizeram partidas que foram apenas moderadas e sem grande atratividade.&#8221;<\/p>\n<figure id=\"attachment_40375\" aria-describedby=\"caption-attachment-40375\" style=\"width: 800px\" class=\"wp-caption alignnone\"><img data-recalc-dims=\"1\" loading=\"lazy\" decoding=\"async\" data-attachment-id=\"40375\" data-permalink=\"https:\/\/blogdoprosperi.com\/?attachment_id=40375\" data-orig-file=\"https:\/\/i0.wp.com\/blogdoprosperi.com\/wp-content\/uploads\/2022\/12\/fjdov0exwaiaqtx-1.jpeg?fit=800%2C800&amp;ssl=1\" data-orig-size=\"800,800\" data-comments-opened=\"1\" data-image-meta=\"{&quot;aperture&quot;:&quot;0&quot;,&quot;credit&quot;:&quot;&quot;,&quot;camera&quot;:&quot;&quot;,&quot;caption&quot;:&quot;&quot;,&quot;created_timestamp&quot;:&quot;0&quot;,&quot;copyright&quot;:&quot;&quot;,&quot;focal_length&quot;:&quot;0&quot;,&quot;iso&quot;:&quot;0&quot;,&quot;shutter_speed&quot;:&quot;0&quot;,&quot;title&quot;:&quot;&quot;,&quot;orientation&quot;:&quot;0&quot;}\" data-image-title=\"Van Gaal aposta no Brasil\" data-image-description=\"\" data-image-caption=\"&lt;p&gt;Foto: Twitter Fifa&lt;\/p&gt;\n\" data-large-file=\"https:\/\/i0.wp.com\/blogdoprosperi.com\/wp-content\/uploads\/2022\/12\/fjdov0exwaiaqtx-1.jpeg?fit=800%2C800&amp;ssl=1\" class=\"size-full wp-image-40375\" src=\"https:\/\/i0.wp.com\/blogdoprosperi.com\/wp-content\/uploads\/2022\/12\/fjdov0exwaiaqtx-1.jpeg?resize=800%2C800&#038;ssl=1\" alt=\"\" width=\"800\" height=\"800\"><figcaption id=\"caption-attachment-40375\" class=\"wp-caption-text\">Foto: Twitter Fifa<\/figcaption><\/figure>\n<p>&#8220;Mas eu sempre disse que o <strong>Brasil \u00e9 um grande time.<\/strong> <strong>O Brasil \u00e9 o grande favorito ao t\u00edtulo, na minha opini\u00e3o<\/strong>. E n\u00f3s somos um pa\u00eds que tamb\u00e9m tem chance de se tornar campe\u00e3o do mundo. Eu espero que a gente possa ser o melhor time no final&#8221;, diz Van Gaal (<em>foto<\/em>).<\/p>\n<p>Favorito, dancinhas, jogadores fant\u00e1sticos, os fardos est\u00e3o nas costas da Sele\u00e7\u00e3o Brasileira e de Tite.<\/p>\n<p>Bom lembrar que o Brasil n\u00e3o passa das quartas de final h\u00e1 tr\u00eas Copas (2006, 2010 e 2018). Na \u00fanica que avan\u00e7ou das \u00faltimas quatro disputadas, em 2014, chegou \u00e0 semifinal e levou 7 a 1 da Alemanha.<\/p>\n<hr>\n<p>YouTube \u2013 Acompanhe cobertura jornal\u00edstica da Sele\u00e7\u00e3o Brasileira e Qatar 2022 no canal Pr\u00f3speri na Copa:<img alt=\"\">&nbsp;<span style=\"color: #0000ff\"><strong><a style=\"color: #0000ff\" href=\"https:\/\/www.youtube.com\/@prosperinacopa\">https:\/\/www.youtube.com\/@prosperinacopa<\/a><\/strong><\/span><\/p>\n<hr>\n","protected":false},"excerpt":{"rendered":"<p>Brasil x Cro\u00e1cia \u2013 A preocupa\u00e7\u00e3o \u00e9 com as dancinhas dos jogadores brasileiros e favoritismo de campe\u00e3o.<\/p>\n","protected":false},"author":102107496,"featured_media":40371,"comment_status":"open","ping_status":"open","sticky":false,"template":"","format":"standard","meta":{"_coblocks_attr":"","_coblocks_dimensions":"","_coblocks_responsive_height":"","_coblocks_accordion_ie_support":"","_jetpack_newsletter_access":"","_jetpack_dont_email_post_to_subs":false,"_jetpack_newsletter_tier_id":0,"_jetpack_memberships_contains_paywalled_content":false,"_wpcom_ai_launchpad_first_post":false,"_jetpack_feature_clip_id":0,"_jetpack_memberships_contains_paid_content":false,"footnotes":"","jetpack_publicize_message":"","jetpack_publicize_feature_enabled":true,"jetpack_social_post_already_shared":false,"jetpack_social_options":{"image_generator_settings":{"template":"highway","default_image_id":0,"font":"","enabled":false},"version":2},"jetpack_post_was_ever_published":false},"categories":[53870,29811679,174694],"tags":[35489239,47274269,757863647,757863646,789560560,2789161,789560571,1814220,1618463],"class_list":["post-40362","post","type-post","status-publish","format-standard","has-post-thumbnail","hentry","category-futebol","category-qatar-2022","category-selecao-brasileira","tag-brasil-favorito","tag-copa-do-mundo-qatar-2022","tag-croacia-x-brasil","tag-dancinhas-do-brasil","tag-futebol","tag-modric","tag-qatar-2022","tag-tite","tag-van-gaal"],"yoast_head":"<!-- This site is optimized with the Yoast SEO plugin v28.3 - https:\/\/yoast.com\/product\/yoast-seo-wordpress\/ -->\n<title>Brasil x Cro\u00e1cia - pr\u00e9-jogo: Sele\u00e7\u00e3o cai na conversa das dancinhas e favorito da Copa - PR\u00d3SPERI NEWS<\/title>\n<meta name=\"robots\" content=\"index, follow, max-snippet:-1, max-image-preview:large, max-video-preview:-1\" \/>\n<link rel=\"canonical\" href=\"https:\/\/blogdoprosperi.com\/?p=40362\" \/>\n<meta property=\"og:locale\" content=\"pt_BR\" \/>\n<meta property=\"og:type\" content=\"article\" \/>\n<meta property=\"og:title\" content=\"Brasil x Cro\u00e1cia - pr\u00e9-jogo: Sele\u00e7\u00e3o cai na conversa das dancinhas e favorito da Copa - PR\u00d3SPERI NEWS\" \/>\n<meta property=\"og:description\" content=\"Brasil x Cro\u00e1cia \u2013 A preocupa\u00e7\u00e3o \u00e9 com as dancinhas dos jogadores brasileiros e favoritismo de campe\u00e3o.\" \/>\n<meta property=\"og:url\" content=\"https:\/\/blogdoprosperi.com\/?p=40362\" \/>\n<meta property=\"og:site_name\" content=\"PR\u00d3SPERI NEWS\" \/>\n<meta property=\"article:publisher\" content=\"Luiz Pr\u00f3speri\" \/>\n<meta property=\"article:author\" content=\"Luiz Pr\u00f3speri\" \/>\n<meta property=\"article:published_time\" content=\"2022-12-08T16:51:46+00:00\" \/>\n<meta property=\"article:modified_time\" content=\"2022-12-09T18:53:19+00:00\" \/>\n<meta property=\"og:image\" content=\"https:\/\/i0.wp.com\/blogdoprosperi.com\/wp-content\/uploads\/2022\/12\/20221205175250_604.jpeg?fit=910%2C607&ssl=1\" \/>\n\t<meta property=\"og:image:width\" content=\"910\" \/>\n\t<meta property=\"og:image:height\" content=\"607\" \/>\n\t<meta property=\"og:image:type\" content=\"image\/jpeg\" \/>\n<meta name=\"author\" content=\"Luiz Ant\u00f4nio Pr\u00f3speri\" \/>\n<meta name=\"twitter:card\" content=\"summary_large_image\" \/>\n<meta name=\"twitter:creator\" content=\"@Luizprosperi\" \/>\n<meta name=\"twitter:site\" content=\"@Luizprosperi\" \/>\n<meta name=\"twitter:label1\" content=\"Escrito por\" \/>\n\t<meta name=\"twitter:data1\" content=\"Luiz Ant\u00f4nio Pr\u00f3speri\" \/>\n\t<meta name=\"twitter:label2\" content=\"Est. tempo de leitura\" \/>\n\t<meta name=\"twitter:data2\" content=\"3 minutos\" \/>\n<script type=\"application\/ld+json\" class=\"yoast-schema-graph\">{\"@context\":\"https:\\\/\\\/schema.org\",\"@graph\":[{\"@type\":\"Article\",\"@id\":\"https:\\\/\\\/blogdoprosperi.com\\\/?p=40362#article\",\"isPartOf\":{\"@id\":\"https:\\\/\\\/blogdoprosperi.com\\\/?p=40362\"},\"author\":{\"name\":\"Luiz Ant\u00f4nio Pr\u00f3speri\",\"@id\":\"https:\\\/\\\/blogdoprosperi.com\\\/#\\\/schema\\\/person\\\/38100755ce3601861ee4fab9b5aa78e9\"},\"headline\":\"Brasil x Cro\u00e1cia &#8211; pr\u00e9-jogo: Sele\u00e7\u00e3o cai na conversa das dancinhas e favorito da Copa\",\"datePublished\":\"2022-12-08T16:51:46+00:00\",\"dateModified\":\"2022-12-09T18:53:19+00:00\",\"mainEntityOfPage\":{\"@id\":\"https:\\\/\\\/blogdoprosperi.com\\\/?p=40362\"},\"wordCount\":668,\"commentCount\":0,\"publisher\":{\"@id\":\"https:\\\/\\\/blogdoprosperi.com\\\/#\\\/schema\\\/person\\\/38100755ce3601861ee4fab9b5aa78e9\"},\"image\":{\"@id\":\"https:\\\/\\\/blogdoprosperi.com\\\/?p=40362#primaryimage\"},\"thumbnailUrl\":\"https:\\\/\\\/i0.wp.com\\\/blogdoprosperi.com\\\/wp-content\\\/uploads\\\/2022\\\/12\\\/20221205175250_604.jpeg?fit=910%2C607&ssl=1\",\"keywords\":[\"brasil favorito\",\"copa do mundo Qatar 2022\",\"cro\u00e1cia x brasil\",\"dancinhas do Brasil\",\"futebol\",\"Modric\",\"qatar 2022\",\"Tite\",\"van gaal\"],\"articleSection\":[\"futebol\",\"qatar 2022\",\"Sele\u00e7\u00e3o Brasileira\"],\"inLanguage\":\"pt-BR\",\"potentialAction\":[{\"@type\":\"CommentAction\",\"name\":\"Comment\",\"target\":[\"https:\\\/\\\/blogdoprosperi.com\\\/?p=40362#respond\"]}]},{\"@type\":\"WebPage\",\"@id\":\"https:\\\/\\\/blogdoprosperi.com\\\/?p=40362\",\"url\":\"https:\\\/\\\/blogdoprosperi.com\\\/?p=40362\",\"name\":\"Brasil x Cro\u00e1cia - pr\u00e9-jogo: Sele\u00e7\u00e3o cai na conversa das dancinhas e favorito da Copa - PR\u00d3SPERI NEWS\",\"isPartOf\":{\"@id\":\"https:\\\/\\\/blogdoprosperi.com\\\/#website\"},\"primaryImageOfPage\":{\"@id\":\"https:\\\/\\\/blogdoprosperi.com\\\/?p=40362#primaryimage\"},\"image\":{\"@id\":\"https:\\\/\\\/blogdoprosperi.com\\\/?p=40362#primaryimage\"},\"thumbnailUrl\":\"https:\\\/\\\/i0.wp.com\\\/blogdoprosperi.com\\\/wp-content\\\/uploads\\\/2022\\\/12\\\/20221205175250_604.jpeg?fit=910%2C607&ssl=1\",\"datePublished\":\"2022-12-08T16:51:46+00:00\",\"dateModified\":\"2022-12-09T18:53:19+00:00\",\"breadcrumb\":{\"@id\":\"https:\\\/\\\/blogdoprosperi.com\\\/?p=40362#breadcrumb\"},\"inLanguage\":\"pt-BR\",\"potentialAction\":[{\"@type\":\"ReadAction\",\"target\":[\"https:\\\/\\\/blogdoprosperi.com\\\/?p=40362\"]}]},{\"@type\":\"ImageObject\",\"inLanguage\":\"pt-BR\",\"@id\":\"https:\\\/\\\/blogdoprosperi.com\\\/?p=40362#primaryimage\",\"url\":\"https:\\\/\\\/i0.wp.com\\\/blogdoprosperi.com\\\/wp-content\\\/uploads\\\/2022\\\/12\\\/20221205175250_604.jpeg?fit=910%2C607&ssl=1\",\"contentUrl\":\"https:\\\/\\\/i0.wp.com\\\/blogdoprosperi.com\\\/wp-content\\\/uploads\\\/2022\\\/12\\\/20221205175250_604.jpeg?fit=910%2C607&ssl=1\",\"width\":910,\"height\":607,\"caption\":\"Tite dan\u00e7a no embalo do Pombo Richarlison \u2013 foto: CBF oficial\"},{\"@type\":\"BreadcrumbList\",\"@id\":\"https:\\\/\\\/blogdoprosperi.com\\\/?p=40362#breadcrumb\",\"itemListElement\":[{\"@type\":\"ListItem\",\"position\":1,\"name\":\"In\u00edcio\",\"item\":\"https:\\\/\\\/blogdoprosperi.com\\\/\"},{\"@type\":\"ListItem\",\"position\":2,\"name\":\"Brasil x Cro\u00e1cia &#8211; pr\u00e9-jogo: Sele\u00e7\u00e3o cai na conversa das dancinhas e favorito da Copa\"}]},{\"@type\":\"WebSite\",\"@id\":\"https:\\\/\\\/blogdoprosperi.com\\\/#website\",\"url\":\"https:\\\/\\\/blogdoprosperi.com\\\/\",\"name\":\"PR\u00d3SPERI NEWS\",\"description\":\"TUDO \u00c9  FUTEBOL\",\"publisher\":{\"@id\":\"https:\\\/\\\/blogdoprosperi.com\\\/#\\\/schema\\\/person\\\/38100755ce3601861ee4fab9b5aa78e9\"},\"alternateName\":\"blogdoprosperi.com\",\"potentialAction\":[{\"@type\":\"SearchAction\",\"target\":{\"@type\":\"EntryPoint\",\"urlTemplate\":\"https:\\\/\\\/blogdoprosperi.com\\\/?s={search_term_string}\"},\"query-input\":{\"@type\":\"PropertyValueSpecification\",\"valueRequired\":true,\"valueName\":\"search_term_string\"}}],\"inLanguage\":\"pt-BR\"},{\"@type\":[\"Person\",\"Organization\"],\"@id\":\"https:\\\/\\\/blogdoprosperi.com\\\/#\\\/schema\\\/person\\\/38100755ce3601861ee4fab9b5aa78e9\",\"name\":\"Luiz Ant\u00f4nio Pr\u00f3speri\",\"pronouns\":\"ele\",\"image\":{\"@type\":\"ImageObject\",\"inLanguage\":\"pt-BR\",\"@id\":\"https:\\\/\\\/i0.wp.com\\\/blogdoprosperi.com\\\/wp-content\\\/uploads\\\/2026\\\/05\\\/cropped-8059e613-6002-42fa-961e-8e275f575d71-2-5.jpg?fit=1360%2C931&ssl=1\",\"url\":\"https:\\\/\\\/i0.wp.com\\\/blogdoprosperi.com\\\/wp-content\\\/uploads\\\/2026\\\/05\\\/cropped-8059e613-6002-42fa-961e-8e275f575d71-2-5.jpg?fit=1360%2C931&ssl=1\",\"contentUrl\":\"https:\\\/\\\/i0.wp.com\\\/blogdoprosperi.com\\\/wp-content\\\/uploads\\\/2026\\\/05\\\/cropped-8059e613-6002-42fa-961e-8e275f575d71-2-5.jpg?fit=1360%2C931&ssl=1\",\"width\":1360,\"height\":931,\"caption\":\"Luiz Ant\u00f4nio Pr\u00f3speri\"},\"logo\":{\"@id\":\"https:\\\/\\\/i0.wp.com\\\/blogdoprosperi.com\\\/wp-content\\\/uploads\\\/2026\\\/05\\\/cropped-8059e613-6002-42fa-961e-8e275f575d71-2-5.jpg?fit=1360%2C931&ssl=1\"},\"description\":\"Jornalista com carreira dedicada ao esporte. Cobriu 9 Copas do Mundo in loco, 1990 na It\u00e1lia, 1994 nos EUA, 1998 na Fran\u00e7a, 2002 na Coreia do Sul e Jap\u00e3o, 2006 na Alemanha, 2010 na \u00c1frica do Sul, 2014 no Brasil, 2018 na R\u00fassia e 2022 no Qatar. Eurocopas, 1992 na Su\u00e9cia e 1996 na Inglaterra. Copa das Confedera\u00e7\u00f5es de 2005 na Alemanha e 2009 na \u00c1frica do Sul. Rep\u00f3rter e Editor, trabalhou no Jornal da Tarde e Estad\u00e3o, de 1984 a fevereiro de 2016. Colunista, blogueiro. E comentarista de futebol na R\u00e1dio Estad\u00e3o, de 2013 a fevereiro de 2016. Jornalista respons\u00e1vel do \\\"Pr\u00f3speri News\\\" (blogdoprosperi.com).\",\"sameAs\":[\"http:\\\/\\\/blogdoprosperi.com\",\"Luiz Pr\u00f3speri\",\"@luiz_prosperi\",\"https:\\\/\\\/x.com\\\/Luizprosperi\",\"@prosperinacopa\",\"luiz.prosperi@icloud.com\"],\"url\":\"https:\\\/\\\/blogdoprosperi.com\\\/?author=102107496\"}]}<\/script>\n<!-- \/ Yoast SEO plugin. -->","yoast_head_json":{"title":"Brasil x Cro\u00e1cia - pr\u00e9-jogo: Sele\u00e7\u00e3o cai na conversa das dancinhas e favorito da Copa - PR\u00d3SPERI NEWS","robots":{"index":"index","follow":"follow","max-snippet":"max-snippet:-1","max-image-preview":"max-image-preview:large","max-video-preview":"max-video-preview:-1"},"canonical":"https:\/\/blogdoprosperi.com\/?p=40362","og_locale":"pt_BR","og_type":"article","og_title":"Brasil x Cro\u00e1cia - pr\u00e9-jogo: Sele\u00e7\u00e3o cai na conversa das dancinhas e favorito da Copa - PR\u00d3SPERI NEWS","og_description":"Brasil x Cro\u00e1cia \u2013 A preocupa\u00e7\u00e3o \u00e9 com as dancinhas dos jogadores brasileiros e favoritismo de campe\u00e3o.","og_url":"https:\/\/blogdoprosperi.com\/?p=40362","og_site_name":"PR\u00d3SPERI NEWS","article_publisher":"Luiz Pr\u00f3speri","article_author":"Luiz Pr\u00f3speri","article_published_time":"2022-12-08T16:51:46+00:00","article_modified_time":"2022-12-09T18:53:19+00:00","og_image":[{"width":910,"height":607,"url":"https:\/\/i0.wp.com\/blogdoprosperi.com\/wp-content\/uploads\/2022\/12\/20221205175250_604.jpeg?fit=910%2C607&ssl=1","type":"image\/jpeg"}],"author":"Luiz Ant\u00f4nio Pr\u00f3speri","twitter_card":"summary_large_image","twitter_creator":"@Luizprosperi","twitter_site":"@Luizprosperi","twitter_misc":{"Escrito por":"Luiz Ant\u00f4nio Pr\u00f3speri","Est. tempo de leitura":"3 minutos"},"schema":{"@context":"https:\/\/schema.org","@graph":[{"@type":"Article","@id":"https:\/\/blogdoprosperi.com\/?p=40362#article","isPartOf":{"@id":"https:\/\/blogdoprosperi.com\/?p=40362"},"author":{"name":"Luiz Ant\u00f4nio Pr\u00f3speri","@id":"https:\/\/blogdoprosperi.com\/#\/schema\/person\/38100755ce3601861ee4fab9b5aa78e9"},"headline":"Brasil x Cro\u00e1cia &#8211; pr\u00e9-jogo: Sele\u00e7\u00e3o cai na conversa das dancinhas e favorito da Copa","datePublished":"2022-12-08T16:51:46+00:00","dateModified":"2022-12-09T18:53:19+00:00","mainEntityOfPage":{"@id":"https:\/\/blogdoprosperi.com\/?p=40362"},"wordCount":668,"commentCount":0,"publisher":{"@id":"https:\/\/blogdoprosperi.com\/#\/schema\/person\/38100755ce3601861ee4fab9b5aa78e9"},"image":{"@id":"https:\/\/blogdoprosperi.com\/?p=40362#primaryimage"},"thumbnailUrl":"https:\/\/i0.wp.com\/blogdoprosperi.com\/wp-content\/uploads\/2022\/12\/20221205175250_604.jpeg?fit=910%2C607&ssl=1","keywords":["brasil favorito","copa do mundo Qatar 2022","cro\u00e1cia x brasil","dancinhas do Brasil","futebol","Modric","qatar 2022","Tite","van gaal"],"articleSection":["futebol","qatar 2022","Sele\u00e7\u00e3o Brasileira"],"inLanguage":"pt-BR","potentialAction":[{"@type":"CommentAction","name":"Comment","target":["https:\/\/blogdoprosperi.com\/?p=40362#respond"]}]},{"@type":"WebPage","@id":"https:\/\/blogdoprosperi.com\/?p=40362","url":"https:\/\/blogdoprosperi.com\/?p=40362","name":"Brasil x Cro\u00e1cia - pr\u00e9-jogo: Sele\u00e7\u00e3o cai na conversa das dancinhas e favorito da Copa - PR\u00d3SPERI NEWS","isPartOf":{"@id":"https:\/\/blogdoprosperi.com\/#website"},"primaryImageOfPage":{"@id":"https:\/\/blogdoprosperi.com\/?p=40362#primaryimage"},"image":{"@id":"https:\/\/blogdoprosperi.com\/?p=40362#primaryimage"},"thumbnailUrl":"https:\/\/i0.wp.com\/blogdoprosperi.com\/wp-content\/uploads\/2022\/12\/20221205175250_604.jpeg?fit=910%2C607&ssl=1","datePublished":"2022-12-08T16:51:46+00:00","dateModified":"2022-12-09T18:53:19+00:00","breadcrumb":{"@id":"https:\/\/blogdoprosperi.com\/?p=40362#breadcrumb"},"inLanguage":"pt-BR","potentialAction":[{"@type":"ReadAction","target":["https:\/\/blogdoprosperi.com\/?p=40362"]}]},{"@type":"ImageObject","inLanguage":"pt-BR","@id":"https:\/\/blogdoprosperi.com\/?p=40362#primaryimage","url":"https:\/\/i0.wp.com\/blogdoprosperi.com\/wp-content\/uploads\/2022\/12\/20221205175250_604.jpeg?fit=910%2C607&ssl=1","contentUrl":"https:\/\/i0.wp.com\/blogdoprosperi.com\/wp-content\/uploads\/2022\/12\/20221205175250_604.jpeg?fit=910%2C607&ssl=1","width":910,"height":607,"caption":"Tite dan\u00e7a no embalo do Pombo Richarlison \u2013 foto: CBF oficial"},{"@type":"BreadcrumbList","@id":"https:\/\/blogdoprosperi.com\/?p=40362#breadcrumb","itemListElement":[{"@type":"ListItem","position":1,"name":"In\u00edcio","item":"https:\/\/blogdoprosperi.com\/"},{"@type":"ListItem","position":2,"name":"Brasil x Cro\u00e1cia &#8211; pr\u00e9-jogo: Sele\u00e7\u00e3o cai na conversa das dancinhas e favorito da Copa"}]},{"@type":"WebSite","@id":"https:\/\/blogdoprosperi.com\/#website","url":"https:\/\/blogdoprosperi.com\/","name":"PR\u00d3SPERI NEWS","description":"TUDO \u00c9  FUTEBOL","publisher":{"@id":"https:\/\/blogdoprosperi.com\/#\/schema\/person\/38100755ce3601861ee4fab9b5aa78e9"},"alternateName":"blogdoprosperi.com","potentialAction":[{"@type":"SearchAction","target":{"@type":"EntryPoint","urlTemplate":"https:\/\/blogdoprosperi.com\/?s={search_term_string}"},"query-input":{"@type":"PropertyValueSpecification","valueRequired":true,"valueName":"search_term_string"}}],"inLanguage":"pt-BR"},{"@type":["Person","Organization"],"@id":"https:\/\/blogdoprosperi.com\/#\/schema\/person\/38100755ce3601861ee4fab9b5aa78e9","name":"Luiz Ant\u00f4nio Pr\u00f3speri","pronouns":"ele","image":{"@type":"ImageObject","inLanguage":"pt-BR","@id":"https:\/\/i0.wp.com\/blogdoprosperi.com\/wp-content\/uploads\/2026\/05\/cropped-8059e613-6002-42fa-961e-8e275f575d71-2-5.jpg?fit=1360%2C931&ssl=1","url":"https:\/\/i0.wp.com\/blogdoprosperi.com\/wp-content\/uploads\/2026\/05\/cropped-8059e613-6002-42fa-961e-8e275f575d71-2-5.jpg?fit=1360%2C931&ssl=1","contentUrl":"https:\/\/i0.wp.com\/blogdoprosperi.com\/wp-content\/uploads\/2026\/05\/cropped-8059e613-6002-42fa-961e-8e275f575d71-2-5.jpg?fit=1360%2C931&ssl=1","width":1360,"height":931,"caption":"Luiz Ant\u00f4nio Pr\u00f3speri"},"logo":{"@id":"https:\/\/i0.wp.com\/blogdoprosperi.com\/wp-content\/uploads\/2026\/05\/cropped-8059e613-6002-42fa-961e-8e275f575d71-2-5.jpg?fit=1360%2C931&ssl=1"},"description":"Jornalista com carreira dedicada ao esporte. Cobriu 9 Copas do Mundo in loco, 1990 na It\u00e1lia, 1994 nos EUA, 1998 na Fran\u00e7a, 2002 na Coreia do Sul e Jap\u00e3o, 2006 na Alemanha, 2010 na \u00c1frica do Sul, 2014 no Brasil, 2018 na R\u00fassia e 2022 no Qatar. Eurocopas, 1992 na Su\u00e9cia e 1996 na Inglaterra. Copa das Confedera\u00e7\u00f5es de 2005 na Alemanha e 2009 na \u00c1frica do Sul. Rep\u00f3rter e Editor, trabalhou no Jornal da Tarde e Estad\u00e3o, de 1984 a fevereiro de 2016. Colunista, blogueiro. E comentarista de futebol na R\u00e1dio Estad\u00e3o, de 2013 a fevereiro de 2016. Jornalista respons\u00e1vel do \"Pr\u00f3speri News\" (blogdoprosperi.com).","sameAs":["http:\/\/blogdoprosperi.com","Luiz Pr\u00f3speri","@luiz_prosperi","https:\/\/x.com\/Luizprosperi","@prosperinacopa","luiz.prosperi@icloud.com"],"url":"https:\/\/blogdoprosperi.com\/?author=102107496"}]}},"jetpack_publicize_connections":[],"jetpack_likes_enabled":false,"jetpack_sharing_enabled":true,"jetpack_shortlink":"https:\/\/wp.me\/p7jvdk-av0","jetpack-related-posts":[{"id":40425,"url":"https:\/\/blogdoprosperi.com\/?p=40425","url_meta":{"origin":40362,"position":0},"title":"Brasil n\u00e3o se livra da maldi\u00e7\u00e3o e cai fora da Copa","author":"Luiz Ant\u00f4nio Pr\u00f3speri","date":"9 de dezembro de 2022","format":false,"excerpt":"Brasil est\u00e1 fora da Copa do Mundo Qatar 2022. Desaba nas quartas de final, maldi\u00e7\u00e3o que assola Sele\u00e7\u00e3o desde a Copa de 2006 na Alemanha. \u00c9 o fim do reinado de seis anos de Tite no comando do escrete. E mais uma queda de Neymar, o astro da desilus\u00e3o dos\u2026","rel":"","context":"Em &quot;catar 2022&quot;","block_context":{"text":"catar 2022","link":"https:\/\/blogdoprosperi.com\/?cat=47094043"},"img":{"alt_text":"","src":"https:\/\/i0.wp.com\/blogdoprosperi.com\/wp-content\/uploads\/2022\/12\/hmk0ysx3.jpeg?fit=1200%2C893&ssl=1&resize=350%2C200","width":350,"height":200,"srcset":"https:\/\/i0.wp.com\/blogdoprosperi.com\/wp-content\/uploads\/2022\/12\/hmk0ysx3.jpeg?fit=1200%2C893&ssl=1&resize=350%2C200 1x, https:\/\/i0.wp.com\/blogdoprosperi.com\/wp-content\/uploads\/2022\/12\/hmk0ysx3.jpeg?fit=1200%2C893&ssl=1&resize=525%2C300 1.5x, https:\/\/i0.wp.com\/blogdoprosperi.com\/wp-content\/uploads\/2022\/12\/hmk0ysx3.jpeg?fit=1200%2C893&ssl=1&resize=700%2C400 2x, https:\/\/i0.wp.com\/blogdoprosperi.com\/wp-content\/uploads\/2022\/12\/hmk0ysx3.jpeg?fit=1200%2C893&ssl=1&resize=1050%2C600 3x"},"classes":[]},{"id":40445,"url":"https:\/\/blogdoprosperi.com\/?p=40445","url_meta":{"origin":40362,"position":1},"title":"Marrocos e Argentina nas semifinais d\u00e3o vida ao Qatar","author":"Luiz Ant\u00f4nio Pr\u00f3speri","date":"10 de dezembro de 2022","format":false,"excerpt":"Qatar 2022 entra no livro das Copas do Mundo como uma das mais \"democr\u00e1ticas\" de todos os tempos.","rel":"","context":"Em &quot;futebol&quot;","block_context":{"text":"futebol","link":"https:\/\/blogdoprosperi.com\/?cat=53870"},"img":{"alt_text":"","src":"https:\/\/i0.wp.com\/blogdoprosperi.com\/wp-content\/uploads\/2022\/12\/fjogmabwaaa5jfr.jpeg?fit=1200%2C800&ssl=1&resize=350%2C200","width":350,"height":200,"srcset":"https:\/\/i0.wp.com\/blogdoprosperi.com\/wp-content\/uploads\/2022\/12\/fjogmabwaaa5jfr.jpeg?fit=1200%2C800&ssl=1&resize=350%2C200 1x, https:\/\/i0.wp.com\/blogdoprosperi.com\/wp-content\/uploads\/2022\/12\/fjogmabwaaa5jfr.jpeg?fit=1200%2C800&ssl=1&resize=525%2C300 1.5x, https:\/\/i0.wp.com\/blogdoprosperi.com\/wp-content\/uploads\/2022\/12\/fjogmabwaaa5jfr.jpeg?fit=1200%2C800&ssl=1&resize=700%2C400 2x, https:\/\/i0.wp.com\/blogdoprosperi.com\/wp-content\/uploads\/2022\/12\/fjogmabwaaa5jfr.jpeg?fit=1200%2C800&ssl=1&resize=1050%2C600 3x"},"classes":[]},{"id":40839,"url":"https:\/\/blogdoprosperi.com\/?p=40839","url_meta":{"origin":40362,"position":2},"title":"Sele\u00e7\u00e3o Brasileira precisa de um modelo e jornalismo esportivo voltar a ser s\u00e9rio","author":"Luiz Ant\u00f4nio Pr\u00f3speri","date":"21 de dezembro de 2022","format":false,"excerpt":"Tite deve sim ser debatido. Por seis anos, parte da m\u00eddia se ajoelhou perante ao treinador.","rel":"","context":"Em &quot;futebol&quot;","block_context":{"text":"futebol","link":"https:\/\/blogdoprosperi.com\/?cat=53870"},"img":{"alt_text":"","src":"https:\/\/i0.wp.com\/blogdoprosperi.com\/wp-content\/uploads\/2022\/12\/20221205175250_604.jpeg?fit=910%2C607&ssl=1&resize=350%2C200","width":350,"height":200,"srcset":"https:\/\/i0.wp.com\/blogdoprosperi.com\/wp-content\/uploads\/2022\/12\/20221205175250_604.jpeg?fit=910%2C607&ssl=1&resize=350%2C200 1x, https:\/\/i0.wp.com\/blogdoprosperi.com\/wp-content\/uploads\/2022\/12\/20221205175250_604.jpeg?fit=910%2C607&ssl=1&resize=525%2C300 1.5x, https:\/\/i0.wp.com\/blogdoprosperi.com\/wp-content\/uploads\/2022\/12\/20221205175250_604.jpeg?fit=910%2C607&ssl=1&resize=700%2C400 2x"},"classes":[]},{"id":41758,"url":"https:\/\/blogdoprosperi.com\/?p=41758","url_meta":{"origin":40362,"position":3},"title":"Guru de Tite chega em 2024 e renova\u00e7\u00e3o da Sele\u00e7\u00e3o corre risco","author":"Luiz Ant\u00f4nio Pr\u00f3speri","date":"20 de junho de 2023","format":false,"excerpt":"Chegada de Carlo Ancelotti em 2024 lan\u00e7a uma quest\u00e3o fundamental: como \u00e9 que fica o processo de remontagem da Sele\u00e7\u00e3o Brasileira?","rel":"","context":"Em &quot;catar 2022&quot;","block_context":{"text":"catar 2022","link":"https:\/\/blogdoprosperi.com\/?cat=47094043"},"img":{"alt_text":"","src":"https:\/\/i0.wp.com\/blogdoprosperi.com\/wp-content\/uploads\/2023\/06\/52989781650_5ca2b0913b_c.jpg?fit=800%2C477&ssl=1&resize=350%2C200","width":350,"height":200,"srcset":"https:\/\/i0.wp.com\/blogdoprosperi.com\/wp-content\/uploads\/2023\/06\/52989781650_5ca2b0913b_c.jpg?fit=800%2C477&ssl=1&resize=350%2C200 1x, https:\/\/i0.wp.com\/blogdoprosperi.com\/wp-content\/uploads\/2023\/06\/52989781650_5ca2b0913b_c.jpg?fit=800%2C477&ssl=1&resize=525%2C300 1.5x, https:\/\/i0.wp.com\/blogdoprosperi.com\/wp-content\/uploads\/2023\/06\/52989781650_5ca2b0913b_c.jpg?fit=800%2C477&ssl=1&resize=700%2C400 2x"},"classes":[]},{"id":40538,"url":"https:\/\/blogdoprosperi.com\/?p=40538","url_meta":{"origin":40362,"position":4},"title":"Neymar destro\u00e7ado, Messi nas nuvens","author":"Luiz Ant\u00f4nio Pr\u00f3speri","date":"12 de dezembro de 2022","format":false,"excerpt":"Neymar n\u00e3o digere a queda na Copa, nem se recolhe aos seus. Messi domina ruas de Doha","rel":"","context":"Em &quot;copa do mundo catar 2022&quot;","block_context":{"text":"copa do mundo catar 2022","link":"https:\/\/blogdoprosperi.com\/?cat=301049609"},"img":{"alt_text":"Neymar sim, Neymar n\u00e3o","src":"https:\/\/i0.wp.com\/blogdoprosperi.com\/wp-content\/uploads\/2022\/12\/unnamed.jpg?fit=900%2C1200&ssl=1&resize=350%2C200","width":350,"height":200,"srcset":"https:\/\/i0.wp.com\/blogdoprosperi.com\/wp-content\/uploads\/2022\/12\/unnamed.jpg?fit=900%2C1200&ssl=1&resize=350%2C200 1x, https:\/\/i0.wp.com\/blogdoprosperi.com\/wp-content\/uploads\/2022\/12\/unnamed.jpg?fit=900%2C1200&ssl=1&resize=525%2C300 1.5x, https:\/\/i0.wp.com\/blogdoprosperi.com\/wp-content\/uploads\/2022\/12\/unnamed.jpg?fit=900%2C1200&ssl=1&resize=700%2C400 2x"},"classes":[]},{"id":40054,"url":"https:\/\/blogdoprosperi.com\/?p=40054","url_meta":{"origin":40362,"position":5},"title":"Cro\u00e1cia coloca ponto final na gera\u00e7\u00e3o belga e avan\u00e7a na Copa","author":"Luiz Ant\u00f4nio Pr\u00f3speri","date":"1 de dezembro de 2022","format":false,"excerpt":"Semifinalistas na \u00faltima Copa com direito a eliminar o Brasil nas quartas de final, os belgas voltam para casa. Levam na bagagem o fim de uma gera\u00e7\u00e3o que prometia tudo e n\u00e3o entregou quase nada.","rel":"","context":"Em &quot;futebol&quot;","block_context":{"text":"futebol","link":"https:\/\/blogdoprosperi.com\/?cat=53870"},"img":{"alt_text":"","src":"https:\/\/i0.wp.com\/blogdoprosperi.com\/wp-content\/uploads\/2022\/12\/croatia-v-belgium-group-f-fifa-world-cup-qatar-2022-1.webp?fit=1200%2C800&ssl=1&resize=350%2C200","width":350,"height":200,"srcset":"https:\/\/i0.wp.com\/blogdoprosperi.com\/wp-content\/uploads\/2022\/12\/croatia-v-belgium-group-f-fifa-world-cup-qatar-2022-1.webp?fit=1200%2C800&ssl=1&resize=350%2C200 1x, https:\/\/i0.wp.com\/blogdoprosperi.com\/wp-content\/uploads\/2022\/12\/croatia-v-belgium-group-f-fifa-world-cup-qatar-2022-1.webp?fit=1200%2C800&ssl=1&resize=525%2C300 1.5x, https:\/\/i0.wp.com\/blogdoprosperi.com\/wp-content\/uploads\/2022\/12\/croatia-v-belgium-group-f-fifa-world-cup-qatar-2022-1.webp?fit=1200%2C800&ssl=1&resize=700%2C400 2x, https:\/\/i0.wp.com\/blogdoprosperi.com\/wp-content\/uploads\/2022\/12\/croatia-v-belgium-group-f-fifa-world-cup-qatar-2022-1.webp?fit=1200%2C800&ssl=1&resize=1050%2C600 3x"},"classes":[]}],"jetpack_featured_media_url":"https:\/\/i0.wp.com\/blogdoprosperi.com\/wp-content\/uploads\/2022\/12\/20221205175250_604.jpeg?fit=910%2C607&ssl=1","_links":{"self":[{"href":"https:\/\/blogdoprosperi.com\/index.php?rest_route=\/wp\/v2\/posts\/40362","targetHints":{"allow":["GET"]}}],"collection":[{"href":"https:\/\/blogdoprosperi.com\/index.php?rest_route=\/wp\/v2\/posts"}],"about":[{"href":"https:\/\/blogdoprosperi.com\/index.php?rest_route=\/wp\/v2\/types\/post"}],"author":[{"embeddable":true,"href":"https:\/\/blogdoprosperi.com\/index.php?rest_route=\/wp\/v2\/users\/102107496"}],"replies":[{"embeddable":true,"href":"https:\/\/blogdoprosperi.com\/index.php?rest_route=%2Fwp%2Fv2%2Fcomments&post=40362"}],"version-history":[{"count":19,"href":"https:\/\/blogdoprosperi.com\/index.php?rest_route=\/wp\/v2\/posts\/40362\/revisions"}],"predecessor-version":[{"id":40437,"href":"https:\/\/blogdoprosperi.com\/index.php?rest_route=\/wp\/v2\/posts\/40362\/revisions\/40437"}],"wp:featuredmedia":[{"embeddable":true,"href":"https:\/\/blogdoprosperi.com\/index.php?rest_route=\/wp\/v2\/media\/40371"}],"wp:attachment":[{"href":"https:\/\/blogdoprosperi.com\/index.php?rest_route=%2Fwp%2Fv2%2Fmedia&parent=40362"}],"wp:term":[{"taxonomy":"category","embeddable":true,"href":"https:\/\/blogdoprosperi.com\/index.php?rest_route=%2Fwp%2Fv2%2Fcategories&post=40362"},{"taxonomy":"post_tag","embeddable":true,"href":"https:\/\/blogdoprosperi.com\/index.php?rest_route=%2Fwp%2Fv2%2Ftags&post=40362"}],"curies":[{"name":"wp","href":"https:\/\/api.w.org\/{rel}","templated":true}]}}