{"id":40425,"date":"2022-12-09T15:09:50","date_gmt":"2022-12-09T18:09:50","guid":{"rendered":"https:\/\/blogdoprosperi.com\/?p=40425"},"modified":"2022-12-09T19:57:01","modified_gmt":"2022-12-09T22:57:01","slug":"brasil-nao-se-livra-da-maldicao-e-cai-fora-da-copa","status":"publish","type":"post","link":"https:\/\/blogdoprosperi.com\/?p=40425","title":{"rendered":"Brasil n\u00e3o se livra da maldi\u00e7\u00e3o e cai fora da Copa"},"content":{"rendered":"<p>Brasil est\u00e1 fora da Copa do Mundo Qatar 2022. Desaba nas quartas de final, maldi\u00e7\u00e3o que assola Sele\u00e7\u00e3o desde a Copa de 2006 na Alemanha. \u00c9 o fim do reinado de seis anos de Tite no comando do escrete. E mais uma queda de Neymar, o astro da desilus\u00e3o dos \u00faltimos dez anos do futebol brasileiro.<\/p>\n<p>Neymar bem que lutou. Fez um gola\u00e7o com a b\u00ean\u00e7\u00e3o de Pel\u00e9 na prorroga\u00e7\u00e3o. Igualou a marca do Rei, com 77 gols vestindo a amarelinha. Mas n\u00e3o teve poder suficiente para levar o Brasil \u00e0s semifinais.<\/p>\n<p>Se Neymar fez quase tudo certo, Tite cometeu erros imperdo\u00e1veis no segundo tempo da prorroga\u00e7\u00e3o ao n\u00e3o trancar o Brasil. E ainda escolheu mal os batedores na decis\u00e3o dos p\u00eanaltis dando a miss\u00e3o da primeira cobran\u00e7a ao ca\u00e7ula do time, Rodrygo. Ele bateu e errou. Neymar, o melhor cobrador, ficou por \u00faltimo e nem pode bater o p\u00eanalti. Marquinhos errou o quarto e o Brasil caiu eliminado.<\/p>\n<p><strong>O jogo<\/strong><\/p>\n<p>Cro\u00e1cia bloqueia todas sa\u00eddas do Brasil no primeiro tempo. N\u00e3o sofre e conduz o jogo a seu jeito. Troca passes, investe nas costas de Danilo, improvisado na lateral-esquerda e amarelado antes de 30 minutos. Croatas criam alguns embara\u00e7os ao sistema defensivo de Tite, mas pouco incomodam goleiro Alisson.<\/p>\n<p>Casemiro travado com Modric no seu encal\u00e7o, Paquet\u00e1 perseguido por Kovacic e Neymar guardado no bolso de Brozoivc impediam a Sele\u00e7\u00e3o de progredir ao ataque.<\/p>\n<p>O melhor caminho diante da eficiente marca\u00e7\u00e3o croata passava pelas investidas de Vini Jr em sintonia com Neymar no setor esquerdo. Dali o Brasil chegou a dois \u00fanicos chutes a gol Livakovic.<\/p>\n<p>Outro problema grave da Sele\u00e7\u00e3o: Raphinha n\u00e3o era acionado. Milit\u00e3o n\u00e3o descia a dar guarida ao ponteiro. E Richarlison n\u00e3o tinha meios de sair do caixote da zaga croata. N\u00e3o havia meio-campistas a alimentar essa gente e a controlar o jogo.<\/p>\n<p>Tite teria de mudar Paquet\u00e1 de fun\u00e7\u00e3o ou substituir por um volante mais din\u00e2mico \u2013 Bruno Guimar\u00e3es, por exemplo. Seria uma v\u00e1lvula de escape rumo ao gol em combina\u00e7\u00e3o com Raphinha.<\/p>\n<p>Caso contr\u00e1rio, Sele\u00e7\u00e3o ficaria na depend\u00eancia de uma inven\u00e7\u00e3o de Neymar ou dribles de Vini.<\/p>\n<p>Jogo duro, travado aos brasileiros e bem ao gosto dos croatas. Tite volta do intervalo sem mudan\u00e7as no time. N\u00e3o troca pe\u00e7as. E o jeito de jogar?<\/p>\n<p>Primeiro ataque do Brasil, bola bate na m\u00e3o de Sosa. VAR chama, ignora o poss\u00edvel p\u00eanalti.<\/p>\n<p>Cro\u00e1cia responde com dois contra-ataques, Modric d\u00e1 sinais de que vai assumir as r\u00e9deas do jogo.<\/p>\n<p>Neymar diz n\u00e3o a Modric. E perde gol ao chutar desequilibrado, ap\u00f3s passe de Richarlison.<\/p>\n<p>Brasil mais presente no campo croata. Tite perde paci\u00eancia com Rpahinha e o troca por Antony. Escrete continua na mesma toada. Sem saber como se desbloquear.<\/p>\n<p>Tite apela. Saca Vini, inibido no segundo tempo, e manda garoto Rodrygo \u00e0 ponta-esquerda. Agora tinha dois pontas de muito oxig\u00eanio. Time se lan\u00e7a ao ataque apoiado por Danilo, Milit\u00e3o, Casemiro e Paquet\u00e1, mais os atacantes de of\u00edcio.<\/p>\n<p>Ao se ver pressionada, Cro\u00e1cia acalma o jogo. Esfria. Assume troca lenta de passes no meio campo e chama Modric mais uma vez.<\/p>\n<p>Rodrygo n\u00e3o quer que Modric assuma controle da situa\u00e7\u00e3o. Ent\u00e3o, perninhas r\u00e1pidas, arranca. Serve a Richarlison. Passe a Neymar, que tenta fazer o gol entre as pernas do goleiro Livakovic. Goleiro salva.<\/p>\n<p>\u00c9 a vez de a torcida empurrar a Sele\u00e7\u00e3o. Aumentam decib\u00e9is verde-amarelo no est\u00e1dio. Restam 10 minutos. Um erro que fosse e a casa iria ao ch\u00e3o.<\/p>\n<p>Neymar se adianta a formar parceria com Richarlison. Tite troca Richarlison por Pedro. Sinal de que era para intensificar bombardeio a\u00e9reo. Nada feito.<\/p>\n<p>Minutos escorrem na afli\u00e7\u00e3o da torcida e da total falta de ideias de um Brasil ref\u00e9m de Neymar. N\u00e3o havia mais como pensar o jogo, um jeito de chegar ao gol croata. Ansiosos, jogadores brasileiros n\u00e3o vingaram. Decis\u00e3o vai \u00e0 prorroga\u00e7\u00e3o. Momento de aten\u00e7\u00e3o m\u00e1xima e erro m\u00ednimo. Cro\u00e1cia sai fortalecida a encarar os 30 minutos decisivos. Os favoritos ao t\u00edtulo foram domados nos 90 minutos.<\/p>\n<p>Primeira parte da prorroga\u00e7\u00e3o termina com um gola\u00e7o de Neymar. No \u00faltimo minuto, craque arranca, chama Rodrygo \u00e0 tabela, toca e recebe de volta, busca Paquet\u00e1 dentro da \u00e1rea, toca e recebe, se livra de Sosa e chuta no alto do gol. Um senhor gol. Craque escreve seu nome na Copa do Qatar.<\/p>\n<p>Neymar igualava n\u00famero de gols de Pel\u00e9 na Sele\u00e7\u00e3o Brasileira, 77. A ben\u00e7\u00e3o do Rei.<\/p>\n<p>Croatas, incr\u00e9dulos. Pouco antes do gol de Neymar, perderam um tento feito. Brozovic chutou por cima das traves de Alisson. Essa a diferen\u00e7a, Brozovic n\u00e3o \u00e9 Neymar.<\/p>\n<p>Nos 15 minutos derradeiros da prorroga\u00e7\u00e3o, Tite troca Paquet\u00e1 por Fred e Milit\u00e3o por Alex Sandro. Era o momento de ver quem n\u00e3o tinha os nervos esgar\u00e7ados. Cro\u00e1cia ronda campo da Sele\u00e7\u00e3o. Dalic manda seus grandalh\u00f5es na busca do \u00faltimo suspiro.<\/p>\n<p>Quando o Brasil estava todo desarrumado na defesa pensando s\u00f3 em atacar, pecado grave, Casemiro \u00e9 desarmado por Modric e aciona contra-ataque que acaba em passe certeiro a Petkovic na entrada da grande \u00e1rea. Chute reto desvia em Marquinhos e ilude Alisson. Cro\u00e1cia 1 a 1 Brasil.<\/p>\n<p>Vaga \u00e0 semifinal agora mais do que nunca dependia em boa parte de Alisson, goleiro que pouco trabalho teve no jogo e prorroga\u00e7\u00e3o. Bem diferente de Livakovic, autor de alguns milagres. Era decis\u00e3o nos p\u00eanaltis.<\/p>\n<p>Livakovic defende p\u00eanalti de Rodrygo, o primeiro a bater. Croatas n\u00e3o erram nenhum. Marquinhos acerta trave e Brasil esta fora da Copa. Cro\u00e1cia avan\u00e7a \u00e0s semifinais.<\/p>\n<p>Jogadores do Brasil desabam, um a um tombam no gramado. L\u00e1grimas aos montes. Neymar deita com rosto na grama molhada e mistura seu choro ao ch\u00e3o \u00famido. Estava desfeito seu sonho de conquistar uma Copa do Mundo.<\/p>\n<p>Brasil n\u00e3o acaba com maldi\u00e7\u00e3o das quartas de final. Mais uma vez eliminado por uma sele\u00e7\u00e3o europeia. \u00c9 o fim da era Tite. E o come\u00e7o de uma nova gera\u00e7\u00e3o sentindo na pele a dor cruel de uma derrota.<\/p>\n<figure id=\"attachment_40435\" aria-describedby=\"caption-attachment-40435\" style=\"width: 940px\" class=\"wp-caption alignnone\"><img data-recalc-dims=\"1\" loading=\"lazy\" decoding=\"async\" data-attachment-id=\"40435\" data-permalink=\"https:\/\/blogdoprosperi.com\/?attachment_id=40435\" data-orig-file=\"https:\/\/i0.wp.com\/blogdoprosperi.com\/wp-content\/uploads\/2022\/12\/pbpuyf_e.jpeg?fit=1200%2C800&amp;ssl=1\" data-orig-size=\"1200,800\" data-comments-opened=\"1\" data-image-meta=\"{&quot;aperture&quot;:&quot;0&quot;,&quot;credit&quot;:&quot;&quot;,&quot;camera&quot;:&quot;&quot;,&quot;caption&quot;:&quot;&quot;,&quot;created_timestamp&quot;:&quot;0&quot;,&quot;copyright&quot;:&quot;&quot;,&quot;focal_length&quot;:&quot;0&quot;,&quot;iso&quot;:&quot;0&quot;,&quot;shutter_speed&quot;:&quot;0&quot;,&quot;title&quot;:&quot;&quot;,&quot;orientation&quot;:&quot;0&quot;}\" data-image-title=\"\" data-image-description=\"\" data-image-caption=\"&lt;p&gt;foto: Twitter&lt;\/p&gt;\n\" data-large-file=\"https:\/\/i0.wp.com\/blogdoprosperi.com\/wp-content\/uploads\/2022\/12\/pbpuyf_e.jpeg?fit=940%2C627&amp;ssl=1\" class=\"size-large wp-image-40435\" src=\"https:\/\/i0.wp.com\/blogdoprosperi.com\/wp-content\/uploads\/2022\/12\/pbpuyf_e.jpeg?resize=940%2C627&#038;ssl=1\" alt=\"\" width=\"940\" height=\"627\"><figcaption id=\"caption-attachment-40435\" class=\"wp-caption-text\">foto: Twitter<\/figcaption><\/figure>\n<hr>\n<p><em><strong>YouTube \u2013 Acompanhe cobertura jornal\u00edstica da Sele\u00e7\u00e3o Brasileira e Qatar 2022 no canal Pr\u00f3speri na Copa:<img alt=\"\">&nbsp;<\/strong><\/em><span style=\"color: #0000ff\"><strong><a style=\"color: #0000ff\" href=\"https:\/\/www.youtube.com\/@prosperinacopa\">https:\/\/www.youtube.com\/@prosperinacopa<\/a><\/strong><\/span><\/p>\n","protected":false},"excerpt":{"rendered":"<p>Brasil est\u00e1 fora da Copa do Mundo Qatar 2022. Desaba nas quartas de final, maldi\u00e7\u00e3o que assola Sele\u00e7\u00e3o [&hellip;]<\/p>\n","protected":false},"author":102107496,"featured_media":40434,"comment_status":"open","ping_status":"open","sticky":false,"template":"","format":"standard","meta":{"_coblocks_attr":"","_coblocks_dimensions":"","_coblocks_responsive_height":"","_coblocks_accordion_ie_support":"","_jetpack_newsletter_access":"","_jetpack_dont_email_post_to_subs":false,"_jetpack_newsletter_tier_id":0,"_jetpack_memberships_contains_paywalled_content":false,"_wpcom_ai_launchpad_first_post":false,"_jetpack_feature_clip_id":0,"_jetpack_memberships_contains_paid_content":false,"footnotes":"","jetpack_publicize_message":"","jetpack_publicize_feature_enabled":true,"jetpack_social_post_already_shared":false,"jetpack_social_options":{"image_generator_settings":{"template":"highway","default_image_id":0,"font":"","enabled":false},"version":2},"jetpack_post_was_ever_published":false},"categories":[47094043,301049609,29811679,174694],"tags":[233049098,47274269,2789161,4112146,789560564,789560571,755853591,1814220,646227778],"class_list":["post-40425","post","type-post","status-publish","format-standard","has-post-thumbnail","hentry","category-catar-2022","category-copa-do-mundo-catar-2022","category-qatar-2022","category-selecao-brasileira","tag-brasil-x-croacia","tag-copa-do-mundo-qatar-2022","tag-modric","tag-neymar","tag-pele","tag-qatar-2022","tag-richarlsion","tag-tite","tag-vini-jr"],"yoast_head":"<!-- This site is optimized with the Yoast SEO plugin v28.3 - https:\/\/yoast.com\/product\/yoast-seo-wordpress\/ -->\n<title>Brasil n\u00e3o se livra da maldi\u00e7\u00e3o e cai fora da Copa - PR\u00d3SPERI NEWS<\/title>\n<meta name=\"robots\" content=\"index, follow, max-snippet:-1, max-image-preview:large, max-video-preview:-1\" \/>\n<link rel=\"canonical\" href=\"https:\/\/blogdoprosperi.com\/?p=40425\" \/>\n<meta property=\"og:locale\" content=\"pt_BR\" \/>\n<meta property=\"og:type\" content=\"article\" \/>\n<meta property=\"og:title\" content=\"Brasil n\u00e3o se livra da maldi\u00e7\u00e3o e cai fora da Copa - PR\u00d3SPERI NEWS\" \/>\n<meta property=\"og:description\" content=\"Brasil est\u00e1 fora da Copa do Mundo Qatar 2022. Desaba nas quartas de final, maldi\u00e7\u00e3o que assola Sele\u00e7\u00e3o [&hellip;]\" \/>\n<meta property=\"og:url\" content=\"https:\/\/blogdoprosperi.com\/?p=40425\" \/>\n<meta property=\"og:site_name\" content=\"PR\u00d3SPERI NEWS\" \/>\n<meta property=\"article:publisher\" content=\"Luiz Pr\u00f3speri\" \/>\n<meta property=\"article:author\" content=\"Luiz Pr\u00f3speri\" \/>\n<meta property=\"article:published_time\" content=\"2022-12-09T18:09:50+00:00\" \/>\n<meta property=\"article:modified_time\" content=\"2022-12-09T22:57:01+00:00\" \/>\n<meta property=\"og:image\" content=\"https:\/\/i0.wp.com\/blogdoprosperi.com\/wp-content\/uploads\/2022\/12\/hmk0ysx3.jpeg?fit=1200%2C893&ssl=1\" \/>\n\t<meta property=\"og:image:width\" content=\"1200\" \/>\n\t<meta property=\"og:image:height\" content=\"893\" \/>\n\t<meta property=\"og:image:type\" content=\"image\/jpeg\" \/>\n<meta name=\"author\" content=\"Luiz Ant\u00f4nio Pr\u00f3speri\" \/>\n<meta name=\"twitter:card\" content=\"summary_large_image\" \/>\n<meta name=\"twitter:creator\" content=\"@Luizprosperi\" \/>\n<meta name=\"twitter:site\" content=\"@Luizprosperi\" \/>\n<meta name=\"twitter:label1\" content=\"Escrito por\" \/>\n\t<meta name=\"twitter:data1\" content=\"Luiz Ant\u00f4nio Pr\u00f3speri\" \/>\n\t<meta name=\"twitter:label2\" content=\"Est. tempo de leitura\" \/>\n\t<meta name=\"twitter:data2\" content=\"5 minutos\" \/>\n<script type=\"application\/ld+json\" class=\"yoast-schema-graph\">{\"@context\":\"https:\\\/\\\/schema.org\",\"@graph\":[{\"@type\":\"Article\",\"@id\":\"https:\\\/\\\/blogdoprosperi.com\\\/?p=40425#article\",\"isPartOf\":{\"@id\":\"https:\\\/\\\/blogdoprosperi.com\\\/?p=40425\"},\"author\":{\"name\":\"Luiz Ant\u00f4nio Pr\u00f3speri\",\"@id\":\"https:\\\/\\\/blogdoprosperi.com\\\/#\\\/schema\\\/person\\\/38100755ce3601861ee4fab9b5aa78e9\"},\"headline\":\"Brasil n\u00e3o se livra da maldi\u00e7\u00e3o e cai fora da Copa\",\"datePublished\":\"2022-12-09T18:09:50+00:00\",\"dateModified\":\"2022-12-09T22:57:01+00:00\",\"mainEntityOfPage\":{\"@id\":\"https:\\\/\\\/blogdoprosperi.com\\\/?p=40425\"},\"wordCount\":1111,\"commentCount\":2,\"publisher\":{\"@id\":\"https:\\\/\\\/blogdoprosperi.com\\\/#\\\/schema\\\/person\\\/38100755ce3601861ee4fab9b5aa78e9\"},\"image\":{\"@id\":\"https:\\\/\\\/blogdoprosperi.com\\\/?p=40425#primaryimage\"},\"thumbnailUrl\":\"https:\\\/\\\/i0.wp.com\\\/blogdoprosperi.com\\\/wp-content\\\/uploads\\\/2022\\\/12\\\/hmk0ysx3.jpeg?fit=1200%2C893&ssl=1\",\"keywords\":[\"brasil x cro\u00e1cia\",\"copa do mundo Qatar 2022\",\"Modric\",\"Neymar\",\"Pel\u00e9\",\"qatar 2022\",\"richarlsion\",\"Tite\",\"Vini Jr\"],\"articleSection\":[\"catar 2022\",\"copa do mundo catar 2022\",\"qatar 2022\",\"Sele\u00e7\u00e3o Brasileira\"],\"inLanguage\":\"pt-BR\",\"potentialAction\":[{\"@type\":\"CommentAction\",\"name\":\"Comment\",\"target\":[\"https:\\\/\\\/blogdoprosperi.com\\\/?p=40425#respond\"]}]},{\"@type\":\"WebPage\",\"@id\":\"https:\\\/\\\/blogdoprosperi.com\\\/?p=40425\",\"url\":\"https:\\\/\\\/blogdoprosperi.com\\\/?p=40425\",\"name\":\"Brasil n\u00e3o se livra da maldi\u00e7\u00e3o e cai fora da Copa - PR\u00d3SPERI NEWS\",\"isPartOf\":{\"@id\":\"https:\\\/\\\/blogdoprosperi.com\\\/#website\"},\"primaryImageOfPage\":{\"@id\":\"https:\\\/\\\/blogdoprosperi.com\\\/?p=40425#primaryimage\"},\"image\":{\"@id\":\"https:\\\/\\\/blogdoprosperi.com\\\/?p=40425#primaryimage\"},\"thumbnailUrl\":\"https:\\\/\\\/i0.wp.com\\\/blogdoprosperi.com\\\/wp-content\\\/uploads\\\/2022\\\/12\\\/hmk0ysx3.jpeg?fit=1200%2C893&ssl=1\",\"datePublished\":\"2022-12-09T18:09:50+00:00\",\"dateModified\":\"2022-12-09T22:57:01+00:00\",\"breadcrumb\":{\"@id\":\"https:\\\/\\\/blogdoprosperi.com\\\/?p=40425#breadcrumb\"},\"inLanguage\":\"pt-BR\",\"potentialAction\":[{\"@type\":\"ReadAction\",\"target\":[\"https:\\\/\\\/blogdoprosperi.com\\\/?p=40425\"]}]},{\"@type\":\"ImageObject\",\"inLanguage\":\"pt-BR\",\"@id\":\"https:\\\/\\\/blogdoprosperi.com\\\/?p=40425#primaryimage\",\"url\":\"https:\\\/\\\/i0.wp.com\\\/blogdoprosperi.com\\\/wp-content\\\/uploads\\\/2022\\\/12\\\/hmk0ysx3.jpeg?fit=1200%2C893&ssl=1\",\"contentUrl\":\"https:\\\/\\\/i0.wp.com\\\/blogdoprosperi.com\\\/wp-content\\\/uploads\\\/2022\\\/12\\\/hmk0ysx3.jpeg?fit=1200%2C893&ssl=1\",\"width\":1200,\"height\":893,\"caption\":\"foto: Twitter\"},{\"@type\":\"BreadcrumbList\",\"@id\":\"https:\\\/\\\/blogdoprosperi.com\\\/?p=40425#breadcrumb\",\"itemListElement\":[{\"@type\":\"ListItem\",\"position\":1,\"name\":\"In\u00edcio\",\"item\":\"https:\\\/\\\/blogdoprosperi.com\\\/\"},{\"@type\":\"ListItem\",\"position\":2,\"name\":\"Brasil n\u00e3o se livra da maldi\u00e7\u00e3o e cai fora da Copa\"}]},{\"@type\":\"WebSite\",\"@id\":\"https:\\\/\\\/blogdoprosperi.com\\\/#website\",\"url\":\"https:\\\/\\\/blogdoprosperi.com\\\/\",\"name\":\"PR\u00d3SPERI NEWS\",\"description\":\"TUDO \u00c9  FUTEBOL\",\"publisher\":{\"@id\":\"https:\\\/\\\/blogdoprosperi.com\\\/#\\\/schema\\\/person\\\/38100755ce3601861ee4fab9b5aa78e9\"},\"alternateName\":\"blogdoprosperi.com\",\"potentialAction\":[{\"@type\":\"SearchAction\",\"target\":{\"@type\":\"EntryPoint\",\"urlTemplate\":\"https:\\\/\\\/blogdoprosperi.com\\\/?s={search_term_string}\"},\"query-input\":{\"@type\":\"PropertyValueSpecification\",\"valueRequired\":true,\"valueName\":\"search_term_string\"}}],\"inLanguage\":\"pt-BR\"},{\"@type\":[\"Person\",\"Organization\"],\"@id\":\"https:\\\/\\\/blogdoprosperi.com\\\/#\\\/schema\\\/person\\\/38100755ce3601861ee4fab9b5aa78e9\",\"name\":\"Luiz Ant\u00f4nio Pr\u00f3speri\",\"pronouns\":\"ele\",\"image\":{\"@type\":\"ImageObject\",\"inLanguage\":\"pt-BR\",\"@id\":\"https:\\\/\\\/i0.wp.com\\\/blogdoprosperi.com\\\/wp-content\\\/uploads\\\/2026\\\/05\\\/cropped-8059e613-6002-42fa-961e-8e275f575d71-2-5.jpg?fit=1360%2C931&ssl=1\",\"url\":\"https:\\\/\\\/i0.wp.com\\\/blogdoprosperi.com\\\/wp-content\\\/uploads\\\/2026\\\/05\\\/cropped-8059e613-6002-42fa-961e-8e275f575d71-2-5.jpg?fit=1360%2C931&ssl=1\",\"contentUrl\":\"https:\\\/\\\/i0.wp.com\\\/blogdoprosperi.com\\\/wp-content\\\/uploads\\\/2026\\\/05\\\/cropped-8059e613-6002-42fa-961e-8e275f575d71-2-5.jpg?fit=1360%2C931&ssl=1\",\"width\":1360,\"height\":931,\"caption\":\"Luiz Ant\u00f4nio Pr\u00f3speri\"},\"logo\":{\"@id\":\"https:\\\/\\\/i0.wp.com\\\/blogdoprosperi.com\\\/wp-content\\\/uploads\\\/2026\\\/05\\\/cropped-8059e613-6002-42fa-961e-8e275f575d71-2-5.jpg?fit=1360%2C931&ssl=1\"},\"description\":\"Jornalista com carreira dedicada ao esporte. Cobriu 9 Copas do Mundo in loco, 1990 na It\u00e1lia, 1994 nos EUA, 1998 na Fran\u00e7a, 2002 na Coreia do Sul e Jap\u00e3o, 2006 na Alemanha, 2010 na \u00c1frica do Sul, 2014 no Brasil, 2018 na R\u00fassia e 2022 no Qatar. Eurocopas, 1992 na Su\u00e9cia e 1996 na Inglaterra. Copa das Confedera\u00e7\u00f5es de 2005 na Alemanha e 2009 na \u00c1frica do Sul. Rep\u00f3rter e Editor, trabalhou no Jornal da Tarde e Estad\u00e3o, de 1984 a fevereiro de 2016. Colunista, blogueiro. E comentarista de futebol na R\u00e1dio Estad\u00e3o, de 2013 a fevereiro de 2016. Jornalista respons\u00e1vel do \\\"Pr\u00f3speri News\\\" (blogdoprosperi.com).\",\"sameAs\":[\"http:\\\/\\\/blogdoprosperi.com\",\"Luiz Pr\u00f3speri\",\"@luiz_prosperi\",\"https:\\\/\\\/x.com\\\/Luizprosperi\",\"@prosperinacopa\",\"luiz.prosperi@icloud.com\"],\"url\":\"https:\\\/\\\/blogdoprosperi.com\\\/?author=102107496\"}]}<\/script>\n<!-- \/ Yoast SEO plugin. -->","yoast_head_json":{"title":"Brasil n\u00e3o se livra da maldi\u00e7\u00e3o e cai fora da Copa - PR\u00d3SPERI NEWS","robots":{"index":"index","follow":"follow","max-snippet":"max-snippet:-1","max-image-preview":"max-image-preview:large","max-video-preview":"max-video-preview:-1"},"canonical":"https:\/\/blogdoprosperi.com\/?p=40425","og_locale":"pt_BR","og_type":"article","og_title":"Brasil n\u00e3o se livra da maldi\u00e7\u00e3o e cai fora da Copa - PR\u00d3SPERI NEWS","og_description":"Brasil est\u00e1 fora da Copa do Mundo Qatar 2022. Desaba nas quartas de final, maldi\u00e7\u00e3o que assola Sele\u00e7\u00e3o [&hellip;]","og_url":"https:\/\/blogdoprosperi.com\/?p=40425","og_site_name":"PR\u00d3SPERI NEWS","article_publisher":"Luiz Pr\u00f3speri","article_author":"Luiz Pr\u00f3speri","article_published_time":"2022-12-09T18:09:50+00:00","article_modified_time":"2022-12-09T22:57:01+00:00","og_image":[{"width":1200,"height":893,"url":"https:\/\/i0.wp.com\/blogdoprosperi.com\/wp-content\/uploads\/2022\/12\/hmk0ysx3.jpeg?fit=1200%2C893&ssl=1","type":"image\/jpeg"}],"author":"Luiz Ant\u00f4nio Pr\u00f3speri","twitter_card":"summary_large_image","twitter_creator":"@Luizprosperi","twitter_site":"@Luizprosperi","twitter_misc":{"Escrito por":"Luiz Ant\u00f4nio Pr\u00f3speri","Est. tempo de leitura":"5 minutos"},"schema":{"@context":"https:\/\/schema.org","@graph":[{"@type":"Article","@id":"https:\/\/blogdoprosperi.com\/?p=40425#article","isPartOf":{"@id":"https:\/\/blogdoprosperi.com\/?p=40425"},"author":{"name":"Luiz Ant\u00f4nio Pr\u00f3speri","@id":"https:\/\/blogdoprosperi.com\/#\/schema\/person\/38100755ce3601861ee4fab9b5aa78e9"},"headline":"Brasil n\u00e3o se livra da maldi\u00e7\u00e3o e cai fora da Copa","datePublished":"2022-12-09T18:09:50+00:00","dateModified":"2022-12-09T22:57:01+00:00","mainEntityOfPage":{"@id":"https:\/\/blogdoprosperi.com\/?p=40425"},"wordCount":1111,"commentCount":2,"publisher":{"@id":"https:\/\/blogdoprosperi.com\/#\/schema\/person\/38100755ce3601861ee4fab9b5aa78e9"},"image":{"@id":"https:\/\/blogdoprosperi.com\/?p=40425#primaryimage"},"thumbnailUrl":"https:\/\/i0.wp.com\/blogdoprosperi.com\/wp-content\/uploads\/2022\/12\/hmk0ysx3.jpeg?fit=1200%2C893&ssl=1","keywords":["brasil x cro\u00e1cia","copa do mundo Qatar 2022","Modric","Neymar","Pel\u00e9","qatar 2022","richarlsion","Tite","Vini Jr"],"articleSection":["catar 2022","copa do mundo catar 2022","qatar 2022","Sele\u00e7\u00e3o Brasileira"],"inLanguage":"pt-BR","potentialAction":[{"@type":"CommentAction","name":"Comment","target":["https:\/\/blogdoprosperi.com\/?p=40425#respond"]}]},{"@type":"WebPage","@id":"https:\/\/blogdoprosperi.com\/?p=40425","url":"https:\/\/blogdoprosperi.com\/?p=40425","name":"Brasil n\u00e3o se livra da maldi\u00e7\u00e3o e cai fora da Copa - PR\u00d3SPERI NEWS","isPartOf":{"@id":"https:\/\/blogdoprosperi.com\/#website"},"primaryImageOfPage":{"@id":"https:\/\/blogdoprosperi.com\/?p=40425#primaryimage"},"image":{"@id":"https:\/\/blogdoprosperi.com\/?p=40425#primaryimage"},"thumbnailUrl":"https:\/\/i0.wp.com\/blogdoprosperi.com\/wp-content\/uploads\/2022\/12\/hmk0ysx3.jpeg?fit=1200%2C893&ssl=1","datePublished":"2022-12-09T18:09:50+00:00","dateModified":"2022-12-09T22:57:01+00:00","breadcrumb":{"@id":"https:\/\/blogdoprosperi.com\/?p=40425#breadcrumb"},"inLanguage":"pt-BR","potentialAction":[{"@type":"ReadAction","target":["https:\/\/blogdoprosperi.com\/?p=40425"]}]},{"@type":"ImageObject","inLanguage":"pt-BR","@id":"https:\/\/blogdoprosperi.com\/?p=40425#primaryimage","url":"https:\/\/i0.wp.com\/blogdoprosperi.com\/wp-content\/uploads\/2022\/12\/hmk0ysx3.jpeg?fit=1200%2C893&ssl=1","contentUrl":"https:\/\/i0.wp.com\/blogdoprosperi.com\/wp-content\/uploads\/2022\/12\/hmk0ysx3.jpeg?fit=1200%2C893&ssl=1","width":1200,"height":893,"caption":"foto: Twitter"},{"@type":"BreadcrumbList","@id":"https:\/\/blogdoprosperi.com\/?p=40425#breadcrumb","itemListElement":[{"@type":"ListItem","position":1,"name":"In\u00edcio","item":"https:\/\/blogdoprosperi.com\/"},{"@type":"ListItem","position":2,"name":"Brasil n\u00e3o se livra da maldi\u00e7\u00e3o e cai fora da Copa"}]},{"@type":"WebSite","@id":"https:\/\/blogdoprosperi.com\/#website","url":"https:\/\/blogdoprosperi.com\/","name":"PR\u00d3SPERI NEWS","description":"TUDO \u00c9  FUTEBOL","publisher":{"@id":"https:\/\/blogdoprosperi.com\/#\/schema\/person\/38100755ce3601861ee4fab9b5aa78e9"},"alternateName":"blogdoprosperi.com","potentialAction":[{"@type":"SearchAction","target":{"@type":"EntryPoint","urlTemplate":"https:\/\/blogdoprosperi.com\/?s={search_term_string}"},"query-input":{"@type":"PropertyValueSpecification","valueRequired":true,"valueName":"search_term_string"}}],"inLanguage":"pt-BR"},{"@type":["Person","Organization"],"@id":"https:\/\/blogdoprosperi.com\/#\/schema\/person\/38100755ce3601861ee4fab9b5aa78e9","name":"Luiz Ant\u00f4nio Pr\u00f3speri","pronouns":"ele","image":{"@type":"ImageObject","inLanguage":"pt-BR","@id":"https:\/\/i0.wp.com\/blogdoprosperi.com\/wp-content\/uploads\/2026\/05\/cropped-8059e613-6002-42fa-961e-8e275f575d71-2-5.jpg?fit=1360%2C931&ssl=1","url":"https:\/\/i0.wp.com\/blogdoprosperi.com\/wp-content\/uploads\/2026\/05\/cropped-8059e613-6002-42fa-961e-8e275f575d71-2-5.jpg?fit=1360%2C931&ssl=1","contentUrl":"https:\/\/i0.wp.com\/blogdoprosperi.com\/wp-content\/uploads\/2026\/05\/cropped-8059e613-6002-42fa-961e-8e275f575d71-2-5.jpg?fit=1360%2C931&ssl=1","width":1360,"height":931,"caption":"Luiz Ant\u00f4nio Pr\u00f3speri"},"logo":{"@id":"https:\/\/i0.wp.com\/blogdoprosperi.com\/wp-content\/uploads\/2026\/05\/cropped-8059e613-6002-42fa-961e-8e275f575d71-2-5.jpg?fit=1360%2C931&ssl=1"},"description":"Jornalista com carreira dedicada ao esporte. Cobriu 9 Copas do Mundo in loco, 1990 na It\u00e1lia, 1994 nos EUA, 1998 na Fran\u00e7a, 2002 na Coreia do Sul e Jap\u00e3o, 2006 na Alemanha, 2010 na \u00c1frica do Sul, 2014 no Brasil, 2018 na R\u00fassia e 2022 no Qatar. Eurocopas, 1992 na Su\u00e9cia e 1996 na Inglaterra. Copa das Confedera\u00e7\u00f5es de 2005 na Alemanha e 2009 na \u00c1frica do Sul. Rep\u00f3rter e Editor, trabalhou no Jornal da Tarde e Estad\u00e3o, de 1984 a fevereiro de 2016. Colunista, blogueiro. E comentarista de futebol na R\u00e1dio Estad\u00e3o, de 2013 a fevereiro de 2016. Jornalista respons\u00e1vel do \"Pr\u00f3speri News\" (blogdoprosperi.com).","sameAs":["http:\/\/blogdoprosperi.com","Luiz Pr\u00f3speri","@luiz_prosperi","https:\/\/x.com\/Luizprosperi","@prosperinacopa","luiz.prosperi@icloud.com"],"url":"https:\/\/blogdoprosperi.com\/?author=102107496"}]}},"jetpack_publicize_connections":[],"jetpack_likes_enabled":false,"jetpack_sharing_enabled":true,"jetpack_shortlink":"https:\/\/wp.me\/p7jvdk-aw1","jetpack-related-posts":[{"id":39667,"url":"https:\/\/blogdoprosperi.com\/?p=39667","url_meta":{"origin":40425,"position":0},"title":"Brasil vence Tun\u00edsia com goleada e manda recado \u00e0 concorr\u00eancia e racismo","author":"Luiz Ant\u00f4nio Pr\u00f3speri","date":"27 de setembro de 2022","format":false,"excerpt":"Brasil vence amistoso no est\u00e1dio do PSG em Paris. Jogo tem momentos de f\u00faria e racismo com banana atirada no campo.","rel":"","context":"Em &quot;catar 2022&quot;","block_context":{"text":"catar 2022","link":"https:\/\/blogdoprosperi.com\/?cat=47094043"},"img":{"alt_text":"","src":"https:\/\/i0.wp.com\/blogdoprosperi.com\/wp-content\/uploads\/2022\/09\/52388807461_00a5b7804e_c-1.jpg?fit=799%2C533&ssl=1&resize=350%2C200","width":350,"height":200,"srcset":"https:\/\/i0.wp.com\/blogdoprosperi.com\/wp-content\/uploads\/2022\/09\/52388807461_00a5b7804e_c-1.jpg?fit=799%2C533&ssl=1&resize=350%2C200 1x, https:\/\/i0.wp.com\/blogdoprosperi.com\/wp-content\/uploads\/2022\/09\/52388807461_00a5b7804e_c-1.jpg?fit=799%2C533&ssl=1&resize=525%2C300 1.5x, https:\/\/i0.wp.com\/blogdoprosperi.com\/wp-content\/uploads\/2022\/09\/52388807461_00a5b7804e_c-1.jpg?fit=799%2C533&ssl=1&resize=700%2C400 2x"},"classes":[]},{"id":40283,"url":"https:\/\/blogdoprosperi.com\/?p=40283","url_meta":{"origin":40425,"position":1},"title":"Brasil pulveriza Coreia do Sul e se rende a Pel\u00e9","author":"Luiz Ant\u00f4nio Pr\u00f3speri","date":"5 de dezembro de 2022","format":false,"excerpt":"Brasil vence Coreia do Sul na emo\u00e7\u00e3o das homenagens ao Rei. Ao fim do jogo, com a vit\u00f3ria por 4 a 1 com grife do futebol brasileiro, e samba quente no som alarmante do est\u00e1dio 974, jogadores abrem a faixa: Pel\u00e9! Emocionante. Justa homenagem a Pel\u00e9, que enfrenta problema grave\u2026","rel":"","context":"Em &quot;catar 2022&quot;","block_context":{"text":"catar 2022","link":"https:\/\/blogdoprosperi.com\/?cat=47094043"},"img":{"alt_text":"","src":"https:\/\/i0.wp.com\/blogdoprosperi.com\/wp-content\/uploads\/2022\/12\/52545612245_ba132f8a3c_c.jpg?fit=799%2C533&ssl=1&resize=350%2C200","width":350,"height":200,"srcset":"https:\/\/i0.wp.com\/blogdoprosperi.com\/wp-content\/uploads\/2022\/12\/52545612245_ba132f8a3c_c.jpg?fit=799%2C533&ssl=1&resize=350%2C200 1x, https:\/\/i0.wp.com\/blogdoprosperi.com\/wp-content\/uploads\/2022\/12\/52545612245_ba132f8a3c_c.jpg?fit=799%2C533&ssl=1&resize=525%2C300 1.5x, https:\/\/i0.wp.com\/blogdoprosperi.com\/wp-content\/uploads\/2022\/12\/52545612245_ba132f8a3c_c.jpg?fit=799%2C533&ssl=1&resize=700%2C400 2x"},"classes":[]},{"id":39594,"url":"https:\/\/blogdoprosperi.com\/?p=39594","url_meta":{"origin":40425,"position":2},"title":"Brasil passeia no pen\u00faltimo amistoso antes da Copa Qatar 2022","author":"Luiz Ant\u00f4nio Pr\u00f3speri","date":"23 de setembro de 2022","format":false,"excerpt":"Sele\u00e7\u00e3o Brasileira vence Gana sem nenhum constrangimento no pen\u00faltimo amistoso antes da estreia na Copa do Mundo Qatar 2022. A vit\u00f3ria por 3 a 0, constru\u00edda no primeiro tempo, tem participa\u00e7\u00e3o decisiva do atacante Richarlison, autor de dois gols, em Le Havre na Fran\u00e7a. Brasil molda o primeiro tempo do\u2026","rel":"","context":"Em &quot;catar 2022&quot;","block_context":{"text":"catar 2022","link":"https:\/\/blogdoprosperi.com\/?cat=47094043"},"img":{"alt_text":"","src":"https:\/\/i0.wp.com\/blogdoprosperi.com\/wp-content\/uploads\/2022\/09\/52379122781_8ca520c918_c.jpg?fit=799%2C533&ssl=1&resize=350%2C200","width":350,"height":200,"srcset":"https:\/\/i0.wp.com\/blogdoprosperi.com\/wp-content\/uploads\/2022\/09\/52379122781_8ca520c918_c.jpg?fit=799%2C533&ssl=1&resize=350%2C200 1x, https:\/\/i0.wp.com\/blogdoprosperi.com\/wp-content\/uploads\/2022\/09\/52379122781_8ca520c918_c.jpg?fit=799%2C533&ssl=1&resize=525%2C300 1.5x, https:\/\/i0.wp.com\/blogdoprosperi.com\/wp-content\/uploads\/2022\/09\/52379122781_8ca520c918_c.jpg?fit=799%2C533&ssl=1&resize=700%2C400 2x"},"classes":[]},{"id":41758,"url":"https:\/\/blogdoprosperi.com\/?p=41758","url_meta":{"origin":40425,"position":3},"title":"Guru de Tite chega em 2024 e renova\u00e7\u00e3o da Sele\u00e7\u00e3o corre risco","author":"Luiz Ant\u00f4nio Pr\u00f3speri","date":"20 de junho de 2023","format":false,"excerpt":"Chegada de Carlo Ancelotti em 2024 lan\u00e7a uma quest\u00e3o fundamental: como \u00e9 que fica o processo de remontagem da Sele\u00e7\u00e3o Brasileira?","rel":"","context":"Em &quot;catar 2022&quot;","block_context":{"text":"catar 2022","link":"https:\/\/blogdoprosperi.com\/?cat=47094043"},"img":{"alt_text":"","src":"https:\/\/i0.wp.com\/blogdoprosperi.com\/wp-content\/uploads\/2023\/06\/52989781650_5ca2b0913b_c.jpg?fit=800%2C477&ssl=1&resize=350%2C200","width":350,"height":200,"srcset":"https:\/\/i0.wp.com\/blogdoprosperi.com\/wp-content\/uploads\/2023\/06\/52989781650_5ca2b0913b_c.jpg?fit=800%2C477&ssl=1&resize=350%2C200 1x, https:\/\/i0.wp.com\/blogdoprosperi.com\/wp-content\/uploads\/2023\/06\/52989781650_5ca2b0913b_c.jpg?fit=800%2C477&ssl=1&resize=525%2C300 1.5x, https:\/\/i0.wp.com\/blogdoprosperi.com\/wp-content\/uploads\/2023\/06\/52989781650_5ca2b0913b_c.jpg?fit=800%2C477&ssl=1&resize=700%2C400 2x"},"classes":[]},{"id":38941,"url":"https:\/\/blogdoprosperi.com\/?p=38941","url_meta":{"origin":40425,"position":4},"title":"Endrick do Palmeiras e a travessia da Copa Catar 2022","author":"Luiz Ant\u00f4nio Pr\u00f3speri","date":"13 de julho de 2022","format":false,"excerpt":"Sele\u00e7\u00e3o Brasileira tem pressa. O futebol brasileiro \u00e9 apressado por natureza. Chega a Copa do Mundo e come\u00e7a a busca nos confins por um novo fen\u00f4meno \u2013 \u00e9 da cultura do pa\u00eds metido a ter os mais talentosos jogadores da Terra. Por isso, anotem a\u00ed, Endrick, do Palmeiras, ser\u00e1 o\u2026","rel":"","context":"Em &quot;futebol&quot;","block_context":{"text":"futebol","link":"https:\/\/blogdoprosperi.com\/?cat=53870"},"img":{"alt_text":"","src":"https:\/\/i0.wp.com\/blogdoprosperi.com\/wp-content\/uploads\/2022\/07\/endrick-20042022110424799.jpg?fit=771%2C420&ssl=1&resize=350%2C200","width":350,"height":200,"srcset":"https:\/\/i0.wp.com\/blogdoprosperi.com\/wp-content\/uploads\/2022\/07\/endrick-20042022110424799.jpg?fit=771%2C420&ssl=1&resize=350%2C200 1x, https:\/\/i0.wp.com\/blogdoprosperi.com\/wp-content\/uploads\/2022\/07\/endrick-20042022110424799.jpg?fit=771%2C420&ssl=1&resize=525%2C300 1.5x, https:\/\/i0.wp.com\/blogdoprosperi.com\/wp-content\/uploads\/2022\/07\/endrick-20042022110424799.jpg?fit=771%2C420&ssl=1&resize=700%2C400 2x"},"classes":[]},{"id":40080,"url":"https:\/\/blogdoprosperi.com\/?p=40080","url_meta":{"origin":40425,"position":5},"title":"Pr\u00e9-jogo Brasil x Camar\u00f5es: A luta dos reservas de Tite","author":"Luiz Ant\u00f4nio Pr\u00f3speri","date":"2 de dezembro de 2022","format":false,"excerpt":"Sele\u00e7\u00e3o Brasileira encara jogo contra Camar\u00f5es, \u00e0s 16h, como uma chance de olhar os reservas de Tite. Quem briga por posi\u00e7\u00e3o? Acompanhe an\u00e1lise.","rel":"","context":"Em &quot;catar 2022&quot;","block_context":{"text":"catar 2022","link":"https:\/\/blogdoprosperi.com\/?cat=47094043"},"img":{"alt_text":"","src":"https:\/\/i0.wp.com\/blogdoprosperi.com\/wp-content\/uploads\/2022\/12\/52536356073_061e74c294_c.jpg?fit=800%2C533&ssl=1&resize=350%2C200","width":350,"height":200,"srcset":"https:\/\/i0.wp.com\/blogdoprosperi.com\/wp-content\/uploads\/2022\/12\/52536356073_061e74c294_c.jpg?fit=800%2C533&ssl=1&resize=350%2C200 1x, https:\/\/i0.wp.com\/blogdoprosperi.com\/wp-content\/uploads\/2022\/12\/52536356073_061e74c294_c.jpg?fit=800%2C533&ssl=1&resize=525%2C300 1.5x, https:\/\/i0.wp.com\/blogdoprosperi.com\/wp-content\/uploads\/2022\/12\/52536356073_061e74c294_c.jpg?fit=800%2C533&ssl=1&resize=700%2C400 2x"},"classes":[]}],"jetpack_featured_media_url":"https:\/\/i0.wp.com\/blogdoprosperi.com\/wp-content\/uploads\/2022\/12\/hmk0ysx3.jpeg?fit=1200%2C893&ssl=1","_links":{"self":[{"href":"https:\/\/blogdoprosperi.com\/index.php?rest_route=\/wp\/v2\/posts\/40425","targetHints":{"allow":["GET"]}}],"collection":[{"href":"https:\/\/blogdoprosperi.com\/index.php?rest_route=\/wp\/v2\/posts"}],"about":[{"href":"https:\/\/blogdoprosperi.com\/index.php?rest_route=\/wp\/v2\/types\/post"}],"author":[{"embeddable":true,"href":"https:\/\/blogdoprosperi.com\/index.php?rest_route=\/wp\/v2\/users\/102107496"}],"replies":[{"embeddable":true,"href":"https:\/\/blogdoprosperi.com\/index.php?rest_route=%2Fwp%2Fv2%2Fcomments&post=40425"}],"version-history":[{"count":8,"href":"https:\/\/blogdoprosperi.com\/index.php?rest_route=\/wp\/v2\/posts\/40425\/revisions"}],"predecessor-version":[{"id":40438,"href":"https:\/\/blogdoprosperi.com\/index.php?rest_route=\/wp\/v2\/posts\/40425\/revisions\/40438"}],"wp:featuredmedia":[{"embeddable":true,"href":"https:\/\/blogdoprosperi.com\/index.php?rest_route=\/wp\/v2\/media\/40434"}],"wp:attachment":[{"href":"https:\/\/blogdoprosperi.com\/index.php?rest_route=%2Fwp%2Fv2%2Fmedia&parent=40425"}],"wp:term":[{"taxonomy":"category","embeddable":true,"href":"https:\/\/blogdoprosperi.com\/index.php?rest_route=%2Fwp%2Fv2%2Fcategories&post=40425"},{"taxonomy":"post_tag","embeddable":true,"href":"https:\/\/blogdoprosperi.com\/index.php?rest_route=%2Fwp%2Fv2%2Ftags&post=40425"}],"curies":[{"name":"wp","href":"https:\/\/api.w.org\/{rel}","templated":true}]}}