{"id":40608,"date":"2022-12-14T18:22:36","date_gmt":"2022-12-14T21:22:36","guid":{"rendered":"https:\/\/blogdoprosperi.com\/?p=40608"},"modified":"2022-12-15T08:43:00","modified_gmt":"2022-12-15T11:43:00","slug":"franca-acaba-com-ilusao-de-marrocos-e-chega-a-final-da-copa","status":"publish","type":"post","link":"https:\/\/blogdoprosperi.com\/?p=40608","title":{"rendered":"Fran\u00e7a acaba com ilus\u00e3o de Marrocos e chega \u00e0 final da Copa"},"content":{"rendered":"<p>Fran\u00e7a se credencia a disputar contra Argentina a final da Copa do Mundo Qatar 2022 com a vit\u00f3ria por 2 a 0 diante do surpreendente Marrocos. Chega \u00e0 segunda decis\u00e3o consecutiva. Em 2018 levou a ta\u00e7a para casa campe\u00e3 em Moscou. Espera repetir a dose domingo em Doha no desafio com Messi. Marrocos para nesta semifinal. Por alguns dias sustentou a ilus\u00e3o de que poderiam elevar a \u00c1frica \u00c1rabe aos c\u00e9us.<\/p>\n<p>N\u00e3o foi poss\u00edvel no jogo. Mas no&nbsp;hino, marroquinos venceram os franceses. Convocaram o mundo a seguir seu chamado.<\/p>\n<p>&#8220;Vamos fazer com que o mundo perceba que viveremos eternamente aqui. Seguindo nosso lema.&nbsp;Al\u00e1, a p\u00e1tria e o rei.&#8221;<\/p>\n<p>Encobrem a for\u00e7a da La Marseillaise. &#8220;\u00c0s armas, cidad\u00e3os!&nbsp;Formai vossos batalh\u00f5es!&nbsp;Marchem, marchem!&nbsp;Que um sangue impuro. Ague o nosso arado!&#8221;<\/p>\n<p>A vit\u00f3ria no hino n\u00e3o foi pela for\u00e7a de suas mensagens e m\u00fasica e sim pelo n\u00famero de vozes a entoar o canto no est\u00e1dio Al Bayt, a enorme tenda \u00e1rabe armada no deserto em nome do futebol.<\/p>\n<p>Maioria esmagadora na tenda, marroquinos empurram seus jogadores a engolir os franceses antes do apito inicial. Come\u00e7a o jogo e a fervura abaixa. Um gol de Theo Hernandez, logo aos 4 minutos, em falha coletiva da defesa de Marrocos, soa como um golpe na linha de cintura dos africanos.<\/p>\n<p>Torcedores, tingindo est\u00e1dio de vermelho \u2013 a cor marroquina \u2013, se aquietam por poucos minutos e depois levantam como guerreiros. &#8220;Viveremos eternamente aqui&#8221;, cantam e cantam.<\/p>\n<p>A Fran\u00e7a n\u00e3o muda tom. N\u00e3o consegue ouvir nenhum dos seus nas arquibancadas. Ent\u00e3o trata de esfriar o jogo, marcando sa\u00edda de bola marroquina e sem medo de ser contra-atacada. Inventa um faz de conta a iludir o advers\u00e1rio.<\/p>\n<p>Jogo s\u00f3 pende para o lado de Marrocos quando o t\u00e9cnico troca sistema 5-4-1 por 4-4-2. Seu time ganha mais gente no meio campo e agilidade a levar a bola ao territ\u00f3rio franc\u00eas. Investe nas arrancadas de Ziyech em sintonia de Hakimi e na cria\u00e7\u00e3o de Ounahi, pernas longas e talento raro.<\/p>\n<p>Falta dizer que os marroquinos queriam vencer os franceses tamb\u00e9m no cansa\u00e7o de tanta correria.<\/p>\n<p>E o empate esteve perto na sobra de um escanteio quando El Yamiq inventa uma chamada meia bicicleta obrigando Lloris e a trave salvarem a Fran\u00e7a. Era o \u00faltimo ato do primeiro tempo.<\/p>\n<p>Come\u00e7a a segunda parte do jogo e Marrocos vai na jugular da Fran\u00e7a. Ataca com quatro a seis na zona de gol embalado por quase 70 mil vozes. Criam tr\u00eas ocasi\u00f5es de gol e param nas rebatidas dos zagueiros de azul.<\/p>\n<p>Encurralada, atual campe\u00e3 do mundo perde controle do jogo e, al\u00e9m de s\u00f3 se defender, vive de buscar Mbapp\u00e9 e sua velocidade de b\u00f3lido.<\/p>\n<figure id=\"attachment_40615\" aria-describedby=\"caption-attachment-40615\" style=\"width: 900px\" class=\"wp-caption alignnone\"><img data-recalc-dims=\"1\" loading=\"lazy\" decoding=\"async\" data-attachment-id=\"40615\" data-permalink=\"https:\/\/blogdoprosperi.com\/?attachment_id=40615\" data-orig-file=\"https:\/\/i0.wp.com\/blogdoprosperi.com\/wp-content\/uploads\/2022\/12\/fj96oezxwaizlfv-1.jpeg?fit=900%2C597&amp;ssl=1\" data-orig-size=\"900,597\" data-comments-opened=\"1\" data-image-meta=\"{&quot;aperture&quot;:&quot;0&quot;,&quot;credit&quot;:&quot;&quot;,&quot;camera&quot;:&quot;&quot;,&quot;caption&quot;:&quot;&quot;,&quot;created_timestamp&quot;:&quot;0&quot;,&quot;copyright&quot;:&quot;&quot;,&quot;focal_length&quot;:&quot;0&quot;,&quot;iso&quot;:&quot;0&quot;,&quot;shutter_speed&quot;:&quot;0&quot;,&quot;title&quot;:&quot;&quot;,&quot;orientation&quot;:&quot;0&quot;}\" data-image-title=\"Torcida de Marrocos e a ilus\u00e3o perdida\" data-image-description=\"\" data-image-caption=\"&lt;p&gt;foto: Twitter Fifa&lt;\/p&gt;\n\" data-large-file=\"https:\/\/i0.wp.com\/blogdoprosperi.com\/wp-content\/uploads\/2022\/12\/fj96oezxwaizlfv-1.jpeg?fit=900%2C597&amp;ssl=1\" class=\"size-full wp-image-40615\" src=\"https:\/\/i0.wp.com\/blogdoprosperi.com\/wp-content\/uploads\/2022\/12\/fj96oezxwaizlfv-1.jpeg?resize=900%2C597&#038;ssl=1\" alt=\"\" width=\"900\" height=\"597\"><figcaption id=\"caption-attachment-40615\" class=\"wp-caption-text\">foto: Twitter Fifa<\/figcaption><\/figure>\n<p>A pergunta quando o jogo chega perto dos 30 minutos: at\u00e9 quando Marrocos ia correr sem freios no embalo de sua torcida?<\/p>\n<p>Deschamps resolve mudar jeito da Fran\u00e7a jogar. Troca Giroux por Thuran e manda Mbapp\u00e9 fazer a fun\u00e7\u00e3o de centroavante se enfiado entre os dois zagueiros de base da defesa marroquina.<\/p>\n<p>Africanos perdem um pouco o f\u00f4lego. Criam uma jogada solo com Hamdallah que pensou na placa antes de fazer o gol. Dribla franceses na grande \u00e1rea e se perde no \u00faltimo ato.<\/p>\n<p>A resposta a esse gol perdido vem r\u00e1pida. Mbapp\u00e9 aparece driblando na \u00e1rea marroquina, chuta, a bola resvala em um zagueiro sem sorte e sobra limpa para Solo Muani apenas empurrar \u00e0 rede e apagar o fogo vermelho do est\u00e1dio. &nbsp;Um sil\u00eancio desceu das arquibancadas. Fran\u00e7a 2 a 0.<\/p>\n<p>Sonho marroquino se dilu\u00eda antes mesmo de se concretizar. A Fran\u00e7a estava mais perto da final da Copa. Era tempo de fazer o tempo escorrer.<\/p>\n<p>Era poss\u00edvel ver choro em meninos, m\u00e3os encobrindo rostos nos adultos e a ilus\u00e3o perdida, mesmo que os africanos tivessem a ilus\u00e3o por obriga\u00e7\u00e3o. Nunca foram t\u00e3o longe numa Copa do Mundo.<\/p>\n<p>No fim eles tombaram aplaudidos de p\u00e9 pela imensid\u00e3o vermelha. &#8220;Vamos fazer com que o mundo perceba que viveremos eternamente aqui&#8221;.<\/p>\n<p>A Fran\u00e7a est\u00e1 na final da Copa do Qatar 2022. Domingo, dia 18\/12, decide com Argentina quem ser\u00e1 o dono do mundo. Mbapp\u00e9 x Messi.<\/p>\n<figure id=\"attachment_40614\" aria-describedby=\"caption-attachment-40614\" style=\"width: 900px\" class=\"wp-caption alignnone\"><img data-recalc-dims=\"1\" loading=\"lazy\" decoding=\"async\" data-attachment-id=\"40614\" data-permalink=\"https:\/\/blogdoprosperi.com\/?attachment_id=40614\" data-orig-file=\"https:\/\/i0.wp.com\/blogdoprosperi.com\/wp-content\/uploads\/2022\/12\/fj96ohvwaaezqh_.jpeg?fit=900%2C608&amp;ssl=1\" data-orig-size=\"900,608\" data-comments-opened=\"1\" data-image-meta=\"{&quot;aperture&quot;:&quot;0&quot;,&quot;credit&quot;:&quot;&quot;,&quot;camera&quot;:&quot;&quot;,&quot;caption&quot;:&quot;&quot;,&quot;created_timestamp&quot;:&quot;0&quot;,&quot;copyright&quot;:&quot;&quot;,&quot;focal_length&quot;:&quot;0&quot;,&quot;iso&quot;:&quot;0&quot;,&quot;shutter_speed&quot;:&quot;0&quot;,&quot;title&quot;:&quot;&quot;,&quot;orientation&quot;:&quot;0&quot;}\" data-image-title=\"Em honra a Al\u00e1\" data-image-description=\"\" data-image-caption=\"&lt;p&gt;foto: Twitter Fifa&lt;\/p&gt;\n\" data-large-file=\"https:\/\/i0.wp.com\/blogdoprosperi.com\/wp-content\/uploads\/2022\/12\/fj96ohvwaaezqh_.jpeg?fit=900%2C608&amp;ssl=1\" class=\"size-full wp-image-40614\" src=\"https:\/\/i0.wp.com\/blogdoprosperi.com\/wp-content\/uploads\/2022\/12\/fj96ohvwaaezqh_.jpeg?resize=900%2C608&#038;ssl=1\" alt=\"\" width=\"900\" height=\"608\"><figcaption id=\"caption-attachment-40614\" class=\"wp-caption-text\">foto: Twitter Fifa<\/figcaption><\/figure>\n<p>Doha, 14 dezembro, 2022. Por Luiz Ant\u00f4nio Pr\u00f3speri<\/p>\n<hr>\n<p><em><strong>Youtube \u2013 Acompanhe bastidores da Sele\u00e7\u00e3o e Qatar 2022 no canal @prosperinacopa<\/strong><\/em>: <span style=\"color: #0000ff\"><strong><a href=\"https:\/\/www.youtube.com\/@prosperinacopa\" rel=\"nofollow\">https:\/\/www.youtube.com\/@prosperinacopa<\/a><\/strong><\/span><\/p>\n","protected":false},"excerpt":{"rendered":"<p>Fran\u00e7a se credencia a disputar contra Argentina a final da Copa do Mundo Qatar 2022 com a vit\u00f3ria por 2 a 0 diante do surpreendente Marrocos<\/p>\n","protected":false},"author":102107496,"featured_media":40616,"comment_status":"open","ping_status":"open","sticky":false,"template":"","format":"standard","meta":{"_coblocks_attr":"","_coblocks_dimensions":"","_coblocks_responsive_height":"","_coblocks_accordion_ie_support":"","_jetpack_newsletter_access":"","_jetpack_dont_email_post_to_subs":false,"_jetpack_newsletter_tier_id":0,"_jetpack_memberships_contains_paywalled_content":false,"_wpcom_ai_launchpad_first_post":false,"_jetpack_feature_clip_id":0,"_jetpack_memberships_contains_paid_content":false,"footnotes":"","jetpack_publicize_message":"","jetpack_publicize_feature_enabled":true,"jetpack_social_post_already_shared":false,"jetpack_social_options":{"image_generator_settings":{"template":"highway","default_image_id":0,"font":"","enabled":false},"version":2},"jetpack_post_was_ever_published":false},"categories":[47094043,53870,29811679],"tags":[47274269,7768221,758033647,529501170,789560560,6864272,24279794,274059415,789560571,369207915,546624366],"class_list":["post-40608","post","type-post","status-publish","format-standard","has-post-thumbnail","hentry","category-catar-2022","category-futebol","category-qatar-2022","tag-copa-do-mundo-qatar-2022","tag-final-da-copa","tag-franca-2-x-0-marrocos","tag-franca-x-argentina","tag-futebol","tag-hakimi","tag-mbappe","tag-muani","tag-qatar-2022","tag-theo-hernandez","tag-zyech"],"yoast_head":"<!-- This site is optimized with the Yoast SEO plugin v28.3 - https:\/\/yoast.com\/product\/yoast-seo-wordpress\/ -->\n<title>Fran\u00e7a acaba com ilus\u00e3o de Marrocos e chega \u00e0 final da Copa - PR\u00d3SPERI NEWS<\/title>\n<meta name=\"robots\" content=\"index, follow, max-snippet:-1, max-image-preview:large, max-video-preview:-1\" \/>\n<link rel=\"canonical\" href=\"https:\/\/blogdoprosperi.com\/?p=40608\" \/>\n<meta property=\"og:locale\" content=\"pt_BR\" \/>\n<meta property=\"og:type\" content=\"article\" \/>\n<meta property=\"og:title\" content=\"Fran\u00e7a acaba com ilus\u00e3o de Marrocos e chega \u00e0 final da Copa - PR\u00d3SPERI NEWS\" \/>\n<meta property=\"og:description\" content=\"Fran\u00e7a se credencia a disputar contra Argentina a final da Copa do Mundo Qatar 2022 com a vit\u00f3ria por 2 a 0 diante do surpreendente Marrocos\" \/>\n<meta property=\"og:url\" content=\"https:\/\/blogdoprosperi.com\/?p=40608\" \/>\n<meta property=\"og:site_name\" content=\"PR\u00d3SPERI NEWS\" \/>\n<meta property=\"article:publisher\" content=\"Luiz Pr\u00f3speri\" \/>\n<meta property=\"article:author\" content=\"Luiz Pr\u00f3speri\" \/>\n<meta property=\"article:published_time\" content=\"2022-12-14T21:22:36+00:00\" \/>\n<meta property=\"article:modified_time\" content=\"2022-12-15T11:43:00+00:00\" \/>\n<meta property=\"og:image\" content=\"https:\/\/i0.wp.com\/blogdoprosperi.com\/wp-content\/uploads\/2022\/12\/fj95engwyai8ky9.jpeg?fit=1200%2C800&ssl=1\" \/>\n\t<meta property=\"og:image:width\" content=\"1200\" \/>\n\t<meta property=\"og:image:height\" content=\"800\" \/>\n\t<meta property=\"og:image:type\" content=\"image\/jpeg\" \/>\n<meta name=\"author\" content=\"Luiz Ant\u00f4nio Pr\u00f3speri\" \/>\n<meta name=\"twitter:card\" content=\"summary_large_image\" \/>\n<meta name=\"twitter:creator\" content=\"@Luizprosperi\" \/>\n<meta name=\"twitter:site\" content=\"@Luizprosperi\" \/>\n<meta name=\"twitter:label1\" content=\"Escrito por\" \/>\n\t<meta name=\"twitter:data1\" content=\"Luiz Ant\u00f4nio Pr\u00f3speri\" \/>\n\t<meta name=\"twitter:label2\" content=\"Est. tempo de leitura\" \/>\n\t<meta name=\"twitter:data2\" content=\"4 minutos\" \/>\n<script type=\"application\/ld+json\" class=\"yoast-schema-graph\">{\"@context\":\"https:\\\/\\\/schema.org\",\"@graph\":[{\"@type\":\"Article\",\"@id\":\"https:\\\/\\\/blogdoprosperi.com\\\/?p=40608#article\",\"isPartOf\":{\"@id\":\"https:\\\/\\\/blogdoprosperi.com\\\/?p=40608\"},\"author\":{\"name\":\"Luiz Ant\u00f4nio Pr\u00f3speri\",\"@id\":\"https:\\\/\\\/blogdoprosperi.com\\\/#\\\/schema\\\/person\\\/38100755ce3601861ee4fab9b5aa78e9\"},\"headline\":\"Fran\u00e7a acaba com ilus\u00e3o de Marrocos e chega \u00e0 final da Copa\",\"datePublished\":\"2022-12-14T21:22:36+00:00\",\"dateModified\":\"2022-12-15T11:43:00+00:00\",\"mainEntityOfPage\":{\"@id\":\"https:\\\/\\\/blogdoprosperi.com\\\/?p=40608\"},\"wordCount\":791,\"commentCount\":0,\"publisher\":{\"@id\":\"https:\\\/\\\/blogdoprosperi.com\\\/#\\\/schema\\\/person\\\/38100755ce3601861ee4fab9b5aa78e9\"},\"image\":{\"@id\":\"https:\\\/\\\/blogdoprosperi.com\\\/?p=40608#primaryimage\"},\"thumbnailUrl\":\"https:\\\/\\\/i0.wp.com\\\/blogdoprosperi.com\\\/wp-content\\\/uploads\\\/2022\\\/12\\\/fj95engwyai8ky9.jpeg?fit=1200%2C800&ssl=1\",\"keywords\":[\"copa do mundo Qatar 2022\",\"final da copa\",\"Fran\u00e7a 2 x 0 Marrocos\",\"fran\u00e7a x argentina\",\"futebol\",\"Hakimi\",\"mbapp\u00e9\",\"Muani\",\"qatar 2022\",\"Theo Hernandez\",\"Zyech\"],\"articleSection\":[\"catar 2022\",\"futebol\",\"qatar 2022\"],\"inLanguage\":\"pt-BR\",\"potentialAction\":[{\"@type\":\"CommentAction\",\"name\":\"Comment\",\"target\":[\"https:\\\/\\\/blogdoprosperi.com\\\/?p=40608#respond\"]}]},{\"@type\":\"WebPage\",\"@id\":\"https:\\\/\\\/blogdoprosperi.com\\\/?p=40608\",\"url\":\"https:\\\/\\\/blogdoprosperi.com\\\/?p=40608\",\"name\":\"Fran\u00e7a acaba com ilus\u00e3o de Marrocos e chega \u00e0 final da Copa - PR\u00d3SPERI NEWS\",\"isPartOf\":{\"@id\":\"https:\\\/\\\/blogdoprosperi.com\\\/#website\"},\"primaryImageOfPage\":{\"@id\":\"https:\\\/\\\/blogdoprosperi.com\\\/?p=40608#primaryimage\"},\"image\":{\"@id\":\"https:\\\/\\\/blogdoprosperi.com\\\/?p=40608#primaryimage\"},\"thumbnailUrl\":\"https:\\\/\\\/i0.wp.com\\\/blogdoprosperi.com\\\/wp-content\\\/uploads\\\/2022\\\/12\\\/fj95engwyai8ky9.jpeg?fit=1200%2C800&ssl=1\",\"datePublished\":\"2022-12-14T21:22:36+00:00\",\"dateModified\":\"2022-12-15T11:43:00+00:00\",\"breadcrumb\":{\"@id\":\"https:\\\/\\\/blogdoprosperi.com\\\/?p=40608#breadcrumb\"},\"inLanguage\":\"pt-BR\",\"potentialAction\":[{\"@type\":\"ReadAction\",\"target\":[\"https:\\\/\\\/blogdoprosperi.com\\\/?p=40608\"]}]},{\"@type\":\"ImageObject\",\"inLanguage\":\"pt-BR\",\"@id\":\"https:\\\/\\\/blogdoprosperi.com\\\/?p=40608#primaryimage\",\"url\":\"https:\\\/\\\/i0.wp.com\\\/blogdoprosperi.com\\\/wp-content\\\/uploads\\\/2022\\\/12\\\/fj95engwyai8ky9.jpeg?fit=1200%2C800&ssl=1\",\"contentUrl\":\"https:\\\/\\\/i0.wp.com\\\/blogdoprosperi.com\\\/wp-content\\\/uploads\\\/2022\\\/12\\\/fj95engwyai8ky9.jpeg?fit=1200%2C800&ssl=1\",\"width\":1200,\"height\":800,\"caption\":\"foto: Twitter Fifa\"},{\"@type\":\"BreadcrumbList\",\"@id\":\"https:\\\/\\\/blogdoprosperi.com\\\/?p=40608#breadcrumb\",\"itemListElement\":[{\"@type\":\"ListItem\",\"position\":1,\"name\":\"In\u00edcio\",\"item\":\"https:\\\/\\\/blogdoprosperi.com\\\/\"},{\"@type\":\"ListItem\",\"position\":2,\"name\":\"Fran\u00e7a acaba com ilus\u00e3o de Marrocos e chega \u00e0 final da Copa\"}]},{\"@type\":\"WebSite\",\"@id\":\"https:\\\/\\\/blogdoprosperi.com\\\/#website\",\"url\":\"https:\\\/\\\/blogdoprosperi.com\\\/\",\"name\":\"PR\u00d3SPERI NEWS\",\"description\":\"TUDO \u00c9  FUTEBOL\",\"publisher\":{\"@id\":\"https:\\\/\\\/blogdoprosperi.com\\\/#\\\/schema\\\/person\\\/38100755ce3601861ee4fab9b5aa78e9\"},\"alternateName\":\"blogdoprosperi.com\",\"potentialAction\":[{\"@type\":\"SearchAction\",\"target\":{\"@type\":\"EntryPoint\",\"urlTemplate\":\"https:\\\/\\\/blogdoprosperi.com\\\/?s={search_term_string}\"},\"query-input\":{\"@type\":\"PropertyValueSpecification\",\"valueRequired\":true,\"valueName\":\"search_term_string\"}}],\"inLanguage\":\"pt-BR\"},{\"@type\":[\"Person\",\"Organization\"],\"@id\":\"https:\\\/\\\/blogdoprosperi.com\\\/#\\\/schema\\\/person\\\/38100755ce3601861ee4fab9b5aa78e9\",\"name\":\"Luiz Ant\u00f4nio Pr\u00f3speri\",\"pronouns\":\"ele\",\"image\":{\"@type\":\"ImageObject\",\"inLanguage\":\"pt-BR\",\"@id\":\"https:\\\/\\\/i0.wp.com\\\/blogdoprosperi.com\\\/wp-content\\\/uploads\\\/2026\\\/05\\\/cropped-8059e613-6002-42fa-961e-8e275f575d71-2-5.jpg?fit=1360%2C931&ssl=1\",\"url\":\"https:\\\/\\\/i0.wp.com\\\/blogdoprosperi.com\\\/wp-content\\\/uploads\\\/2026\\\/05\\\/cropped-8059e613-6002-42fa-961e-8e275f575d71-2-5.jpg?fit=1360%2C931&ssl=1\",\"contentUrl\":\"https:\\\/\\\/i0.wp.com\\\/blogdoprosperi.com\\\/wp-content\\\/uploads\\\/2026\\\/05\\\/cropped-8059e613-6002-42fa-961e-8e275f575d71-2-5.jpg?fit=1360%2C931&ssl=1\",\"width\":1360,\"height\":931,\"caption\":\"Luiz Ant\u00f4nio Pr\u00f3speri\"},\"logo\":{\"@id\":\"https:\\\/\\\/i0.wp.com\\\/blogdoprosperi.com\\\/wp-content\\\/uploads\\\/2026\\\/05\\\/cropped-8059e613-6002-42fa-961e-8e275f575d71-2-5.jpg?fit=1360%2C931&ssl=1\"},\"description\":\"Jornalista com carreira dedicada ao esporte. Cobriu 9 Copas do Mundo in loco, 1990 na It\u00e1lia, 1994 nos EUA, 1998 na Fran\u00e7a, 2002 na Coreia do Sul e Jap\u00e3o, 2006 na Alemanha, 2010 na \u00c1frica do Sul, 2014 no Brasil, 2018 na R\u00fassia e 2022 no Qatar. Eurocopas, 1992 na Su\u00e9cia e 1996 na Inglaterra. Copa das Confedera\u00e7\u00f5es de 2005 na Alemanha e 2009 na \u00c1frica do Sul. Rep\u00f3rter e Editor, trabalhou no Jornal da Tarde e Estad\u00e3o, de 1984 a fevereiro de 2016. Colunista, blogueiro. E comentarista de futebol na R\u00e1dio Estad\u00e3o, de 2013 a fevereiro de 2016. Jornalista respons\u00e1vel do \\\"Pr\u00f3speri News\\\" (blogdoprosperi.com).\",\"sameAs\":[\"http:\\\/\\\/blogdoprosperi.com\",\"Luiz Pr\u00f3speri\",\"@luiz_prosperi\",\"https:\\\/\\\/x.com\\\/Luizprosperi\",\"@prosperinacopa\",\"luiz.prosperi@icloud.com\"],\"url\":\"https:\\\/\\\/blogdoprosperi.com\\\/?author=102107496\"}]}<\/script>\n<!-- \/ Yoast SEO plugin. -->","yoast_head_json":{"title":"Fran\u00e7a acaba com ilus\u00e3o de Marrocos e chega \u00e0 final da Copa - PR\u00d3SPERI NEWS","robots":{"index":"index","follow":"follow","max-snippet":"max-snippet:-1","max-image-preview":"max-image-preview:large","max-video-preview":"max-video-preview:-1"},"canonical":"https:\/\/blogdoprosperi.com\/?p=40608","og_locale":"pt_BR","og_type":"article","og_title":"Fran\u00e7a acaba com ilus\u00e3o de Marrocos e chega \u00e0 final da Copa - PR\u00d3SPERI NEWS","og_description":"Fran\u00e7a se credencia a disputar contra Argentina a final da Copa do Mundo Qatar 2022 com a vit\u00f3ria por 2 a 0 diante do surpreendente Marrocos","og_url":"https:\/\/blogdoprosperi.com\/?p=40608","og_site_name":"PR\u00d3SPERI NEWS","article_publisher":"Luiz Pr\u00f3speri","article_author":"Luiz Pr\u00f3speri","article_published_time":"2022-12-14T21:22:36+00:00","article_modified_time":"2022-12-15T11:43:00+00:00","og_image":[{"width":1200,"height":800,"url":"https:\/\/i0.wp.com\/blogdoprosperi.com\/wp-content\/uploads\/2022\/12\/fj95engwyai8ky9.jpeg?fit=1200%2C800&ssl=1","type":"image\/jpeg"}],"author":"Luiz Ant\u00f4nio Pr\u00f3speri","twitter_card":"summary_large_image","twitter_creator":"@Luizprosperi","twitter_site":"@Luizprosperi","twitter_misc":{"Escrito por":"Luiz Ant\u00f4nio Pr\u00f3speri","Est. tempo de leitura":"4 minutos"},"schema":{"@context":"https:\/\/schema.org","@graph":[{"@type":"Article","@id":"https:\/\/blogdoprosperi.com\/?p=40608#article","isPartOf":{"@id":"https:\/\/blogdoprosperi.com\/?p=40608"},"author":{"name":"Luiz Ant\u00f4nio Pr\u00f3speri","@id":"https:\/\/blogdoprosperi.com\/#\/schema\/person\/38100755ce3601861ee4fab9b5aa78e9"},"headline":"Fran\u00e7a acaba com ilus\u00e3o de Marrocos e chega \u00e0 final da Copa","datePublished":"2022-12-14T21:22:36+00:00","dateModified":"2022-12-15T11:43:00+00:00","mainEntityOfPage":{"@id":"https:\/\/blogdoprosperi.com\/?p=40608"},"wordCount":791,"commentCount":0,"publisher":{"@id":"https:\/\/blogdoprosperi.com\/#\/schema\/person\/38100755ce3601861ee4fab9b5aa78e9"},"image":{"@id":"https:\/\/blogdoprosperi.com\/?p=40608#primaryimage"},"thumbnailUrl":"https:\/\/i0.wp.com\/blogdoprosperi.com\/wp-content\/uploads\/2022\/12\/fj95engwyai8ky9.jpeg?fit=1200%2C800&ssl=1","keywords":["copa do mundo Qatar 2022","final da copa","Fran\u00e7a 2 x 0 Marrocos","fran\u00e7a x argentina","futebol","Hakimi","mbapp\u00e9","Muani","qatar 2022","Theo Hernandez","Zyech"],"articleSection":["catar 2022","futebol","qatar 2022"],"inLanguage":"pt-BR","potentialAction":[{"@type":"CommentAction","name":"Comment","target":["https:\/\/blogdoprosperi.com\/?p=40608#respond"]}]},{"@type":"WebPage","@id":"https:\/\/blogdoprosperi.com\/?p=40608","url":"https:\/\/blogdoprosperi.com\/?p=40608","name":"Fran\u00e7a acaba com ilus\u00e3o de Marrocos e chega \u00e0 final da Copa - PR\u00d3SPERI NEWS","isPartOf":{"@id":"https:\/\/blogdoprosperi.com\/#website"},"primaryImageOfPage":{"@id":"https:\/\/blogdoprosperi.com\/?p=40608#primaryimage"},"image":{"@id":"https:\/\/blogdoprosperi.com\/?p=40608#primaryimage"},"thumbnailUrl":"https:\/\/i0.wp.com\/blogdoprosperi.com\/wp-content\/uploads\/2022\/12\/fj95engwyai8ky9.jpeg?fit=1200%2C800&ssl=1","datePublished":"2022-12-14T21:22:36+00:00","dateModified":"2022-12-15T11:43:00+00:00","breadcrumb":{"@id":"https:\/\/blogdoprosperi.com\/?p=40608#breadcrumb"},"inLanguage":"pt-BR","potentialAction":[{"@type":"ReadAction","target":["https:\/\/blogdoprosperi.com\/?p=40608"]}]},{"@type":"ImageObject","inLanguage":"pt-BR","@id":"https:\/\/blogdoprosperi.com\/?p=40608#primaryimage","url":"https:\/\/i0.wp.com\/blogdoprosperi.com\/wp-content\/uploads\/2022\/12\/fj95engwyai8ky9.jpeg?fit=1200%2C800&ssl=1","contentUrl":"https:\/\/i0.wp.com\/blogdoprosperi.com\/wp-content\/uploads\/2022\/12\/fj95engwyai8ky9.jpeg?fit=1200%2C800&ssl=1","width":1200,"height":800,"caption":"foto: Twitter Fifa"},{"@type":"BreadcrumbList","@id":"https:\/\/blogdoprosperi.com\/?p=40608#breadcrumb","itemListElement":[{"@type":"ListItem","position":1,"name":"In\u00edcio","item":"https:\/\/blogdoprosperi.com\/"},{"@type":"ListItem","position":2,"name":"Fran\u00e7a acaba com ilus\u00e3o de Marrocos e chega \u00e0 final da Copa"}]},{"@type":"WebSite","@id":"https:\/\/blogdoprosperi.com\/#website","url":"https:\/\/blogdoprosperi.com\/","name":"PR\u00d3SPERI NEWS","description":"TUDO \u00c9  FUTEBOL","publisher":{"@id":"https:\/\/blogdoprosperi.com\/#\/schema\/person\/38100755ce3601861ee4fab9b5aa78e9"},"alternateName":"blogdoprosperi.com","potentialAction":[{"@type":"SearchAction","target":{"@type":"EntryPoint","urlTemplate":"https:\/\/blogdoprosperi.com\/?s={search_term_string}"},"query-input":{"@type":"PropertyValueSpecification","valueRequired":true,"valueName":"search_term_string"}}],"inLanguage":"pt-BR"},{"@type":["Person","Organization"],"@id":"https:\/\/blogdoprosperi.com\/#\/schema\/person\/38100755ce3601861ee4fab9b5aa78e9","name":"Luiz Ant\u00f4nio Pr\u00f3speri","pronouns":"ele","image":{"@type":"ImageObject","inLanguage":"pt-BR","@id":"https:\/\/i0.wp.com\/blogdoprosperi.com\/wp-content\/uploads\/2026\/05\/cropped-8059e613-6002-42fa-961e-8e275f575d71-2-5.jpg?fit=1360%2C931&ssl=1","url":"https:\/\/i0.wp.com\/blogdoprosperi.com\/wp-content\/uploads\/2026\/05\/cropped-8059e613-6002-42fa-961e-8e275f575d71-2-5.jpg?fit=1360%2C931&ssl=1","contentUrl":"https:\/\/i0.wp.com\/blogdoprosperi.com\/wp-content\/uploads\/2026\/05\/cropped-8059e613-6002-42fa-961e-8e275f575d71-2-5.jpg?fit=1360%2C931&ssl=1","width":1360,"height":931,"caption":"Luiz Ant\u00f4nio Pr\u00f3speri"},"logo":{"@id":"https:\/\/i0.wp.com\/blogdoprosperi.com\/wp-content\/uploads\/2026\/05\/cropped-8059e613-6002-42fa-961e-8e275f575d71-2-5.jpg?fit=1360%2C931&ssl=1"},"description":"Jornalista com carreira dedicada ao esporte. Cobriu 9 Copas do Mundo in loco, 1990 na It\u00e1lia, 1994 nos EUA, 1998 na Fran\u00e7a, 2002 na Coreia do Sul e Jap\u00e3o, 2006 na Alemanha, 2010 na \u00c1frica do Sul, 2014 no Brasil, 2018 na R\u00fassia e 2022 no Qatar. Eurocopas, 1992 na Su\u00e9cia e 1996 na Inglaterra. Copa das Confedera\u00e7\u00f5es de 2005 na Alemanha e 2009 na \u00c1frica do Sul. Rep\u00f3rter e Editor, trabalhou no Jornal da Tarde e Estad\u00e3o, de 1984 a fevereiro de 2016. Colunista, blogueiro. E comentarista de futebol na R\u00e1dio Estad\u00e3o, de 2013 a fevereiro de 2016. Jornalista respons\u00e1vel do \"Pr\u00f3speri News\" (blogdoprosperi.com).","sameAs":["http:\/\/blogdoprosperi.com","Luiz Pr\u00f3speri","@luiz_prosperi","https:\/\/x.com\/Luizprosperi","@prosperinacopa","luiz.prosperi@icloud.com"],"url":"https:\/\/blogdoprosperi.com\/?author=102107496"}]}},"jetpack_publicize_connections":[],"jetpack_likes_enabled":false,"jetpack_sharing_enabled":true,"jetpack_shortlink":"https:\/\/wp.me\/p7jvdk-ayY","jetpack-related-posts":[{"id":40445,"url":"https:\/\/blogdoprosperi.com\/?p=40445","url_meta":{"origin":40608,"position":0},"title":"Marrocos e Argentina nas semifinais d\u00e3o vida ao Qatar","author":"Luiz Ant\u00f4nio Pr\u00f3speri","date":"10 de dezembro de 2022","format":false,"excerpt":"Qatar 2022 entra no livro das Copas do Mundo como uma das mais \"democr\u00e1ticas\" de todos os tempos.","rel":"","context":"Em &quot;futebol&quot;","block_context":{"text":"futebol","link":"https:\/\/blogdoprosperi.com\/?cat=53870"},"img":{"alt_text":"","src":"https:\/\/i0.wp.com\/blogdoprosperi.com\/wp-content\/uploads\/2022\/12\/fjogmabwaaa5jfr.jpeg?fit=1200%2C800&ssl=1&resize=350%2C200","width":350,"height":200,"srcset":"https:\/\/i0.wp.com\/blogdoprosperi.com\/wp-content\/uploads\/2022\/12\/fjogmabwaaa5jfr.jpeg?fit=1200%2C800&ssl=1&resize=350%2C200 1x, https:\/\/i0.wp.com\/blogdoprosperi.com\/wp-content\/uploads\/2022\/12\/fjogmabwaaa5jfr.jpeg?fit=1200%2C800&ssl=1&resize=525%2C300 1.5x, https:\/\/i0.wp.com\/blogdoprosperi.com\/wp-content\/uploads\/2022\/12\/fjogmabwaaa5jfr.jpeg?fit=1200%2C800&ssl=1&resize=700%2C400 2x, https:\/\/i0.wp.com\/blogdoprosperi.com\/wp-content\/uploads\/2022\/12\/fjogmabwaaa5jfr.jpeg?fit=1200%2C800&ssl=1&resize=1050%2C600 3x"},"classes":[]},{"id":40675,"url":"https:\/\/blogdoprosperi.com\/?p=40675","url_meta":{"origin":40608,"position":1},"title":"Marrocos fecha Copa na quarta coloca\u00e7\u00e3o e Doha j\u00e1 sente saudade","author":"Luiz Ant\u00f4nio Pr\u00f3speri","date":"17 de dezembro de 2022","format":false,"excerpt":"Marrocos fecha Copa do Mundo Qatar 2022 no surpreendente quarto lugar com a derrota para Cro\u00e1cia por 2 a 1 e marca campanha com alegria e festa","rel":"","context":"Em &quot;copa do mundo catar 2022&quot;","block_context":{"text":"copa do mundo catar 2022","link":"https:\/\/blogdoprosperi.com\/?cat=301049609"},"img":{"alt_text":"","src":"https:\/\/i0.wp.com\/blogdoprosperi.com\/wp-content\/uploads\/2022\/12\/fkl_o9uxgaezh-d.jpeg?fit=800%2C800&ssl=1&resize=350%2C200","width":350,"height":200,"srcset":"https:\/\/i0.wp.com\/blogdoprosperi.com\/wp-content\/uploads\/2022\/12\/fkl_o9uxgaezh-d.jpeg?fit=800%2C800&ssl=1&resize=350%2C200 1x, https:\/\/i0.wp.com\/blogdoprosperi.com\/wp-content\/uploads\/2022\/12\/fkl_o9uxgaezh-d.jpeg?fit=800%2C800&ssl=1&resize=525%2C300 1.5x, https:\/\/i0.wp.com\/blogdoprosperi.com\/wp-content\/uploads\/2022\/12\/fkl_o9uxgaezh-d.jpeg?fit=800%2C800&ssl=1&resize=700%2C400 2x"},"classes":[]},{"id":37166,"url":"https:\/\/blogdoprosperi.com\/?p=37166","url_meta":{"origin":40608,"position":2},"title":"Imagem do dia &#8211; 11\/11","author":"Luiz Ant\u00f4nio Pr\u00f3speri","date":"11 de novembro de 2017","format":"image","excerpt":"Marrocos volta \u00e0 Copa do Mundo depois de uma aus\u00eancia de 20 anos. Conquistou a vaga ao derrotar Costa do Marfim por 2 a 0 neste s\u00e1bado (11\/11). Sele\u00e7\u00f5es africanas nas Copas do Mundo: It\u00e1lia \u2013 1934: Egito M\u00e9xico \u2013 1970: Marrocos Alemanha \u2013 1974: Zaire Argentina \u2013 1978: Tun\u00edsia\u2026","rel":"","context":"Em &quot;Copa do Mundo 2018&quot;","block_context":{"text":"Copa do Mundo 2018","link":"https:\/\/blogdoprosperi.com\/?cat=43723753"},"img":{"alt_text":"Marrocos na FIFA World Cup 2018","src":"https:\/\/i0.wp.com\/blogdoprosperi.com\/wp-content\/uploads\/2017\/11\/000_u7132.jpg?fit=1200%2C799&ssl=1&resize=350%2C200","width":350,"height":200,"srcset":"https:\/\/i0.wp.com\/blogdoprosperi.com\/wp-content\/uploads\/2017\/11\/000_u7132.jpg?fit=1200%2C799&ssl=1&resize=350%2C200 1x, https:\/\/i0.wp.com\/blogdoprosperi.com\/wp-content\/uploads\/2017\/11\/000_u7132.jpg?fit=1200%2C799&ssl=1&resize=525%2C300 1.5x, https:\/\/i0.wp.com\/blogdoprosperi.com\/wp-content\/uploads\/2017\/11\/000_u7132.jpg?fit=1200%2C799&ssl=1&resize=700%2C400 2x, https:\/\/i0.wp.com\/blogdoprosperi.com\/wp-content\/uploads\/2017\/11\/000_u7132.jpg?fit=1200%2C799&ssl=1&resize=1050%2C600 3x"},"classes":[]},{"id":40315,"url":"https:\/\/blogdoprosperi.com\/?p=40315","url_meta":{"origin":40608,"position":3},"title":"Marrocos elimina Espanha na for\u00e7a de sua torcida","author":"Luiz Ant\u00f4nio Pr\u00f3speri","date":"6 de dezembro de 2022","format":false,"excerpt":"Marrocos avan\u00e7a \u00e0s quartas de final da Copa Mundo Qatar 2022 eliminando a Espanha na decis\u00e3o por p\u00eanaltis. Livros de hist\u00f3ria do futebol contar\u00e3o por d\u00e9cadas a epopeia dessa classifica\u00e7\u00e3o","rel":"","context":"Em &quot;catar 2022&quot;","block_context":{"text":"catar 2022","link":"https:\/\/blogdoprosperi.com\/?cat=47094043"},"img":{"alt_text":"","src":"https:\/\/i0.wp.com\/blogdoprosperi.com\/wp-content\/uploads\/2022\/12\/fjucvonwaaiurju-1.jpeg?fit=1200%2C800&ssl=1&resize=350%2C200","width":350,"height":200,"srcset":"https:\/\/i0.wp.com\/blogdoprosperi.com\/wp-content\/uploads\/2022\/12\/fjucvonwaaiurju-1.jpeg?fit=1200%2C800&ssl=1&resize=350%2C200 1x, https:\/\/i0.wp.com\/blogdoprosperi.com\/wp-content\/uploads\/2022\/12\/fjucvonwaaiurju-1.jpeg?fit=1200%2C800&ssl=1&resize=525%2C300 1.5x, https:\/\/i0.wp.com\/blogdoprosperi.com\/wp-content\/uploads\/2022\/12\/fjucvonwaaiurju-1.jpeg?fit=1200%2C800&ssl=1&resize=700%2C400 2x, https:\/\/i0.wp.com\/blogdoprosperi.com\/wp-content\/uploads\/2022\/12\/fjucvonwaaiurju-1.jpeg?fit=1200%2C800&ssl=1&resize=1050%2C600 3x"},"classes":[]},{"id":40647,"url":"https:\/\/blogdoprosperi.com\/?p=40647","url_meta":{"origin":40608,"position":4},"title":"8 raz\u00f5es para torcer para FRAN\u00c7A ganhar a Copa","author":"Luiz Ant\u00f4nio Pr\u00f3speri","date":"15 de dezembro de 2022","format":false,"excerpt":"Aqui voc\u00ea em 8 motivos para torcer para Fran\u00e7a ganhar a Copa do Mundo Qatar 2022","rel":"","context":"Em &quot;futebol&quot;","block_context":{"text":"futebol","link":"https:\/\/blogdoprosperi.com\/?cat=53870"},"img":{"alt_text":"","src":"https:\/\/i0.wp.com\/blogdoprosperi.com\/wp-content\/uploads\/2022\/12\/fj964i-waaaqzj9.jpeg?fit=1200%2C1200&ssl=1&resize=350%2C200","width":350,"height":200,"srcset":"https:\/\/i0.wp.com\/blogdoprosperi.com\/wp-content\/uploads\/2022\/12\/fj964i-waaaqzj9.jpeg?fit=1200%2C1200&ssl=1&resize=350%2C200 1x, https:\/\/i0.wp.com\/blogdoprosperi.com\/wp-content\/uploads\/2022\/12\/fj964i-waaaqzj9.jpeg?fit=1200%2C1200&ssl=1&resize=525%2C300 1.5x, https:\/\/i0.wp.com\/blogdoprosperi.com\/wp-content\/uploads\/2022\/12\/fj964i-waaaqzj9.jpeg?fit=1200%2C1200&ssl=1&resize=700%2C400 2x, https:\/\/i0.wp.com\/blogdoprosperi.com\/wp-content\/uploads\/2022\/12\/fj964i-waaaqzj9.jpeg?fit=1200%2C1200&ssl=1&resize=1050%2C600 3x"},"classes":[]},{"id":55924,"url":"https:\/\/blogdoprosperi.com\/?p=55924","url_meta":{"origin":40608,"position":5},"title":"Ancelotti Analisa Advers\u00e1rios do Brasil na Copa 2026: &#8220;\u00c9 um Grupo Dif\u00edcil&#8221;","author":"Luiz Ant\u00f4nio Pr\u00f3speri","date":"5 de dezembro de 2025","format":false,"excerpt":"Luiz Ant\u00f4nio Pr\u00f3speri \u2013 5 dezembro 2025 (17h12) \u2013 Carlo Ancelotti, t\u00e9cnico da Sele\u00e7\u00e3o Brasileira, aponta que o Grupo C n\u00e3o \u00e9 t\u00e3o acess\u00edvel como parece. Aponta que o jogo de estreia contra Marrocos \u00e9 o mais dif\u00edcil do grupo e a ambi\u00e7\u00e3o da Sele\u00e7\u00e3o Brasileira \u00e9 vencer os tr\u00eas\u2026","rel":"","context":"Em &quot;copa do mundo 2026&quot;","block_context":{"text":"copa do mundo 2026","link":"https:\/\/blogdoprosperi.com\/?cat=115102077"},"img":{"alt_text":"Ancelotti e Bocelli no sorteio da Copa 2026","src":"https:\/\/i0.wp.com\/blogdoprosperi.com\/wp-content\/uploads\/2025\/12\/captura-de-tela-2025-12-05-as-17.04.28.png?fit=1170%2C788&ssl=1&resize=350%2C200","width":350,"height":200,"srcset":"https:\/\/i0.wp.com\/blogdoprosperi.com\/wp-content\/uploads\/2025\/12\/captura-de-tela-2025-12-05-as-17.04.28.png?fit=1170%2C788&ssl=1&resize=350%2C200 1x, https:\/\/i0.wp.com\/blogdoprosperi.com\/wp-content\/uploads\/2025\/12\/captura-de-tela-2025-12-05-as-17.04.28.png?fit=1170%2C788&ssl=1&resize=525%2C300 1.5x, https:\/\/i0.wp.com\/blogdoprosperi.com\/wp-content\/uploads\/2025\/12\/captura-de-tela-2025-12-05-as-17.04.28.png?fit=1170%2C788&ssl=1&resize=700%2C400 2x, https:\/\/i0.wp.com\/blogdoprosperi.com\/wp-content\/uploads\/2025\/12\/captura-de-tela-2025-12-05-as-17.04.28.png?fit=1170%2C788&ssl=1&resize=1050%2C600 3x"},"classes":[]}],"jetpack_featured_media_url":"https:\/\/i0.wp.com\/blogdoprosperi.com\/wp-content\/uploads\/2022\/12\/fj95engwyai8ky9.jpeg?fit=1200%2C800&ssl=1","_links":{"self":[{"href":"https:\/\/blogdoprosperi.com\/index.php?rest_route=\/wp\/v2\/posts\/40608","targetHints":{"allow":["GET"]}}],"collection":[{"href":"https:\/\/blogdoprosperi.com\/index.php?rest_route=\/wp\/v2\/posts"}],"about":[{"href":"https:\/\/blogdoprosperi.com\/index.php?rest_route=\/wp\/v2\/types\/post"}],"author":[{"embeddable":true,"href":"https:\/\/blogdoprosperi.com\/index.php?rest_route=\/wp\/v2\/users\/102107496"}],"replies":[{"embeddable":true,"href":"https:\/\/blogdoprosperi.com\/index.php?rest_route=%2Fwp%2Fv2%2Fcomments&post=40608"}],"version-history":[{"count":9,"href":"https:\/\/blogdoprosperi.com\/index.php?rest_route=\/wp\/v2\/posts\/40608\/revisions"}],"predecessor-version":[{"id":40690,"href":"https:\/\/blogdoprosperi.com\/index.php?rest_route=\/wp\/v2\/posts\/40608\/revisions\/40690"}],"wp:featuredmedia":[{"embeddable":true,"href":"https:\/\/blogdoprosperi.com\/index.php?rest_route=\/wp\/v2\/media\/40616"}],"wp:attachment":[{"href":"https:\/\/blogdoprosperi.com\/index.php?rest_route=%2Fwp%2Fv2%2Fmedia&parent=40608"}],"wp:term":[{"taxonomy":"category","embeddable":true,"href":"https:\/\/blogdoprosperi.com\/index.php?rest_route=%2Fwp%2Fv2%2Fcategories&post=40608"},{"taxonomy":"post_tag","embeddable":true,"href":"https:\/\/blogdoprosperi.com\/index.php?rest_route=%2Fwp%2Fv2%2Ftags&post=40608"}],"curies":[{"name":"wp","href":"https:\/\/api.w.org\/{rel}","templated":true}]}}