{"id":40854,"date":"2022-12-23T16:17:49","date_gmt":"2022-12-23T19:17:49","guid":{"rendered":"https:\/\/blogdoprosperi.com\/?p=40854"},"modified":"2022-12-26T13:17:34","modified_gmt":"2022-12-26T16:17:34","slug":"dudu-renova-e-caminha-para-ser-maior-jogador-da-historia-do-palmeiras","status":"publish","type":"post","link":"https:\/\/blogdoprosperi.com\/?p=40854","title":{"rendered":"Dudu renova e caminha para ser maior jogador da hist\u00f3ria do Palmeiras"},"content":{"rendered":"<p>Dudu entra na rota que o levar\u00e1 ao posto de maior jogador da hist\u00f3ria do Palmeiras. Renova\u00e7\u00e3o do contrato at\u00e9 o fim de 2025, anunciada nessa sexta-feira (23\/12), permite ao atacante de 30 anos ampliar suas conquistas e bater recordes no clube superando \u00edcones do Palestra.<\/p>\n<p>Flamengo e Corinthians queriam levar Dudu. O atacante estaria livre para assinar com qualquer clube a partir de julho de 2023. A renova\u00e7\u00e3o com Palmeiras decreta fim do interesse e cobi\u00e7a da concorr\u00eancia.<\/p>\n<p>Dudu tem 30 anos, acumula 401 jogos e 9 t\u00edtulos pelo Palmeiras desde 2015 quando desembarcou no Allianz Parque na disputa acirrada contra Corinthians e S\u00e3o Paulo que desejavam o atacante. Tem no seu cartel a ins\u00edgnia de ser o \u00fanico tricampe\u00e3o do Brasileir\u00e3o (2016, 2018 e 2022) da gera\u00e7\u00e3o dos anos 2000.<\/p>\n<p>Entre 2015 a 2022, se afastou do clube no per\u00edodo de julho de 2020 a maio de 2021 quando jogou no Qatar emprestado para o Al Duhail. Retorna ao Palmeiras em maio de 2021 a tempo de conquistar a Libertadores daquele ano.<\/p>\n<p>Dudu emplaca agora sua nona temporada no Palestra. Tem na sua casa t\u00edtulos do Brasileir\u00e3o (2016, 2018 e 2022), Libertadores (2020 e 2021), Copa do Brasil (2015), Paulista (2020 e 2022), Supercopa Sul-Americana (2022).<\/p>\n<p>Dudu \u00e9 o jogador que tem &#8220;mais vit\u00f3rias pelo clube no Brasileir\u00e3o, com 119, o segundo maior goleador, com 50 gols (atr\u00e1s apenas de C\u00e9sar Maluco, com 61), e o terceiro com mais jogos, com 213 (atr\u00e1s de Ademir da Guia, com 216, e Emerson Le\u00e3o, com 232)&#8221;, informa site oficial do Palmeiras.<\/p>\n<p>Na temporada 2023 ter\u00e1 pela frente a Libertadores, Brasileir\u00e3o, Copa do Brasil, Paulist\u00e3o e a Supercopa do Brasil contra o Flamengo \u2013 data e local ainda indefinidos pela CBF. E pode emplacar essas mesmas competi\u00e7\u00f5es em 2024 e 2025, \u00faltimo ano de seu contrato, quando completar\u00e1 apenas 33 anos.<\/p>\n<p>Tempo, campeonatos e copas, Dudu ter\u00e1 de sobra e com muita chance de ampliar seu cartel que o colocar\u00e1 como maior jogador da hist\u00f3ria do Palmeiras. A conferir.<\/p>\n","protected":false},"excerpt":{"rendered":"<p>Dudu entra na rota que o levar\u00e1 ao posto de maior jogador da hist\u00f3ria do Palmeiras ao renovar contrato at\u00e9 fim 2025.<\/p>\n","protected":false},"author":102107496,"featured_media":40861,"comment_status":"open","ping_status":"open","sticky":false,"template":"","format":"standard","meta":{"_coblocks_attr":"","_coblocks_dimensions":"","_coblocks_responsive_height":"","_coblocks_accordion_ie_support":"","_jetpack_newsletter_access":"","_jetpack_dont_email_post_to_subs":false,"_jetpack_newsletter_tier_id":0,"_jetpack_memberships_contains_paywalled_content":false,"_wpcom_ai_launchpad_first_post":false,"_jetpack_feature_clip_id":0,"_jetpack_memberships_contains_paid_content":false,"footnotes":"","jetpack_publicize_message":"","jetpack_publicize_feature_enabled":true,"jetpack_social_post_already_shared":false,"jetpack_social_options":{"image_generator_settings":{"template":"highway","default_image_id":0,"font":"","enabled":false},"version":2},"jetpack_post_was_ever_published":false},"categories":[53870],"tags":[5922528,18758514,1249177,2788156,789560560,22146163,57784134,287104],"class_list":["post-40854","post","type-post","status-publish","format-standard","has-post-thumbnail","hentry","category-futebol","tag-ademir-da-guia","tag-cesar-maluco","tag-dudu","tag-emerson-leao","tag-futebol","tag-historia-do-palmeiras","tag-leila-pereira","tag-palmeiras"],"yoast_head":"<!-- This site is optimized with the Yoast SEO plugin v28.4 - https:\/\/yoast.com\/product\/yoast-seo-wordpress\/ -->\n<title>Dudu renova e caminha para ser maior jogador da hist\u00f3ria do Palmeiras - PR\u00d3SPERI NEWS<\/title>\n<meta name=\"robots\" content=\"index, follow, max-snippet:-1, max-image-preview:large, max-video-preview:-1\" \/>\n<link rel=\"canonical\" href=\"https:\/\/blogdoprosperi.com\/?p=40854\" \/>\n<meta property=\"og:locale\" content=\"pt_BR\" \/>\n<meta property=\"og:type\" content=\"article\" \/>\n<meta property=\"og:title\" content=\"Dudu renova e caminha para ser maior jogador da hist\u00f3ria do Palmeiras - PR\u00d3SPERI NEWS\" \/>\n<meta property=\"og:description\" content=\"Dudu entra na rota que o levar\u00e1 ao posto de maior jogador da hist\u00f3ria do Palmeiras ao renovar contrato at\u00e9 fim 2025.\" \/>\n<meta property=\"og:url\" content=\"https:\/\/blogdoprosperi.com\/?p=40854\" \/>\n<meta property=\"og:site_name\" content=\"PR\u00d3SPERI NEWS\" \/>\n<meta property=\"article:publisher\" content=\"Luiz Pr\u00f3speri\" \/>\n<meta property=\"article:author\" content=\"Luiz Pr\u00f3speri\" \/>\n<meta property=\"article:published_time\" content=\"2022-12-23T19:17:49+00:00\" \/>\n<meta property=\"article:modified_time\" content=\"2022-12-26T16:17:34+00:00\" \/>\n<meta property=\"og:image\" content=\"https:\/\/i0.wp.com\/blogdoprosperi.com\/wp-content\/uploads\/2022\/12\/52474273725_835056a182_c.jpg?fit=800%2C450&ssl=1\" \/>\n\t<meta property=\"og:image:width\" content=\"800\" \/>\n\t<meta property=\"og:image:height\" content=\"450\" \/>\n\t<meta property=\"og:image:type\" content=\"image\/jpeg\" \/>\n<meta name=\"author\" content=\"Luiz Ant\u00f4nio Pr\u00f3speri\" \/>\n<meta name=\"twitter:card\" content=\"summary_large_image\" \/>\n<meta name=\"twitter:creator\" content=\"@Luizprosperi\" \/>\n<meta name=\"twitter:site\" content=\"@Luizprosperi\" \/>\n<meta name=\"twitter:label1\" content=\"Escrito por\" \/>\n\t<meta name=\"twitter:data1\" content=\"Luiz Ant\u00f4nio Pr\u00f3speri\" \/>\n\t<meta name=\"twitter:label2\" content=\"Est. tempo de leitura\" \/>\n\t<meta name=\"twitter:data2\" content=\"2 minutos\" \/>\n<script type=\"application\/ld+json\" class=\"yoast-schema-graph\">{\"@context\":\"https:\\\/\\\/schema.org\",\"@graph\":[{\"@type\":\"Article\",\"@id\":\"https:\\\/\\\/blogdoprosperi.com\\\/?p=40854#article\",\"isPartOf\":{\"@id\":\"https:\\\/\\\/blogdoprosperi.com\\\/?p=40854\"},\"author\":{\"name\":\"Luiz Ant\u00f4nio Pr\u00f3speri\",\"@id\":\"https:\\\/\\\/blogdoprosperi.com\\\/#\\\/schema\\\/person\\\/38100755ce3601861ee4fab9b5aa78e9\"},\"headline\":\"Dudu renova e caminha para ser maior jogador da hist\u00f3ria do Palmeiras\",\"datePublished\":\"2022-12-23T19:17:49+00:00\",\"dateModified\":\"2022-12-26T16:17:34+00:00\",\"mainEntityOfPage\":{\"@id\":\"https:\\\/\\\/blogdoprosperi.com\\\/?p=40854\"},\"wordCount\":337,\"commentCount\":2,\"publisher\":{\"@id\":\"https:\\\/\\\/blogdoprosperi.com\\\/#\\\/schema\\\/person\\\/38100755ce3601861ee4fab9b5aa78e9\"},\"image\":{\"@id\":\"https:\\\/\\\/blogdoprosperi.com\\\/?p=40854#primaryimage\"},\"thumbnailUrl\":\"https:\\\/\\\/i0.wp.com\\\/blogdoprosperi.com\\\/wp-content\\\/uploads\\\/2022\\\/12\\\/52474273725_835056a182_c.jpg?fit=800%2C450&ssl=1\",\"keywords\":[\"Ademir da Guia\",\"Cesar Maluco\",\"Dudu\",\"Emerson Le\u00e3o\",\"futebol\",\"hist\u00f3ria do palmeiras\",\"Leila Pereira\",\"Palmeiras\"],\"articleSection\":[\"futebol\"],\"inLanguage\":\"pt-BR\",\"potentialAction\":[{\"@type\":\"CommentAction\",\"name\":\"Comment\",\"target\":[\"https:\\\/\\\/blogdoprosperi.com\\\/?p=40854#respond\"]}]},{\"@type\":\"WebPage\",\"@id\":\"https:\\\/\\\/blogdoprosperi.com\\\/?p=40854\",\"url\":\"https:\\\/\\\/blogdoprosperi.com\\\/?p=40854\",\"name\":\"Dudu renova e caminha para ser maior jogador da hist\u00f3ria do Palmeiras - PR\u00d3SPERI NEWS\",\"isPartOf\":{\"@id\":\"https:\\\/\\\/blogdoprosperi.com\\\/#website\"},\"primaryImageOfPage\":{\"@id\":\"https:\\\/\\\/blogdoprosperi.com\\\/?p=40854#primaryimage\"},\"image\":{\"@id\":\"https:\\\/\\\/blogdoprosperi.com\\\/?p=40854#primaryimage\"},\"thumbnailUrl\":\"https:\\\/\\\/i0.wp.com\\\/blogdoprosperi.com\\\/wp-content\\\/uploads\\\/2022\\\/12\\\/52474273725_835056a182_c.jpg?fit=800%2C450&ssl=1\",\"datePublished\":\"2022-12-23T19:17:49+00:00\",\"dateModified\":\"2022-12-26T16:17:34+00:00\",\"breadcrumb\":{\"@id\":\"https:\\\/\\\/blogdoprosperi.com\\\/?p=40854#breadcrumb\"},\"inLanguage\":\"pt-BR\",\"potentialAction\":[{\"@type\":\"ReadAction\",\"target\":[\"https:\\\/\\\/blogdoprosperi.com\\\/?p=40854\"]}]},{\"@type\":\"ImageObject\",\"inLanguage\":\"pt-BR\",\"@id\":\"https:\\\/\\\/blogdoprosperi.com\\\/?p=40854#primaryimage\",\"url\":\"https:\\\/\\\/i0.wp.com\\\/blogdoprosperi.com\\\/wp-content\\\/uploads\\\/2022\\\/12\\\/52474273725_835056a182_c.jpg?fit=800%2C450&ssl=1\",\"contentUrl\":\"https:\\\/\\\/i0.wp.com\\\/blogdoprosperi.com\\\/wp-content\\\/uploads\\\/2022\\\/12\\\/52474273725_835056a182_c.jpg?fit=800%2C450&ssl=1\",\"width\":800,\"height\":450,\"caption\":\"Dudu fica no Palmeiras at\u00e9 2025\"},{\"@type\":\"BreadcrumbList\",\"@id\":\"https:\\\/\\\/blogdoprosperi.com\\\/?p=40854#breadcrumb\",\"itemListElement\":[{\"@type\":\"ListItem\",\"position\":1,\"name\":\"In\u00edcio\",\"item\":\"https:\\\/\\\/blogdoprosperi.com\\\/\"},{\"@type\":\"ListItem\",\"position\":2,\"name\":\"Dudu renova e caminha para ser maior jogador da hist\u00f3ria do Palmeiras\"}]},{\"@type\":\"WebSite\",\"@id\":\"https:\\\/\\\/blogdoprosperi.com\\\/#website\",\"url\":\"https:\\\/\\\/blogdoprosperi.com\\\/\",\"name\":\"PR\u00d3SPERI NEWS\",\"description\":\"TUDO \u00c9  FUTEBOL\",\"publisher\":{\"@id\":\"https:\\\/\\\/blogdoprosperi.com\\\/#\\\/schema\\\/person\\\/38100755ce3601861ee4fab9b5aa78e9\"},\"alternateName\":\"blogdoprosperi.com\",\"potentialAction\":[{\"@type\":\"SearchAction\",\"target\":{\"@type\":\"EntryPoint\",\"urlTemplate\":\"https:\\\/\\\/blogdoprosperi.com\\\/?s={search_term_string}\"},\"query-input\":{\"@type\":\"PropertyValueSpecification\",\"valueRequired\":true,\"valueName\":\"search_term_string\"}}],\"inLanguage\":\"pt-BR\"},{\"@type\":[\"Person\",\"Organization\"],\"@id\":\"https:\\\/\\\/blogdoprosperi.com\\\/#\\\/schema\\\/person\\\/38100755ce3601861ee4fab9b5aa78e9\",\"name\":\"Luiz Ant\u00f4nio Pr\u00f3speri\",\"pronouns\":\"ele\",\"image\":{\"@type\":\"ImageObject\",\"inLanguage\":\"pt-BR\",\"@id\":\"https:\\\/\\\/i0.wp.com\\\/blogdoprosperi.com\\\/wp-content\\\/uploads\\\/2026\\\/05\\\/cropped-8059e613-6002-42fa-961e-8e275f575d71-2-5.jpg?fit=1360%2C931&ssl=1\",\"url\":\"https:\\\/\\\/i0.wp.com\\\/blogdoprosperi.com\\\/wp-content\\\/uploads\\\/2026\\\/05\\\/cropped-8059e613-6002-42fa-961e-8e275f575d71-2-5.jpg?fit=1360%2C931&ssl=1\",\"contentUrl\":\"https:\\\/\\\/i0.wp.com\\\/blogdoprosperi.com\\\/wp-content\\\/uploads\\\/2026\\\/05\\\/cropped-8059e613-6002-42fa-961e-8e275f575d71-2-5.jpg?fit=1360%2C931&ssl=1\",\"width\":1360,\"height\":931,\"caption\":\"Luiz Ant\u00f4nio Pr\u00f3speri\"},\"logo\":{\"@id\":\"https:\\\/\\\/i0.wp.com\\\/blogdoprosperi.com\\\/wp-content\\\/uploads\\\/2026\\\/05\\\/cropped-8059e613-6002-42fa-961e-8e275f575d71-2-5.jpg?fit=1360%2C931&ssl=1\"},\"description\":\"Jornalista com carreira dedicada ao esporte. Cobriu 9 Copas do Mundo in loco, 1990 na It\u00e1lia, 1994 nos EUA, 1998 na Fran\u00e7a, 2002 na Coreia do Sul e Jap\u00e3o, 2006 na Alemanha, 2010 na \u00c1frica do Sul, 2014 no Brasil, 2018 na R\u00fassia e 2022 no Qatar. Eurocopas, 1992 na Su\u00e9cia e 1996 na Inglaterra. Copa das Confedera\u00e7\u00f5es de 2005 na Alemanha e 2009 na \u00c1frica do Sul. Rep\u00f3rter e Editor, trabalhou no Jornal da Tarde e Estad\u00e3o, de 1984 a fevereiro de 2016. Colunista, blogueiro. E comentarista de futebol na R\u00e1dio Estad\u00e3o, de 2013 a fevereiro de 2016. Jornalista respons\u00e1vel do \\\"Pr\u00f3speri News\\\" (blogdoprosperi.com).\",\"sameAs\":[\"http:\\\/\\\/blogdoprosperi.com\",\"Luiz Pr\u00f3speri\",\"@luiz_prosperi\",\"https:\\\/\\\/x.com\\\/Luizprosperi\",\"@prosperinacopa\",\"luiz.prosperi@icloud.com\"],\"url\":\"https:\\\/\\\/blogdoprosperi.com\\\/?author=102107496\"}]}<\/script>\n<!-- \/ Yoast SEO plugin. -->","yoast_head_json":{"title":"Dudu renova e caminha para ser maior jogador da hist\u00f3ria do Palmeiras - PR\u00d3SPERI NEWS","robots":{"index":"index","follow":"follow","max-snippet":"max-snippet:-1","max-image-preview":"max-image-preview:large","max-video-preview":"max-video-preview:-1"},"canonical":"https:\/\/blogdoprosperi.com\/?p=40854","og_locale":"pt_BR","og_type":"article","og_title":"Dudu renova e caminha para ser maior jogador da hist\u00f3ria do Palmeiras - PR\u00d3SPERI NEWS","og_description":"Dudu entra na rota que o levar\u00e1 ao posto de maior jogador da hist\u00f3ria do Palmeiras ao renovar contrato at\u00e9 fim 2025.","og_url":"https:\/\/blogdoprosperi.com\/?p=40854","og_site_name":"PR\u00d3SPERI NEWS","article_publisher":"Luiz Pr\u00f3speri","article_author":"Luiz Pr\u00f3speri","article_published_time":"2022-12-23T19:17:49+00:00","article_modified_time":"2022-12-26T16:17:34+00:00","og_image":[{"width":800,"height":450,"url":"https:\/\/i0.wp.com\/blogdoprosperi.com\/wp-content\/uploads\/2022\/12\/52474273725_835056a182_c.jpg?fit=800%2C450&ssl=1","type":"image\/jpeg"}],"author":"Luiz Ant\u00f4nio Pr\u00f3speri","twitter_card":"summary_large_image","twitter_creator":"@Luizprosperi","twitter_site":"@Luizprosperi","twitter_misc":{"Escrito por":"Luiz Ant\u00f4nio Pr\u00f3speri","Est. tempo de leitura":"2 minutos"},"schema":{"@context":"https:\/\/schema.org","@graph":[{"@type":"Article","@id":"https:\/\/blogdoprosperi.com\/?p=40854#article","isPartOf":{"@id":"https:\/\/blogdoprosperi.com\/?p=40854"},"author":{"name":"Luiz Ant\u00f4nio Pr\u00f3speri","@id":"https:\/\/blogdoprosperi.com\/#\/schema\/person\/38100755ce3601861ee4fab9b5aa78e9"},"headline":"Dudu renova e caminha para ser maior jogador da hist\u00f3ria do Palmeiras","datePublished":"2022-12-23T19:17:49+00:00","dateModified":"2022-12-26T16:17:34+00:00","mainEntityOfPage":{"@id":"https:\/\/blogdoprosperi.com\/?p=40854"},"wordCount":337,"commentCount":2,"publisher":{"@id":"https:\/\/blogdoprosperi.com\/#\/schema\/person\/38100755ce3601861ee4fab9b5aa78e9"},"image":{"@id":"https:\/\/blogdoprosperi.com\/?p=40854#primaryimage"},"thumbnailUrl":"https:\/\/i0.wp.com\/blogdoprosperi.com\/wp-content\/uploads\/2022\/12\/52474273725_835056a182_c.jpg?fit=800%2C450&ssl=1","keywords":["Ademir da Guia","Cesar Maluco","Dudu","Emerson Le\u00e3o","futebol","hist\u00f3ria do palmeiras","Leila Pereira","Palmeiras"],"articleSection":["futebol"],"inLanguage":"pt-BR","potentialAction":[{"@type":"CommentAction","name":"Comment","target":["https:\/\/blogdoprosperi.com\/?p=40854#respond"]}]},{"@type":"WebPage","@id":"https:\/\/blogdoprosperi.com\/?p=40854","url":"https:\/\/blogdoprosperi.com\/?p=40854","name":"Dudu renova e caminha para ser maior jogador da hist\u00f3ria do Palmeiras - PR\u00d3SPERI NEWS","isPartOf":{"@id":"https:\/\/blogdoprosperi.com\/#website"},"primaryImageOfPage":{"@id":"https:\/\/blogdoprosperi.com\/?p=40854#primaryimage"},"image":{"@id":"https:\/\/blogdoprosperi.com\/?p=40854#primaryimage"},"thumbnailUrl":"https:\/\/i0.wp.com\/blogdoprosperi.com\/wp-content\/uploads\/2022\/12\/52474273725_835056a182_c.jpg?fit=800%2C450&ssl=1","datePublished":"2022-12-23T19:17:49+00:00","dateModified":"2022-12-26T16:17:34+00:00","breadcrumb":{"@id":"https:\/\/blogdoprosperi.com\/?p=40854#breadcrumb"},"inLanguage":"pt-BR","potentialAction":[{"@type":"ReadAction","target":["https:\/\/blogdoprosperi.com\/?p=40854"]}]},{"@type":"ImageObject","inLanguage":"pt-BR","@id":"https:\/\/blogdoprosperi.com\/?p=40854#primaryimage","url":"https:\/\/i0.wp.com\/blogdoprosperi.com\/wp-content\/uploads\/2022\/12\/52474273725_835056a182_c.jpg?fit=800%2C450&ssl=1","contentUrl":"https:\/\/i0.wp.com\/blogdoprosperi.com\/wp-content\/uploads\/2022\/12\/52474273725_835056a182_c.jpg?fit=800%2C450&ssl=1","width":800,"height":450,"caption":"Dudu fica no Palmeiras at\u00e9 2025"},{"@type":"BreadcrumbList","@id":"https:\/\/blogdoprosperi.com\/?p=40854#breadcrumb","itemListElement":[{"@type":"ListItem","position":1,"name":"In\u00edcio","item":"https:\/\/blogdoprosperi.com\/"},{"@type":"ListItem","position":2,"name":"Dudu renova e caminha para ser maior jogador da hist\u00f3ria do Palmeiras"}]},{"@type":"WebSite","@id":"https:\/\/blogdoprosperi.com\/#website","url":"https:\/\/blogdoprosperi.com\/","name":"PR\u00d3SPERI NEWS","description":"TUDO \u00c9  FUTEBOL","publisher":{"@id":"https:\/\/blogdoprosperi.com\/#\/schema\/person\/38100755ce3601861ee4fab9b5aa78e9"},"alternateName":"blogdoprosperi.com","potentialAction":[{"@type":"SearchAction","target":{"@type":"EntryPoint","urlTemplate":"https:\/\/blogdoprosperi.com\/?s={search_term_string}"},"query-input":{"@type":"PropertyValueSpecification","valueRequired":true,"valueName":"search_term_string"}}],"inLanguage":"pt-BR"},{"@type":["Person","Organization"],"@id":"https:\/\/blogdoprosperi.com\/#\/schema\/person\/38100755ce3601861ee4fab9b5aa78e9","name":"Luiz Ant\u00f4nio Pr\u00f3speri","pronouns":"ele","image":{"@type":"ImageObject","inLanguage":"pt-BR","@id":"https:\/\/i0.wp.com\/blogdoprosperi.com\/wp-content\/uploads\/2026\/05\/cropped-8059e613-6002-42fa-961e-8e275f575d71-2-5.jpg?fit=1360%2C931&ssl=1","url":"https:\/\/i0.wp.com\/blogdoprosperi.com\/wp-content\/uploads\/2026\/05\/cropped-8059e613-6002-42fa-961e-8e275f575d71-2-5.jpg?fit=1360%2C931&ssl=1","contentUrl":"https:\/\/i0.wp.com\/blogdoprosperi.com\/wp-content\/uploads\/2026\/05\/cropped-8059e613-6002-42fa-961e-8e275f575d71-2-5.jpg?fit=1360%2C931&ssl=1","width":1360,"height":931,"caption":"Luiz Ant\u00f4nio Pr\u00f3speri"},"logo":{"@id":"https:\/\/i0.wp.com\/blogdoprosperi.com\/wp-content\/uploads\/2026\/05\/cropped-8059e613-6002-42fa-961e-8e275f575d71-2-5.jpg?fit=1360%2C931&ssl=1"},"description":"Jornalista com carreira dedicada ao esporte. Cobriu 9 Copas do Mundo in loco, 1990 na It\u00e1lia, 1994 nos EUA, 1998 na Fran\u00e7a, 2002 na Coreia do Sul e Jap\u00e3o, 2006 na Alemanha, 2010 na \u00c1frica do Sul, 2014 no Brasil, 2018 na R\u00fassia e 2022 no Qatar. Eurocopas, 1992 na Su\u00e9cia e 1996 na Inglaterra. Copa das Confedera\u00e7\u00f5es de 2005 na Alemanha e 2009 na \u00c1frica do Sul. Rep\u00f3rter e Editor, trabalhou no Jornal da Tarde e Estad\u00e3o, de 1984 a fevereiro de 2016. Colunista, blogueiro. E comentarista de futebol na R\u00e1dio Estad\u00e3o, de 2013 a fevereiro de 2016. Jornalista respons\u00e1vel do \"Pr\u00f3speri News\" (blogdoprosperi.com).","sameAs":["http:\/\/blogdoprosperi.com","Luiz Pr\u00f3speri","@luiz_prosperi","https:\/\/x.com\/Luizprosperi","@prosperinacopa","luiz.prosperi@icloud.com"],"url":"https:\/\/blogdoprosperi.com\/?author=102107496"}]}},"jetpack_publicize_connections":[],"jetpack_likes_enabled":false,"jetpack_sharing_enabled":true,"jetpack_shortlink":"https:\/\/wp.me\/p7jvdk-aCW","jetpack-related-posts":[{"id":42743,"url":"https:\/\/blogdoprosperi.com\/?p=42743","url_meta":{"origin":40854,"position":0},"title":"Dudu encaminha sa\u00edda do Palmeiras rumo ao Cruzeiro, mas pode rever decis\u00e3o","author":"Luiz Ant\u00f4nio Pr\u00f3speri","date":"15 de junho de 2024","format":false,"excerpt":"Dudu n\u00e3o deve jogar mais no Palmeiras. Atacante tem acordo de um contrato de cinco anos com o Cruzeiro, clube que o revelou em 2009. A negocia\u00e7\u00e3o foi encaminhada nessa semana, mas at\u00e9 o in\u00edcio da noite desse s\u00e1bado (15\/6) n\u00e3o estava confirmada.Cruzeiro diz que sim. Palmeiras, n\u00e3o. Dudu pode\u2026","rel":"","context":"Em &quot;futebol&quot;","block_context":{"text":"futebol","link":"https:\/\/blogdoprosperi.com\/?cat=53870"},"img":{"alt_text":"Dudu \u00e9 do Cruzeiro","src":"https:\/\/i0.wp.com\/blogdoprosperi.com\/wp-content\/uploads\/2024\/06\/gqdnimqwyaaebdj.jpeg?fit=1200%2C1200&ssl=1&resize=350%2C200","width":350,"height":200,"srcset":"https:\/\/i0.wp.com\/blogdoprosperi.com\/wp-content\/uploads\/2024\/06\/gqdnimqwyaaebdj.jpeg?fit=1200%2C1200&ssl=1&resize=350%2C200 1x, https:\/\/i0.wp.com\/blogdoprosperi.com\/wp-content\/uploads\/2024\/06\/gqdnimqwyaaebdj.jpeg?fit=1200%2C1200&ssl=1&resize=525%2C300 1.5x, https:\/\/i0.wp.com\/blogdoprosperi.com\/wp-content\/uploads\/2024\/06\/gqdnimqwyaaebdj.jpeg?fit=1200%2C1200&ssl=1&resize=700%2C400 2x, https:\/\/i0.wp.com\/blogdoprosperi.com\/wp-content\/uploads\/2024\/06\/gqdnimqwyaaebdj.jpeg?fit=1200%2C1200&ssl=1&resize=1050%2C600 3x"},"classes":[]},{"id":42841,"url":"https:\/\/blogdoprosperi.com\/?p=42841","url_meta":{"origin":40854,"position":1},"title":"Dudu recebe aval de Abel Ferreira e decide ficar no Palmeiras","author":"Luiz Ant\u00f4nio Pr\u00f3speri","date":"16 de junho de 2024","format":false,"excerpt":"Dudu decide ficar no Palmeiras depois de conversar com Abel Ferreira nesse domingo (16\/6). Treinador disse que conta com o atacante nesse processo de reformula\u00e7\u00e3o do grupo, e mais: \u00e9 titular do time. Era tudo o que Dudu gostaria de ouvir para tomar a decis\u00e3o de n\u00e3o sair do Palmeiras.\u2026","rel":"","context":"Em &quot;futebol&quot;","block_context":{"text":"futebol","link":"https:\/\/blogdoprosperi.com\/?cat=53870"},"img":{"alt_text":"Dudu deixa Palmeiras","src":"https:\/\/i0.wp.com\/blogdoprosperi.com\/wp-content\/uploads\/2024\/06\/5d47ecc1372d74729185b8a054e958a5-1.jpg?fit=563%2C648&ssl=1&resize=350%2C200","width":350,"height":200,"srcset":"https:\/\/i0.wp.com\/blogdoprosperi.com\/wp-content\/uploads\/2024\/06\/5d47ecc1372d74729185b8a054e958a5-1.jpg?fit=563%2C648&ssl=1&resize=350%2C200 1x, https:\/\/i0.wp.com\/blogdoprosperi.com\/wp-content\/uploads\/2024\/06\/5d47ecc1372d74729185b8a054e958a5-1.jpg?fit=563%2C648&ssl=1&resize=525%2C300 1.5x"},"classes":[]},{"id":46962,"url":"https:\/\/blogdoprosperi.com\/?p=46962","url_meta":{"origin":40854,"position":2},"title":"Palmeiras Abandona Dudu e \u00cddolo Fecha com Cruzeiro","author":"Luiz Ant\u00f4nio Pr\u00f3speri","date":"12 de dezembro de 2024","format":false,"excerpt":"Luiz Ant\u00f4nio Pr\u00f3speri \u2013 12 dezembro (17h05) \u2013 Dudu fecha com o Cruzeiro ao se sentir abandonado pelo Palmeiras. Troca dez anos e 12 ta\u00e7as a servi\u00e7o do Alviverde por um contrato de quatro anos no clube mineiro. \u00cddolo eterno de uma torcida que o chama de Guerreiro, encerra seu\u2026","rel":"","context":"Em &quot;futebol&quot;","block_context":{"text":"futebol","link":"https:\/\/blogdoprosperi.com\/?cat=53870"},"img":{"alt_text":"Dudu deixa Palmeiras","src":"https:\/\/i0.wp.com\/blogdoprosperi.com\/wp-content\/uploads\/2024\/12\/captura-de-tela-2024-12-12-as-16.48.45.png?fit=956%2C744&ssl=1&resize=350%2C200","width":350,"height":200,"srcset":"https:\/\/i0.wp.com\/blogdoprosperi.com\/wp-content\/uploads\/2024\/12\/captura-de-tela-2024-12-12-as-16.48.45.png?fit=956%2C744&ssl=1&resize=350%2C200 1x, https:\/\/i0.wp.com\/blogdoprosperi.com\/wp-content\/uploads\/2024\/12\/captura-de-tela-2024-12-12-as-16.48.45.png?fit=956%2C744&ssl=1&resize=525%2C300 1.5x, https:\/\/i0.wp.com\/blogdoprosperi.com\/wp-content\/uploads\/2024\/12\/captura-de-tela-2024-12-12-as-16.48.45.png?fit=956%2C744&ssl=1&resize=700%2C400 2x"},"classes":[]},{"id":44408,"url":"https:\/\/blogdoprosperi.com\/?p=44408","url_meta":{"origin":40854,"position":3},"title":"James Rodriguez, Gabigol e Dudu, indesejados queridos","author":"Luiz Ant\u00f4nio Pr\u00f3speri","date":"22 de julho de 2024","format":false,"excerpt":"Luiz Ant\u00f4nio Pr\u00f3speri \u2013 22 julho (18h20) James Rodriguez n\u00e3o joga mais no S\u00e3o Paulo. Clube e jogador tratam da rescis\u00e3o do contrato, v\u00e1lido at\u00e9 2025. Gabigol tem prazo estipulado para deixar o Flamengo, dezembro de 2024. E Dudu espera jogar no Palmeiras pelo menos at\u00e9 o fim de 2025.\u2026","rel":"","context":"Em &quot;futebol&quot;","block_context":{"text":"futebol","link":"https:\/\/blogdoprosperi.com\/?cat=53870"},"img":{"alt_text":"","src":"https:\/\/i0.wp.com\/blogdoprosperi.com\/wp-content\/uploads\/2024\/07\/jamez-rodriguez_sao-paulo_bid_es-brasil.jpg?fit=1068%2C668&ssl=1&resize=350%2C200","width":350,"height":200,"srcset":"https:\/\/i0.wp.com\/blogdoprosperi.com\/wp-content\/uploads\/2024\/07\/jamez-rodriguez_sao-paulo_bid_es-brasil.jpg?fit=1068%2C668&ssl=1&resize=350%2C200 1x, https:\/\/i0.wp.com\/blogdoprosperi.com\/wp-content\/uploads\/2024\/07\/jamez-rodriguez_sao-paulo_bid_es-brasil.jpg?fit=1068%2C668&ssl=1&resize=525%2C300 1.5x, https:\/\/i0.wp.com\/blogdoprosperi.com\/wp-content\/uploads\/2024\/07\/jamez-rodriguez_sao-paulo_bid_es-brasil.jpg?fit=1068%2C668&ssl=1&resize=700%2C400 2x, https:\/\/i0.wp.com\/blogdoprosperi.com\/wp-content\/uploads\/2024\/07\/jamez-rodriguez_sao-paulo_bid_es-brasil.jpg?fit=1068%2C668&ssl=1&resize=1050%2C600 3x"},"classes":[]},{"id":45161,"url":"https:\/\/blogdoprosperi.com\/?p=45161","url_meta":{"origin":40854,"position":4},"title":"Palmeiras 2025: Abel Ferreira J\u00e1 Tem Substituto de Estev\u00e3o","author":"Luiz Ant\u00f4nio Pr\u00f3speri","date":"13 de setembro de 2024","format":false,"excerpt":"Palmeiras tem substituto de Estev\u00e3o dentro do grupo de jogadores comandados por Abel Ferreira. \u00c9 s\u00f3 ter boa vontade.","rel":"","context":"Em &quot;futebol&quot;","block_context":{"text":"futebol","link":"https:\/\/blogdoprosperi.com\/?cat=53870"},"img":{"alt_text":"Dudu deixa Palmeiras","src":"https:\/\/i0.wp.com\/blogdoprosperi.com\/wp-content\/uploads\/2024\/06\/5d47ecc1372d74729185b8a054e958a5-1.jpg?fit=563%2C648&ssl=1&resize=350%2C200","width":350,"height":200,"srcset":"https:\/\/i0.wp.com\/blogdoprosperi.com\/wp-content\/uploads\/2024\/06\/5d47ecc1372d74729185b8a054e958a5-1.jpg?fit=563%2C648&ssl=1&resize=350%2C200 1x, https:\/\/i0.wp.com\/blogdoprosperi.com\/wp-content\/uploads\/2024\/06\/5d47ecc1372d74729185b8a054e958a5-1.jpg?fit=563%2C648&ssl=1&resize=525%2C300 1.5x"},"classes":[]},{"id":46818,"url":"https:\/\/blogdoprosperi.com\/?p=46818","url_meta":{"origin":40854,"position":5},"title":"#Cr\u00f4nicaSab\u00e1tica #8 | Dudu Deixa o Palmeiras","author":"Luiz Ant\u00f4nio Pr\u00f3speri","date":"7 de dezembro de 2024","format":false,"excerpt":"Luiz Ant\u00f4nio Pr\u00f3speri \u2013 7 dezembro (14h35) \u2013 Dudu \u00e9 v\u00edtima da crueldade do futebol. Quando sua carreira chegava ao topo da montanha, sofre uma grave les\u00e3o. Joelho esgar\u00e7ado em um lance comum, sem disputa de bola ou pancada de um reles advers\u00e1rio, em agosto de 2023. Cirurgia inevit\u00e1vel. Um\u2026","rel":"","context":"Em &quot;futebol&quot;","block_context":{"text":"futebol","link":"https:\/\/blogdoprosperi.com\/?cat=53870"},"img":{"alt_text":"Dudu deixa Palmeiras","src":"https:\/\/i0.wp.com\/blogdoprosperi.com\/wp-content\/uploads\/2024\/06\/5d47ecc1372d74729185b8a054e958a5-1.jpg?fit=563%2C648&ssl=1&resize=350%2C200","width":350,"height":200,"srcset":"https:\/\/i0.wp.com\/blogdoprosperi.com\/wp-content\/uploads\/2024\/06\/5d47ecc1372d74729185b8a054e958a5-1.jpg?fit=563%2C648&ssl=1&resize=350%2C200 1x, https:\/\/i0.wp.com\/blogdoprosperi.com\/wp-content\/uploads\/2024\/06\/5d47ecc1372d74729185b8a054e958a5-1.jpg?fit=563%2C648&ssl=1&resize=525%2C300 1.5x"},"classes":[]}],"jetpack_featured_media_url":"https:\/\/i0.wp.com\/blogdoprosperi.com\/wp-content\/uploads\/2022\/12\/52474273725_835056a182_c.jpg?fit=800%2C450&ssl=1","_links":{"self":[{"href":"https:\/\/blogdoprosperi.com\/index.php?rest_route=\/wp\/v2\/posts\/40854","targetHints":{"allow":["GET"]}}],"collection":[{"href":"https:\/\/blogdoprosperi.com\/index.php?rest_route=\/wp\/v2\/posts"}],"about":[{"href":"https:\/\/blogdoprosperi.com\/index.php?rest_route=\/wp\/v2\/types\/post"}],"author":[{"embeddable":true,"href":"https:\/\/blogdoprosperi.com\/index.php?rest_route=\/wp\/v2\/users\/102107496"}],"replies":[{"embeddable":true,"href":"https:\/\/blogdoprosperi.com\/index.php?rest_route=%2Fwp%2Fv2%2Fcomments&post=40854"}],"version-history":[{"count":10,"href":"https:\/\/blogdoprosperi.com\/index.php?rest_route=\/wp\/v2\/posts\/40854\/revisions"}],"predecessor-version":[{"id":40866,"href":"https:\/\/blogdoprosperi.com\/index.php?rest_route=\/wp\/v2\/posts\/40854\/revisions\/40866"}],"wp:featuredmedia":[{"embeddable":true,"href":"https:\/\/blogdoprosperi.com\/index.php?rest_route=\/wp\/v2\/media\/40861"}],"wp:attachment":[{"href":"https:\/\/blogdoprosperi.com\/index.php?rest_route=%2Fwp%2Fv2%2Fmedia&parent=40854"}],"wp:term":[{"taxonomy":"category","embeddable":true,"href":"https:\/\/blogdoprosperi.com\/index.php?rest_route=%2Fwp%2Fv2%2Fcategories&post=40854"},{"taxonomy":"post_tag","embeddable":true,"href":"https:\/\/blogdoprosperi.com\/index.php?rest_route=%2Fwp%2Fv2%2Ftags&post=40854"}],"curies":[{"name":"wp","href":"https:\/\/api.w.org\/{rel}","templated":true}]}}