{"id":40868,"date":"2022-12-26T13:17:01","date_gmt":"2022-12-26T16:17:01","guid":{"rendered":"https:\/\/blogdoprosperi.com\/?p=40868"},"modified":"2022-12-28T19:22:37","modified_gmt":"2022-12-28T22:22:37","slug":"selecao-brasileira-zidane-nao-abel-sim","status":"publish","type":"post","link":"https:\/\/blogdoprosperi.com\/?p=40868","title":{"rendered":"Sele\u00e7\u00e3o Brasileira: Zidane n\u00e3o, Abel sim"},"content":{"rendered":"<p>Zinedine Zidane cotado na Sele\u00e7\u00e3o Brasileira. Por que n\u00e3o Abel Ferreira? Seja qual for sua prefer\u00eancia o fato \u00e9 que o torcedor brasileiro come\u00e7a aceitar um t\u00e9cnico estrangeiro no comando da Sele\u00e7\u00e3o. Diminui tamb\u00e9m a resist\u00eancia dentro da CBF.<\/p>\n<p>Refor\u00e7a ainda um indicativo coletado pela pesquisa DataFolha divulgada nessa segunda-feira (26\/12): cai a rejei\u00e7\u00e3o a um t\u00e9cnico estrangeiro na Sele\u00e7\u00e3o.<\/p>\n<p>De acordo com a pesquisa, em julho apenas 30% dos pesquisados eram favor\u00e1veis a um estrangeiro. Agora, em dezembro, 41% apoiam um nome de fora do pa\u00eds para substituir Tite. A maioria (48%) ainda prefere t\u00e9cnico brasileiro. E 6% s\u00e3o indiferentes, 5% n\u00e3o souberam responder.<\/p>\n<p>DataFolha indica tamb\u00e9m que 55% dos pesquisados eram contra um estrangeiro na Sele\u00e7\u00e3o em julho. Em dezembro, ap\u00f3s fracasso de Tite no Qatar, 48% dizem ser contra um &#8220;gringo&#8221; no comando do escrete.<\/p>\n<figure id=\"attachment_40880\" aria-describedby=\"caption-attachment-40880\" style=\"width: 940px\" class=\"wp-caption alignnone\"><img data-recalc-dims=\"1\" loading=\"lazy\" decoding=\"async\" data-attachment-id=\"40880\" data-permalink=\"https:\/\/blogdoprosperi.com\/?attachment_id=40880\" data-orig-file=\"https:\/\/i0.wp.com\/blogdoprosperi.com\/wp-content\/uploads\/2022\/12\/he19928thumb.jpg?fit=940%2C528&amp;ssl=1\" data-orig-size=\"940,528\" data-comments-opened=\"1\" data-image-meta=\"{&quot;aperture&quot;:&quot;0&quot;,&quot;credit&quot;:&quot;&quot;,&quot;camera&quot;:&quot;&quot;,&quot;caption&quot;:&quot;&quot;,&quot;created_timestamp&quot;:&quot;0&quot;,&quot;copyright&quot;:&quot;&quot;,&quot;focal_length&quot;:&quot;0&quot;,&quot;iso&quot;:&quot;0&quot;,&quot;shutter_speed&quot;:&quot;0&quot;,&quot;title&quot;:&quot;&quot;,&quot;orientation&quot;:&quot;0&quot;}\" data-image-title=\"Zidane na Sele\u00e7\u00e3o Brasileira\" data-image-description=\"\" data-image-caption=\"&lt;p&gt;foto: Real Madrid oficial&lt;\/p&gt;\n\" data-large-file=\"https:\/\/i0.wp.com\/blogdoprosperi.com\/wp-content\/uploads\/2022\/12\/he19928thumb.jpg?fit=940%2C528&amp;ssl=1\" class=\"size-full wp-image-40880\" src=\"https:\/\/i0.wp.com\/blogdoprosperi.com\/wp-content\/uploads\/2022\/12\/he19928thumb.jpg?resize=940%2C528&#038;ssl=1\" alt=\"\" width=\"940\" height=\"528\"><figcaption id=\"caption-attachment-40880\" class=\"wp-caption-text\">foto: Real Madrid oficial<\/figcaption><\/figure>\n<p>Antes de a pesquisa ser divulgada, publica\u00e7\u00f5es europeias antecipavam o perfil ideal de um t\u00e9cnico estrangeiro a dirigir a Sele\u00e7\u00e3o.<\/p>\n<p>Zinedine Zidane (<em>foto<\/em>) \u00e9 o preferido do jornal franc\u00eas de esportes&nbsp;<em>L&#8217;\u00c9quipe,&nbsp;<\/em>um dos mais importantes da Europa. Dos seis t\u00e9cnicos indicados pelo di\u00e1rio de Paris, Zidane seria aquele com mais credenciais a assumir a Sele\u00e7\u00e3o.<\/p>\n<p>Zidane tem hist\u00f3rico de vencedor no Real Madrid. Jogou ao lado de Ronaldo Fen\u00f4meno e Roberto Carlos na \u00e9poca dos &#8220;gal\u00e1cticos&#8221; no clube espanhol e foi comandado por Vanderley Luxemburgo em 2005 no Real.<\/p>\n<p>Na fun\u00e7\u00e3o de treinador do clube de Madri, Zidane teve Eder Milit\u00e3o, Casemiro, Vini Jr e Rodrygo no seu grupo de jogadores \u2013 os quatro estiveram com Tite na Copa Qatar 2022.<\/p>\n<p>A familiaridade com jogadores brasileiros e at\u00e9 o t\u00e9cnico Luxemburgo n\u00e3o s\u00e3o credenciais a levar Zidane ao comando da Sele\u00e7\u00e3o. Faltam ao treinador franc\u00eas&nbsp;mais viv\u00eancia e conhecimento das entranhas do futebol brasileiro.<\/p>\n<p>Abel Ferreira, h\u00e1 dois anos ganhando tudo no Palmeiras, j\u00e1 tem esse caldo cultural incorporado no seu dia a dia de trabalho.<\/p>\n<p>N\u00e3o \u00e9 dif\u00edcil prever uma Sele\u00e7\u00e3o mais compromissada, mais concentrada e sem regalias sob o comando de Abel Ferreira. Seriam as mesmas diretrizes adotadas pelo t\u00e9cnico portugu\u00eas no Palmeiras.<\/p>\n<p>Zidane, n\u00e3o. Abel, sim<\/p>\n","protected":false},"excerpt":{"rendered":"<p>DataFolha indica que 41% apoiam t\u00e9cnico estrangeiro para substituir Tite no comando da Sele\u00e7\u00e3o Brasileira <\/p>\n","protected":false},"author":102107496,"featured_media":39142,"comment_status":"open","ping_status":"open","sticky":false,"template":"","format":"standard","meta":{"_coblocks_attr":"","_coblocks_dimensions":"","_coblocks_responsive_height":"","_coblocks_accordion_ie_support":"","_jetpack_newsletter_access":"","_jetpack_dont_email_post_to_subs":false,"_jetpack_newsletter_tier_id":0,"_jetpack_memberships_contains_paywalled_content":false,"_wpcom_ai_launchpad_first_post":false,"_jetpack_feature_clip_id":0,"_jetpack_memberships_contains_paid_content":false,"footnotes":"","jetpack_publicize_message":"","jetpack_publicize_feature_enabled":true,"jetpack_social_post_already_shared":false,"jetpack_social_options":{"image_generator_settings":{"template":"highway","default_image_id":0,"font":"","enabled":false},"version":2},"jetpack_post_was_ever_published":false},"categories":[53870,29811679,174694],"tags":[4200771,789560569,3031453,789560560,287104,789560562,173562611,38539110,78819],"class_list":["post-40868","post","type-post","status-publish","format-standard","has-post-thumbnail","hentry","category-futebol","category-qatar-2022","category-selecao-brasileira","tag-abel-ferreira","tag-cbf","tag-datafolha","tag-futebol","tag-palmeiras","tag-selecao-brasileira","tag-tecnico-estrangeiro","tag-tecnico-selecao","tag-zidane"],"yoast_head":"<!-- This site is optimized with the Yoast SEO plugin v28.3 - https:\/\/yoast.com\/product\/yoast-seo-wordpress\/ -->\n<title>Sele\u00e7\u00e3o Brasileira: Zidane n\u00e3o, Abel sim - PR\u00d3SPERI NEWS<\/title>\n<meta name=\"robots\" content=\"index, follow, max-snippet:-1, max-image-preview:large, max-video-preview:-1\" \/>\n<link rel=\"canonical\" href=\"https:\/\/blogdoprosperi.com\/?p=40868\" \/>\n<meta property=\"og:locale\" content=\"pt_BR\" \/>\n<meta property=\"og:type\" content=\"article\" \/>\n<meta property=\"og:title\" content=\"Sele\u00e7\u00e3o Brasileira: Zidane n\u00e3o, Abel sim - PR\u00d3SPERI NEWS\" \/>\n<meta property=\"og:description\" content=\"DataFolha indica que 41% apoiam t\u00e9cnico estrangeiro para substituir Tite no comando da Sele\u00e7\u00e3o Brasileira\" \/>\n<meta property=\"og:url\" content=\"https:\/\/blogdoprosperi.com\/?p=40868\" \/>\n<meta property=\"og:site_name\" content=\"PR\u00d3SPERI NEWS\" \/>\n<meta property=\"article:publisher\" content=\"Luiz Pr\u00f3speri\" \/>\n<meta property=\"article:author\" content=\"Luiz Pr\u00f3speri\" \/>\n<meta property=\"article:published_time\" content=\"2022-12-26T16:17:01+00:00\" \/>\n<meta property=\"article:modified_time\" content=\"2022-12-28T22:22:37+00:00\" \/>\n<meta property=\"og:image\" content=\"https:\/\/i0.wp.com\/blogdoprosperi.com\/wp-content\/uploads\/2022\/08\/52276933292_a92b08b113_c.jpg?fit=800%2C450&ssl=1\" \/>\n\t<meta property=\"og:image:width\" content=\"800\" \/>\n\t<meta property=\"og:image:height\" content=\"450\" \/>\n\t<meta property=\"og:image:type\" content=\"image\/jpeg\" \/>\n<meta name=\"author\" content=\"Luiz Ant\u00f4nio Pr\u00f3speri\" \/>\n<meta name=\"twitter:card\" content=\"summary_large_image\" \/>\n<meta name=\"twitter:creator\" content=\"@Luizprosperi\" \/>\n<meta name=\"twitter:site\" content=\"@Luizprosperi\" \/>\n<meta name=\"twitter:label1\" content=\"Escrito por\" \/>\n\t<meta name=\"twitter:data1\" content=\"Luiz Ant\u00f4nio Pr\u00f3speri\" \/>\n\t<meta name=\"twitter:label2\" content=\"Est. tempo de leitura\" \/>\n\t<meta name=\"twitter:data2\" content=\"2 minutos\" \/>\n<script type=\"application\/ld+json\" class=\"yoast-schema-graph\">{\"@context\":\"https:\\\/\\\/schema.org\",\"@graph\":[{\"@type\":\"Article\",\"@id\":\"https:\\\/\\\/blogdoprosperi.com\\\/?p=40868#article\",\"isPartOf\":{\"@id\":\"https:\\\/\\\/blogdoprosperi.com\\\/?p=40868\"},\"author\":{\"name\":\"Luiz Ant\u00f4nio Pr\u00f3speri\",\"@id\":\"https:\\\/\\\/blogdoprosperi.com\\\/#\\\/schema\\\/person\\\/38100755ce3601861ee4fab9b5aa78e9\"},\"headline\":\"Sele\u00e7\u00e3o Brasileira: Zidane n\u00e3o, Abel sim\",\"datePublished\":\"2022-12-26T16:17:01+00:00\",\"dateModified\":\"2022-12-28T22:22:37+00:00\",\"mainEntityOfPage\":{\"@id\":\"https:\\\/\\\/blogdoprosperi.com\\\/?p=40868\"},\"wordCount\":401,\"commentCount\":4,\"publisher\":{\"@id\":\"https:\\\/\\\/blogdoprosperi.com\\\/#\\\/schema\\\/person\\\/38100755ce3601861ee4fab9b5aa78e9\"},\"image\":{\"@id\":\"https:\\\/\\\/blogdoprosperi.com\\\/?p=40868#primaryimage\"},\"thumbnailUrl\":\"https:\\\/\\\/i0.wp.com\\\/blogdoprosperi.com\\\/wp-content\\\/uploads\\\/2022\\\/08\\\/52276933292_a92b08b113_c.jpg?fit=800%2C450&ssl=1\",\"keywords\":[\"abel ferreira\",\"CBF\",\"datafolha\",\"futebol\",\"Palmeiras\",\"Sele\u00e7\u00e3o Brasileira\",\"t\u00e9cnico estrangeiro\",\"t\u00e9cnico sele\u00e7\u00e3o\",\"Zidane\"],\"articleSection\":[\"futebol\",\"qatar 2022\",\"Sele\u00e7\u00e3o Brasileira\"],\"inLanguage\":\"pt-BR\",\"potentialAction\":[{\"@type\":\"CommentAction\",\"name\":\"Comment\",\"target\":[\"https:\\\/\\\/blogdoprosperi.com\\\/?p=40868#respond\"]}]},{\"@type\":\"WebPage\",\"@id\":\"https:\\\/\\\/blogdoprosperi.com\\\/?p=40868\",\"url\":\"https:\\\/\\\/blogdoprosperi.com\\\/?p=40868\",\"name\":\"Sele\u00e7\u00e3o Brasileira: Zidane n\u00e3o, Abel sim - PR\u00d3SPERI NEWS\",\"isPartOf\":{\"@id\":\"https:\\\/\\\/blogdoprosperi.com\\\/#website\"},\"primaryImageOfPage\":{\"@id\":\"https:\\\/\\\/blogdoprosperi.com\\\/?p=40868#primaryimage\"},\"image\":{\"@id\":\"https:\\\/\\\/blogdoprosperi.com\\\/?p=40868#primaryimage\"},\"thumbnailUrl\":\"https:\\\/\\\/i0.wp.com\\\/blogdoprosperi.com\\\/wp-content\\\/uploads\\\/2022\\\/08\\\/52276933292_a92b08b113_c.jpg?fit=800%2C450&ssl=1\",\"datePublished\":\"2022-12-26T16:17:01+00:00\",\"dateModified\":\"2022-12-28T22:22:37+00:00\",\"breadcrumb\":{\"@id\":\"https:\\\/\\\/blogdoprosperi.com\\\/?p=40868#breadcrumb\"},\"inLanguage\":\"pt-BR\",\"potentialAction\":[{\"@type\":\"ReadAction\",\"target\":[\"https:\\\/\\\/blogdoprosperi.com\\\/?p=40868\"]}]},{\"@type\":\"ImageObject\",\"inLanguage\":\"pt-BR\",\"@id\":\"https:\\\/\\\/blogdoprosperi.com\\\/?p=40868#primaryimage\",\"url\":\"https:\\\/\\\/i0.wp.com\\\/blogdoprosperi.com\\\/wp-content\\\/uploads\\\/2022\\\/08\\\/52276933292_a92b08b113_c.jpg?fit=800%2C450&ssl=1\",\"contentUrl\":\"https:\\\/\\\/i0.wp.com\\\/blogdoprosperi.com\\\/wp-content\\\/uploads\\\/2022\\\/08\\\/52276933292_a92b08b113_c.jpg?fit=800%2C450&ssl=1\",\"width\":800,\"height\":450,\"caption\":\"foto: ag Palmeiras\"},{\"@type\":\"BreadcrumbList\",\"@id\":\"https:\\\/\\\/blogdoprosperi.com\\\/?p=40868#breadcrumb\",\"itemListElement\":[{\"@type\":\"ListItem\",\"position\":1,\"name\":\"In\u00edcio\",\"item\":\"https:\\\/\\\/blogdoprosperi.com\\\/\"},{\"@type\":\"ListItem\",\"position\":2,\"name\":\"Sele\u00e7\u00e3o Brasileira: Zidane n\u00e3o, Abel sim\"}]},{\"@type\":\"WebSite\",\"@id\":\"https:\\\/\\\/blogdoprosperi.com\\\/#website\",\"url\":\"https:\\\/\\\/blogdoprosperi.com\\\/\",\"name\":\"PR\u00d3SPERI NEWS\",\"description\":\"TUDO \u00c9  FUTEBOL\",\"publisher\":{\"@id\":\"https:\\\/\\\/blogdoprosperi.com\\\/#\\\/schema\\\/person\\\/38100755ce3601861ee4fab9b5aa78e9\"},\"alternateName\":\"blogdoprosperi.com\",\"potentialAction\":[{\"@type\":\"SearchAction\",\"target\":{\"@type\":\"EntryPoint\",\"urlTemplate\":\"https:\\\/\\\/blogdoprosperi.com\\\/?s={search_term_string}\"},\"query-input\":{\"@type\":\"PropertyValueSpecification\",\"valueRequired\":true,\"valueName\":\"search_term_string\"}}],\"inLanguage\":\"pt-BR\"},{\"@type\":[\"Person\",\"Organization\"],\"@id\":\"https:\\\/\\\/blogdoprosperi.com\\\/#\\\/schema\\\/person\\\/38100755ce3601861ee4fab9b5aa78e9\",\"name\":\"Luiz Ant\u00f4nio Pr\u00f3speri\",\"pronouns\":\"ele\",\"image\":{\"@type\":\"ImageObject\",\"inLanguage\":\"pt-BR\",\"@id\":\"https:\\\/\\\/i0.wp.com\\\/blogdoprosperi.com\\\/wp-content\\\/uploads\\\/2026\\\/05\\\/cropped-8059e613-6002-42fa-961e-8e275f575d71-2-5.jpg?fit=1360%2C931&ssl=1\",\"url\":\"https:\\\/\\\/i0.wp.com\\\/blogdoprosperi.com\\\/wp-content\\\/uploads\\\/2026\\\/05\\\/cropped-8059e613-6002-42fa-961e-8e275f575d71-2-5.jpg?fit=1360%2C931&ssl=1\",\"contentUrl\":\"https:\\\/\\\/i0.wp.com\\\/blogdoprosperi.com\\\/wp-content\\\/uploads\\\/2026\\\/05\\\/cropped-8059e613-6002-42fa-961e-8e275f575d71-2-5.jpg?fit=1360%2C931&ssl=1\",\"width\":1360,\"height\":931,\"caption\":\"Luiz Ant\u00f4nio Pr\u00f3speri\"},\"logo\":{\"@id\":\"https:\\\/\\\/i0.wp.com\\\/blogdoprosperi.com\\\/wp-content\\\/uploads\\\/2026\\\/05\\\/cropped-8059e613-6002-42fa-961e-8e275f575d71-2-5.jpg?fit=1360%2C931&ssl=1\"},\"description\":\"Jornalista com carreira dedicada ao esporte. Cobriu 9 Copas do Mundo in loco, 1990 na It\u00e1lia, 1994 nos EUA, 1998 na Fran\u00e7a, 2002 na Coreia do Sul e Jap\u00e3o, 2006 na Alemanha, 2010 na \u00c1frica do Sul, 2014 no Brasil, 2018 na R\u00fassia e 2022 no Qatar. Eurocopas, 1992 na Su\u00e9cia e 1996 na Inglaterra. Copa das Confedera\u00e7\u00f5es de 2005 na Alemanha e 2009 na \u00c1frica do Sul. Rep\u00f3rter e Editor, trabalhou no Jornal da Tarde e Estad\u00e3o, de 1984 a fevereiro de 2016. Colunista, blogueiro. E comentarista de futebol na R\u00e1dio Estad\u00e3o, de 2013 a fevereiro de 2016. Jornalista respons\u00e1vel do \\\"Pr\u00f3speri News\\\" (blogdoprosperi.com).\",\"sameAs\":[\"http:\\\/\\\/blogdoprosperi.com\",\"Luiz Pr\u00f3speri\",\"@luiz_prosperi\",\"https:\\\/\\\/x.com\\\/Luizprosperi\",\"@prosperinacopa\",\"luiz.prosperi@icloud.com\"],\"url\":\"https:\\\/\\\/blogdoprosperi.com\\\/?author=102107496\"}]}<\/script>\n<!-- \/ Yoast SEO plugin. -->","yoast_head_json":{"title":"Sele\u00e7\u00e3o Brasileira: Zidane n\u00e3o, Abel sim - PR\u00d3SPERI NEWS","robots":{"index":"index","follow":"follow","max-snippet":"max-snippet:-1","max-image-preview":"max-image-preview:large","max-video-preview":"max-video-preview:-1"},"canonical":"https:\/\/blogdoprosperi.com\/?p=40868","og_locale":"pt_BR","og_type":"article","og_title":"Sele\u00e7\u00e3o Brasileira: Zidane n\u00e3o, Abel sim - PR\u00d3SPERI NEWS","og_description":"DataFolha indica que 41% apoiam t\u00e9cnico estrangeiro para substituir Tite no comando da Sele\u00e7\u00e3o Brasileira","og_url":"https:\/\/blogdoprosperi.com\/?p=40868","og_site_name":"PR\u00d3SPERI NEWS","article_publisher":"Luiz Pr\u00f3speri","article_author":"Luiz Pr\u00f3speri","article_published_time":"2022-12-26T16:17:01+00:00","article_modified_time":"2022-12-28T22:22:37+00:00","og_image":[{"width":800,"height":450,"url":"https:\/\/i0.wp.com\/blogdoprosperi.com\/wp-content\/uploads\/2022\/08\/52276933292_a92b08b113_c.jpg?fit=800%2C450&ssl=1","type":"image\/jpeg"}],"author":"Luiz Ant\u00f4nio Pr\u00f3speri","twitter_card":"summary_large_image","twitter_creator":"@Luizprosperi","twitter_site":"@Luizprosperi","twitter_misc":{"Escrito por":"Luiz Ant\u00f4nio Pr\u00f3speri","Est. tempo de leitura":"2 minutos"},"schema":{"@context":"https:\/\/schema.org","@graph":[{"@type":"Article","@id":"https:\/\/blogdoprosperi.com\/?p=40868#article","isPartOf":{"@id":"https:\/\/blogdoprosperi.com\/?p=40868"},"author":{"name":"Luiz Ant\u00f4nio Pr\u00f3speri","@id":"https:\/\/blogdoprosperi.com\/#\/schema\/person\/38100755ce3601861ee4fab9b5aa78e9"},"headline":"Sele\u00e7\u00e3o Brasileira: Zidane n\u00e3o, Abel sim","datePublished":"2022-12-26T16:17:01+00:00","dateModified":"2022-12-28T22:22:37+00:00","mainEntityOfPage":{"@id":"https:\/\/blogdoprosperi.com\/?p=40868"},"wordCount":401,"commentCount":4,"publisher":{"@id":"https:\/\/blogdoprosperi.com\/#\/schema\/person\/38100755ce3601861ee4fab9b5aa78e9"},"image":{"@id":"https:\/\/blogdoprosperi.com\/?p=40868#primaryimage"},"thumbnailUrl":"https:\/\/i0.wp.com\/blogdoprosperi.com\/wp-content\/uploads\/2022\/08\/52276933292_a92b08b113_c.jpg?fit=800%2C450&ssl=1","keywords":["abel ferreira","CBF","datafolha","futebol","Palmeiras","Sele\u00e7\u00e3o Brasileira","t\u00e9cnico estrangeiro","t\u00e9cnico sele\u00e7\u00e3o","Zidane"],"articleSection":["futebol","qatar 2022","Sele\u00e7\u00e3o Brasileira"],"inLanguage":"pt-BR","potentialAction":[{"@type":"CommentAction","name":"Comment","target":["https:\/\/blogdoprosperi.com\/?p=40868#respond"]}]},{"@type":"WebPage","@id":"https:\/\/blogdoprosperi.com\/?p=40868","url":"https:\/\/blogdoprosperi.com\/?p=40868","name":"Sele\u00e7\u00e3o Brasileira: Zidane n\u00e3o, Abel sim - PR\u00d3SPERI NEWS","isPartOf":{"@id":"https:\/\/blogdoprosperi.com\/#website"},"primaryImageOfPage":{"@id":"https:\/\/blogdoprosperi.com\/?p=40868#primaryimage"},"image":{"@id":"https:\/\/blogdoprosperi.com\/?p=40868#primaryimage"},"thumbnailUrl":"https:\/\/i0.wp.com\/blogdoprosperi.com\/wp-content\/uploads\/2022\/08\/52276933292_a92b08b113_c.jpg?fit=800%2C450&ssl=1","datePublished":"2022-12-26T16:17:01+00:00","dateModified":"2022-12-28T22:22:37+00:00","breadcrumb":{"@id":"https:\/\/blogdoprosperi.com\/?p=40868#breadcrumb"},"inLanguage":"pt-BR","potentialAction":[{"@type":"ReadAction","target":["https:\/\/blogdoprosperi.com\/?p=40868"]}]},{"@type":"ImageObject","inLanguage":"pt-BR","@id":"https:\/\/blogdoprosperi.com\/?p=40868#primaryimage","url":"https:\/\/i0.wp.com\/blogdoprosperi.com\/wp-content\/uploads\/2022\/08\/52276933292_a92b08b113_c.jpg?fit=800%2C450&ssl=1","contentUrl":"https:\/\/i0.wp.com\/blogdoprosperi.com\/wp-content\/uploads\/2022\/08\/52276933292_a92b08b113_c.jpg?fit=800%2C450&ssl=1","width":800,"height":450,"caption":"foto: ag Palmeiras"},{"@type":"BreadcrumbList","@id":"https:\/\/blogdoprosperi.com\/?p=40868#breadcrumb","itemListElement":[{"@type":"ListItem","position":1,"name":"In\u00edcio","item":"https:\/\/blogdoprosperi.com\/"},{"@type":"ListItem","position":2,"name":"Sele\u00e7\u00e3o Brasileira: Zidane n\u00e3o, Abel sim"}]},{"@type":"WebSite","@id":"https:\/\/blogdoprosperi.com\/#website","url":"https:\/\/blogdoprosperi.com\/","name":"PR\u00d3SPERI NEWS","description":"TUDO \u00c9  FUTEBOL","publisher":{"@id":"https:\/\/blogdoprosperi.com\/#\/schema\/person\/38100755ce3601861ee4fab9b5aa78e9"},"alternateName":"blogdoprosperi.com","potentialAction":[{"@type":"SearchAction","target":{"@type":"EntryPoint","urlTemplate":"https:\/\/blogdoprosperi.com\/?s={search_term_string}"},"query-input":{"@type":"PropertyValueSpecification","valueRequired":true,"valueName":"search_term_string"}}],"inLanguage":"pt-BR"},{"@type":["Person","Organization"],"@id":"https:\/\/blogdoprosperi.com\/#\/schema\/person\/38100755ce3601861ee4fab9b5aa78e9","name":"Luiz Ant\u00f4nio Pr\u00f3speri","pronouns":"ele","image":{"@type":"ImageObject","inLanguage":"pt-BR","@id":"https:\/\/i0.wp.com\/blogdoprosperi.com\/wp-content\/uploads\/2026\/05\/cropped-8059e613-6002-42fa-961e-8e275f575d71-2-5.jpg?fit=1360%2C931&ssl=1","url":"https:\/\/i0.wp.com\/blogdoprosperi.com\/wp-content\/uploads\/2026\/05\/cropped-8059e613-6002-42fa-961e-8e275f575d71-2-5.jpg?fit=1360%2C931&ssl=1","contentUrl":"https:\/\/i0.wp.com\/blogdoprosperi.com\/wp-content\/uploads\/2026\/05\/cropped-8059e613-6002-42fa-961e-8e275f575d71-2-5.jpg?fit=1360%2C931&ssl=1","width":1360,"height":931,"caption":"Luiz Ant\u00f4nio Pr\u00f3speri"},"logo":{"@id":"https:\/\/i0.wp.com\/blogdoprosperi.com\/wp-content\/uploads\/2026\/05\/cropped-8059e613-6002-42fa-961e-8e275f575d71-2-5.jpg?fit=1360%2C931&ssl=1"},"description":"Jornalista com carreira dedicada ao esporte. Cobriu 9 Copas do Mundo in loco, 1990 na It\u00e1lia, 1994 nos EUA, 1998 na Fran\u00e7a, 2002 na Coreia do Sul e Jap\u00e3o, 2006 na Alemanha, 2010 na \u00c1frica do Sul, 2014 no Brasil, 2018 na R\u00fassia e 2022 no Qatar. Eurocopas, 1992 na Su\u00e9cia e 1996 na Inglaterra. Copa das Confedera\u00e7\u00f5es de 2005 na Alemanha e 2009 na \u00c1frica do Sul. Rep\u00f3rter e Editor, trabalhou no Jornal da Tarde e Estad\u00e3o, de 1984 a fevereiro de 2016. Colunista, blogueiro. E comentarista de futebol na R\u00e1dio Estad\u00e3o, de 2013 a fevereiro de 2016. Jornalista respons\u00e1vel do \"Pr\u00f3speri News\" (blogdoprosperi.com).","sameAs":["http:\/\/blogdoprosperi.com","Luiz Pr\u00f3speri","@luiz_prosperi","https:\/\/x.com\/Luizprosperi","@prosperinacopa","luiz.prosperi@icloud.com"],"url":"https:\/\/blogdoprosperi.com\/?author=102107496"}]}},"jetpack_publicize_connections":[],"jetpack_likes_enabled":false,"jetpack_sharing_enabled":true,"jetpack_shortlink":"https:\/\/wp.me\/p7jvdk-aDa","jetpack-related-posts":[{"id":39075,"url":"https:\/\/blogdoprosperi.com\/?p=39075","url_meta":{"origin":40868,"position":0},"title":"Torcedor brasileiro rejeita t\u00e9cnico estrangeiro na Sele\u00e7\u00e3o, CBF est\u00e1 amarrada","author":"Luiz Ant\u00f4nio Pr\u00f3speri","date":"8 de agosto de 2022","format":false,"excerpt":"Pesquisa DataFolha indica rejei\u00e7\u00e3o da popula\u00e7\u00e3o brasileira a t\u00e9cnico estrangeiro na Sele\u00e7\u00e3o. CBF pode renovar com Tite at\u00e9 2026","rel":"","context":"Em &quot;copa do mundo catar 2022&quot;","block_context":{"text":"copa do mundo catar 2022","link":"https:\/\/blogdoprosperi.com\/?cat=301049609"},"img":{"alt_text":"","src":"https:\/\/i0.wp.com\/blogdoprosperi.com\/wp-content\/uploads\/2022\/08\/51845766440_143abb51a9_w-1.jpg?fit=400%2C267&ssl=1&resize=350%2C200","width":350,"height":200},"classes":[]},{"id":41732,"url":"https:\/\/blogdoprosperi.com\/?p=41732","url_meta":{"origin":40868,"position":1},"title":"Abel Ferreira, do Palmeiras, a caminho da Sele\u00e7\u00e3o Brasileira","author":"Luiz Ant\u00f4nio Pr\u00f3speri","date":"9 de junho de 2023","format":false,"excerpt":"Se Ancelotti der um \"N\u00e3o\" definitivo ao presidente da CBF, na semana de 17 de junho no amistoso do Brasil contra Guin\u00e9 na Espanha, Abel Ferreira ser\u00e1 procurado pela CBF. E a\u00ed vai depender apenas de um \"Sim\" do portugu\u00eas para ser o novo t\u00e9cnico da Sele\u00e7\u00e3o Brasileira","rel":"","context":"Em &quot;CBF&quot;","block_context":{"text":"CBF","link":"https:\/\/blogdoprosperi.com\/?cat=570700"},"img":{"alt_text":"","src":"https:\/\/i0.wp.com\/blogdoprosperi.com\/wp-content\/uploads\/2023\/01\/52654938326_bd288e38ed_c.jpg?fit=800%2C450&ssl=1&resize=350%2C200","width":350,"height":200,"srcset":"https:\/\/i0.wp.com\/blogdoprosperi.com\/wp-content\/uploads\/2023\/01\/52654938326_bd288e38ed_c.jpg?fit=800%2C450&ssl=1&resize=350%2C200 1x, https:\/\/i0.wp.com\/blogdoprosperi.com\/wp-content\/uploads\/2023\/01\/52654938326_bd288e38ed_c.jpg?fit=800%2C450&ssl=1&resize=525%2C300 1.5x, https:\/\/i0.wp.com\/blogdoprosperi.com\/wp-content\/uploads\/2023\/01\/52654938326_bd288e38ed_c.jpg?fit=800%2C450&ssl=1&resize=700%2C400 2x"},"classes":[]},{"id":41075,"url":"https:\/\/blogdoprosperi.com\/?p=41075","url_meta":{"origin":40868,"position":2},"title":"Portugal rejeita t\u00e9cnico portugu\u00eas e contrata espanhol para comandar a Sele\u00e7\u00e3o","author":"Luiz Ant\u00f4nio Pr\u00f3speri","date":"10 de janeiro de 2023","format":false,"excerpt":"Sele\u00e7\u00e3o de Portugal ser\u00e1 comandada pelo espanhol Roberto Mart\u00ednez. Enquanto isso, CBF estuda nome de treinador portugu\u00eas para Sele\u00e7\u00e3o Brasileira. Franc\u00eas Zidane entra no modo especula\u00e7\u00e3o","rel":"","context":"Em &quot;futebol&quot;","block_context":{"text":"futebol","link":"https:\/\/blogdoprosperi.com\/?cat=53870"},"img":{"alt_text":"","src":"https:\/\/i0.wp.com\/blogdoprosperi.com\/wp-content\/uploads\/2016\/04\/zinedinezidane-cropped_1xh8aw2gh0y5m1ffz69eeoefkx.jpg?fit=620%2C430&ssl=1&resize=350%2C200","width":350,"height":200,"srcset":"https:\/\/i0.wp.com\/blogdoprosperi.com\/wp-content\/uploads\/2016\/04\/zinedinezidane-cropped_1xh8aw2gh0y5m1ffz69eeoefkx.jpg?fit=620%2C430&ssl=1&resize=350%2C200 1x, https:\/\/i0.wp.com\/blogdoprosperi.com\/wp-content\/uploads\/2016\/04\/zinedinezidane-cropped_1xh8aw2gh0y5m1ffz69eeoefkx.jpg?fit=620%2C430&ssl=1&resize=525%2C300 1.5x"},"classes":[]},{"id":41540,"url":"https:\/\/blogdoprosperi.com\/?p=41540","url_meta":{"origin":40868,"position":3},"title":"Sele\u00e7\u00e3o nunca mais ser\u00e1 Brasileira","author":"Luiz Ant\u00f4nio Pr\u00f3speri","date":"25 de mar\u00e7o de 2023","format":false,"excerpt":"A Sele\u00e7\u00e3o Brasileira acabou. J\u00e1 n\u00e3o tinha mais poder sobre a camisa amarela e agora ter\u00e1 um maestro da Europa","rel":"","context":"Em &quot;catar 2022&quot;","block_context":{"text":"catar 2022","link":"https:\/\/blogdoprosperi.com\/?cat=47094043"},"img":{"alt_text":"Sele\u00e7\u00e3o nunca mais ser\u00e1 Brasileira","src":"https:\/\/i0.wp.com\/blogdoprosperi.com\/wp-content\/uploads\/2023\/03\/20230321133636_97.jpg?fit=910%2C631&ssl=1&resize=350%2C200","width":350,"height":200,"srcset":"https:\/\/i0.wp.com\/blogdoprosperi.com\/wp-content\/uploads\/2023\/03\/20230321133636_97.jpg?fit=910%2C631&ssl=1&resize=350%2C200 1x, https:\/\/i0.wp.com\/blogdoprosperi.com\/wp-content\/uploads\/2023\/03\/20230321133636_97.jpg?fit=910%2C631&ssl=1&resize=525%2C300 1.5x, https:\/\/i0.wp.com\/blogdoprosperi.com\/wp-content\/uploads\/2023\/03\/20230321133636_97.jpg?fit=910%2C631&ssl=1&resize=700%2C400 2x"},"classes":[]},{"id":50645,"url":"https:\/\/blogdoprosperi.com\/?p=50645","url_meta":{"origin":40868,"position":4},"title":"Sele\u00e7\u00e3o Brasileira | Eles Conseguiram, Somos Todos Ancelotti","author":"Luiz Ant\u00f4nio Pr\u00f3speri","date":"3 de junho de 2025","format":false,"excerpt":"Luiz Ant\u00f4nio Pr\u00f3speri \u2013 3 junho (22h35) \u2013 Ancelotti deve escalar este time contra o Equador, em Guayaquil, sua estreia na Sele\u00e7\u00e3o Brasileira, quinta-feira (05\/6): Alisson (Liverpool), Vanderson (Monaco), Marquinhos (PSG), Alexsandro (Lille) e Alex Sandro (Flamengo); Casemiro (Manchester United), Bruno Guimar\u00e3es (Newcastle) e Gerson (Flamengo); Estev\u00e3o (Palmeiras), Richarlisson (Tottenham)\u2026","rel":"","context":"Em &quot;futebol&quot;","block_context":{"text":"futebol","link":"https:\/\/blogdoprosperi.com\/?cat=53870"},"img":{"alt_text":"Somos todos Ancelotti","src":"https:\/\/i0.wp.com\/blogdoprosperi.com\/wp-content\/uploads\/2025\/06\/64d189d7ac692d11658f6747f0642abf.jpg?fit=1200%2C675&ssl=1&resize=350%2C200","width":350,"height":200,"srcset":"https:\/\/i0.wp.com\/blogdoprosperi.com\/wp-content\/uploads\/2025\/06\/64d189d7ac692d11658f6747f0642abf.jpg?fit=1200%2C675&ssl=1&resize=350%2C200 1x, https:\/\/i0.wp.com\/blogdoprosperi.com\/wp-content\/uploads\/2025\/06\/64d189d7ac692d11658f6747f0642abf.jpg?fit=1200%2C675&ssl=1&resize=525%2C300 1.5x, https:\/\/i0.wp.com\/blogdoprosperi.com\/wp-content\/uploads\/2025\/06\/64d189d7ac692d11658f6747f0642abf.jpg?fit=1200%2C675&ssl=1&resize=700%2C400 2x, https:\/\/i0.wp.com\/blogdoprosperi.com\/wp-content\/uploads\/2025\/06\/64d189d7ac692d11658f6747f0642abf.jpg?fit=1200%2C675&ssl=1&resize=1050%2C600 3x"},"classes":[]},{"id":41327,"url":"https:\/\/blogdoprosperi.com\/?p=41327","url_meta":{"origin":40868,"position":5},"title":"Palmeiras vence Flamengo, leva Supercopa e Abel vira prioridade da Sele\u00e7\u00e3o","author":"Luiz Ant\u00f4nio Pr\u00f3speri","date":"28 de janeiro de 2023","format":false,"excerpt":"Se um analista estrangeiro olhar o jogo com a lupa da imparcialidade, vai observar que Abel n\u00e3o deu a Vitor Pereira a menor chance de sair das amarras. Palmeiras campe\u00e3o da Supercopa.","rel":"","context":"Em &quot;CBF&quot;","block_context":{"text":"CBF","link":"https:\/\/blogdoprosperi.com\/?cat=570700"},"img":{"alt_text":"","src":"https:\/\/i0.wp.com\/blogdoprosperi.com\/wp-content\/uploads\/2023\/01\/52654938326_bd288e38ed_c.jpg?fit=800%2C450&ssl=1&resize=350%2C200","width":350,"height":200,"srcset":"https:\/\/i0.wp.com\/blogdoprosperi.com\/wp-content\/uploads\/2023\/01\/52654938326_bd288e38ed_c.jpg?fit=800%2C450&ssl=1&resize=350%2C200 1x, https:\/\/i0.wp.com\/blogdoprosperi.com\/wp-content\/uploads\/2023\/01\/52654938326_bd288e38ed_c.jpg?fit=800%2C450&ssl=1&resize=525%2C300 1.5x, https:\/\/i0.wp.com\/blogdoprosperi.com\/wp-content\/uploads\/2023\/01\/52654938326_bd288e38ed_c.jpg?fit=800%2C450&ssl=1&resize=700%2C400 2x"},"classes":[]}],"jetpack_featured_media_url":"https:\/\/i0.wp.com\/blogdoprosperi.com\/wp-content\/uploads\/2022\/08\/52276933292_a92b08b113_c.jpg?fit=800%2C450&ssl=1","_links":{"self":[{"href":"https:\/\/blogdoprosperi.com\/index.php?rest_route=\/wp\/v2\/posts\/40868","targetHints":{"allow":["GET"]}}],"collection":[{"href":"https:\/\/blogdoprosperi.com\/index.php?rest_route=\/wp\/v2\/posts"}],"about":[{"href":"https:\/\/blogdoprosperi.com\/index.php?rest_route=\/wp\/v2\/types\/post"}],"author":[{"embeddable":true,"href":"https:\/\/blogdoprosperi.com\/index.php?rest_route=\/wp\/v2\/users\/102107496"}],"replies":[{"embeddable":true,"href":"https:\/\/blogdoprosperi.com\/index.php?rest_route=%2Fwp%2Fv2%2Fcomments&post=40868"}],"version-history":[{"count":15,"href":"https:\/\/blogdoprosperi.com\/index.php?rest_route=\/wp\/v2\/posts\/40868\/revisions"}],"predecessor-version":[{"id":40884,"href":"https:\/\/blogdoprosperi.com\/index.php?rest_route=\/wp\/v2\/posts\/40868\/revisions\/40884"}],"wp:featuredmedia":[{"embeddable":true,"href":"https:\/\/blogdoprosperi.com\/index.php?rest_route=\/wp\/v2\/media\/39142"}],"wp:attachment":[{"href":"https:\/\/blogdoprosperi.com\/index.php?rest_route=%2Fwp%2Fv2%2Fmedia&parent=40868"}],"wp:term":[{"taxonomy":"category","embeddable":true,"href":"https:\/\/blogdoprosperi.com\/index.php?rest_route=%2Fwp%2Fv2%2Fcategories&post=40868"},{"taxonomy":"post_tag","embeddable":true,"href":"https:\/\/blogdoprosperi.com\/index.php?rest_route=%2Fwp%2Fv2%2Ftags&post=40868"}],"curies":[{"name":"wp","href":"https:\/\/api.w.org\/{rel}","templated":true}]}}