{"id":40944,"date":"2023-01-02T16:50:40","date_gmt":"2023-01-02T19:50:40","guid":{"rendered":"https:\/\/blogdoprosperi.com\/?p=40944"},"modified":"2023-01-03T15:58:01","modified_gmt":"2023-01-03T18:58:01","slug":"velorio-de-pele-fifa-pede-estadios-com-nome-do-rei-em-todos-paises-do-mundo","status":"publish","type":"post","link":"https:\/\/blogdoprosperi.com\/?p=40944","title":{"rendered":"Vel\u00f3rio de Pel\u00e9: Fifa pede est\u00e1dios com nome do Rei em todos pa\u00edses do mundo"},"content":{"rendered":"<p>Pel\u00e9 sempre dizia da import\u00e2ncia de ser homenageado em vida. Ao longo de seus 82 anos, recebeu honrarias em todos cantos do mundo. Morto na quinta-feira (29\/12\/2022), as homenagens, sugest\u00f5es de eternidade, se multiplicam a cada hora desse 2 de janeiro de 2023, dia de seu vel\u00f3rio no centro do gramado da Vila Belmiro.<\/p>\n<p>N\u00e3o se registrou no vel\u00f3rio a presen\u00e7a de ex-jogadores campe\u00f5es mundiais com a Sele\u00e7\u00e3o, nem de \u00eddolos das \u00faltimas gera\u00e7\u00f5es do futebol brasileiro at\u00e9 as 17h de segunda-feira (02\/01).<\/p>\n<p>Logo cedo, antes mesmo das 10h, o su\u00ed\u00e7o Gianni Infantino, presidente da Fifa, comparece ao vel\u00f3rio e sugere emocionado:<\/p>\n<p>&#8220;Com muita emo\u00e7\u00e3o, tristeza, mas tamb\u00e9m com sorriso porque ele nos deu muitos sorrisos. Como Fifa, vamos homenagear o &#8220;Rei&#8221; e pedimos para que o mundo inteiro respeite um minuto de sil\u00eancio. <strong>Vamos pedir para que todos os pa\u00edses do mundo tenham pelo menos um est\u00e1dio com o nome do Pel\u00e9<\/strong> para que as crian\u00e7as saibam a import\u00e2ncia dele&#8221;.<\/p>\n<p>Poucos minutos depois da sugest\u00e3o de Infantino, o presidente da Conmebol, o paraguaio Alejandro Dominguez, refor\u00e7a sugest\u00e3o feita em Doha, durante Copa do Qatar 2022.<\/p>\n<p>&#8220;Sugerimos \u00e0 CBF que substitua tr\u00eas, das cinco estrelas consagrando as cincos conquistas da Copa do Mundo, por<span style=\"color: #0000ff\"><strong><a style=\"color: #0000ff\" href=\"https:\/\/blogdoprosperi.com\/2022\/12\/11\/video-idolos-ignoram-maior-idolo-do-futebol\/\"> tr\u00eas cora\u00e7\u00f5es em homenagem a Pel\u00e9<\/a><\/strong><\/span> nascido na cidade de Tr\u00eas Cora\u00e7\u00f5es (Minas Gerais). Proposta continua. \u00c9 uma quest\u00e3o de justi\u00e7a por tudo o que Pel\u00e9 fez pelo futebol&#8221;.<\/p>\n<p><span style=\"color: #0000ff\"><strong><a style=\"color: #0000ff\" href=\"https:\/\/blogdoprosperi.com\/2016\/08\/05\/quando-rei-pele-precisa-de-atencao-dos-suditos\/\">Ednaldo Rodrigues, presidente da CBF,<\/a><\/strong><\/span> ao lado dos presidentes da Fifa e da Conmebol no vel\u00f3rio, disse que homenagens a Pel\u00e9 por parte da CBF dependem de um entendimento com a fam\u00edlia do Rei.<\/p>\n<p>CBF recebeu sugest\u00e3o de aposentar a camisa 10 da Sele\u00e7\u00e3o Brasileira e dar<span style=\"color: #0000ff\"><strong><a style=\"color: #0000ff\" href=\"https:\/\/blogdoprosperi.com\/2022\/12\/29\/quatro-vezes-pele\/\"> o nome de Pel\u00e9 a um novo est\u00e1dio no Brasil.<\/a><\/strong><\/span><\/p>\n<p>Camisa 10 do Santos tamb\u00e9m poderia ser aposentada. Andr\u00e9s Rueda, presidente do clube, levaria ao Conselho Deliberativo a proposta de o time nunca mais usar a Camisa 10.<\/p>\n<p>Rueda desistiu da ideia ao tomar conhecimento de uma entrevista de Pel\u00e9 concedida ao youtuber Bol\u00edvia em 2017. Rei disse que era contra retirada da Camisa 10 para que nunca fosse esquecida.<\/p>\n<p>No time atual do Santos, o Camisa 10 \u00e9 o baixinho venezuelano Soltedo.<\/p>\n<p>Presidente Lula comparecer\u00e1 ao vel\u00f3rio na Vila Belmiro \u00e0s 9h dessa ter\u00e7a-feira (03\/01). Por decreto, na segunda-feira (02\/01), nomeou o Porto de Santos, o mais importante do Brasil e um dos maiores do mundo, de Porto Pel\u00e9.<\/p>\n<p>Vel\u00f3rio do Rei se estende at\u00e9 10h dessa ter\u00e7a-feira (03\/01\/2023).<\/p>\n<p>Aberto \u00e0 visita\u00e7\u00e3o p\u00fablica desde as 10h de segunda-feira, compareceram milhares de torcedores santistas e de muitos outros clubes, presidentes da Fifa, Conmebol, CBF, Federa\u00e7\u00e3o Paulista, alguns chefes de Estado, que estiveram na posse de Lula no domingo, governador de S\u00e3o Paulo, ex-jogadores (a maioria do Santos), <span style=\"color: #0000ff\"><strong><a style=\"color: #0000ff\" href=\"https:\/\/blogdoprosperi.com\/2022\/12\/15\/video-pele-maradona-messi-nao-se-pode-comparar-genios-do-futebol\/\">jornalistas internacionais<\/a><\/strong><\/span> de 23 pa\u00edses, imprensa do Brasil.<\/p>\n<p>Clodoaldo, ex-jogador santista campe\u00e3o mundial na Copa de 70 ao lado de Pel\u00e9, e Mauro Silva, campe\u00e3o mundial com a Sele\u00e7\u00e3o na Copa de 94 e atual dirigente da Federa\u00e7\u00e3o Paulista, foram ao vel\u00f3rio.<\/p>\n<p>N\u00e3o se registrou a presen\u00e7a de outros ex-jogadores campe\u00f5es mundiais com a Sele\u00e7\u00e3o, nem de \u00eddolos das \u00faltimas gera\u00e7\u00f5es do futebol brasileiro at\u00e9 as 17h de segunda-feira (02\/01).<\/p>\n<p>&nbsp;<\/p>\n<div class=\"embed-twitter\">\n<blockquote class=\"twitter-tweet\" data-width=\"550\" data-dnt=\"true\">\n<p lang=\"pt\" dir=\"ltr\">&quot;UM EST\u00c1DIO EM CADA PA\u00cdS DO MUNDO COM O NOME DE PEL\u00c9&quot;. \ud83c\udfdf\ufe0f Gianni Infantino, presidente da FIFA disse que pedir\u00e1 para que cada federa\u00e7\u00e3o filiada homenageie Pel\u00e9 com seu nome em um est\u00e1dio. <a href=\"https:\/\/twitter.com\/hashtag\/Pel%C3%A9Eterno?src=hash&amp;ref_src=twsrc%5Etfw\">#Pel\u00e9Eterno<\/a> \ud83d\udc51 <a href=\"https:\/\/t.co\/HYRcDlkRQv\">pic.twitter.com\/HYRcDlkRQv<\/a><\/p>\n<p>&mdash; TNT Sports BR (@TNTSportsBR) <a href=\"https:\/\/twitter.com\/TNTSportsBR\/status\/1609896808632967168?ref_src=twsrc%5Etfw\">January 2, 2023<\/a><\/p><\/blockquote>\n<p><script async src=\"https:\/\/platform.twitter.com\/widgets.js\" charset=\"utf-8\"><\/script><\/div>\n","protected":false},"excerpt":{"rendered":"<p>Vel\u00f3rio de Pel\u00e9 recebe milhares de torcedores, dirigentes da Fifa, Conmebol, CBF, chefes de Estado, jornalistas internacionais, ex-jogadores do Santos, entre outros. Campe\u00f5es mundiais com a Sele\u00e7\u00e3o e \u00eddolos de gera\u00e7\u00f5es mais recentes do futebol brasileiro n\u00e3o foram ao vel\u00f3rio na segunda-feira<\/p>\n","protected":false},"author":102107496,"featured_media":40958,"comment_status":"open","ping_status":"open","sticky":false,"template":"","format":"standard","meta":{"_coblocks_attr":"","_coblocks_dimensions":"","_coblocks_responsive_height":"","_coblocks_accordion_ie_support":"","_jetpack_newsletter_access":"","_jetpack_dont_email_post_to_subs":false,"_jetpack_newsletter_tier_id":0,"_jetpack_memberships_contains_paywalled_content":false,"_wpcom_ai_launchpad_first_post":false,"_jetpack_feature_clip_id":0,"_jetpack_memberships_contains_paid_content":false,"footnotes":"","jetpack_publicize_message":"","jetpack_publicize_feature_enabled":true,"jetpack_social_post_already_shared":false,"jetpack_social_options":{"image_generator_settings":{"template":"highway","default_image_id":0,"font":"","enabled":false},"version":2},"jetpack_post_was_ever_published":false},"categories":[53870,174694],"tags":[789560569,535722,758538471,789560560,881794,789560564,789560571,758538472],"class_list":["post-40944","post","type-post","status-publish","format-standard","has-post-thumbnail","hentry","category-futebol","category-selecao-brasileira","tag-cbf","tag-conmebol","tag-estadios-pele","tag-futebol","tag-infantino","tag-pele","tag-qatar-2022","tag-velorio-pele"],"yoast_head":"<!-- This site is optimized with the Yoast SEO plugin v28.3 - https:\/\/yoast.com\/product\/yoast-seo-wordpress\/ -->\n<title>Vel\u00f3rio de Pel\u00e9: Fifa pede est\u00e1dios com nome do Rei em todos pa\u00edses do mundo - PR\u00d3SPERI NEWS<\/title>\n<meta name=\"robots\" content=\"index, follow, max-snippet:-1, max-image-preview:large, max-video-preview:-1\" \/>\n<link rel=\"canonical\" href=\"https:\/\/blogdoprosperi.com\/?p=40944\" \/>\n<meta property=\"og:locale\" content=\"pt_BR\" \/>\n<meta property=\"og:type\" content=\"article\" \/>\n<meta property=\"og:title\" content=\"Vel\u00f3rio de Pel\u00e9: Fifa pede est\u00e1dios com nome do Rei em todos pa\u00edses do mundo - PR\u00d3SPERI NEWS\" \/>\n<meta property=\"og:description\" content=\"Vel\u00f3rio de Pel\u00e9 recebe milhares de torcedores, dirigentes da Fifa, Conmebol, CBF, chefes de Estado, jornalistas internacionais, ex-jogadores do Santos, entre outros. Campe\u00f5es mundiais com a Sele\u00e7\u00e3o e \u00eddolos de gera\u00e7\u00f5es mais recentes do futebol brasileiro n\u00e3o foram ao vel\u00f3rio na segunda-feira\" \/>\n<meta property=\"og:url\" content=\"https:\/\/blogdoprosperi.com\/?p=40944\" \/>\n<meta property=\"og:site_name\" content=\"PR\u00d3SPERI NEWS\" \/>\n<meta property=\"article:publisher\" content=\"Luiz Pr\u00f3speri\" \/>\n<meta property=\"article:author\" content=\"Luiz Pr\u00f3speri\" \/>\n<meta property=\"article:published_time\" content=\"2023-01-02T19:50:40+00:00\" \/>\n<meta property=\"article:modified_time\" content=\"2023-01-03T18:58:01+00:00\" \/>\n<meta property=\"og:image\" content=\"https:\/\/i0.wp.com\/blogdoprosperi.com\/wp-content\/uploads\/2023\/01\/flelychxgamzezb.jpeg?fit=1280%2C853&ssl=1\" \/>\n\t<meta property=\"og:image:width\" content=\"1280\" \/>\n\t<meta property=\"og:image:height\" content=\"853\" \/>\n\t<meta property=\"og:image:type\" content=\"image\/jpeg\" \/>\n<meta name=\"author\" content=\"Luiz Ant\u00f4nio Pr\u00f3speri\" \/>\n<meta name=\"twitter:card\" content=\"summary_large_image\" \/>\n<meta name=\"twitter:creator\" content=\"@Luizprosperi\" \/>\n<meta name=\"twitter:site\" content=\"@Luizprosperi\" \/>\n<meta name=\"twitter:label1\" content=\"Escrito por\" \/>\n\t<meta name=\"twitter:data1\" content=\"Luiz Ant\u00f4nio Pr\u00f3speri\" \/>\n\t<meta name=\"twitter:label2\" content=\"Est. tempo de leitura\" \/>\n\t<meta name=\"twitter:data2\" content=\"3 minutos\" \/>\n<script type=\"application\/ld+json\" class=\"yoast-schema-graph\">{\"@context\":\"https:\\\/\\\/schema.org\",\"@graph\":[{\"@type\":\"Article\",\"@id\":\"https:\\\/\\\/blogdoprosperi.com\\\/?p=40944#article\",\"isPartOf\":{\"@id\":\"https:\\\/\\\/blogdoprosperi.com\\\/?p=40944\"},\"author\":{\"name\":\"Luiz Ant\u00f4nio Pr\u00f3speri\",\"@id\":\"https:\\\/\\\/blogdoprosperi.com\\\/#\\\/schema\\\/person\\\/38100755ce3601861ee4fab9b5aa78e9\"},\"headline\":\"Vel\u00f3rio de Pel\u00e9: Fifa pede est\u00e1dios com nome do Rei em todos pa\u00edses do mundo\",\"datePublished\":\"2023-01-02T19:50:40+00:00\",\"dateModified\":\"2023-01-03T18:58:01+00:00\",\"mainEntityOfPage\":{\"@id\":\"https:\\\/\\\/blogdoprosperi.com\\\/?p=40944\"},\"wordCount\":590,\"commentCount\":1,\"publisher\":{\"@id\":\"https:\\\/\\\/blogdoprosperi.com\\\/#\\\/schema\\\/person\\\/38100755ce3601861ee4fab9b5aa78e9\"},\"image\":{\"@id\":\"https:\\\/\\\/blogdoprosperi.com\\\/?p=40944#primaryimage\"},\"thumbnailUrl\":\"https:\\\/\\\/i0.wp.com\\\/blogdoprosperi.com\\\/wp-content\\\/uploads\\\/2023\\\/01\\\/flelychxgamzezb.jpeg?fit=1280%2C853&ssl=1\",\"keywords\":[\"CBF\",\"Conmebol\",\"est\u00e1dios Pel\u00e9\",\"futebol\",\"Infantino\",\"Pel\u00e9\",\"qatar 2022\",\"vel\u00f3rio Pel\u00e9\"],\"articleSection\":[\"futebol\",\"Sele\u00e7\u00e3o Brasileira\"],\"inLanguage\":\"pt-BR\",\"potentialAction\":[{\"@type\":\"CommentAction\",\"name\":\"Comment\",\"target\":[\"https:\\\/\\\/blogdoprosperi.com\\\/?p=40944#respond\"]}]},{\"@type\":\"WebPage\",\"@id\":\"https:\\\/\\\/blogdoprosperi.com\\\/?p=40944\",\"url\":\"https:\\\/\\\/blogdoprosperi.com\\\/?p=40944\",\"name\":\"Vel\u00f3rio de Pel\u00e9: Fifa pede est\u00e1dios com nome do Rei em todos pa\u00edses do mundo - PR\u00d3SPERI NEWS\",\"isPartOf\":{\"@id\":\"https:\\\/\\\/blogdoprosperi.com\\\/#website\"},\"primaryImageOfPage\":{\"@id\":\"https:\\\/\\\/blogdoprosperi.com\\\/?p=40944#primaryimage\"},\"image\":{\"@id\":\"https:\\\/\\\/blogdoprosperi.com\\\/?p=40944#primaryimage\"},\"thumbnailUrl\":\"https:\\\/\\\/i0.wp.com\\\/blogdoprosperi.com\\\/wp-content\\\/uploads\\\/2023\\\/01\\\/flelychxgamzezb.jpeg?fit=1280%2C853&ssl=1\",\"datePublished\":\"2023-01-02T19:50:40+00:00\",\"dateModified\":\"2023-01-03T18:58:01+00:00\",\"breadcrumb\":{\"@id\":\"https:\\\/\\\/blogdoprosperi.com\\\/?p=40944#breadcrumb\"},\"inLanguage\":\"pt-BR\",\"potentialAction\":[{\"@type\":\"ReadAction\",\"target\":[\"https:\\\/\\\/blogdoprosperi.com\\\/?p=40944\"]}]},{\"@type\":\"ImageObject\",\"inLanguage\":\"pt-BR\",\"@id\":\"https:\\\/\\\/blogdoprosperi.com\\\/?p=40944#primaryimage\",\"url\":\"https:\\\/\\\/i0.wp.com\\\/blogdoprosperi.com\\\/wp-content\\\/uploads\\\/2023\\\/01\\\/flelychxgamzezb.jpeg?fit=1280%2C853&ssl=1\",\"contentUrl\":\"https:\\\/\\\/i0.wp.com\\\/blogdoprosperi.com\\\/wp-content\\\/uploads\\\/2023\\\/01\\\/flelychxgamzezb.jpeg?fit=1280%2C853&ssl=1\",\"width\":1280,\"height\":853,\"caption\":\"foto: Twitter Prefeitura de Santos\"},{\"@type\":\"BreadcrumbList\",\"@id\":\"https:\\\/\\\/blogdoprosperi.com\\\/?p=40944#breadcrumb\",\"itemListElement\":[{\"@type\":\"ListItem\",\"position\":1,\"name\":\"In\u00edcio\",\"item\":\"https:\\\/\\\/blogdoprosperi.com\\\/\"},{\"@type\":\"ListItem\",\"position\":2,\"name\":\"Vel\u00f3rio de Pel\u00e9: Fifa pede est\u00e1dios com nome do Rei em todos pa\u00edses do mundo\"}]},{\"@type\":\"WebSite\",\"@id\":\"https:\\\/\\\/blogdoprosperi.com\\\/#website\",\"url\":\"https:\\\/\\\/blogdoprosperi.com\\\/\",\"name\":\"PR\u00d3SPERI NEWS\",\"description\":\"TUDO \u00c9  FUTEBOL\",\"publisher\":{\"@id\":\"https:\\\/\\\/blogdoprosperi.com\\\/#\\\/schema\\\/person\\\/38100755ce3601861ee4fab9b5aa78e9\"},\"alternateName\":\"blogdoprosperi.com\",\"potentialAction\":[{\"@type\":\"SearchAction\",\"target\":{\"@type\":\"EntryPoint\",\"urlTemplate\":\"https:\\\/\\\/blogdoprosperi.com\\\/?s={search_term_string}\"},\"query-input\":{\"@type\":\"PropertyValueSpecification\",\"valueRequired\":true,\"valueName\":\"search_term_string\"}}],\"inLanguage\":\"pt-BR\"},{\"@type\":[\"Person\",\"Organization\"],\"@id\":\"https:\\\/\\\/blogdoprosperi.com\\\/#\\\/schema\\\/person\\\/38100755ce3601861ee4fab9b5aa78e9\",\"name\":\"Luiz Ant\u00f4nio Pr\u00f3speri\",\"pronouns\":\"ele\",\"image\":{\"@type\":\"ImageObject\",\"inLanguage\":\"pt-BR\",\"@id\":\"https:\\\/\\\/i0.wp.com\\\/blogdoprosperi.com\\\/wp-content\\\/uploads\\\/2026\\\/05\\\/cropped-8059e613-6002-42fa-961e-8e275f575d71-2-5.jpg?fit=1360%2C931&ssl=1\",\"url\":\"https:\\\/\\\/i0.wp.com\\\/blogdoprosperi.com\\\/wp-content\\\/uploads\\\/2026\\\/05\\\/cropped-8059e613-6002-42fa-961e-8e275f575d71-2-5.jpg?fit=1360%2C931&ssl=1\",\"contentUrl\":\"https:\\\/\\\/i0.wp.com\\\/blogdoprosperi.com\\\/wp-content\\\/uploads\\\/2026\\\/05\\\/cropped-8059e613-6002-42fa-961e-8e275f575d71-2-5.jpg?fit=1360%2C931&ssl=1\",\"width\":1360,\"height\":931,\"caption\":\"Luiz Ant\u00f4nio Pr\u00f3speri\"},\"logo\":{\"@id\":\"https:\\\/\\\/i0.wp.com\\\/blogdoprosperi.com\\\/wp-content\\\/uploads\\\/2026\\\/05\\\/cropped-8059e613-6002-42fa-961e-8e275f575d71-2-5.jpg?fit=1360%2C931&ssl=1\"},\"description\":\"Jornalista com carreira dedicada ao esporte. Cobriu 9 Copas do Mundo in loco, 1990 na It\u00e1lia, 1994 nos EUA, 1998 na Fran\u00e7a, 2002 na Coreia do Sul e Jap\u00e3o, 2006 na Alemanha, 2010 na \u00c1frica do Sul, 2014 no Brasil, 2018 na R\u00fassia e 2022 no Qatar. Eurocopas, 1992 na Su\u00e9cia e 1996 na Inglaterra. Copa das Confedera\u00e7\u00f5es de 2005 na Alemanha e 2009 na \u00c1frica do Sul. Rep\u00f3rter e Editor, trabalhou no Jornal da Tarde e Estad\u00e3o, de 1984 a fevereiro de 2016. Colunista, blogueiro. E comentarista de futebol na R\u00e1dio Estad\u00e3o, de 2013 a fevereiro de 2016. Jornalista respons\u00e1vel do \\\"Pr\u00f3speri News\\\" (blogdoprosperi.com).\",\"sameAs\":[\"http:\\\/\\\/blogdoprosperi.com\",\"Luiz Pr\u00f3speri\",\"@luiz_prosperi\",\"https:\\\/\\\/x.com\\\/Luizprosperi\",\"@prosperinacopa\",\"luiz.prosperi@icloud.com\"],\"url\":\"https:\\\/\\\/blogdoprosperi.com\\\/?author=102107496\"}]}<\/script>\n<!-- \/ Yoast SEO plugin. -->","yoast_head_json":{"title":"Vel\u00f3rio de Pel\u00e9: Fifa pede est\u00e1dios com nome do Rei em todos pa\u00edses do mundo - PR\u00d3SPERI NEWS","robots":{"index":"index","follow":"follow","max-snippet":"max-snippet:-1","max-image-preview":"max-image-preview:large","max-video-preview":"max-video-preview:-1"},"canonical":"https:\/\/blogdoprosperi.com\/?p=40944","og_locale":"pt_BR","og_type":"article","og_title":"Vel\u00f3rio de Pel\u00e9: Fifa pede est\u00e1dios com nome do Rei em todos pa\u00edses do mundo - PR\u00d3SPERI NEWS","og_description":"Vel\u00f3rio de Pel\u00e9 recebe milhares de torcedores, dirigentes da Fifa, Conmebol, CBF, chefes de Estado, jornalistas internacionais, ex-jogadores do Santos, entre outros. Campe\u00f5es mundiais com a Sele\u00e7\u00e3o e \u00eddolos de gera\u00e7\u00f5es mais recentes do futebol brasileiro n\u00e3o foram ao vel\u00f3rio na segunda-feira","og_url":"https:\/\/blogdoprosperi.com\/?p=40944","og_site_name":"PR\u00d3SPERI NEWS","article_publisher":"Luiz Pr\u00f3speri","article_author":"Luiz Pr\u00f3speri","article_published_time":"2023-01-02T19:50:40+00:00","article_modified_time":"2023-01-03T18:58:01+00:00","og_image":[{"width":1280,"height":853,"url":"https:\/\/i0.wp.com\/blogdoprosperi.com\/wp-content\/uploads\/2023\/01\/flelychxgamzezb.jpeg?fit=1280%2C853&ssl=1","type":"image\/jpeg"}],"author":"Luiz Ant\u00f4nio Pr\u00f3speri","twitter_card":"summary_large_image","twitter_creator":"@Luizprosperi","twitter_site":"@Luizprosperi","twitter_misc":{"Escrito por":"Luiz Ant\u00f4nio Pr\u00f3speri","Est. tempo de leitura":"3 minutos"},"schema":{"@context":"https:\/\/schema.org","@graph":[{"@type":"Article","@id":"https:\/\/blogdoprosperi.com\/?p=40944#article","isPartOf":{"@id":"https:\/\/blogdoprosperi.com\/?p=40944"},"author":{"name":"Luiz Ant\u00f4nio Pr\u00f3speri","@id":"https:\/\/blogdoprosperi.com\/#\/schema\/person\/38100755ce3601861ee4fab9b5aa78e9"},"headline":"Vel\u00f3rio de Pel\u00e9: Fifa pede est\u00e1dios com nome do Rei em todos pa\u00edses do mundo","datePublished":"2023-01-02T19:50:40+00:00","dateModified":"2023-01-03T18:58:01+00:00","mainEntityOfPage":{"@id":"https:\/\/blogdoprosperi.com\/?p=40944"},"wordCount":590,"commentCount":1,"publisher":{"@id":"https:\/\/blogdoprosperi.com\/#\/schema\/person\/38100755ce3601861ee4fab9b5aa78e9"},"image":{"@id":"https:\/\/blogdoprosperi.com\/?p=40944#primaryimage"},"thumbnailUrl":"https:\/\/i0.wp.com\/blogdoprosperi.com\/wp-content\/uploads\/2023\/01\/flelychxgamzezb.jpeg?fit=1280%2C853&ssl=1","keywords":["CBF","Conmebol","est\u00e1dios Pel\u00e9","futebol","Infantino","Pel\u00e9","qatar 2022","vel\u00f3rio Pel\u00e9"],"articleSection":["futebol","Sele\u00e7\u00e3o Brasileira"],"inLanguage":"pt-BR","potentialAction":[{"@type":"CommentAction","name":"Comment","target":["https:\/\/blogdoprosperi.com\/?p=40944#respond"]}]},{"@type":"WebPage","@id":"https:\/\/blogdoprosperi.com\/?p=40944","url":"https:\/\/blogdoprosperi.com\/?p=40944","name":"Vel\u00f3rio de Pel\u00e9: Fifa pede est\u00e1dios com nome do Rei em todos pa\u00edses do mundo - PR\u00d3SPERI NEWS","isPartOf":{"@id":"https:\/\/blogdoprosperi.com\/#website"},"primaryImageOfPage":{"@id":"https:\/\/blogdoprosperi.com\/?p=40944#primaryimage"},"image":{"@id":"https:\/\/blogdoprosperi.com\/?p=40944#primaryimage"},"thumbnailUrl":"https:\/\/i0.wp.com\/blogdoprosperi.com\/wp-content\/uploads\/2023\/01\/flelychxgamzezb.jpeg?fit=1280%2C853&ssl=1","datePublished":"2023-01-02T19:50:40+00:00","dateModified":"2023-01-03T18:58:01+00:00","breadcrumb":{"@id":"https:\/\/blogdoprosperi.com\/?p=40944#breadcrumb"},"inLanguage":"pt-BR","potentialAction":[{"@type":"ReadAction","target":["https:\/\/blogdoprosperi.com\/?p=40944"]}]},{"@type":"ImageObject","inLanguage":"pt-BR","@id":"https:\/\/blogdoprosperi.com\/?p=40944#primaryimage","url":"https:\/\/i0.wp.com\/blogdoprosperi.com\/wp-content\/uploads\/2023\/01\/flelychxgamzezb.jpeg?fit=1280%2C853&ssl=1","contentUrl":"https:\/\/i0.wp.com\/blogdoprosperi.com\/wp-content\/uploads\/2023\/01\/flelychxgamzezb.jpeg?fit=1280%2C853&ssl=1","width":1280,"height":853,"caption":"foto: Twitter Prefeitura de Santos"},{"@type":"BreadcrumbList","@id":"https:\/\/blogdoprosperi.com\/?p=40944#breadcrumb","itemListElement":[{"@type":"ListItem","position":1,"name":"In\u00edcio","item":"https:\/\/blogdoprosperi.com\/"},{"@type":"ListItem","position":2,"name":"Vel\u00f3rio de Pel\u00e9: Fifa pede est\u00e1dios com nome do Rei em todos pa\u00edses do mundo"}]},{"@type":"WebSite","@id":"https:\/\/blogdoprosperi.com\/#website","url":"https:\/\/blogdoprosperi.com\/","name":"PR\u00d3SPERI NEWS","description":"TUDO \u00c9  FUTEBOL","publisher":{"@id":"https:\/\/blogdoprosperi.com\/#\/schema\/person\/38100755ce3601861ee4fab9b5aa78e9"},"alternateName":"blogdoprosperi.com","potentialAction":[{"@type":"SearchAction","target":{"@type":"EntryPoint","urlTemplate":"https:\/\/blogdoprosperi.com\/?s={search_term_string}"},"query-input":{"@type":"PropertyValueSpecification","valueRequired":true,"valueName":"search_term_string"}}],"inLanguage":"pt-BR"},{"@type":["Person","Organization"],"@id":"https:\/\/blogdoprosperi.com\/#\/schema\/person\/38100755ce3601861ee4fab9b5aa78e9","name":"Luiz Ant\u00f4nio Pr\u00f3speri","pronouns":"ele","image":{"@type":"ImageObject","inLanguage":"pt-BR","@id":"https:\/\/i0.wp.com\/blogdoprosperi.com\/wp-content\/uploads\/2026\/05\/cropped-8059e613-6002-42fa-961e-8e275f575d71-2-5.jpg?fit=1360%2C931&ssl=1","url":"https:\/\/i0.wp.com\/blogdoprosperi.com\/wp-content\/uploads\/2026\/05\/cropped-8059e613-6002-42fa-961e-8e275f575d71-2-5.jpg?fit=1360%2C931&ssl=1","contentUrl":"https:\/\/i0.wp.com\/blogdoprosperi.com\/wp-content\/uploads\/2026\/05\/cropped-8059e613-6002-42fa-961e-8e275f575d71-2-5.jpg?fit=1360%2C931&ssl=1","width":1360,"height":931,"caption":"Luiz Ant\u00f4nio Pr\u00f3speri"},"logo":{"@id":"https:\/\/i0.wp.com\/blogdoprosperi.com\/wp-content\/uploads\/2026\/05\/cropped-8059e613-6002-42fa-961e-8e275f575d71-2-5.jpg?fit=1360%2C931&ssl=1"},"description":"Jornalista com carreira dedicada ao esporte. Cobriu 9 Copas do Mundo in loco, 1990 na It\u00e1lia, 1994 nos EUA, 1998 na Fran\u00e7a, 2002 na Coreia do Sul e Jap\u00e3o, 2006 na Alemanha, 2010 na \u00c1frica do Sul, 2014 no Brasil, 2018 na R\u00fassia e 2022 no Qatar. Eurocopas, 1992 na Su\u00e9cia e 1996 na Inglaterra. Copa das Confedera\u00e7\u00f5es de 2005 na Alemanha e 2009 na \u00c1frica do Sul. Rep\u00f3rter e Editor, trabalhou no Jornal da Tarde e Estad\u00e3o, de 1984 a fevereiro de 2016. Colunista, blogueiro. E comentarista de futebol na R\u00e1dio Estad\u00e3o, de 2013 a fevereiro de 2016. Jornalista respons\u00e1vel do \"Pr\u00f3speri News\" (blogdoprosperi.com).","sameAs":["http:\/\/blogdoprosperi.com","Luiz Pr\u00f3speri","@luiz_prosperi","https:\/\/x.com\/Luizprosperi","@prosperinacopa","luiz.prosperi@icloud.com"],"url":"https:\/\/blogdoprosperi.com\/?author=102107496"}]}},"jetpack_publicize_connections":[],"jetpack_likes_enabled":false,"jetpack_sharing_enabled":true,"jetpack_shortlink":"https:\/\/wp.me\/p7jvdk-aEo","jetpack-related-posts":[{"id":40978,"url":"https:\/\/blogdoprosperi.com\/?p=40978","url_meta":{"origin":40944,"position":0},"title":"Pel\u00e9 \u00e9 sepultado sem presen\u00e7a de ex-jogadores campe\u00f5es mundiais nas Copas 94 e 2002","author":"Luiz Ant\u00f4nio Pr\u00f3speri","date":"3 de janeiro de 2023","format":false,"excerpt":"Corpo de Pel\u00e9 \u00e9 sepultado em Santos ap\u00f3s vel\u00f3rio de quase dois dias na Vila Belmiro. Ex-jogadores campe\u00f5es do mundo nas Copas de 94 e 2002 foram ao enterro do Rei.","rel":"","context":"Em &quot;futebol&quot;","block_context":{"text":"futebol","link":"https:\/\/blogdoprosperi.com\/?cat=53870"},"img":{"alt_text":"","src":"https:\/\/i0.wp.com\/blogdoprosperi.com\/wp-content\/uploads\/2023\/01\/gettyimages-1453995943.jpg.webp?fit=1200%2C791&ssl=1&resize=350%2C200","width":350,"height":200,"srcset":"https:\/\/i0.wp.com\/blogdoprosperi.com\/wp-content\/uploads\/2023\/01\/gettyimages-1453995943.jpg.webp?fit=1200%2C791&ssl=1&resize=350%2C200 1x, https:\/\/i0.wp.com\/blogdoprosperi.com\/wp-content\/uploads\/2023\/01\/gettyimages-1453995943.jpg.webp?fit=1200%2C791&ssl=1&resize=525%2C300 1.5x, https:\/\/i0.wp.com\/blogdoprosperi.com\/wp-content\/uploads\/2023\/01\/gettyimages-1453995943.jpg.webp?fit=1200%2C791&ssl=1&resize=700%2C400 2x, https:\/\/i0.wp.com\/blogdoprosperi.com\/wp-content\/uploads\/2023\/01\/gettyimages-1453995943.jpg.webp?fit=1200%2C791&ssl=1&resize=1050%2C600 3x"},"classes":[]},{"id":38636,"url":"https:\/\/blogdoprosperi.com\/?p=38636","url_meta":{"origin":40944,"position":1},"title":"Neymar reaparece na hora mais in\u00fatil","author":"Luiz Ant\u00f4nio Pr\u00f3speri","date":"15 de junho de 2021","format":false,"excerpt":"Neymar aumenta sua cole\u00e7\u00e3o de gols e se amea\u00e7a Pel\u00e9. Reaparece na hora mais in\u00fatil.","rel":"","context":"Em &quot;copa do mundo catar 2022&quot;","block_context":{"text":"copa do mundo catar 2022","link":"https:\/\/blogdoprosperi.com\/?cat=301049609"},"img":{"alt_text":"Neymar nas pegadas de Pel\u00e9","src":"https:\/\/i0.wp.com\/blogdoprosperi.com\/wp-content\/uploads\/2021\/06\/51245390873_a8c7734b13_c.jpg?fit=799%2C533&ssl=1&resize=350%2C200","width":350,"height":200,"srcset":"https:\/\/i0.wp.com\/blogdoprosperi.com\/wp-content\/uploads\/2021\/06\/51245390873_a8c7734b13_c.jpg?fit=799%2C533&ssl=1&resize=350%2C200 1x, https:\/\/i0.wp.com\/blogdoprosperi.com\/wp-content\/uploads\/2021\/06\/51245390873_a8c7734b13_c.jpg?fit=799%2C533&ssl=1&resize=525%2C300 1.5x, https:\/\/i0.wp.com\/blogdoprosperi.com\/wp-content\/uploads\/2021\/06\/51245390873_a8c7734b13_c.jpg?fit=799%2C533&ssl=1&resize=700%2C400 2x"},"classes":[]},{"id":55419,"url":"https:\/\/blogdoprosperi.com\/?p=55419","url_meta":{"origin":40944,"position":2},"title":"#Cr\u00f4nicaSab\u00e1tica #34 | Ninho do Urubu, Manthiqueira, Endrick e Pel\u00e9, a Semana dos Meninos do Brasil","author":"Luiz Ant\u00f4nio Pr\u00f3speri","date":"25 de outubro de 2025","format":false,"excerpt":"\"\u00c0s vezes o pego chorando. Ele tenta demonstrar for\u00e7a, do tipo 'est\u00e1 tudo bem', mas percebo o quanto est\u00e1 sofrendo. Meu filho n\u00e3o quer mais ir aos treinos. Voltou \u00e0 escola ter\u00e7a-feira (21\/10), com medo. E eu o entendo, o esporte n\u00e3o \u00e9 para machucar assim. N\u00e3o preciso que se\u2026","rel":"","context":"Em &quot;cr\u00f4nica&quot;","block_context":{"text":"cr\u00f4nica","link":"https:\/\/blogdoprosperi.com\/?cat=23339"},"img":{"alt_text":"Homenagem aos 10 meninos mortos no Ninho do Urubu","src":"https:\/\/i0.wp.com\/blogdoprosperi.com\/wp-content\/uploads\/2025\/10\/captura-de-tela-2025-10-25-as-14.26.13.png?fit=1200%2C645&ssl=1&resize=350%2C200","width":350,"height":200,"srcset":"https:\/\/i0.wp.com\/blogdoprosperi.com\/wp-content\/uploads\/2025\/10\/captura-de-tela-2025-10-25-as-14.26.13.png?fit=1200%2C645&ssl=1&resize=350%2C200 1x, https:\/\/i0.wp.com\/blogdoprosperi.com\/wp-content\/uploads\/2025\/10\/captura-de-tela-2025-10-25-as-14.26.13.png?fit=1200%2C645&ssl=1&resize=525%2C300 1.5x, https:\/\/i0.wp.com\/blogdoprosperi.com\/wp-content\/uploads\/2025\/10\/captura-de-tela-2025-10-25-as-14.26.13.png?fit=1200%2C645&ssl=1&resize=700%2C400 2x, https:\/\/i0.wp.com\/blogdoprosperi.com\/wp-content\/uploads\/2025\/10\/captura-de-tela-2025-10-25-as-14.26.13.png?fit=1200%2C645&ssl=1&resize=1050%2C600 3x"},"classes":[]},{"id":54402,"url":"https:\/\/blogdoprosperi.com\/?p=54402","url_meta":{"origin":40944,"position":3},"title":"Pel\u00e9 palestino | &#8216;Voc\u00ea pode nos dizer como ele morreu?&#8217;: Mohamed Salah critica a Uefa por homenagem ao jogador morto em Gaza","author":"Luiz Ant\u00f4nio Pr\u00f3speri","date":"9 de agosto de 2025","format":false,"excerpt":"O jogador de futebol Suleiman al-Obeid, o Pel\u00e9 palestino, foi morto em um ataque israelense no sul de Gaza na semana passada, de acordo com a Associa\u00e7\u00e3o Palestina de Futebol The Guardian - 9 agosto 2025 (16h53) Mohamed Salah criticou a Uefa por n\u00e3o declarar como um jogador de futebol\u2026","rel":"","context":"Em &quot;futebol&quot;","block_context":{"text":"futebol","link":"https:\/\/blogdoprosperi.com\/?cat=53870"},"img":{"alt_text":"Suleiman al-Obeid","src":"https:\/\/i0.wp.com\/i.guim.co.uk\/img\/media\/2651f8377534df3858a4a904fa7b413c3dd8ba96\/36_92_596_476\/master\/596.jpg?resize=350%2C200&ssl=1","width":350,"height":200},"classes":[]},{"id":59676,"url":"https:\/\/blogdoprosperi.com\/?p=59676","url_meta":{"origin":40944,"position":4},"title":"Messi maior que Pel\u00e9? Conta outra","author":"Luiz Ant\u00f4nio Pr\u00f3speri","date":"23 de junho de 2026","format":false,"excerpt":"Luiz Ant\u00f4nio Pr\u00f3speri, de Morristown, 23 junho 2026 (13h05) Lionel Messi maior que Edson Arantes do Nascimento, Pel\u00e9. H\u00e1 quem acredite nessa compara\u00e7\u00e3o. Usam como argumento os recordes pulverizados pelo craque argentino nesta Copa 2026 para reivindicar o trono de Rei do Futebol. N\u00fameros atestam alguma veracidade favor\u00e1vel a Messi.\u2026","rel":"","context":"Em &quot;copa 2026&quot;","block_context":{"text":"copa 2026","link":"https:\/\/blogdoprosperi.com\/?cat=36820279"},"img":{"alt_text":"","src":"https:\/\/i0.wp.com\/blogdoprosperi.com\/wp-content\/uploads\/2026\/06\/17822141331047.jpg.webp?fit=1200%2C800&ssl=1&resize=350%2C200","width":350,"height":200,"srcset":"https:\/\/i0.wp.com\/blogdoprosperi.com\/wp-content\/uploads\/2026\/06\/17822141331047.jpg.webp?fit=1200%2C800&ssl=1&resize=350%2C200 1x, https:\/\/i0.wp.com\/blogdoprosperi.com\/wp-content\/uploads\/2026\/06\/17822141331047.jpg.webp?fit=1200%2C800&ssl=1&resize=525%2C300 1.5x, https:\/\/i0.wp.com\/blogdoprosperi.com\/wp-content\/uploads\/2026\/06\/17822141331047.jpg.webp?fit=1200%2C800&ssl=1&resize=700%2C400 2x, https:\/\/i0.wp.com\/blogdoprosperi.com\/wp-content\/uploads\/2026\/06\/17822141331047.jpg.webp?fit=1200%2C800&ssl=1&resize=1050%2C600 3x"},"classes":[]},{"id":42256,"url":"https:\/\/blogdoprosperi.com\/?p=42256","url_meta":{"origin":40944,"position":5},"title":"Daniel Alves livre, Vinicius Jr preso","author":"Luiz Ant\u00f4nio Pr\u00f3speri","date":"25 de mar\u00e7o de 2024","format":false,"excerpt":"Daniel Alves saiu da pris\u00e3o no Centro Penitenci\u00e1rio Brians 2, Barcelona, na manh\u00e3 dessa segunda-feira (25\/3). Liberdade provis\u00f3ria ao custo de 1 milh\u00e3o de euros (R$ 5,4 milh\u00f5es), ap\u00f3s condena\u00e7\u00e3o por estupro. Quase no mesmo hor\u00e1rio da soltura de Dani, Vini Jr chorava em Madri durante entrevista coletiva da Sele\u00e7\u00e3o\u2026","rel":"","context":"Em &quot;CBF&quot;","block_context":{"text":"CBF","link":"https:\/\/blogdoprosperi.com\/?cat=570700"},"img":{"alt_text":"","src":"https:\/\/i0.wp.com\/blogdoprosperi.com\/wp-content\/uploads\/2024\/03\/53609537277_2a12e3cc4a_c.jpg?fit=799%2C533&ssl=1&resize=350%2C200","width":350,"height":200,"srcset":"https:\/\/i0.wp.com\/blogdoprosperi.com\/wp-content\/uploads\/2024\/03\/53609537277_2a12e3cc4a_c.jpg?fit=799%2C533&ssl=1&resize=350%2C200 1x, https:\/\/i0.wp.com\/blogdoprosperi.com\/wp-content\/uploads\/2024\/03\/53609537277_2a12e3cc4a_c.jpg?fit=799%2C533&ssl=1&resize=525%2C300 1.5x, https:\/\/i0.wp.com\/blogdoprosperi.com\/wp-content\/uploads\/2024\/03\/53609537277_2a12e3cc4a_c.jpg?fit=799%2C533&ssl=1&resize=700%2C400 2x"},"classes":[]}],"jetpack_featured_media_url":"https:\/\/i0.wp.com\/blogdoprosperi.com\/wp-content\/uploads\/2023\/01\/flelychxgamzezb.jpeg?fit=1280%2C853&ssl=1","_links":{"self":[{"href":"https:\/\/blogdoprosperi.com\/index.php?rest_route=\/wp\/v2\/posts\/40944","targetHints":{"allow":["GET"]}}],"collection":[{"href":"https:\/\/blogdoprosperi.com\/index.php?rest_route=\/wp\/v2\/posts"}],"about":[{"href":"https:\/\/blogdoprosperi.com\/index.php?rest_route=\/wp\/v2\/types\/post"}],"author":[{"embeddable":true,"href":"https:\/\/blogdoprosperi.com\/index.php?rest_route=\/wp\/v2\/users\/102107496"}],"replies":[{"embeddable":true,"href":"https:\/\/blogdoprosperi.com\/index.php?rest_route=%2Fwp%2Fv2%2Fcomments&post=40944"}],"version-history":[{"count":25,"href":"https:\/\/blogdoprosperi.com\/index.php?rest_route=\/wp\/v2\/posts\/40944\/revisions"}],"predecessor-version":[{"id":40989,"href":"https:\/\/blogdoprosperi.com\/index.php?rest_route=\/wp\/v2\/posts\/40944\/revisions\/40989"}],"wp:featuredmedia":[{"embeddable":true,"href":"https:\/\/blogdoprosperi.com\/index.php?rest_route=\/wp\/v2\/media\/40958"}],"wp:attachment":[{"href":"https:\/\/blogdoprosperi.com\/index.php?rest_route=%2Fwp%2Fv2%2Fmedia&parent=40944"}],"wp:term":[{"taxonomy":"category","embeddable":true,"href":"https:\/\/blogdoprosperi.com\/index.php?rest_route=%2Fwp%2Fv2%2Fcategories&post=40944"},{"taxonomy":"post_tag","embeddable":true,"href":"https:\/\/blogdoprosperi.com\/index.php?rest_route=%2Fwp%2Fv2%2Ftags&post=40944"}],"curies":[{"name":"wp","href":"https:\/\/api.w.org\/{rel}","templated":true}]}}