{"id":40978,"date":"2023-01-03T15:57:26","date_gmt":"2023-01-03T18:57:26","guid":{"rendered":"https:\/\/blogdoprosperi.com\/?p=40978"},"modified":"2023-01-05T20:09:48","modified_gmt":"2023-01-05T23:09:48","slug":"pele-e-sepultado-sem-presenca-de-ex-jogadores-campeoes-mundiais-nas-copas-94-e-2002","status":"publish","type":"post","link":"https:\/\/blogdoprosperi.com\/?p=40978","title":{"rendered":"Pel\u00e9 \u00e9 sepultado sem presen\u00e7a de ex-jogadores campe\u00f5es mundiais nas Copas 94 e 2002"},"content":{"rendered":"<p>Pel\u00e9 est\u00e1 sepultado no Memorial Ecum\u00eanico de Santos. \u00c0s 14h10 minutos desse 3 de janeiro de 2023, caix\u00e3o com seu corpo \u00e9 retirado do caminh\u00e3o dos Bombeiros, entregue a oito cadetes da Pol\u00edcia Militar e dali conduzido \u00e0 sepultura no cemit\u00e9rio vertical sob som da Marcha F\u00fanebre executada pelo trompetista C\u00e1ssio Mandu.<\/p>\n<p>Velado desde \u00e0s 10h de segunda-feira (02\/01), no centro do campo da Vila Belmiro, corpo de Pel\u00e9 recebeu visita de cerca de 300 mil f\u00e3s e torcedores que formaram longas filas, at\u00e9 as 10h dessa ter\u00e7a-feira, informa o Santos FC.<\/p>\n<p>Presidente Lula, empossado domingo em Bras\u00edlia, esteve presente na Vila pouco antes do enterro. Amigos, familiares, ex-jogadores de futebol \u2013 na sua maioria do Santos \u2013, jornalistas, entre outros, <span style=\"color: #0000ff\"><strong><a style=\"color: #0000ff\" href=\"https:\/\/blogdoprosperi.com\/2022\/12\/15\/video-pele-maradona-messi-nao-se-pode-comparar-genios-do-futebol\/\">velaram Pel\u00e9 por quase dois dias.<\/a><\/strong><\/span><\/p>\n<p>Caix\u00e3o com o corpo do Rei, nos ombros de 8 cadetes, deixou a Vila por volta das 10h15. Era \u00faltima passagem de Pel\u00e9 por aquele gramado onde derramou gl\u00f3rias e encantamento com a bola nos p\u00e9s por quase duas d\u00e9cadas. Cadetes colocaram caix\u00e3o no caminh\u00e3o dos Bombeiros e se deu in\u00edcio ao cortejo f\u00fanebre.<\/p>\n<p>Escoltado por batedores da PM e viaturas, cortejo percorreu as principais ruas e avenidas da cidade do Santos repletas por milhares de cidad\u00e3os e torcedores. Sirenes, aplausos e vivas ao Rei compunham a trilha sonora do enterro.<\/p>\n<p>Momento mais emocionante se deu quando caminh\u00e3o dos Bombeiros parou em frente \u00e0 casa de Maria Lucia, irm\u00e3 de Pel\u00e9, que estava na sacada ao lado de familiares. Dona Celeste, 100 anos completados em novembro, estava na casa, mas n\u00e3o apareceu na sacada.<\/p>\n<p>Maria Lucia, como se estivesse conversando com Pel\u00e9, disse:<\/p>\n<blockquote><p>&#8220;Vai em paz, filho. T\u00e1 tudo bem. Voc\u00ea est\u00e1 feliz, n\u00e9? Muito obrigada, viu. Olha s\u00f3 o que voc\u00ea est\u00e1 aprontando. Obrigada, obrigada&#8221;.<\/p><\/blockquote>\n<p>Aplausos e gritos em louvor ao Rei ganharam a rua.<\/p>\n<p>Da casa da irm\u00e3 de Pel\u00e9 cortejo seguiu acompanhado de centenas de f\u00e3s, a maioria caminhando a p\u00e9. Um deles o goleiro titular do Santos, Jo\u00e3o Paulo. &#8220;Era o m\u00ednimo que eu poderia fazer por tudo o que Pel\u00e9 fez por todos n\u00f3s, jogadores&#8221;, disse o goleiro.<\/p>\n<p>Depois de quase tr\u00eas horas, cortejo chega ao Cemit\u00e9rio Memorial de Santos. E o corpo do Rei, enfim, \u00e9 sepultado.<\/p>\n<p>De segunda-feira, dia 2, at\u00e9 o ato final com sepultamento de Pel\u00e9 nesta ter\u00e7a-feira, dia 3, <span style=\"color: #0000ff\"><strong><a style=\"color: #0000ff\" href=\"https:\/\/blogdoprosperi.com\/2023\/01\/02\/velorio-de-pele-fifa-pede-estadios-com-nome-do-rei-em-todos-paises-do-mundo\/\">n\u00e3o se notou a presen\u00e7a de ex-jogadores campe\u00f5es mundiais do Tetra da Copa de 94 nem do Penta da Copa de 2002.<\/a><\/strong><\/span> Ex-treinadores da Sele\u00e7\u00e3o, como Felip\u00e3o, Luxemburgo, Parreira, Tite, Mano Menezes, Dunga, tamb\u00e9m n\u00e3o foram ao vel\u00f3rio.<\/p>\n<p>Kak\u00e1 disse em Doha, durante a rec\u00e9m-disputada Copa do Mundo Qatar 2022, que o Brasil n\u00e3o respeita seus \u00eddolos. Kak\u00e1, campe\u00e3o mundial em 2002, tem raz\u00e3o. Brasil n\u00e3o respeita mesmo seus \u00eddolos. <span style=\"color: #0000ff\"><strong><a style=\"color: #0000ff\" href=\"https:\/\/blogdoprosperi.com\/2022\/12\/11\/video-idolos-ignoram-maior-idolo-do-futebol\/\">Kak\u00e1<\/a><\/strong><\/span> foi um dos que n\u00e3o compareceram ao vel\u00f3rio e enterro de Pel\u00e9.<\/p>\n","protected":false},"excerpt":{"rendered":"<p>Corpo de Pel\u00e9 \u00e9 sepultado em Santos ap\u00f3s vel\u00f3rio de quase dois dias na Vila Belmiro. Ex-jogadores campe\u00f5es do mundo nas Copas de 94 e 2002 foram ao enterro do Rei.<\/p>\n","protected":false},"author":102107496,"featured_media":40987,"comment_status":"open","ping_status":"open","sticky":false,"template":"","format":"standard","meta":{"_coblocks_attr":"","_coblocks_dimensions":"","_coblocks_responsive_height":"","_coblocks_accordion_ie_support":"","_jetpack_newsletter_access":"","_jetpack_dont_email_post_to_subs":false,"_jetpack_newsletter_tier_id":0,"_jetpack_memberships_contains_paywalled_content":false,"_wpcom_ai_launchpad_first_post":false,"_jetpack_feature_clip_id":0,"_jetpack_memberships_contains_paid_content":false,"footnotes":"","jetpack_publicize_message":"","jetpack_publicize_feature_enabled":true,"jetpack_social_post_already_shared":false,"jetpack_social_options":{"image_generator_settings":{"template":"highway","default_image_id":0,"font":"","enabled":false},"version":2},"jetpack_post_was_ever_published":false},"categories":[53870,195541,29811679,174694],"tags":[104071,789560560,113834,224397,4353713,789560564,67477203,1739728,7469516,2588859,20211804,758538472],"class_list":["post-40978","post","type-post","status-publish","format-standard","has-post-thumbnail","hentry","category-futebol","category-pele","category-qatar-2022","category-selecao-brasileira","tag-felipao","tag-futebol","tag-kaka","tag-luxemburgo","tag-parreira","tag-pele","tag-pentacampeoes","tag-presidente-lula","tag-rei-pele","tag-santos-fc","tag-tetracampeoes","tag-velorio-pele"],"yoast_head":"<!-- This site is optimized with the Yoast SEO plugin v28.3 - https:\/\/yoast.com\/product\/yoast-seo-wordpress\/ -->\n<title>Pel\u00e9 \u00e9 sepultado sem presen\u00e7a de ex-jogadores campe\u00f5es mundiais nas Copas 94 e 2002 - PR\u00d3SPERI NEWS<\/title>\n<meta name=\"robots\" content=\"index, follow, max-snippet:-1, max-image-preview:large, max-video-preview:-1\" \/>\n<link rel=\"canonical\" href=\"https:\/\/blogdoprosperi.com\/?p=40978\" \/>\n<meta property=\"og:locale\" content=\"pt_BR\" \/>\n<meta property=\"og:type\" content=\"article\" \/>\n<meta property=\"og:title\" content=\"Pel\u00e9 \u00e9 sepultado sem presen\u00e7a de ex-jogadores campe\u00f5es mundiais nas Copas 94 e 2002 - PR\u00d3SPERI NEWS\" \/>\n<meta property=\"og:description\" content=\"Corpo de Pel\u00e9 \u00e9 sepultado em Santos ap\u00f3s vel\u00f3rio de quase dois dias na Vila Belmiro. Ex-jogadores campe\u00f5es do mundo nas Copas de 94 e 2002 foram ao enterro do Rei.\" \/>\n<meta property=\"og:url\" content=\"https:\/\/blogdoprosperi.com\/?p=40978\" \/>\n<meta property=\"og:site_name\" content=\"PR\u00d3SPERI NEWS\" \/>\n<meta property=\"article:publisher\" content=\"Luiz Pr\u00f3speri\" \/>\n<meta property=\"article:author\" content=\"Luiz Pr\u00f3speri\" \/>\n<meta property=\"article:published_time\" content=\"2023-01-03T18:57:26+00:00\" \/>\n<meta property=\"article:modified_time\" content=\"2023-01-05T23:09:48+00:00\" \/>\n<meta property=\"og:image\" content=\"https:\/\/i0.wp.com\/blogdoprosperi.com\/wp-content\/uploads\/2023\/01\/gettyimages-1453995943.jpg.webp?fit=4865%2C3206&ssl=1\" \/>\n\t<meta property=\"og:image:width\" content=\"4865\" \/>\n\t<meta property=\"og:image:height\" content=\"3206\" \/>\n\t<meta property=\"og:image:type\" content=\"image\/webp\" \/>\n<meta name=\"author\" content=\"Luiz Ant\u00f4nio Pr\u00f3speri\" \/>\n<meta name=\"twitter:card\" content=\"summary_large_image\" \/>\n<meta name=\"twitter:creator\" content=\"@Luizprosperi\" \/>\n<meta name=\"twitter:site\" content=\"@Luizprosperi\" \/>\n<meta name=\"twitter:label1\" content=\"Escrito por\" \/>\n\t<meta name=\"twitter:data1\" content=\"Luiz Ant\u00f4nio Pr\u00f3speri\" \/>\n\t<meta name=\"twitter:label2\" content=\"Est. tempo de leitura\" \/>\n\t<meta name=\"twitter:data2\" content=\"2 minutos\" \/>\n<script type=\"application\/ld+json\" class=\"yoast-schema-graph\">{\"@context\":\"https:\\\/\\\/schema.org\",\"@graph\":[{\"@type\":\"Article\",\"@id\":\"https:\\\/\\\/blogdoprosperi.com\\\/?p=40978#article\",\"isPartOf\":{\"@id\":\"https:\\\/\\\/blogdoprosperi.com\\\/?p=40978\"},\"author\":{\"name\":\"Luiz Ant\u00f4nio Pr\u00f3speri\",\"@id\":\"https:\\\/\\\/blogdoprosperi.com\\\/#\\\/schema\\\/person\\\/38100755ce3601861ee4fab9b5aa78e9\"},\"headline\":\"Pel\u00e9 \u00e9 sepultado sem presen\u00e7a de ex-jogadores campe\u00f5es mundiais nas Copas 94 e 2002\",\"datePublished\":\"2023-01-03T18:57:26+00:00\",\"dateModified\":\"2023-01-05T23:09:48+00:00\",\"mainEntityOfPage\":{\"@id\":\"https:\\\/\\\/blogdoprosperi.com\\\/?p=40978\"},\"wordCount\":507,\"commentCount\":1,\"publisher\":{\"@id\":\"https:\\\/\\\/blogdoprosperi.com\\\/#\\\/schema\\\/person\\\/38100755ce3601861ee4fab9b5aa78e9\"},\"image\":{\"@id\":\"https:\\\/\\\/blogdoprosperi.com\\\/?p=40978#primaryimage\"},\"thumbnailUrl\":\"https:\\\/\\\/i0.wp.com\\\/blogdoprosperi.com\\\/wp-content\\\/uploads\\\/2023\\\/01\\\/gettyimages-1453995943.jpg.webp?fit=4865%2C3206&ssl=1\",\"keywords\":[\"Felip\u00e3o\",\"futebol\",\"Kak\u00e1\",\"Luxemburgo\",\"Parreira\",\"Pel\u00e9\",\"pentacampe\u00f5es\",\"presidente Lula\",\"Rei Pel\u00e9\",\"Santos FC\",\"tetracampe\u00f5es\",\"vel\u00f3rio Pel\u00e9\"],\"articleSection\":[\"futebol\",\"Pel\u00e9\",\"qatar 2022\",\"Sele\u00e7\u00e3o Brasileira\"],\"inLanguage\":\"pt-BR\",\"potentialAction\":[{\"@type\":\"CommentAction\",\"name\":\"Comment\",\"target\":[\"https:\\\/\\\/blogdoprosperi.com\\\/?p=40978#respond\"]}]},{\"@type\":\"WebPage\",\"@id\":\"https:\\\/\\\/blogdoprosperi.com\\\/?p=40978\",\"url\":\"https:\\\/\\\/blogdoprosperi.com\\\/?p=40978\",\"name\":\"Pel\u00e9 \u00e9 sepultado sem presen\u00e7a de ex-jogadores campe\u00f5es mundiais nas Copas 94 e 2002 - PR\u00d3SPERI NEWS\",\"isPartOf\":{\"@id\":\"https:\\\/\\\/blogdoprosperi.com\\\/#website\"},\"primaryImageOfPage\":{\"@id\":\"https:\\\/\\\/blogdoprosperi.com\\\/?p=40978#primaryimage\"},\"image\":{\"@id\":\"https:\\\/\\\/blogdoprosperi.com\\\/?p=40978#primaryimage\"},\"thumbnailUrl\":\"https:\\\/\\\/i0.wp.com\\\/blogdoprosperi.com\\\/wp-content\\\/uploads\\\/2023\\\/01\\\/gettyimages-1453995943.jpg.webp?fit=4865%2C3206&ssl=1\",\"datePublished\":\"2023-01-03T18:57:26+00:00\",\"dateModified\":\"2023-01-05T23:09:48+00:00\",\"breadcrumb\":{\"@id\":\"https:\\\/\\\/blogdoprosperi.com\\\/?p=40978#breadcrumb\"},\"inLanguage\":\"pt-BR\",\"potentialAction\":[{\"@type\":\"ReadAction\",\"target\":[\"https:\\\/\\\/blogdoprosperi.com\\\/?p=40978\"]}]},{\"@type\":\"ImageObject\",\"inLanguage\":\"pt-BR\",\"@id\":\"https:\\\/\\\/blogdoprosperi.com\\\/?p=40978#primaryimage\",\"url\":\"https:\\\/\\\/i0.wp.com\\\/blogdoprosperi.com\\\/wp-content\\\/uploads\\\/2023\\\/01\\\/gettyimages-1453995943.jpg.webp?fit=4865%2C3206&ssl=1\",\"contentUrl\":\"https:\\\/\\\/i0.wp.com\\\/blogdoprosperi.com\\\/wp-content\\\/uploads\\\/2023\\\/01\\\/gettyimages-1453995943.jpg.webp?fit=4865%2C3206&ssl=1\",\"width\":4865,\"height\":3206,\"caption\":\"foto: Twitter oficial Fifa\"},{\"@type\":\"BreadcrumbList\",\"@id\":\"https:\\\/\\\/blogdoprosperi.com\\\/?p=40978#breadcrumb\",\"itemListElement\":[{\"@type\":\"ListItem\",\"position\":1,\"name\":\"In\u00edcio\",\"item\":\"https:\\\/\\\/blogdoprosperi.com\\\/\"},{\"@type\":\"ListItem\",\"position\":2,\"name\":\"Pel\u00e9 \u00e9 sepultado sem presen\u00e7a de ex-jogadores campe\u00f5es mundiais nas Copas 94 e 2002\"}]},{\"@type\":\"WebSite\",\"@id\":\"https:\\\/\\\/blogdoprosperi.com\\\/#website\",\"url\":\"https:\\\/\\\/blogdoprosperi.com\\\/\",\"name\":\"PR\u00d3SPERI NEWS\",\"description\":\"TUDO \u00c9  FUTEBOL\",\"publisher\":{\"@id\":\"https:\\\/\\\/blogdoprosperi.com\\\/#\\\/schema\\\/person\\\/38100755ce3601861ee4fab9b5aa78e9\"},\"alternateName\":\"blogdoprosperi.com\",\"potentialAction\":[{\"@type\":\"SearchAction\",\"target\":{\"@type\":\"EntryPoint\",\"urlTemplate\":\"https:\\\/\\\/blogdoprosperi.com\\\/?s={search_term_string}\"},\"query-input\":{\"@type\":\"PropertyValueSpecification\",\"valueRequired\":true,\"valueName\":\"search_term_string\"}}],\"inLanguage\":\"pt-BR\"},{\"@type\":[\"Person\",\"Organization\"],\"@id\":\"https:\\\/\\\/blogdoprosperi.com\\\/#\\\/schema\\\/person\\\/38100755ce3601861ee4fab9b5aa78e9\",\"name\":\"Luiz Ant\u00f4nio Pr\u00f3speri\",\"pronouns\":\"ele\",\"image\":{\"@type\":\"ImageObject\",\"inLanguage\":\"pt-BR\",\"@id\":\"https:\\\/\\\/i0.wp.com\\\/blogdoprosperi.com\\\/wp-content\\\/uploads\\\/2026\\\/05\\\/cropped-8059e613-6002-42fa-961e-8e275f575d71-2-5.jpg?fit=1360%2C931&ssl=1\",\"url\":\"https:\\\/\\\/i0.wp.com\\\/blogdoprosperi.com\\\/wp-content\\\/uploads\\\/2026\\\/05\\\/cropped-8059e613-6002-42fa-961e-8e275f575d71-2-5.jpg?fit=1360%2C931&ssl=1\",\"contentUrl\":\"https:\\\/\\\/i0.wp.com\\\/blogdoprosperi.com\\\/wp-content\\\/uploads\\\/2026\\\/05\\\/cropped-8059e613-6002-42fa-961e-8e275f575d71-2-5.jpg?fit=1360%2C931&ssl=1\",\"width\":1360,\"height\":931,\"caption\":\"Luiz Ant\u00f4nio Pr\u00f3speri\"},\"logo\":{\"@id\":\"https:\\\/\\\/i0.wp.com\\\/blogdoprosperi.com\\\/wp-content\\\/uploads\\\/2026\\\/05\\\/cropped-8059e613-6002-42fa-961e-8e275f575d71-2-5.jpg?fit=1360%2C931&ssl=1\"},\"description\":\"Jornalista com carreira dedicada ao esporte. Cobriu 9 Copas do Mundo in loco, 1990 na It\u00e1lia, 1994 nos EUA, 1998 na Fran\u00e7a, 2002 na Coreia do Sul e Jap\u00e3o, 2006 na Alemanha, 2010 na \u00c1frica do Sul, 2014 no Brasil, 2018 na R\u00fassia e 2022 no Qatar. Eurocopas, 1992 na Su\u00e9cia e 1996 na Inglaterra. Copa das Confedera\u00e7\u00f5es de 2005 na Alemanha e 2009 na \u00c1frica do Sul. Rep\u00f3rter e Editor, trabalhou no Jornal da Tarde e Estad\u00e3o, de 1984 a fevereiro de 2016. Colunista, blogueiro. E comentarista de futebol na R\u00e1dio Estad\u00e3o, de 2013 a fevereiro de 2016. Jornalista respons\u00e1vel do \\\"Pr\u00f3speri News\\\" (blogdoprosperi.com).\",\"sameAs\":[\"http:\\\/\\\/blogdoprosperi.com\",\"Luiz Pr\u00f3speri\",\"@luiz_prosperi\",\"https:\\\/\\\/x.com\\\/Luizprosperi\",\"@prosperinacopa\",\"luiz.prosperi@icloud.com\"],\"url\":\"https:\\\/\\\/blogdoprosperi.com\\\/?author=102107496\"}]}<\/script>\n<!-- \/ Yoast SEO plugin. -->","yoast_head_json":{"title":"Pel\u00e9 \u00e9 sepultado sem presen\u00e7a de ex-jogadores campe\u00f5es mundiais nas Copas 94 e 2002 - PR\u00d3SPERI NEWS","robots":{"index":"index","follow":"follow","max-snippet":"max-snippet:-1","max-image-preview":"max-image-preview:large","max-video-preview":"max-video-preview:-1"},"canonical":"https:\/\/blogdoprosperi.com\/?p=40978","og_locale":"pt_BR","og_type":"article","og_title":"Pel\u00e9 \u00e9 sepultado sem presen\u00e7a de ex-jogadores campe\u00f5es mundiais nas Copas 94 e 2002 - PR\u00d3SPERI NEWS","og_description":"Corpo de Pel\u00e9 \u00e9 sepultado em Santos ap\u00f3s vel\u00f3rio de quase dois dias na Vila Belmiro. Ex-jogadores campe\u00f5es do mundo nas Copas de 94 e 2002 foram ao enterro do Rei.","og_url":"https:\/\/blogdoprosperi.com\/?p=40978","og_site_name":"PR\u00d3SPERI NEWS","article_publisher":"Luiz Pr\u00f3speri","article_author":"Luiz Pr\u00f3speri","article_published_time":"2023-01-03T18:57:26+00:00","article_modified_time":"2023-01-05T23:09:48+00:00","og_image":[{"width":4865,"height":3206,"url":"https:\/\/i0.wp.com\/blogdoprosperi.com\/wp-content\/uploads\/2023\/01\/gettyimages-1453995943.jpg.webp?fit=4865%2C3206&ssl=1","type":"image\/webp"}],"author":"Luiz Ant\u00f4nio Pr\u00f3speri","twitter_card":"summary_large_image","twitter_creator":"@Luizprosperi","twitter_site":"@Luizprosperi","twitter_misc":{"Escrito por":"Luiz Ant\u00f4nio Pr\u00f3speri","Est. tempo de leitura":"2 minutos"},"schema":{"@context":"https:\/\/schema.org","@graph":[{"@type":"Article","@id":"https:\/\/blogdoprosperi.com\/?p=40978#article","isPartOf":{"@id":"https:\/\/blogdoprosperi.com\/?p=40978"},"author":{"name":"Luiz Ant\u00f4nio Pr\u00f3speri","@id":"https:\/\/blogdoprosperi.com\/#\/schema\/person\/38100755ce3601861ee4fab9b5aa78e9"},"headline":"Pel\u00e9 \u00e9 sepultado sem presen\u00e7a de ex-jogadores campe\u00f5es mundiais nas Copas 94 e 2002","datePublished":"2023-01-03T18:57:26+00:00","dateModified":"2023-01-05T23:09:48+00:00","mainEntityOfPage":{"@id":"https:\/\/blogdoprosperi.com\/?p=40978"},"wordCount":507,"commentCount":1,"publisher":{"@id":"https:\/\/blogdoprosperi.com\/#\/schema\/person\/38100755ce3601861ee4fab9b5aa78e9"},"image":{"@id":"https:\/\/blogdoprosperi.com\/?p=40978#primaryimage"},"thumbnailUrl":"https:\/\/i0.wp.com\/blogdoprosperi.com\/wp-content\/uploads\/2023\/01\/gettyimages-1453995943.jpg.webp?fit=4865%2C3206&ssl=1","keywords":["Felip\u00e3o","futebol","Kak\u00e1","Luxemburgo","Parreira","Pel\u00e9","pentacampe\u00f5es","presidente Lula","Rei Pel\u00e9","Santos FC","tetracampe\u00f5es","vel\u00f3rio Pel\u00e9"],"articleSection":["futebol","Pel\u00e9","qatar 2022","Sele\u00e7\u00e3o Brasileira"],"inLanguage":"pt-BR","potentialAction":[{"@type":"CommentAction","name":"Comment","target":["https:\/\/blogdoprosperi.com\/?p=40978#respond"]}]},{"@type":"WebPage","@id":"https:\/\/blogdoprosperi.com\/?p=40978","url":"https:\/\/blogdoprosperi.com\/?p=40978","name":"Pel\u00e9 \u00e9 sepultado sem presen\u00e7a de ex-jogadores campe\u00f5es mundiais nas Copas 94 e 2002 - PR\u00d3SPERI NEWS","isPartOf":{"@id":"https:\/\/blogdoprosperi.com\/#website"},"primaryImageOfPage":{"@id":"https:\/\/blogdoprosperi.com\/?p=40978#primaryimage"},"image":{"@id":"https:\/\/blogdoprosperi.com\/?p=40978#primaryimage"},"thumbnailUrl":"https:\/\/i0.wp.com\/blogdoprosperi.com\/wp-content\/uploads\/2023\/01\/gettyimages-1453995943.jpg.webp?fit=4865%2C3206&ssl=1","datePublished":"2023-01-03T18:57:26+00:00","dateModified":"2023-01-05T23:09:48+00:00","breadcrumb":{"@id":"https:\/\/blogdoprosperi.com\/?p=40978#breadcrumb"},"inLanguage":"pt-BR","potentialAction":[{"@type":"ReadAction","target":["https:\/\/blogdoprosperi.com\/?p=40978"]}]},{"@type":"ImageObject","inLanguage":"pt-BR","@id":"https:\/\/blogdoprosperi.com\/?p=40978#primaryimage","url":"https:\/\/i0.wp.com\/blogdoprosperi.com\/wp-content\/uploads\/2023\/01\/gettyimages-1453995943.jpg.webp?fit=4865%2C3206&ssl=1","contentUrl":"https:\/\/i0.wp.com\/blogdoprosperi.com\/wp-content\/uploads\/2023\/01\/gettyimages-1453995943.jpg.webp?fit=4865%2C3206&ssl=1","width":4865,"height":3206,"caption":"foto: Twitter oficial Fifa"},{"@type":"BreadcrumbList","@id":"https:\/\/blogdoprosperi.com\/?p=40978#breadcrumb","itemListElement":[{"@type":"ListItem","position":1,"name":"In\u00edcio","item":"https:\/\/blogdoprosperi.com\/"},{"@type":"ListItem","position":2,"name":"Pel\u00e9 \u00e9 sepultado sem presen\u00e7a de ex-jogadores campe\u00f5es mundiais nas Copas 94 e 2002"}]},{"@type":"WebSite","@id":"https:\/\/blogdoprosperi.com\/#website","url":"https:\/\/blogdoprosperi.com\/","name":"PR\u00d3SPERI NEWS","description":"TUDO \u00c9  FUTEBOL","publisher":{"@id":"https:\/\/blogdoprosperi.com\/#\/schema\/person\/38100755ce3601861ee4fab9b5aa78e9"},"alternateName":"blogdoprosperi.com","potentialAction":[{"@type":"SearchAction","target":{"@type":"EntryPoint","urlTemplate":"https:\/\/blogdoprosperi.com\/?s={search_term_string}"},"query-input":{"@type":"PropertyValueSpecification","valueRequired":true,"valueName":"search_term_string"}}],"inLanguage":"pt-BR"},{"@type":["Person","Organization"],"@id":"https:\/\/blogdoprosperi.com\/#\/schema\/person\/38100755ce3601861ee4fab9b5aa78e9","name":"Luiz Ant\u00f4nio Pr\u00f3speri","pronouns":"ele","image":{"@type":"ImageObject","inLanguage":"pt-BR","@id":"https:\/\/i0.wp.com\/blogdoprosperi.com\/wp-content\/uploads\/2026\/05\/cropped-8059e613-6002-42fa-961e-8e275f575d71-2-5.jpg?fit=1360%2C931&ssl=1","url":"https:\/\/i0.wp.com\/blogdoprosperi.com\/wp-content\/uploads\/2026\/05\/cropped-8059e613-6002-42fa-961e-8e275f575d71-2-5.jpg?fit=1360%2C931&ssl=1","contentUrl":"https:\/\/i0.wp.com\/blogdoprosperi.com\/wp-content\/uploads\/2026\/05\/cropped-8059e613-6002-42fa-961e-8e275f575d71-2-5.jpg?fit=1360%2C931&ssl=1","width":1360,"height":931,"caption":"Luiz Ant\u00f4nio Pr\u00f3speri"},"logo":{"@id":"https:\/\/i0.wp.com\/blogdoprosperi.com\/wp-content\/uploads\/2026\/05\/cropped-8059e613-6002-42fa-961e-8e275f575d71-2-5.jpg?fit=1360%2C931&ssl=1"},"description":"Jornalista com carreira dedicada ao esporte. Cobriu 9 Copas do Mundo in loco, 1990 na It\u00e1lia, 1994 nos EUA, 1998 na Fran\u00e7a, 2002 na Coreia do Sul e Jap\u00e3o, 2006 na Alemanha, 2010 na \u00c1frica do Sul, 2014 no Brasil, 2018 na R\u00fassia e 2022 no Qatar. Eurocopas, 1992 na Su\u00e9cia e 1996 na Inglaterra. Copa das Confedera\u00e7\u00f5es de 2005 na Alemanha e 2009 na \u00c1frica do Sul. Rep\u00f3rter e Editor, trabalhou no Jornal da Tarde e Estad\u00e3o, de 1984 a fevereiro de 2016. Colunista, blogueiro. E comentarista de futebol na R\u00e1dio Estad\u00e3o, de 2013 a fevereiro de 2016. Jornalista respons\u00e1vel do \"Pr\u00f3speri News\" (blogdoprosperi.com).","sameAs":["http:\/\/blogdoprosperi.com","Luiz Pr\u00f3speri","@luiz_prosperi","https:\/\/x.com\/Luizprosperi","@prosperinacopa","luiz.prosperi@icloud.com"],"url":"https:\/\/blogdoprosperi.com\/?author=102107496"}]}},"jetpack_publicize_connections":[],"jetpack_likes_enabled":false,"jetpack_sharing_enabled":true,"jetpack_shortlink":"https:\/\/wp.me\/p7jvdk-aEW","jetpack-related-posts":[{"id":40944,"url":"https:\/\/blogdoprosperi.com\/?p=40944","url_meta":{"origin":40978,"position":0},"title":"Vel\u00f3rio de Pel\u00e9: Fifa pede est\u00e1dios com nome do Rei em todos pa\u00edses do mundo","author":"Luiz Ant\u00f4nio Pr\u00f3speri","date":"2 de janeiro de 2023","format":false,"excerpt":"Vel\u00f3rio de Pel\u00e9 recebe milhares de torcedores, dirigentes da Fifa, Conmebol, CBF, chefes de Estado, jornalistas internacionais, ex-jogadores do Santos, entre outros. Campe\u00f5es mundiais com a Sele\u00e7\u00e3o e \u00eddolos de gera\u00e7\u00f5es mais recentes do futebol brasileiro n\u00e3o foram ao vel\u00f3rio na segunda-feira","rel":"","context":"Em &quot;futebol&quot;","block_context":{"text":"futebol","link":"https:\/\/blogdoprosperi.com\/?cat=53870"},"img":{"alt_text":"","src":"https:\/\/i0.wp.com\/blogdoprosperi.com\/wp-content\/uploads\/2023\/01\/flelychxgamzezb.jpeg?fit=1200%2C800&ssl=1&resize=350%2C200","width":350,"height":200,"srcset":"https:\/\/i0.wp.com\/blogdoprosperi.com\/wp-content\/uploads\/2023\/01\/flelychxgamzezb.jpeg?fit=1200%2C800&ssl=1&resize=350%2C200 1x, https:\/\/i0.wp.com\/blogdoprosperi.com\/wp-content\/uploads\/2023\/01\/flelychxgamzezb.jpeg?fit=1200%2C800&ssl=1&resize=525%2C300 1.5x, https:\/\/i0.wp.com\/blogdoprosperi.com\/wp-content\/uploads\/2023\/01\/flelychxgamzezb.jpeg?fit=1200%2C800&ssl=1&resize=700%2C400 2x, https:\/\/i0.wp.com\/blogdoprosperi.com\/wp-content\/uploads\/2023\/01\/flelychxgamzezb.jpeg?fit=1200%2C800&ssl=1&resize=1050%2C600 3x"},"classes":[]},{"id":47844,"url":"https:\/\/blogdoprosperi.com\/?p=47844","url_meta":{"origin":40978,"position":1},"title":"#NeyDay | Neymar tem Encontro Marcado com Futebol nesta Quarta-feira na Vila","author":"Luiz Ant\u00f4nio Pr\u00f3speri","date":"5 de fevereiro de 2025","format":false,"excerpt":"Luiz Ant\u00f4nio Pr\u00f3speri \u2013 5 fevereiro (09h45) \u2013 NeyDay, Dia de Neymar. Nesta quarta-feira (05\/2) incomum, o jogador veste a emblem\u00e1tica camisa 10 branca e, a partir das 21h35, entra no campo da Vila Belmiro para refazer sua vida no futebol e celebrar o anivers\u00e1rio de seus 33 anos de\u2026","rel":"","context":"Em &quot;futebol&quot;","block_context":{"text":"futebol","link":"https:\/\/blogdoprosperi.com\/?cat=53870"},"img":{"alt_text":"Neymar Day","src":"https:\/\/i0.wp.com\/blogdoprosperi.com\/wp-content\/uploads\/2025\/02\/captura-de-tela-2025-02-05-as-09.50.42.png?fit=1200%2C685&ssl=1&resize=350%2C200","width":350,"height":200,"srcset":"https:\/\/i0.wp.com\/blogdoprosperi.com\/wp-content\/uploads\/2025\/02\/captura-de-tela-2025-02-05-as-09.50.42.png?fit=1200%2C685&ssl=1&resize=350%2C200 1x, https:\/\/i0.wp.com\/blogdoprosperi.com\/wp-content\/uploads\/2025\/02\/captura-de-tela-2025-02-05-as-09.50.42.png?fit=1200%2C685&ssl=1&resize=525%2C300 1.5x, https:\/\/i0.wp.com\/blogdoprosperi.com\/wp-content\/uploads\/2025\/02\/captura-de-tela-2025-02-05-as-09.50.42.png?fit=1200%2C685&ssl=1&resize=700%2C400 2x, https:\/\/i0.wp.com\/blogdoprosperi.com\/wp-content\/uploads\/2025\/02\/captura-de-tela-2025-02-05-as-09.50.42.png?fit=1200%2C685&ssl=1&resize=1050%2C600 3x"},"classes":[]},{"id":47659,"url":"https:\/\/blogdoprosperi.com\/?p=47659","url_meta":{"origin":40978,"position":2},"title":"Pel\u00e9 Pede a Volta de Neymar ao Santos em V\u00eddeo","author":"Luiz Ant\u00f4nio Pr\u00f3speri","date":"28 de janeiro de 2025","format":false,"excerpt":"Veja v\u00eddeo de Pel\u00e9 pedindo volta de Neymar ao Santos. Produzido com ajuda da IA (Intelig\u00eancia Artificial)","rel":"","context":"Em &quot;futebol&quot;","block_context":{"text":"futebol","link":"https:\/\/blogdoprosperi.com\/?cat=53870"},"img":{"alt_text":"","src":"https:\/\/i0.wp.com\/blogdoprosperi.com\/wp-content\/uploads\/2025\/01\/image.png?fit=1024%2C768&ssl=1&resize=350%2C200","width":350,"height":200,"srcset":"https:\/\/i0.wp.com\/blogdoprosperi.com\/wp-content\/uploads\/2025\/01\/image.png?fit=1024%2C768&ssl=1&resize=350%2C200 1x, https:\/\/i0.wp.com\/blogdoprosperi.com\/wp-content\/uploads\/2025\/01\/image.png?fit=1024%2C768&ssl=1&resize=525%2C300 1.5x, https:\/\/i0.wp.com\/blogdoprosperi.com\/wp-content\/uploads\/2025\/01\/image.png?fit=1024%2C768&ssl=1&resize=700%2C400 2x"},"classes":[]},{"id":40928,"url":"https:\/\/blogdoprosperi.com\/?p=40928","url_meta":{"origin":40978,"position":3},"title":"Vini Jr sofre racismo dois dias ap\u00f3s morte de Pel\u00e9","author":"Luiz Ant\u00f4nio Pr\u00f3speri","date":"31 de dezembro de 2022","format":false,"excerpt":"Vini Jr sofre racismo de torcedores espanh\u00f3is, dois dias ap\u00f3s a morte de Pel\u00e9, no jogo Valladolid x Real Madrid. Antes de o jogo come\u00e7ar, torcedores respeitaram um minuto de sil\u00eancio e aplausos ao Rei.","rel":"","context":"Em &quot;futebol&quot;","block_context":{"text":"futebol","link":"https:\/\/blogdoprosperi.com\/?cat=53870"},"img":{"alt_text":"","src":"https:\/\/i0.wp.com\/blogdoprosperi.com\/wp-content\/uploads\/2022\/12\/images-4.jpg?fit=238%2C212&ssl=1&resize=350%2C200","width":350,"height":200},"classes":[]},{"id":41385,"url":"https:\/\/blogdoprosperi.com\/?p=41385","url_meta":{"origin":40978,"position":4},"title":"Cr\u00f4nica de ver\u00e3o: Futebol brasileiro sofre sem Pel\u00e9","author":"Luiz Ant\u00f4nio Pr\u00f3speri","date":"3 de fevereiro de 2023","format":false,"excerpt":"Passados 35 dias da partida do Rei, a radiografia do futebol nacional e de seus expoentes pouco tem da heran\u00e7a deixada por Pel\u00e9","rel":"","context":"Em &quot;catar 2022&quot;","block_context":{"text":"catar 2022","link":"https:\/\/blogdoprosperi.com\/?cat=47094043"},"img":{"alt_text":"","src":"https:\/\/i0.wp.com\/blogdoprosperi.com\/wp-content\/uploads\/2023\/01\/alegria_vinicius_he26429.jpg_nd.jpg?fit=1200%2C675&ssl=1&resize=350%2C200","width":350,"height":200,"srcset":"https:\/\/i0.wp.com\/blogdoprosperi.com\/wp-content\/uploads\/2023\/01\/alegria_vinicius_he26429.jpg_nd.jpg?fit=1200%2C675&ssl=1&resize=350%2C200 1x, https:\/\/i0.wp.com\/blogdoprosperi.com\/wp-content\/uploads\/2023\/01\/alegria_vinicius_he26429.jpg_nd.jpg?fit=1200%2C675&ssl=1&resize=525%2C300 1.5x, https:\/\/i0.wp.com\/blogdoprosperi.com\/wp-content\/uploads\/2023\/01\/alegria_vinicius_he26429.jpg_nd.jpg?fit=1200%2C675&ssl=1&resize=700%2C400 2x, https:\/\/i0.wp.com\/blogdoprosperi.com\/wp-content\/uploads\/2023\/01\/alegria_vinicius_he26429.jpg_nd.jpg?fit=1200%2C675&ssl=1&resize=1050%2C600 3x"},"classes":[]},{"id":55419,"url":"https:\/\/blogdoprosperi.com\/?p=55419","url_meta":{"origin":40978,"position":5},"title":"#Cr\u00f4nicaSab\u00e1tica #34 | Ninho do Urubu, Manthiqueira, Endrick e Pel\u00e9, a Semana dos Meninos do Brasil","author":"Luiz Ant\u00f4nio Pr\u00f3speri","date":"25 de outubro de 2025","format":false,"excerpt":"\"\u00c0s vezes o pego chorando. Ele tenta demonstrar for\u00e7a, do tipo 'est\u00e1 tudo bem', mas percebo o quanto est\u00e1 sofrendo. Meu filho n\u00e3o quer mais ir aos treinos. Voltou \u00e0 escola ter\u00e7a-feira (21\/10), com medo. E eu o entendo, o esporte n\u00e3o \u00e9 para machucar assim. N\u00e3o preciso que se\u2026","rel":"","context":"Em &quot;cr\u00f4nica&quot;","block_context":{"text":"cr\u00f4nica","link":"https:\/\/blogdoprosperi.com\/?cat=23339"},"img":{"alt_text":"Homenagem aos 10 meninos mortos no Ninho do Urubu","src":"https:\/\/i0.wp.com\/blogdoprosperi.com\/wp-content\/uploads\/2025\/10\/captura-de-tela-2025-10-25-as-14.26.13.png?fit=1200%2C645&ssl=1&resize=350%2C200","width":350,"height":200,"srcset":"https:\/\/i0.wp.com\/blogdoprosperi.com\/wp-content\/uploads\/2025\/10\/captura-de-tela-2025-10-25-as-14.26.13.png?fit=1200%2C645&ssl=1&resize=350%2C200 1x, https:\/\/i0.wp.com\/blogdoprosperi.com\/wp-content\/uploads\/2025\/10\/captura-de-tela-2025-10-25-as-14.26.13.png?fit=1200%2C645&ssl=1&resize=525%2C300 1.5x, https:\/\/i0.wp.com\/blogdoprosperi.com\/wp-content\/uploads\/2025\/10\/captura-de-tela-2025-10-25-as-14.26.13.png?fit=1200%2C645&ssl=1&resize=700%2C400 2x, https:\/\/i0.wp.com\/blogdoprosperi.com\/wp-content\/uploads\/2025\/10\/captura-de-tela-2025-10-25-as-14.26.13.png?fit=1200%2C645&ssl=1&resize=1050%2C600 3x"},"classes":[]}],"jetpack_featured_media_url":"https:\/\/i0.wp.com\/blogdoprosperi.com\/wp-content\/uploads\/2023\/01\/gettyimages-1453995943.jpg.webp?fit=4865%2C3206&ssl=1","_links":{"self":[{"href":"https:\/\/blogdoprosperi.com\/index.php?rest_route=\/wp\/v2\/posts\/40978","targetHints":{"allow":["GET"]}}],"collection":[{"href":"https:\/\/blogdoprosperi.com\/index.php?rest_route=\/wp\/v2\/posts"}],"about":[{"href":"https:\/\/blogdoprosperi.com\/index.php?rest_route=\/wp\/v2\/types\/post"}],"author":[{"embeddable":true,"href":"https:\/\/blogdoprosperi.com\/index.php?rest_route=\/wp\/v2\/users\/102107496"}],"replies":[{"embeddable":true,"href":"https:\/\/blogdoprosperi.com\/index.php?rest_route=%2Fwp%2Fv2%2Fcomments&post=40978"}],"version-history":[{"count":12,"href":"https:\/\/blogdoprosperi.com\/index.php?rest_route=\/wp\/v2\/posts\/40978\/revisions"}],"predecessor-version":[{"id":41017,"href":"https:\/\/blogdoprosperi.com\/index.php?rest_route=\/wp\/v2\/posts\/40978\/revisions\/41017"}],"wp:featuredmedia":[{"embeddable":true,"href":"https:\/\/blogdoprosperi.com\/index.php?rest_route=\/wp\/v2\/media\/40987"}],"wp:attachment":[{"href":"https:\/\/blogdoprosperi.com\/index.php?rest_route=%2Fwp%2Fv2%2Fmedia&parent=40978"}],"wp:term":[{"taxonomy":"category","embeddable":true,"href":"https:\/\/blogdoprosperi.com\/index.php?rest_route=%2Fwp%2Fv2%2Fcategories&post=40978"},{"taxonomy":"post_tag","embeddable":true,"href":"https:\/\/blogdoprosperi.com\/index.php?rest_route=%2Fwp%2Fv2%2Ftags&post=40978"}],"curies":[{"name":"wp","href":"https:\/\/api.w.org\/{rel}","templated":true}]}}