{"id":41158,"date":"2023-01-16T21:03:59","date_gmt":"2023-01-17T00:03:59","guid":{"rendered":"https:\/\/blogdoprosperi.com\/?p=41158"},"modified":"2023-01-16T22:32:33","modified_gmt":"2023-01-17T01:32:33","slug":"cbf-anuncia-novo-secretario-geral-alinhado-ao-governo-lula","status":"publish","type":"post","link":"https:\/\/blogdoprosperi.com\/?p=41158","title":{"rendered":"CBF anuncia novo secret\u00e1rio-geral, alinhado ao governo Lula"},"content":{"rendered":"<p>CBF, enfim, tem um novo secret\u00e1rio-geral, cargo mais importante da entidade abaixo apenas da presid\u00eancia. O escolhido \u00e9 Alcino Reis Rocha, muito pr\u00f3ximo do governo Lula e lideran\u00e7as do PT.<\/p>\n<p>Desde a demiss\u00e3o de Edu Zebini, em mar\u00e7o de 2022, a CBF n\u00e3o contava com um secret\u00e1rio-geral. Zebini assumiu o cargo quando Rog\u00e9rio Caboclo ainda era o presidente.<\/p>\n<p>Alcino Reis Rocha chega \u00e0 CBF com curr\u00edculo em \u00f3rg\u00e3os governamentais: atuou como Secret\u00e1rio Nacional de Futebol e Defesa do Torcedor, do Minist\u00e9rio dos Esportes, na gest\u00e3o do ministro dos Esportes, Orlando Silva, entre 2006 e 2011 \u2013 segundo mandato do presidente Lula; foi presidente da S\u00e3o Paulo Turismo na gest\u00e3o de Fernando Haddad \u2013 atual Ministro da Fazenda de Lula \u2013 na Prefeitura de S\u00e3o Paulo.<\/p>\n<p>&#8220;Alcino tem cerca de 20 anos de experi\u00eancia em governo, nos \u00e2mbitos federal e municipal, atuando principalmente em \u00e1reas como rela\u00e7\u00f5es governamentais, pol\u00edticas p\u00fablicas e gest\u00e3o de empresas. Atuou diretamente na realiza\u00e7\u00e3o da Copa do Mundo de 2014, no Brasil, pelo Minist\u00e9rio dos Esportes&#8221;, diz comunicado oficial da CBF.&nbsp;&#8220;Trabalhou em grandes empresas como a KPMG. \u00c9 formado em Direito, com MBA em curso de Gest\u00e3o e Rela\u00e7\u00f5es Governamentais&#8221;.<\/p>\n<p>De acordo com a CBF, o novo secret\u00e1rio-geral ser\u00e1 respons\u00e1vel pelas rela\u00e7\u00f5es da entidade com a Fifa e Conmebol e todas esferas governamentais. Vai lidar tamb\u00e9m diretamente com federa\u00e7\u00f5es estaduais e clubes.<\/p>\n<p>Ao nomear Alcino Reis Rocha, o <span style=\"color: #0000ff\"><strong><a style=\"color: #0000ff\" href=\"https:\/\/blogdoprosperi.com\/2022\/12\/08\/presidente-da-cbf-homenageado-pela-fifa-promete-transparencia-e-luta-contra-racismo\/\">presidente Ednaldo Rodrigues<\/a><\/strong><\/span> d\u00e1 um passo em dire\u00e7\u00e3o \u00e0 boa pol\u00edtica de rela\u00e7\u00f5es com o presidente Lula e seus principais assessores no governo.<\/p>\n<p>CBF sempre teve no secret\u00e1rio-geral um dirigente com muitos poderes, fundamental no trato com pol\u00edticos e governos.<\/p>\n<p>No reinado de<span style=\"color: #0000ff\"><strong><a style=\"color: #0000ff\" href=\"https:\/\/blogdoprosperi.com\/2017\/11\/20\/o-rei-o-presidente-e-a-globo\/\"> Ricardo Teixeira (1989 a 2012)<\/a><\/strong><\/span>, Marco Ant\u00f4nio Teixeira, tio de Ricardo, era a m\u00e3o forte do presidente na condu\u00e7\u00e3o do futebol.<\/p>\n<p>Na gest\u00e3o de Jos\u00e9 Maria Marin e depois Marco Polo Del Nero e, logo em seguida, Rog\u00e9rio Caboclo, o pol\u00edtico Walter Feldman atuou como secret\u00e1rio-geral. Era o respons\u00e1vel pelo di\u00e1logo com o governo federal e congressistas nos mandatos de Dilma Rousseff, Michel Temer at\u00e9 Jair Bolsonaro.<\/p>\n<p>Feldman caiu no processo de afastamento de Rog\u00e9rio Caboclo, acusado de ass\u00e9dio moral e sexual dentro da CBF. Edu Zebini assumiu o cargo e n\u00e3o resistiu ao processo que levou Ednaldo Rodrigues ao comando da CBF.<\/p>\n<p>Ednaldo Rodrigues assume CBF em abril de 2022 com a promessa de mudar a governan\u00e7a. Diz que vai combater o racismo no futebol e adotar transpar\u00eancia na gest\u00e3o da entidade.<\/p>\n<p>Uma a\u00e7\u00e3o recente de Ednaldo chamou aten\u00e7\u00e3o: <span style=\"color: #0000ff\"><strong><a style=\"color: #0000ff\" href=\"https:\/\/blogdoprosperi.com\/2023\/01\/09\/cbf-repudia-atos-golpistas-antidemocraticos\/\">rep\u00fadio aos atos golpistas no dia 8 de janeiro em Bras\u00edlia.<\/a><\/strong><\/span> Presidente da CBF condenou o uso da camisa da Sele\u00e7\u00e3o Brasileira por parte de bolsonaristas. E prop\u00f4s o resgate da camisa amarela, apoderada pela extrema-direita do Brasil desde 2013.<\/p>\n<hr>\n<p><em><strong>S\u00e3o Paulo, 16 janeiro 2023. Por Luiz Ant\u00f4nio Pr\u00f3speri<\/strong><\/em><\/p>\n","protected":false},"excerpt":{"rendered":"<p>CBF, enfim, tem um novo secret\u00e1rio-geral, cargo mais importante da entidade abaixo apenas da presid\u00eancia. O escolhido \u00e9 [&hellip;]<\/p>\n","protected":false},"author":102107496,"featured_media":41170,"comment_status":"open","ping_status":"open","sticky":false,"template":"","format":"standard","meta":{"_coblocks_attr":"","_coblocks_dimensions":"","_coblocks_responsive_height":"","_coblocks_accordion_ie_support":"","_jetpack_newsletter_access":"","_jetpack_dont_email_post_to_subs":false,"_jetpack_newsletter_tier_id":0,"_jetpack_memberships_contains_paywalled_content":false,"_wpcom_ai_launchpad_first_post":false,"_jetpack_feature_clip_id":0,"_jetpack_memberships_contains_paid_content":false,"footnotes":"","jetpack_publicize_message":"","jetpack_publicize_feature_enabled":true,"jetpack_social_post_already_shared":false,"jetpack_social_options":{"image_generator_settings":{"template":"highway","default_image_id":0,"font":"","enabled":false},"version":2},"jetpack_post_was_ever_published":false},"categories":[570700,187969,53870,758801836],"tags":[758942592,643614601,10103608,789560569,213405497,4244467,789560563,789560560,560844,4029902,2436675],"class_list":["post-41158","post","type-post","status-publish","format-standard","has-post-thumbnail","hentry","category-cbf","category-fifa","category-futebol","category-futebol-2023","tag-alcino-reis-rocha","tag-bolsonaristas","tag-camisa-selecao-brasileira","tag-cbf","tag-ednaldo-rodrigues","tag-fernando-haddad","tag-fifa","tag-futebol","tag-governo-lula","tag-marco-polo-del-nero","tag-ricardo-teixeira"],"yoast_head":"<!-- This site is optimized with the Yoast SEO plugin v28.3 - https:\/\/yoast.com\/product\/yoast-seo-wordpress\/ -->\n<title>CBF anuncia novo secret\u00e1rio-geral, alinhado ao governo Lula - PR\u00d3SPERI NEWS<\/title>\n<meta name=\"robots\" content=\"index, follow, max-snippet:-1, max-image-preview:large, max-video-preview:-1\" \/>\n<link rel=\"canonical\" href=\"https:\/\/blogdoprosperi.com\/?p=41158\" \/>\n<meta property=\"og:locale\" content=\"pt_BR\" \/>\n<meta property=\"og:type\" content=\"article\" \/>\n<meta property=\"og:title\" content=\"CBF anuncia novo secret\u00e1rio-geral, alinhado ao governo Lula - PR\u00d3SPERI NEWS\" \/>\n<meta property=\"og:description\" content=\"CBF, enfim, tem um novo secret\u00e1rio-geral, cargo mais importante da entidade abaixo apenas da presid\u00eancia. O escolhido \u00e9 [&hellip;]\" \/>\n<meta property=\"og:url\" content=\"https:\/\/blogdoprosperi.com\/?p=41158\" \/>\n<meta property=\"og:site_name\" content=\"PR\u00d3SPERI NEWS\" \/>\n<meta property=\"article:publisher\" content=\"Luiz Pr\u00f3speri\" \/>\n<meta property=\"article:author\" content=\"Luiz Pr\u00f3speri\" \/>\n<meta property=\"article:published_time\" content=\"2023-01-17T00:03:59+00:00\" \/>\n<meta property=\"article:modified_time\" content=\"2023-01-17T01:32:33+00:00\" \/>\n<meta property=\"og:image\" content=\"https:\/\/i0.wp.com\/blogdoprosperi.com\/wp-content\/uploads\/2023\/01\/20230116180748_76.jpeg?fit=910%2C607&ssl=1\" \/>\n\t<meta property=\"og:image:width\" content=\"910\" \/>\n\t<meta property=\"og:image:height\" content=\"607\" \/>\n\t<meta property=\"og:image:type\" content=\"image\/jpeg\" \/>\n<meta name=\"author\" content=\"Luiz Ant\u00f4nio Pr\u00f3speri\" \/>\n<meta name=\"twitter:card\" content=\"summary_large_image\" \/>\n<meta name=\"twitter:creator\" content=\"@Luizprosperi\" \/>\n<meta name=\"twitter:site\" content=\"@Luizprosperi\" \/>\n<meta name=\"twitter:label1\" content=\"Escrito por\" \/>\n\t<meta name=\"twitter:data1\" content=\"Luiz Ant\u00f4nio Pr\u00f3speri\" \/>\n\t<meta name=\"twitter:label2\" content=\"Est. tempo de leitura\" \/>\n\t<meta name=\"twitter:data2\" content=\"3 minutos\" \/>\n<script type=\"application\/ld+json\" class=\"yoast-schema-graph\">{\"@context\":\"https:\\\/\\\/schema.org\",\"@graph\":[{\"@type\":\"Article\",\"@id\":\"https:\\\/\\\/blogdoprosperi.com\\\/?p=41158#article\",\"isPartOf\":{\"@id\":\"https:\\\/\\\/blogdoprosperi.com\\\/?p=41158\"},\"author\":{\"name\":\"Luiz Ant\u00f4nio Pr\u00f3speri\",\"@id\":\"https:\\\/\\\/blogdoprosperi.com\\\/#\\\/schema\\\/person\\\/38100755ce3601861ee4fab9b5aa78e9\"},\"headline\":\"CBF anuncia novo secret\u00e1rio-geral, alinhado ao governo Lula\",\"datePublished\":\"2023-01-17T00:03:59+00:00\",\"dateModified\":\"2023-01-17T01:32:33+00:00\",\"mainEntityOfPage\":{\"@id\":\"https:\\\/\\\/blogdoprosperi.com\\\/?p=41158\"},\"wordCount\":515,\"commentCount\":0,\"publisher\":{\"@id\":\"https:\\\/\\\/blogdoprosperi.com\\\/#\\\/schema\\\/person\\\/38100755ce3601861ee4fab9b5aa78e9\"},\"image\":{\"@id\":\"https:\\\/\\\/blogdoprosperi.com\\\/?p=41158#primaryimage\"},\"thumbnailUrl\":\"https:\\\/\\\/i0.wp.com\\\/blogdoprosperi.com\\\/wp-content\\\/uploads\\\/2023\\\/01\\\/20230116180748_76.jpeg?fit=910%2C607&ssl=1\",\"keywords\":[\"alcino reis rocha\",\"bolsonaristas\",\"camisa sele\u00e7\u00e3o brasileira\",\"CBF\",\"Ednaldo Rodrigues\",\"Fernando Haddad\",\"Fifa\",\"futebol\",\"governo Lula\",\"Marco Polo Del Nero\",\"Ricardo Teixeira\"],\"articleSection\":[\"CBF\",\"Fifa\",\"futebol\",\"futebol 2023\"],\"inLanguage\":\"pt-BR\",\"potentialAction\":[{\"@type\":\"CommentAction\",\"name\":\"Comment\",\"target\":[\"https:\\\/\\\/blogdoprosperi.com\\\/?p=41158#respond\"]}]},{\"@type\":\"WebPage\",\"@id\":\"https:\\\/\\\/blogdoprosperi.com\\\/?p=41158\",\"url\":\"https:\\\/\\\/blogdoprosperi.com\\\/?p=41158\",\"name\":\"CBF anuncia novo secret\u00e1rio-geral, alinhado ao governo Lula - PR\u00d3SPERI NEWS\",\"isPartOf\":{\"@id\":\"https:\\\/\\\/blogdoprosperi.com\\\/#website\"},\"primaryImageOfPage\":{\"@id\":\"https:\\\/\\\/blogdoprosperi.com\\\/?p=41158#primaryimage\"},\"image\":{\"@id\":\"https:\\\/\\\/blogdoprosperi.com\\\/?p=41158#primaryimage\"},\"thumbnailUrl\":\"https:\\\/\\\/i0.wp.com\\\/blogdoprosperi.com\\\/wp-content\\\/uploads\\\/2023\\\/01\\\/20230116180748_76.jpeg?fit=910%2C607&ssl=1\",\"datePublished\":\"2023-01-17T00:03:59+00:00\",\"dateModified\":\"2023-01-17T01:32:33+00:00\",\"breadcrumb\":{\"@id\":\"https:\\\/\\\/blogdoprosperi.com\\\/?p=41158#breadcrumb\"},\"inLanguage\":\"pt-BR\",\"potentialAction\":[{\"@type\":\"ReadAction\",\"target\":[\"https:\\\/\\\/blogdoprosperi.com\\\/?p=41158\"]}]},{\"@type\":\"ImageObject\",\"inLanguage\":\"pt-BR\",\"@id\":\"https:\\\/\\\/blogdoprosperi.com\\\/?p=41158#primaryimage\",\"url\":\"https:\\\/\\\/i0.wp.com\\\/blogdoprosperi.com\\\/wp-content\\\/uploads\\\/2023\\\/01\\\/20230116180748_76.jpeg?fit=910%2C607&ssl=1\",\"contentUrl\":\"https:\\\/\\\/i0.wp.com\\\/blogdoprosperi.com\\\/wp-content\\\/uploads\\\/2023\\\/01\\\/20230116180748_76.jpeg?fit=910%2C607&ssl=1\",\"width\":910,\"height\":607,\"caption\":\"Alcino, aliado do governo Lula, e Ednaldo Rodrigues - foto: CBF oficial\"},{\"@type\":\"BreadcrumbList\",\"@id\":\"https:\\\/\\\/blogdoprosperi.com\\\/?p=41158#breadcrumb\",\"itemListElement\":[{\"@type\":\"ListItem\",\"position\":1,\"name\":\"In\u00edcio\",\"item\":\"https:\\\/\\\/blogdoprosperi.com\\\/\"},{\"@type\":\"ListItem\",\"position\":2,\"name\":\"CBF anuncia novo secret\u00e1rio-geral, alinhado ao governo Lula\"}]},{\"@type\":\"WebSite\",\"@id\":\"https:\\\/\\\/blogdoprosperi.com\\\/#website\",\"url\":\"https:\\\/\\\/blogdoprosperi.com\\\/\",\"name\":\"PR\u00d3SPERI NEWS\",\"description\":\"TUDO \u00c9  FUTEBOL\",\"publisher\":{\"@id\":\"https:\\\/\\\/blogdoprosperi.com\\\/#\\\/schema\\\/person\\\/38100755ce3601861ee4fab9b5aa78e9\"},\"alternateName\":\"blogdoprosperi.com\",\"potentialAction\":[{\"@type\":\"SearchAction\",\"target\":{\"@type\":\"EntryPoint\",\"urlTemplate\":\"https:\\\/\\\/blogdoprosperi.com\\\/?s={search_term_string}\"},\"query-input\":{\"@type\":\"PropertyValueSpecification\",\"valueRequired\":true,\"valueName\":\"search_term_string\"}}],\"inLanguage\":\"pt-BR\"},{\"@type\":[\"Person\",\"Organization\"],\"@id\":\"https:\\\/\\\/blogdoprosperi.com\\\/#\\\/schema\\\/person\\\/38100755ce3601861ee4fab9b5aa78e9\",\"name\":\"Luiz Ant\u00f4nio Pr\u00f3speri\",\"pronouns\":\"ele\",\"image\":{\"@type\":\"ImageObject\",\"inLanguage\":\"pt-BR\",\"@id\":\"https:\\\/\\\/i0.wp.com\\\/blogdoprosperi.com\\\/wp-content\\\/uploads\\\/2026\\\/05\\\/cropped-8059e613-6002-42fa-961e-8e275f575d71-2-5.jpg?fit=1360%2C931&ssl=1\",\"url\":\"https:\\\/\\\/i0.wp.com\\\/blogdoprosperi.com\\\/wp-content\\\/uploads\\\/2026\\\/05\\\/cropped-8059e613-6002-42fa-961e-8e275f575d71-2-5.jpg?fit=1360%2C931&ssl=1\",\"contentUrl\":\"https:\\\/\\\/i0.wp.com\\\/blogdoprosperi.com\\\/wp-content\\\/uploads\\\/2026\\\/05\\\/cropped-8059e613-6002-42fa-961e-8e275f575d71-2-5.jpg?fit=1360%2C931&ssl=1\",\"width\":1360,\"height\":931,\"caption\":\"Luiz Ant\u00f4nio Pr\u00f3speri\"},\"logo\":{\"@id\":\"https:\\\/\\\/i0.wp.com\\\/blogdoprosperi.com\\\/wp-content\\\/uploads\\\/2026\\\/05\\\/cropped-8059e613-6002-42fa-961e-8e275f575d71-2-5.jpg?fit=1360%2C931&ssl=1\"},\"description\":\"Jornalista com carreira dedicada ao esporte. Cobriu 9 Copas do Mundo in loco, 1990 na It\u00e1lia, 1994 nos EUA, 1998 na Fran\u00e7a, 2002 na Coreia do Sul e Jap\u00e3o, 2006 na Alemanha, 2010 na \u00c1frica do Sul, 2014 no Brasil, 2018 na R\u00fassia e 2022 no Qatar. Eurocopas, 1992 na Su\u00e9cia e 1996 na Inglaterra. Copa das Confedera\u00e7\u00f5es de 2005 na Alemanha e 2009 na \u00c1frica do Sul. Rep\u00f3rter e Editor, trabalhou no Jornal da Tarde e Estad\u00e3o, de 1984 a fevereiro de 2016. Colunista, blogueiro. E comentarista de futebol na R\u00e1dio Estad\u00e3o, de 2013 a fevereiro de 2016. Jornalista respons\u00e1vel do \\\"Pr\u00f3speri News\\\" (blogdoprosperi.com).\",\"sameAs\":[\"http:\\\/\\\/blogdoprosperi.com\",\"Luiz Pr\u00f3speri\",\"@luiz_prosperi\",\"https:\\\/\\\/x.com\\\/Luizprosperi\",\"@prosperinacopa\",\"luiz.prosperi@icloud.com\"],\"url\":\"https:\\\/\\\/blogdoprosperi.com\\\/?author=102107496\"}]}<\/script>\n<!-- \/ Yoast SEO plugin. -->","yoast_head_json":{"title":"CBF anuncia novo secret\u00e1rio-geral, alinhado ao governo Lula - PR\u00d3SPERI NEWS","robots":{"index":"index","follow":"follow","max-snippet":"max-snippet:-1","max-image-preview":"max-image-preview:large","max-video-preview":"max-video-preview:-1"},"canonical":"https:\/\/blogdoprosperi.com\/?p=41158","og_locale":"pt_BR","og_type":"article","og_title":"CBF anuncia novo secret\u00e1rio-geral, alinhado ao governo Lula - PR\u00d3SPERI NEWS","og_description":"CBF, enfim, tem um novo secret\u00e1rio-geral, cargo mais importante da entidade abaixo apenas da presid\u00eancia. O escolhido \u00e9 [&hellip;]","og_url":"https:\/\/blogdoprosperi.com\/?p=41158","og_site_name":"PR\u00d3SPERI NEWS","article_publisher":"Luiz Pr\u00f3speri","article_author":"Luiz Pr\u00f3speri","article_published_time":"2023-01-17T00:03:59+00:00","article_modified_time":"2023-01-17T01:32:33+00:00","og_image":[{"width":910,"height":607,"url":"https:\/\/i0.wp.com\/blogdoprosperi.com\/wp-content\/uploads\/2023\/01\/20230116180748_76.jpeg?fit=910%2C607&ssl=1","type":"image\/jpeg"}],"author":"Luiz Ant\u00f4nio Pr\u00f3speri","twitter_card":"summary_large_image","twitter_creator":"@Luizprosperi","twitter_site":"@Luizprosperi","twitter_misc":{"Escrito por":"Luiz Ant\u00f4nio Pr\u00f3speri","Est. tempo de leitura":"3 minutos"},"schema":{"@context":"https:\/\/schema.org","@graph":[{"@type":"Article","@id":"https:\/\/blogdoprosperi.com\/?p=41158#article","isPartOf":{"@id":"https:\/\/blogdoprosperi.com\/?p=41158"},"author":{"name":"Luiz Ant\u00f4nio Pr\u00f3speri","@id":"https:\/\/blogdoprosperi.com\/#\/schema\/person\/38100755ce3601861ee4fab9b5aa78e9"},"headline":"CBF anuncia novo secret\u00e1rio-geral, alinhado ao governo Lula","datePublished":"2023-01-17T00:03:59+00:00","dateModified":"2023-01-17T01:32:33+00:00","mainEntityOfPage":{"@id":"https:\/\/blogdoprosperi.com\/?p=41158"},"wordCount":515,"commentCount":0,"publisher":{"@id":"https:\/\/blogdoprosperi.com\/#\/schema\/person\/38100755ce3601861ee4fab9b5aa78e9"},"image":{"@id":"https:\/\/blogdoprosperi.com\/?p=41158#primaryimage"},"thumbnailUrl":"https:\/\/i0.wp.com\/blogdoprosperi.com\/wp-content\/uploads\/2023\/01\/20230116180748_76.jpeg?fit=910%2C607&ssl=1","keywords":["alcino reis rocha","bolsonaristas","camisa sele\u00e7\u00e3o brasileira","CBF","Ednaldo Rodrigues","Fernando Haddad","Fifa","futebol","governo Lula","Marco Polo Del Nero","Ricardo Teixeira"],"articleSection":["CBF","Fifa","futebol","futebol 2023"],"inLanguage":"pt-BR","potentialAction":[{"@type":"CommentAction","name":"Comment","target":["https:\/\/blogdoprosperi.com\/?p=41158#respond"]}]},{"@type":"WebPage","@id":"https:\/\/blogdoprosperi.com\/?p=41158","url":"https:\/\/blogdoprosperi.com\/?p=41158","name":"CBF anuncia novo secret\u00e1rio-geral, alinhado ao governo Lula - PR\u00d3SPERI NEWS","isPartOf":{"@id":"https:\/\/blogdoprosperi.com\/#website"},"primaryImageOfPage":{"@id":"https:\/\/blogdoprosperi.com\/?p=41158#primaryimage"},"image":{"@id":"https:\/\/blogdoprosperi.com\/?p=41158#primaryimage"},"thumbnailUrl":"https:\/\/i0.wp.com\/blogdoprosperi.com\/wp-content\/uploads\/2023\/01\/20230116180748_76.jpeg?fit=910%2C607&ssl=1","datePublished":"2023-01-17T00:03:59+00:00","dateModified":"2023-01-17T01:32:33+00:00","breadcrumb":{"@id":"https:\/\/blogdoprosperi.com\/?p=41158#breadcrumb"},"inLanguage":"pt-BR","potentialAction":[{"@type":"ReadAction","target":["https:\/\/blogdoprosperi.com\/?p=41158"]}]},{"@type":"ImageObject","inLanguage":"pt-BR","@id":"https:\/\/blogdoprosperi.com\/?p=41158#primaryimage","url":"https:\/\/i0.wp.com\/blogdoprosperi.com\/wp-content\/uploads\/2023\/01\/20230116180748_76.jpeg?fit=910%2C607&ssl=1","contentUrl":"https:\/\/i0.wp.com\/blogdoprosperi.com\/wp-content\/uploads\/2023\/01\/20230116180748_76.jpeg?fit=910%2C607&ssl=1","width":910,"height":607,"caption":"Alcino, aliado do governo Lula, e Ednaldo Rodrigues - foto: CBF oficial"},{"@type":"BreadcrumbList","@id":"https:\/\/blogdoprosperi.com\/?p=41158#breadcrumb","itemListElement":[{"@type":"ListItem","position":1,"name":"In\u00edcio","item":"https:\/\/blogdoprosperi.com\/"},{"@type":"ListItem","position":2,"name":"CBF anuncia novo secret\u00e1rio-geral, alinhado ao governo Lula"}]},{"@type":"WebSite","@id":"https:\/\/blogdoprosperi.com\/#website","url":"https:\/\/blogdoprosperi.com\/","name":"PR\u00d3SPERI NEWS","description":"TUDO \u00c9  FUTEBOL","publisher":{"@id":"https:\/\/blogdoprosperi.com\/#\/schema\/person\/38100755ce3601861ee4fab9b5aa78e9"},"alternateName":"blogdoprosperi.com","potentialAction":[{"@type":"SearchAction","target":{"@type":"EntryPoint","urlTemplate":"https:\/\/blogdoprosperi.com\/?s={search_term_string}"},"query-input":{"@type":"PropertyValueSpecification","valueRequired":true,"valueName":"search_term_string"}}],"inLanguage":"pt-BR"},{"@type":["Person","Organization"],"@id":"https:\/\/blogdoprosperi.com\/#\/schema\/person\/38100755ce3601861ee4fab9b5aa78e9","name":"Luiz Ant\u00f4nio Pr\u00f3speri","pronouns":"ele","image":{"@type":"ImageObject","inLanguage":"pt-BR","@id":"https:\/\/i0.wp.com\/blogdoprosperi.com\/wp-content\/uploads\/2026\/05\/cropped-8059e613-6002-42fa-961e-8e275f575d71-2-5.jpg?fit=1360%2C931&ssl=1","url":"https:\/\/i0.wp.com\/blogdoprosperi.com\/wp-content\/uploads\/2026\/05\/cropped-8059e613-6002-42fa-961e-8e275f575d71-2-5.jpg?fit=1360%2C931&ssl=1","contentUrl":"https:\/\/i0.wp.com\/blogdoprosperi.com\/wp-content\/uploads\/2026\/05\/cropped-8059e613-6002-42fa-961e-8e275f575d71-2-5.jpg?fit=1360%2C931&ssl=1","width":1360,"height":931,"caption":"Luiz Ant\u00f4nio Pr\u00f3speri"},"logo":{"@id":"https:\/\/i0.wp.com\/blogdoprosperi.com\/wp-content\/uploads\/2026\/05\/cropped-8059e613-6002-42fa-961e-8e275f575d71-2-5.jpg?fit=1360%2C931&ssl=1"},"description":"Jornalista com carreira dedicada ao esporte. Cobriu 9 Copas do Mundo in loco, 1990 na It\u00e1lia, 1994 nos EUA, 1998 na Fran\u00e7a, 2002 na Coreia do Sul e Jap\u00e3o, 2006 na Alemanha, 2010 na \u00c1frica do Sul, 2014 no Brasil, 2018 na R\u00fassia e 2022 no Qatar. Eurocopas, 1992 na Su\u00e9cia e 1996 na Inglaterra. Copa das Confedera\u00e7\u00f5es de 2005 na Alemanha e 2009 na \u00c1frica do Sul. Rep\u00f3rter e Editor, trabalhou no Jornal da Tarde e Estad\u00e3o, de 1984 a fevereiro de 2016. Colunista, blogueiro. E comentarista de futebol na R\u00e1dio Estad\u00e3o, de 2013 a fevereiro de 2016. Jornalista respons\u00e1vel do \"Pr\u00f3speri News\" (blogdoprosperi.com).","sameAs":["http:\/\/blogdoprosperi.com","Luiz Pr\u00f3speri","@luiz_prosperi","https:\/\/x.com\/Luizprosperi","@prosperinacopa","luiz.prosperi@icloud.com"],"url":"https:\/\/blogdoprosperi.com\/?author=102107496"}]}},"jetpack_publicize_connections":[],"jetpack_likes_enabled":false,"jetpack_sharing_enabled":true,"jetpack_shortlink":"https:\/\/wp.me\/p7jvdk-aHQ","jetpack-related-posts":[{"id":45276,"url":"https:\/\/blogdoprosperi.com\/?p=45276","url_meta":{"origin":41158,"position":0},"title":"STF Decide Futuro do Presidente da CBF Ednaldo Rodrigues, Dorival Jr Aguarda Desfecho do Caso","author":"Luiz Ant\u00f4nio Pr\u00f3speri","date":"25 de setembro de 2024","format":false,"excerpt":"Luiz Ant\u00f4nio Pr\u00f3speri \u2013 atualizado 25 setembro (08h15) CBF em transe: futuro do presidente Ednaldo Rodrigues se define hoje no STF. Pendurado no cargo por uma liminar concedida pelo ministro Gilmar Mendes do Supremo Tribunal Federal (STF), Ednaldo ter\u00e1 seu destino decretado no julgamento no STF pela manuten\u00e7\u00e3o ou queda\u2026","rel":"","context":"Em &quot;CBF&quot;","block_context":{"text":"CBF","link":"https:\/\/blogdoprosperi.com\/?cat=570700"},"img":{"alt_text":"CBF vive dias tensos com presidente Ednaldo no STF","src":"https:\/\/i0.wp.com\/blogdoprosperi.com\/wp-content\/uploads\/2024\/09\/53985869792_72d8064917_c.jpg?fit=799%2C534&ssl=1&resize=350%2C200","width":350,"height":200,"srcset":"https:\/\/i0.wp.com\/blogdoprosperi.com\/wp-content\/uploads\/2024\/09\/53985869792_72d8064917_c.jpg?fit=799%2C534&ssl=1&resize=350%2C200 1x, https:\/\/i0.wp.com\/blogdoprosperi.com\/wp-content\/uploads\/2024\/09\/53985869792_72d8064917_c.jpg?fit=799%2C534&ssl=1&resize=525%2C300 1.5x, https:\/\/i0.wp.com\/blogdoprosperi.com\/wp-content\/uploads\/2024\/09\/53985869792_72d8064917_c.jpg?fit=799%2C534&ssl=1&resize=700%2C400 2x"},"classes":[]},{"id":5046,"url":"https:\/\/blogdoprosperi.com\/?p=5046","url_meta":{"origin":41158,"position":1},"title":"Rom\u00e1rio cai na armadilha do PMDB e se enfraquece na luta contra a CBF","author":"Luiz Ant\u00f4nio Pr\u00f3speri","date":"11 de maio de 2016","format":false,"excerpt":"O senador Rom\u00e1rio (PSB-RJ) acaba de se posicionar a favor do impeachment da presidenta Dilma Rousseff. Evidente que o ex-jogador sabe muito bem que o PMDB, do senador Romero Juc\u00e1, relator da CPI do Futebol, vai virar ministro de Michel Temer. Juc\u00e1 \u00e9 aliado do presidente da CBF, Marco Polo\u2026","rel":"","context":"Em &quot;futebol&quot;","block_context":{"text":"futebol","link":"https:\/\/blogdoprosperi.com\/?cat=53870"},"img":{"alt_text":"","src":"https:\/\/i0.wp.com\/blogdoprosperi.com\/wp-content\/uploads\/2016\/05\/26248335184_ea230440fa_z.jpg?resize=350%2C200&ssl=1","width":350,"height":200,"srcset":"https:\/\/i0.wp.com\/blogdoprosperi.com\/wp-content\/uploads\/2016\/05\/26248335184_ea230440fa_z.jpg?resize=350%2C200&ssl=1 1x, https:\/\/i0.wp.com\/blogdoprosperi.com\/wp-content\/uploads\/2016\/05\/26248335184_ea230440fa_z.jpg?resize=525%2C300&ssl=1 1.5x"},"classes":[]},{"id":7864,"url":"https:\/\/blogdoprosperi.com\/?p=7864","url_meta":{"origin":41158,"position":2},"title":"Interven\u00e7\u00e3o do governo paralisa futebol na Argentina, mas n\u00e3o respinga na CBF","author":"Luiz Ant\u00f4nio Pr\u00f3speri","date":"1 de junho de 2016","format":false,"excerpt":"\u00a0 O comando do futebol argentino est\u00e1 em crise e n\u00e3o tem data para acabar. H\u00e1 uma guerra pol\u00edtica com interven\u00e7\u00e3o direta do presidente \u00a0do pa\u00eds, Maur\u00edcio Macri, na Associa\u00e7\u00e3o de Futebol Argentino (AFA), impedindo a realiza\u00e7\u00e3o das elei\u00e7\u00f5es da entidade programadas para 30 de junho. Alegando irregularidades administrativas na\u2026","rel":"","context":"Em &quot;futebol&quot;","block_context":{"text":"futebol","link":"https:\/\/blogdoprosperi.com\/?cat=53870"},"img":{"alt_text":"","src":"https:\/\/i0.wp.com\/blogdoprosperi.com\/wp-content\/uploads\/2016\/06\/o-presidente-da-camara-dos-deputados-eduardo-cunha-pmdb-rj-e-o-presidente-da-cbf-marco-polo-del-nero-durante-reuniao-para-falar-sobre-a-comissao-mista-da-mp-671-que-trata-da-renegociacao.jpg?resize=350%2C200&ssl=1","width":350,"height":200,"srcset":"https:\/\/i0.wp.com\/blogdoprosperi.com\/wp-content\/uploads\/2016\/06\/o-presidente-da-camara-dos-deputados-eduardo-cunha-pmdb-rj-e-o-presidente-da-cbf-marco-polo-del-nero-durante-reuniao-para-falar-sobre-a-comissao-mista-da-mp-671-que-trata-da-renegociacao.jpg?resize=350%2C200&ssl=1 1x, https:\/\/i0.wp.com\/blogdoprosperi.com\/wp-content\/uploads\/2016\/06\/o-presidente-da-camara-dos-deputados-eduardo-cunha-pmdb-rj-e-o-presidente-da-cbf-marco-polo-del-nero-durante-reuniao-para-falar-sobre-a-comissao-mista-da-mp-671-que-trata-da-renegociacao.jpg?resize=525%2C300&ssl=1 1.5x, https:\/\/i0.wp.com\/blogdoprosperi.com\/wp-content\/uploads\/2016\/06\/o-presidente-da-camara-dos-deputados-eduardo-cunha-pmdb-rj-e-o-presidente-da-cbf-marco-polo-del-nero-durante-reuniao-para-falar-sobre-a-comissao-mista-da-mp-671-que-trata-da-renegociacao.jpg?resize=700%2C400&ssl=1 2x"},"classes":[]},{"id":50121,"url":"https:\/\/blogdoprosperi.com\/?p=50121","url_meta":{"origin":41158,"position":3},"title":"Entenda Crise na CBF | Todos Homens da Batalha no Judici\u00e1rio","author":"Luiz Ant\u00f4nio Pr\u00f3speri","date":"16 de maio de 2025","format":false,"excerpt":"\u2666 Ednaldo Rodrigues est\u00e1 fora da presid\u00eancia da CBF por ordem da Justi\u00e7a do Rio e aliados. E recorre ao STF. Deflagrada batalha dos cl\u00e3s do judici\u00e1rio. \u2666 Interventor Fernando Sarney est\u00e1 na CBF desde 1998 pelas m\u00e3os do presidente Ricardo Teixeira. Sarney convoca novas elei\u00e7\u00f5es para dia 25 de\u2026","rel":"","context":"Em &quot;CBF&quot;","block_context":{"text":"CBF","link":"https:\/\/blogdoprosperi.com\/?cat=570700"},"img":{"alt_text":"","src":"https:\/\/i0.wp.com\/blogdoprosperi.com\/wp-content\/uploads\/2024\/03\/cbf_futebol_copa_brasil.jpg?fit=800%2C503&ssl=1&resize=350%2C200","width":350,"height":200,"srcset":"https:\/\/i0.wp.com\/blogdoprosperi.com\/wp-content\/uploads\/2024\/03\/cbf_futebol_copa_brasil.jpg?fit=800%2C503&ssl=1&resize=350%2C200 1x, https:\/\/i0.wp.com\/blogdoprosperi.com\/wp-content\/uploads\/2024\/03\/cbf_futebol_copa_brasil.jpg?fit=800%2C503&ssl=1&resize=525%2C300 1.5x, https:\/\/i0.wp.com\/blogdoprosperi.com\/wp-content\/uploads\/2024\/03\/cbf_futebol_copa_brasil.jpg?fit=800%2C503&ssl=1&resize=700%2C400 2x"},"classes":[]},{"id":30562,"url":"https:\/\/blogdoprosperi.com\/?p=30562","url_meta":{"origin":41158,"position":4},"title":"Itaquer\u00e3o corre risco de ser interditado. Conhe\u00e7a a hist\u00f3ria da Arena Corinthians","author":"Luiz Ant\u00f4nio Pr\u00f3speri","date":"1 de novembro de 2016","format":false,"excerpt":"Itaquer\u00e3o pode ser interditado por causa de um vazamento de 10,1 milh\u00f5es de litros de \u00e1gua na \u00e1rea de parte do estacionamento da arena do Corinthians. Roberto Andrade, presidente do clube, disse nesta ter\u00e7a-feira que \"caso exista qualquer percentual de risco, n\u00f3s n\u00e3o usaremos o est\u00e1dio. Isso quem vai atestar\u2026","rel":"","context":"Em &quot;futebol&quot;","block_context":{"text":"futebol","link":"https:\/\/blogdoprosperi.com\/?cat=53870"},"img":{"alt_text":"","src":"https:\/\/i0.wp.com\/blogdoprosperi.com\/wp-content\/uploads\/2016\/11\/pres210710.jpg?resize=350%2C200&ssl=1","width":350,"height":200,"srcset":"https:\/\/i0.wp.com\/blogdoprosperi.com\/wp-content\/uploads\/2016\/11\/pres210710.jpg?resize=350%2C200&ssl=1 1x, https:\/\/i0.wp.com\/blogdoprosperi.com\/wp-content\/uploads\/2016\/11\/pres210710.jpg?resize=525%2C300&ssl=1 1.5x, https:\/\/i0.wp.com\/blogdoprosperi.com\/wp-content\/uploads\/2016\/11\/pres210710.jpg?resize=700%2C400&ssl=1 2x"},"classes":[]},{"id":30141,"url":"https:\/\/blogdoprosperi.com\/?p=30141","url_meta":{"origin":41158,"position":5},"title":"Podres poderes do futebol brasileiro","author":"Luiz Ant\u00f4nio Pr\u00f3speri","date":"28 de outubro de 2016","format":false,"excerpt":"Presidentes de clubes cobram a CBF apenas em dois casos. Primeiro, quando v\u00e3o dividir a grana e, segundo, ao se sentirem prejudicados por erros de arbitragem. De resto, alisam as mangas do palet\u00f3 do presidente para tirar um fiapinho de sujeira e, depois, um beijo na face para selar um\u2026","rel":"","context":"Em &quot;Campeonato Brasileiro&quot;","block_context":{"text":"Campeonato Brasileiro","link":"https:\/\/blogdoprosperi.com\/?cat=355071"},"img":{"alt_text":"","src":"https:\/\/i0.wp.com\/blogdoprosperi.com\/wp-content\/uploads\/2016\/10\/e6c161_dd3a09aaf02d4d9aa5a87c53f3f92fb2.jpg?resize=350%2C200&ssl=1","width":350,"height":200,"srcset":"https:\/\/i0.wp.com\/blogdoprosperi.com\/wp-content\/uploads\/2016\/10\/e6c161_dd3a09aaf02d4d9aa5a87c53f3f92fb2.jpg?resize=350%2C200&ssl=1 1x, https:\/\/i0.wp.com\/blogdoprosperi.com\/wp-content\/uploads\/2016\/10\/e6c161_dd3a09aaf02d4d9aa5a87c53f3f92fb2.jpg?resize=525%2C300&ssl=1 1.5x"},"classes":[]}],"jetpack_featured_media_url":"https:\/\/i0.wp.com\/blogdoprosperi.com\/wp-content\/uploads\/2023\/01\/20230116180748_76.jpeg?fit=910%2C607&ssl=1","_links":{"self":[{"href":"https:\/\/blogdoprosperi.com\/index.php?rest_route=\/wp\/v2\/posts\/41158","targetHints":{"allow":["GET"]}}],"collection":[{"href":"https:\/\/blogdoprosperi.com\/index.php?rest_route=\/wp\/v2\/posts"}],"about":[{"href":"https:\/\/blogdoprosperi.com\/index.php?rest_route=\/wp\/v2\/types\/post"}],"author":[{"embeddable":true,"href":"https:\/\/blogdoprosperi.com\/index.php?rest_route=\/wp\/v2\/users\/102107496"}],"replies":[{"embeddable":true,"href":"https:\/\/blogdoprosperi.com\/index.php?rest_route=%2Fwp%2Fv2%2Fcomments&post=41158"}],"version-history":[{"count":14,"href":"https:\/\/blogdoprosperi.com\/index.php?rest_route=\/wp\/v2\/posts\/41158\/revisions"}],"predecessor-version":[{"id":41174,"href":"https:\/\/blogdoprosperi.com\/index.php?rest_route=\/wp\/v2\/posts\/41158\/revisions\/41174"}],"wp:featuredmedia":[{"embeddable":true,"href":"https:\/\/blogdoprosperi.com\/index.php?rest_route=\/wp\/v2\/media\/41170"}],"wp:attachment":[{"href":"https:\/\/blogdoprosperi.com\/index.php?rest_route=%2Fwp%2Fv2%2Fmedia&parent=41158"}],"wp:term":[{"taxonomy":"category","embeddable":true,"href":"https:\/\/blogdoprosperi.com\/index.php?rest_route=%2Fwp%2Fv2%2Fcategories&post=41158"},{"taxonomy":"post_tag","embeddable":true,"href":"https:\/\/blogdoprosperi.com\/index.php?rest_route=%2Fwp%2Fv2%2Ftags&post=41158"}],"curies":[{"name":"wp","href":"https:\/\/api.w.org\/{rel}","templated":true}]}}