{"id":41176,"date":"2023-01-16T22:30:31","date_gmt":"2023-01-17T01:30:31","guid":{"rendered":"https:\/\/blogdoprosperi.com\/?p=41176"},"modified":"2023-01-17T22:15:04","modified_gmt":"2023-01-18T01:15:04","slug":"dinheiro-o-nome-da-crise-no-palmeiras","status":"publish","type":"post","link":"https:\/\/blogdoprosperi.com\/?p=41176","title":{"rendered":"Dinheiro sobrando, o nome da crise no Palmeiras"},"content":{"rendered":"<p>Palmeiras vende Endrick ao Real Madrid por R$ 400 milh\u00f5es. Fatura mais R$ 110 milh\u00f5es negociando Danilo ao Nottingham Forest. E R$ 16,5 milh\u00f5es dos 50% dos direitos de Wesley ao Cruzeiro. Um caixa de pouco mais de R$ 525 milh\u00f5es. Evidente que toda essa grana n\u00e3o vai entrar direto nos cofres do clube em fevereiro pr\u00f3ximo. O dinheiro vem parcelado at\u00e9 por dois a tr\u00eas anos, mas ao fim dos pagamentos o destino \u00e9 um s\u00f3: o Palmeiras.<\/p>\n<p>Dinheirama que chama aten\u00e7\u00e3o dos clubes concorrentes e irrita o torcedor palmeirense.<\/p>\n<p>Nas contas da torcida, sobra recurso financeiro a se investir em contrata\u00e7\u00f5es de jogadores importantes \u2013 refor\u00e7os ao time do <span style=\"color: #0000ff\"><strong><a style=\"color: #0000ff\" href=\"https:\/\/blogdoprosperi.com\/2022\/12\/26\/selecao-brasileira-zidane-nao-abel-sim\/\">portugu\u00eas Abel Ferreira<\/a><\/strong><\/span>, que tamb\u00e9m cobra a presidente Leila Pereira.<\/p>\n<p>Abel quer gente grande nas vagas de Danilo, Gustavo Scarpa (saiu de gra\u00e7a ao fim do contrato se transferindo ao Nottingham) e Wesley.<\/p>\n<p>Leila admite as car\u00eancias e pedidos do treinador. Mas n\u00e3o concorda com manifesta\u00e7\u00f5es de torcedores e de fac\u00e7\u00f5es organizadas.<\/p>\n<p>Mancha Verde, <span style=\"color: #0000ff\"><strong><a style=\"color: #0000ff\" href=\"https:\/\/blogdoprosperi.com\/2022\/09\/28\/faz-parte-da-guerra-bater-e-apanhar-tambem-diz-lider-da-mancha-verde\/\">a mais poderosa torcida organizada do Palmeiras<\/a> <\/strong><\/span>e financiada no Carnaval pela pr\u00f3pria Leila Pereira com patroc\u00ednio da Crefisa, j\u00e1 lan\u00e7a manifesto batendo duro na presidenta. Fim da tr\u00e9gua.<\/p>\n<p>&#8220;Crefisa d\u00e1 Cr\u00e9dito, a Torcida, N\u00e3o!&#8221;, diz o manifesto da Mancha divulgado nesse fim de semana.<\/p>\n<p>Leila responde a seu estilo e com sotaque carioca:<\/p>\n<p>&#8220;Eu queria tranquilizar nosso torcedor, que ter\u00e1 boas not\u00edcias em breve. Temos muitas conversas, avan\u00e7adas, sem d\u00favidas. N\u00e3o quero criar expectativas, fazemos o melhor para o Palmeiras, sem criar expectativas, eu <strong>n\u00e3o sou uma presidente que vai contratar quantidade, futebol \u00e9 car\u00edssimo.<\/strong> Hoje em dia, as aquisi\u00e7\u00f5es s\u00e3o milh\u00f5es de euros ou d\u00f3lares, no passado o investimento n\u00e3o era t\u00e3o grande. Precisamos ser assertivos.&#8221;<\/p>\n<p>Da mesma forma como a presidenta Leila diz que o futebol \u00e9 car\u00edssimo na hora de contratar refor\u00e7os, se pode dizer tamb\u00e9m que \u00e9 car\u00edssimo na hora de vender seus jogadores \u2013 ali\u00e1s a maioria deles formada nas categoria de base do clube.<\/p>\n<p>S\u00e3o cerca de <span style=\"color: #0000ff\"><strong>R$ 525 milh\u00f5es em vendas<\/strong><\/span>. Dinheiro invejado por grande parte de clubes brasileiros e at\u00e9 de vizinhos da Am\u00e9rica do Sul.<\/p>\n<p>A crise do Palmeiras nesse momento \u00e9 o avesso das crises de seus principais concorrentes, sempre de pires nas m\u00e3os em busca de dinheiro.<\/p>\n<p>&#8220;Cad\u00ea as contrata\u00e7\u00f5es?&#8221; , diz a faixa aberta no est\u00e1dio do Rio Preto durante o jogo Palmeiras x Mirassol nas oitavas de final da Copinha nessa segunda-feira (16\/1).<\/p>\n<p>O embate entre torcedores mais fan\u00e1ticos e a presidente promete se estender at\u00e9 o dia em que o primeiro refor\u00e7o do time pisar na Academia de Futebol. E tem de ser jogador de lastro, patente Sele\u00e7\u00e3o Brasileira. Se avista uma intensa troca de roj\u00f5es.<\/p>\n<p><em><strong>Confira manifesto da Mancha Verde:<\/strong><\/em><\/p>\n<div class=\"embed-twitter\">\n<blockquote class=\"twitter-tweet\" data-width=\"550\" data-dnt=\"true\">\n<p lang=\"pt\" dir=\"ltr\">\ud83d\udfe2\u26aa\ufe0f | Mancha Verde postou essa nota <a href=\"https:\/\/t.co\/gmFk1GD0jb\">pic.twitter.com\/gmFk1GD0jb<\/a><\/p>\n<p>&mdash; Central do Palmeiras (@CentralDaSEP) <a href=\"https:\/\/twitter.com\/CentralDaSEP\/status\/1615001472927670275?ref_src=twsrc%5Etfw\">January 16, 2023<\/a><\/p><\/blockquote>\n<p><script async src=\"https:\/\/platform.twitter.com\/widgets.js\" charset=\"utf-8\"><\/script><\/div>\n<hr>\n<p><em><strong>S\u00e3o Paulo, 16 janeiro 2023. Por Luiz Ant\u00f4nio Pr\u00f3speri<\/strong><\/em><\/p>\n","protected":false},"excerpt":{"rendered":"<p>A crise do Palmeiras nesse momento \u00e9 o avesso das crises de seus principais concorrentes, sempre de pires nas m\u00e3os em busca de dinheiro. Presidente Leila Pereira promete contratar.<\/p>\n","protected":false},"author":102107496,"featured_media":41192,"comment_status":"open","ping_status":"open","sticky":false,"template":"","format":"standard","meta":{"_coblocks_attr":"","_coblocks_dimensions":"","_coblocks_responsive_height":"","_coblocks_accordion_ie_support":"","_jetpack_newsletter_access":"","_jetpack_dont_email_post_to_subs":false,"_jetpack_newsletter_tier_id":0,"_jetpack_memberships_contains_paywalled_content":false,"_wpcom_ai_launchpad_first_post":false,"_jetpack_feature_clip_id":0,"_jetpack_memberships_contains_paid_content":false,"footnotes":"","jetpack_publicize_message":"","jetpack_publicize_feature_enabled":true,"jetpack_social_post_already_shared":false,"jetpack_social_options":{"image_generator_settings":{"template":"highway","default_image_id":0,"font":"","enabled":false},"version":2},"jetpack_post_was_ever_published":false},"categories":[47094043,53870,758801836,29811679],"tags":[4200771,758943969,25607665,789560560,250290398,57784134,2919202,287104,29178103],"class_list":["post-41176","post","type-post","status-publish","format-standard","has-post-thumbnail","hentry","category-catar-2022","category-futebol","category-futebol-2023","category-qatar-2022","tag-abel-ferreira","tag-danilo-nottingham","tag-endrick","tag-futebol","tag-gustavo-scarpa","tag-leila-pereira","tag-mancha-verde","tag-palmeiras","tag-reforcos-palmeiras"],"yoast_head":"<!-- This site is optimized with the Yoast SEO plugin v28.3 - https:\/\/yoast.com\/product\/yoast-seo-wordpress\/ -->\n<title>Dinheiro sobrando, o nome da crise no Palmeiras - PR\u00d3SPERI NEWS<\/title>\n<meta name=\"robots\" content=\"index, follow, max-snippet:-1, max-image-preview:large, max-video-preview:-1\" \/>\n<link rel=\"canonical\" href=\"https:\/\/blogdoprosperi.com\/?p=41176\" \/>\n<meta property=\"og:locale\" content=\"pt_BR\" \/>\n<meta property=\"og:type\" content=\"article\" \/>\n<meta property=\"og:title\" content=\"Dinheiro sobrando, o nome da crise no Palmeiras - PR\u00d3SPERI NEWS\" \/>\n<meta property=\"og:description\" content=\"A crise do Palmeiras nesse momento \u00e9 o avesso das crises de seus principais concorrentes, sempre de pires nas m\u00e3os em busca de dinheiro. Presidente Leila Pereira promete contratar.\" \/>\n<meta property=\"og:url\" content=\"https:\/\/blogdoprosperi.com\/?p=41176\" \/>\n<meta property=\"og:site_name\" content=\"PR\u00d3SPERI NEWS\" \/>\n<meta property=\"article:publisher\" content=\"Luiz Pr\u00f3speri\" \/>\n<meta property=\"article:author\" content=\"Luiz Pr\u00f3speri\" \/>\n<meta property=\"article:published_time\" content=\"2023-01-17T01:30:31+00:00\" \/>\n<meta property=\"article:modified_time\" content=\"2023-01-18T01:15:04+00:00\" \/>\n<meta property=\"og:image\" content=\"https:\/\/i0.wp.com\/blogdoprosperi.com\/wp-content\/uploads\/2023\/01\/52499028142_4b0d1c3e97_h.webp?fit=1280%2C720&ssl=1\" \/>\n\t<meta property=\"og:image:width\" content=\"1280\" \/>\n\t<meta property=\"og:image:height\" content=\"720\" \/>\n\t<meta property=\"og:image:type\" content=\"image\/webp\" \/>\n<meta name=\"author\" content=\"Luiz Ant\u00f4nio Pr\u00f3speri\" \/>\n<meta name=\"twitter:card\" content=\"summary_large_image\" \/>\n<meta name=\"twitter:creator\" content=\"@Luizprosperi\" \/>\n<meta name=\"twitter:site\" content=\"@Luizprosperi\" \/>\n<meta name=\"twitter:label1\" content=\"Escrito por\" \/>\n\t<meta name=\"twitter:data1\" content=\"Luiz Ant\u00f4nio Pr\u00f3speri\" \/>\n\t<meta name=\"twitter:label2\" content=\"Est. tempo de leitura\" \/>\n\t<meta name=\"twitter:data2\" content=\"3 minutos\" \/>\n<script type=\"application\/ld+json\" class=\"yoast-schema-graph\">{\"@context\":\"https:\\\/\\\/schema.org\",\"@graph\":[{\"@type\":\"Article\",\"@id\":\"https:\\\/\\\/blogdoprosperi.com\\\/?p=41176#article\",\"isPartOf\":{\"@id\":\"https:\\\/\\\/blogdoprosperi.com\\\/?p=41176\"},\"author\":{\"name\":\"Luiz Ant\u00f4nio Pr\u00f3speri\",\"@id\":\"https:\\\/\\\/blogdoprosperi.com\\\/#\\\/schema\\\/person\\\/38100755ce3601861ee4fab9b5aa78e9\"},\"headline\":\"Dinheiro sobrando, o nome da crise no Palmeiras\",\"datePublished\":\"2023-01-17T01:30:31+00:00\",\"dateModified\":\"2023-01-18T01:15:04+00:00\",\"mainEntityOfPage\":{\"@id\":\"https:\\\/\\\/blogdoprosperi.com\\\/?p=41176\"},\"wordCount\":516,\"commentCount\":3,\"publisher\":{\"@id\":\"https:\\\/\\\/blogdoprosperi.com\\\/#\\\/schema\\\/person\\\/38100755ce3601861ee4fab9b5aa78e9\"},\"image\":{\"@id\":\"https:\\\/\\\/blogdoprosperi.com\\\/?p=41176#primaryimage\"},\"thumbnailUrl\":\"https:\\\/\\\/i0.wp.com\\\/blogdoprosperi.com\\\/wp-content\\\/uploads\\\/2023\\\/01\\\/52499028142_4b0d1c3e97_h.webp?fit=1280%2C720&ssl=1\",\"keywords\":[\"abel ferreira\",\"Danilo Nottingham\",\"endrick\",\"futebol\",\"Gustavo Scarpa\",\"Leila Pereira\",\"mancha verde\",\"Palmeiras\",\"refor\u00e7os palmeiras\"],\"articleSection\":[\"catar 2022\",\"futebol\",\"futebol 2023\",\"qatar 2022\"],\"inLanguage\":\"pt-BR\",\"potentialAction\":[{\"@type\":\"CommentAction\",\"name\":\"Comment\",\"target\":[\"https:\\\/\\\/blogdoprosperi.com\\\/?p=41176#respond\"]}]},{\"@type\":\"WebPage\",\"@id\":\"https:\\\/\\\/blogdoprosperi.com\\\/?p=41176\",\"url\":\"https:\\\/\\\/blogdoprosperi.com\\\/?p=41176\",\"name\":\"Dinheiro sobrando, o nome da crise no Palmeiras - PR\u00d3SPERI NEWS\",\"isPartOf\":{\"@id\":\"https:\\\/\\\/blogdoprosperi.com\\\/#website\"},\"primaryImageOfPage\":{\"@id\":\"https:\\\/\\\/blogdoprosperi.com\\\/?p=41176#primaryimage\"},\"image\":{\"@id\":\"https:\\\/\\\/blogdoprosperi.com\\\/?p=41176#primaryimage\"},\"thumbnailUrl\":\"https:\\\/\\\/i0.wp.com\\\/blogdoprosperi.com\\\/wp-content\\\/uploads\\\/2023\\\/01\\\/52499028142_4b0d1c3e97_h.webp?fit=1280%2C720&ssl=1\",\"datePublished\":\"2023-01-17T01:30:31+00:00\",\"dateModified\":\"2023-01-18T01:15:04+00:00\",\"breadcrumb\":{\"@id\":\"https:\\\/\\\/blogdoprosperi.com\\\/?p=41176#breadcrumb\"},\"inLanguage\":\"pt-BR\",\"potentialAction\":[{\"@type\":\"ReadAction\",\"target\":[\"https:\\\/\\\/blogdoprosperi.com\\\/?p=41176\"]}]},{\"@type\":\"ImageObject\",\"inLanguage\":\"pt-BR\",\"@id\":\"https:\\\/\\\/blogdoprosperi.com\\\/?p=41176#primaryimage\",\"url\":\"https:\\\/\\\/i0.wp.com\\\/blogdoprosperi.com\\\/wp-content\\\/uploads\\\/2023\\\/01\\\/52499028142_4b0d1c3e97_h.webp?fit=1280%2C720&ssl=1\",\"contentUrl\":\"https:\\\/\\\/i0.wp.com\\\/blogdoprosperi.com\\\/wp-content\\\/uploads\\\/2023\\\/01\\\/52499028142_4b0d1c3e97_h.webp?fit=1280%2C720&ssl=1\",\"width\":1280,\"height\":720,\"caption\":\"Leila n\u00e3o promete refor\u00e7os de peso \u2013 foto: Ag Palmeiras oficial\"},{\"@type\":\"BreadcrumbList\",\"@id\":\"https:\\\/\\\/blogdoprosperi.com\\\/?p=41176#breadcrumb\",\"itemListElement\":[{\"@type\":\"ListItem\",\"position\":1,\"name\":\"In\u00edcio\",\"item\":\"https:\\\/\\\/blogdoprosperi.com\\\/\"},{\"@type\":\"ListItem\",\"position\":2,\"name\":\"Dinheiro sobrando, o nome da crise no Palmeiras\"}]},{\"@type\":\"WebSite\",\"@id\":\"https:\\\/\\\/blogdoprosperi.com\\\/#website\",\"url\":\"https:\\\/\\\/blogdoprosperi.com\\\/\",\"name\":\"PR\u00d3SPERI NEWS\",\"description\":\"TUDO \u00c9  FUTEBOL\",\"publisher\":{\"@id\":\"https:\\\/\\\/blogdoprosperi.com\\\/#\\\/schema\\\/person\\\/38100755ce3601861ee4fab9b5aa78e9\"},\"alternateName\":\"blogdoprosperi.com\",\"potentialAction\":[{\"@type\":\"SearchAction\",\"target\":{\"@type\":\"EntryPoint\",\"urlTemplate\":\"https:\\\/\\\/blogdoprosperi.com\\\/?s={search_term_string}\"},\"query-input\":{\"@type\":\"PropertyValueSpecification\",\"valueRequired\":true,\"valueName\":\"search_term_string\"}}],\"inLanguage\":\"pt-BR\"},{\"@type\":[\"Person\",\"Organization\"],\"@id\":\"https:\\\/\\\/blogdoprosperi.com\\\/#\\\/schema\\\/person\\\/38100755ce3601861ee4fab9b5aa78e9\",\"name\":\"Luiz Ant\u00f4nio Pr\u00f3speri\",\"pronouns\":\"ele\",\"image\":{\"@type\":\"ImageObject\",\"inLanguage\":\"pt-BR\",\"@id\":\"https:\\\/\\\/i0.wp.com\\\/blogdoprosperi.com\\\/wp-content\\\/uploads\\\/2026\\\/05\\\/cropped-8059e613-6002-42fa-961e-8e275f575d71-2-5.jpg?fit=1360%2C931&ssl=1\",\"url\":\"https:\\\/\\\/i0.wp.com\\\/blogdoprosperi.com\\\/wp-content\\\/uploads\\\/2026\\\/05\\\/cropped-8059e613-6002-42fa-961e-8e275f575d71-2-5.jpg?fit=1360%2C931&ssl=1\",\"contentUrl\":\"https:\\\/\\\/i0.wp.com\\\/blogdoprosperi.com\\\/wp-content\\\/uploads\\\/2026\\\/05\\\/cropped-8059e613-6002-42fa-961e-8e275f575d71-2-5.jpg?fit=1360%2C931&ssl=1\",\"width\":1360,\"height\":931,\"caption\":\"Luiz Ant\u00f4nio Pr\u00f3speri\"},\"logo\":{\"@id\":\"https:\\\/\\\/i0.wp.com\\\/blogdoprosperi.com\\\/wp-content\\\/uploads\\\/2026\\\/05\\\/cropped-8059e613-6002-42fa-961e-8e275f575d71-2-5.jpg?fit=1360%2C931&ssl=1\"},\"description\":\"Jornalista com carreira dedicada ao esporte. Cobriu 9 Copas do Mundo in loco, 1990 na It\u00e1lia, 1994 nos EUA, 1998 na Fran\u00e7a, 2002 na Coreia do Sul e Jap\u00e3o, 2006 na Alemanha, 2010 na \u00c1frica do Sul, 2014 no Brasil, 2018 na R\u00fassia e 2022 no Qatar. Eurocopas, 1992 na Su\u00e9cia e 1996 na Inglaterra. Copa das Confedera\u00e7\u00f5es de 2005 na Alemanha e 2009 na \u00c1frica do Sul. Rep\u00f3rter e Editor, trabalhou no Jornal da Tarde e Estad\u00e3o, de 1984 a fevereiro de 2016. Colunista, blogueiro. E comentarista de futebol na R\u00e1dio Estad\u00e3o, de 2013 a fevereiro de 2016. Jornalista respons\u00e1vel do \\\"Pr\u00f3speri News\\\" (blogdoprosperi.com).\",\"sameAs\":[\"http:\\\/\\\/blogdoprosperi.com\",\"Luiz Pr\u00f3speri\",\"@luiz_prosperi\",\"https:\\\/\\\/x.com\\\/Luizprosperi\",\"@prosperinacopa\",\"luiz.prosperi@icloud.com\"],\"url\":\"https:\\\/\\\/blogdoprosperi.com\\\/?author=102107496\"}]}<\/script>\n<!-- \/ Yoast SEO plugin. -->","yoast_head_json":{"title":"Dinheiro sobrando, o nome da crise no Palmeiras - PR\u00d3SPERI NEWS","robots":{"index":"index","follow":"follow","max-snippet":"max-snippet:-1","max-image-preview":"max-image-preview:large","max-video-preview":"max-video-preview:-1"},"canonical":"https:\/\/blogdoprosperi.com\/?p=41176","og_locale":"pt_BR","og_type":"article","og_title":"Dinheiro sobrando, o nome da crise no Palmeiras - PR\u00d3SPERI NEWS","og_description":"A crise do Palmeiras nesse momento \u00e9 o avesso das crises de seus principais concorrentes, sempre de pires nas m\u00e3os em busca de dinheiro. Presidente Leila Pereira promete contratar.","og_url":"https:\/\/blogdoprosperi.com\/?p=41176","og_site_name":"PR\u00d3SPERI NEWS","article_publisher":"Luiz Pr\u00f3speri","article_author":"Luiz Pr\u00f3speri","article_published_time":"2023-01-17T01:30:31+00:00","article_modified_time":"2023-01-18T01:15:04+00:00","og_image":[{"width":1280,"height":720,"url":"https:\/\/i0.wp.com\/blogdoprosperi.com\/wp-content\/uploads\/2023\/01\/52499028142_4b0d1c3e97_h.webp?fit=1280%2C720&ssl=1","type":"image\/webp"}],"author":"Luiz Ant\u00f4nio Pr\u00f3speri","twitter_card":"summary_large_image","twitter_creator":"@Luizprosperi","twitter_site":"@Luizprosperi","twitter_misc":{"Escrito por":"Luiz Ant\u00f4nio Pr\u00f3speri","Est. tempo de leitura":"3 minutos"},"schema":{"@context":"https:\/\/schema.org","@graph":[{"@type":"Article","@id":"https:\/\/blogdoprosperi.com\/?p=41176#article","isPartOf":{"@id":"https:\/\/blogdoprosperi.com\/?p=41176"},"author":{"name":"Luiz Ant\u00f4nio Pr\u00f3speri","@id":"https:\/\/blogdoprosperi.com\/#\/schema\/person\/38100755ce3601861ee4fab9b5aa78e9"},"headline":"Dinheiro sobrando, o nome da crise no Palmeiras","datePublished":"2023-01-17T01:30:31+00:00","dateModified":"2023-01-18T01:15:04+00:00","mainEntityOfPage":{"@id":"https:\/\/blogdoprosperi.com\/?p=41176"},"wordCount":516,"commentCount":3,"publisher":{"@id":"https:\/\/blogdoprosperi.com\/#\/schema\/person\/38100755ce3601861ee4fab9b5aa78e9"},"image":{"@id":"https:\/\/blogdoprosperi.com\/?p=41176#primaryimage"},"thumbnailUrl":"https:\/\/i0.wp.com\/blogdoprosperi.com\/wp-content\/uploads\/2023\/01\/52499028142_4b0d1c3e97_h.webp?fit=1280%2C720&ssl=1","keywords":["abel ferreira","Danilo Nottingham","endrick","futebol","Gustavo Scarpa","Leila Pereira","mancha verde","Palmeiras","refor\u00e7os palmeiras"],"articleSection":["catar 2022","futebol","futebol 2023","qatar 2022"],"inLanguage":"pt-BR","potentialAction":[{"@type":"CommentAction","name":"Comment","target":["https:\/\/blogdoprosperi.com\/?p=41176#respond"]}]},{"@type":"WebPage","@id":"https:\/\/blogdoprosperi.com\/?p=41176","url":"https:\/\/blogdoprosperi.com\/?p=41176","name":"Dinheiro sobrando, o nome da crise no Palmeiras - PR\u00d3SPERI NEWS","isPartOf":{"@id":"https:\/\/blogdoprosperi.com\/#website"},"primaryImageOfPage":{"@id":"https:\/\/blogdoprosperi.com\/?p=41176#primaryimage"},"image":{"@id":"https:\/\/blogdoprosperi.com\/?p=41176#primaryimage"},"thumbnailUrl":"https:\/\/i0.wp.com\/blogdoprosperi.com\/wp-content\/uploads\/2023\/01\/52499028142_4b0d1c3e97_h.webp?fit=1280%2C720&ssl=1","datePublished":"2023-01-17T01:30:31+00:00","dateModified":"2023-01-18T01:15:04+00:00","breadcrumb":{"@id":"https:\/\/blogdoprosperi.com\/?p=41176#breadcrumb"},"inLanguage":"pt-BR","potentialAction":[{"@type":"ReadAction","target":["https:\/\/blogdoprosperi.com\/?p=41176"]}]},{"@type":"ImageObject","inLanguage":"pt-BR","@id":"https:\/\/blogdoprosperi.com\/?p=41176#primaryimage","url":"https:\/\/i0.wp.com\/blogdoprosperi.com\/wp-content\/uploads\/2023\/01\/52499028142_4b0d1c3e97_h.webp?fit=1280%2C720&ssl=1","contentUrl":"https:\/\/i0.wp.com\/blogdoprosperi.com\/wp-content\/uploads\/2023\/01\/52499028142_4b0d1c3e97_h.webp?fit=1280%2C720&ssl=1","width":1280,"height":720,"caption":"Leila n\u00e3o promete refor\u00e7os de peso \u2013 foto: Ag Palmeiras oficial"},{"@type":"BreadcrumbList","@id":"https:\/\/blogdoprosperi.com\/?p=41176#breadcrumb","itemListElement":[{"@type":"ListItem","position":1,"name":"In\u00edcio","item":"https:\/\/blogdoprosperi.com\/"},{"@type":"ListItem","position":2,"name":"Dinheiro sobrando, o nome da crise no Palmeiras"}]},{"@type":"WebSite","@id":"https:\/\/blogdoprosperi.com\/#website","url":"https:\/\/blogdoprosperi.com\/","name":"PR\u00d3SPERI NEWS","description":"TUDO \u00c9  FUTEBOL","publisher":{"@id":"https:\/\/blogdoprosperi.com\/#\/schema\/person\/38100755ce3601861ee4fab9b5aa78e9"},"alternateName":"blogdoprosperi.com","potentialAction":[{"@type":"SearchAction","target":{"@type":"EntryPoint","urlTemplate":"https:\/\/blogdoprosperi.com\/?s={search_term_string}"},"query-input":{"@type":"PropertyValueSpecification","valueRequired":true,"valueName":"search_term_string"}}],"inLanguage":"pt-BR"},{"@type":["Person","Organization"],"@id":"https:\/\/blogdoprosperi.com\/#\/schema\/person\/38100755ce3601861ee4fab9b5aa78e9","name":"Luiz Ant\u00f4nio Pr\u00f3speri","pronouns":"ele","image":{"@type":"ImageObject","inLanguage":"pt-BR","@id":"https:\/\/i0.wp.com\/blogdoprosperi.com\/wp-content\/uploads\/2026\/05\/cropped-8059e613-6002-42fa-961e-8e275f575d71-2-5.jpg?fit=1360%2C931&ssl=1","url":"https:\/\/i0.wp.com\/blogdoprosperi.com\/wp-content\/uploads\/2026\/05\/cropped-8059e613-6002-42fa-961e-8e275f575d71-2-5.jpg?fit=1360%2C931&ssl=1","contentUrl":"https:\/\/i0.wp.com\/blogdoprosperi.com\/wp-content\/uploads\/2026\/05\/cropped-8059e613-6002-42fa-961e-8e275f575d71-2-5.jpg?fit=1360%2C931&ssl=1","width":1360,"height":931,"caption":"Luiz Ant\u00f4nio Pr\u00f3speri"},"logo":{"@id":"https:\/\/i0.wp.com\/blogdoprosperi.com\/wp-content\/uploads\/2026\/05\/cropped-8059e613-6002-42fa-961e-8e275f575d71-2-5.jpg?fit=1360%2C931&ssl=1"},"description":"Jornalista com carreira dedicada ao esporte. Cobriu 9 Copas do Mundo in loco, 1990 na It\u00e1lia, 1994 nos EUA, 1998 na Fran\u00e7a, 2002 na Coreia do Sul e Jap\u00e3o, 2006 na Alemanha, 2010 na \u00c1frica do Sul, 2014 no Brasil, 2018 na R\u00fassia e 2022 no Qatar. Eurocopas, 1992 na Su\u00e9cia e 1996 na Inglaterra. Copa das Confedera\u00e7\u00f5es de 2005 na Alemanha e 2009 na \u00c1frica do Sul. Rep\u00f3rter e Editor, trabalhou no Jornal da Tarde e Estad\u00e3o, de 1984 a fevereiro de 2016. Colunista, blogueiro. E comentarista de futebol na R\u00e1dio Estad\u00e3o, de 2013 a fevereiro de 2016. Jornalista respons\u00e1vel do \"Pr\u00f3speri News\" (blogdoprosperi.com).","sameAs":["http:\/\/blogdoprosperi.com","Luiz Pr\u00f3speri","@luiz_prosperi","https:\/\/x.com\/Luizprosperi","@prosperinacopa","luiz.prosperi@icloud.com"],"url":"https:\/\/blogdoprosperi.com\/?author=102107496"}]}},"jetpack_publicize_connections":[],"jetpack_likes_enabled":false,"jetpack_sharing_enabled":true,"jetpack_shortlink":"https:\/\/wp.me\/p7jvdk-aI8","jetpack-related-posts":[{"id":41659,"url":"https:\/\/blogdoprosperi.com\/?p=41659","url_meta":{"origin":41176,"position":0},"title":"Endrick e Estev\u00e3o rendem R$ 700 milh\u00f5es ao Palmeiras","author":"Luiz Ant\u00f4nio Pr\u00f3speri","date":"24 de abril de 2023","format":false,"excerpt":"PSG, de Neymar, Mbapp\u00e9 e Messi, ofereceu R$ 323 milh\u00f5es por Endrick e R$ 195 milh\u00f5es por Estev\u00e3o, dois garotos de 16 anos das crias do Palmeiras, informa jornalista italiano","rel":"","context":"Em &quot;futebol&quot;","block_context":{"text":"futebol","link":"https:\/\/blogdoprosperi.com\/?cat=53870"},"img":{"alt_text":"","src":"https:\/\/i0.wp.com\/blogdoprosperi.com\/wp-content\/uploads\/2023\/04\/52842863487_371e6ce18d_c.jpg?fit=800%2C450&ssl=1&resize=350%2C200","width":350,"height":200,"srcset":"https:\/\/i0.wp.com\/blogdoprosperi.com\/wp-content\/uploads\/2023\/04\/52842863487_371e6ce18d_c.jpg?fit=800%2C450&ssl=1&resize=350%2C200 1x, https:\/\/i0.wp.com\/blogdoprosperi.com\/wp-content\/uploads\/2023\/04\/52842863487_371e6ce18d_c.jpg?fit=800%2C450&ssl=1&resize=525%2C300 1.5x, https:\/\/i0.wp.com\/blogdoprosperi.com\/wp-content\/uploads\/2023\/04\/52842863487_371e6ce18d_c.jpg?fit=800%2C450&ssl=1&resize=700%2C400 2x"},"classes":[]},{"id":47046,"url":"https:\/\/blogdoprosperi.com\/?p=47046","url_meta":{"origin":41176,"position":1},"title":"Palmeiras Perto de Contratar Paulinho do Atl\u00e9tico-MG","author":"Luiz Ant\u00f4nio Pr\u00f3speri","date":"19 de dezembro de 2024","format":false,"excerpt":"Luiz Ant\u00f4nio Pr\u00f3speri \u2013 19 dezembro (13h45) \u2013 Palmeiras est\u00e1 muito perto de contratar Paulinho, 24 anos, atacante do Atl\u00e9tico-MG. Valores da negocia\u00e7\u00e3o alcan\u00e7am a casa dos R$ 117 milh\u00f5es + dois jogadores. Dinheiro, parece, n\u00e3o \u00e9 problema nesse momento no Alviverde. Previs\u00e3o de receitas do clube \u00e9 de pouco\u2026","rel":"","context":"Em &quot;futebol&quot;","block_context":{"text":"futebol","link":"https:\/\/blogdoprosperi.com\/?cat=53870"},"img":{"alt_text":"Paulinho do Galo para o Porco","src":"https:\/\/i0.wp.com\/blogdoprosperi.com\/wp-content\/uploads\/2024\/12\/sports-paulinho-1713418594.webp?fit=1200%2C801&ssl=1&resize=350%2C200","width":350,"height":200,"srcset":"https:\/\/i0.wp.com\/blogdoprosperi.com\/wp-content\/uploads\/2024\/12\/sports-paulinho-1713418594.webp?fit=1200%2C801&ssl=1&resize=350%2C200 1x, https:\/\/i0.wp.com\/blogdoprosperi.com\/wp-content\/uploads\/2024\/12\/sports-paulinho-1713418594.webp?fit=1200%2C801&ssl=1&resize=525%2C300 1.5x, https:\/\/i0.wp.com\/blogdoprosperi.com\/wp-content\/uploads\/2024\/12\/sports-paulinho-1713418594.webp?fit=1200%2C801&ssl=1&resize=700%2C400 2x, https:\/\/i0.wp.com\/blogdoprosperi.com\/wp-content\/uploads\/2024\/12\/sports-paulinho-1713418594.webp?fit=1200%2C801&ssl=1&resize=1050%2C600 3x"},"classes":[]},{"id":53422,"url":"https:\/\/blogdoprosperi.com\/?p=53422","url_meta":{"origin":41176,"position":2},"title":"Palmeiras | Entenda a Quarta Remontada de Abel Ferreira em 2025","author":"Luiz Ant\u00f4nio Pr\u00f3speri","date":"15 de julho de 2025","format":false,"excerpt":"Luiz Ant\u00f4nio Pr\u00f3speri \u2013 15 julho (12h21) \u2013 Ram\u00f3n Sosa, 25 anos, contratado a R$ 80 milh\u00f5es do Nottingham Forest, chega para preencher uma vaga no ataque do Palmeiras. Apresentado segunda-feira (14\/7), o paraguaio seria o substituto de Estev\u00e3o, hoje no Chelsea. N\u00e3o \u00e9 bem assim. Sosa vai entrar no\u2026","rel":"","context":"Em &quot;brasileir\u00e3o 2025&quot;","block_context":{"text":"brasileir\u00e3o 2025","link":"https:\/\/blogdoprosperi.com\/?cat=775970846"},"img":{"alt_text":"Ram\u00f3n Sosa, novo refor\u00e7o do Palmeiras","src":"https:\/\/i0.wp.com\/blogdoprosperi.com\/wp-content\/uploads\/2025\/07\/54653699472_b35428751b_c.jpg?fit=800%2C450&ssl=1&resize=350%2C200","width":350,"height":200,"srcset":"https:\/\/i0.wp.com\/blogdoprosperi.com\/wp-content\/uploads\/2025\/07\/54653699472_b35428751b_c.jpg?fit=800%2C450&ssl=1&resize=350%2C200 1x, https:\/\/i0.wp.com\/blogdoprosperi.com\/wp-content\/uploads\/2025\/07\/54653699472_b35428751b_c.jpg?fit=800%2C450&ssl=1&resize=525%2C300 1.5x, https:\/\/i0.wp.com\/blogdoprosperi.com\/wp-content\/uploads\/2025\/07\/54653699472_b35428751b_c.jpg?fit=800%2C450&ssl=1&resize=700%2C400 2x"},"classes":[]},{"id":41279,"url":"https:\/\/blogdoprosperi.com\/?p=41279","url_meta":{"origin":41176,"position":3},"title":"Palmeiras \u00e9 bi da Copinha e f\u00e1brica de fazer dinheiro","author":"Luiz Ant\u00f4nio Pr\u00f3speri","date":"25 de janeiro de 2023","format":false,"excerpt":"Palmeiras se transforma em uma m\u00e1quina de t\u00edtulos nas categorias de base e uma verdadeira casa da moeda a despejar dinheiro no clube com a venda dos garotos","rel":"","context":"Em &quot;futebol&quot;","block_context":{"text":"futebol","link":"https:\/\/blogdoprosperi.com\/?cat=53870"},"img":{"alt_text":"Patrick Silva, autor do gol do t\u00edtulo da Copinha","src":"https:\/\/i0.wp.com\/blogdoprosperi.com\/wp-content\/uploads\/2023\/01\/52649689010_91563f0506_c.jpg?fit=800%2C800&ssl=1&resize=350%2C200","width":350,"height":200,"srcset":"https:\/\/i0.wp.com\/blogdoprosperi.com\/wp-content\/uploads\/2023\/01\/52649689010_91563f0506_c.jpg?fit=800%2C800&ssl=1&resize=350%2C200 1x, https:\/\/i0.wp.com\/blogdoprosperi.com\/wp-content\/uploads\/2023\/01\/52649689010_91563f0506_c.jpg?fit=800%2C800&ssl=1&resize=525%2C300 1.5x, https:\/\/i0.wp.com\/blogdoprosperi.com\/wp-content\/uploads\/2023\/01\/52649689010_91563f0506_c.jpg?fit=800%2C800&ssl=1&resize=700%2C400 2x"},"classes":[]},{"id":46855,"url":"https:\/\/blogdoprosperi.com\/?p=46855","url_meta":{"origin":41176,"position":4},"title":"Os C\u00e3es Magros de Abel Ferreira no Palmeiras","author":"Luiz Ant\u00f4nio Pr\u00f3speri","date":"9 de dezembro de 2024","format":false,"excerpt":"Luiz Ant\u00f4nio Pr\u00f3speri \u2013 9 dezembro (10h45) \u2013 \"Gosto de jogadores c\u00e3es magros, ele (Tel\u00ea Santana) gostava de c\u00e3es magros\". A dica \u00e9 de Abel Ferreira e diz muito a respeito dos refor\u00e7os do Palmeiras para 2025. Torcedor n\u00e3o deve esperar por nomes midi\u00e1ticos. A rota a seguir \u00e9 a\u2026","rel":"","context":"Em &quot;futebol&quot;","block_context":{"text":"futebol","link":"https:\/\/blogdoprosperi.com\/?cat=53870"},"img":{"alt_text":"Abel Ferreira pede c\u00e3es magros no Palmeiras","src":"https:\/\/i0.wp.com\/blogdoprosperi.com\/wp-content\/uploads\/2024\/06\/53790453970_e1b87e1498_c.jpg?fit=800%2C450&ssl=1&resize=350%2C200","width":350,"height":200,"srcset":"https:\/\/i0.wp.com\/blogdoprosperi.com\/wp-content\/uploads\/2024\/06\/53790453970_e1b87e1498_c.jpg?fit=800%2C450&ssl=1&resize=350%2C200 1x, https:\/\/i0.wp.com\/blogdoprosperi.com\/wp-content\/uploads\/2024\/06\/53790453970_e1b87e1498_c.jpg?fit=800%2C450&ssl=1&resize=525%2C300 1.5x, https:\/\/i0.wp.com\/blogdoprosperi.com\/wp-content\/uploads\/2024\/06\/53790453970_e1b87e1498_c.jpg?fit=800%2C450&ssl=1&resize=700%2C400 2x"},"classes":[]},{"id":48392,"url":"https:\/\/blogdoprosperi.com\/?p=48392","url_meta":{"origin":41176,"position":5},"title":"Vitor Roque \u00e9 do Palmeiras | Contrata\u00e7\u00e3o Mais Cara do Futebol Brasileiro","author":"Luiz Ant\u00f4nio Pr\u00f3speri","date":"26 de fevereiro de 2025","format":false,"excerpt":"Palmeiras paga R$ 154,5 milh\u00f5es por VR e supera a transfer\u00eancia do argentino Almada ao Botafogo por R$ 137,4 milh\u00f5es, em julho de 2024 Vitor Roque pode ser inscrito ainda no Paulist\u00e3o 2025, caso o Palmeiras avance \u00e0s semifinais eliminando o S\u00e3o Bernardo, s\u00e1bado, no ABC paulista. Luiz Antonio Pr\u00f3speri\u2026","rel":"","context":"Em &quot;futebol&quot;","block_context":{"text":"futebol","link":"https:\/\/blogdoprosperi.com\/?cat=53870"},"img":{"alt_text":"Vitor Roque \u00e9 do Palmeiras","src":"https:\/\/i0.wp.com\/blogdoprosperi.com\/wp-content\/uploads\/2025\/02\/captura-de-tela-2025-02-28-as-16.13.48.png?fit=1200%2C656&ssl=1&resize=350%2C200","width":350,"height":200,"srcset":"https:\/\/i0.wp.com\/blogdoprosperi.com\/wp-content\/uploads\/2025\/02\/captura-de-tela-2025-02-28-as-16.13.48.png?fit=1200%2C656&ssl=1&resize=350%2C200 1x, https:\/\/i0.wp.com\/blogdoprosperi.com\/wp-content\/uploads\/2025\/02\/captura-de-tela-2025-02-28-as-16.13.48.png?fit=1200%2C656&ssl=1&resize=525%2C300 1.5x, https:\/\/i0.wp.com\/blogdoprosperi.com\/wp-content\/uploads\/2025\/02\/captura-de-tela-2025-02-28-as-16.13.48.png?fit=1200%2C656&ssl=1&resize=700%2C400 2x, https:\/\/i0.wp.com\/blogdoprosperi.com\/wp-content\/uploads\/2025\/02\/captura-de-tela-2025-02-28-as-16.13.48.png?fit=1200%2C656&ssl=1&resize=1050%2C600 3x"},"classes":[]}],"jetpack_featured_media_url":"https:\/\/i0.wp.com\/blogdoprosperi.com\/wp-content\/uploads\/2023\/01\/52499028142_4b0d1c3e97_h.webp?fit=1280%2C720&ssl=1","_links":{"self":[{"href":"https:\/\/blogdoprosperi.com\/index.php?rest_route=\/wp\/v2\/posts\/41176","targetHints":{"allow":["GET"]}}],"collection":[{"href":"https:\/\/blogdoprosperi.com\/index.php?rest_route=\/wp\/v2\/posts"}],"about":[{"href":"https:\/\/blogdoprosperi.com\/index.php?rest_route=\/wp\/v2\/types\/post"}],"author":[{"embeddable":true,"href":"https:\/\/blogdoprosperi.com\/index.php?rest_route=\/wp\/v2\/users\/102107496"}],"replies":[{"embeddable":true,"href":"https:\/\/blogdoprosperi.com\/index.php?rest_route=%2Fwp%2Fv2%2Fcomments&post=41176"}],"version-history":[{"count":17,"href":"https:\/\/blogdoprosperi.com\/index.php?rest_route=\/wp\/v2\/posts\/41176\/revisions"}],"predecessor-version":[{"id":41217,"href":"https:\/\/blogdoprosperi.com\/index.php?rest_route=\/wp\/v2\/posts\/41176\/revisions\/41217"}],"wp:featuredmedia":[{"embeddable":true,"href":"https:\/\/blogdoprosperi.com\/index.php?rest_route=\/wp\/v2\/media\/41192"}],"wp:attachment":[{"href":"https:\/\/blogdoprosperi.com\/index.php?rest_route=%2Fwp%2Fv2%2Fmedia&parent=41176"}],"wp:term":[{"taxonomy":"category","embeddable":true,"href":"https:\/\/blogdoprosperi.com\/index.php?rest_route=%2Fwp%2Fv2%2Fcategories&post=41176"},{"taxonomy":"post_tag","embeddable":true,"href":"https:\/\/blogdoprosperi.com\/index.php?rest_route=%2Fwp%2Fv2%2Ftags&post=41176"}],"curies":[{"name":"wp","href":"https:\/\/api.w.org\/{rel}","templated":true}]}}