{"id":41256,"date":"2023-01-23T18:45:33","date_gmt":"2023-01-23T21:45:33","guid":{"rendered":"https:\/\/blogdoprosperi.com\/?p=41256"},"modified":"2023-01-25T22:11:26","modified_gmt":"2023-01-26T01:11:26","slug":"caso-daniel-alves-obriga-refundacao-da-selecao-brasileira","status":"publish","type":"post","link":"https:\/\/blogdoprosperi.com\/?p=41256","title":{"rendered":"Caso Daniel Alves obriga refunda\u00e7\u00e3o da Sele\u00e7\u00e3o Brasileira"},"content":{"rendered":"<p>Daniel Alves est\u00e1 preso em Barcelona, sob acusa\u00e7\u00e3o de estupro de uma jovem de 23 anos. H\u00e1 menos de 50 dias, Dani abra\u00e7ava Neymar consolando o craque minutos depois de o Brasil cair na Copa do Mundo Qatar 2022 eliminado pela Cro\u00e1cia em Doha. Imagens fortes que remetem \u00e0 refunda\u00e7\u00e3o da Sele\u00e7\u00e3o Brasileira.<\/p>\n<p>\u00cddolos da estirpe de Daniel Alves, Neymar, Ronaldinho Ga\u00facho, Robinho, entre outros, provocam ondas de celebridade, soberba, poder e, pior, acusa\u00e7\u00f5es de crimes. Todos, h\u00e1 bem pouco tempo, impregnados com as cores da camisa da Sele\u00e7\u00e3o.<\/p>\n<p>Ronaldinho Ga\u00facho passou quase quatro meses encarcerado em um pres\u00eddio no Paraguai, acusado de falsifica\u00e7\u00e3o de documentos e fraude financeira em 2020. <span style=\"color: #0000ff\"><strong><a style=\"color: #0000ff\" href=\"https:\/\/blogdoprosperi.com\/2017\/01\/09\/futebol-brasileiro-perde-prestigio-na-eleicao-dos-melhores-do-mundo-da-fifa\/\">Ronaldinho<\/a> <\/strong><\/span>\u00e9 um dos \u00edcones da conquista do penta na Copa de 2002.<\/p>\n<p>Robinho est\u00e1 condenado h\u00e1 nove anos de cadeia na It\u00e1lia por estupro coletivo em a\u00e7\u00e3o penal de 2013. Vive no Brasil, quase escondido, com a seguran\u00e7a de n\u00e3o ser entregue \u00e0 justi\u00e7a italiana.<span style=\"color: #0000ff\"><strong><a style=\"color: #0000ff\" href=\"https:\/\/blogdoprosperi.com\/2020\/12\/10\/robinho-e-condenado-a-nove-anos-de-prisao-por-violencia-sexual\/\"> Robinho<\/a><\/strong><\/span> era um dos expoentes da Sele\u00e7\u00e3o entre as Copas de 2006 e 2010.<\/p>\n<p>Neymar foi inocentado em uma acusa\u00e7\u00e3o de estupro em 2019 depois de se envolver com uma jovem brasileira que ele mesmo havia bancado viagem de S\u00e3o Paulo a Paris. <span style=\"color: #0000ff\"><strong><a style=\"color: #0000ff\" href=\"https:\/\/blogdoprosperi.com\/2022\/12\/12\/neymar-destrocado-messi-nas-nuvens\/\">Neymar Jr<\/a> <\/strong><\/span>at\u00e9 novembro era esperan\u00e7a de a Sele\u00e7\u00e3o conquistar o hexa no Qatar.<\/p>\n<p>Daniel Alves, no conceito de Tite, transcende o futebol e por isso foi convocado aos 39 anos para disputar a Copa do Mundo no Oriente M\u00e9dio. Seria o l\u00edder dos jovens jogadores e alicerce de Neymar no Qatar.<\/p>\n<p>Pulverizados por seus atos, Neymar,<span style=\"color: #0000ff\"><strong><a style=\"color: #0000ff\" href=\"https:\/\/blogdoprosperi.com\/2023\/01\/23\/daniel-alves-entenda-dossie-da-noite-em-que-o-jogador-acabou-preso\/\"> Daniel Alves<\/a><\/strong><\/span>, Robinho, Ronaldinho Ga\u00facho obrigam a repensar comportamento das \u00faltimas gera\u00e7\u00f5es da Sele\u00e7\u00e3o e o que fazer para dar nova identidade ao time.<\/p>\n<p>N\u00e3o cabe mais no escrete jogadores com perfil de \u00eddolos de barro.<\/p>\n<p>A hora \u00e9 de reconstruir a Sele\u00e7\u00e3o Brasileira. Dar aos convocados compromissos mais com a bola a esteri\u00f3tipos de redes sociais. Seja quem for o novo t\u00e9cnico, brasileiro ou estrangeiro.<\/p>\n<p>CBF diz, na voz de seu <span style=\"color: #0000ff\"><strong><a style=\"color: #0000ff\" href=\"https:\/\/blogdoprosperi.com\/2023\/01\/17\/cbf-desliga-tite-da-selecao-e-sai-em-busca-do-sucessor-galvao-bueno-pede-ancelotti-falcao\/\">presidente Ednaldo Rodrigues<\/a><\/strong><\/span>, que busca um treinador com capacidade de resgatar o jeito de o Brasil jogar futebol. Sele\u00e7\u00e3o com futebol ofensivo, com a nossa marca e patente.<\/p>\n<p>Mais que resgate de um estilo, novo treinador precisa encontrar jogadores de cabe\u00e7a boa, sem estrelismos, menos lun\u00e1ticos e mais p\u00e9s no ch\u00e3o. Talentos a servi\u00e7o do jogo coletivo.<\/p>\n<p>Todos sabemos que a maioria desses jogadores tem hist\u00f3ria de sobreviventes da mis\u00e9ria, de um nada absoluto \u00e0 opul\u00eancia garantida por seus altos e merecidos sal\u00e1rios. E tamb\u00e9m ref\u00e9ns desse poder adquirido ainda muito jovens.<\/p>\n<p>Poder que muitas vezes domina mentes, contamina a personalidade e provoca atos como este a que Daniel Alves est\u00e1 sendo acusado.<\/p>\n<p>Na Sele\u00e7\u00e3o Brasileira n\u00e3o cabe \u00eddolos de uma noite, de rec\u00f4nditos de mans\u00f5es, de festas de lux\u00farias e prontos a cometer crimes contra mulheres.<\/p>\n<p>Sele\u00e7\u00e3o Brasileira precisa mais que um t\u00e9cnico, carece mesmo de uma refunda\u00e7\u00e3o.<\/p>\n<hr>\n<p><em><strong>S\u00e3o Paulo 23 de janeiro 2023. Por Luiz Ant\u00f4nio Pr\u00f3speri<\/strong><\/em><\/p>\n","protected":false},"excerpt":{"rendered":"<p>Na Sele\u00e7\u00e3o Brasileira n\u00e3o cabe mais \u00eddolos de uma noite, de rec\u00f4nditos de mans\u00f5es, de festas de lux\u00farias e prontos a cometer crimes contra mulheres. Sele\u00e7\u00e3o carece de uma refunda\u00e7\u00e3o <\/p>\n","protected":false},"author":102107496,"featured_media":41270,"comment_status":"open","ping_status":"open","sticky":false,"template":"","format":"standard","meta":{"_coblocks_attr":"","_coblocks_dimensions":"","_coblocks_responsive_height":"","_coblocks_accordion_ie_support":"","_jetpack_newsletter_access":"","_jetpack_dont_email_post_to_subs":false,"_jetpack_newsletter_tier_id":0,"_jetpack_memberships_contains_paywalled_content":false,"_wpcom_ai_launchpad_first_post":false,"_jetpack_feature_clip_id":0,"_jetpack_memberships_contains_paid_content":false,"footnotes":"","jetpack_publicize_message":"","jetpack_publicize_feature_enabled":true,"jetpack_social_post_already_shared":false,"jetpack_social_options":{"image_generator_settings":{"template":"highway","default_image_id":0,"font":"","enabled":false},"version":2},"jetpack_post_was_ever_published":false},"categories":[47094043,570700,187969,53870,29811679,174694],"tags":[789560569,102467970,1432668,789560560,4112146,139042,89869,789560562],"class_list":["post-41256","post","type-post","status-publish","format-standard","has-post-thumbnail","hentry","category-catar-2022","category-cbf","category-fifa","category-futebol","category-qatar-2022","category-selecao-brasileira","tag-cbf","tag-copa-qatar-2022","tag-daniel-alves","tag-futebol","tag-neymar","tag-robinho","tag-ronaldinho-gaucho","tag-selecao-brasileira"],"yoast_head":"<!-- This site is optimized with the Yoast SEO plugin v28.3 - https:\/\/yoast.com\/product\/yoast-seo-wordpress\/ -->\n<title>Caso Daniel Alves obriga refunda\u00e7\u00e3o da Sele\u00e7\u00e3o Brasileira - PR\u00d3SPERI NEWS<\/title>\n<meta name=\"robots\" content=\"index, follow, max-snippet:-1, max-image-preview:large, max-video-preview:-1\" \/>\n<link rel=\"canonical\" href=\"https:\/\/blogdoprosperi.com\/?p=41256\" \/>\n<meta property=\"og:locale\" content=\"pt_BR\" \/>\n<meta property=\"og:type\" content=\"article\" \/>\n<meta property=\"og:title\" content=\"Caso Daniel Alves obriga refunda\u00e7\u00e3o da Sele\u00e7\u00e3o Brasileira - PR\u00d3SPERI NEWS\" \/>\n<meta property=\"og:description\" content=\"Na Sele\u00e7\u00e3o Brasileira n\u00e3o cabe mais \u00eddolos de uma noite, de rec\u00f4nditos de mans\u00f5es, de festas de lux\u00farias e prontos a cometer crimes contra mulheres. Sele\u00e7\u00e3o carece de uma refunda\u00e7\u00e3o\" \/>\n<meta property=\"og:url\" content=\"https:\/\/blogdoprosperi.com\/?p=41256\" \/>\n<meta property=\"og:site_name\" content=\"PR\u00d3SPERI NEWS\" \/>\n<meta property=\"article:publisher\" content=\"Luiz Pr\u00f3speri\" \/>\n<meta property=\"article:author\" content=\"Luiz Pr\u00f3speri\" \/>\n<meta property=\"article:published_time\" content=\"2023-01-23T21:45:33+00:00\" \/>\n<meta property=\"article:modified_time\" content=\"2023-01-26T01:11:26+00:00\" \/>\n<meta property=\"og:image\" content=\"https:\/\/i0.wp.com\/blogdoprosperi.com\/wp-content\/uploads\/2023\/01\/csm_neymar_e_dani_alves_020f10438f.jpg?fit=940%2C585&ssl=1\" \/>\n\t<meta property=\"og:image:width\" content=\"940\" \/>\n\t<meta property=\"og:image:height\" content=\"585\" \/>\n\t<meta property=\"og:image:type\" content=\"image\/jpeg\" \/>\n<meta name=\"author\" content=\"Luiz Ant\u00f4nio Pr\u00f3speri\" \/>\n<meta name=\"twitter:card\" content=\"summary_large_image\" \/>\n<meta name=\"twitter:creator\" content=\"@Luizprosperi\" \/>\n<meta name=\"twitter:site\" content=\"@Luizprosperi\" \/>\n<meta name=\"twitter:label1\" content=\"Escrito por\" \/>\n\t<meta name=\"twitter:data1\" content=\"Luiz Ant\u00f4nio Pr\u00f3speri\" \/>\n\t<meta name=\"twitter:label2\" content=\"Est. tempo de leitura\" \/>\n\t<meta name=\"twitter:data2\" content=\"3 minutos\" \/>\n<script type=\"application\/ld+json\" class=\"yoast-schema-graph\">{\"@context\":\"https:\\\/\\\/schema.org\",\"@graph\":[{\"@type\":\"Article\",\"@id\":\"https:\\\/\\\/blogdoprosperi.com\\\/?p=41256#article\",\"isPartOf\":{\"@id\":\"https:\\\/\\\/blogdoprosperi.com\\\/?p=41256\"},\"author\":{\"name\":\"Luiz Ant\u00f4nio Pr\u00f3speri\",\"@id\":\"https:\\\/\\\/blogdoprosperi.com\\\/#\\\/schema\\\/person\\\/38100755ce3601861ee4fab9b5aa78e9\"},\"headline\":\"Caso Daniel Alves obriga refunda\u00e7\u00e3o da Sele\u00e7\u00e3o Brasileira\",\"datePublished\":\"2023-01-23T21:45:33+00:00\",\"dateModified\":\"2023-01-26T01:11:26+00:00\",\"mainEntityOfPage\":{\"@id\":\"https:\\\/\\\/blogdoprosperi.com\\\/?p=41256\"},\"wordCount\":534,\"commentCount\":0,\"publisher\":{\"@id\":\"https:\\\/\\\/blogdoprosperi.com\\\/#\\\/schema\\\/person\\\/38100755ce3601861ee4fab9b5aa78e9\"},\"image\":{\"@id\":\"https:\\\/\\\/blogdoprosperi.com\\\/?p=41256#primaryimage\"},\"thumbnailUrl\":\"https:\\\/\\\/i0.wp.com\\\/blogdoprosperi.com\\\/wp-content\\\/uploads\\\/2023\\\/01\\\/csm_neymar_e_dani_alves_020f10438f.jpg?fit=940%2C585&ssl=1\",\"keywords\":[\"CBF\",\"Copa Qatar 2022\",\"Daniel Alves\",\"futebol\",\"Neymar\",\"Robinho\",\"Ronaldinho Ga\u00facho\",\"Sele\u00e7\u00e3o Brasileira\"],\"articleSection\":[\"catar 2022\",\"CBF\",\"Fifa\",\"futebol\",\"qatar 2022\",\"Sele\u00e7\u00e3o Brasileira\"],\"inLanguage\":\"pt-BR\",\"potentialAction\":[{\"@type\":\"CommentAction\",\"name\":\"Comment\",\"target\":[\"https:\\\/\\\/blogdoprosperi.com\\\/?p=41256#respond\"]}]},{\"@type\":\"WebPage\",\"@id\":\"https:\\\/\\\/blogdoprosperi.com\\\/?p=41256\",\"url\":\"https:\\\/\\\/blogdoprosperi.com\\\/?p=41256\",\"name\":\"Caso Daniel Alves obriga refunda\u00e7\u00e3o da Sele\u00e7\u00e3o Brasileira - PR\u00d3SPERI NEWS\",\"isPartOf\":{\"@id\":\"https:\\\/\\\/blogdoprosperi.com\\\/#website\"},\"primaryImageOfPage\":{\"@id\":\"https:\\\/\\\/blogdoprosperi.com\\\/?p=41256#primaryimage\"},\"image\":{\"@id\":\"https:\\\/\\\/blogdoprosperi.com\\\/?p=41256#primaryimage\"},\"thumbnailUrl\":\"https:\\\/\\\/i0.wp.com\\\/blogdoprosperi.com\\\/wp-content\\\/uploads\\\/2023\\\/01\\\/csm_neymar_e_dani_alves_020f10438f.jpg?fit=940%2C585&ssl=1\",\"datePublished\":\"2023-01-23T21:45:33+00:00\",\"dateModified\":\"2023-01-26T01:11:26+00:00\",\"breadcrumb\":{\"@id\":\"https:\\\/\\\/blogdoprosperi.com\\\/?p=41256#breadcrumb\"},\"inLanguage\":\"pt-BR\",\"potentialAction\":[{\"@type\":\"ReadAction\",\"target\":[\"https:\\\/\\\/blogdoprosperi.com\\\/?p=41256\"]}]},{\"@type\":\"ImageObject\",\"inLanguage\":\"pt-BR\",\"@id\":\"https:\\\/\\\/blogdoprosperi.com\\\/?p=41256#primaryimage\",\"url\":\"https:\\\/\\\/i0.wp.com\\\/blogdoprosperi.com\\\/wp-content\\\/uploads\\\/2023\\\/01\\\/csm_neymar_e_dani_alves_020f10438f.jpg?fit=940%2C585&ssl=1\",\"contentUrl\":\"https:\\\/\\\/i0.wp.com\\\/blogdoprosperi.com\\\/wp-content\\\/uploads\\\/2023\\\/01\\\/csm_neymar_e_dani_alves_020f10438f.jpg?fit=940%2C585&ssl=1\",\"width\":940,\"height\":585,\"caption\":\"Neymar chora, Daniel Alves consola - foto: Fifa\"},{\"@type\":\"BreadcrumbList\",\"@id\":\"https:\\\/\\\/blogdoprosperi.com\\\/?p=41256#breadcrumb\",\"itemListElement\":[{\"@type\":\"ListItem\",\"position\":1,\"name\":\"In\u00edcio\",\"item\":\"https:\\\/\\\/blogdoprosperi.com\\\/\"},{\"@type\":\"ListItem\",\"position\":2,\"name\":\"Caso Daniel Alves obriga refunda\u00e7\u00e3o da Sele\u00e7\u00e3o Brasileira\"}]},{\"@type\":\"WebSite\",\"@id\":\"https:\\\/\\\/blogdoprosperi.com\\\/#website\",\"url\":\"https:\\\/\\\/blogdoprosperi.com\\\/\",\"name\":\"PR\u00d3SPERI NEWS\",\"description\":\"TUDO \u00c9  FUTEBOL\",\"publisher\":{\"@id\":\"https:\\\/\\\/blogdoprosperi.com\\\/#\\\/schema\\\/person\\\/38100755ce3601861ee4fab9b5aa78e9\"},\"alternateName\":\"blogdoprosperi.com\",\"potentialAction\":[{\"@type\":\"SearchAction\",\"target\":{\"@type\":\"EntryPoint\",\"urlTemplate\":\"https:\\\/\\\/blogdoprosperi.com\\\/?s={search_term_string}\"},\"query-input\":{\"@type\":\"PropertyValueSpecification\",\"valueRequired\":true,\"valueName\":\"search_term_string\"}}],\"inLanguage\":\"pt-BR\"},{\"@type\":[\"Person\",\"Organization\"],\"@id\":\"https:\\\/\\\/blogdoprosperi.com\\\/#\\\/schema\\\/person\\\/38100755ce3601861ee4fab9b5aa78e9\",\"name\":\"Luiz Ant\u00f4nio Pr\u00f3speri\",\"pronouns\":\"ele\",\"image\":{\"@type\":\"ImageObject\",\"inLanguage\":\"pt-BR\",\"@id\":\"https:\\\/\\\/i0.wp.com\\\/blogdoprosperi.com\\\/wp-content\\\/uploads\\\/2026\\\/05\\\/cropped-8059e613-6002-42fa-961e-8e275f575d71-2-5.jpg?fit=1360%2C931&ssl=1\",\"url\":\"https:\\\/\\\/i0.wp.com\\\/blogdoprosperi.com\\\/wp-content\\\/uploads\\\/2026\\\/05\\\/cropped-8059e613-6002-42fa-961e-8e275f575d71-2-5.jpg?fit=1360%2C931&ssl=1\",\"contentUrl\":\"https:\\\/\\\/i0.wp.com\\\/blogdoprosperi.com\\\/wp-content\\\/uploads\\\/2026\\\/05\\\/cropped-8059e613-6002-42fa-961e-8e275f575d71-2-5.jpg?fit=1360%2C931&ssl=1\",\"width\":1360,\"height\":931,\"caption\":\"Luiz Ant\u00f4nio Pr\u00f3speri\"},\"logo\":{\"@id\":\"https:\\\/\\\/i0.wp.com\\\/blogdoprosperi.com\\\/wp-content\\\/uploads\\\/2026\\\/05\\\/cropped-8059e613-6002-42fa-961e-8e275f575d71-2-5.jpg?fit=1360%2C931&ssl=1\"},\"description\":\"Jornalista com carreira dedicada ao esporte. Cobriu 9 Copas do Mundo in loco, 1990 na It\u00e1lia, 1994 nos EUA, 1998 na Fran\u00e7a, 2002 na Coreia do Sul e Jap\u00e3o, 2006 na Alemanha, 2010 na \u00c1frica do Sul, 2014 no Brasil, 2018 na R\u00fassia e 2022 no Qatar. Eurocopas, 1992 na Su\u00e9cia e 1996 na Inglaterra. Copa das Confedera\u00e7\u00f5es de 2005 na Alemanha e 2009 na \u00c1frica do Sul. Rep\u00f3rter e Editor, trabalhou no Jornal da Tarde e Estad\u00e3o, de 1984 a fevereiro de 2016. Colunista, blogueiro. E comentarista de futebol na R\u00e1dio Estad\u00e3o, de 2013 a fevereiro de 2016. Jornalista respons\u00e1vel do \\\"Pr\u00f3speri News\\\" (blogdoprosperi.com).\",\"sameAs\":[\"http:\\\/\\\/blogdoprosperi.com\",\"Luiz Pr\u00f3speri\",\"@luiz_prosperi\",\"https:\\\/\\\/x.com\\\/Luizprosperi\",\"@prosperinacopa\",\"luiz.prosperi@icloud.com\"],\"url\":\"https:\\\/\\\/blogdoprosperi.com\\\/?author=102107496\"}]}<\/script>\n<!-- \/ Yoast SEO plugin. -->","yoast_head_json":{"title":"Caso Daniel Alves obriga refunda\u00e7\u00e3o da Sele\u00e7\u00e3o Brasileira - PR\u00d3SPERI NEWS","robots":{"index":"index","follow":"follow","max-snippet":"max-snippet:-1","max-image-preview":"max-image-preview:large","max-video-preview":"max-video-preview:-1"},"canonical":"https:\/\/blogdoprosperi.com\/?p=41256","og_locale":"pt_BR","og_type":"article","og_title":"Caso Daniel Alves obriga refunda\u00e7\u00e3o da Sele\u00e7\u00e3o Brasileira - PR\u00d3SPERI NEWS","og_description":"Na Sele\u00e7\u00e3o Brasileira n\u00e3o cabe mais \u00eddolos de uma noite, de rec\u00f4nditos de mans\u00f5es, de festas de lux\u00farias e prontos a cometer crimes contra mulheres. Sele\u00e7\u00e3o carece de uma refunda\u00e7\u00e3o","og_url":"https:\/\/blogdoprosperi.com\/?p=41256","og_site_name":"PR\u00d3SPERI NEWS","article_publisher":"Luiz Pr\u00f3speri","article_author":"Luiz Pr\u00f3speri","article_published_time":"2023-01-23T21:45:33+00:00","article_modified_time":"2023-01-26T01:11:26+00:00","og_image":[{"width":940,"height":585,"url":"https:\/\/i0.wp.com\/blogdoprosperi.com\/wp-content\/uploads\/2023\/01\/csm_neymar_e_dani_alves_020f10438f.jpg?fit=940%2C585&ssl=1","type":"image\/jpeg"}],"author":"Luiz Ant\u00f4nio Pr\u00f3speri","twitter_card":"summary_large_image","twitter_creator":"@Luizprosperi","twitter_site":"@Luizprosperi","twitter_misc":{"Escrito por":"Luiz Ant\u00f4nio Pr\u00f3speri","Est. tempo de leitura":"3 minutos"},"schema":{"@context":"https:\/\/schema.org","@graph":[{"@type":"Article","@id":"https:\/\/blogdoprosperi.com\/?p=41256#article","isPartOf":{"@id":"https:\/\/blogdoprosperi.com\/?p=41256"},"author":{"name":"Luiz Ant\u00f4nio Pr\u00f3speri","@id":"https:\/\/blogdoprosperi.com\/#\/schema\/person\/38100755ce3601861ee4fab9b5aa78e9"},"headline":"Caso Daniel Alves obriga refunda\u00e7\u00e3o da Sele\u00e7\u00e3o Brasileira","datePublished":"2023-01-23T21:45:33+00:00","dateModified":"2023-01-26T01:11:26+00:00","mainEntityOfPage":{"@id":"https:\/\/blogdoprosperi.com\/?p=41256"},"wordCount":534,"commentCount":0,"publisher":{"@id":"https:\/\/blogdoprosperi.com\/#\/schema\/person\/38100755ce3601861ee4fab9b5aa78e9"},"image":{"@id":"https:\/\/blogdoprosperi.com\/?p=41256#primaryimage"},"thumbnailUrl":"https:\/\/i0.wp.com\/blogdoprosperi.com\/wp-content\/uploads\/2023\/01\/csm_neymar_e_dani_alves_020f10438f.jpg?fit=940%2C585&ssl=1","keywords":["CBF","Copa Qatar 2022","Daniel Alves","futebol","Neymar","Robinho","Ronaldinho Ga\u00facho","Sele\u00e7\u00e3o Brasileira"],"articleSection":["catar 2022","CBF","Fifa","futebol","qatar 2022","Sele\u00e7\u00e3o Brasileira"],"inLanguage":"pt-BR","potentialAction":[{"@type":"CommentAction","name":"Comment","target":["https:\/\/blogdoprosperi.com\/?p=41256#respond"]}]},{"@type":"WebPage","@id":"https:\/\/blogdoprosperi.com\/?p=41256","url":"https:\/\/blogdoprosperi.com\/?p=41256","name":"Caso Daniel Alves obriga refunda\u00e7\u00e3o da Sele\u00e7\u00e3o Brasileira - PR\u00d3SPERI NEWS","isPartOf":{"@id":"https:\/\/blogdoprosperi.com\/#website"},"primaryImageOfPage":{"@id":"https:\/\/blogdoprosperi.com\/?p=41256#primaryimage"},"image":{"@id":"https:\/\/blogdoprosperi.com\/?p=41256#primaryimage"},"thumbnailUrl":"https:\/\/i0.wp.com\/blogdoprosperi.com\/wp-content\/uploads\/2023\/01\/csm_neymar_e_dani_alves_020f10438f.jpg?fit=940%2C585&ssl=1","datePublished":"2023-01-23T21:45:33+00:00","dateModified":"2023-01-26T01:11:26+00:00","breadcrumb":{"@id":"https:\/\/blogdoprosperi.com\/?p=41256#breadcrumb"},"inLanguage":"pt-BR","potentialAction":[{"@type":"ReadAction","target":["https:\/\/blogdoprosperi.com\/?p=41256"]}]},{"@type":"ImageObject","inLanguage":"pt-BR","@id":"https:\/\/blogdoprosperi.com\/?p=41256#primaryimage","url":"https:\/\/i0.wp.com\/blogdoprosperi.com\/wp-content\/uploads\/2023\/01\/csm_neymar_e_dani_alves_020f10438f.jpg?fit=940%2C585&ssl=1","contentUrl":"https:\/\/i0.wp.com\/blogdoprosperi.com\/wp-content\/uploads\/2023\/01\/csm_neymar_e_dani_alves_020f10438f.jpg?fit=940%2C585&ssl=1","width":940,"height":585,"caption":"Neymar chora, Daniel Alves consola - foto: Fifa"},{"@type":"BreadcrumbList","@id":"https:\/\/blogdoprosperi.com\/?p=41256#breadcrumb","itemListElement":[{"@type":"ListItem","position":1,"name":"In\u00edcio","item":"https:\/\/blogdoprosperi.com\/"},{"@type":"ListItem","position":2,"name":"Caso Daniel Alves obriga refunda\u00e7\u00e3o da Sele\u00e7\u00e3o Brasileira"}]},{"@type":"WebSite","@id":"https:\/\/blogdoprosperi.com\/#website","url":"https:\/\/blogdoprosperi.com\/","name":"PR\u00d3SPERI NEWS","description":"TUDO \u00c9  FUTEBOL","publisher":{"@id":"https:\/\/blogdoprosperi.com\/#\/schema\/person\/38100755ce3601861ee4fab9b5aa78e9"},"alternateName":"blogdoprosperi.com","potentialAction":[{"@type":"SearchAction","target":{"@type":"EntryPoint","urlTemplate":"https:\/\/blogdoprosperi.com\/?s={search_term_string}"},"query-input":{"@type":"PropertyValueSpecification","valueRequired":true,"valueName":"search_term_string"}}],"inLanguage":"pt-BR"},{"@type":["Person","Organization"],"@id":"https:\/\/blogdoprosperi.com\/#\/schema\/person\/38100755ce3601861ee4fab9b5aa78e9","name":"Luiz Ant\u00f4nio Pr\u00f3speri","pronouns":"ele","image":{"@type":"ImageObject","inLanguage":"pt-BR","@id":"https:\/\/i0.wp.com\/blogdoprosperi.com\/wp-content\/uploads\/2026\/05\/cropped-8059e613-6002-42fa-961e-8e275f575d71-2-5.jpg?fit=1360%2C931&ssl=1","url":"https:\/\/i0.wp.com\/blogdoprosperi.com\/wp-content\/uploads\/2026\/05\/cropped-8059e613-6002-42fa-961e-8e275f575d71-2-5.jpg?fit=1360%2C931&ssl=1","contentUrl":"https:\/\/i0.wp.com\/blogdoprosperi.com\/wp-content\/uploads\/2026\/05\/cropped-8059e613-6002-42fa-961e-8e275f575d71-2-5.jpg?fit=1360%2C931&ssl=1","width":1360,"height":931,"caption":"Luiz Ant\u00f4nio Pr\u00f3speri"},"logo":{"@id":"https:\/\/i0.wp.com\/blogdoprosperi.com\/wp-content\/uploads\/2026\/05\/cropped-8059e613-6002-42fa-961e-8e275f575d71-2-5.jpg?fit=1360%2C931&ssl=1"},"description":"Jornalista com carreira dedicada ao esporte. Cobriu 9 Copas do Mundo in loco, 1990 na It\u00e1lia, 1994 nos EUA, 1998 na Fran\u00e7a, 2002 na Coreia do Sul e Jap\u00e3o, 2006 na Alemanha, 2010 na \u00c1frica do Sul, 2014 no Brasil, 2018 na R\u00fassia e 2022 no Qatar. Eurocopas, 1992 na Su\u00e9cia e 1996 na Inglaterra. Copa das Confedera\u00e7\u00f5es de 2005 na Alemanha e 2009 na \u00c1frica do Sul. Rep\u00f3rter e Editor, trabalhou no Jornal da Tarde e Estad\u00e3o, de 1984 a fevereiro de 2016. Colunista, blogueiro. E comentarista de futebol na R\u00e1dio Estad\u00e3o, de 2013 a fevereiro de 2016. Jornalista respons\u00e1vel do \"Pr\u00f3speri News\" (blogdoprosperi.com).","sameAs":["http:\/\/blogdoprosperi.com","Luiz Pr\u00f3speri","@luiz_prosperi","https:\/\/x.com\/Luizprosperi","@prosperinacopa","luiz.prosperi@icloud.com"],"url":"https:\/\/blogdoprosperi.com\/?author=102107496"}]}},"jetpack_publicize_connections":[],"jetpack_likes_enabled":false,"jetpack_sharing_enabled":true,"jetpack_shortlink":"https:\/\/wp.me\/p7jvdk-aJq","jetpack-related-posts":[{"id":49146,"url":"https:\/\/blogdoprosperi.com\/?p=49146","url_meta":{"origin":41256,"position":0},"title":"#Cr\u00f4nicaSab\u00e1tica #18 | Mar\u00e7o na Vida da Gera\u00e7\u00e3o Perdida do Bruxo, Fen\u00f4meno e Condenados","author":"Luiz Ant\u00f4nio Pr\u00f3speri","date":"22 de mar\u00e7o de 2025","format":false,"excerpt":"Luiz Ant\u00f4nio Pr\u00f3speri \u2013 22 mar\u00e7o (12h31) \u2013 Mar\u00e7o chega ao fim com algumas datas marcantes enquanto suas \u00e1guas encerram o ver\u00e3o tropical. Por coincid\u00eancia dos astros, Robinho, Ronaldinho Ga\u00facho, Ronaldo e Daniel Alves t\u00eam muito a contar nesse m\u00eas de jogos da Sele\u00e7\u00e3o Brasileira desacreditada e in\u00edcio do Brasileir\u00e3o\u2026","rel":"","context":"Em &quot;futebol&quot;","block_context":{"text":"futebol","link":"https:\/\/blogdoprosperi.com\/?cat=53870"},"img":{"alt_text":"Bruxo e Fen\u00f4meno no m\u00eas de mar\u00e7o","src":"https:\/\/i0.wp.com\/blogdoprosperi.com\/wp-content\/uploads\/2025\/03\/captura-de-tela-2025-03-22-as-12.16.01.png?fit=1200%2C676&ssl=1&resize=350%2C200","width":350,"height":200,"srcset":"https:\/\/i0.wp.com\/blogdoprosperi.com\/wp-content\/uploads\/2025\/03\/captura-de-tela-2025-03-22-as-12.16.01.png?fit=1200%2C676&ssl=1&resize=350%2C200 1x, https:\/\/i0.wp.com\/blogdoprosperi.com\/wp-content\/uploads\/2025\/03\/captura-de-tela-2025-03-22-as-12.16.01.png?fit=1200%2C676&ssl=1&resize=525%2C300 1.5x, https:\/\/i0.wp.com\/blogdoprosperi.com\/wp-content\/uploads\/2025\/03\/captura-de-tela-2025-03-22-as-12.16.01.png?fit=1200%2C676&ssl=1&resize=700%2C400 2x, https:\/\/i0.wp.com\/blogdoprosperi.com\/wp-content\/uploads\/2025\/03\/captura-de-tela-2025-03-22-as-12.16.01.png?fit=1200%2C676&ssl=1&resize=1050%2C600 3x"},"classes":[]},{"id":41693,"url":"https:\/\/blogdoprosperi.com\/?p=41693","url_meta":{"origin":41256,"position":1},"title":"Viol\u00eancia contra mulheres cresce no Brasil e futebol n\u00e3o reage","author":"Luiz Ant\u00f4nio Pr\u00f3speri","date":"28 de abril de 2023","format":false,"excerpt":"Casos de Cuca, Daniel Alves, Robinho, goleiro Bruno e at\u00e9 Neymar traduzem essa dura realidade da viol\u00eancia contra mulheres","rel":"","context":"Em &quot;futebol&quot;","block_context":{"text":"futebol","link":"https:\/\/blogdoprosperi.com\/?cat=53870"},"img":{"alt_text":"","src":"https:\/\/i0.wp.com\/blogdoprosperi.com\/wp-content\/uploads\/2023\/04\/reproducao_instagram_mtpccorinthians.webp?fit=1080%2C961&ssl=1&resize=350%2C200","width":350,"height":200,"srcset":"https:\/\/i0.wp.com\/blogdoprosperi.com\/wp-content\/uploads\/2023\/04\/reproducao_instagram_mtpccorinthians.webp?fit=1080%2C961&ssl=1&resize=350%2C200 1x, https:\/\/i0.wp.com\/blogdoprosperi.com\/wp-content\/uploads\/2023\/04\/reproducao_instagram_mtpccorinthians.webp?fit=1080%2C961&ssl=1&resize=525%2C300 1.5x, https:\/\/i0.wp.com\/blogdoprosperi.com\/wp-content\/uploads\/2023\/04\/reproducao_instagram_mtpccorinthians.webp?fit=1080%2C961&ssl=1&resize=700%2C400 2x, https:\/\/i0.wp.com\/blogdoprosperi.com\/wp-content\/uploads\/2023\/04\/reproducao_instagram_mtpccorinthians.webp?fit=1080%2C961&ssl=1&resize=1050%2C600 3x"},"classes":[]},{"id":40469,"url":"https:\/\/blogdoprosperi.com\/?p=40469","url_meta":{"origin":41256,"position":2},"title":"Cartas dos jogadores da Sele\u00e7\u00e3o: escolha a mais singela","author":"Luiz Ant\u00f4nio Pr\u00f3speri","date":"11 de dezembro de 2022","format":false,"excerpt":"Nos dois dias p\u00f3s-queda na Copa, a maioria dos jogadores da Sele\u00e7\u00e3o posta em suas redes sociais cartas de auto-ajuda diante do fracasso no Qatar","rel":"","context":"Em &quot;copa do mundo catar 2022&quot;","block_context":{"text":"copa do mundo catar 2022","link":"https:\/\/blogdoprosperi.com\/?cat=301049609"},"img":{"alt_text":"","src":"https:\/\/i0.wp.com\/blogdoprosperi.com\/wp-content\/uploads\/2022\/12\/fjji3x7wqaids5c.jpg?fit=1024%2C682&ssl=1&resize=350%2C200","width":350,"height":200,"srcset":"https:\/\/i0.wp.com\/blogdoprosperi.com\/wp-content\/uploads\/2022\/12\/fjji3x7wqaids5c.jpg?fit=1024%2C682&ssl=1&resize=350%2C200 1x, https:\/\/i0.wp.com\/blogdoprosperi.com\/wp-content\/uploads\/2022\/12\/fjji3x7wqaids5c.jpg?fit=1024%2C682&ssl=1&resize=525%2C300 1.5x, https:\/\/i0.wp.com\/blogdoprosperi.com\/wp-content\/uploads\/2022\/12\/fjji3x7wqaids5c.jpg?fit=1024%2C682&ssl=1&resize=700%2C400 2x"},"classes":[]},{"id":40001,"url":"https:\/\/blogdoprosperi.com\/?p=40001","url_meta":{"origin":41256,"position":3},"title":"Tite est\u00e1 com medo de perder mais jogadores","author":"Luiz Ant\u00f4nio Pr\u00f3speri","date":"30 de novembro de 2022","format":false,"excerpt":"Tite est\u00e1 com medo de perder mais jogadores machucados nessa primeira fase da Copa Qatar 2022. Por isso adianta escala\u00e7\u00e3o de uma Sele\u00e7\u00e3o Brasileira inteira de reservas no jogo contra Camar\u00f5es, sexta-feira (02\/12). Acreditem, Daniel Alves assume a bra\u00e7adeira de capit\u00e3o. Thiago Silva, dono da capitania, estar\u00e1 no banco dos\u2026","rel":"","context":"Em &quot;futebol&quot;","block_context":{"text":"futebol","link":"https:\/\/blogdoprosperi.com\/?cat=53870"},"img":{"alt_text":"neymar sim, neymar n\u00e3o","src":"https:\/\/i0.wp.com\/blogdoprosperi.com\/wp-content\/uploads\/2022\/11\/52534316743_e5ca84d055_c-1.jpg?fit=799%2C533&ssl=1&resize=350%2C200","width":350,"height":200,"srcset":"https:\/\/i0.wp.com\/blogdoprosperi.com\/wp-content\/uploads\/2022\/11\/52534316743_e5ca84d055_c-1.jpg?fit=799%2C533&ssl=1&resize=350%2C200 1x, https:\/\/i0.wp.com\/blogdoprosperi.com\/wp-content\/uploads\/2022\/11\/52534316743_e5ca84d055_c-1.jpg?fit=799%2C533&ssl=1&resize=525%2C300 1.5x, https:\/\/i0.wp.com\/blogdoprosperi.com\/wp-content\/uploads\/2022\/11\/52534316743_e5ca84d055_c-1.jpg?fit=799%2C533&ssl=1&resize=700%2C400 2x"},"classes":[]},{"id":42222,"url":"https:\/\/blogdoprosperi.com\/?p=42222","url_meta":{"origin":41256,"position":4},"title":"Robinho e Daniel Alves: Tapa na cara do futebol brasileiro","author":"Luiz Ant\u00f4nio Pr\u00f3speri","date":"22 de mar\u00e7o de 2024","format":false,"excerpt":"Robinho e Daniel Alves est\u00e3o encarcerados. Cumprem pena por crime de estupro. T\u00e3o claro como a luz do sol. Veja bem. Os dois ex-jogadores da Sele\u00e7\u00e3o Brasileira foram condenados pela Justi\u00e7a da It\u00e1lia e da Espanha. N\u00e3o passaram pelo crivo da Justi\u00e7a no Brasil.\u00a0","rel":"","context":"Em &quot;CBF&quot;","block_context":{"text":"CBF","link":"https:\/\/blogdoprosperi.com\/?cat=570700"},"img":{"alt_text":"","src":"https:\/\/i0.wp.com\/blogdoprosperi.com\/wp-content\/uploads\/2024\/03\/daniel-alves-e-robinho-entenda-como-um-caso-afeta-o-outro.png?fit=890%2C497&ssl=1&resize=350%2C200","width":350,"height":200,"srcset":"https:\/\/i0.wp.com\/blogdoprosperi.com\/wp-content\/uploads\/2024\/03\/daniel-alves-e-robinho-entenda-como-um-caso-afeta-o-outro.png?fit=890%2C497&ssl=1&resize=350%2C200 1x, https:\/\/i0.wp.com\/blogdoprosperi.com\/wp-content\/uploads\/2024\/03\/daniel-alves-e-robinho-entenda-como-um-caso-afeta-o-outro.png?fit=890%2C497&ssl=1&resize=525%2C300 1.5x, https:\/\/i0.wp.com\/blogdoprosperi.com\/wp-content\/uploads\/2024\/03\/daniel-alves-e-robinho-entenda-como-um-caso-afeta-o-outro.png?fit=890%2C497&ssl=1&resize=700%2C400 2x"},"classes":[]},{"id":20184,"url":"https:\/\/blogdoprosperi.com\/?p=20184","url_meta":{"origin":41256,"position":5},"title":"Neymar n\u00e3o \u00e9 o culpado","author":"Luiz Ant\u00f4nio Pr\u00f3speri","date":"9 de agosto de 2016","format":false,"excerpt":"Futebol brasileiro corre risco enorme de cair na primeira fase da Olimp\u00edada nesta quarta-feira no jogo contra a Dinamarca. Seria um desastre do tamanho do 7 a 1. Devastador. Um tiro no cora\u00e7\u00e3o da institui\u00e7\u00e3o Sele\u00e7\u00e3o Brasileira, sem credibilidade e em crise permanente desde o fracasso na Copa do Mundo\u2026","rel":"","context":"Em &quot;futebol&quot;","block_context":{"text":"futebol","link":"https:\/\/blogdoprosperi.com\/?cat=53870"},"img":{"alt_text":"","src":"https:\/\/i0.wp.com\/blogdoprosperi.com\/wp-content\/uploads\/2016\/08\/pro2-9.jpg?resize=350%2C200&ssl=1","width":350,"height":200,"srcset":"https:\/\/i0.wp.com\/blogdoprosperi.com\/wp-content\/uploads\/2016\/08\/pro2-9.jpg?resize=350%2C200&ssl=1 1x, https:\/\/i0.wp.com\/blogdoprosperi.com\/wp-content\/uploads\/2016\/08\/pro2-9.jpg?resize=525%2C300&ssl=1 1.5x, https:\/\/i0.wp.com\/blogdoprosperi.com\/wp-content\/uploads\/2016\/08\/pro2-9.jpg?resize=700%2C400&ssl=1 2x, https:\/\/i0.wp.com\/blogdoprosperi.com\/wp-content\/uploads\/2016\/08\/pro2-9.jpg?resize=1050%2C600&ssl=1 3x, https:\/\/i0.wp.com\/blogdoprosperi.com\/wp-content\/uploads\/2016\/08\/pro2-9.jpg?resize=1400%2C800&ssl=1 4x"},"classes":[]}],"jetpack_featured_media_url":"https:\/\/i0.wp.com\/blogdoprosperi.com\/wp-content\/uploads\/2023\/01\/csm_neymar_e_dani_alves_020f10438f.jpg?fit=940%2C585&ssl=1","_links":{"self":[{"href":"https:\/\/blogdoprosperi.com\/index.php?rest_route=\/wp\/v2\/posts\/41256","targetHints":{"allow":["GET"]}}],"collection":[{"href":"https:\/\/blogdoprosperi.com\/index.php?rest_route=\/wp\/v2\/posts"}],"about":[{"href":"https:\/\/blogdoprosperi.com\/index.php?rest_route=\/wp\/v2\/types\/post"}],"author":[{"embeddable":true,"href":"https:\/\/blogdoprosperi.com\/index.php?rest_route=\/wp\/v2\/users\/102107496"}],"replies":[{"embeddable":true,"href":"https:\/\/blogdoprosperi.com\/index.php?rest_route=%2Fwp%2Fv2%2Fcomments&post=41256"}],"version-history":[{"count":14,"href":"https:\/\/blogdoprosperi.com\/index.php?rest_route=\/wp\/v2\/posts\/41256\/revisions"}],"predecessor-version":[{"id":41296,"href":"https:\/\/blogdoprosperi.com\/index.php?rest_route=\/wp\/v2\/posts\/41256\/revisions\/41296"}],"wp:featuredmedia":[{"embeddable":true,"href":"https:\/\/blogdoprosperi.com\/index.php?rest_route=\/wp\/v2\/media\/41270"}],"wp:attachment":[{"href":"https:\/\/blogdoprosperi.com\/index.php?rest_route=%2Fwp%2Fv2%2Fmedia&parent=41256"}],"wp:term":[{"taxonomy":"category","embeddable":true,"href":"https:\/\/blogdoprosperi.com\/index.php?rest_route=%2Fwp%2Fv2%2Fcategories&post=41256"},{"taxonomy":"post_tag","embeddable":true,"href":"https:\/\/blogdoprosperi.com\/index.php?rest_route=%2Fwp%2Fv2%2Ftags&post=41256"}],"curies":[{"name":"wp","href":"https:\/\/api.w.org\/{rel}","templated":true}]}}