{"id":41504,"date":"2023-03-10T11:57:46","date_gmt":"2023-03-10T14:57:46","guid":{"rendered":"https:\/\/blogdoprosperi.com\/?p=41504"},"modified":"2023-03-10T14:33:53","modified_gmt":"2023-03-10T17:33:53","slug":"piada-de-portugues-vamos-ensinar-futebol-aos-brasileiros","status":"publish","type":"post","link":"https:\/\/blogdoprosperi.com\/?p=41504","title":{"rendered":"Piada de portugu\u00eas: Vamos ensinar futebol aos brasileiros"},"content":{"rendered":"<p>A piada \u00e9 do genial Jaguar no cartoon publicado na edi\u00e7\u00e3o dessa sexta-feira (10\/3) na&nbsp;<em>Folha<\/em>. Vale a pena conferir. Tra\u00e7o de Jaguar sugere um olhar na crise do Flamengo, time comandado por um treinador portugu\u00eas, o Vitor Pereira.<\/p>\n<p>Tem raz\u00e3o Jaguar?<\/p>\n<p>Parece que sim. Da revoada de t\u00e9cnicos portugueses no futebol brasileiro desde 2019, apenas <span style=\"color: #0000ff\"><strong><a style=\"color: #0000ff\" href=\"https:\/\/blogdoprosperi.com\/2023\/01\/17\/cbf-desliga-tite-da-selecao-e-sai-em-busca-do-sucessor-galvao-bueno-pede-ancelotti-falcao\/\">Jorge Jesus e Abel Ferreira podem estufar o peito<\/a><\/strong><\/span> e dizer alto: Sim, ensinamos futebol aos brasileiros.<\/p>\n<p>Jorge Jesus, o JJ, deixa um rastro de rel\u00e2mpago com sua passagem por pouco mais de seis meses no Flamengo. Mais que saborear os t\u00edtulos de campe\u00e3o do Brasileir\u00e3o e da Libertadores, seu time jogou um futebol bonito de se ver.<\/p>\n<p>Abel Ferreira est\u00e1 indo longe no Palmeiras. Supera JJ em n\u00famero de ta\u00e7as conquistadas, formas de se jogar e propostas de melhoria ao nosso futebol pentacampe\u00e3o do mundo.<\/p>\n<p><span style=\"color: #0000ff\"><strong><a style=\"color: #0000ff\" href=\"https:\/\/blogdoprosperi.com\/2023\/01\/28\/palmeiras-vence-flamengo-leva-supercopa-e-abel-vira-prioridade-da-selecao\/\">Abel est\u00e1 gabaritado a meter o dedo em nossa cara<\/a><\/strong><\/span>, abrir a cartilha e nos ensinar ou pelo menos apontar caminhos a seguir.<\/p>\n<p>Chama aten\u00e7\u00e3o o curr\u00edculo quase inexpressivo de Abel Ferreira na Europa.<\/p>\n<p>Assim como o de V\u00edtor Pereira e de outros compatriotas instalados no Brasil: Antonio Oliveira (Coritiba), Renato Paiva (Bahia), Pedro Caixinha (Bragantino), Luis Castro (Botafogo) e Ivo Vieira (Cuiab\u00e1).<\/p>\n<p>Muitos portugueses, pouco cartel e maioria ref\u00e9m das &#8220;regras&#8221; obtusas que regem a perman\u00eancia ou n\u00e3o de um treinador no comando de um clube brasileiro.<\/p>\n<p>Vitor Pereira, desertor do Corinthians e aclamado novo messias no Flamengo, \u00e9 um exemplo cl\u00e1ssico de que t\u00e9cnico, por ser portugu\u00eas, n\u00e3o est\u00e1 habilitado a ensinar futebol no Brasil.<\/p>\n<p><span style=\"color: #0000ff\"><strong><a style=\"color: #0000ff\" href=\"https:\/\/blogdoprosperi.com\/2023\/02\/07\/flamengo-cai-no-mundial-de-clubes-e-se-perde-no-labirinto\/\">Vitor patina no Flamengo<\/a> <\/strong><\/span>ao empilhar quatro decis\u00f5es perdidas em pouco mais de dois meses de trabalho. De burro \u00e0 ironias de torcedores rivais do Fla, &nbsp;o t\u00e9cnico tem sido escorra\u00e7ado na m\u00eddia, redes sociais e galhofas de cr\u00edticos de plant\u00e3o.<\/p>\n<p>Est\u00e1 com os dias contados no Brasil. Em vez de nos deixar li\u00e7\u00f5es, vai levar a Portugal a cartilha dos derrotados. N\u00e3o por culpa s\u00f3 dele, e sim por uma engrenagem enferrujada a moer treinadores sem resultados imediatos, seja de t\u00edtulos ou de vit\u00f3rias em med\u00edocres torneios estaduais.<\/p>\n<p>Enquanto isso, treinadores brasileiros vivem confort\u00e1veis como &#8220;reservas de mercado&#8221;. &nbsp;Sem aproveitar o tempo ocioso para estudar futebol, aguardam um chamado de um clube em crise para voltar \u00e0 ribalta com seus dotes de professores. A maioria deles de conte\u00fado a encher uma caixa de f\u00f3sforos.<\/p>\n<figure id=\"attachment_39178\" aria-describedby=\"caption-attachment-39178\" style=\"width: 940px\" class=\"wp-caption alignnone\"><img data-recalc-dims=\"1\" loading=\"lazy\" decoding=\"async\" data-attachment-id=\"39178\" data-permalink=\"https:\/\/blogdoprosperi.com\/?attachment_id=39178\" data-orig-file=\"https:\/\/i0.wp.com\/blogdoprosperi.com\/wp-content\/uploads\/2022\/08\/51337276841-6664c4d22c-4k.webp?fit=984%2C656&amp;ssl=1\" data-orig-size=\"984,656\" data-comments-opened=\"1\" data-image-meta=\"{&quot;aperture&quot;:&quot;0&quot;,&quot;credit&quot;:&quot;&quot;,&quot;camera&quot;:&quot;&quot;,&quot;caption&quot;:&quot;&quot;,&quot;created_timestamp&quot;:&quot;0&quot;,&quot;copyright&quot;:&quot;&quot;,&quot;focal_length&quot;:&quot;0&quot;,&quot;iso&quot;:&quot;0&quot;,&quot;shutter_speed&quot;:&quot;0&quot;,&quot;title&quot;:&quot;&quot;,&quot;orientation&quot;:&quot;0&quot;}\" data-image-title=\"Cuca ponta dedo a Abel\" data-image-description=\"\" data-image-caption=\"&lt;p&gt;foto: Perdo Souza\/ Atl\u00e9tico-MG&lt;\/p&gt;\n\" data-large-file=\"https:\/\/i0.wp.com\/blogdoprosperi.com\/wp-content\/uploads\/2022\/08\/51337276841-6664c4d22c-4k.webp?fit=940%2C627&amp;ssl=1\" class=\"size-large wp-image-39178\" src=\"https:\/\/i0.wp.com\/blogdoprosperi.com\/wp-content\/uploads\/2022\/08\/51337276841-6664c4d22c-4k.webp?resize=940%2C627&#038;ssl=1\" alt=\"\" width=\"940\" height=\"627\"><figcaption id=\"caption-attachment-39178\" class=\"wp-caption-text\">Cuca, sem clube em mar\u00e7o de 2023 \u2013 foto: Pedro Souza\/ Atl\u00e9tico-MG<\/figcaption><\/figure>\n<p>&nbsp;<\/p>\n<p><strong>T\u00e9cnicos estrangeiros na S\u00e9rie A do Brasileir\u00e3o 2023:<\/strong><\/p>\n<p>Atl\u00e9tico-MG \u2013 Eduardo Coudet (argentino)<\/p>\n<p>Bahia \u2013 Renato Paiva (portugu\u00eas)<\/p>\n<p>Botafogo \u2013 Luis Castro (portugu\u00eas)<\/p>\n<p>Bragantino \u2013 Pedro Caixinha (portugu\u00eas)<\/p>\n<p>Coritiba \u2013 Antonio Oliveira (portugu\u00eas)<\/p>\n<p>Cruzeiro \u2013 Paulo Pezzolano (uruguaio)<\/p>\n<p>Cuiab\u00e1 \u2013 Ivo Vieira (portugu\u00eas)<\/p>\n<p>Palmeiras \u2013 Abel Ferreira (portugu\u00eas)<\/p>\n<p>Flamengo \u2013 V\u00edtor Pereira (portugu\u00eas)<\/p>\n<p>Fortaleza \u2013 Juan Pablo Vojvoda (argentino)<\/p>\n<hr>\n<p><em><strong>S\u00e3o Paulo 10 mar\u00e7o 2023. Por Luiz Ant\u00f4nio Pr\u00f3speri<\/strong><\/em><\/p>\n","protected":false},"excerpt":{"rendered":"<p>Da revoada de t\u00e9cnicos portugueses em alta no Brasil desde 2019, apenas Jorge Jesus e Abel Ferreira podem estufar o peito: Sim, ensinamos futebol aos brasileiros<\/p>\n","protected":false},"author":102107496,"featured_media":41512,"comment_status":"open","ping_status":"open","sticky":false,"template":"","format":"standard","meta":{"_coblocks_attr":"","_coblocks_dimensions":"","_coblocks_responsive_height":"","_coblocks_accordion_ie_support":"","_jetpack_newsletter_access":"","_jetpack_dont_email_post_to_subs":false,"_jetpack_newsletter_tier_id":0,"_jetpack_memberships_contains_paywalled_content":false,"_wpcom_ai_launchpad_first_post":false,"_jetpack_feature_clip_id":0,"_jetpack_memberships_contains_paid_content":false,"footnotes":"","jetpack_publicize_message":"","jetpack_publicize_feature_enabled":true,"jetpack_social_post_already_shared":false,"jetpack_social_options":{"image_generator_settings":{"template":"highway","default_image_id":0,"font":"","enabled":false},"version":2},"jetpack_post_was_ever_published":false},"categories":[355071,53870,758801836],"tags":[4200771,789560569,449299,789560560,287104,7465559,9570347],"class_list":["post-41504","post","type-post","status-publish","format-standard","has-post-thumbnail","hentry","category-campeonato-brasileiro","category-futebol","category-futebol-2023","tag-abel-ferreira","tag-cbf","tag-flamengo","tag-futebol","tag-palmeiras","tag-tecnico-portugues","tag-vitor-pereira"],"yoast_head":"<!-- This site is optimized with the Yoast SEO plugin v28.3 - https:\/\/yoast.com\/product\/yoast-seo-wordpress\/ -->\n<title>Piada de portugu\u00eas: Vamos ensinar futebol aos brasileiros - PR\u00d3SPERI NEWS<\/title>\n<meta name=\"robots\" content=\"index, follow, max-snippet:-1, max-image-preview:large, max-video-preview:-1\" \/>\n<link rel=\"canonical\" href=\"https:\/\/blogdoprosperi.com\/?p=41504\" \/>\n<meta property=\"og:locale\" content=\"pt_BR\" \/>\n<meta property=\"og:type\" content=\"article\" \/>\n<meta property=\"og:title\" content=\"Piada de portugu\u00eas: Vamos ensinar futebol aos brasileiros - PR\u00d3SPERI NEWS\" \/>\n<meta property=\"og:description\" content=\"Da revoada de t\u00e9cnicos portugueses em alta no Brasil desde 2019, apenas Jorge Jesus e Abel Ferreira podem estufar o peito: Sim, ensinamos futebol aos brasileiros\" \/>\n<meta property=\"og:url\" content=\"https:\/\/blogdoprosperi.com\/?p=41504\" \/>\n<meta property=\"og:site_name\" content=\"PR\u00d3SPERI NEWS\" \/>\n<meta property=\"article:publisher\" content=\"Luiz Pr\u00f3speri\" \/>\n<meta property=\"article:author\" content=\"Luiz Pr\u00f3speri\" \/>\n<meta property=\"article:published_time\" content=\"2023-03-10T14:57:46+00:00\" \/>\n<meta property=\"article:modified_time\" content=\"2023-03-10T17:33:53+00:00\" \/>\n<meta property=\"og:image\" content=\"https:\/\/i0.wp.com\/blogdoprosperi.com\/wp-content\/uploads\/2023\/03\/1024.jpg?fit=1024%2C576&ssl=1\" \/>\n\t<meta property=\"og:image:width\" content=\"1024\" \/>\n\t<meta property=\"og:image:height\" content=\"576\" \/>\n\t<meta property=\"og:image:type\" content=\"image\/jpeg\" \/>\n<meta name=\"author\" content=\"Luiz Ant\u00f4nio Pr\u00f3speri\" \/>\n<meta name=\"twitter:card\" content=\"summary_large_image\" \/>\n<meta name=\"twitter:creator\" content=\"@Luizprosperi\" \/>\n<meta name=\"twitter:site\" content=\"@Luizprosperi\" \/>\n<meta name=\"twitter:label1\" content=\"Escrito por\" \/>\n\t<meta name=\"twitter:data1\" content=\"Luiz Ant\u00f4nio Pr\u00f3speri\" \/>\n\t<meta name=\"twitter:label2\" content=\"Est. tempo de leitura\" \/>\n\t<meta name=\"twitter:data2\" content=\"3 minutos\" \/>\n<script type=\"application\/ld+json\" class=\"yoast-schema-graph\">{\"@context\":\"https:\\\/\\\/schema.org\",\"@graph\":[{\"@type\":\"Article\",\"@id\":\"https:\\\/\\\/blogdoprosperi.com\\\/?p=41504#article\",\"isPartOf\":{\"@id\":\"https:\\\/\\\/blogdoprosperi.com\\\/?p=41504\"},\"author\":{\"name\":\"Luiz Ant\u00f4nio Pr\u00f3speri\",\"@id\":\"https:\\\/\\\/blogdoprosperi.com\\\/#\\\/schema\\\/person\\\/38100755ce3601861ee4fab9b5aa78e9\"},\"headline\":\"Piada de portugu\u00eas: Vamos ensinar futebol aos brasileiros\",\"datePublished\":\"2023-03-10T14:57:46+00:00\",\"dateModified\":\"2023-03-10T17:33:53+00:00\",\"mainEntityOfPage\":{\"@id\":\"https:\\\/\\\/blogdoprosperi.com\\\/?p=41504\"},\"wordCount\":527,\"commentCount\":0,\"publisher\":{\"@id\":\"https:\\\/\\\/blogdoprosperi.com\\\/#\\\/schema\\\/person\\\/38100755ce3601861ee4fab9b5aa78e9\"},\"image\":{\"@id\":\"https:\\\/\\\/blogdoprosperi.com\\\/?p=41504#primaryimage\"},\"thumbnailUrl\":\"https:\\\/\\\/i0.wp.com\\\/blogdoprosperi.com\\\/wp-content\\\/uploads\\\/2023\\\/03\\\/1024.jpg?fit=1024%2C576&ssl=1\",\"keywords\":[\"abel ferreira\",\"CBF\",\"Flamengo\",\"futebol\",\"Palmeiras\",\"t\u00e9cnico portugu\u00eas\",\"vitor pereira\"],\"articleSection\":[\"Campeonato Brasileiro\",\"futebol\",\"futebol 2023\"],\"inLanguage\":\"pt-BR\",\"potentialAction\":[{\"@type\":\"CommentAction\",\"name\":\"Comment\",\"target\":[\"https:\\\/\\\/blogdoprosperi.com\\\/?p=41504#respond\"]}]},{\"@type\":\"WebPage\",\"@id\":\"https:\\\/\\\/blogdoprosperi.com\\\/?p=41504\",\"url\":\"https:\\\/\\\/blogdoprosperi.com\\\/?p=41504\",\"name\":\"Piada de portugu\u00eas: Vamos ensinar futebol aos brasileiros - PR\u00d3SPERI NEWS\",\"isPartOf\":{\"@id\":\"https:\\\/\\\/blogdoprosperi.com\\\/#website\"},\"primaryImageOfPage\":{\"@id\":\"https:\\\/\\\/blogdoprosperi.com\\\/?p=41504#primaryimage\"},\"image\":{\"@id\":\"https:\\\/\\\/blogdoprosperi.com\\\/?p=41504#primaryimage\"},\"thumbnailUrl\":\"https:\\\/\\\/i0.wp.com\\\/blogdoprosperi.com\\\/wp-content\\\/uploads\\\/2023\\\/03\\\/1024.jpg?fit=1024%2C576&ssl=1\",\"datePublished\":\"2023-03-10T14:57:46+00:00\",\"dateModified\":\"2023-03-10T17:33:53+00:00\",\"breadcrumb\":{\"@id\":\"https:\\\/\\\/blogdoprosperi.com\\\/?p=41504#breadcrumb\"},\"inLanguage\":\"pt-BR\",\"potentialAction\":[{\"@type\":\"ReadAction\",\"target\":[\"https:\\\/\\\/blogdoprosperi.com\\\/?p=41504\"]}]},{\"@type\":\"ImageObject\",\"inLanguage\":\"pt-BR\",\"@id\":\"https:\\\/\\\/blogdoprosperi.com\\\/?p=41504#primaryimage\",\"url\":\"https:\\\/\\\/i0.wp.com\\\/blogdoprosperi.com\\\/wp-content\\\/uploads\\\/2023\\\/03\\\/1024.jpg?fit=1024%2C576&ssl=1\",\"contentUrl\":\"https:\\\/\\\/i0.wp.com\\\/blogdoprosperi.com\\\/wp-content\\\/uploads\\\/2023\\\/03\\\/1024.jpg?fit=1024%2C576&ssl=1\",\"width\":1024,\"height\":576,\"caption\":\"V\u00edtor Pereira vive crise no Flamengo \u2013 foto: Flamengo oficial\"},{\"@type\":\"BreadcrumbList\",\"@id\":\"https:\\\/\\\/blogdoprosperi.com\\\/?p=41504#breadcrumb\",\"itemListElement\":[{\"@type\":\"ListItem\",\"position\":1,\"name\":\"In\u00edcio\",\"item\":\"https:\\\/\\\/blogdoprosperi.com\\\/\"},{\"@type\":\"ListItem\",\"position\":2,\"name\":\"Piada de portugu\u00eas: Vamos ensinar futebol aos brasileiros\"}]},{\"@type\":\"WebSite\",\"@id\":\"https:\\\/\\\/blogdoprosperi.com\\\/#website\",\"url\":\"https:\\\/\\\/blogdoprosperi.com\\\/\",\"name\":\"PR\u00d3SPERI NEWS\",\"description\":\"TUDO \u00c9  FUTEBOL\",\"publisher\":{\"@id\":\"https:\\\/\\\/blogdoprosperi.com\\\/#\\\/schema\\\/person\\\/38100755ce3601861ee4fab9b5aa78e9\"},\"alternateName\":\"blogdoprosperi.com\",\"potentialAction\":[{\"@type\":\"SearchAction\",\"target\":{\"@type\":\"EntryPoint\",\"urlTemplate\":\"https:\\\/\\\/blogdoprosperi.com\\\/?s={search_term_string}\"},\"query-input\":{\"@type\":\"PropertyValueSpecification\",\"valueRequired\":true,\"valueName\":\"search_term_string\"}}],\"inLanguage\":\"pt-BR\"},{\"@type\":[\"Person\",\"Organization\"],\"@id\":\"https:\\\/\\\/blogdoprosperi.com\\\/#\\\/schema\\\/person\\\/38100755ce3601861ee4fab9b5aa78e9\",\"name\":\"Luiz Ant\u00f4nio Pr\u00f3speri\",\"pronouns\":\"ele\",\"image\":{\"@type\":\"ImageObject\",\"inLanguage\":\"pt-BR\",\"@id\":\"https:\\\/\\\/i0.wp.com\\\/blogdoprosperi.com\\\/wp-content\\\/uploads\\\/2026\\\/05\\\/cropped-8059e613-6002-42fa-961e-8e275f575d71-2-5.jpg?fit=1360%2C931&ssl=1\",\"url\":\"https:\\\/\\\/i0.wp.com\\\/blogdoprosperi.com\\\/wp-content\\\/uploads\\\/2026\\\/05\\\/cropped-8059e613-6002-42fa-961e-8e275f575d71-2-5.jpg?fit=1360%2C931&ssl=1\",\"contentUrl\":\"https:\\\/\\\/i0.wp.com\\\/blogdoprosperi.com\\\/wp-content\\\/uploads\\\/2026\\\/05\\\/cropped-8059e613-6002-42fa-961e-8e275f575d71-2-5.jpg?fit=1360%2C931&ssl=1\",\"width\":1360,\"height\":931,\"caption\":\"Luiz Ant\u00f4nio Pr\u00f3speri\"},\"logo\":{\"@id\":\"https:\\\/\\\/i0.wp.com\\\/blogdoprosperi.com\\\/wp-content\\\/uploads\\\/2026\\\/05\\\/cropped-8059e613-6002-42fa-961e-8e275f575d71-2-5.jpg?fit=1360%2C931&ssl=1\"},\"description\":\"Jornalista com carreira dedicada ao esporte. Cobriu 9 Copas do Mundo in loco, 1990 na It\u00e1lia, 1994 nos EUA, 1998 na Fran\u00e7a, 2002 na Coreia do Sul e Jap\u00e3o, 2006 na Alemanha, 2010 na \u00c1frica do Sul, 2014 no Brasil, 2018 na R\u00fassia e 2022 no Qatar. Eurocopas, 1992 na Su\u00e9cia e 1996 na Inglaterra. Copa das Confedera\u00e7\u00f5es de 2005 na Alemanha e 2009 na \u00c1frica do Sul. Rep\u00f3rter e Editor, trabalhou no Jornal da Tarde e Estad\u00e3o, de 1984 a fevereiro de 2016. Colunista, blogueiro. E comentarista de futebol na R\u00e1dio Estad\u00e3o, de 2013 a fevereiro de 2016. Jornalista respons\u00e1vel do \\\"Pr\u00f3speri News\\\" (blogdoprosperi.com).\",\"sameAs\":[\"http:\\\/\\\/blogdoprosperi.com\",\"Luiz Pr\u00f3speri\",\"@luiz_prosperi\",\"https:\\\/\\\/x.com\\\/Luizprosperi\",\"@prosperinacopa\",\"luiz.prosperi@icloud.com\"],\"url\":\"https:\\\/\\\/blogdoprosperi.com\\\/?author=102107496\"}]}<\/script>\n<!-- \/ Yoast SEO plugin. -->","yoast_head_json":{"title":"Piada de portugu\u00eas: Vamos ensinar futebol aos brasileiros - PR\u00d3SPERI NEWS","robots":{"index":"index","follow":"follow","max-snippet":"max-snippet:-1","max-image-preview":"max-image-preview:large","max-video-preview":"max-video-preview:-1"},"canonical":"https:\/\/blogdoprosperi.com\/?p=41504","og_locale":"pt_BR","og_type":"article","og_title":"Piada de portugu\u00eas: Vamos ensinar futebol aos brasileiros - PR\u00d3SPERI NEWS","og_description":"Da revoada de t\u00e9cnicos portugueses em alta no Brasil desde 2019, apenas Jorge Jesus e Abel Ferreira podem estufar o peito: Sim, ensinamos futebol aos brasileiros","og_url":"https:\/\/blogdoprosperi.com\/?p=41504","og_site_name":"PR\u00d3SPERI NEWS","article_publisher":"Luiz Pr\u00f3speri","article_author":"Luiz Pr\u00f3speri","article_published_time":"2023-03-10T14:57:46+00:00","article_modified_time":"2023-03-10T17:33:53+00:00","og_image":[{"width":1024,"height":576,"url":"https:\/\/i0.wp.com\/blogdoprosperi.com\/wp-content\/uploads\/2023\/03\/1024.jpg?fit=1024%2C576&ssl=1","type":"image\/jpeg"}],"author":"Luiz Ant\u00f4nio Pr\u00f3speri","twitter_card":"summary_large_image","twitter_creator":"@Luizprosperi","twitter_site":"@Luizprosperi","twitter_misc":{"Escrito por":"Luiz Ant\u00f4nio Pr\u00f3speri","Est. tempo de leitura":"3 minutos"},"schema":{"@context":"https:\/\/schema.org","@graph":[{"@type":"Article","@id":"https:\/\/blogdoprosperi.com\/?p=41504#article","isPartOf":{"@id":"https:\/\/blogdoprosperi.com\/?p=41504"},"author":{"name":"Luiz Ant\u00f4nio Pr\u00f3speri","@id":"https:\/\/blogdoprosperi.com\/#\/schema\/person\/38100755ce3601861ee4fab9b5aa78e9"},"headline":"Piada de portugu\u00eas: Vamos ensinar futebol aos brasileiros","datePublished":"2023-03-10T14:57:46+00:00","dateModified":"2023-03-10T17:33:53+00:00","mainEntityOfPage":{"@id":"https:\/\/blogdoprosperi.com\/?p=41504"},"wordCount":527,"commentCount":0,"publisher":{"@id":"https:\/\/blogdoprosperi.com\/#\/schema\/person\/38100755ce3601861ee4fab9b5aa78e9"},"image":{"@id":"https:\/\/blogdoprosperi.com\/?p=41504#primaryimage"},"thumbnailUrl":"https:\/\/i0.wp.com\/blogdoprosperi.com\/wp-content\/uploads\/2023\/03\/1024.jpg?fit=1024%2C576&ssl=1","keywords":["abel ferreira","CBF","Flamengo","futebol","Palmeiras","t\u00e9cnico portugu\u00eas","vitor pereira"],"articleSection":["Campeonato Brasileiro","futebol","futebol 2023"],"inLanguage":"pt-BR","potentialAction":[{"@type":"CommentAction","name":"Comment","target":["https:\/\/blogdoprosperi.com\/?p=41504#respond"]}]},{"@type":"WebPage","@id":"https:\/\/blogdoprosperi.com\/?p=41504","url":"https:\/\/blogdoprosperi.com\/?p=41504","name":"Piada de portugu\u00eas: Vamos ensinar futebol aos brasileiros - PR\u00d3SPERI NEWS","isPartOf":{"@id":"https:\/\/blogdoprosperi.com\/#website"},"primaryImageOfPage":{"@id":"https:\/\/blogdoprosperi.com\/?p=41504#primaryimage"},"image":{"@id":"https:\/\/blogdoprosperi.com\/?p=41504#primaryimage"},"thumbnailUrl":"https:\/\/i0.wp.com\/blogdoprosperi.com\/wp-content\/uploads\/2023\/03\/1024.jpg?fit=1024%2C576&ssl=1","datePublished":"2023-03-10T14:57:46+00:00","dateModified":"2023-03-10T17:33:53+00:00","breadcrumb":{"@id":"https:\/\/blogdoprosperi.com\/?p=41504#breadcrumb"},"inLanguage":"pt-BR","potentialAction":[{"@type":"ReadAction","target":["https:\/\/blogdoprosperi.com\/?p=41504"]}]},{"@type":"ImageObject","inLanguage":"pt-BR","@id":"https:\/\/blogdoprosperi.com\/?p=41504#primaryimage","url":"https:\/\/i0.wp.com\/blogdoprosperi.com\/wp-content\/uploads\/2023\/03\/1024.jpg?fit=1024%2C576&ssl=1","contentUrl":"https:\/\/i0.wp.com\/blogdoprosperi.com\/wp-content\/uploads\/2023\/03\/1024.jpg?fit=1024%2C576&ssl=1","width":1024,"height":576,"caption":"V\u00edtor Pereira vive crise no Flamengo \u2013 foto: Flamengo oficial"},{"@type":"BreadcrumbList","@id":"https:\/\/blogdoprosperi.com\/?p=41504#breadcrumb","itemListElement":[{"@type":"ListItem","position":1,"name":"In\u00edcio","item":"https:\/\/blogdoprosperi.com\/"},{"@type":"ListItem","position":2,"name":"Piada de portugu\u00eas: Vamos ensinar futebol aos brasileiros"}]},{"@type":"WebSite","@id":"https:\/\/blogdoprosperi.com\/#website","url":"https:\/\/blogdoprosperi.com\/","name":"PR\u00d3SPERI NEWS","description":"TUDO \u00c9  FUTEBOL","publisher":{"@id":"https:\/\/blogdoprosperi.com\/#\/schema\/person\/38100755ce3601861ee4fab9b5aa78e9"},"alternateName":"blogdoprosperi.com","potentialAction":[{"@type":"SearchAction","target":{"@type":"EntryPoint","urlTemplate":"https:\/\/blogdoprosperi.com\/?s={search_term_string}"},"query-input":{"@type":"PropertyValueSpecification","valueRequired":true,"valueName":"search_term_string"}}],"inLanguage":"pt-BR"},{"@type":["Person","Organization"],"@id":"https:\/\/blogdoprosperi.com\/#\/schema\/person\/38100755ce3601861ee4fab9b5aa78e9","name":"Luiz Ant\u00f4nio Pr\u00f3speri","pronouns":"ele","image":{"@type":"ImageObject","inLanguage":"pt-BR","@id":"https:\/\/i0.wp.com\/blogdoprosperi.com\/wp-content\/uploads\/2026\/05\/cropped-8059e613-6002-42fa-961e-8e275f575d71-2-5.jpg?fit=1360%2C931&ssl=1","url":"https:\/\/i0.wp.com\/blogdoprosperi.com\/wp-content\/uploads\/2026\/05\/cropped-8059e613-6002-42fa-961e-8e275f575d71-2-5.jpg?fit=1360%2C931&ssl=1","contentUrl":"https:\/\/i0.wp.com\/blogdoprosperi.com\/wp-content\/uploads\/2026\/05\/cropped-8059e613-6002-42fa-961e-8e275f575d71-2-5.jpg?fit=1360%2C931&ssl=1","width":1360,"height":931,"caption":"Luiz Ant\u00f4nio Pr\u00f3speri"},"logo":{"@id":"https:\/\/i0.wp.com\/blogdoprosperi.com\/wp-content\/uploads\/2026\/05\/cropped-8059e613-6002-42fa-961e-8e275f575d71-2-5.jpg?fit=1360%2C931&ssl=1"},"description":"Jornalista com carreira dedicada ao esporte. Cobriu 9 Copas do Mundo in loco, 1990 na It\u00e1lia, 1994 nos EUA, 1998 na Fran\u00e7a, 2002 na Coreia do Sul e Jap\u00e3o, 2006 na Alemanha, 2010 na \u00c1frica do Sul, 2014 no Brasil, 2018 na R\u00fassia e 2022 no Qatar. Eurocopas, 1992 na Su\u00e9cia e 1996 na Inglaterra. Copa das Confedera\u00e7\u00f5es de 2005 na Alemanha e 2009 na \u00c1frica do Sul. Rep\u00f3rter e Editor, trabalhou no Jornal da Tarde e Estad\u00e3o, de 1984 a fevereiro de 2016. Colunista, blogueiro. E comentarista de futebol na R\u00e1dio Estad\u00e3o, de 2013 a fevereiro de 2016. Jornalista respons\u00e1vel do \"Pr\u00f3speri News\" (blogdoprosperi.com).","sameAs":["http:\/\/blogdoprosperi.com","Luiz Pr\u00f3speri","@luiz_prosperi","https:\/\/x.com\/Luizprosperi","@prosperinacopa","luiz.prosperi@icloud.com"],"url":"https:\/\/blogdoprosperi.com\/?author=102107496"}]}},"jetpack_publicize_connections":[],"jetpack_likes_enabled":false,"jetpack_sharing_enabled":true,"jetpack_shortlink":"https:\/\/wp.me\/p7jvdk-aNq","jetpack-related-posts":[{"id":41327,"url":"https:\/\/blogdoprosperi.com\/?p=41327","url_meta":{"origin":41504,"position":0},"title":"Palmeiras vence Flamengo, leva Supercopa e Abel vira prioridade da Sele\u00e7\u00e3o","author":"Luiz Ant\u00f4nio Pr\u00f3speri","date":"28 de janeiro de 2023","format":false,"excerpt":"Se um analista estrangeiro olhar o jogo com a lupa da imparcialidade, vai observar que Abel n\u00e3o deu a Vitor Pereira a menor chance de sair das amarras. Palmeiras campe\u00e3o da Supercopa.","rel":"","context":"Em &quot;CBF&quot;","block_context":{"text":"CBF","link":"https:\/\/blogdoprosperi.com\/?cat=570700"},"img":{"alt_text":"","src":"https:\/\/i0.wp.com\/blogdoprosperi.com\/wp-content\/uploads\/2023\/01\/52654938326_bd288e38ed_c.jpg?fit=800%2C450&ssl=1&resize=350%2C200","width":350,"height":200,"srcset":"https:\/\/i0.wp.com\/blogdoprosperi.com\/wp-content\/uploads\/2023\/01\/52654938326_bd288e38ed_c.jpg?fit=800%2C450&ssl=1&resize=350%2C200 1x, https:\/\/i0.wp.com\/blogdoprosperi.com\/wp-content\/uploads\/2023\/01\/52654938326_bd288e38ed_c.jpg?fit=800%2C450&ssl=1&resize=525%2C300 1.5x, https:\/\/i0.wp.com\/blogdoprosperi.com\/wp-content\/uploads\/2023\/01\/52654938326_bd288e38ed_c.jpg?fit=800%2C450&ssl=1&resize=700%2C400 2x"},"classes":[]},{"id":45586,"url":"https:\/\/blogdoprosperi.com\/?p=45586","url_meta":{"origin":41504,"position":1},"title":"Tite Fora do Flamengo, Palmeiras Divertida Mente e Memphis Engana o Corinthians","author":"Luiz Ant\u00f4nio Pr\u00f3speri","date":"30 de setembro de 2024","format":false,"excerpt":"Luiz Ant\u00f4nio Pr\u00f3speri \u2013 30 setembro (13h15) Tite cai no Flamengo, demitido na madrugada de segunda-feira (30\/9). Abel Ferreira mostra como remonta o Palmeiras em busca do tri recorrendo ao filme \"Divertida Mente\" da Disney. Corinthians \u00e0 beira do abismo e sem ajuda de Memphis. E a crise sem fim\u2026","rel":"","context":"Em &quot;futebol&quot;","block_context":{"text":"futebol","link":"https:\/\/blogdoprosperi.com\/?cat=53870"},"img":{"alt_text":"Tite fora do Flamengo","src":"https:\/\/i0.wp.com\/blogdoprosperi.com\/wp-content\/uploads\/2024\/09\/b2-1.png?fit=1024%2C803&ssl=1&resize=350%2C200","width":350,"height":200,"srcset":"https:\/\/i0.wp.com\/blogdoprosperi.com\/wp-content\/uploads\/2024\/09\/b2-1.png?fit=1024%2C803&ssl=1&resize=350%2C200 1x, https:\/\/i0.wp.com\/blogdoprosperi.com\/wp-content\/uploads\/2024\/09\/b2-1.png?fit=1024%2C803&ssl=1&resize=525%2C300 1.5x, https:\/\/i0.wp.com\/blogdoprosperi.com\/wp-content\/uploads\/2024\/09\/b2-1.png?fit=1024%2C803&ssl=1&resize=700%2C400 2x"},"classes":[]},{"id":38873,"url":"https:\/\/blogdoprosperi.com\/?p=38873","url_meta":{"origin":41504,"position":2},"title":"Palmeiras: Abel Ferreira rebaixa treinadores brasileiros com tri da Libertadores","author":"Luiz Ant\u00f4nio Pr\u00f3speri","date":"27 de novembro de 2021","format":false,"excerpt":"Palmeiras tricampe\u00e3o da Libertadores. Nada de anormal quando se tem no comando um t\u00e9cnico acima da m\u00e9dia no futebol brasileiro. Abel Ferreira, com perd\u00e3o dos nossos treinadores, \u00e9 catedr\u00e1tico, preciso e farol. A hist\u00f3ria da conquista em cima do Flamengo neste 2021 escancara a diferen\u00e7a entre Abel e Renato Ga\u00facho,\u2026","rel":"","context":"Em &quot;futebol&quot;","block_context":{"text":"futebol","link":"https:\/\/blogdoprosperi.com\/?cat=53870"},"img":{"alt_text":"Palmeiras tria da Libertadores","src":"https:\/\/i0.wp.com\/blogdoprosperi.com\/wp-content\/uploads\/2021\/11\/51709225031_310b67217f_w.jpg?fit=400%2C225&ssl=1&resize=350%2C200","width":350,"height":200},"classes":[]},{"id":53559,"url":"https:\/\/blogdoprosperi.com\/?p=53559","url_meta":{"origin":41504,"position":3},"title":"Palmeiras e Abel Ferreira juntos at\u00e9 2027 | Clube Deveria Renovar Contrato do &#8220;Pardal&#8221;","author":"Luiz Ant\u00f4nio Pr\u00f3speri","date":"18 de julho de 2025","format":false,"excerpt":"Luiz Ant\u00f4nio Pr\u00f3speri \u2013 18 julho (12h31) \u2013 Palmeiras tem na mesa do t\u00e9cnico Abel Ferreira a minuta de renova\u00e7\u00e3o do contrato at\u00e9 dezembro de 2027. Cabe ao treinador portugu\u00eas aceitar e autenticar o documento com sua assinatura. Esse \u00e9 o desejo expl\u00edcito da presidenta Leila Pereira. Por ela, Abel\u2026","rel":"","context":"Em &quot;brasileir\u00e3o 2025&quot;","block_context":{"text":"brasileir\u00e3o 2025","link":"https:\/\/blogdoprosperi.com\/?cat=775970846"},"img":{"alt_text":"Abel Ferreira e Palmeiras at\u00e9 2027","src":"https:\/\/i0.wp.com\/blogdoprosperi.com\/wp-content\/uploads\/2025\/07\/bca581771a805af4fc64bc769c7becc9.jpg?fit=790%2C474&ssl=1&resize=350%2C200","width":350,"height":200,"srcset":"https:\/\/i0.wp.com\/blogdoprosperi.com\/wp-content\/uploads\/2025\/07\/bca581771a805af4fc64bc769c7becc9.jpg?fit=790%2C474&ssl=1&resize=350%2C200 1x, https:\/\/i0.wp.com\/blogdoprosperi.com\/wp-content\/uploads\/2025\/07\/bca581771a805af4fc64bc769c7becc9.jpg?fit=790%2C474&ssl=1&resize=525%2C300 1.5x, https:\/\/i0.wp.com\/blogdoprosperi.com\/wp-content\/uploads\/2025\/07\/bca581771a805af4fc64bc769c7becc9.jpg?fit=790%2C474&ssl=1&resize=700%2C400 2x"},"classes":[]},{"id":41366,"url":"https:\/\/blogdoprosperi.com\/?p=41366","url_meta":{"origin":41504,"position":4},"title":"Sele\u00e7\u00e3o Brasileira: Palmeiras pode ajudar CBF na escolha do sucessor de Tite","author":"Luiz Ant\u00f4nio Pr\u00f3speri","date":"2 de fevereiro de 2023","format":false,"excerpt":"CBF vive drama na escolha do novo t\u00e9cnico da Sele\u00e7\u00e3o Brasileira. Se Abel Ferreira n\u00e3o pode, por que n\u00e3o Paulo Victor, do Sub-20 do Palmeiras, campe\u00e3o de tudo? Mira exemplo da Argentina, campe\u00e3 da Copa 2022.","rel":"","context":"Em &quot;Campeonato Brasileiro&quot;","block_context":{"text":"Campeonato Brasileiro","link":"https:\/\/blogdoprosperi.com\/?cat=355071"},"img":{"alt_text":"","src":"https:\/\/i0.wp.com\/blogdoprosperi.com\/wp-content\/uploads\/2023\/02\/pv-trabalhou-na-selecao-de-2017-a-2021.jpg?fit=1200%2C800&ssl=1&resize=350%2C200","width":350,"height":200,"srcset":"https:\/\/i0.wp.com\/blogdoprosperi.com\/wp-content\/uploads\/2023\/02\/pv-trabalhou-na-selecao-de-2017-a-2021.jpg?fit=1200%2C800&ssl=1&resize=350%2C200 1x, https:\/\/i0.wp.com\/blogdoprosperi.com\/wp-content\/uploads\/2023\/02\/pv-trabalhou-na-selecao-de-2017-a-2021.jpg?fit=1200%2C800&ssl=1&resize=525%2C300 1.5x, https:\/\/i0.wp.com\/blogdoprosperi.com\/wp-content\/uploads\/2023\/02\/pv-trabalhou-na-selecao-de-2017-a-2021.jpg?fit=1200%2C800&ssl=1&resize=700%2C400 2x, https:\/\/i0.wp.com\/blogdoprosperi.com\/wp-content\/uploads\/2023\/02\/pv-trabalhou-na-selecao-de-2017-a-2021.jpg?fit=1200%2C800&ssl=1&resize=1050%2C600 3x"},"classes":[]},{"id":39158,"url":"https:\/\/blogdoprosperi.com\/?p=39158","url_meta":{"origin":41504,"position":5},"title":"Guerra dos Tronos: acirra batalha da vaidade entre treinadores no futebol brasileiro &#8211; Cuca x Abel","author":"Luiz Ant\u00f4nio Pr\u00f3speri","date":"15 de agosto de 2022","format":false,"excerpt":"Sucesso de Abel Ferreira no Palmeiras, ainda com pol\u00eamicas declara\u00e7\u00f5es, acirra batalhas entre t\u00e9cnicos como Cuca, Mano, Vitor Pereira e outros.","rel":"","context":"Em &quot;copa do mundo catar 2022&quot;","block_context":{"text":"copa do mundo catar 2022","link":"https:\/\/blogdoprosperi.com\/?cat=301049609"},"img":{"alt_text":"","src":"https:\/\/i0.wp.com\/blogdoprosperi.com\/wp-content\/uploads\/2022\/08\/51337276841-6664c4d22c-4k.webp?fit=984%2C656&ssl=1&resize=350%2C200","width":350,"height":200,"srcset":"https:\/\/i0.wp.com\/blogdoprosperi.com\/wp-content\/uploads\/2022\/08\/51337276841-6664c4d22c-4k.webp?fit=984%2C656&ssl=1&resize=350%2C200 1x, https:\/\/i0.wp.com\/blogdoprosperi.com\/wp-content\/uploads\/2022\/08\/51337276841-6664c4d22c-4k.webp?fit=984%2C656&ssl=1&resize=525%2C300 1.5x, https:\/\/i0.wp.com\/blogdoprosperi.com\/wp-content\/uploads\/2022\/08\/51337276841-6664c4d22c-4k.webp?fit=984%2C656&ssl=1&resize=700%2C400 2x"},"classes":[]}],"jetpack_featured_media_url":"https:\/\/i0.wp.com\/blogdoprosperi.com\/wp-content\/uploads\/2023\/03\/1024.jpg?fit=1024%2C576&ssl=1","_links":{"self":[{"href":"https:\/\/blogdoprosperi.com\/index.php?rest_route=\/wp\/v2\/posts\/41504","targetHints":{"allow":["GET"]}}],"collection":[{"href":"https:\/\/blogdoprosperi.com\/index.php?rest_route=\/wp\/v2\/posts"}],"about":[{"href":"https:\/\/blogdoprosperi.com\/index.php?rest_route=\/wp\/v2\/types\/post"}],"author":[{"embeddable":true,"href":"https:\/\/blogdoprosperi.com\/index.php?rest_route=\/wp\/v2\/users\/102107496"}],"replies":[{"embeddable":true,"href":"https:\/\/blogdoprosperi.com\/index.php?rest_route=%2Fwp%2Fv2%2Fcomments&post=41504"}],"version-history":[{"count":12,"href":"https:\/\/blogdoprosperi.com\/index.php?rest_route=\/wp\/v2\/posts\/41504\/revisions"}],"predecessor-version":[{"id":41518,"href":"https:\/\/blogdoprosperi.com\/index.php?rest_route=\/wp\/v2\/posts\/41504\/revisions\/41518"}],"wp:featuredmedia":[{"embeddable":true,"href":"https:\/\/blogdoprosperi.com\/index.php?rest_route=\/wp\/v2\/media\/41512"}],"wp:attachment":[{"href":"https:\/\/blogdoprosperi.com\/index.php?rest_route=%2Fwp%2Fv2%2Fmedia&parent=41504"}],"wp:term":[{"taxonomy":"category","embeddable":true,"href":"https:\/\/blogdoprosperi.com\/index.php?rest_route=%2Fwp%2Fv2%2Fcategories&post=41504"},{"taxonomy":"post_tag","embeddable":true,"href":"https:\/\/blogdoprosperi.com\/index.php?rest_route=%2Fwp%2Fv2%2Ftags&post=41504"}],"curies":[{"name":"wp","href":"https:\/\/api.w.org\/{rel}","templated":true}]}}