{"id":41520,"date":"2023-05-23T14:32:23","date_gmt":"2023-05-23T17:32:23","guid":{"rendered":"https:\/\/blogdoprosperi.com\/?p=41520"},"modified":"2023-05-23T16:07:49","modified_gmt":"2023-05-23T19:07:49","slug":"vinicius-jr-nao-olhe-no-espelho-de-neymar-e-gabigol","status":"publish","type":"post","link":"https:\/\/blogdoprosperi.com\/?p=41520","title":{"rendered":"Vinicius Jr, n\u00e3o olhe no espelho de Neymar e Gabigol"},"content":{"rendered":"<p>Vinicius Jr \u00e9 v\u00edtima de racismo no futebol espanhol em todos jogos do Real Madrid. Seja qual for o advers\u00e1rio ou torcida rival. Apanha de seus marcadores como um condenado, um pecador. Com a bola nos p\u00e9s ou n\u00e3o, \u00e9 provocado a todo instante. E n\u00e3o h\u00e1 ind\u00edcios de que esse cen\u00e1rio possa mudar.<\/p>\n<p>At\u00e9 aqui racistas n\u00e3o sofrem puni\u00e7\u00f5es por discrimina\u00e7\u00e3o a Vinicius. <span style=\"color: #0000ff\"><strong><a style=\"color: #0000ff\" href=\"https:\/\/blogdoprosperi.com\/2023\/01\/26\/vini-jr-sofre-novo-ato-de-racismo-sociedade-espanhola-se-cala-mais-uma-vez\/\">Entidades do futebol, como o pr\u00f3prio Real Madrid, n\u00e3o adotam provid\u00eancias severas contra racistas e provocadores.<\/a><\/strong><\/span> Nem mesmo a classe de jogadores e, de forma mais restrita os companheiros de time, toma uma posi\u00e7\u00e3o s\u00e9ria a favor de Vini Jr.<\/p>\n<p>No meio dessa tempestade e trovoadas cada vez mais intensas, Vini Jr reage nas redes sociais. E tira satisfa\u00e7\u00e3o frente aos seus agressores, de canelas e do verbo, no campo de jogo.<\/p>\n<p>Seu comportamento nos jogos, por mais adequado que seja, tem constru\u00eddo a imagem de que Vini \u00e9 um provocador, um esnobe, aos olhos dos advers\u00e1rios e de torcidas inimigas do Real.<\/p>\n<p><span style=\"color: #0000ff\"><strong><a style=\"color: #0000ff\" href=\"https:\/\/blogdoprosperi.com\/2022\/12\/31\/vini-jr-sofre-racismo-dois-dias-apos-morte-de-pele\/\">Vini, apesar da cruz a carregar<\/a><\/strong><\/span> e bater de frente com agressores, n\u00e3o pode se deixar levar por essa falsa imagem que detratores est\u00e3o construindo de seu comportamento no gramado.<\/p>\n<figure id=\"attachment_39522\" aria-describedby=\"caption-attachment-39522\" style=\"width: 940px\" class=\"wp-caption alignnone\"><img data-recalc-dims=\"1\" loading=\"lazy\" decoding=\"async\" data-attachment-id=\"39522\" data-permalink=\"https:\/\/blogdoprosperi.com\/?attachment_id=39522\" data-orig-file=\"https:\/\/i0.wp.com\/blogdoprosperi.com\/wp-content\/uploads\/2022\/09\/fop5egwxeaggf_u.jpg?fit=1406%2C1170&amp;ssl=1\" data-orig-size=\"1406,1170\" data-comments-opened=\"1\" data-image-meta=\"{&quot;aperture&quot;:&quot;0&quot;,&quot;credit&quot;:&quot;&quot;,&quot;camera&quot;:&quot;&quot;,&quot;caption&quot;:&quot;&quot;,&quot;created_timestamp&quot;:&quot;0&quot;,&quot;copyright&quot;:&quot;&quot;,&quot;focal_length&quot;:&quot;0&quot;,&quot;iso&quot;:&quot;0&quot;,&quot;shutter_speed&quot;:&quot;0&quot;,&quot;title&quot;:&quot;&quot;,&quot;orientation&quot;:&quot;0&quot;}\" data-image-title=\"Dancinha de Paquet\u00e1, Vini Jr e Neymar\" data-image-description=\"\" data-image-caption=\"&lt;p&gt;foto &amp;#8211; reprodu\u00e7\u00e3o TV&lt;\/p&gt;\n\" data-large-file=\"https:\/\/i0.wp.com\/blogdoprosperi.com\/wp-content\/uploads\/2022\/09\/fop5egwxeaggf_u.jpg?fit=940%2C782&amp;ssl=1\" src=\"https:\/\/i0.wp.com\/blogdoprosperi.com\/wp-content\/uploads\/2022\/09\/fop5egwxeaggf_u.jpg?resize=940%2C782&#038;ssl=1\" class=\"size-large wp-image-39522\" width=\"940\" height=\"782\" alt=\"\"><figcaption id=\"caption-attachment-39522\" class=\"wp-caption-text\">foto &#8211; reprodu\u00e7\u00e3o TV<\/figcaption><\/figure>\n<p>O espelho de Neymar n\u00e3o pode refletir a imagem de Vini.<\/p>\n<p>Neymar, por estilo de jogo e talento, \u00e9 visto por uma imensa maioria de advers\u00e1rios e torcedores amigos e inimigos como um provocador maior no futebol europeu. Aquele que n\u00e3o respeita o marcador, as leis do futebol.<\/p>\n<p>A fama de cai-cai est\u00e1 <span style=\"color: #0000ff\"><strong><a style=\"color: #0000ff\" href=\"https:\/\/blogdoprosperi.com\/2022\/12\/28\/neymar-passa-vergonha-na-volta-ao-psg-enquanto-isso-mbappe-brilha\/\">impregnada na cara de Neymar<\/a><\/strong><\/span>. Os abomin\u00e1veis memes da internet colam em Neymar como ferro soldado.<\/p>\n<p>Ca\u00e7ado ao se oferecer como ca\u00e7a predileta, Neymar perde a cada dia a batalha das les\u00f5es graves nos p\u00e9s m\u00e1gicos. E na famosa conta do custo e benef\u00edcio, tem acumulado preju\u00edzos.<\/p>\n<p>Vini Jr precisa sair de frente do espelho de Neymar. N\u00e3o se deixar engolir pela desprez\u00edvel verdade constru\u00edda por seus advers\u00e1rios e torcidas.<\/p>\n<p>Vini Jr tamb\u00e9m n\u00e3o cabe no <span style=\"color: #0000ff\"><strong><a style=\"color: #0000ff\" href=\"https:\/\/blogdoprosperi.com\/2023\/02\/07\/flamengo-cai-no-mundial-de-clubes-e-se-perde-no-labirinto\/\">espelho de Gabigol<\/a><\/strong><\/span>, \u00eddolo forjado no Flamengo como centro do universo, onde tudo pode e o que vale \u00e9 sua lei.<\/p>\n<p>Em vez de ser um sol do engano, como Gabigol, Vini seria mais feliz como um astro a mais, mas de brilho pr\u00f3prio, a humilhar seus detratores com dribles, gols e sorriso largo.<\/p>\n<hr>\n<p><strong><em>S\u00e3o Paulo 10 mar\u00e7o 2023. Por Luiz Ant\u00f4nio Pr\u00f3speri<\/em><\/strong><\/p>\n","protected":false},"excerpt":{"rendered":"<p>O espelho de Neymar n\u00e3o pode refletir a imagem de Vini. Neymar, por estilo de jogo e talento, \u00e9 visto por uma imensa maioria de advers\u00e1rios e torcedores como um provocador<\/p>\n","protected":false},"author":102107496,"featured_media":41528,"comment_status":"open","ping_status":"open","sticky":false,"template":"","format":"standard","meta":{"_coblocks_attr":"","_coblocks_dimensions":"","_coblocks_responsive_height":"","_coblocks_accordion_ie_support":"","_jetpack_newsletter_access":"","_jetpack_dont_email_post_to_subs":false,"_jetpack_newsletter_tier_id":0,"_jetpack_memberships_contains_paywalled_content":false,"_wpcom_ai_launchpad_first_post":false,"_jetpack_feature_clip_id":0,"_jetpack_memberships_contains_paid_content":false,"footnotes":"","jetpack_publicize_message":"","jetpack_publicize_feature_enabled":true,"jetpack_social_post_already_shared":false,"jetpack_social_options":{"image_generator_settings":{"template":"highway","default_image_id":0,"font":"","enabled":false},"version":2},"jetpack_post_was_ever_published":false},"categories":[355071,47094043,570700,9107,758801836,748518242,162432,174694],"tags":[789560569,449299,1868521,52406516,4112146,789560561,78820,646227778,522239197],"class_list":["post-41520","post","type-post","status-publish","format-standard","has-post-thumbnail","hentry","category-campeonato-brasileiro","category-catar-2022","category-cbf","category-champions-league","category-futebol-2023","category-libertadores-2023","category-racismo","category-selecao-brasileira","tag-cbf","tag-flamengo","tag-futebol-espanhol","tag-gabigol","tag-neymar","tag-racismo","tag-real-madrid","tag-vini-jr","tag-vinicius-jr"],"yoast_head":"<!-- This site is optimized with the Yoast SEO plugin v28.3 - https:\/\/yoast.com\/product\/yoast-seo-wordpress\/ -->\n<title>Vinicius Jr, n\u00e3o olhe no espelho de Neymar e Gabigol - PR\u00d3SPERI NEWS<\/title>\n<meta name=\"robots\" content=\"index, follow, max-snippet:-1, max-image-preview:large, max-video-preview:-1\" \/>\n<link rel=\"canonical\" href=\"https:\/\/blogdoprosperi.com\/?p=41520\" \/>\n<meta property=\"og:locale\" content=\"pt_BR\" \/>\n<meta property=\"og:type\" content=\"article\" \/>\n<meta property=\"og:title\" content=\"Vinicius Jr, n\u00e3o olhe no espelho de Neymar e Gabigol - PR\u00d3SPERI NEWS\" \/>\n<meta property=\"og:description\" content=\"O espelho de Neymar n\u00e3o pode refletir a imagem de Vini. Neymar, por estilo de jogo e talento, \u00e9 visto por uma imensa maioria de advers\u00e1rios e torcedores como um provocador\" \/>\n<meta property=\"og:url\" content=\"https:\/\/blogdoprosperi.com\/?p=41520\" \/>\n<meta property=\"og:site_name\" content=\"PR\u00d3SPERI NEWS\" \/>\n<meta property=\"article:publisher\" content=\"Luiz Pr\u00f3speri\" \/>\n<meta property=\"article:author\" content=\"Luiz Pr\u00f3speri\" \/>\n<meta property=\"article:published_time\" content=\"2023-05-23T17:32:23+00:00\" \/>\n<meta property=\"article:modified_time\" content=\"2023-05-23T19:07:49+00:00\" \/>\n<meta property=\"og:image\" content=\"https:\/\/i0.wp.com\/blogdoprosperi.com\/wp-content\/uploads\/2023\/03\/fqn6o6rxgaydnq7.jpeg?fit=1200%2C675&ssl=1\" \/>\n\t<meta property=\"og:image:width\" content=\"1200\" \/>\n\t<meta property=\"og:image:height\" content=\"675\" \/>\n\t<meta property=\"og:image:type\" content=\"image\/jpeg\" \/>\n<meta name=\"author\" content=\"Luiz Ant\u00f4nio Pr\u00f3speri\" \/>\n<meta name=\"twitter:card\" content=\"summary_large_image\" \/>\n<meta name=\"twitter:creator\" content=\"@Luizprosperi\" \/>\n<meta name=\"twitter:site\" content=\"@Luizprosperi\" \/>\n<meta name=\"twitter:label1\" content=\"Escrito por\" \/>\n\t<meta name=\"twitter:data1\" content=\"Luiz Ant\u00f4nio Pr\u00f3speri\" \/>\n\t<meta name=\"twitter:label2\" content=\"Est. tempo de leitura\" \/>\n\t<meta name=\"twitter:data2\" content=\"2 minutos\" \/>\n<script type=\"application\/ld+json\" class=\"yoast-schema-graph\">{\"@context\":\"https:\\\/\\\/schema.org\",\"@graph\":[{\"@type\":\"Article\",\"@id\":\"https:\\\/\\\/blogdoprosperi.com\\\/?p=41520#article\",\"isPartOf\":{\"@id\":\"https:\\\/\\\/blogdoprosperi.com\\\/?p=41520\"},\"author\":{\"name\":\"Luiz Ant\u00f4nio Pr\u00f3speri\",\"@id\":\"https:\\\/\\\/blogdoprosperi.com\\\/#\\\/schema\\\/person\\\/38100755ce3601861ee4fab9b5aa78e9\"},\"headline\":\"Vinicius Jr, n\u00e3o olhe no espelho de Neymar e Gabigol\",\"datePublished\":\"2023-05-23T17:32:23+00:00\",\"dateModified\":\"2023-05-23T19:07:49+00:00\",\"mainEntityOfPage\":{\"@id\":\"https:\\\/\\\/blogdoprosperi.com\\\/?p=41520\"},\"wordCount\":449,\"commentCount\":2,\"publisher\":{\"@id\":\"https:\\\/\\\/blogdoprosperi.com\\\/#\\\/schema\\\/person\\\/38100755ce3601861ee4fab9b5aa78e9\"},\"image\":{\"@id\":\"https:\\\/\\\/blogdoprosperi.com\\\/?p=41520#primaryimage\"},\"thumbnailUrl\":\"https:\\\/\\\/i0.wp.com\\\/blogdoprosperi.com\\\/wp-content\\\/uploads\\\/2023\\\/03\\\/fqn6o6rxgaydnq7.jpeg?fit=1200%2C675&ssl=1\",\"keywords\":[\"CBF\",\"Flamengo\",\"futebol espanhol\",\"Gabigol\",\"Neymar\",\"racismo\",\"Real Madrid\",\"Vini Jr\",\"Vinicius Jr\"],\"articleSection\":[\"Campeonato Brasileiro\",\"catar 2022\",\"CBF\",\"Champions League\",\"futebol 2023\",\"libertadores 2023\",\"racismo\",\"Sele\u00e7\u00e3o Brasileira\"],\"inLanguage\":\"pt-BR\",\"potentialAction\":[{\"@type\":\"CommentAction\",\"name\":\"Comment\",\"target\":[\"https:\\\/\\\/blogdoprosperi.com\\\/?p=41520#respond\"]}]},{\"@type\":\"WebPage\",\"@id\":\"https:\\\/\\\/blogdoprosperi.com\\\/?p=41520\",\"url\":\"https:\\\/\\\/blogdoprosperi.com\\\/?p=41520\",\"name\":\"Vinicius Jr, n\u00e3o olhe no espelho de Neymar e Gabigol - PR\u00d3SPERI NEWS\",\"isPartOf\":{\"@id\":\"https:\\\/\\\/blogdoprosperi.com\\\/#website\"},\"primaryImageOfPage\":{\"@id\":\"https:\\\/\\\/blogdoprosperi.com\\\/?p=41520#primaryimage\"},\"image\":{\"@id\":\"https:\\\/\\\/blogdoprosperi.com\\\/?p=41520#primaryimage\"},\"thumbnailUrl\":\"https:\\\/\\\/i0.wp.com\\\/blogdoprosperi.com\\\/wp-content\\\/uploads\\\/2023\\\/03\\\/fqn6o6rxgaydnq7.jpeg?fit=1200%2C675&ssl=1\",\"datePublished\":\"2023-05-23T17:32:23+00:00\",\"dateModified\":\"2023-05-23T19:07:49+00:00\",\"breadcrumb\":{\"@id\":\"https:\\\/\\\/blogdoprosperi.com\\\/?p=41520#breadcrumb\"},\"inLanguage\":\"pt-BR\",\"potentialAction\":[{\"@type\":\"ReadAction\",\"target\":[\"https:\\\/\\\/blogdoprosperi.com\\\/?p=41520\"]}]},{\"@type\":\"ImageObject\",\"inLanguage\":\"pt-BR\",\"@id\":\"https:\\\/\\\/blogdoprosperi.com\\\/?p=41520#primaryimage\",\"url\":\"https:\\\/\\\/i0.wp.com\\\/blogdoprosperi.com\\\/wp-content\\\/uploads\\\/2023\\\/03\\\/fqn6o6rxgaydnq7.jpeg?fit=1200%2C675&ssl=1\",\"contentUrl\":\"https:\\\/\\\/i0.wp.com\\\/blogdoprosperi.com\\\/wp-content\\\/uploads\\\/2023\\\/03\\\/fqn6o6rxgaydnq7.jpeg?fit=1200%2C675&ssl=1\",\"width\":1200,\"height\":675,\"caption\":\"Vini Jr, longe de Neymar e Gabigol \u2013 foto: Twitter Real Madrid\"},{\"@type\":\"BreadcrumbList\",\"@id\":\"https:\\\/\\\/blogdoprosperi.com\\\/?p=41520#breadcrumb\",\"itemListElement\":[{\"@type\":\"ListItem\",\"position\":1,\"name\":\"In\u00edcio\",\"item\":\"https:\\\/\\\/blogdoprosperi.com\\\/\"},{\"@type\":\"ListItem\",\"position\":2,\"name\":\"Vinicius Jr, n\u00e3o olhe no espelho de Neymar e Gabigol\"}]},{\"@type\":\"WebSite\",\"@id\":\"https:\\\/\\\/blogdoprosperi.com\\\/#website\",\"url\":\"https:\\\/\\\/blogdoprosperi.com\\\/\",\"name\":\"PR\u00d3SPERI NEWS\",\"description\":\"TUDO \u00c9  FUTEBOL\",\"publisher\":{\"@id\":\"https:\\\/\\\/blogdoprosperi.com\\\/#\\\/schema\\\/person\\\/38100755ce3601861ee4fab9b5aa78e9\"},\"alternateName\":\"blogdoprosperi.com\",\"potentialAction\":[{\"@type\":\"SearchAction\",\"target\":{\"@type\":\"EntryPoint\",\"urlTemplate\":\"https:\\\/\\\/blogdoprosperi.com\\\/?s={search_term_string}\"},\"query-input\":{\"@type\":\"PropertyValueSpecification\",\"valueRequired\":true,\"valueName\":\"search_term_string\"}}],\"inLanguage\":\"pt-BR\"},{\"@type\":[\"Person\",\"Organization\"],\"@id\":\"https:\\\/\\\/blogdoprosperi.com\\\/#\\\/schema\\\/person\\\/38100755ce3601861ee4fab9b5aa78e9\",\"name\":\"Luiz Ant\u00f4nio Pr\u00f3speri\",\"pronouns\":\"ele\",\"image\":{\"@type\":\"ImageObject\",\"inLanguage\":\"pt-BR\",\"@id\":\"https:\\\/\\\/i0.wp.com\\\/blogdoprosperi.com\\\/wp-content\\\/uploads\\\/2026\\\/05\\\/cropped-8059e613-6002-42fa-961e-8e275f575d71-2-5.jpg?fit=1360%2C931&ssl=1\",\"url\":\"https:\\\/\\\/i0.wp.com\\\/blogdoprosperi.com\\\/wp-content\\\/uploads\\\/2026\\\/05\\\/cropped-8059e613-6002-42fa-961e-8e275f575d71-2-5.jpg?fit=1360%2C931&ssl=1\",\"contentUrl\":\"https:\\\/\\\/i0.wp.com\\\/blogdoprosperi.com\\\/wp-content\\\/uploads\\\/2026\\\/05\\\/cropped-8059e613-6002-42fa-961e-8e275f575d71-2-5.jpg?fit=1360%2C931&ssl=1\",\"width\":1360,\"height\":931,\"caption\":\"Luiz Ant\u00f4nio Pr\u00f3speri\"},\"logo\":{\"@id\":\"https:\\\/\\\/i0.wp.com\\\/blogdoprosperi.com\\\/wp-content\\\/uploads\\\/2026\\\/05\\\/cropped-8059e613-6002-42fa-961e-8e275f575d71-2-5.jpg?fit=1360%2C931&ssl=1\"},\"description\":\"Jornalista com carreira dedicada ao esporte. Cobriu 9 Copas do Mundo in loco, 1990 na It\u00e1lia, 1994 nos EUA, 1998 na Fran\u00e7a, 2002 na Coreia do Sul e Jap\u00e3o, 2006 na Alemanha, 2010 na \u00c1frica do Sul, 2014 no Brasil, 2018 na R\u00fassia e 2022 no Qatar. Eurocopas, 1992 na Su\u00e9cia e 1996 na Inglaterra. Copa das Confedera\u00e7\u00f5es de 2005 na Alemanha e 2009 na \u00c1frica do Sul. Rep\u00f3rter e Editor, trabalhou no Jornal da Tarde e Estad\u00e3o, de 1984 a fevereiro de 2016. Colunista, blogueiro. E comentarista de futebol na R\u00e1dio Estad\u00e3o, de 2013 a fevereiro de 2016. Jornalista respons\u00e1vel do \\\"Pr\u00f3speri News\\\" (blogdoprosperi.com).\",\"sameAs\":[\"http:\\\/\\\/blogdoprosperi.com\",\"Luiz Pr\u00f3speri\",\"@luiz_prosperi\",\"https:\\\/\\\/x.com\\\/Luizprosperi\",\"@prosperinacopa\",\"luiz.prosperi@icloud.com\"],\"url\":\"https:\\\/\\\/blogdoprosperi.com\\\/?author=102107496\"}]}<\/script>\n<!-- \/ Yoast SEO plugin. -->","yoast_head_json":{"title":"Vinicius Jr, n\u00e3o olhe no espelho de Neymar e Gabigol - PR\u00d3SPERI NEWS","robots":{"index":"index","follow":"follow","max-snippet":"max-snippet:-1","max-image-preview":"max-image-preview:large","max-video-preview":"max-video-preview:-1"},"canonical":"https:\/\/blogdoprosperi.com\/?p=41520","og_locale":"pt_BR","og_type":"article","og_title":"Vinicius Jr, n\u00e3o olhe no espelho de Neymar e Gabigol - PR\u00d3SPERI NEWS","og_description":"O espelho de Neymar n\u00e3o pode refletir a imagem de Vini. Neymar, por estilo de jogo e talento, \u00e9 visto por uma imensa maioria de advers\u00e1rios e torcedores como um provocador","og_url":"https:\/\/blogdoprosperi.com\/?p=41520","og_site_name":"PR\u00d3SPERI NEWS","article_publisher":"Luiz Pr\u00f3speri","article_author":"Luiz Pr\u00f3speri","article_published_time":"2023-05-23T17:32:23+00:00","article_modified_time":"2023-05-23T19:07:49+00:00","og_image":[{"width":1200,"height":675,"url":"https:\/\/i0.wp.com\/blogdoprosperi.com\/wp-content\/uploads\/2023\/03\/fqn6o6rxgaydnq7.jpeg?fit=1200%2C675&ssl=1","type":"image\/jpeg"}],"author":"Luiz Ant\u00f4nio Pr\u00f3speri","twitter_card":"summary_large_image","twitter_creator":"@Luizprosperi","twitter_site":"@Luizprosperi","twitter_misc":{"Escrito por":"Luiz Ant\u00f4nio Pr\u00f3speri","Est. tempo de leitura":"2 minutos"},"schema":{"@context":"https:\/\/schema.org","@graph":[{"@type":"Article","@id":"https:\/\/blogdoprosperi.com\/?p=41520#article","isPartOf":{"@id":"https:\/\/blogdoprosperi.com\/?p=41520"},"author":{"name":"Luiz Ant\u00f4nio Pr\u00f3speri","@id":"https:\/\/blogdoprosperi.com\/#\/schema\/person\/38100755ce3601861ee4fab9b5aa78e9"},"headline":"Vinicius Jr, n\u00e3o olhe no espelho de Neymar e Gabigol","datePublished":"2023-05-23T17:32:23+00:00","dateModified":"2023-05-23T19:07:49+00:00","mainEntityOfPage":{"@id":"https:\/\/blogdoprosperi.com\/?p=41520"},"wordCount":449,"commentCount":2,"publisher":{"@id":"https:\/\/blogdoprosperi.com\/#\/schema\/person\/38100755ce3601861ee4fab9b5aa78e9"},"image":{"@id":"https:\/\/blogdoprosperi.com\/?p=41520#primaryimage"},"thumbnailUrl":"https:\/\/i0.wp.com\/blogdoprosperi.com\/wp-content\/uploads\/2023\/03\/fqn6o6rxgaydnq7.jpeg?fit=1200%2C675&ssl=1","keywords":["CBF","Flamengo","futebol espanhol","Gabigol","Neymar","racismo","Real Madrid","Vini Jr","Vinicius Jr"],"articleSection":["Campeonato Brasileiro","catar 2022","CBF","Champions League","futebol 2023","libertadores 2023","racismo","Sele\u00e7\u00e3o Brasileira"],"inLanguage":"pt-BR","potentialAction":[{"@type":"CommentAction","name":"Comment","target":["https:\/\/blogdoprosperi.com\/?p=41520#respond"]}]},{"@type":"WebPage","@id":"https:\/\/blogdoprosperi.com\/?p=41520","url":"https:\/\/blogdoprosperi.com\/?p=41520","name":"Vinicius Jr, n\u00e3o olhe no espelho de Neymar e Gabigol - PR\u00d3SPERI NEWS","isPartOf":{"@id":"https:\/\/blogdoprosperi.com\/#website"},"primaryImageOfPage":{"@id":"https:\/\/blogdoprosperi.com\/?p=41520#primaryimage"},"image":{"@id":"https:\/\/blogdoprosperi.com\/?p=41520#primaryimage"},"thumbnailUrl":"https:\/\/i0.wp.com\/blogdoprosperi.com\/wp-content\/uploads\/2023\/03\/fqn6o6rxgaydnq7.jpeg?fit=1200%2C675&ssl=1","datePublished":"2023-05-23T17:32:23+00:00","dateModified":"2023-05-23T19:07:49+00:00","breadcrumb":{"@id":"https:\/\/blogdoprosperi.com\/?p=41520#breadcrumb"},"inLanguage":"pt-BR","potentialAction":[{"@type":"ReadAction","target":["https:\/\/blogdoprosperi.com\/?p=41520"]}]},{"@type":"ImageObject","inLanguage":"pt-BR","@id":"https:\/\/blogdoprosperi.com\/?p=41520#primaryimage","url":"https:\/\/i0.wp.com\/blogdoprosperi.com\/wp-content\/uploads\/2023\/03\/fqn6o6rxgaydnq7.jpeg?fit=1200%2C675&ssl=1","contentUrl":"https:\/\/i0.wp.com\/blogdoprosperi.com\/wp-content\/uploads\/2023\/03\/fqn6o6rxgaydnq7.jpeg?fit=1200%2C675&ssl=1","width":1200,"height":675,"caption":"Vini Jr, longe de Neymar e Gabigol \u2013 foto: Twitter Real Madrid"},{"@type":"BreadcrumbList","@id":"https:\/\/blogdoprosperi.com\/?p=41520#breadcrumb","itemListElement":[{"@type":"ListItem","position":1,"name":"In\u00edcio","item":"https:\/\/blogdoprosperi.com\/"},{"@type":"ListItem","position":2,"name":"Vinicius Jr, n\u00e3o olhe no espelho de Neymar e Gabigol"}]},{"@type":"WebSite","@id":"https:\/\/blogdoprosperi.com\/#website","url":"https:\/\/blogdoprosperi.com\/","name":"PR\u00d3SPERI NEWS","description":"TUDO \u00c9  FUTEBOL","publisher":{"@id":"https:\/\/blogdoprosperi.com\/#\/schema\/person\/38100755ce3601861ee4fab9b5aa78e9"},"alternateName":"blogdoprosperi.com","potentialAction":[{"@type":"SearchAction","target":{"@type":"EntryPoint","urlTemplate":"https:\/\/blogdoprosperi.com\/?s={search_term_string}"},"query-input":{"@type":"PropertyValueSpecification","valueRequired":true,"valueName":"search_term_string"}}],"inLanguage":"pt-BR"},{"@type":["Person","Organization"],"@id":"https:\/\/blogdoprosperi.com\/#\/schema\/person\/38100755ce3601861ee4fab9b5aa78e9","name":"Luiz Ant\u00f4nio Pr\u00f3speri","pronouns":"ele","image":{"@type":"ImageObject","inLanguage":"pt-BR","@id":"https:\/\/i0.wp.com\/blogdoprosperi.com\/wp-content\/uploads\/2026\/05\/cropped-8059e613-6002-42fa-961e-8e275f575d71-2-5.jpg?fit=1360%2C931&ssl=1","url":"https:\/\/i0.wp.com\/blogdoprosperi.com\/wp-content\/uploads\/2026\/05\/cropped-8059e613-6002-42fa-961e-8e275f575d71-2-5.jpg?fit=1360%2C931&ssl=1","contentUrl":"https:\/\/i0.wp.com\/blogdoprosperi.com\/wp-content\/uploads\/2026\/05\/cropped-8059e613-6002-42fa-961e-8e275f575d71-2-5.jpg?fit=1360%2C931&ssl=1","width":1360,"height":931,"caption":"Luiz Ant\u00f4nio Pr\u00f3speri"},"logo":{"@id":"https:\/\/i0.wp.com\/blogdoprosperi.com\/wp-content\/uploads\/2026\/05\/cropped-8059e613-6002-42fa-961e-8e275f575d71-2-5.jpg?fit=1360%2C931&ssl=1"},"description":"Jornalista com carreira dedicada ao esporte. Cobriu 9 Copas do Mundo in loco, 1990 na It\u00e1lia, 1994 nos EUA, 1998 na Fran\u00e7a, 2002 na Coreia do Sul e Jap\u00e3o, 2006 na Alemanha, 2010 na \u00c1frica do Sul, 2014 no Brasil, 2018 na R\u00fassia e 2022 no Qatar. Eurocopas, 1992 na Su\u00e9cia e 1996 na Inglaterra. Copa das Confedera\u00e7\u00f5es de 2005 na Alemanha e 2009 na \u00c1frica do Sul. Rep\u00f3rter e Editor, trabalhou no Jornal da Tarde e Estad\u00e3o, de 1984 a fevereiro de 2016. Colunista, blogueiro. E comentarista de futebol na R\u00e1dio Estad\u00e3o, de 2013 a fevereiro de 2016. Jornalista respons\u00e1vel do \"Pr\u00f3speri News\" (blogdoprosperi.com).","sameAs":["http:\/\/blogdoprosperi.com","Luiz Pr\u00f3speri","@luiz_prosperi","https:\/\/x.com\/Luizprosperi","@prosperinacopa","luiz.prosperi@icloud.com"],"url":"https:\/\/blogdoprosperi.com\/?author=102107496"}]}},"jetpack_publicize_connections":[],"jetpack_likes_enabled":false,"jetpack_sharing_enabled":true,"jetpack_shortlink":"https:\/\/wp.me\/p7jvdk-aNG","jetpack-related-posts":[{"id":39502,"url":"https:\/\/blogdoprosperi.com\/?p=39502","url_meta":{"origin":41520,"position":0},"title":"Vini Jr: &#8220;A felicidade de um preto brasileiro, vitorioso na Europa, incomoda muito mais&#8221;","author":"Luiz Ant\u00f4nio Pr\u00f3speri","date":"16 de setembro de 2022","format":false,"excerpt":"RACISMO CRESCE CONTRA JOGADORES PRETOS BRASILEIROS NO FUTERBOL DA EUROPA. VINICIUS JR N\u00c3O PODE DAN\u00c7AR E NEYMAR PUNIDO POR FAZER CARETA NA CELEBRA\u00c7\u00c3O DO GOL","rel":"","context":"Em &quot;catar 2022&quot;","block_context":{"text":"catar 2022","link":"https:\/\/blogdoprosperi.com\/?cat=47094043"},"img":{"alt_text":"","src":"https:\/\/i0.wp.com\/blogdoprosperi.com\/wp-content\/uploads\/2022\/09\/fop5egwxeaggf_u.jpg?fit=1200%2C999&ssl=1&resize=350%2C200","width":350,"height":200,"srcset":"https:\/\/i0.wp.com\/blogdoprosperi.com\/wp-content\/uploads\/2022\/09\/fop5egwxeaggf_u.jpg?fit=1200%2C999&ssl=1&resize=350%2C200 1x, https:\/\/i0.wp.com\/blogdoprosperi.com\/wp-content\/uploads\/2022\/09\/fop5egwxeaggf_u.jpg?fit=1200%2C999&ssl=1&resize=525%2C300 1.5x, https:\/\/i0.wp.com\/blogdoprosperi.com\/wp-content\/uploads\/2022\/09\/fop5egwxeaggf_u.jpg?fit=1200%2C999&ssl=1&resize=700%2C400 2x, https:\/\/i0.wp.com\/blogdoprosperi.com\/wp-content\/uploads\/2022\/09\/fop5egwxeaggf_u.jpg?fit=1200%2C999&ssl=1&resize=1050%2C600 3x"},"classes":[]},{"id":47031,"url":"https:\/\/blogdoprosperi.com\/?p=47031","url_meta":{"origin":41520,"position":1},"title":"Vini Jr, The Best |  Brasil tem o Melhor do Mundo ap\u00f3s 17 Anos","author":"Luiz Ant\u00f4nio Pr\u00f3speri","date":"17 de dezembro de 2024","format":false,"excerpt":"Vini Jr eleito com justi\u00e7a melhor jogador do mundo temporada 2023\/2024. Desde 2007, quando Kak\u00e1 subiu ao p\u00f3dio, Brasil n\u00e3o emplacava um The Best. Que seja uma nova era do nosso futebol. \"Tenho de agradecer a todo mundo que votou em mim, todos os jogadores, treinadores, jornalistas e meus f\u00e3s.\u2026","rel":"","context":"Em &quot;futebol&quot;","block_context":{"text":"futebol","link":"https:\/\/blogdoprosperi.com\/?cat=53870"},"img":{"alt_text":"","src":"https:\/\/i0.wp.com\/blogdoprosperi.com\/wp-content\/uploads\/2024\/12\/captura-de-tela-2024-12-18-as-11.00.18.png?fit=1200%2C923&ssl=1&resize=350%2C200","width":350,"height":200,"srcset":"https:\/\/i0.wp.com\/blogdoprosperi.com\/wp-content\/uploads\/2024\/12\/captura-de-tela-2024-12-18-as-11.00.18.png?fit=1200%2C923&ssl=1&resize=350%2C200 1x, https:\/\/i0.wp.com\/blogdoprosperi.com\/wp-content\/uploads\/2024\/12\/captura-de-tela-2024-12-18-as-11.00.18.png?fit=1200%2C923&ssl=1&resize=525%2C300 1.5x, https:\/\/i0.wp.com\/blogdoprosperi.com\/wp-content\/uploads\/2024\/12\/captura-de-tela-2024-12-18-as-11.00.18.png?fit=1200%2C923&ssl=1&resize=700%2C400 2x, https:\/\/i0.wp.com\/blogdoprosperi.com\/wp-content\/uploads\/2024\/12\/captura-de-tela-2024-12-18-as-11.00.18.png?fit=1200%2C923&ssl=1&resize=1050%2C600 3x"},"classes":[]},{"id":41716,"url":"https:\/\/blogdoprosperi.com\/?p=41716","url_meta":{"origin":41520,"position":2},"title":"Vini Jr, O Cavaleiro Solit\u00e1rio","author":"Luiz Ant\u00f4nio Pr\u00f3speri","date":"28 de dezembro de 2024","format":false,"excerpt":"Vini Jr j\u00e1 n\u00e3o \u00e9 apenas mais um craque a desfilar na corte do Real Madrid e levar quase todos os pr\u00eamios de melhor do mundo. Assume em 2024 a sina de s\u00edmbolo contra o preconceito.","rel":"","context":"Em &quot;futebol&quot;","block_context":{"text":"futebol","link":"https:\/\/blogdoprosperi.com\/?cat=53870"},"img":{"alt_text":"Vini, o. cavaleiro solit\u00e1rio","src":"https:\/\/i0.wp.com\/blogdoprosperi.com\/wp-content\/uploads\/2023\/05\/vini-jr-e-eleito-o-melhor-jogador-do-mundo-pela-globe-soccer-awards-1130x580-1.webp?fit=1130%2C580&ssl=1&resize=350%2C200","width":350,"height":200,"srcset":"https:\/\/i0.wp.com\/blogdoprosperi.com\/wp-content\/uploads\/2023\/05\/vini-jr-e-eleito-o-melhor-jogador-do-mundo-pela-globe-soccer-awards-1130x580-1.webp?fit=1130%2C580&ssl=1&resize=350%2C200 1x, https:\/\/i0.wp.com\/blogdoprosperi.com\/wp-content\/uploads\/2023\/05\/vini-jr-e-eleito-o-melhor-jogador-do-mundo-pela-globe-soccer-awards-1130x580-1.webp?fit=1130%2C580&ssl=1&resize=525%2C300 1.5x, https:\/\/i0.wp.com\/blogdoprosperi.com\/wp-content\/uploads\/2023\/05\/vini-jr-e-eleito-o-melhor-jogador-do-mundo-pela-globe-soccer-awards-1130x580-1.webp?fit=1130%2C580&ssl=1&resize=700%2C400 2x, https:\/\/i0.wp.com\/blogdoprosperi.com\/wp-content\/uploads\/2023\/05\/vini-jr-e-eleito-o-melhor-jogador-do-mundo-pela-globe-soccer-awards-1130x580-1.webp?fit=1130%2C580&ssl=1&resize=1050%2C600 3x"},"classes":[]},{"id":41302,"url":"https:\/\/blogdoprosperi.com\/?p=41302","url_meta":{"origin":41520,"position":3},"title":"Vini Jr sofre novo ato de racismo, sociedade espanhola se cala mais uma vez","author":"Luiz Ant\u00f4nio Pr\u00f3speri","date":"26 de janeiro de 2023","format":false,"excerpt":"Vini Jr diz que notas de rep\u00fadio de nada adiantam. Autoridades do governo, Justi\u00e7a, entidades do futebol e a sociedade espanhola em geral ignoram racismo contra Vini Jr.","rel":"","context":"Em &quot;Fifa&quot;","block_context":{"text":"Fifa","link":"https:\/\/blogdoprosperi.com\/?cat=187969"},"img":{"alt_text":"","src":"https:\/\/i0.wp.com\/blogdoprosperi.com\/wp-content\/uploads\/2023\/01\/boneco-com-camisa-de-vinicius-jr-aparece-enforcado-em-ponte-de-madri-509d800e-1819-4b2e-b23c-6cba3260c1e7.webp?fit=600%2C313&ssl=1&resize=350%2C200","width":350,"height":200,"srcset":"https:\/\/i0.wp.com\/blogdoprosperi.com\/wp-content\/uploads\/2023\/01\/boneco-com-camisa-de-vinicius-jr-aparece-enforcado-em-ponte-de-madri-509d800e-1819-4b2e-b23c-6cba3260c1e7.webp?fit=600%2C313&ssl=1&resize=350%2C200 1x, https:\/\/i0.wp.com\/blogdoprosperi.com\/wp-content\/uploads\/2023\/01\/boneco-com-camisa-de-vinicius-jr-aparece-enforcado-em-ponte-de-madri-509d800e-1819-4b2e-b23c-6cba3260c1e7.webp?fit=600%2C313&ssl=1&resize=525%2C300 1.5x"},"classes":[]},{"id":42256,"url":"https:\/\/blogdoprosperi.com\/?p=42256","url_meta":{"origin":41520,"position":4},"title":"Daniel Alves livre, Vinicius Jr preso","author":"Luiz Ant\u00f4nio Pr\u00f3speri","date":"25 de mar\u00e7o de 2024","format":false,"excerpt":"Daniel Alves saiu da pris\u00e3o no Centro Penitenci\u00e1rio Brians 2, Barcelona, na manh\u00e3 dessa segunda-feira (25\/3). Liberdade provis\u00f3ria ao custo de 1 milh\u00e3o de euros (R$ 5,4 milh\u00f5es), ap\u00f3s condena\u00e7\u00e3o por estupro. Quase no mesmo hor\u00e1rio da soltura de Dani, Vini Jr chorava em Madri durante entrevista coletiva da Sele\u00e7\u00e3o\u2026","rel":"","context":"Em &quot;CBF&quot;","block_context":{"text":"CBF","link":"https:\/\/blogdoprosperi.com\/?cat=570700"},"img":{"alt_text":"","src":"https:\/\/i0.wp.com\/blogdoprosperi.com\/wp-content\/uploads\/2024\/03\/53609537277_2a12e3cc4a_c.jpg?fit=799%2C533&ssl=1&resize=350%2C200","width":350,"height":200,"srcset":"https:\/\/i0.wp.com\/blogdoprosperi.com\/wp-content\/uploads\/2024\/03\/53609537277_2a12e3cc4a_c.jpg?fit=799%2C533&ssl=1&resize=350%2C200 1x, https:\/\/i0.wp.com\/blogdoprosperi.com\/wp-content\/uploads\/2024\/03\/53609537277_2a12e3cc4a_c.jpg?fit=799%2C533&ssl=1&resize=525%2C300 1.5x, https:\/\/i0.wp.com\/blogdoprosperi.com\/wp-content\/uploads\/2024\/03\/53609537277_2a12e3cc4a_c.jpg?fit=799%2C533&ssl=1&resize=700%2C400 2x"},"classes":[]},{"id":35917,"url":"https:\/\/blogdoprosperi.com\/?p=35917","url_meta":{"origin":41520,"position":5},"title":"Pogba vale mais que Vinicius Jr, Gabriel Jesus e Gabigol","author":"Luiz Ant\u00f4nio Pr\u00f3speri","date":"24 de maio de 2017","format":false,"excerpt":"Real Madrid anunciou a contrata\u00e7\u00e3o de Vinicius Jr, jogador juvenil do Flamengo, de apenas 16 anos. Um dos mais ricos da Europa, o clube espanhol vai desembolsar 45 milh\u00f5es de euros (cerca de R$ 162 milh\u00f5es) para levar o garoto na temporada de 2019. A negocia\u00e7\u00e3o \u00e9 uma das maiores\u2026","rel":"","context":"Em &quot;futebol&quot;","block_context":{"text":"futebol","link":"https:\/\/blogdoprosperi.com\/?cat=53870"},"img":{"alt_text":"","src":"https:\/\/i0.wp.com\/blogdoprosperi.com\/wp-content\/uploads\/2017\/05\/14955552813979.jpg?fit=990%2C557&ssl=1&resize=350%2C200","width":350,"height":200,"srcset":"https:\/\/i0.wp.com\/blogdoprosperi.com\/wp-content\/uploads\/2017\/05\/14955552813979.jpg?fit=990%2C557&ssl=1&resize=350%2C200 1x, https:\/\/i0.wp.com\/blogdoprosperi.com\/wp-content\/uploads\/2017\/05\/14955552813979.jpg?fit=990%2C557&ssl=1&resize=525%2C300 1.5x, https:\/\/i0.wp.com\/blogdoprosperi.com\/wp-content\/uploads\/2017\/05\/14955552813979.jpg?fit=990%2C557&ssl=1&resize=700%2C400 2x"},"classes":[]}],"jetpack_featured_media_url":"https:\/\/i0.wp.com\/blogdoprosperi.com\/wp-content\/uploads\/2023\/03\/fqn6o6rxgaydnq7.jpeg?fit=1200%2C675&ssl=1","_links":{"self":[{"href":"https:\/\/blogdoprosperi.com\/index.php?rest_route=\/wp\/v2\/posts\/41520","targetHints":{"allow":["GET"]}}],"collection":[{"href":"https:\/\/blogdoprosperi.com\/index.php?rest_route=\/wp\/v2\/posts"}],"about":[{"href":"https:\/\/blogdoprosperi.com\/index.php?rest_route=\/wp\/v2\/types\/post"}],"author":[{"embeddable":true,"href":"https:\/\/blogdoprosperi.com\/index.php?rest_route=\/wp\/v2\/users\/102107496"}],"replies":[{"embeddable":true,"href":"https:\/\/blogdoprosperi.com\/index.php?rest_route=%2Fwp%2Fv2%2Fcomments&post=41520"}],"version-history":[{"count":14,"href":"https:\/\/blogdoprosperi.com\/index.php?rest_route=\/wp\/v2\/posts\/41520\/revisions"}],"predecessor-version":[{"id":41555,"href":"https:\/\/blogdoprosperi.com\/index.php?rest_route=\/wp\/v2\/posts\/41520\/revisions\/41555"}],"wp:featuredmedia":[{"embeddable":true,"href":"https:\/\/blogdoprosperi.com\/index.php?rest_route=\/wp\/v2\/media\/41528"}],"wp:attachment":[{"href":"https:\/\/blogdoprosperi.com\/index.php?rest_route=%2Fwp%2Fv2%2Fmedia&parent=41520"}],"wp:term":[{"taxonomy":"category","embeddable":true,"href":"https:\/\/blogdoprosperi.com\/index.php?rest_route=%2Fwp%2Fv2%2Fcategories&post=41520"},{"taxonomy":"post_tag","embeddable":true,"href":"https:\/\/blogdoprosperi.com\/index.php?rest_route=%2Fwp%2Fv2%2Ftags&post=41520"}],"curies":[{"name":"wp","href":"https:\/\/api.w.org\/{rel}","templated":true}]}}