{"id":41540,"date":"2023-03-25T12:12:31","date_gmt":"2023-03-25T15:12:31","guid":{"rendered":"https:\/\/blogdoprosperi.com\/?p=41540"},"modified":"2023-03-25T22:28:56","modified_gmt":"2023-03-26T01:28:56","slug":"selecao-nunca-mais-sera-brasileira","status":"publish","type":"post","link":"https:\/\/blogdoprosperi.com\/?p=41540","title":{"rendered":"Sele\u00e7\u00e3o nunca mais ser\u00e1 Brasileira"},"content":{"rendered":"<p>CBF projeta reinventar Sele\u00e7\u00e3o tendo como ponto de partida o jeito, a escola, do mais puro futebol brasileiro. Vai ficar a ver navios. A Sele\u00e7\u00e3o nunca mais ser\u00e1 Brasileira.<\/p>\n<p>Como resgatar a ess\u00eancia do futebol brasileiro se a prefer\u00eancia da CBF \u00e9 por um t\u00e9cnico estrangeiro, no caso o italiano Carlo Ancelotti?<\/p>\n<p>Mesmo com um t\u00e9cnico brasileiro n\u00e3o ser\u00e1 f\u00e1cil quando se tem a maioria de jogadores selecion\u00e1veis formados na Europa. Maioria deles com a cabe\u00e7a programada a se comportar como um europeu. Com ou sem a bola.<\/p>\n<p>Nem mesmo a camisa amarela, consagrada no mundo todo com as cinco estrelas, pertence \u00e0 Sele\u00e7\u00e3o. Apoderada pela extrema direita, &#8220;amarelinha&#8221; serve mais a interesses fascistas \u00e0 uni\u00e3o e orgulho do chamado povo brasileiro.<\/p>\n<p>Empatia quase zero com a torcida nacional. Verdade que os &#8220;amarelos&#8221; n\u00e3o torcem pela Sele\u00e7\u00e3o. Que inveja dos argentinos!<\/p>\n<p>No campo de jogo, aquele modelo ofensivo, dos dribles e da arte, patente registrada nos escretes da Copa do Mundo de 1970 (Pel\u00e9 e Cia), 1982 (Zico, S\u00f3crates, Falc\u00e3o) e at\u00e9 2002 (Ronaldo, Rivaldo, Ronaldinho Ga\u00facho) n\u00e3o cabem nas planilhas de um t\u00e9cnico europeu e tamb\u00e9m de muitos treinadores brasileiros.<\/p>\n<p>Engana-se quem aposta na proposta do bem-intencionado Ednaldo Rodrigues, presidente da<span style=\"color: #0000ff\"><strong><a style=\"color: #0000ff\" href=\"https:\/\/blogdoprosperi.com\/2022\/09\/13\/tite-deixa-selecao-brasileira-e-imprensa-esportiva-perde-poder-na-sucessao-do-imperio\/\"> CBF<\/a><\/strong><\/span><span style=\"color: #0000ff\"><strong> <\/strong><\/span>eleito em 2022, de resgatar nossas origens na Sele\u00e7\u00e3o.<\/p>\n<figure id=\"attachment_41550\" aria-describedby=\"caption-attachment-41550\" style=\"width: 910px\" class=\"wp-caption alignnone\"><img data-recalc-dims=\"1\" loading=\"lazy\" decoding=\"async\" data-attachment-id=\"41550\" data-permalink=\"https:\/\/blogdoprosperi.com\/?attachment_id=41550\" data-orig-file=\"https:\/\/i0.wp.com\/blogdoprosperi.com\/wp-content\/uploads\/2023\/03\/20230324185035_709.jpg?fit=910%2C564&amp;ssl=1\" data-orig-size=\"910,564\" data-comments-opened=\"1\" data-image-meta=\"{&quot;aperture&quot;:&quot;0&quot;,&quot;credit&quot;:&quot;&quot;,&quot;camera&quot;:&quot;&quot;,&quot;caption&quot;:&quot;&quot;,&quot;created_timestamp&quot;:&quot;0&quot;,&quot;copyright&quot;:&quot;&quot;,&quot;focal_length&quot;:&quot;0&quot;,&quot;iso&quot;:&quot;0&quot;,&quot;shutter_speed&quot;:&quot;0&quot;,&quot;title&quot;:&quot;&quot;,&quot;orientation&quot;:&quot;0&quot;}\" data-image-title=\"Sele\u00e7\u00e3o faz homenagem a Pel\u00e9\" data-image-description=\"\" data-image-caption=\"&lt;p&gt;Rodrygo camisa 10 da Sele\u00e7\u00e3o na homenagem a Pel\u00e9 &amp;#8211; foto: CBF&lt;\/p&gt;\n\" data-large-file=\"https:\/\/i0.wp.com\/blogdoprosperi.com\/wp-content\/uploads\/2023\/03\/20230324185035_709.jpg?fit=910%2C564&amp;ssl=1\" src=\"https:\/\/i0.wp.com\/blogdoprosperi.com\/wp-content\/uploads\/2023\/03\/20230324185035_709.jpg?resize=910%2C564&#038;ssl=1\" class=\"size-full wp-image-41550\" alt=\"\" width=\"910\" height=\"564\"><figcaption id=\"caption-attachment-41550\" class=\"wp-caption-text\">Rodrygo camisa 10 da Sele\u00e7\u00e3o na homenagem a Pel\u00e9 &#8211; foto: CBF<\/figcaption><\/figure>\n<p>Ednaldo tem esse sonho, como repete em suas recentes manifesta\u00e7\u00f5es e entrevistas desde a <span style=\"color: #0000ff\"><strong><a style=\"color: #0000ff\" href=\"https:\/\/blogdoprosperi.com\/2022\/12\/02\/opiniao-tite-e-devorado-pela-copa-do-mundo\/\">queda de Tite, ap\u00f3s fiasco definitivo na Copa Qatar 2022.<\/a><\/strong><\/span><\/p>\n<p>Vai ficar sonhando. N\u00e3o h\u00e1 como pensar no resgate do aut\u00eantico futebol brasileiro se o novo comandante da Sele\u00e7\u00e3o for um estrangeiro, por mais talentoso que seja.<\/p>\n<p><span style=\"color: #0000ff\"><strong><a style=\"color: #0000ff\" href=\"https:\/\/blogdoprosperi.com\/2023\/01\/17\/cbf-desliga-tite-da-selecao-e-sai-em-busca-do-sucessor-galvao-bueno-pede-ancelotti-falcao\/\">Carlo Ancelotti<\/a><\/strong><\/span>, italiano multicampe\u00e3o por grandes clubes na Europa, \u00e9 o preferido da CBF.<\/p>\n<p>O que pode acrescentar Ancelotti \u00e0 Sele\u00e7\u00e3o? Nada, a n\u00e3o ser os dogmas que regem um bem organizado time europeu.<\/p>\n<p>Real Madrid de Ancelotti \u00e9 um bom exemplo. Organizado, estruturado a n\u00e3o desistir nunca do jogo, de explorar bem <span style=\"color: #0000ff\"><strong><a style=\"color: #0000ff\" href=\"https:\/\/blogdoprosperi.com\/2023\/03\/10\/vinicius-jr-nao-olhe-no-espelho-de-neymar-e-gabigol\/\">talento de Vini Jr<\/a><\/strong><\/span> e Benzema, sistema defensivo s\u00f3lido e vit\u00f3rias a muito suor e fogo. Nada art\u00edstico.<\/p>\n<p>Ancelotti n\u00e3o vai garimpar jogadores de clubes brasileiros na hora de compor a nova Sele\u00e7\u00e3o. Vai apostar, como a maioria dos \u00faltimos t\u00e9cnicos da Sele\u00e7\u00e3o, nos que atuam na elite do futebol europeu.<\/p>\n<p><span style=\"color: #0000ff\"><strong><a style=\"color: #0000ff\" href=\"https:\/\/blogdoprosperi.com\/2022\/12\/26\/selecao-brasileira-zidane-nao-abel-sim\/\">Vanderlei Luxemburgo, t\u00e9cnico da Sele\u00e7\u00e3o<\/a><\/strong><\/span><span style=\"color: #0000ff\"><strong> <\/strong><\/span>entre 1998 e 2000 e um dos mais vitoriosos dirigindo clubes nacionais, sentencia:<\/p>\n<p>&#8220;Nada contra t\u00e9cnicos estrangeiros. Eu j\u00e1 fui estrangeiro (<em>em 2005, comandando Real Madrid<\/em>). S\u00e3o bem-vindos. Nem na Sele\u00e7\u00e3o sou contra estrangeiros. Mas que fique claro, seja qual for, Ancelotti, Guardiola, Mourinho, nenhum deles conhece nossa cultura, a ess\u00eancia do futebol brasileiro. Sem conhecer nossa cultura, n\u00e3o v\u00e3o fazer a Sele\u00e7\u00e3o jogar o nosso futebol. Se querem um t\u00e9cnico europeu, e nossos jogadores formados na Europa, ent\u00e3o tudo bem. Que a Sele\u00e7\u00e3o jogue como um time europeu.&#8221;<\/p>\n<p>Tem raz\u00e3o Luxemburgo.<\/p>\n<p>A Sele\u00e7\u00e3o Brasileira acabou. J\u00e1 n\u00e3o tinha mais poder sobre a camisa amarela e agora ter\u00e1 um maestro da Europa a reger uma orquestra afinada com os acordes de sinfonias do Velho Continente.<\/p>\n","protected":false},"excerpt":{"rendered":"<p>A Sele\u00e7\u00e3o Brasileira acabou. J\u00e1 n\u00e3o tinha mais poder sobre a camisa amarela e agora ter\u00e1 um maestro da Europa<\/p>\n","protected":false},"author":102107496,"featured_media":41549,"comment_status":"open","ping_status":"open","sticky":false,"template":"","format":"standard","meta":{"_coblocks_attr":"","_coblocks_dimensions":"","_coblocks_responsive_height":"","_coblocks_accordion_ie_support":"","_jetpack_newsletter_access":"","_jetpack_dont_email_post_to_subs":false,"_jetpack_newsletter_tier_id":0,"_jetpack_memberships_contains_paywalled_content":false,"_wpcom_ai_launchpad_first_post":false,"_jetpack_feature_clip_id":0,"_jetpack_memberships_contains_paid_content":false,"footnotes":"","jetpack_publicize_message":"","jetpack_publicize_feature_enabled":true,"jetpack_social_post_already_shared":false,"jetpack_social_options":{"image_generator_settings":{"template":"highway","default_image_id":0,"font":"","enabled":false},"version":2},"jetpack_post_was_ever_published":false},"categories":[47094043,570700,53870,758801836,195541,162432,174694],"tags":[1016127,32214397,789560569,213405497,789560560,789560564,1805387,789560562,1216163,597764],"class_list":["post-41540","post","type-post","status-publish","format-standard","has-post-thumbnail","hentry","category-catar-2022","category-cbf","category-futebol","category-futebol-2023","category-pele","category-racismo","category-selecao-brasileira","tag-ancelotti","tag-camisa-amarela","tag-cbf","tag-ednaldo-rodrigues","tag-futebol","tag-pele","tag-ronaldo-fenomeno","tag-selecao-brasileira","tag-vanderlei-luxemburgo","tag-zico"],"yoast_head":"<!-- This site is optimized with the Yoast SEO plugin v28.3 - https:\/\/yoast.com\/product\/yoast-seo-wordpress\/ -->\n<title>Sele\u00e7\u00e3o nunca mais ser\u00e1 Brasileira - PR\u00d3SPERI NEWS<\/title>\n<meta name=\"robots\" content=\"index, follow, max-snippet:-1, max-image-preview:large, max-video-preview:-1\" \/>\n<link rel=\"canonical\" href=\"https:\/\/blogdoprosperi.com\/?p=41540\" \/>\n<meta property=\"og:locale\" content=\"pt_BR\" \/>\n<meta property=\"og:type\" content=\"article\" \/>\n<meta property=\"og:title\" content=\"Sele\u00e7\u00e3o nunca mais ser\u00e1 Brasileira - PR\u00d3SPERI NEWS\" \/>\n<meta property=\"og:description\" content=\"A Sele\u00e7\u00e3o Brasileira acabou. J\u00e1 n\u00e3o tinha mais poder sobre a camisa amarela e agora ter\u00e1 um maestro da Europa\" \/>\n<meta property=\"og:url\" content=\"https:\/\/blogdoprosperi.com\/?p=41540\" \/>\n<meta property=\"og:site_name\" content=\"PR\u00d3SPERI NEWS\" \/>\n<meta property=\"article:publisher\" content=\"Luiz Pr\u00f3speri\" \/>\n<meta property=\"article:author\" content=\"Luiz Pr\u00f3speri\" \/>\n<meta property=\"article:published_time\" content=\"2023-03-25T15:12:31+00:00\" \/>\n<meta property=\"article:modified_time\" content=\"2023-03-26T01:28:56+00:00\" \/>\n<meta property=\"og:image\" content=\"https:\/\/i0.wp.com\/blogdoprosperi.com\/wp-content\/uploads\/2023\/03\/20230321133636_97.jpg?fit=910%2C631&ssl=1\" \/>\n\t<meta property=\"og:image:width\" content=\"910\" \/>\n\t<meta property=\"og:image:height\" content=\"631\" \/>\n\t<meta property=\"og:image:type\" content=\"image\/jpeg\" \/>\n<meta name=\"author\" content=\"Luiz Ant\u00f4nio Pr\u00f3speri\" \/>\n<meta name=\"twitter:card\" content=\"summary_large_image\" \/>\n<meta name=\"twitter:creator\" content=\"@Luizprosperi\" \/>\n<meta name=\"twitter:site\" content=\"@Luizprosperi\" \/>\n<meta name=\"twitter:label1\" content=\"Escrito por\" \/>\n\t<meta name=\"twitter:data1\" content=\"Luiz Ant\u00f4nio Pr\u00f3speri\" \/>\n\t<meta name=\"twitter:label2\" content=\"Est. tempo de leitura\" \/>\n\t<meta name=\"twitter:data2\" content=\"3 minutos\" \/>\n<script type=\"application\/ld+json\" class=\"yoast-schema-graph\">{\"@context\":\"https:\\\/\\\/schema.org\",\"@graph\":[{\"@type\":\"Article\",\"@id\":\"https:\\\/\\\/blogdoprosperi.com\\\/?p=41540#article\",\"isPartOf\":{\"@id\":\"https:\\\/\\\/blogdoprosperi.com\\\/?p=41540\"},\"author\":{\"name\":\"Luiz Ant\u00f4nio Pr\u00f3speri\",\"@id\":\"https:\\\/\\\/blogdoprosperi.com\\\/#\\\/schema\\\/person\\\/38100755ce3601861ee4fab9b5aa78e9\"},\"headline\":\"Sele\u00e7\u00e3o nunca mais ser\u00e1 Brasileira\",\"datePublished\":\"2023-03-25T15:12:31+00:00\",\"dateModified\":\"2023-03-26T01:28:56+00:00\",\"mainEntityOfPage\":{\"@id\":\"https:\\\/\\\/blogdoprosperi.com\\\/?p=41540\"},\"wordCount\":562,\"commentCount\":5,\"publisher\":{\"@id\":\"https:\\\/\\\/blogdoprosperi.com\\\/#\\\/schema\\\/person\\\/38100755ce3601861ee4fab9b5aa78e9\"},\"image\":{\"@id\":\"https:\\\/\\\/blogdoprosperi.com\\\/?p=41540#primaryimage\"},\"thumbnailUrl\":\"https:\\\/\\\/i0.wp.com\\\/blogdoprosperi.com\\\/wp-content\\\/uploads\\\/2023\\\/03\\\/20230321133636_97.jpg?fit=910%2C631&ssl=1\",\"keywords\":[\"Ancelotti\",\"camisa amarela\",\"CBF\",\"Ednaldo Rodrigues\",\"futebol\",\"Pel\u00e9\",\"Ronaldo Fen\u00f4meno\",\"Sele\u00e7\u00e3o Brasileira\",\"Vanderlei Luxemburgo\",\"Zico\"],\"articleSection\":[\"catar 2022\",\"CBF\",\"futebol\",\"futebol 2023\",\"Pel\u00e9\",\"racismo\",\"Sele\u00e7\u00e3o Brasileira\"],\"inLanguage\":\"pt-BR\",\"potentialAction\":[{\"@type\":\"CommentAction\",\"name\":\"Comment\",\"target\":[\"https:\\\/\\\/blogdoprosperi.com\\\/?p=41540#respond\"]}]},{\"@type\":\"WebPage\",\"@id\":\"https:\\\/\\\/blogdoprosperi.com\\\/?p=41540\",\"url\":\"https:\\\/\\\/blogdoprosperi.com\\\/?p=41540\",\"name\":\"Sele\u00e7\u00e3o nunca mais ser\u00e1 Brasileira - PR\u00d3SPERI NEWS\",\"isPartOf\":{\"@id\":\"https:\\\/\\\/blogdoprosperi.com\\\/#website\"},\"primaryImageOfPage\":{\"@id\":\"https:\\\/\\\/blogdoprosperi.com\\\/?p=41540#primaryimage\"},\"image\":{\"@id\":\"https:\\\/\\\/blogdoprosperi.com\\\/?p=41540#primaryimage\"},\"thumbnailUrl\":\"https:\\\/\\\/i0.wp.com\\\/blogdoprosperi.com\\\/wp-content\\\/uploads\\\/2023\\\/03\\\/20230321133636_97.jpg?fit=910%2C631&ssl=1\",\"datePublished\":\"2023-03-25T15:12:31+00:00\",\"dateModified\":\"2023-03-26T01:28:56+00:00\",\"breadcrumb\":{\"@id\":\"https:\\\/\\\/blogdoprosperi.com\\\/?p=41540#breadcrumb\"},\"inLanguage\":\"pt-BR\",\"potentialAction\":[{\"@type\":\"ReadAction\",\"target\":[\"https:\\\/\\\/blogdoprosperi.com\\\/?p=41540\"]}]},{\"@type\":\"ImageObject\",\"inLanguage\":\"pt-BR\",\"@id\":\"https:\\\/\\\/blogdoprosperi.com\\\/?p=41540#primaryimage\",\"url\":\"https:\\\/\\\/i0.wp.com\\\/blogdoprosperi.com\\\/wp-content\\\/uploads\\\/2023\\\/03\\\/20230321133636_97.jpg?fit=910%2C631&ssl=1\",\"contentUrl\":\"https:\\\/\\\/i0.wp.com\\\/blogdoprosperi.com\\\/wp-content\\\/uploads\\\/2023\\\/03\\\/20230321133636_97.jpg?fit=910%2C631&ssl=1\",\"width\":910,\"height\":631,\"caption\":\"Emerson Royal e Rodrygo diante do quadro de Pel\u00e9 na Sele\u00e7\u00e3o \u2013 foto: CBF\"},{\"@type\":\"BreadcrumbList\",\"@id\":\"https:\\\/\\\/blogdoprosperi.com\\\/?p=41540#breadcrumb\",\"itemListElement\":[{\"@type\":\"ListItem\",\"position\":1,\"name\":\"In\u00edcio\",\"item\":\"https:\\\/\\\/blogdoprosperi.com\\\/\"},{\"@type\":\"ListItem\",\"position\":2,\"name\":\"Sele\u00e7\u00e3o nunca mais ser\u00e1 Brasileira\"}]},{\"@type\":\"WebSite\",\"@id\":\"https:\\\/\\\/blogdoprosperi.com\\\/#website\",\"url\":\"https:\\\/\\\/blogdoprosperi.com\\\/\",\"name\":\"PR\u00d3SPERI NEWS\",\"description\":\"TUDO \u00c9  FUTEBOL\",\"publisher\":{\"@id\":\"https:\\\/\\\/blogdoprosperi.com\\\/#\\\/schema\\\/person\\\/38100755ce3601861ee4fab9b5aa78e9\"},\"alternateName\":\"blogdoprosperi.com\",\"potentialAction\":[{\"@type\":\"SearchAction\",\"target\":{\"@type\":\"EntryPoint\",\"urlTemplate\":\"https:\\\/\\\/blogdoprosperi.com\\\/?s={search_term_string}\"},\"query-input\":{\"@type\":\"PropertyValueSpecification\",\"valueRequired\":true,\"valueName\":\"search_term_string\"}}],\"inLanguage\":\"pt-BR\"},{\"@type\":[\"Person\",\"Organization\"],\"@id\":\"https:\\\/\\\/blogdoprosperi.com\\\/#\\\/schema\\\/person\\\/38100755ce3601861ee4fab9b5aa78e9\",\"name\":\"Luiz Ant\u00f4nio Pr\u00f3speri\",\"pronouns\":\"ele\",\"image\":{\"@type\":\"ImageObject\",\"inLanguage\":\"pt-BR\",\"@id\":\"https:\\\/\\\/i0.wp.com\\\/blogdoprosperi.com\\\/wp-content\\\/uploads\\\/2026\\\/05\\\/cropped-8059e613-6002-42fa-961e-8e275f575d71-2-5.jpg?fit=1360%2C931&ssl=1\",\"url\":\"https:\\\/\\\/i0.wp.com\\\/blogdoprosperi.com\\\/wp-content\\\/uploads\\\/2026\\\/05\\\/cropped-8059e613-6002-42fa-961e-8e275f575d71-2-5.jpg?fit=1360%2C931&ssl=1\",\"contentUrl\":\"https:\\\/\\\/i0.wp.com\\\/blogdoprosperi.com\\\/wp-content\\\/uploads\\\/2026\\\/05\\\/cropped-8059e613-6002-42fa-961e-8e275f575d71-2-5.jpg?fit=1360%2C931&ssl=1\",\"width\":1360,\"height\":931,\"caption\":\"Luiz Ant\u00f4nio Pr\u00f3speri\"},\"logo\":{\"@id\":\"https:\\\/\\\/i0.wp.com\\\/blogdoprosperi.com\\\/wp-content\\\/uploads\\\/2026\\\/05\\\/cropped-8059e613-6002-42fa-961e-8e275f575d71-2-5.jpg?fit=1360%2C931&ssl=1\"},\"description\":\"Jornalista com carreira dedicada ao esporte. Cobriu 9 Copas do Mundo in loco, 1990 na It\u00e1lia, 1994 nos EUA, 1998 na Fran\u00e7a, 2002 na Coreia do Sul e Jap\u00e3o, 2006 na Alemanha, 2010 na \u00c1frica do Sul, 2014 no Brasil, 2018 na R\u00fassia e 2022 no Qatar. Eurocopas, 1992 na Su\u00e9cia e 1996 na Inglaterra. Copa das Confedera\u00e7\u00f5es de 2005 na Alemanha e 2009 na \u00c1frica do Sul. Rep\u00f3rter e Editor, trabalhou no Jornal da Tarde e Estad\u00e3o, de 1984 a fevereiro de 2016. Colunista, blogueiro. E comentarista de futebol na R\u00e1dio Estad\u00e3o, de 2013 a fevereiro de 2016. Jornalista respons\u00e1vel do \\\"Pr\u00f3speri News\\\" (blogdoprosperi.com).\",\"sameAs\":[\"http:\\\/\\\/blogdoprosperi.com\",\"Luiz Pr\u00f3speri\",\"@luiz_prosperi\",\"https:\\\/\\\/x.com\\\/Luizprosperi\",\"@prosperinacopa\",\"luiz.prosperi@icloud.com\"],\"url\":\"https:\\\/\\\/blogdoprosperi.com\\\/?author=102107496\"}]}<\/script>\n<!-- \/ Yoast SEO plugin. -->","yoast_head_json":{"title":"Sele\u00e7\u00e3o nunca mais ser\u00e1 Brasileira - PR\u00d3SPERI NEWS","robots":{"index":"index","follow":"follow","max-snippet":"max-snippet:-1","max-image-preview":"max-image-preview:large","max-video-preview":"max-video-preview:-1"},"canonical":"https:\/\/blogdoprosperi.com\/?p=41540","og_locale":"pt_BR","og_type":"article","og_title":"Sele\u00e7\u00e3o nunca mais ser\u00e1 Brasileira - PR\u00d3SPERI NEWS","og_description":"A Sele\u00e7\u00e3o Brasileira acabou. J\u00e1 n\u00e3o tinha mais poder sobre a camisa amarela e agora ter\u00e1 um maestro da Europa","og_url":"https:\/\/blogdoprosperi.com\/?p=41540","og_site_name":"PR\u00d3SPERI NEWS","article_publisher":"Luiz Pr\u00f3speri","article_author":"Luiz Pr\u00f3speri","article_published_time":"2023-03-25T15:12:31+00:00","article_modified_time":"2023-03-26T01:28:56+00:00","og_image":[{"width":910,"height":631,"url":"https:\/\/i0.wp.com\/blogdoprosperi.com\/wp-content\/uploads\/2023\/03\/20230321133636_97.jpg?fit=910%2C631&ssl=1","type":"image\/jpeg"}],"author":"Luiz Ant\u00f4nio Pr\u00f3speri","twitter_card":"summary_large_image","twitter_creator":"@Luizprosperi","twitter_site":"@Luizprosperi","twitter_misc":{"Escrito por":"Luiz Ant\u00f4nio Pr\u00f3speri","Est. tempo de leitura":"3 minutos"},"schema":{"@context":"https:\/\/schema.org","@graph":[{"@type":"Article","@id":"https:\/\/blogdoprosperi.com\/?p=41540#article","isPartOf":{"@id":"https:\/\/blogdoprosperi.com\/?p=41540"},"author":{"name":"Luiz Ant\u00f4nio Pr\u00f3speri","@id":"https:\/\/blogdoprosperi.com\/#\/schema\/person\/38100755ce3601861ee4fab9b5aa78e9"},"headline":"Sele\u00e7\u00e3o nunca mais ser\u00e1 Brasileira","datePublished":"2023-03-25T15:12:31+00:00","dateModified":"2023-03-26T01:28:56+00:00","mainEntityOfPage":{"@id":"https:\/\/blogdoprosperi.com\/?p=41540"},"wordCount":562,"commentCount":5,"publisher":{"@id":"https:\/\/blogdoprosperi.com\/#\/schema\/person\/38100755ce3601861ee4fab9b5aa78e9"},"image":{"@id":"https:\/\/blogdoprosperi.com\/?p=41540#primaryimage"},"thumbnailUrl":"https:\/\/i0.wp.com\/blogdoprosperi.com\/wp-content\/uploads\/2023\/03\/20230321133636_97.jpg?fit=910%2C631&ssl=1","keywords":["Ancelotti","camisa amarela","CBF","Ednaldo Rodrigues","futebol","Pel\u00e9","Ronaldo Fen\u00f4meno","Sele\u00e7\u00e3o Brasileira","Vanderlei Luxemburgo","Zico"],"articleSection":["catar 2022","CBF","futebol","futebol 2023","Pel\u00e9","racismo","Sele\u00e7\u00e3o Brasileira"],"inLanguage":"pt-BR","potentialAction":[{"@type":"CommentAction","name":"Comment","target":["https:\/\/blogdoprosperi.com\/?p=41540#respond"]}]},{"@type":"WebPage","@id":"https:\/\/blogdoprosperi.com\/?p=41540","url":"https:\/\/blogdoprosperi.com\/?p=41540","name":"Sele\u00e7\u00e3o nunca mais ser\u00e1 Brasileira - PR\u00d3SPERI NEWS","isPartOf":{"@id":"https:\/\/blogdoprosperi.com\/#website"},"primaryImageOfPage":{"@id":"https:\/\/blogdoprosperi.com\/?p=41540#primaryimage"},"image":{"@id":"https:\/\/blogdoprosperi.com\/?p=41540#primaryimage"},"thumbnailUrl":"https:\/\/i0.wp.com\/blogdoprosperi.com\/wp-content\/uploads\/2023\/03\/20230321133636_97.jpg?fit=910%2C631&ssl=1","datePublished":"2023-03-25T15:12:31+00:00","dateModified":"2023-03-26T01:28:56+00:00","breadcrumb":{"@id":"https:\/\/blogdoprosperi.com\/?p=41540#breadcrumb"},"inLanguage":"pt-BR","potentialAction":[{"@type":"ReadAction","target":["https:\/\/blogdoprosperi.com\/?p=41540"]}]},{"@type":"ImageObject","inLanguage":"pt-BR","@id":"https:\/\/blogdoprosperi.com\/?p=41540#primaryimage","url":"https:\/\/i0.wp.com\/blogdoprosperi.com\/wp-content\/uploads\/2023\/03\/20230321133636_97.jpg?fit=910%2C631&ssl=1","contentUrl":"https:\/\/i0.wp.com\/blogdoprosperi.com\/wp-content\/uploads\/2023\/03\/20230321133636_97.jpg?fit=910%2C631&ssl=1","width":910,"height":631,"caption":"Emerson Royal e Rodrygo diante do quadro de Pel\u00e9 na Sele\u00e7\u00e3o \u2013 foto: CBF"},{"@type":"BreadcrumbList","@id":"https:\/\/blogdoprosperi.com\/?p=41540#breadcrumb","itemListElement":[{"@type":"ListItem","position":1,"name":"In\u00edcio","item":"https:\/\/blogdoprosperi.com\/"},{"@type":"ListItem","position":2,"name":"Sele\u00e7\u00e3o nunca mais ser\u00e1 Brasileira"}]},{"@type":"WebSite","@id":"https:\/\/blogdoprosperi.com\/#website","url":"https:\/\/blogdoprosperi.com\/","name":"PR\u00d3SPERI NEWS","description":"TUDO \u00c9  FUTEBOL","publisher":{"@id":"https:\/\/blogdoprosperi.com\/#\/schema\/person\/38100755ce3601861ee4fab9b5aa78e9"},"alternateName":"blogdoprosperi.com","potentialAction":[{"@type":"SearchAction","target":{"@type":"EntryPoint","urlTemplate":"https:\/\/blogdoprosperi.com\/?s={search_term_string}"},"query-input":{"@type":"PropertyValueSpecification","valueRequired":true,"valueName":"search_term_string"}}],"inLanguage":"pt-BR"},{"@type":["Person","Organization"],"@id":"https:\/\/blogdoprosperi.com\/#\/schema\/person\/38100755ce3601861ee4fab9b5aa78e9","name":"Luiz Ant\u00f4nio Pr\u00f3speri","pronouns":"ele","image":{"@type":"ImageObject","inLanguage":"pt-BR","@id":"https:\/\/i0.wp.com\/blogdoprosperi.com\/wp-content\/uploads\/2026\/05\/cropped-8059e613-6002-42fa-961e-8e275f575d71-2-5.jpg?fit=1360%2C931&ssl=1","url":"https:\/\/i0.wp.com\/blogdoprosperi.com\/wp-content\/uploads\/2026\/05\/cropped-8059e613-6002-42fa-961e-8e275f575d71-2-5.jpg?fit=1360%2C931&ssl=1","contentUrl":"https:\/\/i0.wp.com\/blogdoprosperi.com\/wp-content\/uploads\/2026\/05\/cropped-8059e613-6002-42fa-961e-8e275f575d71-2-5.jpg?fit=1360%2C931&ssl=1","width":1360,"height":931,"caption":"Luiz Ant\u00f4nio Pr\u00f3speri"},"logo":{"@id":"https:\/\/i0.wp.com\/blogdoprosperi.com\/wp-content\/uploads\/2026\/05\/cropped-8059e613-6002-42fa-961e-8e275f575d71-2-5.jpg?fit=1360%2C931&ssl=1"},"description":"Jornalista com carreira dedicada ao esporte. Cobriu 9 Copas do Mundo in loco, 1990 na It\u00e1lia, 1994 nos EUA, 1998 na Fran\u00e7a, 2002 na Coreia do Sul e Jap\u00e3o, 2006 na Alemanha, 2010 na \u00c1frica do Sul, 2014 no Brasil, 2018 na R\u00fassia e 2022 no Qatar. Eurocopas, 1992 na Su\u00e9cia e 1996 na Inglaterra. Copa das Confedera\u00e7\u00f5es de 2005 na Alemanha e 2009 na \u00c1frica do Sul. Rep\u00f3rter e Editor, trabalhou no Jornal da Tarde e Estad\u00e3o, de 1984 a fevereiro de 2016. Colunista, blogueiro. E comentarista de futebol na R\u00e1dio Estad\u00e3o, de 2013 a fevereiro de 2016. Jornalista respons\u00e1vel do \"Pr\u00f3speri News\" (blogdoprosperi.com).","sameAs":["http:\/\/blogdoprosperi.com","Luiz Pr\u00f3speri","@luiz_prosperi","https:\/\/x.com\/Luizprosperi","@prosperinacopa","luiz.prosperi@icloud.com"],"url":"https:\/\/blogdoprosperi.com\/?author=102107496"}]}},"jetpack_publicize_connections":[],"jetpack_likes_enabled":false,"jetpack_sharing_enabled":true,"jetpack_shortlink":"https:\/\/wp.me\/p7jvdk-aO0","jetpack-related-posts":[{"id":41732,"url":"https:\/\/blogdoprosperi.com\/?p=41732","url_meta":{"origin":41540,"position":0},"title":"Abel Ferreira, do Palmeiras, a caminho da Sele\u00e7\u00e3o Brasileira","author":"Luiz Ant\u00f4nio Pr\u00f3speri","date":"9 de junho de 2023","format":false,"excerpt":"Se Ancelotti der um \"N\u00e3o\" definitivo ao presidente da CBF, na semana de 17 de junho no amistoso do Brasil contra Guin\u00e9 na Espanha, Abel Ferreira ser\u00e1 procurado pela CBF. E a\u00ed vai depender apenas de um \"Sim\" do portugu\u00eas para ser o novo t\u00e9cnico da Sele\u00e7\u00e3o Brasileira","rel":"","context":"Em &quot;CBF&quot;","block_context":{"text":"CBF","link":"https:\/\/blogdoprosperi.com\/?cat=570700"},"img":{"alt_text":"","src":"https:\/\/i0.wp.com\/blogdoprosperi.com\/wp-content\/uploads\/2023\/01\/52654938326_bd288e38ed_c.jpg?fit=800%2C450&ssl=1&resize=350%2C200","width":350,"height":200,"srcset":"https:\/\/i0.wp.com\/blogdoprosperi.com\/wp-content\/uploads\/2023\/01\/52654938326_bd288e38ed_c.jpg?fit=800%2C450&ssl=1&resize=350%2C200 1x, https:\/\/i0.wp.com\/blogdoprosperi.com\/wp-content\/uploads\/2023\/01\/52654938326_bd288e38ed_c.jpg?fit=800%2C450&ssl=1&resize=525%2C300 1.5x, https:\/\/i0.wp.com\/blogdoprosperi.com\/wp-content\/uploads\/2023\/01\/52654938326_bd288e38ed_c.jpg?fit=800%2C450&ssl=1&resize=700%2C400 2x"},"classes":[]},{"id":49864,"url":"https:\/\/blogdoprosperi.com\/?p=49864","url_meta":{"origin":41540,"position":1},"title":"CBF Desiste de Ancelotti | Sele\u00e7\u00e3o Brasileira Deveria  Pensar na Copa do Mundo de 2030","author":"Luiz Ant\u00f4nio Pr\u00f3speri","date":"29 de abril de 2025","format":false,"excerpt":"\u2666 CBF se exp\u00f5e ao rid\u00edculo de n\u00e3o conduzir uma negocia\u00e7\u00e3o com Ancelotti t\u00e3o comum no futebol internacional \u2666 Jorge Jesus tem lobby forte na CBF. E caminha para outro furo n'\u00e1gua na Sele\u00e7\u00e3o Luiz Ant\u00f4nio Pr\u00f3speri \u2013 29 abril (22h25) \u2013 CBF desiste de Carlo Ancelotti. T\u00e9cnico italiano tem\u2026","rel":"","context":"Em &quot;futebol&quot;","block_context":{"text":"futebol","link":"https:\/\/blogdoprosperi.com\/?cat=53870"},"img":{"alt_text":"Jesus e Filipe, juntos na Sele\u00e7\u00e3o ?","src":"https:\/\/i0.wp.com\/blogdoprosperi.com\/wp-content\/uploads\/2025\/03\/captura-de-tela-2025-03-28-as-18.57.54.png?fit=1200%2C642&ssl=1&resize=350%2C200","width":350,"height":200,"srcset":"https:\/\/i0.wp.com\/blogdoprosperi.com\/wp-content\/uploads\/2025\/03\/captura-de-tela-2025-03-28-as-18.57.54.png?fit=1200%2C642&ssl=1&resize=350%2C200 1x, https:\/\/i0.wp.com\/blogdoprosperi.com\/wp-content\/uploads\/2025\/03\/captura-de-tela-2025-03-28-as-18.57.54.png?fit=1200%2C642&ssl=1&resize=525%2C300 1.5x, https:\/\/i0.wp.com\/blogdoprosperi.com\/wp-content\/uploads\/2025\/03\/captura-de-tela-2025-03-28-as-18.57.54.png?fit=1200%2C642&ssl=1&resize=700%2C400 2x, https:\/\/i0.wp.com\/blogdoprosperi.com\/wp-content\/uploads\/2025\/03\/captura-de-tela-2025-03-28-as-18.57.54.png?fit=1200%2C642&ssl=1&resize=1050%2C600 3x"},"classes":[]},{"id":50059,"url":"https:\/\/blogdoprosperi.com\/?p=50059","url_meta":{"origin":41540,"position":2},"title":"Ancelotti Assume Sele\u00e7\u00e3o Brasileira | Agora Somos Europeus da Cabe\u00e7a aos P\u00e9s","author":"Luiz Ant\u00f4nio Pr\u00f3speri","date":"12 de maio de 2025","format":false,"excerpt":"\u2666 Quest\u00e3o agora \u00e9 entender como vai se comportar Ancelotti nesse cen\u00e1rio de incertezas da CBF, todo o caldo das imperfei\u00e7\u00f5es do nosso futebol \u2666 Nossa ess\u00eancia no mundo da bola acaba de ser chutada para o outro lado do Atl\u00e2ntico Luiz Ant\u00f4nio Pr\u00f3speri \u2013 12 maio (11h52) Carlo Ancelotti\u2026","rel":"","context":"Em &quot;futebol&quot;","block_context":{"text":"futebol","link":"https:\/\/blogdoprosperi.com\/?cat=53870"},"img":{"alt_text":"","src":"https:\/\/i0.wp.com\/blogdoprosperi.com\/wp-content\/uploads\/2025\/05\/captura-de-tela-2025-05-12-as-12.15.15.png?fit=790%2C682&ssl=1&resize=350%2C200","width":350,"height":200,"srcset":"https:\/\/i0.wp.com\/blogdoprosperi.com\/wp-content\/uploads\/2025\/05\/captura-de-tela-2025-05-12-as-12.15.15.png?fit=790%2C682&ssl=1&resize=350%2C200 1x, https:\/\/i0.wp.com\/blogdoprosperi.com\/wp-content\/uploads\/2025\/05\/captura-de-tela-2025-05-12-as-12.15.15.png?fit=790%2C682&ssl=1&resize=525%2C300 1.5x, https:\/\/i0.wp.com\/blogdoprosperi.com\/wp-content\/uploads\/2025\/05\/captura-de-tela-2025-05-12-as-12.15.15.png?fit=790%2C682&ssl=1&resize=700%2C400 2x"},"classes":[]},{"id":40944,"url":"https:\/\/blogdoprosperi.com\/?p=40944","url_meta":{"origin":41540,"position":3},"title":"Vel\u00f3rio de Pel\u00e9: Fifa pede est\u00e1dios com nome do Rei em todos pa\u00edses do mundo","author":"Luiz Ant\u00f4nio Pr\u00f3speri","date":"2 de janeiro de 2023","format":false,"excerpt":"Vel\u00f3rio de Pel\u00e9 recebe milhares de torcedores, dirigentes da Fifa, Conmebol, CBF, chefes de Estado, jornalistas internacionais, ex-jogadores do Santos, entre outros. Campe\u00f5es mundiais com a Sele\u00e7\u00e3o e \u00eddolos de gera\u00e7\u00f5es mais recentes do futebol brasileiro n\u00e3o foram ao vel\u00f3rio na segunda-feira","rel":"","context":"Em &quot;futebol&quot;","block_context":{"text":"futebol","link":"https:\/\/blogdoprosperi.com\/?cat=53870"},"img":{"alt_text":"","src":"https:\/\/i0.wp.com\/blogdoprosperi.com\/wp-content\/uploads\/2023\/01\/flelychxgamzezb.jpeg?fit=1200%2C800&ssl=1&resize=350%2C200","width":350,"height":200,"srcset":"https:\/\/i0.wp.com\/blogdoprosperi.com\/wp-content\/uploads\/2023\/01\/flelychxgamzezb.jpeg?fit=1200%2C800&ssl=1&resize=350%2C200 1x, https:\/\/i0.wp.com\/blogdoprosperi.com\/wp-content\/uploads\/2023\/01\/flelychxgamzezb.jpeg?fit=1200%2C800&ssl=1&resize=525%2C300 1.5x, https:\/\/i0.wp.com\/blogdoprosperi.com\/wp-content\/uploads\/2023\/01\/flelychxgamzezb.jpeg?fit=1200%2C800&ssl=1&resize=700%2C400 2x, https:\/\/i0.wp.com\/blogdoprosperi.com\/wp-content\/uploads\/2023\/01\/flelychxgamzezb.jpeg?fit=1200%2C800&ssl=1&resize=1050%2C600 3x"},"classes":[]},{"id":50645,"url":"https:\/\/blogdoprosperi.com\/?p=50645","url_meta":{"origin":41540,"position":4},"title":"Sele\u00e7\u00e3o Brasileira | Eles Conseguiram, Somos Todos Ancelotti","author":"Luiz Ant\u00f4nio Pr\u00f3speri","date":"3 de junho de 2025","format":false,"excerpt":"Luiz Ant\u00f4nio Pr\u00f3speri \u2013 3 junho (22h35) \u2013 Ancelotti deve escalar este time contra o Equador, em Guayaquil, sua estreia na Sele\u00e7\u00e3o Brasileira, quinta-feira (05\/6): Alisson (Liverpool), Vanderson (Monaco), Marquinhos (PSG), Alexsandro (Lille) e Alex Sandro (Flamengo); Casemiro (Manchester United), Bruno Guimar\u00e3es (Newcastle) e Gerson (Flamengo); Estev\u00e3o (Palmeiras), Richarlisson (Tottenham)\u2026","rel":"","context":"Em &quot;futebol&quot;","block_context":{"text":"futebol","link":"https:\/\/blogdoprosperi.com\/?cat=53870"},"img":{"alt_text":"Somos todos Ancelotti","src":"https:\/\/i0.wp.com\/blogdoprosperi.com\/wp-content\/uploads\/2025\/06\/64d189d7ac692d11658f6747f0642abf.jpg?fit=1200%2C675&ssl=1&resize=350%2C200","width":350,"height":200,"srcset":"https:\/\/i0.wp.com\/blogdoprosperi.com\/wp-content\/uploads\/2025\/06\/64d189d7ac692d11658f6747f0642abf.jpg?fit=1200%2C675&ssl=1&resize=350%2C200 1x, https:\/\/i0.wp.com\/blogdoprosperi.com\/wp-content\/uploads\/2025\/06\/64d189d7ac692d11658f6747f0642abf.jpg?fit=1200%2C675&ssl=1&resize=525%2C300 1.5x, https:\/\/i0.wp.com\/blogdoprosperi.com\/wp-content\/uploads\/2025\/06\/64d189d7ac692d11658f6747f0642abf.jpg?fit=1200%2C675&ssl=1&resize=700%2C400 2x, https:\/\/i0.wp.com\/blogdoprosperi.com\/wp-content\/uploads\/2025\/06\/64d189d7ac692d11658f6747f0642abf.jpg?fit=1200%2C675&ssl=1&resize=1050%2C600 3x"},"classes":[]},{"id":54830,"url":"https:\/\/blogdoprosperi.com\/?p=54830","url_meta":{"origin":41540,"position":5},"title":"Sele\u00e7\u00e3o Brasileira | Chegamos Onde Quer\u00edamos Chegar e Lutamos Muito Por Isso Sem Perceber","author":"Luiz Ant\u00f4nio Pr\u00f3speri","date":"4 de setembro de 2025","format":false,"excerpt":"N\u00e3o se contesta a europeiza\u00e7\u00e3o da Sele\u00e7\u00e3o. Se aplaude. A ponto de se dizer sim a Ancelotti por encostar Neymar, o \u00faltimo craque com patente do futebol brasileiro.","rel":"","context":"Em &quot;copa do mundo 2026&quot;","block_context":{"text":"copa do mundo 2026","link":"https:\/\/blogdoprosperi.com\/?cat=115102077"},"img":{"alt_text":"Sele\u00e7\u00e3o Brasileira europeia","src":"https:\/\/i0.wp.com\/blogdoprosperi.com\/wp-content\/uploads\/2025\/09\/54763196179_ee8e6c1685_c-1.jpg?fit=800%2C487&ssl=1&resize=350%2C200","width":350,"height":200,"srcset":"https:\/\/i0.wp.com\/blogdoprosperi.com\/wp-content\/uploads\/2025\/09\/54763196179_ee8e6c1685_c-1.jpg?fit=800%2C487&ssl=1&resize=350%2C200 1x, https:\/\/i0.wp.com\/blogdoprosperi.com\/wp-content\/uploads\/2025\/09\/54763196179_ee8e6c1685_c-1.jpg?fit=800%2C487&ssl=1&resize=525%2C300 1.5x, https:\/\/i0.wp.com\/blogdoprosperi.com\/wp-content\/uploads\/2025\/09\/54763196179_ee8e6c1685_c-1.jpg?fit=800%2C487&ssl=1&resize=700%2C400 2x"},"classes":[]}],"jetpack_featured_media_url":"https:\/\/i0.wp.com\/blogdoprosperi.com\/wp-content\/uploads\/2023\/03\/20230321133636_97.jpg?fit=910%2C631&ssl=1","_links":{"self":[{"href":"https:\/\/blogdoprosperi.com\/index.php?rest_route=\/wp\/v2\/posts\/41540","targetHints":{"allow":["GET"]}}],"collection":[{"href":"https:\/\/blogdoprosperi.com\/index.php?rest_route=\/wp\/v2\/posts"}],"about":[{"href":"https:\/\/blogdoprosperi.com\/index.php?rest_route=\/wp\/v2\/types\/post"}],"author":[{"embeddable":true,"href":"https:\/\/blogdoprosperi.com\/index.php?rest_route=\/wp\/v2\/users\/102107496"}],"replies":[{"embeddable":true,"href":"https:\/\/blogdoprosperi.com\/index.php?rest_route=%2Fwp%2Fv2%2Fcomments&post=41540"}],"version-history":[{"count":13,"href":"https:\/\/blogdoprosperi.com\/index.php?rest_route=\/wp\/v2\/posts\/41540\/revisions"}],"predecessor-version":[{"id":41571,"href":"https:\/\/blogdoprosperi.com\/index.php?rest_route=\/wp\/v2\/posts\/41540\/revisions\/41571"}],"wp:featuredmedia":[{"embeddable":true,"href":"https:\/\/blogdoprosperi.com\/index.php?rest_route=\/wp\/v2\/media\/41549"}],"wp:attachment":[{"href":"https:\/\/blogdoprosperi.com\/index.php?rest_route=%2Fwp%2Fv2%2Fmedia&parent=41540"}],"wp:term":[{"taxonomy":"category","embeddable":true,"href":"https:\/\/blogdoprosperi.com\/index.php?rest_route=%2Fwp%2Fv2%2Fcategories&post=41540"},{"taxonomy":"post_tag","embeddable":true,"href":"https:\/\/blogdoprosperi.com\/index.php?rest_route=%2Fwp%2Fv2%2Ftags&post=41540"}],"curies":[{"name":"wp","href":"https:\/\/api.w.org\/{rel}","templated":true}]}}