{"id":41608,"date":"2023-04-20T19:25:50","date_gmt":"2023-04-20T22:25:50","guid":{"rendered":"https:\/\/blogdoprosperi.com\/?p=41608"},"modified":"2023-04-25T02:11:27","modified_gmt":"2023-04-25T05:11:27","slug":"dorival-bombeiro-e-cuca-incendiario-voltam-ao-futebol-paulista","status":"publish","type":"post","link":"https:\/\/blogdoprosperi.com\/?p=41608","title":{"rendered":"S\u00e3o Paulo contrata bombeiro, Corinthians fecha com incendi\u00e1rio"},"content":{"rendered":"<p>S\u00e3o Paulo recorre a Dorival Junior em busca de recuperar o tempo perdido por Rogerio Ceni. Enquanto isso, Corinthians se socorre a Cuca para reposicionar trabalho do estagi\u00e1rio Fernando L\u00e1zaro.<\/p>\n<p>Dois treinadores de lastro e experientes assumindo posi\u00e7\u00e3o de destaque no futebol paulista mais uma vez.<\/p>\n<p>Vai dar certo?<\/p>\n<p>Dif\u00edcil uma proje\u00e7\u00e3o mais embasada. At\u00e9 porque nem S\u00e3o Paulo e muito menos Corinthians t\u00eam material de primeira \u00e0 disposi\u00e7\u00e3o de seus <span style=\"color: #0000ff\"><strong><a style=\"color: #0000ff\" href=\"https:\/\/blogdoprosperi.com\/2022\/08\/16\/jorginho-ataca-abel\/\">novos velhos treinadores.<\/a><\/strong><\/span><\/p>\n<p>Dorival deve encontrar uma colcha de retalhos no Morumbi. Cada peda\u00e7o de pano remendado a outro sem sintonia de cores e textura.<\/p>\n<p>Um exemplo r\u00e1pido dessa colcha mal costurada: tr\u00eas jogadores rec\u00e9m-sa\u00eddos do Fluminense que atuam na mesma posi\u00e7\u00e3o, mas for\u00e7ados a cumprir fun\u00e7\u00f5es diferentes. Falamos de Caio Paulista, Michel Araujo e Marcos Paulo. Pouco funcionaram no time carioca.<\/p>\n<p>Dorival est\u00e1 acostumado a essas deformidades. Sua carreira de t\u00edtulos importantes \u00e9 mais bem avaliada quando faz servi\u00e7o de bombeiro, sempre a apagar inc\u00eandios e a tirar times soterrados nos escombros da mediocridade.<\/p>\n<p><span class=\"alignnone\"><img data-recalc-dims=\"1\" loading=\"lazy\" decoding=\"async\" data-attachment-id=\"41614\" data-permalink=\"https:\/\/blogdoprosperi.com\/?attachment_id=41614\" data-orig-file=\"https:\/\/i0.wp.com\/blogdoprosperi.com\/wp-content\/uploads\/2023\/04\/ful89bvwcacsagv.jpeg?fit=1080%2C1920&amp;ssl=1\" data-orig-size=\"1080,1920\" data-comments-opened=\"1\" data-image-meta=\"{&quot;aperture&quot;:&quot;0&quot;,&quot;credit&quot;:&quot;&quot;,&quot;camera&quot;:&quot;&quot;,&quot;caption&quot;:&quot;&quot;,&quot;created_timestamp&quot;:&quot;0&quot;,&quot;copyright&quot;:&quot;&quot;,&quot;focal_length&quot;:&quot;0&quot;,&quot;iso&quot;:&quot;0&quot;,&quot;shutter_speed&quot;:&quot;0&quot;,&quot;title&quot;:&quot;&quot;,&quot;orientation&quot;:&quot;0&quot;}\" data-image-title=\"Dorival Junior \u00e9 do SPFC \u2013 foto: Twitter SPFC\" data-image-description=\"\" data-image-caption=\"\" data-large-file=\"https:\/\/i0.wp.com\/blogdoprosperi.com\/wp-content\/uploads\/2023\/04\/ful89bvwcacsagv.jpeg?fit=576%2C1024&amp;ssl=1\" src=\"https:\/\/i0.wp.com\/blogdoprosperi.com\/wp-content\/uploads\/2023\/04\/ful89bvwcacsagv.jpeg?resize=576%2C1024&#038;ssl=1\" class=\"alignnone size-large wp-image-41614\" width=\"576\" height=\"1024\" alt=\"\"><\/span><\/p>\n<p>De 2010 at\u00e9 esse in\u00edcio de 2023, quem examinar com lupa os feitos de Dorival vai se deparar com trabalhos de idas e vindas no pr\u00f3prio S\u00e3o Paulo, <span style=\"color: #0000ff\"><strong><a style=\"color: #0000ff\" href=\"https:\/\/blogdoprosperi.com\/2023\/02\/07\/flamengo-cai-no-mundial-de-clubes-e-se-perde-no-labirinto\/\">Flamengo,<\/a><\/strong><\/span><span style=\"color: #0000ff\"><strong> <\/strong><\/span>Santos, Fluminense, Vasco, Palmeiras, Internacional, Atl\u00e9tico-MG.<\/p>\n<p>Salvou vidas contra rebaixamento, conquistou t\u00edtulos e tamb\u00e9m saiu demitido por n\u00e3o acrescentar nada de muito diferente a clubes mais exigentes.<\/p>\n<p>Cuca \u00e9 quase oposto a Dorival Junior. Mais criativo e pouco afeito a atuar como extintor de inc\u00eandio. Prefere \u00e9 botar fogo por onde passa. Insiste no famoso trabalho de come\u00e7o, meio e fim.<\/p>\n<p>Problema de <span style=\"color: #0000ff\"><strong><a style=\"color: #0000ff\" href=\"https:\/\/blogdoprosperi.com\/2022\/08\/15\/guerra-dos-tronos-cresce-batalha-da-vaidade-entre-treinadores-no-futebol-brasileiro\/\">Cuca \u00e9 falta de continuidade<\/a><\/strong><\/span>, em especial quando fecha o ano campe\u00e3o ou com boas notas no fim da temporada. Foi assim, num passado mais recente, no Palmeiras em 2016, Atl\u00e9tico-MG em 2013 e 2021, e Santos em 2020.<\/p>\n<p>Como nunca trabalhou no Corinthians e chega em momento cr\u00edtico do conhecido Tim\u00e3o na temporada, dif\u00edcil imaginar se vai funcionar.<\/p>\n<p>Cuca sabe que ter\u00e1 veteranos em frangalhos a seus dispor, como Paulinho, Renato Augusto, Fagner, Giuliano, Gil, Balbuena e um punhado de jovens ainda desorientados em campo.<\/p>\n<p>Fora da relva verde, Cuca ter\u00e1 de enfrentar uma torcida engajada, dona de verdade do time, a tal Fiel que n\u00e3o aceita aplaudir um dos seus que tenha manchas do passado. &#8220;Respeita as minas&#8221;. Cuca sabe muito bem o recado que vem forte das arquibancadas.<\/p>\n<hr>\n<p><strong><em>S\u00e3o Paulo 20 de abril 2023. Por Luiz Ant\u00f4nio Pr\u00f3speri<\/em><\/strong><\/p>\n","protected":false},"excerpt":{"rendered":"<p>Dorival Junior no S\u00e3o Paulo e Cuca no Corinthians voltam ao futebol paulista com a dura miss\u00e3o de reerguer dois gigantes.<\/p>\n","protected":false},"author":102107496,"featured_media":41615,"comment_status":"open","ping_status":"open","sticky":false,"template":"","format":"standard","meta":{"_coblocks_attr":"","_coblocks_dimensions":"","_coblocks_responsive_height":"","_coblocks_accordion_ie_support":"","_jetpack_newsletter_access":"","_jetpack_dont_email_post_to_subs":false,"_jetpack_newsletter_tier_id":0,"_jetpack_memberships_contains_paywalled_content":false,"_wpcom_ai_launchpad_first_post":false,"_jetpack_feature_clip_id":0,"_jetpack_memberships_contains_paid_content":false,"footnotes":"","jetpack_publicize_message":"","jetpack_publicize_feature_enabled":true,"jetpack_social_post_already_shared":false,"jetpack_social_options":{"image_generator_settings":{"template":"highway","default_image_id":0,"font":"","enabled":false},"version":2},"jetpack_post_was_ever_published":false},"categories":[53870,758801836,748518242],"tags":[177066,553317393,3066303,789560560,761824582,1181872,1114917],"class_list":["post-41608","post","type-post","status-publish","format-standard","has-post-thumbnail","hentry","category-futebol","category-futebol-2023","category-libertadores-2023","tag-corinthians","tag-cuca-corinthians","tag-dorival-junior","tag-futebol","tag-respeita-a-minas","tag-rogerio-ceni","tag-spfc"],"yoast_head":"<!-- This site is optimized with the Yoast SEO plugin v28.3 - https:\/\/yoast.com\/product\/yoast-seo-wordpress\/ -->\n<title>S\u00e3o Paulo contrata bombeiro, Corinthians fecha com incendi\u00e1rio - PR\u00d3SPERI NEWS<\/title>\n<meta name=\"robots\" content=\"index, follow, max-snippet:-1, max-image-preview:large, max-video-preview:-1\" \/>\n<link rel=\"canonical\" href=\"https:\/\/blogdoprosperi.com\/?p=41608\" \/>\n<meta property=\"og:locale\" content=\"pt_BR\" \/>\n<meta property=\"og:type\" content=\"article\" \/>\n<meta property=\"og:title\" content=\"S\u00e3o Paulo contrata bombeiro, Corinthians fecha com incendi\u00e1rio - PR\u00d3SPERI NEWS\" \/>\n<meta property=\"og:description\" content=\"Dorival Junior no S\u00e3o Paulo e Cuca no Corinthians voltam ao futebol paulista com a dura miss\u00e3o de reerguer dois gigantes.\" \/>\n<meta property=\"og:url\" content=\"https:\/\/blogdoprosperi.com\/?p=41608\" \/>\n<meta property=\"og:site_name\" content=\"PR\u00d3SPERI NEWS\" \/>\n<meta property=\"article:publisher\" content=\"Luiz Pr\u00f3speri\" \/>\n<meta property=\"article:author\" content=\"Luiz Pr\u00f3speri\" \/>\n<meta property=\"article:published_time\" content=\"2023-04-20T22:25:50+00:00\" \/>\n<meta property=\"article:modified_time\" content=\"2023-04-25T05:11:27+00:00\" \/>\n<meta property=\"og:image\" content=\"https:\/\/i0.wp.com\/blogdoprosperi.com\/wp-content\/uploads\/2023\/04\/fulk2oqxsai4x7e.jpeg?fit=1080%2C1080&ssl=1\" \/>\n\t<meta property=\"og:image:width\" content=\"1080\" \/>\n\t<meta property=\"og:image:height\" content=\"1080\" \/>\n\t<meta property=\"og:image:type\" content=\"image\/jpeg\" \/>\n<meta name=\"author\" content=\"Luiz Ant\u00f4nio Pr\u00f3speri\" \/>\n<meta name=\"twitter:card\" content=\"summary_large_image\" \/>\n<meta name=\"twitter:creator\" content=\"@Luizprosperi\" \/>\n<meta name=\"twitter:site\" content=\"@Luizprosperi\" \/>\n<meta name=\"twitter:label1\" content=\"Escrito por\" \/>\n\t<meta name=\"twitter:data1\" content=\"Luiz Ant\u00f4nio Pr\u00f3speri\" \/>\n\t<meta name=\"twitter:label2\" content=\"Est. tempo de leitura\" \/>\n\t<meta name=\"twitter:data2\" content=\"2 minutos\" \/>\n<script type=\"application\/ld+json\" class=\"yoast-schema-graph\">{\"@context\":\"https:\\\/\\\/schema.org\",\"@graph\":[{\"@type\":\"Article\",\"@id\":\"https:\\\/\\\/blogdoprosperi.com\\\/?p=41608#article\",\"isPartOf\":{\"@id\":\"https:\\\/\\\/blogdoprosperi.com\\\/?p=41608\"},\"author\":{\"name\":\"Luiz Ant\u00f4nio Pr\u00f3speri\",\"@id\":\"https:\\\/\\\/blogdoprosperi.com\\\/#\\\/schema\\\/person\\\/38100755ce3601861ee4fab9b5aa78e9\"},\"headline\":\"S\u00e3o Paulo contrata bombeiro, Corinthians fecha com incendi\u00e1rio\",\"datePublished\":\"2023-04-20T22:25:50+00:00\",\"dateModified\":\"2023-04-25T05:11:27+00:00\",\"mainEntityOfPage\":{\"@id\":\"https:\\\/\\\/blogdoprosperi.com\\\/?p=41608\"},\"wordCount\":434,\"commentCount\":0,\"publisher\":{\"@id\":\"https:\\\/\\\/blogdoprosperi.com\\\/#\\\/schema\\\/person\\\/38100755ce3601861ee4fab9b5aa78e9\"},\"image\":{\"@id\":\"https:\\\/\\\/blogdoprosperi.com\\\/?p=41608#primaryimage\"},\"thumbnailUrl\":\"https:\\\/\\\/i0.wp.com\\\/blogdoprosperi.com\\\/wp-content\\\/uploads\\\/2023\\\/04\\\/fulk2oqxsai4x7e.jpeg?fit=1080%2C1080&ssl=1\",\"keywords\":[\"Corinthians\",\"Cuca Corinthians\",\"Dorival J\u00fanior\",\"futebol\",\"Respeita a Minas\",\"Rog\u00e9rio Ceni\",\"SPFC\"],\"articleSection\":[\"futebol\",\"futebol 2023\",\"libertadores 2023\"],\"inLanguage\":\"pt-BR\",\"potentialAction\":[{\"@type\":\"CommentAction\",\"name\":\"Comment\",\"target\":[\"https:\\\/\\\/blogdoprosperi.com\\\/?p=41608#respond\"]}]},{\"@type\":\"WebPage\",\"@id\":\"https:\\\/\\\/blogdoprosperi.com\\\/?p=41608\",\"url\":\"https:\\\/\\\/blogdoprosperi.com\\\/?p=41608\",\"name\":\"S\u00e3o Paulo contrata bombeiro, Corinthians fecha com incendi\u00e1rio - PR\u00d3SPERI NEWS\",\"isPartOf\":{\"@id\":\"https:\\\/\\\/blogdoprosperi.com\\\/#website\"},\"primaryImageOfPage\":{\"@id\":\"https:\\\/\\\/blogdoprosperi.com\\\/?p=41608#primaryimage\"},\"image\":{\"@id\":\"https:\\\/\\\/blogdoprosperi.com\\\/?p=41608#primaryimage\"},\"thumbnailUrl\":\"https:\\\/\\\/i0.wp.com\\\/blogdoprosperi.com\\\/wp-content\\\/uploads\\\/2023\\\/04\\\/fulk2oqxsai4x7e.jpeg?fit=1080%2C1080&ssl=1\",\"datePublished\":\"2023-04-20T22:25:50+00:00\",\"dateModified\":\"2023-04-25T05:11:27+00:00\",\"breadcrumb\":{\"@id\":\"https:\\\/\\\/blogdoprosperi.com\\\/?p=41608#breadcrumb\"},\"inLanguage\":\"pt-BR\",\"potentialAction\":[{\"@type\":\"ReadAction\",\"target\":[\"https:\\\/\\\/blogdoprosperi.com\\\/?p=41608\"]}]},{\"@type\":\"ImageObject\",\"inLanguage\":\"pt-BR\",\"@id\":\"https:\\\/\\\/blogdoprosperi.com\\\/?p=41608#primaryimage\",\"url\":\"https:\\\/\\\/i0.wp.com\\\/blogdoprosperi.com\\\/wp-content\\\/uploads\\\/2023\\\/04\\\/fulk2oqxsai4x7e.jpeg?fit=1080%2C1080&ssl=1\",\"contentUrl\":\"https:\\\/\\\/i0.wp.com\\\/blogdoprosperi.com\\\/wp-content\\\/uploads\\\/2023\\\/04\\\/fulk2oqxsai4x7e.jpeg?fit=1080%2C1080&ssl=1\",\"width\":1080,\"height\":1080,\"caption\":\"Cuca no Corinthians \u2013 foto: Twitter Corinthians\"},{\"@type\":\"BreadcrumbList\",\"@id\":\"https:\\\/\\\/blogdoprosperi.com\\\/?p=41608#breadcrumb\",\"itemListElement\":[{\"@type\":\"ListItem\",\"position\":1,\"name\":\"In\u00edcio\",\"item\":\"https:\\\/\\\/blogdoprosperi.com\\\/\"},{\"@type\":\"ListItem\",\"position\":2,\"name\":\"S\u00e3o Paulo contrata bombeiro, Corinthians fecha com incendi\u00e1rio\"}]},{\"@type\":\"WebSite\",\"@id\":\"https:\\\/\\\/blogdoprosperi.com\\\/#website\",\"url\":\"https:\\\/\\\/blogdoprosperi.com\\\/\",\"name\":\"PR\u00d3SPERI NEWS\",\"description\":\"TUDO \u00c9  FUTEBOL\",\"publisher\":{\"@id\":\"https:\\\/\\\/blogdoprosperi.com\\\/#\\\/schema\\\/person\\\/38100755ce3601861ee4fab9b5aa78e9\"},\"alternateName\":\"blogdoprosperi.com\",\"potentialAction\":[{\"@type\":\"SearchAction\",\"target\":{\"@type\":\"EntryPoint\",\"urlTemplate\":\"https:\\\/\\\/blogdoprosperi.com\\\/?s={search_term_string}\"},\"query-input\":{\"@type\":\"PropertyValueSpecification\",\"valueRequired\":true,\"valueName\":\"search_term_string\"}}],\"inLanguage\":\"pt-BR\"},{\"@type\":[\"Person\",\"Organization\"],\"@id\":\"https:\\\/\\\/blogdoprosperi.com\\\/#\\\/schema\\\/person\\\/38100755ce3601861ee4fab9b5aa78e9\",\"name\":\"Luiz Ant\u00f4nio Pr\u00f3speri\",\"pronouns\":\"ele\",\"image\":{\"@type\":\"ImageObject\",\"inLanguage\":\"pt-BR\",\"@id\":\"https:\\\/\\\/i0.wp.com\\\/blogdoprosperi.com\\\/wp-content\\\/uploads\\\/2026\\\/05\\\/cropped-8059e613-6002-42fa-961e-8e275f575d71-2-5.jpg?fit=1360%2C931&ssl=1\",\"url\":\"https:\\\/\\\/i0.wp.com\\\/blogdoprosperi.com\\\/wp-content\\\/uploads\\\/2026\\\/05\\\/cropped-8059e613-6002-42fa-961e-8e275f575d71-2-5.jpg?fit=1360%2C931&ssl=1\",\"contentUrl\":\"https:\\\/\\\/i0.wp.com\\\/blogdoprosperi.com\\\/wp-content\\\/uploads\\\/2026\\\/05\\\/cropped-8059e613-6002-42fa-961e-8e275f575d71-2-5.jpg?fit=1360%2C931&ssl=1\",\"width\":1360,\"height\":931,\"caption\":\"Luiz Ant\u00f4nio Pr\u00f3speri\"},\"logo\":{\"@id\":\"https:\\\/\\\/i0.wp.com\\\/blogdoprosperi.com\\\/wp-content\\\/uploads\\\/2026\\\/05\\\/cropped-8059e613-6002-42fa-961e-8e275f575d71-2-5.jpg?fit=1360%2C931&ssl=1\"},\"description\":\"Jornalista com carreira dedicada ao esporte. Cobriu 9 Copas do Mundo in loco, 1990 na It\u00e1lia, 1994 nos EUA, 1998 na Fran\u00e7a, 2002 na Coreia do Sul e Jap\u00e3o, 2006 na Alemanha, 2010 na \u00c1frica do Sul, 2014 no Brasil, 2018 na R\u00fassia e 2022 no Qatar. Eurocopas, 1992 na Su\u00e9cia e 1996 na Inglaterra. Copa das Confedera\u00e7\u00f5es de 2005 na Alemanha e 2009 na \u00c1frica do Sul. Rep\u00f3rter e Editor, trabalhou no Jornal da Tarde e Estad\u00e3o, de 1984 a fevereiro de 2016. Colunista, blogueiro. E comentarista de futebol na R\u00e1dio Estad\u00e3o, de 2013 a fevereiro de 2016. Jornalista respons\u00e1vel do \\\"Pr\u00f3speri News\\\" (blogdoprosperi.com).\",\"sameAs\":[\"http:\\\/\\\/blogdoprosperi.com\",\"Luiz Pr\u00f3speri\",\"@luiz_prosperi\",\"https:\\\/\\\/x.com\\\/Luizprosperi\",\"@prosperinacopa\",\"luiz.prosperi@icloud.com\"],\"url\":\"https:\\\/\\\/blogdoprosperi.com\\\/?author=102107496\"}]}<\/script>\n<!-- \/ Yoast SEO plugin. -->","yoast_head_json":{"title":"S\u00e3o Paulo contrata bombeiro, Corinthians fecha com incendi\u00e1rio - PR\u00d3SPERI NEWS","robots":{"index":"index","follow":"follow","max-snippet":"max-snippet:-1","max-image-preview":"max-image-preview:large","max-video-preview":"max-video-preview:-1"},"canonical":"https:\/\/blogdoprosperi.com\/?p=41608","og_locale":"pt_BR","og_type":"article","og_title":"S\u00e3o Paulo contrata bombeiro, Corinthians fecha com incendi\u00e1rio - PR\u00d3SPERI NEWS","og_description":"Dorival Junior no S\u00e3o Paulo e Cuca no Corinthians voltam ao futebol paulista com a dura miss\u00e3o de reerguer dois gigantes.","og_url":"https:\/\/blogdoprosperi.com\/?p=41608","og_site_name":"PR\u00d3SPERI NEWS","article_publisher":"Luiz Pr\u00f3speri","article_author":"Luiz Pr\u00f3speri","article_published_time":"2023-04-20T22:25:50+00:00","article_modified_time":"2023-04-25T05:11:27+00:00","og_image":[{"width":1080,"height":1080,"url":"https:\/\/i0.wp.com\/blogdoprosperi.com\/wp-content\/uploads\/2023\/04\/fulk2oqxsai4x7e.jpeg?fit=1080%2C1080&ssl=1","type":"image\/jpeg"}],"author":"Luiz Ant\u00f4nio Pr\u00f3speri","twitter_card":"summary_large_image","twitter_creator":"@Luizprosperi","twitter_site":"@Luizprosperi","twitter_misc":{"Escrito por":"Luiz Ant\u00f4nio Pr\u00f3speri","Est. tempo de leitura":"2 minutos"},"schema":{"@context":"https:\/\/schema.org","@graph":[{"@type":"Article","@id":"https:\/\/blogdoprosperi.com\/?p=41608#article","isPartOf":{"@id":"https:\/\/blogdoprosperi.com\/?p=41608"},"author":{"name":"Luiz Ant\u00f4nio Pr\u00f3speri","@id":"https:\/\/blogdoprosperi.com\/#\/schema\/person\/38100755ce3601861ee4fab9b5aa78e9"},"headline":"S\u00e3o Paulo contrata bombeiro, Corinthians fecha com incendi\u00e1rio","datePublished":"2023-04-20T22:25:50+00:00","dateModified":"2023-04-25T05:11:27+00:00","mainEntityOfPage":{"@id":"https:\/\/blogdoprosperi.com\/?p=41608"},"wordCount":434,"commentCount":0,"publisher":{"@id":"https:\/\/blogdoprosperi.com\/#\/schema\/person\/38100755ce3601861ee4fab9b5aa78e9"},"image":{"@id":"https:\/\/blogdoprosperi.com\/?p=41608#primaryimage"},"thumbnailUrl":"https:\/\/i0.wp.com\/blogdoprosperi.com\/wp-content\/uploads\/2023\/04\/fulk2oqxsai4x7e.jpeg?fit=1080%2C1080&ssl=1","keywords":["Corinthians","Cuca Corinthians","Dorival J\u00fanior","futebol","Respeita a Minas","Rog\u00e9rio Ceni","SPFC"],"articleSection":["futebol","futebol 2023","libertadores 2023"],"inLanguage":"pt-BR","potentialAction":[{"@type":"CommentAction","name":"Comment","target":["https:\/\/blogdoprosperi.com\/?p=41608#respond"]}]},{"@type":"WebPage","@id":"https:\/\/blogdoprosperi.com\/?p=41608","url":"https:\/\/blogdoprosperi.com\/?p=41608","name":"S\u00e3o Paulo contrata bombeiro, Corinthians fecha com incendi\u00e1rio - PR\u00d3SPERI NEWS","isPartOf":{"@id":"https:\/\/blogdoprosperi.com\/#website"},"primaryImageOfPage":{"@id":"https:\/\/blogdoprosperi.com\/?p=41608#primaryimage"},"image":{"@id":"https:\/\/blogdoprosperi.com\/?p=41608#primaryimage"},"thumbnailUrl":"https:\/\/i0.wp.com\/blogdoprosperi.com\/wp-content\/uploads\/2023\/04\/fulk2oqxsai4x7e.jpeg?fit=1080%2C1080&ssl=1","datePublished":"2023-04-20T22:25:50+00:00","dateModified":"2023-04-25T05:11:27+00:00","breadcrumb":{"@id":"https:\/\/blogdoprosperi.com\/?p=41608#breadcrumb"},"inLanguage":"pt-BR","potentialAction":[{"@type":"ReadAction","target":["https:\/\/blogdoprosperi.com\/?p=41608"]}]},{"@type":"ImageObject","inLanguage":"pt-BR","@id":"https:\/\/blogdoprosperi.com\/?p=41608#primaryimage","url":"https:\/\/i0.wp.com\/blogdoprosperi.com\/wp-content\/uploads\/2023\/04\/fulk2oqxsai4x7e.jpeg?fit=1080%2C1080&ssl=1","contentUrl":"https:\/\/i0.wp.com\/blogdoprosperi.com\/wp-content\/uploads\/2023\/04\/fulk2oqxsai4x7e.jpeg?fit=1080%2C1080&ssl=1","width":1080,"height":1080,"caption":"Cuca no Corinthians \u2013 foto: Twitter Corinthians"},{"@type":"BreadcrumbList","@id":"https:\/\/blogdoprosperi.com\/?p=41608#breadcrumb","itemListElement":[{"@type":"ListItem","position":1,"name":"In\u00edcio","item":"https:\/\/blogdoprosperi.com\/"},{"@type":"ListItem","position":2,"name":"S\u00e3o Paulo contrata bombeiro, Corinthians fecha com incendi\u00e1rio"}]},{"@type":"WebSite","@id":"https:\/\/blogdoprosperi.com\/#website","url":"https:\/\/blogdoprosperi.com\/","name":"PR\u00d3SPERI NEWS","description":"TUDO \u00c9  FUTEBOL","publisher":{"@id":"https:\/\/blogdoprosperi.com\/#\/schema\/person\/38100755ce3601861ee4fab9b5aa78e9"},"alternateName":"blogdoprosperi.com","potentialAction":[{"@type":"SearchAction","target":{"@type":"EntryPoint","urlTemplate":"https:\/\/blogdoprosperi.com\/?s={search_term_string}"},"query-input":{"@type":"PropertyValueSpecification","valueRequired":true,"valueName":"search_term_string"}}],"inLanguage":"pt-BR"},{"@type":["Person","Organization"],"@id":"https:\/\/blogdoprosperi.com\/#\/schema\/person\/38100755ce3601861ee4fab9b5aa78e9","name":"Luiz Ant\u00f4nio Pr\u00f3speri","pronouns":"ele","image":{"@type":"ImageObject","inLanguage":"pt-BR","@id":"https:\/\/i0.wp.com\/blogdoprosperi.com\/wp-content\/uploads\/2026\/05\/cropped-8059e613-6002-42fa-961e-8e275f575d71-2-5.jpg?fit=1360%2C931&ssl=1","url":"https:\/\/i0.wp.com\/blogdoprosperi.com\/wp-content\/uploads\/2026\/05\/cropped-8059e613-6002-42fa-961e-8e275f575d71-2-5.jpg?fit=1360%2C931&ssl=1","contentUrl":"https:\/\/i0.wp.com\/blogdoprosperi.com\/wp-content\/uploads\/2026\/05\/cropped-8059e613-6002-42fa-961e-8e275f575d71-2-5.jpg?fit=1360%2C931&ssl=1","width":1360,"height":931,"caption":"Luiz Ant\u00f4nio Pr\u00f3speri"},"logo":{"@id":"https:\/\/i0.wp.com\/blogdoprosperi.com\/wp-content\/uploads\/2026\/05\/cropped-8059e613-6002-42fa-961e-8e275f575d71-2-5.jpg?fit=1360%2C931&ssl=1"},"description":"Jornalista com carreira dedicada ao esporte. Cobriu 9 Copas do Mundo in loco, 1990 na It\u00e1lia, 1994 nos EUA, 1998 na Fran\u00e7a, 2002 na Coreia do Sul e Jap\u00e3o, 2006 na Alemanha, 2010 na \u00c1frica do Sul, 2014 no Brasil, 2018 na R\u00fassia e 2022 no Qatar. Eurocopas, 1992 na Su\u00e9cia e 1996 na Inglaterra. Copa das Confedera\u00e7\u00f5es de 2005 na Alemanha e 2009 na \u00c1frica do Sul. Rep\u00f3rter e Editor, trabalhou no Jornal da Tarde e Estad\u00e3o, de 1984 a fevereiro de 2016. Colunista, blogueiro. E comentarista de futebol na R\u00e1dio Estad\u00e3o, de 2013 a fevereiro de 2016. Jornalista respons\u00e1vel do \"Pr\u00f3speri News\" (blogdoprosperi.com).","sameAs":["http:\/\/blogdoprosperi.com","Luiz Pr\u00f3speri","@luiz_prosperi","https:\/\/x.com\/Luizprosperi","@prosperinacopa","luiz.prosperi@icloud.com"],"url":"https:\/\/blogdoprosperi.com\/?author=102107496"}]}},"jetpack_publicize_connections":[],"jetpack_likes_enabled":false,"jetpack_sharing_enabled":true,"jetpack_shortlink":"https:\/\/wp.me\/p7jvdk-aP6","jetpack-related-posts":[{"id":34969,"url":"https:\/\/blogdoprosperi.com\/?p=34969","url_meta":{"origin":41608,"position":0},"title":"Santos impressiona, Palmeiras e Corinthians n\u00e3o encantam e S\u00e3o Paulo patina na estreia","author":"Luiz Ant\u00f4nio Pr\u00f3speri","date":"6 de fevereiro de 2017","format":false,"excerpt":"Rodada de abertura do Paulist\u00e3o 2017 deixa claro a disparidade entre as quatro grandes for\u00e7as do campeonato. Santos se imp\u00f4s com uma arrojada nova proposta de jogo. Palmeiras lutou muito para vencer em casa. Corinthians deu um passo como se n\u00e3o tivesse sa\u00eddo do lugar. E o S\u00e3o Paulo\u2026. Rog\u00e9rio\u2026","rel":"","context":"Em &quot;futebol&quot;","block_context":{"text":"futebol","link":"https:\/\/blogdoprosperi.com\/?cat=53870"},"img":{"alt_text":"32571089791_bf779395d6_z","src":"https:\/\/i0.wp.com\/www.chuteirafc.com.br\/wp-content\/uploads\/2017\/02\/32571089791_bf779395d6_z.jpg?resize=350%2C200","width":350,"height":200,"srcset":"https:\/\/i0.wp.com\/www.chuteirafc.com.br\/wp-content\/uploads\/2017\/02\/32571089791_bf779395d6_z.jpg?resize=350%2C200 1x, https:\/\/i0.wp.com\/www.chuteirafc.com.br\/wp-content\/uploads\/2017\/02\/32571089791_bf779395d6_z.jpg?resize=525%2C300 1.5x"},"classes":[]},{"id":35661,"url":"https:\/\/blogdoprosperi.com\/?p=35661","url_meta":{"origin":41608,"position":1},"title":"J\u00f4 aparece de novo e leva Corinthians a reviver uma hist\u00f3ria de 40 anos","author":"Luiz Ant\u00f4nio Pr\u00f3speri","date":"23 de abril de 2017","format":false,"excerpt":"Futebol \u00e9 carregado de enigmas como nenhum outro esporte. N\u00e3o fosse assim, n\u00e3o ter\u00edamos como contar a hist\u00f3ria dos confrontos entre Corinthians e S\u00e3o Paulo nas semifinais do Paulist\u00e3o 2017. No primeiro jogo, a honestidade de\u00a0Rodrigo Caio permitiu a J\u00f4 disputar o segundo cl\u00e1ssico. O S\u00e3o Paulo perdeu por 2\u2026","rel":"","context":"Em &quot;futebol&quot;","block_context":{"text":"futebol","link":"https:\/\/blogdoprosperi.com\/?cat=53870"},"img":{"alt_text":"","src":"https:\/\/i0.wp.com\/blogdoprosperi.com\/wp-content\/uploads\/2017\/04\/jc3b4-png.jpg?resize=350%2C200&ssl=1","width":350,"height":200},"classes":[]},{"id":35589,"url":"https:\/\/blogdoprosperi.com\/?p=35589","url_meta":{"origin":41608,"position":2},"title":"Rogerio Ceni se fortalece e Carille se enfraquece na queda de Corinthians e S\u00e3o Paulo","author":"Luiz Ant\u00f4nio Pr\u00f3speri","date":"20 de abril de 2017","format":false,"excerpt":"Corinthians e S\u00e3o Paulo est\u00e3o fora da Copa do Brasil, antes mesmo das oitavas de final. Ca\u00edram de m\u00e3os dadas nos confrontos contra Internacional e Cruzeiro nesta quarta-feira. No domingo, decidem vaga \u00e0 final do Campeonato Paulista no Itaquer\u00e3o. Vai sobreviver quem assimilar com mais naturalidade o desastre que colheram\u2026","rel":"","context":"Em &quot;futebol&quot;","block_context":{"text":"futebol","link":"https:\/\/blogdoprosperi.com\/?cat=53870"},"img":{"alt_text":"Carille sem problemas no Corinthians","src":"https:\/\/i0.wp.com\/blogdoprosperi.com\/wp-content\/uploads\/2017\/04\/a3363f115083_8numj4t.jpg?resize=350%2C200","width":350,"height":200,"srcset":"https:\/\/i0.wp.com\/blogdoprosperi.com\/wp-content\/uploads\/2017\/04\/a3363f115083_8numj4t.jpg?resize=350%2C200 1x, https:\/\/i0.wp.com\/blogdoprosperi.com\/wp-content\/uploads\/2017\/04\/a3363f115083_8numj4t.jpg?resize=525%2C300 1.5x"},"classes":[]},{"id":51887,"url":"https:\/\/blogdoprosperi.com\/?p=51887","url_meta":{"origin":41608,"position":3},"title":"De Volta ao Futuro: Neymar Renova Com Santos, Memphis Notifica Corinthians,  S\u00e3o Paulo Troca de Argentinos&#8230;","author":"Luiz Ant\u00f4nio Pr\u00f3speri","date":"25 de junho de 2025","format":false,"excerpt":"Luiz Ant\u00f4nio Pr\u00f3speri \u2013 25 junho (15h20) \u2013 Mundial de Clubes toma conta do Brasil. Canais de TV e Youtube acumulam recordes de audi\u00eancia com transmiss\u00e3o ao vivo dos jogos nos Estados Unidos. N\u00e3o se fala em outra coisa no pa\u00eds. Enquanto isso, futebol brasileiro volta ao futuro com a\u2026","rel":"","context":"Em &quot;futebol&quot;","block_context":{"text":"futebol","link":"https:\/\/blogdoprosperi.com\/?cat=53870"},"img":{"alt_text":"Neymar e Santos, renovado","src":"https:\/\/i0.wp.com\/blogdoprosperi.com\/wp-content\/uploads\/2025\/06\/1_vulcao__2_-22412306-1.webp?fit=800%2C500&ssl=1&resize=350%2C200","width":350,"height":200,"srcset":"https:\/\/i0.wp.com\/blogdoprosperi.com\/wp-content\/uploads\/2025\/06\/1_vulcao__2_-22412306-1.webp?fit=800%2C500&ssl=1&resize=350%2C200 1x, https:\/\/i0.wp.com\/blogdoprosperi.com\/wp-content\/uploads\/2025\/06\/1_vulcao__2_-22412306-1.webp?fit=800%2C500&ssl=1&resize=525%2C300 1.5x, https:\/\/i0.wp.com\/blogdoprosperi.com\/wp-content\/uploads\/2025\/06\/1_vulcao__2_-22412306-1.webp?fit=800%2C500&ssl=1&resize=700%2C400 2x"},"classes":[]},{"id":53651,"url":"https:\/\/blogdoprosperi.com\/?p=53651","url_meta":{"origin":41608,"position":4},"title":"V\u00eddeo | S\u00e3o Paulo 2 x 0 Corinthians: Acompanhe Coletiva de Dorival Junior \u2013 T\u00e9cnico do Corinthians","author":"Luiz Ant\u00f4nio Pr\u00f3speri","date":"20 de julho de 2025","format":false,"excerpt":"Acompanhe entrevista coletiva de Dorival Junior p\u00f3s-jogo S\u00e3o Paulo 2 a 0 Corinthians no s\u00e1bado (19\/7). T\u00e9cnico do Corinthians fala a respeito da substitui\u00e7\u00e3o de Memphis Depay no intervalo do jogo e analisa a derrota do Corinthians. V\u00eddeo oficial TV Corinthians:","rel":"","context":"Em &quot;brasileir\u00e3o 2025&quot;","block_context":{"text":"brasileir\u00e3o 2025","link":"https:\/\/blogdoprosperi.com\/?cat=775970846"},"img":{"alt_text":"Dorival Junior fala da substitui\u00e7\u00e3o de Memphis Depay","src":"https:\/\/i0.wp.com\/blogdoprosperi.com\/wp-content\/uploads\/2025\/07\/agenciacorinthians-foto-236602-scaled-aspect-ratio-512-320-2.webp?fit=950%2C593&ssl=1&resize=350%2C200","width":350,"height":200,"srcset":"https:\/\/i0.wp.com\/blogdoprosperi.com\/wp-content\/uploads\/2025\/07\/agenciacorinthians-foto-236602-scaled-aspect-ratio-512-320-2.webp?fit=950%2C593&ssl=1&resize=350%2C200 1x, https:\/\/i0.wp.com\/blogdoprosperi.com\/wp-content\/uploads\/2025\/07\/agenciacorinthians-foto-236602-scaled-aspect-ratio-512-320-2.webp?fit=950%2C593&ssl=1&resize=525%2C300 1.5x, https:\/\/i0.wp.com\/blogdoprosperi.com\/wp-content\/uploads\/2025\/07\/agenciacorinthians-foto-236602-scaled-aspect-ratio-512-320-2.webp?fit=950%2C593&ssl=1&resize=700%2C400 2x"},"classes":[]},{"id":35796,"url":"https:\/\/blogdoprosperi.com\/?p=35796","url_meta":{"origin":41608,"position":5},"title":"Cuca volta ao Palmeiras e treinadores se mobilizam contra demiss\u00e3o de Baptista","author":"Luiz Ant\u00f4nio Pr\u00f3speri","date":"6 de maio de 2017","format":false,"excerpt":"Cuca reassumiu o comando do Palmeiras, ap\u00f3s cinco meses de sua sa\u00edda. Volta para ocupar o lugar que era de Eduardo Baptista, demitido na quinta-feira. A queda de Baptista provocou a mobiliza\u00e7\u00e3o de importantes treinadores em rep\u00fadio \u00e0 demiss\u00e3o de um jovem profissional que estava apenas h\u00e1 cinco meses no\u2026","rel":"","context":"Em &quot;futebol&quot;","block_context":{"text":"futebol","link":"https:\/\/blogdoprosperi.com\/?cat=53870"},"img":{"alt_text":"","src":"https:\/\/i0.wp.com\/blogdoprosperi.com\/wp-content\/uploads\/2016\/12\/cuca8.jpg?fit=800%2C1200&ssl=1&resize=350%2C200","width":350,"height":200,"srcset":"https:\/\/i0.wp.com\/blogdoprosperi.com\/wp-content\/uploads\/2016\/12\/cuca8.jpg?fit=800%2C1200&ssl=1&resize=350%2C200 1x, https:\/\/i0.wp.com\/blogdoprosperi.com\/wp-content\/uploads\/2016\/12\/cuca8.jpg?fit=800%2C1200&ssl=1&resize=525%2C300 1.5x, https:\/\/i0.wp.com\/blogdoprosperi.com\/wp-content\/uploads\/2016\/12\/cuca8.jpg?fit=800%2C1200&ssl=1&resize=700%2C400 2x"},"classes":[]}],"jetpack_featured_media_url":"https:\/\/i0.wp.com\/blogdoprosperi.com\/wp-content\/uploads\/2023\/04\/fulk2oqxsai4x7e.jpeg?fit=1080%2C1080&ssl=1","_links":{"self":[{"href":"https:\/\/blogdoprosperi.com\/index.php?rest_route=\/wp\/v2\/posts\/41608","targetHints":{"allow":["GET"]}}],"collection":[{"href":"https:\/\/blogdoprosperi.com\/index.php?rest_route=\/wp\/v2\/posts"}],"about":[{"href":"https:\/\/blogdoprosperi.com\/index.php?rest_route=\/wp\/v2\/types\/post"}],"author":[{"embeddable":true,"href":"https:\/\/blogdoprosperi.com\/index.php?rest_route=\/wp\/v2\/users\/102107496"}],"replies":[{"embeddable":true,"href":"https:\/\/blogdoprosperi.com\/index.php?rest_route=%2Fwp%2Fv2%2Fcomments&post=41608"}],"version-history":[{"count":13,"href":"https:\/\/blogdoprosperi.com\/index.php?rest_route=\/wp\/v2\/posts\/41608\/revisions"}],"predecessor-version":[{"id":41674,"href":"https:\/\/blogdoprosperi.com\/index.php?rest_route=\/wp\/v2\/posts\/41608\/revisions\/41674"}],"wp:featuredmedia":[{"embeddable":true,"href":"https:\/\/blogdoprosperi.com\/index.php?rest_route=\/wp\/v2\/media\/41615"}],"wp:attachment":[{"href":"https:\/\/blogdoprosperi.com\/index.php?rest_route=%2Fwp%2Fv2%2Fmedia&parent=41608"}],"wp:term":[{"taxonomy":"category","embeddable":true,"href":"https:\/\/blogdoprosperi.com\/index.php?rest_route=%2Fwp%2Fv2%2Fcategories&post=41608"},{"taxonomy":"post_tag","embeddable":true,"href":"https:\/\/blogdoprosperi.com\/index.php?rest_route=%2Fwp%2Fv2%2Ftags&post=41608"}],"curies":[{"name":"wp","href":"https:\/\/api.w.org\/{rel}","templated":true}]}}