{"id":41659,"date":"2023-04-24T22:27:10","date_gmt":"2023-04-25T01:27:10","guid":{"rendered":"https:\/\/blogdoprosperi.com\/?p=41659"},"modified":"2023-07-10T23:56:46","modified_gmt":"2023-07-11T02:56:46","slug":"estevao-e-endrick-rendem-r-700-milhoes-ao-palmeiras","status":"publish","type":"post","link":"https:\/\/blogdoprosperi.com\/?p=41659","title":{"rendered":"Endrick e Estev\u00e3o rendem R$ 700 milh\u00f5es ao Palmeiras"},"content":{"rendered":"<p>Estev\u00e3o completou 16 anos nessa segunda-feira, dia 24 de mar\u00e7o 2023. De presente, ganhou um bolo de anivers\u00e1rio do Palmeiras e assinatura de seu primeiro contrato profissional, v\u00e1lido at\u00e9 junho 2026, com multa contratual de 60 milh\u00f5es de euros (R$ 334,1 milh\u00f5es).<\/p>\n<p>Messinho \u00e9 o apelido de Estev\u00e3o. At\u00e9 ano passado, o garoto de canelas finas seguia os passos de Endrick, tamb\u00e9m de 16 anos \u2013 completa 17 em julho \u2013, nas categorias de base do Palmeiras.<\/p>\n<p>Somando valores de contrato desses dois adolescentes, clube paulista pode levar R$ 700 milh\u00f5es em vendas ao exterior.<\/p>\n<p><strong><a href=\"https:\/\/blogdoprosperi.com\/2022\/12\/16\/video-endrick-do-palmeiras-vendido-futuro-da-selecao-passa-pela-europa\/\">Endrick j\u00e1 foi vendido ao Real Madrid<\/a><\/strong> em dezembro de 2022 por cerca de R$ 402 milh\u00f5es.<\/p>\n<p>Estev\u00e3o tamb\u00e9m \u00e9 cobi\u00e7ado pelos gigantes do futebol europeu, assim como aconteceu com Endrick.<\/p>\n<p>PSG, de Neymar, Mbapp\u00e9 e Messi, ofereceu 58 milh\u00f5es de euros (R$ 323 milh\u00f5es) por Endrick e 35 milh\u00f5es (R$ 195 milh\u00f5es) por Estev\u00e3o.<\/p>\n<p>A proposta caiu na mesa da<strong><a href=\"https:\/\/blogdoprosperi.com\/2023\/01\/16\/dinheiro-o-nome-da-crise-no-palmeiras\/\"> presidenta do Palmeiras, Leila Pereira<\/a><\/strong>, em novembro de 2022. &nbsp;Leila recusou a oferta, informa o rep\u00f3rter italiano Fabrizio Romano, um dos mais bem informados jornalistas do mercado de futebol.<\/p>\n<figure id=\"attachment_41667\" aria-describedby=\"caption-attachment-41667\" style=\"width: 740px\" class=\"wp-caption alignnone\"><img data-recalc-dims=\"1\" loading=\"lazy\" decoding=\"async\" data-attachment-id=\"41667\" data-permalink=\"https:\/\/blogdoprosperi.com\/?attachment_id=41667\" data-orig-file=\"https:\/\/i0.wp.com\/blogdoprosperi.com\/wp-content\/uploads\/2023\/04\/estevao_endrick_1.jpg?fit=750%2C350&amp;ssl=1\" data-orig-size=\"750,350\" data-comments-opened=\"1\" data-image-meta=\"{&quot;aperture&quot;:&quot;0&quot;,&quot;credit&quot;:&quot;&quot;,&quot;camera&quot;:&quot;&quot;,&quot;caption&quot;:&quot;&quot;,&quot;created_timestamp&quot;:&quot;0&quot;,&quot;copyright&quot;:&quot;&quot;,&quot;focal_length&quot;:&quot;0&quot;,&quot;iso&quot;:&quot;0&quot;,&quot;shutter_speed&quot;:&quot;0&quot;,&quot;title&quot;:&quot;&quot;,&quot;orientation&quot;:&quot;0&quot;}\" data-image-title=\"Estev\u00e3o e Endrick na base do Palmeiras\" data-image-description=\"\" data-image-caption=\"&lt;p&gt;Estev\u00e3o e Endrick, crias do Palmeiras  &amp;#8211; foto: Palmeiras oficial&lt;\/p&gt;\n\" data-large-file=\"https:\/\/i0.wp.com\/blogdoprosperi.com\/wp-content\/uploads\/2023\/04\/estevao_endrick_1.jpg?fit=750%2C350&amp;ssl=1\" src=\"https:\/\/i0.wp.com\/blogdoprosperi.com\/wp-content\/uploads\/2023\/04\/estevao_endrick_1.jpg?resize=740%2C345&#038;ssl=1\" class=\"size-large wp-image-41667\" width=\"740\" height=\"345\" alt=\"\"><figcaption id=\"caption-attachment-41667\" class=\"wp-caption-text\">Estev\u00e3o e Endrick, crias do Palmeiras &#8211; foto: Palmeiras oficial<\/figcaption><\/figure>\n<p>Leila entendeu que o neg\u00f3cio com o Real Madrid seria mais vantajoso. Por isso vendeu e embalou Endrick ao clube espanhol. Garoto s\u00f3 vai se apresentar ao poderoso Madrid em agosto de 2024.<\/p>\n<p>Estev\u00e3o ainda n\u00e3o pulou etapas. Por enquanto cumpre o ciclo na base do Palmeiras. Pode at\u00e9 ser o sucessor de Endrick no <strong><a href=\"https:\/\/blogdoprosperi.com\/2023\/01\/30\/abel-ferreira-amado-maldito\/\">time principal de Abel Ferreira.<\/a><\/strong> A conferir. E depois bater asas rumo \u00e0 Europa.<\/p>\n<p>Inevit\u00e1vel diante dos &#8220;predadores&#8221; do velho continente.<\/p>\n<p>Seja qual for o destino de Estev\u00e3o, a certeza \u00e9 de que as crias do Palmeiras projetam um futuro confort\u00e1vel ao clube.<\/p>\n<p>Gest\u00e3o do Palmeiras, sempre que pode, n\u00e3o fatia seus garotos dando porcentagens a empres\u00e1rios e agentes financeiros. Por pol\u00edtica interna, se obriga a ter 100% dos direitos da maioria dos meninos.<\/p>\n<p>Endrick e Estev\u00e3o ajudam a mover essa engrenagem. E vem mais garotos bons de bola por a\u00ed no mundo verde.<\/p>\n<p>Problema \u00e9 que a torcida palmeirense ter\u00e1 pouco tempo para desfrutar do jogo desses garotos talentosos. E assim ser\u00e1 por pelo menos mais uma d\u00e9cada.<\/p>\n","protected":false},"excerpt":{"rendered":"<p>PSG, de Neymar, Mbapp\u00e9 e Messi, ofereceu R$ 323 milh\u00f5es por Endrick e R$ 195 milh\u00f5es por Estev\u00e3o, dois garotos de 16 anos das crias do Palmeiras, informa jornalista italiano<\/p>\n","protected":false},"author":102107496,"featured_media":41668,"comment_status":"open","ping_status":"open","sticky":false,"template":"","format":"standard","meta":{"_coblocks_attr":"","_coblocks_dimensions":"","_coblocks_responsive_height":"","_coblocks_accordion_ie_support":"","_jetpack_newsletter_access":"","_jetpack_dont_email_post_to_subs":false,"_jetpack_newsletter_tier_id":0,"_jetpack_memberships_contains_paywalled_content":false,"_wpcom_ai_launchpad_first_post":false,"_jetpack_feature_clip_id":0,"_jetpack_memberships_contains_paid_content":false,"footnotes":"","jetpack_publicize_message":"","jetpack_publicize_feature_enabled":true,"jetpack_social_post_already_shared":false,"jetpack_social_options":{"image_generator_settings":{"template":"highway","default_image_id":0,"font":"","enabled":false},"version":2},"jetpack_post_was_ever_published":false},"categories":[53870,758801836,748518242],"tags":[4200771,761910531,25607665,3151783,789560560,287104,361092],"class_list":["post-41659","post","type-post","status-publish","format-standard","has-post-thumbnail","hentry","category-futebol","category-futebol-2023","category-libertadores-2023","tag-abel-ferreira","tag-crias-do-palmeiras","tag-endrick","tag-estevao","tag-futebol","tag-palmeiras","tag-psg"],"yoast_head":"<!-- This site is optimized with the Yoast SEO plugin v28.4 - https:\/\/yoast.com\/product\/yoast-seo-wordpress\/ -->\n<title>Endrick e Estev\u00e3o rendem R$ 700 milh\u00f5es ao Palmeiras - PR\u00d3SPERI NEWS<\/title>\n<meta name=\"robots\" content=\"index, follow, max-snippet:-1, max-image-preview:large, max-video-preview:-1\" \/>\n<link rel=\"canonical\" href=\"https:\/\/blogdoprosperi.com\/?p=41659\" \/>\n<meta property=\"og:locale\" content=\"pt_BR\" \/>\n<meta property=\"og:type\" content=\"article\" \/>\n<meta property=\"og:title\" content=\"Endrick e Estev\u00e3o rendem R$ 700 milh\u00f5es ao Palmeiras - PR\u00d3SPERI NEWS\" \/>\n<meta property=\"og:description\" content=\"PSG, de Neymar, Mbapp\u00e9 e Messi, ofereceu R$ 323 milh\u00f5es por Endrick e R$ 195 milh\u00f5es por Estev\u00e3o, dois garotos de 16 anos das crias do Palmeiras, informa jornalista italiano\" \/>\n<meta property=\"og:url\" content=\"https:\/\/blogdoprosperi.com\/?p=41659\" \/>\n<meta property=\"og:site_name\" content=\"PR\u00d3SPERI NEWS\" \/>\n<meta property=\"article:publisher\" content=\"Luiz Pr\u00f3speri\" \/>\n<meta property=\"article:author\" content=\"Luiz Pr\u00f3speri\" \/>\n<meta property=\"article:published_time\" content=\"2023-04-25T01:27:10+00:00\" \/>\n<meta property=\"article:modified_time\" content=\"2023-07-11T02:56:46+00:00\" \/>\n<meta property=\"og:image\" content=\"https:\/\/i0.wp.com\/blogdoprosperi.com\/wp-content\/uploads\/2023\/04\/52842863487_371e6ce18d_c.jpg?fit=800%2C450&ssl=1\" \/>\n\t<meta property=\"og:image:width\" content=\"800\" \/>\n\t<meta property=\"og:image:height\" content=\"450\" \/>\n\t<meta property=\"og:image:type\" content=\"image\/jpeg\" \/>\n<meta name=\"author\" content=\"Luiz Ant\u00f4nio Pr\u00f3speri\" \/>\n<meta name=\"twitter:card\" content=\"summary_large_image\" \/>\n<meta name=\"twitter:creator\" content=\"@Luizprosperi\" \/>\n<meta name=\"twitter:site\" content=\"@Luizprosperi\" \/>\n<meta name=\"twitter:label1\" content=\"Escrito por\" \/>\n\t<meta name=\"twitter:data1\" content=\"Luiz Ant\u00f4nio Pr\u00f3speri\" \/>\n\t<meta name=\"twitter:label2\" content=\"Est. tempo de leitura\" \/>\n\t<meta name=\"twitter:data2\" content=\"2 minutos\" \/>\n<script type=\"application\/ld+json\" class=\"yoast-schema-graph\">{\"@context\":\"https:\\\/\\\/schema.org\",\"@graph\":[{\"@type\":\"Article\",\"@id\":\"https:\\\/\\\/blogdoprosperi.com\\\/?p=41659#article\",\"isPartOf\":{\"@id\":\"https:\\\/\\\/blogdoprosperi.com\\\/?p=41659\"},\"author\":{\"name\":\"Luiz Ant\u00f4nio Pr\u00f3speri\",\"@id\":\"https:\\\/\\\/blogdoprosperi.com\\\/#\\\/schema\\\/person\\\/38100755ce3601861ee4fab9b5aa78e9\"},\"headline\":\"Endrick e Estev\u00e3o rendem R$ 700 milh\u00f5es ao Palmeiras\",\"datePublished\":\"2023-04-25T01:27:10+00:00\",\"dateModified\":\"2023-07-11T02:56:46+00:00\",\"mainEntityOfPage\":{\"@id\":\"https:\\\/\\\/blogdoprosperi.com\\\/?p=41659\"},\"wordCount\":396,\"commentCount\":2,\"publisher\":{\"@id\":\"https:\\\/\\\/blogdoprosperi.com\\\/#\\\/schema\\\/person\\\/38100755ce3601861ee4fab9b5aa78e9\"},\"image\":{\"@id\":\"https:\\\/\\\/blogdoprosperi.com\\\/?p=41659#primaryimage\"},\"thumbnailUrl\":\"https:\\\/\\\/i0.wp.com\\\/blogdoprosperi.com\\\/wp-content\\\/uploads\\\/2023\\\/04\\\/52842863487_371e6ce18d_c.jpg?fit=800%2C450&ssl=1\",\"keywords\":[\"abel ferreira\",\"crias do palmeiras\",\"endrick\",\"Estev\u00e3o\",\"futebol\",\"Palmeiras\",\"PSG\"],\"articleSection\":[\"futebol\",\"futebol 2023\",\"libertadores 2023\"],\"inLanguage\":\"pt-BR\",\"potentialAction\":[{\"@type\":\"CommentAction\",\"name\":\"Comment\",\"target\":[\"https:\\\/\\\/blogdoprosperi.com\\\/?p=41659#respond\"]}]},{\"@type\":\"WebPage\",\"@id\":\"https:\\\/\\\/blogdoprosperi.com\\\/?p=41659\",\"url\":\"https:\\\/\\\/blogdoprosperi.com\\\/?p=41659\",\"name\":\"Endrick e Estev\u00e3o rendem R$ 700 milh\u00f5es ao Palmeiras - PR\u00d3SPERI NEWS\",\"isPartOf\":{\"@id\":\"https:\\\/\\\/blogdoprosperi.com\\\/#website\"},\"primaryImageOfPage\":{\"@id\":\"https:\\\/\\\/blogdoprosperi.com\\\/?p=41659#primaryimage\"},\"image\":{\"@id\":\"https:\\\/\\\/blogdoprosperi.com\\\/?p=41659#primaryimage\"},\"thumbnailUrl\":\"https:\\\/\\\/i0.wp.com\\\/blogdoprosperi.com\\\/wp-content\\\/uploads\\\/2023\\\/04\\\/52842863487_371e6ce18d_c.jpg?fit=800%2C450&ssl=1\",\"datePublished\":\"2023-04-25T01:27:10+00:00\",\"dateModified\":\"2023-07-11T02:56:46+00:00\",\"breadcrumb\":{\"@id\":\"https:\\\/\\\/blogdoprosperi.com\\\/?p=41659#breadcrumb\"},\"inLanguage\":\"pt-BR\",\"potentialAction\":[{\"@type\":\"ReadAction\",\"target\":[\"https:\\\/\\\/blogdoprosperi.com\\\/?p=41659\"]}]},{\"@type\":\"ImageObject\",\"inLanguage\":\"pt-BR\",\"@id\":\"https:\\\/\\\/blogdoprosperi.com\\\/?p=41659#primaryimage\",\"url\":\"https:\\\/\\\/i0.wp.com\\\/blogdoprosperi.com\\\/wp-content\\\/uploads\\\/2023\\\/04\\\/52842863487_371e6ce18d_c.jpg?fit=800%2C450&ssl=1\",\"contentUrl\":\"https:\\\/\\\/i0.wp.com\\\/blogdoprosperi.com\\\/wp-content\\\/uploads\\\/2023\\\/04\\\/52842863487_371e6ce18d_c.jpg?fit=800%2C450&ssl=1\",\"width\":800,\"height\":450,\"caption\":\"Estev\u00e3o assina primeiro contrato profissional com Palmeiras \u2013 foto: Palmeiras oficial\"},{\"@type\":\"BreadcrumbList\",\"@id\":\"https:\\\/\\\/blogdoprosperi.com\\\/?p=41659#breadcrumb\",\"itemListElement\":[{\"@type\":\"ListItem\",\"position\":1,\"name\":\"In\u00edcio\",\"item\":\"https:\\\/\\\/blogdoprosperi.com\\\/\"},{\"@type\":\"ListItem\",\"position\":2,\"name\":\"Endrick e Estev\u00e3o rendem R$ 700 milh\u00f5es ao Palmeiras\"}]},{\"@type\":\"WebSite\",\"@id\":\"https:\\\/\\\/blogdoprosperi.com\\\/#website\",\"url\":\"https:\\\/\\\/blogdoprosperi.com\\\/\",\"name\":\"PR\u00d3SPERI NEWS\",\"description\":\"TUDO \u00c9  FUTEBOL\",\"publisher\":{\"@id\":\"https:\\\/\\\/blogdoprosperi.com\\\/#\\\/schema\\\/person\\\/38100755ce3601861ee4fab9b5aa78e9\"},\"alternateName\":\"blogdoprosperi.com\",\"potentialAction\":[{\"@type\":\"SearchAction\",\"target\":{\"@type\":\"EntryPoint\",\"urlTemplate\":\"https:\\\/\\\/blogdoprosperi.com\\\/?s={search_term_string}\"},\"query-input\":{\"@type\":\"PropertyValueSpecification\",\"valueRequired\":true,\"valueName\":\"search_term_string\"}}],\"inLanguage\":\"pt-BR\"},{\"@type\":[\"Person\",\"Organization\"],\"@id\":\"https:\\\/\\\/blogdoprosperi.com\\\/#\\\/schema\\\/person\\\/38100755ce3601861ee4fab9b5aa78e9\",\"name\":\"Luiz Ant\u00f4nio Pr\u00f3speri\",\"pronouns\":\"ele\",\"image\":{\"@type\":\"ImageObject\",\"inLanguage\":\"pt-BR\",\"@id\":\"https:\\\/\\\/i0.wp.com\\\/blogdoprosperi.com\\\/wp-content\\\/uploads\\\/2026\\\/05\\\/cropped-8059e613-6002-42fa-961e-8e275f575d71-2-5.jpg?fit=1360%2C931&ssl=1\",\"url\":\"https:\\\/\\\/i0.wp.com\\\/blogdoprosperi.com\\\/wp-content\\\/uploads\\\/2026\\\/05\\\/cropped-8059e613-6002-42fa-961e-8e275f575d71-2-5.jpg?fit=1360%2C931&ssl=1\",\"contentUrl\":\"https:\\\/\\\/i0.wp.com\\\/blogdoprosperi.com\\\/wp-content\\\/uploads\\\/2026\\\/05\\\/cropped-8059e613-6002-42fa-961e-8e275f575d71-2-5.jpg?fit=1360%2C931&ssl=1\",\"width\":1360,\"height\":931,\"caption\":\"Luiz Ant\u00f4nio Pr\u00f3speri\"},\"logo\":{\"@id\":\"https:\\\/\\\/i0.wp.com\\\/blogdoprosperi.com\\\/wp-content\\\/uploads\\\/2026\\\/05\\\/cropped-8059e613-6002-42fa-961e-8e275f575d71-2-5.jpg?fit=1360%2C931&ssl=1\"},\"description\":\"Jornalista com carreira dedicada ao esporte. Cobriu 9 Copas do Mundo in loco, 1990 na It\u00e1lia, 1994 nos EUA, 1998 na Fran\u00e7a, 2002 na Coreia do Sul e Jap\u00e3o, 2006 na Alemanha, 2010 na \u00c1frica do Sul, 2014 no Brasil, 2018 na R\u00fassia e 2022 no Qatar. Eurocopas, 1992 na Su\u00e9cia e 1996 na Inglaterra. Copa das Confedera\u00e7\u00f5es de 2005 na Alemanha e 2009 na \u00c1frica do Sul. Rep\u00f3rter e Editor, trabalhou no Jornal da Tarde e Estad\u00e3o, de 1984 a fevereiro de 2016. Colunista, blogueiro. E comentarista de futebol na R\u00e1dio Estad\u00e3o, de 2013 a fevereiro de 2016. Jornalista respons\u00e1vel do \\\"Pr\u00f3speri News\\\" (blogdoprosperi.com).\",\"sameAs\":[\"http:\\\/\\\/blogdoprosperi.com\",\"Luiz Pr\u00f3speri\",\"@luiz_prosperi\",\"https:\\\/\\\/x.com\\\/Luizprosperi\",\"@prosperinacopa\",\"luiz.prosperi@icloud.com\"],\"url\":\"https:\\\/\\\/blogdoprosperi.com\\\/?author=102107496\"}]}<\/script>\n<!-- \/ Yoast SEO plugin. -->","yoast_head_json":{"title":"Endrick e Estev\u00e3o rendem R$ 700 milh\u00f5es ao Palmeiras - PR\u00d3SPERI NEWS","robots":{"index":"index","follow":"follow","max-snippet":"max-snippet:-1","max-image-preview":"max-image-preview:large","max-video-preview":"max-video-preview:-1"},"canonical":"https:\/\/blogdoprosperi.com\/?p=41659","og_locale":"pt_BR","og_type":"article","og_title":"Endrick e Estev\u00e3o rendem R$ 700 milh\u00f5es ao Palmeiras - PR\u00d3SPERI NEWS","og_description":"PSG, de Neymar, Mbapp\u00e9 e Messi, ofereceu R$ 323 milh\u00f5es por Endrick e R$ 195 milh\u00f5es por Estev\u00e3o, dois garotos de 16 anos das crias do Palmeiras, informa jornalista italiano","og_url":"https:\/\/blogdoprosperi.com\/?p=41659","og_site_name":"PR\u00d3SPERI NEWS","article_publisher":"Luiz Pr\u00f3speri","article_author":"Luiz Pr\u00f3speri","article_published_time":"2023-04-25T01:27:10+00:00","article_modified_time":"2023-07-11T02:56:46+00:00","og_image":[{"width":800,"height":450,"url":"https:\/\/i0.wp.com\/blogdoprosperi.com\/wp-content\/uploads\/2023\/04\/52842863487_371e6ce18d_c.jpg?fit=800%2C450&ssl=1","type":"image\/jpeg"}],"author":"Luiz Ant\u00f4nio Pr\u00f3speri","twitter_card":"summary_large_image","twitter_creator":"@Luizprosperi","twitter_site":"@Luizprosperi","twitter_misc":{"Escrito por":"Luiz Ant\u00f4nio Pr\u00f3speri","Est. tempo de leitura":"2 minutos"},"schema":{"@context":"https:\/\/schema.org","@graph":[{"@type":"Article","@id":"https:\/\/blogdoprosperi.com\/?p=41659#article","isPartOf":{"@id":"https:\/\/blogdoprosperi.com\/?p=41659"},"author":{"name":"Luiz Ant\u00f4nio Pr\u00f3speri","@id":"https:\/\/blogdoprosperi.com\/#\/schema\/person\/38100755ce3601861ee4fab9b5aa78e9"},"headline":"Endrick e Estev\u00e3o rendem R$ 700 milh\u00f5es ao Palmeiras","datePublished":"2023-04-25T01:27:10+00:00","dateModified":"2023-07-11T02:56:46+00:00","mainEntityOfPage":{"@id":"https:\/\/blogdoprosperi.com\/?p=41659"},"wordCount":396,"commentCount":2,"publisher":{"@id":"https:\/\/blogdoprosperi.com\/#\/schema\/person\/38100755ce3601861ee4fab9b5aa78e9"},"image":{"@id":"https:\/\/blogdoprosperi.com\/?p=41659#primaryimage"},"thumbnailUrl":"https:\/\/i0.wp.com\/blogdoprosperi.com\/wp-content\/uploads\/2023\/04\/52842863487_371e6ce18d_c.jpg?fit=800%2C450&ssl=1","keywords":["abel ferreira","crias do palmeiras","endrick","Estev\u00e3o","futebol","Palmeiras","PSG"],"articleSection":["futebol","futebol 2023","libertadores 2023"],"inLanguage":"pt-BR","potentialAction":[{"@type":"CommentAction","name":"Comment","target":["https:\/\/blogdoprosperi.com\/?p=41659#respond"]}]},{"@type":"WebPage","@id":"https:\/\/blogdoprosperi.com\/?p=41659","url":"https:\/\/blogdoprosperi.com\/?p=41659","name":"Endrick e Estev\u00e3o rendem R$ 700 milh\u00f5es ao Palmeiras - PR\u00d3SPERI NEWS","isPartOf":{"@id":"https:\/\/blogdoprosperi.com\/#website"},"primaryImageOfPage":{"@id":"https:\/\/blogdoprosperi.com\/?p=41659#primaryimage"},"image":{"@id":"https:\/\/blogdoprosperi.com\/?p=41659#primaryimage"},"thumbnailUrl":"https:\/\/i0.wp.com\/blogdoprosperi.com\/wp-content\/uploads\/2023\/04\/52842863487_371e6ce18d_c.jpg?fit=800%2C450&ssl=1","datePublished":"2023-04-25T01:27:10+00:00","dateModified":"2023-07-11T02:56:46+00:00","breadcrumb":{"@id":"https:\/\/blogdoprosperi.com\/?p=41659#breadcrumb"},"inLanguage":"pt-BR","potentialAction":[{"@type":"ReadAction","target":["https:\/\/blogdoprosperi.com\/?p=41659"]}]},{"@type":"ImageObject","inLanguage":"pt-BR","@id":"https:\/\/blogdoprosperi.com\/?p=41659#primaryimage","url":"https:\/\/i0.wp.com\/blogdoprosperi.com\/wp-content\/uploads\/2023\/04\/52842863487_371e6ce18d_c.jpg?fit=800%2C450&ssl=1","contentUrl":"https:\/\/i0.wp.com\/blogdoprosperi.com\/wp-content\/uploads\/2023\/04\/52842863487_371e6ce18d_c.jpg?fit=800%2C450&ssl=1","width":800,"height":450,"caption":"Estev\u00e3o assina primeiro contrato profissional com Palmeiras \u2013 foto: Palmeiras oficial"},{"@type":"BreadcrumbList","@id":"https:\/\/blogdoprosperi.com\/?p=41659#breadcrumb","itemListElement":[{"@type":"ListItem","position":1,"name":"In\u00edcio","item":"https:\/\/blogdoprosperi.com\/"},{"@type":"ListItem","position":2,"name":"Endrick e Estev\u00e3o rendem R$ 700 milh\u00f5es ao Palmeiras"}]},{"@type":"WebSite","@id":"https:\/\/blogdoprosperi.com\/#website","url":"https:\/\/blogdoprosperi.com\/","name":"PR\u00d3SPERI NEWS","description":"TUDO \u00c9  FUTEBOL","publisher":{"@id":"https:\/\/blogdoprosperi.com\/#\/schema\/person\/38100755ce3601861ee4fab9b5aa78e9"},"alternateName":"blogdoprosperi.com","potentialAction":[{"@type":"SearchAction","target":{"@type":"EntryPoint","urlTemplate":"https:\/\/blogdoprosperi.com\/?s={search_term_string}"},"query-input":{"@type":"PropertyValueSpecification","valueRequired":true,"valueName":"search_term_string"}}],"inLanguage":"pt-BR"},{"@type":["Person","Organization"],"@id":"https:\/\/blogdoprosperi.com\/#\/schema\/person\/38100755ce3601861ee4fab9b5aa78e9","name":"Luiz Ant\u00f4nio Pr\u00f3speri","pronouns":"ele","image":{"@type":"ImageObject","inLanguage":"pt-BR","@id":"https:\/\/i0.wp.com\/blogdoprosperi.com\/wp-content\/uploads\/2026\/05\/cropped-8059e613-6002-42fa-961e-8e275f575d71-2-5.jpg?fit=1360%2C931&ssl=1","url":"https:\/\/i0.wp.com\/blogdoprosperi.com\/wp-content\/uploads\/2026\/05\/cropped-8059e613-6002-42fa-961e-8e275f575d71-2-5.jpg?fit=1360%2C931&ssl=1","contentUrl":"https:\/\/i0.wp.com\/blogdoprosperi.com\/wp-content\/uploads\/2026\/05\/cropped-8059e613-6002-42fa-961e-8e275f575d71-2-5.jpg?fit=1360%2C931&ssl=1","width":1360,"height":931,"caption":"Luiz Ant\u00f4nio Pr\u00f3speri"},"logo":{"@id":"https:\/\/i0.wp.com\/blogdoprosperi.com\/wp-content\/uploads\/2026\/05\/cropped-8059e613-6002-42fa-961e-8e275f575d71-2-5.jpg?fit=1360%2C931&ssl=1"},"description":"Jornalista com carreira dedicada ao esporte. Cobriu 9 Copas do Mundo in loco, 1990 na It\u00e1lia, 1994 nos EUA, 1998 na Fran\u00e7a, 2002 na Coreia do Sul e Jap\u00e3o, 2006 na Alemanha, 2010 na \u00c1frica do Sul, 2014 no Brasil, 2018 na R\u00fassia e 2022 no Qatar. Eurocopas, 1992 na Su\u00e9cia e 1996 na Inglaterra. Copa das Confedera\u00e7\u00f5es de 2005 na Alemanha e 2009 na \u00c1frica do Sul. Rep\u00f3rter e Editor, trabalhou no Jornal da Tarde e Estad\u00e3o, de 1984 a fevereiro de 2016. Colunista, blogueiro. E comentarista de futebol na R\u00e1dio Estad\u00e3o, de 2013 a fevereiro de 2016. Jornalista respons\u00e1vel do \"Pr\u00f3speri News\" (blogdoprosperi.com).","sameAs":["http:\/\/blogdoprosperi.com","Luiz Pr\u00f3speri","@luiz_prosperi","https:\/\/x.com\/Luizprosperi","@prosperinacopa","luiz.prosperi@icloud.com"],"url":"https:\/\/blogdoprosperi.com\/?author=102107496"}]}},"jetpack_publicize_connections":[],"jetpack_likes_enabled":false,"jetpack_sharing_enabled":true,"jetpack_shortlink":"https:\/\/wp.me\/p7jvdk-aPV","jetpack-related-posts":[{"id":43082,"url":"https:\/\/blogdoprosperi.com\/?p=43082","url_meta":{"origin":41659,"position":0},"title":"Estev\u00e3o vendido por R$ 358 milh\u00f5es: entenda pressa do Palmeiras na negocia\u00e7\u00e3o com Chelsea","author":"Luiz Ant\u00f4nio Pr\u00f3speri","date":"22 de junho de 2024","format":false,"excerpt":"Estev\u00e3o, 17 anos, est\u00e1 vendido ao Chelsea da Inglaterra por R$ 358 milh\u00f5es \u2013 R$ 262,1 milh\u00f5es fixos, e R$ 96,13 milh\u00f5es em metas. Palmeiras fez an\u00fancio oficial da venda por meio de uma nota divulgada na manh\u00e3 desse s\u00e1bado (22\/6). \"A Sociedade Esportiva Palmeiras informa que concluiu acordo com\u2026","rel":"","context":"Em &quot;futebol&quot;","block_context":{"text":"futebol","link":"https:\/\/blogdoprosperi.com\/?cat=53870"},"img":{"alt_text":"Estev\u00e3o vendido ao Chelsesa","src":"https:\/\/i0.wp.com\/blogdoprosperi.com\/wp-content\/uploads\/2024\/06\/53805376331_ede8eb6013_c.jpg?fit=800%2C450&ssl=1&resize=350%2C200","width":350,"height":200,"srcset":"https:\/\/i0.wp.com\/blogdoprosperi.com\/wp-content\/uploads\/2024\/06\/53805376331_ede8eb6013_c.jpg?fit=800%2C450&ssl=1&resize=350%2C200 1x, https:\/\/i0.wp.com\/blogdoprosperi.com\/wp-content\/uploads\/2024\/06\/53805376331_ede8eb6013_c.jpg?fit=800%2C450&ssl=1&resize=525%2C300 1.5x, https:\/\/i0.wp.com\/blogdoprosperi.com\/wp-content\/uploads\/2024\/06\/53805376331_ede8eb6013_c.jpg?fit=800%2C450&ssl=1&resize=700%2C400 2x"},"classes":[]},{"id":46855,"url":"https:\/\/blogdoprosperi.com\/?p=46855","url_meta":{"origin":41659,"position":1},"title":"Os C\u00e3es Magros de Abel Ferreira no Palmeiras","author":"Luiz Ant\u00f4nio Pr\u00f3speri","date":"9 de dezembro de 2024","format":false,"excerpt":"Luiz Ant\u00f4nio Pr\u00f3speri \u2013 9 dezembro (10h45) \u2013 \"Gosto de jogadores c\u00e3es magros, ele (Tel\u00ea Santana) gostava de c\u00e3es magros\". A dica \u00e9 de Abel Ferreira e diz muito a respeito dos refor\u00e7os do Palmeiras para 2025. Torcedor n\u00e3o deve esperar por nomes midi\u00e1ticos. A rota a seguir \u00e9 a\u2026","rel":"","context":"Em &quot;futebol&quot;","block_context":{"text":"futebol","link":"https:\/\/blogdoprosperi.com\/?cat=53870"},"img":{"alt_text":"Abel Ferreira pede c\u00e3es magros no Palmeiras","src":"https:\/\/i0.wp.com\/blogdoprosperi.com\/wp-content\/uploads\/2024\/06\/53790453970_e1b87e1498_c.jpg?fit=800%2C450&ssl=1&resize=350%2C200","width":350,"height":200,"srcset":"https:\/\/i0.wp.com\/blogdoprosperi.com\/wp-content\/uploads\/2024\/06\/53790453970_e1b87e1498_c.jpg?fit=800%2C450&ssl=1&resize=350%2C200 1x, https:\/\/i0.wp.com\/blogdoprosperi.com\/wp-content\/uploads\/2024\/06\/53790453970_e1b87e1498_c.jpg?fit=800%2C450&ssl=1&resize=525%2C300 1.5x, https:\/\/i0.wp.com\/blogdoprosperi.com\/wp-content\/uploads\/2024\/06\/53790453970_e1b87e1498_c.jpg?fit=800%2C450&ssl=1&resize=700%2C400 2x"},"classes":[]},{"id":62418,"url":"https:\/\/blogdoprosperi.com\/?p=62418","url_meta":{"origin":41659,"position":2},"title":"Allan \u00e9 do Manchester City: clube ingl\u00eas paga R$ 241 milh\u00f5es ao Palmeiras","author":"Luiz Ant\u00f4nio Pr\u00f3speri","date":"24 de agosto de 2026","format":false,"excerpt":"Luiz Ant\u00f4nio Pr\u00f3speri \u2013 24 agosto 2026 (16h13)\u00a0 Allan \u00e9 novo refor\u00e7o do Manchester City. Clube ingl\u00eas paga 40 milh\u00f5es de euros e mais b\u00f4nus ao Palmeiras pelo jogador de 22 anos. Neg\u00f3cio fechado na tarde desta segunda-feira (24\/8). O tempo de contrato e detalhes dos b\u00f4nus n\u00e3o foram revelados.\u2026","rel":"","context":"Em &quot;\u00daltimas&quot;","block_context":{"text":"\u00daltimas","link":"https:\/\/blogdoprosperi.com\/?cat=283656"},"img":{"alt_text":"","src":"https:\/\/i0.wp.com\/blogdoprosperi.com\/wp-content\/uploads\/2026\/08\/Captura-de-Tela-2026-08-24-as-16.15.37.png?fit=1200%2C785&ssl=1&resize=350%2C200","width":350,"height":200,"srcset":"https:\/\/i0.wp.com\/blogdoprosperi.com\/wp-content\/uploads\/2026\/08\/Captura-de-Tela-2026-08-24-as-16.15.37.png?fit=1200%2C785&ssl=1&resize=350%2C200 1x, https:\/\/i0.wp.com\/blogdoprosperi.com\/wp-content\/uploads\/2026\/08\/Captura-de-Tela-2026-08-24-as-16.15.37.png?fit=1200%2C785&ssl=1&resize=525%2C300 1.5x, https:\/\/i0.wp.com\/blogdoprosperi.com\/wp-content\/uploads\/2026\/08\/Captura-de-Tela-2026-08-24-as-16.15.37.png?fit=1200%2C785&ssl=1&resize=700%2C400 2x, https:\/\/i0.wp.com\/blogdoprosperi.com\/wp-content\/uploads\/2026\/08\/Captura-de-Tela-2026-08-24-as-16.15.37.png?fit=1200%2C785&ssl=1&resize=1050%2C600 3x"},"classes":[]},{"id":42606,"url":"https:\/\/blogdoprosperi.com\/?p=42606","url_meta":{"origin":41659,"position":3},"title":"Palmeiras renasce com Willian, Estev\u00e3o Willian","author":"Luiz Ant\u00f4nio Pr\u00f3speri","date":"13 de junho de 2024","format":false,"excerpt":"Endrick \u00e9 Sele\u00e7\u00e3o. \u00c9 Real Madrid. Palmeiras agora \u00e9 Willian, Estev\u00e3o Willian. O moleque que sobrou das Crias da Academia. E, na primeira chamada na classe de aula, ele se diz presente. Diante de um Vasco at\u00f4nito, Estev\u00e3o escreve seu nome. Duas assist\u00eancias de gente grande do menino leva o\u2026","rel":"","context":"Em &quot;futebol&quot;","block_context":{"text":"futebol","link":"https:\/\/blogdoprosperi.com\/?cat=53870"},"img":{"alt_text":"Estev\u00e3o. resolve para o Palmeiras","src":"https:\/\/i0.wp.com\/blogdoprosperi.com\/wp-content\/uploads\/2024\/06\/53790186569_1b6726f401_c.jpg?fit=800%2C450&ssl=1&resize=350%2C200","width":350,"height":200,"srcset":"https:\/\/i0.wp.com\/blogdoprosperi.com\/wp-content\/uploads\/2024\/06\/53790186569_1b6726f401_c.jpg?fit=800%2C450&ssl=1&resize=350%2C200 1x, https:\/\/i0.wp.com\/blogdoprosperi.com\/wp-content\/uploads\/2024\/06\/53790186569_1b6726f401_c.jpg?fit=800%2C450&ssl=1&resize=525%2C300 1.5x, https:\/\/i0.wp.com\/blogdoprosperi.com\/wp-content\/uploads\/2024\/06\/53790186569_1b6726f401_c.jpg?fit=800%2C450&ssl=1&resize=700%2C400 2x"},"classes":[]},{"id":45161,"url":"https:\/\/blogdoprosperi.com\/?p=45161","url_meta":{"origin":41659,"position":4},"title":"Palmeiras 2025: Abel Ferreira J\u00e1 Tem Substituto de Estev\u00e3o","author":"Luiz Ant\u00f4nio Pr\u00f3speri","date":"13 de setembro de 2024","format":false,"excerpt":"Palmeiras tem substituto de Estev\u00e3o dentro do grupo de jogadores comandados por Abel Ferreira. \u00c9 s\u00f3 ter boa vontade.","rel":"","context":"Em &quot;futebol&quot;","block_context":{"text":"futebol","link":"https:\/\/blogdoprosperi.com\/?cat=53870"},"img":{"alt_text":"Dudu deixa Palmeiras","src":"https:\/\/i0.wp.com\/blogdoprosperi.com\/wp-content\/uploads\/2024\/06\/5d47ecc1372d74729185b8a054e958a5-1.jpg?fit=563%2C648&ssl=1&resize=350%2C200","width":350,"height":200,"srcset":"https:\/\/i0.wp.com\/blogdoprosperi.com\/wp-content\/uploads\/2024\/06\/5d47ecc1372d74729185b8a054e958a5-1.jpg?fit=563%2C648&ssl=1&resize=350%2C200 1x, https:\/\/i0.wp.com\/blogdoprosperi.com\/wp-content\/uploads\/2024\/06\/5d47ecc1372d74729185b8a054e958a5-1.jpg?fit=563%2C648&ssl=1&resize=525%2C300 1.5x"},"classes":[]},{"id":43892,"url":"https:\/\/blogdoprosperi.com\/?p=43892","url_meta":{"origin":41659,"position":5},"title":"Palmeiras, Botafogo e Flamengo, candidatos ao t\u00edtulo, mas s\u00f3 um tem Estev\u00e3o","author":"Luiz Ant\u00f4nio Pr\u00f3speri","date":"12 de julho de 2024","format":false,"excerpt":"Luiz Ant\u00f4nio Pr\u00f3speri - 12\/7 - (19h) Botafogo lidera Brasileir\u00e3o 2024 com 31 pontos em 16 rodadas. Mesma pontua\u00e7\u00e3o do Palmeiras, segundo colocado \u2013 dois gols a menos que o l\u00edder. Essa \u00e9 a diferen\u00e7a na tabela a favor do time de John Textor. Flamengo vem em terceiro, 30 pontos.\u2026","rel":"","context":"Em &quot;futebol&quot;","block_context":{"text":"futebol","link":"https:\/\/blogdoprosperi.com\/?cat=53870"},"img":{"alt_text":"Palmeiras tem Estev\u00e3o","src":"https:\/\/i0.wp.com\/blogdoprosperi.com\/wp-content\/uploads\/2024\/07\/53851251803_8093405d2a_h.jpg?fit=1200%2C675&ssl=1&resize=350%2C200","width":350,"height":200,"srcset":"https:\/\/i0.wp.com\/blogdoprosperi.com\/wp-content\/uploads\/2024\/07\/53851251803_8093405d2a_h.jpg?fit=1200%2C675&ssl=1&resize=350%2C200 1x, https:\/\/i0.wp.com\/blogdoprosperi.com\/wp-content\/uploads\/2024\/07\/53851251803_8093405d2a_h.jpg?fit=1200%2C675&ssl=1&resize=525%2C300 1.5x, https:\/\/i0.wp.com\/blogdoprosperi.com\/wp-content\/uploads\/2024\/07\/53851251803_8093405d2a_h.jpg?fit=1200%2C675&ssl=1&resize=700%2C400 2x, https:\/\/i0.wp.com\/blogdoprosperi.com\/wp-content\/uploads\/2024\/07\/53851251803_8093405d2a_h.jpg?fit=1200%2C675&ssl=1&resize=1050%2C600 3x"},"classes":[]}],"jetpack_featured_media_url":"https:\/\/i0.wp.com\/blogdoprosperi.com\/wp-content\/uploads\/2023\/04\/52842863487_371e6ce18d_c.jpg?fit=800%2C450&ssl=1","_links":{"self":[{"href":"https:\/\/blogdoprosperi.com\/index.php?rest_route=\/wp\/v2\/posts\/41659","targetHints":{"allow":["GET"]}}],"collection":[{"href":"https:\/\/blogdoprosperi.com\/index.php?rest_route=\/wp\/v2\/posts"}],"about":[{"href":"https:\/\/blogdoprosperi.com\/index.php?rest_route=\/wp\/v2\/types\/post"}],"author":[{"embeddable":true,"href":"https:\/\/blogdoprosperi.com\/index.php?rest_route=\/wp\/v2\/users\/102107496"}],"replies":[{"embeddable":true,"href":"https:\/\/blogdoprosperi.com\/index.php?rest_route=%2Fwp%2Fv2%2Fcomments&post=41659"}],"version-history":[{"count":14,"href":"https:\/\/blogdoprosperi.com\/index.php?rest_route=\/wp\/v2\/posts\/41659\/revisions"}],"predecessor-version":[{"id":41818,"href":"https:\/\/blogdoprosperi.com\/index.php?rest_route=\/wp\/v2\/posts\/41659\/revisions\/41818"}],"wp:featuredmedia":[{"embeddable":true,"href":"https:\/\/blogdoprosperi.com\/index.php?rest_route=\/wp\/v2\/media\/41668"}],"wp:attachment":[{"href":"https:\/\/blogdoprosperi.com\/index.php?rest_route=%2Fwp%2Fv2%2Fmedia&parent=41659"}],"wp:term":[{"taxonomy":"category","embeddable":true,"href":"https:\/\/blogdoprosperi.com\/index.php?rest_route=%2Fwp%2Fv2%2Fcategories&post=41659"},{"taxonomy":"post_tag","embeddable":true,"href":"https:\/\/blogdoprosperi.com\/index.php?rest_route=%2Fwp%2Fv2%2Ftags&post=41659"}],"curies":[{"name":"wp","href":"https:\/\/api.w.org\/{rel}","templated":true}]}}