{"id":41680,"date":"2023-04-27T07:00:57","date_gmt":"2023-04-27T10:00:57","guid":{"rendered":"https:\/\/blogdoprosperi.com\/?p=41680"},"modified":"2023-04-27T08:49:48","modified_gmt":"2023-04-27T11:49:48","slug":"cuca-cai-fora-do-corinthians-vitoria-da-torcida","status":"publish","type":"post","link":"https:\/\/blogdoprosperi.com\/?p=41680","title":{"rendered":"Cuca cai fora do Corinthians, vit\u00f3ria da torcida"},"content":{"rendered":"<p>Cuca veste camiseta preta com imagem estampada de Nossa Senhora. Uma corrente grossa de ouro com medalha de uma santa emoldura seu pesco\u00e7o at\u00e9 o peito. A camisa amarela do goleiro Cassio cobre ombro esquerdo do treinador, com escudo do Corinthians em evid\u00eancia. Em breve comunicado no est\u00e1dio Neo Qu\u00edmica Arena em Itaquera, por volta de 1h30 da manh\u00e3 desse 27 de abril, Cuca anuncia sua sa\u00edda do clube. Foram sete dias de muita turbul\u00eancia e enorme press\u00e3o de parte da torcida Fiel.<\/p>\n<p>Corinthians acabava de avan\u00e7ar na Copa do Brasil com feito dram\u00e1tico ao superar o Remo de Bel\u00e9m (PA) na decis\u00e3o por p\u00eanaltis. Jogadores comemoraram a classifica\u00e7\u00e3o fazendo uma montanha de abra\u00e7os em cima do t\u00e9cnico Cuca. E menos de uma hora depois, ele anuncia sua demiss\u00e3o.<\/p>\n<p>A sa\u00edda de Cuca do Corinthians nesse final de abril de 2023 vem de sua condena\u00e7\u00e3o por estupro na Su\u00ed\u00e7a em 1987.<\/p>\n<p>De 1987 at\u00e9 essa queda a jato agora em um dos clubes mais populares do Brasil, Cuca pouco foi pressionado e cobrado pelo ato em Berna. Sem ser incomodado, passou por grandes clubes, conquistou t\u00edtulos importantes e at\u00e9 dividiu bancadas com jornalistas da TV Globo, contratado em 2018 para comentar a Copa do Mundo da R\u00fassia.<\/p>\n<p>Nos \u00faltimos 36 anos, atuou como jogador profissional at\u00e9 encerrar a carreira de atleta e assumir a profiss\u00e3o de t\u00e9cnico de futebol.<\/p>\n<p>Campe\u00e3o do Brasileir\u00e3o e da Copa do Brasil em 2021 no Atl\u00e9tico-MG, Cuca estava bem cotado a suceder Tite na Sele\u00e7\u00e3o Brasileira ap\u00f3s a Copa do Qatar.<\/p>\n<p>Ningu\u00e9m da comunidade do futebol, seja torcedores, dirigentes, jogadores, CBF, federa\u00e7\u00f5es e maioria da imprensa, levantou a voz cobrando de Cuca a condena\u00e7\u00e3o por estupro em Berna 1987.<\/p>\n<p>Cuca perdeu esse status de candidato favorito ao trono da Sele\u00e7\u00e3o quando regressa ao Atl\u00e9tico e fracassa na reta final da temporada 2022. Ali n\u00e3o pesou o estupro.<\/p>\n<p>Fora do p\u00e1reo na Sele\u00e7\u00e3o, Cuca volta ao mercado de treinadores em 2023. E o Corinthians, em crise de gest\u00e3o dentro e fora de campo, cai no seu colo na quinta-feira, dia 20 abril, ap\u00f3s a sa\u00edda do estagi\u00e1rio Fernando L\u00e1zaro do comando do time.<\/p>\n<p>Seria o ter\u00e7o da salva\u00e7\u00e3o no clube, detentor da segunda maior torcida do Brasil.<\/p>\n<p>Cuca nem sequer imaginava o que estava por vir. Por sua cabe\u00e7a passava a ideia de que tiraria o Corinthians do buraco e mais tarde seria carregado nos ombros da maioria dos torcedores.<\/p>\n<p>Acontece que os corintianos t\u00eam por norma garantir que s\u00e3o uma &#8220;torcida que tem um time e n\u00e3o um time que tem uma torcida&#8221;.<\/p>\n<p>Boa parte dessa multid\u00e3o levantou a m\u00e3o. Cuca, aqui n\u00e3o. &#8220;Respeita as Minas&#8221;.<\/p>\n<p>Protestos se multiplicaram. Imprensa esportiva abra\u00e7ou a causa. E o t\u00e9cnico pediu o bon\u00e9. &#8220;Volta para casa, pai&#8221;, disse Cuca se referindo aos familiares que pediram por sua sa\u00edda do clube.<\/p>\n<p>Corinthians, atordoado com os pr\u00f3prios socos que deu em sua gest\u00e3o de futebol, volta ao mercado em busca de um treinador. Quer gente de curr\u00edculo pesado, campe\u00e3o e experiente.<\/p>\n<p>Tite, candidato natural, n\u00e3o vem. Vanderlei Luxemburgo, esquecido no futebol brasileiro desde 2021, est\u00e1 na pra\u00e7a. N\u00e3o ser\u00e1 surpresa se aparecer no Corinthians at\u00e9 esse fim de semana. A conferir.<\/p>\n","protected":false},"excerpt":{"rendered":"<p>Sa\u00edda de Cuca do Corinthians nesse final de abril de 2023 vem de sua condena\u00e7\u00e3o por estupro na Su\u00ed\u00e7a em 1987<\/p>\n","protected":false},"author":102107496,"featured_media":41687,"comment_status":"open","ping_status":"open","sticky":false,"template":"","format":"standard","meta":{"_coblocks_attr":"","_coblocks_dimensions":"","_coblocks_responsive_height":"","_coblocks_accordion_ie_support":"","_jetpack_newsletter_access":"","_jetpack_dont_email_post_to_subs":false,"_jetpack_newsletter_tier_id":0,"_jetpack_memberships_contains_paywalled_content":false,"_wpcom_ai_launchpad_first_post":false,"_jetpack_feature_clip_id":0,"_jetpack_memberships_contains_paid_content":false,"footnotes":"","jetpack_publicize_message":"","jetpack_publicize_feature_enabled":true,"jetpack_social_post_already_shared":false,"jetpack_social_options":{"image_generator_settings":{"template":"highway","default_image_id":0,"font":"","enabled":false},"version":2},"jetpack_post_was_ever_published":false},"categories":[47094043,570700,53870,758801836],"tags":[789560569,789560570,177066,85954,789560560,131440686,1814220,1216163],"class_list":["post-41680","post","type-post","status-publish","format-standard","has-post-thumbnail","hentry","category-catar-2022","category-cbf","category-futebol","category-futebol-2023","tag-cbf","tag-copa-do-brasil","tag-corinthians","tag-cuca","tag-futebol","tag-roger-guedes","tag-tite","tag-vanderlei-luxemburgo"],"yoast_head":"<!-- This site is optimized with the Yoast SEO plugin v28.4 - https:\/\/yoast.com\/product\/yoast-seo-wordpress\/ -->\n<title>Cuca cai fora do Corinthians, vit\u00f3ria da torcida - PR\u00d3SPERI NEWS<\/title>\n<meta name=\"robots\" content=\"index, follow, max-snippet:-1, max-image-preview:large, max-video-preview:-1\" \/>\n<link rel=\"canonical\" href=\"https:\/\/blogdoprosperi.com\/?p=41680\" \/>\n<meta property=\"og:locale\" content=\"pt_BR\" \/>\n<meta property=\"og:type\" content=\"article\" \/>\n<meta property=\"og:title\" content=\"Cuca cai fora do Corinthians, vit\u00f3ria da torcida - PR\u00d3SPERI NEWS\" \/>\n<meta property=\"og:description\" content=\"Sa\u00edda de Cuca do Corinthians nesse final de abril de 2023 vem de sua condena\u00e7\u00e3o por estupro na Su\u00ed\u00e7a em 1987\" \/>\n<meta property=\"og:url\" content=\"https:\/\/blogdoprosperi.com\/?p=41680\" \/>\n<meta property=\"og:site_name\" content=\"PR\u00d3SPERI NEWS\" \/>\n<meta property=\"article:publisher\" content=\"Luiz Pr\u00f3speri\" \/>\n<meta property=\"article:author\" content=\"Luiz Pr\u00f3speri\" \/>\n<meta property=\"article:published_time\" content=\"2023-04-27T10:00:57+00:00\" \/>\n<meta property=\"article:modified_time\" content=\"2023-04-27T11:49:48+00:00\" \/>\n<meta property=\"og:image\" content=\"https:\/\/i0.wp.com\/blogdoprosperi.com\/wp-content\/uploads\/2023\/04\/1418334693-11281152443b1b7058f2bk.webp?fit=774%2C516&ssl=1\" \/>\n\t<meta property=\"og:image:width\" content=\"774\" \/>\n\t<meta property=\"og:image:height\" content=\"516\" \/>\n\t<meta property=\"og:image:type\" content=\"image\/webp\" \/>\n<meta name=\"author\" content=\"Luiz Ant\u00f4nio Pr\u00f3speri\" \/>\n<meta name=\"twitter:card\" content=\"summary_large_image\" \/>\n<meta name=\"twitter:creator\" content=\"@Luizprosperi\" \/>\n<meta name=\"twitter:site\" content=\"@Luizprosperi\" \/>\n<meta name=\"twitter:label1\" content=\"Escrito por\" \/>\n\t<meta name=\"twitter:data1\" content=\"Luiz Ant\u00f4nio Pr\u00f3speri\" \/>\n\t<meta name=\"twitter:label2\" content=\"Est. tempo de leitura\" \/>\n\t<meta name=\"twitter:data2\" content=\"3 minutos\" \/>\n<script type=\"application\/ld+json\" class=\"yoast-schema-graph\">{\"@context\":\"https:\\\/\\\/schema.org\",\"@graph\":[{\"@type\":\"Article\",\"@id\":\"https:\\\/\\\/blogdoprosperi.com\\\/?p=41680#article\",\"isPartOf\":{\"@id\":\"https:\\\/\\\/blogdoprosperi.com\\\/?p=41680\"},\"author\":{\"name\":\"Luiz Ant\u00f4nio Pr\u00f3speri\",\"@id\":\"https:\\\/\\\/blogdoprosperi.com\\\/#\\\/schema\\\/person\\\/38100755ce3601861ee4fab9b5aa78e9\"},\"headline\":\"Cuca cai fora do Corinthians, vit\u00f3ria da torcida\",\"datePublished\":\"2023-04-27T10:00:57+00:00\",\"dateModified\":\"2023-04-27T11:49:48+00:00\",\"mainEntityOfPage\":{\"@id\":\"https:\\\/\\\/blogdoprosperi.com\\\/?p=41680\"},\"wordCount\":588,\"commentCount\":1,\"publisher\":{\"@id\":\"https:\\\/\\\/blogdoprosperi.com\\\/#\\\/schema\\\/person\\\/38100755ce3601861ee4fab9b5aa78e9\"},\"image\":{\"@id\":\"https:\\\/\\\/blogdoprosperi.com\\\/?p=41680#primaryimage\"},\"thumbnailUrl\":\"https:\\\/\\\/i0.wp.com\\\/blogdoprosperi.com\\\/wp-content\\\/uploads\\\/2023\\\/04\\\/1418334693-11281152443b1b7058f2bk.webp?fit=774%2C516&ssl=1\",\"keywords\":[\"CBF\",\"Copa do Brasil\",\"Corinthians\",\"Cuca\",\"futebol\",\"Roger Guedes\",\"Tite\",\"Vanderlei Luxemburgo\"],\"articleSection\":[\"catar 2022\",\"CBF\",\"futebol\",\"futebol 2023\"],\"inLanguage\":\"pt-BR\",\"potentialAction\":[{\"@type\":\"CommentAction\",\"name\":\"Comment\",\"target\":[\"https:\\\/\\\/blogdoprosperi.com\\\/?p=41680#respond\"]}]},{\"@type\":\"WebPage\",\"@id\":\"https:\\\/\\\/blogdoprosperi.com\\\/?p=41680\",\"url\":\"https:\\\/\\\/blogdoprosperi.com\\\/?p=41680\",\"name\":\"Cuca cai fora do Corinthians, vit\u00f3ria da torcida - PR\u00d3SPERI NEWS\",\"isPartOf\":{\"@id\":\"https:\\\/\\\/blogdoprosperi.com\\\/#website\"},\"primaryImageOfPage\":{\"@id\":\"https:\\\/\\\/blogdoprosperi.com\\\/?p=41680#primaryimage\"},\"image\":{\"@id\":\"https:\\\/\\\/blogdoprosperi.com\\\/?p=41680#primaryimage\"},\"thumbnailUrl\":\"https:\\\/\\\/i0.wp.com\\\/blogdoprosperi.com\\\/wp-content\\\/uploads\\\/2023\\\/04\\\/1418334693-11281152443b1b7058f2bk.webp?fit=774%2C516&ssl=1\",\"datePublished\":\"2023-04-27T10:00:57+00:00\",\"dateModified\":\"2023-04-27T11:49:48+00:00\",\"breadcrumb\":{\"@id\":\"https:\\\/\\\/blogdoprosperi.com\\\/?p=41680#breadcrumb\"},\"inLanguage\":\"pt-BR\",\"potentialAction\":[{\"@type\":\"ReadAction\",\"target\":[\"https:\\\/\\\/blogdoprosperi.com\\\/?p=41680\"]}]},{\"@type\":\"ImageObject\",\"inLanguage\":\"pt-BR\",\"@id\":\"https:\\\/\\\/blogdoprosperi.com\\\/?p=41680#primaryimage\",\"url\":\"https:\\\/\\\/i0.wp.com\\\/blogdoprosperi.com\\\/wp-content\\\/uploads\\\/2023\\\/04\\\/1418334693-11281152443b1b7058f2bk.webp?fit=774%2C516&ssl=1\",\"contentUrl\":\"https:\\\/\\\/i0.wp.com\\\/blogdoprosperi.com\\\/wp-content\\\/uploads\\\/2023\\\/04\\\/1418334693-11281152443b1b7058f2bk.webp?fit=774%2C516&ssl=1\",\"width\":774,\"height\":516,\"caption\":\"Cuca deixa Corinthians - foto: Ag\u00eancia Corinthians\"},{\"@type\":\"BreadcrumbList\",\"@id\":\"https:\\\/\\\/blogdoprosperi.com\\\/?p=41680#breadcrumb\",\"itemListElement\":[{\"@type\":\"ListItem\",\"position\":1,\"name\":\"In\u00edcio\",\"item\":\"https:\\\/\\\/blogdoprosperi.com\\\/\"},{\"@type\":\"ListItem\",\"position\":2,\"name\":\"Cuca cai fora do Corinthians, vit\u00f3ria da torcida\"}]},{\"@type\":\"WebSite\",\"@id\":\"https:\\\/\\\/blogdoprosperi.com\\\/#website\",\"url\":\"https:\\\/\\\/blogdoprosperi.com\\\/\",\"name\":\"PR\u00d3SPERI NEWS\",\"description\":\"TUDO \u00c9  FUTEBOL\",\"publisher\":{\"@id\":\"https:\\\/\\\/blogdoprosperi.com\\\/#\\\/schema\\\/person\\\/38100755ce3601861ee4fab9b5aa78e9\"},\"alternateName\":\"blogdoprosperi.com\",\"potentialAction\":[{\"@type\":\"SearchAction\",\"target\":{\"@type\":\"EntryPoint\",\"urlTemplate\":\"https:\\\/\\\/blogdoprosperi.com\\\/?s={search_term_string}\"},\"query-input\":{\"@type\":\"PropertyValueSpecification\",\"valueRequired\":true,\"valueName\":\"search_term_string\"}}],\"inLanguage\":\"pt-BR\"},{\"@type\":[\"Person\",\"Organization\"],\"@id\":\"https:\\\/\\\/blogdoprosperi.com\\\/#\\\/schema\\\/person\\\/38100755ce3601861ee4fab9b5aa78e9\",\"name\":\"Luiz Ant\u00f4nio Pr\u00f3speri\",\"pronouns\":\"ele\",\"image\":{\"@type\":\"ImageObject\",\"inLanguage\":\"pt-BR\",\"@id\":\"https:\\\/\\\/i0.wp.com\\\/blogdoprosperi.com\\\/wp-content\\\/uploads\\\/2026\\\/05\\\/cropped-8059e613-6002-42fa-961e-8e275f575d71-2-5.jpg?fit=1360%2C931&ssl=1\",\"url\":\"https:\\\/\\\/i0.wp.com\\\/blogdoprosperi.com\\\/wp-content\\\/uploads\\\/2026\\\/05\\\/cropped-8059e613-6002-42fa-961e-8e275f575d71-2-5.jpg?fit=1360%2C931&ssl=1\",\"contentUrl\":\"https:\\\/\\\/i0.wp.com\\\/blogdoprosperi.com\\\/wp-content\\\/uploads\\\/2026\\\/05\\\/cropped-8059e613-6002-42fa-961e-8e275f575d71-2-5.jpg?fit=1360%2C931&ssl=1\",\"width\":1360,\"height\":931,\"caption\":\"Luiz Ant\u00f4nio Pr\u00f3speri\"},\"logo\":{\"@id\":\"https:\\\/\\\/i0.wp.com\\\/blogdoprosperi.com\\\/wp-content\\\/uploads\\\/2026\\\/05\\\/cropped-8059e613-6002-42fa-961e-8e275f575d71-2-5.jpg?fit=1360%2C931&ssl=1\"},\"description\":\"Jornalista com carreira dedicada ao esporte. Cobriu 9 Copas do Mundo in loco, 1990 na It\u00e1lia, 1994 nos EUA, 1998 na Fran\u00e7a, 2002 na Coreia do Sul e Jap\u00e3o, 2006 na Alemanha, 2010 na \u00c1frica do Sul, 2014 no Brasil, 2018 na R\u00fassia e 2022 no Qatar. Eurocopas, 1992 na Su\u00e9cia e 1996 na Inglaterra. Copa das Confedera\u00e7\u00f5es de 2005 na Alemanha e 2009 na \u00c1frica do Sul. Rep\u00f3rter e Editor, trabalhou no Jornal da Tarde e Estad\u00e3o, de 1984 a fevereiro de 2016. Colunista, blogueiro. E comentarista de futebol na R\u00e1dio Estad\u00e3o, de 2013 a fevereiro de 2016. Jornalista respons\u00e1vel do \\\"Pr\u00f3speri News\\\" (blogdoprosperi.com).\",\"sameAs\":[\"http:\\\/\\\/blogdoprosperi.com\",\"Luiz Pr\u00f3speri\",\"@luiz_prosperi\",\"https:\\\/\\\/x.com\\\/Luizprosperi\",\"@prosperinacopa\",\"luiz.prosperi@icloud.com\"],\"url\":\"https:\\\/\\\/blogdoprosperi.com\\\/?author=102107496\"}]}<\/script>\n<!-- \/ Yoast SEO plugin. -->","yoast_head_json":{"title":"Cuca cai fora do Corinthians, vit\u00f3ria da torcida - PR\u00d3SPERI NEWS","robots":{"index":"index","follow":"follow","max-snippet":"max-snippet:-1","max-image-preview":"max-image-preview:large","max-video-preview":"max-video-preview:-1"},"canonical":"https:\/\/blogdoprosperi.com\/?p=41680","og_locale":"pt_BR","og_type":"article","og_title":"Cuca cai fora do Corinthians, vit\u00f3ria da torcida - PR\u00d3SPERI NEWS","og_description":"Sa\u00edda de Cuca do Corinthians nesse final de abril de 2023 vem de sua condena\u00e7\u00e3o por estupro na Su\u00ed\u00e7a em 1987","og_url":"https:\/\/blogdoprosperi.com\/?p=41680","og_site_name":"PR\u00d3SPERI NEWS","article_publisher":"Luiz Pr\u00f3speri","article_author":"Luiz Pr\u00f3speri","article_published_time":"2023-04-27T10:00:57+00:00","article_modified_time":"2023-04-27T11:49:48+00:00","og_image":[{"width":774,"height":516,"url":"https:\/\/i0.wp.com\/blogdoprosperi.com\/wp-content\/uploads\/2023\/04\/1418334693-11281152443b1b7058f2bk.webp?fit=774%2C516&ssl=1","type":"image\/webp"}],"author":"Luiz Ant\u00f4nio Pr\u00f3speri","twitter_card":"summary_large_image","twitter_creator":"@Luizprosperi","twitter_site":"@Luizprosperi","twitter_misc":{"Escrito por":"Luiz Ant\u00f4nio Pr\u00f3speri","Est. tempo de leitura":"3 minutos"},"schema":{"@context":"https:\/\/schema.org","@graph":[{"@type":"Article","@id":"https:\/\/blogdoprosperi.com\/?p=41680#article","isPartOf":{"@id":"https:\/\/blogdoprosperi.com\/?p=41680"},"author":{"name":"Luiz Ant\u00f4nio Pr\u00f3speri","@id":"https:\/\/blogdoprosperi.com\/#\/schema\/person\/38100755ce3601861ee4fab9b5aa78e9"},"headline":"Cuca cai fora do Corinthians, vit\u00f3ria da torcida","datePublished":"2023-04-27T10:00:57+00:00","dateModified":"2023-04-27T11:49:48+00:00","mainEntityOfPage":{"@id":"https:\/\/blogdoprosperi.com\/?p=41680"},"wordCount":588,"commentCount":1,"publisher":{"@id":"https:\/\/blogdoprosperi.com\/#\/schema\/person\/38100755ce3601861ee4fab9b5aa78e9"},"image":{"@id":"https:\/\/blogdoprosperi.com\/?p=41680#primaryimage"},"thumbnailUrl":"https:\/\/i0.wp.com\/blogdoprosperi.com\/wp-content\/uploads\/2023\/04\/1418334693-11281152443b1b7058f2bk.webp?fit=774%2C516&ssl=1","keywords":["CBF","Copa do Brasil","Corinthians","Cuca","futebol","Roger Guedes","Tite","Vanderlei Luxemburgo"],"articleSection":["catar 2022","CBF","futebol","futebol 2023"],"inLanguage":"pt-BR","potentialAction":[{"@type":"CommentAction","name":"Comment","target":["https:\/\/blogdoprosperi.com\/?p=41680#respond"]}]},{"@type":"WebPage","@id":"https:\/\/blogdoprosperi.com\/?p=41680","url":"https:\/\/blogdoprosperi.com\/?p=41680","name":"Cuca cai fora do Corinthians, vit\u00f3ria da torcida - PR\u00d3SPERI NEWS","isPartOf":{"@id":"https:\/\/blogdoprosperi.com\/#website"},"primaryImageOfPage":{"@id":"https:\/\/blogdoprosperi.com\/?p=41680#primaryimage"},"image":{"@id":"https:\/\/blogdoprosperi.com\/?p=41680#primaryimage"},"thumbnailUrl":"https:\/\/i0.wp.com\/blogdoprosperi.com\/wp-content\/uploads\/2023\/04\/1418334693-11281152443b1b7058f2bk.webp?fit=774%2C516&ssl=1","datePublished":"2023-04-27T10:00:57+00:00","dateModified":"2023-04-27T11:49:48+00:00","breadcrumb":{"@id":"https:\/\/blogdoprosperi.com\/?p=41680#breadcrumb"},"inLanguage":"pt-BR","potentialAction":[{"@type":"ReadAction","target":["https:\/\/blogdoprosperi.com\/?p=41680"]}]},{"@type":"ImageObject","inLanguage":"pt-BR","@id":"https:\/\/blogdoprosperi.com\/?p=41680#primaryimage","url":"https:\/\/i0.wp.com\/blogdoprosperi.com\/wp-content\/uploads\/2023\/04\/1418334693-11281152443b1b7058f2bk.webp?fit=774%2C516&ssl=1","contentUrl":"https:\/\/i0.wp.com\/blogdoprosperi.com\/wp-content\/uploads\/2023\/04\/1418334693-11281152443b1b7058f2bk.webp?fit=774%2C516&ssl=1","width":774,"height":516,"caption":"Cuca deixa Corinthians - foto: Ag\u00eancia Corinthians"},{"@type":"BreadcrumbList","@id":"https:\/\/blogdoprosperi.com\/?p=41680#breadcrumb","itemListElement":[{"@type":"ListItem","position":1,"name":"In\u00edcio","item":"https:\/\/blogdoprosperi.com\/"},{"@type":"ListItem","position":2,"name":"Cuca cai fora do Corinthians, vit\u00f3ria da torcida"}]},{"@type":"WebSite","@id":"https:\/\/blogdoprosperi.com\/#website","url":"https:\/\/blogdoprosperi.com\/","name":"PR\u00d3SPERI NEWS","description":"TUDO \u00c9  FUTEBOL","publisher":{"@id":"https:\/\/blogdoprosperi.com\/#\/schema\/person\/38100755ce3601861ee4fab9b5aa78e9"},"alternateName":"blogdoprosperi.com","potentialAction":[{"@type":"SearchAction","target":{"@type":"EntryPoint","urlTemplate":"https:\/\/blogdoprosperi.com\/?s={search_term_string}"},"query-input":{"@type":"PropertyValueSpecification","valueRequired":true,"valueName":"search_term_string"}}],"inLanguage":"pt-BR"},{"@type":["Person","Organization"],"@id":"https:\/\/blogdoprosperi.com\/#\/schema\/person\/38100755ce3601861ee4fab9b5aa78e9","name":"Luiz Ant\u00f4nio Pr\u00f3speri","pronouns":"ele","image":{"@type":"ImageObject","inLanguage":"pt-BR","@id":"https:\/\/i0.wp.com\/blogdoprosperi.com\/wp-content\/uploads\/2026\/05\/cropped-8059e613-6002-42fa-961e-8e275f575d71-2-5.jpg?fit=1360%2C931&ssl=1","url":"https:\/\/i0.wp.com\/blogdoprosperi.com\/wp-content\/uploads\/2026\/05\/cropped-8059e613-6002-42fa-961e-8e275f575d71-2-5.jpg?fit=1360%2C931&ssl=1","contentUrl":"https:\/\/i0.wp.com\/blogdoprosperi.com\/wp-content\/uploads\/2026\/05\/cropped-8059e613-6002-42fa-961e-8e275f575d71-2-5.jpg?fit=1360%2C931&ssl=1","width":1360,"height":931,"caption":"Luiz Ant\u00f4nio Pr\u00f3speri"},"logo":{"@id":"https:\/\/i0.wp.com\/blogdoprosperi.com\/wp-content\/uploads\/2026\/05\/cropped-8059e613-6002-42fa-961e-8e275f575d71-2-5.jpg?fit=1360%2C931&ssl=1"},"description":"Jornalista com carreira dedicada ao esporte. Cobriu 9 Copas do Mundo in loco, 1990 na It\u00e1lia, 1994 nos EUA, 1998 na Fran\u00e7a, 2002 na Coreia do Sul e Jap\u00e3o, 2006 na Alemanha, 2010 na \u00c1frica do Sul, 2014 no Brasil, 2018 na R\u00fassia e 2022 no Qatar. Eurocopas, 1992 na Su\u00e9cia e 1996 na Inglaterra. Copa das Confedera\u00e7\u00f5es de 2005 na Alemanha e 2009 na \u00c1frica do Sul. Rep\u00f3rter e Editor, trabalhou no Jornal da Tarde e Estad\u00e3o, de 1984 a fevereiro de 2016. Colunista, blogueiro. E comentarista de futebol na R\u00e1dio Estad\u00e3o, de 2013 a fevereiro de 2016. Jornalista respons\u00e1vel do \"Pr\u00f3speri News\" (blogdoprosperi.com).","sameAs":["http:\/\/blogdoprosperi.com","Luiz Pr\u00f3speri","@luiz_prosperi","https:\/\/x.com\/Luizprosperi","@prosperinacopa","luiz.prosperi@icloud.com"],"url":"https:\/\/blogdoprosperi.com\/?author=102107496"}]}},"jetpack_publicize_connections":[],"jetpack_likes_enabled":false,"jetpack_sharing_enabled":true,"jetpack_shortlink":"https:\/\/wp.me\/p7jvdk-aQg","jetpack-related-posts":[{"id":41693,"url":"https:\/\/blogdoprosperi.com\/?p=41693","url_meta":{"origin":41680,"position":0},"title":"Viol\u00eancia contra mulheres cresce no Brasil e futebol n\u00e3o reage","author":"Luiz Ant\u00f4nio Pr\u00f3speri","date":"28 de abril de 2023","format":false,"excerpt":"Casos de Cuca, Daniel Alves, Robinho, goleiro Bruno e at\u00e9 Neymar traduzem essa dura realidade da viol\u00eancia contra mulheres","rel":"","context":"Em &quot;futebol&quot;","block_context":{"text":"futebol","link":"https:\/\/blogdoprosperi.com\/?cat=53870"},"img":{"alt_text":"","src":"https:\/\/i0.wp.com\/blogdoprosperi.com\/wp-content\/uploads\/2023\/04\/reproducao_instagram_mtpccorinthians.webp?fit=1080%2C961&ssl=1&resize=350%2C200","width":350,"height":200,"srcset":"https:\/\/i0.wp.com\/blogdoprosperi.com\/wp-content\/uploads\/2023\/04\/reproducao_instagram_mtpccorinthians.webp?fit=1080%2C961&ssl=1&resize=350%2C200 1x, https:\/\/i0.wp.com\/blogdoprosperi.com\/wp-content\/uploads\/2023\/04\/reproducao_instagram_mtpccorinthians.webp?fit=1080%2C961&ssl=1&resize=525%2C300 1.5x, https:\/\/i0.wp.com\/blogdoprosperi.com\/wp-content\/uploads\/2023\/04\/reproducao_instagram_mtpccorinthians.webp?fit=1080%2C961&ssl=1&resize=700%2C400 2x, https:\/\/i0.wp.com\/blogdoprosperi.com\/wp-content\/uploads\/2023\/04\/reproducao_instagram_mtpccorinthians.webp?fit=1080%2C961&ssl=1&resize=1050%2C600 3x"},"classes":[]},{"id":41608,"url":"https:\/\/blogdoprosperi.com\/?p=41608","url_meta":{"origin":41680,"position":1},"title":"S\u00e3o Paulo contrata bombeiro, Corinthians fecha com incendi\u00e1rio","author":"Luiz Ant\u00f4nio Pr\u00f3speri","date":"20 de abril de 2023","format":false,"excerpt":"Dorival Junior no S\u00e3o Paulo e Cuca no Corinthians voltam ao futebol paulista com a dura miss\u00e3o de reerguer dois gigantes.","rel":"","context":"Em &quot;futebol&quot;","block_context":{"text":"futebol","link":"https:\/\/blogdoprosperi.com\/?cat=53870"},"img":{"alt_text":"","src":"https:\/\/i0.wp.com\/blogdoprosperi.com\/wp-content\/uploads\/2023\/04\/fulk2oqxsai4x7e.jpeg?fit=1080%2C1080&ssl=1&resize=350%2C200","width":350,"height":200,"srcset":"https:\/\/i0.wp.com\/blogdoprosperi.com\/wp-content\/uploads\/2023\/04\/fulk2oqxsai4x7e.jpeg?fit=1080%2C1080&ssl=1&resize=350%2C200 1x, https:\/\/i0.wp.com\/blogdoprosperi.com\/wp-content\/uploads\/2023\/04\/fulk2oqxsai4x7e.jpeg?fit=1080%2C1080&ssl=1&resize=525%2C300 1.5x, https:\/\/i0.wp.com\/blogdoprosperi.com\/wp-content\/uploads\/2023\/04\/fulk2oqxsai4x7e.jpeg?fit=1080%2C1080&ssl=1&resize=700%2C400 2x, https:\/\/i0.wp.com\/blogdoprosperi.com\/wp-content\/uploads\/2023\/04\/fulk2oqxsai4x7e.jpeg?fit=1080%2C1080&ssl=1&resize=1050%2C600 3x"},"classes":[]},{"id":1705,"url":"https:\/\/blogdoprosperi.com\/?p=1705","url_meta":{"origin":41680,"position":2},"title":"Jogos decisivos do Paulist\u00e3o 2016 ter\u00e3o torcida \u00fanica","author":"Luiz Ant\u00f4nio Pr\u00f3speri","date":"19 de abril de 2016","format":false,"excerpt":"\u00a0 Paulo Nobre, presidente do Palmeiras, foi um dos primeiros a defender a ordem autorit\u00e1ria da Secretaria de Seguran\u00e7a P\u00fablica de S\u00e3o Paulo (SSPSP) de estabelecer a presen\u00e7a torcida \u00fanica nos cl\u00e1ssicos em S\u00e3o Paulo. Cuca n\u00e3o concorda. O treinador sabe que se o seu time avan\u00e7ar \u00e0 final contra\u2026","rel":"","context":"Em &quot;futebol&quot;","block_context":{"text":"futebol","link":"https:\/\/blogdoprosperi.com\/?cat=53870"},"img":{"alt_text":"","src":"https:\/\/i0.wp.com\/blogdoprosperi.com\/wp-content\/uploads\/2016\/04\/rib3898.jpg?resize=350%2C200&ssl=1","width":350,"height":200,"srcset":"https:\/\/i0.wp.com\/blogdoprosperi.com\/wp-content\/uploads\/2016\/04\/rib3898.jpg?resize=350%2C200&ssl=1 1x, https:\/\/i0.wp.com\/blogdoprosperi.com\/wp-content\/uploads\/2016\/04\/rib3898.jpg?resize=525%2C300&ssl=1 1.5x"},"classes":[]},{"id":27027,"url":"https:\/\/blogdoprosperi.com\/?p=27027","url_meta":{"origin":41680,"position":3},"title":"Luxemburgo aparece, v\u00ea Palmeiras um degrau acima de Flamengo e Atl\u00e9tico-MG e nega sondagem do Corinthians","author":"Luiz Ant\u00f4nio Pr\u00f3speri","date":"30 de setembro de 2016","format":false,"excerpt":"Vanderlei Luxemburgo, 64 anos, estava longe da m\u00eddia desde que voltou da China, ap\u00f3s ser demitido do Tianjin Quanjian, h\u00e1 pouco menos de quatro meses. Neste per\u00edodo recebeu sondagens de clubes brasileiros e continua na pauta de times paulistas. Ainda atendeu a um chamado de Tite para trocar opini\u00f5es a\u2026","rel":"","context":"Em &quot;Campeonato Brasileiro&quot;","block_context":{"text":"Campeonato Brasileiro","link":"https:\/\/blogdoprosperi.com\/?cat=355071"},"img":{"alt_text":"","src":"https:\/\/i0.wp.com\/blogdoprosperi.com\/wp-content\/uploads\/2016\/09\/060548corinthians01.jpg?resize=350%2C200&ssl=1","width":350,"height":200},"classes":[]},{"id":10096,"url":"https:\/\/blogdoprosperi.com\/?p=10096","url_meta":{"origin":41680,"position":4},"title":"Entenda a vit\u00f3ria do Palmeiras contra o Corinthians e o choro de Tite","author":"Luiz Ant\u00f4nio Pr\u00f3speri","date":"12 de junho de 2016","format":false,"excerpt":"Cuca projetava a vit\u00f3ria do Palmeiras no cl\u00e1ssico contra o Corinthians como fundamental na longa caminhada em busca da ta\u00e7a do Brasileir\u00e3o. Havia ingredientes de sobra, entre passado e presente, na mesa do treinador para confirmar a import\u00e2ncia do triunfo. Nenhum detalhe deveria ficar sem aten\u00e7\u00e3o, sob pena de tudo\u2026","rel":"","context":"Em &quot;futebol&quot;","block_context":{"text":"futebol","link":"https:\/\/blogdoprosperi.com\/?cat=53870"},"img":{"alt_text":"","src":"https:\/\/i0.wp.com\/blogdoprosperi.com\/wp-content\/uploads\/2016\/06\/pro5-9.jpg?resize=350%2C200","width":350,"height":200,"srcset":"https:\/\/i0.wp.com\/blogdoprosperi.com\/wp-content\/uploads\/2016\/06\/pro5-9.jpg?resize=350%2C200 1x, https:\/\/i0.wp.com\/blogdoprosperi.com\/wp-content\/uploads\/2016\/06\/pro5-9.jpg?resize=525%2C300 1.5x, https:\/\/i0.wp.com\/blogdoprosperi.com\/wp-content\/uploads\/2016\/06\/pro5-9.jpg?resize=700%2C400 2x, https:\/\/i0.wp.com\/blogdoprosperi.com\/wp-content\/uploads\/2016\/06\/pro5-9.jpg?resize=1050%2C600 3x, https:\/\/i0.wp.com\/blogdoprosperi.com\/wp-content\/uploads\/2016\/06\/pro5-9.jpg?resize=1400%2C800 4x"},"classes":[]},{"id":36427,"url":"https:\/\/blogdoprosperi.com\/?p=36427","url_meta":{"origin":41680,"position":5},"title":"Corinthians entra no t\u00fanel e v\u00ea luz da ta\u00e7a logo ali","author":"Luiz Ant\u00f4nio Pr\u00f3speri","date":"13 de julho de 2017","format":false,"excerpt":"Corinthians \u00e9 um time sem segredo. Se defende com min\u00facias, cada setor tem marca\u00e7\u00e3o dobrada. Avan\u00e7a em triangula\u00e7\u00f5es nos dois lados do campo, simples. E ferroa no ataque como um escorpi\u00e3o, letal. N\u00e3o \u00e9 um modelo inusitado, nem dif\u00edcil de ser esmiu\u00e7ado. O problema \u00e9 como demolir a fortaleza e\u2026","rel":"","context":"Em &quot;Campeonato Brasileiro&quot;","block_context":{"text":"Campeonato Brasileiro","link":"https:\/\/blogdoprosperi.com\/?cat=355071"},"img":{"alt_text":"","src":"https:\/\/i0.wp.com\/blogdoprosperi.com\/wp-content\/uploads\/2017\/07\/pro-7.jpg?fit=1200%2C800&ssl=1&resize=350%2C200","width":350,"height":200,"srcset":"https:\/\/i0.wp.com\/blogdoprosperi.com\/wp-content\/uploads\/2017\/07\/pro-7.jpg?fit=1200%2C800&ssl=1&resize=350%2C200 1x, https:\/\/i0.wp.com\/blogdoprosperi.com\/wp-content\/uploads\/2017\/07\/pro-7.jpg?fit=1200%2C800&ssl=1&resize=525%2C300 1.5x, https:\/\/i0.wp.com\/blogdoprosperi.com\/wp-content\/uploads\/2017\/07\/pro-7.jpg?fit=1200%2C800&ssl=1&resize=700%2C400 2x, https:\/\/i0.wp.com\/blogdoprosperi.com\/wp-content\/uploads\/2017\/07\/pro-7.jpg?fit=1200%2C800&ssl=1&resize=1050%2C600 3x"},"classes":[]}],"jetpack_featured_media_url":"https:\/\/i0.wp.com\/blogdoprosperi.com\/wp-content\/uploads\/2023\/04\/1418334693-11281152443b1b7058f2bk.webp?fit=774%2C516&ssl=1","_links":{"self":[{"href":"https:\/\/blogdoprosperi.com\/index.php?rest_route=\/wp\/v2\/posts\/41680","targetHints":{"allow":["GET"]}}],"collection":[{"href":"https:\/\/blogdoprosperi.com\/index.php?rest_route=\/wp\/v2\/posts"}],"about":[{"href":"https:\/\/blogdoprosperi.com\/index.php?rest_route=\/wp\/v2\/types\/post"}],"author":[{"embeddable":true,"href":"https:\/\/blogdoprosperi.com\/index.php?rest_route=\/wp\/v2\/users\/102107496"}],"replies":[{"embeddable":true,"href":"https:\/\/blogdoprosperi.com\/index.php?rest_route=%2Fwp%2Fv2%2Fcomments&post=41680"}],"version-history":[{"count":11,"href":"https:\/\/blogdoprosperi.com\/index.php?rest_route=\/wp\/v2\/posts\/41680\/revisions"}],"predecessor-version":[{"id":41692,"href":"https:\/\/blogdoprosperi.com\/index.php?rest_route=\/wp\/v2\/posts\/41680\/revisions\/41692"}],"wp:featuredmedia":[{"embeddable":true,"href":"https:\/\/blogdoprosperi.com\/index.php?rest_route=\/wp\/v2\/media\/41687"}],"wp:attachment":[{"href":"https:\/\/blogdoprosperi.com\/index.php?rest_route=%2Fwp%2Fv2%2Fmedia&parent=41680"}],"wp:term":[{"taxonomy":"category","embeddable":true,"href":"https:\/\/blogdoprosperi.com\/index.php?rest_route=%2Fwp%2Fv2%2Fcategories&post=41680"},{"taxonomy":"post_tag","embeddable":true,"href":"https:\/\/blogdoprosperi.com\/index.php?rest_route=%2Fwp%2Fv2%2Ftags&post=41680"}],"curies":[{"name":"wp","href":"https:\/\/api.w.org\/{rel}","templated":true}]}}